{"id":5167,"date":"2020-01-08T17:55:46","date_gmt":"2020-01-08T17:55:46","guid":{"rendered":"http:\/\/adenilsongiovanini.com.br\/blog\/?p=5167"},"modified":"2022-08-10T18:40:01","modified_gmt":"2022-08-10T18:40:01","slug":"exemplos-de-mapas-tematicos","status":"publish","type":"post","link":"https:\/\/adenilsongiovanini.com.br\/blog\/exemplos-de-mapas-tematicos\/","title":{"rendered":"Exemplos de mapas tem\u00e1ticos?"},"content":{"rendered":"<p><span style=\"font-size: 20px; font-family: arial, helvetica, sans-serif; color: #000000; line-height: 1.3;\"><strong>Exemplos de mapas tem\u00e1ticos<\/strong>, voc\u00ea acabou de encontrar um guia definitivo a respeito do tema. <\/span><span style=\"font-size: 20px; font-family: arial, helvetica, sans-serif; color: #000000; line-height: 1.3;\">Com a leitura do mesmo voc\u00ea aprender\u00e1:<\/span><\/p>\n<ul>\n<li><span style=\"font-family: arial, helvetica, sans-serif; font-size: 20px; color: #000000;\">O que s\u00e3o <strong>mapas tem\u00e1ticos<\/strong>;<\/span><\/li>\n<li><span style=\"font-family: arial, helvetica, sans-serif; font-size: 20px; color: #000000;\">Qual a diferen\u00e7a entre planta e mapa;<\/span><\/li>\n<li><span style=\"font-family: arial, helvetica, sans-serif; font-size: 20px; color: #000000;\">12 <strong>exemplos de mapas tem\u00e1ticos<\/strong>;<\/span><\/li>\n<li><span style=\"font-family: arial, helvetica, sans-serif; font-size: 20px; color: #000000;\">Quais os <strong>elementos<\/strong> que os mesmos precisam ter e;<\/span><\/li>\n<li><span style=\"font-family: arial, helvetica, sans-serif; font-size: 20px; color: #000000;\"><strong>Quais as vari\u00e1veis gr\u00e1ficas<\/strong> utilizadas na produ\u00e7\u00e3o de mapas tem\u00e1ticos.<\/span><\/li>\n<\/ul>\n<p>&nbsp;<\/p>\n<h2 style=\"text-align: center;\"><span style=\"font-size: 24px;\"><strong><span style=\"font-family: arial, helvetica, sans-serif; color: #000000;\">O que s\u00e3o mapas tem\u00e1ticos<\/span><\/strong><\/span><\/h2>\n<p><img decoding=\"async\" class=\"aligncenter size-large wp-image-24479\" src=\"https:\/\/adenilsongiovanini.com.br\/blog\/wp-content\/uploads\/2021\/05\/aprenda-a-produzir-mapas-780x442.png\" alt=\"exemplos de mapas tem\u00e1ticos\" width=\"780\" height=\"442\" srcset=\"https:\/\/adenilsongiovanini.com.br\/blog\/wp-content\/uploads\/2021\/05\/aprenda-a-produzir-mapas-780x442.png 780w, https:\/\/adenilsongiovanini.com.br\/blog\/wp-content\/uploads\/2021\/05\/aprenda-a-produzir-mapas-300x170.png 300w, https:\/\/adenilsongiovanini.com.br\/blog\/wp-content\/uploads\/2021\/05\/aprenda-a-produzir-mapas-768x435.png 768w, https:\/\/adenilsongiovanini.com.br\/blog\/wp-content\/uploads\/2021\/05\/aprenda-a-produzir-mapas.png 1003w\" sizes=\"(max-width: 780px) 100vw, 780px\" \/><\/p>\n<p><span style=\"font-size: 20px; font-family: arial, helvetica, sans-serif; color: #000000; line-height: 1.3;\"><strong>Mapas tem\u00e1ticos<\/strong> s\u00e3o <strong><em>representa\u00e7\u00f5es gr\u00e1ficas da superf\u00edcie terrestre que possuem como grande objetivo extrair e apresentar alguma informa\u00e7\u00e3o especifica da realidade<\/em><\/strong>.<\/span><\/p>\n<p><span style=\"font-size: 20px; font-family: arial, helvetica, sans-serif; color: #000000; line-height: 1.3;\">Desta maneira, <span style=\"color: #0000ff;\"><a href=\"https:\/\/adenilsongiovanini.com.br\/blog\/os-mapas-tematicos-veja-estes-6-tipos\/\" style=\"color: #0000ff;\">mapas tem\u00e1ticos<\/a><\/span> representam geralmente uma superf\u00edcie plana, sendo que para designar os diferentes aspectos do espa\u00e7o geogr\u00e1fico, os mesmos utilizam-se de <b>legendas<\/b> e <strong>s\u00edmbolos<\/strong> para espacializar determinado fen\u00f4meno.<\/span><\/p>\n<p><span style=\"font-size: 20px; font-family: arial, helvetica, sans-serif; color: #000000; line-height: 1.3;\">Muito mais do que apenas realizar a descri\u00e7\u00e3o espacial, <strong>os mapas tem\u00e1ticos<\/strong> apresentam formas distintas de leitura e interpreta\u00e7\u00e3o da realidade, oferecendo ao leitor uma melhor no\u00e7\u00e3o das informa\u00e7\u00f5es sociais e da natureza.<\/span><\/p>\n<p><span style=\"font-size: 20px; font-family: arial, helvetica, sans-serif; color: #000000; line-height: 1.3;\">Perceba que a <span style=\"color: #0000ff;\"><a href=\"http:\/\/adenilsongiovanini.com.br\/blog\/carta-topografica\/\" target=\"_blank\" rel=\"noopener noreferrer\" style=\"color: #0000ff;\">produ\u00e7\u00e3o de mapas tem\u00e1ticos<\/a><\/span> vai muito al\u00e9m da simples representa\u00e7\u00e3o das \u00e1reas e de suas formas, sendo reinterpreta\u00e7\u00f5es destas que fornecem uma melhor descri\u00e7\u00e3o de determinado dado ou fen\u00f4meno.<\/span><\/p>\n<p>&nbsp;<\/p>\n<h2 style=\"text-align: center;\"><span style=\"font-size: 24px;\"><strong><span style=\"font-family: arial, helvetica, sans-serif; color: #000000; line-height: 1.3;\"><span style=\"font-family: arial, helvetica, sans-serif; color: #000000;\">Exemplos de mapas tem\u00e1ticos &#8211; Diferen\u00e7a entre planta e mapa<\/span><\/span><\/strong><\/span><\/h2>\n<p><img decoding=\"async\" class=\"aligncenter size-large wp-image-25719\" src=\"https:\/\/adenilsongiovanini.com.br\/blog\/wp-content\/uploads\/2021\/10\/planta-de-topografia-780x472.png\" alt=\"exemplos de mapas tem\u00e1ticos - Diferen\u00e7a entre planta e mapa\" width=\"780\" height=\"472\" srcset=\"https:\/\/adenilsongiovanini.com.br\/blog\/wp-content\/uploads\/2021\/10\/planta-de-topografia-780x472.png 780w, https:\/\/adenilsongiovanini.com.br\/blog\/wp-content\/uploads\/2021\/10\/planta-de-topografia-300x182.png 300w, https:\/\/adenilsongiovanini.com.br\/blog\/wp-content\/uploads\/2021\/10\/planta-de-topografia-768x465.png 768w, https:\/\/adenilsongiovanini.com.br\/blog\/wp-content\/uploads\/2021\/10\/planta-de-topografia-1536x929.png 1536w, https:\/\/adenilsongiovanini.com.br\/blog\/wp-content\/uploads\/2021\/10\/planta-de-topografia.png 1795w\" sizes=\"(max-width: 780px) 100vw, 780px\" \/><\/p>\n<p><span style=\"font-size: 20px; font-family: arial, helvetica, sans-serif; color: #000000; line-height: 1.3;\">Conforme o pr\u00f3prio nome diz, <strong>mapas tem\u00e1ticos<\/strong> s\u00e3o um dos <strong>2 tipos de mapas<\/strong> existentes. O outro tipo de mapa existente s\u00e3o os <strong>mapas t\u00e9cnicos<\/strong>.<\/span><\/p>\n<p><span style=\"font-size: 20px; font-family: arial, helvetica, sans-serif; color: #000000; line-height: 1.3;\">Alias, mapas e <span style=\"color: #0000ff;\"><a style=\"color: #0000ff;\" href=\"https:\/\/adenilsongiovanini.com.br\/blog\/plantas-topograficas-saiba-isso-antes-de-produzir\/\">plantas topogr\u00e1ficas<\/a><\/span> s\u00e3o coisas distintas. <span style=\"color: #0000ff;\"><a href=\"https:\/\/adenilsongiovanini.com.br\/blog\/curso-desenhista-de-topografia\/\" style=\"color: #0000ff;\">Plantas topogr\u00e1ficas<\/a><\/span> possuem uma escala grande, fazendo a representa\u00e7\u00e3o de \u00e1reas pequenas, atrav\u00e9s da utiliza\u00e7\u00e3o de uma vista superior.<\/span><\/p>\n<p><span style=\"font-size: 20px; font-family: arial, helvetica, sans-serif; color: #000000; line-height: 1.3;\">A <span style=\"color: #0000ff;\"><a style=\"color: #0000ff;\" href=\"http:\/\/www.carto.eng.uerj.br\/cdecart\/download\/NBR13133.pdf\">NBR 13.133<\/a><\/span> tr\u00e1s o seguinte conceito para planta:<\/span><\/p>\n<blockquote style=\"border: 2px double #009900; background: #f0fff0 none repeat scroll 0% 0%; -moz-background-clip: -moz-initial; -moz-background-origin: -moz-initial; -moz-background-inline-policy: -moz-initial; color: #323232; padding-left: 15px; padding-top: 10px; padding-bottom: 10px;\"><p><span style=\"font-size: 20px; font-family: arial, helvetica, sans-serif; color: #000000; line-height: 1.3;\">Representa\u00e7\u00e3o gr\u00e1fica de uma parte limitada da superf\u00edcie terrestre, sobre um plano horizontal local, em escalas maiores que 1:10000, para fins espec\u00edficos, na qual n\u00e3o se considera a curvatura da Terra.<\/span><\/p><\/blockquote>\n<p><span style=\"font-size: 20px; font-family: arial, helvetica, sans-serif; color: #000000; line-height: 1.3;\">Ou seja, plantas fazem uma representa\u00e7\u00e3o detalhada do terreno. <\/span><span style=\"font-size: 20px; font-family: arial, helvetica, sans-serif; color: #000000; line-height: 1.3;\"><span style=\"color: #0000ff;\"><a href=\"https:\/\/adenilsongiovanini.com.br\/blog\/cartas-cartograficas-planta-croqui-e-mapa\/\" style=\"color: #0000ff;\">Cartas e mapas<\/a><\/span>, por outro lado, ao utilizarem <span style=\"color: #0000ff;\"><a style=\"color: #0000ff;\" href=\"https:\/\/adenilsongiovanini.com.br\/blog\/escala-cartografica-o-que-e-e-como-calcular\/\">escalas pequenas<\/a><\/span>, fazem a generaliza\u00e7\u00e3o dos dados.<\/span><\/p>\n<p><span style=\"font-size: 20px; font-family: arial, helvetica, sans-serif; color: #000000; line-height: 1.3;\">No caso, a NBR 13.133 traz o seguinte conceito para carta ou mapa:<\/span><\/p>\n<blockquote style=\"border: 2px double #009900; background: #f0fff0 none repeat scroll 0% 0%; -moz-background-clip: -moz-initial; -moz-background-origin: -moz-initial; -moz-background-inline-policy: -moz-initial; color: #323232; padding-left: 15px; padding-top: 10px; padding-bottom: 10px;\"><p><span style=\"font-size: 20px; font-family: arial, helvetica, sans-serif; color: #000000; line-height: 1.3;\">Representa\u00e7\u00e3o gr\u00e1fica sobre uma superf\u00edcie plana, dos detalhes f\u00edsicos, naturais e artificiais, de parte ou de toda a superf\u00edcie terrestre &#8211; mediante s\u00edmbolos ou conven\u00e7\u00f5es e meios de orienta\u00e7\u00e3o indicados, que permitem a avalia\u00e7\u00e3o das dist\u00e2ncias, a orienta\u00e7\u00e3o das dire\u00e7\u00f5es e a localiza\u00e7\u00e3o geogr\u00e1fica de pontos, \u00e1reas e detalhes -, podendo ser subdividida em folhas, de forma sistem\u00e1tica, obedecido um plano nacional ou internacional. Esta representa\u00e7\u00e3o em escalas m\u00e9dias e pequenas leva em considera\u00e7\u00e3o a curvatura da Terra, dentro da mais rigorosa localiza\u00e7\u00e3o poss\u00edvel relacionada a um sistema de refer\u00eancia de coordenadas. A carta tamb\u00e9m pode constituir-se numa representa\u00e7\u00e3o sucinta de detalhes terrestres, destacando, omitindo ou generalizando certos detalhes para satisfazer requisitos espec\u00edficos.<\/span><\/p><\/blockquote>\n<p><span style=\"font-size: 20px; font-family: arial, helvetica, sans-serif; color: #000000; line-height: 1.3;\"><span style=\"color: #0000ff;\"><a style=\"color: #0000ff;\" href=\"https:\/\/adenilsongiovanini.com.br\/blog\/carta-topografica\/\">Neste artigo<\/a><\/span> eu trago de maneira detalhada a diferen\u00e7a entre carta topogr\u00e1fica, planta, croqui e mapa.<\/span><\/p>\n<p><span style=\"font-size: 20px; font-family: arial, helvetica, sans-serif; color: #000000; line-height: 1.3;\">Perceba que no caso especifico dos <strong>mapas tem\u00e1ticos<\/strong>, os mesmos nada mais s\u00e3o do que uma <em><strong>representa\u00e7\u00e3o planim\u00e9trica da \u00e1rea de interesse, acrescida de determinada informa\u00e7\u00e3o de interesse<\/strong><\/em>.<\/span><\/p>\n<h2 style=\"text-align: center;\"><span style=\"font-size: 24px;\"><strong><span style=\"font-family: arial, helvetica, sans-serif; color: #000000; line-height: 1.3;\">Os diferentes tipos de mapas tem\u00e1ticos existentes<\/span><\/strong><\/span><\/h2>\n<p><span style=\"font-size: 20px;\"><img decoding=\"async\" class=\"aligncenter size-full wp-image-3622\" src=\"http:\/\/adenilsongiovanini.com.br\/blog\/wp-content\/uploads\/2019\/11\/cartografia-tem\u00e1tica.jpg\" alt=\"cartografia tem\u00e1tica\" width=\"578\" height=\"400\" srcset=\"https:\/\/adenilsongiovanini.com.br\/blog\/wp-content\/uploads\/2019\/11\/cartografia-tem\u00e1tica.jpg 578w, https:\/\/adenilsongiovanini.com.br\/blog\/wp-content\/uploads\/2019\/11\/cartografia-tem\u00e1tica-300x208.jpg 300w\" sizes=\"(max-width: 578px) 100vw, 578px\" \/><\/span><\/p>\n<p><span style=\"font-size: 20px; font-family: arial, helvetica, sans-serif; color: #000000; line-height: 1.3;\">Os principais <strong>tipos de mapas tem\u00e1ticos<\/strong> existentes s\u00e3o:<\/span><\/p>\n<ul>\n<li><span style=\"font-size: 20px; font-family: arial, helvetica, sans-serif; color: #000000; line-height: 1.3;\">Mapas hist\u00f3ricos;<\/span><\/li>\n<li><span style=\"font-size: 20px; font-family: arial, helvetica, sans-serif; color: #000000; line-height: 1.3;\">Mapas demogr\u00e1ficos;<\/span><\/li>\n<li><span style=\"font-size: 20px; font-family: arial, helvetica, sans-serif; color: #000000; line-height: 1.3;\">Mapas econ\u00f4micos;<\/span><\/li>\n<li><span style=\"font-size: 20px; font-family: arial, helvetica, sans-serif; color: #000000; line-height: 1.3;\">Mapas f\u00edsicos;<\/span><\/li>\n<li><span style=\"font-size: 20px; font-family: arial, helvetica, sans-serif; color: #000000; line-height: 1.3;\">Mapas pol\u00edticos;<\/span><\/li>\n<li><span style=\"font-size: 20px; font-family: arial, helvetica, sans-serif; color: #000000; line-height: 1.3;\">Mapa tem\u00e1tico da Vegeta\u00e7\u00e3o;<\/span><\/li>\n<li><span style=\"font-size: 20px; font-family: arial, helvetica, sans-serif; color: #000000; line-height: 1.3;\">Mapa Cultural;<\/span><\/li>\n<li><span style=\"font-size: 20px; font-family: arial, helvetica, sans-serif; color: #000000; line-height: 1.3;\">Mapa Tur\u00edstico;<\/span><\/li>\n<li><span style=\"font-size: 20px; font-family: arial, helvetica, sans-serif; color: #000000; line-height: 1.3;\">Mapa Populacional;<\/span><\/li>\n<li><span style=\"font-size: 20px; font-family: arial, helvetica, sans-serif; color: #000000; line-height: 1.3;\">Mapa de Transportes;<\/span><\/li>\n<li><span style=\"font-size: 20px; font-family: arial, helvetica, sans-serif; color: #000000; line-height: 1.3;\">Mapa Clim\u00e1tico e;<br \/>\nMapa Pluviom\u00e9trico<\/span><span style=\"font-size: 20px; font-family: arial, helvetica, sans-serif; color: #000000; line-height: 1.3;\">.<\/span><\/li>\n<\/ul>\n<p><span style=\"font-size: 20px; font-family: arial, helvetica, sans-serif; color: #000000; line-height: 1.3;\">Vamos conhecer melhor cada um destes diferentes tipos de mapas tem\u00e1ticos.<\/span><\/p>\n<p>&nbsp;<\/p>\n<h3 style=\"text-align: center;\"><span style=\"font-size: 20px;\"><strong><span style=\"font-family: arial, helvetica, sans-serif; color: #000000; line-height: 1.3;\">Exemplos de mapas tem\u00e1ticos &#8211; Mapas hist\u00f3ricos<\/span><\/strong><\/span><\/h3>\n<p><span style=\"font-size: 20px; font-family: arial, helvetica, sans-serif; color: #000000;\"><img decoding=\"async\" class=\"aligncenter size-full wp-image-4842\" src=\"http:\/\/adenilsongiovanini.com.br\/blog\/wp-content\/uploads\/2019\/12\/mapa-tematico-mapa-hist\u00f3rico.jpg\" alt=\"os mapa tematico - mapa hist\u00f3rico\" width=\"446\" height=\"463\" srcset=\"https:\/\/adenilsongiovanini.com.br\/blog\/wp-content\/uploads\/2019\/12\/mapa-tematico-mapa-hist\u00f3rico.jpg 446w, https:\/\/adenilsongiovanini.com.br\/blog\/wp-content\/uploads\/2019\/12\/mapa-tematico-mapa-hist\u00f3rico-289x300.jpg 289w\" sizes=\"(max-width: 446px) 100vw, 446px\" \/><\/span><\/p>\n<p>&nbsp;<\/p>\n<p><span style=\"font-size: 20px; font-family: arial, helvetica, sans-serif; color: #000000; line-height: 1.3;\">O primeiro dos 12 <strong>exemplos de mapas tem\u00e1ticos <\/strong>s\u00e3o os <strong>mapas hist\u00f3ricos<\/strong>. Mapas estes que representam algum acontecimento hist\u00f3rico nas suas mais variadas <span style=\"color: #0000ff;\"><a style=\"color: #0000ff;\" href=\"http:\/\/adenilsongiovanini.com.br\/blog\/escala-de-um-mapa\/\" target=\"_blank\" rel=\"noopener noreferrer\">escalas<\/a><\/span>.<\/span><\/p>\n<p><span style=\"font-size: 20px; font-family: arial, helvetica, sans-serif; color: #000000; line-height: 1.3;\">Os mesmos necessitam de um t\u00edtulo, o qual aponte o per\u00edodo de sua ocorr\u00eancia, possibilitando que o leitor entenda melhor o contexto inerente a \u00e9poca das informa\u00e7\u00f5es descritas.<\/span><\/p>\n<p><span style=\"font-size: 20px; font-family: arial, helvetica, sans-serif; color: #000000; line-height: 1.3;\">Alguns <strong>mapas hist\u00f3ricos<\/strong> tamb\u00e9m possuem a importante fun\u00e7\u00e3o de descrever como era realizada a t\u00e9cnica da <span style=\"color: #0000ff;\"><a style=\"color: #0000ff;\" href=\"https:\/\/www.todamateria.com.br\/o-que-e-cartografia\/\" target=\"_blank\" rel=\"noopener noreferrer\">cartografia<\/a><\/span> em per\u00edodos passados, bem como a vis\u00e3o de mundo que se tinha antigamente.<\/span><\/p>\n<p><span style=\"font-size: 20px; font-family: arial, helvetica, sans-serif; color: #000000; line-height: 1.3;\">Veja, por exemplo, o mapa abaixo que descreve o Brasil.<\/span><\/p>\n<p><span style=\"font-size: 20px; font-family: arial, helvetica, sans-serif; color: #000000; line-height: 1.3;\"><img decoding=\"async\" class=\"aligncenter size-large wp-image-4843\" src=\"http:\/\/adenilsongiovanini.com.br\/blog\/wp-content\/uploads\/2019\/12\/mapa-historico-do-Brasil-1024x742.jpg\" alt=\"mapa-historico do Brasil\" width=\"1024\" height=\"742\" \/><\/span><\/p>\n<p>&nbsp;<\/p>\n<p><span style=\"font-size: 20px; font-family: arial, helvetica, sans-serif; color: #000000; line-height: 1.3;\">O mesmo descreve a viagem do franc\u00eas <span style=\"color: #0000ff;\"><a style=\"color: #0000ff;\" href=\"https:\/\/pt.wikipedia.org\/wiki\/Jean_Parmentier\">Jean Parmentier<\/a><\/span> ao longo da costa brasileira em 1520, foi produzido por Giacomo Gastaldi e publicado em 1565. Seu original encontra-se na <span style=\"color: #0000ff;\"><a style=\"color: #0000ff;\" href=\"https:\/\/www.bn.gov.br\/\" target=\"_blank\" rel=\"noopener noreferrer\">Funda\u00e7\u00e3o Biblioteca Nacional<\/a><\/span>.<\/span><\/p>\n<p><span style=\"font-size: 20px; font-family: arial, helvetica, sans-serif; color: #000000; line-height: 1.3;\">Este mapa italiano elaborado para o 3\u00ba volume da obra <span style=\"color: #0000ff;\"><a style=\"color: #0000ff;\" href=\"https:\/\/journals.openedition.org\/terrabrasilis\/715?lang=en\">Navigationi et viaggi de Giovanni Battista Ramusio<\/a><\/span> mostra os costumes da popula\u00e7\u00e3o nativa e o com\u00e9rcio do pau-brasil entre franceses e \u00edndios.<\/span><\/p>\n<p><span style=\"font-size: 20px; font-family: arial, helvetica, sans-serif; color: #000000; line-height: 1.3;\">Veja abaixo outro mapa tem\u00e1tico do Brasil, publicado em 1562 por Diego Guti\u00e9rrez e que representa a costa brasileira.<\/span><\/p>\n<p>&nbsp;<\/p>\n<p><span style=\"font-size: 20px; font-family: arial, helvetica, sans-serif; color: #000000; line-height: 1.3;\"><img decoding=\"async\" class=\"aligncenter size-large wp-image-4844\" src=\"http:\/\/adenilsongiovanini.com.br\/blog\/wp-content\/uploads\/2019\/12\/mapa-diego-gutierrez-826x1024.jpg\" alt=\"mapa-diego-gutierrez\" width=\"826\" height=\"1024\" \/><\/span><\/p>\n<p>&nbsp;<\/p>\n<p>&nbsp;<\/p>\n<h3 style=\"text-align: center;\"><span style=\"font-size: 20px;\"><strong><span style=\"font-family: arial, helvetica, sans-serif; color: #000000; line-height: 1.3;\">Exemplos de mapas tem\u00e1ticos &#8211; Mapas demogr\u00e1ficos<\/span><\/strong><\/span><\/h3>\n<p><span style=\"font-size: 20px; font-family: arial, helvetica, sans-serif; color: #000000;\"><img decoding=\"async\" class=\"aligncenter size-full wp-image-4845\" src=\"http:\/\/adenilsongiovanini.com.br\/blog\/wp-content\/uploads\/2019\/12\/mapa-demogr\u00e1fico.jpg\" alt=\"exemplos de mapas tem\u00e1ticos - mapa demogr\u00e1fico\" width=\"726\" height=\"576\" srcset=\"https:\/\/adenilsongiovanini.com.br\/blog\/wp-content\/uploads\/2019\/12\/mapa-demogr\u00e1fico.jpg 726w, https:\/\/adenilsongiovanini.com.br\/blog\/wp-content\/uploads\/2019\/12\/mapa-demogr\u00e1fico-300x238.jpg 300w\" sizes=\"(max-width: 726px) 100vw, 726px\" \/><\/span><\/p>\n<p>&nbsp;<\/p>\n<p><span style=\"font-size: 20px; font-family: arial, helvetica, sans-serif; color: #000000; line-height: 1.3;\">O segundo dos 12 exemplos de mapas tem\u00e1ticos s\u00e3o os mapas demogr\u00e1ficos. Estes tipo especifico de mapa tem\u00e1tico \u00e9 elaborado para descrever dados relacionados com a <span style=\"color: #0000ff;\"><a style=\"color: #0000ff;\" href=\"https:\/\/www.ibge.gov.br\/estatisticas\/sociais\/populacao.html\" target=\"_blank\" rel=\"noopener noreferrer\">popula\u00e7\u00e3o<\/a><\/span> de um determinado territ\u00f3rio. <\/span><\/p>\n<p><span style=\"font-size: 20px; font-family: arial, helvetica, sans-serif; color: #000000; line-height: 1.3;\">mapas demogr\u00e1ficos podem explicitar a quantidade de habitantes, a localiza\u00e7\u00e3o, a densidade de ocupa\u00e7\u00e3o ou os fluxos migrat\u00f3rios.<\/span><\/p>\n<p><span style=\"font-size: 20px; font-family: arial, helvetica, sans-serif; color: #000000; line-height: 1.3;\">Veja, por exemplo, um mapa tem\u00e1tico com a <span style=\"color: #0000ff;\"><a style=\"color: #0000ff;\" href=\"https:\/\/pt.wikipedia.org\/wiki\/Densidade_populacional\" target=\"_blank\" rel=\"noopener noreferrer\">densidade demogr\u00e1fica<\/a><\/span> por estado brasileiro.<\/span><\/p>\n<p>&nbsp;<\/p>\n<p><span style=\"font-size: 20px; font-family: arial, helvetica, sans-serif; color: #000000;\"><img decoding=\"async\" class=\"aligncenter size-full wp-image-4846\" src=\"http:\/\/adenilsongiovanini.com.br\/blog\/wp-content\/uploads\/2019\/12\/mapa-tem\u00e1tico-densidade-demogr\u00e1fica.png\" alt=\"exemplos de mapas tem\u00e1ticos - densidade demogr\u00e1fica\" width=\"744\" height=\"698\" srcset=\"https:\/\/adenilsongiovanini.com.br\/blog\/wp-content\/uploads\/2019\/12\/mapa-tem\u00e1tico-densidade-demogr\u00e1fica.png 744w, https:\/\/adenilsongiovanini.com.br\/blog\/wp-content\/uploads\/2019\/12\/mapa-tem\u00e1tico-densidade-demogr\u00e1fica-300x281.png 300w\" sizes=\"(max-width: 744px) 100vw, 744px\" \/><\/span><\/p>\n<p>&nbsp;<\/p>\n<p>&nbsp;<\/p>\n<h3 style=\"text-align: center;\"><span style=\"font-size: 20px;\"><strong><span style=\"font-family: arial, helvetica, sans-serif; color: #000000; line-height: 1.3;\">Mapas econ\u00f4micos<\/span><\/strong><\/span><\/h3>\n<p><span style=\"font-size: 20px; font-family: arial, helvetica, sans-serif; color: #000000;\"><img decoding=\"async\" class=\"aligncenter size-large wp-image-4847\" src=\"http:\/\/adenilsongiovanini.com.br\/blog\/wp-content\/uploads\/2019\/12\/mapa-tem\u00e1tico-mapa-econ\u00f4mico-955x1024.jpg\" alt=\"exemplos de mapas tem\u00e1ticos - mapa econ\u00f4mico\" width=\"955\" height=\"1024\" \/><\/span><\/p>\n<p><span style=\"font-size: 20px; font-family: arial, helvetica, sans-serif; color: #000000; line-height: 1.3;\">Mapas econ\u00f4mcos descrevem as atividades econ\u00f4micas e a apropria\u00e7\u00e3o do espa\u00e7o geogr\u00e1fico por elas realizada.<\/span><\/p>\n<p><span style=\"font-size: 20px; font-family: arial, helvetica, sans-serif; color: #000000; line-height: 1.3;\">Os <strong>mapas tem\u00e1ticos econ\u00f4micos<\/strong> s\u00e3o importantes na compreens\u00e3o de temas como:<\/span><\/p>\n<ul>\n<li><span style=\"color: #000000; font-family: arial, helvetica, sans-serif; font-size: 20px;\">A expans\u00e3o da agropecu\u00e1ria;<\/span><\/li>\n<li><span style=\"font-size: 20px; font-family: arial, helvetica, sans-serif; color: #000000; line-height: 1.3;\">A localiza\u00e7\u00e3o industrial;<\/span><\/li>\n<li><span style=\"font-size: 20px; font-family: arial, helvetica, sans-serif; color: #000000; line-height: 1.3;\">A disponibilidade e a extra\u00e7\u00e3o de recursos naturais;<\/span><\/li>\n<li><span style=\"font-size: 20px; font-family: arial, helvetica, sans-serif; color: #000000; line-height: 1.3;\">Os sistemas de produ\u00e7\u00e3o de energia;<\/span><\/li>\n<li><span style=\"font-size: 20px; font-family: arial, helvetica, sans-serif; color: #000000; line-height: 1.3;\">O conjunto de meios de transporte existente em um territ\u00f3rio;<\/span><\/li>\n<li><span style=\"font-size: 20px; font-family: arial, helvetica, sans-serif; color: #000000; line-height: 1.3;\">etc.<\/span><\/li>\n<\/ul>\n<p><span style=\"font-size: 20px; font-family: arial, helvetica, sans-serif; color: #000000; line-height: 1.3;\">Lembrando que este tipo de mapa tem\u00e1tico \u00e9 muito utilizado como fonte de informa\u00e7\u00f5es para processos de tomada de decis\u00e3o.<\/span><\/p>\n<p><span style=\"font-size: 20px; font-family: arial, helvetica, sans-serif; color: #000000; line-height: 1.3;\">Veja nas imagens abaixo exemplos de mapas tem\u00e1ticos econ\u00f4micos. O primeiro exemplo \u00e9 um mapa tem\u00e1tico com os setores econ\u00f4micos por regi\u00e3o de planejamento do estado de Alagoas.<\/span><\/p>\n<p>&nbsp;<\/p>\n<p><span style=\"font-size: 20px; font-family: arial, helvetica, sans-serif; color: #000000;\"><img decoding=\"async\" class=\"aligncenter size-large wp-image-4848\" src=\"http:\/\/adenilsongiovanini.com.br\/blog\/wp-content\/uploads\/2019\/12\/economia-1024x725.png\" alt=\"economia\" width=\"1024\" height=\"725\" \/><\/span><\/p>\n<p><span style=\"font-size: 20px; font-family: arial, helvetica, sans-serif; color: #000000; line-height: 1.3;\">J\u00e1 este outro exemplo \u00e9 um mapa tem\u00e1tico com os diferentes tipos de atividade agr\u00edcolas.<\/span><\/p>\n<p>&nbsp;<\/p>\n<p>&nbsp;<\/p>\n<p><span style=\"font-size: 20px; font-family: arial, helvetica, sans-serif; color: #000000;\"><img decoding=\"async\" class=\"aligncenter size-full wp-image-4853\" src=\"http:\/\/adenilsongiovanini.com.br\/blog\/wp-content\/uploads\/2019\/12\/mapa-econ\u00f4mico-2.jpg\" alt=\"mapa econ\u00f4mico 2\" width=\"600\" height=\"580\" srcset=\"https:\/\/adenilsongiovanini.com.br\/blog\/wp-content\/uploads\/2019\/12\/mapa-econ\u00f4mico-2.jpg 600w, https:\/\/adenilsongiovanini.com.br\/blog\/wp-content\/uploads\/2019\/12\/mapa-econ\u00f4mico-2-300x290.jpg 300w\" sizes=\"(max-width: 600px) 100vw, 600px\" \/><\/span><\/p>\n<p>&nbsp;<\/p>\n<p>&nbsp;<\/p>\n<div>\n<h3 style=\"text-align: center;\"><span style=\"font-size: 20px;\"><strong><span style=\"font-family: arial, helvetica, sans-serif; color: #000000; line-height: 1.3;\">Exemplos de mapas tem\u00e1ticos &#8211; Mapas f\u00edsicos<\/span><\/strong><\/span><\/h3>\n<p><span style=\"font-size: 20px; font-family: arial, helvetica, sans-serif; color: #000000;\"><img decoding=\"async\" class=\"aligncenter size-large wp-image-4849\" src=\"http:\/\/adenilsongiovanini.com.br\/blog\/wp-content\/uploads\/2019\/12\/mapas-fisicos-1024x735.jpg\" alt=\"exemplos de mapas tem\u00e1ticos fisicos\" width=\"1024\" height=\"735\" \/><\/span><\/p>\n<p><span style=\"font-size: 20px; font-family: arial, helvetica, sans-serif; color: #000000; line-height: 1.3;\">O quinto dos 12 exemplos de mapas tem\u00e1ticos s\u00e3o os mapas f\u00edsicos. <\/span><span style=\"font-size: 20px; font-family: arial, helvetica, sans-serif; color: #000000; line-height: 1.3;\">Os <strong>mapas f\u00edsicos<\/strong> apontam a localiza\u00e7\u00e3o e a distribui\u00e7\u00e3o de elementos naturais, dividindo-se em v\u00e1rios subtipos. Como exemplo temos:<\/span><\/p>\n<ul>\n<li><span style=\"font-size: 20px; font-family: arial, helvetica, sans-serif; color: #000000; line-height: 1.3;\"><strong>Mapas topogr\u00e1ficos<\/strong> (formas de relevo);<\/span><\/li>\n<li><span style=\"font-size: 20px; font-family: arial, helvetica, sans-serif; color: #000000; line-height: 1.3;\"><strong>Mapas hidrogr\u00e1ficos<\/strong> (cursos d&#8217;\u00e1gua);<\/span><\/li>\n<li><span style=\"font-size: 20px; font-family: arial, helvetica, sans-serif; color: #000000; line-height: 1.3;\"><span style=\"color: #0000ff;\"><a style=\"color: #0000ff;\" href=\"https:\/\/adenilsongiovanini.com.br\/blog\/mapa-hipsometrico\/\">Mapas hipsom\u00e9tricos<\/a><\/span> (varia\u00e7\u00f5es de altitudes);<\/span><\/li>\n<li><span style=\"font-size: 20px; font-family: arial, helvetica, sans-serif; color: #000000; line-height: 1.3;\"><strong>Mapas clim\u00e1ticos<\/strong> (varia\u00e7\u00f5es atmosf\u00e9ricas);<\/span><\/li>\n<li><span style=\"font-size: 20px; font-family: arial, helvetica, sans-serif; color: #000000; line-height: 1.3;\">etc.<\/span><\/li>\n<\/ul>\n<p><span style=\"font-size: 20px; font-family: arial, helvetica, sans-serif; color: #000000; line-height: 1.3;\">Mapas f\u00edsicos geram informa\u00e7\u00f5es que possibilitam a realiza\u00e7\u00e3o de a\u00e7\u00f5es de planejamento de <span style=\"color: #0000ff;\"><a style=\"color: #0000ff;\" href=\"https:\/\/www.sogeografia.com.br\/Conteudos\/GeografiaHumana\/Atividades\/atividades.php\" target=\"_blank\" rel=\"noopener noreferrer\">atividades econ\u00f4micas<\/a><\/span> ou de formas de ocupa\u00e7\u00e3o e transforma\u00e7\u00e3o dos solos.<\/span><\/p>\n<p><span style=\"font-size: 20px; font-family: arial, helvetica, sans-serif; color: #000000; line-height: 1.3;\">Veja na imagem abaixo um mapa f\u00edsico do Brasil.<\/span><\/p>\n<p><span style=\"font-size: 20px; font-family: arial, helvetica, sans-serif; color: #000000;\"><img decoding=\"async\" class=\"aligncenter size-large wp-image-4850\" src=\"http:\/\/adenilsongiovanini.com.br\/blog\/wp-content\/uploads\/2019\/12\/mapa-f\u00edsico-do-brasil-1024x981.jpg\" alt=\"mapa f\u00edsico do brasil\" width=\"1024\" height=\"981\" \/><\/span><\/p>\n<p>&nbsp;<\/p>\n<h3><\/h3>\n<h3 style=\"text-align: center;\"><span style=\"font-size: 20px;\"><strong><span style=\"font-family: arial, helvetica, sans-serif; color: #000000; line-height: 1.3;\">Mapas pol\u00edticos<\/span><\/strong><\/span><\/h3>\n<p><span style=\"font-size: 20px; font-family: arial, helvetica, sans-serif; color: #000000;\"><img decoding=\"async\" class=\"aligncenter size-large wp-image-4851\" src=\"http:\/\/adenilsongiovanini.com.br\/blog\/wp-content\/uploads\/2019\/12\/mapa-mundi-pol\u00edtico-1024x658.png\" alt=\"mapa mundi pol\u00edtico\" width=\"1024\" height=\"658\" \/><\/span><\/p>\n<p>&nbsp;<\/p>\n<p><span style=\"font-size: 20px; font-family: arial, helvetica, sans-serif; color: #000000; line-height: 1.3;\">Os <strong>mapas tem\u00e1ticos pol\u00edticos<\/strong> descrevem as delimita\u00e7\u00f5es territoriais de pa\u00edses, estados e munic\u00edpios, com as delimita\u00e7\u00f5es de suas fronteiras.<\/span><\/p>\n<p><span style=\"font-size: 20px; font-family: arial, helvetica, sans-serif; color: #000000; line-height: 1.3;\">Estas delimita\u00e7\u00f5es n\u00e3o existem na natureza, tratam-se de uma constru\u00e7\u00e3o intelectual humana representada cartograficamente para a melhor compreens\u00e3o das divis\u00f5es do espa\u00e7o geogr\u00e1fico mundial.<\/span><\/p>\n<p>&nbsp;<\/p>\n<\/div>\n<h3 style=\"text-align: center;\"><span style=\"font-size: 20px; font-family: arial, helvetica, sans-serif; color: #000000; line-height: 1.3;\"><strong>Exemplos de mapas tem\u00e1ticos &#8211; Mapa tem\u00e1tico da Vegeta\u00e7\u00e3o<\/strong><\/span><\/h3>\n<p><span style=\"font-size: 20px; font-family: arial, helvetica, sans-serif; color: #000000;\"><img decoding=\"async\" class=\"lazyautosizes lazyloaded aligncenter\" src=\"https:\/\/static.todamateria.com.br\/upload\/57\/da\/57dad02587165-mapas-tematicos.jpg\" sizes=\"600px\" alt=\"exemplos de mapas tem\u00e1ticos\" width=\"600\" height=\"584\" data-src=\"https:\/\/static.todamateria.com.br\/upload\/57\/da\/57dad02587165-mapas-tematicos.jpg\" data-sizes=\"auto\" \/><\/span><\/p>\n<p>&nbsp;<\/p>\n<p><span style=\"font-size: 20px; font-family: arial, helvetica, sans-serif; color: #000000; line-height: 1.3;\"> Os <strong>mapas tem\u00e1ticos de vegeta\u00e7\u00e3o<\/strong> s\u00e3o um tipo especifico de mapa tem\u00e1tico que possui como finalidade apresentar informa\u00e7\u00f5es relacionadas com o tipo de cobertura vegetal de determinado local.<\/span><\/p>\n<p><span style=\"color: #000000; font-family: arial, helvetica, sans-serif; font-size: 20px;\">Os mesmos normalmente s\u00e3o repletos de cores, o que facilita o entendimento do leitor.<\/span><\/p>\n<p><span style=\"font-size: 20px; font-family: arial, helvetica, sans-serif; color: #000000; line-height: 1.3;\">Para a produ\u00e7\u00e3o dos diferentes tipos de <strong>mapas tem\u00e1ticos<\/strong>, os profissionais da \u00e1rea de <span style=\"color: #0000ff;\"><a href=\"https:\/\/adenilsongiovanini.com.br\/blog\/geotecnologias-e-suas-aplicacoes\/\" style=\"color: #0000ff;\">Geotecnologias<\/a><\/span> utilizam t\u00e9cnicas e ferramentas de extrema import\u00e2ncia como, por exemplo:<\/span><\/p>\n<ul>\n<li><span style=\"font-size: 20px; font-family: arial, helvetica, sans-serif; color: #000000; line-height: 1.3;\">A localiza\u00e7\u00e3o geogr\u00e1fica e;<\/span><\/li>\n<li><span style=\"font-size: 20px; font-family: arial, helvetica, sans-serif; color: #000000; line-height: 1.3;\">As <span style=\"color: #0000ff;\"><a href=\"http:\/\/adenilsongiovanini.com.br\/blog\/escala-de-um-mapa\/\" target=\"_blank\" rel=\"noopener noreferrer\" style=\"color: #0000ff;\">escalas<\/a><\/span>.<\/span><\/li>\n<\/ul>\n<p><span style=\"font-size: 20px; font-family: arial, helvetica, sans-serif; color: #000000; line-height: 1.3;\">Podendo utilizar at\u00e9 mesmo a distor\u00e7\u00e3o de determinadas caracter\u00edsticas do espa\u00e7o.<\/span><\/p>\n<p><span style=\"font-size: 20px; font-family: arial, helvetica, sans-serif; color: #000000; line-height: 1.3;\">Nesse sentido, muito mais do que apenas representa\u00e7\u00f5es, exemplos de mapas tem\u00e1ticos funcionam como documentos e vis\u00f5es de mundo.<\/span><\/p>\n<p style=\"text-align: center;\"><span style=\"font-size: 20px; font-family: arial, helvetica, sans-serif; color: #000000; line-height: 1.3;\"><strong>Mapa Cultural<\/strong><\/span><\/p>\n<p><span style=\"font-size: 20px; font-family: arial, helvetica, sans-serif; color: #000000;\"><img decoding=\"async\" class=\"lazyautosizes lazyloaded aligncenter\" src=\"https:\/\/static.todamateria.com.br\/upload\/57\/da\/57dadaee46abe-mapas-tematicos.jpg\" sizes=\"600px\" alt=\"Mapa cultural\" width=\"600\" height=\"600\" data-src=\"https:\/\/static.todamateria.com.br\/upload\/57\/da\/57dadaee46abe-mapas-tematicos.jpg\" data-sizes=\"auto\" \/><\/span><\/p>\n<p><span class=\"caption legend\" style=\"font-size: 20px; font-family: arial, helvetica, sans-serif; color: #000000; line-height: 1.3;\">Re\u00fane diversos fen\u00f4menos culturais de uma regi\u00e3o, estado, pa\u00eds, continente. <\/span><\/p>\n<p><span class=\"caption legend\" style=\"font-size: 20px; font-family: arial, helvetica, sans-serif; color: #000000; line-height: 1.3;\">Nesse caso, tamb\u00e9m pode apresentar as etnias de um pa\u00eds ou regi\u00e3o (mapa \u00e9tnico) ou algumas caracter\u00edsticas sobre a l\u00edngua ou dialetos, por exemplo (mapa lingu\u00edstico).<\/span><\/p>\n<p>&nbsp;<\/p>\n<h3 style=\"text-align: center;\"><span style=\"font-size: 20px; font-family: arial, helvetica, sans-serif; color: #000000; line-height: 1.3;\"><strong>Mapa Tur\u00edstico<\/strong> <\/span><\/h3>\n<p>\n<span style=\"font-size: 20px; font-family: arial, helvetica, sans-serif; color: #000000;\"><img decoding=\"async\" class=\"lazyautosizes lazyloaded aligncenter\" src=\"https:\/\/static.todamateria.com.br\/upload\/57\/da\/57dadfd25cf6b-mapas-tematicos.jpg\" sizes=\"600px\" alt=\"exemplos de mapas tem\u00e1ticos - mapa tur\u00edstico\" width=\"600\" height=\"429\" data-src=\"https:\/\/static.todamateria.com.br\/upload\/57\/da\/57dadfd25cf6b-mapas-tematicos.jpg\" data-sizes=\"auto\" \/><\/span><br \/>\n<span style=\"font-size: 20px; font-family: arial, helvetica, sans-serif; color: #000000; line-height: 1.3;\">Apresenta locais onde o turismo \u00e9 assinalado como uma importante atividade econ\u00f4mica.<\/span><\/p>\n<p><span style=\"font-size: 20px; font-family: arial, helvetica, sans-serif; color: #000000; line-height: 1.3;\">Ele pode reunir os principais locais onde essa atividade \u00e9 muito explorada, bem como instruir alguns turistas sobre os pontos tur\u00edsticos de alguma regi\u00e3o. <\/span><\/p>\n<p><span style=\"font-size: 20px; font-family: arial, helvetica, sans-serif; color: #000000; line-height: 1.3;\">Por exemplo, os principais monumentos, museus, bibliotecas, ruas hist\u00f3ricas de uma cidade, estado, pa\u00eds.<\/span><\/p>\n<p>&nbsp;<\/p>\n<h3 style=\"text-align: center;\"><span style=\"font-size: 20px; font-family: arial, helvetica, sans-serif; color: #000000; line-height: 1.3;\"><strong>Exemplos de mapas tem\u00e1ticos &#8211; Mapa de Transportes<\/strong><\/span><\/h3>\n<p>\n<span style=\"font-size: 20px; font-family: arial, helvetica, sans-serif; color: #000000;\"><img decoding=\"async\" class=\"lazyautosizes lazyloaded aligncenter\" src=\"https:\/\/static.todamateria.com.br\/upload\/57\/da\/57dae1129c2fe-mapas-tematicos.jpg\" sizes=\"600px\" alt=\"exemplos de mapas tem\u00e1ticos - mapa de transportes\" width=\"600\" height=\"412\" data-src=\"https:\/\/static.todamateria.com.br\/upload\/57\/da\/57dae1129c2fe-mapas-tematicos.jpg\" data-sizes=\"auto\" \/><\/span><br \/>\n<span style=\"font-size: 20px; font-family: arial, helvetica, sans-serif; color: #000000; line-height: 1.3;\">Nesse caso, os mapas podem estar relacionados com as rodovias, ferrovias, metr\u00f4s, rios naveg\u00e1veis, dentre outros. Geralmente cont\u00e9m legendas sobre as estradas bem como a dist\u00e2ncias entre alguns locais.<\/span><\/p>\n<p>&nbsp;<\/p>\n<h3 style=\"text-align: center;\"><span style=\"font-size: 20px; font-family: arial, helvetica, sans-serif; color: #000000; line-height: 1.3;\"><strong>Mapa Clim\u00e1tico<\/strong><\/span><\/h3>\n<p>\n<span style=\"font-size: 20px; font-family: arial, helvetica, sans-serif; color: #000000;\"><img decoding=\"async\" class=\"lazyautosizes lazyloaded aligncenter\" src=\"https:\/\/static.todamateria.com.br\/upload\/57\/da\/57dae25b10b00-mapas-tematicos.jpg\" sizes=\"600px\" alt=\"Mapa clim\u00e1tico\" width=\"600\" height=\"450\" data-src=\"https:\/\/static.todamateria.com.br\/upload\/57\/da\/57dae25b10b00-mapas-tematicos.jpg\" data-sizes=\"auto\" \/><\/span><br \/>\n<span style=\"font-size: 20px; font-family: arial, helvetica, sans-serif; color: #000000; line-height: 1.3;\">Re\u00fane informa\u00e7\u00f5es relacionadas com o tipo clima e os fen\u00f4menos meteorol\u00f3gicos que ocorrem em determinado local.<\/span><\/p>\n<p>&nbsp;<\/p>\n<h3 style=\"text-align: center;\"><span style=\"font-size: 20px;\"><span style=\"font-family: arial, helvetica, sans-serif; color: #000000; line-height: 1.3;\"><strong>Exemplos de mapas tem\u00e1ticos: <\/strong><\/span><span style=\"font-family: arial, helvetica, sans-serif; color: #000000;\"><strong>Mapa Pluviom\u00e9trico<\/strong><\/span><\/span><\/h3>\n<p><span style=\"font-size: 20px; font-family: arial, helvetica, sans-serif; color: #000000;\"><img decoding=\"async\" class=\"lazyautosizes lazyloaded aligncenter\" src=\"https:\/\/static.todamateria.com.br\/upload\/57\/da\/57dae2fa6058c-mapas-tematicos.jpg\" sizes=\"600px\" alt=\"mapa pluviom\u00e9trico\" width=\"600\" height=\"557\" data-src=\"https:\/\/static.todamateria.com.br\/upload\/57\/da\/57dae2fa6058c-mapas-tematicos.jpg\" data-sizes=\"auto\" \/><\/span><br \/>\n<span style=\"font-size: 20px; font-family: arial, helvetica, sans-serif; color: #000000; line-height: 1.3;\">Muito utilizado nos estudos meteorol\u00f3gicos, esse tipo de mapa re\u00fane informa\u00e7\u00f5es sobre as precipita\u00e7\u00f5es de alguns locais.<\/span><\/p>\n<p>&nbsp;<\/p>\n<h2 style=\"text-align: center;\"><span style=\"font-size: 24px;\"><strong><span style=\"font-family: arial, helvetica, sans-serif; color: #000000; line-height: 1.3;\">Elementos que todo mapa tem\u00e1tico precisa ter<\/span><\/strong><\/span><\/h2>\n<p><span style=\"font-size: 20px;\"><img decoding=\"async\" class=\"aligncenter size-full wp-image-1449\" src=\"http:\/\/adenilsongiovanini.com.br\/blog\/wp-content\/uploads\/2017\/12\/elementos-de-um-mapa.jpg\" alt=\"exemplos de mapas tem\u00e1ticos - elementos de um mapa\" width=\"410\" height=\"358\" srcset=\"https:\/\/adenilsongiovanini.com.br\/blog\/wp-content\/uploads\/2017\/12\/elementos-de-um-mapa.jpg 410w, https:\/\/adenilsongiovanini.com.br\/blog\/wp-content\/uploads\/2017\/12\/elementos-de-um-mapa-300x262.jpg 300w\" sizes=\"(max-width: 410px) 100vw, 410px\" \/><\/span><\/p>\n<p>&nbsp;<\/p>\n<p><span style=\"font-size: 20px; font-family: arial, helvetica, sans-serif; color: #000000; line-height: 1.3;\">Se olharmos para a legisla\u00e7\u00e3o, perceberemos que existem 5 <span style=\"color: #0000ff;\"><a href=\"https:\/\/adenilsongiovanini.com.br\/blog\/elementos-fundamentais-de-um-mapa\/\" style=\"color: #0000ff;\">elementos que toda planta ou mapa precisa ter<\/a><\/span>. S\u00e3o eles:<\/span><\/p>\n<ul>\n<li><span style=\"font-size: 20px; font-family: arial, helvetica, sans-serif; color: #000000; line-height: 1.3;\">T\u00edtulo;<\/span><\/li>\n<li><span style=\"font-size: 20px; font-family: arial, helvetica, sans-serif; color: #000000; line-height: 1.3;\">legenda;<\/span><\/li>\n<li><span style=\"font-size: 20px; font-family: arial, helvetica, sans-serif; color: #000000; line-height: 1.3;\"><span style=\"color: #0000ff;\"><a style=\"color: #0000ff;\" href=\"https:\/\/adenilsongiovanini.com.br\/blog\/escala-grafica\/\">Escala<\/a><\/span>;<\/span><\/li>\n<li><span style=\"font-size: 20px; font-family: arial, helvetica, sans-serif; color: #000000; line-height: 1.3;\">Orienta\u00e7\u00e3o e;<\/span><\/li>\n<li><span style=\"font-size: 20px; font-family: arial, helvetica, sans-serif; color: #000000; line-height: 1.3;\">Sistema de proje\u00e7\u00e3o.<\/span><\/li>\n<\/ul>\n<p>\n<span style=\"font-size: 20px; font-family: arial, helvetica, sans-serif; color: #000000; line-height: 1.3;\"><span style=\"color: #0000ff;\"><a style=\"color: #0000ff;\" href=\"https:\/\/adenilsongiovanini.com.br\/blog\/elementos-da-cartografia-os-5-essenciais\/\">Neste artigo<\/a><\/span> eu mostro melhor cada um destes diferentes elementos, passando uma s\u00e9rie de dicas extras a respeito do tema.<\/span><\/p>\n<p>&nbsp;<\/p>\n<h2 style=\"text-align: center;\"><span style=\"font-size: 20px;\"><strong><span style=\"font-family: arial, helvetica, sans-serif; color: #000000; line-height: 1.3;\">Exemplos de mapas tem\u00e1ticos &#8211; Vari\u00e1veis gr\u00e1ficas utilizadas na produ\u00e7\u00e3o de mapas tem\u00e1ticos<\/span><\/strong><\/span><\/h2>\n<p><span style=\"font-size: 20px;\"><img decoding=\"async\" class=\"aligncenter size-full wp-image-4855\" src=\"http:\/\/adenilsongiovanini.com.br\/blog\/wp-content\/uploads\/2019\/12\/v\u00e1riaveis-gr\u00e1ficas.jpg\" alt=\"v\u00e1riaveis gr\u00e1ficas\" width=\"638\" height=\"479\" srcset=\"https:\/\/adenilsongiovanini.com.br\/blog\/wp-content\/uploads\/2019\/12\/v\u00e1riaveis-gr\u00e1ficas.jpg 638w, https:\/\/adenilsongiovanini.com.br\/blog\/wp-content\/uploads\/2019\/12\/v\u00e1riaveis-gr\u00e1ficas-300x225.jpg 300w\" sizes=\"(max-width: 638px) 100vw, 638px\" \/><\/span><\/p>\n<p>&nbsp;<\/p>\n<p><span style=\"font-size: 20px; font-family: arial, helvetica, sans-serif; color: #000000; line-height: 1.3;\">A <a href=\"http:\/\/adenilsongiovanini.com.br\/blog\/cartografia-tematica\/\" target=\"_blank\" rel=\"noopener noreferrer\"><span style=\"color: #0000ff;\">cartografia tem\u00e1tica<\/span><\/a> possibilita a representa\u00e7\u00e3o espacial de qualquer vari\u00e1vel de interesse, tendo aplica\u00e7\u00f5es que tendem ao infinito.<\/span><\/p>\n<p><span style=\"color: #000000; font-family: arial, helvetica, sans-serif; font-size: 20px;\">Naturalmente, para a representa\u00e7\u00e3o dos diferentes fen\u00f4menos, a mesma se baseia em uma s\u00e9rie de s\u00edmbolos representando:<\/span><\/p>\n<ul>\n<li><span style=\"color: #000000; font-family: arial, helvetica, sans-serif; font-size: 20px;\">A qualidade;<\/span><\/li>\n<li><span style=\"font-size: 20px; font-family: arial, helvetica, sans-serif; color: #000000; line-height: 1.3;\">A quantidade e;<\/span><\/li>\n<li><span style=\"font-size: 20px; font-family: arial, helvetica, sans-serif; color: #000000; line-height: 1.3;\">A din\u00e2mica do fen\u00f4meno que est\u00e1 sendo estudado.<\/span><\/li>\n<\/ul>\n<p><span style=\"font-size: 20px; font-family: arial, helvetica, sans-serif; color: #000000; line-height: 1.3;\">Para isso, geralmente s\u00e3o usadas linhas, \u00e1reas, cores e pontos, dependendo do assunto estudado.<\/span><\/p>\n<p><span style=\"font-size: 20px; font-family: arial, helvetica, sans-serif; color: #000000; line-height: 1.3;\">No quadro abaixo voc\u00ea pode visualizar as diferentes <strong>vari\u00e1veis gr\u00e1ficas<\/strong> existentes.<\/span><\/p>\n<p><span style=\"font-size: 20px; font-family: arial, helvetica, sans-serif; color: #000000;\"><img decoding=\"async\" class=\"aligncenter wp-image-3623 size-large\" src=\"https:\/\/adenilsongiovanini.com.br\/blog\/wp-content\/uploads\/2019\/11\/cartografia-tematica-v\u00e1riaveis-de-Bertin-556x780.jpg\" alt=\"cartografia-tematica- v\u00e1riaveis de Bertin\" width=\"556\" height=\"780\" srcset=\"https:\/\/adenilsongiovanini.com.br\/blog\/wp-content\/uploads\/2019\/11\/cartografia-tematica-v\u00e1riaveis-de-Bertin-556x780.jpg 556w, https:\/\/adenilsongiovanini.com.br\/blog\/wp-content\/uploads\/2019\/11\/cartografia-tematica-v\u00e1riaveis-de-Bertin-214x300.jpg 214w, https:\/\/adenilsongiovanini.com.br\/blog\/wp-content\/uploads\/2019\/11\/cartografia-tematica-v\u00e1riaveis-de-Bertin.jpg 730w\" sizes=\"(max-width: 556px) 100vw, 556px\" \/><\/span><\/p>\n<p style=\"text-align: center;\"><span style=\"font-size: 20px; font-family: arial, helvetica, sans-serif; color: #000000;\">Fonte: Bertin 1967<\/span><\/p>\n<p><span style=\"font-size: 20px; font-family: arial, helvetica, sans-serif; color: #000000; line-height: 1.3;\"> Esta tabela deve ser utilizada como uma esp\u00e9cie de manual de bolso na <strong>produ\u00e7\u00e3o de mapas tem\u00e1ticos<\/strong>. <\/span><\/p>\n<p><span style=\"font-size: 20px; font-family: arial, helvetica, sans-serif; color: #000000; line-height: 1.3;\">Ou seja, voc\u00ea pode consultar esta tabela sempre que for <strong>produzir um mapa<\/strong> e, estiver na d\u00favida a respeito de como ir\u00e1 fazer a representa\u00e7\u00e3o do fen\u00f4meno que est\u00e1 sendo estudado.<\/span><\/p>\n<p><span style=\"font-size: 20px; font-family: arial, helvetica, sans-serif; color: #000000; line-height: 1.3;\"> A partir da an\u00e1lise da mesma podemos notar, por exemplo, que para representar fen\u00f4menos que t\u00eam localiza\u00e7\u00e3o isolada devemos utilizar pontos.<\/span><\/p>\n<p><span style=\"font-size: 20px; font-family: arial, helvetica, sans-serif; color: #000000; line-height: 1.3;\">Quando precisarmos representar tipos diferentes de uma determinada informa\u00e7\u00e3o. Ou seja, a representa\u00e7\u00e3o \u00e9 qualitativa, o aconselh\u00e1vel \u00e9 a utiliza\u00e7\u00e3o de pontos de cores e formas diferentes. <\/span><\/p>\n<p><span style=\"font-size: 20px; font-family: arial, helvetica, sans-serif; color: #000000; line-height: 1.3;\"> Confira no mapa abaixo um exemplo de <strong>representa\u00e7\u00e3o<\/strong> <strong>pontual.<\/strong> <\/span><\/p>\n<p><span style=\"font-size: 20px; font-family: arial, helvetica, sans-serif; color: #000000;\"> <img decoding=\"async\" class=\"aligncenter size-full wp-image-3624\" src=\"http:\/\/adenilsongiovanini.com.br\/blog\/wp-content\/uploads\/2019\/11\/mapa-tem%C3%A1tico-com-rela%C3%A7%C3%B5es-de-emprego-e-valor.png\" alt=\"exemplos de mapas tem\u00e1ticos com rela\u00e7\u00f5es de emprego e valor\" width=\"527\" height=\"561\"><\/span><\/p>\n<p>&nbsp;<\/p>\n<p><span style=\"font-size: 20px; font-family: arial, helvetica, sans-serif; color: #000000; line-height: 1.3;\"> Para demonstrar fen\u00f4menos que tem uma trajet\u00f3ria usamos as linhas.<\/span><\/p>\n<p><span style=\"color: #000000; font-family: arial, helvetica, sans-serif; font-size: 20px;\">Quando a representa\u00e7\u00e3o \u00e9 qualitativa, as linhas devem ser diferenciadas. Para quantidades diferentes, o ideal s\u00e3o espessuras diferentes.<\/span><\/p>\n<p><span style=\"font-size: 20px; font-family: arial, helvetica, sans-serif; color: #000000; line-height: 1.3;\">Confira o exemplo abaixo:<\/span><\/p>\n<p>&nbsp;<\/p>\n<p><span style=\"font-size: 20px; font-family: arial, helvetica, sans-serif; color: #000000;\"><img decoding=\"async\" class=\"aligncenter wp-image-3625 size-large\" src=\"https:\/\/adenilsongiovanini.com.br\/blog\/wp-content\/uploads\/2019\/11\/Mapa-do-brasil-linhas-626x780.jpg\" alt=\"Mapa do brasil linhas\" width=\"626\" height=\"780\" srcset=\"https:\/\/adenilsongiovanini.com.br\/blog\/wp-content\/uploads\/2019\/11\/Mapa-do-brasil-linhas-626x780.jpg 626w, https:\/\/adenilsongiovanini.com.br\/blog\/wp-content\/uploads\/2019\/11\/Mapa-do-brasil-linhas-241x300.jpg 241w, https:\/\/adenilsongiovanini.com.br\/blog\/wp-content\/uploads\/2019\/11\/Mapa-do-brasil-linhas-768x956.jpg 768w, https:\/\/adenilsongiovanini.com.br\/blog\/wp-content\/uploads\/2019\/11\/Mapa-do-brasil-linhas.jpg 974w\" sizes=\"(max-width: 626px) 100vw, 626px\" \/><\/span><\/p>\n<p>&nbsp;<\/p>\n<p><span style=\"font-size: 20px; font-family: arial, helvetica, sans-serif; color: #000000; line-height: 1.3;\"> Uma outra maneira de representar fen\u00f4menos na <span style=\"color: #0000ff;\"><a style=\"color: #0000ff;\" href=\"https:\/\/adenilsongiovanini.com.br\/blog\/cartografia-tematica\/\">cartografia tem\u00e1tica<\/a><\/span> \u00e9 atrav\u00e9s da utiliza\u00e7\u00e3o da <strong>Anamorfose Geogr\u00e1fica<\/strong>.<\/span><\/p>\n<p><span style=\"font-size: 20px; font-family: arial, helvetica, sans-serif; color: #000000; line-height: 1.3;\">Na mesma, as formas e \u00e1reas s\u00e3o alteradas, sendo apresentadas de acordo com a sua import\u00e2ncia no assunto tratado.<\/span><\/p>\n<p><span style=\"font-size: 20px; font-family: arial, helvetica, sans-serif; color: #000000; line-height: 1.3;\">Confira um exemplo de mapa tem\u00e1tico de coleta de lixo para a produ\u00e7\u00e3o do qual foi utilizada a t\u00e9cnica da <span style=\"color: #0000ff;\"><a style=\"color: #0000ff;\" href=\"https:\/\/brasilescola.uol.com.br\/o-que-e\/geografia\/o-que-e-anamorfose-geografica.htm#:~:text=Anamorfose%20geogr%C3%A1fica%20ou%20cartogr%C3%A1fica%20%C3%A9,quantitativos%20que%20norteiam%20o%20mapa.\">anamorfose geogr\u00e1fica<\/a><\/span>.<\/span><\/p>\n<p><span style=\"font-size: 20px;\"><img decoding=\"async\" class=\"aligncenter size-large wp-image-4856\" src=\"http:\/\/adenilsongiovanini.com.br\/blog\/wp-content\/uploads\/2019\/12\/Mapa-de-coleta-de-lixo-1024x512.png\" alt=\"Mapa de coleta de lixo\" width=\"1024\" height=\"512\"><\/span><\/p>\n<p>&nbsp;<\/p>\n<p><span style=\"font-size: 20px; font-family: arial, helvetica, sans-serif; color: #000000; line-height: 1.3;\">Se voc\u00ea quer aprender mais sobre a produ\u00e7\u00e3o de exemplos de mapas tem\u00e1ticos, leia os seguintes artigos aqui do blog: <\/span><\/p>\n<p><span style=\"font-size: 20px; font-family: arial, helvetica, sans-serif; color: #000000; line-height: 1.3;\"> &gt;<span style=\"color: #0000ff;\"> <a href=\"http:\/\/adenilsongiovanini.com.br\/blog\/mapa-de-localizacao\/\" target=\"_blank\" rel=\"noopener noreferrer\" style=\"color: #0000ff;\">Mapa de localiza\u00e7\u00e3o: o que \u00e9 e como produzir no ArcGIS e no QGIS&#8230;<\/a> <\/span><\/span><\/p>\n<p><span style=\"font-size: 20px; font-family: arial, helvetica, sans-serif; color: #000000; line-height: 1.3;\"> &gt; <span style=\"color: #0000ff;\"><a href=\"http:\/\/adenilsongiovanini.com.br\/blog\/mapa-planialtimetrico-tudo-que-voce-precisa-saber-a-respeito\/\" target=\"_blank\" rel=\"noopener noreferrer\" style=\"color: #0000ff;\">Mapa planialtim\u00e9trico: tudo que voc\u00ea precisa saber a respeito&#8230;<\/a><\/span><\/span><\/p>\n<p><span style=\"font-size: 20px; font-family: arial, helvetica, sans-serif; color: #000000; line-height: 1.3;\"> &gt;<span style=\"color: #0000ff;\"> <a href=\"http:\/\/adenilsongiovanini.com.br\/blog\/mapa-hipsometrico\/\" target=\"_blank\" rel=\"noopener noreferrer\" style=\"color: #0000ff;\">Mapa hipsom\u00e9trico: o que \u00e9 e como produzir no QGIS e no ArcGIS&#8230;<\/a> <\/span><\/span><\/p>\n<p>&nbsp;<\/p>\n<h2 style=\"text-align: center;\"><span style=\"font-size: 24px;\"><strong><span style=\"font-family: arial, helvetica, sans-serif; color: #000000; line-height: 1.3;\">Exemplos de mapas tem\u00e1ticos &#8211; Livros de cartografia tem\u00e1tica para voc\u00ea prender mais a respeito<\/span><\/strong><\/span><\/h2>\n<p><img decoding=\"async\" class=\"aligncenter size-full wp-image-19959\" src=\"https:\/\/adenilsongiovanini.com.br\/blog\/wp-content\/uploads\/2019\/11\/Cartografia-geografica.jpg\" alt=\"livros de cartografia tem\u00e1tica\" width=\"620\" height=\"413\" srcset=\"https:\/\/adenilsongiovanini.com.br\/blog\/wp-content\/uploads\/2019\/11\/Cartografia-geografica.jpg 620w, https:\/\/adenilsongiovanini.com.br\/blog\/wp-content\/uploads\/2019\/11\/Cartografia-geografica-300x200.jpg 300w, https:\/\/adenilsongiovanini.com.br\/blog\/wp-content\/uploads\/2019\/11\/Cartografia-geografica-320x213.jpg 320w, https:\/\/adenilsongiovanini.com.br\/blog\/wp-content\/uploads\/2019\/11\/Cartografia-geografica-360x240.jpg 360w\" sizes=\"(max-width: 620px) 100vw, 620px\" \/><\/p>\n<p><span style=\"font-size: 20px; font-family: arial, helvetica, sans-serif; color: #000000; line-height: 1.3;\">Para terminar o artigo, eu gostaria de lhe indicar alguns <strong>livros de Cartografia<\/strong> que ir\u00e3o ajudar voc\u00ea neste processo de aprender mais a respeito.<\/span><\/p>\n<p><span style=\"font-family: arial, helvetica, sans-serif; font-size: 20px; color: #000000;\">S\u00e3o livros sobre:<\/span><\/p>\n<ul>\n<li><span style=\"font-family: arial, helvetica, sans-serif; font-size: 20px; color: #000000;\">Introdu\u00e7\u00e3o a Cartografia;<\/span><\/li>\n<li><span style=\"font-family: arial, helvetica, sans-serif; font-size: 20px; color: #000000;\">No\u00e7\u00f5es b\u00e1sicas de Cartografia<\/span><\/li>\n<li><span style=\"font-family: arial, helvetica, sans-serif; font-size: 20px; color: #000000;\">Cartografia geral, digital e tem\u00e1tica e;<\/span><\/li>\n<li><span style=\"font-family: arial, helvetica, sans-serif; font-size: 20px; color: #000000;\">Uma apostila de elementos da Cartografia.<\/span><\/li>\n<\/ul>\n<p><span style=\"font-size: 20px; font-family: arial, helvetica, sans-serif; color: #000000; line-height: 1.3;\">Detalhe, livros estes que voc\u00ea pode baixar gratuitamente. <\/span><span style=\"font-size: 20px; font-family: arial, helvetica, sans-serif; color: #000000; line-height: 1.3;\">Produzi um artigo com os links de download dos mesmos.<\/span><\/p>\n<p><span style=\"font-size: 20px; font-family: arial, helvetica, sans-serif; color: #000000; line-height: 1.3;\">Para ler o mesmo, <span style=\"color: #0000ff;\"><a style=\"color: #0000ff;\" href=\"https:\/\/adenilsongiovanini.com.br\/blog\/livro-de-cartografia-pdf-veja-estes-5\/\">baixar os livros gratuitamente e se deliciar aprendendo \u00e9 s\u00f3 clicar neste link<\/a><\/span>.<\/span><\/p>\n<p><span style=\"font-size: 20px; font-family: arial, helvetica, sans-serif; color: #000000; line-height: 1.3;\">\u00c9 isso por este artigo. <\/span><span style=\"font-size: 20px; font-family: arial, helvetica, sans-serif; color: #000000; line-height: 1.3;\">Lembrando que eu tamb\u00e9m possuo uma s\u00e9rie de <strong>cursos pr\u00e1ticos e de livros<\/strong>. <\/span><\/p>\n<p><span style=\"font-size: 20px; font-family: arial, helvetica, sans-serif; color: #000000; line-height: 1.3;\">Se voc\u00ea quer<strong> MERGULHAR FUNDO e aprender a prestar servi\u00e7os com grande velocidade e com seguran\u00e7a<\/strong>, <span style=\"color: #0000ff;\"><a style=\"color: #0000ff;\" href=\"https:\/\/adenilsongiovanini.com.br\/cursos-online\/\">acesse este link<\/a><\/span> e conhe\u00e7a os mesmos.<\/span><\/p>\n<p><span style=\"color: #000000;\"><span style=\"font-size: 20px; font-family: arial, helvetica, sans-serif; line-height: 1.3;\">Entre eles, o <span style=\"color: #0000ff;\"><a style=\"color: #0000ff;\" href=\"https:\/\/adenilsongiovanini.com.br\/curso-de-autocad-para-topografia\/\" target=\"_blank\" rel=\"noopener noreferrer\">Curso de Confec\u00e7\u00e3o de Plantas Topogr\u00e1ficas<\/a><\/span>. <span style=\"color: #000000;\">Um <\/span><\/span><span style=\"font-size: 20px; font-family: arial, helvetica, sans-serif; line-height: 1.3;\">curso pr\u00e1tico\u00a0<\/span><span style=\"font-size: 20px; font-family: arial, helvetica, sans-serif; line-height: 1.3;\">com o qual voc\u00ea vai <strong>aprender a produzir as 15 diferentes plantas produzidas em um escrit\u00f3rio de topografia<\/strong>.<\/span><\/span><\/p>\n<p><a href=\"https:\/\/adenilsongiovanini.com.br\/curso-de-autocad-para-topografia\/\" target=\"_blank\" rel=\"noopener noreferrer\"><img decoding=\"async\" class=\"aligncenter wp-image-31689\" src=\"https:\/\/adenilsongiovanini.com.br\/wp-content\/uploads\/2022\/07\/planta-de-topografia-1024x612.png\" alt=\"\" width=\"770\" height=\"460\" \/><\/a><\/p>\n<p><span style=\"font-family: arial, helvetica, sans-serif; font-size: 20px; color: #000000;\">Clique <a href=\"https:\/\/adenilsongiovanini.com.br\/curso-de-autocad-para-topografia\/\" target=\"_blank\" rel=\"noopener noreferrer\"><span style=\"color: #0000ff;\">neste link<\/span><\/a> e conhe\u00e7a melhor o mesmo.<\/span><\/p>\n<p><span style=\"font-size: 20px; font-family: arial, helvetica, sans-serif; color: #000000; line-height: 1.3;\">Gratid\u00e3o por voc\u00ea ter lido o artigo. \ud83d\ude4f<\/span><\/p>\n<p>&nbsp;<\/p>\n<p>&nbsp;<\/p>\n<h2 style=\"text-align: center;\"><span style=\"font-family: arial, helvetica, sans-serif; color: #000000; font-size: 24px;\"><strong>Domine a Topografia Cadastral atrav\u00e9s de um livro formado por centenas de exemplos pr\u00e1ticos <\/strong><\/span><\/h2>\n<h2 style=\"text-align: center;\"><span style=\"font-size: 20px;\"><a href=\"https:\/\/adenilsongiovanini.com.br\/georreferenciamento-de-imoveis-rurais-na-pratica\/\" rel=\"nofollow noreferrer\"><img decoding=\"async\" class=\"aligncenter size-large wp-image-19317\" src=\"https:\/\/adenilsongiovanini.com.br\/blog\/wp-content\/uploads\/2021\/04\/livro-de-topografia-e-georreferenciamento-1024x474.png\" sizes=\"(max-width: 1024px) 100vw, 1024px\" srcset=\"https:\/\/adenilsongiovanini.com.br\/blog\/wp-content\/uploads\/2021\/04\/livro-de-topografia-e-georreferenciamento-1024x474.png 1024w, https:\/\/adenilsongiovanini.com.br\/blog\/wp-content\/uploads\/2021\/04\/livro-de-topografia-e-georreferenciamento-300x139.png 300w, https:\/\/adenilsongiovanini.com.br\/blog\/wp-content\/uploads\/2021\/04\/livro-de-topografia-e-georreferenciamento-768x355.png 768w, https:\/\/adenilsongiovanini.com.br\/blog\/wp-content\/uploads\/2021\/04\/livro-de-topografia-e-georreferenciamento-1536x711.png 1536w, https:\/\/adenilsongiovanini.com.br\/blog\/wp-content\/uploads\/2021\/04\/livro-de-topografia-e-georreferenciamento-320x148.png 320w, https:\/\/adenilsongiovanini.com.br\/blog\/wp-content\/uploads\/2021\/04\/livro-de-topografia-e-georreferenciamento-640x296.png 640w, https:\/\/adenilsongiovanini.com.br\/blog\/wp-content\/uploads\/2021\/04\/livro-de-topografia-e-georreferenciamento-360x167.png 360w, https:\/\/adenilsongiovanini.com.br\/blog\/wp-content\/uploads\/2021\/04\/livro-de-topografia-e-georreferenciamento-720x333.png 720w, https:\/\/adenilsongiovanini.com.br\/blog\/wp-content\/uploads\/2021\/04\/livro-de-topografia-e-georreferenciamento-1080x500.png 1080w, https:\/\/adenilsongiovanini.com.br\/blog\/wp-content\/uploads\/2021\/04\/livro-de-topografia-e-georreferenciamento-800x370.png 800w, https:\/\/adenilsongiovanini.com.br\/blog\/wp-content\/uploads\/2021\/04\/livro-de-topografia-e-georreferenciamento-1280x592.png 1280w, https:\/\/adenilsongiovanini.com.br\/blog\/wp-content\/uploads\/2021\/04\/livro-de-topografia-e-georreferenciamento.png 1565w\" alt=\"livro de topografia e georreferenciamento\" width=\"1024\" height=\"474\"><\/a><\/span><\/h2>\n<p><span style=\"font-family: arial, helvetica, sans-serif; font-size: 20px; color: #000000;\">Voc\u00ea quer dominar a Topografia Cadastral?<\/span><\/p>\n<p><span style=\"font-family: arial, helvetica, sans-serif; font-size: 20px; color: #000000;\">Ent\u00e3o eu tenho uma \u00f3tima noticia para voc\u00ea. Me refiro ao <span style=\"color: #0000ff;\"><a style=\"color: #0000ff;\" href=\"https:\/\/adenilsongiovanini.com.br\/georreferenciamento-de-imoveis-rurais-na-pratica\/\" rel=\"nofollow noreferrer\">livro Topografia Cadastral e Georreferenciamento de Im\u00f3veis Rurais na Pr\u00e1tica<\/a><\/span>.<\/span><\/p>\n<p><span style=\"font-size: 20px;\"><span style=\"font-family: arial, helvetica, sans-serif; color: #000000;\">O mesmo \u00e9 dividido em 10 cap\u00edtulos recheados com muitos estudos de caso e exemplos pr\u00e1ticos. D\u00ea uma espiadinha no sum\u00e1rio do mesmo:<\/span><\/span><\/p>\n<p>&nbsp;<\/p>\n<p><center><iframe width=\"99%\" height=\"980\" src=\"https:\/\/drive.google.com\/file\/d\/1HJ8fZz1PvPmftfXHJNFTvIBBzY_FZhPJ\/preview\"><span data-mce-type=\"bookmark\" style=\"display: inline-block; width: 0px; overflow: hidden; line-height: 0;\" class=\"mce_SELRES_start\">\ufeff<\/span><\/iframe><\/center><\/p>\n<p>&nbsp;<\/p>\n<p><span style=\"font-size: 20px;\"><span style=\"font-family: arial, helvetica, sans-serif; color: #000000;\">Para conhecer melhor a estrutura do livro, juntar-se a mais de 800 profissionais e adquirir sua c\u00f3pia \u00e9 s\u00f3 clicar no bot\u00e3o abaixo:<\/span><\/span><\/p>\n<p>&nbsp;<\/p>\n<p><span style=\"color: #000000; font-size: 20px;\"><div class=\"su-button-center\"><a href=\"https:\/\/adenilsongiovanini.com.br\/georreferenciamento-de-imoveis-rurais-na-pratica\/\" class=\"su-button su-button-style-3d\" style=\"color:#000000;background-color:#2BCC2F;border-color:#23a426;border-radius:9px\" target=\"_blank\" rel=\"nofollow\" id=\"1\"><span style=\"color:#000000;padding:0px 24px;font-size:18px;line-height:36px;border-color:#6bdc6e;border-radius:9px;text-shadow:0px 0px 0px #000000\"> \u279c Quero Conhecer Melhor o Livro, Pois Quero e Preciso Aprender Mais Sobre Legisla\u00e7\u00e3o Cadastral e Geo. de Im\u00f3veis Rurais<\/span><\/a><\/div><\/span><\/p>\n<p>&nbsp;<\/p>\n<p>&nbsp;<\/p>\n","protected":false},"excerpt":{"rendered":"<p>Exemplos de mapas tem\u00e1ticos, voc\u00ea acabou de encontrar um guia definitivo a respeito do tema. Com a leitura do mesmo voc\u00ea aprender\u00e1: O que s\u00e3o mapas tem\u00e1ticos; Qual a diferen\u00e7a entre planta e mapa; 12 exemplos de mapas tem\u00e1ticos; Quais os elementos que os mesmos precisam ter e; Quais as [&hellip;]<\/p>\n","protected":false},"author":1,"featured_media":3624,"comment_status":"closed","ping_status":"closed","sticky":false,"template":"","format":"standard","meta":{"_monsterinsights_skip_tracking":false,"_monsterinsights_sitenote_active":false,"_monsterinsights_sitenote_note":"","_monsterinsights_sitenote_category":0,"footnotes":""},"categories":[13],"tags":[],"class_list":["post-5167","post","type-post","status-publish","format-standard","has-post-thumbnail","hentry","category-arcgis"],"yoast_head":"<!-- This site is optimized with the Yoast SEO plugin v26.5 - https:\/\/yoast.com\/wordpress\/plugins\/seo\/ -->\n<title>Exemplos de mapas tem\u00e1ticos? - Adenilson Giovanini<\/title>\n<meta name=\"description\" content=\"Descubra o que \u00e9 um mapa tem\u00e1tico, quais s\u00e3o os 9 diferentes tipos de mapas tem\u00e1ticos existentes e veja exemplos de mapas tem\u00e1ticos.\" \/>\n<meta name=\"robots\" content=\"index, follow, max-snippet:-1, max-image-preview:large, max-video-preview:-1\" \/>\n<link rel=\"canonical\" href=\"https:\/\/adenilsongiovanini.com.br\/blog\/exemplos-de-mapas-tematicos\/\" \/>\n<meta property=\"og:locale\" content=\"pt_BR\" \/>\n<meta property=\"og:type\" content=\"article\" \/>\n<meta property=\"og:title\" content=\"Exemplos de mapas tem\u00e1ticos? - Adenilson Giovanini\" \/>\n<meta property=\"og:description\" content=\"Descubra o que \u00e9 um mapa tem\u00e1tico, quais s\u00e3o os 9 diferentes tipos de mapas tem\u00e1ticos existentes e veja exemplos de mapas tem\u00e1ticos.\" \/>\n<meta property=\"og:url\" content=\"https:\/\/adenilsongiovanini.com.br\/blog\/exemplos-de-mapas-tematicos\/\" \/>\n<meta property=\"og:site_name\" content=\"Adenilson Giovanini\" \/>\n<meta property=\"article:publisher\" content=\"https:\/\/www.facebook.com\/otopografo\/\" \/>\n<meta property=\"article:author\" content=\"https:\/\/www.facebook.com\/otopografo\/\" \/>\n<meta property=\"article:published_time\" content=\"2020-01-08T17:55:46+00:00\" \/>\n<meta property=\"article:modified_time\" content=\"2022-08-10T18:40:01+00:00\" \/>\n<meta property=\"og:image\" content=\"https:\/\/adenilsongiovanini.com.br\/blog\/wp-content\/uploads\/2019\/11\/mapa-tem\u00e1tico-com-rela\u00e7\u00f5es-de-emprego-e-valor.png\" \/>\n\t<meta property=\"og:image:width\" content=\"527\" \/>\n\t<meta property=\"og:image:height\" content=\"561\" \/>\n\t<meta property=\"og:image:type\" content=\"image\/png\" \/>\n<meta name=\"author\" content=\"Adenilson Giovanini\" \/>\n<meta name=\"twitter:card\" content=\"summary_large_image\" \/>\n<meta name=\"twitter:label1\" content=\"Escrito por\" \/>\n\t<meta name=\"twitter:data1\" content=\"Adenilson Giovanini\" \/>\n\t<meta name=\"twitter:label2\" content=\"Est. tempo de leitura\" \/>\n\t<meta name=\"twitter:data2\" content=\"17 minutos\" \/>\n<script type=\"application\/ld+json\" class=\"yoast-schema-graph\">{\"@context\":\"https:\/\/schema.org\",\"@graph\":[{\"@type\":\"Article\",\"@id\":\"https:\/\/adenilsongiovanini.com.br\/blog\/exemplos-de-mapas-tematicos\/#article\",\"isPartOf\":{\"@id\":\"https:\/\/adenilsongiovanini.com.br\/blog\/exemplos-de-mapas-tematicos\/\"},\"author\":{\"name\":\"Adenilson Giovanini\",\"@id\":\"https:\/\/adenilsongiovanini.com.br\/blog\/#\/schema\/person\/9c1daa7da73c116aae2cb0568d1daa23\"},\"headline\":\"Exemplos de mapas tem\u00e1ticos?\",\"datePublished\":\"2020-01-08T17:55:46+00:00\",\"dateModified\":\"2022-08-10T18:40:01+00:00\",\"mainEntityOfPage\":{\"@id\":\"https:\/\/adenilsongiovanini.com.br\/blog\/exemplos-de-mapas-tematicos\/\"},\"wordCount\":2391,\"publisher\":{\"@id\":\"https:\/\/adenilsongiovanini.com.br\/blog\/#\/schema\/person\/9c1daa7da73c116aae2cb0568d1daa23\"},\"image\":{\"@id\":\"https:\/\/adenilsongiovanini.com.br\/blog\/exemplos-de-mapas-tematicos\/#primaryimage\"},\"thumbnailUrl\":\"https:\/\/adenilsongiovanini.com.br\/blog\/wp-content\/uploads\/2019\/11\/mapa-tem\u00e1tico-com-rela\u00e7\u00f5es-de-emprego-e-valor.png\",\"articleSection\":[\"ArcGIS\"],\"inLanguage\":\"pt-BR\"},{\"@type\":\"WebPage\",\"@id\":\"https:\/\/adenilsongiovanini.com.br\/blog\/exemplos-de-mapas-tematicos\/\",\"url\":\"https:\/\/adenilsongiovanini.com.br\/blog\/exemplos-de-mapas-tematicos\/\",\"name\":\"Exemplos de mapas tem\u00e1ticos? - Adenilson Giovanini\",\"isPartOf\":{\"@id\":\"https:\/\/adenilsongiovanini.com.br\/blog\/#website\"},\"primaryImageOfPage\":{\"@id\":\"https:\/\/adenilsongiovanini.com.br\/blog\/exemplos-de-mapas-tematicos\/#primaryimage\"},\"image\":{\"@id\":\"https:\/\/adenilsongiovanini.com.br\/blog\/exemplos-de-mapas-tematicos\/#primaryimage\"},\"thumbnailUrl\":\"https:\/\/adenilsongiovanini.com.br\/blog\/wp-content\/uploads\/2019\/11\/mapa-tem\u00e1tico-com-rela\u00e7\u00f5es-de-emprego-e-valor.png\",\"datePublished\":\"2020-01-08T17:55:46+00:00\",\"dateModified\":\"2022-08-10T18:40:01+00:00\",\"description\":\"Descubra o que \u00e9 um mapa tem\u00e1tico, quais s\u00e3o os 9 diferentes tipos de mapas tem\u00e1ticos existentes e veja exemplos de mapas tem\u00e1ticos.\",\"breadcrumb\":{\"@id\":\"https:\/\/adenilsongiovanini.com.br\/blog\/exemplos-de-mapas-tematicos\/#breadcrumb\"},\"inLanguage\":\"pt-BR\",\"potentialAction\":[{\"@type\":\"ReadAction\",\"target\":[\"https:\/\/adenilsongiovanini.com.br\/blog\/exemplos-de-mapas-tematicos\/\"]}]},{\"@type\":\"ImageObject\",\"inLanguage\":\"pt-BR\",\"@id\":\"https:\/\/adenilsongiovanini.com.br\/blog\/exemplos-de-mapas-tematicos\/#primaryimage\",\"url\":\"https:\/\/adenilsongiovanini.com.br\/blog\/wp-content\/uploads\/2019\/11\/mapa-tem\u00e1tico-com-rela\u00e7\u00f5es-de-emprego-e-valor.png\",\"contentUrl\":\"https:\/\/adenilsongiovanini.com.br\/blog\/wp-content\/uploads\/2019\/11\/mapa-tem\u00e1tico-com-rela\u00e7\u00f5es-de-emprego-e-valor.png\",\"width\":527,\"height\":561},{\"@type\":\"BreadcrumbList\",\"@id\":\"https:\/\/adenilsongiovanini.com.br\/blog\/exemplos-de-mapas-tematicos\/#breadcrumb\",\"itemListElement\":[{\"@type\":\"ListItem\",\"position\":1,\"name\":\"Home\",\"item\":\"https:\/\/adenilsongiovanini.com.br\/blog\/\"},{\"@type\":\"ListItem\",\"position\":2,\"name\":\"Exemplos de mapas tem\u00e1ticos?\"}]},{\"@type\":\"WebSite\",\"@id\":\"https:\/\/adenilsongiovanini.com.br\/blog\/#website\",\"url\":\"https:\/\/adenilsongiovanini.com.br\/blog\/\",\"name\":\"Adenilson Giovanini\",\"description\":\"Topografia e Geotecnologias\",\"publisher\":{\"@id\":\"https:\/\/adenilsongiovanini.com.br\/blog\/#\/schema\/person\/9c1daa7da73c116aae2cb0568d1daa23\"},\"potentialAction\":[{\"@type\":\"SearchAction\",\"target\":{\"@type\":\"EntryPoint\",\"urlTemplate\":\"https:\/\/adenilsongiovanini.com.br\/blog\/?s={search_term_string}\"},\"query-input\":{\"@type\":\"PropertyValueSpecification\",\"valueRequired\":true,\"valueName\":\"search_term_string\"}}],\"inLanguage\":\"pt-BR\"},{\"@type\":[\"Person\",\"Organization\"],\"@id\":\"https:\/\/adenilsongiovanini.com.br\/blog\/#\/schema\/person\/9c1daa7da73c116aae2cb0568d1daa23\",\"name\":\"Adenilson Giovanini\",\"image\":{\"@type\":\"ImageObject\",\"inLanguage\":\"pt-BR\",\"@id\":\"https:\/\/adenilsongiovanini.com.br\/blog\/#\/schema\/person\/image\/\",\"url\":\"https:\/\/adenilsongiovanini.com.br\/blog\/wp-content\/litespeed\/avatar\/be8f4de5c0b8a93c57a4f29cbf2f1e92.jpg?ver=1777130135\",\"contentUrl\":\"https:\/\/adenilsongiovanini.com.br\/blog\/wp-content\/litespeed\/avatar\/be8f4de5c0b8a93c57a4f29cbf2f1e92.jpg?ver=1777130135\",\"caption\":\"Adenilson Giovanini\"},\"logo\":{\"@id\":\"https:\/\/adenilsongiovanini.com.br\/blog\/#\/schema\/person\/image\/\"},\"description\":\"O Professor Adenilson Giovanini \u00e9 especialista em Topografia Cadastral e Georreferenciamento de Im\u00f3veis Rurais. O mesmo possui o Maior Site de Engenharia de Agrimensura do Brasil. Site este que tem mais de 102.000 visualiza\u00e7\u00f5es por m\u00eas. Tamb\u00e9m possui mais de 600 v\u00eddeos em seu canal no youtube. Al\u00e9m disso, \u00e9 escritor Best Seller, possuindo v\u00e1rios cursos e livros de sucesso.\",\"sameAs\":[\"http:\/\/adenilsongiovanini.com.br\",\"https:\/\/www.facebook.com\/otopografo\/\",\"https:\/\/www.instagram.com\/adenilson_giovanini\/\",\"https:\/\/www.linkedin.com\/in\/adenilson-giovanini-819b8035\/\",\"https:\/\/br.pinterest.com\/adenilsongiovanini\/\",\"https:\/\/www.youtube.com\/channel\/uce-br7ghiuog2txcsdx5vrw\"]}]}<\/script>\n<!-- \/ Yoast SEO plugin. -->","yoast_head_json":{"title":"Exemplos de mapas tem\u00e1ticos? - Adenilson Giovanini","description":"Descubra o que \u00e9 um mapa tem\u00e1tico, quais s\u00e3o os 9 diferentes tipos de mapas tem\u00e1ticos existentes e veja exemplos de mapas tem\u00e1ticos.","robots":{"index":"index","follow":"follow","max-snippet":"max-snippet:-1","max-image-preview":"max-image-preview:large","max-video-preview":"max-video-preview:-1"},"canonical":"https:\/\/adenilsongiovanini.com.br\/blog\/exemplos-de-mapas-tematicos\/","og_locale":"pt_BR","og_type":"article","og_title":"Exemplos de mapas tem\u00e1ticos? - Adenilson Giovanini","og_description":"Descubra o que \u00e9 um mapa tem\u00e1tico, quais s\u00e3o os 9 diferentes tipos de mapas tem\u00e1ticos existentes e veja exemplos de mapas tem\u00e1ticos.","og_url":"https:\/\/adenilsongiovanini.com.br\/blog\/exemplos-de-mapas-tematicos\/","og_site_name":"Adenilson Giovanini","article_publisher":"https:\/\/www.facebook.com\/otopografo\/","article_author":"https:\/\/www.facebook.com\/otopografo\/","article_published_time":"2020-01-08T17:55:46+00:00","article_modified_time":"2022-08-10T18:40:01+00:00","og_image":[{"width":527,"height":561,"url":"https:\/\/adenilsongiovanini.com.br\/blog\/wp-content\/uploads\/2019\/11\/mapa-tem\u00e1tico-com-rela\u00e7\u00f5es-de-emprego-e-valor.png","type":"image\/png"}],"author":"Adenilson Giovanini","twitter_card":"summary_large_image","twitter_misc":{"Escrito por":"Adenilson Giovanini","Est. tempo de leitura":"17 minutos"},"schema":{"@context":"https:\/\/schema.org","@graph":[{"@type":"Article","@id":"https:\/\/adenilsongiovanini.com.br\/blog\/exemplos-de-mapas-tematicos\/#article","isPartOf":{"@id":"https:\/\/adenilsongiovanini.com.br\/blog\/exemplos-de-mapas-tematicos\/"},"author":{"name":"Adenilson Giovanini","@id":"https:\/\/adenilsongiovanini.com.br\/blog\/#\/schema\/person\/9c1daa7da73c116aae2cb0568d1daa23"},"headline":"Exemplos de mapas tem\u00e1ticos?","datePublished":"2020-01-08T17:55:46+00:00","dateModified":"2022-08-10T18:40:01+00:00","mainEntityOfPage":{"@id":"https:\/\/adenilsongiovanini.com.br\/blog\/exemplos-de-mapas-tematicos\/"},"wordCount":2391,"publisher":{"@id":"https:\/\/adenilsongiovanini.com.br\/blog\/#\/schema\/person\/9c1daa7da73c116aae2cb0568d1daa23"},"image":{"@id":"https:\/\/adenilsongiovanini.com.br\/blog\/exemplos-de-mapas-tematicos\/#primaryimage"},"thumbnailUrl":"https:\/\/adenilsongiovanini.com.br\/blog\/wp-content\/uploads\/2019\/11\/mapa-tem\u00e1tico-com-rela\u00e7\u00f5es-de-emprego-e-valor.png","articleSection":["ArcGIS"],"inLanguage":"pt-BR"},{"@type":"WebPage","@id":"https:\/\/adenilsongiovanini.com.br\/blog\/exemplos-de-mapas-tematicos\/","url":"https:\/\/adenilsongiovanini.com.br\/blog\/exemplos-de-mapas-tematicos\/","name":"Exemplos de mapas tem\u00e1ticos? - Adenilson Giovanini","isPartOf":{"@id":"https:\/\/adenilsongiovanini.com.br\/blog\/#website"},"primaryImageOfPage":{"@id":"https:\/\/adenilsongiovanini.com.br\/blog\/exemplos-de-mapas-tematicos\/#primaryimage"},"image":{"@id":"https:\/\/adenilsongiovanini.com.br\/blog\/exemplos-de-mapas-tematicos\/#primaryimage"},"thumbnailUrl":"https:\/\/adenilsongiovanini.com.br\/blog\/wp-content\/uploads\/2019\/11\/mapa-tem\u00e1tico-com-rela\u00e7\u00f5es-de-emprego-e-valor.png","datePublished":"2020-01-08T17:55:46+00:00","dateModified":"2022-08-10T18:40:01+00:00","description":"Descubra o que \u00e9 um mapa tem\u00e1tico, quais s\u00e3o os 9 diferentes tipos de mapas tem\u00e1ticos existentes e veja exemplos de mapas tem\u00e1ticos.","breadcrumb":{"@id":"https:\/\/adenilsongiovanini.com.br\/blog\/exemplos-de-mapas-tematicos\/#breadcrumb"},"inLanguage":"pt-BR","potentialAction":[{"@type":"ReadAction","target":["https:\/\/adenilsongiovanini.com.br\/blog\/exemplos-de-mapas-tematicos\/"]}]},{"@type":"ImageObject","inLanguage":"pt-BR","@id":"https:\/\/adenilsongiovanini.com.br\/blog\/exemplos-de-mapas-tematicos\/#primaryimage","url":"https:\/\/adenilsongiovanini.com.br\/blog\/wp-content\/uploads\/2019\/11\/mapa-tem\u00e1tico-com-rela\u00e7\u00f5es-de-emprego-e-valor.png","contentUrl":"https:\/\/adenilsongiovanini.com.br\/blog\/wp-content\/uploads\/2019\/11\/mapa-tem\u00e1tico-com-rela\u00e7\u00f5es-de-emprego-e-valor.png","width":527,"height":561},{"@type":"BreadcrumbList","@id":"https:\/\/adenilsongiovanini.com.br\/blog\/exemplos-de-mapas-tematicos\/#breadcrumb","itemListElement":[{"@type":"ListItem","position":1,"name":"Home","item":"https:\/\/adenilsongiovanini.com.br\/blog\/"},{"@type":"ListItem","position":2,"name":"Exemplos de mapas tem\u00e1ticos?"}]},{"@type":"WebSite","@id":"https:\/\/adenilsongiovanini.com.br\/blog\/#website","url":"https:\/\/adenilsongiovanini.com.br\/blog\/","name":"Adenilson Giovanini","description":"Topografia e Geotecnologias","publisher":{"@id":"https:\/\/adenilsongiovanini.com.br\/blog\/#\/schema\/person\/9c1daa7da73c116aae2cb0568d1daa23"},"potentialAction":[{"@type":"SearchAction","target":{"@type":"EntryPoint","urlTemplate":"https:\/\/adenilsongiovanini.com.br\/blog\/?s={search_term_string}"},"query-input":{"@type":"PropertyValueSpecification","valueRequired":true,"valueName":"search_term_string"}}],"inLanguage":"pt-BR"},{"@type":["Person","Organization"],"@id":"https:\/\/adenilsongiovanini.com.br\/blog\/#\/schema\/person\/9c1daa7da73c116aae2cb0568d1daa23","name":"Adenilson Giovanini","image":{"@type":"ImageObject","inLanguage":"pt-BR","@id":"https:\/\/adenilsongiovanini.com.br\/blog\/#\/schema\/person\/image\/","url":"https:\/\/adenilsongiovanini.com.br\/blog\/wp-content\/litespeed\/avatar\/be8f4de5c0b8a93c57a4f29cbf2f1e92.jpg?ver=1777130135","contentUrl":"https:\/\/adenilsongiovanini.com.br\/blog\/wp-content\/litespeed\/avatar\/be8f4de5c0b8a93c57a4f29cbf2f1e92.jpg?ver=1777130135","caption":"Adenilson Giovanini"},"logo":{"@id":"https:\/\/adenilsongiovanini.com.br\/blog\/#\/schema\/person\/image\/"},"description":"O Professor Adenilson Giovanini \u00e9 especialista em Topografia Cadastral e Georreferenciamento de Im\u00f3veis Rurais. O mesmo possui o Maior Site de Engenharia de Agrimensura do Brasil. Site este que tem mais de 102.000 visualiza\u00e7\u00f5es por m\u00eas. Tamb\u00e9m possui mais de 600 v\u00eddeos em seu canal no youtube. Al\u00e9m disso, \u00e9 escritor Best Seller, possuindo v\u00e1rios cursos e livros de sucesso.","sameAs":["http:\/\/adenilsongiovanini.com.br","https:\/\/www.facebook.com\/otopografo\/","https:\/\/www.instagram.com\/adenilson_giovanini\/","https:\/\/www.linkedin.com\/in\/adenilson-giovanini-819b8035\/","https:\/\/br.pinterest.com\/adenilsongiovanini\/","https:\/\/www.youtube.com\/channel\/uce-br7ghiuog2txcsdx5vrw"]}]}},"amp_enabled":true,"_links":{"self":[{"href":"https:\/\/adenilsongiovanini.com.br\/blog\/wp-json\/wp\/v2\/posts\/5167","targetHints":{"allow":["GET"]}}],"collection":[{"href":"https:\/\/adenilsongiovanini.com.br\/blog\/wp-json\/wp\/v2\/posts"}],"about":[{"href":"https:\/\/adenilsongiovanini.com.br\/blog\/wp-json\/wp\/v2\/types\/post"}],"author":[{"embeddable":true,"href":"https:\/\/adenilsongiovanini.com.br\/blog\/wp-json\/wp\/v2\/users\/1"}],"replies":[{"embeddable":true,"href":"https:\/\/adenilsongiovanini.com.br\/blog\/wp-json\/wp\/v2\/comments?post=5167"}],"version-history":[{"count":0,"href":"https:\/\/adenilsongiovanini.com.br\/blog\/wp-json\/wp\/v2\/posts\/5167\/revisions"}],"wp:featuredmedia":[{"embeddable":true,"href":"https:\/\/adenilsongiovanini.com.br\/blog\/wp-json\/wp\/v2\/media\/3624"}],"wp:attachment":[{"href":"https:\/\/adenilsongiovanini.com.br\/blog\/wp-json\/wp\/v2\/media?parent=5167"}],"wp:term":[{"taxonomy":"category","embeddable":true,"href":"https:\/\/adenilsongiovanini.com.br\/blog\/wp-json\/wp\/v2\/categories?post=5167"},{"taxonomy":"post_tag","embeddable":true,"href":"https:\/\/adenilsongiovanini.com.br\/blog\/wp-json\/wp\/v2\/tags?post=5167"}],"curies":[{"name":"wp","href":"https:\/\/api.w.org\/{rel}","templated":true}]}}