{"id":5115,"date":"2020-01-07T21:42:42","date_gmt":"2020-01-07T21:42:42","guid":{"rendered":"http:\/\/adenilsongiovanini.com.br\/blog\/?p=5115"},"modified":"2022-08-10T18:58:17","modified_gmt":"2022-08-10T18:58:17","slug":"corrego-alegre","status":"publish","type":"post","link":"https:\/\/adenilsongiovanini.com.br\/blog\/corrego-alegre\/","title":{"rendered":"C\u00f3rrego Alegre: o que \u00e9 e suas caracter\u00edsticas"},"content":{"rendered":"<p><span style=\"font-size: 20px; font-family: arial, helvetica, sans-serif; color: #000000; line-height: 1.3;\">Em 1949 estabeleceu-se no Brasil o Sistema Geod\u00e9sico de Refer\u00eancia (SGR) Datum <strong>C\u00f3rrego Alegre<\/strong>.<\/span><\/p>\n<p><span style=\"font-size: 20px; font-family: arial, helvetica, sans-serif; color: #000000; line-height: 1.3;\">O mesmo tinha como v\u00e9rtice o ponto C\u00f3rrego Alegre e o <a href=\"https:\/\/en.wikipedia.org\/wiki\/Hayford_ellipsoid\" target=\"_blank\" rel=\"noopener noreferrer\"><span style=\"color: #0000ff;\">elipsoide Internacional de Hayford de 1924<\/span><\/a> como superf\u00edcie de refer\u00eancia, sendo seu posicionamento e orienta\u00e7\u00e3o determinados astronomicamente.<\/span><\/p>\n<h2><\/h2>\n<h2 style=\"text-align: center;\"><span style=\"font-size: 24px;\"><strong><span style=\"font-family: arial, helvetica, sans-serif; color: #000000; line-height: 1.3;\">Cria\u00e7\u00e3o e imp<\/span><\/strong><\/span><span style=\"font-size: 24px;\"><strong><span style=\"font-family: arial, helvetica, sans-serif; color: #000000; line-height: 1.3;\">lementa\u00e7\u00e3o do C\u00f3rrego Alegre<\/span><\/strong><\/span><\/h2>\n<p><span style=\"font-size: 20px;\"><img decoding=\"async\" class=\"aligncenter size-full wp-image-5117\" src=\"http:\/\/adenilsongiovanini.com.br\/blog\/wp-content\/uploads\/2020\/01\/datum-c\u00f3rrego-alegre.jpg\" alt=\"datum c\u00f3rrego alegre\" width=\"260\" height=\"194\" \/><\/span><\/p>\n<p><span style=\"font-size: 20px;\"><span style=\"font-family: arial, helvetica, sans-serif; color: #000000; line-height: 1.3;\">De acordo com <a href=\"http:\/\/www.seer.ufu.br\/index.php\/revistabrasileiracartografia\/article\/view\/49245\"><span style=\"color: #0000ff;\">Sampaio e Sampaio<\/span><\/a>, na \u00e9poca, v\u00e1rios ajustes eram necess\u00e1rios para se definir um <span style=\"color: #0000ff;\"><a href=\"https:\/\/adenilsongiovanini.com.br\/blog\/sistema-geodesico-de-referencia\/\" style=\"color: #0000ff;\">sistema geod\u00e9sico<\/a><\/span>, sendo que como em 1950 a tecnologia <\/span><span style=\"font-family: arial, helvetica, sans-serif; color: #000000;\">da computa\u00e7\u00e3o estava dando seus primeiros passos, estes ajustes eram feitos em calculadoras mec\u00e2nicas, com o uso das t\u00e1buas de logaritmo.<\/span><\/span><\/p>\n<p><span style=\"font-size: 20px; font-family: arial, helvetica, sans-serif; color: #000000; line-height: 1.3;\">Foram estas as tecnologias utilizadas para o estabelecimento do Datum C\u00f3rrego Alegre de 1949.<\/span><\/p>\n<p><span style=\"font-size: 20px; color: #000000; font-family: arial, helvetica, sans-serif;\">A escolha do v\u00e9rtice C\u00f3rrego para ponto <span style=\"color: #0000ff;\"><a style=\"color: #0000ff;\" href=\"http:\/\/adenilsongiovanini.com.br\/blog\/datum-o-que-e-e-para-que-serve\/\" target=\"_blank\" rel=\"noopener noreferrer\">datum<\/a><\/span>, apoiado no <span style=\"color: #0000ff;\"><a style=\"color: #0000ff;\" href=\"https:\/\/en.wikipedia.org\/wiki\/Hayford_ellipsoid\" target=\"_blank\" rel=\"noopener noreferrer\">elipsoide internacional de Hayford<\/a><\/span> para superf\u00edcie matem\u00e1tica de refer\u00eancia foi baseada em determina\u00e7\u00f5es astron\u00f4micas realizadas na implanta\u00e7\u00e3o da cadeia de triangula\u00e7\u00e3o em Santa Catarina.<\/span><\/p>\n<p><span style=\"font-size: 20px; font-family: arial, helvetica, sans-serif; color: #000000; line-height: 1.3;\">Suas especifica\u00e7\u00f5es foram definidas como (<span style=\"color: #0000ff;\"><a style=\"color: #0000ff;\" href=\"http:\/\/ibge.gov.br\/\" target=\"_blank\" rel=\"noopener noreferrer\">IBGE<\/a><\/span>, 2013a):<\/span><\/p>\n<ul>\n<li><span style=\"font-size: 20px; font-family: arial, helvetica, sans-serif; color: #000000; line-height: 1.3;\">Superf\u00edcie de refer\u00eancia: Elipsoide Internacional de Hayford 1924;<\/span><\/li>\n<li><span style=\"font-size: 20px; font-family: arial, helvetica, sans-serif; color: #000000; line-height: 1.3;\">Semi-eixo maior : 6378388 metros;<\/span><\/li>\n<li><span style=\"font-size: 20px; font-family: arial, helvetica, sans-serif; color: #000000; line-height: 1.3;\"> Achatamento : 1\/297;<\/span><\/li>\n<li><span style=\"font-size: 20px; font-family: arial, helvetica, sans-serif; color: #000000; line-height: 1.3;\">Ponto Datum : V\u00e9rtice C\u00f3rrego Alegre. <\/span>\n<\/li>\n<\/ul>\n<p><span style=\"font-size: 20px; font-family: arial, helvetica, sans-serif; color: #000000; line-height: 1.3;\">Coordenadas: <\/span><\/p>\n<ul>\n<li><span style=\"font-size: 20px; font-family: arial, helvetica, sans-serif; color: #000000; line-height: 1.3;\">Latitude = = 19\u00ba 50\u2019 15,14\u2019\u2019 S e;<\/span><\/li>\n<li><span style=\"font-size: 20px; font-family: arial, helvetica, sans-serif; color: #000000; line-height: 1.3;\"> longitude = 48\u00ba 57\u2019 42,75\u201d W.<\/span><\/li>\n<\/ul>\n<p>\n<span style=\"font-size: 20px; font-family: arial, helvetica, sans-serif; color: #000000; line-height: 1.3;\">Orienta\u00e7\u00e3o elipsoide-geoide no ponto datum:<\/span><\/p>\n<ul>\n<li><span style=\"font-size: 20px; font-family: arial, helvetica, sans-serif; color: #000000; line-height: 1.3;\">Fi = \u00c5 =0 (componentes do desvio da vertical)<\/span><\/li>\n<\/ul>\n<ul>\n<li><span style=\"font-size: 20px; font-family: arial, helvetica, sans-serif; color: #000000; line-height: 1.3;\">N = 0 metros (ondula\u00e7\u00e3o geoidal)<\/span><\/li>\n<\/ul>\n<p>&nbsp;<\/p>\n<h2 style=\"text-align: center;\"><span style=\"font-size: 24px;\"><strong><span style=\"color: #000000; font-family: arial, helvetica, sans-serif; line-height: 1.3;\">C\u00f3rrego Alegre &#8211; O que \u00e9 um Sistema Geod\u00e9sico de Refer\u00eancia (SGR) e qual sua import\u00e2ncia<\/span><\/strong><\/span><\/h2>\n<p style=\"text-align: center;\"><span style=\"font-size: 20px;\"><img decoding=\"async\" class=\"aligncenter size-full wp-image-5120\" src=\"http:\/\/adenilsongiovanini.com.br\/blog\/wp-content\/uploads\/2020\/01\/geodsia-4-638.jpg\" alt=\"geodsia-4-638\" width=\"638\" height=\"479\" srcset=\"https:\/\/adenilsongiovanini.com.br\/blog\/wp-content\/uploads\/2020\/01\/geodsia-4-638.jpg 638w, https:\/\/adenilsongiovanini.com.br\/blog\/wp-content\/uploads\/2020\/01\/geodsia-4-638-300x225.jpg 300w\" sizes=\"(max-width: 638px) 100vw, 638px\" \/><\/span><\/p>\n<p><span style=\"font-size: 20px; color: #000000; font-family: arial, helvetica, sans-serif; line-height: 1.3;\">O desenvolvimento do Sistema Geod\u00e9sico Brasileiro &#8211; SGB (IBGE, 2013b), \u00e9 composto por <span style=\"color: #0000ff;\"><a style=\"color: #0000ff;\" href=\"https:\/\/adenilsongiovanini.com.br\/blog\/datum-planimetrico-e-datum-altimetrico\/\">redes de altimetria, planimetria e gravimetria<\/a><\/span> (<span style=\"color: #0000ff;\"><a style=\"color: #0000ff;\" href=\"https:\/\/ler.letras.up.pt\/uploads\/ficheiros\/14326.pdf\" target=\"_blank\" rel=\"noopener noreferrer\">Sampaio. Et. Al<\/a><\/span>).<\/span><\/p>\n<p><span style=\"font-size: 20px; color: #000000; font-family: arial, helvetica, sans-serif; line-height: 1.3;\">Do ponto de vista pr\u00e1tico, um SGR permite que se fa\u00e7a a localiza\u00e7\u00e3o espacial de qualquer fei\u00e7\u00e3o sobre a superf\u00edcie terrestre. <\/span><\/p>\n<p><span style=\"font-size: 20px; color: #000000; font-family: arial, helvetica, sans-serif; line-height: 1.3;\">O mesmo \u00e9 definido a partir da ado\u00e7\u00e3o de um <span style=\"color: #0000ff;\"><a style=\"color: #0000ff;\" href=\"https:\/\/adenilsongiovanini.com.br\/blog\/elipsoide-o-que-e-e-para-que-serve\/\">elipsoide de refer\u00eancia<\/a><\/span> posicionado e orientado em rela\u00e7\u00e3o \u00e0 superf\u00edcie terrestre. <\/span><\/p>\n<p><span style=\"font-size: 20px; color: #000000; font-family: arial, helvetica, sans-serif; line-height: 1.3;\">A evolu\u00e7\u00e3o tecnol\u00f3gica propiciou o melhoramento dos diversos SGRs existentes, tanto no aspecto de defini\u00e7\u00e3o quanto no de realiza\u00e7\u00e3o do sistema.<\/span><\/p>\n<p><span style=\"font-size: 20px; color: #000000; font-family: arial, helvetica, sans-serif; line-height: 1.3;\"> Sob este ponto de vista, tanto as institui\u00e7\u00f5es e empresas voltadas \u00e0 produ\u00e7\u00e3o cartogr\u00e1fica quanto os usu\u00e1rios de <span style=\"color: #0000ff;\"><a href=\"https:\/\/adenilsongiovanini.com.br\/blog\/curso-online-de-georreferenciamento\/\" style=\"color: #0000ff;\">dados georreferenciados<\/a><\/span> utilizam informa\u00e7\u00f5es baseadas nos diferentes sistemas de refer\u00eancia e suas realiza\u00e7\u00f5es que coexistem no Brasil. <\/span><\/p>\n<p><span style=\"font-size: 20px; color: #000000; font-family: arial, helvetica, sans-serif; line-height: 1.3;\">Logo, \u00e9 de extrema import\u00e2ncia o conhecimento das caracter\u00edsticas e restri\u00e7\u00f5es de cada um destes sistemas. <\/span><\/p>\n<p>&nbsp;<\/p>\n<h2 style=\"text-align: center;\"><span style=\"font-size: 24px;\"><strong><span style=\"font-family: arial, helvetica, sans-serif; color: #000000; line-height: 1.3;\">Data adotados como oficial pelo Brasil<\/span><\/strong><\/span><\/h2>\n<p><span style=\"font-size: 20px; color: #000000; font-family: arial, helvetica, sans-serif; line-height: 1.3;\">Historicamente o Brasil adotou, como referencial geod\u00e9sico para seu territ\u00f3rio, os seguintes Data: <\/span><\/p>\n<ul>\n<li><span style=\"font-size: 20px; color: #000000; font-family: arial, helvetica, sans-serif; line-height: 1.3;\">C\u00f3rrego Alegre &#8211; 1\u00b0 Sistema adotado; <\/span><\/li>\n<li><span style=\"font-size: 20px; color: #000000; font-family: arial, helvetica, sans-serif; line-height: 1.3;\">Astro Datum Chu\u00e1; <\/span><\/li>\n<li><span style=\"font-size: 20px; color: #000000; font-family: arial, helvetica, sans-serif; line-height: 1.3;\"><span style=\"color: #0000ff;\"><a style=\"color: #0000ff;\" href=\"https:\/\/adenilsongiovanini.com.br\/blog\/sad69\/\">SAD 69<\/a><\/span>; e<\/span><\/li>\n<li><span style=\"font-size: 20px; color: #000000; font-family: arial, helvetica, sans-serif; line-height: 1.3;\"><span style=\"color: #0000ff;\"><a href=\"http:\/\/adenilsongiovanini.com.br\/blog\/sirgas-2000\/\" target=\"_blank\" rel=\"noopener noreferrer\" style=\"color: #0000ff;\"> SIRGAS 2000<\/a><\/span>.<\/span><\/li>\n<\/ul>\n<p><span style=\"font-size: 20px; font-family: arial, helvetica, sans-serif; color: #000000; line-height: 1.3;\">\u00c9 isso por este artigo. <\/span><span style=\"font-size: 20px; font-family: arial, helvetica, sans-serif; color: #000000; line-height: 1.3;\">Lembrando que eu tamb\u00e9m possuo uma s\u00e9rie de <strong>cursos pr\u00e1ticos e de livros<\/strong>. <\/span><\/p>\n<p><span style=\"font-size: 20px; font-family: arial, helvetica, sans-serif; color: #000000; line-height: 1.3;\">Se voc\u00ea quer<strong> MERGULHAR FUNDO e aprender a prestar servi\u00e7os com grande velocidade e com seguran\u00e7a<\/strong>, <span style=\"color: #0000ff;\"><a style=\"color: #0000ff;\" href=\"https:\/\/adenilsongiovanini.com.br\/cursos-online\/\">acesse este link<\/a><\/span> e conhe\u00e7a os mesmos.<\/span><\/p>\n<p><span style=\"color: #000000;\"><span style=\"font-size: 20px; font-family: arial, helvetica, sans-serif; line-height: 1.3;\">Entre eles, o <span style=\"color: #0000ff;\"><a style=\"color: #0000ff;\" href=\"https:\/\/adenilsongiovanini.com.br\/curso-de-autocad-para-topografia\/\" target=\"_blank\" rel=\"noopener noreferrer\">Curso de Confec\u00e7\u00e3o de Plantas Topogr\u00e1ficas<\/a><\/span>. <span style=\"color: #000000;\">Um <\/span><\/span><span style=\"font-size: 20px; font-family: arial, helvetica, sans-serif; line-height: 1.3;\">curso pr\u00e1tico\u00a0<\/span><span style=\"font-size: 20px; font-family: arial, helvetica, sans-serif; line-height: 1.3;\">com o qual voc\u00ea vai <strong>aprender a produzir as 15 diferentes plantas produzidas em um escrit\u00f3rio de topografia<\/strong>.<\/span><\/span><\/p>\n<p><a href=\"https:\/\/adenilsongiovanini.com.br\/curso-de-autocad-para-topografia\/\" target=\"_blank\" rel=\"noopener noreferrer\"><img decoding=\"async\" class=\"aligncenter wp-image-31689\" src=\"https:\/\/adenilsongiovanini.com.br\/wp-content\/uploads\/2022\/07\/planta-de-topografia-1024x612.png\" alt=\"\" width=\"770\" height=\"460\" \/><\/a><\/p>\n<p><span style=\"font-family: arial, helvetica, sans-serif; font-size: 20px; color: #000000;\">Clique <a href=\"https:\/\/adenilsongiovanini.com.br\/curso-de-autocad-para-topografia\/\" target=\"_blank\" rel=\"noopener noreferrer\"><span style=\"color: #0000ff;\">neste link<\/span><\/a> e conhe\u00e7a melhor o mesmo.<\/span><\/p>\n<p><span style=\"font-size: 20px; font-family: arial, helvetica, sans-serif; color: #000000; line-height: 1.3;\">Gratid\u00e3o por voc\u00ea ter lido o artigo. \ud83d\ude4f<\/span><\/p>\n<p>&nbsp;<\/p>\n<p>&nbsp;<\/p>\n<h2 style=\"text-align: center;\"><span style=\"font-family: arial, helvetica, sans-serif; color: #000000; font-size: 24px;\"><strong>Domine a Topografia Cadastral atrav\u00e9s de um livro formado por centenas de exemplos pr\u00e1ticos <\/strong><\/span><\/h2>\n<h2 style=\"text-align: center;\"><span style=\"font-size: 20px;\"><a href=\"https:\/\/adenilsongiovanini.com.br\/georreferenciamento-de-imoveis-rurais-na-pratica\/\" rel=\"nofollow noreferrer\"><img decoding=\"async\" class=\"aligncenter size-large wp-image-19317\" src=\"https:\/\/adenilsongiovanini.com.br\/blog\/wp-content\/uploads\/2021\/04\/livro-de-topografia-e-georreferenciamento-1024x474.png\" sizes=\"(max-width: 1024px) 100vw, 1024px\" srcset=\"https:\/\/adenilsongiovanini.com.br\/blog\/wp-content\/uploads\/2021\/04\/livro-de-topografia-e-georreferenciamento-1024x474.png 1024w, https:\/\/adenilsongiovanini.com.br\/blog\/wp-content\/uploads\/2021\/04\/livro-de-topografia-e-georreferenciamento-300x139.png 300w, https:\/\/adenilsongiovanini.com.br\/blog\/wp-content\/uploads\/2021\/04\/livro-de-topografia-e-georreferenciamento-768x355.png 768w, https:\/\/adenilsongiovanini.com.br\/blog\/wp-content\/uploads\/2021\/04\/livro-de-topografia-e-georreferenciamento-1536x711.png 1536w, https:\/\/adenilsongiovanini.com.br\/blog\/wp-content\/uploads\/2021\/04\/livro-de-topografia-e-georreferenciamento-320x148.png 320w, https:\/\/adenilsongiovanini.com.br\/blog\/wp-content\/uploads\/2021\/04\/livro-de-topografia-e-georreferenciamento-640x296.png 640w, https:\/\/adenilsongiovanini.com.br\/blog\/wp-content\/uploads\/2021\/04\/livro-de-topografia-e-georreferenciamento-360x167.png 360w, https:\/\/adenilsongiovanini.com.br\/blog\/wp-content\/uploads\/2021\/04\/livro-de-topografia-e-georreferenciamento-720x333.png 720w, https:\/\/adenilsongiovanini.com.br\/blog\/wp-content\/uploads\/2021\/04\/livro-de-topografia-e-georreferenciamento-1080x500.png 1080w, https:\/\/adenilsongiovanini.com.br\/blog\/wp-content\/uploads\/2021\/04\/livro-de-topografia-e-georreferenciamento-800x370.png 800w, https:\/\/adenilsongiovanini.com.br\/blog\/wp-content\/uploads\/2021\/04\/livro-de-topografia-e-georreferenciamento-1280x592.png 1280w, https:\/\/adenilsongiovanini.com.br\/blog\/wp-content\/uploads\/2021\/04\/livro-de-topografia-e-georreferenciamento.png 1565w\" alt=\"livro de topografia e georreferenciamento\" width=\"1024\" height=\"474\" \/><\/a><\/span><\/h2>\n<p><span style=\"font-family: arial, helvetica, sans-serif; font-size: 20px; color: #000000;\">Voc\u00ea quer dominar a Topografia Cadastral?<\/span><\/p>\n<p><span style=\"font-family: arial, helvetica, sans-serif; font-size: 20px; color: #000000;\">Ent\u00e3o eu tenho uma \u00f3tima noticia para voc\u00ea. Me refiro ao <span style=\"color: #0000ff;\"><a style=\"color: #0000ff;\" href=\"https:\/\/adenilsongiovanini.com.br\/georreferenciamento-de-imoveis-rurais-na-pratica\/\" rel=\"nofollow noreferrer\">livro Topografia Cadastral e Georreferenciamento de Im\u00f3veis Rurais na Pr\u00e1tica<\/a><\/span>.<\/span><\/p>\n<p><span style=\"font-size: 20px;\"><span style=\"font-family: arial, helvetica, sans-serif; color: #000000;\">O mesmo \u00e9 dividido em 10 cap\u00edtulos recheados com muitos estudos de caso e exemplos pr\u00e1ticos. D\u00ea uma espiadinha no sum\u00e1rio do mesmo:<\/span><\/span><\/p>\n<p>&nbsp;<\/p>\n<p><center><iframe width=\"99%\" height=\"980\" src=\"https:\/\/drive.google.com\/file\/d\/1HJ8fZz1PvPmftfXHJNFTvIBBzY_FZhPJ\/preview\"><span data-mce-type=\"bookmark\" style=\"display: inline-block; width: 0px; overflow: hidden; line-height: 0;\" class=\"mce_SELRES_start\">\ufeff<\/span><\/iframe><\/center><\/p>\n<p>&nbsp;<\/p>\n<p><span style=\"font-size: 20px;\"><span style=\"font-family: arial, helvetica, sans-serif; color: #000000;\">Para conhecer melhor a estrutura do livro, juntar-se a mais de 800 profissionais e adquirir sua c\u00f3pia \u00e9 s\u00f3 clicar no bot\u00e3o abaixo:<\/span><\/span><\/p>\n<p>&nbsp;<\/p>\n<p><span style=\"color: #000000; font-size: 20px;\"><div class=\"su-button-center\"><a href=\"https:\/\/adenilsongiovanini.com.br\/georreferenciamento-de-imoveis-rurais-na-pratica\/\" class=\"su-button su-button-style-3d\" style=\"color:#000000;background-color:#2BCC2F;border-color:#23a426;border-radius:9px\" target=\"_blank\" rel=\"nofollow\" id=\"1\"><span style=\"color:#000000;padding:0px 24px;font-size:18px;line-height:36px;border-color:#6bdc6e;border-radius:9px;text-shadow:0px 0px 0px #000000\"> \u279c Quero Conhecer Melhor o Livro, Pois Quero e Preciso Aprender Mais Sobre Legisla\u00e7\u00e3o Cadastral e Geo. de Im\u00f3veis Rurais<\/span><\/a><\/div><\/span><\/p>\n<p>&nbsp;<\/p>\n<p>&nbsp;<\/p>\n","protected":false},"excerpt":{"rendered":"<p>Em 1949 estabeleceu-se no Brasil o Sistema Geod\u00e9sico de Refer\u00eancia (SGR) Datum C\u00f3rrego Alegre. O mesmo tinha como v\u00e9rtice o ponto C\u00f3rrego Alegre e o elipsoide Internacional de Hayford de 1924 como superf\u00edcie de refer\u00eancia, sendo seu posicionamento e orienta\u00e7\u00e3o determinados astronomicamente. Cria\u00e7\u00e3o e implementa\u00e7\u00e3o do C\u00f3rrego Alegre De acordo [&hellip;]<\/p>\n","protected":false},"author":1,"featured_media":5118,"comment_status":"closed","ping_status":"closed","sticky":false,"template":"","format":"standard","meta":{"_monsterinsights_skip_tracking":false,"_monsterinsights_sitenote_active":false,"_monsterinsights_sitenote_note":"","_monsterinsights_sitenote_category":0,"footnotes":""},"categories":[13],"tags":[],"class_list":["post-5115","post","type-post","status-publish","format-standard","has-post-thumbnail","hentry","category-arcgis"],"yoast_head":"<!-- This site is optimized with the Yoast SEO plugin v26.5 - https:\/\/yoast.com\/wordpress\/plugins\/seo\/ -->\n<title>C\u00f3rrego Alegre: o que \u00e9 e suas caracter\u00edsticas - Adenilson Giovanini<\/title>\n<meta name=\"description\" content=\"Descubra o que \u00e9 o datum C\u00f3rrego Alegre, qual seu hist\u00f3rico, caracter\u00edsticas, par\u00e2metros e o que \u00e9 um sistema de refer\u00eancia.\" \/>\n<meta name=\"robots\" content=\"index, follow, max-snippet:-1, max-image-preview:large, max-video-preview:-1\" \/>\n<link rel=\"canonical\" href=\"https:\/\/adenilsongiovanini.com.br\/blog\/corrego-alegre\/\" \/>\n<meta property=\"og:locale\" content=\"pt_BR\" \/>\n<meta property=\"og:type\" content=\"article\" \/>\n<meta property=\"og:title\" content=\"C\u00f3rrego Alegre: o que \u00e9 e suas caracter\u00edsticas - Adenilson Giovanini\" \/>\n<meta property=\"og:description\" content=\"Descubra o que \u00e9 o datum C\u00f3rrego Alegre, qual seu hist\u00f3rico, caracter\u00edsticas, par\u00e2metros e o que \u00e9 um sistema de refer\u00eancia.\" \/>\n<meta property=\"og:url\" content=\"https:\/\/adenilsongiovanini.com.br\/blog\/corrego-alegre\/\" \/>\n<meta property=\"og:site_name\" content=\"Adenilson Giovanini\" \/>\n<meta property=\"article:publisher\" content=\"https:\/\/www.facebook.com\/otopografo\/\" \/>\n<meta property=\"article:author\" content=\"https:\/\/www.facebook.com\/otopografo\/\" \/>\n<meta property=\"article:published_time\" content=\"2020-01-07T21:42:42+00:00\" \/>\n<meta property=\"article:modified_time\" content=\"2022-08-10T18:58:17+00:00\" \/>\n<meta property=\"og:image\" content=\"https:\/\/adenilsongiovanini.com.br\/blog\/wp-content\/uploads\/2020\/01\/sistemas-de-referencia-datum-e-de-coordenadas.jpg\" \/>\n\t<meta property=\"og:image:width\" content=\"820\" \/>\n\t<meta property=\"og:image:height\" content=\"230\" \/>\n\t<meta property=\"og:image:type\" content=\"image\/jpeg\" \/>\n<meta name=\"author\" content=\"Adenilson Giovanini\" \/>\n<meta name=\"twitter:card\" content=\"summary_large_image\" \/>\n<meta name=\"twitter:label1\" content=\"Escrito por\" \/>\n\t<meta name=\"twitter:data1\" content=\"Adenilson Giovanini\" \/>\n\t<meta name=\"twitter:label2\" content=\"Est. tempo de leitura\" \/>\n\t<meta name=\"twitter:data2\" content=\"4 minutos\" \/>\n<script type=\"application\/ld+json\" class=\"yoast-schema-graph\">{\"@context\":\"https:\/\/schema.org\",\"@graph\":[{\"@type\":\"Article\",\"@id\":\"https:\/\/adenilsongiovanini.com.br\/blog\/corrego-alegre\/#article\",\"isPartOf\":{\"@id\":\"https:\/\/adenilsongiovanini.com.br\/blog\/corrego-alegre\/\"},\"author\":{\"name\":\"Adenilson Giovanini\",\"@id\":\"https:\/\/adenilsongiovanini.com.br\/blog\/#\/schema\/person\/9c1daa7da73c116aae2cb0568d1daa23\"},\"headline\":\"C\u00f3rrego Alegre: o que \u00e9 e suas caracter\u00edsticas\",\"datePublished\":\"2020-01-07T21:42:42+00:00\",\"dateModified\":\"2022-08-10T18:58:17+00:00\",\"mainEntityOfPage\":{\"@id\":\"https:\/\/adenilsongiovanini.com.br\/blog\/corrego-alegre\/\"},\"wordCount\":681,\"publisher\":{\"@id\":\"https:\/\/adenilsongiovanini.com.br\/blog\/#\/schema\/person\/9c1daa7da73c116aae2cb0568d1daa23\"},\"image\":{\"@id\":\"https:\/\/adenilsongiovanini.com.br\/blog\/corrego-alegre\/#primaryimage\"},\"thumbnailUrl\":\"https:\/\/adenilsongiovanini.com.br\/blog\/wp-content\/uploads\/2020\/01\/sistemas-de-referencia-datum-e-de-coordenadas.jpg\",\"articleSection\":[\"ArcGIS\"],\"inLanguage\":\"pt-BR\"},{\"@type\":\"WebPage\",\"@id\":\"https:\/\/adenilsongiovanini.com.br\/blog\/corrego-alegre\/\",\"url\":\"https:\/\/adenilsongiovanini.com.br\/blog\/corrego-alegre\/\",\"name\":\"C\u00f3rrego Alegre: o que \u00e9 e suas caracter\u00edsticas - Adenilson Giovanini\",\"isPartOf\":{\"@id\":\"https:\/\/adenilsongiovanini.com.br\/blog\/#website\"},\"primaryImageOfPage\":{\"@id\":\"https:\/\/adenilsongiovanini.com.br\/blog\/corrego-alegre\/#primaryimage\"},\"image\":{\"@id\":\"https:\/\/adenilsongiovanini.com.br\/blog\/corrego-alegre\/#primaryimage\"},\"thumbnailUrl\":\"https:\/\/adenilsongiovanini.com.br\/blog\/wp-content\/uploads\/2020\/01\/sistemas-de-referencia-datum-e-de-coordenadas.jpg\",\"datePublished\":\"2020-01-07T21:42:42+00:00\",\"dateModified\":\"2022-08-10T18:58:17+00:00\",\"description\":\"Descubra o que \u00e9 o datum C\u00f3rrego Alegre, qual seu hist\u00f3rico, caracter\u00edsticas, par\u00e2metros e o que \u00e9 um sistema de refer\u00eancia.\",\"breadcrumb\":{\"@id\":\"https:\/\/adenilsongiovanini.com.br\/blog\/corrego-alegre\/#breadcrumb\"},\"inLanguage\":\"pt-BR\",\"potentialAction\":[{\"@type\":\"ReadAction\",\"target\":[\"https:\/\/adenilsongiovanini.com.br\/blog\/corrego-alegre\/\"]}]},{\"@type\":\"ImageObject\",\"inLanguage\":\"pt-BR\",\"@id\":\"https:\/\/adenilsongiovanini.com.br\/blog\/corrego-alegre\/#primaryimage\",\"url\":\"https:\/\/adenilsongiovanini.com.br\/blog\/wp-content\/uploads\/2020\/01\/sistemas-de-referencia-datum-e-de-coordenadas.jpg\",\"contentUrl\":\"https:\/\/adenilsongiovanini.com.br\/blog\/wp-content\/uploads\/2020\/01\/sistemas-de-referencia-datum-e-de-coordenadas.jpg\",\"width\":820,\"height\":230},{\"@type\":\"BreadcrumbList\",\"@id\":\"https:\/\/adenilsongiovanini.com.br\/blog\/corrego-alegre\/#breadcrumb\",\"itemListElement\":[{\"@type\":\"ListItem\",\"position\":1,\"name\":\"Home\",\"item\":\"https:\/\/adenilsongiovanini.com.br\/blog\/\"},{\"@type\":\"ListItem\",\"position\":2,\"name\":\"C\u00f3rrego Alegre: o que \u00e9 e suas caracter\u00edsticas\"}]},{\"@type\":\"WebSite\",\"@id\":\"https:\/\/adenilsongiovanini.com.br\/blog\/#website\",\"url\":\"https:\/\/adenilsongiovanini.com.br\/blog\/\",\"name\":\"Adenilson Giovanini\",\"description\":\"Topografia e Geotecnologias\",\"publisher\":{\"@id\":\"https:\/\/adenilsongiovanini.com.br\/blog\/#\/schema\/person\/9c1daa7da73c116aae2cb0568d1daa23\"},\"potentialAction\":[{\"@type\":\"SearchAction\",\"target\":{\"@type\":\"EntryPoint\",\"urlTemplate\":\"https:\/\/adenilsongiovanini.com.br\/blog\/?s={search_term_string}\"},\"query-input\":{\"@type\":\"PropertyValueSpecification\",\"valueRequired\":true,\"valueName\":\"search_term_string\"}}],\"inLanguage\":\"pt-BR\"},{\"@type\":[\"Person\",\"Organization\"],\"@id\":\"https:\/\/adenilsongiovanini.com.br\/blog\/#\/schema\/person\/9c1daa7da73c116aae2cb0568d1daa23\",\"name\":\"Adenilson Giovanini\",\"image\":{\"@type\":\"ImageObject\",\"inLanguage\":\"pt-BR\",\"@id\":\"https:\/\/adenilsongiovanini.com.br\/blog\/#\/schema\/person\/image\/\",\"url\":\"https:\/\/adenilsongiovanini.com.br\/blog\/wp-content\/litespeed\/avatar\/be8f4de5c0b8a93c57a4f29cbf2f1e92.jpg?ver=1777130135\",\"contentUrl\":\"https:\/\/adenilsongiovanini.com.br\/blog\/wp-content\/litespeed\/avatar\/be8f4de5c0b8a93c57a4f29cbf2f1e92.jpg?ver=1777130135\",\"caption\":\"Adenilson Giovanini\"},\"logo\":{\"@id\":\"https:\/\/adenilsongiovanini.com.br\/blog\/#\/schema\/person\/image\/\"},\"description\":\"O Professor Adenilson Giovanini \u00e9 especialista em Topografia Cadastral e Georreferenciamento de Im\u00f3veis Rurais. O mesmo possui o Maior Site de Engenharia de Agrimensura do Brasil. Site este que tem mais de 102.000 visualiza\u00e7\u00f5es por m\u00eas. Tamb\u00e9m possui mais de 600 v\u00eddeos em seu canal no youtube. Al\u00e9m disso, \u00e9 escritor Best Seller, possuindo v\u00e1rios cursos e livros de sucesso.\",\"sameAs\":[\"http:\/\/adenilsongiovanini.com.br\",\"https:\/\/www.facebook.com\/otopografo\/\",\"https:\/\/www.instagram.com\/adenilson_giovanini\/\",\"https:\/\/www.linkedin.com\/in\/adenilson-giovanini-819b8035\/\",\"https:\/\/br.pinterest.com\/adenilsongiovanini\/\",\"https:\/\/www.youtube.com\/channel\/uce-br7ghiuog2txcsdx5vrw\"]}]}<\/script>\n<!-- \/ Yoast SEO plugin. -->","yoast_head_json":{"title":"C\u00f3rrego Alegre: o que \u00e9 e suas caracter\u00edsticas - Adenilson Giovanini","description":"Descubra o que \u00e9 o datum C\u00f3rrego Alegre, qual seu hist\u00f3rico, caracter\u00edsticas, par\u00e2metros e o que \u00e9 um sistema de refer\u00eancia.","robots":{"index":"index","follow":"follow","max-snippet":"max-snippet:-1","max-image-preview":"max-image-preview:large","max-video-preview":"max-video-preview:-1"},"canonical":"https:\/\/adenilsongiovanini.com.br\/blog\/corrego-alegre\/","og_locale":"pt_BR","og_type":"article","og_title":"C\u00f3rrego Alegre: o que \u00e9 e suas caracter\u00edsticas - Adenilson Giovanini","og_description":"Descubra o que \u00e9 o datum C\u00f3rrego Alegre, qual seu hist\u00f3rico, caracter\u00edsticas, par\u00e2metros e o que \u00e9 um sistema de refer\u00eancia.","og_url":"https:\/\/adenilsongiovanini.com.br\/blog\/corrego-alegre\/","og_site_name":"Adenilson Giovanini","article_publisher":"https:\/\/www.facebook.com\/otopografo\/","article_author":"https:\/\/www.facebook.com\/otopografo\/","article_published_time":"2020-01-07T21:42:42+00:00","article_modified_time":"2022-08-10T18:58:17+00:00","og_image":[{"width":820,"height":230,"url":"https:\/\/adenilsongiovanini.com.br\/blog\/wp-content\/uploads\/2020\/01\/sistemas-de-referencia-datum-e-de-coordenadas.jpg","type":"image\/jpeg"}],"author":"Adenilson Giovanini","twitter_card":"summary_large_image","twitter_misc":{"Escrito por":"Adenilson Giovanini","Est. tempo de leitura":"4 minutos"},"schema":{"@context":"https:\/\/schema.org","@graph":[{"@type":"Article","@id":"https:\/\/adenilsongiovanini.com.br\/blog\/corrego-alegre\/#article","isPartOf":{"@id":"https:\/\/adenilsongiovanini.com.br\/blog\/corrego-alegre\/"},"author":{"name":"Adenilson Giovanini","@id":"https:\/\/adenilsongiovanini.com.br\/blog\/#\/schema\/person\/9c1daa7da73c116aae2cb0568d1daa23"},"headline":"C\u00f3rrego Alegre: o que \u00e9 e suas caracter\u00edsticas","datePublished":"2020-01-07T21:42:42+00:00","dateModified":"2022-08-10T18:58:17+00:00","mainEntityOfPage":{"@id":"https:\/\/adenilsongiovanini.com.br\/blog\/corrego-alegre\/"},"wordCount":681,"publisher":{"@id":"https:\/\/adenilsongiovanini.com.br\/blog\/#\/schema\/person\/9c1daa7da73c116aae2cb0568d1daa23"},"image":{"@id":"https:\/\/adenilsongiovanini.com.br\/blog\/corrego-alegre\/#primaryimage"},"thumbnailUrl":"https:\/\/adenilsongiovanini.com.br\/blog\/wp-content\/uploads\/2020\/01\/sistemas-de-referencia-datum-e-de-coordenadas.jpg","articleSection":["ArcGIS"],"inLanguage":"pt-BR"},{"@type":"WebPage","@id":"https:\/\/adenilsongiovanini.com.br\/blog\/corrego-alegre\/","url":"https:\/\/adenilsongiovanini.com.br\/blog\/corrego-alegre\/","name":"C\u00f3rrego Alegre: o que \u00e9 e suas caracter\u00edsticas - Adenilson Giovanini","isPartOf":{"@id":"https:\/\/adenilsongiovanini.com.br\/blog\/#website"},"primaryImageOfPage":{"@id":"https:\/\/adenilsongiovanini.com.br\/blog\/corrego-alegre\/#primaryimage"},"image":{"@id":"https:\/\/adenilsongiovanini.com.br\/blog\/corrego-alegre\/#primaryimage"},"thumbnailUrl":"https:\/\/adenilsongiovanini.com.br\/blog\/wp-content\/uploads\/2020\/01\/sistemas-de-referencia-datum-e-de-coordenadas.jpg","datePublished":"2020-01-07T21:42:42+00:00","dateModified":"2022-08-10T18:58:17+00:00","description":"Descubra o que \u00e9 o datum C\u00f3rrego Alegre, qual seu hist\u00f3rico, caracter\u00edsticas, par\u00e2metros e o que \u00e9 um sistema de refer\u00eancia.","breadcrumb":{"@id":"https:\/\/adenilsongiovanini.com.br\/blog\/corrego-alegre\/#breadcrumb"},"inLanguage":"pt-BR","potentialAction":[{"@type":"ReadAction","target":["https:\/\/adenilsongiovanini.com.br\/blog\/corrego-alegre\/"]}]},{"@type":"ImageObject","inLanguage":"pt-BR","@id":"https:\/\/adenilsongiovanini.com.br\/blog\/corrego-alegre\/#primaryimage","url":"https:\/\/adenilsongiovanini.com.br\/blog\/wp-content\/uploads\/2020\/01\/sistemas-de-referencia-datum-e-de-coordenadas.jpg","contentUrl":"https:\/\/adenilsongiovanini.com.br\/blog\/wp-content\/uploads\/2020\/01\/sistemas-de-referencia-datum-e-de-coordenadas.jpg","width":820,"height":230},{"@type":"BreadcrumbList","@id":"https:\/\/adenilsongiovanini.com.br\/blog\/corrego-alegre\/#breadcrumb","itemListElement":[{"@type":"ListItem","position":1,"name":"Home","item":"https:\/\/adenilsongiovanini.com.br\/blog\/"},{"@type":"ListItem","position":2,"name":"C\u00f3rrego Alegre: o que \u00e9 e suas caracter\u00edsticas"}]},{"@type":"WebSite","@id":"https:\/\/adenilsongiovanini.com.br\/blog\/#website","url":"https:\/\/adenilsongiovanini.com.br\/blog\/","name":"Adenilson Giovanini","description":"Topografia e Geotecnologias","publisher":{"@id":"https:\/\/adenilsongiovanini.com.br\/blog\/#\/schema\/person\/9c1daa7da73c116aae2cb0568d1daa23"},"potentialAction":[{"@type":"SearchAction","target":{"@type":"EntryPoint","urlTemplate":"https:\/\/adenilsongiovanini.com.br\/blog\/?s={search_term_string}"},"query-input":{"@type":"PropertyValueSpecification","valueRequired":true,"valueName":"search_term_string"}}],"inLanguage":"pt-BR"},{"@type":["Person","Organization"],"@id":"https:\/\/adenilsongiovanini.com.br\/blog\/#\/schema\/person\/9c1daa7da73c116aae2cb0568d1daa23","name":"Adenilson Giovanini","image":{"@type":"ImageObject","inLanguage":"pt-BR","@id":"https:\/\/adenilsongiovanini.com.br\/blog\/#\/schema\/person\/image\/","url":"https:\/\/adenilsongiovanini.com.br\/blog\/wp-content\/litespeed\/avatar\/be8f4de5c0b8a93c57a4f29cbf2f1e92.jpg?ver=1777130135","contentUrl":"https:\/\/adenilsongiovanini.com.br\/blog\/wp-content\/litespeed\/avatar\/be8f4de5c0b8a93c57a4f29cbf2f1e92.jpg?ver=1777130135","caption":"Adenilson Giovanini"},"logo":{"@id":"https:\/\/adenilsongiovanini.com.br\/blog\/#\/schema\/person\/image\/"},"description":"O Professor Adenilson Giovanini \u00e9 especialista em Topografia Cadastral e Georreferenciamento de Im\u00f3veis Rurais. O mesmo possui o Maior Site de Engenharia de Agrimensura do Brasil. Site este que tem mais de 102.000 visualiza\u00e7\u00f5es por m\u00eas. Tamb\u00e9m possui mais de 600 v\u00eddeos em seu canal no youtube. Al\u00e9m disso, \u00e9 escritor Best Seller, possuindo v\u00e1rios cursos e livros de sucesso.","sameAs":["http:\/\/adenilsongiovanini.com.br","https:\/\/www.facebook.com\/otopografo\/","https:\/\/www.instagram.com\/adenilson_giovanini\/","https:\/\/www.linkedin.com\/in\/adenilson-giovanini-819b8035\/","https:\/\/br.pinterest.com\/adenilsongiovanini\/","https:\/\/www.youtube.com\/channel\/uce-br7ghiuog2txcsdx5vrw"]}]}},"amp_enabled":true,"_links":{"self":[{"href":"https:\/\/adenilsongiovanini.com.br\/blog\/wp-json\/wp\/v2\/posts\/5115","targetHints":{"allow":["GET"]}}],"collection":[{"href":"https:\/\/adenilsongiovanini.com.br\/blog\/wp-json\/wp\/v2\/posts"}],"about":[{"href":"https:\/\/adenilsongiovanini.com.br\/blog\/wp-json\/wp\/v2\/types\/post"}],"author":[{"embeddable":true,"href":"https:\/\/adenilsongiovanini.com.br\/blog\/wp-json\/wp\/v2\/users\/1"}],"replies":[{"embeddable":true,"href":"https:\/\/adenilsongiovanini.com.br\/blog\/wp-json\/wp\/v2\/comments?post=5115"}],"version-history":[{"count":0,"href":"https:\/\/adenilsongiovanini.com.br\/blog\/wp-json\/wp\/v2\/posts\/5115\/revisions"}],"wp:featuredmedia":[{"embeddable":true,"href":"https:\/\/adenilsongiovanini.com.br\/blog\/wp-json\/wp\/v2\/media\/5118"}],"wp:attachment":[{"href":"https:\/\/adenilsongiovanini.com.br\/blog\/wp-json\/wp\/v2\/media?parent=5115"}],"wp:term":[{"taxonomy":"category","embeddable":true,"href":"https:\/\/adenilsongiovanini.com.br\/blog\/wp-json\/wp\/v2\/categories?post=5115"},{"taxonomy":"post_tag","embeddable":true,"href":"https:\/\/adenilsongiovanini.com.br\/blog\/wp-json\/wp\/v2\/tags?post=5115"}],"curies":[{"name":"wp","href":"https:\/\/api.w.org\/{rel}","templated":true}]}}