{"id":4772,"date":"2019-12-18T17:50:30","date_gmt":"2019-12-18T17:50:30","guid":{"rendered":"http:\/\/adenilsongiovanini.com.br\/blog\/?p=4772"},"modified":"2023-08-02T00:19:38","modified_gmt":"2023-08-02T00:19:38","slug":"escala-de-um-mapa","status":"publish","type":"post","link":"https:\/\/adenilsongiovanini.com.br\/blog\/escala-de-um-mapa\/","title":{"rendered":"Escala De Um Mapa?"},"content":{"rendered":"<div>\n<p align=\"justify\"><span style=\"font-size: 20px; font-family: arial, helvetica, sans-serif; color: #000000; line-height: 1.3;\">No que se refere a <strong>escala de um mapa<\/strong>, existem 3 diferentes tipos de escalas:<\/span><\/p>\n<\/div>\n<ul>\n<li><span style=\"font-size: 20px; font-family: arial, helvetica, sans-serif; color: #000000; line-height: 1.3;\">Escala gr\u00e1fica;<\/span><\/li>\n<li><span style=\"font-size: 20px; font-family: arial, helvetica, sans-serif; color: #000000; line-height: 1.3;\">Escala de equival\u00eancia e;<\/span><\/li>\n<li><span style=\"font-size: 20px; font-family: arial, helvetica, sans-serif; color: #000000; line-height: 1.3;\">Escala num\u00e9rica.<\/span><\/li>\n<\/ul>\n<p align=\"justify\"><span style=\"font-size: 20px; font-family: arial, helvetica, sans-serif; color: #000000; line-height: 1.3;\">Por\u00e9m, dentre estes 3 tipos, os 2 corriqueiramente utilizados em mapas s\u00e3o a escala gr\u00e1fica e a escala num\u00e9rica. Vamos conhecer melhor estes 2 diferentes tipos de escalas.<\/span><\/p>\n<p align=\"justify\">\n<h2 style=\"text-align: center;\"><span style=\"font-size: 24px;\"><strong><span style=\"font-family: arial, helvetica, sans-serif; color: #000000; line-height: 1.3;\">Escala de um mapa: escala num\u00e9rica<\/span><\/strong><\/span><\/h2>\n<p><span style=\"font-size: 20px; font-family: arial, helvetica, sans-serif; color: #000000;\"><img decoding=\"async\" class=\"aligncenter size-full wp-image-4293\" src=\"http:\/\/adenilsongiovanini.com.br\/blog\/wp-content\/uploads\/2019\/12\/escala-num%C3%A9rica.png\" alt=\"escala num\u00e9rica\" width=\"255\" height=\"197\" \/><\/span><\/p>\n<p align=\"justify\"><span style=\"font-size: 20px; font-family: arial, helvetica, sans-serif; color: #000000; line-height: 1.3;\">A <span style=\"color: #0000ff;\"><a style=\"color: #0000ff;\" href=\"http:\/\/adenilsongiovanini.com.br\/blog\/formula-da-escala\/\" target=\"_blank\" rel=\"noopener noreferrer\">escala num\u00e9rica<\/a><\/span>, como o pr\u00f3prio nome sugere, \u00e9 formada basicamente por n\u00fameros, sendo que a mesma nada mais \u00e9 do que uma rela\u00e7\u00e3o entre a dist\u00e2ncia ou \u00e1rea no <span style=\"color: #0000ff;\"><a href=\"https:\/\/adenilsongiovanini.com.br\/blog\/elementos-fundamentais-de-um-mapa\/\" style=\"color: #0000ff;\">mapa<\/a><\/span> e a mesma dist\u00e2ncia ou \u00e1rea no mundo real.<\/span><\/p>\n<p align=\"justify\"><span style=\"font-size: 20px; font-family: arial, helvetica, sans-serif; color: #000000; line-height: 1.3;\">Desta maneira, se a escala de um mapa for de 1:50.000, como mostrado na imagem acima. Isso significa que 1 metro no mapa equivale a 50.0000 metros no mundo real.<\/span><\/p>\n<p align=\"justify\"><span style=\"font-size: 20px; font-family: arial, helvetica, sans-serif; color: #000000; line-height: 1.3;\">Desta maneira, a grande vantagem da escala num\u00e9rica \u00e9 o fato de sem nenhum c\u00e1lculo conseguirmos saber qual \u00e9 o <span style=\"color: #0000ff;\"><a href=\"https:\/\/adenilsongiovanini.com.br\/blog\/fator-de-escala\/\" style=\"color: #0000ff;\">fator de escala<\/a><\/span> de um mapa.<\/span><\/p>\n<p align=\"justify\"><span style=\"font-size: 20px; font-family: arial, helvetica, sans-serif; color: #000000; line-height: 1.3;\">Por exemplo, ao pegar um mapa em m\u00e3os, se nas informa\u00e7\u00f5es referentes ao <span style=\"color: #0000ff;\"><a href=\"https:\/\/adenilsongiovanini.com.br\/blog\/sistema-de-referencia\/\" style=\"color: #0000ff;\">sistema de refer\u00eancia<\/a><\/span> estiver informado que a escala \u00e9 de 1:10.000, voc\u00ea imediatamente perceber\u00e1 que isso significa que 1 cm no <span style=\"color: #0000ff;\"><a href=\"https:\/\/adenilsongiovanini.com.br\/blog\/mapas-tecnicos-o-que-sao-e-tipos-existentes\/\" style=\"color: #0000ff;\">mapa<\/a><\/span> equivale a 5.000 cm no mundo real.<\/span><\/p>\n<p align=\"justify\"><span style=\"font-size: 20px;\"><span style=\"font-family: arial, helvetica, sans-serif; color: #000000; line-height: 1.3;\">Por\u00e9m, o problema da escala num\u00e9rica \u00e9 que se o mapa for ampliado ou reduzido a mesma se perder\u00e1. <\/span><span style=\"font-family: arial, helvetica, sans-serif; color: #000000;\">Desta maneira, \u00e9 aconselh\u00e1vel que se coloque ambas as escalas, gr\u00e1fica e num\u00e9rica nos mapas.<\/span><\/span><\/p>\n<p>&nbsp;<\/p>\n<div>\n<h3 style=\"text-align: center;\"><span style=\"font-size: 20px;\"><strong><span style=\"font-family: arial, helvetica, sans-serif; color: #000000; line-height: 1.3;\">Escala de mapa &#8211; Alguns cuidados importantes quanto a escala num\u00e9rica<\/span><\/strong><\/span><\/h3>\n<p><span style=\"font-size: 20px;\"><img decoding=\"async\" class=\"aligncenter size-full wp-image-4777\" src=\"http:\/\/adenilsongiovanini.com.br\/blog\/wp-content\/uploads\/2019\/12\/mapa-com-escala-num\u00e9rica.png\" alt=\"mapa com escala num\u00e9rica\" width=\"645\" height=\"448\" srcset=\"https:\/\/adenilsongiovanini.com.br\/blog\/wp-content\/uploads\/2019\/12\/mapa-com-escala-num\u00e9rica.png 645w, https:\/\/adenilsongiovanini.com.br\/blog\/wp-content\/uploads\/2019\/12\/mapa-com-escala-num\u00e9rica-300x208.png 300w\" sizes=\"(max-width: 645px) 100vw, 645px\" \/><\/span><\/p>\n<p align=\"JUSTIFY\"><span style=\"font-size: 20px; font-family: arial, helvetica, sans-serif; color: #000000; line-height: 1.3;\"> O primeiro dos cuidados importantes no que se refere a <span style=\"color: #0000ff;\"><a href=\"https:\/\/adenilsongiovanini.com.br\/blog\/escala-numerica\/\" style=\"color: #0000ff;\">escala num\u00e9rica<\/a><\/span> \u00e9 que \u00e9 importante deixar sempre o numerador como 1.<\/span><\/p>\n<p align=\"JUSTIFY\"><span style=\"font-size: 20px; font-family: arial, helvetica, sans-serif; color: #000000; line-height: 1.3;\">Isso porque conforme mostrei acima, ao proceder desta maneira a pessoa conseguir\u00e1 rapidamente identificar qual \u00e9 a escala do mapa.<\/span><\/p>\n<p align=\"JUSTIFY\"><span style=\"font-size: 20px; font-family: arial, helvetica, sans-serif; color: #000000; line-height: 1.3;\">Uma segunda dica importante \u00e9 que normalmente os mapas n\u00e3o possuem nenhuma indica\u00e7\u00e3o de em quais unidades os dados est\u00e3o.<\/span><\/p>\n<p align=\"JUSTIFY\"><span style=\"font-size: 20px; font-family: arial, helvetica, sans-serif; color: #000000; line-height: 1.3;\">Por causa disso, se voc\u00ea \u00e9 um profissional iniciante, pode ficar com certo receio quanto a unidade utilizada.<\/span><\/p>\n<p align=\"JUSTIFY\"><span style=\"font-size: 20px; font-family: arial, helvetica, sans-serif; color: #000000; line-height: 1.3;\">Saiba que \u00e9 de praxe, o sistema de medidas estar em cent\u00edmetros. Ou seja, em uma escala de 1:5.000, 1 cm no mapa equivale a 5.000 cent\u00edmetros no terreno ou, se transformarmos para metros, a 50 metros.<\/span><\/p>\n<p align=\"JUSTIFY\"><span style=\"font-size: 20px; font-family: arial, helvetica, sans-serif; color: #000000; line-height: 1.3;\">Por isso, sempre ao interpretar a escala de um mapa, cuide se juntamente com a mesma est\u00e1 informado a medida utilizada e caso n\u00e3o diga nada, significa que o sistema de medidas utilizado \u00e9 o cent\u00edmetro.<\/span><\/p>\n<p>&nbsp;<\/p>\n<\/div>\n<h2 style=\"text-align: center;\" align=\"JUSTIFY\"><span style=\"font-size: 24px;\"><strong><span style=\"font-family: arial, helvetica, sans-serif; color: #000000; line-height: 1.3;\">Escala de um mapa &#8211; Escala gr\u00e1fica<\/span><\/strong><\/span><\/h2>\n<p><span style=\"font-size: 20px;\"><img decoding=\"async\" class=\"aligncenter size-full wp-image-4775\" src=\"http:\/\/adenilsongiovanini.com.br\/blog\/wp-content\/uploads\/2019\/12\/escala-de-umamapa.png\" alt=\"escala de umamapa\" width=\"545\" height=\"440\" srcset=\"https:\/\/adenilsongiovanini.com.br\/blog\/wp-content\/uploads\/2019\/12\/escala-de-umamapa.png 545w, https:\/\/adenilsongiovanini.com.br\/blog\/wp-content\/uploads\/2019\/12\/escala-de-umamapa-300x242.png 300w\" sizes=\"(max-width: 545px) 100vw, 545px\" \/><\/span><\/p>\n<p align=\"JUSTIFY\"><span style=\"font-size: 20px; font-family: arial, helvetica, sans-serif; color: #000000; line-height: 1.3;\">A <strong>escala gr\u00e1fica<\/strong> \u00e9 representada por um pequeno segmento de reta graduado, sobre o qual est\u00e1 estabelecida diretamente a rela\u00e7\u00e3o entre as dist\u00e2ncias no mapa, indicadas a cada trecho deste segmento e a dist\u00e2ncia real de um territ\u00f3rio.<\/span><\/p>\n<p>&nbsp;<\/p>\n<p align=\"JUSTIFY\"><span style=\"font-size: 20px; font-family: arial, helvetica, sans-serif; color: #000000;\"><img decoding=\"async\" class=\"aligncenter size-full wp-image-4294\" src=\"http:\/\/adenilsongiovanini.com.br\/blog\/wp-content\/uploads\/2019\/12\/escala-grafica.jpg\" alt=\"escala-grafica\" width=\"380\" height=\"224\" srcset=\"https:\/\/adenilsongiovanini.com.br\/blog\/wp-content\/uploads\/2019\/12\/escala-grafica.jpg 380w, https:\/\/adenilsongiovanini.com.br\/blog\/wp-content\/uploads\/2019\/12\/escala-grafica-300x177.jpg 300w\" sizes=\"(max-width: 380px) 100vw, 380px\" \/><\/span><\/p>\n<p>&nbsp;<\/p>\n<p align=\"JUSTIFY\"><span style=\"font-size: 20px; font-family: arial, helvetica, sans-serif; color: #000000; line-height: 1.3;\">Observe, de acordo com o exemplo acima que cada segmento de 1 cm \u00e9 equivalente a 50 metros no terreno, 2 cm a 100 metros, e assim sucessivamente.<\/span><\/p>\n<p align=\"JUSTIFY\"><span style=\"font-size: 20px; font-family: arial, helvetica, sans-serif; color: #000000; line-height: 1.3;\">Desta maneira, caso a dist\u00e2ncia entre 2 constru\u00e7\u00f5es no mapa seja de 5 cm, a dist\u00e2ncia real entre elas ser\u00e1 de 250 metros.<\/span><\/p>\n<p align=\"JUSTIFY\"><span style=\"font-size: 20px; font-family: arial, helvetica, sans-serif; color: #000000; line-height: 1.3;\">A grande vantagem da escala gr\u00e1fica \u00e9 que a mesma possibilita que a pessoa estabele\u00e7a direta e visualmente a rela\u00e7\u00e3o de propor\u00e7\u00e3o existente entre as dist\u00e2ncias no mapa e no mundo real.<\/span><\/p>\n<p>&nbsp;<\/p>\n<div>\n<h3 style=\"text-align: center;\"><span style=\"font-size: 20px;\"><strong><span style=\"font-family: arial, helvetica, sans-serif; color: #000000; line-height: 1.3;\">Escala de um mapa &#8211; Exemplos de escala gr\u00e1fica<\/span><\/strong><\/span><\/h3>\n<p><span style=\"font-size: 20px;\"><img decoding=\"async\" class=\"aligncenter size-full wp-image-4778\" src=\"http:\/\/adenilsongiovanini.com.br\/blog\/wp-content\/uploads\/2019\/12\/escala-Mapa_Pequena_Escala.gif\" alt=\"escala Mapa_Pequena_Escala\" width=\"329\" height=\"353\" \/><\/span><\/p>\n<p align=\"JUSTIFY\"><span style=\"font-size: 20px; font-family: arial, helvetica, sans-serif; color: #000000; line-height: 1.3;\">Nos esquemas acima podemos perceber que cada intervalo entre um n\u00famero e outro representa uma dist\u00e2ncia espec\u00edfica que \u00e9 devidamente apontada pela escala.<\/span><\/p>\n<p align=\"JUSTIFY\"><span style=\"font-size: 20px; font-family: arial, helvetica, sans-serif; color: #000000; line-height: 1.3;\">O grande beneficio da utiliza\u00e7\u00e3o da escala gr\u00e1fica est\u00e1 no fato de que ao se reproduzir um mapa, a mesma se amplia e se reduz juntamente com o mesmo.<\/span><\/p>\n<p align=\"JUSTIFY\"><span style=\"font-size: 20px; font-family: arial, helvetica, sans-serif; color: #000000; line-height: 1.3;\">Assim, se transferirmos um mapa que estava em um papel menor para um p\u00f4ster grande, a escala continuar\u00e1 correta, o que n\u00e3o acontece com a escala num\u00e9rica que teria de ser recalculada.<\/span><\/p>\n<div class=\"pub_insert_content_titulo\"><\/div>\n<div class=\"pub_insert_content_titulo\"><\/div>\n<h2 style=\"text-align: center;\" align=\"JUSTIFY\"><span style=\"font-size: 24px;\"><strong><span style=\"font-family: arial, helvetica, sans-serif; color: #000000; line-height: 1.3;\">Escala de um mapa &#8211; Qual \u00e9 a diferen\u00e7a entre escala grande e pequena?<\/span><\/strong><\/span><\/h2>\n<p><span style=\"font-size: 20px;\"><img decoding=\"async\" class=\"aligncenter size-full wp-image-4779\" src=\"http:\/\/adenilsongiovanini.com.br\/blog\/wp-content\/uploads\/2019\/12\/escala-pequena-e-grande.jpg\" alt=\"escala pequena e grande\" width=\"638\" height=\"479\" srcset=\"https:\/\/adenilsongiovanini.com.br\/blog\/wp-content\/uploads\/2019\/12\/escala-pequena-e-grande.jpg 638w, https:\/\/adenilsongiovanini.com.br\/blog\/wp-content\/uploads\/2019\/12\/escala-pequena-e-grande-300x225.jpg 300w\" sizes=\"(max-width: 638px) 100vw, 638px\" \/><\/span><\/p>\n<p align=\"JUSTIFY\">\n<p align=\"JUSTIFY\"><span style=\"font-size: 20px; font-family: arial, helvetica, sans-serif; color: #000000; line-height: 1.3;\">Todo mapa nada mais \u00e9 do que uma vis\u00e3o a\u00e9rea de determinado espa\u00e7o.<\/span><\/p>\n<p align=\"JUSTIFY\"><span style=\"font-size: 20px; font-family: arial, helvetica, sans-serif; color: #000000; line-height: 1.3;\"> Desta maneira, para saber se uma escala \u00e9 grande ou pequena, ou se ela \u00e9 maior do que outra, basta entender que a escala nada mais \u00e9 do que o n\u00edvel de aproxima\u00e7\u00e3o da vis\u00e3o a\u00e9rea do mapa.<\/span><\/p>\n<p align=\"JUSTIFY\"><span style=\"font-size: 20px; font-family: arial, helvetica, sans-serif; color: #000000; line-height: 1.3;\">Exemplo. Considere essas duas escalas:<\/span><\/p>\n<p align=\"JUSTIFY\"><span style=\"font-size: 20px; font-family: arial, helvetica, sans-serif; color: #000000; line-height: 1.3;\">a) 1:5.000;<\/span><\/p>\n<p align=\"JUSTIFY\"><span style=\"font-size: 20px; font-family: arial, helvetica, sans-serif; color: #000000; line-height: 1.3;\">b) 1:10.000.<\/span><\/p>\n<p align=\"JUSTIFY\"><span style=\"font-size: 20px; font-family: arial, helvetica, sans-serif; color: #000000; line-height: 1.3;\">A primeira escala \u00e9 uma divis\u00e3o de 1 para cinco mil que, quando calculada, com certeza dar\u00e1 um n\u00famero maior que uma divis\u00e3o de 1 para dez mil. Portanto, a primeira escala \u00e9 maior do que a segunda.<\/span><\/p>\n<p align=\"JUSTIFY\"><span style=\"font-size: 20px; font-family: arial, helvetica, sans-serif; color: #000000; line-height: 1.3;\">Assim, \u00e9 poss\u00edvel perceber que, quanto maior for a escala, menor ser\u00e1 a \u00e1rea representada no mapa e vice-versa. Isso porque quanto maior for a escala, maior \u00e9 a aproxima\u00e7\u00e3o da vis\u00e3o a\u00e9rea do local representado.<\/span><\/p>\n<p align=\"JUSTIFY\"><span style=\"font-size: 20px; font-family: arial, helvetica, sans-serif; color: #000000; line-height: 1.3;\">Isso possibilita um maior n\u00edvel de detalhamento das informa\u00e7\u00f5es, pois quanto mais pr\u00f3ximos estamos de um local, mais detalhes conseguimos visualizar.<\/span><\/p>\n<p align=\"JUSTIFY\"><span style=\"font-size: 20px; font-family: arial, helvetica, sans-serif; color: #000000; line-height: 1.3;\">Em resumo, a senten\u00e7a \u00e9:<\/span><\/p>\n<blockquote style=\"border: 2px double #009900; background: #f0fff0 none repeat scroll 0% 0%; -moz-background-clip: -moz-initial; -moz-background-origin: -moz-initial; -moz-background-inline-policy: -moz-initial; color: #323232; padding-left: 15px; padding-top: 10px; padding-bottom: 10px;\">\n<p><span style=\"font-size: 20px; font-family: arial, helvetica, sans-serif; color: #000000;\"><b>Quanto maior a escala, menor a \u00e1rea representada e maior \u00e9 o n\u00edvel de detalhamento<\/b>.<\/span><\/p>\n<\/blockquote>\n<p align=\"JUSTIFY\">\n<p align=\"JUSTIFY\"><span style=\"font-size: 20px; font-family: arial, helvetica, sans-serif; color: #000000; line-height: 1.3;\">Um mapa-m\u00fandi possui uma escala muito pequena, com uma \u00e1rea grande representada e, com certeza, apresentar\u00e1 menos detalhes do que, por exemplo, um mapa do estado da Bahia, que teria, nesse caso, uma escala grande.<\/span><\/p>\n<h2 style=\"text-align: center;\" align=\"JUSTIFY\"><\/h2>\n<p><span style=\"font-size: 20px;\"><img decoding=\"async\" class=\"aligncenter size-full wp-image-4780\" src=\"http:\/\/adenilsongiovanini.com.br\/blog\/wp-content\/uploads\/2019\/12\/medir-escala.jpg\" alt=\"medir escala\" width=\"299\" height=\"399\" srcset=\"https:\/\/adenilsongiovanini.com.br\/blog\/wp-content\/uploads\/2019\/12\/medir-escala.jpg 299w, https:\/\/adenilsongiovanini.com.br\/blog\/wp-content\/uploads\/2019\/12\/medir-escala-225x300.jpg 225w\" sizes=\"(max-width: 299px) 100vw, 299px\" \/><\/span><\/p>\n<p><span style=\"font-size: 20px; font-family: arial, helvetica, sans-serif; color: #000000; line-height: 1.3;\">A f\u00f3rmula da escala que \u00e9 1\/e=d\/D pode ser vista abaixo.<\/span><\/p>\n<p><span style=\"font-size: 20px; font-family: arial, helvetica, sans-serif; color: #000000;\"><img decoding=\"async\" class=\"aligncenter size-full wp-image-4287\" src=\"http:\/\/adenilsongiovanini.com.br\/blog\/wp-content\/uploads\/2019\/12\/F%C3%B3rmula-do-c%C3%A1lculo-da-escala.jpg\" alt=\"F\u00f3rmula do c\u00e1lculo da escala\" width=\"280\" height=\"115\" \/>Na mesma:<\/span><\/p>\n<p><span style=\"font-size: 20px; font-family: arial, helvetica, sans-serif; color: #000000; line-height: 1.3;\">E = Escala<\/span><\/p>\n<p><span style=\"font-size: 20px; font-family: arial, helvetica, sans-serif; color: #000000; line-height: 1.3;\">d = <span style=\"color: #0000ff;\"><a style=\"color: #0000ff;\" href=\"https:\/\/geografalando.blogspot.com\/2013\/02\/cartografia-escalas-cartograficas.html\" target=\"_blank\" rel=\"noopener noreferrer\">Dist\u00e2ncia gr\u00e1fica<\/a><\/span> (Dist\u00e2ncia no mapa)<\/span><\/p>\n<p><span style=\"font-size: 20px; font-family: arial, helvetica, sans-serif; color: #000000; line-height: 1.3;\">D = Dist\u00e2ncia real<\/span><\/p>\n<p><span style=\"font-size: 20px; font-family: arial, helvetica, sans-serif; color: #000000; line-height: 1.3;\"> A mesma normalmente \u00e9 utilizada para calcular a escala de um mapa.<\/span><\/p>\n<p><span style=\"font-size: 20px; font-family: arial, helvetica, sans-serif; color: #000000; line-height: 1.3;\">Por exemplo, digamos que voc\u00ea tenha uma dist\u00e2ncia no mundo real de 500 metros que \u00e9 representada no mapa como tendo 5 cm.<\/span><\/p>\n<p><span style=\"font-size: 20px; font-family: arial, helvetica, sans-serif; color: #000000; line-height: 1.3;\">Utilizando a <span style=\"color: #0000ff;\"><a href=\"https:\/\/adenilsongiovanini.com.br\/blog\/formula-da-escala\/\" style=\"color: #0000ff;\">f\u00f3rmula da escala<\/a><\/span> \u00e9 poss\u00edvel determinar-se qual a escala do mapa.<\/span><\/p>\n<p><span style=\"font-size: 20px; font-family: arial, helvetica, sans-serif; color: #000000; line-height: 1.3;\">A primeira etapa para a determina\u00e7\u00e3o da escala do mapa consiste em transformarmos ambos os dados para a mesma unidade. Para isso transformaremos os cent\u00edmetros em metros. Ou seja, 5 sentimentos s\u00e3o 0,05 metros.<\/span><\/p>\n<p><span style=\"font-size: 20px; font-family: arial, helvetica, sans-serif; color: #000000; line-height: 1.3;\">Lembre-se que na transforma\u00e7\u00e3o entre unidades temos o metro, o dec\u00edmetro, o cent\u00edmetro e por \u00faltimo o milimetro, conforme voc\u00ea pode ver na imagem abaixo.<\/span><\/p>\n<p><span style=\"font-size: 20px; font-family: arial, helvetica, sans-serif; color: #000000;\"><img decoding=\"async\" class=\"aligncenter size-full wp-image-4290\" src=\"http:\/\/adenilsongiovanini.com.br\/blog\/wp-content\/uploads\/2019\/12\/multiplos-do-metro.jpg\" alt=\"multiplos do metro\" width=\"399\" height=\"134\" srcset=\"https:\/\/adenilsongiovanini.com.br\/blog\/wp-content\/uploads\/2019\/12\/multiplos-do-metro.jpg 399w, https:\/\/adenilsongiovanini.com.br\/blog\/wp-content\/uploads\/2019\/12\/multiplos-do-metro-300x101.jpg 300w\" sizes=\"(max-width: 399px) 100vw, 399px\" \/><\/span><\/p>\n<p><span style=\"font-size: 20px; font-family: arial, helvetica, sans-serif; color: #000000;\">Ou seja, para transformar de centimetros para metro a virgula anda duas casas para tr\u00e1s, o que d\u00e1 como resultado 0,05 metros.<\/span><\/p>\n<p><span style=\"font-size: 20px; font-family: arial, helvetica, sans-serif; color: #000000; line-height: 1.3;\">Colocando isso na f\u00f3rmula da escala fica:<\/span><\/p>\n<p><span style=\"font-size: 20px; font-family: arial, helvetica, sans-serif; color: #000000;\"><img decoding=\"async\" class=\"aligncenter size-full wp-image-4288\" src=\"http:\/\/adenilsongiovanini.com.br\/blog\/wp-content\/uploads\/2019\/12\/calculando-com-a-f%C3%B3rmula-da-escala.jpg\" alt=\"calculando com a f\u00f3rmula da escala\" width=\"314\" height=\"115\" \/>Efetuando-se os devidos c\u00e1lculos obteremos o valor de de 10.000. Ou seja, a escala do mapa \u00e9 de 1\/10.000.<\/span><\/p>\n<p>&nbsp;<\/p>\n<h3 style=\"text-align: center;\"><span style=\"font-size: 20px; font-family: arial, helvetica, sans-serif; color: #000000; line-height: 1.3;\"><strong>Determina\u00e7\u00e3o da dist\u00e2ncia no mapa<\/strong><\/span><\/h3>\n<p><span style=\"font-size: 20px;\"><img decoding=\"async\" class=\"aligncenter size-full wp-image-4781\" src=\"http:\/\/adenilsongiovanini.com.br\/blog\/wp-content\/uploads\/2019\/12\/dist\u00e2ncia-no-mapa.png\" alt=\"dist\u00e2ncia no mapa\" width=\"651\" height=\"292\" srcset=\"https:\/\/adenilsongiovanini.com.br\/blog\/wp-content\/uploads\/2019\/12\/dist\u00e2ncia-no-mapa.png 651w, https:\/\/adenilsongiovanini.com.br\/blog\/wp-content\/uploads\/2019\/12\/dist\u00e2ncia-no-mapa-300x135.png 300w\" sizes=\"(max-width: 651px) 100vw, 651px\" \/><\/span><\/p>\n<p><span style=\"font-size: 20px; font-family: arial, helvetica, sans-serif; color: #000000; line-height: 1.3;\">Da mesma maneira, se tiv\u00e9ssemos a escala e a dist\u00e2ncia real conseguir\u00edamos calcular a dist\u00e2ncia no mapa.<\/span><\/p>\n<p><span style=\"font-size: 20px; font-family: arial, helvetica, sans-serif; color: #000000; line-height: 1.3;\">Por exemplo, se a escala fosse de 1\/5.000 e a dist\u00e2ncia real fosse de 1.000 metros, encontrar\u00edamos o valor de 0,20 metros.<\/span><\/p>\n<p><span style=\"font-size: 20px; font-family: arial, helvetica, sans-serif; color: #000000;\"><img decoding=\"async\" class=\"aligncenter size-full wp-image-4289\" src=\"http:\/\/adenilsongiovanini.com.br\/blog\/wp-content\/uploads\/2019\/12\/c%C3%A1lculo-da-dist%C3%A3ncia-no-mapa.jpg\" alt=\"c\u00e1lculo da dist\u00e3ncia no mapa\" width=\"314\" height=\"115\" \/> Transformando para cent\u00edmetros encontrar\u00edamos o valor de 20 cent\u00edmetros.<\/span><\/p>\n<p><span style=\"font-size: 20px; font-family: arial, helvetica, sans-serif; color: #000000; line-height: 1.3;\">Ou seja, na escala de 1\/5.000, 1000 metros no mundo real correspondem a 20 cent\u00edmetros no mapa.<\/span><\/p>\n<p>&nbsp;<\/p>\n<h3 style=\"text-align: center;\"><span style=\"font-size: 20px; font-family: arial, helvetica, sans-serif; color: #000000; line-height: 1.3;\"><strong>Determina\u00e7\u00e3o da dist\u00e2ncia real<\/strong><\/span><\/h3>\n<p><span style=\"font-size: 20px; font-family: arial, helvetica, sans-serif; color: #000000; line-height: 1.3;\">Por \u00faltimo, caso desejemos tamb\u00e9m poderemos calcular a dist\u00e2ncia real. Por exemplo, digamos que em um mapa cuja escala \u00e9 de 1\/5.000, voc\u00ea precisa descobrir qual \u00e9 a dist\u00e2ncia real entre 2 elementos que no mapa se encontram a uma dist\u00e2ncia de 5 Cm.<\/span><\/p>\n<p>\n<span style=\"font-size: 20px; font-family: arial, helvetica, sans-serif; color: #000000; line-height: 1.3;\"><img decoding=\"async\" class=\"aligncenter size-full wp-image-4291\" src=\"http:\/\/adenilsongiovanini.com.br\/blog\/wp-content\/uploads\/2019\/12\/f%C3%B3rmula-da-escala-calculo-da-dist%C3%A2ncia-real.jpg\" alt=\"f\u00f3rmula da escala - calculo da dist\u00e2ncia real\" width=\"314\" height=\"115\" \/>Calculando, encontraremos o valor de 25.000 cent\u00edmetros, ou seja, 250 metros.<\/span><\/p>\n<\/div>\n<p>&nbsp;<\/p>\n<h2 style=\"text-align: center;\" align=\"JUSTIFY\"><span style=\"font-size: 24px;\"><strong><span style=\"font-family: arial, helvetica, sans-serif; color: #000000; line-height: 1.3;\">Escala de um mapa &#8211; Entenda o que \u00e9 uma planta topogr\u00e1fica<\/span><\/strong><\/span><\/h2>\n<p><span style=\"font-size: 20px; color: #000000; font-family: arial, helvetica, sans-serif; line-height: 1.3;\"><img decoding=\"async\" class=\"aligncenter wp-image-4049 size-large\" src=\"https:\/\/adenilsongiovanini.com.br\/blog\/wp-content\/uploads\/2019\/12\/levantamento-topogr\u00e1fico-planim\u00e9trico-Planta-obtida-com-o-levantamento-dos-dados-780x470.png\" alt=\"levantamento topogr\u00e1fico planim\u00e9trico - Planta obtida com o levantamento dos dados\" width=\"780\" height=\"470\" srcset=\"https:\/\/adenilsongiovanini.com.br\/blog\/wp-content\/uploads\/2019\/12\/levantamento-topogr\u00e1fico-planim\u00e9trico-Planta-obtida-com-o-levantamento-dos-dados-780x470.png 780w, https:\/\/adenilsongiovanini.com.br\/blog\/wp-content\/uploads\/2019\/12\/levantamento-topogr\u00e1fico-planim\u00e9trico-Planta-obtida-com-o-levantamento-dos-dados-300x181.png 300w, https:\/\/adenilsongiovanini.com.br\/blog\/wp-content\/uploads\/2019\/12\/levantamento-topogr\u00e1fico-planim\u00e9trico-Planta-obtida-com-o-levantamento-dos-dados-768x463.png 768w, https:\/\/adenilsongiovanini.com.br\/blog\/wp-content\/uploads\/2019\/12\/levantamento-topogr\u00e1fico-planim\u00e9trico-Planta-obtida-com-o-levantamento-dos-dados-1536x926.png 1536w, https:\/\/adenilsongiovanini.com.br\/blog\/wp-content\/uploads\/2019\/12\/levantamento-topogr\u00e1fico-planim\u00e9trico-Planta-obtida-com-o-levantamento-dos-dados.png 1652w\" sizes=\"(max-width: 780px) 100vw, 780px\" \/><\/span><\/p>\n<p><span style=\"font-size: 20px; color: #000000; font-family: arial, helvetica, sans-serif; line-height: 1.3;\">A <span style=\"color: #0000ff;\"><a href=\"https:\/\/adenilsongiovanini.com.br\/blog\/planta-topografica-aprenda-a-produzir-na-pratica\/\" style=\"color: #0000ff;\">planta topogr\u00e1fica<\/a><\/span> \u00e9 uma das pe\u00e7as t\u00e9cnicas que devem serem apresentadas ao registro de im\u00f3veis, juntamente com o <span style=\"color: #0000ff;\"><a href=\"https:\/\/adenilsongiovanini.com.br\/blog\/modelo-de-memorial-descritivo-veja-estes-3\/\" style=\"color: #0000ff;\">memorial descritivo<\/a><\/span> e a ART.<\/span><\/p>\n<p><span style=\"font-size: 20px; color: #000000; font-family: arial, helvetica, sans-serif;\">A <span style=\"color: #0000ff;\"><a style=\"color: #0000ff; line-height: 1.3;\" href=\"http:\/\/www.carto.eng.uerj.br\/cdecart\/download\/NBR13133.pdf\" target=\"_blank\" rel=\"noopener noreferrer\">NBR 13.133<\/a><\/span> tr\u00e1s a seguinte defini\u00e7\u00e3o:<\/span><\/p>\n<blockquote style=\"border: 2px double #009900; background: #f0fff0 none repeat scroll 0% 0%; -moz-background-clip: -moz-initial; -moz-background-origin: -moz-initial; -moz-background-inline-policy: -moz-initial; color: #323232; padding-left: 15px; padding-top: 10px; padding-bottom: 10px;\">\n<p><span style=\"font-size: 20px; font-family: arial, helvetica, sans-serif; color: #000000; line-height: 1.3;\">Representa\u00e7\u00e3o gr\u00e1fica de uma parte limitada da superf\u00edcie terrestre, sobre um plano horizontal local, em escalas maiores que 1:10000, para fins espec\u00edficos, na qual n\u00e3o se considera a curvatura da Terra.<\/span><\/p>\n<\/blockquote>\n<p>\n<span style=\"font-size: 20px; color: #000000; font-family: arial, helvetica, sans-serif; line-height: 1.3;\"> Perceba que de acordo com a NBR 13133 uma planta \u00e9 uma representa\u00e7\u00e3o gr\u00e1fica de uma parte limitada da superf\u00edcie. Ou seja, possui uma escala grande, servindo desta maneira para a representa\u00e7\u00e3o das caracter\u00edsticas de uma \u00e1rea.<\/span><\/p>\n<p><span style=\"font-size: 20px; color: #000000; font-family: arial, helvetica, sans-serif; line-height: 1.3;\">Na <span style=\"color: #0000ff;\"><a style=\"color: #0000ff;\" href=\"http:\/\/adenilsongiovanini.com.br\/blog\/topografia-cadastral-principais-leis\/\" target=\"_blank\" rel=\"noopener noreferrer\">topografia cadastral<\/a><\/span> a planta \u00e9 utilizada para:<\/span><\/p>\n<ul>\n<li><span style=\"color: #000000; font-family: arial, helvetica, sans-serif; font-size: 20px;\">A representa\u00e7\u00e3o da \u00e1rea de uma propriedade;<\/span><\/li>\n<li><span style=\"font-size: 20px; color: #000000; font-family: arial, helvetica, sans-serif; line-height: 1.3;\">A<span style=\"color: #0000ff;\"><a href=\"https:\/\/adenilsongiovanini.com.br\/blog\/documentos-necessarios-para-retificacao-de-area\/\" style=\"color: #0000ff;\"> retifica\u00e7\u00e3o<\/a><\/span> de \u00e1rea;<\/span><\/li>\n<li><span style=\"font-size: 20px; color: #000000; font-family: arial, helvetica, sans-serif; line-height: 1.3;\">O <span style=\"color: #0000ff;\"><a href=\"https:\/\/adenilsongiovanini.com.br\/blog\/desmembramento-de-area-urbana-como-fazer\/\" style=\"color: #0000ff;\">desmembramento de \u00e1rea<\/a><\/span> e;<\/span><\/li>\n<li><span style=\"font-size: 20px; color: #000000; font-family: arial, helvetica, sans-serif; line-height: 1.3;\"> O <span style=\"color: #0000ff;\"><a href=\"https:\/\/adenilsongiovanini.com.br\/blog\/remembramento-ou-unificacao-como-fazer\/\" style=\"color: #0000ff;\">remembramento de \u00e1rea<\/a><\/span>.<\/span><\/li>\n<\/ul>\n<p>\n<span style=\"font-size: 20px; color: #000000; font-family: arial, helvetica, sans-serif; line-height: 1.3;\">Por\u00e9m, a planta topogr\u00e1fica tamb\u00e9m serve para para a representa\u00e7\u00e3o de diferentes elementos cadastrais, podendo representar graficamente todas as caracter\u00edsticas de uma \u00e1rea, incluindo:<\/span><\/p>\n<ul>\n<li><span style=\"font-size: 20px; color: #000000; font-family: arial, helvetica, sans-serif; line-height: 1.3;\">O relevo;<\/span><\/li>\n<li><span style=\"font-size: 20px; color: #000000; font-family: arial, helvetica, sans-serif; line-height: 1.3;\">Curvas de n\u00edvel;<\/span><\/li>\n<li><span style=\"font-size: 20px; color: #000000; font-family: arial, helvetica, sans-serif; line-height: 1.3;\">Perfis longitudinais;<\/span><\/li>\n<li><span style=\"font-size: 20px; color: #000000; font-family: arial, helvetica, sans-serif; line-height: 1.3;\">Se\u00e7\u00f5es transversais;<\/span><\/li>\n<li><span style=\"font-size: 20px; color: #000000; font-family: arial, helvetica, sans-serif; line-height: 1.3;\">Pontos cotados;<\/span><\/li>\n<li><span style=\"font-size: 20px; color: #000000; font-family: arial, helvetica, sans-serif; line-height: 1.3;\">Acidentes geogr\u00e1ficos;<\/span><\/li>\n<li><span style=\"font-size: 20px; color: #000000; font-family: arial, helvetica, sans-serif; line-height: 1.3;\">etc.<\/span><\/li>\n<\/ul>\n<p><span style=\"font-size: 20px; color: #000000; font-family: arial, helvetica, sans-serif; line-height: 1.3;\">Ou seja, uma <span style=\"color: #0000ff;\"><a href=\"https:\/\/adenilsongiovanini.com.br\/blog\/planta-e-memorial-descritivo\/\" style=\"color: #0000ff;\">planta<\/a><\/span> deve obrigatoriamente possuir uma escala grande. Isso porque a mesma deve representar determinada por\u00e7\u00e3o da superf\u00edcie terrestre de maneira detalhada.<\/span><\/p>\n<p>&nbsp;<\/p>\n<h2 style=\"text-align: center;\" align=\"JUSTIFY\"><span style=\"font-size: 24px;\"><strong><span style=\"font-family: arial, helvetica, sans-serif; color: #000000; line-height: 1.3;\"><b>Escala de um mapa &#8211; O que \u00e9 uma carta topogr\u00e1fica<\/b><\/span><\/strong><\/span><\/h2>\n<p><span style=\"font-size: 20px; color: #000000; font-family: arial, helvetica, sans-serif;\"><img decoding=\"async\" class=\"aligncenter wp-image-4404 size-large\" src=\"https:\/\/adenilsongiovanini.com.br\/blog\/wp-content\/uploads\/2019\/12\/carta-topogr\u00e1fica-635x780.jpg\" alt=\"carta topogr\u00e1fica\" width=\"635\" height=\"780\" srcset=\"https:\/\/adenilsongiovanini.com.br\/blog\/wp-content\/uploads\/2019\/12\/carta-topogr\u00e1fica-635x780.jpg 635w, https:\/\/adenilsongiovanini.com.br\/blog\/wp-content\/uploads\/2019\/12\/carta-topogr\u00e1fica-244x300.jpg 244w, https:\/\/adenilsongiovanini.com.br\/blog\/wp-content\/uploads\/2019\/12\/carta-topogr\u00e1fica-768x944.jpg 768w, https:\/\/adenilsongiovanini.com.br\/blog\/wp-content\/uploads\/2019\/12\/carta-topogr\u00e1fica-1250x1536.jpg 1250w, https:\/\/adenilsongiovanini.com.br\/blog\/wp-content\/uploads\/2019\/12\/carta-topogr\u00e1fica.jpg 1302w\" sizes=\"(max-width: 635px) 100vw, 635px\" \/>A NBR 13.133 tr\u00e1s a seguinte defini\u00e7\u00e3o para <span style=\"color: #0000ff;\"><a href=\"https:\/\/adenilsongiovanini.com.br\/blog\/curso-online-qgis-aprender-na-pratica\/\" style=\"color: #0000ff;\">mapa<\/a><\/span>, sendo que entre par\u00eanteses coloca o termo (carta).<\/span><\/p>\n<blockquote style=\"border: 2px double #009900; background: #f0fff0 none repeat scroll 0% 0%; -moz-background-clip: -moz-initial; -moz-background-origin: -moz-initial; -moz-background-inline-policy: -moz-initial; color: #323232; padding-left: 15px; padding-top: 10px; padding-bottom: 10px;\">\n<p><span style=\"font-size: 20px; font-family: arial, helvetica, sans-serif; color: #000000; line-height: 1.3;\">Representa\u00e7\u00e3o gr\u00e1fica sobre uma superf\u00edcie plana, dos detalhes f\u00edsicos, naturais e artificiais, de parte ou de toda a superf\u00edcie terrestre &#8211; mediante s\u00edmbolos ou conven\u00e7\u00f5es e meios de orienta\u00e7\u00e3o indicados, que permitem a avalia\u00e7\u00e3o das dist\u00e2ncias, a orienta\u00e7\u00e3o das dire\u00e7\u00f5es e a localiza\u00e7\u00e3o geogr\u00e1fica de pontos, \u00e1reas e detalhes -, podendo ser subdividida em folhas, de forma sistem\u00e1tica, obedecido um plano nacional ou internacional.<\/span><\/p>\n<\/blockquote>\n<p>\n<span style=\"font-size: 20px; color: #000000; font-family: arial, helvetica, sans-serif; line-height: 1.3;\"> A NBR 13.133 ainda complementa que:<\/span><\/p>\n<blockquote style=\"border: 2px double #009900; background: #f0fff0 none repeat scroll 0% 0%; -moz-background-clip: -moz-initial; -moz-background-origin: -moz-initial; -moz-background-inline-policy: -moz-initial; color: #323232; padding-left: 15px; padding-top: 10px; padding-bottom: 10px;\">\n<p><span style=\"font-size: 20px; font-family: arial, helvetica, sans-serif; color: #000000; line-height: 1.3;\">Esta representa\u00e7\u00e3o em escalas m\u00e9dias e pequenas leva em considera\u00e7\u00e3o a curvatura da Terra, dentro da mais rigorosa localiza\u00e7\u00e3o poss\u00edvel relacionada a um sistema de refer\u00eancia de coordenadas. A carta tamb\u00e9m pode constituir-se numa representa\u00e7\u00e3o sucinta de detalhes terrestres, destacando, omitindo ou generalizando certos detalhes para satisfazer requisitos espec\u00edficos. A classe de informa\u00e7\u00f5es, que uma carta, ou mapa, se prop\u00f5e a fornecer, \u00e9 indicada, freq\u00fcentemente, sob a forma adjetiva, para diferencia\u00e7\u00e3o de outros tipos, como, por exemplo, carta aeron\u00e1utica, carta n\u00e1utica, mapa de comunica\u00e7\u00e3o, mapa geol\u00f3gico.<\/span><\/p>\n<\/blockquote>\n<p>\n<span style=\"font-size: 20px; color: #000000; font-family: arial, helvetica, sans-serif; line-height: 1.3;\"> Ou seja, <span style=\"color: #0000ff;\"><a href=\"https:\/\/adenilsongiovanini.com.br\/blog\/carta-topografica\/\" style=\"color: #0000ff;\">carta topogr\u00e1fica<\/a><\/span> e mapa s\u00e3o exatamente a mesma coisa. Tanto que a NBR 13.133 ainda tr\u00e1s a seguinte nota:<\/span><\/p>\n<blockquote style=\"border: 2px double #009900; background: #f0fff0 none repeat scroll 0% 0%; -moz-background-clip: -moz-initial; -moz-background-origin: -moz-initial; -moz-background-inline-policy: -moz-initial; color: #323232; padding-left: 15px; padding-top: 10px; padding-bottom: 10px;\">\n<p><span style=\"font-size: 20px; font-family: arial, helvetica, sans-serif; color: #000000; line-height: 1.3;\">Nota: Os ingleses e americanos d\u00e3o prefer\u00eancia ao termo mapa, enquanto os franceses e demais pa\u00edses de origem latina ao termo carta.<\/span><\/p>\n<\/blockquote>\n<p>&nbsp;<\/p>\n<h2 style=\"text-align: center;\" align=\"JUSTIFY\"><span style=\"font-size: 24px;\"><strong><span style=\"font-family: arial, helvetica, sans-serif; color: #000000;\"><b>Escala de um mapa &#8211; Qual a diferen\u00e7a entre planta topogr\u00e1fica e carta topogr\u00e1fica<\/b><\/span><\/strong><\/span><\/h2>\n<p><span style=\"font-size: 20px; color: #000000; font-family: arial, helvetica, sans-serif;\"><img decoding=\"async\" class=\"aligncenter wp-image-4281 size-large\" src=\"https:\/\/adenilsongiovanini.com.br\/blog\/wp-content\/uploads\/2019\/12\/planta-cadastral-detalhada-780x390.jpg\" alt=\"planta cadastral detalhada\" width=\"780\" height=\"390\" srcset=\"https:\/\/adenilsongiovanini.com.br\/blog\/wp-content\/uploads\/2019\/12\/planta-cadastral-detalhada-780x390.jpg 780w, https:\/\/adenilsongiovanini.com.br\/blog\/wp-content\/uploads\/2019\/12\/planta-cadastral-detalhada-300x150.jpg 300w, https:\/\/adenilsongiovanini.com.br\/blog\/wp-content\/uploads\/2019\/12\/planta-cadastral-detalhada-768x384.jpg 768w, https:\/\/adenilsongiovanini.com.br\/blog\/wp-content\/uploads\/2019\/12\/planta-cadastral-detalhada.jpg 1024w\" sizes=\"(max-width: 780px) 100vw, 780px\" \/>Perceba que diferentemente de <span style=\"color: #0000ff;\"><a href=\"https:\/\/adenilsongiovanini.com.br\/curso-de-autocad-para-topografia\/\" style=\"color: #0000ff;\">plantas<\/a><\/span>, cartas topogr\u00e1ficas, tamb\u00e9m conhecidas como mapas possuem escalas pequenas. Uu seja, servem para representar grandes fra\u00e7\u00f5es da superf\u00edcie terrestres.<\/span><\/p>\n<ul>\n<li><span style=\"font-size: 20px; color: #000000; font-family: arial, helvetica, sans-serif; line-height: 1.3;\">Por exemplo:<\/span><br \/>\n<span style=\"color: #000000; font-family: arial, helvetica, sans-serif; font-size: 20px;\">Munic\u00edpios;<\/span><\/li>\n<li><span style=\"font-size: 20px; color: #000000; font-family: arial, helvetica, sans-serif; line-height: 1.3;\">Regi\u00f5es;<\/span><\/li>\n<li><span style=\"font-size: 20px; color: #000000; font-family: arial, helvetica, sans-serif; line-height: 1.3;\">estados e;<\/span><\/li>\n<li><span style=\"font-size: 20px; color: #000000; font-family: arial, helvetica, sans-serif; line-height: 1.3;\">pa\u00edses.<\/span><\/li>\n<\/ul>\n<p><span style=\"font-size: 20px; color: #000000; font-family: arial, helvetica, sans-serif; line-height: 1.3;\">Al\u00e9m disso, conforme a pr\u00f3pria NBR 13.133 informa, plantas topogr\u00e1ficas se baseiam em &#8220;<em>um plano horizontal local<\/em>&#8220;. Ou seja, no plano topogr\u00e1fico local.<\/span><\/p>\n<p><span style=\"font-size: 20px; color: #000000; font-family: arial, helvetica, sans-serif; line-height: 1.3;\">Uma carta topogr\u00e1fica por outro lado, segundo a NBR 13133, deve estar &#8220;<em>dentro da mais rigorosa localiza\u00e7\u00e3o poss\u00edvel relacionada a um sistema de refer\u00eancia de coordenadas<\/em>&#8220;.<\/span><\/p>\n<p><span style=\"font-size: 20px; color: #000000; font-family: arial, helvetica, sans-serif; line-height: 1.3;\">Ou seja, cartas topogr\u00e1ficas normalmente se baseiam na utiliza\u00e7\u00e3o de dados obtidos em coordenadas geogr\u00e1ficas, referenciadas em um <span style=\"color: #0000ff;\"><a style=\"color: #0000ff;\" href=\"https:\/\/pt.wikipedia.org\/wiki\/Datum\" target=\"_blank\" rel=\"noopener noreferrer\">datum<\/a><\/span> e que foram projetadas para o plano.<\/span><\/p>\n<p><span style=\"font-size: 20px; color: #000000; font-family: arial, helvetica, sans-serif; line-height: 1.3;\">A NBR 13.133 tamb\u00e9m informa que cartas topogr\u00e1ficas podem ser &#8220;<em>subdividida em folhas, de forma sistem\u00e1tica, obedecido um plano nacional ou internacional.<\/em>&#8220;<\/span><\/p>\n<p><span style=\"font-size: 20px; color: #000000; font-family: arial, helvetica, sans-serif; line-height: 1.3;\">Um exemplo disso \u00e9 o mapeamento sistem\u00e1tico nacional realizado pelo ex\u00e9rcito. O mesmo apoia-se nas folhas da <span style=\"color: #0000ff;\">Carta Internacional ao Milion\u00e9simo<\/span> (CIM), que nada mais s\u00e3o do que uma s\u00e9rie de cartas topogr\u00e1ficas que compreendem escalas entre 1:25.000 e 1:250.000.<\/span><\/p>\n<p><span style=\"font-size: 20px; color: #000000; font-family: arial, helvetica, sans-serif; line-height: 1.3;\">Na realidade, embora a NBR 13.133 traga a mesma defini\u00e7\u00e3o para cartas topogr\u00e1ficas e mapas, o termo carta topogr\u00e1fica normalmente \u00e9 utilizado somente para a designar as cartas desta s\u00e9rie de mapeamentos realizados pelo ex\u00e9rcito e que constituem a folhas a <span style=\"color: #0000ff;\">Carta Internacional ao Milion\u00e9simo<\/span>.<\/span><\/p>\n<p><span style=\"font-size: 20px; font-family: arial, helvetica, sans-serif; color: #000000; line-height: 1.3;\">Lembrando que eu tamb\u00e9m possuo uma s\u00e9rie de <em><strong>cursos e de livros pr\u00e1ticos. <\/strong><\/em><\/span><\/p>\n<p><span style=\"font-size: 20px; font-family: arial, helvetica, sans-serif; color: #000000; line-height: 1.3;\">Se voc\u00ea quer<strong> MERGULHAR FUNDO e aprender a prestar servi\u00e7os com grande velocidade e com seguran\u00e7a<\/strong>, <span style=\"color: #0000ff;\"><a style=\"color: #0000ff;\" href=\"https:\/\/adenilsongiovanini.com.br\/cursos-online\/\">acesse este link<\/a><\/span> e conhe\u00e7a os mesmos.<\/span><\/p>\n<p>&nbsp;<\/p>\n<p><span style=\"color: #000000;\"><span style=\"font-size: 20px; font-family: arial, helvetica, sans-serif; line-height: 1.3;\">Entre eles, o <span style=\"color: #0000ff;\"><a style=\"color: #0000ff;\" href=\"https:\/\/adenilsongiovanini.com.br\/curso-de-autocad-para-topografia\/\" target=\"_blank\" rel=\"noopener noreferrer\">Curso de Confec\u00e7\u00e3o de Plantas Topogr\u00e1ficas<\/a><\/span>. <span style=\"color: #000000;\">Um <\/span><\/span><span style=\"font-size: 20px; font-family: arial, helvetica, sans-serif; line-height: 1.3;\">curso pr\u00e1tico\u00a0<\/span><span style=\"font-size: 20px; font-family: arial, helvetica, sans-serif; line-height: 1.3;\">com o qual voc\u00ea vai <strong>aprender a produzir as 15 diferentes plantas produzidas em um escrit\u00f3rio de topografia<\/strong>.<\/span><\/span><\/p>\n<p><a href=\"https:\/\/adenilsongiovanini.com.br\/curso-de-autocad-para-topografia\/\" target=\"_blank\" rel=\"noopener noreferrer\"><img decoding=\"async\" class=\"aligncenter wp-image-31689\" src=\"https:\/\/adenilsongiovanini.com.br\/wp-content\/uploads\/2022\/07\/planta-de-topografia-1024x612.png\" alt=\"\" width=\"770\" height=\"460\" \/><\/a><\/p>\n<p><span style=\"font-family: arial, helvetica, sans-serif; font-size: 20px; color: #000000;\">Clique <a href=\"https:\/\/adenilsongiovanini.com.br\/curso-de-autocad-para-topografia\/\" target=\"_blank\" rel=\"noopener noreferrer\"><span style=\"color: #0000ff;\">neste link<\/span><\/a> e conhe\u00e7a melhor o mesmo.<\/span><\/p>\n<p>&nbsp;<\/p>\n<p>&nbsp;<\/p>\n<h2 style=\"text-align: center;\"><span style=\"font-size: 24px;\"><strong><span style=\"color: #000000; font-family: arial, helvetica, sans-serif;\">Aprenda a Produzir Plantas Topogr\u00e1ficas<\/span><\/strong><\/span><\/h2>\n<p><img decoding=\"async\" src=\"https:\/\/adenilsongiovanini.com.br\/blog\/wp-content\/uploads\/2022\/04\/topografia-no-autocad-2023-780x730.png\" alt=\"topografia no autocad\" width=\"750\" height=\"702\" class=\"aligncenter size-large wp-image-30464\" srcset=\"https:\/\/adenilsongiovanini.com.br\/blog\/wp-content\/uploads\/2022\/04\/topografia-no-autocad-2023-780x730.png 780w, https:\/\/adenilsongiovanini.com.br\/blog\/wp-content\/uploads\/2022\/04\/topografia-no-autocad-2023-300x281.png 300w, https:\/\/adenilsongiovanini.com.br\/blog\/wp-content\/uploads\/2022\/04\/topografia-no-autocad-2023-768x719.png 768w, https:\/\/adenilsongiovanini.com.br\/blog\/wp-content\/uploads\/2022\/04\/topografia-no-autocad-2023.png 1403w\" sizes=\"(max-width: 750px) 100vw, 750px\" \/><\/p>\n<p><span style=\"font-size: 20px;\"><span style=\"color: #000000; font-family: arial, helvetica, sans-serif;\">Se voc\u00ea quer <em>(ou precisa)<\/em> aprender a produzir as diferentes plantas produzidas em um escrit\u00f3rio de topografia, o <span style=\"color: #0000ff;\"><a style=\"color: #0000ff;\" href=\"https:\/\/adenilsongiovanini.com.br\/planta-para-topografia\/\">Curso de Confec\u00e7\u00e3o de Plantas Topogr\u00e1ficas<\/a><\/span> servir\u00e1 como uma luva para voc\u00ea.<\/span><\/span><\/p>\n<p><span style=\"font-size: 20px;\"><span style=\"color: #000000; font-family: arial, helvetica, sans-serif;\">Aprenda a <strong>produzir plantas que v\u00e3o deixar seus clientes de queixo-ca\u00eddo<\/strong> e v\u00e1 diretamente para a pr\u00e1tica, <span style=\"text-decoration: underline;\"><em>prestando servi\u00e7os e ganhando dinheiro<\/em><\/span>.<\/span><\/span><\/p>\n<p><img decoding=\"async\" src=\"https:\/\/adenilsongiovanini.com.br\/blog\/wp-content\/uploads\/2022\/06\/curso-autocad-para-topografia-780x445.png\" alt=\"plantas topografia\" width=\"750\" height=\"428\" class=\"aligncenter wp-image-30631 size-large\" srcset=\"https:\/\/adenilsongiovanini.com.br\/blog\/wp-content\/uploads\/2022\/06\/curso-autocad-para-topografia-780x445.png 780w, https:\/\/adenilsongiovanini.com.br\/blog\/wp-content\/uploads\/2022\/06\/curso-autocad-para-topografia-300x171.png 300w, https:\/\/adenilsongiovanini.com.br\/blog\/wp-content\/uploads\/2022\/06\/curso-autocad-para-topografia-768x438.png 768w, https:\/\/adenilsongiovanini.com.br\/blog\/wp-content\/uploads\/2022\/06\/curso-autocad-para-topografia-1536x876.png 1536w, https:\/\/adenilsongiovanini.com.br\/blog\/wp-content\/uploads\/2022\/06\/curso-autocad-para-topografia-2048x1168.png 2048w\" sizes=\"(max-width: 750px) 100vw, 750px\" \/><\/p>\n<p><img decoding=\"async\" src=\"https:\/\/adenilsongiovanini.com.br\/blog\/wp-content\/uploads\/2020\/05\/setas-azuis-triplas-e1427388827173.png\" alt=\"seta\" width=\"400\" height=\"200\" class=\"aligncenter size-full wp-image-16897\" srcset=\"https:\/\/adenilsongiovanini.com.br\/blog\/wp-content\/uploads\/2020\/05\/setas-azuis-triplas-e1427388827173.png 400w, https:\/\/adenilsongiovanini.com.br\/blog\/wp-content\/uploads\/2020\/05\/setas-azuis-triplas-e1427388827173-300x150.png 300w\" sizes=\"(max-width: 400px) 100vw, 400px\" \/><\/p>\n<p><img decoding=\"async\" src=\"https:\/\/adenilsongiovanini.com.br\/blog\/wp-content\/uploads\/2022\/06\/plantas-para-topografia-780x476.png\" alt=\"escala de um mapa - plantas para topografia\" width=\"750\" height=\"458\" class=\"aligncenter wp-image-30643 size-large\" srcset=\"https:\/\/adenilsongiovanini.com.br\/blog\/wp-content\/uploads\/2022\/06\/plantas-para-topografia-780x476.png 780w, https:\/\/adenilsongiovanini.com.br\/blog\/wp-content\/uploads\/2022\/06\/plantas-para-topografia-300x183.png 300w, https:\/\/adenilsongiovanini.com.br\/blog\/wp-content\/uploads\/2022\/06\/plantas-para-topografia-768x469.png 768w, https:\/\/adenilsongiovanini.com.br\/blog\/wp-content\/uploads\/2022\/06\/plantas-para-topografia-1536x938.png 1536w, https:\/\/adenilsongiovanini.com.br\/blog\/wp-content\/uploads\/2022\/06\/plantas-para-topografia.png 1824w\" sizes=\"(max-width: 750px) 100vw, 750px\" \/><\/p>\n<p><img decoding=\"async\" src=\"https:\/\/adenilsongiovanini.com.br\/blog\/wp-content\/uploads\/2020\/05\/setas-azuis-triplas-e1427388827173.png\" alt=\"setas azuis\" width=\"400\" height=\"200\" class=\"aligncenter size-full wp-image-16897\" srcset=\"https:\/\/adenilsongiovanini.com.br\/blog\/wp-content\/uploads\/2020\/05\/setas-azuis-triplas-e1427388827173.png 400w, https:\/\/adenilsongiovanini.com.br\/blog\/wp-content\/uploads\/2020\/05\/setas-azuis-triplas-e1427388827173-300x150.png 300w\" sizes=\"(max-width: 400px) 100vw, 400px\" \/><\/p>\n<div class=\"su-button-center\"><a href=\"https:\/\/adenilsongiovanini.com.br\/topografia-no-autocad\/\" class=\"su-button su-button-style-3d su-button-wide\" style=\"color:#000000;background-color:#00b025;border-color:#008d1e;border-radius:15px\" target=\"_blank\" rel=\"nofollow\" id=\"2\"><span style=\"color:#000000;padding:0px 36px;font-size:26px;line-height:52px;border-color:#4dc867;border-radius:15px;text-shadow:0px 0px 0px #000000\"> &gt; Quero Conhecer Melhor o Curso, Pois Quero (e preciso) Aprender a Produzir Plantas Topogr\u00e1ficas&#8230;<\/span><\/a><\/div>\n<p>&nbsp;<\/p>\n<p>&nbsp;<\/p>\n<h2 style=\"text-align: center;\"><span style=\"font-size: 24px;\"><strong><span style=\"color: #000000; font-family: arial, helvetica, sans-serif;\">Plantas que voc\u00ea vai aprender a produzir<\/span><\/strong><\/span><\/h2>\n<p><span style=\"font-size: 20px;\"><span style=\"color: #000000; font-family: arial, helvetica, sans-serif;\">No curso voc\u00ea vai aprender a produzir as <strong>15 diferentes plantas<\/strong> produzidas em um escrit\u00f3rio de topografia.<\/span><\/span><\/p>\n<p>&nbsp;<\/p>\n<p style=\"text-align: center;\"><span style=\"font-size: 20px;\"><strong><span style=\"color: #000000; font-family: arial, helvetica, sans-serif;\">Plantas topogr\u00e1ficas<\/span><\/strong><\/span><\/p>\n<p style=\"text-align: center;\"><span style=\"font-family: arial, helvetica, sans-serif; font-size: 20px; color: #000000;\">1 &#8211; Plantas Para Processos de Georreferenciamento de Im\u00f3veis Rurais<\/span><\/p>\n<p style=\"text-align: center;\"><img decoding=\"async\" src=\"https:\/\/adenilsongiovanini.com.br\/blog\/wp-content\/uploads\/2022\/06\/planta-para-georreferenciamento-780x554.png\" alt=\"Planta de Localiza\u00e7\u00e3o e Situa\u00e7\u00e3o - planta para georreferenciamento\" width=\"750\" height=\"533\" class=\"aligncenter wp-image-30619 size-large\" srcset=\"https:\/\/adenilsongiovanini.com.br\/blog\/wp-content\/uploads\/2022\/06\/planta-para-georreferenciamento-780x554.png 780w, https:\/\/adenilsongiovanini.com.br\/blog\/wp-content\/uploads\/2022\/06\/planta-para-georreferenciamento-300x213.png 300w, https:\/\/adenilsongiovanini.com.br\/blog\/wp-content\/uploads\/2022\/06\/planta-para-georreferenciamento-768x545.png 768w, https:\/\/adenilsongiovanini.com.br\/blog\/wp-content\/uploads\/2022\/06\/planta-para-georreferenciamento.png 1385w\" sizes=\"(max-width: 750px) 100vw, 750px\" \/><\/p>\n<p>&nbsp;<\/p>\n<p style=\"text-align: center;\"><span style=\"font-family: arial, helvetica, sans-serif; font-size: 20px; color: #000000;\">2 &#8211; Planta de \u00c1rea<\/span><\/p>\n<p><img decoding=\"async\" src=\"https:\/\/adenilsongiovanini.com.br\/blog\/wp-content\/uploads\/2022\/06\/planta-de-area-3-780x553.png\" alt=\"planta de \u00e1rea\" width=\"750\" height=\"532\" class=\"aligncenter wp-image-30620 size-large\" srcset=\"https:\/\/adenilsongiovanini.com.br\/blog\/wp-content\/uploads\/2022\/06\/planta-de-area-3-780x553.png 780w, https:\/\/adenilsongiovanini.com.br\/blog\/wp-content\/uploads\/2022\/06\/planta-de-area-3-300x213.png 300w, https:\/\/adenilsongiovanini.com.br\/blog\/wp-content\/uploads\/2022\/06\/planta-de-area-3-768x545.png 768w, https:\/\/adenilsongiovanini.com.br\/blog\/wp-content\/uploads\/2022\/06\/planta-de-area-3-1536x1089.png 1536w, https:\/\/adenilsongiovanini.com.br\/blog\/wp-content\/uploads\/2022\/06\/planta-de-area-3.png 1567w\" sizes=\"(max-width: 750px) 100vw, 750px\" \/><\/p>\n<p>&nbsp;<\/p>\n<p style=\"text-align: center;\"><span style=\"font-family: arial, helvetica, sans-serif; font-size: 20px; color: #000000;\">3 &#8211; Planta de Lote Urbano<\/span><\/p>\n<p><img decoding=\"async\" src=\"https:\/\/adenilsongiovanini.com.br\/blog\/wp-content\/uploads\/2022\/06\/Planta-de-lote-552x780.jpg\" alt=\"escala de um mapa - planta de lote\" width=\"552\" height=\"780\" class=\"aligncenter wp-image-30621 size-large\" srcset=\"https:\/\/adenilsongiovanini.com.br\/blog\/wp-content\/uploads\/2022\/06\/Planta-de-lote-552x780.jpg 552w, https:\/\/adenilsongiovanini.com.br\/blog\/wp-content\/uploads\/2022\/06\/Planta-de-lote-212x300.jpg 212w, https:\/\/adenilsongiovanini.com.br\/blog\/wp-content\/uploads\/2022\/06\/Planta-de-lote-768x1086.jpg 768w, https:\/\/adenilsongiovanini.com.br\/blog\/wp-content\/uploads\/2022\/06\/Planta-de-lote-1086x1536.jpg 1086w, https:\/\/adenilsongiovanini.com.br\/blog\/wp-content\/uploads\/2022\/06\/Planta-de-lote.jpg 1241w\" sizes=\"(max-width: 552px) 100vw, 552px\" \/><\/p>\n<p>&nbsp;<\/p>\n<p style=\"text-align: center;\">\n<span style=\"font-family: arial, helvetica, sans-serif; font-size: 20px; color: #000000;\">4 &#8211; Planta Para a Retifica\u00e7\u00e3o de \u00c1rea<\/span><\/p>\n<p style=\"text-align: center;\"><img decoding=\"async\" src=\"https:\/\/adenilsongiovanini.com.br\/blog\/wp-content\/uploads\/2022\/06\/planta-para-retificacao-de-area-780x554.png\" alt=\"planta para a retifica\u00e7\u00e3o de \u00e1rea\" width=\"750\" height=\"533\" class=\"aligncenter wp-image-30622 size-large\" srcset=\"https:\/\/adenilsongiovanini.com.br\/blog\/wp-content\/uploads\/2022\/06\/planta-para-retificacao-de-area-780x554.png 780w, https:\/\/adenilsongiovanini.com.br\/blog\/wp-content\/uploads\/2022\/06\/planta-para-retificacao-de-area-300x213.png 300w, https:\/\/adenilsongiovanini.com.br\/blog\/wp-content\/uploads\/2022\/06\/planta-para-retificacao-de-area-768x545.png 768w, https:\/\/adenilsongiovanini.com.br\/blog\/wp-content\/uploads\/2022\/06\/planta-para-retificacao-de-area.png 1385w\" sizes=\"(max-width: 750px) 100vw, 750px\" \/><\/p>\n<p>&nbsp;<\/p>\n<p style=\"text-align: center;\"><span style=\"font-family: arial, helvetica, sans-serif; font-size: 20px; color: #000000;\">5 &#8211; Plantas Para Projetos de Divis\u00e3o de \u00c1rea<\/span><\/p>\n<p><img decoding=\"async\" src=\"https:\/\/adenilsongiovanini.com.br\/blog\/wp-content\/uploads\/2022\/06\/Planta-para-divisao-de-area-780x554.png\" alt=\"planta para divis\u00e3o de \u00e1rea\" width=\"750\" height=\"533\" class=\"aligncenter wp-image-30623 size-large\" srcset=\"https:\/\/adenilsongiovanini.com.br\/blog\/wp-content\/uploads\/2022\/06\/Planta-para-divisao-de-area-780x554.png 780w, https:\/\/adenilsongiovanini.com.br\/blog\/wp-content\/uploads\/2022\/06\/Planta-para-divisao-de-area-300x213.png 300w, https:\/\/adenilsongiovanini.com.br\/blog\/wp-content\/uploads\/2022\/06\/Planta-para-divisao-de-area-768x545.png 768w, https:\/\/adenilsongiovanini.com.br\/blog\/wp-content\/uploads\/2022\/06\/Planta-para-divisao-de-area.png 1385w\" sizes=\"(max-width: 750px) 100vw, 750px\" \/><\/p>\n<p><img decoding=\"async\" src=\"https:\/\/adenilsongiovanini.com.br\/blog\/wp-content\/uploads\/2022\/06\/planta-para-a-divisao-de-area-780x554.png\" alt=\"divis\u00e3o de \u00e1rea\" width=\"750\" height=\"533\" class=\"aligncenter wp-image-30624 size-large\" srcset=\"https:\/\/adenilsongiovanini.com.br\/blog\/wp-content\/uploads\/2022\/06\/planta-para-a-divisao-de-area-780x554.png 780w, https:\/\/adenilsongiovanini.com.br\/blog\/wp-content\/uploads\/2022\/06\/planta-para-a-divisao-de-area-300x213.png 300w, https:\/\/adenilsongiovanini.com.br\/blog\/wp-content\/uploads\/2022\/06\/planta-para-a-divisao-de-area-768x545.png 768w, https:\/\/adenilsongiovanini.com.br\/blog\/wp-content\/uploads\/2022\/06\/planta-para-a-divisao-de-area.png 1385w\" sizes=\"(max-width: 750px) 100vw, 750px\" \/><\/p>\n<p>&nbsp;<\/p>\n<p style=\"text-align: center;\"><span style=\"font-family: arial, helvetica, sans-serif; font-size: 20px; color: #000000;\">6 &#8211; Planta Para a Divis\u00e3o de \u00c1rea Pela \u00c1rea \u00datil<\/span><\/p>\n<p style=\"text-align: center;\"><img decoding=\"async\" src=\"https:\/\/adenilsongiovanini.com.br\/blog\/wp-content\/uploads\/2022\/06\/divisao-de-area-pela-area-util-780x554.png\" alt=\"divis\u00e3o de \u00e1rea pela \u00e1rea \u00fatil\" width=\"750\" height=\"533\" class=\"aligncenter wp-image-30625 size-large\" srcset=\"https:\/\/adenilsongiovanini.com.br\/blog\/wp-content\/uploads\/2022\/06\/divisao-de-area-pela-area-util-780x554.png 780w, https:\/\/adenilsongiovanini.com.br\/blog\/wp-content\/uploads\/2022\/06\/divisao-de-area-pela-area-util-300x213.png 300w, https:\/\/adenilsongiovanini.com.br\/blog\/wp-content\/uploads\/2022\/06\/divisao-de-area-pela-area-util-768x545.png 768w, https:\/\/adenilsongiovanini.com.br\/blog\/wp-content\/uploads\/2022\/06\/divisao-de-area-pela-area-util.png 1385w\" sizes=\"(max-width: 750px) 100vw, 750px\" \/><\/p>\n<p>&nbsp;<\/p>\n<p style=\"text-align: center;\"><span style=\"font-family: arial, helvetica, sans-serif; font-size: 20px; color: #000000;\">7 &#8211; Planta Planialtim\u00e9trica<\/span><\/p>\n<p style=\"text-align: center;\"><img decoding=\"async\" src=\"https:\/\/adenilsongiovanini.com.br\/blog\/wp-content\/uploads\/2022\/06\/planta-planialtimetrica-553x780.png\" alt=\"planta planialtim\u00e9trica\" width=\"553\" height=\"780\" class=\"aligncenter wp-image-30626 size-large\" srcset=\"https:\/\/adenilsongiovanini.com.br\/blog\/wp-content\/uploads\/2022\/06\/planta-planialtimetrica-553x780.png 553w, https:\/\/adenilsongiovanini.com.br\/blog\/wp-content\/uploads\/2022\/06\/planta-planialtimetrica-213x300.png 213w, https:\/\/adenilsongiovanini.com.br\/blog\/wp-content\/uploads\/2022\/06\/planta-planialtimetrica-768x1083.png 768w, https:\/\/adenilsongiovanini.com.br\/blog\/wp-content\/uploads\/2022\/06\/planta-planialtimetrica.png 1018w\" sizes=\"(max-width: 553px) 100vw, 553px\" \/><\/p>\n<p>&nbsp;<\/p>\n<p style=\"text-align: center;\"><span style=\"font-family: arial, helvetica, sans-serif; font-size: 20px; color: #000000;\">8 &#8211; Planta Planialtim\u00e9trica Cadastral<\/span><\/p>\n<p style=\"text-align: center;\"><img decoding=\"async\" src=\"https:\/\/adenilsongiovanini.com.br\/blog\/wp-content\/uploads\/2022\/06\/planta-planialtimetrica-cadastral-3-780x545.png\" alt=\"escala de um mapa - planta planialtim\u00e9trica cadastral\" width=\"750\" height=\"524\" class=\"aligncenter wp-image-30627 size-large\" srcset=\"https:\/\/adenilsongiovanini.com.br\/blog\/wp-content\/uploads\/2022\/06\/planta-planialtimetrica-cadastral-3-780x545.png 780w, https:\/\/adenilsongiovanini.com.br\/blog\/wp-content\/uploads\/2022\/06\/planta-planialtimetrica-cadastral-3-300x209.png 300w, https:\/\/adenilsongiovanini.com.br\/blog\/wp-content\/uploads\/2022\/06\/planta-planialtimetrica-cadastral-3-768x536.png 768w, https:\/\/adenilsongiovanini.com.br\/blog\/wp-content\/uploads\/2022\/06\/planta-planialtimetrica-cadastral-3-1536x1072.png 1536w, https:\/\/adenilsongiovanini.com.br\/blog\/wp-content\/uploads\/2022\/06\/planta-planialtimetrica-cadastral-3.png 1597w\" sizes=\"(max-width: 750px) 100vw, 750px\" \/><\/p>\n<p>&nbsp;<\/p>\n<p style=\"text-align: center;\"><span style=\"font-family: arial, helvetica, sans-serif; font-size: 20px; color: #000000;\">9 &#8211; Plantas Para Processo de Sucess\u00e3o<\/span><\/p>\n<p style=\"text-align: center;\"><img decoding=\"async\" src=\"https:\/\/adenilsongiovanini.com.br\/blog\/wp-content\/uploads\/2022\/06\/Planta-para-processo-de-sucessao-780x554.png\" alt=\"planta para processo de sucess\u00e3o\" width=\"750\" height=\"533\" class=\"aligncenter wp-image-30628 size-large\" srcset=\"https:\/\/adenilsongiovanini.com.br\/blog\/wp-content\/uploads\/2022\/06\/Planta-para-processo-de-sucessao-780x554.png 780w, https:\/\/adenilsongiovanini.com.br\/blog\/wp-content\/uploads\/2022\/06\/Planta-para-processo-de-sucessao-300x213.png 300w, https:\/\/adenilsongiovanini.com.br\/blog\/wp-content\/uploads\/2022\/06\/Planta-para-processo-de-sucessao-768x545.png 768w, https:\/\/adenilsongiovanini.com.br\/blog\/wp-content\/uploads\/2022\/06\/Planta-para-processo-de-sucessao.png 1385w\" sizes=\"(max-width: 750px) 100vw, 750px\" \/><\/p>\n<p>&nbsp;<\/p>\n<p style=\"text-align: center;\">\n<span style=\"font-family: arial, helvetica, sans-serif; font-size: 20px; color: #000000;\">10 &#8211; Planta a Partir de Dados Obtidos Com Esta\u00e7\u00e3o Total<\/span><\/p>\n<p style=\"text-align: center;\"><img decoding=\"async\" src=\"https:\/\/adenilsongiovanini.com.br\/blog\/wp-content\/uploads\/2022\/06\/estacao-total-742x780.png\" alt=\"planta a partir de dados obtidos com esta\u00e7\u00e3o total\" width=\"742\" height=\"780\" class=\"aligncenter wp-image-30629 size-large\" srcset=\"https:\/\/adenilsongiovanini.com.br\/blog\/wp-content\/uploads\/2022\/06\/estacao-total-742x780.png 742w, https:\/\/adenilsongiovanini.com.br\/blog\/wp-content\/uploads\/2022\/06\/estacao-total-286x300.png 286w, https:\/\/adenilsongiovanini.com.br\/blog\/wp-content\/uploads\/2022\/06\/estacao-total-768x807.png 768w, https:\/\/adenilsongiovanini.com.br\/blog\/wp-content\/uploads\/2022\/06\/estacao-total.png 1441w\" sizes=\"(max-width: 742px) 100vw, 742px\" \/><\/p>\n<p>&nbsp;<\/p>\n<p style=\"text-align: center;\"><span style=\"font-family: arial, helvetica, sans-serif; font-size: 20px; color: #000000;\">11 &#8211; Planta de Situa\u00e7\u00e3o Para Projetos de Loteamento<\/span><\/p>\n<p><img decoding=\"async\" src=\"https:\/\/adenilsongiovanini.com.br\/blog\/wp-content\/uploads\/2022\/06\/Planta-de-situacao-780x554.png\" alt=\"escala de um mapa - planta de situa\u00e7\u00e3o\" width=\"750\" height=\"533\" class=\"aligncenter wp-image-30630 size-large\" srcset=\"https:\/\/adenilsongiovanini.com.br\/blog\/wp-content\/uploads\/2022\/06\/Planta-de-situacao-780x554.png 780w, https:\/\/adenilsongiovanini.com.br\/blog\/wp-content\/uploads\/2022\/06\/Planta-de-situacao-300x213.png 300w, https:\/\/adenilsongiovanini.com.br\/blog\/wp-content\/uploads\/2022\/06\/Planta-de-situacao-768x545.png 768w, https:\/\/adenilsongiovanini.com.br\/blog\/wp-content\/uploads\/2022\/06\/Planta-de-situacao.png 1385w\" sizes=\"(max-width: 750px) 100vw, 750px\" \/><\/p>\n<p><img decoding=\"async\" src=\"https:\/\/adenilsongiovanini.com.br\/blog\/wp-content\/uploads\/2020\/05\/setas-azuis-triplas-e1427388827173.png\" alt=\"setas\" width=\"400\" height=\"200\" class=\"aligncenter size-full wp-image-16897\" srcset=\"https:\/\/adenilsongiovanini.com.br\/blog\/wp-content\/uploads\/2020\/05\/setas-azuis-triplas-e1427388827173.png 400w, https:\/\/adenilsongiovanini.com.br\/blog\/wp-content\/uploads\/2020\/05\/setas-azuis-triplas-e1427388827173-300x150.png 300w\" sizes=\"(max-width: 400px) 100vw, 400px\" \/><\/p>\n<p><img decoding=\"async\" src=\"https:\/\/adenilsongiovanini.com.br\/blog\/wp-content\/uploads\/2022\/06\/curso-autocad-para-topografia-780x445.png\" alt=\"Planta de Localiza\u00e7\u00e3o e Situa\u00e7\u00e3o - curso autocad topografia\" width=\"750\" height=\"428\" class=\"aligncenter wp-image-30631 size-large\" srcset=\"https:\/\/adenilsongiovanini.com.br\/blog\/wp-content\/uploads\/2022\/06\/curso-autocad-para-topografia-780x445.png 780w, https:\/\/adenilsongiovanini.com.br\/blog\/wp-content\/uploads\/2022\/06\/curso-autocad-para-topografia-300x171.png 300w, https:\/\/adenilsongiovanini.com.br\/blog\/wp-content\/uploads\/2022\/06\/curso-autocad-para-topografia-768x438.png 768w, https:\/\/adenilsongiovanini.com.br\/blog\/wp-content\/uploads\/2022\/06\/curso-autocad-para-topografia-1536x876.png 1536w, https:\/\/adenilsongiovanini.com.br\/blog\/wp-content\/uploads\/2022\/06\/curso-autocad-para-topografia-2048x1168.png 2048w\" sizes=\"(max-width: 750px) 100vw, 750px\" \/><\/p>\n<p><img decoding=\"async\" src=\"https:\/\/adenilsongiovanini.com.br\/blog\/wp-content\/uploads\/2020\/05\/setas-azuis-triplas-e1427388827173.png\" alt=\"setas triplas\" width=\"400\" height=\"200\" class=\"aligncenter size-full wp-image-16897\" srcset=\"https:\/\/adenilsongiovanini.com.br\/blog\/wp-content\/uploads\/2020\/05\/setas-azuis-triplas-e1427388827173.png 400w, https:\/\/adenilsongiovanini.com.br\/blog\/wp-content\/uploads\/2020\/05\/setas-azuis-triplas-e1427388827173-300x150.png 300w\" sizes=\"(max-width: 400px) 100vw, 400px\" \/><\/p>\n<div class=\"su-button-center\"><a href=\"https:\/\/pay.hotmart.com\/S18202342O?off=zbm5anww&#038;checkoutMode=10\" class=\"su-button su-button-style-3d su-button-wide\" style=\"color:#000000;background-color:#00b025;border-color:#008d1e;border-radius:15px\" target=\"_blank\" rel=\"nofollow\" id=\"2\"><span style=\"color:#000000;padding:0px 36px;font-size:26px;line-height:52px;border-color:#4dc867;border-radius:15px;text-shadow:0px 0px 0px #000000\"> &gt; Quero Adquirir o Curso, Pois Quero (e preciso) Aprender a Produzir Plantas Topogr\u00e1ficas&#8230;<\/span><\/a><\/div>\n<p>&nbsp;<\/p>\n<p>&nbsp;<\/p>\n<h3 style=\"text-align: center;\"><span style=\"font-size: 24px;\"><strong><span style=\"color: #000000; font-family: arial, helvetica, sans-serif;\">Plantas e Croquis Para Projetos de Licenciamento Ambiental<\/span><\/strong><\/span><\/h3>\n<p style=\"text-align: center;\"><span style=\"font-size: 20px;\"><span style=\"color: #000000; font-family: arial, helvetica, sans-serif;\">12 &#8211; Croqui de Acesso<\/span><\/span><\/p>\n<p><img decoding=\"async\" src=\"https:\/\/adenilsongiovanini.com.br\/blog\/wp-content\/uploads\/2022\/06\/croqui-de-acesso-2-519x780.png\" alt=\"Planta de Localiza\u00e7\u00e3o e Situa\u00e7\u00e3o - croqui de acesso\" width=\"519\" height=\"780\" class=\"aligncenter wp-image-30632 size-large\" srcset=\"https:\/\/adenilsongiovanini.com.br\/blog\/wp-content\/uploads\/2022\/06\/croqui-de-acesso-2-519x780.png 519w, https:\/\/adenilsongiovanini.com.br\/blog\/wp-content\/uploads\/2022\/06\/croqui-de-acesso-2-200x300.png 200w, https:\/\/adenilsongiovanini.com.br\/blog\/wp-content\/uploads\/2022\/06\/croqui-de-acesso-2-768x1155.png 768w, https:\/\/adenilsongiovanini.com.br\/blog\/wp-content\/uploads\/2022\/06\/croqui-de-acesso-2-1021x1536.png 1021w, https:\/\/adenilsongiovanini.com.br\/blog\/wp-content\/uploads\/2022\/06\/croqui-de-acesso-2.png 1219w\" sizes=\"(max-width: 519px) 100vw, 519px\" \/><\/p>\n<p>&nbsp;<\/p>\n<p style=\"text-align: center;\"><span style=\"font-size: 20px;\"><span style=\"color: #000000; font-family: arial, helvetica, sans-serif;\"><br \/>\n13 &#8211; Planta Baixa da \u00c1rea a Ser Licenciada<\/span><\/span><\/p>\n<p><img decoding=\"async\" src=\"https:\/\/adenilsongiovanini.com.br\/blog\/wp-content\/uploads\/2022\/06\/planta-baixa-1-553x780.png\" alt=\"escala de um mapa - planta baixa\" width=\"553\" height=\"780\" class=\"aligncenter wp-image-30633 size-large\" srcset=\"https:\/\/adenilsongiovanini.com.br\/blog\/wp-content\/uploads\/2022\/06\/planta-baixa-1-553x780.png 553w, https:\/\/adenilsongiovanini.com.br\/blog\/wp-content\/uploads\/2022\/06\/planta-baixa-1-213x300.png 213w, https:\/\/adenilsongiovanini.com.br\/blog\/wp-content\/uploads\/2022\/06\/planta-baixa-1-768x1084.png 768w, https:\/\/adenilsongiovanini.com.br\/blog\/wp-content\/uploads\/2022\/06\/planta-baixa-1.png 1017w\" sizes=\"(max-width: 553px) 100vw, 553px\" \/><\/p>\n<h3 style=\"text-align: center;\"><span style=\"font-size: 24px;\"><strong><span style=\"color: #000000; font-family: arial, helvetica, sans-serif;\">Plantas e Croquis Para Projetos de Cr\u00e9dito Rural<\/span><\/strong><\/span><\/h3>\n<p>&nbsp;<\/p>\n<h3 style=\"text-align: center;\"><span style=\"font-size: 20px;\"><span style=\"color: #000000; font-family: arial, helvetica, sans-serif;\">14 &#8211; Croqui de Acesso e Localiza\u00e7\u00e3o Para Projetos de Cr\u00e9dito Rural<\/span><\/span><\/h3>\n<p style=\"text-align: center;\"><span style=\"font-size: 20px;\"><span style=\"color: #000000; font-family: arial, helvetica, sans-serif;\"><img decoding=\"async\" src=\"https:\/\/adenilsongiovanini.com.br\/blog\/wp-content\/uploads\/2022\/06\/croqui-de-acesso-e-localizacao-1-546x780.png\" alt=\"croqui de acesso e localiza\u00e7\u00e3o\" width=\"546\" height=\"780\" class=\"aligncenter wp-image-30634 size-large\" srcset=\"https:\/\/adenilsongiovanini.com.br\/blog\/wp-content\/uploads\/2022\/06\/croqui-de-acesso-e-localizacao-1-546x780.png 546w, https:\/\/adenilsongiovanini.com.br\/blog\/wp-content\/uploads\/2022\/06\/croqui-de-acesso-e-localizacao-1-210x300.png 210w, https:\/\/adenilsongiovanini.com.br\/blog\/wp-content\/uploads\/2022\/06\/croqui-de-acesso-e-localizacao-1-768x1098.png 768w, https:\/\/adenilsongiovanini.com.br\/blog\/wp-content\/uploads\/2022\/06\/croqui-de-acesso-e-localizacao-1-1075x1536.png 1075w, https:\/\/adenilsongiovanini.com.br\/blog\/wp-content\/uploads\/2022\/06\/croqui-de-acesso-e-localizacao-1.png 1272w\" sizes=\"(max-width: 546px) 100vw, 546px\" \/><br \/>\n<\/span><\/span><\/p>\n<p>&nbsp;<\/p>\n<p style=\"text-align: center;\"><span style=\"font-size: 20px;\"><span style=\"color: #000000; font-family: arial, helvetica, sans-serif;\">15 &#8211; Planta Das \u00c1reas Alvo do Projeto de Cr\u00e9dito Rural<\/span><\/span><\/p>\n<p><img decoding=\"async\" src=\"https:\/\/adenilsongiovanini.com.br\/blog\/wp-content\/uploads\/2022\/06\/planta-para-credito-rural-1-518x780.png\" alt=\"escala de um mapa - planta para cr\u00e9dito rural\" width=\"518\" height=\"780\" class=\"aligncenter wp-image-30635 size-large\" srcset=\"https:\/\/adenilsongiovanini.com.br\/blog\/wp-content\/uploads\/2022\/06\/planta-para-credito-rural-1-518x780.png 518w, https:\/\/adenilsongiovanini.com.br\/blog\/wp-content\/uploads\/2022\/06\/planta-para-credito-rural-1-199x300.png 199w, https:\/\/adenilsongiovanini.com.br\/blog\/wp-content\/uploads\/2022\/06\/planta-para-credito-rural-1-768x1156.png 768w, https:\/\/adenilsongiovanini.com.br\/blog\/wp-content\/uploads\/2022\/06\/planta-para-credito-rural-1.png 953w\" sizes=\"(max-width: 518px) 100vw, 518px\" \/><\/p>\n<p><img decoding=\"async\" src=\"https:\/\/adenilsongiovanini.com.br\/blog\/wp-content\/uploads\/2020\/05\/setas-azuis-triplas-e1427388827173.png\" alt=\"setas azuis\" width=\"400\" height=\"200\" class=\"aligncenter size-full wp-image-16897\" srcset=\"https:\/\/adenilsongiovanini.com.br\/blog\/wp-content\/uploads\/2020\/05\/setas-azuis-triplas-e1427388827173.png 400w, https:\/\/adenilsongiovanini.com.br\/blog\/wp-content\/uploads\/2020\/05\/setas-azuis-triplas-e1427388827173-300x150.png 300w\" sizes=\"(max-width: 400px) 100vw, 400px\" \/><\/p>\n<p><img decoding=\"async\" src=\"https:\/\/adenilsongiovanini.com.br\/blog\/wp-content\/uploads\/2022\/06\/planta-topografica-780x440.png\" alt=\"planta topogr\u00e1fica\" width=\"750\" height=\"423\" class=\"aligncenter wp-image-30636 size-large\" srcset=\"https:\/\/adenilsongiovanini.com.br\/blog\/wp-content\/uploads\/2022\/06\/planta-topografica-780x440.png 780w, https:\/\/adenilsongiovanini.com.br\/blog\/wp-content\/uploads\/2022\/06\/planta-topografica-300x169.png 300w, https:\/\/adenilsongiovanini.com.br\/blog\/wp-content\/uploads\/2022\/06\/planta-topografica-768x433.png 768w, https:\/\/adenilsongiovanini.com.br\/blog\/wp-content\/uploads\/2022\/06\/planta-topografica.png 1081w\" sizes=\"(max-width: 750px) 100vw, 750px\" \/><\/p>\n<p><img decoding=\"async\" src=\"https:\/\/adenilsongiovanini.com.br\/blog\/wp-content\/uploads\/2020\/05\/setas-azuis-triplas-e1427388827173.png\" alt=\"seas triplas\" width=\"400\" height=\"200\" class=\"aligncenter size-full wp-image-16897\" srcset=\"https:\/\/adenilsongiovanini.com.br\/blog\/wp-content\/uploads\/2020\/05\/setas-azuis-triplas-e1427388827173.png 400w, https:\/\/adenilsongiovanini.com.br\/blog\/wp-content\/uploads\/2020\/05\/setas-azuis-triplas-e1427388827173-300x150.png 300w\" sizes=\"(max-width: 400px) 100vw, 400px\" \/><\/p>\n<div class=\"su-button-center\"><a href=\"https:\/\/pay.hotmart.com\/S18202342O?off=zbm5anww&#038;checkoutMode=10\" class=\"su-button su-button-style-3d su-button-wide\" style=\"color:#000000;background-color:#00b025;border-color:#008d1e;border-radius:15px\" target=\"_blank\" rel=\"nofollow\" id=\"2\"><span style=\"color:#000000;padding:0px 36px;font-size:26px;line-height:52px;border-color:#4dc867;border-radius:15px;text-shadow:0px 0px 0px #000000\"> &gt; Quero Adquirir o Curso, Pois Quero (e preciso) Aprender a Produzir Plantas Topogr\u00e1ficas&#8230;<\/span><\/a><\/div>\n<p>&nbsp;<\/p>\n<p>&nbsp;<\/p>\n<h2 style=\"text-align: center;\"><span style=\"font-size: 24px;\"><strong><span style=\"color: #000000; font-family: arial, helvetica, sans-serif;\">Escala de um mapa &#8211; B\u00f4nus que voc\u00ea ganhar\u00e1 juntamente com o curso<\/span><\/strong><\/span><\/h2>\n<p><span style=\"font-size: 20px;\"><span style=\"color: #000000; font-family: arial, helvetica, sans-serif;\">Juntamente com o curso, <strong>voc\u00ea ganhar\u00e1 7 b\u00f4nus<\/strong>. S\u00e3o eles:<\/span><\/span><\/p>\n<ul>\n<li><span style=\"font-family: arial, helvetica, sans-serif; font-size: 20px; color: #000000;\">B\u00f4nus 1 &#8211; Apostila AutoCAD Para Topografia Cadastral;<\/span><\/li>\n<li><span style=\"font-family: arial, helvetica, sans-serif; font-size: 20px; color: #000000;\">B\u00f4nus 2 &#8211; E-book Planta Topogr\u00e1fica;<\/span><\/li>\n<li><span style=\"font-family: arial, helvetica, sans-serif; font-size: 20px; color: #000000;\">B\u00f4nus 3 &#8211; Interpetra\u00e7\u00e3o de Matr\u00edcula;<\/span><\/li>\n<li><span style=\"font-family: arial, helvetica, sans-serif; font-size: 20px; color: #000000;\">B\u00f4nus 4 &#8211; Layouts Formatos A0 o A4;<\/span><\/li>\n<li><span style=\"font-family: arial, helvetica, sans-serif; font-size: 20px; color: #000000;\">B\u00f4nus 5 &#8211; Box com Hachuras, Rotinas Lisps, Blocos e Setas do AutoCAD;<\/span><\/li>\n<li><span style=\"font-family: arial, helvetica, sans-serif; font-size: 20px; color: #000000;\">B\u00f4nus 6 &#8211; Curso de DataGeosis e;<\/span><\/li>\n<li><span style=\"font-family: arial, helvetica, sans-serif; font-size: 20px; color: #000000;\">B\u00f4nus 7 &#8211; Curso de Topografia no Civil 3D.<\/span><\/li>\n<\/ul>\n<p><img decoding=\"async\" src=\"https:\/\/adenilsongiovanini.com.br\/blog\/wp-content\/uploads\/2022\/06\/plantas-de-topografia-780x383.png\" alt=\"plantas de topografia\" width=\"750\" height=\"368\" class=\"aligncenter wp-image-30637 size-large\" srcset=\"https:\/\/adenilsongiovanini.com.br\/blog\/wp-content\/uploads\/2022\/06\/plantas-de-topografia-780x383.png 780w, https:\/\/adenilsongiovanini.com.br\/blog\/wp-content\/uploads\/2022\/06\/plantas-de-topografia-300x147.png 300w, https:\/\/adenilsongiovanini.com.br\/blog\/wp-content\/uploads\/2022\/06\/plantas-de-topografia-768x377.png 768w, https:\/\/adenilsongiovanini.com.br\/blog\/wp-content\/uploads\/2022\/06\/plantas-de-topografia.png 1255w\" sizes=\"(max-width: 750px) 100vw, 750px\" \/><\/p>\n<p><img decoding=\"async\" src=\"https:\/\/adenilsongiovanini.com.br\/blog\/wp-content\/uploads\/2020\/05\/setas-azuis-triplas-e1427388827173.png\" alt=\"seta\" width=\"400\" height=\"200\" class=\"aligncenter size-full wp-image-16897\" srcset=\"https:\/\/adenilsongiovanini.com.br\/blog\/wp-content\/uploads\/2020\/05\/setas-azuis-triplas-e1427388827173.png 400w, https:\/\/adenilsongiovanini.com.br\/blog\/wp-content\/uploads\/2020\/05\/setas-azuis-triplas-e1427388827173-300x150.png 300w\" sizes=\"(max-width: 400px) 100vw, 400px\" \/><\/p>\n<p><img decoding=\"async\" src=\"https:\/\/adenilsongiovanini.com.br\/blog\/wp-content\/uploads\/2022\/06\/planta-de-topografia-780x505.png\" alt=\"escala de um mapa - planta para topografia\" width=\"750\" height=\"486\" class=\"aligncenter wp-image-30618 size-large\" srcset=\"https:\/\/adenilsongiovanini.com.br\/blog\/wp-content\/uploads\/2022\/06\/planta-de-topografia-780x505.png 780w, https:\/\/adenilsongiovanini.com.br\/blog\/wp-content\/uploads\/2022\/06\/planta-de-topografia-300x194.png 300w, https:\/\/adenilsongiovanini.com.br\/blog\/wp-content\/uploads\/2022\/06\/planta-de-topografia-768x497.png 768w, https:\/\/adenilsongiovanini.com.br\/blog\/wp-content\/uploads\/2022\/06\/planta-de-topografia.png 1248w\" sizes=\"(max-width: 750px) 100vw, 750px\" \/><\/p>\n<p><img decoding=\"async\" src=\"https:\/\/adenilsongiovanini.com.br\/blog\/wp-content\/uploads\/2020\/05\/setas-azuis-triplas-e1427388827173.png\" alt=\"setas triplas\" width=\"400\" height=\"200\" class=\"aligncenter size-full wp-image-16897\" srcset=\"https:\/\/adenilsongiovanini.com.br\/blog\/wp-content\/uploads\/2020\/05\/setas-azuis-triplas-e1427388827173.png 400w, https:\/\/adenilsongiovanini.com.br\/blog\/wp-content\/uploads\/2020\/05\/setas-azuis-triplas-e1427388827173-300x150.png 300w\" sizes=\"(max-width: 400px) 100vw, 400px\" \/><\/p>\n<p><span style=\"font-family: arial, helvetica, sans-serif; font-size: 20px; color: #000000;\">Escolha uma das 2 alternativas abaixo:<\/span><\/p>\n<div class=\"su-button-center\"><a href=\"https:\/\/pay.hotmart.com\/S18202342O?off=zbm5anww&#038;checkoutMode=10\" class=\"su-button su-button-style-3d su-button-wide\" style=\"color:#000000;background-color:#00b025;border-color:#008d1e;border-radius:15px\" target=\"_blank\" rel=\"nofollow\" id=\"2\"><span style=\"color:#000000;padding:0px 36px;font-size:26px;line-height:52px;border-color:#4dc867;border-radius:15px;text-shadow:0px 0px 0px #000000\"> &gt; Quero Adquirir o Curso, Pois Quero (e preciso) Aprender a Produzir Plantas Topogr\u00e1ficas&#8230;<\/span><\/a><\/div>\n<p><span style=\"font-family: arial, helvetica, sans-serif; font-size: 20px; color: #000000;\">Ou:<\/span><\/p>\n<div class=\"su-button-center\"><a href=\"https:\/\/adenilsongiovanini.com.br\/topografia-no-autocad\/\" class=\"su-button su-button-style-3d su-button-wide\" style=\"color:#000000;background-color:#00b025;border-color:#008d1e;border-radius:15px\" target=\"_blank\" rel=\"nofollow\" id=\"2\"><span style=\"color:#000000;padding:0px 36px;font-size:26px;line-height:52px;border-color:#4dc867;border-radius:15px;text-shadow:0px 0px 0px #000000\"> &gt; Quero Conhecer Melhor o Curso e Os 7 B\u00f4nus Disponibilizandos Juntamente Com o Mesmo&#8230;<\/span><\/a><\/div>\n","protected":false},"excerpt":{"rendered":"<p>No que se refere a escala de um mapa, existem 3 diferentes tipos de escalas: Escala gr\u00e1fica; Escala de equival\u00eancia e; Escala num\u00e9rica. Por\u00e9m, dentre estes 3 tipos, os 2 corriqueiramente utilizados em mapas s\u00e3o a escala gr\u00e1fica e a escala num\u00e9rica. Vamos conhecer melhor estes 2 diferentes tipos de [&hellip;]<\/p>\n","protected":false},"author":1,"featured_media":4776,"comment_status":"closed","ping_status":"closed","sticky":false,"template":"","format":"standard","meta":{"_monsterinsights_skip_tracking":false,"_monsterinsights_sitenote_active":false,"_monsterinsights_sitenote_note":"","_monsterinsights_sitenote_category":0,"footnotes":""},"categories":[9],"tags":[],"class_list":["post-4772","post","type-post","status-publish","format-standard","has-post-thumbnail","hentry","category-topografia-cadastral"],"yoast_head":"<!-- This site is optimized with the Yoast SEO plugin v26.5 - https:\/\/yoast.com\/wordpress\/plugins\/seo\/ -->\n<title>Escala De Um Mapa? - Adenilson Giovanini<\/title>\n<meta name=\"description\" content=\"Descubra o que \u00e9 a escala de um mapa, quais os diferentes tipos existentes, como calcular e qual a diferen\u00e7a entre planta e mapa.\" \/>\n<meta name=\"robots\" content=\"index, follow, max-snippet:-1, max-image-preview:large, max-video-preview:-1\" \/>\n<link rel=\"canonical\" href=\"https:\/\/adenilsongiovanini.com.br\/blog\/escala-de-um-mapa\/\" \/>\n<meta property=\"og:locale\" content=\"pt_BR\" \/>\n<meta property=\"og:type\" content=\"article\" \/>\n<meta property=\"og:title\" content=\"Escala De Um Mapa? - Adenilson Giovanini\" \/>\n<meta property=\"og:description\" content=\"Descubra o que \u00e9 a escala de um mapa, quais os diferentes tipos existentes, como calcular e qual a diferen\u00e7a entre planta e mapa.\" \/>\n<meta property=\"og:url\" content=\"https:\/\/adenilsongiovanini.com.br\/blog\/escala-de-um-mapa\/\" \/>\n<meta property=\"og:site_name\" content=\"Adenilson Giovanini\" \/>\n<meta property=\"article:publisher\" content=\"https:\/\/www.facebook.com\/otopografo\/\" \/>\n<meta property=\"article:author\" content=\"https:\/\/www.facebook.com\/otopografo\/\" \/>\n<meta property=\"article:published_time\" content=\"2019-12-18T17:50:30+00:00\" \/>\n<meta property=\"article:modified_time\" content=\"2023-08-02T00:19:38+00:00\" \/>\n<meta property=\"og:image\" content=\"https:\/\/adenilsongiovanini.com.br\/blog\/wp-content\/uploads\/2019\/12\/escala-de-um-mapa-gr\u00e1fica.jpg\" \/>\n\t<meta property=\"og:image:width\" content=\"470\" \/>\n\t<meta property=\"og:image:height\" content=\"290\" \/>\n\t<meta property=\"og:image:type\" content=\"image\/jpeg\" \/>\n<meta name=\"author\" content=\"Adenilson Giovanini\" \/>\n<meta name=\"twitter:card\" content=\"summary_large_image\" \/>\n<meta name=\"twitter:label1\" content=\"Escrito por\" \/>\n\t<meta name=\"twitter:data1\" content=\"Adenilson Giovanini\" \/>\n\t<meta name=\"twitter:label2\" content=\"Est. tempo de leitura\" \/>\n\t<meta name=\"twitter:data2\" content=\"22 minutos\" \/>\n<script type=\"application\/ld+json\" class=\"yoast-schema-graph\">{\"@context\":\"https:\/\/schema.org\",\"@graph\":[{\"@type\":\"Article\",\"@id\":\"https:\/\/adenilsongiovanini.com.br\/blog\/escala-de-um-mapa\/#article\",\"isPartOf\":{\"@id\":\"https:\/\/adenilsongiovanini.com.br\/blog\/escala-de-um-mapa\/\"},\"author\":{\"name\":\"Adenilson Giovanini\",\"@id\":\"https:\/\/adenilsongiovanini.com.br\/blog\/#\/schema\/person\/9c1daa7da73c116aae2cb0568d1daa23\"},\"headline\":\"Escala De Um Mapa?\",\"datePublished\":\"2019-12-18T17:50:30+00:00\",\"dateModified\":\"2023-08-02T00:19:38+00:00\",\"mainEntityOfPage\":{\"@id\":\"https:\/\/adenilsongiovanini.com.br\/blog\/escala-de-um-mapa\/\"},\"wordCount\":2621,\"publisher\":{\"@id\":\"https:\/\/adenilsongiovanini.com.br\/blog\/#\/schema\/person\/9c1daa7da73c116aae2cb0568d1daa23\"},\"image\":{\"@id\":\"https:\/\/adenilsongiovanini.com.br\/blog\/escala-de-um-mapa\/#primaryimage\"},\"thumbnailUrl\":\"https:\/\/adenilsongiovanini.com.br\/blog\/wp-content\/uploads\/2019\/12\/escala-de-um-mapa-gr\u00e1fica.jpg\",\"articleSection\":[\"Topografia Cadastral\"],\"inLanguage\":\"pt-BR\"},{\"@type\":\"WebPage\",\"@id\":\"https:\/\/adenilsongiovanini.com.br\/blog\/escala-de-um-mapa\/\",\"url\":\"https:\/\/adenilsongiovanini.com.br\/blog\/escala-de-um-mapa\/\",\"name\":\"Escala De Um Mapa? - Adenilson Giovanini\",\"isPartOf\":{\"@id\":\"https:\/\/adenilsongiovanini.com.br\/blog\/#website\"},\"primaryImageOfPage\":{\"@id\":\"https:\/\/adenilsongiovanini.com.br\/blog\/escala-de-um-mapa\/#primaryimage\"},\"image\":{\"@id\":\"https:\/\/adenilsongiovanini.com.br\/blog\/escala-de-um-mapa\/#primaryimage\"},\"thumbnailUrl\":\"https:\/\/adenilsongiovanini.com.br\/blog\/wp-content\/uploads\/2019\/12\/escala-de-um-mapa-gr\u00e1fica.jpg\",\"datePublished\":\"2019-12-18T17:50:30+00:00\",\"dateModified\":\"2023-08-02T00:19:38+00:00\",\"description\":\"Descubra o que \u00e9 a escala de um mapa, quais os diferentes tipos existentes, como calcular e qual a diferen\u00e7a entre planta e mapa.\",\"breadcrumb\":{\"@id\":\"https:\/\/adenilsongiovanini.com.br\/blog\/escala-de-um-mapa\/#breadcrumb\"},\"inLanguage\":\"pt-BR\",\"potentialAction\":[{\"@type\":\"ReadAction\",\"target\":[\"https:\/\/adenilsongiovanini.com.br\/blog\/escala-de-um-mapa\/\"]}]},{\"@type\":\"ImageObject\",\"inLanguage\":\"pt-BR\",\"@id\":\"https:\/\/adenilsongiovanini.com.br\/blog\/escala-de-um-mapa\/#primaryimage\",\"url\":\"https:\/\/adenilsongiovanini.com.br\/blog\/wp-content\/uploads\/2019\/12\/escala-de-um-mapa-gr\u00e1fica.jpg\",\"contentUrl\":\"https:\/\/adenilsongiovanini.com.br\/blog\/wp-content\/uploads\/2019\/12\/escala-de-um-mapa-gr\u00e1fica.jpg\",\"width\":470,\"height\":290},{\"@type\":\"BreadcrumbList\",\"@id\":\"https:\/\/adenilsongiovanini.com.br\/blog\/escala-de-um-mapa\/#breadcrumb\",\"itemListElement\":[{\"@type\":\"ListItem\",\"position\":1,\"name\":\"Home\",\"item\":\"https:\/\/adenilsongiovanini.com.br\/blog\/\"},{\"@type\":\"ListItem\",\"position\":2,\"name\":\"Escala De Um Mapa?\"}]},{\"@type\":\"WebSite\",\"@id\":\"https:\/\/adenilsongiovanini.com.br\/blog\/#website\",\"url\":\"https:\/\/adenilsongiovanini.com.br\/blog\/\",\"name\":\"Adenilson Giovanini\",\"description\":\"Topografia e Geotecnologias\",\"publisher\":{\"@id\":\"https:\/\/adenilsongiovanini.com.br\/blog\/#\/schema\/person\/9c1daa7da73c116aae2cb0568d1daa23\"},\"potentialAction\":[{\"@type\":\"SearchAction\",\"target\":{\"@type\":\"EntryPoint\",\"urlTemplate\":\"https:\/\/adenilsongiovanini.com.br\/blog\/?s={search_term_string}\"},\"query-input\":{\"@type\":\"PropertyValueSpecification\",\"valueRequired\":true,\"valueName\":\"search_term_string\"}}],\"inLanguage\":\"pt-BR\"},{\"@type\":[\"Person\",\"Organization\"],\"@id\":\"https:\/\/adenilsongiovanini.com.br\/blog\/#\/schema\/person\/9c1daa7da73c116aae2cb0568d1daa23\",\"name\":\"Adenilson Giovanini\",\"image\":{\"@type\":\"ImageObject\",\"inLanguage\":\"pt-BR\",\"@id\":\"https:\/\/adenilsongiovanini.com.br\/blog\/#\/schema\/person\/image\/\",\"url\":\"https:\/\/adenilsongiovanini.com.br\/blog\/wp-content\/litespeed\/avatar\/be8f4de5c0b8a93c57a4f29cbf2f1e92.jpg?ver=1777130135\",\"contentUrl\":\"https:\/\/adenilsongiovanini.com.br\/blog\/wp-content\/litespeed\/avatar\/be8f4de5c0b8a93c57a4f29cbf2f1e92.jpg?ver=1777130135\",\"caption\":\"Adenilson Giovanini\"},\"logo\":{\"@id\":\"https:\/\/adenilsongiovanini.com.br\/blog\/#\/schema\/person\/image\/\"},\"description\":\"O Professor Adenilson Giovanini \u00e9 especialista em Topografia Cadastral e Georreferenciamento de Im\u00f3veis Rurais. O mesmo possui o Maior Site de Engenharia de Agrimensura do Brasil. Site este que tem mais de 102.000 visualiza\u00e7\u00f5es por m\u00eas. Tamb\u00e9m possui mais de 600 v\u00eddeos em seu canal no youtube. Al\u00e9m disso, \u00e9 escritor Best Seller, possuindo v\u00e1rios cursos e livros de sucesso.\",\"sameAs\":[\"http:\/\/adenilsongiovanini.com.br\",\"https:\/\/www.facebook.com\/otopografo\/\",\"https:\/\/www.instagram.com\/adenilson_giovanini\/\",\"https:\/\/www.linkedin.com\/in\/adenilson-giovanini-819b8035\/\",\"https:\/\/br.pinterest.com\/adenilsongiovanini\/\",\"https:\/\/www.youtube.com\/channel\/uce-br7ghiuog2txcsdx5vrw\"]}]}<\/script>\n<!-- \/ Yoast SEO plugin. -->","yoast_head_json":{"title":"Escala De Um Mapa? - Adenilson Giovanini","description":"Descubra o que \u00e9 a escala de um mapa, quais os diferentes tipos existentes, como calcular e qual a diferen\u00e7a entre planta e mapa.","robots":{"index":"index","follow":"follow","max-snippet":"max-snippet:-1","max-image-preview":"max-image-preview:large","max-video-preview":"max-video-preview:-1"},"canonical":"https:\/\/adenilsongiovanini.com.br\/blog\/escala-de-um-mapa\/","og_locale":"pt_BR","og_type":"article","og_title":"Escala De Um Mapa? - Adenilson Giovanini","og_description":"Descubra o que \u00e9 a escala de um mapa, quais os diferentes tipos existentes, como calcular e qual a diferen\u00e7a entre planta e mapa.","og_url":"https:\/\/adenilsongiovanini.com.br\/blog\/escala-de-um-mapa\/","og_site_name":"Adenilson Giovanini","article_publisher":"https:\/\/www.facebook.com\/otopografo\/","article_author":"https:\/\/www.facebook.com\/otopografo\/","article_published_time":"2019-12-18T17:50:30+00:00","article_modified_time":"2023-08-02T00:19:38+00:00","og_image":[{"width":470,"height":290,"url":"https:\/\/adenilsongiovanini.com.br\/blog\/wp-content\/uploads\/2019\/12\/escala-de-um-mapa-gr\u00e1fica.jpg","type":"image\/jpeg"}],"author":"Adenilson Giovanini","twitter_card":"summary_large_image","twitter_misc":{"Escrito por":"Adenilson Giovanini","Est. tempo de leitura":"22 minutos"},"schema":{"@context":"https:\/\/schema.org","@graph":[{"@type":"Article","@id":"https:\/\/adenilsongiovanini.com.br\/blog\/escala-de-um-mapa\/#article","isPartOf":{"@id":"https:\/\/adenilsongiovanini.com.br\/blog\/escala-de-um-mapa\/"},"author":{"name":"Adenilson Giovanini","@id":"https:\/\/adenilsongiovanini.com.br\/blog\/#\/schema\/person\/9c1daa7da73c116aae2cb0568d1daa23"},"headline":"Escala De Um Mapa?","datePublished":"2019-12-18T17:50:30+00:00","dateModified":"2023-08-02T00:19:38+00:00","mainEntityOfPage":{"@id":"https:\/\/adenilsongiovanini.com.br\/blog\/escala-de-um-mapa\/"},"wordCount":2621,"publisher":{"@id":"https:\/\/adenilsongiovanini.com.br\/blog\/#\/schema\/person\/9c1daa7da73c116aae2cb0568d1daa23"},"image":{"@id":"https:\/\/adenilsongiovanini.com.br\/blog\/escala-de-um-mapa\/#primaryimage"},"thumbnailUrl":"https:\/\/adenilsongiovanini.com.br\/blog\/wp-content\/uploads\/2019\/12\/escala-de-um-mapa-gr\u00e1fica.jpg","articleSection":["Topografia Cadastral"],"inLanguage":"pt-BR"},{"@type":"WebPage","@id":"https:\/\/adenilsongiovanini.com.br\/blog\/escala-de-um-mapa\/","url":"https:\/\/adenilsongiovanini.com.br\/blog\/escala-de-um-mapa\/","name":"Escala De Um Mapa? - Adenilson Giovanini","isPartOf":{"@id":"https:\/\/adenilsongiovanini.com.br\/blog\/#website"},"primaryImageOfPage":{"@id":"https:\/\/adenilsongiovanini.com.br\/blog\/escala-de-um-mapa\/#primaryimage"},"image":{"@id":"https:\/\/adenilsongiovanini.com.br\/blog\/escala-de-um-mapa\/#primaryimage"},"thumbnailUrl":"https:\/\/adenilsongiovanini.com.br\/blog\/wp-content\/uploads\/2019\/12\/escala-de-um-mapa-gr\u00e1fica.jpg","datePublished":"2019-12-18T17:50:30+00:00","dateModified":"2023-08-02T00:19:38+00:00","description":"Descubra o que \u00e9 a escala de um mapa, quais os diferentes tipos existentes, como calcular e qual a diferen\u00e7a entre planta e mapa.","breadcrumb":{"@id":"https:\/\/adenilsongiovanini.com.br\/blog\/escala-de-um-mapa\/#breadcrumb"},"inLanguage":"pt-BR","potentialAction":[{"@type":"ReadAction","target":["https:\/\/adenilsongiovanini.com.br\/blog\/escala-de-um-mapa\/"]}]},{"@type":"ImageObject","inLanguage":"pt-BR","@id":"https:\/\/adenilsongiovanini.com.br\/blog\/escala-de-um-mapa\/#primaryimage","url":"https:\/\/adenilsongiovanini.com.br\/blog\/wp-content\/uploads\/2019\/12\/escala-de-um-mapa-gr\u00e1fica.jpg","contentUrl":"https:\/\/adenilsongiovanini.com.br\/blog\/wp-content\/uploads\/2019\/12\/escala-de-um-mapa-gr\u00e1fica.jpg","width":470,"height":290},{"@type":"BreadcrumbList","@id":"https:\/\/adenilsongiovanini.com.br\/blog\/escala-de-um-mapa\/#breadcrumb","itemListElement":[{"@type":"ListItem","position":1,"name":"Home","item":"https:\/\/adenilsongiovanini.com.br\/blog\/"},{"@type":"ListItem","position":2,"name":"Escala De Um Mapa?"}]},{"@type":"WebSite","@id":"https:\/\/adenilsongiovanini.com.br\/blog\/#website","url":"https:\/\/adenilsongiovanini.com.br\/blog\/","name":"Adenilson Giovanini","description":"Topografia e Geotecnologias","publisher":{"@id":"https:\/\/adenilsongiovanini.com.br\/blog\/#\/schema\/person\/9c1daa7da73c116aae2cb0568d1daa23"},"potentialAction":[{"@type":"SearchAction","target":{"@type":"EntryPoint","urlTemplate":"https:\/\/adenilsongiovanini.com.br\/blog\/?s={search_term_string}"},"query-input":{"@type":"PropertyValueSpecification","valueRequired":true,"valueName":"search_term_string"}}],"inLanguage":"pt-BR"},{"@type":["Person","Organization"],"@id":"https:\/\/adenilsongiovanini.com.br\/blog\/#\/schema\/person\/9c1daa7da73c116aae2cb0568d1daa23","name":"Adenilson Giovanini","image":{"@type":"ImageObject","inLanguage":"pt-BR","@id":"https:\/\/adenilsongiovanini.com.br\/blog\/#\/schema\/person\/image\/","url":"https:\/\/adenilsongiovanini.com.br\/blog\/wp-content\/litespeed\/avatar\/be8f4de5c0b8a93c57a4f29cbf2f1e92.jpg?ver=1777130135","contentUrl":"https:\/\/adenilsongiovanini.com.br\/blog\/wp-content\/litespeed\/avatar\/be8f4de5c0b8a93c57a4f29cbf2f1e92.jpg?ver=1777130135","caption":"Adenilson Giovanini"},"logo":{"@id":"https:\/\/adenilsongiovanini.com.br\/blog\/#\/schema\/person\/image\/"},"description":"O Professor Adenilson Giovanini \u00e9 especialista em Topografia Cadastral e Georreferenciamento de Im\u00f3veis Rurais. O mesmo possui o Maior Site de Engenharia de Agrimensura do Brasil. Site este que tem mais de 102.000 visualiza\u00e7\u00f5es por m\u00eas. Tamb\u00e9m possui mais de 600 v\u00eddeos em seu canal no youtube. Al\u00e9m disso, \u00e9 escritor Best Seller, possuindo v\u00e1rios cursos e livros de sucesso.","sameAs":["http:\/\/adenilsongiovanini.com.br","https:\/\/www.facebook.com\/otopografo\/","https:\/\/www.instagram.com\/adenilson_giovanini\/","https:\/\/www.linkedin.com\/in\/adenilson-giovanini-819b8035\/","https:\/\/br.pinterest.com\/adenilsongiovanini\/","https:\/\/www.youtube.com\/channel\/uce-br7ghiuog2txcsdx5vrw"]}]}},"amp_enabled":true,"_links":{"self":[{"href":"https:\/\/adenilsongiovanini.com.br\/blog\/wp-json\/wp\/v2\/posts\/4772","targetHints":{"allow":["GET"]}}],"collection":[{"href":"https:\/\/adenilsongiovanini.com.br\/blog\/wp-json\/wp\/v2\/posts"}],"about":[{"href":"https:\/\/adenilsongiovanini.com.br\/blog\/wp-json\/wp\/v2\/types\/post"}],"author":[{"embeddable":true,"href":"https:\/\/adenilsongiovanini.com.br\/blog\/wp-json\/wp\/v2\/users\/1"}],"replies":[{"embeddable":true,"href":"https:\/\/adenilsongiovanini.com.br\/blog\/wp-json\/wp\/v2\/comments?post=4772"}],"version-history":[{"count":0,"href":"https:\/\/adenilsongiovanini.com.br\/blog\/wp-json\/wp\/v2\/posts\/4772\/revisions"}],"wp:featuredmedia":[{"embeddable":true,"href":"https:\/\/adenilsongiovanini.com.br\/blog\/wp-json\/wp\/v2\/media\/4776"}],"wp:attachment":[{"href":"https:\/\/adenilsongiovanini.com.br\/blog\/wp-json\/wp\/v2\/media?parent=4772"}],"wp:term":[{"taxonomy":"category","embeddable":true,"href":"https:\/\/adenilsongiovanini.com.br\/blog\/wp-json\/wp\/v2\/categories?post=4772"},{"taxonomy":"post_tag","embeddable":true,"href":"https:\/\/adenilsongiovanini.com.br\/blog\/wp-json\/wp\/v2\/tags?post=4772"}],"curies":[{"name":"wp","href":"https:\/\/api.w.org\/{rel}","templated":true}]}}