{"id":4684,"date":"2019-12-17T17:56:42","date_gmt":"2019-12-17T17:56:42","guid":{"rendered":"http:\/\/adenilsongiovanini.com.br\/blog\/?p=4684"},"modified":"2022-08-10T12:10:33","modified_gmt":"2022-08-10T12:10:33","slug":"projecao-cilindrica","status":"publish","type":"post","link":"https:\/\/adenilsongiovanini.com.br\/blog\/projecao-cilindrica\/","title":{"rendered":"Proje\u00e7\u00e3o cil\u00edndrica: o que \u00e9 suas classifica\u00e7\u00f5es"},"content":{"rendered":"<p><span style=\"font-size: 20px; font-family: arial, helvetica, sans-serif; color: #000000; line-height: 1.3;\"><b>A proje\u00e7\u00e3o cil\u00edndrica<\/b> \u00e9 a proje\u00e7\u00e3o cartogr\u00e1fica na qual o Elipsoide \u00e9 projetado sobre um<span style=\"color: #0000ff;\"> cilindro <a style=\"color: #0000ff;\" title=\"Tangente\" href=\"https:\/\/pt.wikipedia.org\/wiki\/Tangente\">tangente<\/a><\/span> ou <span style=\"color: #0000ff;\"><a class=\"mw-disambig\" style=\"color: #0000ff;\" title=\"Secante\" href=\"https:\/\/pt.wikipedia.org\/wiki\/Secante\">secante<\/a><\/span>.<\/span><\/p>\n<p><span style=\"font-size: 20px; font-family: arial, helvetica, sans-serif; color: #000000; line-height: 1.3;\">Na caso, tangente significa que o cilindro toca o <span style=\"color: #0000ff;\"><a href=\"http:\/\/adenilsongiovanini.com.br\/blog\/elipsoide-o-que-e-e-para-que-serve\/\" target=\"_blank\" rel=\"noopener noreferrer\" style=\"color: #0000ff;\">elipsoide<\/a><\/span> em apenas 1 ponto e tangente significa que o cilindro toca o elipsoide em 2 ou mais pontos.<\/span><\/p>\n<p><span style=\"font-size: 20px; font-family: arial, helvetica, sans-serif; color: #000000; line-height: 1.3;\">A mesma tamb\u00e9m pode ser classificada quanto a posi\u00e7\u00e3o em rela\u00e7\u00e3o ao elipsoide. Podendo ser:<\/span><\/p>\n<ul>\n<li><span style=\"font-size: 20px; font-family: arial, helvetica, sans-serif; color: #000000; line-height: 1.3;\">Normal;<\/span><\/li>\n<li><span style=\"font-size: 20px; font-family: arial, helvetica, sans-serif; color: #000000; line-height: 1.3;\">Transversa ou;<\/span><\/li>\n<li><span style=\"font-size: 20px; font-family: arial, helvetica, sans-serif; color: #000000; line-height: 1.3;\">Obliqua.<\/span><\/li>\n<\/ul>\n<p><span style=\"font-size: 20px; font-family: arial, helvetica, sans-serif; color: #000000; line-height: 1.3;\">Veja os detalhes na imagem abaixo.<\/span><\/p>\n<p><span style=\"font-size: 20px; font-family: arial, helvetica, sans-serif; color: #000000;\"><img decoding=\"async\" class=\"aligncenter size-large wp-image-4685\" src=\"http:\/\/adenilsongiovanini.com.br\/blog\/wp-content\/uploads\/2019\/12\/Proje\u00e7\u00e3o-cilindrica-1024x538.gif\" alt=\"Proje\u00e7\u00e3o cilindrica\" width=\"1024\" height=\"538\" \/><\/span><\/p>\n<p>&nbsp;<\/p>\n<p><span style=\"font-size: 20px; font-family: arial, helvetica, sans-serif; color: #000000; line-height: 1.3;\">A titulo de curiosidade, as palavras gnom\u00f4nica, estereogr\u00e1fica e ortogr\u00e1fica na imagem acima significam:<\/span><\/p>\n<p>&nbsp;<\/p>\n<h2 id=\"firstHeading\" class=\"firstHeading\" lang=\"pt\" style=\"text-align: center;\"><span style=\"font-size: 24px;\"><strong><span style=\"color: #000000; font-family: arial, helvetica, sans-serif;\">Proje\u00e7\u00e3o cil\u00edndrica &#8211; Proje\u00e7\u00e3o gnom\u00f4nica<\/span><\/strong><\/span><\/h2>\n<p><span style=\"font-size: 20px;\"><img decoding=\"async\" class=\"aligncenter size-full wp-image-4692\" src=\"http:\/\/adenilsongiovanini.com.br\/blog\/wp-content\/uploads\/2019\/12\/Proje\u00e7\u00e3o-gnom\u00f4nica.jpg\" alt=\"Proje\u00e7\u00e3o gnom\u00f4nica\" width=\"300\" height=\"193\" \/><\/span><\/p>\n<p><span style=\"font-size: 20px; font-family: arial, helvetica, sans-serif; color: #000000; line-height: 1.3;\">Que a proje\u00e7\u00e3o do elipsoide \u00e9 a partir do centro do mesmo.<\/span><\/p>\n<p><span style=\"font-size: 20px; font-family: arial, helvetica, sans-serif; color: #000000; line-height: 1.3;\">Veja na imagem abaixo um exemplo de <span style=\"color: #0000ff;\"><a style=\"color: #0000ff;\" href=\"http:\/\/tele.ed.nom.br\/gno4.html\">proje\u00e7\u00e3o gnom\u00f4nica<\/a><\/span>.<\/span><\/p>\n<p><span style=\"font-size: 20px;\"><img decoding=\"async\" class=\"aligncenter wp-image-4693 size-large\" src=\"https:\/\/adenilsongiovanini.com.br\/blog\/wp-content\/uploads\/2019\/12\/Exemplo-de-proje\u00e7\u00e3o-gnom\u00f4nica-780x780.jpg\" alt=\"Exemplo de proje\u00e7\u00e3o gnom\u00f4nica\" width=\"780\" height=\"780\" srcset=\"https:\/\/adenilsongiovanini.com.br\/blog\/wp-content\/uploads\/2019\/12\/Exemplo-de-proje\u00e7\u00e3o-gnom\u00f4nica-780x780.jpg 780w, https:\/\/adenilsongiovanini.com.br\/blog\/wp-content\/uploads\/2019\/12\/Exemplo-de-proje\u00e7\u00e3o-gnom\u00f4nica-300x300.jpg 300w, https:\/\/adenilsongiovanini.com.br\/blog\/wp-content\/uploads\/2019\/12\/Exemplo-de-proje\u00e7\u00e3o-gnom\u00f4nica-150x150.jpg 150w, https:\/\/adenilsongiovanini.com.br\/blog\/wp-content\/uploads\/2019\/12\/Exemplo-de-proje\u00e7\u00e3o-gnom\u00f4nica-768x768.jpg 768w, https:\/\/adenilsongiovanini.com.br\/blog\/wp-content\/uploads\/2019\/12\/Exemplo-de-proje\u00e7\u00e3o-gnom\u00f4nica.jpg 800w\" sizes=\"(max-width: 780px) 100vw, 780px\" \/><\/span><\/p>\n<p>&nbsp;<\/p>\n<h2 style=\"text-align: center;\"><span style=\"font-size: 24px;\"><strong><span style=\"font-family: arial, helvetica, sans-serif; color: #000000; line-height: 1.3;\">Proje\u00e7\u00e3o estereogr\u00e1fica<\/span><\/strong><\/span><\/h2>\n<p><span style=\"font-size: 20px; font-family: arial, helvetica, sans-serif; color: #000000;\"><img decoding=\"async\" class=\"aligncenter size-full wp-image-4694\" src=\"http:\/\/adenilsongiovanini.com.br\/blog\/wp-content\/uploads\/2019\/12\/proje\u00e7\u00e3o-estereogr\u00e1fica.png\" alt=\"proje\u00e7\u00e3o estereogr\u00e1fica\" width=\"300\" height=\"299\" srcset=\"https:\/\/adenilsongiovanini.com.br\/blog\/wp-content\/uploads\/2019\/12\/proje\u00e7\u00e3o-estereogr\u00e1fica.png 300w, https:\/\/adenilsongiovanini.com.br\/blog\/wp-content\/uploads\/2019\/12\/proje\u00e7\u00e3o-estereogr\u00e1fica-150x150.png 150w\" sizes=\"(max-width: 300px) 100vw, 300px\" \/><\/span><\/p>\n<p><span style=\"font-size: 20px;\"><img decoding=\"async\" class=\"aligncenter size-full wp-image-4696\" src=\"http:\/\/adenilsongiovanini.com.br\/blog\/wp-content\/uploads\/2019\/12\/proje\u00e7\u00e3o-estereogr\u00e1fica-anima\u00e7\u00e3o.jpg\" alt=\"estereogr\u00e1fica anima\u00e7\u00e3o\" width=\"480\" height=\"360\" srcset=\"https:\/\/adenilsongiovanini.com.br\/blog\/wp-content\/uploads\/2019\/12\/proje\u00e7\u00e3o-estereogr\u00e1fica-anima\u00e7\u00e3o.jpg 480w, https:\/\/adenilsongiovanini.com.br\/blog\/wp-content\/uploads\/2019\/12\/proje\u00e7\u00e3o-estereogr\u00e1fica-anima\u00e7\u00e3o-300x225.jpg 300w\" sizes=\"(max-width: 480px) 100vw, 480px\" \/><\/span><\/p>\n<p><span style=\"font-size: 20px;\"><img decoding=\"async\" class=\"aligncenter wp-image-4697 size-large\" src=\"https:\/\/adenilsongiovanini.com.br\/blog\/wp-content\/uploads\/2019\/12\/stereographic-projection-780x555.gif\" alt=\"stereographic projection\" width=\"780\" height=\"555\" srcset=\"https:\/\/adenilsongiovanini.com.br\/blog\/wp-content\/uploads\/2019\/12\/stereographic-projection-780x555.gif 780w, https:\/\/adenilsongiovanini.com.br\/blog\/wp-content\/uploads\/2019\/12\/stereographic-projection-300x213.gif 300w, https:\/\/adenilsongiovanini.com.br\/blog\/wp-content\/uploads\/2019\/12\/stereographic-projection-768x546.gif 768w\" sizes=\"(max-width: 780px) 100vw, 780px\" \/><\/span><\/p>\n<p><span style=\"font-size: 20px; font-family: arial, helvetica, sans-serif; color: #000000; line-height: 1.3;\">A <b>proje\u00e7\u00e3o estereogr\u00e1fica<\/b> \u00e9 um tipo de proje\u00e7\u00e3o em que a superf\u00edcie de uma esfera \u00e9 representada sobre um <span style=\"color: #0000ff;\"><a style=\"color: #0000ff;\" href=\"https:\/\/pt.khanacademy.org\/math\/multivariable-calculus\/applications-of-multivariable-derivatives\/tangent-planes-and-local-linearization\/a\/tangent-planes\" target=\"_blank\" rel=\"noopener noreferrer\">plano tangente<\/a><\/span> a ela, utilizando-se como origem um ponto diametralmente oposto ao ponto de tang\u00eancia daquele plano com a esfera.<\/span><\/p>\n<p>&nbsp;<\/p>\n<h2 style=\"text-align: center;\"><span style=\"font-size: 24px;\"><strong><span style=\"font-family: arial, helvetica, sans-serif; color: #000000; line-height: 1.3;\">Proje\u00e7\u00e3o cil\u00edndrica &#8211; Proje\u00e7\u00e3o ortogr\u00e1fica<\/span><\/strong><\/span><\/h2>\n<p><span style=\"font-size: 20px; font-family: arial, helvetica, sans-serif; color: #000000;\"><img decoding=\"async\" class=\"aligncenter size-full wp-image-4695\" src=\"http:\/\/adenilsongiovanini.com.br\/blog\/wp-content\/uploads\/2019\/12\/proje\u00e7\u00e3o-ortogr\u00e1fica.png\" alt=\"proje\u00e7\u00e3o ortogr\u00e1fica\" width=\"479\" height=\"505\" srcset=\"https:\/\/adenilsongiovanini.com.br\/blog\/wp-content\/uploads\/2019\/12\/proje\u00e7\u00e3o-ortogr\u00e1fica.png 479w, https:\/\/adenilsongiovanini.com.br\/blog\/wp-content\/uploads\/2019\/12\/proje\u00e7\u00e3o-ortogr\u00e1fica-285x300.png 285w\" sizes=\"(max-width: 479px) 100vw, 479px\" \/><\/span><\/p>\n<p><span style=\"font-size: 20px; font-family: arial, helvetica, sans-serif; color: #000000; line-height: 1.3;\">A proje\u00e7\u00e3o ortogr\u00e1fica \u00e9 uma forma de representar graficamente objetos tridimensionais em superf\u00edcies planas, de modo a transmitir suas caracter\u00edsticas com precis\u00e3o e demonstrar sua verdadeira grandeza.<\/span><\/p>\n<p>&nbsp;<\/p>\n<h2 style=\"text-align: center;\"><span style=\"font-size: 24px;\"><strong><span style=\"font-family: arial, helvetica, sans-serif; color: #000000; line-height: 1.3;\">Exemplos de proje\u00e7\u00e3o cil\u00edndrica<\/span><\/strong><\/span><\/h2>\n<p><span style=\"font-size: 20px;\"><img decoding=\"async\" class=\"aligncenter size-full wp-image-4698\" src=\"http:\/\/adenilsongiovanini.com.br\/blog\/wp-content\/uploads\/2019\/12\/exemplos-de-proje\u00e7\u00e3o-cilindrica.jpg\" alt=\"exemplos de proje\u00e7\u00e3o cilindrica\" width=\"745\" height=\"373\" srcset=\"https:\/\/adenilsongiovanini.com.br\/blog\/wp-content\/uploads\/2019\/12\/exemplos-de-proje\u00e7\u00e3o-cilindrica.jpg 745w, https:\/\/adenilsongiovanini.com.br\/blog\/wp-content\/uploads\/2019\/12\/exemplos-de-proje\u00e7\u00e3o-cilindrica-300x150.jpg 300w\" sizes=\"(max-width: 745px) 100vw, 745px\" \/><\/span><\/p>\n<p>&nbsp;<\/p>\n<p><span style=\"font-size: 20px; font-family: arial, helvetica, sans-serif; color: #000000; line-height: 1.3;\">Como exemplos de proje\u00e7\u00f5es cil\u00edndricas temos:<\/span><\/p>\n<ul>\n<li><span style=\"color: #000000; font-family: arial, helvetica, sans-serif; font-size: 20px;\">Proje\u00e7\u00e3o cil\u00edndrica equidistante;<\/span><\/li>\n<li><span style=\"font-size: 20px; font-family: arial, helvetica, sans-serif; color: #000000; line-height: 1.3;\">Proje\u00e7\u00e3o de Mercator;<\/span><\/li>\n<li><span style=\"font-size: 20px; font-family: arial, helvetica, sans-serif; color: #000000; line-height: 1.3;\">Proje\u00e7\u00e3o cil\u00edndrica de Lambert;<\/span><\/li>\n<li><span style=\"font-size: 20px; font-family: arial, helvetica, sans-serif; color: #000000; line-height: 1.3;\">Proje\u00e7\u00e3o de Gall-Peters e;<\/span><\/li>\n<li><span style=\"font-size: 20px; font-family: arial, helvetica, sans-serif; color: #000000; line-height: 1.3;\">Universal Transversa de Mercator.<\/span><\/li>\n<\/ul>\n<p>&nbsp;<\/p>\n<h3 style=\"text-align: center;\"><span style=\"font-size: 24px;\"><strong><span style=\"font-family: arial, helvetica, sans-serif; color: #000000; line-height: 1.3;\">Proje\u00e7\u00e3o cil\u00edndrica equidistante<\/span><\/strong><\/span><\/h3>\n<p><span style=\"font-size: 20px; font-family: arial, helvetica, sans-serif; color: #000000;\"><img decoding=\"async\" class=\"aligncenter size-large wp-image-4686\" src=\"http:\/\/adenilsongiovanini.com.br\/blog\/wp-content\/uploads\/2019\/12\/proje\u00e7\u00e3o-cilindrica-equidistante-1024x513.jpg\" alt=\"proje\u00e7\u00e3o cilindrica equidistante\" width=\"1024\" height=\"513\" \/><\/span><\/p>\n<p>&nbsp;<\/p>\n<p><span style=\"font-size: 20px; font-family: arial, helvetica, sans-serif; color: #000000; line-height: 1.3;\">A proje\u00e7\u00e3o cil\u00edndrica equidistante \u00e9 uma <strong>proje\u00e7\u00e3o cartogr\u00e1fica cil\u00edndrica<\/strong> muito simples, cuja inven\u00e7\u00e3o se atribui a <span style=\"color: #0000ff;\"><a class=\"mw-redirect\" style=\"color: #0000ff;\" title=\"Marinus de Tiro\" href=\"https:\/\/pt.wikipedia.org\/wiki\/Marinus_de_Tiro\">Marinus de Tiro<\/a><\/span>.<\/span><\/p>\n<p><span style=\"font-size: 20px; font-family: arial, helvetica, sans-serif; color: #000000; line-height: 1.3;\">Devido a distor\u00e7\u00e3o produzida por esta proje\u00e7\u00e3o, a mesma n\u00e3o pode ser utilizada em mapas de navega\u00e7\u00e3o ou <span style=\"color: #0000ff;\"><a style=\"color: #0000ff;\" href=\"https:\/\/adenilsongiovanini.com.br\/blog\/plantas-topograficas-saiba-isso-antes-de-produzir\/\">plantas cadastrais<\/a><\/span>, mas \u00e9 habitualmente usada em <span style=\"color: #0000ff;\"><a href=\"http:\/\/adenilsongiovanini.com.br\/blog\/mapa-tematico\/\" target=\"_blank\" rel=\"noopener noreferrer\" style=\"color: #0000ff;\">mapas tem\u00e1ticos<\/a><\/span>.<\/span><\/p>\n<p>&nbsp;<\/p>\n<h3 style=\"text-align: center;\"><span style=\"font-size: 20px;\"><strong><span style=\"font-family: arial, helvetica, sans-serif; color: #000000; line-height: 1.3;\">Proje\u00e7\u00e3o de Mercator<\/span><\/strong><\/span><\/h3>\n<p><span style=\"font-size: 20px; font-family: arial, helvetica, sans-serif; color: #000000;\"><img decoding=\"async\" class=\"aligncenter size-full wp-image-4687\" src=\"http:\/\/adenilsongiovanini.com.br\/blog\/wp-content\/uploads\/2019\/12\/proje\u00e7\u00e3o-cilindrica-de-mercator.gif\" alt=\"mercator\" width=\"499\" height=\"321\" \/><\/span><\/p>\n<p><span style=\"font-size: 20px; font-family: arial, helvetica, sans-serif; color: #000000; line-height: 1.3;\">A <b>proje\u00e7\u00e3o de Mercator<\/b> \u00e9 um tipo de <strong><em>proje\u00e7\u00e3o cil\u00edndrica na qual os meridianos s\u00e3o planificados na forma de linhas retas paralelas verticais que s\u00e3o horizontalmente equidistantes<\/em><\/strong>.<\/span><\/p>\n<p><span style=\"font-size: 20px; font-family: arial, helvetica, sans-serif; color: #000000; line-height: 1.3;\">Os <span style=\"color: #0000ff;\"><a style=\"color: #0000ff;\" href=\"https:\/\/adenilsongiovanini.com.br\/blog\/paralelos-e-meridianos-descubra-o-que-sao\/\">paralelos<\/a><\/span> por outro lado, s\u00e3o planificados na forma de linhas retas paralelas horizontais, de modo que a dist\u00e2ncia vertical entre dois paralelos sucessivos \u00e9 tanto menor quanto mais pr\u00f3ximos esses paralelos estiverem da linha do equador.<\/span><\/p>\n<p><span style=\"font-size: 20px; font-family: arial, helvetica, sans-serif; color: #000000; line-height: 1.3;\">Essa proje\u00e7\u00e3o foi pela primeira vez apresentada em 1569, pelo cosm\u00f3grafo e cart\u00f3grafo flamengo <span style=\"color: #0000ff;\"><a class=\"mw-redirect\" style=\"color: #0000ff;\" title=\"Mercator\" href=\"https:\/\/pt.wikipedia.org\/wiki\/Mercator\">Gerhard Kramer<\/a><\/span> (em latim: Gerardus Mercator) atrav\u00e9s de um grande planisf\u00e9rio que media 250 cm x 128 cm e era constitu\u00eddo por dezoito folhas xilografadas separadamente.<\/span><\/p>\n<p>&nbsp;<\/p>\n<h3 style=\"text-align: center;\"><span style=\"font-size: 20px;\"><strong><span style=\"font-family: arial, helvetica, sans-serif; color: #000000; line-height: 1.3;\">Proje\u00e7\u00e3o cil\u00edndrica de Lambert<\/span><\/strong><\/span><\/h3>\n<p><span style=\"font-size: 20px; font-family: arial, helvetica, sans-serif; color: #000000;\"><img decoding=\"async\" class=\"aligncenter size-full wp-image-4688\" src=\"http:\/\/adenilsongiovanini.com.br\/blog\/wp-content\/uploads\/2019\/12\/proje\u00e7\u00e3o-cilindrica-de-lambert.png\" alt=\"cilindrica de lambert\" width=\"600\" height=\"191\" srcset=\"https:\/\/adenilsongiovanini.com.br\/blog\/wp-content\/uploads\/2019\/12\/proje\u00e7\u00e3o-cilindrica-de-lambert.png 600w, https:\/\/adenilsongiovanini.com.br\/blog\/wp-content\/uploads\/2019\/12\/proje\u00e7\u00e3o-cilindrica-de-lambert-300x96.png 300w\" sizes=\"(max-width: 600px) 100vw, 600px\" \/><\/span><\/p>\n<p>&nbsp;<\/p>\n<p><span style=\"font-size: 20px; font-family: arial, helvetica, sans-serif; color: #000000; line-height: 1.3;\"><b>A proje\u00e7\u00e3o cil\u00edndrica equivalente de Lambert<\/b> ou <b>proje\u00e7\u00e3o cil\u00edndrica de Lambert<\/b> \u00e9 uma proje\u00e7\u00e3o cil\u00edndrica e equivalente desenvolvida pelo matem\u00e1tico <a style=\"color: #000000;\" title=\"Johann Heinrich Lambert\" href=\"https:\/\/pt.wikipedia.org\/wiki\/Johann_Heinrich_Lambert\">J<span style=\"color: #0000ff;\">ohann<\/span><span style=\"color: #0000ff;\"><\/span><span style=\"color: #0000ff;\"> Heinrich Lambert<\/span><\/a> em 1772.<\/span><\/p>\n<p>&nbsp;<\/p>\n<h3 style=\"text-align: center;\"><span style=\"font-size: 20px;\"><strong><span style=\"font-family: arial, helvetica, sans-serif; color: #000000; line-height: 1.3;\">Proje\u00e7\u00e3o de Gall-Peters<\/span><\/strong><\/span><\/h3>\n<p><span style=\"font-size: 20px; font-family: arial, helvetica, sans-serif; color: #000000;\"><img decoding=\"async\" class=\"aligncenter size-full wp-image-4699\" src=\"http:\/\/adenilsongiovanini.com.br\/blog\/wp-content\/uploads\/2019\/12\/proje\u00e7\u00e3o-de-gall-peters.jpg\" alt=\"gall peters\" width=\"728\" height=\"493\" srcset=\"https:\/\/adenilsongiovanini.com.br\/blog\/wp-content\/uploads\/2019\/12\/proje\u00e7\u00e3o-de-gall-peters.jpg 728w, https:\/\/adenilsongiovanini.com.br\/blog\/wp-content\/uploads\/2019\/12\/proje\u00e7\u00e3o-de-gall-peters-300x203.jpg 300w\" sizes=\"(max-width: 728px) 100vw, 728px\" \/><\/span><\/p>\n<p><span style=\"font-size: 20px; font-family: arial, helvetica, sans-serif; color: #000000; line-height: 1.3;\">A <b>Proje\u00e7\u00e3o Peters<\/b> \u00e9 um tipo de proje\u00e7\u00e3o cartogr\u00e1fica cil\u00edndrica e equivalente. As retas perpendiculares aos paralelos e as linhas meridianas t\u00eam intervalos menores, o que resulta numa reprodu\u00e7\u00e3o fiel das \u00e1reas dos continentes \u00e0 custa de uma maior deforma\u00e7\u00e3o do formato deles.<\/span><\/p>\n<p><span style=\"font-size: 20px; font-family: arial, helvetica, sans-serif; color: #000000; line-height: 1.3;\">Esta proje\u00e7\u00e3o foi originalmente proposta por <span style=\"color: #0000ff;\"><a class=\"new\" style=\"color: #0000ff;\" title=\"James Gall (p\u00e1gina n\u00e3o existe)\" href=\"https:\/\/pt.wikipedia.org\/w\/index.php?title=James_Gall&amp;action=edit&amp;redlink=1\">James Gall<\/a><\/span> em 1885, mas foi largamente ignorada e retomada apenas em 1973 pelo historiador alem\u00e3o <span style=\"color: #0000ff;\"><a style=\"color: #0000ff;\" title=\"Arno Peters\" href=\"https:\/\/pt.wikipedia.org\/wiki\/Arno_Peters\">Arno Peters<\/a><\/span>.<\/span><\/p>\n<p><span style=\"font-size: 20px; font-family: arial, helvetica, sans-serif; color: #000000; line-height: 1.3;\">Sua cria\u00e7\u00e3o suscitou debates acalorados entre os cart\u00f3grafos, devido \u00e0s implica\u00e7\u00f5es pol\u00edticas de suas caracter\u00edsticas.<\/span><\/p>\n<p><span style=\"font-size: 20px; font-family: arial, helvetica, sans-serif; color: #000000; line-height: 1.3;\">A proje\u00e7\u00e3o de Gall-Peters \u00e9 dita &#8220;terceiro-mundista&#8221;, por dar um realce maior \u00e0s na\u00e7\u00f5es que historicamente comp\u00f5em a parte mais pobre do mundo. Tanto que Arno Peters batizou a proje\u00e7\u00e3o de &#8220;mapa para um mundo mais solid\u00e1rio&#8221;.<\/span><\/p>\n<p><span style=\"font-size: 20px; font-family: arial, helvetica, sans-serif; color: #000000; line-height: 1.3;\">Embora conserve a mesma distor\u00e7\u00e3o em longitude, os pa\u00edses situados em altas latitudes s\u00e3o relegados a um segundo plano, ao contr\u00e1rio da <span style=\"color: #0000ff;\"><a style=\"color: #0000ff;\" href=\"https:\/\/brasilescola.uol.com.br\/geografia\/projecao-mercator.htm\" target=\"_blank\" rel=\"noopener noreferrer\">proje\u00e7\u00e3o de Mercator<\/a><\/span>.<\/span><\/p>\n<p><span style=\"font-size: 20px; font-family: arial, helvetica, sans-serif; color: #000000; line-height: 1.3;\">A maior diferen\u00e7a da proje\u00e7\u00e3o de Gall-Peters para a representa\u00e7\u00e3o de Mercator \u00e9 o achatamento do continente europeu e alongamento do continente africano.<\/span><\/p>\n<p>&nbsp;<\/p>\n<h3 style=\"text-align: center;\"><span style=\"font-size: 20px;\"><strong><span style=\"font-family: arial, helvetica, sans-serif; color: #000000; line-height: 1.3;\">Proje\u00e7\u00e3o Universal Transversa de Mercator<\/span><\/strong><\/span><\/h3>\n<p><span style=\"font-size: 20px; font-family: arial, helvetica, sans-serif; color: #000000;\"><img decoding=\"async\" class=\"aligncenter size-full wp-image-4691\" src=\"http:\/\/adenilsongiovanini.com.br\/blog\/wp-content\/uploads\/2019\/12\/Proje\u00e7\u00e3o-UTM.jpg\" alt=\"Proje\u00e7\u00e3o UTM\" width=\"600\" height=\"300\" srcset=\"https:\/\/adenilsongiovanini.com.br\/blog\/wp-content\/uploads\/2019\/12\/Proje\u00e7\u00e3o-UTM.jpg 600w, https:\/\/adenilsongiovanini.com.br\/blog\/wp-content\/uploads\/2019\/12\/Proje\u00e7\u00e3o-UTM-300x150.jpg 300w\" sizes=\"(max-width: 600px) 100vw, 600px\" \/><\/span><\/p>\n<p>&nbsp;<\/p>\n<p><span style=\"font-size: 20px; font-family: arial, helvetica, sans-serif; color: #000000; line-height: 1.3;\"><b>A proje\u00e7\u00e3o Universal Transversa de Mercator<\/b> (<b>UTM<\/b>) utiliza um <span style=\"color: #0000ff;\"><a href=\"https:\/\/adenilsongiovanini.com.br\/blog\/sistema-de-coordenadas-cartesiano\/\" style=\"color: #0000ff;\">sistema de coordenadas cartesianas<\/a><\/span> bidimensional para dar localiza\u00e7\u00f5es na superf\u00edcie da Terra. <\/span><\/p>\n<p><span style=\"font-size: 20px; font-family: arial, helvetica, sans-serif; color: #000000; line-height: 1.3;\">O <span style=\"color: #0000ff;\"><a href=\"https:\/\/adenilsongiovanini.com.br\/blog\/sistema-de-coordenadas-utm\/\" style=\"color: #0000ff;\">sistema UTM<\/a><\/span> n\u00e3o \u00e9 uma simples proje\u00e7\u00e3o de mapa. Em vez disso, ele divide a Terra em sessenta zonas, cada uma das mesmas com seis graus de longitude, utilizando a proje\u00e7\u00e3o de mercator transversa secante em cada zona.<\/span><\/p>\n<p><span style=\"font-size: 20px; font-family: arial, helvetica, sans-serif; color: #000000; line-height: 1.3;\">O <span style=\"color: #0000ff;\"><b><a href=\"http:\/\/adenilsongiovanini.com.br\/blog\/coordenadas-utm\/\" target=\"_blank\" rel=\"noopener noreferrer\" style=\"color: #0000ff;\">Sistema Universal Transverso de Mercator<\/a><\/b><\/span> (UTM) \u00e9 baseado na proje\u00e7\u00e3o cil\u00edndrica transversa proposta nos Estados Unidos em 1950 com o objetivo de abranger todas as<span style=\"color: #0000ff;\"><a style=\"color: #0000ff;\" href=\"https:\/\/adenilsongiovanini.com.br\/blog\/latitude-e-longitude-o-que-sao-e-como-calcular\/\"> longitudes<\/a><\/span>.<\/span><\/p>\n<p>&nbsp;<\/p>\n<h2 style=\"text-align: center;\"><span style=\"font-size: 24px;\"><strong><span style=\"font-family: arial, helvetica, sans-serif; color: #000000; line-height: 1.3;\">Continue seus estudos sobre Cartografia<\/span><\/strong><\/span><\/h2>\n<p><img decoding=\"async\" class=\"aligncenter size-full wp-image-19725\" src=\"https:\/\/adenilsongiovanini.com.br\/blog\/wp-content\/uploads\/2021\/05\/Projecao-Policonica.jpg\" alt=\"proje\u00e7\u00e3o polic\u00f4nica\" width=\"640\" height=\"576\" srcset=\"https:\/\/adenilsongiovanini.com.br\/blog\/wp-content\/uploads\/2021\/05\/Projecao-Policonica.jpg 640w, https:\/\/adenilsongiovanini.com.br\/blog\/wp-content\/uploads\/2021\/05\/Projecao-Policonica-300x270.jpg 300w, https:\/\/adenilsongiovanini.com.br\/blog\/wp-content\/uploads\/2021\/05\/Projecao-Policonica-320x288.jpg 320w, https:\/\/adenilsongiovanini.com.br\/blog\/wp-content\/uploads\/2021\/05\/Projecao-Policonica-360x324.jpg 360w\" sizes=\"(max-width: 640px) 100vw, 640px\" \/><\/p>\n<p><span style=\"font-size: 20px; font-family: arial, helvetica, sans-serif; color: #000000; line-height: 1.3;\">Aqui no blog, eu possuo centenas de artigos sobre <span style=\"color: #0000ff;\"><a style=\"color: #0000ff;\" href=\"https:\/\/adenilsongiovanini.com.br\/blog\/cartografia-o-que-e-e-tipos-existentes\/\">Cartografia<\/a><\/span> e <span style=\"color: #0000ff;\"><a style=\"color: #0000ff;\" href=\"https:\/\/adenilsongiovanini.com.br\/blog\/geotecnologias-e-suas-aplicacoes\/\">geotecnologias<\/a><\/span>. Separei mais alguns que abordam diferentes m\u00e9todos de proje\u00e7\u00e3o de dados para voc\u00ea continuar seus estudos.<\/span><\/p>\n<p><span style=\"font-size: 20px; font-family: arial, helvetica, sans-serif; color: #000000; line-height: 1.3;\">&gt; <span style=\"color: #0000ff;\"><a style=\"color: #0000ff;\" href=\"https:\/\/adenilsongiovanini.com.br\/blog\/projecao-de-lambert-o-que-e-e-caracteristicas\/\">Proje\u00e7\u00e3o de Lambert: o que \u00e9 e caracter\u00edsticas&#8230;<\/a><\/span><\/span><\/p>\n<p><span style=\"font-size: 20px; font-family: arial, helvetica, sans-serif; color: #000000; line-height: 1.3;\">&gt; <span style=\"color: #0000ff;\"><a style=\"color: #0000ff;\" href=\"https:\/\/adenilsongiovanini.com.br\/blog\/projecao-utm-o-que-e-caracteristicas-e-aplicacoes\/\">Proje\u00e7\u00e3o UTM: o que \u00e9, caracter\u00edsticas e aplica\u00e7\u00f5es&#8230;<\/a><\/span><\/span><\/p>\n<p><span style=\"font-size: 20px; font-family: arial, helvetica, sans-serif; color: #000000; line-height: 1.3;\">&gt; <span style=\"color: #0000ff;\"><a style=\"color: #0000ff;\" href=\"https:\/\/adenilsongiovanini.com.br\/blog\/projecao-cartografica-classificacao-e-aplicacoes\/\">Proje\u00e7\u00e3o Cartogr\u00e1fica: classifica\u00e7\u00e3o e aplica\u00e7\u00f5es&#8230;<\/a><\/span><\/span><\/p>\n<p><span style=\"font-size: 20px; font-family: arial, helvetica, sans-serif; color: #000000; line-height: 1.3;\">&gt; <span style=\"color: #0000ff;\"><a style=\"color: #0000ff;\" href=\"https:\/\/adenilsongiovanini.com.br\/blog\/fator-k-da-projecao-utm-o-que-e-e-qual-seu-impacto-no-nosso-dia-a-dia\/\">Fator K da Proje\u00e7\u00e3o UTM: o que \u00e9 e qual o seu impacto&#8230;<\/a><\/span><\/span><\/p>\n<p><span style=\"font-size: 20px; font-family: arial, helvetica, sans-serif; color: #000000; line-height: 1.3;\">&gt; <span style=\"color: #0000ff;\"><a style=\"color: #0000ff;\" href=\"https:\/\/adenilsongiovanini.com.br\/blog\/projecao-azimutal-caracteristicas-e-aplicacoes\/\">Proje\u00e7\u00e3o Azimutal: caracter\u00edsticas e aplica\u00e7\u00f5es&#8230;<\/a><\/span><\/span><\/p>\n<p><span style=\"font-size: 20px; color: #000000; font-family: arial, helvetica, sans-serif;\">Tamb\u00e9m possuo uma <strong>playlist no youtube<\/strong> na qual passo <strong>dicas geniais de Geoprocessamento<\/strong>.<\/span><\/p>\n<p><span style=\"font-size: 20px; color: #000000; font-family: arial, helvetica, sans-serif;\">A mesma se chama minicurso ArcGIS, por\u00e9m, somente em 2 ou 3 aulas que abordo procedimentos no ArcGIS. No geral, s\u00e3o <strong>conhecimentos de Geoprocessamento<\/strong> como um todo.<\/span><\/p>\n<p><span style=\"font-size: 20px; color: #000000; font-family: arial, helvetica, sans-serif;\"><span style=\"color: #0000ff;\"><a style=\"color: #0000ff;\" href=\"https:\/\/www.youtube.com\/watch?v=3ltq70tM7XI&amp;list=PL9lw-eLLpgwpRmGDJXF6t9GfmdgWIs3ml\">Clique neste link<\/a> <\/span>para acessar a mesma.<\/span><\/p>\n<p><span style=\"font-size: 20px; font-family: arial, helvetica, sans-serif; color: #000000; line-height: 1.3;\">Al\u00e9m disso, eu tamb\u00e9m possuo uma s\u00e9rie de <em><strong>cursos e de livros pr\u00e1ticos<\/strong><\/em>. <\/span><\/p>\n<p><span style=\"font-size: 20px; font-family: arial, helvetica, sans-serif; color: #000000; line-height: 1.3;\">Se voc\u00ea quer<strong> MERGULHAR FUNDO e aprender a prestar servi\u00e7os com grande velocidade e com seguran\u00e7a<\/strong>, <span style=\"color: #0000ff;\"><a style=\"color: #0000ff;\" href=\"https:\/\/adenilsongiovanini.com.br\/cursos-online\/\">acesse este link<\/a><\/span> e conhe\u00e7a os mesmos.<\/span><\/p>\n<p>&nbsp;<\/p>\n<p><span style=\"color: #000000;\"><span style=\"font-size: 20px; font-family: arial, helvetica, sans-serif; line-height: 1.3;\">Entre eles, o <span style=\"color: #0000ff;\"><a style=\"color: #0000ff;\" href=\"https:\/\/adenilsongiovanini.com.br\/curso-de-autocad-para-topografia\/\" target=\"_blank\" rel=\"noopener noreferrer\">Curso de Confec\u00e7\u00e3o de Plantas Topogr\u00e1ficas<\/a><\/span>. <span style=\"color: #000000;\">Um <\/span><\/span><span style=\"font-size: 20px; font-family: arial, helvetica, sans-serif; line-height: 1.3;\">curso pr\u00e1tico\u00a0<\/span><span style=\"font-size: 20px; font-family: arial, helvetica, sans-serif; line-height: 1.3;\">com o qual voc\u00ea vai <strong>aprender a produzir as 15 diferentes plantas produzidas em um escrit\u00f3rio de topografia<\/strong>.<\/span><\/span><\/p>\n<p><a href=\"https:\/\/adenilsongiovanini.com.br\/curso-de-autocad-para-topografia\/\" target=\"_blank\" rel=\"noopener noreferrer\"><img decoding=\"async\" class=\"aligncenter wp-image-31689\" src=\"https:\/\/adenilsongiovanini.com.br\/wp-content\/uploads\/2022\/07\/planta-de-topografia-1024x612.png\" alt=\"\" width=\"770\" height=\"460\" \/><\/a><\/p>\n<p><span style=\"font-family: arial, helvetica, sans-serif; font-size: 20px; color: #000000;\">Clique <a href=\"https:\/\/adenilsongiovanini.com.br\/curso-de-autocad-para-topografia\/\" target=\"_blank\" rel=\"noopener noreferrer\"><span style=\"color: #0000ff;\">neste link<\/span><\/a> e conhe\u00e7a melhor o mesmo.<\/span><\/p>\n<p>&nbsp;<\/p>\n<p><span style=\"font-family: arial, helvetica, sans-serif; font-size: 20px; color: #000000;\"><span style=\"font-size: 20px; font-family: arial, helvetica, sans-serif; color: #000000; line-height: 1.3;\">\u00c9 isso por este artigo. Gratid\u00e3o por voc\u00ea ter lido o mesmo. \ud83d\ude4f<\/span><\/span><\/p>\n<p>&nbsp;<\/p>\n<p>&nbsp;<\/p>\n<h2 style=\"text-align: center;\"><span style=\"font-family: arial, helvetica, sans-serif; color: #000000; font-size: 24px;\"><strong>Domine a Topografia Cadastral atrav\u00e9s de um livro formado por centenas de exemplos pr\u00e1ticos <\/strong><\/span><\/h2>\n<h2 style=\"text-align: center;\"><span style=\"font-size: 20px;\"><a href=\"https:\/\/adenilsongiovanini.com.br\/georreferenciamento-de-imoveis-rurais-na-pratica\/\" rel=\"nofollow noreferrer\"><img decoding=\"async\" class=\"aligncenter size-large wp-image-19317\" src=\"https:\/\/adenilsongiovanini.com.br\/blog\/wp-content\/uploads\/2021\/04\/livro-de-topografia-e-georreferenciamento-1024x474.png\" sizes=\"(max-width: 1024px) 100vw, 1024px\" srcset=\"https:\/\/adenilsongiovanini.com.br\/blog\/wp-content\/uploads\/2021\/04\/livro-de-topografia-e-georreferenciamento-1024x474.png 1024w, https:\/\/adenilsongiovanini.com.br\/blog\/wp-content\/uploads\/2021\/04\/livro-de-topografia-e-georreferenciamento-300x139.png 300w, https:\/\/adenilsongiovanini.com.br\/blog\/wp-content\/uploads\/2021\/04\/livro-de-topografia-e-georreferenciamento-768x355.png 768w, https:\/\/adenilsongiovanini.com.br\/blog\/wp-content\/uploads\/2021\/04\/livro-de-topografia-e-georreferenciamento-1536x711.png 1536w, https:\/\/adenilsongiovanini.com.br\/blog\/wp-content\/uploads\/2021\/04\/livro-de-topografia-e-georreferenciamento-320x148.png 320w, https:\/\/adenilsongiovanini.com.br\/blog\/wp-content\/uploads\/2021\/04\/livro-de-topografia-e-georreferenciamento-640x296.png 640w, https:\/\/adenilsongiovanini.com.br\/blog\/wp-content\/uploads\/2021\/04\/livro-de-topografia-e-georreferenciamento-360x167.png 360w, https:\/\/adenilsongiovanini.com.br\/blog\/wp-content\/uploads\/2021\/04\/livro-de-topografia-e-georreferenciamento-720x333.png 720w, https:\/\/adenilsongiovanini.com.br\/blog\/wp-content\/uploads\/2021\/04\/livro-de-topografia-e-georreferenciamento-1080x500.png 1080w, https:\/\/adenilsongiovanini.com.br\/blog\/wp-content\/uploads\/2021\/04\/livro-de-topografia-e-georreferenciamento-800x370.png 800w, https:\/\/adenilsongiovanini.com.br\/blog\/wp-content\/uploads\/2021\/04\/livro-de-topografia-e-georreferenciamento-1280x592.png 1280w, https:\/\/adenilsongiovanini.com.br\/blog\/wp-content\/uploads\/2021\/04\/livro-de-topografia-e-georreferenciamento.png 1565w\" alt=\"livro de topografia e georreferenciamento\" width=\"1024\" height=\"474\" \/><\/a><\/span><\/h2>\n<p><span style=\"font-family: arial, helvetica, sans-serif; font-size: 20px; color: #000000;\">Voc\u00ea quer dominar a Topografia Cadastral?<\/span><\/p>\n<p><span style=\"font-family: arial, helvetica, sans-serif; font-size: 20px; color: #000000;\">Ent\u00e3o eu tenho uma \u00f3tima noticia para voc\u00ea. Me refiro ao <span style=\"color: #0000ff;\"><a style=\"color: #0000ff;\" href=\"https:\/\/adenilsongiovanini.com.br\/georreferenciamento-de-imoveis-rurais-na-pratica\/\" rel=\"nofollow noreferrer\">livro Topografia Cadastral e Georreferenciamento de Im\u00f3veis Rurais na Pr\u00e1tica<\/a><\/span>.<\/span><\/p>\n<p><span style=\"font-size: 20px;\"><span style=\"font-family: arial, helvetica, sans-serif; color: #000000;\">O mesmo \u00e9 dividido em 10 cap\u00edtulos recheados com muitos estudos de caso e exemplos pr\u00e1ticos. D\u00ea uma espiadinha no sum\u00e1rio do mesmo:<\/span><\/span><\/p>\n<p>&nbsp;<\/p>\n<p><center><iframe width=\"99%\" height=\"980\" src=\"https:\/\/drive.google.com\/file\/d\/1HJ8fZz1PvPmftfXHJNFTvIBBzY_FZhPJ\/preview\"><span data-mce-type=\"bookmark\" style=\"display: inline-block; width: 0px; overflow: hidden; line-height: 0;\" class=\"mce_SELRES_start\">\ufeff<\/span><\/iframe><\/center><\/p>\n<p>&nbsp;<\/p>\n<p><span style=\"font-size: 20px;\"><span style=\"font-family: arial, helvetica, sans-serif; color: #000000;\">Para conhecer melhor a estrutura do livro, juntar-se a mais de 800 profissionais e adquirir sua c\u00f3pia \u00e9 s\u00f3 clicar no bot\u00e3o abaixo:<\/span><\/span><\/p>\n<p>&nbsp;<\/p>\n<p><span style=\"color: #000000; font-size: 20px;\"><div class=\"su-button-center\"><a href=\"https:\/\/adenilsongiovanini.com.br\/georreferenciamento-de-imoveis-rurais-na-pratica\/\" class=\"su-button su-button-style-3d\" style=\"color:#000000;background-color:#2BCC2F;border-color:#23a426;border-radius:9px\" target=\"_blank\" rel=\"nofollow\" id=\"1\"><span style=\"color:#000000;padding:0px 24px;font-size:18px;line-height:36px;border-color:#6bdc6e;border-radius:9px;text-shadow:0px 0px 0px #000000\"> \u279c Quero Conhecer Melhor o Livro, Pois Quero e Preciso Aprender Mais Sobre Legisla\u00e7\u00e3o Cadastral e Geo. de Im\u00f3veis Rurais<\/span><\/a><\/div><\/span><\/p>\n<p>&nbsp;<\/p>\n<p>&nbsp;<\/p>\n","protected":false},"excerpt":{"rendered":"<p>A proje\u00e7\u00e3o cil\u00edndrica \u00e9 a proje\u00e7\u00e3o cartogr\u00e1fica na qual o Elipsoide \u00e9 projetado sobre um cilindro tangente ou secante. Na caso, tangente significa que o cilindro toca o elipsoide em apenas 1 ponto e tangente significa que o cilindro toca o elipsoide em 2 ou mais pontos. A mesma tamb\u00e9m [&hellip;]<\/p>\n","protected":false},"author":1,"featured_media":4701,"comment_status":"closed","ping_status":"closed","sticky":false,"template":"","format":"standard","meta":{"_monsterinsights_skip_tracking":false,"_monsterinsights_sitenote_active":false,"_monsterinsights_sitenote_note":"","_monsterinsights_sitenote_category":0,"footnotes":""},"categories":[9],"tags":[],"class_list":["post-4684","post","type-post","status-publish","format-standard","has-post-thumbnail","hentry","category-topografia-cadastral"],"yoast_head":"<!-- This site is optimized with the Yoast SEO plugin v26.5 - https:\/\/yoast.com\/wordpress\/plugins\/seo\/ -->\n<title>Proje\u00e7\u00e3o cil\u00edndrica: o que \u00e9 suas classifica\u00e7\u00f5es - Adenilson Giovanini<\/title>\n<meta name=\"description\" content=\"Descubra o que \u00e9 a proje\u00e7\u00e3o cil\u00edndrica, quais suas caracter\u00edsticas e quais s\u00e3o as diferentes classifica\u00e7\u00f5es que a mesma possui.\" \/>\n<meta name=\"robots\" content=\"index, follow, max-snippet:-1, max-image-preview:large, max-video-preview:-1\" \/>\n<link rel=\"canonical\" href=\"https:\/\/adenilsongiovanini.com.br\/blog\/projecao-cilindrica\/\" \/>\n<meta property=\"og:locale\" content=\"pt_BR\" \/>\n<meta property=\"og:type\" content=\"article\" \/>\n<meta property=\"og:title\" content=\"Proje\u00e7\u00e3o cil\u00edndrica: o que \u00e9 suas classifica\u00e7\u00f5es - Adenilson Giovanini\" \/>\n<meta property=\"og:description\" content=\"Descubra o que \u00e9 a proje\u00e7\u00e3o cil\u00edndrica, quais suas caracter\u00edsticas e quais s\u00e3o as diferentes classifica\u00e7\u00f5es que a mesma possui.\" \/>\n<meta property=\"og:url\" content=\"https:\/\/adenilsongiovanini.com.br\/blog\/projecao-cilindrica\/\" \/>\n<meta property=\"og:site_name\" content=\"Adenilson Giovanini\" \/>\n<meta property=\"article:publisher\" content=\"https:\/\/www.facebook.com\/otopografo\/\" \/>\n<meta property=\"article:author\" content=\"https:\/\/www.facebook.com\/otopografo\/\" \/>\n<meta property=\"article:published_time\" content=\"2019-12-17T17:56:42+00:00\" \/>\n<meta property=\"article:modified_time\" content=\"2022-08-10T12:10:33+00:00\" \/>\n<meta property=\"og:image\" content=\"https:\/\/adenilsongiovanini.com.br\/blog\/wp-content\/uploads\/2019\/12\/proje\u00e7\u00e3o-cil\u00edndrica.jpg\" \/>\n\t<meta property=\"og:image:width\" content=\"640\" \/>\n\t<meta property=\"og:image:height\" content=\"297\" \/>\n\t<meta property=\"og:image:type\" content=\"image\/jpeg\" \/>\n<meta name=\"author\" content=\"Adenilson Giovanini\" \/>\n<meta name=\"twitter:card\" content=\"summary_large_image\" \/>\n<meta name=\"twitter:label1\" content=\"Escrito por\" \/>\n\t<meta name=\"twitter:data1\" content=\"Adenilson Giovanini\" \/>\n\t<meta name=\"twitter:label2\" content=\"Est. tempo de leitura\" \/>\n\t<meta name=\"twitter:data2\" content=\"9 minutos\" \/>\n<script type=\"application\/ld+json\" class=\"yoast-schema-graph\">{\"@context\":\"https:\/\/schema.org\",\"@graph\":[{\"@type\":\"Article\",\"@id\":\"https:\/\/adenilsongiovanini.com.br\/blog\/projecao-cilindrica\/#article\",\"isPartOf\":{\"@id\":\"https:\/\/adenilsongiovanini.com.br\/blog\/projecao-cilindrica\/\"},\"author\":{\"name\":\"Adenilson Giovanini\",\"@id\":\"https:\/\/adenilsongiovanini.com.br\/blog\/#\/schema\/person\/9c1daa7da73c116aae2cb0568d1daa23\"},\"headline\":\"Proje\u00e7\u00e3o cil\u00edndrica: o que \u00e9 suas classifica\u00e7\u00f5es\",\"datePublished\":\"2019-12-17T17:56:42+00:00\",\"dateModified\":\"2022-08-10T12:10:33+00:00\",\"mainEntityOfPage\":{\"@id\":\"https:\/\/adenilsongiovanini.com.br\/blog\/projecao-cilindrica\/\"},\"wordCount\":1161,\"publisher\":{\"@id\":\"https:\/\/adenilsongiovanini.com.br\/blog\/#\/schema\/person\/9c1daa7da73c116aae2cb0568d1daa23\"},\"image\":{\"@id\":\"https:\/\/adenilsongiovanini.com.br\/blog\/projecao-cilindrica\/#primaryimage\"},\"thumbnailUrl\":\"https:\/\/adenilsongiovanini.com.br\/blog\/wp-content\/uploads\/2019\/12\/proje\u00e7\u00e3o-cil\u00edndrica.jpg\",\"articleSection\":[\"Topografia Cadastral\"],\"inLanguage\":\"pt-BR\"},{\"@type\":\"WebPage\",\"@id\":\"https:\/\/adenilsongiovanini.com.br\/blog\/projecao-cilindrica\/\",\"url\":\"https:\/\/adenilsongiovanini.com.br\/blog\/projecao-cilindrica\/\",\"name\":\"Proje\u00e7\u00e3o cil\u00edndrica: o que \u00e9 suas classifica\u00e7\u00f5es - Adenilson Giovanini\",\"isPartOf\":{\"@id\":\"https:\/\/adenilsongiovanini.com.br\/blog\/#website\"},\"primaryImageOfPage\":{\"@id\":\"https:\/\/adenilsongiovanini.com.br\/blog\/projecao-cilindrica\/#primaryimage\"},\"image\":{\"@id\":\"https:\/\/adenilsongiovanini.com.br\/blog\/projecao-cilindrica\/#primaryimage\"},\"thumbnailUrl\":\"https:\/\/adenilsongiovanini.com.br\/blog\/wp-content\/uploads\/2019\/12\/proje\u00e7\u00e3o-cil\u00edndrica.jpg\",\"datePublished\":\"2019-12-17T17:56:42+00:00\",\"dateModified\":\"2022-08-10T12:10:33+00:00\",\"description\":\"Descubra o que \u00e9 a proje\u00e7\u00e3o cil\u00edndrica, quais suas caracter\u00edsticas e quais s\u00e3o as diferentes classifica\u00e7\u00f5es que a mesma possui.\",\"breadcrumb\":{\"@id\":\"https:\/\/adenilsongiovanini.com.br\/blog\/projecao-cilindrica\/#breadcrumb\"},\"inLanguage\":\"pt-BR\",\"potentialAction\":[{\"@type\":\"ReadAction\",\"target\":[\"https:\/\/adenilsongiovanini.com.br\/blog\/projecao-cilindrica\/\"]}]},{\"@type\":\"ImageObject\",\"inLanguage\":\"pt-BR\",\"@id\":\"https:\/\/adenilsongiovanini.com.br\/blog\/projecao-cilindrica\/#primaryimage\",\"url\":\"https:\/\/adenilsongiovanini.com.br\/blog\/wp-content\/uploads\/2019\/12\/proje\u00e7\u00e3o-cil\u00edndrica.jpg\",\"contentUrl\":\"https:\/\/adenilsongiovanini.com.br\/blog\/wp-content\/uploads\/2019\/12\/proje\u00e7\u00e3o-cil\u00edndrica.jpg\",\"width\":640,\"height\":297},{\"@type\":\"BreadcrumbList\",\"@id\":\"https:\/\/adenilsongiovanini.com.br\/blog\/projecao-cilindrica\/#breadcrumb\",\"itemListElement\":[{\"@type\":\"ListItem\",\"position\":1,\"name\":\"Home\",\"item\":\"https:\/\/adenilsongiovanini.com.br\/blog\/\"},{\"@type\":\"ListItem\",\"position\":2,\"name\":\"Proje\u00e7\u00e3o cil\u00edndrica: o que \u00e9 suas classifica\u00e7\u00f5es\"}]},{\"@type\":\"WebSite\",\"@id\":\"https:\/\/adenilsongiovanini.com.br\/blog\/#website\",\"url\":\"https:\/\/adenilsongiovanini.com.br\/blog\/\",\"name\":\"Adenilson Giovanini\",\"description\":\"Topografia e Geotecnologias\",\"publisher\":{\"@id\":\"https:\/\/adenilsongiovanini.com.br\/blog\/#\/schema\/person\/9c1daa7da73c116aae2cb0568d1daa23\"},\"potentialAction\":[{\"@type\":\"SearchAction\",\"target\":{\"@type\":\"EntryPoint\",\"urlTemplate\":\"https:\/\/adenilsongiovanini.com.br\/blog\/?s={search_term_string}\"},\"query-input\":{\"@type\":\"PropertyValueSpecification\",\"valueRequired\":true,\"valueName\":\"search_term_string\"}}],\"inLanguage\":\"pt-BR\"},{\"@type\":[\"Person\",\"Organization\"],\"@id\":\"https:\/\/adenilsongiovanini.com.br\/blog\/#\/schema\/person\/9c1daa7da73c116aae2cb0568d1daa23\",\"name\":\"Adenilson Giovanini\",\"image\":{\"@type\":\"ImageObject\",\"inLanguage\":\"pt-BR\",\"@id\":\"https:\/\/adenilsongiovanini.com.br\/blog\/#\/schema\/person\/image\/\",\"url\":\"https:\/\/adenilsongiovanini.com.br\/blog\/wp-content\/litespeed\/avatar\/be8f4de5c0b8a93c57a4f29cbf2f1e92.jpg?ver=1777130135\",\"contentUrl\":\"https:\/\/adenilsongiovanini.com.br\/blog\/wp-content\/litespeed\/avatar\/be8f4de5c0b8a93c57a4f29cbf2f1e92.jpg?ver=1777130135\",\"caption\":\"Adenilson Giovanini\"},\"logo\":{\"@id\":\"https:\/\/adenilsongiovanini.com.br\/blog\/#\/schema\/person\/image\/\"},\"description\":\"O Professor Adenilson Giovanini \u00e9 especialista em Topografia Cadastral e Georreferenciamento de Im\u00f3veis Rurais. O mesmo possui o Maior Site de Engenharia de Agrimensura do Brasil. Site este que tem mais de 102.000 visualiza\u00e7\u00f5es por m\u00eas. Tamb\u00e9m possui mais de 600 v\u00eddeos em seu canal no youtube. Al\u00e9m disso, \u00e9 escritor Best Seller, possuindo v\u00e1rios cursos e livros de sucesso.\",\"sameAs\":[\"http:\/\/adenilsongiovanini.com.br\",\"https:\/\/www.facebook.com\/otopografo\/\",\"https:\/\/www.instagram.com\/adenilson_giovanini\/\",\"https:\/\/www.linkedin.com\/in\/adenilson-giovanini-819b8035\/\",\"https:\/\/br.pinterest.com\/adenilsongiovanini\/\",\"https:\/\/www.youtube.com\/channel\/uce-br7ghiuog2txcsdx5vrw\"]}]}<\/script>\n<!-- \/ Yoast SEO plugin. -->","yoast_head_json":{"title":"Proje\u00e7\u00e3o cil\u00edndrica: o que \u00e9 suas classifica\u00e7\u00f5es - Adenilson Giovanini","description":"Descubra o que \u00e9 a proje\u00e7\u00e3o cil\u00edndrica, quais suas caracter\u00edsticas e quais s\u00e3o as diferentes classifica\u00e7\u00f5es que a mesma possui.","robots":{"index":"index","follow":"follow","max-snippet":"max-snippet:-1","max-image-preview":"max-image-preview:large","max-video-preview":"max-video-preview:-1"},"canonical":"https:\/\/adenilsongiovanini.com.br\/blog\/projecao-cilindrica\/","og_locale":"pt_BR","og_type":"article","og_title":"Proje\u00e7\u00e3o cil\u00edndrica: o que \u00e9 suas classifica\u00e7\u00f5es - Adenilson Giovanini","og_description":"Descubra o que \u00e9 a proje\u00e7\u00e3o cil\u00edndrica, quais suas caracter\u00edsticas e quais s\u00e3o as diferentes classifica\u00e7\u00f5es que a mesma possui.","og_url":"https:\/\/adenilsongiovanini.com.br\/blog\/projecao-cilindrica\/","og_site_name":"Adenilson Giovanini","article_publisher":"https:\/\/www.facebook.com\/otopografo\/","article_author":"https:\/\/www.facebook.com\/otopografo\/","article_published_time":"2019-12-17T17:56:42+00:00","article_modified_time":"2022-08-10T12:10:33+00:00","og_image":[{"width":640,"height":297,"url":"https:\/\/adenilsongiovanini.com.br\/blog\/wp-content\/uploads\/2019\/12\/proje\u00e7\u00e3o-cil\u00edndrica.jpg","type":"image\/jpeg"}],"author":"Adenilson Giovanini","twitter_card":"summary_large_image","twitter_misc":{"Escrito por":"Adenilson Giovanini","Est. tempo de leitura":"9 minutos"},"schema":{"@context":"https:\/\/schema.org","@graph":[{"@type":"Article","@id":"https:\/\/adenilsongiovanini.com.br\/blog\/projecao-cilindrica\/#article","isPartOf":{"@id":"https:\/\/adenilsongiovanini.com.br\/blog\/projecao-cilindrica\/"},"author":{"name":"Adenilson Giovanini","@id":"https:\/\/adenilsongiovanini.com.br\/blog\/#\/schema\/person\/9c1daa7da73c116aae2cb0568d1daa23"},"headline":"Proje\u00e7\u00e3o cil\u00edndrica: o que \u00e9 suas classifica\u00e7\u00f5es","datePublished":"2019-12-17T17:56:42+00:00","dateModified":"2022-08-10T12:10:33+00:00","mainEntityOfPage":{"@id":"https:\/\/adenilsongiovanini.com.br\/blog\/projecao-cilindrica\/"},"wordCount":1161,"publisher":{"@id":"https:\/\/adenilsongiovanini.com.br\/blog\/#\/schema\/person\/9c1daa7da73c116aae2cb0568d1daa23"},"image":{"@id":"https:\/\/adenilsongiovanini.com.br\/blog\/projecao-cilindrica\/#primaryimage"},"thumbnailUrl":"https:\/\/adenilsongiovanini.com.br\/blog\/wp-content\/uploads\/2019\/12\/proje\u00e7\u00e3o-cil\u00edndrica.jpg","articleSection":["Topografia Cadastral"],"inLanguage":"pt-BR"},{"@type":"WebPage","@id":"https:\/\/adenilsongiovanini.com.br\/blog\/projecao-cilindrica\/","url":"https:\/\/adenilsongiovanini.com.br\/blog\/projecao-cilindrica\/","name":"Proje\u00e7\u00e3o cil\u00edndrica: o que \u00e9 suas classifica\u00e7\u00f5es - Adenilson Giovanini","isPartOf":{"@id":"https:\/\/adenilsongiovanini.com.br\/blog\/#website"},"primaryImageOfPage":{"@id":"https:\/\/adenilsongiovanini.com.br\/blog\/projecao-cilindrica\/#primaryimage"},"image":{"@id":"https:\/\/adenilsongiovanini.com.br\/blog\/projecao-cilindrica\/#primaryimage"},"thumbnailUrl":"https:\/\/adenilsongiovanini.com.br\/blog\/wp-content\/uploads\/2019\/12\/proje\u00e7\u00e3o-cil\u00edndrica.jpg","datePublished":"2019-12-17T17:56:42+00:00","dateModified":"2022-08-10T12:10:33+00:00","description":"Descubra o que \u00e9 a proje\u00e7\u00e3o cil\u00edndrica, quais suas caracter\u00edsticas e quais s\u00e3o as diferentes classifica\u00e7\u00f5es que a mesma possui.","breadcrumb":{"@id":"https:\/\/adenilsongiovanini.com.br\/blog\/projecao-cilindrica\/#breadcrumb"},"inLanguage":"pt-BR","potentialAction":[{"@type":"ReadAction","target":["https:\/\/adenilsongiovanini.com.br\/blog\/projecao-cilindrica\/"]}]},{"@type":"ImageObject","inLanguage":"pt-BR","@id":"https:\/\/adenilsongiovanini.com.br\/blog\/projecao-cilindrica\/#primaryimage","url":"https:\/\/adenilsongiovanini.com.br\/blog\/wp-content\/uploads\/2019\/12\/proje\u00e7\u00e3o-cil\u00edndrica.jpg","contentUrl":"https:\/\/adenilsongiovanini.com.br\/blog\/wp-content\/uploads\/2019\/12\/proje\u00e7\u00e3o-cil\u00edndrica.jpg","width":640,"height":297},{"@type":"BreadcrumbList","@id":"https:\/\/adenilsongiovanini.com.br\/blog\/projecao-cilindrica\/#breadcrumb","itemListElement":[{"@type":"ListItem","position":1,"name":"Home","item":"https:\/\/adenilsongiovanini.com.br\/blog\/"},{"@type":"ListItem","position":2,"name":"Proje\u00e7\u00e3o cil\u00edndrica: o que \u00e9 suas classifica\u00e7\u00f5es"}]},{"@type":"WebSite","@id":"https:\/\/adenilsongiovanini.com.br\/blog\/#website","url":"https:\/\/adenilsongiovanini.com.br\/blog\/","name":"Adenilson Giovanini","description":"Topografia e Geotecnologias","publisher":{"@id":"https:\/\/adenilsongiovanini.com.br\/blog\/#\/schema\/person\/9c1daa7da73c116aae2cb0568d1daa23"},"potentialAction":[{"@type":"SearchAction","target":{"@type":"EntryPoint","urlTemplate":"https:\/\/adenilsongiovanini.com.br\/blog\/?s={search_term_string}"},"query-input":{"@type":"PropertyValueSpecification","valueRequired":true,"valueName":"search_term_string"}}],"inLanguage":"pt-BR"},{"@type":["Person","Organization"],"@id":"https:\/\/adenilsongiovanini.com.br\/blog\/#\/schema\/person\/9c1daa7da73c116aae2cb0568d1daa23","name":"Adenilson Giovanini","image":{"@type":"ImageObject","inLanguage":"pt-BR","@id":"https:\/\/adenilsongiovanini.com.br\/blog\/#\/schema\/person\/image\/","url":"https:\/\/adenilsongiovanini.com.br\/blog\/wp-content\/litespeed\/avatar\/be8f4de5c0b8a93c57a4f29cbf2f1e92.jpg?ver=1777130135","contentUrl":"https:\/\/adenilsongiovanini.com.br\/blog\/wp-content\/litespeed\/avatar\/be8f4de5c0b8a93c57a4f29cbf2f1e92.jpg?ver=1777130135","caption":"Adenilson Giovanini"},"logo":{"@id":"https:\/\/adenilsongiovanini.com.br\/blog\/#\/schema\/person\/image\/"},"description":"O Professor Adenilson Giovanini \u00e9 especialista em Topografia Cadastral e Georreferenciamento de Im\u00f3veis Rurais. O mesmo possui o Maior Site de Engenharia de Agrimensura do Brasil. Site este que tem mais de 102.000 visualiza\u00e7\u00f5es por m\u00eas. Tamb\u00e9m possui mais de 600 v\u00eddeos em seu canal no youtube. Al\u00e9m disso, \u00e9 escritor Best Seller, possuindo v\u00e1rios cursos e livros de sucesso.","sameAs":["http:\/\/adenilsongiovanini.com.br","https:\/\/www.facebook.com\/otopografo\/","https:\/\/www.instagram.com\/adenilson_giovanini\/","https:\/\/www.linkedin.com\/in\/adenilson-giovanini-819b8035\/","https:\/\/br.pinterest.com\/adenilsongiovanini\/","https:\/\/www.youtube.com\/channel\/uce-br7ghiuog2txcsdx5vrw"]}]}},"amp_enabled":true,"_links":{"self":[{"href":"https:\/\/adenilsongiovanini.com.br\/blog\/wp-json\/wp\/v2\/posts\/4684","targetHints":{"allow":["GET"]}}],"collection":[{"href":"https:\/\/adenilsongiovanini.com.br\/blog\/wp-json\/wp\/v2\/posts"}],"about":[{"href":"https:\/\/adenilsongiovanini.com.br\/blog\/wp-json\/wp\/v2\/types\/post"}],"author":[{"embeddable":true,"href":"https:\/\/adenilsongiovanini.com.br\/blog\/wp-json\/wp\/v2\/users\/1"}],"replies":[{"embeddable":true,"href":"https:\/\/adenilsongiovanini.com.br\/blog\/wp-json\/wp\/v2\/comments?post=4684"}],"version-history":[{"count":0,"href":"https:\/\/adenilsongiovanini.com.br\/blog\/wp-json\/wp\/v2\/posts\/4684\/revisions"}],"wp:featuredmedia":[{"embeddable":true,"href":"https:\/\/adenilsongiovanini.com.br\/blog\/wp-json\/wp\/v2\/media\/4701"}],"wp:attachment":[{"href":"https:\/\/adenilsongiovanini.com.br\/blog\/wp-json\/wp\/v2\/media?parent=4684"}],"wp:term":[{"taxonomy":"category","embeddable":true,"href":"https:\/\/adenilsongiovanini.com.br\/blog\/wp-json\/wp\/v2\/categories?post=4684"},{"taxonomy":"post_tag","embeddable":true,"href":"https:\/\/adenilsongiovanini.com.br\/blog\/wp-json\/wp\/v2\/tags?post=4684"}],"curies":[{"name":"wp","href":"https:\/\/api.w.org\/{rel}","templated":true}]}}