{"id":4530,"date":"2019-12-13T20:27:59","date_gmt":"2019-12-13T20:27:59","guid":{"rendered":"http:\/\/adenilsongiovanini.com.br\/blog\/?p=4530"},"modified":"2022-08-09T23:21:45","modified_gmt":"2022-08-09T23:21:45","slug":"semiologia-grafica-aplicada-e-cartografia-tematica","status":"publish","type":"post","link":"https:\/\/adenilsongiovanini.com.br\/blog\/semiologia-grafica-aplicada-e-cartografia-tematica\/","title":{"rendered":"Semiologia Gr\u00e1fica: Origem e Vari\u00e1veis Visuais"},"content":{"rendered":"<p><span style=\"font-size: 20px; font-family: arial, helvetica, sans-serif; color: #000000; line-height: 1.3;\"> A <strong>semiologia gr\u00e1fica<\/strong> pode ser compreendida como um conjunto de diretrizes que orientam a elabora\u00e7\u00e3o de mapas tem\u00e1ticos com o uso de s\u00edmbolos caracterizadores da informa\u00e7\u00e3o (<span style=\"color: #0000ff;\"><a style=\"color: #0000ff;\" href=\"http:\/\/www.uel.br\/revistas\/uel\/index.php\/geografia\/article\/viewFile\/10214\/9032\" target=\"_blank\" rel=\"noopener noreferrer\">Archela, R. S., 2001<\/a><\/span>). <\/span><\/p>\n<p>&nbsp;<\/p>\n<h2 style=\"text-align: center;\"><span style=\"font-size: 24px;\"><strong><span style=\"font-family: arial, helvetica, sans-serif; color: #000000; line-height: 1.3;\">Origem da semiologia gr\u00e1fica<\/span><\/strong><\/span><\/h2>\n<p><img decoding=\"async\" class=\"aligncenter size-full wp-image-20037\" src=\"https:\/\/adenilsongiovanini.com.br\/blog\/wp-content\/uploads\/2019\/12\/origem-da-semiologia-grafica.jpg\" alt=\"orgem da semiologia gr\u00e1fica\" width=\"512\" height=\"256\" srcset=\"https:\/\/adenilsongiovanini.com.br\/blog\/wp-content\/uploads\/2019\/12\/origem-da-semiologia-grafica.jpg 512w, https:\/\/adenilsongiovanini.com.br\/blog\/wp-content\/uploads\/2019\/12\/origem-da-semiologia-grafica-300x150.jpg 300w, https:\/\/adenilsongiovanini.com.br\/blog\/wp-content\/uploads\/2019\/12\/origem-da-semiologia-grafica-320x160.jpg 320w, https:\/\/adenilsongiovanini.com.br\/blog\/wp-content\/uploads\/2019\/12\/origem-da-semiologia-grafica-360x180.jpg 360w\" sizes=\"(max-width: 512px) 100vw, 512px\" \/><\/p>\n<p><span style=\"font-size: 20px; font-family: arial, helvetica, sans-serif; color: #000000; line-height: 1.3;\">A <strong>semiologia gr\u00e1fica<\/strong> <em><span style=\"text-decoration: underline;\">surgiu na Fran\u00e7a<\/span><\/em>, entre 1960-1967, um per\u00edodo de reflex\u00f5es e experimenta\u00e7\u00f5es para a constru\u00e7\u00e3o desta linguagem.<\/span><\/p>\n<p><span style=\"font-size: 20px; font-family: arial, helvetica, sans-serif; color: #000000; line-height: 1.3;\">Foi atrav\u00e9s da an\u00e1lise sistem\u00e1tica de muitas representa\u00e7\u00f5es e imagens, que <span style=\"color: #0000ff;\"><a style=\"color: #0000ff;\" href=\"https:\/\/pt.wikipedia.org\/wiki\/Jacques_Bertin\" target=\"_blank\" rel=\"noopener noreferrer\">Jacques Bertin<\/a><\/span> pode definir as vari\u00e1veis visuais e estruturar as primeiras regras de constru\u00e7\u00e3o da imagem gr\u00e1fica.<\/span><\/p>\n<p><span style=\"font-size: 20px; font-family: arial, helvetica, sans-serif; color: #000000; line-height: 1.3;\">Os primeiros resultados foram divulgados em sua <span style=\"color: #0000ff;\"><a style=\"color: #0000ff;\" href=\"https:\/\/www.scirp.org\/(S(351jmbntvnsjt1aadkposzje))\/reference\/ReferencesPapers.aspx?ReferenceID=2540326\">obra S\u00e9miologie Graphique<\/a><\/span> em 1967. na mesma Bertin define a representa\u00e7\u00e3o gr\u00e1fica <em>como<\/em>:<\/span><\/p>\n<blockquote style=\"border: 2px double #009900; background: #f0fff0 none repeat scroll 0% 0%; -moz-background-clip: -moz-initial; -moz-background-origin: -moz-initial; -moz-background-inline-policy: -moz-initial; color: #323232; padding-left: 15px; padding-top: 10px; padding-bottom: 10px;\"><p><span style=\"font-family: arial, helvetica, sans-serif; font-size: 20px; color: #000000; line-height: 1.3;\"><em>A representa\u00e7\u00e3o gr\u00e1fica constitui um dos sistemas de signos b\u00e1sicos concebidos pela mente humana para armazenar, entender e comunicar informa\u00e7\u00f5es essenciais. Como uma \u201clinguagem\u201d para o olho, a representa\u00e7\u00e3o gr\u00e1fica beneficia por suas caracter\u00edsticas ub\u00edquas de percep\u00e7\u00e3o visual. Como um sistema monoss\u00eamico, ela forma a por\u00e7\u00e3o racional do mundo da imagem.<\/em><\/span><\/p><\/blockquote>\n<p><span style=\"font-size: 20px; font-family: arial, helvetica, sans-serif; color: #000000; line-height: 1.3;\">O per\u00edodo entre 1968-1985, pode ser considerado como o segundo momento da semiologia gr\u00e1fica. Isso porque neste per\u00edodo ocorreu o desenvolvimento e a divulga\u00e7\u00e3o dos tratamentos gr\u00e1ficos.<\/span><\/p>\n<p><span style=\"font-size: 20px; font-family: arial, helvetica, sans-serif; color: #000000; line-height: 1.3;\">Um ocorrido importante nesta \u00e9poca foi Bertin reeditar a obra S\u00e9miologie Graphique em 1973 e lan\u00e7ar <span style=\"color: #0000ff;\"><a style=\"color: #0000ff;\" href=\"https:\/\/www.amazon.com.br\/Graphique-traitement-linformation-Jacques-Bertin\/dp\/2930601299\">La graphique et le traitement graphique de l\u2019information<\/a><\/span> em 1977.<\/span><\/p>\n<p><span style=\"font-family: arial, helvetica, sans-serif; font-size: 20px; color: #000000; line-height: 1.3;\">Ao escrever sobre a <strong>representa\u00e7\u00e3o gr\u00e1fica<\/strong> como um sistema visual, Bertin afirma que para a leitura de uma tabela de dados s\u00e3o necess\u00e1rios diversos momentos de apreens\u00e3o da informa\u00e7\u00e3o.<\/span><\/p>\n<p><span style=\"font-family: arial, helvetica, sans-serif; font-size: 20px; color: #000000; line-height: 1.3;\"> Por\u00e9m, se os mesmos dados forem representados graficamente, a sua an\u00e1lise requer somente um instante de percep\u00e7\u00e3o, o que facilita a compara\u00e7\u00e3o.<\/span><\/p>\n<p><span style=\"font-family: arial, helvetica, sans-serif; font-size: 20px; color: #000000; line-height: 1.3;\">Desta maneira, na representa\u00e7\u00e3o gr\u00e1fica \u00e9 poss\u00edvel apreender de uma s\u00f3 vez tr\u00eas vari\u00e1veis, sejam elas as duas dimens\u00f5es do plano e a varia\u00e7\u00e3o de s\u00edmbolo. <\/span><\/p>\n<p><span style=\"font-family: arial, helvetica, sans-serif; font-size: 20px; color: #000000; line-height: 1.3;\"> A representa\u00e7\u00e3o gr\u00e1fica tamb\u00e9m permite analises mais completas atrav\u00e9s da visualiza\u00e7\u00e3o dos dados, seja considerando um s\u00f3 componente ou o conjunto de componentes representados em uma mesma constru\u00e7\u00e3o gr\u00e1fica.<\/span><\/p>\n<p><span style=\"font-family: arial, helvetica, sans-serif; font-size: 20px; color: #000000; line-height: 1.3;\">Bertin define oito <strong>vari\u00e1veis visuais<\/strong>: <\/span><\/p>\n<ul>\n<li><span style=\"font-family: arial, helvetica, sans-serif; font-size: 20px; color: #000000; line-height: 1.3;\">As duas dimens\u00f5es do plano (que no caso dos mapas operam como uma s\u00f3 vari\u00e1vel visual);<\/span><\/li>\n<li><span style=\"font-family: arial, helvetica, sans-serif; font-size: 20px; color: #000000; line-height: 1.3;\">Tamanho;<\/span><\/li>\n<li><span style=\"font-family: arial, helvetica, sans-serif; font-size: 20px; color: #000000; line-height: 1.3;\">Valor;<\/span><\/li>\n<li><span style=\"font-family: arial, helvetica, sans-serif; font-size: 20px; color: #000000; line-height: 1.3;\">Granula\u00e7\u00e3o;<\/span><\/li>\n<li><span style=\"font-family: arial, helvetica, sans-serif; font-size: 20px; color: #000000; line-height: 1.3;\">Cor;<\/span><\/li>\n<li><span style=\"font-family: arial, helvetica, sans-serif; font-size: 20px; color: #000000; line-height: 1.3;\">Orienta\u00e7\u00e3o e<\/span><\/li>\n<li><span style=\"font-family: arial, helvetica, sans-serif; font-size: 20px; color: #000000; line-height: 1.3;\">Forma.<\/span><\/li>\n<\/ul>\n<p><img decoding=\"async\" class=\"aligncenter wp-image-20038\" src=\"https:\/\/adenilsongiovanini.com.br\/blog\/wp-content\/uploads\/2019\/12\/variaveis-visuais-bertin.png\" alt=\"variaveis visuais - Bertin\" width=\"780\" height=\"657\" srcset=\"https:\/\/adenilsongiovanini.com.br\/blog\/wp-content\/uploads\/2019\/12\/variaveis-visuais-bertin.png 850w, https:\/\/adenilsongiovanini.com.br\/blog\/wp-content\/uploads\/2019\/12\/variaveis-visuais-bertin-300x253.png 300w, https:\/\/adenilsongiovanini.com.br\/blog\/wp-content\/uploads\/2019\/12\/variaveis-visuais-bertin-768x647.png 768w, https:\/\/adenilsongiovanini.com.br\/blog\/wp-content\/uploads\/2019\/12\/variaveis-visuais-bertin-320x270.png 320w, https:\/\/adenilsongiovanini.com.br\/blog\/wp-content\/uploads\/2019\/12\/variaveis-visuais-bertin-640x539.png 640w, https:\/\/adenilsongiovanini.com.br\/blog\/wp-content\/uploads\/2019\/12\/variaveis-visuais-bertin-360x303.png 360w, https:\/\/adenilsongiovanini.com.br\/blog\/wp-content\/uploads\/2019\/12\/variaveis-visuais-bertin-720x606.png 720w, https:\/\/adenilsongiovanini.com.br\/blog\/wp-content\/uploads\/2019\/12\/variaveis-visuais-bertin-800x674.png 800w\" sizes=\"(max-width: 780px) 100vw, 780px\" \/><\/p>\n<p align=\"justify\">\n<p align=\"justify\"><span style=\"font-size: 20px; font-family: arial, helvetica, sans-serif; color: #000000; line-height: 1.3;\">Essas vari\u00e1veis, quando empregadas no plano, podem apresentar tr\u00eas tipos de implanta\u00e7\u00e3o: ponto, linha e \u00e1rea.<\/span><\/p>\n<p align=\"justify\"><span style=\"font-family: arial, helvetica, sans-serif; font-size: 20px; color: #000000; line-height: 1.3;\">As outras seis vari\u00e1veis visuais (tamanho, valor, granula\u00e7\u00e3o, cor, orienta\u00e7\u00e3o e forma) s\u00e3o nomeadas vari\u00e1veis ret\u00ednicas e sua utiliza\u00e7\u00e3o chamada de eleva\u00e7\u00e3o, pois elas s\u00e3o respons\u00e1veis pela representa\u00e7\u00e3o de informa\u00e7\u00f5es imposs\u00edveis somente com as duas dimens\u00f5es do plano. (BERTIN, 1983 [1962]).<\/span><\/p>\n<p>&nbsp;<\/p>\n<h2 style=\"text-align: center;\" align=\"justify\"><span style=\"font-size: 24px;\"><strong><span style=\"font-family: arial, helvetica, sans-serif; color: #000000; line-height: 1.3;\">Semiologia gr\u00e1fica &#8211; N\u00edveis de organiza\u00e7\u00e3o das vari\u00e1veis visuais<\/span><\/strong><\/span><\/h2>\n<p><span style=\"font-size: 20px;\"><img decoding=\"async\" class=\"size-large wp-image-4535 aligncenter\" src=\"http:\/\/adenilsongiovanini.com.br\/blog\/wp-content\/uploads\/2019\/12\/Linguagemcartogr\u00e1fica_vari\u00e1veisvisuais-1024x576.jpg\" alt=\"semiologia gr\u00e1fica - Nos mapas as vari\u00e1veis visuais permitem distinguir, quantificar, ordenar e mostrar liga\u00e7\u00f5es (fluxos).\" width=\"1024\" height=\"576\" \/><\/span><\/p>\n<p>&nbsp;<\/p>\n<p align=\"justify\"><span style=\"font-family: arial, helvetica, sans-serif; font-size: 20px; color: #000000; line-height: 1.3;\">Os n\u00edveis de organiza\u00e7\u00e3o das vari\u00e1veis visuais s\u00e3o seletivo, associativo, ordenado e quantitativo. (BERTIN, 1983 [1962]).<\/span><\/p>\n<p align=\"justify\"><span style=\"font-family: arial, helvetica, sans-serif; font-size: 20px; color: #000000; line-height: 1.3;\"><em>Uma vari\u00e1vel \u00e9 SELETIVA (?) quando nos permite imediatamente isolar todas as correspond\u00eancias pertencentes \u00e0 mesma categoria (desta vari\u00e1vel).<\/p>\n<p>Essas correspond\u00eancias formam \u201cuma fam\u00edlia\u201d:<\/em><\/span><\/p>\n<ul>\n<li><span style=\"font-family: arial, helvetica, sans-serif; font-size: 20px; color: #000000; line-height: 1.3;\"><em>A fam\u00edlia dos signos vermelhos, aquela dos signos verdes;\n<p>A fam\u00edlia dos signos claros, aquela dos signos escuros;<\/p>\n<p>A fam\u00edlia dos signos da direita, aquela dos signos da esquerda do plano.<\/em><\/span><\/li>\n<\/ul>\n<p align=\"justify\"><span style=\"font-family: arial, helvetica, sans-serif; font-size: 20px; color: #000000; line-height: 1.3;\"><em>Uma vari\u00e1vel \u00e9 ASSOCIATIVA (=) quando permite agrupamento imediato de todas as correspond\u00eancias diferenciadas por esta vari\u00e1vel.<\/em><\/span><\/p>\n<p align=\"justify\"><span style=\"font-family: arial, helvetica, sans-serif; font-size: 20px; color: #000000; line-height: 1.3;\"><em>Essas correspond\u00eancias s\u00e3o percebidas \u201ctodas as categorias combinadas\u201d. Quadrados, tri\u00e2ngulos e c\u00edrculos que s\u00e3o pretos e do mesmo tamanho podem ser vistos como signos semelhantes.<\/em><\/span><\/p>\n<p align=\"justify\"><span style=\"font-family: arial, helvetica, sans-serif; font-size: 20px; color: #000000; line-height: 1.3;\"><em>\u201cForma\u201d \u00e9 associativa. C\u00edrculos brancos, cinzas ou pretos do mesmo tamanho n\u00e3o ser\u00e3o vistos como similares. \u201cValor\u201d n\u00e3o \u00e9 associativo. Uma vari\u00e1vel n\u00e3o associativa ser\u00e1 nomeada dissociativa ( ).<\/p>\n<p>Uma vari\u00e1vel \u00e9 ORDENADA (O) quando a classifica\u00e7\u00e3o visual de suas categorias, de suas etapas, \u00e9 imediata e universal.<\/em><\/span><\/p>\n<p align=\"justify\"><span style=\"font-family: arial, helvetica, sans-serif; font-size: 20px; color: #000000; line-height: 1.3;\"><em>Um cinza \u00e9 percebido como intermedi\u00e1rio entre o branco e o preto, um tamanho m\u00e9dio \u00e9 intermedi\u00e1rio entre um pequeno e um grande;<\/em><\/span><\/p>\n<p align=\"justify\"><span style=\"font-family: arial, helvetica, sans-serif; font-size: 20px; color: #000000; line-height: 1.3;\"><em>O mesmo n\u00e3o \u00e9 verdadeiro para um azul, um verde e um vermelho, os quais, em um mesmo valor, n\u00e3o produzem imediatamente uma ordem.<\/em><\/span><\/p>\n<p align=\"justify\"><span style=\"font-family: arial, helvetica, sans-serif; font-size: 20px; color: #000000; line-height: 1.3;\"><em>Uma vari\u00e1vel \u00e9 QUANTITATIVA (Q) quando a dist\u00e2ncia visual entre duas categorias de um componente ordenado pode ser imediatamente expressa por uma rela\u00e7\u00e3o num\u00e9rica.<\/em><\/span><\/p>\n<p align=\"justify\"><span style=\"font-family: arial, helvetica, sans-serif; font-size: 20px; color: #000000; line-height: 1.3;\"><em>Um comprimento \u00e9 percebido como igual a tr\u00eas vezes um outro comprimento; uma \u00e1rea \u00e9 quatro vezes outra \u00e1rea. <\/em><\/span><\/p>\n<p align=\"justify\"><span style=\"font-family: arial, helvetica, sans-serif; font-size: 20px; color: #000000; line-height: 1.3;\"><em>Note que a percep\u00e7\u00e3o quantitativa visual n\u00e3o tem a mesma precis\u00e3o das medidas num\u00e9ricas (se tivesse, os n\u00fameros, sem d\u00favida, n\u00e3o teriam sido inventados). <\/em><\/span><\/p>\n<p align=\"justify\"><span style=\"font-family: arial, helvetica, sans-serif; font-size: 20px; color: #000000; line-height: 1.3;\"><em>Contudo, frente a dois comprimentos em uma rela\u00e7\u00e3o aproximada de 1 para 4, sem aux\u00edlio algum, a percep\u00e7\u00e3o visual nos permite afirmar que a rela\u00e7\u00e3o n\u00e3o significa nem 1\/2 nem 1\/10. <\/em><\/span><\/p>\n<p align=\"justify\"><span style=\"font-family: arial, helvetica, sans-serif; font-size: 20px; color: #000000; line-height: 1.3;\"><em>A percep\u00e7\u00e3o quantitativa \u00e9 baseada na presen\u00e7a de uma unidade que pode ser comparada com todas as categorias na vari\u00e1vel. N\u00e3o permitindo o branco o estabelecimento de uma unidade de medida para o cinza ou preto, relacionamentos quantitativos n\u00e3o podem ser traduzidos por varia\u00e7\u00e3o de valor. Valor pode somente traduzir uma ordem. (BERTIN, 1983 [1962], p.48).<\/em><\/span><\/p>\n<p>&nbsp;<\/p>\n<p align=\"justify\"><span style=\"font-family: arial, helvetica, sans-serif; font-size: 20px; color: #000000; line-height: 1.3;\">A figura abaixo apresenta as vari\u00e1veis visuais segundo os tipos de implanta\u00e7\u00e3o e os n\u00edveis de organiza\u00e7\u00e3o.<\/span><\/p>\n<p align=\"justify\"><span style=\"font-family: arial, helvetica, sans-serif; font-size: 20px; color: #000000; line-height: 1.3;\">Destacando que na elabora\u00e7\u00e3o de mapas as duas dimens\u00f5es do plano s\u00e3o comprometidas com a <span style=\"color: #0000ff;\"><a href=\"https:\/\/adenilsongiovanini.com.br\/blog\/curso-online-cartografia-com-praticas-no-qgis\/\" style=\"color: #0000ff;\">base cartogr\u00e1fica<\/a><\/span>, por isso os demais componentes s\u00e3o todos representados pelas vari\u00e1veis ret\u00ednicas.<\/span><\/p>\n<p>&nbsp;<\/p>\n<p align=\"justify\"><span style=\"font-size: 20px; font-family: arial, helvetica, sans-serif; color: #000000;\"><img decoding=\"async\" class=\"aligncenter size-full wp-image-4531\" src=\"http:\/\/adenilsongiovanini.com.br\/blog\/wp-content\/uploads\/2019\/12\/semiologia-gr\u00e1fica-variaveis-visuais.png\" alt=\"semiologia gr\u00e1fica - variaveis visuais\" width=\"550\" height=\"488\" srcset=\"https:\/\/adenilsongiovanini.com.br\/blog\/wp-content\/uploads\/2019\/12\/semiologia-gr\u00e1fica-variaveis-visuais.png 550w, https:\/\/adenilsongiovanini.com.br\/blog\/wp-content\/uploads\/2019\/12\/semiologia-gr\u00e1fica-variaveis-visuais-300x266.png 300w\" sizes=\"(max-width: 550px) 100vw, 550px\" \/><\/span><\/p>\n<p>&nbsp;<\/p>\n<h2 style=\"text-align: center;\" align=\"justify\"><span style=\"font-size: 24px; font-family: arial, helvetica, sans-serif; color: #000000; line-height: 1.3;\"><strong><em>Modeliza\u00e7\u00e3o gr\u00e1fica ou corem\u00e1tica<\/em><\/strong><\/span><\/h2>\n<p align=\"justify\"><span style=\"font-size: 20px; font-family: arial, helvetica, sans-serif; color: #000000; line-height: 1.3;\">O espa\u00e7o geogr\u00e1fico \u00e9 formado por um conjunto de coremas em composi\u00e7\u00e3o. Essas composi\u00e7\u00f5es de coremas s\u00e3o as mais variadas, por\u00e9m Brunet percebeu que algumas s\u00e3o recorrentes e deu a elas o nome de corotipos (chorotypes).<\/span><\/p>\n<p>&nbsp;<\/p>\n<p align=\"justify\"><span style=\"font-size: 20px; font-family: arial, helvetica, sans-serif; color: #000000;\"><img decoding=\"async\" class=\"aligncenter size-full wp-image-4532\" src=\"http:\/\/adenilsongiovanini.com.br\/blog\/wp-content\/uploads\/2019\/12\/coremas.png\" alt=\"semiologia gr\u00e1fica -  coremas\" width=\"480\" height=\"717\" srcset=\"https:\/\/adenilsongiovanini.com.br\/blog\/wp-content\/uploads\/2019\/12\/coremas.png 480w, https:\/\/adenilsongiovanini.com.br\/blog\/wp-content\/uploads\/2019\/12\/coremas-201x300.png 201w\" sizes=\"(max-width: 480px) 100vw, 480px\" \/><\/span><\/p>\n<p>&nbsp;<\/p>\n<h2 style=\"text-align: center;\" align=\"justify\"><span style=\"font-size: 24px;\"><strong><span style=\"font-family: arial, helvetica, sans-serif; color: #000000; line-height: 1.3;\">Semiologia gr\u00e1fica &#8211; Modelos gr\u00e1ficos<\/span><\/strong><\/span><\/h2>\n<p align=\"justify\"><span style=\"font-size: 20px; font-family: arial, helvetica, sans-serif; color: #000000;\"><img decoding=\"async\" class=\"aligncenter size-full wp-image-4533\" src=\"http:\/\/adenilsongiovanini.com.br\/blog\/wp-content\/uploads\/2019\/12\/Modelos-elementares-do-Brasil.png\" alt=\"Modelos elementares do Brasil\" width=\"600\" height=\"615\" srcset=\"https:\/\/adenilsongiovanini.com.br\/blog\/wp-content\/uploads\/2019\/12\/Modelos-elementares-do-Brasil.png 600w, https:\/\/adenilsongiovanini.com.br\/blog\/wp-content\/uploads\/2019\/12\/Modelos-elementares-do-Brasil-293x300.png 293w\" sizes=\"(max-width: 600px) 100vw, 600px\" \/><\/span><\/p>\n<p>&nbsp;<\/p>\n<p align=\"justify\"><span style=\"font-size: 20px; font-family: arial, helvetica, sans-serif; color: #000000; line-height: 1.3;\">Segundo Th\u00e9ry (2004) a constru\u00e7\u00e3o de modelos gr\u00e1ficos \u00e9 a busca das estruturas fundamentais do espa\u00e7o e das l\u00f3gicas que deram origem \u00e0 sua configura\u00e7\u00e3o, sendo a escala de trabalho um fator indiferente nesta abordagem.<\/span><\/p>\n<p align=\"justify\"><span style=\"color: #000000; font-family: arial, helvetica, sans-serif; font-size: 20px;\">Para que um modelo gr\u00e1fico seja eficiente ele deve \u201cdar conta das localiza\u00e7\u00f5es, das configura\u00e7\u00f5es espaciais observadas, de justificar, pelo jogo das intera\u00e7\u00f5es, combina\u00e7\u00f5es e de algumas conting\u00eancias locais, todas as irregularidades e deforma\u00e7\u00f5es que aparecem.\u201d (TH\u00c9RY, 2004, p.181).<\/span><\/p>\n<p align=\"justify\"><span style=\"font-size: 20px; font-family: arial, helvetica, sans-serif; color: #000000; line-height: 1.3;\">Para Ferras (1993) a modeliza\u00e7\u00e3o depende de cinco habilidades:<\/span><\/p>\n<ol>\n<li><span style=\"font-size: 20px; font-family: arial, helvetica, sans-serif; color: #000000; line-height: 1.3;\">A escolha de elementos significativos na complexidade do real;<\/span><\/li>\n<li><span style=\"font-size: 20px; font-family: arial, helvetica, sans-serif; color: #000000; line-height: 1.3;\">Evidenci\u00e1-los e relacion\u00e1-los;<\/span><\/li>\n<li><span style=\"font-size: 20px; font-family: arial, helvetica, sans-serif; color: #000000; line-height: 1.3;\">Dom\u00ednio dos procedimentos t\u00e9cnicos;<\/span><\/li>\n<li><span style=\"font-size: 20px; font-family: arial, helvetica, sans-serif; color: #000000; line-height: 1.3;\">Proposi\u00e7\u00e3o de um todo coerente e l\u00f3gico;<\/span><\/li>\n<li><span style=\"font-size: 20px; font-family: arial, helvetica, sans-serif; color: #000000; line-height: 1.3;\">Uma generaliza\u00e7\u00e3o para compara\u00e7\u00f5es poss\u00edveis.<\/span><\/li>\n<\/ol>\n<p>&nbsp;<\/p>\n<p align=\"justify\"><span style=\"font-size: 20px; font-family: arial, helvetica, sans-serif; color: #000000; line-height: 1.3;\"><strong>Cr\u00e9ditos:<\/strong> Este post sobre semiologia gr\u00e1fica se baseou no artigo &#8220;<span style=\"color: #0000ff;\"><a style=\"color: #0000ff;\" href=\"http:\/\/www.uel.br\/revistas\/uel\/index.php\/geografia\/article\/viewFile\/10214\/9032\" target=\"_blank\" rel=\"noopener noreferrer\">Contribui\u00e7\u00f5es da Semiologia Gr\u00e1fica para a Cartografia Brasileira<\/a><\/span>&#8221; de autoria de Rosely Sampaio Archela, sendo um resumo do mesmo.<\/span><\/p>\n<p><span style=\"font-size: 20px; font-family: arial, helvetica, sans-serif; color: #000000; line-height: 1.3;\">\u00c9 isso por este artigo. <\/span><span style=\"font-size: 20px; font-family: arial, helvetica, sans-serif; color: #000000; line-height: 1.3;\">Lembrando que eu tamb\u00e9m possuo uma s\u00e9rie de <strong>cursos pr\u00e1ticos e de livros<\/strong>. <\/span><\/p>\n<p><span style=\"font-size: 20px; font-family: arial, helvetica, sans-serif; color: #000000; line-height: 1.3;\">Se voc\u00ea quer<strong> MERGULHAR FUNDO e aprender a prestar servi\u00e7os com grande velocidade e com seguran\u00e7a<\/strong>, <span style=\"color: #0000ff;\"><a style=\"color: #0000ff;\" href=\"https:\/\/adenilsongiovanini.com.br\/cursos-online\/\">acesse este link<\/a><\/span> e conhe\u00e7a os mesmos.<\/span><\/p>\n<p><span style=\"color: #000000;\"><span style=\"font-size: 20px; font-family: arial, helvetica, sans-serif; line-height: 1.3;\">Entre eles, o <span style=\"color: #0000ff;\"><a style=\"color: #0000ff;\" href=\"https:\/\/adenilsongiovanini.com.br\/curso-de-autocad-para-topografia\/\" target=\"_blank\" rel=\"noopener noreferrer\">Curso de Confec\u00e7\u00e3o de Plantas Topogr\u00e1ficas<\/a><\/span>. <span style=\"color: #000000;\">Um <\/span><\/span><span style=\"font-size: 20px; font-family: arial, helvetica, sans-serif; line-height: 1.3;\">curso pr\u00e1tico\u00a0<\/span><span style=\"font-size: 20px; font-family: arial, helvetica, sans-serif; line-height: 1.3;\">com o qual voc\u00ea vai <strong>aprender a produzir as 15 diferentes plantas produzidas em um escrit\u00f3rio de topografia<\/strong>.<\/span><\/span><\/p>\n<p><a href=\"https:\/\/adenilsongiovanini.com.br\/curso-de-autocad-para-topografia\/\" target=\"_blank\" rel=\"noopener noreferrer\"><img decoding=\"async\" class=\"aligncenter wp-image-31689\" src=\"https:\/\/adenilsongiovanini.com.br\/wp-content\/uploads\/2022\/07\/planta-de-topografia-1024x612.png\" alt=\"\" width=\"770\" height=\"460\" \/><\/a><\/p>\n<p><span style=\"font-family: arial, helvetica, sans-serif; font-size: 20px; color: #000000;\">Clique <a href=\"https:\/\/adenilsongiovanini.com.br\/curso-de-autocad-para-topografia\/\" target=\"_blank\" rel=\"noopener noreferrer\"><span style=\"color: #0000ff;\">neste link<\/span><\/a> e conhe\u00e7a melhor o mesmo.<\/span><\/p>\n<p><span style=\"font-size: 20px; font-family: arial, helvetica, sans-serif; color: #000000; line-height: 1.3;\">Gratid\u00e3o por voc\u00ea ter lido o artigo. \ud83d\ude4f<\/span><\/p>\n<p>&nbsp;<\/p>\n<p>&nbsp;<\/p>\n<h2 style=\"text-align: center;\"><span style=\"font-family: arial, helvetica, sans-serif; color: #000000; font-size: 24px;\"><strong>Domine a Topografia Cadastral atrav\u00e9s de um livro formado por centenas de exemplos pr\u00e1ticos <\/strong><\/span><\/h2>\n<h2 style=\"text-align: center;\"><span style=\"font-size: 20px;\"><a href=\"https:\/\/adenilsongiovanini.com.br\/georreferenciamento-de-imoveis-rurais-na-pratica\/\" rel=\"nofollow noreferrer\"><img decoding=\"async\" class=\"aligncenter size-large wp-image-19317\" src=\"https:\/\/adenilsongiovanini.com.br\/blog\/wp-content\/uploads\/2021\/04\/livro-de-topografia-e-georreferenciamento-1024x474.png\" sizes=\"(max-width: 1024px) 100vw, 1024px\" srcset=\"https:\/\/adenilsongiovanini.com.br\/blog\/wp-content\/uploads\/2021\/04\/livro-de-topografia-e-georreferenciamento-1024x474.png 1024w, https:\/\/adenilsongiovanini.com.br\/blog\/wp-content\/uploads\/2021\/04\/livro-de-topografia-e-georreferenciamento-300x139.png 300w, https:\/\/adenilsongiovanini.com.br\/blog\/wp-content\/uploads\/2021\/04\/livro-de-topografia-e-georreferenciamento-768x355.png 768w, https:\/\/adenilsongiovanini.com.br\/blog\/wp-content\/uploads\/2021\/04\/livro-de-topografia-e-georreferenciamento-1536x711.png 1536w, https:\/\/adenilsongiovanini.com.br\/blog\/wp-content\/uploads\/2021\/04\/livro-de-topografia-e-georreferenciamento-320x148.png 320w, https:\/\/adenilsongiovanini.com.br\/blog\/wp-content\/uploads\/2021\/04\/livro-de-topografia-e-georreferenciamento-640x296.png 640w, https:\/\/adenilsongiovanini.com.br\/blog\/wp-content\/uploads\/2021\/04\/livro-de-topografia-e-georreferenciamento-360x167.png 360w, https:\/\/adenilsongiovanini.com.br\/blog\/wp-content\/uploads\/2021\/04\/livro-de-topografia-e-georreferenciamento-720x333.png 720w, https:\/\/adenilsongiovanini.com.br\/blog\/wp-content\/uploads\/2021\/04\/livro-de-topografia-e-georreferenciamento-1080x500.png 1080w, https:\/\/adenilsongiovanini.com.br\/blog\/wp-content\/uploads\/2021\/04\/livro-de-topografia-e-georreferenciamento-800x370.png 800w, https:\/\/adenilsongiovanini.com.br\/blog\/wp-content\/uploads\/2021\/04\/livro-de-topografia-e-georreferenciamento-1280x592.png 1280w, https:\/\/adenilsongiovanini.com.br\/blog\/wp-content\/uploads\/2021\/04\/livro-de-topografia-e-georreferenciamento.png 1565w\" alt=\"livro de topografia e georreferenciamento\" width=\"1024\" height=\"474\" \/><\/a><\/span><\/h2>\n<p><span style=\"font-family: arial, helvetica, sans-serif; font-size: 20px; color: #000000;\">Voc\u00ea quer dominar a Topografia Cadastral?<\/span><\/p>\n<p><span style=\"font-family: arial, helvetica, sans-serif; font-size: 20px; color: #000000;\">Ent\u00e3o eu tenho uma \u00f3tima noticia para voc\u00ea. Me refiro ao <span style=\"color: #0000ff;\"><a style=\"color: #0000ff;\" href=\"https:\/\/adenilsongiovanini.com.br\/georreferenciamento-de-imoveis-rurais-na-pratica\/\" rel=\"nofollow noreferrer\">livro Topografia Cadastral e Georreferenciamento de Im\u00f3veis Rurais na Pr\u00e1tica<\/a><\/span>.<\/span><\/p>\n<p><span style=\"font-size: 20px;\"><span style=\"font-family: arial, helvetica, sans-serif; color: #000000;\">O mesmo \u00e9 dividido em 10 cap\u00edtulos recheados com muitos estudos de caso e exemplos pr\u00e1ticos. D\u00ea uma espiadinha no sum\u00e1rio do mesmo:<\/span><\/span><\/p>\n<p>&nbsp;<\/p>\n<p><center><iframe width=\"99%\" height=\"980\" src=\"https:\/\/drive.google.com\/file\/d\/1HJ8fZz1PvPmftfXHJNFTvIBBzY_FZhPJ\/preview\"><span data-mce-type=\"bookmark\" style=\"display: inline-block; width: 0px; overflow: hidden; line-height: 0;\" class=\"mce_SELRES_start\">\ufeff<\/span><\/iframe><\/center><\/p>\n<p>&nbsp;<\/p>\n<p><span style=\"font-size: 20px;\"><span style=\"font-family: arial, helvetica, sans-serif; color: #000000;\">Para conhecer melhor a estrutura do livro, juntar-se a mais de 800 profissionais e adquirir sua c\u00f3pia \u00e9 s\u00f3 clicar no bot\u00e3o abaixo:<\/span><\/span><\/p>\n<p>&nbsp;<\/p>\n<p><span style=\"color: #000000; font-size: 20px;\"><div class=\"su-button-center\"><a href=\"https:\/\/adenilsongiovanini.com.br\/georreferenciamento-de-imoveis-rurais-na-pratica\/\" class=\"su-button su-button-style-3d\" style=\"color:#000000;background-color:#2BCC2F;border-color:#23a426;border-radius:9px\" target=\"_blank\" rel=\"nofollow\" id=\"1\"><span style=\"color:#000000;padding:0px 24px;font-size:18px;line-height:36px;border-color:#6bdc6e;border-radius:9px;text-shadow:0px 0px 0px #000000\"> \u279c Quero Conhecer Melhor o Livro, Pois Quero e Preciso Aprender Mais Sobre Legisla\u00e7\u00e3o Cadastral e Geo. de Im\u00f3veis Rurais<\/span><\/a><\/div><\/span><\/p>\n<p>&nbsp;<\/p>\n<p>&nbsp;<\/p>\n","protected":false},"excerpt":{"rendered":"<p>A semiologia gr\u00e1fica pode ser compreendida como um conjunto de diretrizes que orientam a elabora\u00e7\u00e3o de mapas tem\u00e1ticos com o uso de s\u00edmbolos caracterizadores da informa\u00e7\u00e3o (Archela, R. S., 2001). &nbsp; Origem da semiologia gr\u00e1fica A semiologia gr\u00e1fica surgiu na Fran\u00e7a, entre 1960-1967, um per\u00edodo de reflex\u00f5es e experimenta\u00e7\u00f5es para [&hellip;]<\/p>\n","protected":false},"author":1,"featured_media":4534,"comment_status":"closed","ping_status":"closed","sticky":false,"template":"","format":"standard","meta":{"_monsterinsights_skip_tracking":false,"_monsterinsights_sitenote_active":false,"_monsterinsights_sitenote_note":"","_monsterinsights_sitenote_category":0,"footnotes":""},"categories":[13],"tags":[],"class_list":["post-4530","post","type-post","status-publish","format-standard","has-post-thumbnail","hentry","category-arcgis"],"yoast_head":"<!-- This site is optimized with the Yoast SEO plugin v26.5 - https:\/\/yoast.com\/wordpress\/plugins\/seo\/ -->\n<title>Semiologia Gr\u00e1fica: Origem e Vari\u00e1veis Visuais - Adenilson Giovanini<\/title>\n<meta name=\"description\" content=\"Descubra qual a origem da semiologia gr\u00e1fica, o que s\u00e3o coremas e quais s\u00e3o os diferentes n\u00edveis de organiza\u00e7\u00e3o das vari\u00e1veis visuais.\" \/>\n<meta name=\"robots\" content=\"index, follow, max-snippet:-1, max-image-preview:large, max-video-preview:-1\" \/>\n<link rel=\"canonical\" href=\"https:\/\/adenilsongiovanini.com.br\/blog\/semiologia-grafica-aplicada-e-cartografia-tematica\/\" \/>\n<meta property=\"og:locale\" content=\"pt_BR\" \/>\n<meta property=\"og:type\" content=\"article\" \/>\n<meta property=\"og:title\" content=\"Semiologia Gr\u00e1fica: Origem e Vari\u00e1veis Visuais - Adenilson Giovanini\" \/>\n<meta property=\"og:description\" content=\"Descubra qual a origem da semiologia gr\u00e1fica, o que s\u00e3o coremas e quais s\u00e3o os diferentes n\u00edveis de organiza\u00e7\u00e3o das vari\u00e1veis visuais.\" \/>\n<meta property=\"og:url\" content=\"https:\/\/adenilsongiovanini.com.br\/blog\/semiologia-grafica-aplicada-e-cartografia-tematica\/\" \/>\n<meta property=\"og:site_name\" content=\"Adenilson Giovanini\" \/>\n<meta property=\"article:publisher\" content=\"https:\/\/www.facebook.com\/otopografo\/\" \/>\n<meta property=\"article:author\" content=\"https:\/\/www.facebook.com\/otopografo\/\" \/>\n<meta property=\"article:published_time\" content=\"2019-12-13T20:27:59+00:00\" \/>\n<meta property=\"article:modified_time\" content=\"2022-08-09T23:21:45+00:00\" \/>\n<meta property=\"og:image\" content=\"https:\/\/adenilsongiovanini.com.br\/blog\/wp-content\/uploads\/2019\/12\/semiologia-gr\u00e1fica-bertin.jpg\" \/>\n\t<meta property=\"og:image:width\" content=\"638\" \/>\n\t<meta property=\"og:image:height\" content=\"479\" \/>\n\t<meta property=\"og:image:type\" content=\"image\/jpeg\" \/>\n<meta name=\"author\" content=\"Adenilson Giovanini\" \/>\n<meta name=\"twitter:card\" content=\"summary_large_image\" \/>\n<meta name=\"twitter:label1\" content=\"Escrito por\" \/>\n\t<meta name=\"twitter:data1\" content=\"Adenilson Giovanini\" \/>\n\t<meta name=\"twitter:label2\" content=\"Est. tempo de leitura\" \/>\n\t<meta name=\"twitter:data2\" content=\"8 minutos\" \/>\n<script type=\"application\/ld+json\" class=\"yoast-schema-graph\">{\"@context\":\"https:\/\/schema.org\",\"@graph\":[{\"@type\":\"Article\",\"@id\":\"https:\/\/adenilsongiovanini.com.br\/blog\/semiologia-grafica-aplicada-e-cartografia-tematica\/#article\",\"isPartOf\":{\"@id\":\"https:\/\/adenilsongiovanini.com.br\/blog\/semiologia-grafica-aplicada-e-cartografia-tematica\/\"},\"author\":{\"name\":\"Adenilson Giovanini\",\"@id\":\"https:\/\/adenilsongiovanini.com.br\/blog\/#\/schema\/person\/9c1daa7da73c116aae2cb0568d1daa23\"},\"headline\":\"Semiologia Gr\u00e1fica: Origem e Vari\u00e1veis Visuais\",\"datePublished\":\"2019-12-13T20:27:59+00:00\",\"dateModified\":\"2022-08-09T23:21:45+00:00\",\"mainEntityOfPage\":{\"@id\":\"https:\/\/adenilsongiovanini.com.br\/blog\/semiologia-grafica-aplicada-e-cartografia-tematica\/\"},\"wordCount\":1421,\"publisher\":{\"@id\":\"https:\/\/adenilsongiovanini.com.br\/blog\/#\/schema\/person\/9c1daa7da73c116aae2cb0568d1daa23\"},\"image\":{\"@id\":\"https:\/\/adenilsongiovanini.com.br\/blog\/semiologia-grafica-aplicada-e-cartografia-tematica\/#primaryimage\"},\"thumbnailUrl\":\"https:\/\/adenilsongiovanini.com.br\/blog\/wp-content\/uploads\/2019\/12\/semiologia-gr\u00e1fica-bertin.jpg\",\"articleSection\":[\"ArcGIS\"],\"inLanguage\":\"pt-BR\"},{\"@type\":\"WebPage\",\"@id\":\"https:\/\/adenilsongiovanini.com.br\/blog\/semiologia-grafica-aplicada-e-cartografia-tematica\/\",\"url\":\"https:\/\/adenilsongiovanini.com.br\/blog\/semiologia-grafica-aplicada-e-cartografia-tematica\/\",\"name\":\"Semiologia Gr\u00e1fica: Origem e Vari\u00e1veis Visuais - Adenilson Giovanini\",\"isPartOf\":{\"@id\":\"https:\/\/adenilsongiovanini.com.br\/blog\/#website\"},\"primaryImageOfPage\":{\"@id\":\"https:\/\/adenilsongiovanini.com.br\/blog\/semiologia-grafica-aplicada-e-cartografia-tematica\/#primaryimage\"},\"image\":{\"@id\":\"https:\/\/adenilsongiovanini.com.br\/blog\/semiologia-grafica-aplicada-e-cartografia-tematica\/#primaryimage\"},\"thumbnailUrl\":\"https:\/\/adenilsongiovanini.com.br\/blog\/wp-content\/uploads\/2019\/12\/semiologia-gr\u00e1fica-bertin.jpg\",\"datePublished\":\"2019-12-13T20:27:59+00:00\",\"dateModified\":\"2022-08-09T23:21:45+00:00\",\"description\":\"Descubra qual a origem da semiologia gr\u00e1fica, o que s\u00e3o coremas e quais s\u00e3o os diferentes n\u00edveis de organiza\u00e7\u00e3o das vari\u00e1veis visuais.\",\"breadcrumb\":{\"@id\":\"https:\/\/adenilsongiovanini.com.br\/blog\/semiologia-grafica-aplicada-e-cartografia-tematica\/#breadcrumb\"},\"inLanguage\":\"pt-BR\",\"potentialAction\":[{\"@type\":\"ReadAction\",\"target\":[\"https:\/\/adenilsongiovanini.com.br\/blog\/semiologia-grafica-aplicada-e-cartografia-tematica\/\"]}]},{\"@type\":\"ImageObject\",\"inLanguage\":\"pt-BR\",\"@id\":\"https:\/\/adenilsongiovanini.com.br\/blog\/semiologia-grafica-aplicada-e-cartografia-tematica\/#primaryimage\",\"url\":\"https:\/\/adenilsongiovanini.com.br\/blog\/wp-content\/uploads\/2019\/12\/semiologia-gr\u00e1fica-bertin.jpg\",\"contentUrl\":\"https:\/\/adenilsongiovanini.com.br\/blog\/wp-content\/uploads\/2019\/12\/semiologia-gr\u00e1fica-bertin.jpg\",\"width\":638,\"height\":479},{\"@type\":\"BreadcrumbList\",\"@id\":\"https:\/\/adenilsongiovanini.com.br\/blog\/semiologia-grafica-aplicada-e-cartografia-tematica\/#breadcrumb\",\"itemListElement\":[{\"@type\":\"ListItem\",\"position\":1,\"name\":\"Home\",\"item\":\"https:\/\/adenilsongiovanini.com.br\/blog\/\"},{\"@type\":\"ListItem\",\"position\":2,\"name\":\"Semiologia Gr\u00e1fica: Origem e Vari\u00e1veis Visuais\"}]},{\"@type\":\"WebSite\",\"@id\":\"https:\/\/adenilsongiovanini.com.br\/blog\/#website\",\"url\":\"https:\/\/adenilsongiovanini.com.br\/blog\/\",\"name\":\"Adenilson Giovanini\",\"description\":\"Topografia e Geotecnologias\",\"publisher\":{\"@id\":\"https:\/\/adenilsongiovanini.com.br\/blog\/#\/schema\/person\/9c1daa7da73c116aae2cb0568d1daa23\"},\"potentialAction\":[{\"@type\":\"SearchAction\",\"target\":{\"@type\":\"EntryPoint\",\"urlTemplate\":\"https:\/\/adenilsongiovanini.com.br\/blog\/?s={search_term_string}\"},\"query-input\":{\"@type\":\"PropertyValueSpecification\",\"valueRequired\":true,\"valueName\":\"search_term_string\"}}],\"inLanguage\":\"pt-BR\"},{\"@type\":[\"Person\",\"Organization\"],\"@id\":\"https:\/\/adenilsongiovanini.com.br\/blog\/#\/schema\/person\/9c1daa7da73c116aae2cb0568d1daa23\",\"name\":\"Adenilson Giovanini\",\"image\":{\"@type\":\"ImageObject\",\"inLanguage\":\"pt-BR\",\"@id\":\"https:\/\/adenilsongiovanini.com.br\/blog\/#\/schema\/person\/image\/\",\"url\":\"https:\/\/adenilsongiovanini.com.br\/blog\/wp-content\/litespeed\/avatar\/be8f4de5c0b8a93c57a4f29cbf2f1e92.jpg?ver=1777130135\",\"contentUrl\":\"https:\/\/adenilsongiovanini.com.br\/blog\/wp-content\/litespeed\/avatar\/be8f4de5c0b8a93c57a4f29cbf2f1e92.jpg?ver=1777130135\",\"caption\":\"Adenilson Giovanini\"},\"logo\":{\"@id\":\"https:\/\/adenilsongiovanini.com.br\/blog\/#\/schema\/person\/image\/\"},\"description\":\"O Professor Adenilson Giovanini \u00e9 especialista em Topografia Cadastral e Georreferenciamento de Im\u00f3veis Rurais. O mesmo possui o Maior Site de Engenharia de Agrimensura do Brasil. Site este que tem mais de 102.000 visualiza\u00e7\u00f5es por m\u00eas. Tamb\u00e9m possui mais de 600 v\u00eddeos em seu canal no youtube. Al\u00e9m disso, \u00e9 escritor Best Seller, possuindo v\u00e1rios cursos e livros de sucesso.\",\"sameAs\":[\"http:\/\/adenilsongiovanini.com.br\",\"https:\/\/www.facebook.com\/otopografo\/\",\"https:\/\/www.instagram.com\/adenilson_giovanini\/\",\"https:\/\/www.linkedin.com\/in\/adenilson-giovanini-819b8035\/\",\"https:\/\/br.pinterest.com\/adenilsongiovanini\/\",\"https:\/\/www.youtube.com\/channel\/uce-br7ghiuog2txcsdx5vrw\"]}]}<\/script>\n<!-- \/ Yoast SEO plugin. -->","yoast_head_json":{"title":"Semiologia Gr\u00e1fica: Origem e Vari\u00e1veis Visuais - Adenilson Giovanini","description":"Descubra qual a origem da semiologia gr\u00e1fica, o que s\u00e3o coremas e quais s\u00e3o os diferentes n\u00edveis de organiza\u00e7\u00e3o das vari\u00e1veis visuais.","robots":{"index":"index","follow":"follow","max-snippet":"max-snippet:-1","max-image-preview":"max-image-preview:large","max-video-preview":"max-video-preview:-1"},"canonical":"https:\/\/adenilsongiovanini.com.br\/blog\/semiologia-grafica-aplicada-e-cartografia-tematica\/","og_locale":"pt_BR","og_type":"article","og_title":"Semiologia Gr\u00e1fica: Origem e Vari\u00e1veis Visuais - Adenilson Giovanini","og_description":"Descubra qual a origem da semiologia gr\u00e1fica, o que s\u00e3o coremas e quais s\u00e3o os diferentes n\u00edveis de organiza\u00e7\u00e3o das vari\u00e1veis visuais.","og_url":"https:\/\/adenilsongiovanini.com.br\/blog\/semiologia-grafica-aplicada-e-cartografia-tematica\/","og_site_name":"Adenilson Giovanini","article_publisher":"https:\/\/www.facebook.com\/otopografo\/","article_author":"https:\/\/www.facebook.com\/otopografo\/","article_published_time":"2019-12-13T20:27:59+00:00","article_modified_time":"2022-08-09T23:21:45+00:00","og_image":[{"width":638,"height":479,"url":"https:\/\/adenilsongiovanini.com.br\/blog\/wp-content\/uploads\/2019\/12\/semiologia-gr\u00e1fica-bertin.jpg","type":"image\/jpeg"}],"author":"Adenilson Giovanini","twitter_card":"summary_large_image","twitter_misc":{"Escrito por":"Adenilson Giovanini","Est. tempo de leitura":"8 minutos"},"schema":{"@context":"https:\/\/schema.org","@graph":[{"@type":"Article","@id":"https:\/\/adenilsongiovanini.com.br\/blog\/semiologia-grafica-aplicada-e-cartografia-tematica\/#article","isPartOf":{"@id":"https:\/\/adenilsongiovanini.com.br\/blog\/semiologia-grafica-aplicada-e-cartografia-tematica\/"},"author":{"name":"Adenilson Giovanini","@id":"https:\/\/adenilsongiovanini.com.br\/blog\/#\/schema\/person\/9c1daa7da73c116aae2cb0568d1daa23"},"headline":"Semiologia Gr\u00e1fica: Origem e Vari\u00e1veis Visuais","datePublished":"2019-12-13T20:27:59+00:00","dateModified":"2022-08-09T23:21:45+00:00","mainEntityOfPage":{"@id":"https:\/\/adenilsongiovanini.com.br\/blog\/semiologia-grafica-aplicada-e-cartografia-tematica\/"},"wordCount":1421,"publisher":{"@id":"https:\/\/adenilsongiovanini.com.br\/blog\/#\/schema\/person\/9c1daa7da73c116aae2cb0568d1daa23"},"image":{"@id":"https:\/\/adenilsongiovanini.com.br\/blog\/semiologia-grafica-aplicada-e-cartografia-tematica\/#primaryimage"},"thumbnailUrl":"https:\/\/adenilsongiovanini.com.br\/blog\/wp-content\/uploads\/2019\/12\/semiologia-gr\u00e1fica-bertin.jpg","articleSection":["ArcGIS"],"inLanguage":"pt-BR"},{"@type":"WebPage","@id":"https:\/\/adenilsongiovanini.com.br\/blog\/semiologia-grafica-aplicada-e-cartografia-tematica\/","url":"https:\/\/adenilsongiovanini.com.br\/blog\/semiologia-grafica-aplicada-e-cartografia-tematica\/","name":"Semiologia Gr\u00e1fica: Origem e Vari\u00e1veis Visuais - Adenilson Giovanini","isPartOf":{"@id":"https:\/\/adenilsongiovanini.com.br\/blog\/#website"},"primaryImageOfPage":{"@id":"https:\/\/adenilsongiovanini.com.br\/blog\/semiologia-grafica-aplicada-e-cartografia-tematica\/#primaryimage"},"image":{"@id":"https:\/\/adenilsongiovanini.com.br\/blog\/semiologia-grafica-aplicada-e-cartografia-tematica\/#primaryimage"},"thumbnailUrl":"https:\/\/adenilsongiovanini.com.br\/blog\/wp-content\/uploads\/2019\/12\/semiologia-gr\u00e1fica-bertin.jpg","datePublished":"2019-12-13T20:27:59+00:00","dateModified":"2022-08-09T23:21:45+00:00","description":"Descubra qual a origem da semiologia gr\u00e1fica, o que s\u00e3o coremas e quais s\u00e3o os diferentes n\u00edveis de organiza\u00e7\u00e3o das vari\u00e1veis visuais.","breadcrumb":{"@id":"https:\/\/adenilsongiovanini.com.br\/blog\/semiologia-grafica-aplicada-e-cartografia-tematica\/#breadcrumb"},"inLanguage":"pt-BR","potentialAction":[{"@type":"ReadAction","target":["https:\/\/adenilsongiovanini.com.br\/blog\/semiologia-grafica-aplicada-e-cartografia-tematica\/"]}]},{"@type":"ImageObject","inLanguage":"pt-BR","@id":"https:\/\/adenilsongiovanini.com.br\/blog\/semiologia-grafica-aplicada-e-cartografia-tematica\/#primaryimage","url":"https:\/\/adenilsongiovanini.com.br\/blog\/wp-content\/uploads\/2019\/12\/semiologia-gr\u00e1fica-bertin.jpg","contentUrl":"https:\/\/adenilsongiovanini.com.br\/blog\/wp-content\/uploads\/2019\/12\/semiologia-gr\u00e1fica-bertin.jpg","width":638,"height":479},{"@type":"BreadcrumbList","@id":"https:\/\/adenilsongiovanini.com.br\/blog\/semiologia-grafica-aplicada-e-cartografia-tematica\/#breadcrumb","itemListElement":[{"@type":"ListItem","position":1,"name":"Home","item":"https:\/\/adenilsongiovanini.com.br\/blog\/"},{"@type":"ListItem","position":2,"name":"Semiologia Gr\u00e1fica: Origem e Vari\u00e1veis Visuais"}]},{"@type":"WebSite","@id":"https:\/\/adenilsongiovanini.com.br\/blog\/#website","url":"https:\/\/adenilsongiovanini.com.br\/blog\/","name":"Adenilson Giovanini","description":"Topografia e Geotecnologias","publisher":{"@id":"https:\/\/adenilsongiovanini.com.br\/blog\/#\/schema\/person\/9c1daa7da73c116aae2cb0568d1daa23"},"potentialAction":[{"@type":"SearchAction","target":{"@type":"EntryPoint","urlTemplate":"https:\/\/adenilsongiovanini.com.br\/blog\/?s={search_term_string}"},"query-input":{"@type":"PropertyValueSpecification","valueRequired":true,"valueName":"search_term_string"}}],"inLanguage":"pt-BR"},{"@type":["Person","Organization"],"@id":"https:\/\/adenilsongiovanini.com.br\/blog\/#\/schema\/person\/9c1daa7da73c116aae2cb0568d1daa23","name":"Adenilson Giovanini","image":{"@type":"ImageObject","inLanguage":"pt-BR","@id":"https:\/\/adenilsongiovanini.com.br\/blog\/#\/schema\/person\/image\/","url":"https:\/\/adenilsongiovanini.com.br\/blog\/wp-content\/litespeed\/avatar\/be8f4de5c0b8a93c57a4f29cbf2f1e92.jpg?ver=1777130135","contentUrl":"https:\/\/adenilsongiovanini.com.br\/blog\/wp-content\/litespeed\/avatar\/be8f4de5c0b8a93c57a4f29cbf2f1e92.jpg?ver=1777130135","caption":"Adenilson Giovanini"},"logo":{"@id":"https:\/\/adenilsongiovanini.com.br\/blog\/#\/schema\/person\/image\/"},"description":"O Professor Adenilson Giovanini \u00e9 especialista em Topografia Cadastral e Georreferenciamento de Im\u00f3veis Rurais. O mesmo possui o Maior Site de Engenharia de Agrimensura do Brasil. Site este que tem mais de 102.000 visualiza\u00e7\u00f5es por m\u00eas. Tamb\u00e9m possui mais de 600 v\u00eddeos em seu canal no youtube. Al\u00e9m disso, \u00e9 escritor Best Seller, possuindo v\u00e1rios cursos e livros de sucesso.","sameAs":["http:\/\/adenilsongiovanini.com.br","https:\/\/www.facebook.com\/otopografo\/","https:\/\/www.instagram.com\/adenilson_giovanini\/","https:\/\/www.linkedin.com\/in\/adenilson-giovanini-819b8035\/","https:\/\/br.pinterest.com\/adenilsongiovanini\/","https:\/\/www.youtube.com\/channel\/uce-br7ghiuog2txcsdx5vrw"]}]}},"amp_enabled":true,"_links":{"self":[{"href":"https:\/\/adenilsongiovanini.com.br\/blog\/wp-json\/wp\/v2\/posts\/4530","targetHints":{"allow":["GET"]}}],"collection":[{"href":"https:\/\/adenilsongiovanini.com.br\/blog\/wp-json\/wp\/v2\/posts"}],"about":[{"href":"https:\/\/adenilsongiovanini.com.br\/blog\/wp-json\/wp\/v2\/types\/post"}],"author":[{"embeddable":true,"href":"https:\/\/adenilsongiovanini.com.br\/blog\/wp-json\/wp\/v2\/users\/1"}],"replies":[{"embeddable":true,"href":"https:\/\/adenilsongiovanini.com.br\/blog\/wp-json\/wp\/v2\/comments?post=4530"}],"version-history":[{"count":0,"href":"https:\/\/adenilsongiovanini.com.br\/blog\/wp-json\/wp\/v2\/posts\/4530\/revisions"}],"wp:featuredmedia":[{"embeddable":true,"href":"https:\/\/adenilsongiovanini.com.br\/blog\/wp-json\/wp\/v2\/media\/4534"}],"wp:attachment":[{"href":"https:\/\/adenilsongiovanini.com.br\/blog\/wp-json\/wp\/v2\/media?parent=4530"}],"wp:term":[{"taxonomy":"category","embeddable":true,"href":"https:\/\/adenilsongiovanini.com.br\/blog\/wp-json\/wp\/v2\/categories?post=4530"},{"taxonomy":"post_tag","embeddable":true,"href":"https:\/\/adenilsongiovanini.com.br\/blog\/wp-json\/wp\/v2\/tags?post=4530"}],"curies":[{"name":"wp","href":"https:\/\/api.w.org\/{rel}","templated":true}]}}