{"id":3790,"date":"2019-12-02T23:12:03","date_gmt":"2019-12-02T23:12:03","guid":{"rendered":"http:\/\/adenilsongiovanini.com.br\/blog\/?p=3790"},"modified":"2022-08-04T11:27:41","modified_gmt":"2022-08-04T11:27:41","slug":"coordenadas-utm","status":"publish","type":"post","link":"https:\/\/adenilsongiovanini.com.br\/blog\/coordenadas-utm\/","title":{"rendered":"Coordenadas UTM: o que s\u00e3o e para que servem?"},"content":{"rendered":"<p><span style=\"font-size: 20px; font-family: arial, helvetica, sans-serif; color: #000000; line-height: 1.3;\">As <strong>coordenadas UTM<\/strong>, mais conhecidas por proje\u00e7\u00e3o UTM (universal transversa de Mercator) s\u00e3o umas das mais utilizadas no mundo inteiro para cartografia sistem\u00e1tica.<\/span><\/p>\n<p><span style=\"font-size: 20px; font-family: arial, helvetica, sans-serif; color: #000000; line-height: 1.3;\">Neste artigo voc\u00ea ir\u00e1 aprender simplesmente tudo que precisa saber sobre as mesmas. Voc\u00ea aprender\u00e1:<\/span><\/p>\n<ul>\n<li><span style=\"font-size: 20px; font-family: arial, helvetica, sans-serif; color: #000000; line-height: 1.3;\">O que s\u00e3o as coordenadas UTM;<\/span><\/li>\n<li><span style=\"font-size: 20px; font-family: arial, helvetica, sans-serif; color: #000000; line-height: 1.3;\">Quais a diferen\u00e7a entre coordenadas UTM, LTM e RTM;<\/span><\/li>\n<li><span style=\"font-size: 20px; font-family: arial, helvetica, sans-serif; color: #000000; line-height: 1.3;\">Quais as caracter\u00edsticas das coordenadas UTM; e<\/span><\/li>\n<li><span style=\"font-size: 20px; font-family: arial, helvetica, sans-serif; color: #000000; line-height: 1.3;\">Quais os fusos UTM existentes no Brasil.<\/span>\n<\/li>\n<\/ul>\n<h2 style=\"text-align: center;\"><span style=\"font-size: 24px;\"><strong><span style=\"font-family: arial, helvetica, sans-serif; color: #000000; line-height: 1.3;\">O que s\u00e3o Coordenadas UTM<\/span><\/strong><\/span><\/h2>\n<p><span style=\"font-size: 20px;\"><img decoding=\"async\" class=\"size-full wp-image-3805 aligncenter\" src=\"http:\/\/adenilsongiovanini.com.br\/blog\/wp-content\/uploads\/2019\/12\/Sistemadeproje\u00e7\u00e3oUTM.jpg\" alt=\"sistema de proje\u00e7\u00e3o utm\" width=\"747\" height=\"536\" srcset=\"https:\/\/adenilsongiovanini.com.br\/blog\/wp-content\/uploads\/2019\/12\/Sistemadeproje\u00e7\u00e3oUTM.jpg 747w, https:\/\/adenilsongiovanini.com.br\/blog\/wp-content\/uploads\/2019\/12\/Sistemadeproje\u00e7\u00e3oUTM-300x215.jpg 300w\" sizes=\"(max-width: 747px) 100vw, 747px\" \/> <\/span><\/p>\n<p><span style=\"font-size: 20px; font-family: arial, helvetica, sans-serif; color: #000000; line-height: 1.3;\">O <strong>sistema UTM<\/strong> \u00e9 um m\u00e9todo utilizado para projetar os dados para o plano.<\/span><\/p>\n<p><span style=\"font-size: 20px; font-family: arial, helvetica, sans-serif; color: #000000; line-height: 1.3;\">A utiliza\u00e7\u00e3o deste sistema de proje\u00e7\u00e3o, segundo Sebem e Monguilhott 2010 (Livro: <span style=\"color: #0000ff;\"><a href=\"https:\/\/adenilsongiovanini.com.br\/curso-cartografia\/\" style=\"color: #0000ff;\">Curso de cartografia B\u00e1sica<\/a><\/span>, GPS e Cartografia) \u00e9 recomendada pela <span style=\"color: #0000ff;\"><a style=\"color: #0000ff;\" href=\"http:\/\/www.iugg.org\/\" target=\"_blank\" rel=\"noopener noreferrer\">Uni\u00e3o da Geod\u00e9sia e Geof\u00edsica Internacional<\/a><\/span> (UGGI).<\/span><\/p>\n<p><span style=\"font-size: 20px; font-family: arial, helvetica, sans-serif; color: #000000; line-height: 1.3;\">Na realidade, a proje\u00e7\u00e3o UTM \u00e9 um caso particular da <span style=\"color: #0000ff;\"><a style=\"color: #0000ff;\" href=\"https:\/\/pt.wikipedia.org\/wiki\/Universal_Transversa_de_Mercator\" target=\"_blank\" rel=\"noopener noreferrer\">Proje\u00e7\u00e3o transversa de Mercator<\/a><\/span>. Isso porque a Proje\u00e7\u00e3o transversa de Mercator \u00e9 dividida em 3. S\u00e3o elas:<\/span><\/p>\n<ul>\n<li><span style=\"font-size: 20px; font-family: arial, helvetica, sans-serif; color: #000000; line-height: 1.3;\">Proje\u00e7\u00e3o Universal Transversa de Mercator (UTM);<\/span><\/li>\n<li><span style=\"font-size: 20px; font-family: arial, helvetica, sans-serif; color: #000000; line-height: 1.3;\">Proje\u00e7\u00e3o Regional Transverso de Mercator (RTM) e;<\/span><\/li>\n<li><span style=\"font-family: arial, helvetica, sans-serif; font-size: 20px; color: #000000;\">Proje\u00e7\u00e3o Local Transverso de Mercator (LTM).<\/span><\/li>\n<\/ul>\n<p><span style=\"font-size: 20px; font-family: arial, helvetica, sans-serif; color: #000000; line-height: 1.3;\">A grande diferen\u00e7a entre as 3 proje\u00e7\u00f5es acima \u00e9 largura de fuso, isso porque enquanto a proje\u00e7\u00e3o UTM possui fusos de 6\u00b0, as <span style=\"color: #0000ff;\"><a style=\"color: #0000ff;\" href=\"https:\/\/guri.unipampa.edu.br\/uploads\/evt\/arq_trabalhos\/18368\/seer_18368.pdf#:~:text=Os%20sistemas%20referenciais%20cartogr%C3%A1ficos%20no,secantes%20%C3%A0%20superf%C3%ADcie%20de%20refer%C3%AAncia.\">proje\u00e7\u00f5es RTM e LTM<\/a><\/span> utilizam fusos de 2\u00ba, e 1\u00ba, respectivamente.<\/span><\/p>\n<p><span style=\"font-size: 20px;\"> <span style=\"font-family: arial, helvetica, sans-serif; color: #000000; line-height: 1.3;\">Veja na imagem abaixo o que acontece com a proje\u00e7\u00e3o UTM. Ou seja, o <span style=\"color: #0000ff;\"><a href=\"http:\/\/adenilsongiovanini.com.br\/blog\/elipsoide-o-que-e-e-para-que-serve\/\" target=\"_blank\" rel=\"noopener noreferrer\" style=\"color: #0000ff;\">elipsoide<\/a><\/span> sendo cortado em 60 fusos de 6\u00b0.<\/span><\/span><\/p>\n<p>\n<span style=\"font-size: 20px;\"><img decoding=\"async\" class=\"aligncenter wp-image-3810 size-large\" src=\"https:\/\/adenilsongiovanini.com.br\/blog\/wp-content\/uploads\/2019\/12\/proje\u00e7\u00e3o-utm-com-\u00e1rea-de-polos-780x585.jpg\" alt=\"proje\u00e7\u00e3o utm com \u00e1rea de polos\" width=\"780\" height=\"585\" srcset=\"https:\/\/adenilsongiovanini.com.br\/blog\/wp-content\/uploads\/2019\/12\/proje\u00e7\u00e3o-utm-com-\u00e1rea-de-polos-780x585.jpg 780w, https:\/\/adenilsongiovanini.com.br\/blog\/wp-content\/uploads\/2019\/12\/proje\u00e7\u00e3o-utm-com-\u00e1rea-de-polos-300x225.jpg 300w, https:\/\/adenilsongiovanini.com.br\/blog\/wp-content\/uploads\/2019\/12\/proje\u00e7\u00e3o-utm-com-\u00e1rea-de-polos-768x576.jpg 768w, https:\/\/adenilsongiovanini.com.br\/blog\/wp-content\/uploads\/2019\/12\/proje\u00e7\u00e3o-utm-com-\u00e1rea-de-polos.jpg 960w\" sizes=\"(max-width: 780px) 100vw, 780px\" \/><\/span><br \/>\n<span style=\"font-size: 20px; font-family: arial, helvetica, sans-serif; color: #000000; line-height: 1.3;\">A proje\u00e7\u00f5es LTM e RTM normalmente s\u00e3o utilizadas em regi\u00f5es urbanas. Isso porque a proje\u00e7\u00e3o UTM devido a suas caracter\u00edsticas, causa distor\u00e7\u00f5es lineares nos mapas, principalmente nos limites do fuso. <\/span><\/p>\n<p><span style=\"font-size: 20px; font-family: arial, helvetica, sans-serif; color: #000000; line-height: 1.3;\">Para minimizar esse problema utiliza-se os sistemas LTM e RTM, pois os mesmos possibilitam o <span style=\"color: #0000ff;\"><a href=\"https:\/\/adenilsongiovanini.com.br\/blog\/curso-online-topografia-com-aulas-praticas\/\" style=\"color: #0000ff;\">mapeamento de \u00e1reas urbanas<\/a><\/span> em grande <span style=\"color: #0000ff;\"><a style=\"color: #0000ff;\" href=\"https:\/\/adenilsongiovanini.com.br\/blog\/escala-de-um-mapa\/\">escala<\/a><\/span>, diminuindo os erros de distor\u00e7\u00f5es cometidos pelo sistema UTM.<\/span><\/p>\n<p><span style=\"font-size: 20px; font-family: arial, helvetica, sans-serif; color: #000000; line-height: 1.3;\">Veja na imagem abaixo uma tabela comparando as proje\u00e7\u00f5es UTM, LTM e RTM.<\/span><\/p>\n<p><span style=\"font-size: 20px;\"><img decoding=\"async\" class=\"aligncenter size-full wp-image-3812\" src=\"http:\/\/adenilsongiovanini.com.br\/blog\/wp-content\/uploads\/2019\/12\/tabela-de-compara\u00e7\u00e3o-das-proje\u00e7\u00f5es-UTM-LTM-e-RTM.gif\" alt=\"tabela de compara\u00e7\u00e3o das proje\u00e7\u00f5es UTM, LTM e RTM\" width=\"459\" height=\"230\" \/><\/span><\/p>\n<h2 style=\"text-align: center;\"><span style=\"font-size: 24px;\"><strong><span style=\"font-family: arial, helvetica, sans-serif; color: #000000; line-height: 1.3;\">Caracter\u00edsticas das Coordenadas UTM<\/span><\/strong><\/span><\/h2>\n<p><span style=\"font-size: 20px;\"><img decoding=\"async\" class=\"aligncenter size-full wp-image-3806\" src=\"http:\/\/adenilsongiovanini.com.br\/blog\/wp-content\/uploads\/2019\/12\/caracteristicas-ds-coordenadas-utm.jpg\" alt=\"caracteristicas ds coordenadas utm\" width=\"281\" height=\"180\" \/> <span style=\"font-family: arial, helvetica, sans-serif; color: #000000; line-height: 1.3;\">Entre as principais caracter\u00edsticas da proje\u00e7\u00e3o UTM temos:<\/span><\/span><\/p>\n<p><span style=\"font-size: 20px; font-family: arial, helvetica, sans-serif; color: #000000; line-height: 1.3;\">1) A superf\u00edcie de proje\u00e7\u00e3o \u00e9 um <span style=\"color: #0000ff;\"><a style=\"color: #0000ff;\" href=\"https:\/\/pt.wikipedia.org\/wiki\/Proje%C3%A7%C3%A3o_cil%C3%ADndrica\" target=\"_blank\" rel=\"noopener noreferrer\">cilindro secante<\/a><\/span> cujo eixo \u00e9 perpendicular ao eixo polar terrestre. veja o detalhe na imagem abaixo:<\/span><\/p>\n<p><span style=\"font-size: 20px; font-family: arial, helvetica, sans-serif; color: #000000; line-height: 1.3;\"><img decoding=\"async\" class=\"aligncenter size-full wp-image-3792\" src=\"http:\/\/adenilsongiovanini.com.br\/blog\/wp-content\/uploads\/2019\/12\/coordenadas-utm-largura-do-fuso.png\" alt=\"coordenadas utm - largura do fuso\" width=\"724\" height=\"597\" srcset=\"https:\/\/adenilsongiovanini.com.br\/blog\/wp-content\/uploads\/2019\/12\/coordenadas-utm-largura-do-fuso.png 724w, https:\/\/adenilsongiovanini.com.br\/blog\/wp-content\/uploads\/2019\/12\/coordenadas-utm-largura-do-fuso-300x247.png 300w\" sizes=\"(max-width: 724px) 100vw, 724px\" \/><\/span><\/p>\n<p><span style=\"font-size: 20px; font-family: arial, helvetica, sans-serif; color: #000000; line-height: 1.3;\">Ao cortar o elipsoide desta maneira, a mesma \u00e9 uma proje\u00e7\u00e3o conforme, ou seja, mant\u00e9m os \u00e2ngulos e a forma das pequenas \u00e1reas.<\/span><\/p>\n<p><span style=\"font-size: 20px;\"> <span style=\"font-family: arial, helvetica, sans-serif; color: #000000; line-height: 1.3;\">2) O Cilindro de proje\u00e7\u00e3o \u00e9 secante ao <span style=\"color: #0000ff;\"><a style=\"color: #0000ff;\" href=\"https:\/\/adenilsongiovanini.com.br\/blog\/elipsoide-o-que-e-e-para-que-serve\/\">elipsoide<\/a><\/span> de revolu\u00e7\u00e3o. Veja o detalhe na imagem abaixo, que possui as linhas de sec\u00e2ncia e as regi\u00f5es de amplia\u00e7\u00e3o e de redu\u00e7\u00e3o.<\/span><\/span><\/p>\n<p><span style=\"font-size: 20px;\"><span style=\"font-family: arial, helvetica, sans-serif; color: #000000; line-height: 1.3;\"><img decoding=\"async\" class=\"aligncenter size-full wp-image-3793\" src=\"http:\/\/adenilsongiovanini.com.br\/blog\/wp-content\/uploads\/2019\/12\/coordenadas-utm-fator-K-da-utm.jpg\" alt=\"coordenadas utm - fator K da utm\" width=\"638\" height=\"903\" srcset=\"https:\/\/adenilsongiovanini.com.br\/blog\/wp-content\/uploads\/2019\/12\/coordenadas-utm-fator-K-da-utm.jpg 638w, https:\/\/adenilsongiovanini.com.br\/blog\/wp-content\/uploads\/2019\/12\/coordenadas-utm-fator-K-da-utm-212x300.jpg 212w, https:\/\/adenilsongiovanini.com.br\/blog\/wp-content\/uploads\/2019\/12\/coordenadas-utm-fator-K-da-utm-551x780.jpg 551w\" sizes=\"(max-width: 638px) 100vw, 638px\" \/><\/span> <\/span><\/p>\n<p><span style=\"font-size: 20px;\"><span style=\"font-family: arial, helvetica, sans-serif; color: #000000; line-height: 1.3;\">Perceba que devido a isso, ocorrem deforma\u00e7\u00f5es de proje\u00e7\u00e3o, existindo uma regi\u00e3o central na qual ocorre redu\u00e7\u00e3o da \u00e1rea, sendo que no meridiano central o fator de redu\u00e7\u00e3o (<span style=\"color: #0000ff;\"><a style=\"color: #0000ff;\" href=\"https:\/\/edisciplinas.usp.br\/pluginfile.php\/1738554\/mod_resource\/content\/1\/PTR0101%20-%20Proje%C3%A7%C3%A3o%20UTM%20v2015.pdf\" target=\"_blank\" rel=\"noopener noreferrer\">fator K da UTM<\/a><\/span>) \u00e9 de 0,9996.<\/span><\/span><\/p>\n<p><span style=\"font-size: 20px; font-family: arial, helvetica, sans-serif; color: #000000; line-height: 1.3;\">Tamb\u00e9m ocorrem 2 regi\u00f5es perif\u00e9ricas nas quais a \u00e1rea sofre um aumento, sendo que no limite do fuso UTM chega a 1,0009737. <\/span><\/p>\n<p><span style=\"font-size: 20px; font-family: arial, helvetica, sans-serif; color: #000000; line-height: 1.3;\">Refor\u00e7ando que o cilindro corta de maneira secante, ou seja, em uma posi\u00e7\u00e3o intermedi\u00e1ria e n\u00e3o nos extremos do fuso UTM.<\/span><\/p>\n<p><span style=\"font-size: 20px; font-family: arial, helvetica, sans-serif; color: #000000; line-height: 1.3;\">No caso, se voc\u00ea olhar para a imagem acima, \u00e9 nas linhas pontilhadas (Linhas de sec\u00e2ncia).<\/span><\/p>\n<p><span style=\"font-size: 20px;\"> <span style=\"font-family: arial, helvetica, sans-serif; color: #000000; line-height: 1.3;\">3) Como uma circunfer\u00eancia completa possui 360\u00b0, o elipsoide terrestre \u00e9 dividido em 60 fusos que possuem de 6\u00b0 de amplitude cada um. <\/span><\/span><\/p>\n<p><span style=\"font-size: 20px; font-family: arial, helvetica, sans-serif; color: #000000; line-height: 1.3;\">4) A origem do sistema cartesiano de coordenadas \u00e9 formada pelo meridiano central do fuso (Palavra central na imagem abaixo) cujo valor \u00e9 E=500.000,00 metros, e pelo Equador que tem valor N=0,00 metros, para coordenadas no hemisf\u00e9rio norte e N= 10.000.000,00 metros, para coordenadas no hemisf\u00e9rio sul.<\/span><\/p>\n<p><span style=\"font-size: 20px;\"><span style=\"font-family: arial, helvetica, sans-serif; color: #000000; line-height: 1.3;\">Entenda melhor esta explica\u00e7\u00e3o atrav\u00e9s da imagem abaixo.<\/span><\/span><\/p>\n<p><span style=\"font-size: 20px;\"><span style=\"font-family: arial, helvetica, sans-serif; color: #000000; line-height: 1.3;\"><img decoding=\"async\" class=\"aligncenter size-full wp-image-3794\" src=\"http:\/\/adenilsongiovanini.com.br\/blog\/wp-content\/uploads\/2019\/12\/Coordenadas-utm.gif\" alt=\"Coordenadas utm\" width=\"240\" height=\"338\" \/><\/span><\/span><\/p>\n<p><span style=\"font-size: 20px;\"> <span style=\"font-family: arial, helvetica, sans-serif; color: #000000; line-height: 1.3;\">5) Em <span style=\"color: #0000ff;\"><a style=\"color: #0000ff;\" href=\"https:\/\/pt.wikipedia.org\/wiki\/Latitude\" target=\"_blank\" rel=\"noopener noreferrer\">latitude<\/a><\/span>, os fusos s\u00e3o limitados ao paralelo de 84 N e 80 S. Isso porque as deforma\u00e7\u00f5es tornar-se demasiadamente acentuadas para latitudes superiores.<\/span><\/span><\/p>\n<p><span style=\"font-size: 20px; font-family: arial, helvetica, sans-serif; color: #000000; line-height: 1.3;\">Com isso, nas regi\u00f5es polares \u00e9 utilizada a <span style=\"color: #0000ff;\"><a style=\"color: #0000ff;\" href=\"https:\/\/pt.wikipedia.org\/wiki\/Proje%C3%A7%C3%A3o_estereogr%C3%A1fica\" target=\"_blank\" rel=\"noopener noreferrer\">proje\u00e7\u00e3o Universal Polar Estereogr\u00e1fica<\/a><\/span>.<\/span><\/p>\n<p><span style=\"font-size: 20px; font-family: arial, helvetica, sans-serif; color: #000000; line-height: 1.3;\">Outro sim, como s\u00e3o 60 fusos para toda a terra, cada fuso \u00e9 numerado a partir do <span style=\"color: #0000ff;\"><a style=\"color: #0000ff;\" href=\"https:\/\/pt.wikipedia.org\/wiki\/Antimeridiano\">antimeridiano de Greenwich<\/a><\/span> para a direita.<\/span><\/p>\n<p><span style=\"font-size: 20px; font-family: arial, helvetica, sans-serif; color: #000000; line-height: 1.3;\"><img decoding=\"async\" class=\"aligncenter size-full wp-image-3796\" src=\"http:\/\/adenilsongiovanini.com.br\/blog\/wp-content\/uploads\/2019\/12\/Zonas-e-faixas.gif\" alt=\"Zonas e faixas\" width=\"743\" height=\"423\" \/><\/span><\/p>\n<p><span style=\"font-size: 20px;\"> <span style=\"font-family: arial, helvetica, sans-serif; color: #000000; line-height: 1.3;\">Para isso, o sistema UTM divide a terra em 60 fusos de 6\u00b0 de longitude cada.<\/span><\/span><\/p>\n<h2 style=\"text-align: center;\"><span style=\"font-size: 20px;\"><strong><span style=\"font-family: arial, helvetica, sans-serif; color: #000000; line-height: 1.3;\">Coordenadas utm: Fusos UTM no Brasil<\/span><\/strong><\/span><\/h2>\n<p><span style=\"font-size: 20px;\"><span style=\"font-family: arial, helvetica, sans-serif; color: #000000;\"><img decoding=\"async\" class=\"aligncenter size-full wp-image-3797\" src=\"http:\/\/adenilsongiovanini.com.br\/blog\/wp-content\/uploads\/2019\/12\/fusos-utm-no-Brasil.jpg\" alt=\"fusos utm no Brasil\" width=\"459\" height=\"433\" srcset=\"https:\/\/adenilsongiovanini.com.br\/blog\/wp-content\/uploads\/2019\/12\/fusos-utm-no-Brasil.jpg 459w, https:\/\/adenilsongiovanini.com.br\/blog\/wp-content\/uploads\/2019\/12\/fusos-utm-no-Brasil-300x283.jpg 300w\" sizes=\"(max-width: 459px) 100vw, 459px\" \/><\/span> <\/span><\/p>\n<p>&nbsp;<\/p>\n<p><span style=\"font-size: 20px;\"><span style=\"font-family: arial, helvetica, sans-serif; color: #000000; line-height: 1.3;\">Conforme voc\u00ea pode ver na imagem acima, no Brasil est\u00e3o os fusos de numera\u00e7\u00e3o de 18 a 25, em ordem crescente do Acre em dire\u00e7\u00e3o ao Oceano Atl\u00e2ntico. A simbologia adotada para as coordenadas UTM \u00e9:<\/span><\/span><\/p>\n<ul>\n<li><span style=\"font-size: 20px; font-family: arial, helvetica, sans-serif; color: #000000; line-height: 1.3;\">N &#8211; para as coordenadas norte-sul; e <\/span><\/li>\n<li><span style=\"font-size: 20px; font-family: arial, helvetica, sans-serif; color: #000000; line-height: 1.3;\">E &#8211; para as coordenadas leste-oeste. <\/span>\n<p><span style=\"font-size: 20px;\"><span style=\"font-family: arial, helvetica, sans-serif; color: #000000; line-height: 1.3;\">Logo, uma localidade qualquer ser\u00e1 definida no sistema UTM pelo par de coordenadas E e N, sendo que u<\/span><span style=\"font-family: arial, helvetica, sans-serif; color: #000000;\">sa-se o sinal (+) para longitudes a leste de Greenwich e (-) para longitudes a oeste de Greenwich. <\/span><\/span><\/p>\n<p><span style=\"font-size: 20px; font-family: arial, helvetica, sans-serif; color: #000000; line-height: 1.3;\">\u00c9 isso por este artigo. <\/span><span style=\"font-size: 20px; font-family: arial, helvetica, sans-serif; color: #000000; line-height: 1.3;\">Lembrando que eu tamb\u00e9m possuo uma s\u00e9rie de <strong>cursos pr\u00e1ticos e de livros<\/strong>. <\/span><\/p>\n<p><span style=\"font-size: 20px; font-family: arial, helvetica, sans-serif; color: #000000; line-height: 1.3;\">Se voc\u00ea quer<strong> MERGULHAR FUNDO e aprender a prestar servi\u00e7os com grande velocidade e com seguran\u00e7a<\/strong>, <span style=\"color: #0000ff;\"><a style=\"color: #0000ff;\" href=\"https:\/\/adenilsongiovanini.com.br\/cursos-online\/\">acesse este link<\/a><\/span> e conhe\u00e7a os mesmos.<\/span><\/p>\n<p><span style=\"color: #000000;\"><span style=\"font-size: 20px; font-family: arial, helvetica, sans-serif; line-height: 1.3;\">Entre eles, o <span style=\"color: #0000ff;\"><a style=\"color: #0000ff;\" href=\"https:\/\/adenilsongiovanini.com.br\/curso-de-autocad-para-topografia\/\" target=\"_blank\" rel=\"noopener noreferrer\">Curso de Confec\u00e7\u00e3o de Plantas Topogr\u00e1ficas<\/a><\/span>. <span style=\"color: #000000;\">Um <\/span><\/span><span style=\"font-size: 20px; font-family: arial, helvetica, sans-serif; line-height: 1.3;\">curso pr\u00e1tico\u00a0<\/span><span style=\"font-size: 20px; font-family: arial, helvetica, sans-serif; line-height: 1.3;\">com o qual voc\u00ea vai <strong>aprender a produzir as 15 diferentes plantas produzidas em um escrit\u00f3rio de topografia<\/strong>.<\/span><\/span><\/p>\n<p><a href=\"https:\/\/adenilsongiovanini.com.br\/curso-de-autocad-para-topografia\/\" target=\"_blank\" rel=\"noopener noreferrer\"><img decoding=\"async\" class=\"aligncenter wp-image-31689\" src=\"https:\/\/adenilsongiovanini.com.br\/wp-content\/uploads\/2022\/07\/planta-de-topografia-1024x612.png\" alt=\"\" width=\"770\" height=\"460\" \/><\/a><\/p>\n<p><span style=\"font-family: arial, helvetica, sans-serif; font-size: 20px; color: #000000;\">Clique <a href=\"https:\/\/adenilsongiovanini.com.br\/curso-de-autocad-para-topografia\/\" target=\"_blank\" rel=\"noopener noreferrer\"><span style=\"color: #0000ff;\">neste link<\/span><\/a> e conhe\u00e7a melhor o mesmo.<\/span><\/p>\n<p><span style=\"font-size: 20px; font-family: arial, helvetica, sans-serif; color: #000000; line-height: 1.3;\">Gratid\u00e3o por voc\u00ea ter lido o artigo. \ud83d\ude4f<\/span><\/p>\n<p><\/p>\n<p>&nbsp;<\/p>\n<p>&nbsp;<\/p>\n<h2 style=\"text-align: center;\"><span style=\"font-family: arial, helvetica, sans-serif; color: #000000; font-size: 24px;\"><strong>Domine a Topografia Cadastral atrav\u00e9s de um livro formado por centenas de exemplos pr\u00e1ticos <\/strong><\/span><\/h2>\n<h2 style=\"text-align: center;\"><span style=\"font-size: 20px;\"><a href=\"https:\/\/adenilsongiovanini.com.br\/georreferenciamento-de-imoveis-rurais-na-pratica\/\" rel=\"nofollow noreferrer\"><img decoding=\"async\" class=\"aligncenter size-large wp-image-19317\" src=\"https:\/\/adenilsongiovanini.com.br\/blog\/wp-content\/uploads\/2021\/04\/livro-de-topografia-e-georreferenciamento-1024x474.png\" sizes=\"(max-width: 1024px) 100vw, 1024px\" srcset=\"https:\/\/adenilsongiovanini.com.br\/blog\/wp-content\/uploads\/2021\/04\/livro-de-topografia-e-georreferenciamento-1024x474.png 1024w, https:\/\/adenilsongiovanini.com.br\/blog\/wp-content\/uploads\/2021\/04\/livro-de-topografia-e-georreferenciamento-300x139.png 300w, https:\/\/adenilsongiovanini.com.br\/blog\/wp-content\/uploads\/2021\/04\/livro-de-topografia-e-georreferenciamento-768x355.png 768w, https:\/\/adenilsongiovanini.com.br\/blog\/wp-content\/uploads\/2021\/04\/livro-de-topografia-e-georreferenciamento-1536x711.png 1536w, https:\/\/adenilsongiovanini.com.br\/blog\/wp-content\/uploads\/2021\/04\/livro-de-topografia-e-georreferenciamento-320x148.png 320w, https:\/\/adenilsongiovanini.com.br\/blog\/wp-content\/uploads\/2021\/04\/livro-de-topografia-e-georreferenciamento-640x296.png 640w, https:\/\/adenilsongiovanini.com.br\/blog\/wp-content\/uploads\/2021\/04\/livro-de-topografia-e-georreferenciamento-360x167.png 360w, https:\/\/adenilsongiovanini.com.br\/blog\/wp-content\/uploads\/2021\/04\/livro-de-topografia-e-georreferenciamento-720x333.png 720w, https:\/\/adenilsongiovanini.com.br\/blog\/wp-content\/uploads\/2021\/04\/livro-de-topografia-e-georreferenciamento-1080x500.png 1080w, https:\/\/adenilsongiovanini.com.br\/blog\/wp-content\/uploads\/2021\/04\/livro-de-topografia-e-georreferenciamento-800x370.png 800w, https:\/\/adenilsongiovanini.com.br\/blog\/wp-content\/uploads\/2021\/04\/livro-de-topografia-e-georreferenciamento-1280x592.png 1280w, https:\/\/adenilsongiovanini.com.br\/blog\/wp-content\/uploads\/2021\/04\/livro-de-topografia-e-georreferenciamento.png 1565w\" alt=\"livro de topografia e georreferenciamento\" width=\"1024\" height=\"474\" \/><\/a><\/span><\/h2>\n<p><span style=\"font-family: arial, helvetica, sans-serif; font-size: 20px; color: #000000;\">Voc\u00ea quer dominar a Topografia Cadastral?<\/span><\/p>\n<p><span style=\"font-family: arial, helvetica, sans-serif; font-size: 20px; color: #000000;\">Ent\u00e3o eu tenho uma \u00f3tima noticia para voc\u00ea. Me refiro ao <span style=\"color: #0000ff;\"><a style=\"color: #0000ff;\" href=\"https:\/\/adenilsongiovanini.com.br\/georreferenciamento-de-imoveis-rurais-na-pratica\/\" rel=\"nofollow noreferrer\">livro Topografia Cadastral e Georreferenciamento de Im\u00f3veis Rurais na Pr\u00e1tica<\/a><\/span>.<\/span><\/p>\n<p><span style=\"font-size: 20px;\"><span style=\"font-family: arial, helvetica, sans-serif; color: #000000;\">O mesmo \u00e9 dividido em 10 cap\u00edtulos recheados com muitos estudos de caso e exemplos pr\u00e1ticos. D\u00ea uma espiadinha no sum\u00e1rio do mesmo:<\/span><\/span><\/p>\n<p>&nbsp;<\/p>\n<p><center><iframe width=\"99%\" height=\"980\" src=\"https:\/\/drive.google.com\/file\/d\/1HJ8fZz1PvPmftfXHJNFTvIBBzY_FZhPJ\/preview\"><span data-mce-type=\"bookmark\" style=\"display: inline-block; width: 0px; overflow: hidden; line-height: 0;\" class=\"mce_SELRES_start\">\ufeff<\/span><\/iframe><\/center><\/p>\n<p>&nbsp;<\/p>\n<p><span style=\"font-size: 20px;\"><span style=\"font-family: arial, helvetica, sans-serif; color: #000000;\">Para conhecer melhor a estrutura do livro, juntar-se a mais de 800 profissionais e adquirir sua c\u00f3pia \u00e9 s\u00f3 clicar no bot\u00e3o abaixo:<\/span><\/span><\/p>\n<p>&nbsp;<\/p>\n<p><span style=\"color: #000000; font-size: 20px;\"><div class=\"su-button-center\"><a href=\"https:\/\/adenilsongiovanini.com.br\/georreferenciamento-de-imoveis-rurais-na-pratica\/\" class=\"su-button su-button-style-3d\" style=\"color:#000000;background-color:#2BCC2F;border-color:#23a426;border-radius:9px\" target=\"_blank\" rel=\"nofollow\" id=\"1\"><span style=\"color:#000000;padding:0px 24px;font-size:18px;line-height:36px;border-color:#6bdc6e;border-radius:9px;text-shadow:0px 0px 0px #000000\"> \u279c Quero Conhecer Melhor o Livro, Pois Quero e Preciso Aprender Mais Sobre Legisla\u00e7\u00e3o Cadastral e Geo. de Im\u00f3veis Rurais<\/span><\/a><\/div><\/span><\/p>\n<p>&nbsp;<\/p>\n<p>&nbsp;<\/p>\n<\/li>\n<\/ul>\n","protected":false},"excerpt":{"rendered":"<p>As coordenadas UTM, mais conhecidas por proje\u00e7\u00e3o UTM (universal transversa de Mercator) s\u00e3o umas das mais utilizadas no mundo inteiro para cartografia sistem\u00e1tica. Neste artigo voc\u00ea ir\u00e1 aprender simplesmente tudo que precisa saber sobre as mesmas. Voc\u00ea aprender\u00e1: O que s\u00e3o as coordenadas UTM; Quais a diferen\u00e7a entre coordenadas UTM, [&hellip;]<\/p>\n","protected":false},"author":1,"featured_media":3798,"comment_status":"closed","ping_status":"closed","sticky":false,"template":"","format":"standard","meta":{"_monsterinsights_skip_tracking":false,"_monsterinsights_sitenote_active":false,"_monsterinsights_sitenote_note":"","_monsterinsights_sitenote_category":0,"footnotes":""},"categories":[13],"tags":[],"class_list":["post-3790","post","type-post","status-publish","format-standard","has-post-thumbnail","hentry","category-arcgis"],"yoast_head":"<!-- This site is optimized with the Yoast SEO plugin v26.5 - https:\/\/yoast.com\/wordpress\/plugins\/seo\/ -->\n<title>Coordenadas UTM: o que s\u00e3o e para que servem? - Adenilson Giovanini<\/title>\n<meta name=\"description\" content=\"Descubra o que s\u00e3o coordenadas utm, quais suas caracter\u00edsticas, especificidades e os fusos UTM existentes em territ\u00f3rio brasileiro.\" \/>\n<meta name=\"robots\" content=\"index, follow, max-snippet:-1, max-image-preview:large, max-video-preview:-1\" \/>\n<link rel=\"canonical\" href=\"https:\/\/adenilsongiovanini.com.br\/blog\/coordenadas-utm\/\" \/>\n<meta property=\"og:locale\" content=\"pt_BR\" \/>\n<meta property=\"og:type\" content=\"article\" \/>\n<meta property=\"og:title\" content=\"Coordenadas UTM: o que s\u00e3o e para que servem? - Adenilson Giovanini\" \/>\n<meta property=\"og:description\" content=\"Descubra o que s\u00e3o coordenadas utm, quais suas caracter\u00edsticas, especificidades e os fusos UTM existentes em territ\u00f3rio brasileiro.\" \/>\n<meta property=\"og:url\" content=\"https:\/\/adenilsongiovanini.com.br\/blog\/coordenadas-utm\/\" \/>\n<meta property=\"og:site_name\" content=\"Adenilson Giovanini\" \/>\n<meta property=\"article:publisher\" content=\"https:\/\/www.facebook.com\/otopografo\/\" \/>\n<meta property=\"article:author\" content=\"https:\/\/www.facebook.com\/otopografo\/\" \/>\n<meta property=\"article:published_time\" content=\"2019-12-02T23:12:03+00:00\" \/>\n<meta property=\"article:modified_time\" content=\"2022-08-04T11:27:41+00:00\" \/>\n<meta property=\"og:image\" content=\"https:\/\/adenilsongiovanini.com.br\/blog\/wp-content\/uploads\/2019\/12\/coordenadas-utm.jpg\" \/>\n\t<meta property=\"og:image:width\" content=\"535\" \/>\n\t<meta property=\"og:image:height\" content=\"315\" \/>\n\t<meta property=\"og:image:type\" content=\"image\/jpeg\" \/>\n<meta name=\"author\" content=\"Adenilson Giovanini\" \/>\n<meta name=\"twitter:card\" content=\"summary_large_image\" \/>\n<meta name=\"twitter:label1\" content=\"Escrito por\" \/>\n\t<meta name=\"twitter:data1\" content=\"Adenilson Giovanini\" \/>\n\t<meta name=\"twitter:label2\" content=\"Est. tempo de leitura\" \/>\n\t<meta name=\"twitter:data2\" content=\"7 minutos\" \/>\n<script type=\"application\/ld+json\" class=\"yoast-schema-graph\">{\"@context\":\"https:\/\/schema.org\",\"@graph\":[{\"@type\":\"Article\",\"@id\":\"https:\/\/adenilsongiovanini.com.br\/blog\/coordenadas-utm\/#article\",\"isPartOf\":{\"@id\":\"https:\/\/adenilsongiovanini.com.br\/blog\/coordenadas-utm\/\"},\"author\":{\"name\":\"Adenilson Giovanini\",\"@id\":\"https:\/\/adenilsongiovanini.com.br\/blog\/#\/schema\/person\/9c1daa7da73c116aae2cb0568d1daa23\"},\"headline\":\"Coordenadas UTM: o que s\u00e3o e para que servem?\",\"datePublished\":\"2019-12-02T23:12:03+00:00\",\"dateModified\":\"2022-08-04T11:27:41+00:00\",\"mainEntityOfPage\":{\"@id\":\"https:\/\/adenilsongiovanini.com.br\/blog\/coordenadas-utm\/\"},\"wordCount\":1007,\"publisher\":{\"@id\":\"https:\/\/adenilsongiovanini.com.br\/blog\/#\/schema\/person\/9c1daa7da73c116aae2cb0568d1daa23\"},\"image\":{\"@id\":\"https:\/\/adenilsongiovanini.com.br\/blog\/coordenadas-utm\/#primaryimage\"},\"thumbnailUrl\":\"https:\/\/adenilsongiovanini.com.br\/blog\/wp-content\/uploads\/2019\/12\/coordenadas-utm.jpg\",\"articleSection\":[\"ArcGIS\"],\"inLanguage\":\"pt-BR\"},{\"@type\":\"WebPage\",\"@id\":\"https:\/\/adenilsongiovanini.com.br\/blog\/coordenadas-utm\/\",\"url\":\"https:\/\/adenilsongiovanini.com.br\/blog\/coordenadas-utm\/\",\"name\":\"Coordenadas UTM: o que s\u00e3o e para que servem? - Adenilson Giovanini\",\"isPartOf\":{\"@id\":\"https:\/\/adenilsongiovanini.com.br\/blog\/#website\"},\"primaryImageOfPage\":{\"@id\":\"https:\/\/adenilsongiovanini.com.br\/blog\/coordenadas-utm\/#primaryimage\"},\"image\":{\"@id\":\"https:\/\/adenilsongiovanini.com.br\/blog\/coordenadas-utm\/#primaryimage\"},\"thumbnailUrl\":\"https:\/\/adenilsongiovanini.com.br\/blog\/wp-content\/uploads\/2019\/12\/coordenadas-utm.jpg\",\"datePublished\":\"2019-12-02T23:12:03+00:00\",\"dateModified\":\"2022-08-04T11:27:41+00:00\",\"description\":\"Descubra o que s\u00e3o coordenadas utm, quais suas caracter\u00edsticas, especificidades e os fusos UTM existentes em territ\u00f3rio brasileiro.\",\"breadcrumb\":{\"@id\":\"https:\/\/adenilsongiovanini.com.br\/blog\/coordenadas-utm\/#breadcrumb\"},\"inLanguage\":\"pt-BR\",\"potentialAction\":[{\"@type\":\"ReadAction\",\"target\":[\"https:\/\/adenilsongiovanini.com.br\/blog\/coordenadas-utm\/\"]}]},{\"@type\":\"ImageObject\",\"inLanguage\":\"pt-BR\",\"@id\":\"https:\/\/adenilsongiovanini.com.br\/blog\/coordenadas-utm\/#primaryimage\",\"url\":\"https:\/\/adenilsongiovanini.com.br\/blog\/wp-content\/uploads\/2019\/12\/coordenadas-utm.jpg\",\"contentUrl\":\"https:\/\/adenilsongiovanini.com.br\/blog\/wp-content\/uploads\/2019\/12\/coordenadas-utm.jpg\",\"width\":535,\"height\":315},{\"@type\":\"BreadcrumbList\",\"@id\":\"https:\/\/adenilsongiovanini.com.br\/blog\/coordenadas-utm\/#breadcrumb\",\"itemListElement\":[{\"@type\":\"ListItem\",\"position\":1,\"name\":\"Home\",\"item\":\"https:\/\/adenilsongiovanini.com.br\/blog\/\"},{\"@type\":\"ListItem\",\"position\":2,\"name\":\"Coordenadas UTM: o que s\u00e3o e para que servem?\"}]},{\"@type\":\"WebSite\",\"@id\":\"https:\/\/adenilsongiovanini.com.br\/blog\/#website\",\"url\":\"https:\/\/adenilsongiovanini.com.br\/blog\/\",\"name\":\"Adenilson Giovanini\",\"description\":\"Topografia e Geotecnologias\",\"publisher\":{\"@id\":\"https:\/\/adenilsongiovanini.com.br\/blog\/#\/schema\/person\/9c1daa7da73c116aae2cb0568d1daa23\"},\"potentialAction\":[{\"@type\":\"SearchAction\",\"target\":{\"@type\":\"EntryPoint\",\"urlTemplate\":\"https:\/\/adenilsongiovanini.com.br\/blog\/?s={search_term_string}\"},\"query-input\":{\"@type\":\"PropertyValueSpecification\",\"valueRequired\":true,\"valueName\":\"search_term_string\"}}],\"inLanguage\":\"pt-BR\"},{\"@type\":[\"Person\",\"Organization\"],\"@id\":\"https:\/\/adenilsongiovanini.com.br\/blog\/#\/schema\/person\/9c1daa7da73c116aae2cb0568d1daa23\",\"name\":\"Adenilson Giovanini\",\"image\":{\"@type\":\"ImageObject\",\"inLanguage\":\"pt-BR\",\"@id\":\"https:\/\/adenilsongiovanini.com.br\/blog\/#\/schema\/person\/image\/\",\"url\":\"https:\/\/adenilsongiovanini.com.br\/blog\/wp-content\/litespeed\/avatar\/be8f4de5c0b8a93c57a4f29cbf2f1e92.jpg?ver=1777130135\",\"contentUrl\":\"https:\/\/adenilsongiovanini.com.br\/blog\/wp-content\/litespeed\/avatar\/be8f4de5c0b8a93c57a4f29cbf2f1e92.jpg?ver=1777130135\",\"caption\":\"Adenilson Giovanini\"},\"logo\":{\"@id\":\"https:\/\/adenilsongiovanini.com.br\/blog\/#\/schema\/person\/image\/\"},\"description\":\"O Professor Adenilson Giovanini \u00e9 especialista em Topografia Cadastral e Georreferenciamento de Im\u00f3veis Rurais. O mesmo possui o Maior Site de Engenharia de Agrimensura do Brasil. Site este que tem mais de 102.000 visualiza\u00e7\u00f5es por m\u00eas. Tamb\u00e9m possui mais de 600 v\u00eddeos em seu canal no youtube. Al\u00e9m disso, \u00e9 escritor Best Seller, possuindo v\u00e1rios cursos e livros de sucesso.\",\"sameAs\":[\"http:\/\/adenilsongiovanini.com.br\",\"https:\/\/www.facebook.com\/otopografo\/\",\"https:\/\/www.instagram.com\/adenilson_giovanini\/\",\"https:\/\/www.linkedin.com\/in\/adenilson-giovanini-819b8035\/\",\"https:\/\/br.pinterest.com\/adenilsongiovanini\/\",\"https:\/\/www.youtube.com\/channel\/uce-br7ghiuog2txcsdx5vrw\"]}]}<\/script>\n<!-- \/ Yoast SEO plugin. -->","yoast_head_json":{"title":"Coordenadas UTM: o que s\u00e3o e para que servem? - Adenilson Giovanini","description":"Descubra o que s\u00e3o coordenadas utm, quais suas caracter\u00edsticas, especificidades e os fusos UTM existentes em territ\u00f3rio brasileiro.","robots":{"index":"index","follow":"follow","max-snippet":"max-snippet:-1","max-image-preview":"max-image-preview:large","max-video-preview":"max-video-preview:-1"},"canonical":"https:\/\/adenilsongiovanini.com.br\/blog\/coordenadas-utm\/","og_locale":"pt_BR","og_type":"article","og_title":"Coordenadas UTM: o que s\u00e3o e para que servem? - Adenilson Giovanini","og_description":"Descubra o que s\u00e3o coordenadas utm, quais suas caracter\u00edsticas, especificidades e os fusos UTM existentes em territ\u00f3rio brasileiro.","og_url":"https:\/\/adenilsongiovanini.com.br\/blog\/coordenadas-utm\/","og_site_name":"Adenilson Giovanini","article_publisher":"https:\/\/www.facebook.com\/otopografo\/","article_author":"https:\/\/www.facebook.com\/otopografo\/","article_published_time":"2019-12-02T23:12:03+00:00","article_modified_time":"2022-08-04T11:27:41+00:00","og_image":[{"width":535,"height":315,"url":"https:\/\/adenilsongiovanini.com.br\/blog\/wp-content\/uploads\/2019\/12\/coordenadas-utm.jpg","type":"image\/jpeg"}],"author":"Adenilson Giovanini","twitter_card":"summary_large_image","twitter_misc":{"Escrito por":"Adenilson Giovanini","Est. tempo de leitura":"7 minutos"},"schema":{"@context":"https:\/\/schema.org","@graph":[{"@type":"Article","@id":"https:\/\/adenilsongiovanini.com.br\/blog\/coordenadas-utm\/#article","isPartOf":{"@id":"https:\/\/adenilsongiovanini.com.br\/blog\/coordenadas-utm\/"},"author":{"name":"Adenilson Giovanini","@id":"https:\/\/adenilsongiovanini.com.br\/blog\/#\/schema\/person\/9c1daa7da73c116aae2cb0568d1daa23"},"headline":"Coordenadas UTM: o que s\u00e3o e para que servem?","datePublished":"2019-12-02T23:12:03+00:00","dateModified":"2022-08-04T11:27:41+00:00","mainEntityOfPage":{"@id":"https:\/\/adenilsongiovanini.com.br\/blog\/coordenadas-utm\/"},"wordCount":1007,"publisher":{"@id":"https:\/\/adenilsongiovanini.com.br\/blog\/#\/schema\/person\/9c1daa7da73c116aae2cb0568d1daa23"},"image":{"@id":"https:\/\/adenilsongiovanini.com.br\/blog\/coordenadas-utm\/#primaryimage"},"thumbnailUrl":"https:\/\/adenilsongiovanini.com.br\/blog\/wp-content\/uploads\/2019\/12\/coordenadas-utm.jpg","articleSection":["ArcGIS"],"inLanguage":"pt-BR"},{"@type":"WebPage","@id":"https:\/\/adenilsongiovanini.com.br\/blog\/coordenadas-utm\/","url":"https:\/\/adenilsongiovanini.com.br\/blog\/coordenadas-utm\/","name":"Coordenadas UTM: o que s\u00e3o e para que servem? - Adenilson Giovanini","isPartOf":{"@id":"https:\/\/adenilsongiovanini.com.br\/blog\/#website"},"primaryImageOfPage":{"@id":"https:\/\/adenilsongiovanini.com.br\/blog\/coordenadas-utm\/#primaryimage"},"image":{"@id":"https:\/\/adenilsongiovanini.com.br\/blog\/coordenadas-utm\/#primaryimage"},"thumbnailUrl":"https:\/\/adenilsongiovanini.com.br\/blog\/wp-content\/uploads\/2019\/12\/coordenadas-utm.jpg","datePublished":"2019-12-02T23:12:03+00:00","dateModified":"2022-08-04T11:27:41+00:00","description":"Descubra o que s\u00e3o coordenadas utm, quais suas caracter\u00edsticas, especificidades e os fusos UTM existentes em territ\u00f3rio brasileiro.","breadcrumb":{"@id":"https:\/\/adenilsongiovanini.com.br\/blog\/coordenadas-utm\/#breadcrumb"},"inLanguage":"pt-BR","potentialAction":[{"@type":"ReadAction","target":["https:\/\/adenilsongiovanini.com.br\/blog\/coordenadas-utm\/"]}]},{"@type":"ImageObject","inLanguage":"pt-BR","@id":"https:\/\/adenilsongiovanini.com.br\/blog\/coordenadas-utm\/#primaryimage","url":"https:\/\/adenilsongiovanini.com.br\/blog\/wp-content\/uploads\/2019\/12\/coordenadas-utm.jpg","contentUrl":"https:\/\/adenilsongiovanini.com.br\/blog\/wp-content\/uploads\/2019\/12\/coordenadas-utm.jpg","width":535,"height":315},{"@type":"BreadcrumbList","@id":"https:\/\/adenilsongiovanini.com.br\/blog\/coordenadas-utm\/#breadcrumb","itemListElement":[{"@type":"ListItem","position":1,"name":"Home","item":"https:\/\/adenilsongiovanini.com.br\/blog\/"},{"@type":"ListItem","position":2,"name":"Coordenadas UTM: o que s\u00e3o e para que servem?"}]},{"@type":"WebSite","@id":"https:\/\/adenilsongiovanini.com.br\/blog\/#website","url":"https:\/\/adenilsongiovanini.com.br\/blog\/","name":"Adenilson Giovanini","description":"Topografia e Geotecnologias","publisher":{"@id":"https:\/\/adenilsongiovanini.com.br\/blog\/#\/schema\/person\/9c1daa7da73c116aae2cb0568d1daa23"},"potentialAction":[{"@type":"SearchAction","target":{"@type":"EntryPoint","urlTemplate":"https:\/\/adenilsongiovanini.com.br\/blog\/?s={search_term_string}"},"query-input":{"@type":"PropertyValueSpecification","valueRequired":true,"valueName":"search_term_string"}}],"inLanguage":"pt-BR"},{"@type":["Person","Organization"],"@id":"https:\/\/adenilsongiovanini.com.br\/blog\/#\/schema\/person\/9c1daa7da73c116aae2cb0568d1daa23","name":"Adenilson Giovanini","image":{"@type":"ImageObject","inLanguage":"pt-BR","@id":"https:\/\/adenilsongiovanini.com.br\/blog\/#\/schema\/person\/image\/","url":"https:\/\/adenilsongiovanini.com.br\/blog\/wp-content\/litespeed\/avatar\/be8f4de5c0b8a93c57a4f29cbf2f1e92.jpg?ver=1777130135","contentUrl":"https:\/\/adenilsongiovanini.com.br\/blog\/wp-content\/litespeed\/avatar\/be8f4de5c0b8a93c57a4f29cbf2f1e92.jpg?ver=1777130135","caption":"Adenilson Giovanini"},"logo":{"@id":"https:\/\/adenilsongiovanini.com.br\/blog\/#\/schema\/person\/image\/"},"description":"O Professor Adenilson Giovanini \u00e9 especialista em Topografia Cadastral e Georreferenciamento de Im\u00f3veis Rurais. O mesmo possui o Maior Site de Engenharia de Agrimensura do Brasil. Site este que tem mais de 102.000 visualiza\u00e7\u00f5es por m\u00eas. Tamb\u00e9m possui mais de 600 v\u00eddeos em seu canal no youtube. Al\u00e9m disso, \u00e9 escritor Best Seller, possuindo v\u00e1rios cursos e livros de sucesso.","sameAs":["http:\/\/adenilsongiovanini.com.br","https:\/\/www.facebook.com\/otopografo\/","https:\/\/www.instagram.com\/adenilson_giovanini\/","https:\/\/www.linkedin.com\/in\/adenilson-giovanini-819b8035\/","https:\/\/br.pinterest.com\/adenilsongiovanini\/","https:\/\/www.youtube.com\/channel\/uce-br7ghiuog2txcsdx5vrw"]}]}},"amp_enabled":true,"_links":{"self":[{"href":"https:\/\/adenilsongiovanini.com.br\/blog\/wp-json\/wp\/v2\/posts\/3790","targetHints":{"allow":["GET"]}}],"collection":[{"href":"https:\/\/adenilsongiovanini.com.br\/blog\/wp-json\/wp\/v2\/posts"}],"about":[{"href":"https:\/\/adenilsongiovanini.com.br\/blog\/wp-json\/wp\/v2\/types\/post"}],"author":[{"embeddable":true,"href":"https:\/\/adenilsongiovanini.com.br\/blog\/wp-json\/wp\/v2\/users\/1"}],"replies":[{"embeddable":true,"href":"https:\/\/adenilsongiovanini.com.br\/blog\/wp-json\/wp\/v2\/comments?post=3790"}],"version-history":[{"count":0,"href":"https:\/\/adenilsongiovanini.com.br\/blog\/wp-json\/wp\/v2\/posts\/3790\/revisions"}],"wp:featuredmedia":[{"embeddable":true,"href":"https:\/\/adenilsongiovanini.com.br\/blog\/wp-json\/wp\/v2\/media\/3798"}],"wp:attachment":[{"href":"https:\/\/adenilsongiovanini.com.br\/blog\/wp-json\/wp\/v2\/media?parent=3790"}],"wp:term":[{"taxonomy":"category","embeddable":true,"href":"https:\/\/adenilsongiovanini.com.br\/blog\/wp-json\/wp\/v2\/categories?post=3790"},{"taxonomy":"post_tag","embeddable":true,"href":"https:\/\/adenilsongiovanini.com.br\/blog\/wp-json\/wp\/v2\/tags?post=3790"}],"curies":[{"name":"wp","href":"https:\/\/api.w.org\/{rel}","templated":true}]}}