{"id":36080,"date":"2023-08-14T23:34:41","date_gmt":"2023-08-14T23:34:41","guid":{"rendered":"https:\/\/adenilsongiovanini.com.br\/blog\/?p=36080"},"modified":"2023-08-14T23:34:41","modified_gmt":"2023-08-14T23:34:41","slug":"marco-para-georreferenciamento-onde-locar","status":"publish","type":"post","link":"https:\/\/adenilsongiovanini.com.br\/blog\/marco-para-georreferenciamento-onde-locar\/","title":{"rendered":"Marco Para Georreferenciamento: Onde Locar?"},"content":{"rendered":"<p><span style=\"font-family: arial, helvetica, sans-serif; color: #000000; font-size: 16px;\">Quando se falar em marco para georreferenciamento, uma d\u00favida que muitos profissionais possuem \u00e9 onde locar o mesmo.<\/span><\/p>\n<p><span style=\"font-family: arial, helvetica, sans-serif; color: #000000; font-size: 16px;\">Pois bem, voc\u00ea acabou de colocar suas 2 m\u00e3o em um artigo definitivo sobre o tema. prossiga a leitura com m\u00e1xima aten\u00e7\u00e3o.<\/span><\/p>\n<p>&nbsp;<\/p>\n<p><span style=\"font-size: 20px;\"><strong><span style=\"font-family: arial, helvetica, sans-serif; color: #000000;\">MARCO PARA GEORREFERENCIAMENTO &#8211; O QUE A LEGISLA\u00c7\u00c3O DIZ A RESPEITO DA POSI\u00c7\u00c3O DO MARCO DE APOIO B\u00c1SICO<\/span><\/strong><\/span><\/p>\n<p><img decoding=\"async\" src=\"https:\/\/adenilsongiovanini.com.br\/blog\/wp-content\/uploads\/2022\/10\/cursos-de-georreferenciamento-780x477.png\" alt=\"marco para georreferenciamento\" width=\"750\" height=\"459\" class=\"aligncenter size-large wp-image-35379\" srcset=\"https:\/\/adenilsongiovanini.com.br\/blog\/wp-content\/uploads\/2022\/10\/cursos-de-georreferenciamento-780x477.png 780w, https:\/\/adenilsongiovanini.com.br\/blog\/wp-content\/uploads\/2022\/10\/cursos-de-georreferenciamento-300x184.png 300w, https:\/\/adenilsongiovanini.com.br\/blog\/wp-content\/uploads\/2022\/10\/cursos-de-georreferenciamento-768x470.png 768w, https:\/\/adenilsongiovanini.com.br\/blog\/wp-content\/uploads\/2022\/10\/cursos-de-georreferenciamento.png 1222w\" sizes=\"(max-width: 750px) 100vw, 750px\" \/><\/p>\n<p><span style=\"font-family: arial, helvetica, sans-serif; color: #000000; font-size: 16px;\">Se olharmos para a legisla\u00e7\u00e3o sobre o <span style=\"color: #0000ff;\"><a href=\"https:\/\/adenilsongiovanini.com.br\/metodo-georref-sem-misterios\/\" style=\"color: #0000ff;\">georreferenciamento de im\u00f3veis rurais<\/a><\/span>, perceberemos que a mesma diz que:<\/span><\/p>\n<ol>\n<li><span style=\"font-family: arial, helvetica, sans-serif; color: #000000; font-size: 16px;\">O <span style=\"color: #0000ff;\"><a href=\"https:\/\/adenilsongiovanini.com.br\/blog\/marcos-topograficos-quais-os-tipos-existentes\/\" style=\"color: #0000ff;\">marco de apoio b\u00e1sico<\/a><\/span> deve estar o mais centralizado poss\u00edvel no im\u00f3vel e;<\/span><\/li>\n<li><span style=\"font-family: arial, helvetica, sans-serif; color: #000000; font-size: 16px;\">O comprimento dos vetores n\u00e3o pode ultrapassar os 20 km.<\/span><\/li>\n<\/ol>\n<p><span style=\"font-family: arial, helvetica, sans-serif; color: #000000; font-size: 16px;\">Em um LOCAL PLANO, n\u00e3o existe muito segredo na escolha da posi\u00e7\u00e3o ideal do marco de apoio b\u00e1sico. <\/span><span style=\"font-family: arial, helvetica, sans-serif; color: #000000; font-size: 16px;\">\u00c9 s\u00f3 voc\u00ea instalar o mesmo na POSI\u00c7\u00c3O MAIS ALTA E CENTRALIZADA poss\u00edvel.<\/span><\/p>\n<p><span style=\"font-family: arial, helvetica, sans-serif; color: #000000; font-size: 16px;\">J\u00e1 locais de TOPOGRAFIA ACIDENTADA exigem per\u00edcia do profissional.<\/span><br \/>\n<span style=\"font-family: arial, helvetica, sans-serif; color: #000000; font-size: 16px;\">Isso porque se a posi\u00e7\u00e3o do marco de apoio b\u00e1sico for mal escolhida, voc\u00ea corre o risco de precisar locar outros marcos, perdendo tempo e dinheiro neste processo.<\/span><\/p>\n<p><span style=\"font-family: arial, helvetica, sans-serif; color: #000000; font-size: 16px;\">Em locais de <span style=\"color: #0000ff;\"><a href=\"http:\/\/site.ufvjm.edu.br\/icet\/files\/2016\/07\/Conceitos-de-Topografia.pdf\" style=\"color: #0000ff;\">serra<\/a><\/span>, voc\u00ea deve levar a primeira premissa em considera\u00e7\u00e3o, buscando locar o marco de apoio b\u00e1sico na posi\u00e7\u00e3o mais centralizada poss\u00edvel.<\/span><\/p>\n<p><span style=\"font-family: arial, helvetica, sans-serif; color: #000000; font-size: 16px;\">Caso esta premissa n\u00e3o possa ser cumprida, tome o cuidado de n\u00e3o deixar os vetores ultrapassarem 20 km.<\/span><\/p>\n<p><span style=\"font-family: arial, helvetica, sans-serif; color: #000000; font-size: 16px;\">Este \u00e9 o principal cuidado que voc\u00ea precisa ter. Isso porque o posicionamento pelo GNSS leva em considera\u00e7\u00e3o a ambiguidade de <span style=\"color: #0000ff;\"><a href=\"https:\/\/adenilsongiovanini.com.br\/operador-de-gnss\/\" style=\"color: #0000ff;\">rastreamento de sat\u00e9lites<\/a><\/span> entre o receptor base e o receptor rover.<\/span><\/p>\n<p><span style=\"font-family: arial, helvetica, sans-serif; color: #000000; font-size: 16px;\">Ou seja, em locais de topografia acidentada, siga as seguintes premissas:<\/span><\/p>\n<ol>\n<li><span style=\"font-family: arial, helvetica, sans-serif; color: #000000; font-size: 16px;\">Busque locar o marco de apoio b\u00e1sico dentro do im\u00f3vel, no local mais elevado e centralizado poss\u00edvel.<\/span><\/li>\n<li><span style=\"font-family: arial, helvetica, sans-serif; color: #000000; font-size: 16px;\">Caso n\u00e3o seja poss\u00edvel locar o mesmo dentro do im\u00f3vel, loque-o em uma posi\u00e7\u00e3o elevada, na serra frontal.<\/span><\/li>\n<\/ol>\n<p><span style=\"font-family: arial, helvetica, sans-serif; color: #000000; font-size: 16px;\">Perceba que em muitos casos, a SERRA FRONTAL \u00e0 na qual o im\u00f3vel a ser mapeado se encontra, acaba se mostrando uma melhor op\u00e7\u00e3o.<\/span><\/p>\n<h2 style=\"text-align: center;\"><span style=\"font-family: arial, helvetica, sans-serif; color: #000000; font-size: 16px;\">Isso porque possibilitar\u00e1 que a corre\u00e7\u00e3o de r\u00e1dio chegue em todos os <span style=\"color: #0000ff;\"><a href=\"https:\/\/adenilsongiovanini.com.br\/blog\/reocupacao-com-gps-rtk\/\" style=\"color: #0000ff;\">pontos do im\u00f3vel a ser mapeado<\/a><\/span>.<\/span><\/p>\n<p><span style=\"font-size: 20px;\"><strong><span style=\"font-family: arial, helvetica, sans-serif; color: #000000;\">MARCO PARA GEORREFERENCIAMENTO &#8211; TENHA SUA REDE DE MARCOS<\/span><\/strong><\/span><\/h2>\n<p><img decoding=\"async\" src=\"https:\/\/adenilsongiovanini.com.br\/blog\/wp-content\/uploads\/2021\/04\/marcos-topograficos-771x780.jpg\" alt=\"marco para georreferenciamento - marcos topogr\u00e1ficos\" width=\"750\" height=\"759\" class=\"aligncenter size-large wp-image-19270\" srcset=\"https:\/\/adenilsongiovanini.com.br\/blog\/wp-content\/uploads\/2021\/04\/marcos-topograficos-771x780.jpg 771w, https:\/\/adenilsongiovanini.com.br\/blog\/wp-content\/uploads\/2021\/04\/marcos-topograficos-297x300.jpg 297w, https:\/\/adenilsongiovanini.com.br\/blog\/wp-content\/uploads\/2021\/04\/marcos-topograficos-768x777.jpg 768w, https:\/\/adenilsongiovanini.com.br\/blog\/wp-content\/uploads\/2021\/04\/marcos-topograficos-1013x1024.jpg 1013w, https:\/\/adenilsongiovanini.com.br\/blog\/wp-content\/uploads\/2021\/04\/marcos-topograficos-320x324.jpg 320w, https:\/\/adenilsongiovanini.com.br\/blog\/wp-content\/uploads\/2021\/04\/marcos-topograficos-640x647.jpg 640w, https:\/\/adenilsongiovanini.com.br\/blog\/wp-content\/uploads\/2021\/04\/marcos-topograficos-360x364.jpg 360w, https:\/\/adenilsongiovanini.com.br\/blog\/wp-content\/uploads\/2021\/04\/marcos-topograficos-720x728.jpg 720w, https:\/\/adenilsongiovanini.com.br\/blog\/wp-content\/uploads\/2021\/04\/marcos-topograficos-800x809.jpg 800w, https:\/\/adenilsongiovanini.com.br\/blog\/wp-content\/uploads\/2021\/04\/marcos-topograficos-1024x1036.jpg 1024w, https:\/\/adenilsongiovanini.com.br\/blog\/wp-content\/uploads\/2021\/04\/marcos-topograficos.jpg 1068w\" sizes=\"(max-width: 750px) 100vw, 750px\" \/><\/p>\n<p><span style=\"font-family: arial, helvetica, sans-serif; color: #000000; font-size: 16px;\">Dependendo das caracter\u00edsticas do im\u00f3vel que voc\u00ea estiver mapeando, caso tenha um marco de apoio b\u00e1sico locado em um im\u00f3vel confrontante, voc\u00ea poder\u00e1 utilizar o mesmo para o rastreamento dos dados de parte do im\u00f3vel.<\/span><\/p>\n<p><span style=\"font-family: arial, helvetica, sans-serif; color: #000000; font-size: 16px;\">Eu mesmo j\u00e1 fiz isso v\u00e1rias vezes. Ao fazer o <span style=\"color: #0000ff;\"><a href=\"https:\/\/adenilsongiovanini.com.br\/blog\/levantamento-planialtimetrico-com-rtk\/\" style=\"color: #0000ff;\">levantamento de dados<\/a><\/span> de um im\u00f3vel no qual era imposs\u00edvel a corre\u00e7\u00e3o de r\u00e1dio chegar em todos os pontos do mesmo, posicionei o marco de apoio b\u00e1sico de maneira estrat\u00e9gica, utilizando o marco anteriormente locado em um im\u00f3vel confrontante para o mapeamento de parte dos dados.<\/span><\/p>\n<p><span style=\"font-family: arial, helvetica, sans-serif; color: #000000; font-size: 16px;\">Perceba que cada novo marco de apoio b\u00e1sico que voc\u00ea loca, torna-se um ativo, uma poss\u00edvel sa\u00edda para o rastreamento de parte ou at\u00e9 mesmo de todos os dados de um novo im\u00f3vel a ser mapeado.<\/span><\/p>\n<p style=\"text-align: center;\">\n<span style=\"font-size: 20px;\"><strong><span style=\"font-family: arial, helvetica, sans-serif; color: #000000;\">COMPRE UM KIT RTK CUJO SINAL DE R\u00c1DIO TENHA MAIOR ALCANCE<\/span><\/strong><\/span><\/p>\n<p><img decoding=\"async\" src=\"https:\/\/adenilsongiovanini.com.br\/blog\/wp-content\/uploads\/2023\/07\/rtk-n3-780x521.jpg\" alt=\"rtk n3\" width=\"750\" height=\"501\" class=\"aligncenter size-large wp-image-35957\" srcset=\"https:\/\/adenilsongiovanini.com.br\/blog\/wp-content\/uploads\/2023\/07\/rtk-n3-780x521.jpg 780w, https:\/\/adenilsongiovanini.com.br\/blog\/wp-content\/uploads\/2023\/07\/rtk-n3-300x200.jpg 300w, https:\/\/adenilsongiovanini.com.br\/blog\/wp-content\/uploads\/2023\/07\/rtk-n3-768x513.jpg 768w, https:\/\/adenilsongiovanini.com.br\/blog\/wp-content\/uploads\/2023\/07\/rtk-n3-360x240.jpg 360w, https:\/\/adenilsongiovanini.com.br\/blog\/wp-content\/uploads\/2023\/07\/rtk-n3.jpg 1125w\" sizes=\"(max-width: 750px) 100vw, 750px\" \/><\/p>\n<p><span style=\"font-family: arial, helvetica, sans-serif; color: #000000; font-size: 16px;\">Esta \u00e9 uma outra estrat\u00e9gia que voc\u00ea pode adotar.<\/span><\/p>\n<p><span style=\"font-family: arial, helvetica, sans-serif; color: #000000; font-size: 16px;\"><span style=\"color: #0000ff;\"><a href=\"https:\/\/adenilsongiovanini.com.br\/blog\/rtk-n3-quando-vale-a-pena-comprar\/\" style=\"color: #0000ff;\">Comprar um kit RTK<\/a><\/span> cujo sinal de r\u00e1dio tenha um maior alcance, possibilitar\u00e1 que voc\u00ea mapeie mais pontos com a utiliza\u00e7\u00e3o do m\u00e9todo RTK.<\/span><br \/>\n<span style=\"font-family: arial, helvetica, sans-serif; color: #000000; font-size: 16px;\">Ou seja, sua produtividade ser\u00e1 maior, com voc\u00ea colocando mais dinheiro no seu bolso.<\/span><br \/>\n<span style=\"font-family: arial, helvetica, sans-serif; color: #000000; font-size: 16px;\">Um kit RTK que vem se destacando quando se fala na rela\u00e7\u00e3o custo\/benef\u00edcio \u00e9 o <span style=\"color: #0000ff;\"><a href=\"https:\/\/adenilsongiovanini.com.br\/equipamentos\/index.php\/comnav-n3\/\" style=\"color: #0000ff;\">kit RTK N3 da ComNav<\/a><\/span>.<\/span><br \/>\n<span style=\"font-family: arial, helvetica, sans-serif; color: #000000; font-size: 16px;\">Isso porque o mesmo:<\/span><br \/>\n<span style=\"font-family: arial, helvetica, sans-serif; color: #000000; font-size: 16px;\">1 &#8211; \u2705 Possui um r\u00e1dio interno com alcance de 15 km;<\/span><br \/>\n<span style=\"font-family: arial, helvetica, sans-serif; color: #000000; font-size: 16px;\">2 &#8211; \u2705 Possui baterias mais poderosas, conseguindo rastrear dados por 24 horas de maneira cont\u00ednua;<\/span><br \/>\n<span style=\"font-family: arial, helvetica, sans-serif; color: #000000; font-size: 16px;\">3 &#8211; \u2705 Rastreia todos os sinais dispon\u00edveis para uso civil, de todas as constela\u00e7\u00f5es ativas;<\/span><br \/>\n<span style=\"font-family: arial, helvetica, sans-serif; color: #000000; font-size: 16px;\">4 &#8211; \u2705 Possui a <span style=\"color: #0000ff;\"><a href=\"https:\/\/adenilsongiovanini.com.br\/blog\/sensor-imu\/\" style=\"color: #0000ff;\">tecnologia IMU<\/a><\/span> aprimorada, possibilitando uma acur\u00e1cia de 2 cm, mesmo com o receptor inclinado 60\u00b0;<\/span><br \/>\n<span style=\"font-family: arial, helvetica, sans-serif; color: #000000; font-size: 16px;\">5 &#8211; \u2705 Voc\u00ea poder\u00e1 comprar o mesmo parcelado at\u00e9 60 vezes sem juros.<\/span><br \/>\n<span style=\"font-family: arial, helvetica, sans-serif; color: #000000; font-size: 16px;\">Isso mesmo, voc\u00ea vai pagar a primeira parcela, vai receber o kit RTK e vai pagar as parcelas restantes com os servi\u00e7os prestados com o mesmo.<\/span><br \/>\n<span style=\"font-family: arial, helvetica, sans-serif; color: #000000; font-size: 16px;\">Conhe\u00e7a melhor o kit RTK N3. Link:<\/span><\/p>\n<p><img decoding=\"async\" src=\"https:\/\/adenilsongiovanini.com.br\/blog\/wp-content\/uploads\/2020\/05\/setas-azuis-triplas-e1427388827173.png\" alt=\"seta\" width=\"400\" height=\"200\" class=\"aligncenter size-full wp-image-16897\" srcset=\"https:\/\/adenilsongiovanini.com.br\/blog\/wp-content\/uploads\/2020\/05\/setas-azuis-triplas-e1427388827173.png 400w, https:\/\/adenilsongiovanini.com.br\/blog\/wp-content\/uploads\/2020\/05\/setas-azuis-triplas-e1427388827173-300x150.png 300w\" sizes=\"(max-width: 400px) 100vw, 400px\" \/><\/p>\n<div class=\"su-button-center\"><a href=\"https:\/\/adenilsongiovanini.com.br\/equipamentos\/index.php\/comnav-n3\/\" class=\"su-button su-button-style-3d su-button-wide\" style=\"color:#000000;background-color:#00b025;border-color:#008d1e;border-radius:15px\" target=\"_blank\" rel=\"nofollow\" id=\"2\"><span style=\"color:#000000;padding:0px 36px;font-size:26px;line-height:52px;border-color:#4dc867;border-radius:15px;text-shadow:0px 0px 0px #000000\"> &gt; Quero Conhecer Melhor o Kit RTK N3&#8230;<\/span><\/a><\/div>\n<p>&nbsp;<\/p>\n","protected":false},"excerpt":{"rendered":"<p>Quando se falar em marco para georreferenciamento, uma d\u00favida que muitos profissionais possuem \u00e9 onde locar o mesmo. Pois bem, voc\u00ea acabou de colocar suas 2 m\u00e3o em um artigo definitivo sobre o tema. prossiga a leitura com m\u00e1xima aten\u00e7\u00e3o. &nbsp; MARCO PARA GEORREFERENCIAMENTO &#8211; O QUE A LEGISLA\u00c7\u00c3O DIZ [&hellip;]<\/p>\n","protected":false},"author":1,"featured_media":19270,"comment_status":"closed","ping_status":"closed","sticky":false,"template":"","format":"standard","meta":{"_monsterinsights_skip_tracking":false,"_monsterinsights_sitenote_active":false,"_monsterinsights_sitenote_note":"","_monsterinsights_sitenote_category":0,"footnotes":""},"categories":[9],"tags":[],"class_list":["post-36080","post","type-post","status-publish","format-standard","has-post-thumbnail","hentry","category-topografia-cadastral"],"yoast_head":"<!-- This site is optimized with the Yoast SEO plugin v26.5 - https:\/\/yoast.com\/wordpress\/plugins\/seo\/ -->\n<title>Marco Para Georreferenciamento: Onde Locar? - Adenilson Giovanini<\/title>\n<meta name=\"description\" content=\"Marco para georreferenciamento. Descubra qual a posi\u00e7\u00e3o ideal para o Marco de Apoio B\u00e1sico. Guia definitivo. Leia agora.\" \/>\n<meta name=\"robots\" content=\"index, follow, max-snippet:-1, max-image-preview:large, max-video-preview:-1\" \/>\n<link rel=\"canonical\" href=\"https:\/\/adenilsongiovanini.com.br\/blog\/marco-para-georreferenciamento-onde-locar\/\" \/>\n<meta property=\"og:locale\" content=\"pt_BR\" \/>\n<meta property=\"og:type\" content=\"article\" \/>\n<meta property=\"og:title\" content=\"Marco Para Georreferenciamento: Onde Locar? - Adenilson Giovanini\" \/>\n<meta property=\"og:description\" content=\"Marco para georreferenciamento. Descubra qual a posi\u00e7\u00e3o ideal para o Marco de Apoio B\u00e1sico. Guia definitivo. Leia agora.\" \/>\n<meta property=\"og:url\" content=\"https:\/\/adenilsongiovanini.com.br\/blog\/marco-para-georreferenciamento-onde-locar\/\" \/>\n<meta property=\"og:site_name\" content=\"Adenilson Giovanini\" \/>\n<meta property=\"article:publisher\" content=\"https:\/\/www.facebook.com\/otopografo\/\" \/>\n<meta property=\"article:author\" content=\"https:\/\/www.facebook.com\/otopografo\/\" \/>\n<meta property=\"article:published_time\" content=\"2023-08-14T23:34:41+00:00\" \/>\n<meta property=\"og:image\" content=\"https:\/\/adenilsongiovanini.com.br\/blog\/wp-content\/uploads\/2021\/04\/marcos-topograficos.jpg\" \/>\n\t<meta property=\"og:image:width\" content=\"1068\" \/>\n\t<meta property=\"og:image:height\" content=\"1080\" \/>\n\t<meta property=\"og:image:type\" content=\"image\/jpeg\" \/>\n<meta name=\"author\" content=\"Adenilson Giovanini\" \/>\n<meta name=\"twitter:card\" content=\"summary_large_image\" \/>\n<meta name=\"twitter:label1\" content=\"Escrito por\" \/>\n\t<meta name=\"twitter:data1\" content=\"Adenilson Giovanini\" \/>\n\t<meta name=\"twitter:label2\" content=\"Est. tempo de leitura\" \/>\n\t<meta name=\"twitter:data2\" content=\"5 minutos\" \/>\n<script type=\"application\/ld+json\" class=\"yoast-schema-graph\">{\"@context\":\"https:\/\/schema.org\",\"@graph\":[{\"@type\":\"Article\",\"@id\":\"https:\/\/adenilsongiovanini.com.br\/blog\/marco-para-georreferenciamento-onde-locar\/#article\",\"isPartOf\":{\"@id\":\"https:\/\/adenilsongiovanini.com.br\/blog\/marco-para-georreferenciamento-onde-locar\/\"},\"author\":{\"name\":\"Adenilson Giovanini\",\"@id\":\"https:\/\/adenilsongiovanini.com.br\/blog\/#\/schema\/person\/9c1daa7da73c116aae2cb0568d1daa23\"},\"headline\":\"Marco Para Georreferenciamento: Onde Locar?\",\"datePublished\":\"2023-08-14T23:34:41+00:00\",\"mainEntityOfPage\":{\"@id\":\"https:\/\/adenilsongiovanini.com.br\/blog\/marco-para-georreferenciamento-onde-locar\/\"},\"wordCount\":758,\"publisher\":{\"@id\":\"https:\/\/adenilsongiovanini.com.br\/blog\/#\/schema\/person\/9c1daa7da73c116aae2cb0568d1daa23\"},\"image\":{\"@id\":\"https:\/\/adenilsongiovanini.com.br\/blog\/marco-para-georreferenciamento-onde-locar\/#primaryimage\"},\"thumbnailUrl\":\"https:\/\/adenilsongiovanini.com.br\/blog\/wp-content\/uploads\/2021\/04\/marcos-topograficos.jpg\",\"articleSection\":[\"Topografia Cadastral\"],\"inLanguage\":\"pt-BR\"},{\"@type\":\"WebPage\",\"@id\":\"https:\/\/adenilsongiovanini.com.br\/blog\/marco-para-georreferenciamento-onde-locar\/\",\"url\":\"https:\/\/adenilsongiovanini.com.br\/blog\/marco-para-georreferenciamento-onde-locar\/\",\"name\":\"Marco Para Georreferenciamento: Onde Locar? - Adenilson Giovanini\",\"isPartOf\":{\"@id\":\"https:\/\/adenilsongiovanini.com.br\/blog\/#website\"},\"primaryImageOfPage\":{\"@id\":\"https:\/\/adenilsongiovanini.com.br\/blog\/marco-para-georreferenciamento-onde-locar\/#primaryimage\"},\"image\":{\"@id\":\"https:\/\/adenilsongiovanini.com.br\/blog\/marco-para-georreferenciamento-onde-locar\/#primaryimage\"},\"thumbnailUrl\":\"https:\/\/adenilsongiovanini.com.br\/blog\/wp-content\/uploads\/2021\/04\/marcos-topograficos.jpg\",\"datePublished\":\"2023-08-14T23:34:41+00:00\",\"description\":\"Marco para georreferenciamento. Descubra qual a posi\u00e7\u00e3o ideal para o Marco de Apoio B\u00e1sico. Guia definitivo. Leia agora.\",\"breadcrumb\":{\"@id\":\"https:\/\/adenilsongiovanini.com.br\/blog\/marco-para-georreferenciamento-onde-locar\/#breadcrumb\"},\"inLanguage\":\"pt-BR\",\"potentialAction\":[{\"@type\":\"ReadAction\",\"target\":[\"https:\/\/adenilsongiovanini.com.br\/blog\/marco-para-georreferenciamento-onde-locar\/\"]}]},{\"@type\":\"ImageObject\",\"inLanguage\":\"pt-BR\",\"@id\":\"https:\/\/adenilsongiovanini.com.br\/blog\/marco-para-georreferenciamento-onde-locar\/#primaryimage\",\"url\":\"https:\/\/adenilsongiovanini.com.br\/blog\/wp-content\/uploads\/2021\/04\/marcos-topograficos.jpg\",\"contentUrl\":\"https:\/\/adenilsongiovanini.com.br\/blog\/wp-content\/uploads\/2021\/04\/marcos-topograficos.jpg\",\"width\":1068,\"height\":1080},{\"@type\":\"BreadcrumbList\",\"@id\":\"https:\/\/adenilsongiovanini.com.br\/blog\/marco-para-georreferenciamento-onde-locar\/#breadcrumb\",\"itemListElement\":[{\"@type\":\"ListItem\",\"position\":1,\"name\":\"Home\",\"item\":\"https:\/\/adenilsongiovanini.com.br\/blog\/\"},{\"@type\":\"ListItem\",\"position\":2,\"name\":\"Marco Para Georreferenciamento: Onde Locar?\"}]},{\"@type\":\"WebSite\",\"@id\":\"https:\/\/adenilsongiovanini.com.br\/blog\/#website\",\"url\":\"https:\/\/adenilsongiovanini.com.br\/blog\/\",\"name\":\"Adenilson Giovanini\",\"description\":\"Topografia e Geotecnologias\",\"publisher\":{\"@id\":\"https:\/\/adenilsongiovanini.com.br\/blog\/#\/schema\/person\/9c1daa7da73c116aae2cb0568d1daa23\"},\"potentialAction\":[{\"@type\":\"SearchAction\",\"target\":{\"@type\":\"EntryPoint\",\"urlTemplate\":\"https:\/\/adenilsongiovanini.com.br\/blog\/?s={search_term_string}\"},\"query-input\":{\"@type\":\"PropertyValueSpecification\",\"valueRequired\":true,\"valueName\":\"search_term_string\"}}],\"inLanguage\":\"pt-BR\"},{\"@type\":[\"Person\",\"Organization\"],\"@id\":\"https:\/\/adenilsongiovanini.com.br\/blog\/#\/schema\/person\/9c1daa7da73c116aae2cb0568d1daa23\",\"name\":\"Adenilson Giovanini\",\"image\":{\"@type\":\"ImageObject\",\"inLanguage\":\"pt-BR\",\"@id\":\"https:\/\/adenilsongiovanini.com.br\/blog\/#\/schema\/person\/image\/\",\"url\":\"https:\/\/adenilsongiovanini.com.br\/blog\/wp-content\/litespeed\/avatar\/be8f4de5c0b8a93c57a4f29cbf2f1e92.jpg?ver=1777130135\",\"contentUrl\":\"https:\/\/adenilsongiovanini.com.br\/blog\/wp-content\/litespeed\/avatar\/be8f4de5c0b8a93c57a4f29cbf2f1e92.jpg?ver=1777130135\",\"caption\":\"Adenilson Giovanini\"},\"logo\":{\"@id\":\"https:\/\/adenilsongiovanini.com.br\/blog\/#\/schema\/person\/image\/\"},\"description\":\"O Professor Adenilson Giovanini \u00e9 especialista em Topografia Cadastral e Georreferenciamento de Im\u00f3veis Rurais. O mesmo possui o Maior Site de Engenharia de Agrimensura do Brasil. Site este que tem mais de 102.000 visualiza\u00e7\u00f5es por m\u00eas. Tamb\u00e9m possui mais de 600 v\u00eddeos em seu canal no youtube. Al\u00e9m disso, \u00e9 escritor Best Seller, possuindo v\u00e1rios cursos e livros de sucesso.\",\"sameAs\":[\"http:\/\/adenilsongiovanini.com.br\",\"https:\/\/www.facebook.com\/otopografo\/\",\"https:\/\/www.instagram.com\/adenilson_giovanini\/\",\"https:\/\/www.linkedin.com\/in\/adenilson-giovanini-819b8035\/\",\"https:\/\/br.pinterest.com\/adenilsongiovanini\/\",\"https:\/\/www.youtube.com\/channel\/uce-br7ghiuog2txcsdx5vrw\"]}]}<\/script>\n<!-- \/ Yoast SEO plugin. -->","yoast_head_json":{"title":"Marco Para Georreferenciamento: Onde Locar? - Adenilson Giovanini","description":"Marco para georreferenciamento. Descubra qual a posi\u00e7\u00e3o ideal para o Marco de Apoio B\u00e1sico. Guia definitivo. Leia agora.","robots":{"index":"index","follow":"follow","max-snippet":"max-snippet:-1","max-image-preview":"max-image-preview:large","max-video-preview":"max-video-preview:-1"},"canonical":"https:\/\/adenilsongiovanini.com.br\/blog\/marco-para-georreferenciamento-onde-locar\/","og_locale":"pt_BR","og_type":"article","og_title":"Marco Para Georreferenciamento: Onde Locar? - Adenilson Giovanini","og_description":"Marco para georreferenciamento. Descubra qual a posi\u00e7\u00e3o ideal para o Marco de Apoio B\u00e1sico. Guia definitivo. Leia agora.","og_url":"https:\/\/adenilsongiovanini.com.br\/blog\/marco-para-georreferenciamento-onde-locar\/","og_site_name":"Adenilson Giovanini","article_publisher":"https:\/\/www.facebook.com\/otopografo\/","article_author":"https:\/\/www.facebook.com\/otopografo\/","article_published_time":"2023-08-14T23:34:41+00:00","og_image":[{"width":1068,"height":1080,"url":"https:\/\/adenilsongiovanini.com.br\/blog\/wp-content\/uploads\/2021\/04\/marcos-topograficos.jpg","type":"image\/jpeg"}],"author":"Adenilson Giovanini","twitter_card":"summary_large_image","twitter_misc":{"Escrito por":"Adenilson Giovanini","Est. tempo de leitura":"5 minutos"},"schema":{"@context":"https:\/\/schema.org","@graph":[{"@type":"Article","@id":"https:\/\/adenilsongiovanini.com.br\/blog\/marco-para-georreferenciamento-onde-locar\/#article","isPartOf":{"@id":"https:\/\/adenilsongiovanini.com.br\/blog\/marco-para-georreferenciamento-onde-locar\/"},"author":{"name":"Adenilson Giovanini","@id":"https:\/\/adenilsongiovanini.com.br\/blog\/#\/schema\/person\/9c1daa7da73c116aae2cb0568d1daa23"},"headline":"Marco Para Georreferenciamento: Onde Locar?","datePublished":"2023-08-14T23:34:41+00:00","mainEntityOfPage":{"@id":"https:\/\/adenilsongiovanini.com.br\/blog\/marco-para-georreferenciamento-onde-locar\/"},"wordCount":758,"publisher":{"@id":"https:\/\/adenilsongiovanini.com.br\/blog\/#\/schema\/person\/9c1daa7da73c116aae2cb0568d1daa23"},"image":{"@id":"https:\/\/adenilsongiovanini.com.br\/blog\/marco-para-georreferenciamento-onde-locar\/#primaryimage"},"thumbnailUrl":"https:\/\/adenilsongiovanini.com.br\/blog\/wp-content\/uploads\/2021\/04\/marcos-topograficos.jpg","articleSection":["Topografia Cadastral"],"inLanguage":"pt-BR"},{"@type":"WebPage","@id":"https:\/\/adenilsongiovanini.com.br\/blog\/marco-para-georreferenciamento-onde-locar\/","url":"https:\/\/adenilsongiovanini.com.br\/blog\/marco-para-georreferenciamento-onde-locar\/","name":"Marco Para Georreferenciamento: Onde Locar? - Adenilson Giovanini","isPartOf":{"@id":"https:\/\/adenilsongiovanini.com.br\/blog\/#website"},"primaryImageOfPage":{"@id":"https:\/\/adenilsongiovanini.com.br\/blog\/marco-para-georreferenciamento-onde-locar\/#primaryimage"},"image":{"@id":"https:\/\/adenilsongiovanini.com.br\/blog\/marco-para-georreferenciamento-onde-locar\/#primaryimage"},"thumbnailUrl":"https:\/\/adenilsongiovanini.com.br\/blog\/wp-content\/uploads\/2021\/04\/marcos-topograficos.jpg","datePublished":"2023-08-14T23:34:41+00:00","description":"Marco para georreferenciamento. Descubra qual a posi\u00e7\u00e3o ideal para o Marco de Apoio B\u00e1sico. Guia definitivo. Leia agora.","breadcrumb":{"@id":"https:\/\/adenilsongiovanini.com.br\/blog\/marco-para-georreferenciamento-onde-locar\/#breadcrumb"},"inLanguage":"pt-BR","potentialAction":[{"@type":"ReadAction","target":["https:\/\/adenilsongiovanini.com.br\/blog\/marco-para-georreferenciamento-onde-locar\/"]}]},{"@type":"ImageObject","inLanguage":"pt-BR","@id":"https:\/\/adenilsongiovanini.com.br\/blog\/marco-para-georreferenciamento-onde-locar\/#primaryimage","url":"https:\/\/adenilsongiovanini.com.br\/blog\/wp-content\/uploads\/2021\/04\/marcos-topograficos.jpg","contentUrl":"https:\/\/adenilsongiovanini.com.br\/blog\/wp-content\/uploads\/2021\/04\/marcos-topograficos.jpg","width":1068,"height":1080},{"@type":"BreadcrumbList","@id":"https:\/\/adenilsongiovanini.com.br\/blog\/marco-para-georreferenciamento-onde-locar\/#breadcrumb","itemListElement":[{"@type":"ListItem","position":1,"name":"Home","item":"https:\/\/adenilsongiovanini.com.br\/blog\/"},{"@type":"ListItem","position":2,"name":"Marco Para Georreferenciamento: Onde Locar?"}]},{"@type":"WebSite","@id":"https:\/\/adenilsongiovanini.com.br\/blog\/#website","url":"https:\/\/adenilsongiovanini.com.br\/blog\/","name":"Adenilson Giovanini","description":"Topografia e Geotecnologias","publisher":{"@id":"https:\/\/adenilsongiovanini.com.br\/blog\/#\/schema\/person\/9c1daa7da73c116aae2cb0568d1daa23"},"potentialAction":[{"@type":"SearchAction","target":{"@type":"EntryPoint","urlTemplate":"https:\/\/adenilsongiovanini.com.br\/blog\/?s={search_term_string}"},"query-input":{"@type":"PropertyValueSpecification","valueRequired":true,"valueName":"search_term_string"}}],"inLanguage":"pt-BR"},{"@type":["Person","Organization"],"@id":"https:\/\/adenilsongiovanini.com.br\/blog\/#\/schema\/person\/9c1daa7da73c116aae2cb0568d1daa23","name":"Adenilson Giovanini","image":{"@type":"ImageObject","inLanguage":"pt-BR","@id":"https:\/\/adenilsongiovanini.com.br\/blog\/#\/schema\/person\/image\/","url":"https:\/\/adenilsongiovanini.com.br\/blog\/wp-content\/litespeed\/avatar\/be8f4de5c0b8a93c57a4f29cbf2f1e92.jpg?ver=1777130135","contentUrl":"https:\/\/adenilsongiovanini.com.br\/blog\/wp-content\/litespeed\/avatar\/be8f4de5c0b8a93c57a4f29cbf2f1e92.jpg?ver=1777130135","caption":"Adenilson Giovanini"},"logo":{"@id":"https:\/\/adenilsongiovanini.com.br\/blog\/#\/schema\/person\/image\/"},"description":"O Professor Adenilson Giovanini \u00e9 especialista em Topografia Cadastral e Georreferenciamento de Im\u00f3veis Rurais. O mesmo possui o Maior Site de Engenharia de Agrimensura do Brasil. Site este que tem mais de 102.000 visualiza\u00e7\u00f5es por m\u00eas. Tamb\u00e9m possui mais de 600 v\u00eddeos em seu canal no youtube. Al\u00e9m disso, \u00e9 escritor Best Seller, possuindo v\u00e1rios cursos e livros de sucesso.","sameAs":["http:\/\/adenilsongiovanini.com.br","https:\/\/www.facebook.com\/otopografo\/","https:\/\/www.instagram.com\/adenilson_giovanini\/","https:\/\/www.linkedin.com\/in\/adenilson-giovanini-819b8035\/","https:\/\/br.pinterest.com\/adenilsongiovanini\/","https:\/\/www.youtube.com\/channel\/uce-br7ghiuog2txcsdx5vrw"]}]}},"amp_enabled":true,"_links":{"self":[{"href":"https:\/\/adenilsongiovanini.com.br\/blog\/wp-json\/wp\/v2\/posts\/36080","targetHints":{"allow":["GET"]}}],"collection":[{"href":"https:\/\/adenilsongiovanini.com.br\/blog\/wp-json\/wp\/v2\/posts"}],"about":[{"href":"https:\/\/adenilsongiovanini.com.br\/blog\/wp-json\/wp\/v2\/types\/post"}],"author":[{"embeddable":true,"href":"https:\/\/adenilsongiovanini.com.br\/blog\/wp-json\/wp\/v2\/users\/1"}],"replies":[{"embeddable":true,"href":"https:\/\/adenilsongiovanini.com.br\/blog\/wp-json\/wp\/v2\/comments?post=36080"}],"version-history":[{"count":0,"href":"https:\/\/adenilsongiovanini.com.br\/blog\/wp-json\/wp\/v2\/posts\/36080\/revisions"}],"wp:featuredmedia":[{"embeddable":true,"href":"https:\/\/adenilsongiovanini.com.br\/blog\/wp-json\/wp\/v2\/media\/19270"}],"wp:attachment":[{"href":"https:\/\/adenilsongiovanini.com.br\/blog\/wp-json\/wp\/v2\/media?parent=36080"}],"wp:term":[{"taxonomy":"category","embeddable":true,"href":"https:\/\/adenilsongiovanini.com.br\/blog\/wp-json\/wp\/v2\/categories?post=36080"},{"taxonomy":"post_tag","embeddable":true,"href":"https:\/\/adenilsongiovanini.com.br\/blog\/wp-json\/wp\/v2\/tags?post=36080"}],"curies":[{"name":"wp","href":"https:\/\/api.w.org\/{rel}","templated":true}]}}