{"id":3545,"date":"2019-11-27T13:13:42","date_gmt":"2019-11-27T13:13:42","guid":{"rendered":"http:\/\/adenilsongiovanini.com.br\/blog\/?p=3545"},"modified":"2022-08-03T11:40:12","modified_gmt":"2022-08-03T11:40:12","slug":"usucapiao-quantos-anos-duvida-respondida","status":"publish","type":"post","link":"https:\/\/adenilsongiovanini.com.br\/blog\/usucapiao-quantos-anos-duvida-respondida\/","title":{"rendered":"Usucapi\u00e3o Quantos Anos?"},"content":{"rendered":"<p style=\"font-weight: 400;\"><span style=\"font-size: 20px; font-family: arial, helvetica, sans-serif; color: #000000; line-height: 1.3;\"><em><b><strong>Usucapi\u00e3o quantos anos<\/strong><\/b><\/em>: Este \u00e9 um termo muito pesquisado no Google.<\/span><\/p>\n<p style=\"font-weight: 400;\"><span style=\"font-size: 20px; font-family: arial, helvetica, sans-serif; color: #000000; line-height: 1.3;\">Por causa disso, eu decidi produzir este artigo com um resumo dos diferentes tipos de usucapi\u00e3o e de quantos anos s\u00e3o necess\u00e1rios em cada modalidade.<\/span><\/p>\n<p>&nbsp;<\/p>\n<h2 style=\"font-weight: 400; text-align: center;\"><span style=\"color: #000000; font-size: 24px;\"><strong><span style=\"font-family: arial, helvetica, sans-serif; line-height: 1.3;\">Usucapi\u00e3o quantos anos &#8211; O Direito de usucapir<\/span><\/strong><\/span><\/h2>\n<p style=\"font-weight: 400;\"><span style=\"color: #000000;\"><span style=\"font-size: 20px; font-family: arial, helvetica, sans-serif; line-height: 1.3;\">No que se refere ao usucapi\u00e3o quantos anos, eu preciso que voc\u00ea saib<\/span><span style=\"font-size: 20px; font-family: arial, helvetica, sans-serif; line-height: 1.3;\">a que a <\/span><span style=\"font-size: 20px; font-family: arial, helvetica, sans-serif; line-height: 1.3;\">usucapi\u00e3o<\/span> <\/span><span style=\"font-size: 20px; font-family: arial, helvetica, sans-serif; color: #000000; line-height: 1.3;\">\u00e9 um direito que uma pessoa recebe em rela\u00e7\u00e3o \u00e0 <span style=\"color: #0000ff;\"><a style=\"color: #0000ff;\" href=\"https:\/\/adenilsongiovanini.com.br\/blog\/posse-e-propriedade\/\" target=\"_blank\" rel=\"noopener noreferrer\">posse de um im\u00f3vel<\/a><\/span>.<\/span><\/p>\n<p style=\"font-weight: 400;\"><span style=\"font-size: 20px; font-family: arial, helvetica, sans-serif; color: #000000; line-height: 1.3;\">Para que a mesma consiga este direito deve utilizar o im\u00f3vel por determinado tempo, de maneira cont\u00ednuo e incontestadamente.<\/span><\/p>\n<p style=\"font-weight: 400;\"><span style=\"font-size: 20px; font-family: arial, helvetica, sans-serif; color: #000000; line-height: 1.3;\">Al\u00e9m disso, o im\u00f3vel n\u00e3o pode ser p\u00fablico. Isso porque n\u00e3o \u00e9 poss\u00edvel fazer-se usucapi\u00e3o de im\u00f3veis p\u00fablicos.<\/span><\/p>\n<p style=\"font-weight: 400;\"><span style=\"font-size: 20px; font-family: arial, helvetica, sans-serif; color: #000000; line-height: 1.3;\">P.S.: Lembrando que <span style=\"color: #0000ff;\"><a style=\"color: #0000ff;\" href=\"http:\/\/www.funai.gov.br\/index.php\/indios-no-brasil\/terras-indigenas\" target=\"_blank\" rel=\"noopener noreferrer\">reservas ind\u00edgenas<\/a><\/span> tamb\u00e9m s\u00e3o \u00e1reas p\u00fablicas, sendo que a tribo recebe o <span style=\"color: #0000ff;\"><a style=\"color: #0000ff;\" href=\"https:\/\/bernardocesarcoura.jusbrasil.com.br\/noticias\/229847043\/duvidas-sobre-usufruto\" target=\"_blank\" rel=\"noopener noreferrer\">usufruto vital\u00edcio<\/a><\/span> da reserva.<\/span><\/p>\n<p style=\"font-weight: 400;\"><span style=\"font-size: 20px; font-family: arial, helvetica, sans-serif; color: #000000; line-height: 1.3;\">Ou seja, pode utilizar a mesma, mas n\u00e3o pode vender partes ou toda a mesma.<\/span><\/p>\n<p style=\"font-weight: 400;\"><span style=\"font-size: 20px; font-family: arial, helvetica, sans-serif; color: #000000; line-height: 1.3;\">Essa medida tamb\u00e9m precisou ser tomada pelo governo porque \u00e9 normal as pessoas invadirem parte da reserva ind\u00edgena. <\/span><\/p>\n<p style=\"font-weight: 400;\"><span style=\"font-size: 20px; font-family: arial, helvetica, sans-serif; color: #000000; line-height: 1.3;\">Com isso, caso a tribo tivesse a propriedade da reserva, a pessoa poderia ap\u00f3s determinado intervalo de tempo usucapir a \u00e1rea invadida.<\/span><\/p>\n<p style=\"font-weight: 400;\"><span style=\"font-size: 20px; font-family: arial, helvetica, sans-serif; color: #000000; line-height: 1.3;\">Como a reserva ind\u00edgena \u00e9 um bem p\u00fablico, \u00e9 imposs\u00edvel usucapir-se parte da mesma, de certa maneira que o governo pode a qualquer momento fazer uma reintegra\u00e7\u00e3o de posse, expulsando os invasores.<\/span><\/p>\n<p>&nbsp;<\/p>\n<h2 style=\"text-align: center;\"><span style=\"font-size: 24px; font-family: arial, helvetica, sans-serif; color: #000000; line-height: 1.3;\"><b style=\"font-weight: 400;\"><strong>Usucapi\u00e3o quantos anos: Dados de domic\u00edlios urbanos ocupados irregularmente<\/strong><\/b><\/span><\/h2>\n<p style=\"font-weight: 400;\"><span style=\"font-size: 20px; font-family: arial, helvetica, sans-serif; color: #000000; line-height: 1.3;\">De acordo com o Censo 2010 do <span style=\"color: #0000ff;\"><a style=\"color: #0000ff;\" href=\"https:\/\/www.ibge.gov.br\/\" target=\"_blank\" rel=\"noopener noreferrer\">IBGE<\/a><\/span>, existem 18 milh\u00f5es de domic\u00edlios urbanos ocupados irregularmente no Brasil.<\/span><\/p>\n<p style=\"font-weight: 400;\"><span style=\"font-size: 20px; font-family: arial, helvetica, sans-serif; color: #000000; line-height: 1.3;\">Seguem as taxas do n\u00famero de im\u00f3veis em situa\u00e7\u00e3o irregular por regi\u00e3o do pais:<\/span><\/p>\n<ol>\n<li style=\"font-weight: 400;\"><span style=\"font-size: 20px; font-family: arial, helvetica, sans-serif; color: #000000; line-height: 1.3;\">Sudeste &#8211; 32,5%;<\/span><\/li>\n<li style=\"font-weight: 400;\"><span style=\"font-size: 20px; font-family: arial, helvetica, sans-serif; color: #000000; line-height: 1.3;\">Nordeste &#8211; 32,5%;<\/span><\/li>\n<li style=\"font-weight: 400;\"><span style=\"font-size: 20px; font-family: arial, helvetica, sans-serif; color: #000000; line-height: 1.3;\">Sul &#8211; 17%;<\/span><\/li>\n<li style=\"font-weight: 400;\"><span style=\"font-size: 20px; font-family: arial, helvetica, sans-serif; color: #000000; line-height: 1.3;\">Norte &#8211; 10%<\/span><\/li>\n<li style=\"font-weight: 400;\"><span style=\"font-size: 20px; font-family: arial, helvetica, sans-serif; color: #000000; line-height: 1.3;\">Centro-oeste &#8211; 8%.<\/span><\/li>\n<\/ol>\n<p style=\"font-weight: 400;\"><span style=\"font-size: 20px; font-family: arial, helvetica, sans-serif; color: #000000; line-height: 1.3;\"> Por\u00e9m, para que estas pessoas consigam a propriedade de suas posses n\u00e3o \u00e9 assim t\u00e3o simples. Isso porque uma s\u00e9rie de pr\u00e9-requisitos precisam ser atendidos.<\/span><\/p>\n<p style=\"font-weight: 400;\"><span style=\"font-size: 20px; font-family: arial, helvetica, sans-serif; color: #000000; line-height: 1.3;\">S\u00e3o eles:<\/span><\/p>\n<ol>\n<li style=\"font-weight: 400;\"><span style=\"font-size: 20px; font-family: arial, helvetica, sans-serif; color: #000000; line-height: 1.3;\">\u2714 O posseiro precisa ter ocupado o im\u00f3vel como se dono fosse, ou seja, explorando o bem sem subordina\u00e7\u00e3o a quem quer que seja.<\/span><\/li>\n<li style=\"font-weight: 400;\"><span style=\"font-size: 20px; font-family: arial, helvetica, sans-serif; color: #000000; line-height: 1.3;\">\u2714 A posse n\u00e3o pode ser clandestina, prec\u00e1ria ou mediante viol\u00eancia, ou seja, deve ser mansa, pac\u00edfica e cont\u00ednua.<\/span><\/li>\n<\/ol>\n<p>&nbsp;<\/p>\n<h2 style=\"text-align: center;\"><span style=\"font-size: 24px; font-family: arial, helvetica, sans-serif; color: #000000; line-height: 1.3;\"><b style=\"font-weight: 400;\"><strong>Usucapi\u00e3o quantos anos: tipos de Usucapi\u00e3o e suas respectivas caracter\u00edsticas <\/strong><\/b><\/span><\/h2>\n<p>\n<span style=\"font-size: 20px;\"><img decoding=\"async\" class=\"aligncenter size-full wp-image-3550\" src=\"http:\/\/adenilsongiovanini.com.br\/blog\/wp-content\/uploads\/2019\/11\/usucapi\u00e3o-quantos-anos-caracteristicas.jpg\" alt=\"usucapi\u00e3o quantos anos - caracteristicas\" width=\"620\" height=\"400\" srcset=\"https:\/\/adenilsongiovanini.com.br\/blog\/wp-content\/uploads\/2019\/11\/usucapi\u00e3o-quantos-anos-caracteristicas.jpg 620w, https:\/\/adenilsongiovanini.com.br\/blog\/wp-content\/uploads\/2019\/11\/usucapi\u00e3o-quantos-anos-caracteristicas-300x194.jpg 300w\" sizes=\"(max-width: 620px) 100vw, 620px\" \/><\/span><\/p>\n<p style=\"font-weight: 400;\"><span style=\"font-size: 20px; font-family: arial, helvetica, sans-serif; color: #000000; line-height: 1.3;\">No que se refere a sua pesquisa, <strong>usucapi\u00e3o quantos anos<\/strong>, segue lista completa com as modalidades de usucapi\u00e3o existentes no Brasil e suas respectivas condi\u00e7\u00f5es para que seja poss\u00edvel usucapir uma fra\u00e7\u00e3o de terras.<\/span><\/p>\n<p>&nbsp;<\/p>\n<h3 style=\"font-weight: 400; text-align: center;\"><span style=\"font-size: 20px; font-family: arial, helvetica, sans-serif; color: #000000; line-height: 1.3;\"><b><strong>Usucapi\u00e3o quantos anos: bens Im\u00f3veis \u2013 Artigo 1.238 do C\u00f3digo Civil<\/strong><\/b><\/span><\/h3>\n<p>\n<span style=\"font-size: 20px;\"><img decoding=\"async\" class=\"aligncenter wp-image-3551 size-large\" src=\"https:\/\/adenilsongiovanini.com.br\/blog\/wp-content\/uploads\/2019\/11\/usucapi\u00e3o-de-bens-im\u00f3veis-780x520.jpg\" alt=\"usucapi\u00e3o de bens im\u00f3veis\" width=\"780\" height=\"520\" srcset=\"https:\/\/adenilsongiovanini.com.br\/blog\/wp-content\/uploads\/2019\/11\/usucapi\u00e3o-de-bens-im\u00f3veis-780x520.jpg 780w, https:\/\/adenilsongiovanini.com.br\/blog\/wp-content\/uploads\/2019\/11\/usucapi\u00e3o-de-bens-im\u00f3veis-300x200.jpg 300w, https:\/\/adenilsongiovanini.com.br\/blog\/wp-content\/uploads\/2019\/11\/usucapi\u00e3o-de-bens-im\u00f3veis-768x512.jpg 768w, https:\/\/adenilsongiovanini.com.br\/blog\/wp-content\/uploads\/2019\/11\/usucapi\u00e3o-de-bens-im\u00f3veis-1536x1023.jpg 1536w, https:\/\/adenilsongiovanini.com.br\/blog\/wp-content\/uploads\/2019\/11\/usucapi\u00e3o-de-bens-im\u00f3veis-360x240.jpg 360w, https:\/\/adenilsongiovanini.com.br\/blog\/wp-content\/uploads\/2019\/11\/usucapi\u00e3o-de-bens-im\u00f3veis.jpg 1600w\" sizes=\"(max-width: 780px) 100vw, 780px\" \/><\/span><\/p>\n<h4 style=\"font-weight: 400;\"><span style=\"font-size: 20px; font-family: arial, helvetica, sans-serif; color: #000000; line-height: 1.3;\"><b><strong>Usucapi\u00e3o extraordin\u00e1ria <\/strong><\/b>&#8211; 15 anos de posse interrup\u00e7\u00e3o e sem oposi\u00e7\u00e3o.<\/span><\/h4>\n<h4 style=\"font-weight: 400;\"><span style=\"font-size: 20px; font-family: arial, helvetica, sans-serif; color: #000000; line-height: 1.3;\">N\u00e3o precisa de t\u00edtulo e nem boa-f\u00e9.<\/span><\/h4>\n<h4 style=\"font-weight: 400;\"><span style=\"font-size: 20px; font-family: arial, helvetica, sans-serif; color: #000000; line-height: 1.3;\">O prazo ser\u00e1 reduzido para 10 anos, se o posseiro obedecer uma das seguintes regras:<\/span><\/h4>\n<ul>\n<li style=\"font-weight: 400;\"><span style=\"font-size: 20px; font-family: arial, helvetica, sans-serif; color: #000000; line-height: 1.3;\">Estabelecer no im\u00f3vel a sua moradia habitual;<\/span><\/li>\n<li style=\"font-weight: 400;\"><span style=\"font-size: 20px; font-family: arial, helvetica, sans-serif; color: #000000; line-height: 1.3;\">Houver realizado obras no im\u00f3vel;<\/span><\/li>\n<li style=\"font-weight: 400;\"><span style=\"font-size: 20px; font-family: arial, helvetica, sans-serif; color: #000000; line-height: 1.3;\">Tiver realizado servi\u00e7os de car\u00e1ter produtivo no im\u00f3vel.<\/span><\/li>\n<\/ul>\n<p>&nbsp;<\/p>\n<p>&nbsp;<\/p>\n<h4 style=\"font-weight: 400;\"><span style=\"font-size: 20px; font-family: arial, helvetica, sans-serif; color: #000000; line-height: 1.3;\"><b><strong>Usucapi\u00e3o ordin\u00e1ria \u2013 Artigo 1.242 do C\u00f3digo Civil <\/strong><\/b><\/p>\n<p><span style=\"font-family: arial, helvetica, sans-serif; color: #000000; line-height: 1.3;\">10 anos de posse continua.<\/span><\/span><\/h4>\n<h4 style=\"font-weight: 400;\"><span style=\"font-size: 20px; font-family: arial, helvetica, sans-serif; color: #000000; line-height: 1.3;\"><span style=\"font-family: arial, helvetica, sans-serif; color: #000000; line-height: 1.3;\">Boa-f\u00e9.<\/span><\/span><\/h4>\n<h4 style=\"font-weight: 400;\"><span style=\"font-size: 20px; font-family: arial, helvetica, sans-serif; color: #000000; line-height: 1.3;\"><span style=\"font-family: arial, helvetica, sans-serif; color: #000000; line-height: 1.3;\">Justo t\u00edtulo.<\/span><\/span><\/h4>\n<h4 style=\"font-weight: 400;\"><span style=\"font-size: 20px; font-family: arial, helvetica, sans-serif; color: #000000; line-height: 1.3;\"><span style=\"font-family: arial, helvetica, sans-serif; color: #000000; line-height: 1.3;\">O prazo ser\u00e1 reduzido para 5 anos se:<\/span><\/span><\/h4>\n<ol>\n<li style=\"font-weight: 400;\"><span style=\"font-size: 20px; font-family: arial, helvetica, sans-serif; color: #000000; line-height: 1.3;\">\u2714 Houver aquisi\u00e7\u00e3o onerosa, com base em registro;<\/span><\/li>\n<li style=\"font-weight: 400;\"><span style=\"font-size: 20px; font-family: arial, helvetica, sans-serif; color: #000000; line-height: 1.3;\">\u2714 Os possuidores tiverem estabelecido moradia no local;<\/span><\/li>\n<li style=\"font-weight: 400;\"><span style=\"font-size: 20px; font-family: arial, helvetica, sans-serif; color: #000000; line-height: 1.3;\">\u2714 Os possuidores tiverem realizado investimento de interesse social e econ\u00f4mico.<\/span><\/li>\n<\/ol>\n<p>&nbsp;<\/p>\n<h4 style=\"font-weight: 400;\"><span style=\"font-size: 20px; font-family: arial, helvetica, sans-serif; color: #000000; line-height: 1.3;\"><b><strong>Usucapi\u00e3o quantos anos: usucapi\u00e3o especial rural \u2013 Constitui\u00e7\u00e3o Federal, artigo 191 \/ C\u00f3digo Civil, artigo 1.239<\/strong><\/b> <\/span><\/h4>\n<h4 style=\"font-weight: 400;\"><span style=\"font-size: 20px; font-family: arial, helvetica, sans-serif; color: #000000; line-height: 1.3;\">5 anos de posse continua.<\/span><\/h4>\n<h4 style=\"font-weight: 400;\"><span style=\"font-size: 20px; font-family: arial, helvetica, sans-serif; color: #000000; line-height: 1.3;\">Como o pr\u00f3prio nome diz, s\u00f3 se aplica a \u00e1reas rurais.<\/span><\/h4>\n<h4 style=\"font-weight: 400;\"><span style=\"font-size: 20px; font-family: arial, helvetica, sans-serif; color: #000000; line-height: 1.3;\">A \u00e1rea do im\u00f3vel n\u00e3o pode ser superior a 50 hectares.<\/span><\/h4>\n<h4 style=\"font-weight: 400;\"><span style=\"font-size: 20px; font-family: arial, helvetica, sans-serif; color: #000000; line-height: 1.3;\">O im\u00f3vel precisa estar cumprindo sua fun\u00e7\u00e3o social, ou seja, precisa ser produtivo pelo trabalho do posseiro ou de sua fam\u00edlia.<\/span><\/h4>\n<h4 style=\"font-weight: 400;\"><span style=\"font-size: 20px; font-family: arial, helvetica, sans-serif; color: #000000; line-height: 1.3;\">O posseiro e caso possua, sua fam\u00edlia, precisam morar no im\u00f3vel rural.<\/span><\/h4>\n<h4 style=\"font-weight: 400;\"><span style=\"font-size: 20px; font-family: arial, helvetica, sans-serif; color: #000000; line-height: 1.3;\">O possuidor n\u00e3o pode ter outro im\u00f3vel quer seja este rural ou urbano.<\/span><\/h4>\n<p>&nbsp;<\/p>\n<h4 style=\"font-weight: 400;\"><span style=\"font-size: 20px; font-family: arial, helvetica, sans-serif; color: #000000; line-height: 1.3;\"><b><strong>Usucapi\u00e3o Especial Urbana \u2013 CF, artigo 183 \/ CC, artigo 1.240 <\/strong><\/b><\/p>\n<p><span style=\"font-family: arial, helvetica, sans-serif; color: #000000; line-height: 1.3;\">No m\u00ednimo 5 anos de posse. Resposta para a pergunta usucapi\u00e3o quantos anos.<\/span><\/span><\/h4>\n<h4 style=\"font-weight: 400;\"><span style=\"font-size: 20px; font-family: arial, helvetica, sans-serif; color: #000000; line-height: 1.3;\"><span style=\"font-family: arial, helvetica, sans-serif; color: #000000; line-height: 1.3;\">Deve ser na zona urbana.<\/span><\/span><\/h4>\n<h4 style=\"font-weight: 400;\"><span style=\"font-size: 20px; font-family: arial, helvetica, sans-serif; color: #000000; line-height: 1.3;\"><span style=\"font-family: arial, helvetica, sans-serif; color: #000000; line-height: 1.3;\">A \u00e1rea do im\u00f3vel n\u00e3o pode ser superior a 250 m\u00b2.<\/span><\/span><\/h4>\n<h4 style=\"font-weight: 400;\"><span style=\"font-size: 20px; font-family: arial, helvetica, sans-serif; color: #000000; line-height: 1.3;\"><span style=\"font-family: arial, helvetica, sans-serif; color: #000000; line-height: 1.3;\">O possuidor precisa morar no im\u00f3vel.<\/span><\/span><\/h4>\n<h4 style=\"font-weight: 400;\"><span style=\"font-size: 20px; font-family: arial, helvetica, sans-serif; color: #000000; line-height: 1.3;\"><span style=\"font-family: arial, helvetica, sans-serif; color: #000000; line-height: 1.3;\">O<\/span><span style=\"font-family: arial, helvetica, sans-serif; color: #000000; line-height: 1.3;\"> possuidor n\u00e3o pode ter outro im\u00f3vel.<\/span><\/span><\/h4>\n<p>&nbsp;<\/p>\n<h4 style=\"font-weight: 400; text-align: center;\"><span style=\"font-size: 20px; font-family: arial, helvetica, sans-serif; color: #000000; line-height: 1.3;\"><b><strong>Coletiva \u2013 Artigo 10 do Estatuto das Cidades (Lei 10.257\/2001)<\/strong><\/b><\/span><\/h4>\n<h4 style=\"font-weight: 400;\"><span style=\"font-size: 20px; font-family: arial, helvetica, sans-serif; color: #000000; line-height: 1.3;\">Serve apenas para \u00e1reas urbanas.<\/span><\/h4>\n<h4 style=\"font-weight: 400;\"><span style=\"font-size: 20px; font-family: arial, helvetica, sans-serif; color: #000000; line-height: 1.3;\">O im\u00f3vel deve estar ocupado por popula\u00e7\u00e3o de baixa renda, sendo que a mesma deve utilizar o mesmo para sua moradia durante um per\u00edodo m\u00ednimo de usucapi\u00e3o quantos anos, de 5 anos ininterruptos.<\/span><\/h4>\n<h4 style=\"font-weight: 400;\"><span style=\"font-size: 20px; font-family: arial, helvetica, sans-serif; color: #000000; line-height: 1.3;\">A \u00e1rea precisa ser superior a 250 m\u00b2.<\/span><\/h4>\n<h4 style=\"font-weight: 400;\"><span style=\"font-size: 20px; font-family: arial, helvetica, sans-serif; color: #000000; line-height: 1.3;\">N\u00e3o pode ser poss\u00edvel a identifica\u00e7\u00e3o dos terrenos ocupados por cada possuidor.<\/span><\/h4>\n<h4 style=\"font-weight: 400;\"><span style=\"font-size: 20px; font-family: arial, helvetica, sans-serif; color: #000000; line-height: 1.3;\">Os possuidores n\u00e3o podem serem propriet\u00e1rios de outros im\u00f3veis urbanos ou rurais.<\/span><\/h4>\n<p>&nbsp;<\/p>\n<h4 style=\"font-weight: 400; text-align: center;\"><span style=\"font-size: 20px; font-family: arial, helvetica, sans-serif; color: #000000; line-height: 1.3;\"><b><strong>Usucapi\u00e3o especial familiar \u2013 Artigo 1.240 &#8211; A do C\u00f3digo Civil<\/strong><\/b><\/span><\/h4>\n<h4 style=\"font-weight: 400;\"><span style=\"font-size: 20px; font-family: arial, helvetica, sans-serif; color: #000000; line-height: 1.3;\"><span style=\"font-family: arial, helvetica, sans-serif; color: #000000; line-height: 1.3;\">Um dos conjugues deve estabelecer posse exclusiva, ininterrupta por pelo menos 2 anos.<\/span><\/span><\/h4>\n<h4 style=\"font-weight: 400;\"><span style=\"font-size: 20px; font-family: arial, helvetica, sans-serif; color: #000000; line-height: 1.3;\"><span style=\"font-family: arial, helvetica, sans-serif; color: #000000; line-height: 1.3;\">O im\u00f3vel deve ser urbano e n\u00e3o pode possuir \u00e1rea superior a 250 m\u00b2.<\/span><\/span><\/h4>\n<h4 style=\"font-weight: 400;\"><span style=\"font-size: 20px; font-family: arial, helvetica, sans-serif; color: #000000; line-height: 1.3;\"><span style=\"font-family: arial, helvetica, sans-serif; color: #000000; line-height: 1.3;\">O ex-c\u00f4njuge ou ex-companheiro precisa ter abandonado o lar.<\/span><\/span><\/h4>\n<h4 style=\"font-weight: 400;\"><span style=\"font-size: 20px; font-family: arial, helvetica, sans-serif; color: #000000; line-height: 1.3;\"><span style=\"font-family: arial, helvetica, sans-serif; color: #000000; line-height: 1.3;\">O im\u00f3vel deve ser utilizado para moradia pr\u00f3pria ou de sua fam\u00edlia.<\/span><\/span><\/h4>\n<h4 style=\"font-weight: 400;\"><span style=\"font-size: 20px; font-family: arial, helvetica, sans-serif; color: #000000; line-height: 1.3;\"><span style=\"font-family: arial, helvetica, sans-serif; color: #000000; line-height: 1.3;\">O possuidor (a) n\u00e3o pode ser propriet\u00e1rio de outro im\u00f3vel.<\/span><\/span><\/h4>\n<p>&nbsp;<\/p>\n<p>&nbsp;<\/p>\n<h3 style=\"font-weight: 400; text-align: center;\"><span style=\"font-size: 20px; font-family: arial, helvetica, sans-serif; color: #000000; line-height: 1.3;\"><b><strong>Usucapi\u00e3o de bens m\u00f3veis<\/strong><\/b><\/span><\/h3>\n<p>\n<span style=\"font-size: 20px;\"><img decoding=\"async\" class=\"aligncenter wp-image-3552 size-large\" src=\"https:\/\/adenilsongiovanini.com.br\/blog\/wp-content\/uploads\/2019\/11\/usucapiao-de-bens-m\u00f3veis-780x483.jpg\" alt=\"usucapiao de bens m\u00f3veis\" width=\"780\" height=\"483\" srcset=\"https:\/\/adenilsongiovanini.com.br\/blog\/wp-content\/uploads\/2019\/11\/usucapiao-de-bens-m\u00f3veis-780x483.jpg 780w, https:\/\/adenilsongiovanini.com.br\/blog\/wp-content\/uploads\/2019\/11\/usucapiao-de-bens-m\u00f3veis-300x186.jpg 300w, https:\/\/adenilsongiovanini.com.br\/blog\/wp-content\/uploads\/2019\/11\/usucapiao-de-bens-m\u00f3veis-768x476.jpg 768w, https:\/\/adenilsongiovanini.com.br\/blog\/wp-content\/uploads\/2019\/11\/usucapiao-de-bens-m\u00f3veis.jpg 910w\" sizes=\"(max-width: 780px) 100vw, 780px\" \/><\/span><\/p>\n<h4 style=\"font-weight: 400;\"><\/h4>\n<h4 style=\"font-weight: 400;\"><span style=\"font-size: 20px; font-family: arial, helvetica, sans-serif; color: #000000;\"><strong>Usucapi\u00e3o ordin\u00e1ria \u2013 Artigo 1.260 do C\u00f3digo Civil.<\/strong><\/span><\/h4>\n<h4 style=\"font-weight: 400;\"><span style=\"font-size: 20px; font-family: arial, helvetica, sans-serif; color: #000000; line-height: 1.3;\">O solicitante deve possuir bem m\u00f3vel como seu, continua e incontestadamente durante um per\u00edodo de pelo menos 3 anos.<\/span><\/h4>\n<h4 style=\"font-weight: 400;\"><span style=\"font-size: 20px; font-family: arial, helvetica, sans-serif; color: #000000; line-height: 1.3;\">Tamb\u00e9m \u00e9 necess\u00e1rio que o mesmo possua justo t\u00edtulo e boa f\u00e9.<\/span><\/h4>\n<p>&nbsp;<\/p>\n<h4 style=\"font-weight: 400;\"><span style=\"font-size: 20px; font-family: arial, helvetica, sans-serif; color: #000000; line-height: 1.3;\"><b><strong>Usucapi\u00e3o extraordin\u00e1ria \u2013 C\u00f3digo Civil, artigo 1.261<\/strong><\/b><\/span><\/h4>\n<h4 style=\"font-weight: 400;\"><span style=\"font-size: 20px; font-family: arial, helvetica, sans-serif; color: #000000; line-height: 1.3;\"><span style=\"font-family: arial, helvetica, sans-serif;\">O solicitante deve ter a posse do bem m\u00f3vel por um per\u00edodo m\u00ednimo de usucapi\u00e3o quantos anos, 5 anos.<\/span><\/span><\/h4>\n<h4 style=\"font-weight: 400;\"><span style=\"font-size: 20px; font-family: arial, helvetica, sans-serif; color: #000000; line-height: 1.3;\"><span style=\"font-family: arial, helvetica, sans-serif; color: #000000; line-height: 1.3;\">Al\u00e9m disso, o mesmo n\u00e3o precisa ter justo t\u00edtulo e nem boa-f\u00e9.<\/span><\/span><\/h4>\n<p><span style=\"font-size: 20px; font-family: arial, helvetica, sans-serif; color: #000000; line-height: 1.3;\">Se voc\u00ea quer<strong> MERGULHAR FUNDO e aprender a prestar servi\u00e7os com grande velocidade e com seguran\u00e7a<\/strong>, <span style=\"color: #0000ff;\"><a style=\"color: #0000ff;\" href=\"https:\/\/adenilsongiovanini.com.br\/cursos-online\/\">acesse este link<\/a><\/span> e conhe\u00e7a os mesmos.<\/span><\/p>\n<p>&nbsp;<\/p>\n<p><span style=\"color: #000000;\"><span style=\"font-size: 20px; font-family: arial, helvetica, sans-serif; line-height: 1.3;\">Entre eles, o <span style=\"color: #0000ff;\"><a style=\"color: #0000ff;\" href=\"https:\/\/adenilsongiovanini.com.br\/curso-de-autocad-para-topografia\/\" target=\"_blank\" rel=\"noopener noreferrer\">Curso de Confec\u00e7\u00e3o de Plantas Topogr\u00e1ficas<\/a><\/span>. <span style=\"color: #000000;\">Um <\/span><\/span><span style=\"font-size: 20px; font-family: arial, helvetica, sans-serif; line-height: 1.3;\">curso pr\u00e1tico\u00a0<\/span><span style=\"font-size: 20px; font-family: arial, helvetica, sans-serif; line-height: 1.3;\">com o qual voc\u00ea vai <strong>aprender a produzir as 15 diferentes plantas produzidas em um escrit\u00f3rio de topografia<\/strong>.<\/span><\/span><\/p>\n<p><a href=\"https:\/\/adenilsongiovanini.com.br\/curso-de-autocad-para-topografia\/\" target=\"_blank\" rel=\"noopener noreferrer\"><img decoding=\"async\" class=\"aligncenter wp-image-31689\" src=\"https:\/\/adenilsongiovanini.com.br\/wp-content\/uploads\/2022\/07\/planta-de-topografia-1024x612.png\" alt=\"\" width=\"770\" height=\"460\" \/><\/a><\/p>\n<p><span style=\"font-family: arial, helvetica, sans-serif; font-size: 20px; color: #000000;\">Clique <a href=\"https:\/\/adenilsongiovanini.com.br\/curso-de-autocad-para-topografia\/\" target=\"_blank\" rel=\"noopener noreferrer\"><span style=\"color: #0000ff;\">neste link<\/span><\/a> e conhe\u00e7a melhor o mesmo.<\/span><\/p>\n<p>&nbsp;<\/p>\n<p><span style=\"font-family: arial, helvetica, sans-serif; font-size: 20px; color: #000000;\"> Gratid\u00e3o por voc\u00ea ter lido o artigo. \ud83d\ude4f<\/span><\/p>\n<p>&nbsp;<\/p>\n<p>&nbsp;<\/p>\n<h2 style=\"text-align: center;\"><span style=\"font-family: arial, helvetica, sans-serif; color: #000000; font-size: 24px;\"><strong>Domine a Topografia Cadastral atrav\u00e9s de um livro formado por centenas de exemplos pr\u00e1ticos <\/strong><\/span><\/h2>\n<h2 style=\"text-align: center;\"><span style=\"font-size: 20px;\"><a href=\"https:\/\/adenilsongiovanini.com.br\/georreferenciamento-de-imoveis-rurais-na-pratica\/\" rel=\"nofollow noreferrer\"><img decoding=\"async\" class=\"aligncenter size-large wp-image-19317\" src=\"https:\/\/adenilsongiovanini.com.br\/blog\/wp-content\/uploads\/2021\/04\/livro-de-topografia-e-georreferenciamento-1024x474.png\" sizes=\"(max-width: 1024px) 100vw, 1024px\" srcset=\"https:\/\/adenilsongiovanini.com.br\/blog\/wp-content\/uploads\/2021\/04\/livro-de-topografia-e-georreferenciamento-1024x474.png 1024w, https:\/\/adenilsongiovanini.com.br\/blog\/wp-content\/uploads\/2021\/04\/livro-de-topografia-e-georreferenciamento-300x139.png 300w, https:\/\/adenilsongiovanini.com.br\/blog\/wp-content\/uploads\/2021\/04\/livro-de-topografia-e-georreferenciamento-768x355.png 768w, https:\/\/adenilsongiovanini.com.br\/blog\/wp-content\/uploads\/2021\/04\/livro-de-topografia-e-georreferenciamento-1536x711.png 1536w, https:\/\/adenilsongiovanini.com.br\/blog\/wp-content\/uploads\/2021\/04\/livro-de-topografia-e-georreferenciamento-320x148.png 320w, https:\/\/adenilsongiovanini.com.br\/blog\/wp-content\/uploads\/2021\/04\/livro-de-topografia-e-georreferenciamento-640x296.png 640w, https:\/\/adenilsongiovanini.com.br\/blog\/wp-content\/uploads\/2021\/04\/livro-de-topografia-e-georreferenciamento-360x167.png 360w, https:\/\/adenilsongiovanini.com.br\/blog\/wp-content\/uploads\/2021\/04\/livro-de-topografia-e-georreferenciamento-720x333.png 720w, https:\/\/adenilsongiovanini.com.br\/blog\/wp-content\/uploads\/2021\/04\/livro-de-topografia-e-georreferenciamento-1080x500.png 1080w, https:\/\/adenilsongiovanini.com.br\/blog\/wp-content\/uploads\/2021\/04\/livro-de-topografia-e-georreferenciamento-800x370.png 800w, https:\/\/adenilsongiovanini.com.br\/blog\/wp-content\/uploads\/2021\/04\/livro-de-topografia-e-georreferenciamento-1280x592.png 1280w, https:\/\/adenilsongiovanini.com.br\/blog\/wp-content\/uploads\/2021\/04\/livro-de-topografia-e-georreferenciamento.png 1565w\" alt=\"livro de topografia e georreferenciamento\" width=\"1024\" height=\"474\" \/><\/a><\/span><\/h2>\n<p><span style=\"font-family: arial, helvetica, sans-serif; font-size: 20px; color: #000000;\">Voc\u00ea quer dominar a Topografia Cadastral?<\/span><\/p>\n<p><span style=\"font-family: arial, helvetica, sans-serif; font-size: 20px; color: #000000;\">Ent\u00e3o eu tenho uma \u00f3tima noticia para voc\u00ea. Me refiro ao <span style=\"color: #0000ff;\"><a style=\"color: #0000ff;\" href=\"https:\/\/adenilsongiovanini.com.br\/georreferenciamento-de-imoveis-rurais-na-pratica\/\" rel=\"nofollow noreferrer\">livro Topografia Cadastral e Georreferenciamento de Im\u00f3veis Rurais na Pr\u00e1tica<\/a><\/span>.<\/span><\/p>\n<p><span style=\"font-size: 20px;\"><span style=\"font-family: arial, helvetica, sans-serif; color: #000000;\">O mesmo \u00e9 dividido em 10 cap\u00edtulos recheados com muitos estudos de caso e exemplos pr\u00e1ticos. D\u00ea uma espiadinha no sum\u00e1rio do mesmo:<\/span><\/span><\/p>\n<p>&nbsp;<\/p>\n<p><center><iframe width=\"99%\" height=\"980\" src=\"https:\/\/drive.google.com\/file\/d\/1HJ8fZz1PvPmftfXHJNFTvIBBzY_FZhPJ\/preview\"><span data-mce-type=\"bookmark\" style=\"display: inline-block; width: 0px; overflow: hidden; line-height: 0;\" class=\"mce_SELRES_start\">\ufeff<\/span><\/iframe><\/center><\/p>\n<p>&nbsp;<\/p>\n<p><span style=\"font-size: 20px;\"><span style=\"font-family: arial, helvetica, sans-serif; color: #000000;\">Para conhecer melhor a estrutura do livro, juntar-se a mais de 800 profissionais e adquirir sua c\u00f3pia \u00e9 s\u00f3 clicar no bot\u00e3o abaixo:<\/span><\/span><\/p>\n<p>&nbsp;<\/p>\n<p><span style=\"color: #000000; font-size: 20px;\"><div class=\"su-button-center\"><a href=\"https:\/\/adenilsongiovanini.com.br\/georreferenciamento-de-imoveis-rurais-na-pratica\/\" class=\"su-button su-button-style-3d\" style=\"color:#000000;background-color:#2BCC2F;border-color:#23a426;border-radius:9px\" target=\"_blank\" rel=\"nofollow\" id=\"1\"><span style=\"color:#000000;padding:0px 24px;font-size:18px;line-height:36px;border-color:#6bdc6e;border-radius:9px;text-shadow:0px 0px 0px #000000\"> \u279c Quero Conhecer Melhor o Livro, Pois Quero e Preciso Aprender Mais Sobre Legisla\u00e7\u00e3o Cadastral e Geo. de Im\u00f3veis Rurais<\/span><\/a><\/div><\/span><\/p>\n<p>&nbsp;<\/p>\n<p>&nbsp;<\/p>\n","protected":false},"excerpt":{"rendered":"<p>Usucapi\u00e3o quantos anos: Este \u00e9 um termo muito pesquisado no Google. Por causa disso, eu decidi produzir este artigo com um resumo dos diferentes tipos de usucapi\u00e3o e de quantos anos s\u00e3o necess\u00e1rios em cada modalidade. &nbsp; Usucapi\u00e3o quantos anos &#8211; O Direito de usucapir No que se refere ao [&hellip;]<\/p>\n","protected":false},"author":1,"featured_media":3549,"comment_status":"closed","ping_status":"closed","sticky":false,"template":"","format":"standard","meta":{"_monsterinsights_skip_tracking":false,"_monsterinsights_sitenote_active":false,"_monsterinsights_sitenote_note":"","_monsterinsights_sitenote_category":0,"footnotes":""},"categories":[34],"tags":[],"class_list":["post-3545","post","type-post","status-publish","format-standard","has-post-thumbnail","hentry","category-usucapiao"],"yoast_head":"<!-- This site is optimized with the Yoast SEO plugin v26.5 - https:\/\/yoast.com\/wordpress\/plugins\/seo\/ -->\n<title>Usucapi\u00e3o Quantos Anos? - Adenilson Giovanini<\/title>\n<meta name=\"description\" content=\"usucapi\u00e3o quantos anos:tudo que voc\u00ea precisa saber a respeito dos diferentes tipos de usucapi\u00e3o e de seus respectivos prazos.\" \/>\n<meta name=\"robots\" content=\"index, follow, max-snippet:-1, max-image-preview:large, max-video-preview:-1\" \/>\n<link rel=\"canonical\" href=\"https:\/\/adenilsongiovanini.com.br\/blog\/usucapiao-quantos-anos-duvida-respondida\/\" \/>\n<meta property=\"og:locale\" content=\"pt_BR\" \/>\n<meta property=\"og:type\" content=\"article\" \/>\n<meta property=\"og:title\" content=\"Usucapi\u00e3o Quantos Anos? - Adenilson Giovanini\" \/>\n<meta property=\"og:description\" content=\"usucapi\u00e3o quantos anos:tudo que voc\u00ea precisa saber a respeito dos diferentes tipos de usucapi\u00e3o e de seus respectivos prazos.\" \/>\n<meta property=\"og:url\" content=\"https:\/\/adenilsongiovanini.com.br\/blog\/usucapiao-quantos-anos-duvida-respondida\/\" \/>\n<meta property=\"og:site_name\" content=\"Adenilson Giovanini\" \/>\n<meta property=\"article:publisher\" content=\"https:\/\/www.facebook.com\/otopografo\/\" \/>\n<meta property=\"article:author\" content=\"https:\/\/www.facebook.com\/otopografo\/\" \/>\n<meta property=\"article:published_time\" content=\"2019-11-27T13:13:42+00:00\" \/>\n<meta property=\"article:modified_time\" content=\"2022-08-03T11:40:12+00:00\" \/>\n<meta property=\"og:image\" content=\"https:\/\/adenilsongiovanini.com.br\/blog\/wp-content\/uploads\/2019\/11\/usucapi\u00e3o-quantos-anos.jpg\" \/>\n\t<meta property=\"og:image:width\" content=\"750\" \/>\n\t<meta property=\"og:image:height\" content=\"360\" \/>\n\t<meta property=\"og:image:type\" content=\"image\/jpeg\" \/>\n<meta name=\"author\" content=\"Adenilson Giovanini\" \/>\n<meta name=\"twitter:card\" content=\"summary_large_image\" \/>\n<meta name=\"twitter:label1\" content=\"Escrito por\" \/>\n\t<meta name=\"twitter:data1\" content=\"Adenilson Giovanini\" \/>\n\t<meta name=\"twitter:label2\" content=\"Est. tempo de leitura\" \/>\n\t<meta name=\"twitter:data2\" content=\"7 minutos\" \/>\n<script type=\"application\/ld+json\" class=\"yoast-schema-graph\">{\"@context\":\"https:\/\/schema.org\",\"@graph\":[{\"@type\":\"Article\",\"@id\":\"https:\/\/adenilsongiovanini.com.br\/blog\/usucapiao-quantos-anos-duvida-respondida\/#article\",\"isPartOf\":{\"@id\":\"https:\/\/adenilsongiovanini.com.br\/blog\/usucapiao-quantos-anos-duvida-respondida\/\"},\"author\":{\"name\":\"Adenilson Giovanini\",\"@id\":\"https:\/\/adenilsongiovanini.com.br\/blog\/#\/schema\/person\/9c1daa7da73c116aae2cb0568d1daa23\"},\"headline\":\"Usucapi\u00e3o Quantos Anos?\",\"datePublished\":\"2019-11-27T13:13:42+00:00\",\"dateModified\":\"2022-08-03T11:40:12+00:00\",\"mainEntityOfPage\":{\"@id\":\"https:\/\/adenilsongiovanini.com.br\/blog\/usucapiao-quantos-anos-duvida-respondida\/\"},\"wordCount\":1211,\"publisher\":{\"@id\":\"https:\/\/adenilsongiovanini.com.br\/blog\/#\/schema\/person\/9c1daa7da73c116aae2cb0568d1daa23\"},\"image\":{\"@id\":\"https:\/\/adenilsongiovanini.com.br\/blog\/usucapiao-quantos-anos-duvida-respondida\/#primaryimage\"},\"thumbnailUrl\":\"https:\/\/adenilsongiovanini.com.br\/blog\/wp-content\/uploads\/2019\/11\/usucapi\u00e3o-quantos-anos.jpg\",\"articleSection\":[\"Usucapi\u00e3o\"],\"inLanguage\":\"pt-BR\"},{\"@type\":\"WebPage\",\"@id\":\"https:\/\/adenilsongiovanini.com.br\/blog\/usucapiao-quantos-anos-duvida-respondida\/\",\"url\":\"https:\/\/adenilsongiovanini.com.br\/blog\/usucapiao-quantos-anos-duvida-respondida\/\",\"name\":\"Usucapi\u00e3o Quantos Anos? - Adenilson Giovanini\",\"isPartOf\":{\"@id\":\"https:\/\/adenilsongiovanini.com.br\/blog\/#website\"},\"primaryImageOfPage\":{\"@id\":\"https:\/\/adenilsongiovanini.com.br\/blog\/usucapiao-quantos-anos-duvida-respondida\/#primaryimage\"},\"image\":{\"@id\":\"https:\/\/adenilsongiovanini.com.br\/blog\/usucapiao-quantos-anos-duvida-respondida\/#primaryimage\"},\"thumbnailUrl\":\"https:\/\/adenilsongiovanini.com.br\/blog\/wp-content\/uploads\/2019\/11\/usucapi\u00e3o-quantos-anos.jpg\",\"datePublished\":\"2019-11-27T13:13:42+00:00\",\"dateModified\":\"2022-08-03T11:40:12+00:00\",\"description\":\"usucapi\u00e3o quantos anos:tudo que voc\u00ea precisa saber a respeito dos diferentes tipos de usucapi\u00e3o e de seus respectivos prazos.\",\"breadcrumb\":{\"@id\":\"https:\/\/adenilsongiovanini.com.br\/blog\/usucapiao-quantos-anos-duvida-respondida\/#breadcrumb\"},\"inLanguage\":\"pt-BR\",\"potentialAction\":[{\"@type\":\"ReadAction\",\"target\":[\"https:\/\/adenilsongiovanini.com.br\/blog\/usucapiao-quantos-anos-duvida-respondida\/\"]}]},{\"@type\":\"ImageObject\",\"inLanguage\":\"pt-BR\",\"@id\":\"https:\/\/adenilsongiovanini.com.br\/blog\/usucapiao-quantos-anos-duvida-respondida\/#primaryimage\",\"url\":\"https:\/\/adenilsongiovanini.com.br\/blog\/wp-content\/uploads\/2019\/11\/usucapi\u00e3o-quantos-anos.jpg\",\"contentUrl\":\"https:\/\/adenilsongiovanini.com.br\/blog\/wp-content\/uploads\/2019\/11\/usucapi\u00e3o-quantos-anos.jpg\",\"width\":750,\"height\":360},{\"@type\":\"BreadcrumbList\",\"@id\":\"https:\/\/adenilsongiovanini.com.br\/blog\/usucapiao-quantos-anos-duvida-respondida\/#breadcrumb\",\"itemListElement\":[{\"@type\":\"ListItem\",\"position\":1,\"name\":\"Home\",\"item\":\"https:\/\/adenilsongiovanini.com.br\/blog\/\"},{\"@type\":\"ListItem\",\"position\":2,\"name\":\"Usucapi\u00e3o Quantos Anos?\"}]},{\"@type\":\"WebSite\",\"@id\":\"https:\/\/adenilsongiovanini.com.br\/blog\/#website\",\"url\":\"https:\/\/adenilsongiovanini.com.br\/blog\/\",\"name\":\"Adenilson Giovanini\",\"description\":\"Topografia e Geotecnologias\",\"publisher\":{\"@id\":\"https:\/\/adenilsongiovanini.com.br\/blog\/#\/schema\/person\/9c1daa7da73c116aae2cb0568d1daa23\"},\"potentialAction\":[{\"@type\":\"SearchAction\",\"target\":{\"@type\":\"EntryPoint\",\"urlTemplate\":\"https:\/\/adenilsongiovanini.com.br\/blog\/?s={search_term_string}\"},\"query-input\":{\"@type\":\"PropertyValueSpecification\",\"valueRequired\":true,\"valueName\":\"search_term_string\"}}],\"inLanguage\":\"pt-BR\"},{\"@type\":[\"Person\",\"Organization\"],\"@id\":\"https:\/\/adenilsongiovanini.com.br\/blog\/#\/schema\/person\/9c1daa7da73c116aae2cb0568d1daa23\",\"name\":\"Adenilson Giovanini\",\"image\":{\"@type\":\"ImageObject\",\"inLanguage\":\"pt-BR\",\"@id\":\"https:\/\/adenilsongiovanini.com.br\/blog\/#\/schema\/person\/image\/\",\"url\":\"https:\/\/adenilsongiovanini.com.br\/blog\/wp-content\/litespeed\/avatar\/be8f4de5c0b8a93c57a4f29cbf2f1e92.jpg?ver=1777130135\",\"contentUrl\":\"https:\/\/adenilsongiovanini.com.br\/blog\/wp-content\/litespeed\/avatar\/be8f4de5c0b8a93c57a4f29cbf2f1e92.jpg?ver=1777130135\",\"caption\":\"Adenilson Giovanini\"},\"logo\":{\"@id\":\"https:\/\/adenilsongiovanini.com.br\/blog\/#\/schema\/person\/image\/\"},\"description\":\"O Professor Adenilson Giovanini \u00e9 especialista em Topografia Cadastral e Georreferenciamento de Im\u00f3veis Rurais. O mesmo possui o Maior Site de Engenharia de Agrimensura do Brasil. Site este que tem mais de 102.000 visualiza\u00e7\u00f5es por m\u00eas. Tamb\u00e9m possui mais de 600 v\u00eddeos em seu canal no youtube. Al\u00e9m disso, \u00e9 escritor Best Seller, possuindo v\u00e1rios cursos e livros de sucesso.\",\"sameAs\":[\"http:\/\/adenilsongiovanini.com.br\",\"https:\/\/www.facebook.com\/otopografo\/\",\"https:\/\/www.instagram.com\/adenilson_giovanini\/\",\"https:\/\/www.linkedin.com\/in\/adenilson-giovanini-819b8035\/\",\"https:\/\/br.pinterest.com\/adenilsongiovanini\/\",\"https:\/\/www.youtube.com\/channel\/uce-br7ghiuog2txcsdx5vrw\"]}]}<\/script>\n<!-- \/ Yoast SEO plugin. -->","yoast_head_json":{"title":"Usucapi\u00e3o Quantos Anos? - Adenilson Giovanini","description":"usucapi\u00e3o quantos anos:tudo que voc\u00ea precisa saber a respeito dos diferentes tipos de usucapi\u00e3o e de seus respectivos prazos.","robots":{"index":"index","follow":"follow","max-snippet":"max-snippet:-1","max-image-preview":"max-image-preview:large","max-video-preview":"max-video-preview:-1"},"canonical":"https:\/\/adenilsongiovanini.com.br\/blog\/usucapiao-quantos-anos-duvida-respondida\/","og_locale":"pt_BR","og_type":"article","og_title":"Usucapi\u00e3o Quantos Anos? - Adenilson Giovanini","og_description":"usucapi\u00e3o quantos anos:tudo que voc\u00ea precisa saber a respeito dos diferentes tipos de usucapi\u00e3o e de seus respectivos prazos.","og_url":"https:\/\/adenilsongiovanini.com.br\/blog\/usucapiao-quantos-anos-duvida-respondida\/","og_site_name":"Adenilson Giovanini","article_publisher":"https:\/\/www.facebook.com\/otopografo\/","article_author":"https:\/\/www.facebook.com\/otopografo\/","article_published_time":"2019-11-27T13:13:42+00:00","article_modified_time":"2022-08-03T11:40:12+00:00","og_image":[{"width":750,"height":360,"url":"https:\/\/adenilsongiovanini.com.br\/blog\/wp-content\/uploads\/2019\/11\/usucapi\u00e3o-quantos-anos.jpg","type":"image\/jpeg"}],"author":"Adenilson Giovanini","twitter_card":"summary_large_image","twitter_misc":{"Escrito por":"Adenilson Giovanini","Est. tempo de leitura":"7 minutos"},"schema":{"@context":"https:\/\/schema.org","@graph":[{"@type":"Article","@id":"https:\/\/adenilsongiovanini.com.br\/blog\/usucapiao-quantos-anos-duvida-respondida\/#article","isPartOf":{"@id":"https:\/\/adenilsongiovanini.com.br\/blog\/usucapiao-quantos-anos-duvida-respondida\/"},"author":{"name":"Adenilson Giovanini","@id":"https:\/\/adenilsongiovanini.com.br\/blog\/#\/schema\/person\/9c1daa7da73c116aae2cb0568d1daa23"},"headline":"Usucapi\u00e3o Quantos Anos?","datePublished":"2019-11-27T13:13:42+00:00","dateModified":"2022-08-03T11:40:12+00:00","mainEntityOfPage":{"@id":"https:\/\/adenilsongiovanini.com.br\/blog\/usucapiao-quantos-anos-duvida-respondida\/"},"wordCount":1211,"publisher":{"@id":"https:\/\/adenilsongiovanini.com.br\/blog\/#\/schema\/person\/9c1daa7da73c116aae2cb0568d1daa23"},"image":{"@id":"https:\/\/adenilsongiovanini.com.br\/blog\/usucapiao-quantos-anos-duvida-respondida\/#primaryimage"},"thumbnailUrl":"https:\/\/adenilsongiovanini.com.br\/blog\/wp-content\/uploads\/2019\/11\/usucapi\u00e3o-quantos-anos.jpg","articleSection":["Usucapi\u00e3o"],"inLanguage":"pt-BR"},{"@type":"WebPage","@id":"https:\/\/adenilsongiovanini.com.br\/blog\/usucapiao-quantos-anos-duvida-respondida\/","url":"https:\/\/adenilsongiovanini.com.br\/blog\/usucapiao-quantos-anos-duvida-respondida\/","name":"Usucapi\u00e3o Quantos Anos? - Adenilson Giovanini","isPartOf":{"@id":"https:\/\/adenilsongiovanini.com.br\/blog\/#website"},"primaryImageOfPage":{"@id":"https:\/\/adenilsongiovanini.com.br\/blog\/usucapiao-quantos-anos-duvida-respondida\/#primaryimage"},"image":{"@id":"https:\/\/adenilsongiovanini.com.br\/blog\/usucapiao-quantos-anos-duvida-respondida\/#primaryimage"},"thumbnailUrl":"https:\/\/adenilsongiovanini.com.br\/blog\/wp-content\/uploads\/2019\/11\/usucapi\u00e3o-quantos-anos.jpg","datePublished":"2019-11-27T13:13:42+00:00","dateModified":"2022-08-03T11:40:12+00:00","description":"usucapi\u00e3o quantos anos:tudo que voc\u00ea precisa saber a respeito dos diferentes tipos de usucapi\u00e3o e de seus respectivos prazos.","breadcrumb":{"@id":"https:\/\/adenilsongiovanini.com.br\/blog\/usucapiao-quantos-anos-duvida-respondida\/#breadcrumb"},"inLanguage":"pt-BR","potentialAction":[{"@type":"ReadAction","target":["https:\/\/adenilsongiovanini.com.br\/blog\/usucapiao-quantos-anos-duvida-respondida\/"]}]},{"@type":"ImageObject","inLanguage":"pt-BR","@id":"https:\/\/adenilsongiovanini.com.br\/blog\/usucapiao-quantos-anos-duvida-respondida\/#primaryimage","url":"https:\/\/adenilsongiovanini.com.br\/blog\/wp-content\/uploads\/2019\/11\/usucapi\u00e3o-quantos-anos.jpg","contentUrl":"https:\/\/adenilsongiovanini.com.br\/blog\/wp-content\/uploads\/2019\/11\/usucapi\u00e3o-quantos-anos.jpg","width":750,"height":360},{"@type":"BreadcrumbList","@id":"https:\/\/adenilsongiovanini.com.br\/blog\/usucapiao-quantos-anos-duvida-respondida\/#breadcrumb","itemListElement":[{"@type":"ListItem","position":1,"name":"Home","item":"https:\/\/adenilsongiovanini.com.br\/blog\/"},{"@type":"ListItem","position":2,"name":"Usucapi\u00e3o Quantos Anos?"}]},{"@type":"WebSite","@id":"https:\/\/adenilsongiovanini.com.br\/blog\/#website","url":"https:\/\/adenilsongiovanini.com.br\/blog\/","name":"Adenilson Giovanini","description":"Topografia e Geotecnologias","publisher":{"@id":"https:\/\/adenilsongiovanini.com.br\/blog\/#\/schema\/person\/9c1daa7da73c116aae2cb0568d1daa23"},"potentialAction":[{"@type":"SearchAction","target":{"@type":"EntryPoint","urlTemplate":"https:\/\/adenilsongiovanini.com.br\/blog\/?s={search_term_string}"},"query-input":{"@type":"PropertyValueSpecification","valueRequired":true,"valueName":"search_term_string"}}],"inLanguage":"pt-BR"},{"@type":["Person","Organization"],"@id":"https:\/\/adenilsongiovanini.com.br\/blog\/#\/schema\/person\/9c1daa7da73c116aae2cb0568d1daa23","name":"Adenilson Giovanini","image":{"@type":"ImageObject","inLanguage":"pt-BR","@id":"https:\/\/adenilsongiovanini.com.br\/blog\/#\/schema\/person\/image\/","url":"https:\/\/adenilsongiovanini.com.br\/blog\/wp-content\/litespeed\/avatar\/be8f4de5c0b8a93c57a4f29cbf2f1e92.jpg?ver=1777130135","contentUrl":"https:\/\/adenilsongiovanini.com.br\/blog\/wp-content\/litespeed\/avatar\/be8f4de5c0b8a93c57a4f29cbf2f1e92.jpg?ver=1777130135","caption":"Adenilson Giovanini"},"logo":{"@id":"https:\/\/adenilsongiovanini.com.br\/blog\/#\/schema\/person\/image\/"},"description":"O Professor Adenilson Giovanini \u00e9 especialista em Topografia Cadastral e Georreferenciamento de Im\u00f3veis Rurais. O mesmo possui o Maior Site de Engenharia de Agrimensura do Brasil. Site este que tem mais de 102.000 visualiza\u00e7\u00f5es por m\u00eas. Tamb\u00e9m possui mais de 600 v\u00eddeos em seu canal no youtube. Al\u00e9m disso, \u00e9 escritor Best Seller, possuindo v\u00e1rios cursos e livros de sucesso.","sameAs":["http:\/\/adenilsongiovanini.com.br","https:\/\/www.facebook.com\/otopografo\/","https:\/\/www.instagram.com\/adenilson_giovanini\/","https:\/\/www.linkedin.com\/in\/adenilson-giovanini-819b8035\/","https:\/\/br.pinterest.com\/adenilsongiovanini\/","https:\/\/www.youtube.com\/channel\/uce-br7ghiuog2txcsdx5vrw"]}]}},"amp_enabled":true,"_links":{"self":[{"href":"https:\/\/adenilsongiovanini.com.br\/blog\/wp-json\/wp\/v2\/posts\/3545","targetHints":{"allow":["GET"]}}],"collection":[{"href":"https:\/\/adenilsongiovanini.com.br\/blog\/wp-json\/wp\/v2\/posts"}],"about":[{"href":"https:\/\/adenilsongiovanini.com.br\/blog\/wp-json\/wp\/v2\/types\/post"}],"author":[{"embeddable":true,"href":"https:\/\/adenilsongiovanini.com.br\/blog\/wp-json\/wp\/v2\/users\/1"}],"replies":[{"embeddable":true,"href":"https:\/\/adenilsongiovanini.com.br\/blog\/wp-json\/wp\/v2\/comments?post=3545"}],"version-history":[{"count":0,"href":"https:\/\/adenilsongiovanini.com.br\/blog\/wp-json\/wp\/v2\/posts\/3545\/revisions"}],"wp:featuredmedia":[{"embeddable":true,"href":"https:\/\/adenilsongiovanini.com.br\/blog\/wp-json\/wp\/v2\/media\/3549"}],"wp:attachment":[{"href":"https:\/\/adenilsongiovanini.com.br\/blog\/wp-json\/wp\/v2\/media?parent=3545"}],"wp:term":[{"taxonomy":"category","embeddable":true,"href":"https:\/\/adenilsongiovanini.com.br\/blog\/wp-json\/wp\/v2\/categories?post=3545"},{"taxonomy":"post_tag","embeddable":true,"href":"https:\/\/adenilsongiovanini.com.br\/blog\/wp-json\/wp\/v2\/tags?post=3545"}],"curies":[{"name":"wp","href":"https:\/\/api.w.org\/{rel}","templated":true}]}}