{"id":35409,"date":"2022-10-11T19:58:49","date_gmt":"2022-10-11T19:58:49","guid":{"rendered":"https:\/\/adenilsongiovanini.com.br\/blog\/?p=35409"},"modified":"2022-10-12T11:37:56","modified_gmt":"2022-10-12T11:37:56","slug":"levantamento-planialtimetrico-com-rtk","status":"publish","type":"post","link":"https:\/\/adenilsongiovanini.com.br\/blog\/levantamento-planialtimetrico-com-rtk\/","title":{"rendered":"Levantamento Planialtim\u00e9trico Com RTK?"},"content":{"rendered":"<p><span style=\"font-family: arial, helvetica, sans-serif; font-size: 20px; color: #000000;\"><strong>Levantamento planialtim\u00e9trico com RTK<\/strong>, voc\u00ea acabou de colocar suas 2 m\u00e3os em um artigo definitivo a respeito do tema.<\/span><\/p>\n<p><span style=\"font-family: arial, helvetica, sans-serif; font-size: 20px; color: #000000;\">Com a leitura do mesmo voc\u00ea aprender\u00e1:<\/span><\/p>\n<ul>\n<li><span style=\"font-family: arial, helvetica, sans-serif; font-size: 20px; color: #000000;\">O que \u00e9 o <strong>levantamento planialtim\u00e9trico com RTK<\/strong>;<\/span><\/li>\n<li><span style=\"font-family: arial, helvetica, sans-serif; font-size: 20px; color: #000000;\"> Qual o objetivo do mesmo e;<\/span><\/li>\n<li><span style=\"font-family: arial, helvetica, sans-serif; font-size: 20px; color: #000000;\">Quais os produtos oriundos da planialtimetria com RTK<\/span><span style=\"font-family: arial, helvetica, sans-serif; font-size: 20px; color: #000000;\">.<\/span><\/li>\n<\/ul>\n<p><span style=\"font-family: arial, helvetica, sans-serif; font-size: 20px; color: #000000;\">Prossiga a leitura com m\u00e1xima aten\u00e7\u00e3o.<\/span><\/p>\n<p>&nbsp;<\/p>\n<p>&nbsp;<\/p>\n<h2 style=\"text-align: center;\"><strong><span style=\"font-family: arial, helvetica, sans-serif; font-size: 24px; color: #000000;\">O Que \u00e9 Um Levantamento Planialtim\u00e9trico Com RTK?<\/span><\/strong><\/h2>\n<p><img decoding=\"async\" class=\"aligncenter size-large wp-image-4522\" src=\"https:\/\/adenilsongiovanini.com.br\/blog\/wp-content\/uploads\/2019\/12\/aprenda-a-produzir-mapa-planialtim\u00e9trico-1024x571.jpg\" alt=\"levantamento planialtim\u00e9trico com RTK\" width=\"1024\" height=\"571\" \/><\/p>\n<p><span style=\"font-family: arial, helvetica, sans-serif; font-size: 20px; color: #000000;\">O <em><strong>levantamento planialtim\u00e9trico com RTK<\/strong><\/em> nada mais \u00e9 do que um levantamento planialtim\u00e9trico no qual o mapeamento dos dados foi feito com a <span style=\"color: #0000ff;\"><a href=\"https:\/\/adenilsongiovanini.com.br\/blog\/rtk-para-topografia\/\" style=\"color: #0000ff;\">utiliza\u00e7\u00e3o de um kit RTK<\/a><\/span>.<\/span><\/p>\n<p><span style=\"font-family: arial, helvetica, sans-serif; font-size: 20px; color: #000000;\">Como este tipo de levantamento planialtim\u00e9trico envolve ci\u00eancias especificas, os dados precisar\u00e3o passar por tratamentos diferenciados.<\/span><\/p>\n<p><span style=\"font-family: arial, helvetica, sans-serif; font-size: 20px; color: #000000;\">Antes de mergulharmos mais fundo nesta tem\u00e1tica, vamos entender melhor o que \u00e9 um levantamento topogr\u00e1fico planialtim\u00e9trico e quais os 6 tipos existentes.<\/span><\/p>\n<p>&nbsp;<\/p>\n<p>&nbsp;<\/p>\n<h2 style=\"text-align: center;\"><span style=\"font-size: 24px;\"><strong><span style=\"font-family: arial, helvetica, sans-serif; color: #000000;\">Os 2 Tipos de Levantamento Planialtim\u00e9trico Existentes<\/span><\/strong><\/span><\/h2>\n<p><img decoding=\"async\" src=\"https:\/\/adenilsongiovanini.com.br\/blog\/wp-content\/uploads\/2022\/10\/cursos-agrimensura-780x465.png\" alt=\"tipos de levantamento planialtim\u00e9trico com RTK\" width=\"750\" height=\"447\" class=\"aligncenter size-large wp-image-35397\" srcset=\"https:\/\/adenilsongiovanini.com.br\/blog\/wp-content\/uploads\/2022\/10\/cursos-agrimensura-780x465.png 780w, https:\/\/adenilsongiovanini.com.br\/blog\/wp-content\/uploads\/2022\/10\/cursos-agrimensura-300x179.png 300w, https:\/\/adenilsongiovanini.com.br\/blog\/wp-content\/uploads\/2022\/10\/cursos-agrimensura-768x458.png 768w, https:\/\/adenilsongiovanini.com.br\/blog\/wp-content\/uploads\/2022\/10\/cursos-agrimensura.png 1364w\" sizes=\"(max-width: 750px) 100vw, 750px\" \/><\/p>\n<p><span style=\"font-family: arial, helvetica, sans-serif; font-size: 20px; color: #000000;\">O levantamento planialtim\u00e9trico \u00e9 um dos 6 diferentes tipos de <span style=\"color: #0000ff;\"><a style=\"color: #0000ff;\" href=\"https:\/\/adenilsongiovanini.com.br\/blog\/levantamento-topografico-o-que-e-porque-e-como-fazer\/\">levantamentos topogr\u00e1ficos<\/a><\/span> presentes na <span style=\"color: #0000ff;\"><a style=\"color: #0000ff;\" href=\"http:\/\/www.carto.eng.uerj.br\/cdecart\/download\/NBR13133.pdf\">NBR 13.133<\/a>.<\/span> <\/span><span style=\"font-family: arial, helvetica, sans-serif; font-size: 20px; color: #000000;\">S\u00e3o eles:<\/span><\/p>\n<ul>\n<li><span style=\"color: #0000ff; font-family: arial, helvetica, sans-serif; font-size: 20px;\"><a style=\"color: #0000ff;\" href=\"https:\/\/adenilsongiovanini.com.br\/blog\/levantamento-topografico-expedito\/\">Levantamento topogr\u00e1fico expedito<\/a><span style=\"color: #000000;\">;<\/span><\/span><\/li>\n<li><span style=\"color: #0000ff; font-family: arial, helvetica, sans-serif; font-size: 20px;\"><a style=\"color: #0000ff;\" href=\"https:\/\/adenilsongiovanini.com.br\/blog\/levantamento-topografico-planimetrico\/\">Levantamento topogr\u00e1fico planim\u00e9trico<\/a><span style=\"color: #000000;\"> (ou levantamento planim\u00e9trico, ou levantamento perim\u00e9trico)<\/span>;<\/span><\/li>\n<li><span style=\"color: #0000ff; font-family: arial, helvetica, sans-serif; font-size: 20px;\"><a style=\"color: #0000ff;\" href=\"https:\/\/adenilsongiovanini.com.br\/blog\/levantamento-topografico-altimetrico-o-que-e\/\">Levantamento topogr\u00e1fico altim\u00e9trico<\/a> <span style=\"color: #000000;\">(ou nivelamento);<\/span><\/span><\/li>\n<li><span style=\"color: #0000ff; font-family: arial, helvetica, sans-serif; font-size: 20px;\"><a style=\"color: #0000ff;\" href=\"https:\/\/adenilsongiovanini.com.br\/blog\/levantamento-topografico-planialtimetrico\/\">Levantamento topogr\u00e1fico planialtim\u00e9trico<\/a><span style=\"color: #000000;\">;<\/span><\/span><\/li>\n<li><span style=\"color: #0000ff; font-family: arial, helvetica, sans-serif; font-size: 20px;\"><a style=\"color: #0000ff;\" href=\"https:\/\/adenilsongiovanini.com.br\/blog\/levantamento-planimetrico-cadastral\/\">Levantamento topogr\u00e1fico planim\u00e9trico cadastral<\/a> <span style=\"color: #000000;\">e;<\/span><\/span><\/li>\n<li><span style=\"color: #0000ff; font-family: arial, helvetica, sans-serif; font-size: 20px;\"><a style=\"color: #0000ff;\" href=\"https:\/\/adenilsongiovanini.com.br\/blog\/levantamento-planialtimetrico-cadastral-o-que-e-e-quando-utilizar\/\">Levantamento topogr\u00e1fico planialtim\u00e9trico cadastral<\/a><span style=\"color: #000000;\">.<\/span><\/span><\/li>\n<\/ul>\n<p><span style=\"font-family: arial, helvetica, sans-serif; font-size: 20px; color: #000000;\">Perceba que o levantamento planialtim\u00e9trico se divide em:<\/span><\/p>\n<ul>\n<li><span style=\"color: #000000;\"><span style=\"font-family: arial, helvetica, sans-serif; font-size: 20px;\">Levantamento topogr\u00e1fico planialtim\u00e9trico <\/span><span style=\"font-family: arial, helvetica, sans-serif; font-size: 20px;\">e;<\/span><\/span><\/li>\n<li><span style=\"color: #000000; font-family: arial, helvetica, sans-serif; font-size: 20px;\">Levantamento topogr\u00e1fico planialtim\u00e9trico cadastral.<\/span><\/li>\n<\/ul>\n<p><span style=\"color: #000000; font-family: arial, helvetica, sans-serif;\"><span style=\"font-size: 20px;\">Vamos entender melhor os mesmos.<\/span><\/span><\/p>\n<p>&nbsp;<\/p>\n<h3 style=\"text-align: center;\"><span style=\"font-size: 20px; font-family: arial, helvetica, sans-serif;\"><strong><span style=\"color: #000000; line-height: 1.3;\">O Que \u00c9 Um Levantamento Topogr\u00e1fico Planialtim\u00e9trico<\/span><\/strong><\/span><\/h3>\n<p><span style=\"font-size: 20px;\"><img decoding=\"async\" src=\"https:\/\/adenilsongiovanini.com.br\/blog\/wp-content\/uploads\/2021\/10\/planialtimetrico-780x471.png\" alt=\"planialtimetria\" width=\"750\" height=\"453\" class=\"aligncenter size-large wp-image-25650\" srcset=\"https:\/\/adenilsongiovanini.com.br\/blog\/wp-content\/uploads\/2021\/10\/planialtimetrico-780x471.png 780w, https:\/\/adenilsongiovanini.com.br\/blog\/wp-content\/uploads\/2021\/10\/planialtimetrico-300x181.png 300w, https:\/\/adenilsongiovanini.com.br\/blog\/wp-content\/uploads\/2021\/10\/planialtimetrico-768x464.png 768w, https:\/\/adenilsongiovanini.com.br\/blog\/wp-content\/uploads\/2021\/10\/planialtimetrico-1536x928.png 1536w, https:\/\/adenilsongiovanini.com.br\/blog\/wp-content\/uploads\/2021\/10\/planialtimetrico.png 1793w\" sizes=\"(max-width: 750px) 100vw, 750px\" \/><\/span><br \/>\n<span style=\"font-size: 20px; font-family: arial, helvetica, sans-serif; color: #000000; line-height: 1.3;\">A NBR 13.133 traz a seguinte defini\u00e7\u00e3o a respeito do <strong><em>levantamento topogr\u00e1fico<\/em> planialtim\u00e9trico<\/strong>:<\/span><\/p>\n<blockquote style=\"border: 2px double #009900; background: #f0fff0 none repeat scroll 0% 0%; -moz-background-clip: -moz-initial; -moz-background-origin: -moz-initial; -moz-background-inline-policy: -moz-initial; color: #323232; padding-left: 15px; padding-top: 10px; padding-bottom: 10px;\"><p><span style=\"font-size: 20px; font-family: arial, helvetica, sans-serif; color: #000000; line-height: 1.3;\">Levantamento topogr\u00e1fico planim\u00e9trico acrescido da determina\u00e7\u00e3o altim\u00e9trica do relevo do terreno e da drenagem natural.<\/span><\/p><\/blockquote>\n<p><span style=\"font-family: arial, helvetica, sans-serif; font-size: 20px; color: #000000;\">E o seguinte conceito para levantamento topogr\u00e1fico altim\u00e9trico:<\/span><\/p>\n<blockquote style=\"border: 2px double #009900; background: #f0fff0 none repeat scroll 0% 0%; -moz-background-clip: -moz-initial; -moz-background-origin: -moz-initial; -moz-background-inline-policy: -moz-initial; color: #323232; padding-left: 15px; padding-top: 10px; padding-bottom: 10px;\"><p><span style=\"font-family: arial, helvetica, sans-serif; font-size: 20px; color: #000000;\">Levantamento que objetiva, exclusivamente, a determina\u00e7\u00e3o das alturas relativas a uma superf\u00edcie de refer\u00eancia, dos pontos de apoio e\/ou dos pontos de detalhes, pressupondo-se o conhecimento de suas posi\u00e7\u00f5es planim\u00e9tricas, visando \u00e0 representa\u00e7\u00e3o altim\u00e9trica da superf\u00edcie levantada.<\/span><\/p><\/blockquote>\n<p><span style=\"font-family: arial, helvetica, sans-serif; font-size: 20px; color: #000000;\">Ou seja, um levantamento planialtim\u00e9trico, normalmente possui os limites e confronta\u00e7\u00f5es da <span style=\"color: #0000ff;\"><a href=\"https:\/\/adenilsongiovanini.com.br\/blog\/propriedade-e-posse-qual-a-diferenca\/\" style=\"color: #0000ff;\">propriedade<\/a><\/span> e tamb\u00e9m a <span style=\"color: #0000ff;\"><a href=\"https:\/\/adenilsongiovanini.com.br\/blog\/altimetria-tudo-quer-voce-precisa-saber-a-respeito\/\" style=\"color: #0000ff;\">altimetria<\/a><\/span> da mesma.<\/span><\/p>\n<p>&nbsp;<\/p>\n<h3 style=\"text-align: center;\"><span style=\"font-size: 20px;\"><strong><span style=\"font-family: arial, helvetica, sans-serif; color: #000000; line-height: 1.3;\">Levantamento Planialtim\u00e9trico Com RTK &#8211; O Que \u00e9 Um Levantamento Topogr\u00e1fico Planialtim\u00e9trico Cadastral<\/span><\/strong><\/span><\/h3>\n<p><span style=\"font-size: 20px;\"><img decoding=\"async\" class=\"aligncenter size-full wp-image-3528\" src=\"http:\/\/adenilsongiovanini.com.br\/blog\/wp-content\/uploads\/2019\/11\/levantamento-planilaltim\u00e9trico-cadastral.jpg\" alt=\"levantamento topogr\u00e1fico cadastral\" width=\"585\" height=\"473\" srcset=\"https:\/\/adenilsongiovanini.com.br\/blog\/wp-content\/uploads\/2019\/11\/levantamento-planilaltim\u00e9trico-cadastral.jpg 585w, https:\/\/adenilsongiovanini.com.br\/blog\/wp-content\/uploads\/2019\/11\/levantamento-planilaltim\u00e9trico-cadastral-300x243.jpg 300w\" sizes=\"(max-width: 585px) 100vw, 585px\" \/><\/span><br \/>\n<span style=\"font-size: 20px; font-family: arial, helvetica, sans-serif; color: #000000; line-height: 1.3;\">A NBR 13.133 traz a seguinte defini\u00e7\u00e3o a respeito do <em><strong>levantamento topogr\u00e1fico planialtim\u00e9trico cadastral:<\/strong><\/em><\/span><\/p>\n<blockquote style=\"border: 2px double #009900; background: #f0fff0 none repeat scroll 0% 0%; -moz-background-clip: -moz-initial; -moz-background-origin: -moz-initial; -moz-background-inline-policy: -moz-initial; color: #323232; padding-left: 15px; padding-top: 10px; padding-bottom: 10px;\"><p><span style=\"font-size: 20px; font-family: arial, helvetica, sans-serif; color: #000000; line-height: 1.3;\">Levantamento topogr\u00e1fico planialtim\u00e9trico acrescido dos elementos planim\u00e9tricos inerentes ao levantamento planim\u00e9trico cadastral, que devem ser discriminados e relacionados nos editais de licita\u00e7\u00e3o, propostas e instrumentos legais entre as partes interessadas na sua execu\u00e7\u00e3o.<\/span><\/p><\/blockquote>\n<p><span style=\"font-size: 20px; font-family: arial, helvetica, sans-serif; color: #000000; line-height: 1.3;\">Trazendo o seguinte conceito para levantamento topogr\u00e1fico planim\u00e9trico cadastral:<\/span><\/p>\n<blockquote style=\"border: 2px double #009900; background: #f0fff0 none repeat scroll 0% 0%; -moz-background-clip: -moz-initial; -moz-background-origin: -moz-initial; -moz-background-inline-policy: -moz-initial; color: #323232; padding-left: 15px; padding-top: 10px; padding-bottom: 10px;\"><p><span style=\"font-family: arial, helvetica, sans-serif; font-size: 20px; color: #000000;\">Levantamento planim\u00e9trico acrescido da determina\u00e7\u00e3o planim\u00e9trica da posi\u00e7\u00e3o de certos detalhes vis\u00edveis ao n\u00edvel e acima do solo e de interesse \u00e0 sua finalidade, tais como: limites de vegeta\u00e7\u00e3o ou de culturas, cercas internas, edifica\u00e7\u00f5es, benfeitorias, posteamentos, barrancos, \u00e1rvores isoladas, valos, valas, drenagem natural e artificial, etc. Estes detalhes devem ser discriminados e relacionados nos editais de licita\u00e7\u00e3o, propostas e instrumentos legais entre as partes interessadas na sua execu\u00e7\u00e3o.<\/span><\/p><\/blockquote>\n<p><span style=\"font-size: 20px; font-family: arial, helvetica, sans-serif; color: #000000; line-height: 1.3;\">Perceba que a principal diferen\u00e7a do levantamento topogr\u00e1fico planialtim\u00e9trico para o levantamento topogr\u00e1fico planialtim\u00e9trico cadastral \u00e9 que no \u00faltimo tem-se tamb\u00e9m o mapeamento da<\/span><span style=\"color: #000000; font-family: arial, helvetica, sans-serif; font-size: 20px;\">s diferentes fei\u00e7\u00f5es naturais e artificiais existentes na \u00e1rea de interesse.<\/span><\/p>\n<p class=\"font_8\"><span style=\"font-family: arial, helvetica, sans-serif; font-size: 20px; color: #000000;\">Como exemplos de fei\u00e7\u00f5es naturais temos:<\/span><\/p>\n<ul>\n<li><span style=\"font-family: arial, helvetica, sans-serif; font-size: 20px; color: #000000;\">Afloramentos rochosos;<\/span><\/li>\n<li><span style=\"font-family: arial, helvetica, sans-serif; font-size: 20px; color: #000000;\">\u00c1rvores isoladas;<\/span><\/li>\n<li><span style=\"font-family: arial, helvetica, sans-serif; font-size: 20px; color: #000000;\">Valos e;<\/span><\/li>\n<li><span style=\"font-family: arial, helvetica, sans-serif; font-size: 20px; color: #000000;\">C\u00f3rregos.<\/span><\/li>\n<\/ul>\n<p><span style=\"font-family: arial, helvetica, sans-serif; font-size: 20px; color: #000000;\">J\u00e1 como exemplos de fei\u00e7\u00f5es artificiais temos:<\/span><\/p>\n<ul>\n<li><span style=\"font-family: arial, helvetica, sans-serif; font-size: 20px; color: #000000;\">Edifica\u00e7\u00f5es;<\/span><\/li>\n<li><span style=\"font-family: arial, helvetica, sans-serif; font-size: 20px; color: #000000;\">Cercas;<\/span><\/li>\n<li><span style=\"font-family: arial, helvetica, sans-serif; font-size: 20px; color: #000000;\">Meio fio;<\/span><\/li>\n<li><span style=\"font-family: arial, helvetica, sans-serif; font-size: 20px; color: #000000;\">Postes;<\/span><\/li>\n<li><span style=\"font-family: arial, helvetica, sans-serif; font-size: 20px; color: #000000;\">Muros;<\/span><\/li>\n<li><span style=\"font-family: arial, helvetica, sans-serif; font-size: 20px; color: #000000;\">benfeitorias;<\/span><\/li>\n<li><span style=\"font-family: arial, helvetica, sans-serif; font-size: 20px; color: #000000;\">Boca de lobo;<\/span><\/li>\n<li><span style=\"font-family: arial, helvetica, sans-serif; font-size: 20px; color: #000000;\">Etc.<\/span><\/li>\n<\/ul>\n<p>&nbsp;<\/p>\n<p>&nbsp;<\/p>\n<h2 style=\"text-align: center;\"><strong><span style=\"font-family: arial, helvetica, sans-serif; font-size: 24px; color: #000000;\">Ci\u00eancias Envolvidas no Levantamento Planialtim\u00e9trico Com RTK<\/span><\/strong><\/h2>\n<p><img decoding=\"async\" src=\"https:\/\/adenilsongiovanini.com.br\/blog\/wp-content\/uploads\/2021\/09\/curso-georreferenciamento-incra-online-780x466.png\" alt=\"ci\u00eancias envolvidas no levantamento planialtim\u00e9trico com RTK\" width=\"750\" height=\"448\" class=\"aligncenter size-large wp-image-32510\" srcset=\"https:\/\/adenilsongiovanini.com.br\/blog\/wp-content\/uploads\/2021\/09\/curso-georreferenciamento-incra-online-780x466.png 780w, https:\/\/adenilsongiovanini.com.br\/blog\/wp-content\/uploads\/2021\/09\/curso-georreferenciamento-incra-online-300x179.png 300w, https:\/\/adenilsongiovanini.com.br\/blog\/wp-content\/uploads\/2021\/09\/curso-georreferenciamento-incra-online-768x459.png 768w, https:\/\/adenilsongiovanini.com.br\/blog\/wp-content\/uploads\/2021\/09\/curso-georreferenciamento-incra-online.png 1209w\" sizes=\"(max-width: 750px) 100vw, 750px\" \/><\/p>\n<p><span style=\"font-family: arial, helvetica, sans-serif; font-size: 20px; color: #000000;\">Para entendermos melhor o levantamento planialtim\u00e9trico com RTK, precisamos entender as diferentes ci\u00eancias envolvidas no mesmo.<\/span><\/p>\n<p><span style=\"font-family: arial, helvetica, sans-serif; font-size: 20px; color: #000000;\">A ci\u00eancia da Topografia utiliza como base o <span style=\"color: #0000ff;\"><a href=\"https:\/\/adenilsongiovanini.com.br\/blog\/plano-topografico\/\" style=\"color: #0000ff;\">plano topogr\u00e1fico<\/a><\/span>.<\/span><\/p>\n<p><span style=\"font-family: arial, helvetica, sans-serif; font-size: 20px; color: #000000;\">Ou seja, utiliza <span style=\"color: #0000ff;\"><a href=\"https:\/\/adenilsongiovanini.com.br\/blog\/coordenadas-topograficas-o-que-sao-e-como-utilizar\/\" style=\"color: #0000ff;\">coordenadas euclidianas<\/a><\/span>, utilizando <span style=\"color: #0000ff;\"><a href=\"https:\/\/adenilsongiovanini.com.br\/blog\/cota-altimetrica-e-altitude-o-que-sao\/\" style=\"color: #0000ff;\">altitudes ou cotas<\/a><\/span> para a determina\u00e7\u00e3o da <span style=\"color: #0000ff;\"><a href=\"https:\/\/adenilsongiovanini.com.br\/blog\/altimetria-tudo-quer-voce-precisa-saber-a-respeito\/\" style=\"color: #0000ff;\">altimetria<\/a><\/span>.<\/span><\/p>\n<p><span style=\"font-family: arial, helvetica, sans-serif; font-size: 20px; color: #000000;\">J\u00e1 um receptor GNSS se baseia na utiliza\u00e7\u00e3o das ci\u00eancias da <span style=\"color: #0000ff;\"><a href=\"https:\/\/adenilsongiovanini.com.br\/blog\/topografia-e-geodesia-conceitos-e-aplicacoes\/\" style=\"color: #0000ff;\">Geod\u00e9sia<\/a><\/span> e do <span style=\"color: #0000ff;\"><a href=\"https:\/\/adenilsongiovanini.com.br\/blog\/gnss-o-que-e-metodos-e-aplicacoes\/\" style=\"color: #0000ff;\">Posicionamento Pelo GNSS<\/a><\/span>.<\/span><\/p>\n<p><span style=\"font-family: arial, helvetica, sans-serif; font-size: 20px; color: #000000;\">Com isso, ao inv\u00e9s de utilizar o plano topogr\u00e1fico como base, um receptor GNSS se baseia na utiliza\u00e7\u00e3o de um <span style=\"color: #0000ff;\"><a href=\"https:\/\/adenilsongiovanini.com.br\/blog\/datum-o-que-e-e-para-que-serve\/\" style=\"color: #0000ff;\">datum<\/a><\/span>.<\/span><\/p>\n<p><span style=\"font-family: arial, helvetica, sans-serif; font-size: 20px; color: #000000;\">Ou seja, o receptor GNSS obter\u00e1 <span style=\"color: #0000ff;\"><a href=\"https:\/\/adenilsongiovanini.com.br\/blog\/sistema-de-coordenadas-geograficas\/\" style=\"color: #0000ff;\">coordenadas geogr\u00e1ficas<\/a><\/span>, se baseando na altitude geom\u00e9trica (altitude em rela\u00e7\u00e3o ao elipsoide) e n\u00e3o na altitude ortom\u00e9trica (altitude em rela\u00e7\u00e3o ao geoide), que \u00e9 a altitude que precisa ser utilizada em obras de engenharia.<\/span><\/p>\n<p><span style=\"font-family: arial, helvetica, sans-serif; font-size: 20px; color: #000000;\">Ou seja, no caso de obras de engenharia<\/span><span style=\"font-family: arial, helvetica, sans-serif; font-size: 20px; color: #000000;\"> as coordenadas altim\u00e9tricas precisar\u00e3o ser transformadas utilizando-se um <span style=\"color: #0000ff;\"><a href=\"https:\/\/adenilsongiovanini.com.br\/blog\/ondulacao-geoidal-o-que-e-e-como-calcular\/\" style=\"color: #0000ff;\">modelo de ondula\u00e7\u00e3o geoidal<\/a><\/span>.<\/span><\/p>\n<p>&nbsp;<\/p>\n<p>&nbsp;<\/p>\n<h2 style=\"text-align: center;\"><strong><span style=\"font-family: arial, helvetica, sans-serif; font-size: 24px; color: #000000;\">Objetivo do Levantamento Planialtim\u00e9trico Com RTK<\/span><\/strong><\/h2>\n<p><img decoding=\"async\" class=\"aligncenter size-large wp-image-4519\" src=\"https:\/\/adenilsongiovanini.com.br\/blog\/wp-content\/uploads\/2019\/12\/mapa-planialtim\u00e9trico-1024x724.jpg\" alt=\"objetivo de um levantamento planialtim\u00e9trico com RTK\" width=\"1024\" height=\"724\" \/><\/p>\n<p><span style=\"font-family: arial, helvetica, sans-serif; font-size: 20px; color: #000000;\">O objetivo do <strong>levantamento planialtim\u00e9trico com RTK<\/strong> depender\u00e1 da aplica\u00e7\u00e3o para a qual tal levantamento est\u00e1 sendo utilizado.<\/span><\/p>\n<p><span style=\"font-family: arial, helvetica, sans-serif; font-size: 20px; color: #000000;\">Por exemplo, no caso do levantamento planialtim\u00e9trico, o principal objetivo do mesmo \u00e9 indicar as declividades e altimetrias do terreno.<\/span><\/p>\n<p><span style=\"font-family: arial, helvetica, sans-serif; font-size: 20px; color: #000000;\">J\u00e1 no levantamento planialtim\u00e9trico cadastral, tamb\u00e9m se faz necess\u00e1rio o mapeamento das fei\u00e7\u00f5es de interesse.<\/span><\/p>\n<p>&nbsp;<\/p>\n<h2 style=\"text-align: center;\"><strong><span style=\"font-family: arial, helvetica, sans-serif; font-size: 24px; color: #000000;\">Qual a Acur\u00e1cia Necess\u00e1ria?<\/span><\/strong><\/h2>\n<p><img decoding=\"async\" class=\"aligncenter size-full wp-image-4979\" src=\"https:\/\/adenilsongiovanini.com.br\/blog\/wp-content\/uploads\/2019\/12\/precis\u00e3o-e-acur\u00e1cia-o-significado-de-precis\u00e3o.jpg\" alt=\"acur\u00e1cia no levantamento planialtim\u00e9trico com RTK\" width=\"710\" height=\"469\" srcset=\"https:\/\/adenilsongiovanini.com.br\/blog\/wp-content\/uploads\/2019\/12\/precis\u00e3o-e-acur\u00e1cia-o-significado-de-precis\u00e3o.jpg 710w, https:\/\/adenilsongiovanini.com.br\/blog\/wp-content\/uploads\/2019\/12\/precis\u00e3o-e-acur\u00e1cia-o-significado-de-precis\u00e3o-300x198.jpg 300w\" sizes=\"(max-width: 710px) 100vw, 710px\" \/><\/p>\n<p><span style=\"font-family: arial, helvetica, sans-serif; font-size: 20px; color: #000000;\">A acur\u00e1cia de um levantamento planialtim\u00e9trico com RTK depender\u00e1 da aplica\u00e7\u00e3o do mesmo. <\/span><\/p>\n<p><span style=\"font-family: arial, helvetica, sans-serif; font-size: 20px; color: #000000;\">No caso de obras de engenharia a <\/span><span style=\"color: #000000; font-family: arial, helvetica, sans-serif; font-size: 20px;\">mesma deve ser melhor do que 5 cm<\/span><span style=\"color: #000000; font-family: arial, helvetica, sans-serif; font-size: 20px;\">.<\/span><\/p>\n<p>&nbsp;<\/p>\n<p>&nbsp;<\/p>\n<h2 style=\"text-align: center;\"><strong><span style=\"font-family: arial, helvetica, sans-serif; font-size: 24px; color: #000000;\">Produtos Oriundos do Levantamento Planialtim\u00e9trico Com RTK?<\/span><\/strong><\/h2>\n<p><img decoding=\"async\" src=\"https:\/\/adenilsongiovanini.com.br\/blog\/wp-content\/uploads\/2022\/06\/planta-planialtimetrica-553x780.png\" alt=\"planta planialtim\u00e9trica\" width=\"553\" height=\"780\" class=\"aligncenter size-large wp-image-30626\" srcset=\"https:\/\/adenilsongiovanini.com.br\/blog\/wp-content\/uploads\/2022\/06\/planta-planialtimetrica-553x780.png 553w, https:\/\/adenilsongiovanini.com.br\/blog\/wp-content\/uploads\/2022\/06\/planta-planialtimetrica-213x300.png 213w, https:\/\/adenilsongiovanini.com.br\/blog\/wp-content\/uploads\/2022\/06\/planta-planialtimetrica-768x1083.png 768w, https:\/\/adenilsongiovanini.com.br\/blog\/wp-content\/uploads\/2022\/06\/planta-planialtimetrica.png 1018w\" sizes=\"(max-width: 553px) 100vw, 553px\" \/><\/p>\n<p><span style=\"font-family: arial, helvetica, sans-serif; font-size: 20px; color: #000000;\">O resultado final de um levantamento planialtim\u00e9trico com RTK, normalmente \u00e9 uma carta, planta ou mapa contendo as <span style=\"color: #0000ff;\"><a href=\"https:\/\/adenilsongiovanini.com.br\/blog\/o-que-sao-curvas-de-niveis\/\" style=\"color: #0000ff;\">curvas de n\u00edveis<\/a><\/span>.<\/span><\/p>\n<p><span style=\"font-family: arial, helvetica, sans-serif; font-size: 20px; color: #000000;\">Caso o levantamento seja cadastral, o produto final ser\u00e1 um <span style=\"color: #0000ff;\"><a href=\"https:\/\/adenilsongiovanini.com.br\/curso-de-autocad-para-topografia\/\" style=\"color: #0000ff;\">planta<\/a><\/span> que ter\u00e1 representa\u00e7\u00e3o das diferentes fei\u00e7\u00f5es de interesse.<\/span><\/p>\n<p><span style=\"font-family: arial, helvetica, sans-serif; font-size: 20px; color: #000000;\">Por\u00e9m, existem aplica\u00e7\u00f5es especificas nas quais o contratante solicita os dados no formato digital. Por exemplo, em arquivos dxf, dwg ou <span style=\"color: #0000ff;\"><a style=\"color: #0000ff;\" href=\"https:\/\/adenilsongiovanini.com.br\/blog\/formato-shapefile\/\">shapefile<\/a><\/span>.<\/span><\/p>\n<p><span style=\"font-family: arial, helvetica, sans-serif; font-size: 20px; color: #000000;\">Seguem alguns dos diferentes produtos oriundos de um levantamento planialtim\u00e9trico com RTK.<\/span><\/p>\n<p>&nbsp;<\/p>\n<h3 style=\"text-align: center;\"><strong><span style=\"font-family: arial, helvetica, sans-serif; font-size: 20px; color: #000000;\">Planta planialtim\u00e9trica cadastral<\/span><\/strong><\/h3>\n<p><img decoding=\"async\" class=\"aligncenter size-full wp-image-20613\" src=\"https:\/\/adenilsongiovanini.com.br\/blog\/wp-content\/uploads\/2021\/06\/planta-topografica.jpg\" alt=\"planta topogr\u00e1fica oruinda de um levantamento planialtim\u00e9trico com RTK\" width=\"600\" height=\"433\" srcset=\"https:\/\/adenilsongiovanini.com.br\/blog\/wp-content\/uploads\/2021\/06\/planta-topografica.jpg 600w, https:\/\/adenilsongiovanini.com.br\/blog\/wp-content\/uploads\/2021\/06\/planta-topografica-300x217.jpg 300w, https:\/\/adenilsongiovanini.com.br\/blog\/wp-content\/uploads\/2021\/06\/planta-topografica-320x231.jpg 320w, https:\/\/adenilsongiovanini.com.br\/blog\/wp-content\/uploads\/2021\/06\/planta-topografica-360x260.jpg 360w\" sizes=\"(max-width: 600px) 100vw, 600px\" \/><\/p>\n<p style=\"text-align: center;\"><span style=\"font-family: arial, helvetica, sans-serif; color: #000000;\">Fonte: https:\/\/fotos.habitissimo.com.br\/foto\/planta-topografica_1772194<\/span><\/p>\n<p>&nbsp;<\/p>\n<p><span style=\"font-family: arial, helvetica, sans-serif; font-size: 20px; color: #000000;\">Para a produ\u00e7\u00e3o deste produto cartogr\u00e1fico, voc\u00ea deve utilizar as curvas de n\u00edveis e os pontos cotados obtidos a partir de um MDT.<\/span><\/p>\n<p><span style=\"font-family: arial, helvetica, sans-serif; font-size: 20px; color: #000000;\">Perceba que este tipo de planta possui o per\u00edmetro da \u00e1rea de interesse e as curvas de n\u00edveis da mesma.<\/span><\/p>\n<p>&nbsp;<\/p>\n<h3 style=\"text-align: center;\"><strong><span style=\"font-family: arial, helvetica, sans-serif; font-size: 20px; color: #000000;\">Carta planialtim\u00e9trica<\/span><\/strong><\/h3>\n<p><img decoding=\"async\" class=\"aligncenter size-full wp-image-20614\" src=\"https:\/\/adenilsongiovanini.com.br\/blog\/wp-content\/uploads\/2021\/06\/Carta-planialtimetrica.png\" alt=\"carta planialtim\u00e9trica\" width=\"551\" height=\"392\" srcset=\"https:\/\/adenilsongiovanini.com.br\/blog\/wp-content\/uploads\/2021\/06\/Carta-planialtimetrica.png 551w, https:\/\/adenilsongiovanini.com.br\/blog\/wp-content\/uploads\/2021\/06\/Carta-planialtimetrica-300x213.png 300w, https:\/\/adenilsongiovanini.com.br\/blog\/wp-content\/uploads\/2021\/06\/Carta-planialtimetrica-320x228.png 320w, https:\/\/adenilsongiovanini.com.br\/blog\/wp-content\/uploads\/2021\/06\/Carta-planialtimetrica-360x256.png 360w\" sizes=\"(max-width: 551px) 100vw, 551px\" \/><\/p>\n<p style=\"text-align: center;\"><span style=\"color: #000000; font-family: arial, helvetica, sans-serif;\">Fonte: https:\/\/blog.droneng.com.br\/<\/span><\/p>\n<p><span style=\"font-family: arial, helvetica, sans-serif; font-size: 20px; color: #000000;\">A carta planialtim\u00e9trica utiliza uma escala pequena. <\/span><span style=\"font-family: arial, helvetica, sans-serif; font-size: 20px; color: #000000;\">Com isso, existe a <span style=\"color: #0000ff;\"><a href=\"https:\/\/adenilsongiovanini.com.br\/blog\/generalizacao-cartografica-o-que-e\/\" style=\"color: #0000ff;\">generaliza\u00e7\u00e3o dos dados<\/a><\/span>.<\/span><\/p>\n<p>&nbsp;<\/p>\n<p style=\"text-align: center;\"><strong><span style=\"font-family: arial, helvetica, sans-serif; font-size: 20px; color: #000000;\">Levantamento Planialtim\u00e9trico Com RTK &#8211; Carta Hipsom\u00e9trica<\/span><\/strong><\/p>\n<p><img decoding=\"async\" class=\"aligncenter size-full wp-image-20616\" src=\"https:\/\/adenilsongiovanini.com.br\/blog\/wp-content\/uploads\/2021\/06\/Carta-hipsometrica.png\" alt=\"exemplo de carta hipsom\u00e9trica\" width=\"564\" height=\"401\" srcset=\"https:\/\/adenilsongiovanini.com.br\/blog\/wp-content\/uploads\/2021\/06\/Carta-hipsometrica.png 564w, https:\/\/adenilsongiovanini.com.br\/blog\/wp-content\/uploads\/2021\/06\/Carta-hipsometrica-300x213.png 300w, https:\/\/adenilsongiovanini.com.br\/blog\/wp-content\/uploads\/2021\/06\/Carta-hipsometrica-320x228.png 320w, https:\/\/adenilsongiovanini.com.br\/blog\/wp-content\/uploads\/2021\/06\/Carta-hipsometrica-360x256.png 360w\" sizes=\"(max-width: 564px) 100vw, 564px\" \/><\/p>\n<p style=\"text-align: center;\"><span style=\"color: #000000; font-family: arial, helvetica, sans-serif;\">Fonte: https:\/\/blog.droneng.com.br\/<\/span><\/p>\n<p><span style=\"font-family: arial, helvetica, sans-serif; font-size: 20px; color: #000000;\">Para a produ\u00e7\u00e3o deste produto utiliza-se:<\/span><\/p>\n<ul>\n<li><span style=\"font-family: arial, helvetica, sans-serif; font-size: 20px; color: #000000;\">As curvas de n\u00edveis;<\/span><\/li>\n<li><span style=\"font-family: arial, helvetica, sans-serif; font-size: 20px; color: #000000;\">Os pontos cotados obtidos a partir do MDT e;<\/span><\/li>\n<li><span style=\"font-family: arial, helvetica, sans-serif; font-size: 20px; color: #000000;\">Um MDT gerado a partir das curvas de n\u00edveis.<\/span><\/li>\n<\/ul>\n<p><span style=\"font-family: arial, helvetica, sans-serif; font-size: 20px; color: #000000;\">O MDT \u00e9 representado utilizando-se as cores hipsom\u00e9tricas, demonstrando de maneira visual a declividade do terreno. <\/span><\/p>\n<p><span style=\"font-family: arial, helvetica, sans-serif; font-size: 20px; color: #000000;\">Assim como as cartas planialtim\u00e9tricas, uma carta hipsom\u00e9trica \u00e9 utilizada para a representa\u00e7\u00e3o de \u00e1reas de maior porte.<\/span><\/p>\n<p><span style=\"font-family: arial, helvetica, sans-serif; font-size: 20px; color: #000000;\">Ou seja \u00e1reas com um fator de escala maior do que 10.000.<\/span><span style=\"font-family: arial, helvetica, sans-serif; font-size: 20px; color: #000000;\"><\/span><\/p>\n<p><center><\/p>\n<p><span style=\"font-family: arial, helvetica, sans-serif; font-size: 20px; color: #000000;\">\u00c9 isso por este artigo. Lembrando que eu tamb\u00e9m possuo uma s\u00e9rie de <strong>cursos e de livros pr\u00e1ticos<\/strong>. <\/span><\/p>\n<p><span style=\"font-size: 20px; font-family: arial, helvetica, sans-serif; color: #000000; line-height: 1.3;\">Se voc\u00ea quer<strong> MERGULHAR FUNDO e aprender a prestar servi\u00e7os com grande velocidade e com seguran\u00e7a<\/strong>, <span style=\"color: #0000ff;\"><a style=\"color: #0000ff;\" href=\"https:\/\/adenilsongiovanini.com.br\/cursos-online\/\">acesse este link<\/a><\/span> e conhe\u00e7a os mesmos.<\/span><\/center><center><\/p>\n<p><span style=\"font-family: arial, helvetica, sans-serif; font-size: 20px; color: #000000;\">Gratid\u00e3o por voc\u00ea ter lido o artigo. \ud83d\ude4f<\/span><\/p>\n<p><\/center><\/p>\n<p>&nbsp;<\/p>\n<p>&nbsp;<\/p>\n<h2 style=\"text-align: center;\"><span style=\"font-family: arial, helvetica, sans-serif; color: #000000; font-size: 24px;\"><strong>Domine a Topografia Cadastral atrav\u00e9s de um livro formado por centenas de exemplos pr\u00e1ticos <\/strong><\/span><\/h2>\n<h2 style=\"text-align: center;\"><span style=\"font-size: 20px;\"><a href=\"https:\/\/adenilsongiovanini.com.br\/georreferenciamento-de-imoveis-rurais-na-pratica\/\" rel=\"nofollow noreferrer\"><img decoding=\"async\" class=\"aligncenter size-large wp-image-19317\" src=\"https:\/\/adenilsongiovanini.com.br\/blog\/wp-content\/uploads\/2021\/04\/livro-de-topografia-e-georreferenciamento-1024x474.png\" sizes=\"(max-width: 1024px) 100vw, 1024px\" srcset=\"https:\/\/adenilsongiovanini.com.br\/blog\/wp-content\/uploads\/2021\/04\/livro-de-topografia-e-georreferenciamento-1024x474.png 1024w, https:\/\/adenilsongiovanini.com.br\/blog\/wp-content\/uploads\/2021\/04\/livro-de-topografia-e-georreferenciamento-300x139.png 300w, https:\/\/adenilsongiovanini.com.br\/blog\/wp-content\/uploads\/2021\/04\/livro-de-topografia-e-georreferenciamento-768x355.png 768w, https:\/\/adenilsongiovanini.com.br\/blog\/wp-content\/uploads\/2021\/04\/livro-de-topografia-e-georreferenciamento-1536x711.png 1536w, https:\/\/adenilsongiovanini.com.br\/blog\/wp-content\/uploads\/2021\/04\/livro-de-topografia-e-georreferenciamento-320x148.png 320w, https:\/\/adenilsongiovanini.com.br\/blog\/wp-content\/uploads\/2021\/04\/livro-de-topografia-e-georreferenciamento-640x296.png 640w, https:\/\/adenilsongiovanini.com.br\/blog\/wp-content\/uploads\/2021\/04\/livro-de-topografia-e-georreferenciamento-360x167.png 360w, https:\/\/adenilsongiovanini.com.br\/blog\/wp-content\/uploads\/2021\/04\/livro-de-topografia-e-georreferenciamento-720x333.png 720w, https:\/\/adenilsongiovanini.com.br\/blog\/wp-content\/uploads\/2021\/04\/livro-de-topografia-e-georreferenciamento-1080x500.png 1080w, https:\/\/adenilsongiovanini.com.br\/blog\/wp-content\/uploads\/2021\/04\/livro-de-topografia-e-georreferenciamento-800x370.png 800w, https:\/\/adenilsongiovanini.com.br\/blog\/wp-content\/uploads\/2021\/04\/livro-de-topografia-e-georreferenciamento-1280x592.png 1280w, https:\/\/adenilsongiovanini.com.br\/blog\/wp-content\/uploads\/2021\/04\/livro-de-topografia-e-georreferenciamento.png 1565w\" alt=\"livro de topografia e georreferenciamento\" width=\"1024\" height=\"474\" \/><\/a><\/span><\/h2>\n<p><span style=\"font-family: arial, helvetica, sans-serif; font-size: 20px; color: #000000;\">Voc\u00ea quer dominar a Topografia Cadastral?<\/span><\/p>\n<p><span style=\"font-family: arial, helvetica, sans-serif; font-size: 20px; color: #000000;\">Ent\u00e3o eu tenho uma \u00f3tima noticia para voc\u00ea. Me refiro ao <span style=\"color: #0000ff;\"><a style=\"color: #0000ff;\" href=\"https:\/\/adenilsongiovanini.com.br\/georreferenciamento-de-imoveis-rurais-na-pratica\/\" rel=\"nofollow noreferrer\">livro Topografia Cadastral e Georreferenciamento de Im\u00f3veis Rurais na Pr\u00e1tica<\/a><\/span>.<\/span><\/p>\n<p><span style=\"font-size: 20px;\"><span style=\"font-family: arial, helvetica, sans-serif; color: #000000;\">O mesmo \u00e9 dividido em 10 cap\u00edtulos recheados com muitos estudos de caso e exemplos pr\u00e1ticos. D\u00ea uma espiadinha no sum\u00e1rio do mesmo:<\/span><\/span><\/p>\n<p><center><iframe width=\"99%\" height=\"980\" src=\"https:\/\/drive.google.com\/file\/d\/1HJ8fZz1PvPmftfXHJNFTvIBBzY_FZhPJ\/preview\" data-mce-fragment=\"1\"><span data-mce-type=\"bookmark\" style=\"display: inline-block; width: 0px; overflow: hidden; line-height: 0;\" class=\"mce_SELRES_start\">\ufeff<\/span><\/iframe><\/center><\/p>\n<p><span style=\"font-size: 20px;\"><span style=\"font-family: arial, helvetica, sans-serif; color: #000000;\">Para conhecer melhor a estrutura do livro, juntar-se a mais de 800 profissionais e adquirir sua c\u00f3pia \u00e9 s\u00f3 clicar no bot\u00e3o abaixo:<\/span><\/span><\/p>\n<p><span style=\"color: #000000; font-size: 20px;\"><div class=\"su-button-center\"><a href=\"https:\/\/adenilsongiovanini.com.br\/georreferenciamento-de-imoveis-rurais-na-pratica\/\" class=\"su-button su-button-style-3d\" style=\"color:#000000;background-color:#2BCC2F;border-color:#23a426;border-radius:11px\" target=\"_blank\" rel=\"nofollow\" id=\"1\"><span style=\"color:#000000;padding:0px 28px;font-size:21px;line-height:42px;border-color:#6bdc6e;border-radius:11px;text-shadow:0px 0px 0px #000000\"> \u279c Quero Conhecer Melhor o Livro, Pois Quero e Preciso Aprender Mais Sobre Legisla\u00e7\u00e3o Cadastral e Geo. de Im\u00f3veis Rurais&#8230;<\/span><\/a><\/div><\/span><\/p>\n<p>&nbsp;<\/p>\n","protected":false},"excerpt":{"rendered":"<p>Levantamento planialtim\u00e9trico com RTK, voc\u00ea acabou de colocar suas 2 m\u00e3os em um artigo definitivo a respeito do tema. Com a leitura do mesmo voc\u00ea aprender\u00e1: O que \u00e9 o levantamento planialtim\u00e9trico com RTK; Qual o objetivo do mesmo e; Quais os produtos oriundos da planialtimetria com RTK. Prossiga a [&hellip;]<\/p>\n","protected":false},"author":1,"featured_media":35410,"comment_status":"closed","ping_status":"closed","sticky":false,"template":"","format":"standard","meta":{"_monsterinsights_skip_tracking":false,"_monsterinsights_sitenote_active":false,"_monsterinsights_sitenote_note":"","_monsterinsights_sitenote_category":0,"footnotes":""},"categories":[12,8],"tags":[],"class_list":["post-35409","post","type-post","status-publish","format-standard","has-post-thumbnail","hentry","category-georreferenciamento-de-imoveis-rurais","category-posicionamento-pelo-gnss"],"yoast_head":"<!-- This site is optimized with the Yoast SEO plugin v26.5 - https:\/\/yoast.com\/wordpress\/plugins\/seo\/ -->\n<title>Levantamento Planialtim\u00e9trico Com RTK? - Adenilson Giovanini<\/title>\n<meta name=\"description\" content=\"Descubra o que \u00e9 o levantamento planialtim\u00e9trico com RTK, qual o objetivo do mesmo e e quais os 2 produtos oriundos. Guia definitivo. Leia.\" \/>\n<meta name=\"robots\" content=\"index, follow, max-snippet:-1, max-image-preview:large, max-video-preview:-1\" \/>\n<link rel=\"canonical\" href=\"https:\/\/adenilsongiovanini.com.br\/blog\/levantamento-planialtimetrico-com-rtk\/\" \/>\n<meta property=\"og:locale\" content=\"pt_BR\" \/>\n<meta property=\"og:type\" content=\"article\" \/>\n<meta property=\"og:title\" content=\"Levantamento Planialtim\u00e9trico Com RTK? - Adenilson Giovanini\" \/>\n<meta property=\"og:description\" content=\"Descubra o que \u00e9 o levantamento planialtim\u00e9trico com RTK, qual o objetivo do mesmo e e quais os 2 produtos oriundos. Guia definitivo. Leia.\" \/>\n<meta property=\"og:url\" content=\"https:\/\/adenilsongiovanini.com.br\/blog\/levantamento-planialtimetrico-com-rtk\/\" \/>\n<meta property=\"og:site_name\" content=\"Adenilson Giovanini\" \/>\n<meta property=\"article:publisher\" content=\"https:\/\/www.facebook.com\/otopografo\/\" \/>\n<meta property=\"article:author\" content=\"https:\/\/www.facebook.com\/otopografo\/\" \/>\n<meta property=\"article:published_time\" content=\"2022-10-11T19:58:49+00:00\" \/>\n<meta property=\"article:modified_time\" content=\"2022-10-12T11:37:56+00:00\" \/>\n<meta property=\"og:image\" content=\"https:\/\/adenilsongiovanini.com.br\/blog\/wp-content\/uploads\/2022\/10\/levantamento-planialtimetrico-com-rtk.png\" \/>\n\t<meta property=\"og:image:width\" content=\"1363\" \/>\n\t<meta property=\"og:image:height\" content=\"814\" \/>\n\t<meta property=\"og:image:type\" content=\"image\/png\" \/>\n<meta name=\"author\" content=\"Adenilson Giovanini\" \/>\n<meta name=\"twitter:card\" content=\"summary_large_image\" \/>\n<meta name=\"twitter:label1\" content=\"Escrito por\" \/>\n\t<meta name=\"twitter:data1\" content=\"Adenilson Giovanini\" \/>\n\t<meta name=\"twitter:label2\" content=\"Est. tempo de leitura\" \/>\n\t<meta name=\"twitter:data2\" content=\"9 minutos\" \/>\n<script type=\"application\/ld+json\" class=\"yoast-schema-graph\">{\"@context\":\"https:\/\/schema.org\",\"@graph\":[{\"@type\":\"Article\",\"@id\":\"https:\/\/adenilsongiovanini.com.br\/blog\/levantamento-planialtimetrico-com-rtk\/#article\",\"isPartOf\":{\"@id\":\"https:\/\/adenilsongiovanini.com.br\/blog\/levantamento-planialtimetrico-com-rtk\/\"},\"author\":{\"name\":\"Adenilson Giovanini\",\"@id\":\"https:\/\/adenilsongiovanini.com.br\/blog\/#\/schema\/person\/9c1daa7da73c116aae2cb0568d1daa23\"},\"headline\":\"Levantamento Planialtim\u00e9trico Com RTK?\",\"datePublished\":\"2022-10-11T19:58:49+00:00\",\"dateModified\":\"2022-10-12T11:37:56+00:00\",\"mainEntityOfPage\":{\"@id\":\"https:\/\/adenilsongiovanini.com.br\/blog\/levantamento-planialtimetrico-com-rtk\/\"},\"wordCount\":1341,\"publisher\":{\"@id\":\"https:\/\/adenilsongiovanini.com.br\/blog\/#\/schema\/person\/9c1daa7da73c116aae2cb0568d1daa23\"},\"image\":{\"@id\":\"https:\/\/adenilsongiovanini.com.br\/blog\/levantamento-planialtimetrico-com-rtk\/#primaryimage\"},\"thumbnailUrl\":\"https:\/\/adenilsongiovanini.com.br\/blog\/wp-content\/uploads\/2022\/10\/levantamento-planialtimetrico-com-rtk.png\",\"articleSection\":[\"Georreferenciamento de Im\u00f3veis Rurais\",\"Posicionamento pelo GNSS\"],\"inLanguage\":\"pt-BR\"},{\"@type\":\"WebPage\",\"@id\":\"https:\/\/adenilsongiovanini.com.br\/blog\/levantamento-planialtimetrico-com-rtk\/\",\"url\":\"https:\/\/adenilsongiovanini.com.br\/blog\/levantamento-planialtimetrico-com-rtk\/\",\"name\":\"Levantamento Planialtim\u00e9trico Com RTK? - Adenilson Giovanini\",\"isPartOf\":{\"@id\":\"https:\/\/adenilsongiovanini.com.br\/blog\/#website\"},\"primaryImageOfPage\":{\"@id\":\"https:\/\/adenilsongiovanini.com.br\/blog\/levantamento-planialtimetrico-com-rtk\/#primaryimage\"},\"image\":{\"@id\":\"https:\/\/adenilsongiovanini.com.br\/blog\/levantamento-planialtimetrico-com-rtk\/#primaryimage\"},\"thumbnailUrl\":\"https:\/\/adenilsongiovanini.com.br\/blog\/wp-content\/uploads\/2022\/10\/levantamento-planialtimetrico-com-rtk.png\",\"datePublished\":\"2022-10-11T19:58:49+00:00\",\"dateModified\":\"2022-10-12T11:37:56+00:00\",\"description\":\"Descubra o que \u00e9 o levantamento planialtim\u00e9trico com RTK, qual o objetivo do mesmo e e quais os 2 produtos oriundos. Guia definitivo. Leia.\",\"breadcrumb\":{\"@id\":\"https:\/\/adenilsongiovanini.com.br\/blog\/levantamento-planialtimetrico-com-rtk\/#breadcrumb\"},\"inLanguage\":\"pt-BR\",\"potentialAction\":[{\"@type\":\"ReadAction\",\"target\":[\"https:\/\/adenilsongiovanini.com.br\/blog\/levantamento-planialtimetrico-com-rtk\/\"]}]},{\"@type\":\"ImageObject\",\"inLanguage\":\"pt-BR\",\"@id\":\"https:\/\/adenilsongiovanini.com.br\/blog\/levantamento-planialtimetrico-com-rtk\/#primaryimage\",\"url\":\"https:\/\/adenilsongiovanini.com.br\/blog\/wp-content\/uploads\/2022\/10\/levantamento-planialtimetrico-com-rtk.png\",\"contentUrl\":\"https:\/\/adenilsongiovanini.com.br\/blog\/wp-content\/uploads\/2022\/10\/levantamento-planialtimetrico-com-rtk.png\",\"width\":1363,\"height\":814},{\"@type\":\"BreadcrumbList\",\"@id\":\"https:\/\/adenilsongiovanini.com.br\/blog\/levantamento-planialtimetrico-com-rtk\/#breadcrumb\",\"itemListElement\":[{\"@type\":\"ListItem\",\"position\":1,\"name\":\"Home\",\"item\":\"https:\/\/adenilsongiovanini.com.br\/blog\/\"},{\"@type\":\"ListItem\",\"position\":2,\"name\":\"Levantamento Planialtim\u00e9trico Com RTK?\"}]},{\"@type\":\"WebSite\",\"@id\":\"https:\/\/adenilsongiovanini.com.br\/blog\/#website\",\"url\":\"https:\/\/adenilsongiovanini.com.br\/blog\/\",\"name\":\"Adenilson Giovanini\",\"description\":\"Topografia e Geotecnologias\",\"publisher\":{\"@id\":\"https:\/\/adenilsongiovanini.com.br\/blog\/#\/schema\/person\/9c1daa7da73c116aae2cb0568d1daa23\"},\"potentialAction\":[{\"@type\":\"SearchAction\",\"target\":{\"@type\":\"EntryPoint\",\"urlTemplate\":\"https:\/\/adenilsongiovanini.com.br\/blog\/?s={search_term_string}\"},\"query-input\":{\"@type\":\"PropertyValueSpecification\",\"valueRequired\":true,\"valueName\":\"search_term_string\"}}],\"inLanguage\":\"pt-BR\"},{\"@type\":[\"Person\",\"Organization\"],\"@id\":\"https:\/\/adenilsongiovanini.com.br\/blog\/#\/schema\/person\/9c1daa7da73c116aae2cb0568d1daa23\",\"name\":\"Adenilson Giovanini\",\"image\":{\"@type\":\"ImageObject\",\"inLanguage\":\"pt-BR\",\"@id\":\"https:\/\/adenilsongiovanini.com.br\/blog\/#\/schema\/person\/image\/\",\"url\":\"https:\/\/adenilsongiovanini.com.br\/blog\/wp-content\/litespeed\/avatar\/be8f4de5c0b8a93c57a4f29cbf2f1e92.jpg?ver=1777130135\",\"contentUrl\":\"https:\/\/adenilsongiovanini.com.br\/blog\/wp-content\/litespeed\/avatar\/be8f4de5c0b8a93c57a4f29cbf2f1e92.jpg?ver=1777130135\",\"caption\":\"Adenilson Giovanini\"},\"logo\":{\"@id\":\"https:\/\/adenilsongiovanini.com.br\/blog\/#\/schema\/person\/image\/\"},\"description\":\"O Professor Adenilson Giovanini \u00e9 especialista em Topografia Cadastral e Georreferenciamento de Im\u00f3veis Rurais. O mesmo possui o Maior Site de Engenharia de Agrimensura do Brasil. Site este que tem mais de 102.000 visualiza\u00e7\u00f5es por m\u00eas. Tamb\u00e9m possui mais de 600 v\u00eddeos em seu canal no youtube. Al\u00e9m disso, \u00e9 escritor Best Seller, possuindo v\u00e1rios cursos e livros de sucesso.\",\"sameAs\":[\"http:\/\/adenilsongiovanini.com.br\",\"https:\/\/www.facebook.com\/otopografo\/\",\"https:\/\/www.instagram.com\/adenilson_giovanini\/\",\"https:\/\/www.linkedin.com\/in\/adenilson-giovanini-819b8035\/\",\"https:\/\/br.pinterest.com\/adenilsongiovanini\/\",\"https:\/\/www.youtube.com\/channel\/uce-br7ghiuog2txcsdx5vrw\"]}]}<\/script>\n<!-- \/ Yoast SEO plugin. -->","yoast_head_json":{"title":"Levantamento Planialtim\u00e9trico Com RTK? - Adenilson Giovanini","description":"Descubra o que \u00e9 o levantamento planialtim\u00e9trico com RTK, qual o objetivo do mesmo e e quais os 2 produtos oriundos. Guia definitivo. Leia.","robots":{"index":"index","follow":"follow","max-snippet":"max-snippet:-1","max-image-preview":"max-image-preview:large","max-video-preview":"max-video-preview:-1"},"canonical":"https:\/\/adenilsongiovanini.com.br\/blog\/levantamento-planialtimetrico-com-rtk\/","og_locale":"pt_BR","og_type":"article","og_title":"Levantamento Planialtim\u00e9trico Com RTK? - Adenilson Giovanini","og_description":"Descubra o que \u00e9 o levantamento planialtim\u00e9trico com RTK, qual o objetivo do mesmo e e quais os 2 produtos oriundos. Guia definitivo. Leia.","og_url":"https:\/\/adenilsongiovanini.com.br\/blog\/levantamento-planialtimetrico-com-rtk\/","og_site_name":"Adenilson Giovanini","article_publisher":"https:\/\/www.facebook.com\/otopografo\/","article_author":"https:\/\/www.facebook.com\/otopografo\/","article_published_time":"2022-10-11T19:58:49+00:00","article_modified_time":"2022-10-12T11:37:56+00:00","og_image":[{"width":1363,"height":814,"url":"https:\/\/adenilsongiovanini.com.br\/blog\/wp-content\/uploads\/2022\/10\/levantamento-planialtimetrico-com-rtk.png","type":"image\/png"}],"author":"Adenilson Giovanini","twitter_card":"summary_large_image","twitter_misc":{"Escrito por":"Adenilson Giovanini","Est. tempo de leitura":"9 minutos"},"schema":{"@context":"https:\/\/schema.org","@graph":[{"@type":"Article","@id":"https:\/\/adenilsongiovanini.com.br\/blog\/levantamento-planialtimetrico-com-rtk\/#article","isPartOf":{"@id":"https:\/\/adenilsongiovanini.com.br\/blog\/levantamento-planialtimetrico-com-rtk\/"},"author":{"name":"Adenilson Giovanini","@id":"https:\/\/adenilsongiovanini.com.br\/blog\/#\/schema\/person\/9c1daa7da73c116aae2cb0568d1daa23"},"headline":"Levantamento Planialtim\u00e9trico Com RTK?","datePublished":"2022-10-11T19:58:49+00:00","dateModified":"2022-10-12T11:37:56+00:00","mainEntityOfPage":{"@id":"https:\/\/adenilsongiovanini.com.br\/blog\/levantamento-planialtimetrico-com-rtk\/"},"wordCount":1341,"publisher":{"@id":"https:\/\/adenilsongiovanini.com.br\/blog\/#\/schema\/person\/9c1daa7da73c116aae2cb0568d1daa23"},"image":{"@id":"https:\/\/adenilsongiovanini.com.br\/blog\/levantamento-planialtimetrico-com-rtk\/#primaryimage"},"thumbnailUrl":"https:\/\/adenilsongiovanini.com.br\/blog\/wp-content\/uploads\/2022\/10\/levantamento-planialtimetrico-com-rtk.png","articleSection":["Georreferenciamento de Im\u00f3veis Rurais","Posicionamento pelo GNSS"],"inLanguage":"pt-BR"},{"@type":"WebPage","@id":"https:\/\/adenilsongiovanini.com.br\/blog\/levantamento-planialtimetrico-com-rtk\/","url":"https:\/\/adenilsongiovanini.com.br\/blog\/levantamento-planialtimetrico-com-rtk\/","name":"Levantamento Planialtim\u00e9trico Com RTK? - Adenilson Giovanini","isPartOf":{"@id":"https:\/\/adenilsongiovanini.com.br\/blog\/#website"},"primaryImageOfPage":{"@id":"https:\/\/adenilsongiovanini.com.br\/blog\/levantamento-planialtimetrico-com-rtk\/#primaryimage"},"image":{"@id":"https:\/\/adenilsongiovanini.com.br\/blog\/levantamento-planialtimetrico-com-rtk\/#primaryimage"},"thumbnailUrl":"https:\/\/adenilsongiovanini.com.br\/blog\/wp-content\/uploads\/2022\/10\/levantamento-planialtimetrico-com-rtk.png","datePublished":"2022-10-11T19:58:49+00:00","dateModified":"2022-10-12T11:37:56+00:00","description":"Descubra o que \u00e9 o levantamento planialtim\u00e9trico com RTK, qual o objetivo do mesmo e e quais os 2 produtos oriundos. Guia definitivo. Leia.","breadcrumb":{"@id":"https:\/\/adenilsongiovanini.com.br\/blog\/levantamento-planialtimetrico-com-rtk\/#breadcrumb"},"inLanguage":"pt-BR","potentialAction":[{"@type":"ReadAction","target":["https:\/\/adenilsongiovanini.com.br\/blog\/levantamento-planialtimetrico-com-rtk\/"]}]},{"@type":"ImageObject","inLanguage":"pt-BR","@id":"https:\/\/adenilsongiovanini.com.br\/blog\/levantamento-planialtimetrico-com-rtk\/#primaryimage","url":"https:\/\/adenilsongiovanini.com.br\/blog\/wp-content\/uploads\/2022\/10\/levantamento-planialtimetrico-com-rtk.png","contentUrl":"https:\/\/adenilsongiovanini.com.br\/blog\/wp-content\/uploads\/2022\/10\/levantamento-planialtimetrico-com-rtk.png","width":1363,"height":814},{"@type":"BreadcrumbList","@id":"https:\/\/adenilsongiovanini.com.br\/blog\/levantamento-planialtimetrico-com-rtk\/#breadcrumb","itemListElement":[{"@type":"ListItem","position":1,"name":"Home","item":"https:\/\/adenilsongiovanini.com.br\/blog\/"},{"@type":"ListItem","position":2,"name":"Levantamento Planialtim\u00e9trico Com RTK?"}]},{"@type":"WebSite","@id":"https:\/\/adenilsongiovanini.com.br\/blog\/#website","url":"https:\/\/adenilsongiovanini.com.br\/blog\/","name":"Adenilson Giovanini","description":"Topografia e Geotecnologias","publisher":{"@id":"https:\/\/adenilsongiovanini.com.br\/blog\/#\/schema\/person\/9c1daa7da73c116aae2cb0568d1daa23"},"potentialAction":[{"@type":"SearchAction","target":{"@type":"EntryPoint","urlTemplate":"https:\/\/adenilsongiovanini.com.br\/blog\/?s={search_term_string}"},"query-input":{"@type":"PropertyValueSpecification","valueRequired":true,"valueName":"search_term_string"}}],"inLanguage":"pt-BR"},{"@type":["Person","Organization"],"@id":"https:\/\/adenilsongiovanini.com.br\/blog\/#\/schema\/person\/9c1daa7da73c116aae2cb0568d1daa23","name":"Adenilson Giovanini","image":{"@type":"ImageObject","inLanguage":"pt-BR","@id":"https:\/\/adenilsongiovanini.com.br\/blog\/#\/schema\/person\/image\/","url":"https:\/\/adenilsongiovanini.com.br\/blog\/wp-content\/litespeed\/avatar\/be8f4de5c0b8a93c57a4f29cbf2f1e92.jpg?ver=1777130135","contentUrl":"https:\/\/adenilsongiovanini.com.br\/blog\/wp-content\/litespeed\/avatar\/be8f4de5c0b8a93c57a4f29cbf2f1e92.jpg?ver=1777130135","caption":"Adenilson Giovanini"},"logo":{"@id":"https:\/\/adenilsongiovanini.com.br\/blog\/#\/schema\/person\/image\/"},"description":"O Professor Adenilson Giovanini \u00e9 especialista em Topografia Cadastral e Georreferenciamento de Im\u00f3veis Rurais. O mesmo possui o Maior Site de Engenharia de Agrimensura do Brasil. Site este que tem mais de 102.000 visualiza\u00e7\u00f5es por m\u00eas. Tamb\u00e9m possui mais de 600 v\u00eddeos em seu canal no youtube. Al\u00e9m disso, \u00e9 escritor Best Seller, possuindo v\u00e1rios cursos e livros de sucesso.","sameAs":["http:\/\/adenilsongiovanini.com.br","https:\/\/www.facebook.com\/otopografo\/","https:\/\/www.instagram.com\/adenilson_giovanini\/","https:\/\/www.linkedin.com\/in\/adenilson-giovanini-819b8035\/","https:\/\/br.pinterest.com\/adenilsongiovanini\/","https:\/\/www.youtube.com\/channel\/uce-br7ghiuog2txcsdx5vrw"]}]}},"amp_enabled":true,"_links":{"self":[{"href":"https:\/\/adenilsongiovanini.com.br\/blog\/wp-json\/wp\/v2\/posts\/35409","targetHints":{"allow":["GET"]}}],"collection":[{"href":"https:\/\/adenilsongiovanini.com.br\/blog\/wp-json\/wp\/v2\/posts"}],"about":[{"href":"https:\/\/adenilsongiovanini.com.br\/blog\/wp-json\/wp\/v2\/types\/post"}],"author":[{"embeddable":true,"href":"https:\/\/adenilsongiovanini.com.br\/blog\/wp-json\/wp\/v2\/users\/1"}],"replies":[{"embeddable":true,"href":"https:\/\/adenilsongiovanini.com.br\/blog\/wp-json\/wp\/v2\/comments?post=35409"}],"version-history":[{"count":0,"href":"https:\/\/adenilsongiovanini.com.br\/blog\/wp-json\/wp\/v2\/posts\/35409\/revisions"}],"wp:featuredmedia":[{"embeddable":true,"href":"https:\/\/adenilsongiovanini.com.br\/blog\/wp-json\/wp\/v2\/media\/35410"}],"wp:attachment":[{"href":"https:\/\/adenilsongiovanini.com.br\/blog\/wp-json\/wp\/v2\/media?parent=35409"}],"wp:term":[{"taxonomy":"category","embeddable":true,"href":"https:\/\/adenilsongiovanini.com.br\/blog\/wp-json\/wp\/v2\/categories?post=35409"},{"taxonomy":"post_tag","embeddable":true,"href":"https:\/\/adenilsongiovanini.com.br\/blog\/wp-json\/wp\/v2\/tags?post=35409"}],"curies":[{"name":"wp","href":"https:\/\/api.w.org\/{rel}","templated":true}]}}