{"id":30238,"date":"2022-04-13T20:46:28","date_gmt":"2022-04-13T20:46:28","guid":{"rendered":"https:\/\/adenilsongiovanini.com.br\/blog\/?p=30238"},"modified":"2022-08-23T16:42:34","modified_gmt":"2022-08-23T16:42:34","slug":"transporte-de-coordenadas-cotas-e-altitudes","status":"publish","type":"post","link":"https:\/\/adenilsongiovanini.com.br\/blog\/transporte-de-coordenadas-cotas-e-altitudes\/","title":{"rendered":"Transporte de Coordenadas, Cotas e Altitudes?"},"content":{"rendered":"<p><span style=\"font-size: 20px; font-family: arial, helvetica, sans-serif; color: #000000; line-height: 1.3;\"><strong>Transporte de Coordenadas<\/strong>, voc\u00ea acabou de colocar suas 2 m\u00e3os em um artigo definitivo a respeito do tema.<\/span><\/p>\n<p><span style=\"font-size: 20px; font-family: arial, helvetica, sans-serif; color: #000000; line-height: 1.3;\">Com a leitura do mesmo, voc\u00ea aprender\u00e1:<\/span><\/p>\n<ul>\n<li><span style=\"font-family: arial, helvetica, sans-serif; font-size: 20px; color: #000000;\">O que \u00e9 o transporte de coordenadas;<\/span><\/li>\n<li><span style=\"font-family: arial, helvetica, sans-serif; font-size: 20px; color: #000000;\">o que \u00e9 o transporte de cota e de altitude;<\/span><\/li>\n<li><span style=\"font-family: arial, helvetica, sans-serif; font-size: 20px; color: #000000;\">Quando voc\u00ea deve utilizar cotas e altitudes em seus projetos;<\/span><\/li>\n<li><span style=\"font-family: arial, helvetica, sans-serif; font-size: 20px; color: #000000;\">Como obter coordenadas para utilizar em seus projetos e;<\/span><\/li>\n<li><span style=\"font-family: arial, helvetica, sans-serif; font-size: 20px; color: #000000;\">Como descobrir marcos para o transporte de coordenadas.<\/span><\/li>\n<\/ul>\n<p><span style=\"font-size: 20px; font-family: arial, helvetica, sans-serif; color: #000000; line-height: 1.3;\">Prossiga a leitura com m\u00e1xima aten\u00e7\u00e3o.<\/span><\/p>\n<p>&nbsp;<\/p>\n<h2 style=\"text-align: center;\"><strong><span style=\"font-size: 24px; font-family: arial, helvetica, sans-serif; color: #000000; line-height: 1.3;\">Transporte de coordenadas<\/span><\/strong><\/h2>\n<p><span style=\"color: #000000;\"><span style=\"font-family: arial, helvetica, sans-serif; font-size: 20px;\">O <strong>transporte de coordenadas<\/strong> \u00e9 o procedimento atrav\u00e9s do qual as coordenadas s\u00e3o transportadas para a \u00e1rea de interesse.<\/span><\/span><\/p>\n<p><span style=\"color: #000000;\"><span style=\"font-family: arial, helvetica, sans-serif; font-size: 20px;\">Por exemplo, olhe para a imagem abaixo:<\/span><\/span><\/p>\n<p><img decoding=\"async\" class=\"aligncenter size-large wp-image-29520\" src=\"https:\/\/adenilsongiovanini.com.br\/wp-content\/uploads\/2022\/04\/transporte-de-coordenadas-1024x399.jpg\" alt=\"transporte de coordenadas\" width=\"1024\" height=\"399\" \/><\/p>\n<p><span style=\"color: #000000;\"><span style=\"font-family: arial, helvetica, sans-serif; font-size: 20px;\">Neste exemplo em especifico, um aluno do <span style=\"color: #0000ff;\"><a style=\"color: #0000ff;\" href=\"https:\/\/adenilsongiovanini.com.br\/estacao-total\/\">treinamento Esta\u00e7\u00e3o Total na Pr\u00e1tica<\/a><\/span>, precisava fazer o <span style=\"color: #0000ff;\"><a style=\"color: #0000ff;\" href=\"https:\/\/adenilsongiovanini.com.br\/blog\/loteamento-urbano-o-que-e-e-como-fazer\/\">levantamento de um lote urbano<\/a><\/span>, utilizando para isso <span style=\"color: #0000ff;\"><a style=\"color: #0000ff;\" href=\"https:\/\/adenilsongiovanini.com.br\/blog\/levantamento-georreferenciado-o-que-e\/\">coordenadas georreferenciadas<\/a><\/span>.<\/span><\/span><\/p>\n<p><span style=\"color: #000000;\"><span style=\"font-family: arial, helvetica, sans-serif; font-size: 20px;\">Para isso, partindo-se dos <span style=\"color: #0000ff;\"><a style=\"color: #0000ff;\" href=\"https:\/\/adenilsongiovanini.com.br\/blog\/marcos-geodesicos-quais-os-tipos-existentes\/\">marcos geod\u00e9sicos<\/a><\/span> destacados na imagem, que fazem parte da <span style=\"color: #0000ff;\"><a style=\"color: #0000ff;\" href=\"https:\/\/caxias.rs.gov.br\/servicos\/planejamento\/diretoria-de-informacoes-geoespaciais\">Rede de Marcos Geod\u00e9sicos do munic\u00edpio de Caxias do Sul<\/a><\/span>, ele fez o levantamento do lote de interesse, utilizando <span style=\"color: #0000ff;\"><a style=\"color: #0000ff;\" href=\"https:\/\/adenilsongiovanini.com.br\/blog\/coordenadas-utm\/\">coordenadas UTM<\/a><\/span>.<\/span><\/span><\/p>\n<p><span style=\"color: #000000;\"><span style=\"font-family: arial, helvetica, sans-serif; font-size: 20px;\">Perceba que o <strong>transporte de coordenadas<\/strong> nada mais \u00e9 do que <strong><em>obter-se as coordenadas de um v\u00e9rtice, pol\u00edgono ou \u00e1rea de interesse, partindo-se de pontos de coordenadas conhecidas<\/em><\/strong>.<\/span><\/span><\/p>\n<p>&nbsp;<\/p>\n<h2 style=\"text-align: center;\"><span style=\"font-size: 24px;\"><strong><span style=\"color: #000000;\"><span style=\"font-family: arial, helvetica, sans-serif;\">O que \u00e9 o transporte de cotas e de altitudes<\/span><\/span><\/strong><\/span><\/h2>\n<p><img decoding=\"async\" class=\"aligncenter size-full wp-image-21057\" src=\"https:\/\/adenilsongiovanini.com.br\/blog\/wp-content\/uploads\/2021\/06\/marco-rede-de-monitoramento-continuo-ibge.png\" alt=\"transporte de coordenadas e transporte de altitude\" width=\"623\" height=\"455\" srcset=\"https:\/\/adenilsongiovanini.com.br\/blog\/wp-content\/uploads\/2021\/06\/marco-rede-de-monitoramento-continuo-ibge.png 623w, https:\/\/adenilsongiovanini.com.br\/blog\/wp-content\/uploads\/2021\/06\/marco-rede-de-monitoramento-continuo-ibge-300x219.png 300w, https:\/\/adenilsongiovanini.com.br\/blog\/wp-content\/uploads\/2021\/06\/marco-rede-de-monitoramento-continuo-ibge-320x234.png 320w, https:\/\/adenilsongiovanini.com.br\/blog\/wp-content\/uploads\/2021\/06\/marco-rede-de-monitoramento-continuo-ibge-360x263.png 360w\" sizes=\"(max-width: 623px) 100vw, 623px\" \/><\/p>\n<p><span style=\"color: #000000;\"><span style=\"font-family: arial, helvetica, sans-serif; font-size: 20px;\">Al\u00e9m do transporte de coordenadas, algo que tamb\u00e9m \u00e9 comum em obras de engenharia diversas \u00e9 o transporte de <span style=\"color: #0000ff;\"><a style=\"color: #0000ff;\" href=\"https:\/\/adenilsongiovanini.com.br\/blog\/cota-altimetrica-e-altitude-o-que-sao\/\">cota e altitude<\/a><\/span>.<\/span><\/span><\/p>\n<p><span style=\"color: #000000;\"><span style=\"font-family: arial, helvetica, sans-serif; font-size: 20px;\">No caso, a <span style=\"color: #0000ff;\"><a style=\"color: #0000ff;\" href=\"https:\/\/f89e8e83-7ac6-4d00-8afd-a675b55f0752.filesusr.com\/ugd\/052a5c_7d9dac4b69b04f088f1d6f163b177168.pdf\">segunda edi\u00e7\u00e3o da NBR 13.133\/2021<\/a><\/span> traz o seguinte conceito para <span style=\"color: #0000ff;\"><a style=\"color: #0000ff;\" href=\"https:\/\/adenilsongiovanini.com.br\/blog\/cota-topografia-o-que-e-e-quando-utilizar\/\">cota<\/a><\/span>:<\/span><\/span><\/p>\n<blockquote style=\"border: 2px double #009900; background: #f0fff0 none repeat scroll 0% 0%; -moz-background-clip: -moz-initial; -moz-background-origin: -moz-initial; -moz-background-inline-policy: -moz-initial; color: #323232; padding-left: 15px; padding-top: 10px; padding-bottom: 10px;\">\n<p><span style=\"font-family: arial, helvetica, sans-serif; font-size: 20px; color: #000000;\">Dist\u00e2ncia vertical de um ponto a uma superf\u00edcie horizontal de refer\u00eancia;<\/span><\/p>\n<\/blockquote>\n<p><span style=\"color: #000000;\"><span style=\"font-family: arial, helvetica, sans-serif; font-size: 20px;\">Ou seja, a <strong>cota<\/strong> nada mais \u00e9 do que a dist\u00e2ncia vertical em rela\u00e7\u00e3o a uma superf\u00edcie de n\u00edvel arbitr\u00e1ria.<\/span><\/span><\/p>\n<p><span style=\"font-family: arial, helvetica, sans-serif; font-size: 20px; color: #000000;\">Lembre-se que a <span style=\"color: #0000ff;\"><a href=\"https:\/\/adenilsongiovanini.com.br\/blog\/livro-de-topografia-2\/\" style=\"color: #0000ff;\">topografia<\/a><\/span> se baseia na utiliza\u00e7\u00e3o do <span style=\"color: #0000ff;\"><a style=\"color: #0000ff;\" href=\"https:\/\/adenilsongiovanini.com.br\/blog\/plano-topografico\/\">plano topogr\u00e1fico<\/a><\/span>. Plano este de tamanho limitado, no qual os efeitos da curvatura terrestre s\u00e3o m\u00ednimos.<\/span><\/p>\n<p><span style=\"font-family: arial, helvetica, sans-serif; font-size: 20px; color: #000000;\">Desta maneira, na realiza\u00e7\u00e3o de <span style=\"color: #0000ff;\"><a style=\"color: #0000ff;\" href=\"https:\/\/adenilsongiovanini.com.br\/blog\/levantamento-topografico-de-terreno\/\">levantamentos topogr\u00e1ficos<\/a><\/span> \u00e9 normal utilizar-se superf\u00edcies arbitr\u00e1rias. <\/span><span style=\"font-family: arial, helvetica, sans-serif; font-size: 20px; color: #000000;\">Por exemplo, na realiza\u00e7\u00e3o de levantamentos topogr\u00e1ficos com <span style=\"color: #0000ff;\"><a style=\"color: #0000ff;\" href=\"https:\/\/adenilsongiovanini.com.br\/blog\/estacao-total-topografia-ja-fez-o-curso\/\">esta\u00e7\u00f5es totais<\/a><\/span>, normalmente se utiliza coordenadas X, Y e Z de:<\/span><\/p>\n<ul>\n<li><span style=\"font-family: arial, helvetica, sans-serif; font-size: 20px; color: #000000;\">0,0 e 10;<\/span><\/li>\n<li><span style=\"font-family: arial, helvetica, sans-serif; font-size: 20px; color: #000000;\">0,0 e 100 ou;<\/span><\/li>\n<li><span style=\"font-family: arial, helvetica, sans-serif; font-size: 20px; color: #000000;\">0,0 e 1.000.<\/span><\/li>\n<\/ul>\n<p><span style=\"font-family: arial, helvetica, sans-serif; font-size: 20px; color: #000000;\"> Ou seja, dependendo das caracter\u00edsticas do <span style=\"color: #0000ff;\"><a style=\"color: #0000ff;\" href=\"https:\/\/adenilsongiovanini.com.br\/blog\/levantamento-altimetrico-o-que-e-e-quais-metodos-de-levantamento-utilizar\/\">levantamento altim\u00e9trico<\/a><\/span> que voc\u00ea estiver realizando, <\/span><span style=\"font-family: arial, helvetica, sans-serif; font-size: 20px; color: #000000;\">poder\u00e1 implantar alguns <span style=\"color: #0000ff;\"><a style=\"color: #0000ff;\" href=\"https:\/\/adenilsongiovanini.com.br\/blog\/piquete-topografia-o-que-e-e-qual-sua-funcao\/\">piquetes<\/a><\/span>, atribuindo uma cota arbitr\u00e1ria aos mesmos.<\/span><\/p>\n<p><span style=\"font-family: arial, helvetica, sans-serif; font-size: 20px; color: #000000;\">No caso, os piquetes ir\u00e3o amarrar o levantamento topogr\u00e1fico ao terreno, constituindo o apoio topogr\u00e1fico.<\/span><\/p>\n<p>&nbsp;<\/p>\n<h3 style=\"text-align: center;\"><span style=\"font-size: 20px;\"><strong><span style=\"font-family: arial, helvetica, sans-serif; color: #000000;\">Transporte de coordenadas &#8211; O que \u00e9 a altitude ortom\u00e9trica<\/span><\/strong><\/span><\/h3>\n<p><img decoding=\"async\" class=\"aligncenter size-full wp-image-25685\" src=\"https:\/\/adenilsongiovanini.com.br\/blog\/wp-content\/uploads\/2021\/10\/altitude-ortometrica.png\" alt=\"altitude ortom\u00e9trica\" width=\"716\" height=\"200\" srcset=\"https:\/\/adenilsongiovanini.com.br\/blog\/wp-content\/uploads\/2021\/10\/altitude-ortometrica.png 716w, https:\/\/adenilsongiovanini.com.br\/blog\/wp-content\/uploads\/2021\/10\/altitude-ortometrica-300x84.png 300w\" sizes=\"(max-width: 716px) 100vw, 716px\" \/><\/p>\n<p><span style=\"font-family: arial, helvetica, sans-serif; font-size: 20px; color: #000000;\">Na realiza\u00e7\u00e3o do transporte de <span style=\"color: #0000ff;\"><a style=\"color: #0000ff;\" href=\"https:\/\/adenilsongiovanini.com.br\/blog\/retificacao-de-escritura-como-fazer\/\">coordenadas georreferenciadas<\/a><\/span>, ao inv\u00e9s da cota, voc\u00ea utilizar\u00e1 <\/span><span style=\"font-family: arial, helvetica, sans-serif; font-size: 20px; color: #000000;\">a <span style=\"color: #0000ff;\"><a style=\"color: #0000ff;\" href=\"https:\/\/adenilsongiovanini.com.br\/blog\/altitude-ortometrica\/\"><strong>altitude ortom\u00e9trica.<\/strong><\/a><\/span> <\/span><\/p>\n<p><span style=\"font-family: arial, helvetica, sans-serif; font-size: 20px; color: #000000;\">No caso, em sua segunda edi\u00e7\u00e3o, a NBR 13.133 traz o seguinte conceito para <strong>altitude ortom\u00e9trica<\/strong>:<\/span><\/p>\n<blockquote style=\"border: 2px double #009900; background: #f0fff0 none repeat scroll 0% 0%; -moz-background-clip: -moz-initial; -moz-background-origin: -moz-initial; -moz-background-inline-policy: -moz-initial; color: #323232; padding-left: 15px; padding-top: 10px; padding-bottom: 10px;\">\n<p><span style=\"font-family: arial, helvetica, sans-serif; font-size: 20px; color: #000000;\">dist\u00e2ncia entre a superf\u00edcie f\u00edsica e a geoidal, observada na vertical do lugar<\/span><\/p>\n<\/blockquote>\n<p><span style=\"font-family: arial, helvetica, sans-serif; font-size: 20px; color: #000000;\">Ou seja, a altitude ortom\u00e9trica \u00e9 medida ao longo da vertical. <\/span><span style=\"font-family: arial, helvetica, sans-serif; font-size: 20px; color: #000000;\">Veja a mesma destacada na imagem abaixo.<\/span><\/p>\n<p>&nbsp;<\/p>\n<p><img decoding=\"async\" class=\"aligncenter wp-image-3976 size-large\" src=\"https:\/\/adenilsongiovanini.com.br\/blog\/wp-content\/uploads\/2019\/12\/altitude-ortom%C3%A9trica-780x554.png\" sizes=\"(max-width: 780px) 100vw, 780px\" srcset=\"https:\/\/adenilsongiovanini.com.br\/blog\/wp-content\/uploads\/2019\/12\/altitude-ortom\u00e9trica-780x554.png 780w, https:\/\/adenilsongiovanini.com.br\/blog\/wp-content\/uploads\/2019\/12\/altitude-ortom\u00e9trica-300x213.png 300w, https:\/\/adenilsongiovanini.com.br\/blog\/wp-content\/uploads\/2019\/12\/altitude-ortom\u00e9trica-768x546.png 768w, https:\/\/adenilsongiovanini.com.br\/blog\/wp-content\/uploads\/2019\/12\/altitude-ortom\u00e9trica.png 992w\" alt=\"o que \u00e9 a altitude ortom\u00e9trica\" width=\"780\" height=\"554\" \/><\/p>\n<p><span style=\"font-family: arial, helvetica, sans-serif; font-size: 14pt; color: #000000;\">No caso, \u00e9 a linha dada pela letra \u201cH\u201d.<\/span><\/p>\n<p>&nbsp;<\/p>\n<h2 style=\"text-align: center;\"><span style=\"font-size: 24px;\"><strong><span style=\"font-family: arial, helvetica, sans-serif; color: #000000;\">Transporte de coordenadas &#8211; Quando voc\u00ea deve utilizar cotas e altitudes<\/span><\/strong><\/span><\/h2>\n<p><img decoding=\"async\" class=\"aligncenter size-full wp-image-3885\" src=\"https:\/\/adenilsongiovanini.com.br\/blog\/wp-content\/uploads\/2019\/12\/modelo-de-ondula\u00e7\u00e3o-geoidal-altitude-ortom\u00e9trica.gif\" alt=\"transporte de coordenadas - modelo de ondula\u00e7\u00e3o geoidal e cota altim\u00e9trica\" width=\"525\" height=\"468\" \/><\/p>\n<p><span style=\"font-family: arial, helvetica, sans-serif; font-size: 20px; color: #000000;\">Dependendo do servi\u00e7o que estiver prestando, voc\u00ea poder\u00e1 utilizar cotas, ou dever\u00e1 necessariamente utilizar a altitude ortom\u00e9trica.<\/span><\/p>\n<p><span style=\"font-family: arial, helvetica, sans-serif; font-size: 20px; color: #000000;\">No caso, cotas normalmente s\u00e3o utilizadas em obras de engenharia de pequeno porte. <\/span><span style=\"font-family: arial, helvetica, sans-serif; font-size: 20px; color: #000000;\">Por exemplo:<\/span><\/p>\n<ul>\n<li><span style=\"font-family: arial, helvetica, sans-serif; font-size: 20px; color: #000000;\">Para determina\u00e7\u00e3o das cotas de corte e aterro de um terreno;<\/span><\/li>\n<li><span style=\"font-family: arial, helvetica, sans-serif; font-size: 20px; color: #000000;\">Para o c\u00e1lculo do volume de um barramento e;<\/span><\/li>\n<li><span style=\"font-family: arial, helvetica, sans-serif; font-size: 20px; color: #000000;\">Para o c\u00e1lculo da diferen\u00e7a de n\u00edvel entre 2 pontos.<\/span><\/li>\n<\/ul>\n<p><span style=\"font-family: arial, helvetica, sans-serif; font-size: 20px; color: #000000;\">J\u00e1 a altitude, normalmente \u00e9 utilizada em obras de engenharia de maior <\/span><span style=\"font-family: arial, helvetica, sans-serif; font-size: 20px; color: #000000;\">porte. <\/span><span style=\"font-family: arial, helvetica, sans-serif; font-size: 20px; color: #000000;\">Como<\/span><span style=\"font-family: arial, helvetica, sans-serif; font-size: 20px; color: #000000;\"> exemplos temos:<\/span><\/p>\n<ul>\n<li><span style=\"font-family: arial, helvetica, sans-serif; font-size: 20px; color: #000000;\">Oleodutos;<\/span><\/li>\n<li><span style=\"font-family: arial, helvetica, sans-serif; font-size: 20px; color: #000000;\">Gasodutos e;<\/span><\/li>\n<li><span style=\"font-family: arial, helvetica, sans-serif; font-size: 20px; color: #000000;\">Linhas de alta tens\u00e3o.<\/span><\/li>\n<\/ul>\n<p><span style=\"font-family: arial, helvetica, sans-serif; font-size: 20px; color: #000000;\">Ou seja, se voc\u00ea estiver fazendo um levantamento topogr\u00e1fico mais simples, cujo objetivo \u00e9 apenas a determina\u00e7\u00e3o de diferen\u00e7as de n\u00edveis, dist\u00e2ncias, \u00e2ngulos e \u00e1reas, n\u00e3o tem porque fazer o transporte de altitude.<\/span><\/p>\n<p><span style=\"font-family: arial, helvetica, sans-serif; font-size: 20px; color: #000000;\">J\u00e1 se o que voc\u00ea tiver fazendo for um <span style=\"color: #0000ff;\"><a href=\"https:\/\/adenilsongiovanini.com.br\/blog\/levantamento-cadastral-de-imovel\/\" style=\"color: #0000ff;\">levantamento cadastral<\/a><\/span> ou um levantamento para uma obra de engenharia, provavelmente voc\u00ea ter\u00e1 que fazer o transporte de coordenadas ou o <span style=\"color: #0000ff;\"><a href=\"https:\/\/adenilsongiovanini.com.br\/blog\/transporte-de-coordenadas-cotas-e-altitudes\/\" style=\"color: #0000ff;\">transporte da altitude<\/a><\/span>.<\/span><\/p>\n<p><span style=\"font-family: arial, helvetica, sans-serif; font-size: 20px; color: #000000;\">Nestes casos, voc\u00ea ter\u00e1 que necessariamente utilizar a altitude ortom\u00e9trica.<\/span><\/p>\n<p>&nbsp;<\/p>\n<h2 style=\"text-align: center;\"><strong><span style=\"font-family: arial, helvetica, sans-serif; font-size: 24px; color: #000000;\">Transporte de coordenadas &#8211; Como obter coordenadas para utilizar em seus projetos<\/span><\/strong><\/h2>\n<p><img decoding=\"async\" class=\"aligncenter size-full wp-image-19537\" src=\"https:\/\/adenilsongiovanini.com.br\/blog\/wp-content\/uploads\/2021\/04\/Nivelamento-geometrico.jpg\" alt=\"transporte de coordenadas - Como obter coordenadas para utilizar em seus projetos\" width=\"538\" height=\"358\" srcset=\"https:\/\/adenilsongiovanini.com.br\/blog\/wp-content\/uploads\/2021\/04\/Nivelamento-geometrico.jpg 538w, https:\/\/adenilsongiovanini.com.br\/blog\/wp-content\/uploads\/2021\/04\/Nivelamento-geometrico-300x200.jpg 300w, https:\/\/adenilsongiovanini.com.br\/blog\/wp-content\/uploads\/2021\/04\/Nivelamento-geometrico-320x213.jpg 320w, https:\/\/adenilsongiovanini.com.br\/blog\/wp-content\/uploads\/2021\/04\/Nivelamento-geometrico-360x240.jpg 360w\" sizes=\"(max-width: 538px) 100vw, 538px\" \/><\/p>\n<p><span style=\"font-family: arial, helvetica, sans-serif; font-size: 20px; color: #000000;\">Quando estiver prestando um servi\u00e7o que precise da utiliza\u00e7\u00e3o da <strong>coordenadas georreferenciadas<\/strong>, existem 2 procedimentos distintos que voc\u00ea pode utilizar. S\u00e3o eles:<\/span><\/p>\n<ul>\n<li><span style=\"font-family: arial, helvetica, sans-serif; font-size: 20px; color: #000000;\">Partir de marcos cujas <span style=\"color: #0000ff;\"><a href=\"https:\/\/adenilsongiovanini.com.br\/blog\/tipos-de-coordenadas-geograficas\/\" style=\"color: #0000ff;\">coordenadas<\/a> <\/span>sejam conhecidas;<\/span><\/li>\n<li><span style=\"font-family: arial, helvetica, sans-serif; font-size: 20px; color: #000000;\">Fazer o rastreamento de dados com a utiliza\u00e7\u00e3o de <\/span><span style=\"font-family: arial, helvetica, sans-serif; font-size: 20px; color: #000000;\"><span style=\"color: #0000ff;\"><a style=\"color: #0000ff;\" href=\"https:\/\/adenilsongiovanini.com.br\/blog\/receptor-gnss-quando-utilizar\/\">receptor GNSS<\/a><\/span>.<\/span><\/li>\n<\/ul>\n<p><span style=\"font-family: arial, helvetica, sans-serif; font-size: 20px; color: #000000;\">Lembrando que os m\u00e9todos e procedimentos adotados est\u00e3o diretamente relacionados a natureza do servi\u00e7o que ser\u00e1 prestado.<\/span><\/p>\n<p><span style=\"font-family: arial, helvetica, sans-serif; font-size: 20px; color: #000000;\">Normalmente, faz-se necess\u00e1rio o tratamento estoc\u00e1stico dos dados, utilizando-se para isso um <span style=\"color: #0000ff;\"><a style=\"color: #0000ff;\" href=\"https:\/\/adenilsongiovanini.com.br\/blog\/software-de-topografia-os-5-tipos-existentes\/\">software de processamento e de ajustamento<\/a><\/span>.<\/span><\/p>\n<p><span style=\"font-family: arial, helvetica, sans-serif; font-size: 20px; color: #000000;\">Quanto ao transporte de altitude, em sua segunda edi\u00e7\u00e3o, a NBR 13.133 informa que:<\/span><\/p>\n<blockquote style=\"border: 2px double #009900; background: #f0fff0 none repeat scroll 0% 0%; -moz-background-clip: -moz-initial; -moz-background-origin: -moz-initial; -moz-background-inline-policy: -moz-initial; color: #323232; padding-left: 15px; padding-top: 10px; padding-bottom: 10px;\">\n<p><span style=\"font-family: arial, helvetica, sans-serif; font-size: 20px; color: #000000;\">Para o transporte de altitudes, \u00e9 necess\u00e1rio utilizar se\u00e7\u00e3o de duplo nivelamento (ida e volta) ou circuitos fechados, desde que as origens (partidas e chegadas) sejam em RRNN distintas e pertencentes e\/ou vinculadas \u00e0 rede do provedor de informa\u00e7\u00f5es geogr\u00e1ficas e estat\u00edsticas do pa\u00eds.<br \/>\nDistribuir ao longo do caminhamento do transporte os chamados pontos de seguran\u00e7a (PS), com ponto com valor de cota ou altitude conhecida m\u00e9dia de 1,0 km entre eles. As visadas m\u00e1ximas de medidas nas miras n\u00e3o podem ultrapassar os 80 m e n\u00e3o podem ser feitas leituras onde as visadas passem a menos de 30 cm de uma superf\u00edcie, para se evitar o efeito da refra\u00e7\u00e3o.<\/span><\/p>\n<\/blockquote>\n<p><span style=\"font-family: arial, helvetica, sans-serif; font-size: 20px; color: #000000;\">No caso, a sigla <strong>RRNN<\/strong> significa conjunto de pontos materializados de refer\u00eancias de n\u00edvel.<\/span><\/p>\n<p><span style=\"font-family: arial, helvetica, sans-serif; font-size: 20px; color: #000000;\">No <span style=\"color: #0000ff;\"><a href=\"https:\/\/adenilsongiovanini.com.br\/blog\/curso-de-cartografia\/\" style=\"color: #0000ff;\">Curso de Cartografia no QGIS<\/a><\/span> eu entro mais fundo no tema, explicando de maneira detalhada a cartografia aplicada e ensinando como fazer a transforma\u00e7\u00e3o, a proje\u00e7\u00e3o e a reproje\u00e7\u00e3o de dados.<\/span><\/p>\n<p><img decoding=\"async\" src=\"https:\/\/adenilsongiovanini.com.br\/blog\/wp-content\/uploads\/2022\/07\/curso-de-cartografia-online-780x477.png\" alt=\"curso de cartografia\" width=\"750\" height=\"459\" class=\"alignnone wp-image-32025 size-large\" srcset=\"https:\/\/adenilsongiovanini.com.br\/blog\/wp-content\/uploads\/2022\/07\/curso-de-cartografia-online-780x477.png 780w, https:\/\/adenilsongiovanini.com.br\/blog\/wp-content\/uploads\/2022\/07\/curso-de-cartografia-online-300x184.png 300w, https:\/\/adenilsongiovanini.com.br\/blog\/wp-content\/uploads\/2022\/07\/curso-de-cartografia-online-768x470.png 768w, https:\/\/adenilsongiovanini.com.br\/blog\/wp-content\/uploads\/2022\/07\/curso-de-cartografia-online.png 1209w\" sizes=\"(max-width: 750px) 100vw, 750px\" \/><\/p>\n<p><span style=\"font-family: arial, helvetica, sans-serif; font-size: 20px; color: #000000;\"><span style=\"color: #0000ff;\"><a href=\"https:\/\/adenilsongiovanini.com.br\/curso-cartografia\/\" style=\"color: #0000ff;\">Acesse este link<\/a><\/span> e conhe\u00e7a melhor o mesmo.<\/span><\/p>\n<p>&nbsp;<\/p>\n<h2 style=\"text-align: center;\"><strong><span style=\"font-family: arial, helvetica, sans-serif; font-size: 24px; color: #000000;\">Como descobrir marcos para o transporte de coordenadas<\/span><\/strong><\/h2>\n<p><img decoding=\"async\" class=\"aligncenter size-full wp-image-19951\" src=\"https:\/\/adenilsongiovanini.com.br\/blog\/wp-content\/uploads\/2017\/12\/marco-em-corrego.jpg\" alt=\"marcos das redes geod\u00e9sicas do IBGE\" width=\"495\" height=\"400\" srcset=\"https:\/\/adenilsongiovanini.com.br\/blog\/wp-content\/uploads\/2017\/12\/marco-em-corrego.jpg 495w, https:\/\/adenilsongiovanini.com.br\/blog\/wp-content\/uploads\/2017\/12\/marco-em-corrego-300x242.jpg 300w, https:\/\/adenilsongiovanini.com.br\/blog\/wp-content\/uploads\/2017\/12\/marco-em-corrego-320x259.jpg 320w, https:\/\/adenilsongiovanini.com.br\/blog\/wp-content\/uploads\/2017\/12\/marco-em-corrego-360x291.jpg 360w\" sizes=\"(max-width: 495px) 100vw, 495px\" \/><\/p>\n<p><span style=\"font-family: arial, helvetica, sans-serif; font-size: 20px; color: #000000;\">Caso voc\u00ea n\u00e3o possua um par de <span style=\"color: #0000ff;\"><a href=\"https:\/\/adenilsongiovanini.com.br\/blog\/curso-rtk-conheca-o-mais-completo-do-brasil\/\" style=\"color: #0000ff;\">receptores GNSS<\/a><\/span> e precise obter <span style=\"color: #0000ff;\"><a style=\"color: #0000ff;\" href=\"https:\/\/adenilsongiovanini.com.br\/blog\/coordenadas-geodesicas-o-que-sao\/\">coordenadas geod\u00e9sicas<\/a><\/span> para utilizar em um projeto especifico, a maneira mais f\u00e1cil de conseguir as mesmas \u00e9 descobrir se o munic\u00edpio possui uma rede de marcos geod\u00e9sicos.<\/span><\/p>\n<p><span style=\"font-family: arial, helvetica, sans-serif; font-size: 20px; color: #000000;\">A grande maioria dos munic\u00edpios de maior porte possui rede pr\u00f3pria de marcos geod\u00e9sicos.<\/span><\/p>\n<p><span style=\"font-family: arial, helvetica, sans-serif; font-size: 20px; color: #000000;\">Lembrando que muito em breve todos os munic\u00edpios precisar\u00e3o ter uma rede de refer\u00eancia cadastral municipal.<\/span><\/p>\n<p><span style=\"font-family: arial, helvetica, sans-serif; font-size: 20px; color: #000000;\">Lembrando que caso precise fazer o <strong>transporte da altitude<\/strong>, voc\u00ea pode partir de um marco da rede altim\u00e9trica do IBGE.<\/span><\/p>\n<p><span style=\"font-family: arial, helvetica, sans-serif; font-size: 20px; color: #000000;\">Para descobrir marcos da <span style=\"color: #0000ff;\"><a style=\"color: #0000ff;\" href=\"https:\/\/adenilsongiovanini.com.br\/blog\/datum-planimetrico-o-que-e-caracteristicas-e-especificidades\/\">rede planim\u00e9trica<\/a><\/span> ou da rede altim\u00e9trica do IBGE pr\u00f3ximos da \u00e1rea de interesse \u00e9 s\u00f3 voc\u00ea acessar <\/span><span style=\"font-family: arial, helvetica, sans-serif; font-size: 20px; color: #000000;\"> acessar o link abaixo:<\/span><\/p>\n<p><span style=\"font-family: arial, helvetica, sans-serif; font-size: 20px; color: #0000ff;\"><a style=\"color: #0000ff;\" href=\"https:\/\/www.ibge.gov.br\/geociencias\/informacoes-sobre-posicionamento-geodesico\/rede-geodesica.html\">https:\/\/www.ibge.gov.br\/geociencias\/informacoes-sobre-posicionamento-geodesico\/rede-geodesica.html<\/a><\/span><\/p>\n<p><span style=\"font-family: arial, helvetica, sans-serif; font-size: 20px; color: #000000;\">Trata-se de uma p\u00e1gina oficial do IBGE, na qual voc\u00ea encontrar\u00e1 informa\u00e7\u00f5es a respeito das diferentes redes do <span style=\"color: #0000ff;\"><a style=\"color: #0000ff;\" href=\"https:\/\/adenilsongiovanini.com.br\/blog\/sistema-geodesico-brasileiro-o-que-e\/\">Sistema Geod\u00e9sico Brasileiro<\/a><\/span>.<\/span><\/p>\n<p><span style=\"font-family: arial, helvetica, sans-serif; font-size: 20px; color: #000000;\">Por exemplo, navegando pela op\u00e7\u00e3o rede planialtim\u00e9trica, voc\u00ea poder\u00e1 acessar o aplicativo online Banco de Dados Geod\u00e9sicos, no qual poder\u00e1 visualizar as diferentes redes do sistema geod\u00e9sico brasileiro.<\/span><\/p>\n<p><span style=\"font-family: arial, helvetica, sans-serif; font-size: 20px; color: #000000;\">Link: <span style=\"color: #0000ff;\"><a style=\"color: #0000ff;\" href=\"http:\/\/www.bdg.ibge.gov.br\/appbdg\/\">http:\/\/www.bdg.ibge.gov.br\/appbdg\/<\/a><\/span><\/span><\/p>\n<p><span style=\"font-family: arial, helvetica, sans-serif; font-size: 20px; color: #000000;\">Atrav\u00e9s desta p\u00e1gina, voc\u00ea pode descobrir, por exemplo, qual marco de refer\u00eancia de n\u00edvel (RN) encontra-se pr\u00f3ximo ao local no qual voc\u00ea precisa fazer um <span style=\"color: #0000ff;\"><a style=\"color: #0000ff;\" href=\"https:\/\/adenilsongiovanini.com.br\/blog\/metodos-de-levantamento-topografico-planimetrico\/\">levantamento topogr\u00e1fico<\/a><\/span>.<\/span><\/p>\n<p><span style=\"font-family: arial, helvetica, sans-serif; font-size: 20px; color: #000000;\">Com isso, caso deseje, partindo do mesmo, voc\u00ea poder\u00e1 transportar a altitude ortom\u00e9trica at\u00e9 a \u00e1rea de interesse.<\/span><\/p>\n<p><span style=\"font-family: arial, helvetica, sans-serif; font-size: 20px; color: #000000;\">Para isso, na op\u00e7\u00e3o camadas, \u00e9 s\u00f3 habilitar a op\u00e7\u00e3o RN.<\/span><\/p>\n<p><img decoding=\"async\" class=\"aligncenter size-full wp-image-25681\" src=\"https:\/\/adenilsongiovanini.com.br\/blog\/wp-content\/uploads\/2021\/10\/rede-planialtimetrica-do-IBGE.png\" alt=\"transporte de coordenadas - rede planialtim\u00e9trica ibge\" width=\"321\" height=\"307\" srcset=\"https:\/\/adenilsongiovanini.com.br\/blog\/wp-content\/uploads\/2021\/10\/rede-planialtimetrica-do-IBGE.png 321w, https:\/\/adenilsongiovanini.com.br\/blog\/wp-content\/uploads\/2021\/10\/rede-planialtimetrica-do-IBGE-300x287.png 300w\" sizes=\"(max-width: 321px) 100vw, 321px\" \/><\/p>\n<p><span style=\"font-family: arial, helvetica, sans-serif; font-size: 20px; color: #000000;\">Com este procedimento ser\u00e3o carregados os marcos de Refer\u00eancias de n\u00edvel (RN) da rede altim\u00e9trica.<\/span><\/p>\n<p><img decoding=\"async\" class=\"aligncenter size-full wp-image-25682\" src=\"https:\/\/adenilsongiovanini.com.br\/blog\/wp-content\/uploads\/2021\/10\/marcos-da-rede-planialtimetrica.png\" alt=\"marcos da rede planialtim\u00e9trica\" width=\"473\" height=\"478\" srcset=\"https:\/\/adenilsongiovanini.com.br\/blog\/wp-content\/uploads\/2021\/10\/marcos-da-rede-planialtimetrica.png 473w, https:\/\/adenilsongiovanini.com.br\/blog\/wp-content\/uploads\/2021\/10\/marcos-da-rede-planialtimetrica-297x300.png 297w\" sizes=\"(max-width: 473px) 100vw, 473px\" \/><\/p>\n<p><span style=\"font-family: arial, helvetica, sans-serif; font-size: 20px; color: #000000;\">\u00c9 s\u00f3 navegar at\u00e9 a regi\u00e3o de interesse e ver qual o <span style=\"color: #0000ff;\"><a style=\"color: #0000ff;\" href=\"https:\/\/adenilsongiovanini.com.br\/blog\/marcos-geodesicos-quais-os-tipos-existentes\/\">marco<\/a><\/span> de refer\u00eancia de n\u00edvel est\u00e1 mais pr\u00f3ximo da mesma. <\/span><\/p>\n<p><span style=\"font-family: arial, helvetica, sans-serif; font-size: 20px; color: #000000;\">V\u00eddeo sobre o transporte de altitudes:<\/span><\/p>\n<p><center><iframe width=\"560\" height=\"315\" src=\"https:\/\/www.youtube.com\/embed\/yQsOdPFeifs\" title=\"YouTube video player\" frameborder=\"0\" allow=\"accelerometer; autoplay; clipboard-write; encrypted-media; gyroscope; picture-in-picture\" allowfullscreen=\"allowfullscreen\"><\/iframe><\/center><\/p>\n<p><span style=\"font-family: arial, helvetica, sans-serif; font-size: 20px; color: #000000;\">V\u00eddeo sobre o transporte de coordenadas:<\/span><\/p>\n<p><center><iframe width=\"560\" height=\"315\" src=\"https:\/\/www.youtube.com\/embed\/K37Oy1mzhok\" title=\"YouTube video player\" frameborder=\"0\" allow=\"accelerometer; autoplay; clipboard-write; encrypted-media; gyroscope; picture-in-picture\" allowfullscreen=\"allowfullscreen\"><\/iframe><\/center><\/p>\n<p><span style=\"font-family: arial, helvetica, sans-serif; font-size: 20px; color: #000000;\">\u00c9 isso por este artigo. Gratid\u00e3o por voc\u00ea ter lido o mesmo. \ud83d\ude4f<\/span><\/p>\n<p>&nbsp;<\/p>\n<p>&nbsp;<\/p>\n<h2 style=\"text-align: center;\"><span style=\"font-family: arial, helvetica, sans-serif; color: #000000; font-size: 24px;\"><strong>Domine a Topografia Cadastral atrav\u00e9s de um livro formado por centenas de exemplos pr\u00e1ticos <\/strong><\/span><\/h2>\n<h2 style=\"text-align: center;\"><span style=\"font-size: 20px;\"><a href=\"https:\/\/adenilsongiovanini.com.br\/georreferenciamento-de-imoveis-rurais-na-pratica\/\" rel=\"nofollow noreferrer\"><img decoding=\"async\" class=\"aligncenter size-large wp-image-19317\" src=\"https:\/\/adenilsongiovanini.com.br\/blog\/wp-content\/uploads\/2021\/04\/livro-de-topografia-e-georreferenciamento-1024x474.png\" sizes=\"(max-width: 1024px) 100vw, 1024px\" srcset=\"https:\/\/adenilsongiovanini.com.br\/blog\/wp-content\/uploads\/2021\/04\/livro-de-topografia-e-georreferenciamento-1024x474.png 1024w, https:\/\/adenilsongiovanini.com.br\/blog\/wp-content\/uploads\/2021\/04\/livro-de-topografia-e-georreferenciamento-300x139.png 300w, https:\/\/adenilsongiovanini.com.br\/blog\/wp-content\/uploads\/2021\/04\/livro-de-topografia-e-georreferenciamento-768x355.png 768w, https:\/\/adenilsongiovanini.com.br\/blog\/wp-content\/uploads\/2021\/04\/livro-de-topografia-e-georreferenciamento-1536x711.png 1536w, https:\/\/adenilsongiovanini.com.br\/blog\/wp-content\/uploads\/2021\/04\/livro-de-topografia-e-georreferenciamento-320x148.png 320w, https:\/\/adenilsongiovanini.com.br\/blog\/wp-content\/uploads\/2021\/04\/livro-de-topografia-e-georreferenciamento-640x296.png 640w, https:\/\/adenilsongiovanini.com.br\/blog\/wp-content\/uploads\/2021\/04\/livro-de-topografia-e-georreferenciamento-360x167.png 360w, https:\/\/adenilsongiovanini.com.br\/blog\/wp-content\/uploads\/2021\/04\/livro-de-topografia-e-georreferenciamento-720x333.png 720w, https:\/\/adenilsongiovanini.com.br\/blog\/wp-content\/uploads\/2021\/04\/livro-de-topografia-e-georreferenciamento-1080x500.png 1080w, https:\/\/adenilsongiovanini.com.br\/blog\/wp-content\/uploads\/2021\/04\/livro-de-topografia-e-georreferenciamento-800x370.png 800w, https:\/\/adenilsongiovanini.com.br\/blog\/wp-content\/uploads\/2021\/04\/livro-de-topografia-e-georreferenciamento-1280x592.png 1280w, https:\/\/adenilsongiovanini.com.br\/blog\/wp-content\/uploads\/2021\/04\/livro-de-topografia-e-georreferenciamento.png 1565w\" alt=\"livro de topografia e georreferenciamento\" width=\"1024\" height=\"474\" \/><\/a><\/span><\/h2>\n<p><span style=\"font-family: arial, helvetica, sans-serif; font-size: 20px; color: #000000;\">Voc\u00ea quer dominar a Topografia Cadastral?<\/span><\/p>\n<p><span style=\"font-family: arial, helvetica, sans-serif; font-size: 20px; color: #000000;\">Ent\u00e3o eu tenho uma \u00f3tima noticia para voc\u00ea. Me refiro ao <span style=\"color: #0000ff;\"><a style=\"color: #0000ff;\" href=\"https:\/\/adenilsongiovanini.com.br\/georreferenciamento-de-imoveis-rurais-na-pratica\/\" rel=\"nofollow noreferrer\">livro Topografia Cadastral e Georreferenciamento de Im\u00f3veis Rurais na Pr\u00e1tica<\/a><\/span>.<\/span><\/p>\n<p><span style=\"font-size: 20px;\"><span style=\"font-family: arial, helvetica, sans-serif; color: #000000;\">O mesmo \u00e9 dividido em 10 cap\u00edtulos recheados com muitos estudos de caso e exemplos pr\u00e1ticos. D\u00ea uma espiadinha no sum\u00e1rio do mesmo:<\/span><\/span><\/p>\n<p>&nbsp;<\/p>\n<p><center><iframe width=\"99%\" height=\"980\" src=\"https:\/\/drive.google.com\/file\/d\/1HJ8fZz1PvPmftfXHJNFTvIBBzY_FZhPJ\/preview\"><span data-mce-type=\"bookmark\" style=\"display: inline-block; width: 0px; overflow: hidden; line-height: 0;\" class=\"mce_SELRES_start\">\ufeff<\/span><\/iframe><\/center><\/p>\n<p>&nbsp;<\/p>\n<p><span style=\"font-size: 20px;\"><span style=\"font-family: arial, helvetica, sans-serif; color: #000000;\">Para conhecer melhor a estrutura do livro, juntar-se a mais de 800 profissionais e adquirir sua c\u00f3pia \u00e9 s\u00f3 clicar no bot\u00e3o abaixo:<\/span><\/span><\/p>\n<p>&nbsp;<\/p>\n<p><span style=\"color: #000000; font-size: 20px;\"><div class=\"su-button-center\"><a href=\"https:\/\/adenilsongiovanini.com.br\/georreferenciamento-de-imoveis-rurais-na-pratica\/\" class=\"su-button su-button-style-3d\" style=\"color:#000000;background-color:#2BCC2F;border-color:#23a426;border-radius:9px\" target=\"_blank\" rel=\"nofollow\" id=\"1\"><span style=\"color:#000000;padding:0px 24px;font-size:18px;line-height:36px;border-color:#6bdc6e;border-radius:9px;text-shadow:0px 0px 0px #000000\"> \u279c Quero Conhecer Melhor o Livro, Pois Quero e Preciso Aprender Mais Sobre Legisla\u00e7\u00e3o Cadastral e Geo. de Im\u00f3veis Rurais<\/span><\/a><\/div><\/span><\/p>\n<p>&nbsp;<\/p>\n<p>&nbsp;<\/p>\n","protected":false},"excerpt":{"rendered":"<p>Transporte de Coordenadas, voc\u00ea acabou de colocar suas 2 m\u00e3os em um artigo definitivo a respeito do tema. Com a leitura do mesmo, voc\u00ea aprender\u00e1: O que \u00e9 o transporte de coordenadas; o que \u00e9 o transporte de cota e de altitude; Quando voc\u00ea deve utilizar cotas e altitudes em [&hellip;]<\/p>\n","protected":false},"author":1,"featured_media":30239,"comment_status":"closed","ping_status":"closed","sticky":false,"template":"","format":"standard","meta":{"_monsterinsights_skip_tracking":false,"_monsterinsights_sitenote_active":false,"_monsterinsights_sitenote_note":"","_monsterinsights_sitenote_category":0,"footnotes":""},"categories":[8,9],"tags":[],"class_list":["post-30238","post","type-post","status-publish","format-standard","has-post-thumbnail","hentry","category-posicionamento-pelo-gnss","category-topografia-cadastral"],"yoast_head":"<!-- This site is optimized with the Yoast SEO plugin v26.5 - https:\/\/yoast.com\/wordpress\/plugins\/seo\/ -->\n<title>Transporte de Coordenadas, Cotas e Altitudes? - Adenilson Giovanini<\/title>\n<meta name=\"description\" content=\"Descubra o que \u00e9 e como fazer o transporte de coordenadas e o transporte de cota e de altitude. Guia definitivo sobre o tema. Leia.\" \/>\n<meta name=\"robots\" content=\"index, follow, max-snippet:-1, max-image-preview:large, max-video-preview:-1\" \/>\n<link rel=\"canonical\" href=\"https:\/\/adenilsongiovanini.com.br\/blog\/transporte-de-coordenadas-cotas-e-altitudes\/\" \/>\n<meta property=\"og:locale\" content=\"pt_BR\" \/>\n<meta property=\"og:type\" content=\"article\" \/>\n<meta property=\"og:title\" content=\"Transporte de Coordenadas, Cotas e Altitudes? - Adenilson Giovanini\" \/>\n<meta property=\"og:description\" content=\"Descubra o que \u00e9 e como fazer o transporte de coordenadas e o transporte de cota e de altitude. Guia definitivo sobre o tema. Leia.\" \/>\n<meta property=\"og:url\" content=\"https:\/\/adenilsongiovanini.com.br\/blog\/transporte-de-coordenadas-cotas-e-altitudes\/\" \/>\n<meta property=\"og:site_name\" content=\"Adenilson Giovanini\" \/>\n<meta property=\"article:publisher\" content=\"https:\/\/www.facebook.com\/otopografo\/\" \/>\n<meta property=\"article:author\" content=\"https:\/\/www.facebook.com\/otopografo\/\" \/>\n<meta property=\"article:published_time\" content=\"2022-04-13T20:46:28+00:00\" \/>\n<meta property=\"article:modified_time\" content=\"2022-08-23T16:42:34+00:00\" \/>\n<meta property=\"og:image\" content=\"https:\/\/adenilsongiovanini.com.br\/blog\/wp-content\/uploads\/2022\/04\/transporte-de-coordenadas.png\" \/>\n\t<meta property=\"og:image:width\" content=\"1739\" \/>\n\t<meta property=\"og:image:height\" content=\"1022\" \/>\n\t<meta property=\"og:image:type\" content=\"image\/png\" \/>\n<meta name=\"author\" content=\"Adenilson Giovanini\" \/>\n<meta name=\"twitter:card\" content=\"summary_large_image\" \/>\n<meta name=\"twitter:label1\" content=\"Escrito por\" \/>\n\t<meta name=\"twitter:data1\" content=\"Adenilson Giovanini\" \/>\n\t<meta name=\"twitter:label2\" content=\"Est. tempo de leitura\" \/>\n\t<meta name=\"twitter:data2\" content=\"10 minutos\" \/>\n<script type=\"application\/ld+json\" class=\"yoast-schema-graph\">{\"@context\":\"https:\/\/schema.org\",\"@graph\":[{\"@type\":\"Article\",\"@id\":\"https:\/\/adenilsongiovanini.com.br\/blog\/transporte-de-coordenadas-cotas-e-altitudes\/#article\",\"isPartOf\":{\"@id\":\"https:\/\/adenilsongiovanini.com.br\/blog\/transporte-de-coordenadas-cotas-e-altitudes\/\"},\"author\":{\"name\":\"Adenilson Giovanini\",\"@id\":\"https:\/\/adenilsongiovanini.com.br\/blog\/#\/schema\/person\/9c1daa7da73c116aae2cb0568d1daa23\"},\"headline\":\"Transporte de Coordenadas, Cotas e Altitudes?\",\"datePublished\":\"2022-04-13T20:46:28+00:00\",\"dateModified\":\"2022-08-23T16:42:34+00:00\",\"mainEntityOfPage\":{\"@id\":\"https:\/\/adenilsongiovanini.com.br\/blog\/transporte-de-coordenadas-cotas-e-altitudes\/\"},\"wordCount\":1460,\"publisher\":{\"@id\":\"https:\/\/adenilsongiovanini.com.br\/blog\/#\/schema\/person\/9c1daa7da73c116aae2cb0568d1daa23\"},\"image\":{\"@id\":\"https:\/\/adenilsongiovanini.com.br\/blog\/transporte-de-coordenadas-cotas-e-altitudes\/#primaryimage\"},\"thumbnailUrl\":\"https:\/\/adenilsongiovanini.com.br\/blog\/wp-content\/uploads\/2022\/04\/transporte-de-coordenadas.png\",\"articleSection\":[\"Posicionamento pelo GNSS\",\"Topografia Cadastral\"],\"inLanguage\":\"pt-BR\"},{\"@type\":\"WebPage\",\"@id\":\"https:\/\/adenilsongiovanini.com.br\/blog\/transporte-de-coordenadas-cotas-e-altitudes\/\",\"url\":\"https:\/\/adenilsongiovanini.com.br\/blog\/transporte-de-coordenadas-cotas-e-altitudes\/\",\"name\":\"Transporte de Coordenadas, Cotas e Altitudes? - Adenilson Giovanini\",\"isPartOf\":{\"@id\":\"https:\/\/adenilsongiovanini.com.br\/blog\/#website\"},\"primaryImageOfPage\":{\"@id\":\"https:\/\/adenilsongiovanini.com.br\/blog\/transporte-de-coordenadas-cotas-e-altitudes\/#primaryimage\"},\"image\":{\"@id\":\"https:\/\/adenilsongiovanini.com.br\/blog\/transporte-de-coordenadas-cotas-e-altitudes\/#primaryimage\"},\"thumbnailUrl\":\"https:\/\/adenilsongiovanini.com.br\/blog\/wp-content\/uploads\/2022\/04\/transporte-de-coordenadas.png\",\"datePublished\":\"2022-04-13T20:46:28+00:00\",\"dateModified\":\"2022-08-23T16:42:34+00:00\",\"description\":\"Descubra o que \u00e9 e como fazer o transporte de coordenadas e o transporte de cota e de altitude. Guia definitivo sobre o tema. Leia.\",\"breadcrumb\":{\"@id\":\"https:\/\/adenilsongiovanini.com.br\/blog\/transporte-de-coordenadas-cotas-e-altitudes\/#breadcrumb\"},\"inLanguage\":\"pt-BR\",\"potentialAction\":[{\"@type\":\"ReadAction\",\"target\":[\"https:\/\/adenilsongiovanini.com.br\/blog\/transporte-de-coordenadas-cotas-e-altitudes\/\"]}]},{\"@type\":\"ImageObject\",\"inLanguage\":\"pt-BR\",\"@id\":\"https:\/\/adenilsongiovanini.com.br\/blog\/transporte-de-coordenadas-cotas-e-altitudes\/#primaryimage\",\"url\":\"https:\/\/adenilsongiovanini.com.br\/blog\/wp-content\/uploads\/2022\/04\/transporte-de-coordenadas.png\",\"contentUrl\":\"https:\/\/adenilsongiovanini.com.br\/blog\/wp-content\/uploads\/2022\/04\/transporte-de-coordenadas.png\",\"width\":1739,\"height\":1022},{\"@type\":\"BreadcrumbList\",\"@id\":\"https:\/\/adenilsongiovanini.com.br\/blog\/transporte-de-coordenadas-cotas-e-altitudes\/#breadcrumb\",\"itemListElement\":[{\"@type\":\"ListItem\",\"position\":1,\"name\":\"Home\",\"item\":\"https:\/\/adenilsongiovanini.com.br\/blog\/\"},{\"@type\":\"ListItem\",\"position\":2,\"name\":\"Transporte de Coordenadas, Cotas e Altitudes?\"}]},{\"@type\":\"WebSite\",\"@id\":\"https:\/\/adenilsongiovanini.com.br\/blog\/#website\",\"url\":\"https:\/\/adenilsongiovanini.com.br\/blog\/\",\"name\":\"Adenilson Giovanini\",\"description\":\"Topografia e Geotecnologias\",\"publisher\":{\"@id\":\"https:\/\/adenilsongiovanini.com.br\/blog\/#\/schema\/person\/9c1daa7da73c116aae2cb0568d1daa23\"},\"potentialAction\":[{\"@type\":\"SearchAction\",\"target\":{\"@type\":\"EntryPoint\",\"urlTemplate\":\"https:\/\/adenilsongiovanini.com.br\/blog\/?s={search_term_string}\"},\"query-input\":{\"@type\":\"PropertyValueSpecification\",\"valueRequired\":true,\"valueName\":\"search_term_string\"}}],\"inLanguage\":\"pt-BR\"},{\"@type\":[\"Person\",\"Organization\"],\"@id\":\"https:\/\/adenilsongiovanini.com.br\/blog\/#\/schema\/person\/9c1daa7da73c116aae2cb0568d1daa23\",\"name\":\"Adenilson Giovanini\",\"image\":{\"@type\":\"ImageObject\",\"inLanguage\":\"pt-BR\",\"@id\":\"https:\/\/adenilsongiovanini.com.br\/blog\/#\/schema\/person\/image\/\",\"url\":\"https:\/\/adenilsongiovanini.com.br\/blog\/wp-content\/litespeed\/avatar\/be8f4de5c0b8a93c57a4f29cbf2f1e92.jpg?ver=1777130135\",\"contentUrl\":\"https:\/\/adenilsongiovanini.com.br\/blog\/wp-content\/litespeed\/avatar\/be8f4de5c0b8a93c57a4f29cbf2f1e92.jpg?ver=1777130135\",\"caption\":\"Adenilson Giovanini\"},\"logo\":{\"@id\":\"https:\/\/adenilsongiovanini.com.br\/blog\/#\/schema\/person\/image\/\"},\"description\":\"O Professor Adenilson Giovanini \u00e9 especialista em Topografia Cadastral e Georreferenciamento de Im\u00f3veis Rurais. O mesmo possui o Maior Site de Engenharia de Agrimensura do Brasil. Site este que tem mais de 102.000 visualiza\u00e7\u00f5es por m\u00eas. Tamb\u00e9m possui mais de 600 v\u00eddeos em seu canal no youtube. Al\u00e9m disso, \u00e9 escritor Best Seller, possuindo v\u00e1rios cursos e livros de sucesso.\",\"sameAs\":[\"http:\/\/adenilsongiovanini.com.br\",\"https:\/\/www.facebook.com\/otopografo\/\",\"https:\/\/www.instagram.com\/adenilson_giovanini\/\",\"https:\/\/www.linkedin.com\/in\/adenilson-giovanini-819b8035\/\",\"https:\/\/br.pinterest.com\/adenilsongiovanini\/\",\"https:\/\/www.youtube.com\/channel\/uce-br7ghiuog2txcsdx5vrw\"]}]}<\/script>\n<!-- \/ Yoast SEO plugin. -->","yoast_head_json":{"title":"Transporte de Coordenadas, Cotas e Altitudes? - Adenilson Giovanini","description":"Descubra o que \u00e9 e como fazer o transporte de coordenadas e o transporte de cota e de altitude. Guia definitivo sobre o tema. Leia.","robots":{"index":"index","follow":"follow","max-snippet":"max-snippet:-1","max-image-preview":"max-image-preview:large","max-video-preview":"max-video-preview:-1"},"canonical":"https:\/\/adenilsongiovanini.com.br\/blog\/transporte-de-coordenadas-cotas-e-altitudes\/","og_locale":"pt_BR","og_type":"article","og_title":"Transporte de Coordenadas, Cotas e Altitudes? - Adenilson Giovanini","og_description":"Descubra o que \u00e9 e como fazer o transporte de coordenadas e o transporte de cota e de altitude. Guia definitivo sobre o tema. Leia.","og_url":"https:\/\/adenilsongiovanini.com.br\/blog\/transporte-de-coordenadas-cotas-e-altitudes\/","og_site_name":"Adenilson Giovanini","article_publisher":"https:\/\/www.facebook.com\/otopografo\/","article_author":"https:\/\/www.facebook.com\/otopografo\/","article_published_time":"2022-04-13T20:46:28+00:00","article_modified_time":"2022-08-23T16:42:34+00:00","og_image":[{"width":1739,"height":1022,"url":"https:\/\/adenilsongiovanini.com.br\/blog\/wp-content\/uploads\/2022\/04\/transporte-de-coordenadas.png","type":"image\/png"}],"author":"Adenilson Giovanini","twitter_card":"summary_large_image","twitter_misc":{"Escrito por":"Adenilson Giovanini","Est. tempo de leitura":"10 minutos"},"schema":{"@context":"https:\/\/schema.org","@graph":[{"@type":"Article","@id":"https:\/\/adenilsongiovanini.com.br\/blog\/transporte-de-coordenadas-cotas-e-altitudes\/#article","isPartOf":{"@id":"https:\/\/adenilsongiovanini.com.br\/blog\/transporte-de-coordenadas-cotas-e-altitudes\/"},"author":{"name":"Adenilson Giovanini","@id":"https:\/\/adenilsongiovanini.com.br\/blog\/#\/schema\/person\/9c1daa7da73c116aae2cb0568d1daa23"},"headline":"Transporte de Coordenadas, Cotas e Altitudes?","datePublished":"2022-04-13T20:46:28+00:00","dateModified":"2022-08-23T16:42:34+00:00","mainEntityOfPage":{"@id":"https:\/\/adenilsongiovanini.com.br\/blog\/transporte-de-coordenadas-cotas-e-altitudes\/"},"wordCount":1460,"publisher":{"@id":"https:\/\/adenilsongiovanini.com.br\/blog\/#\/schema\/person\/9c1daa7da73c116aae2cb0568d1daa23"},"image":{"@id":"https:\/\/adenilsongiovanini.com.br\/blog\/transporte-de-coordenadas-cotas-e-altitudes\/#primaryimage"},"thumbnailUrl":"https:\/\/adenilsongiovanini.com.br\/blog\/wp-content\/uploads\/2022\/04\/transporte-de-coordenadas.png","articleSection":["Posicionamento pelo GNSS","Topografia Cadastral"],"inLanguage":"pt-BR"},{"@type":"WebPage","@id":"https:\/\/adenilsongiovanini.com.br\/blog\/transporte-de-coordenadas-cotas-e-altitudes\/","url":"https:\/\/adenilsongiovanini.com.br\/blog\/transporte-de-coordenadas-cotas-e-altitudes\/","name":"Transporte de Coordenadas, Cotas e Altitudes? - Adenilson Giovanini","isPartOf":{"@id":"https:\/\/adenilsongiovanini.com.br\/blog\/#website"},"primaryImageOfPage":{"@id":"https:\/\/adenilsongiovanini.com.br\/blog\/transporte-de-coordenadas-cotas-e-altitudes\/#primaryimage"},"image":{"@id":"https:\/\/adenilsongiovanini.com.br\/blog\/transporte-de-coordenadas-cotas-e-altitudes\/#primaryimage"},"thumbnailUrl":"https:\/\/adenilsongiovanini.com.br\/blog\/wp-content\/uploads\/2022\/04\/transporte-de-coordenadas.png","datePublished":"2022-04-13T20:46:28+00:00","dateModified":"2022-08-23T16:42:34+00:00","description":"Descubra o que \u00e9 e como fazer o transporte de coordenadas e o transporte de cota e de altitude. Guia definitivo sobre o tema. Leia.","breadcrumb":{"@id":"https:\/\/adenilsongiovanini.com.br\/blog\/transporte-de-coordenadas-cotas-e-altitudes\/#breadcrumb"},"inLanguage":"pt-BR","potentialAction":[{"@type":"ReadAction","target":["https:\/\/adenilsongiovanini.com.br\/blog\/transporte-de-coordenadas-cotas-e-altitudes\/"]}]},{"@type":"ImageObject","inLanguage":"pt-BR","@id":"https:\/\/adenilsongiovanini.com.br\/blog\/transporte-de-coordenadas-cotas-e-altitudes\/#primaryimage","url":"https:\/\/adenilsongiovanini.com.br\/blog\/wp-content\/uploads\/2022\/04\/transporte-de-coordenadas.png","contentUrl":"https:\/\/adenilsongiovanini.com.br\/blog\/wp-content\/uploads\/2022\/04\/transporte-de-coordenadas.png","width":1739,"height":1022},{"@type":"BreadcrumbList","@id":"https:\/\/adenilsongiovanini.com.br\/blog\/transporte-de-coordenadas-cotas-e-altitudes\/#breadcrumb","itemListElement":[{"@type":"ListItem","position":1,"name":"Home","item":"https:\/\/adenilsongiovanini.com.br\/blog\/"},{"@type":"ListItem","position":2,"name":"Transporte de Coordenadas, Cotas e Altitudes?"}]},{"@type":"WebSite","@id":"https:\/\/adenilsongiovanini.com.br\/blog\/#website","url":"https:\/\/adenilsongiovanini.com.br\/blog\/","name":"Adenilson Giovanini","description":"Topografia e Geotecnologias","publisher":{"@id":"https:\/\/adenilsongiovanini.com.br\/blog\/#\/schema\/person\/9c1daa7da73c116aae2cb0568d1daa23"},"potentialAction":[{"@type":"SearchAction","target":{"@type":"EntryPoint","urlTemplate":"https:\/\/adenilsongiovanini.com.br\/blog\/?s={search_term_string}"},"query-input":{"@type":"PropertyValueSpecification","valueRequired":true,"valueName":"search_term_string"}}],"inLanguage":"pt-BR"},{"@type":["Person","Organization"],"@id":"https:\/\/adenilsongiovanini.com.br\/blog\/#\/schema\/person\/9c1daa7da73c116aae2cb0568d1daa23","name":"Adenilson Giovanini","image":{"@type":"ImageObject","inLanguage":"pt-BR","@id":"https:\/\/adenilsongiovanini.com.br\/blog\/#\/schema\/person\/image\/","url":"https:\/\/adenilsongiovanini.com.br\/blog\/wp-content\/litespeed\/avatar\/be8f4de5c0b8a93c57a4f29cbf2f1e92.jpg?ver=1777130135","contentUrl":"https:\/\/adenilsongiovanini.com.br\/blog\/wp-content\/litespeed\/avatar\/be8f4de5c0b8a93c57a4f29cbf2f1e92.jpg?ver=1777130135","caption":"Adenilson Giovanini"},"logo":{"@id":"https:\/\/adenilsongiovanini.com.br\/blog\/#\/schema\/person\/image\/"},"description":"O Professor Adenilson Giovanini \u00e9 especialista em Topografia Cadastral e Georreferenciamento de Im\u00f3veis Rurais. O mesmo possui o Maior Site de Engenharia de Agrimensura do Brasil. Site este que tem mais de 102.000 visualiza\u00e7\u00f5es por m\u00eas. Tamb\u00e9m possui mais de 600 v\u00eddeos em seu canal no youtube. Al\u00e9m disso, \u00e9 escritor Best Seller, possuindo v\u00e1rios cursos e livros de sucesso.","sameAs":["http:\/\/adenilsongiovanini.com.br","https:\/\/www.facebook.com\/otopografo\/","https:\/\/www.instagram.com\/adenilson_giovanini\/","https:\/\/www.linkedin.com\/in\/adenilson-giovanini-819b8035\/","https:\/\/br.pinterest.com\/adenilsongiovanini\/","https:\/\/www.youtube.com\/channel\/uce-br7ghiuog2txcsdx5vrw"]}]}},"amp_enabled":true,"_links":{"self":[{"href":"https:\/\/adenilsongiovanini.com.br\/blog\/wp-json\/wp\/v2\/posts\/30238","targetHints":{"allow":["GET"]}}],"collection":[{"href":"https:\/\/adenilsongiovanini.com.br\/blog\/wp-json\/wp\/v2\/posts"}],"about":[{"href":"https:\/\/adenilsongiovanini.com.br\/blog\/wp-json\/wp\/v2\/types\/post"}],"author":[{"embeddable":true,"href":"https:\/\/adenilsongiovanini.com.br\/blog\/wp-json\/wp\/v2\/users\/1"}],"replies":[{"embeddable":true,"href":"https:\/\/adenilsongiovanini.com.br\/blog\/wp-json\/wp\/v2\/comments?post=30238"}],"version-history":[{"count":0,"href":"https:\/\/adenilsongiovanini.com.br\/blog\/wp-json\/wp\/v2\/posts\/30238\/revisions"}],"wp:featuredmedia":[{"embeddable":true,"href":"https:\/\/adenilsongiovanini.com.br\/blog\/wp-json\/wp\/v2\/media\/30239"}],"wp:attachment":[{"href":"https:\/\/adenilsongiovanini.com.br\/blog\/wp-json\/wp\/v2\/media?parent=30238"}],"wp:term":[{"taxonomy":"category","embeddable":true,"href":"https:\/\/adenilsongiovanini.com.br\/blog\/wp-json\/wp\/v2\/categories?post=30238"},{"taxonomy":"post_tag","embeddable":true,"href":"https:\/\/adenilsongiovanini.com.br\/blog\/wp-json\/wp\/v2\/tags?post=30238"}],"curies":[{"name":"wp","href":"https:\/\/api.w.org\/{rel}","templated":true}]}}