{"id":27890,"date":"2021-11-26T12:53:44","date_gmt":"2021-11-26T12:53:44","guid":{"rendered":"https:\/\/adenilsongiovanini.com.br\/blog\/?p=27890"},"modified":"2022-08-22T16:12:29","modified_gmt":"2022-08-22T16:12:29","slug":"mapa-de-kernel-o-que-e-e-como-produzir","status":"publish","type":"post","link":"https:\/\/adenilsongiovanini.com.br\/blog\/mapa-de-kernel-o-que-e-e-como-produzir\/","title":{"rendered":"Mapa de Kernel: O Que \u00c9 e Como Produzir?"},"content":{"rendered":"<p><span style=\"font-size: 20px; font-family: arial, helvetica, sans-serif; color: #000000; line-height: 1.3;\"><strong>Mapa de kernel<\/strong>, diante de voc\u00ea encontra-se um artigo definitivo sobre o tema.<\/span><\/p>\n<p><span style=\"font-size: 20px; font-family: arial, helvetica, sans-serif; color: #000000; line-height: 1.3;\">Com a leitura do mesmo voc\u00ea aprender\u00e1:<\/span><\/p>\n<ul>\n<li><span style=\"font-size: 20px; font-family: arial, helvetica, sans-serif; color: #000000; line-height: 1.3;\">O que s\u00e3o os <strong>mapas de kernel;<\/strong><\/span><\/li>\n<li><span style=\"font-size: 20px; font-family: arial, helvetica, sans-serif; color: #000000; line-height: 1.3;\">Como funciona o algoritmo de Kernel;<\/span><\/li>\n<li><span style=\"font-size: 20px; font-family: arial, helvetica, sans-serif; color: #000000; line-height: 1.3;\">Quais as <strong>classes e cores utilizadas<\/strong>;<\/span><\/li>\n<li><span style=\"font-size: 20px; font-family: arial, helvetica, sans-serif; color: #000000; line-height: 1.3;\">Como funciona a densidade de kernel,<strong> caracter\u00edsticas, aplica\u00e7\u00f5es e f\u00f3rmulas<\/strong>;<\/span><\/li>\n<li><span style=\"font-size: 20px; font-family: arial, helvetica, sans-serif; color: #000000; line-height: 1.3;\">Quais as <strong>vantagens deste tipo de mapa<\/strong>;<\/span><\/li>\n<li><span style=\"font-size: 20px; font-family: arial, helvetica, sans-serif; color: #000000; line-height: 1.3;\">Como <strong>produzir mapas de kernel<\/strong> no ArcGIS e no QGIS;<\/span><\/li>\n<li><span style=\"font-size: 20px; font-family: arial, helvetica, sans-serif; color: #000000; line-height: 1.3;\">E muito mais.<\/span><\/li>\n<\/ul>\n<p><span style=\"font-size: 20px; font-family: arial, helvetica, sans-serif; color: #000000; line-height: 1.3;\">Prossiga a leitura com m\u00e1xima aten\u00e7\u00e3o.<\/span><\/p>\n<p>&nbsp;<\/p>\n<h2 style=\"text-align: center;\"><strong><span style=\"font-size: 24px; font-family: arial, helvetica, sans-serif; color: #000000; line-height: 1.3;\">O que \u00e9 um mapa de kernel<\/span><\/strong><\/h2>\n<p><img decoding=\"async\" class=\"aligncenter size-full wp-image-27499\" src=\"https:\/\/adenilsongiovanini.com.br\/blog\/wp-content\/uploads\/2021\/11\/o-que-sao-mapas-de-kernel.png\" alt=\"o que s\u00e3o mapas de densidade de Kernel\" width=\"735\" height=\"604\" srcset=\"https:\/\/adenilsongiovanini.com.br\/blog\/wp-content\/uploads\/2021\/11\/o-que-sao-mapas-de-kernel.png 735w, https:\/\/adenilsongiovanini.com.br\/blog\/wp-content\/uploads\/2021\/11\/o-que-sao-mapas-de-kernel-300x247.png 300w\" sizes=\"(max-width: 735px) 100vw, 735px\" \/><\/p>\n<p><span style=\"color: #000000;\"><span style=\"font-family: arial, helvetica, sans-serif; font-size: 20px;\">Os <strong>mapas de densidade de Kernel <\/strong>s\u00e3o uma <strong>poderosa ferramenta para a <\/strong><\/span><\/span><span style=\"font-family: arial, helvetica, sans-serif; font-size: 20px; color: #0000ff;\"><strong><a style=\"color: #0000ff;\" href=\"https:\/\/adenilsongiovanini.com.br\/blog\/analise-espacial-conheca-as-diferentes-ferramentas\/\">an\u00e1lise espacial<\/a><\/strong><\/span><span style=\"color: #000000;\"><span style=\"font-family: arial, helvetica, sans-serif; font-size: 20px;\">, constituindo-se em uma alternativa para<span style=\"color: #0000ff;\"><a href=\"https:\/\/adenilsongiovanini.com.br\/blog\/analise-geografica-o-que-e-e-como-fazer\/\" style=\"color: #0000ff;\"> an\u00e1lise geogr\u00e1fica<\/a><\/span> do comportamento de padr\u00f5es.<\/span><\/span><\/p>\n<p><span style=\"color: #000000;\"><span style=\"font-family: arial, helvetica, sans-serif; font-size: 20px;\">No caso, a palavra kernel \u00e9 uma <strong>palavra de origem inglesa<\/strong>, que significa N\u00facleo, sendo que <\/span><\/span><span style=\"color: #000000;\"><span style=\"font-family: arial, helvetica, sans-serif; font-size: 20px;\">este termo faz refer\u00eancia a um <strong>m\u00e9todo estat\u00edstico de estima\u00e7\u00e3o de curvas de densidades<\/strong> utilizado nas <span style=\"color: #0000ff;\"><a style=\"color: #0000ff;\" href=\"https:\/\/adenilsongiovanini.com.br\/blog\/geotecnologias-o-que-sao-e-quais-as-existentes\/\">geotecnologias<\/a><\/span>.<\/span><\/span><\/p>\n<p><span style=\"color: #000000;\"><span style=\"font-family: arial, helvetica, sans-serif; font-size: 20px;\">Neste m\u00e9todo, cada uma das observa\u00e7\u00f5es \u00e9 ponderada pela dist\u00e2ncia em rela\u00e7\u00e3o a um valor central, o n\u00facleo. <\/span><\/span><\/p>\n<p><span style=\"color: #000000;\"><span style=\"font-family: arial, helvetica, sans-serif; font-size: 20px;\">Com isso, a intensidade pontual de determinado fen\u00f4meno em toda a regi\u00e3o de estudo \u00e9 plotado por meio m\u00e9todos de interpola\u00e7\u00e3o, gerando um <span style=\"color: #0000ff;\"><a style=\"color: #0000ff;\" href=\"https:\/\/adenilsongiovanini.com.br\/blog\/mapa-tematico\/\">mapa tem\u00e1tico<\/a><\/span>.<\/span><\/span><\/p>\n<p><span style=\"color: #000000;\"><span style=\"font-family: arial, helvetica, sans-serif; font-size: 20px;\"> Como <strong>resultado<\/strong>, tem-se uma vis\u00e3o geral da intensidade do processo em todas as regi\u00f5es do <span style=\"color: #0000ff;\"><a href=\"https:\/\/adenilsongiovanini.com.br\/blog\/curso-de-qgis-com-certificado\/\" style=\"color: #0000ff;\">mapa<\/a><\/span>.<\/span><\/span><\/p>\n<p>&nbsp;<\/p>\n<h2 style=\"text-align: center;\"><span style=\"font-size: 24px;\"><strong><span style=\"color: #000000;\"><span style=\"font-family: arial, helvetica, sans-serif;\">Mapa de Kernel &#8211; Funcionamento do algoritmo<\/span><\/span><\/strong><\/span><\/h2>\n<p><img decoding=\"async\" class=\"aligncenter size-large wp-image-27500\" src=\"https:\/\/adenilsongiovanini.com.br\/blog\/wp-content\/uploads\/2021\/11\/superficie-em-mapa-de-kernel-658x780.png\" alt=\"superf\u00edcie em mapa de densidade de Kernel\" width=\"658\" height=\"780\" srcset=\"https:\/\/adenilsongiovanini.com.br\/blog\/wp-content\/uploads\/2021\/11\/superficie-em-mapa-de-kernel-658x780.png 658w, https:\/\/adenilsongiovanini.com.br\/blog\/wp-content\/uploads\/2021\/11\/superficie-em-mapa-de-kernel-253x300.png 253w, https:\/\/adenilsongiovanini.com.br\/blog\/wp-content\/uploads\/2021\/11\/superficie-em-mapa-de-kernel-768x910.png 768w, https:\/\/adenilsongiovanini.com.br\/blog\/wp-content\/uploads\/2021\/11\/superficie-em-mapa-de-kernel.png 850w\" sizes=\"(max-width: 658px) 100vw, 658px\" \/><\/p>\n<p><span style=\"color: #000000;\"><span style=\"font-family: arial, helvetica, sans-serif; font-size: 20px;\">O<strong> Cl\u00e1udio Bento<\/strong>, em seu livro <span style=\"color: #0000ff;\"><a title=\"Compreendendo e avaliando projetos de seguran\u00e7a p\u00fablica\" href=\"http:\/\/books.google.com.br\/books?id=cen-PlXEXPwC&amp;pg=PA31&amp;dq=mapas+de+kernel&amp;hl=pt-BR&amp;sa=X&amp;ei=-4FPT67oH5Sbtwfd35jADQ&amp;ved=0CEAQ6AEwAA#v=onepage&amp;q=mapas%20de%20kernel&amp;f=false\" target=\"_blank\" rel=\"noopener noreferrer\" style=\"color: #0000ff;\">Compreendendo e avaliando projetos de seguran\u00e7a p\u00fablica<\/a><\/span>, informa que o algoritmo estat\u00edstico para <span style=\"color: #0000ff;\"><a style=\"color: #0000ff;\" href=\"https:\/\/adenilsongiovanini.com.br\/blog\/elementos-fundamentais-de-um-mapa\/\">gera\u00e7\u00e3o dos mapas<\/a><\/span> de Kernel pode ser resumido da seguinte maneira:<\/span><\/span><\/p>\n<ul>\n<li style=\"text-align: left;\"><span style=\"color: #000000;\"><span style=\"font-family: arial, helvetica, sans-serif; font-size: 20px;\">Crie uma grade sobre o mapa a ser analisado;<\/span><\/span><\/li>\n<li style=\"text-align: left;\"><span style=\"color: #000000;\"><span style=\"font-family: arial, helvetica, sans-serif; font-size: 20px;\">Para cada ponto da grade, identifique os pontos que est\u00e3o a uma dist\u00e2ncia menor ou igual ao raio do c\u00edrculo centrado nele; <\/span><\/span><\/li>\n<li style=\"text-align: left;\"><span style=\"color: #000000;\"><span style=\"font-family: arial, helvetica, sans-serif; font-size: 20px;\">Para cada ponto encontrado dentro do c\u00edrculo, calcule a fun\u00e7\u00e3o Kernel nesse ponto e acumule o resultado;<\/span><\/span><\/li>\n<li style=\"text-align: left;\"><span style=\"color: #000000;\"><span style=\"font-family: arial, helvetica, sans-serif; font-size: 20px;\">O resultado da soma acumulada \u00e9 o Kernel do ponto da grade. <\/span><\/span><\/li>\n<\/ul>\n<p><span style=\"color: #000000;\"><span style=\"font-family: arial, helvetica, sans-serif; font-size: 20px;\">J\u00e1 <a href=\"https:\/\/revistas.ufrj.br\/index.php\/EspacoAberto\/article\/viewFile\/3473\/8626\" rel=\"nofollow noreferrer\"><span style=\"color: #0000ff;\">Oliveira C. U. e Oliveira C. S.<\/span><\/a> Informam que o estimador de densidade kernel <strong>desenha uma vizinhan\u00e7a circular ao redor da cada ponto da amostra<\/strong>, correspondendo ao raio de influ\u00eancia, e ent\u00e3o \u00e9 aplicada uma fun\u00e7\u00e3o matem\u00e1tica de 1, na posi\u00e7\u00e3o do ponto, a 0, na fronteira da vizinhan\u00e7a.<\/span><\/span><\/p>\n<p><span style=\"color: #000000;\"><span style=\"font-family: arial, helvetica, sans-serif; font-size: 20px;\">O valor para a c\u00e9lula \u00e9 a soma dos valores kernel sobrepostos, e divididos pela \u00e1rea de cada raio de pesquisa.<\/span><\/span><\/p>\n<p>&nbsp;<\/p>\n<h2 style=\"text-align: center;\"><span style=\"font-size: 24px;\"><strong><span style=\"color: #000000;\"><span style=\"font-family: arial, helvetica, sans-serif;\">Classes e cores utilizadas em um mapa de kernel<\/span><\/span><\/strong><\/span><\/h2>\n<p><img decoding=\"async\" class=\"aligncenter size-full wp-image-27894\" src=\"https:\/\/adenilsongiovanini.com.br\/blog\/wp-content\/uploads\/2021\/11\/cores-utilizadas-em-um-mapa-de-kernel.png\" alt=\"classes e cores utilizadas em um mapa de kernel\" width=\"506\" height=\"741\" srcset=\"https:\/\/adenilsongiovanini.com.br\/blog\/wp-content\/uploads\/2021\/11\/cores-utilizadas-em-um-mapa-de-kernel.png 506w, https:\/\/adenilsongiovanini.com.br\/blog\/wp-content\/uploads\/2021\/11\/cores-utilizadas-em-um-mapa-de-kernel-205x300.png 205w\" sizes=\"(max-width: 506px) 100vw, 506px\" \/><\/p>\n<p style=\"text-align: center;\"><span style=\"color: #000000; font-size: 16px;\"><span style=\"font-family: arial, helvetica, sans-serif;\">Fonte da imagem: https:\/\/revistas.ufrj.br\/index.php\/EspacoAberto\/article\/viewFile\/3473\/8626<\/span><\/span><\/p>\n<p><span style=\"color: #000000;\"><span style=\"font-family: arial, helvetica, sans-serif; font-size: 20px;\">Para a produ\u00e7\u00e3o de mapas de Kernel, <strong>normalmente se utiliza 5 classes<\/strong>, as quais variam de uma cor mais fria para uma cor mais quente. <\/span><\/span><\/p>\n<p><span style=\"color: #000000;\"><span style=\"font-family: arial, helvetica, sans-serif; font-size: 20px;\">A <strong>classifica\u00e7\u00e3o<\/strong> normalmente \u00e9 conforme o <strong>grau de intensidade do fen\u00f4meno<\/strong> em estudo, sendo normal utilizar-se as seguintes classes:<\/span><\/span><\/p>\n<ul>\n<li><span style=\"color: #000000;\"><span style=\"font-family: arial, helvetica, sans-serif; font-size: 20px;\">Muito baixa;<\/span><\/span><\/li>\n<li><span style=\"color: #000000;\"><span style=\"font-family: arial, helvetica, sans-serif; font-size: 20px;\"> Baixa;<\/span><\/span><\/li>\n<li><span style=\"color: #000000;\"><span style=\"font-family: arial, helvetica, sans-serif; font-size: 20px;\">M\u00e9dia;<\/span><\/span><\/li>\n<li><span style=\"color: #000000;\"><span style=\"font-family: arial, helvetica, sans-serif; font-size: 20px;\">Alta e;<\/span><\/span><\/li>\n<li><span style=\"color: #000000;\"><span style=\"font-family: arial, helvetica, sans-serif; font-size: 20px;\"> Muito alta. <\/span><\/span><\/li>\n<\/ul>\n<p><span style=\"color: #000000;\"><span style=\"font-family: arial, helvetica, sans-serif; font-size: 20px;\">Quanto as <strong>cores utilizadas<\/strong>, normalmente utiliza-se cores que variam do azul ao vermelho ou do branco ao vermelho. A ideia \u00e9 que cores mais frias estejam relacionadas a menor intensidade e cores mais quentes a maior intensidade.<\/span><\/span><\/p>\n<p>&nbsp;<\/p>\n<h2 style=\"text-align: center;\"><span style=\"font-size: 24px;\"><strong><span style=\"color: #000000;\"><span style=\"font-family: arial, helvetica, sans-serif;\">Como funciona a densidade de kernel, caracter\u00edsticas, aplica\u00e7\u00f5es e f\u00f3rmulas<\/span><\/span><\/strong><\/span><\/h2>\n<p><img decoding=\"async\" class=\"aligncenter size-full wp-image-27851\" src=\"https:\/\/adenilsongiovanini.com.br\/blog\/wp-content\/uploads\/2021\/11\/densidade-de-kernel.png\" alt=\"densidade de kernel\" width=\"431\" height=\"219\" srcset=\"https:\/\/adenilsongiovanini.com.br\/blog\/wp-content\/uploads\/2021\/11\/densidade-de-kernel.png 431w, https:\/\/adenilsongiovanini.com.br\/blog\/wp-content\/uploads\/2021\/11\/densidade-de-kernel-300x152.png 300w\" sizes=\"(max-width: 431px) 100vw, 431px\" \/><\/p>\n<p><img decoding=\"async\" class=\"aligncenter size-full wp-image-27852\" src=\"https:\/\/adenilsongiovanini.com.br\/blog\/wp-content\/uploads\/2021\/11\/mapa-de-densidade-de-Kernel.png\" alt=\"mapa de densidade de Kernel\" width=\"627\" height=\"410\" srcset=\"https:\/\/adenilsongiovanini.com.br\/blog\/wp-content\/uploads\/2021\/11\/mapa-de-densidade-de-Kernel.png 627w, https:\/\/adenilsongiovanini.com.br\/blog\/wp-content\/uploads\/2021\/11\/mapa-de-densidade-de-Kernel-300x196.png 300w\" sizes=\"(max-width: 627px) 100vw, 627px\" \/><\/p>\n<p style=\"text-align: center;\"><span style=\"color: #000000; font-size: 16px;\"><span style=\"font-family: arial, helvetica, sans-serif;\">Fonte das imagens: https:\/\/pro.arcgis.com\/en\/pro-app\/2.8\/tool-reference\/spatial-analyst\/how-kernel-density-works.htm<\/span><\/span><\/p>\n<p><span style=\"color: #000000;\"><span style=\"font-family: arial, helvetica, sans-serif; font-size: 20px;\">Caso voc\u00ea deseje mergulhar mais fundo no algoritmo de densidade de kernel, a <span style=\"color: #0000ff;\"><a style=\"color: #0000ff;\" href=\"https:\/\/www.esri.com\/pt-br\/home\">Esri<\/a><\/span> produziu um artigo no qual aborda o tema de maneira \u00fanica. <\/span><\/span><\/p>\n<p><span style=\"color: #000000;\"><span style=\"font-family: arial, helvetica, sans-serif; font-size: 20px;\">O mesmo est\u00e1 em ingl\u00eas, por\u00e9m \u00e9 s\u00f3 voc\u00ea traduzir ele e deliciar-se com a leitura. Para acessar o mesmo \u00e9 s\u00f3 <span style=\"color: #0000ff;\"><a style=\"color: #0000ff;\" href=\"https:\/\/pro.arcgis.com\/en\/pro-app\/2.8\/tool-reference\/spatial-analyst\/how-kernel-density-works.htm\">clicar neste link<\/a><\/span>.<\/span><\/span><\/p>\n<p>&nbsp;<\/p>\n<h2 style=\"text-align: center;\"><strong><span style=\"color: #000000; font-size: 24px;\"><span style=\"font-family: arial, helvetica, sans-serif;\">Principais vantagens da utiliza\u00e7\u00e3o de um mapa de Kernel<\/span><\/span><\/strong><\/h2>\n<p><img decoding=\"async\" class=\"aligncenter size-large wp-image-26174\" src=\"https:\/\/adenilsongiovanini.com.br\/blog\/wp-content\/uploads\/2021\/10\/cadastro-tecnico-multifinalitario-780x472.png\" alt=\"vantagens da utiliza\u00e7\u00e3o de mapas de Kernel\" width=\"780\" height=\"472\" srcset=\"https:\/\/adenilsongiovanini.com.br\/blog\/wp-content\/uploads\/2021\/10\/cadastro-tecnico-multifinalitario-780x472.png 780w, https:\/\/adenilsongiovanini.com.br\/blog\/wp-content\/uploads\/2021\/10\/cadastro-tecnico-multifinalitario-300x181.png 300w, https:\/\/adenilsongiovanini.com.br\/blog\/wp-content\/uploads\/2021\/10\/cadastro-tecnico-multifinalitario-768x464.png 768w, https:\/\/adenilsongiovanini.com.br\/blog\/wp-content\/uploads\/2021\/10\/cadastro-tecnico-multifinalitario-1536x929.png 1536w, https:\/\/adenilsongiovanini.com.br\/blog\/wp-content\/uploads\/2021\/10\/cadastro-tecnico-multifinalitario.png 2003w\" sizes=\"(max-width: 780px) 100vw, 780px\" \/><\/p>\n<p><span style=\"font-family: arial, helvetica, sans-serif; font-size: 20px; color: #000000;\">O <span style=\"color: #0000ff;\">Anderson Medeiros<\/span> em seu blog, cita <strong>2 vantagens da utiliza\u00e7\u00e3o desta ferramenta<\/strong>. Segundo o mesmo:<\/span><\/p>\n<ul>\n<li><span style=\"font-family: arial, helvetica, sans-serif; font-size: 20px; color: #000000;\">Quando existe uma concentra\u00e7\u00e3o excessiva de pontos, a an\u00e1lise visual pode acabar sendo prejudicada. Por exemplo, em uma \u00e1rea um ponto pode estar na realidade representando v\u00e1rias ocorr\u00eancias (casos de doen\u00e7as, crimes, etc). <\/span><\/li>\n<li><span style=\"font-family: arial, helvetica, sans-serif; font-size: 20px; color: #000000;\">A representa\u00e7\u00e3o n\u00e3o fica limitada a \u00e1reas pr\u00e9-definidas, como \u00e9 o caso de pol\u00edgonos de bairros ou munic\u00edpios.<\/span><\/li>\n<\/ul>\n<p><span style=\"font-family: arial, helvetica, sans-serif; font-size: 20px; color: #000000;\">Como exemplo, o mesmo deu a imagem abaixo, a qual foi retirada do <em>site<\/em> <span style=\"color: #0000ff;\"><a style=\"color: #0000ff;\" title=\"Conhe\u00e7a Melhor o WikiCrimes e Suas Novidades\" href=\"http:\/\/www.andersonmedeiros.com\/conheca-melhor-o-wikicrimes-e-suas-novidades\/\" target=\"_blank\" rel=\"noopener noreferrer\"><strong>WikiCrimes<\/strong><\/a><\/span> e ilustra a densidade da localiza\u00e7\u00e3o de crimes na regi\u00e3o de Fortaleza\/CE. <\/span><\/p>\n<p><span style=\"font-family: arial, helvetica, sans-serif; font-size: 20px; color: #000000;\">Perceba como o mesmo \u00e9 de f\u00e1cil interpreta\u00e7\u00e3o e comprova as duas vantagens descritas acima.<\/span><\/p>\n<p><img decoding=\"async\" class=\"aligncenter size-full wp-image-27497\" src=\"https:\/\/adenilsongiovanini.com.br\/blog\/wp-content\/uploads\/2021\/11\/mapa-kernel-wikicrimes.png\" alt=\"exemplo de mapa de densidade de kernel\" width=\"679\" height=\"431\" srcset=\"https:\/\/adenilsongiovanini.com.br\/blog\/wp-content\/uploads\/2021\/11\/mapa-kernel-wikicrimes.png 679w, https:\/\/adenilsongiovanini.com.br\/blog\/wp-content\/uploads\/2021\/11\/mapa-kernel-wikicrimes-300x190.png 300w\" sizes=\"(max-width: 679px) 100vw, 679px\" \/><\/p>\n<p style=\"text-align: center;\"><span style=\"font-family: arial, helvetica, sans-serif; font-size: 16px; color: #000000;\">Fonte da imagem: <\/span><\/p>\n<p>&nbsp;<\/p>\n<h2 style=\"text-align: center;\"><strong><span style=\"color: #000000; font-size: 24px;\"><span style=\"font-family: arial, helvetica, sans-serif;\">Como produzir um mapa Kernel no ArcGIS e no QGIS<\/span><\/span><\/strong><\/h2>\n<p><span style=\"font-family: arial, helvetica, sans-serif; font-size: 20px; color: #000000;\">No v\u00eddeo abaixo o Rafael Adriano de Castro ensina a produzir este tipo de mapa no <span style=\"color: #0000ff;\"><a style=\"color: #0000ff;\" href=\"https:\/\/www.arcgis.com\/index.html\">ArcGIS<\/a><\/span>.<\/span><\/p>\n<p><center><iframe width=\"728\" height=\"410\" title=\"YouTube video player\" src=\"https:\/\/www.youtube.com\/embed\/1pKiLz2F-u0\" frameborder=\"0\" allowfullscreen=\"allowfullscreen\"><span data-mce-type=\"bookmark\" style=\"display: inline-block; width: 0px; overflow: hidden; line-height: 0;\" class=\"mce_SELRES_start\">\ufeff<\/span><\/iframe><\/center><\/p>\n<p>&nbsp;<\/p>\n<h2 style=\"text-align: center;\"><strong><span style=\"color: #000000; font-size: 24px;\"><span style=\"font-family: arial, helvetica, sans-serif;\">Como produzir um mapa Kernel no QGIS<\/span><\/span><\/strong><\/h2>\n<p><span style=\"font-family: arial, helvetica, sans-serif; font-size: 20px; color: #000000;\">J\u00e1 neste outro v\u00eddeo, a Jocilene Barros mostra como gerar mapas do tipo kernel no <span style=\"color: #0000ff;\"><a style=\"color: #0000ff;\" href=\"https:\/\/qgis.org\/pt_BR\/site\/\">QGIS<\/a><\/span>.<\/span><\/p>\n<p><center><iframe width=\"728\" height=\"410\" title=\"YouTube video player\" src=\"https:\/\/www.youtube.com\/embed\/vfWRC_4MbiA\" frameborder=\"0\" allowfullscreen=\"allowfullscreen\"><\/iframe><\/center><\/p>\n<p><span style=\"font-family: arial, helvetica, sans-serif; font-size: 20px; color: #000000;\">Base cartogr\u00e1fica citada no v\u00eddeo:<\/span><\/p>\n<p><span style=\"color: #0000ff;\"><a style=\"color: #0000ff;\" href=\"https:\/\/portaldemapas.ibge.gov.br\/portal.php#mapa222602\"><span style=\"font-family: arial, helvetica, sans-serif; font-size: 20px;\"> https:\/\/portaldemapas.ibge.gov.br\/portal.php#mapa222602<\/span><\/a><\/span><\/p>\n<p><span style=\"font-family: arial, helvetica, sans-serif; font-size: 20px; color: #000000;\">No caso do QGIS, conforme mostrado no v\u00eddeo acima, voc\u00ea precisar\u00e1 instalar o plugin mapa de calor (<span style=\"color: #0000ff;\"><a style=\"color: #0000ff;\" href=\"https:\/\/docs.qgis.org\/2.18\/en\/docs\/user_manual\/plugins\/plugins_heatmap.html\">heatmap<\/a><\/span>).<\/span><\/p>\n<p><span style=\"font-family: arial, helvetica, sans-serif; font-size: 20px; color: #000000;\">Fonte da imagem utilizada na montagem da capa do post: <\/span><span style=\"color: #0000ff;\"><a style=\"color: #0000ff;\" href=\"https:\/\/blogs.ubc.ca\/geob479chicagoproject\/analysis-and-results\/\"><span style=\"font-family: arial, helvetica, sans-serif; font-size: 20px;\">https:\/\/blogs.ubc.ca\/geob479chicagoproject\/analysis-and-results\/<\/span><\/a><\/span><\/p>\n<p>&nbsp;<\/p>\n<h2 style=\"text-align: center;\"><span style=\"font-size: 24px;\"><strong><span style=\"color: #000000;\"><span style=\"font-family: arial, helvetica, sans-serif;\">Mapa de Kernel &#8211; Artigos com diferentes aplica\u00e7\u00f5es<\/span><\/span><\/strong><\/span><\/h2>\n<p style=\"text-align: center;\"><img decoding=\"async\" class=\"aligncenter size-full wp-image-27893\" src=\"https:\/\/adenilsongiovanini.com.br\/blog\/wp-content\/uploads\/2021\/11\/mapa-de-kernel.png\" alt=\"\" width=\"657\" height=\"535\" srcset=\"https:\/\/adenilsongiovanini.com.br\/blog\/wp-content\/uploads\/2021\/11\/mapa-de-kernel.png 657w, https:\/\/adenilsongiovanini.com.br\/blog\/wp-content\/uploads\/2021\/11\/mapa-de-kernel-300x244.png 300w\" sizes=\"(max-width: 657px) 100vw, 657px\" \/><\/p>\n<p style=\"text-align: center;\"><span style=\"color: #000000; font-size: 16px;\"><span style=\"font-family: arial, helvetica, sans-serif;\">Fonte da imagem: https:\/\/www.geopantanal.cnptia.embrapa.br\/Anais-Geopantanal\/pdfs\/p91.pdf<\/span><\/span><\/p>\n<p><span style=\"color: #000000;\"><span style=\"font-family: arial, helvetica, sans-serif; font-size: 20px;\">Como exemplo de artigo com aplica\u00e7\u00f5es dos mapas de kernel, temos o artigo produzido por <a href=\"https:\/\/revistas.ufrj.br\/index.php\/EspacoAberto\/article\/viewFile\/3473\/8626\" rel=\"nofollow noreferrer\"><span style=\"color: #0000ff;\">Oliveira C. U. e Oliveira C. S.<\/span><\/a> cujo objetivo foi analisar a densidade de <strong>pontos de inc\u00eandio localizados na bacia hidrogr\u00e1fica do rio Acara\u00fa<\/strong>, nos anos de 2010 a 2015.<\/span><\/span><\/p>\n<p><span style=\"color: #000000;\"><span style=\"font-family: arial, helvetica, sans-serif; font-size: 20px;\">J\u00e1 <span style=\"color: #0000ff;\"><a style=\"color: #0000ff;\" href=\"https:\/\/www.geopantanal.cnptia.embrapa.br\/Anais-Geopantanal\/pdfs\/p91.pdf\">Vieira Et. Al.<\/a><\/span> utilizaram mapas de kenel como uma alternativa ao <strong>monitoramento ambiental<\/strong>. <\/span><\/span><\/p>\n<p><span style=\"color: #000000;\"><span style=\"font-family: arial, helvetica, sans-serif; font-size: 20px;\">No caso, os mesmos analisaram a <strong>densidade das ind\u00fastrias <\/strong>localizadas no estado de Mato Grosso do Sul que<strong> realizam polui\u00e7\u00e3o atmosf\u00e9rica<\/strong>.<\/span><\/span><\/p>\n<p>&nbsp;<\/p>\n<h2 style=\"text-align: center;\"><strong><span style=\"font-size: 24px; font-family: arial, helvetica, sans-serif; color: #000000; line-height: 1.3;\">Continue aprendendo a respeito de dados geoespaciais<\/span><\/strong><\/h2>\n<h2 style=\"text-align: center;\"><img decoding=\"async\" class=\"aligncenter size-full wp-image-26885\" src=\"https:\/\/adenilsongiovanini.com.br\/blog\/wp-content\/uploads\/2021\/11\/Rapideye.jpg\" alt=\"outros sat\u00e9lites, suas caracter\u00edsticas e aplica\u00e7\u00f5es\" width=\"650\" height=\"485\" srcset=\"https:\/\/adenilsongiovanini.com.br\/blog\/wp-content\/uploads\/2021\/11\/Rapideye.jpg 650w, https:\/\/adenilsongiovanini.com.br\/blog\/wp-content\/uploads\/2021\/11\/Rapideye-300x224.jpg 300w\" sizes=\"(max-width: 650px) 100vw, 650px\" \/><\/h2>\n<p><span style=\"font-size: 20px; font-family: arial, helvetica, sans-serif; color: #000000; line-height: 1.3;\">Aqui no blog eu possuo centenas de artigos sobre <span style=\"color: #0000ff;\"><a style=\"color: #0000ff;\" href=\"https:\/\/adenilsongiovanini.com.br\/blog\/geotecnologias-o-que-sao-e-quais-as-existentes\/\">Geotecnologias<\/a><\/span>. Que tal aprender a respeito dos diferentes sat\u00e9lites e suas aplica\u00e7\u00f5es. Separei 8 artigos sobre diferentes sat\u00e9lites para voc\u00ea.<\/span><\/p>\n<p><span style=\"font-size: 20px; font-family: arial, helvetica, sans-serif; color: #000000; line-height: 1.3;\">&gt; <span style=\"color: #0000ff;\"><a style=\"color: #0000ff;\" href=\"https:\/\/adenilsongiovanini.com.br\/blog\/rapideye-historico-caracteristicas-e-aplicacoes\/\">RapidEye: Hist\u00f3rico, Caracter\u00edsticas e Aplica\u00e7\u00f5es&#8230;<\/a><\/span><\/span><\/p>\n<p><span style=\"font-size: 20px; font-family: arial, helvetica, sans-serif; color: #000000; line-height: 1.3;\">&gt; <span style=\"color: #0000ff;\"><a style=\"color: #0000ff;\" href=\"https:\/\/adenilsongiovanini.com.br\/blog\/alos-historico-caracteristicas-e-aplicacoes\/\">Alos: Conhe\u00e7a este fabuloso sat\u00e9lite e suas imagens&#8230;<\/a><\/span><\/span><\/p>\n<p><span style=\"font-size: 20px; font-family: arial, helvetica, sans-serif; color: #000000; line-height: 1.3;\">&gt; <span style=\"color: #0000ff;\"><a style=\"color: #0000ff;\" href=\"https:\/\/adenilsongiovanini.com.br\/blog\/cbers-4-e-cbers-4a-historia-e-aplicacoes\/\">CBERS 4 e CBERS 4a: Hist\u00f3ria e Aplica\u00e7\u00f5es&#8230;<\/a><\/span><\/span><\/p>\n<p><span style=\"font-size: 20px; font-family: arial, helvetica, sans-serif; color: #000000; line-height: 1.3;\">&gt; <span style=\"color: #0000ff;\"><a style=\"color: #0000ff;\" href=\"https:\/\/adenilsongiovanini.com.br\/blog\/satelite-landsat-historico-e-aplicacoes\/\">Landsat: hist\u00f3rico e aplica\u00e7\u00f5es&#8230;<\/a><\/span><\/span><\/p>\n<p><span style=\"font-size: 20px; font-family: arial, helvetica, sans-serif; color: #000000; line-height: 1.3;\">&gt; <span style=\"color: #0000ff;\"><a style=\"color: #0000ff;\" href=\"https:\/\/adenilsongiovanini.com.br\/blog\/ikonos-imagens-caracteristicas-e-aplicacoes\/\">Ikonos: imagens, caracter\u00edsticas e aplica\u00e7\u00f5es&#8230;.<\/a><\/span><\/span><\/p>\n<p><span style=\"font-size: 20px; font-family: arial, helvetica, sans-serif; color: #000000; line-height: 1.3;\">&gt; <span style=\"color: #0000ff;\"><a style=\"color: #0000ff;\" href=\"https:\/\/adenilsongiovanini.com.br\/blog\/geoeye-imagens-caracteristicas-e-aplicacoes\/\">GeoEye: um poderoso sat\u00e9lite com resolu\u00e7\u00e3o espacial subm\u00e9trica&#8230;<\/a><\/span><\/span><\/p>\n<p><span style=\"font-size: 20px; font-family: arial, helvetica, sans-serif; color: #000000; line-height: 1.3;\">&gt; <span style=\"color: #0000ff;\"><a style=\"color: #0000ff;\" href=\"https:\/\/adenilsongiovanini.com.br\/blog\/quickbird-caracteristicas-diferenciais-e-aplicacoes\/\">QuickBird: Um sat\u00e9lite com uma alta resolu\u00e7\u00e3o&#8230;<\/a><\/span><\/span><\/p>\n<p><span style=\"font-size: 20px; font-family: arial, helvetica, sans-serif; color: #000000; line-height: 1.3;\">&gt; <span style=\"color: #0000ff;\"><a style=\"color: #0000ff;\" href=\"https:\/\/adenilsongiovanini.com.br\/blog\/worldview-nasa-caracteristicas-e-aplicacoes\/\">Wordview: tudo que voc\u00ea precisa saber a respeito&#8230;<\/a><\/span><\/span><\/p>\n<p><span style=\"font-size: 20px; color: #000000; font-family: arial, helvetica, sans-serif;\">Tamb\u00e9m possuo uma <strong>playlist no youtube<\/strong> na qual passo <strong>dicas geniais de Geoprocessamento<\/strong>.<\/span><\/p>\n<p><span style=\"font-size: 20px; color: #000000; font-family: arial, helvetica, sans-serif;\">A mesma se chama minicurso ArcGIS, por\u00e9m, somente em 2 ou 3 aulas que abordo procedimentos no ArcGIS. No geral, passo <strong>conhecimentos de Geoprocessamento<\/strong> que servir\u00e3o para voc\u00ea, pouco importa o software que voc\u00ea utiliza.<\/span><\/p>\n<p><span style=\"font-size: 20px; color: #000000; font-family: arial, helvetica, sans-serif;\"><span style=\"color: #0000ff;\"><a style=\"color: #0000ff;\" href=\"https:\/\/www.youtube.com\/watch?v=3ltq70tM7XI&amp;list=PL9lw-eLLpgwpRmGDJXF6t9GfmdgWIs3ml\">Clique neste link<\/a> <\/span>para acessar a mesma.<\/span><\/p>\n<p><span style=\"font-size: 20px; font-family: arial, helvetica, sans-serif; color: #000000; line-height: 1.3;\">Lembrando que eu tamb\u00e9m possuo uma s\u00e9rie de <em><strong>cursos e de livros pr\u00e1ticos<\/strong><\/em>. <\/span><\/p>\n<p><span style=\"font-size: 20px; font-family: arial, helvetica, sans-serif; color: #000000; line-height: 1.3;\">Se voc\u00ea quer<strong> MERGULHAR FUNDO e aprender a prestar servi\u00e7os com grande velocidade e com seguran\u00e7a<\/strong>, <span style=\"color: #0000ff;\"><a style=\"color: #0000ff;\" href=\"https:\/\/adenilsongiovanini.com.br\/cursos-online\/\">acesse este link<\/a><\/span> e conhe\u00e7a os mesmos.<\/span><\/p>\n<p><span style=\"color: #000000;\"><span style=\"font-size: 20px; font-family: arial, helvetica, sans-serif; line-height: 1.3;\">Entre eles, o <span style=\"color: #0000ff;\"><a style=\"color: #0000ff;\" href=\"https:\/\/adenilsongiovanini.com.br\/curso-de-autocad-para-topografia\/\" target=\"_blank\" rel=\"noopener noreferrer\">Curso de Confec\u00e7\u00e3o de Plantas Topogr\u00e1ficas<\/a><\/span>. <span style=\"color: #000000;\">Um <\/span><\/span><span style=\"font-size: 20px; font-family: arial, helvetica, sans-serif; line-height: 1.3;\">curso pr\u00e1tico <\/span><span style=\"font-size: 20px; font-family: arial, helvetica, sans-serif; line-height: 1.3;\">com o qual voc\u00ea vai <strong>aprender a produzir as 15 diferentes plantas produzidas em um escrit\u00f3rio de topografia<\/strong>.<\/span><\/span><\/p>\n<p><a href=\"https:\/\/adenilsongiovanini.com.br\/curso-de-autocad-para-topografia\/\" target=\"_blank\" rel=\"noopener noreferrer\"><img decoding=\"async\" class=\"aligncenter wp-image-31689\" src=\"https:\/\/adenilsongiovanini.com.br\/wp-content\/uploads\/2022\/07\/planta-de-topografia-1024x612.png\" alt=\"\" width=\"770\" height=\"460\" \/><\/a> <span style=\"font-family: arial, helvetica, sans-serif; font-size: 20px; color: #000000;\">Clique <a href=\"https:\/\/adenilsongiovanini.com.br\/curso-de-autocad-para-topografia\/\" target=\"_blank\" rel=\"noopener noreferrer\"><span style=\"color: #0000ff;\">neste link<\/span><\/a> e conhe\u00e7a melhor o mesmo.<\/span><\/p>\n<p><span style=\"font-family: arial, helvetica, sans-serif; font-size: 20px; color: #000000;\"><span style=\"font-size: 20px; font-family: arial, helvetica, sans-serif; color: #000000; line-height: 1.3;\">\u00c9 isso por este artigo. Gratid\u00e3o por voc\u00ea ter lido o mesmo. \ud83d\ude4f<\/span><\/span><\/p>\n<p>&nbsp;<\/p>\n<h2 style=\"text-align: center;\"><span style=\"font-size: 24px;\"><strong><span style=\"font-family: arial, helvetica, sans-serif; color: #000000; line-height: 1.3;\">Aprenda a produzir Mapas e Plantas no QGIS<\/span><\/strong><\/span><\/h2>\n<p>&nbsp;<\/p>\n<p style=\"text-align: center;\"><span style=\"font-size: 20px;\"><img decoding=\"async\" class=\"aligncenter size-full wp-image-30874\" src=\"https:\/\/adenilsongiovanini.com.br\/wp-content\/uploads\/2022\/06\/curso-online-de-qgis.png\" alt=\"curso de qgis online\" width=\"531\" height=\"319\" \/><\/span><\/p>\n<p style=\"text-align: center;\"><span style=\"font-size: 20px; font-family: arial, helvetica, sans-serif; color: #000000; line-height: 1.3;\">Se voc\u00ea quer (<em>ou precisa<\/em>) <strong>aprender a produzir mapas e plantas<\/strong>, o curso online de Qgis, Oficina do QGIS \u00e9 para voc\u00ea.<\/span><\/p>\n<p style=\"text-align: center;\"><span style=\"font-size: 20px; font-family: arial, helvetica, sans-serif; color: #000000; line-height: 1.3;\">No mesmo, voc\u00ea vai aprender a <span style=\"text-decoration: underline;\"><em>utilizar o QGIS profissionalmente<\/em><\/span>, aprendendo a <strong>produzir mapas que v\u00e3o deixar seus clientes de queixo-ca\u00eddo<\/strong>. <\/span><\/p>\n<p><img decoding=\"async\" class=\"aligncenter size-full wp-image-16897\" src=\"https:\/\/adenilsongiovanini.com.br\/blog\/wp-content\/uploads\/2020\/05\/setas-azuis-triplas-e1427388827173.png\" alt=\"seta azul\" width=\"400\" height=\"200\" srcset=\"https:\/\/adenilsongiovanini.com.br\/blog\/wp-content\/uploads\/2020\/05\/setas-azuis-triplas-e1427388827173.png 400w, https:\/\/adenilsongiovanini.com.br\/blog\/wp-content\/uploads\/2020\/05\/setas-azuis-triplas-e1427388827173-300x150.png 300w\" sizes=\"(max-width: 400px) 100vw, 400px\" \/> <img decoding=\"async\" class=\"aligncenter wp-image-30892\" src=\"https:\/\/adenilsongiovanini.com.br\/wp-content\/uploads\/2022\/06\/curso-de-qgis-online-oficina-do-qgis-1024x769.png\" alt=\"mapa de kernel - curso de qgis online oficina do qgis\" width=\"780\" height=\"586\" \/> <img decoding=\"async\" class=\"aligncenter size-full wp-image-16897\" src=\"https:\/\/adenilsongiovanini.com.br\/blog\/wp-content\/uploads\/2020\/05\/setas-azuis-triplas-e1427388827173.png\" alt=\"seta azul\" width=\"400\" height=\"200\" srcset=\"https:\/\/adenilsongiovanini.com.br\/blog\/wp-content\/uploads\/2020\/05\/setas-azuis-triplas-e1427388827173.png 400w, https:\/\/adenilsongiovanini.com.br\/blog\/wp-content\/uploads\/2020\/05\/setas-azuis-triplas-e1427388827173-300x150.png 300w\" sizes=\"(max-width: 400px) 100vw, 400px\" \/> <div class=\"su-button-center\"><a href=\"https:\/\/go.hotmart.com\/U65189303H\" class=\"su-button su-button-style-3d\" style=\"color:#000000;background-color:#2BCC2F;border-color:#23a426;border-radius:15px\" target=\"_blank\" rel=\"nofollow\" id=\"1\"><span style=\"color:#000000;padding:0px 36px;font-size:26px;line-height:52px;border-color:#6bdc6e;border-radius:15px;text-shadow:0px 0px 0px #000000\"> &gt; Quero Conhecer melhor o Curso, Pois Quero <em>(e Preciso)<\/em> Aprender a Produzir Plantas e Mapas no QGIS&#8230;<\/span><\/a><\/div>\n<h2 style=\"text-align: center;\"><span style=\"font-size: 24px; color: #000000;\"><strong><span style=\"font-family: arial, helvetica, sans-serif;\">Principais Conte\u00fados Abordados no Curso Online de QGIS<\/span><\/strong><\/span><\/h2>\n<p>&nbsp;<\/p>\n<p style=\"text-align: center;\"><span style=\"font-size: 14pt;\"><strong><span style=\"color: #000000; font-family: arial, helvetica, sans-serif;\">M\u00f3dulo 1: passos inicias no QGIS &#8211; Elaborando mapa de biomas do Brasil<\/span><\/strong><\/span><\/p>\n<p><img decoding=\"async\" class=\"aligncenter wp-image-30875\" src=\"https:\/\/adenilsongiovanini.com.br\/wp-content\/uploads\/2022\/06\/Passos-iniciais-no-QGIS-1024x724.jpg\" alt=\"mapa de biomas no curso de qgis online\" width=\"780\" height=\"551\" \/><\/p>\n<p style=\"text-align: center;\"><span style=\"font-size: 14pt;\"><strong><span style=\"color: #000000; font-family: arial, helvetica, sans-serif;\">M\u00f3dulo 2: criando mapa de uso e ocupa\u00e7\u00e3o do solo de propriedade rural<\/span><\/strong><\/span><\/p>\n<p style=\"text-align: center;\"><img decoding=\"async\" class=\"aligncenter wp-image-30876\" src=\"https:\/\/adenilsongiovanini.com.br\/wp-content\/uploads\/2022\/06\/mapa-de-uso-e-ocupa\u00e7\u00e3o-do-solo-de-propriedade-rural-1024x724.jpg\" alt=\" mapa de uso e ocupa\u00e7\u00e3o do solo\" width=\"780\" height=\"551\" \/><\/p>\n<p>&nbsp;<\/p>\n<p style=\"text-align: center;\"><span style=\"font-size: 14pt;\"><strong><span style=\"color: #000000; font-family: arial, helvetica, sans-serif;\">M\u00f3dulo 3: c\u00e1lculo de \u00e1reas, per\u00edmetros e dist\u00e2ncias de linhas no QGIS<\/span><\/strong><\/span><\/p>\n<p style=\"text-align: center;\"><img decoding=\"async\" class=\"aligncenter wp-image-30877\" src=\"https:\/\/adenilsongiovanini.com.br\/wp-content\/uploads\/2022\/06\/c\u00e1lculo-de-\u00e1reas.jpg\" alt=\"c\u00e1lculo de \u00e1reas\" width=\"780\" height=\"526\" \/><\/p>\n<p>&nbsp;<\/p>\n<p style=\"text-align: center;\"><span style=\"font-size: 14pt;\"><strong><span style=\"color: #000000; font-family: arial, helvetica, sans-serif;\">M\u00f3dulo 4: criando memorial descritivo de \u00e1reas e quadro anal\u00edtico de forma autom\u00e1tica no QGIS<\/span><\/strong><\/span><\/p>\n<p style=\"text-align: center;\"><img decoding=\"async\" class=\"aligncenter wp-image-30878\" src=\"https:\/\/adenilsongiovanini.com.br\/wp-content\/uploads\/2022\/06\/criando-memorial-descritivo-de-\u00e1reas-1024x868.png\" alt=\"mapa de kernel - memorial descritivo de \u00e1reas no curso de qgis\" width=\"780\" height=\"661\" \/><\/p>\n<p>&nbsp;<\/p>\n<p style=\"text-align: center;\"><span style=\"font-size: 14pt;\"><strong><span style=\"color: #000000; font-family: arial, helvetica, sans-serif;\">M\u00f3dulo 5: criando uma planta de macrozoneamento para licenciamento ambiental<\/span><\/strong><\/span><\/p>\n<p style=\"text-align: center;\"><img decoding=\"async\" class=\"aligncenter wp-image-30879\" src=\"https:\/\/adenilsongiovanini.com.br\/wp-content\/uploads\/2022\/06\/criando-uma-planta-de-macrozoneamento-1024x724.jpg\" alt=\"planta de macrozoneamento\" width=\"780\" height=\"551\" \/><\/p>\n<p>&nbsp;<\/p>\n<p style=\"text-align: center;\"><span style=\"font-size: 14pt;\"><strong><span style=\"color: #000000; font-family: arial, helvetica, sans-serif;\">M\u00f3dulo 6: criando um mapa de prote\u00e7\u00e3o de \u00e1rea permanente (APP&#8217;s) de uma propriedade rural<\/span><\/strong><\/span><\/p>\n<p style=\"text-align: center;\"><img decoding=\"async\" class=\"aligncenter wp-image-30880\" src=\"https:\/\/adenilsongiovanini.com.br\/wp-content\/uploads\/2022\/06\/criando-um-mapa-de-prote\u00e7\u00e3o-de-\u00e1rea-permanente-1024x723.jpg\" alt=\"mapa de kernel - mapa de prote\u00e7\u00e3o de \u00e1rea permanente\" width=\"780\" height=\"551\" \/><\/p>\n<p>&nbsp;<\/p>\n<p style=\"text-align: center;\"><span style=\"font-size: 14pt;\"><strong><span style=\"color: #000000; font-family: arial, helvetica, sans-serif;\">M\u00f3dulo 7: criando um mapa hipsom\u00e9trico da sua \u00e1rea de interesse<\/span><\/strong><\/span><\/p>\n<p style=\"text-align: center;\"><img decoding=\"async\" class=\"aligncenter wp-image-30881\" src=\"https:\/\/adenilsongiovanini.com.br\/wp-content\/uploads\/2022\/06\/criando-um-mapa-hipsom\u00e9trico-1024x723.jpg\" alt=\"mapa de kernel - mapa hipsom\u00e9trico\" width=\"780\" height=\"551\"><\/p>\n<p>&nbsp;<\/p>\n<p style=\"text-align: center;\"><span style=\"font-size: 14pt;\"><strong><span style=\"color: #000000; font-family: arial, helvetica, sans-serif;\">M\u00f3dulo 8: criando uma planta topogr\u00e1fica georreferenciada no QGIS<\/span><\/strong><\/span><\/p>\n<p style=\"text-align: center;\"><img decoding=\"async\" class=\"aligncenter wp-image-30882\" src=\"https:\/\/adenilsongiovanini.com.br\/wp-content\/uploads\/2022\/06\/criando-uma-planta-topogr\u00e1fica-1024x723.jpg\" alt=\" planta topogr\u00e1fica georreferenciada\" width=\"780\" height=\"551\"><\/p>\n<p>&nbsp;<\/p>\n<p style=\"text-align: center;\"><span style=\"font-size: 14pt;\"><strong><span style=\"color: #000000; font-family: arial, helvetica, sans-serif;\">M\u00f3dulo 9: layout de mapas &#8211; criando um mapa de bacias e sub bacias hidrogr\u00e1ficas<\/span><\/strong><\/span><\/p>\n<p style=\"text-align: center;\"><img decoding=\"async\" class=\"aligncenter wp-image-30883\" src=\"https:\/\/adenilsongiovanini.com.br\/wp-content\/uploads\/2022\/06\/criando-um-mapa-de-bacias-1024x723.jpg\" alt=\"mapa de bacias e sub bacias hidrogr\u00e1fica\" width=\"780\" height=\"551\"><\/p>\n<p>&nbsp;<\/p>\n<p style=\"text-align: center;\"><span style=\"font-size: 14pt;\"><strong><span style=\"color: #000000; font-family: arial, helvetica, sans-serif;\">M\u00f3dulo 10: delimita\u00e7\u00e3o de bacias hidrogr\u00e1ficas<\/span><\/strong><\/span><\/p>\n<p style=\"text-align: center;\"><img decoding=\"async\" class=\"aligncenter wp-image-30884\" src=\"https:\/\/adenilsongiovanini.com.br\/wp-content\/uploads\/2022\/06\/delimita\u00e7\u00e3o-de-bacias-hidrogr\u00e1ficas-1024x723.jpg\" alt=\"mapa de kernel - delimita\u00e7\u00e3o de bacias hidrogr\u00e1ficas\" width=\"780\" height=\"551\"><\/p>\n<p>&nbsp;<\/p>\n<p style=\"text-align: center;\"><span style=\"font-size: 14pt;\"><strong><span style=\"color: #000000; font-family: arial, helvetica, sans-serif;\">M\u00f3dulo 11: demarca\u00e7\u00e3o urban\u00edstica no QGIS<\/span><\/strong><\/span><\/p>\n<p style=\"text-align: center;\"><img decoding=\"async\" class=\"aligncenter wp-image-30885\" src=\"https:\/\/adenilsongiovanini.com.br\/wp-content\/uploads\/2022\/06\/demarca\u00e7\u00e3o-urban\u00edstica-no-QGIS-1024x724.jpg\" alt=\"demarca\u00e7\u00e3o urban\u00edstica no QGIS\" width=\"780\" height=\"552\"><\/p>\n<p>&nbsp;<\/p>\n<p style=\"text-align: center;\"><span style=\"font-size: 14pt;\"><strong><span style=\"color: #000000; font-family: arial, helvetica, sans-serif;\">M\u00f3dulo 12: mapa de classes de declividade (com MDE &#8211; Alos Palsar)<\/span><\/strong><\/span><\/p>\n<p style=\"text-align: center;\"><img decoding=\"async\" class=\"aligncenter wp-image-30886\" src=\"https:\/\/adenilsongiovanini.com.br\/wp-content\/uploads\/2022\/06\/mapa-de-classes-de-declividade-1024x724.jpg\" alt=\"mapa de classes de declividade\" width=\"780\" height=\"551\"><\/p>\n<p>&nbsp;<\/p>\n<p style=\"text-align: center;\"><span style=\"font-size: 14pt;\"><strong><span style=\"color: #000000; font-family: arial, helvetica, sans-serif;\">M\u00f3dulo 13: mapa de prospec\u00e7\u00e3o de \u00e1reas para instala\u00e7\u00e3o de usinas solares fotovoltaicas<\/span><\/strong><\/span><\/p>\n<p style=\"text-align: center;\"><img decoding=\"async\" class=\"aligncenter wp-image-30887\" src=\"https:\/\/adenilsongiovanini.com.br\/wp-content\/uploads\/2022\/06\/mapa-de-prospec\u00e7\u00e3o-de-\u00e1reas-1024x724.png\" alt=\"mapa de prospec\u00e7\u00e3o de \u00e1reas\" width=\"780\" height=\"552\"><\/p>\n<p>&nbsp;<\/p>\n<p style=\"text-align: center;\"><span style=\"font-size: 14pt;\"><strong><span style=\"color: #000000; font-family: arial, helvetica, sans-serif;\">M\u00f3dulo 14: elaborar mapa de classes de solo<\/span><\/strong><\/span><\/p>\n<p style=\"text-align: center;\"><img decoding=\"async\" class=\"aligncenter wp-image-30888\" src=\"https:\/\/adenilsongiovanini.com.br\/wp-content\/uploads\/2022\/06\/elaborar-mapa-de-classes-de-solo.png\" alt=\"elaborar mapa de classes de solo no curso de qgis online\" width=\"780\" height=\"552\"><\/p>\n<p>&nbsp;<\/p>\n<p style=\"text-align: center;\"><span style=\"font-size: 14pt;\"><strong><span style=\"color: #000000; font-family: arial, helvetica, sans-serif;\">M\u00f3dulo 15: elaborar mapas de classes de fatores limitantes \u00e0 mecaniza\u00e7\u00e3o agr\u00edcola dos solos<\/span><\/strong><\/span><\/p>\n<p style=\"text-align: center;\"><img decoding=\"async\" class=\"aligncenter wp-image-30889\" src=\"https:\/\/adenilsongiovanini.com.br\/wp-content\/uploads\/2022\/06\/elaborar-mapas-de-classes-de-fatores-limitantes-\u00e0-mecaniza\u00e7\u00e3o.jpg\" alt=\"mapa de kernel - mapa de fatores limitantes \u00e0 mecaniza\u00e7\u00e3o agr\u00edcola\" width=\"780\" height=\"551\"><\/p>\n<p>&nbsp;<\/p>\n<div id=\"le_body_row_4_col_1_el_23\" class=\"element-container cf\" data-style=\"\"><\/div>\n<p><img decoding=\"async\" class=\"aligncenter size-full wp-image-16897\" src=\"https:\/\/adenilsongiovanini.com.br\/blog\/wp-content\/uploads\/2020\/05\/setas-azuis-triplas-e1427388827173.png\" alt=\"seta azul\" width=\"400\" height=\"200\" srcset=\"https:\/\/adenilsongiovanini.com.br\/blog\/wp-content\/uploads\/2020\/05\/setas-azuis-triplas-e1427388827173.png 400w, https:\/\/adenilsongiovanini.com.br\/blog\/wp-content\/uploads\/2020\/05\/setas-azuis-triplas-e1427388827173-300x150.png 300w\" sizes=\"(max-width: 400px) 100vw, 400px\" \/> <div class=\"su-button-center\"><a href=\"https:\/\/go.hotmart.com\/U65189303H\" class=\"su-button su-button-style-3d\" style=\"color:#000000;background-color:#2BCC2F;border-color:#23a426;border-radius:15px\" target=\"_blank\" rel=\"nofollow\" id=\"1\"><span style=\"color:#000000;padding:0px 36px;font-size:26px;line-height:52px;border-color:#6bdc6e;border-radius:15px;text-shadow:0px 0px 0px #000000\"> &gt; Quero Conhecer melhor o Curso, Pois Quero <em>(e Preciso)<\/em> Aprender a Produzir Plantas e Mapas no QGIS&#8230;<\/span><\/a><\/div>\n","protected":false},"excerpt":{"rendered":"<p>Mapa de kernel, diante de voc\u00ea encontra-se um artigo definitivo sobre o tema. Com a leitura do mesmo voc\u00ea aprender\u00e1: O que s\u00e3o os mapas de kernel; Como funciona o algoritmo de Kernel; Quais as classes e cores utilizadas; Como funciona a densidade de kernel, caracter\u00edsticas, aplica\u00e7\u00f5es e f\u00f3rmulas; Quais [&hellip;]<\/p>\n","protected":false},"author":1,"featured_media":27498,"comment_status":"closed","ping_status":"closed","sticky":false,"template":"","format":"standard","meta":{"_monsterinsights_skip_tracking":false,"_monsterinsights_sitenote_active":false,"_monsterinsights_sitenote_note":"","_monsterinsights_sitenote_category":0,"footnotes":""},"categories":[13,53,56],"tags":[],"class_list":["post-27890","post","type-post","status-publish","format-standard","has-post-thumbnail","hentry","category-arcgis","category-cartografia","category-sensoriamento-remoto"],"yoast_head":"<!-- This site is optimized with the Yoast SEO plugin v26.5 - https:\/\/yoast.com\/wordpress\/plugins\/seo\/ -->\n<title>Mapa de Kernel: O Que \u00c9 e Como Produzir? - Adenilson Giovanini<\/title>\n<meta name=\"description\" content=\"Descubra o que \u00e9 um mapa de kernel, quais as classes e cores utilizadas, caracter\u00edsticas, aplica\u00e7\u00f5es e como produzir no ArcGIS e no QGIS.\" \/>\n<meta name=\"robots\" content=\"index, follow, max-snippet:-1, max-image-preview:large, max-video-preview:-1\" \/>\n<link rel=\"canonical\" href=\"https:\/\/adenilsongiovanini.com.br\/blog\/mapa-de-kernel-o-que-e-e-como-produzir\/\" \/>\n<meta property=\"og:locale\" content=\"pt_BR\" \/>\n<meta property=\"og:type\" content=\"article\" \/>\n<meta property=\"og:title\" content=\"Mapa de Kernel: O Que \u00c9 e Como Produzir? - Adenilson Giovanini\" \/>\n<meta property=\"og:description\" content=\"Descubra o que \u00e9 um mapa de kernel, quais as classes e cores utilizadas, caracter\u00edsticas, aplica\u00e7\u00f5es e como produzir no ArcGIS e no QGIS.\" \/>\n<meta property=\"og:url\" content=\"https:\/\/adenilsongiovanini.com.br\/blog\/mapa-de-kernel-o-que-e-e-como-produzir\/\" \/>\n<meta property=\"og:site_name\" content=\"Adenilson Giovanini\" \/>\n<meta property=\"article:publisher\" content=\"https:\/\/www.facebook.com\/otopografo\/\" \/>\n<meta property=\"article:author\" content=\"https:\/\/www.facebook.com\/otopografo\/\" \/>\n<meta property=\"article:published_time\" content=\"2021-11-26T12:53:44+00:00\" \/>\n<meta property=\"article:modified_time\" content=\"2022-08-22T16:12:29+00:00\" \/>\n<meta property=\"og:image\" content=\"https:\/\/adenilsongiovanini.com.br\/blog\/wp-content\/uploads\/2021\/11\/mapas-de-kernel.png\" \/>\n\t<meta property=\"og:image:width\" content=\"850\" \/>\n\t<meta property=\"og:image:height\" content=\"658\" \/>\n\t<meta property=\"og:image:type\" content=\"image\/png\" \/>\n<meta name=\"author\" content=\"Adenilson Giovanini\" \/>\n<meta name=\"twitter:card\" content=\"summary_large_image\" \/>\n<meta name=\"twitter:label1\" content=\"Escrito por\" \/>\n\t<meta name=\"twitter:data1\" content=\"Adenilson Giovanini\" \/>\n\t<meta name=\"twitter:label2\" content=\"Est. tempo de leitura\" \/>\n\t<meta name=\"twitter:data2\" content=\"14 minutos\" \/>\n<script type=\"application\/ld+json\" class=\"yoast-schema-graph\">{\"@context\":\"https:\/\/schema.org\",\"@graph\":[{\"@type\":\"Article\",\"@id\":\"https:\/\/adenilsongiovanini.com.br\/blog\/mapa-de-kernel-o-que-e-e-como-produzir\/#article\",\"isPartOf\":{\"@id\":\"https:\/\/adenilsongiovanini.com.br\/blog\/mapa-de-kernel-o-que-e-e-como-produzir\/\"},\"author\":{\"name\":\"Adenilson Giovanini\",\"@id\":\"https:\/\/adenilsongiovanini.com.br\/blog\/#\/schema\/person\/9c1daa7da73c116aae2cb0568d1daa23\"},\"headline\":\"Mapa de Kernel: O Que \u00c9 e Como Produzir?\",\"datePublished\":\"2021-11-26T12:53:44+00:00\",\"dateModified\":\"2022-08-22T16:12:29+00:00\",\"mainEntityOfPage\":{\"@id\":\"https:\/\/adenilsongiovanini.com.br\/blog\/mapa-de-kernel-o-que-e-e-como-produzir\/\"},\"wordCount\":1587,\"publisher\":{\"@id\":\"https:\/\/adenilsongiovanini.com.br\/blog\/#\/schema\/person\/9c1daa7da73c116aae2cb0568d1daa23\"},\"image\":{\"@id\":\"https:\/\/adenilsongiovanini.com.br\/blog\/mapa-de-kernel-o-que-e-e-como-produzir\/#primaryimage\"},\"thumbnailUrl\":\"https:\/\/adenilsongiovanini.com.br\/blog\/wp-content\/uploads\/2021\/11\/mapas-de-kernel.png\",\"articleSection\":[\"ArcGIS\",\"Cartografia\",\"Sensoriamento remoto\"],\"inLanguage\":\"pt-BR\"},{\"@type\":\"WebPage\",\"@id\":\"https:\/\/adenilsongiovanini.com.br\/blog\/mapa-de-kernel-o-que-e-e-como-produzir\/\",\"url\":\"https:\/\/adenilsongiovanini.com.br\/blog\/mapa-de-kernel-o-que-e-e-como-produzir\/\",\"name\":\"Mapa de Kernel: O Que \u00c9 e Como Produzir? - Adenilson Giovanini\",\"isPartOf\":{\"@id\":\"https:\/\/adenilsongiovanini.com.br\/blog\/#website\"},\"primaryImageOfPage\":{\"@id\":\"https:\/\/adenilsongiovanini.com.br\/blog\/mapa-de-kernel-o-que-e-e-como-produzir\/#primaryimage\"},\"image\":{\"@id\":\"https:\/\/adenilsongiovanini.com.br\/blog\/mapa-de-kernel-o-que-e-e-como-produzir\/#primaryimage\"},\"thumbnailUrl\":\"https:\/\/adenilsongiovanini.com.br\/blog\/wp-content\/uploads\/2021\/11\/mapas-de-kernel.png\",\"datePublished\":\"2021-11-26T12:53:44+00:00\",\"dateModified\":\"2022-08-22T16:12:29+00:00\",\"description\":\"Descubra o que \u00e9 um mapa de kernel, quais as classes e cores utilizadas, caracter\u00edsticas, aplica\u00e7\u00f5es e como produzir no ArcGIS e no QGIS.\",\"breadcrumb\":{\"@id\":\"https:\/\/adenilsongiovanini.com.br\/blog\/mapa-de-kernel-o-que-e-e-como-produzir\/#breadcrumb\"},\"inLanguage\":\"pt-BR\",\"potentialAction\":[{\"@type\":\"ReadAction\",\"target\":[\"https:\/\/adenilsongiovanini.com.br\/blog\/mapa-de-kernel-o-que-e-e-como-produzir\/\"]}]},{\"@type\":\"ImageObject\",\"inLanguage\":\"pt-BR\",\"@id\":\"https:\/\/adenilsongiovanini.com.br\/blog\/mapa-de-kernel-o-que-e-e-como-produzir\/#primaryimage\",\"url\":\"https:\/\/adenilsongiovanini.com.br\/blog\/wp-content\/uploads\/2021\/11\/mapas-de-kernel.png\",\"contentUrl\":\"https:\/\/adenilsongiovanini.com.br\/blog\/wp-content\/uploads\/2021\/11\/mapas-de-kernel.png\",\"width\":850,\"height\":658},{\"@type\":\"BreadcrumbList\",\"@id\":\"https:\/\/adenilsongiovanini.com.br\/blog\/mapa-de-kernel-o-que-e-e-como-produzir\/#breadcrumb\",\"itemListElement\":[{\"@type\":\"ListItem\",\"position\":1,\"name\":\"Home\",\"item\":\"https:\/\/adenilsongiovanini.com.br\/blog\/\"},{\"@type\":\"ListItem\",\"position\":2,\"name\":\"Mapa de Kernel: O Que \u00c9 e Como Produzir?\"}]},{\"@type\":\"WebSite\",\"@id\":\"https:\/\/adenilsongiovanini.com.br\/blog\/#website\",\"url\":\"https:\/\/adenilsongiovanini.com.br\/blog\/\",\"name\":\"Adenilson Giovanini\",\"description\":\"Topografia e Geotecnologias\",\"publisher\":{\"@id\":\"https:\/\/adenilsongiovanini.com.br\/blog\/#\/schema\/person\/9c1daa7da73c116aae2cb0568d1daa23\"},\"potentialAction\":[{\"@type\":\"SearchAction\",\"target\":{\"@type\":\"EntryPoint\",\"urlTemplate\":\"https:\/\/adenilsongiovanini.com.br\/blog\/?s={search_term_string}\"},\"query-input\":{\"@type\":\"PropertyValueSpecification\",\"valueRequired\":true,\"valueName\":\"search_term_string\"}}],\"inLanguage\":\"pt-BR\"},{\"@type\":[\"Person\",\"Organization\"],\"@id\":\"https:\/\/adenilsongiovanini.com.br\/blog\/#\/schema\/person\/9c1daa7da73c116aae2cb0568d1daa23\",\"name\":\"Adenilson Giovanini\",\"image\":{\"@type\":\"ImageObject\",\"inLanguage\":\"pt-BR\",\"@id\":\"https:\/\/adenilsongiovanini.com.br\/blog\/#\/schema\/person\/image\/\",\"url\":\"https:\/\/adenilsongiovanini.com.br\/blog\/wp-content\/litespeed\/avatar\/be8f4de5c0b8a93c57a4f29cbf2f1e92.jpg?ver=1777130135\",\"contentUrl\":\"https:\/\/adenilsongiovanini.com.br\/blog\/wp-content\/litespeed\/avatar\/be8f4de5c0b8a93c57a4f29cbf2f1e92.jpg?ver=1777130135\",\"caption\":\"Adenilson Giovanini\"},\"logo\":{\"@id\":\"https:\/\/adenilsongiovanini.com.br\/blog\/#\/schema\/person\/image\/\"},\"description\":\"O Professor Adenilson Giovanini \u00e9 especialista em Topografia Cadastral e Georreferenciamento de Im\u00f3veis Rurais. O mesmo possui o Maior Site de Engenharia de Agrimensura do Brasil. Site este que tem mais de 102.000 visualiza\u00e7\u00f5es por m\u00eas. Tamb\u00e9m possui mais de 600 v\u00eddeos em seu canal no youtube. Al\u00e9m disso, \u00e9 escritor Best Seller, possuindo v\u00e1rios cursos e livros de sucesso.\",\"sameAs\":[\"http:\/\/adenilsongiovanini.com.br\",\"https:\/\/www.facebook.com\/otopografo\/\",\"https:\/\/www.instagram.com\/adenilson_giovanini\/\",\"https:\/\/www.linkedin.com\/in\/adenilson-giovanini-819b8035\/\",\"https:\/\/br.pinterest.com\/adenilsongiovanini\/\",\"https:\/\/www.youtube.com\/channel\/uce-br7ghiuog2txcsdx5vrw\"]}]}<\/script>\n<!-- \/ Yoast SEO plugin. -->","yoast_head_json":{"title":"Mapa de Kernel: O Que \u00c9 e Como Produzir? - Adenilson Giovanini","description":"Descubra o que \u00e9 um mapa de kernel, quais as classes e cores utilizadas, caracter\u00edsticas, aplica\u00e7\u00f5es e como produzir no ArcGIS e no QGIS.","robots":{"index":"index","follow":"follow","max-snippet":"max-snippet:-1","max-image-preview":"max-image-preview:large","max-video-preview":"max-video-preview:-1"},"canonical":"https:\/\/adenilsongiovanini.com.br\/blog\/mapa-de-kernel-o-que-e-e-como-produzir\/","og_locale":"pt_BR","og_type":"article","og_title":"Mapa de Kernel: O Que \u00c9 e Como Produzir? - Adenilson Giovanini","og_description":"Descubra o que \u00e9 um mapa de kernel, quais as classes e cores utilizadas, caracter\u00edsticas, aplica\u00e7\u00f5es e como produzir no ArcGIS e no QGIS.","og_url":"https:\/\/adenilsongiovanini.com.br\/blog\/mapa-de-kernel-o-que-e-e-como-produzir\/","og_site_name":"Adenilson Giovanini","article_publisher":"https:\/\/www.facebook.com\/otopografo\/","article_author":"https:\/\/www.facebook.com\/otopografo\/","article_published_time":"2021-11-26T12:53:44+00:00","article_modified_time":"2022-08-22T16:12:29+00:00","og_image":[{"width":850,"height":658,"url":"https:\/\/adenilsongiovanini.com.br\/blog\/wp-content\/uploads\/2021\/11\/mapas-de-kernel.png","type":"image\/png"}],"author":"Adenilson Giovanini","twitter_card":"summary_large_image","twitter_misc":{"Escrito por":"Adenilson Giovanini","Est. tempo de leitura":"14 minutos"},"schema":{"@context":"https:\/\/schema.org","@graph":[{"@type":"Article","@id":"https:\/\/adenilsongiovanini.com.br\/blog\/mapa-de-kernel-o-que-e-e-como-produzir\/#article","isPartOf":{"@id":"https:\/\/adenilsongiovanini.com.br\/blog\/mapa-de-kernel-o-que-e-e-como-produzir\/"},"author":{"name":"Adenilson Giovanini","@id":"https:\/\/adenilsongiovanini.com.br\/blog\/#\/schema\/person\/9c1daa7da73c116aae2cb0568d1daa23"},"headline":"Mapa de Kernel: O Que \u00c9 e Como Produzir?","datePublished":"2021-11-26T12:53:44+00:00","dateModified":"2022-08-22T16:12:29+00:00","mainEntityOfPage":{"@id":"https:\/\/adenilsongiovanini.com.br\/blog\/mapa-de-kernel-o-que-e-e-como-produzir\/"},"wordCount":1587,"publisher":{"@id":"https:\/\/adenilsongiovanini.com.br\/blog\/#\/schema\/person\/9c1daa7da73c116aae2cb0568d1daa23"},"image":{"@id":"https:\/\/adenilsongiovanini.com.br\/blog\/mapa-de-kernel-o-que-e-e-como-produzir\/#primaryimage"},"thumbnailUrl":"https:\/\/adenilsongiovanini.com.br\/blog\/wp-content\/uploads\/2021\/11\/mapas-de-kernel.png","articleSection":["ArcGIS","Cartografia","Sensoriamento remoto"],"inLanguage":"pt-BR"},{"@type":"WebPage","@id":"https:\/\/adenilsongiovanini.com.br\/blog\/mapa-de-kernel-o-que-e-e-como-produzir\/","url":"https:\/\/adenilsongiovanini.com.br\/blog\/mapa-de-kernel-o-que-e-e-como-produzir\/","name":"Mapa de Kernel: O Que \u00c9 e Como Produzir? - Adenilson Giovanini","isPartOf":{"@id":"https:\/\/adenilsongiovanini.com.br\/blog\/#website"},"primaryImageOfPage":{"@id":"https:\/\/adenilsongiovanini.com.br\/blog\/mapa-de-kernel-o-que-e-e-como-produzir\/#primaryimage"},"image":{"@id":"https:\/\/adenilsongiovanini.com.br\/blog\/mapa-de-kernel-o-que-e-e-como-produzir\/#primaryimage"},"thumbnailUrl":"https:\/\/adenilsongiovanini.com.br\/blog\/wp-content\/uploads\/2021\/11\/mapas-de-kernel.png","datePublished":"2021-11-26T12:53:44+00:00","dateModified":"2022-08-22T16:12:29+00:00","description":"Descubra o que \u00e9 um mapa de kernel, quais as classes e cores utilizadas, caracter\u00edsticas, aplica\u00e7\u00f5es e como produzir no ArcGIS e no QGIS.","breadcrumb":{"@id":"https:\/\/adenilsongiovanini.com.br\/blog\/mapa-de-kernel-o-que-e-e-como-produzir\/#breadcrumb"},"inLanguage":"pt-BR","potentialAction":[{"@type":"ReadAction","target":["https:\/\/adenilsongiovanini.com.br\/blog\/mapa-de-kernel-o-que-e-e-como-produzir\/"]}]},{"@type":"ImageObject","inLanguage":"pt-BR","@id":"https:\/\/adenilsongiovanini.com.br\/blog\/mapa-de-kernel-o-que-e-e-como-produzir\/#primaryimage","url":"https:\/\/adenilsongiovanini.com.br\/blog\/wp-content\/uploads\/2021\/11\/mapas-de-kernel.png","contentUrl":"https:\/\/adenilsongiovanini.com.br\/blog\/wp-content\/uploads\/2021\/11\/mapas-de-kernel.png","width":850,"height":658},{"@type":"BreadcrumbList","@id":"https:\/\/adenilsongiovanini.com.br\/blog\/mapa-de-kernel-o-que-e-e-como-produzir\/#breadcrumb","itemListElement":[{"@type":"ListItem","position":1,"name":"Home","item":"https:\/\/adenilsongiovanini.com.br\/blog\/"},{"@type":"ListItem","position":2,"name":"Mapa de Kernel: O Que \u00c9 e Como Produzir?"}]},{"@type":"WebSite","@id":"https:\/\/adenilsongiovanini.com.br\/blog\/#website","url":"https:\/\/adenilsongiovanini.com.br\/blog\/","name":"Adenilson Giovanini","description":"Topografia e Geotecnologias","publisher":{"@id":"https:\/\/adenilsongiovanini.com.br\/blog\/#\/schema\/person\/9c1daa7da73c116aae2cb0568d1daa23"},"potentialAction":[{"@type":"SearchAction","target":{"@type":"EntryPoint","urlTemplate":"https:\/\/adenilsongiovanini.com.br\/blog\/?s={search_term_string}"},"query-input":{"@type":"PropertyValueSpecification","valueRequired":true,"valueName":"search_term_string"}}],"inLanguage":"pt-BR"},{"@type":["Person","Organization"],"@id":"https:\/\/adenilsongiovanini.com.br\/blog\/#\/schema\/person\/9c1daa7da73c116aae2cb0568d1daa23","name":"Adenilson Giovanini","image":{"@type":"ImageObject","inLanguage":"pt-BR","@id":"https:\/\/adenilsongiovanini.com.br\/blog\/#\/schema\/person\/image\/","url":"https:\/\/adenilsongiovanini.com.br\/blog\/wp-content\/litespeed\/avatar\/be8f4de5c0b8a93c57a4f29cbf2f1e92.jpg?ver=1777130135","contentUrl":"https:\/\/adenilsongiovanini.com.br\/blog\/wp-content\/litespeed\/avatar\/be8f4de5c0b8a93c57a4f29cbf2f1e92.jpg?ver=1777130135","caption":"Adenilson Giovanini"},"logo":{"@id":"https:\/\/adenilsongiovanini.com.br\/blog\/#\/schema\/person\/image\/"},"description":"O Professor Adenilson Giovanini \u00e9 especialista em Topografia Cadastral e Georreferenciamento de Im\u00f3veis Rurais. O mesmo possui o Maior Site de Engenharia de Agrimensura do Brasil. Site este que tem mais de 102.000 visualiza\u00e7\u00f5es por m\u00eas. Tamb\u00e9m possui mais de 600 v\u00eddeos em seu canal no youtube. Al\u00e9m disso, \u00e9 escritor Best Seller, possuindo v\u00e1rios cursos e livros de sucesso.","sameAs":["http:\/\/adenilsongiovanini.com.br","https:\/\/www.facebook.com\/otopografo\/","https:\/\/www.instagram.com\/adenilson_giovanini\/","https:\/\/www.linkedin.com\/in\/adenilson-giovanini-819b8035\/","https:\/\/br.pinterest.com\/adenilsongiovanini\/","https:\/\/www.youtube.com\/channel\/uce-br7ghiuog2txcsdx5vrw"]}]}},"amp_enabled":true,"_links":{"self":[{"href":"https:\/\/adenilsongiovanini.com.br\/blog\/wp-json\/wp\/v2\/posts\/27890","targetHints":{"allow":["GET"]}}],"collection":[{"href":"https:\/\/adenilsongiovanini.com.br\/blog\/wp-json\/wp\/v2\/posts"}],"about":[{"href":"https:\/\/adenilsongiovanini.com.br\/blog\/wp-json\/wp\/v2\/types\/post"}],"author":[{"embeddable":true,"href":"https:\/\/adenilsongiovanini.com.br\/blog\/wp-json\/wp\/v2\/users\/1"}],"replies":[{"embeddable":true,"href":"https:\/\/adenilsongiovanini.com.br\/blog\/wp-json\/wp\/v2\/comments?post=27890"}],"version-history":[{"count":0,"href":"https:\/\/adenilsongiovanini.com.br\/blog\/wp-json\/wp\/v2\/posts\/27890\/revisions"}],"wp:featuredmedia":[{"embeddable":true,"href":"https:\/\/adenilsongiovanini.com.br\/blog\/wp-json\/wp\/v2\/media\/27498"}],"wp:attachment":[{"href":"https:\/\/adenilsongiovanini.com.br\/blog\/wp-json\/wp\/v2\/media?parent=27890"}],"wp:term":[{"taxonomy":"category","embeddable":true,"href":"https:\/\/adenilsongiovanini.com.br\/blog\/wp-json\/wp\/v2\/categories?post=27890"},{"taxonomy":"post_tag","embeddable":true,"href":"https:\/\/adenilsongiovanini.com.br\/blog\/wp-json\/wp\/v2\/tags?post=27890"}],"curies":[{"name":"wp","href":"https:\/\/api.w.org\/{rel}","templated":true}]}}