{"id":27320,"date":"2021-11-13T17:15:42","date_gmt":"2021-11-13T17:15:42","guid":{"rendered":"https:\/\/adenilsongiovanini.com.br\/blog\/?p=27320"},"modified":"2022-08-22T21:28:56","modified_gmt":"2022-08-22T21:28:56","slug":"palsar-satelite-de-observacao-da-terra","status":"publish","type":"post","link":"https:\/\/adenilsongiovanini.com.br\/blog\/palsar-satelite-de-observacao-da-terra\/","title":{"rendered":"PALSAR: Sat\u00e9lite de Observa\u00e7\u00e3o da Terra?"},"content":{"rendered":"<p><span style=\"font-size: 20px; font-family: arial, helvetica, sans-serif; color: #000000; line-height: 1.3;\"><strong>PALSAR<\/strong>, voc\u00ea acabou de encontrar um artigo definitivo a respeito deste fabuloso sat\u00e9lite.<\/span><\/p>\n<p><span style=\"font-size: 20px; font-family: arial, helvetica, sans-serif; color: #000000; line-height: 1.3;\">Com a leitura do mesmo voc\u00ea aprender\u00e1:<\/span><\/p>\n<ul>\n<li><span style=\"font-size: 20px; font-family: arial, helvetica, sans-serif; color: #000000; line-height: 1.3;\">O que \u00e9 o <strong>sensor ALOS PALSAR;<\/strong><\/span><\/li>\n<li><span style=\"font-size: 20px; font-family: arial, helvetica, sans-serif; color: #000000; line-height: 1.3;\">Quando este fabuloso sat\u00e9lite foi lan\u00e7ado;<\/span><\/li>\n<li><span style=\"font-size: 20px; font-family: arial, helvetica, sans-serif; color: #000000; line-height: 1.3;\">Quais as <strong>caracter\u00edsticas do mesmo<\/strong>;<\/span><\/li>\n<li><span style=\"font-size: 20px; font-family: arial, helvetica, sans-serif; color: #000000; line-height: 1.3;\">Qual a \u00f3rbita e a <strong>capacidade de obten\u00e7\u00e3o de dados<\/strong>;<\/span><\/li>\n<li><span style=\"font-size: 20px; font-family: arial, helvetica, sans-serif; color: #000000; line-height: 1.3;\">Quais as <strong>aplica\u00e7\u00f5es<\/strong> dos dados obtidos;<\/span><\/li>\n<li><span style=\"font-size: 20px; font-family: arial, helvetica, sans-serif; color: #000000; line-height: 1.3;\">E muito mais.<\/span><\/li>\n<\/ul>\n<p><span style=\"font-size: 20px; font-family: arial, helvetica, sans-serif; color: #000000; line-height: 1.3;\">Vou abrir meu ba\u00fa do tesouro. prossiga a leitura com m\u00e1xima aten\u00e7\u00e3o.<\/span><\/p>\n<p>&nbsp;<\/p>\n<h2 style=\"text-align: center;\"><strong><span style=\"font-size: 24px; font-family: arial, helvetica, sans-serif; color: #000000; line-height: 1.3;\">PALSAR &#8211; Um poderoso e robusto sistema SAR<\/span><\/strong><\/h2>\n<p><img decoding=\"async\" class=\"aligncenter size-full wp-image-27321\" src=\"https:\/\/adenilsongiovanini.com.br\/blog\/wp-content\/uploads\/2021\/11\/alos-palsar.jpg\" alt=\"alos palsar\" width=\"589\" height=\"411\" srcset=\"https:\/\/adenilsongiovanini.com.br\/blog\/wp-content\/uploads\/2021\/11\/alos-palsar.jpg 589w, https:\/\/adenilsongiovanini.com.br\/blog\/wp-content\/uploads\/2021\/11\/alos-palsar-300x209.jpg 300w\" sizes=\"(max-width: 589px) 100vw, 589px\" \/><\/p>\n<p><span style=\"color: #000000;\"><span style=\"font-family: arial, helvetica, sans-serif; font-size: 20px;\">O <strong>sistema Alos PALSAR <\/strong>foi desenvolvido prioritariamente para fomentar pesquisas cient\u00edficas e aplicadas na \u00e1rea de <span style=\"color: #0000ff;\"><a style=\"color: #0000ff;\" href=\"https:\/\/adenilsongiovanini.com.br\/blog\/sensoriamento-remoto\/\">sensoriamento <\/a><\/span><span style=\"color: #0000ff;\"><a style=\"color: #0000ff;\" href=\"https:\/\/adenilsongiovanini.com.br\/blog\/sensoriamento-remoto\/\">remoto<\/a><\/span>. <\/span><\/span><\/p>\n<p><span style=\"color: #000000;\"><span style=\"font-family: arial, helvetica, sans-serif; font-size: 20px;\">O objetivo do programa foi prover o Jap\u00e3o e outros pa\u00edses da \u00c1sia com <span style=\"color: #0000ff;\"><a style=\"color: #0000ff;\" href=\"https:\/\/adenilsongiovanini.com.br\/blog\/produtos-cartograficos-o-guia-definitivo\/\">dados cartogr\u00e1ficos<\/a><\/span> que pudessem oferecer subs\u00eddios a estudos diversos.<\/span><\/span><\/p>\n<p>&nbsp;<\/p>\n<h2 style=\"text-align: center;\"><strong><span style=\"font-family: arial, helvetica, sans-serif; font-size: 24px; color: #000000;\">Aplica\u00e7\u00f5es do sensor Alos PALSAR<\/span><\/strong><\/h2>\n<p><img decoding=\"async\" class=\"aligncenter size-large wp-image-27322\" src=\"https:\/\/adenilsongiovanini.com.br\/blog\/wp-content\/uploads\/2021\/11\/aplicacoes-alos-palsar-780x702.png\" alt=\"aplica\u00e7\u00f5es alos palsar\" width=\"780\" height=\"702\" srcset=\"https:\/\/adenilsongiovanini.com.br\/blog\/wp-content\/uploads\/2021\/11\/aplicacoes-alos-palsar-780x702.png 780w, https:\/\/adenilsongiovanini.com.br\/blog\/wp-content\/uploads\/2021\/11\/aplicacoes-alos-palsar-300x270.png 300w, https:\/\/adenilsongiovanini.com.br\/blog\/wp-content\/uploads\/2021\/11\/aplicacoes-alos-palsar-768x691.png 768w, https:\/\/adenilsongiovanini.com.br\/blog\/wp-content\/uploads\/2021\/11\/aplicacoes-alos-palsar.png 850w\" sizes=\"(max-width: 780px) 100vw, 780px\" \/><\/p>\n<p style=\"text-align: center;\"><span style=\"font-size: 20px; font-family: arial, helvetica, sans-serif; color: #000000; line-height: 1.3;\">As principais <strong>aplica\u00e7\u00f5es do sensor Alos PALSAR<\/strong> s\u00e3o <\/span><span style=\"font-family: arial, helvetica, sans-serif; font-size: 20px; color: #000000;\">estudos de temas ligados ao:<\/span><\/p>\n<ul>\n<li><span style=\"color: #000000;\"><span style=\"font-family: arial, helvetica, sans-serif; font-size: 20px;\">Desenvolvimento sustent\u00e1vel;<\/span><\/span><\/li>\n<li><span style=\"color: #000000;\"><span style=\"font-family: arial, helvetica, sans-serif; font-size: 20px;\">Monitoramento de desastres naturais e<\/span><\/span><\/li>\n<li><span style=\"color: #000000;\"><span style=\"font-family: arial, helvetica, sans-serif; font-size: 20px;\">Monitoramento de recursos naturais.<\/span><\/span><\/li>\n<\/ul>\n<p><span style=\"color: #000000;\"><span style=\"font-family: arial, helvetica, sans-serif; font-size: 20px;\">Como exemplos de aplica\u00e7\u00f5es tamb\u00e9m temos:<\/span><\/span><\/p>\n<ul>\n<li><span style=\"color: #000000;\"><span style=\"font-family: arial, helvetica, sans-serif; font-size: 20px;\">Pesquisa e desenvolvimento (P&amp;D);<\/span><\/span><\/li>\n<li><span style=\"color: #000000;\"><span style=\"font-family: arial, helvetica, sans-serif; font-size: 20px;\">Pesquisas acad\u00eamicas;<\/span><\/span><\/li>\n<li><span style=\"color: #000000;\"><span style=\"font-family: arial, helvetica, sans-serif; font-size: 20px;\">Geologia;<\/span><\/span><\/li>\n<li><span style=\"color: #000000;\"><span style=\"font-family: arial, helvetica, sans-serif; font-size: 20px;\"><span style=\"color: #0000ff;\"><a style=\"color: #0000ff;\" href=\"http:\/\/www.dsr.inpe.br\/DSR\/areas-de-atuacao\/topicos-de-pesquisa\/geologia-geomorfologia#:~:text=A%20Geomorfologia%20estuda%20a%20origem,por%20fatores%20end%C3%B3genos%20e%20ex%C3%B3genos.\">Geomorfologia<\/a><\/span>;<\/span><\/span><\/li>\n<li><span style=\"color: #000000;\"><span style=\"font-family: arial, helvetica, sans-serif; font-size: 20px;\">Minera\u00e7\u00e3o;<\/span><\/span><\/li>\n<li><span style=\"color: #000000;\"><span style=\"font-family: arial, helvetica, sans-serif; font-size: 20px;\">Entre outras aplica\u00e7\u00f5es.<\/span><\/span><\/li>\n<\/ul>\n<h2 style=\"text-align: center;\"><span style=\"font-size: 24px;\"><strong><span style=\"color: #000000;\"><span style=\"font-family: arial, helvetica, sans-serif;\">Lan\u00e7amento do sat\u00e9lite ALOS<\/span><\/span><\/strong><\/span><\/h2>\n<p><img decoding=\"async\" class=\"aligncenter size-full wp-image-26871\" src=\"https:\/\/adenilsongiovanini.com.br\/blog\/wp-content\/uploads\/2021\/11\/alos.jpg\" alt=\"Lan\u00e7amento do sat\u00e9lite ALOS\" width=\"408\" height=\"338\" srcset=\"https:\/\/adenilsongiovanini.com.br\/blog\/wp-content\/uploads\/2021\/11\/alos.jpg 408w, https:\/\/adenilsongiovanini.com.br\/blog\/wp-content\/uploads\/2021\/11\/alos-300x249.jpg 300w\" sizes=\"(max-width: 408px) 100vw, 408px\" \/><\/p>\n<p><span style=\"color: #000000;\"><span style=\"font-family: arial, helvetica, sans-serif; font-size: 20px;\">O <span style=\"color: #0000ff;\"><a style=\"color: #0000ff;\" href=\"https:\/\/adenilsongiovanini.com.br\/blog\/alos-historico-caracteristicas-e-aplicacoes\/\">sat\u00e9lite ALOS (Daichi)<\/a><\/span> foi lan\u00e7ado em 24 de janeiro de 2006 pela <span style=\"color: #0000ff;\"><a style=\"color: #0000ff;\" href=\"https:\/\/global.jaxa.jp\/\">Japan Aerospace Exploration Agency \u2013 JAXA<\/a><\/span> a partir do centro espacial de Tanegashima (Jap\u00e3o).<\/span><\/span><\/p>\n<p><span style=\"color: #000000;\"><span style=\"font-family: arial, helvetica, sans-serif; font-size: 20px;\">O mesmo entrou na fase operacional e de fornecimento de dados ao p\u00fablico no dia 24 de outubro de 2006, com sua opera\u00e7\u00e3o sendo conclu\u00edda em 12 de maio de 2011.<\/span><\/span><\/p>\n<p><span style=\"color: #000000;\"><span style=\"font-family: arial, helvetica, sans-serif; font-size: 20px;\">O <strong>sat\u00e9lite Alos <\/strong>na realidade faz parte de uma sequ\u00eancia de sat\u00e9lites, sendo antecedido pelos sat\u00e9lites <span style=\"color: #0000ff;\"><a style=\"color: #0000ff;\" href=\"https:\/\/eoportal.org\/web\/eoportal\/satellite-missions\/a\/adeos\">ADEOS<\/a><\/span> e <span style=\"color: #0000ff;\"><a style=\"color: #0000ff;\" href=\"https:\/\/earth.esa.int\/eogateway\/missions\/jers-1\">JERS-1<\/a><\/span>.<\/span><\/span><\/p>\n<p>&nbsp;<\/p>\n<h2 style=\"text-align: center;\"><span style=\"font-size: 24px;\"><strong><span style=\"color: #000000;\"><span style=\"font-family: arial, helvetica, sans-serif;\">Alos Palsar &#8211; Principais caracter\u00edsticas do sat\u00e9lite Alos<\/span><\/span><\/strong><\/span><\/h2>\n<p><img decoding=\"async\" class=\"aligncenter size-full wp-image-26862\" src=\"https:\/\/adenilsongiovanini.com.br\/blog\/wp-content\/uploads\/2021\/11\/satelite-alos.gif\" alt=\"Alos Palsar - Principais caracter\u00edsticas do sat\u00e9lite Alos\" width=\"340\" height=\"185\" \/><\/p>\n<p><span style=\"color: #000000;\"><span style=\"font-family: arial, helvetica, sans-serif; font-size: 20px;\">Entre as principais caracter\u00edsticas incorporadas ao sat\u00e9lite Alos temos:<\/span><\/span><\/p>\n<ul>\n<li><span style=\"color: #000000;\"><span style=\"font-family: arial, helvetica, sans-serif; font-size: 20px;\">Grande velocidade;<\/span><\/span><\/li>\n<li><span style=\"color: #000000;\"><span style=\"font-family: arial, helvetica, sans-serif; font-size: 20px;\"> Capacidade de tratamento dos dados e;<\/span><\/span><\/li>\n<li><span style=\"color: #000000;\"><span style=\"font-family: arial, helvetica, sans-serif; font-size: 20px;\"> Precis\u00e3o avan\u00e7ada na determina\u00e7\u00e3o de seu posicionamento espacial.<\/span><\/span><\/li>\n<\/ul>\n<p><span style=\"color: #000000;\"><span style=\"font-family: arial, helvetica, sans-serif; font-size: 20px;\">Para que o sat\u00e9lite consiga ter uma grande precis\u00e3o em seu<span style=\"color: #0000ff;\"><a style=\"color: #0000ff;\" href=\"https:\/\/adenilsongiovanini.com.br\/blog\/sistema-de-posicionamento-global-aplicacoes\/\"> posicionamento<\/a><\/span> especial, o mesmo possuiu um sistema de controle de \u00f3rbita e atitude baseados em <span style=\"color: #0000ff;\"><a style=\"color: #0000ff;\" href=\"https:\/\/adenilsongiovanini.com.br\/blog\/gps-sistema-de-posicionamento-global\/\">GPS de dupla frequ\u00eancia<\/a><\/span> e rastreador de estrelas. <\/span><\/span><\/p>\n<p>&nbsp;<\/p>\n<h2 style=\"text-align: center;\"><span style=\"font-size: 24px;\"><strong><span style=\"color: #000000;\"><span style=\"font-family: arial, helvetica, sans-serif;\">Sensor PALSAR<\/span><\/span><\/strong><\/span><\/h2>\n<p><span style=\"font-family: arial, helvetica, sans-serif; font-size: 20px; color: #000000;\">O <strong>sat\u00e9lite Alos <\/strong>contou com <strong>tr\u00eas sensores \u00e0 bordo<\/strong>. S\u00e3o eles:<\/span><\/p>\n<ul>\n<li><span style=\"font-family: arial, helvetica, sans-serif; font-size: 20px; color: #000000;\">ALOS (Daichi);<\/span><\/li>\n<li><span style=\"font-family: arial, helvetica, sans-serif; font-size: 20px; color: #000000;\">Radi\u00f4metro PRISM ;<\/span><\/li>\n<li><span style=\"font-family: arial, helvetica, sans-serif; font-size: 20px; color: #000000;\">Radi\u00f4metro multiespectral AVNIR-2.<\/span><\/li>\n<\/ul>\n<p><span style=\"font-family: arial, helvetica, sans-serif; font-size: 20px; color: #000000;\"> O mesmo tamb\u00e9m foi equipado com o <strong>sensor de microondas PALSAR<\/strong> (Phased Array type L-band Synthetic Aperture Radar).<\/span><\/p>\n<p><span style=\"font-family: arial, helvetica, sans-serif; font-size: 20px; color: #000000;\">Neste artigo, eu focarei em mostrar o sensor PALSAR. Isso porque <span style=\"color: #0000ff;\"><a style=\"color: #0000ff;\" href=\"https:\/\/adenilsongiovanini.com.br\/blog\/alos-historico-caracteristicas-e-aplicacoes\/\">neste outro artigo aqui do blog<\/a><\/span> eu j\u00e1 mostrei o sat\u00e9lite Alos, suas caracter\u00edsticas, aplica\u00e7\u00f5es e sensores.<\/span><\/p>\n<p><span style=\"font-family: arial, helvetica, sans-serif; font-size: 20px; color: #000000;\">No caso, o sensor de microondas PALSAR (Phased Array type L-band Synthetic Aperture Radar &#8211; <span style=\"color: #0000ff;\"><a style=\"color: #0000ff;\" href=\"https:\/\/adenilsongiovanini.com.br\/blog\/radar-interferometrico-o-que-e-e-como-funciona\/\">Radar de abertura sint\u00e9tica<\/a><\/span> de <span style=\"color: #0000ff;\"><a style=\"color: #0000ff;\" href=\"https:\/\/www.jbminstrumentos.com.br\/produto\/analisador-de-espectro-banda-l-950-2150-mhz\/#:~:text=Banda%20L%20%E2%80%93%20Faixa%20de%20frequ%C3%AAncia,de%20retorno%20a%20qualquer%20sat%C3%A9lite).\">banda L<\/a><\/span> tipo Phased Array) capaz de obter imagens diurnas e noturnas sem a interfer\u00eancia de nebulosidade.<\/span><\/p>\n<p><span style=\"font-family: arial, helvetica, sans-serif; font-size: 20px; color: #000000;\">O mesmo oferece desempenho superior do que o radar de abertura sint\u00e9tica (SAR) do JERS-1.<\/span><\/p>\n<p><img decoding=\"async\" class=\"aligncenter size-full wp-image-26869\" src=\"https:\/\/adenilsongiovanini.com.br\/blog\/wp-content\/uploads\/2021\/11\/microondas-palsar.gif\" alt=\"sensor de microondas palsar do sat\u00e9lite alos\" width=\"426\" height=\"337\" \/><\/p>\n<p><span style=\"font-family: arial, helvetica, sans-serif; font-size: 20px; color: #000000;\">O PALSAR tamb\u00e9m possu\u00ed o modo de observa\u00e7\u00e3o vantajoso ScanSAR, que permite adquirir uma largura de 250 a 350 km de imagens SAR (dependendo do n\u00famero de varreduras) em detrimento da <span style=\"color: #0000ff;\"><a style=\"color: #0000ff;\" href=\"https:\/\/adenilsongiovanini.com.br\/blog\/resolucao-espacial-espectral-radiometrica-e\/\">resolu\u00e7\u00e3o espacial<\/a><\/span>. <\/span><\/p>\n<p><span style=\"font-family: arial, helvetica, sans-serif; font-size: 20px; color: #000000;\">Essa faixa \u00e9 tr\u00eas a cinco vezes mais larga do que as imagens SAR convencionais.<\/span><\/p>\n<p><img decoding=\"async\" class=\"aligncenter size-large wp-image-26870\" src=\"https:\/\/adenilsongiovanini.com.br\/blog\/wp-content\/uploads\/2021\/11\/caracteristicas-palsar-564x780.png\" alt=\"caracteristicas palsar\" width=\"564\" height=\"780\" srcset=\"https:\/\/adenilsongiovanini.com.br\/blog\/wp-content\/uploads\/2021\/11\/caracteristicas-palsar-564x780.png 564w, https:\/\/adenilsongiovanini.com.br\/blog\/wp-content\/uploads\/2021\/11\/caracteristicas-palsar-217x300.png 217w, https:\/\/adenilsongiovanini.com.br\/blog\/wp-content\/uploads\/2021\/11\/caracteristicas-palsar.png 647w\" sizes=\"(max-width: 564px) 100vw, 564px\" \/><\/p>\n<p>&nbsp;<\/p>\n<p>&nbsp;<\/p>\n<h2 style=\"text-align: center;\"><strong><span style=\"font-family: arial, helvetica, sans-serif; font-size: 24px; color: #000000;\">Sensor ALOS PALSAR-2<\/span><\/strong><\/h2>\n<p><img decoding=\"async\" class=\"aligncenter size-full wp-image-27323\" src=\"https:\/\/adenilsongiovanini.com.br\/blog\/wp-content\/uploads\/2021\/11\/Sensor-ALOS-PALSAR-2.jpg\" alt=\"Sensor ALOS PALSAR-2\" width=\"408\" height=\"338\" srcset=\"https:\/\/adenilsongiovanini.com.br\/blog\/wp-content\/uploads\/2021\/11\/Sensor-ALOS-PALSAR-2.jpg 408w, https:\/\/adenilsongiovanini.com.br\/blog\/wp-content\/uploads\/2021\/11\/Sensor-ALOS-PALSAR-2-300x249.jpg 300w\" sizes=\"(max-width: 408px) 100vw, 408px\" \/><\/p>\n<p style=\"text-align: center;\"><span style=\"font-size: 20px; font-family: arial, helvetica, sans-serif; color: #000000; line-height: 1.3;\">No segundo semestre de 2014 foi lan\u00e7ado o sat\u00e9lite Alos 2. O mesmo, entre outros sensores, levou a abordo o <strong>sensor PALSAR 2<\/strong>. <\/span><\/p>\n<p style=\"text-align: center;\"><span style=\"font-size: 20px; font-family: arial, helvetica, sans-serif; color: #000000; line-height: 1.3;\">Este poderoso sensor foi desenvolvido pela RESTEC (Remote Sensing Technology Center of Japan).<\/span><\/p>\n<p style=\"text-align: center;\"><span style=\"font-size: 20px; font-family: arial, helvetica, sans-serif; color: #000000; line-height: 1.3;\">O PALSAR 2 possui diversas especifica\u00e7\u00f5es t\u00e9cnicas sobretudo na <span style=\"color: #0000ff;\"><a href=\"https:\/\/adenilsongiovanini.com.br\/blog\/resolucao-espacial-espectral-radiometrica-e\/\" style=\"color: #0000ff;\">resolu\u00e7\u00e3o espacial<\/a><\/span> (1m at\u00e9 100m), dependendo do modo de opera\u00e7\u00e3o do sensor. <\/span><span style=\"font-size: 20px; font-family: arial, helvetica, sans-serif; color: #000000; line-height: 1.3;\">O sensor tamb\u00e9m teve melhorias no modo de imageamento e tamanho da cena.<\/span><\/p>\n<p style=\"text-align: center;\"><span style=\"font-size: 20px; font-family: arial, helvetica, sans-serif; color: #000000; line-height: 1.3;\">Os dados deste sensor est\u00e3o dispon\u00edveis desde o segundo semestre do ano de 2014, sendo que \u00e9 poss\u00edvel programar novas coletas (programa\u00e7\u00e3o).<\/span><\/p>\n<p style=\"text-align: center;\"><span style=\"font-size: 20px; font-family: arial, helvetica, sans-serif; color: #000000; line-height: 1.3;\">Ou seja, o sensor Alos PALSAR 2 possibilita adquirir dados sob demanda.<\/span><\/p>\n<p>&nbsp;<\/p>\n<div class=\"box-serv tamanho-grande\">\n<h2 style=\"text-align: center;\"><strong><span style=\"font-family: arial, helvetica, sans-serif; font-size: 24px; color: #000000;\">Outras caracter\u00edsticas do PALSAR<\/span><\/strong><\/h2>\n<p><img decoding=\"async\" class=\"aligncenter size-large wp-image-27324\" src=\"https:\/\/adenilsongiovanini.com.br\/blog\/wp-content\/uploads\/2021\/11\/caracteristicas-do-Alos-PALSAR-780x587.jpg\" alt=\"caracter\u00edsticas do Alos PALSAR\" width=\"780\" height=\"587\" srcset=\"https:\/\/adenilsongiovanini.com.br\/blog\/wp-content\/uploads\/2021\/11\/caracteristicas-do-Alos-PALSAR-780x587.jpg 780w, https:\/\/adenilsongiovanini.com.br\/blog\/wp-content\/uploads\/2021\/11\/caracteristicas-do-Alos-PALSAR-300x226.jpg 300w, https:\/\/adenilsongiovanini.com.br\/blog\/wp-content\/uploads\/2021\/11\/caracteristicas-do-Alos-PALSAR-768x578.jpg 768w, https:\/\/adenilsongiovanini.com.br\/blog\/wp-content\/uploads\/2021\/11\/caracteristicas-do-Alos-PALSAR.jpg 960w\" sizes=\"(max-width: 780px) 100vw, 780px\" \/><\/p>\n<p style=\"text-align: center;\"><span style=\"font-size: 16px; font-family: arial, helvetica, sans-serif; color: #000000; line-height: 1.3;\">Fonte da imagem: https:\/\/docplayer.com.br\/4496955-Ibge-como-sub-no-de-distribuicao-de-imagens-do-satelite-alos.html<\/span><\/p>\n<p style=\"text-align: center;\"><span style=\"font-size: 20px; font-family: arial, helvetica, sans-serif; color: #000000; line-height: 1.3;\">Seguem mais algumas caracter\u00edsticas do sat\u00e9lite Alos:<\/span><\/p>\n<p><span style=\"font-size: 20px; font-family: arial, helvetica, sans-serif; color: #000000;\"><strong>\u00d3rbita<\/strong>: c<\/span><span style=\"font-size: 20px; font-family: arial, helvetica, sans-serif; color: #000000;\">ircular, helios\u00edncrona, descendente, 98.16\u00ba de inclina\u00e7\u00e3o, per\u00edodo de 98.70 minutos e altitude de 691.65 km.<\/span><\/p>\n<p><span style=\"font-size: 20px; font-family: arial, helvetica, sans-serif; color: #000000;\"><strong>Hor\u00e1rio de Imageamento<\/strong>: <\/span><span style=\"font-size: 20px; font-family: arial, helvetica, sans-serif; color: #000000;\">10 h 30 min AM.<\/span><\/p>\n<p><span style=\"font-size: 20px; font-family: arial, helvetica, sans-serif; color: #000000;\"><span style=\"color: #0000ff;\"><a style=\"color: #0000ff;\" href=\"https:\/\/adenilsongiovanini.com.br\/blog\/resolucao-espacial-espectral-radiometrica-e\/\"><strong>Resolu\u00e7\u00e3o Espacial<\/strong><\/a><\/span>: depende do modo de opera\u00e7\u00e3o. Os modos de opera\u00e7\u00e3o poss\u00edveis s\u00e3o:<\/span><\/p>\n<ul>\n<li><span style=\"font-size: 20px; font-family: arial, helvetica, sans-serif; color: #000000;\">Fine: 7,0-44,0 m;<\/span><span style=\"font-size: 20px; font-family: arial, helvetica, sans-serif; color: #000000;\"> 14,0-88,0 m; <\/span><\/li>\n<li><span style=\"font-size: 20px; font-family: arial, helvetica, sans-serif; color: #000000;\">ScanSar: 100,0 m e; <\/span><\/li>\n<li><span style=\"font-size: 20px; font-family: arial, helvetica, sans-serif; color: #000000;\">Polarim\u00e9trico: 24,0-89,0 m.<\/span><\/li>\n<\/ul>\n<p><span style=\"font-size: 20px; font-family: arial, helvetica, sans-serif; color: #000000;\"><span style=\"color: #0000ff;\"><a style=\"color: #0000ff;\" href=\"https:\/\/adenilsongiovanini.com.br\/blog\/resolucao-radiometrica-o-que-e\/\"><strong>Resolu\u00e7\u00e3o Radiom\u00e9trica<\/strong><\/a><\/span>: quantifica\u00e7\u00e3o &#8211; <\/span><span style=\"font-size: 20px; font-family: arial, helvetica, sans-serif; color: #000000;\">5 bits por p\u00edxel.<\/span><\/p>\n<p><span style=\"font-size: 20px; font-family: arial, helvetica, sans-serif; color: #000000;\"><span style=\"color: #0000ff;\"><a style=\"color: #0000ff;\" href=\"https:\/\/adenilsongiovanini.com.br\/blog\/resolucao-espectral-espacial-radiometrica-e\/\"><strong>Sensibilidade Espectral<\/strong><\/a><\/span>: f<\/span><span style=\"font-size: 20px; font-family: arial, helvetica, sans-serif; color: #000000;\">requ\u00eancia: 1270 MHz (banda L)<\/span><\/p>\n<p><span style=\"font-size: 20px; font-family: arial, helvetica, sans-serif; color: #000000;\"><strong>Tamanho de Cena B\u00e1sica<\/strong>: Tamb\u00e9m depende do modo de opera\u00e7\u00e3o.<\/span><\/p>\n<ul>\n<li><span style=\"font-size: 20px; font-family: arial, helvetica, sans-serif; color: #000000;\">Fine: 40\u00d740 a 70\u00d770 km;<\/span><\/li>\n<li><span style=\"font-size: 20px; font-family: arial, helvetica, sans-serif; color: #000000;\">ScanSar : 250 x250 a 350\u00d7350 km.<\/span><\/li>\n<li><span style=\"font-size: 20px; font-family: arial, helvetica, sans-serif; color: #000000;\">Largura de Faixa Imageada: <\/span><br \/>\n<span style=\"font-size: 20px; font-family: arial, helvetica, sans-serif; color: #000000;\">Fine : 40-70 km, <\/span><\/li>\n<li><span style=\"font-size: 20px; font-family: arial, helvetica, sans-serif; color: #000000;\">ScanSar: 250-350 km.<\/span><\/li>\n<\/ul>\n<p><span style=\"font-size: 20px; font-family: arial, helvetica, sans-serif; color: #000000;\"><strong>\u00c2ngulo de incid\u00eancia<\/strong>: <\/span><\/p>\n<ul>\n<li><span style=\"font-size: 20px; font-family: arial, helvetica, sans-serif; color: #000000;\">Fine 8\u00ba-60\u00ba;<\/span><\/li>\n<li><span style=\"font-size: 20px; font-family: arial, helvetica, sans-serif; color: #000000;\"> ScanSAR 18\u00ba-43\u00ba;<\/span><\/li>\n<li><span style=\"font-size: 20px; font-family: arial, helvetica, sans-serif; color: #000000;\">Polarim\u00e9trico (modo experimental) 8\u00ba-30\u00ba.<\/span><\/li>\n<\/ul>\n<p>&nbsp;<\/p>\n<p><span style=\"color: #000000; font-family: arial, helvetica, sans-serif; font-size: 20px;\"><strong>Tamanho de Cena B\u00e1sica<\/strong>: <\/span><\/p>\n<p><span style=\"font-family: arial, helvetica, sans-serif; font-size: 20px; color: #000000;\"><span style=\"color: #0000ff;\"><a style=\"color: #0000ff;\" href=\"https:\/\/adenilsongiovanini.com.br\/blog\/resolucao-temporal-o-que-e\/\"><strong>Frequ\u00eancia de Revisita<\/strong><\/a><\/span>: <\/span><span style=\"font-family: arial, helvetica, sans-serif; font-size: 20px; color: #000000;\">2,5 dias no m\u00e1ximo (2 dias com 95% probabilidade) para qualquer \u00e1rea.<\/span><\/p>\n<\/div>\n<p>&nbsp;<\/p>\n<p style=\"text-align: center;\">\n<h2 style=\"text-align: center;\"><strong><span style=\"font-size: 24px; font-family: arial, helvetica, sans-serif; color: #000000; line-height: 1.3;\">Outros sat\u00e9lites, suas caracter\u00edsticas e aplica\u00e7\u00f5es<\/span><\/strong><\/h2>\n<p><img decoding=\"async\" class=\"aligncenter size-full wp-image-26885\" src=\"https:\/\/adenilsongiovanini.com.br\/blog\/wp-content\/uploads\/2021\/11\/Rapideye.jpg\" alt=\"outros sat\u00e9lites, suas caracter\u00edsticas e aplica\u00e7\u00f5es\" width=\"650\" height=\"485\" srcset=\"https:\/\/adenilsongiovanini.com.br\/blog\/wp-content\/uploads\/2021\/11\/Rapideye.jpg 650w, https:\/\/adenilsongiovanini.com.br\/blog\/wp-content\/uploads\/2021\/11\/Rapideye-300x224.jpg 300w\" sizes=\"(max-width: 650px) 100vw, 650px\" \/><\/p>\n<p><span style=\"font-size: 20px; font-family: arial, helvetica, sans-serif; color: #000000; line-height: 1.3;\">Aqui no blog eu possuo diversos outros artigos a respeito do <span style=\"color: #0000ff;\"><a style=\"color: #0000ff;\" href=\"https:\/\/adenilsongiovanini.com.br\/blog\/imagens-de-sensoriamento-remoto\/\">sensoriamento remoto<\/a> <\/span>e <span style=\"color: #0000ff;\"><a style=\"color: #0000ff;\" href=\"https:\/\/adenilsongiovanini.com.br\/blog\/fotogrametria-digital-o-que-e\/\">fotogrametria<\/a><\/span>. Separei alguns deles para voc\u00ea.<\/span><\/p>\n<p><span style=\"font-size: 20px; font-family: arial, helvetica, sans-serif; color: #000000; line-height: 1.3;\">&gt; <span style=\"color: #0000ff;\"><a style=\"color: #0000ff;\" href=\"https:\/\/adenilsongiovanini.com.br\/blog\/pleiades-historico-caracteristicas-e-aplicacoes\/\">Pl\u00e9iades: Hist\u00f3rico, Caracter\u00edsticas e Aplica\u00e7\u00f5es&#8230;<\/a><\/span><\/span><\/p>\n<p><span style=\"font-size: 20px; font-family: arial, helvetica, sans-serif; color: #000000; line-height: 1.3;\">&gt; <span style=\"color: #0000ff;\"><a style=\"color: #0000ff;\" href=\"https:\/\/adenilsongiovanini.com.br\/blog\/satelite-planet-o-que-sao-e-suas-aplicacoes\/\">Planet: a maior e mais poderosa constela\u00e7\u00e3o de sat\u00e9lites de alta resolu\u00e7\u00e3o existente&#8230; <\/a><\/span><\/span><\/p>\n<p><span style=\"font-size: 20px; font-family: arial, helvetica, sans-serif; color: #000000; line-height: 1.3;\">&gt; <span style=\"color: #0000ff;\"><a style=\"color: #0000ff;\" href=\"https:\/\/adenilsongiovanini.com.br\/blog\/alos-historico-caracteristicas-e-aplicacoes\/\">Alos: Conhe\u00e7a este fabuloso sat\u00e9lite e suas imagens&#8230;<\/a><\/span><\/span><\/p>\n<p><span style=\"font-size: 20px; font-family: arial, helvetica, sans-serif; color: #000000; line-height: 1.3;\">&gt; <span style=\"color: #0000ff;\"><a style=\"color: #0000ff;\" href=\"https:\/\/adenilsongiovanini.com.br\/blog\/cbers-4-e-cbers-4a-historia-e-aplicacoes\/\">CBERS 4 e CBERS 4a: Hist\u00f3ria e Aplica\u00e7\u00f5es&#8230;<\/a><\/span><\/span><\/p>\n<p><span style=\"font-size: 20px; font-family: arial, helvetica, sans-serif; color: #000000; line-height: 1.3;\">&gt; <span style=\"color: #0000ff;\"><a style=\"color: #0000ff;\" href=\"https:\/\/adenilsongiovanini.com.br\/blog\/satelite-landsat-historico-e-aplicacoes\/\">Landsat: hist\u00f3rico e aplica\u00e7\u00f5es&#8230;<\/a><\/span><\/span><\/p>\n<p><span style=\"font-size: 20px; font-family: arial, helvetica, sans-serif; color: #000000; line-height: 1.3;\">&gt; <span style=\"color: #0000ff;\"><a style=\"color: #0000ff;\" href=\"https:\/\/adenilsongiovanini.com.br\/blog\/ikonos-imagens-caracteristicas-e-aplicacoes\/\">Ikonos: imagens, caracter\u00edsticas e aplica\u00e7\u00f5es&#8230;.<\/a><\/span><\/span><\/p>\n<p><span style=\"font-size: 20px; font-family: arial, helvetica, sans-serif; color: #000000; line-height: 1.3;\">&gt; <span style=\"color: #0000ff;\"><a style=\"color: #0000ff;\" href=\"https:\/\/adenilsongiovanini.com.br\/blog\/geoeye-imagens-caracteristicas-e-aplicacoes\/\">GeoEye: um poderoso sat\u00e9lite com resolu\u00e7\u00e3o espacial subm\u00e9trica&#8230;<\/a><\/span><\/span><\/p>\n<p><span style=\"font-size: 20px; font-family: arial, helvetica, sans-serif; color: #000000; line-height: 1.3;\">&gt; <span style=\"color: #0000ff;\"><a style=\"color: #0000ff;\" href=\"https:\/\/adenilsongiovanini.com.br\/blog\/quickbird-caracteristicas-diferenciais-e-aplicacoes\/\">QuickBird: Um sat\u00e9lite com uma alta resolu\u00e7\u00e3o&#8230;<\/a><\/span><\/span><\/p>\n<p><span style=\"font-size: 20px; font-family: arial, helvetica, sans-serif; color: #000000; line-height: 1.3;\">&gt; <span style=\"color: #0000ff;\"><a style=\"color: #0000ff;\" href=\"https:\/\/adenilsongiovanini.com.br\/blog\/worldview-nasa-caracteristicas-e-aplicacoes\/\">Wordview: tudo que voc\u00ea precisa saber a respeito&#8230;<\/a><\/span><\/span><\/p>\n<p><span style=\"font-size: 20px; font-family: arial, helvetica, sans-serif; color: #000000; line-height: 1.3;\">\u00c9 isso por este artigo. <\/span><span style=\"font-size: 20px; font-family: arial, helvetica, sans-serif; color: #000000; line-height: 1.3;\">Lembrando que eu tamb\u00e9m possuo uma s\u00e9rie de <strong>cursos pr\u00e1ticos e de livros<\/strong>. <\/span><\/p>\n<p><span style=\"font-size: 20px; font-family: arial, helvetica, sans-serif; color: #000000; line-height: 1.3;\">Se voc\u00ea quer<strong> MERGULHAR FUNDO e aprender a prestar servi\u00e7os com grande velocidade e com seguran\u00e7a<\/strong>, <span style=\"color: #0000ff;\"><a style=\"color: #0000ff;\" href=\"https:\/\/adenilsongiovanini.com.br\/cursos-online\/\">acesse este link<\/a><\/span> e conhe\u00e7a os mesmos.<\/span><\/p>\n<p><span style=\"color: #000000;\"><span style=\"font-size: 20px; font-family: arial, helvetica, sans-serif; line-height: 1.3;\">Entre eles, o <span style=\"color: #0000ff;\"><a style=\"color: #0000ff;\" href=\"https:\/\/adenilsongiovanini.com.br\/curso-de-autocad-para-topografia\/\" target=\"_blank\" rel=\"noopener noreferrer\">Curso de Confec\u00e7\u00e3o de Plantas Topogr\u00e1ficas<\/a><\/span>. <span style=\"color: #000000;\">Um <\/span><\/span><span style=\"font-size: 20px; font-family: arial, helvetica, sans-serif; line-height: 1.3;\">curso pr\u00e1tico <\/span><span style=\"font-size: 20px; font-family: arial, helvetica, sans-serif; line-height: 1.3;\">com o qual voc\u00ea vai <strong>aprender a produzir as 15 diferentes plantas produzidas em um escrit\u00f3rio de topografia<\/strong>.<\/span><\/span><\/p>\n<p><a href=\"https:\/\/adenilsongiovanini.com.br\/curso-de-autocad-para-topografia\/\" target=\"_blank\" rel=\"noopener noreferrer\"><img decoding=\"async\" class=\"aligncenter wp-image-31689\" src=\"https:\/\/adenilsongiovanini.com.br\/wp-content\/uploads\/2022\/07\/planta-de-topografia-1024x612.png\" alt=\"\" width=\"770\" height=\"460\" \/><\/a> <span style=\"font-family: arial, helvetica, sans-serif; font-size: 20px; color: #000000;\">Clique <a href=\"https:\/\/adenilsongiovanini.com.br\/curso-de-autocad-para-topografia\/\" target=\"_blank\" rel=\"noopener noreferrer\"><span style=\"color: #0000ff;\">neste link<\/span><\/a> e conhe\u00e7a melhor o mesmo.<\/span><\/p>\n<p><span style=\"font-size: 20px; font-family: arial, helvetica, sans-serif; color: #000000; line-height: 1.3;\">Gratid\u00e3o por voc\u00ea ter lido o artigo. \ud83d\ude4f<\/span><\/p>\n<p>&nbsp;<\/p>\n<h2 style=\"text-align: center;\"><span style=\"font-family: arial, helvetica, sans-serif; color: #000000; font-size: 24px;\"><strong>Domine a Opera\u00e7\u00e3o de Drones Atrav\u00e9s de um Livro Formado Por <\/strong><\/span><span style=\"font-family: arial, helvetica, sans-serif; color: #000000; font-size: 24px;\"><strong>E<\/strong><\/span><span style=\"font-family: arial, helvetica, sans-serif; color: #000000; font-size: 24px;\"><strong>xemplos Pr\u00e1ticos e <\/strong><\/span><span style=\"font-family: arial, helvetica, sans-serif; color: #000000; font-size: 24px;\"><strong>Estudos de Caso <\/strong><\/span><\/h2>\n<h2 style=\"text-align: center;\"><img decoding=\"async\" class=\"aligncenter size-large wp-image-25478\" src=\"https:\/\/adenilsongiovanini.com.br\/blog\/wp-content\/uploads\/2021\/08\/livro-drones-780x434.png\" alt=\"livro topografia com drone\" width=\"780\" height=\"434\" srcset=\"https:\/\/adenilsongiovanini.com.br\/blog\/wp-content\/uploads\/2021\/08\/livro-drones-780x434.png 780w, https:\/\/adenilsongiovanini.com.br\/blog\/wp-content\/uploads\/2021\/08\/livro-drones-300x167.png 300w, https:\/\/adenilsongiovanini.com.br\/blog\/wp-content\/uploads\/2021\/08\/livro-drones-768x427.png 768w, https:\/\/adenilsongiovanini.com.br\/blog\/wp-content\/uploads\/2021\/08\/livro-drones-350x195.png 350w, https:\/\/adenilsongiovanini.com.br\/blog\/wp-content\/uploads\/2021\/08\/livro-drones.png 1405w\" sizes=\"(max-width: 780px) 100vw, 780px\" \/><\/h2>\n<p><span style=\"font-family: arial, helvetica, sans-serif; font-size: 20px; color: #000000;\">A <span style=\"text-decoration: underline;\"><em>1 clique de dist\u00e2ncia de voc\u00ea<\/em><\/span> encontra-se um livro com <strong>os Conhecimentos Que Voc\u00ea Precisa Para Operar Drones Com Grande Velocidade e Com Seguran\u00e7a!<\/strong><\/span><\/p>\n<p><span style=\"font-family: arial, helvetica, sans-serif; font-size: 20px; color: #000000;\">O mesmo \u00e9 formado por 9 cap\u00edtulos estrategicamente estruturados. <\/span><\/p>\n<p><span style=\"font-family: arial, helvetica, sans-serif; font-size: 20px; color: #000000;\">Se voc\u00ea quer <em>(ou precisa)<\/em> dominar a opera\u00e7\u00e3o de drones, este livro servir\u00e1 como uma luva para voc\u00ea. <\/span><\/p>\n<p><span style=\"font-size: 20px;\"><span style=\"font-family: arial, helvetica, sans-serif; color: #000000;\">D\u00ea uma espiadinha no sum\u00e1rio do mesmo:<\/span><\/span><\/p>\n<p><center><iframe width=\"95%\" height=\"880\" src=\"https:\/\/drive.google.com\/file\/d\/142hFJEIc8YQTefKBBqcm5WIq3kR4hhX8\/preview\" data-mce-fragment=\"1\"><\/iframe><\/center><\/p>\n<p><span style=\"font-size: 20px;\"><span style=\"font-family: arial, helvetica, sans-serif; color: #000000;\">Para conhecer melhor a estrutura do livro e os 3 b\u00f4nus que voc\u00ea ganhar\u00e1 juntamente com o mesmo \u00e9 s\u00f3 clicar no bot\u00e3o abaixo:<\/span><\/span><\/p>\n<div class=\"su-button-center\"><\/div>\n<div class=\"su-button-center\"><a href=\"https:\/\/adenilsongiovanini.com.br\/livro-topografia-com-drones\/\" class=\"su-button su-button-style-3d\" style=\"color:#000000;background-color:#2BCC2F;border-color:#23a426;border-radius:13px\" target=\"_blank\" rel=\"nofollow\" id=\"1\"><span style=\"color:#000000;padding:0px 32px;font-size:23px;line-height:46px;border-color:#6bdc6e;border-radius:13px;text-shadow:0px 0px 0px #000000\"> &gt; Quero Conhecer Melhor o Livro e Adquirir Minha C\u00f3pia do Mesmo&#8230;<\/span><\/a><\/div>\n<p>&nbsp;<\/p>\n","protected":false},"excerpt":{"rendered":"<p>PALSAR, voc\u00ea acabou de encontrar um artigo definitivo a respeito deste fabuloso sat\u00e9lite. Com a leitura do mesmo voc\u00ea aprender\u00e1: O que \u00e9 o sensor ALOS PALSAR; Quando este fabuloso sat\u00e9lite foi lan\u00e7ado; Quais as caracter\u00edsticas do mesmo; Qual a \u00f3rbita e a capacidade de obten\u00e7\u00e3o de dados; Quais as [&hellip;]<\/p>\n","protected":false},"author":1,"featured_media":27325,"comment_status":"closed","ping_status":"closed","sticky":false,"template":"","format":"standard","meta":{"_monsterinsights_skip_tracking":false,"_monsterinsights_sitenote_active":false,"_monsterinsights_sitenote_note":"","_monsterinsights_sitenote_category":0,"footnotes":""},"categories":[13,56],"tags":[],"class_list":["post-27320","post","type-post","status-publish","format-standard","has-post-thumbnail","hentry","category-arcgis","category-sensoriamento-remoto"],"yoast_head":"<!-- This site is optimized with the Yoast SEO plugin v26.5 - https:\/\/yoast.com\/wordpress\/plugins\/seo\/ -->\n<title>PALSAR: Sat\u00e9lite de Observa\u00e7\u00e3o da Terra? - Adenilson Giovanini<\/title>\n<meta name=\"description\" content=\"Descubra o que \u00e9 o sensor ALOS PALSAR, quais suas caracter\u00edsticas, \u00f3rbita, capacidade de obten\u00e7\u00e3o de dados e aplica\u00e7\u00f5es. Leia.\" \/>\n<meta name=\"robots\" content=\"index, follow, max-snippet:-1, max-image-preview:large, max-video-preview:-1\" \/>\n<link rel=\"canonical\" href=\"https:\/\/adenilsongiovanini.com.br\/blog\/palsar-satelite-de-observacao-da-terra\/\" \/>\n<meta property=\"og:locale\" content=\"pt_BR\" \/>\n<meta property=\"og:type\" content=\"article\" \/>\n<meta property=\"og:title\" content=\"PALSAR: Sat\u00e9lite de Observa\u00e7\u00e3o da Terra? - Adenilson Giovanini\" \/>\n<meta property=\"og:description\" content=\"Descubra o que \u00e9 o sensor ALOS PALSAR, quais suas caracter\u00edsticas, \u00f3rbita, capacidade de obten\u00e7\u00e3o de dados e aplica\u00e7\u00f5es. Leia.\" \/>\n<meta property=\"og:url\" content=\"https:\/\/adenilsongiovanini.com.br\/blog\/palsar-satelite-de-observacao-da-terra\/\" \/>\n<meta property=\"og:site_name\" content=\"Adenilson Giovanini\" \/>\n<meta property=\"article:publisher\" content=\"https:\/\/www.facebook.com\/otopografo\/\" \/>\n<meta property=\"article:author\" content=\"https:\/\/www.facebook.com\/otopografo\/\" \/>\n<meta property=\"article:published_time\" content=\"2021-11-13T17:15:42+00:00\" \/>\n<meta property=\"article:modified_time\" content=\"2022-08-22T21:28:56+00:00\" \/>\n<meta property=\"og:image\" content=\"https:\/\/adenilsongiovanini.com.br\/blog\/wp-content\/uploads\/2021\/11\/satelites-Alos-com-sensor-PALSAR.jpg\" \/>\n\t<meta property=\"og:image:width\" content=\"459\" \/>\n\t<meta property=\"og:image:height\" content=\"257\" \/>\n\t<meta property=\"og:image:type\" content=\"image\/jpeg\" \/>\n<meta name=\"author\" content=\"Adenilson Giovanini\" \/>\n<meta name=\"twitter:card\" content=\"summary_large_image\" \/>\n<meta name=\"twitter:label1\" content=\"Escrito por\" \/>\n\t<meta name=\"twitter:data1\" content=\"Adenilson Giovanini\" \/>\n\t<meta name=\"twitter:label2\" content=\"Est. tempo de leitura\" \/>\n\t<meta name=\"twitter:data2\" content=\"8 minutos\" \/>\n<script type=\"application\/ld+json\" class=\"yoast-schema-graph\">{\"@context\":\"https:\/\/schema.org\",\"@graph\":[{\"@type\":\"Article\",\"@id\":\"https:\/\/adenilsongiovanini.com.br\/blog\/palsar-satelite-de-observacao-da-terra\/#article\",\"isPartOf\":{\"@id\":\"https:\/\/adenilsongiovanini.com.br\/blog\/palsar-satelite-de-observacao-da-terra\/\"},\"author\":{\"name\":\"Adenilson Giovanini\",\"@id\":\"https:\/\/adenilsongiovanini.com.br\/blog\/#\/schema\/person\/9c1daa7da73c116aae2cb0568d1daa23\"},\"headline\":\"PALSAR: Sat\u00e9lite de Observa\u00e7\u00e3o da Terra?\",\"datePublished\":\"2021-11-13T17:15:42+00:00\",\"dateModified\":\"2022-08-22T21:28:56+00:00\",\"mainEntityOfPage\":{\"@id\":\"https:\/\/adenilsongiovanini.com.br\/blog\/palsar-satelite-de-observacao-da-terra\/\"},\"wordCount\":1188,\"publisher\":{\"@id\":\"https:\/\/adenilsongiovanini.com.br\/blog\/#\/schema\/person\/9c1daa7da73c116aae2cb0568d1daa23\"},\"image\":{\"@id\":\"https:\/\/adenilsongiovanini.com.br\/blog\/palsar-satelite-de-observacao-da-terra\/#primaryimage\"},\"thumbnailUrl\":\"https:\/\/adenilsongiovanini.com.br\/blog\/wp-content\/uploads\/2021\/11\/satelites-Alos-com-sensor-PALSAR.jpg\",\"articleSection\":[\"ArcGIS\",\"Sensoriamento remoto\"],\"inLanguage\":\"pt-BR\"},{\"@type\":\"WebPage\",\"@id\":\"https:\/\/adenilsongiovanini.com.br\/blog\/palsar-satelite-de-observacao-da-terra\/\",\"url\":\"https:\/\/adenilsongiovanini.com.br\/blog\/palsar-satelite-de-observacao-da-terra\/\",\"name\":\"PALSAR: Sat\u00e9lite de Observa\u00e7\u00e3o da Terra? - Adenilson Giovanini\",\"isPartOf\":{\"@id\":\"https:\/\/adenilsongiovanini.com.br\/blog\/#website\"},\"primaryImageOfPage\":{\"@id\":\"https:\/\/adenilsongiovanini.com.br\/blog\/palsar-satelite-de-observacao-da-terra\/#primaryimage\"},\"image\":{\"@id\":\"https:\/\/adenilsongiovanini.com.br\/blog\/palsar-satelite-de-observacao-da-terra\/#primaryimage\"},\"thumbnailUrl\":\"https:\/\/adenilsongiovanini.com.br\/blog\/wp-content\/uploads\/2021\/11\/satelites-Alos-com-sensor-PALSAR.jpg\",\"datePublished\":\"2021-11-13T17:15:42+00:00\",\"dateModified\":\"2022-08-22T21:28:56+00:00\",\"description\":\"Descubra o que \u00e9 o sensor ALOS PALSAR, quais suas caracter\u00edsticas, \u00f3rbita, capacidade de obten\u00e7\u00e3o de dados e aplica\u00e7\u00f5es. Leia.\",\"breadcrumb\":{\"@id\":\"https:\/\/adenilsongiovanini.com.br\/blog\/palsar-satelite-de-observacao-da-terra\/#breadcrumb\"},\"inLanguage\":\"pt-BR\",\"potentialAction\":[{\"@type\":\"ReadAction\",\"target\":[\"https:\/\/adenilsongiovanini.com.br\/blog\/palsar-satelite-de-observacao-da-terra\/\"]}]},{\"@type\":\"ImageObject\",\"inLanguage\":\"pt-BR\",\"@id\":\"https:\/\/adenilsongiovanini.com.br\/blog\/palsar-satelite-de-observacao-da-terra\/#primaryimage\",\"url\":\"https:\/\/adenilsongiovanini.com.br\/blog\/wp-content\/uploads\/2021\/11\/satelites-Alos-com-sensor-PALSAR.jpg\",\"contentUrl\":\"https:\/\/adenilsongiovanini.com.br\/blog\/wp-content\/uploads\/2021\/11\/satelites-Alos-com-sensor-PALSAR.jpg\",\"width\":459,\"height\":257},{\"@type\":\"BreadcrumbList\",\"@id\":\"https:\/\/adenilsongiovanini.com.br\/blog\/palsar-satelite-de-observacao-da-terra\/#breadcrumb\",\"itemListElement\":[{\"@type\":\"ListItem\",\"position\":1,\"name\":\"Home\",\"item\":\"https:\/\/adenilsongiovanini.com.br\/blog\/\"},{\"@type\":\"ListItem\",\"position\":2,\"name\":\"PALSAR: Sat\u00e9lite de Observa\u00e7\u00e3o da Terra?\"}]},{\"@type\":\"WebSite\",\"@id\":\"https:\/\/adenilsongiovanini.com.br\/blog\/#website\",\"url\":\"https:\/\/adenilsongiovanini.com.br\/blog\/\",\"name\":\"Adenilson Giovanini\",\"description\":\"Topografia e Geotecnologias\",\"publisher\":{\"@id\":\"https:\/\/adenilsongiovanini.com.br\/blog\/#\/schema\/person\/9c1daa7da73c116aae2cb0568d1daa23\"},\"potentialAction\":[{\"@type\":\"SearchAction\",\"target\":{\"@type\":\"EntryPoint\",\"urlTemplate\":\"https:\/\/adenilsongiovanini.com.br\/blog\/?s={search_term_string}\"},\"query-input\":{\"@type\":\"PropertyValueSpecification\",\"valueRequired\":true,\"valueName\":\"search_term_string\"}}],\"inLanguage\":\"pt-BR\"},{\"@type\":[\"Person\",\"Organization\"],\"@id\":\"https:\/\/adenilsongiovanini.com.br\/blog\/#\/schema\/person\/9c1daa7da73c116aae2cb0568d1daa23\",\"name\":\"Adenilson Giovanini\",\"image\":{\"@type\":\"ImageObject\",\"inLanguage\":\"pt-BR\",\"@id\":\"https:\/\/adenilsongiovanini.com.br\/blog\/#\/schema\/person\/image\/\",\"url\":\"https:\/\/adenilsongiovanini.com.br\/blog\/wp-content\/litespeed\/avatar\/be8f4de5c0b8a93c57a4f29cbf2f1e92.jpg?ver=1777130135\",\"contentUrl\":\"https:\/\/adenilsongiovanini.com.br\/blog\/wp-content\/litespeed\/avatar\/be8f4de5c0b8a93c57a4f29cbf2f1e92.jpg?ver=1777130135\",\"caption\":\"Adenilson Giovanini\"},\"logo\":{\"@id\":\"https:\/\/adenilsongiovanini.com.br\/blog\/#\/schema\/person\/image\/\"},\"description\":\"O Professor Adenilson Giovanini \u00e9 especialista em Topografia Cadastral e Georreferenciamento de Im\u00f3veis Rurais. O mesmo possui o Maior Site de Engenharia de Agrimensura do Brasil. Site este que tem mais de 102.000 visualiza\u00e7\u00f5es por m\u00eas. Tamb\u00e9m possui mais de 600 v\u00eddeos em seu canal no youtube. Al\u00e9m disso, \u00e9 escritor Best Seller, possuindo v\u00e1rios cursos e livros de sucesso.\",\"sameAs\":[\"http:\/\/adenilsongiovanini.com.br\",\"https:\/\/www.facebook.com\/otopografo\/\",\"https:\/\/www.instagram.com\/adenilson_giovanini\/\",\"https:\/\/www.linkedin.com\/in\/adenilson-giovanini-819b8035\/\",\"https:\/\/br.pinterest.com\/adenilsongiovanini\/\",\"https:\/\/www.youtube.com\/channel\/uce-br7ghiuog2txcsdx5vrw\"]}]}<\/script>\n<!-- \/ Yoast SEO plugin. -->","yoast_head_json":{"title":"PALSAR: Sat\u00e9lite de Observa\u00e7\u00e3o da Terra? - Adenilson Giovanini","description":"Descubra o que \u00e9 o sensor ALOS PALSAR, quais suas caracter\u00edsticas, \u00f3rbita, capacidade de obten\u00e7\u00e3o de dados e aplica\u00e7\u00f5es. Leia.","robots":{"index":"index","follow":"follow","max-snippet":"max-snippet:-1","max-image-preview":"max-image-preview:large","max-video-preview":"max-video-preview:-1"},"canonical":"https:\/\/adenilsongiovanini.com.br\/blog\/palsar-satelite-de-observacao-da-terra\/","og_locale":"pt_BR","og_type":"article","og_title":"PALSAR: Sat\u00e9lite de Observa\u00e7\u00e3o da Terra? - Adenilson Giovanini","og_description":"Descubra o que \u00e9 o sensor ALOS PALSAR, quais suas caracter\u00edsticas, \u00f3rbita, capacidade de obten\u00e7\u00e3o de dados e aplica\u00e7\u00f5es. Leia.","og_url":"https:\/\/adenilsongiovanini.com.br\/blog\/palsar-satelite-de-observacao-da-terra\/","og_site_name":"Adenilson Giovanini","article_publisher":"https:\/\/www.facebook.com\/otopografo\/","article_author":"https:\/\/www.facebook.com\/otopografo\/","article_published_time":"2021-11-13T17:15:42+00:00","article_modified_time":"2022-08-22T21:28:56+00:00","og_image":[{"width":459,"height":257,"url":"https:\/\/adenilsongiovanini.com.br\/blog\/wp-content\/uploads\/2021\/11\/satelites-Alos-com-sensor-PALSAR.jpg","type":"image\/jpeg"}],"author":"Adenilson Giovanini","twitter_card":"summary_large_image","twitter_misc":{"Escrito por":"Adenilson Giovanini","Est. tempo de leitura":"8 minutos"},"schema":{"@context":"https:\/\/schema.org","@graph":[{"@type":"Article","@id":"https:\/\/adenilsongiovanini.com.br\/blog\/palsar-satelite-de-observacao-da-terra\/#article","isPartOf":{"@id":"https:\/\/adenilsongiovanini.com.br\/blog\/palsar-satelite-de-observacao-da-terra\/"},"author":{"name":"Adenilson Giovanini","@id":"https:\/\/adenilsongiovanini.com.br\/blog\/#\/schema\/person\/9c1daa7da73c116aae2cb0568d1daa23"},"headline":"PALSAR: Sat\u00e9lite de Observa\u00e7\u00e3o da Terra?","datePublished":"2021-11-13T17:15:42+00:00","dateModified":"2022-08-22T21:28:56+00:00","mainEntityOfPage":{"@id":"https:\/\/adenilsongiovanini.com.br\/blog\/palsar-satelite-de-observacao-da-terra\/"},"wordCount":1188,"publisher":{"@id":"https:\/\/adenilsongiovanini.com.br\/blog\/#\/schema\/person\/9c1daa7da73c116aae2cb0568d1daa23"},"image":{"@id":"https:\/\/adenilsongiovanini.com.br\/blog\/palsar-satelite-de-observacao-da-terra\/#primaryimage"},"thumbnailUrl":"https:\/\/adenilsongiovanini.com.br\/blog\/wp-content\/uploads\/2021\/11\/satelites-Alos-com-sensor-PALSAR.jpg","articleSection":["ArcGIS","Sensoriamento remoto"],"inLanguage":"pt-BR"},{"@type":"WebPage","@id":"https:\/\/adenilsongiovanini.com.br\/blog\/palsar-satelite-de-observacao-da-terra\/","url":"https:\/\/adenilsongiovanini.com.br\/blog\/palsar-satelite-de-observacao-da-terra\/","name":"PALSAR: Sat\u00e9lite de Observa\u00e7\u00e3o da Terra? - Adenilson Giovanini","isPartOf":{"@id":"https:\/\/adenilsongiovanini.com.br\/blog\/#website"},"primaryImageOfPage":{"@id":"https:\/\/adenilsongiovanini.com.br\/blog\/palsar-satelite-de-observacao-da-terra\/#primaryimage"},"image":{"@id":"https:\/\/adenilsongiovanini.com.br\/blog\/palsar-satelite-de-observacao-da-terra\/#primaryimage"},"thumbnailUrl":"https:\/\/adenilsongiovanini.com.br\/blog\/wp-content\/uploads\/2021\/11\/satelites-Alos-com-sensor-PALSAR.jpg","datePublished":"2021-11-13T17:15:42+00:00","dateModified":"2022-08-22T21:28:56+00:00","description":"Descubra o que \u00e9 o sensor ALOS PALSAR, quais suas caracter\u00edsticas, \u00f3rbita, capacidade de obten\u00e7\u00e3o de dados e aplica\u00e7\u00f5es. Leia.","breadcrumb":{"@id":"https:\/\/adenilsongiovanini.com.br\/blog\/palsar-satelite-de-observacao-da-terra\/#breadcrumb"},"inLanguage":"pt-BR","potentialAction":[{"@type":"ReadAction","target":["https:\/\/adenilsongiovanini.com.br\/blog\/palsar-satelite-de-observacao-da-terra\/"]}]},{"@type":"ImageObject","inLanguage":"pt-BR","@id":"https:\/\/adenilsongiovanini.com.br\/blog\/palsar-satelite-de-observacao-da-terra\/#primaryimage","url":"https:\/\/adenilsongiovanini.com.br\/blog\/wp-content\/uploads\/2021\/11\/satelites-Alos-com-sensor-PALSAR.jpg","contentUrl":"https:\/\/adenilsongiovanini.com.br\/blog\/wp-content\/uploads\/2021\/11\/satelites-Alos-com-sensor-PALSAR.jpg","width":459,"height":257},{"@type":"BreadcrumbList","@id":"https:\/\/adenilsongiovanini.com.br\/blog\/palsar-satelite-de-observacao-da-terra\/#breadcrumb","itemListElement":[{"@type":"ListItem","position":1,"name":"Home","item":"https:\/\/adenilsongiovanini.com.br\/blog\/"},{"@type":"ListItem","position":2,"name":"PALSAR: Sat\u00e9lite de Observa\u00e7\u00e3o da Terra?"}]},{"@type":"WebSite","@id":"https:\/\/adenilsongiovanini.com.br\/blog\/#website","url":"https:\/\/adenilsongiovanini.com.br\/blog\/","name":"Adenilson Giovanini","description":"Topografia e Geotecnologias","publisher":{"@id":"https:\/\/adenilsongiovanini.com.br\/blog\/#\/schema\/person\/9c1daa7da73c116aae2cb0568d1daa23"},"potentialAction":[{"@type":"SearchAction","target":{"@type":"EntryPoint","urlTemplate":"https:\/\/adenilsongiovanini.com.br\/blog\/?s={search_term_string}"},"query-input":{"@type":"PropertyValueSpecification","valueRequired":true,"valueName":"search_term_string"}}],"inLanguage":"pt-BR"},{"@type":["Person","Organization"],"@id":"https:\/\/adenilsongiovanini.com.br\/blog\/#\/schema\/person\/9c1daa7da73c116aae2cb0568d1daa23","name":"Adenilson Giovanini","image":{"@type":"ImageObject","inLanguage":"pt-BR","@id":"https:\/\/adenilsongiovanini.com.br\/blog\/#\/schema\/person\/image\/","url":"https:\/\/adenilsongiovanini.com.br\/blog\/wp-content\/litespeed\/avatar\/be8f4de5c0b8a93c57a4f29cbf2f1e92.jpg?ver=1777130135","contentUrl":"https:\/\/adenilsongiovanini.com.br\/blog\/wp-content\/litespeed\/avatar\/be8f4de5c0b8a93c57a4f29cbf2f1e92.jpg?ver=1777130135","caption":"Adenilson Giovanini"},"logo":{"@id":"https:\/\/adenilsongiovanini.com.br\/blog\/#\/schema\/person\/image\/"},"description":"O Professor Adenilson Giovanini \u00e9 especialista em Topografia Cadastral e Georreferenciamento de Im\u00f3veis Rurais. O mesmo possui o Maior Site de Engenharia de Agrimensura do Brasil. Site este que tem mais de 102.000 visualiza\u00e7\u00f5es por m\u00eas. Tamb\u00e9m possui mais de 600 v\u00eddeos em seu canal no youtube. Al\u00e9m disso, \u00e9 escritor Best Seller, possuindo v\u00e1rios cursos e livros de sucesso.","sameAs":["http:\/\/adenilsongiovanini.com.br","https:\/\/www.facebook.com\/otopografo\/","https:\/\/www.instagram.com\/adenilson_giovanini\/","https:\/\/www.linkedin.com\/in\/adenilson-giovanini-819b8035\/","https:\/\/br.pinterest.com\/adenilsongiovanini\/","https:\/\/www.youtube.com\/channel\/uce-br7ghiuog2txcsdx5vrw"]}]}},"amp_enabled":true,"_links":{"self":[{"href":"https:\/\/adenilsongiovanini.com.br\/blog\/wp-json\/wp\/v2\/posts\/27320","targetHints":{"allow":["GET"]}}],"collection":[{"href":"https:\/\/adenilsongiovanini.com.br\/blog\/wp-json\/wp\/v2\/posts"}],"about":[{"href":"https:\/\/adenilsongiovanini.com.br\/blog\/wp-json\/wp\/v2\/types\/post"}],"author":[{"embeddable":true,"href":"https:\/\/adenilsongiovanini.com.br\/blog\/wp-json\/wp\/v2\/users\/1"}],"replies":[{"embeddable":true,"href":"https:\/\/adenilsongiovanini.com.br\/blog\/wp-json\/wp\/v2\/comments?post=27320"}],"version-history":[{"count":0,"href":"https:\/\/adenilsongiovanini.com.br\/blog\/wp-json\/wp\/v2\/posts\/27320\/revisions"}],"wp:featuredmedia":[{"embeddable":true,"href":"https:\/\/adenilsongiovanini.com.br\/blog\/wp-json\/wp\/v2\/media\/27325"}],"wp:attachment":[{"href":"https:\/\/adenilsongiovanini.com.br\/blog\/wp-json\/wp\/v2\/media?parent=27320"}],"wp:term":[{"taxonomy":"category","embeddable":true,"href":"https:\/\/adenilsongiovanini.com.br\/blog\/wp-json\/wp\/v2\/categories?post=27320"},{"taxonomy":"post_tag","embeddable":true,"href":"https:\/\/adenilsongiovanini.com.br\/blog\/wp-json\/wp\/v2\/tags?post=27320"}],"curies":[{"name":"wp","href":"https:\/\/api.w.org\/{rel}","templated":true}]}}