{"id":27190,"date":"2021-11-10T00:31:33","date_gmt":"2021-11-10T00:31:33","guid":{"rendered":"https:\/\/adenilsongiovanini.com.br\/blog\/?p=27190"},"modified":"2022-09-19T17:17:45","modified_gmt":"2022-09-19T17:17:45","slug":"geodesia-e-cartografia-conceitos-e-aplicacoes","status":"publish","type":"post","link":"https:\/\/adenilsongiovanini.com.br\/blog\/geodesia-e-cartografia-conceitos-e-aplicacoes\/","title":{"rendered":"Geodesia e Cartografia: Conceitos e Aplica\u00e7\u00f5es?"},"content":{"rendered":"<p><span style=\"font-family: arial, helvetica, sans-serif; font-size: 20px; color: #000000;\"><strong>Geodesia e cartografia<\/strong>, voc\u00ea acabou de encontrar um artigo definitivo a respeito destas ci\u00eancias.<\/span><\/p>\n<p><span style=\"font-family: arial, helvetica, sans-serif; font-size: 20px; color: #000000;\">Com a leitura do mesmo voc\u00ea aprender\u00e1:<\/span><\/p>\n<ul>\n<li><span style=\"font-family: arial, helvetica, sans-serif; font-size: 20px; color: #000000;\">Como a <strong>Geod\u00e9sia e a Cartografia<\/strong> est\u00e3o correlacionadas;<\/span><\/li>\n<li><span style=\"font-family: arial, helvetica, sans-serif; font-size: 20px; color: #000000;\">Quais os <strong>conceitos e aplica\u00e7\u00f5es<\/strong> das mesmas;<\/span><\/li>\n<li><span style=\"font-family: arial, helvetica, sans-serif; font-size: 20px; color: #000000;\">Quais seus <strong>objetivos<\/strong>;<\/span><\/li>\n<li><span style=\"font-family: arial, helvetica, sans-serif; font-size: 20px; color: #000000;\">Como \u00e9 feita a determina\u00e7\u00e3o de posi\u00e7\u00f5es<\/span><\/li>\n<li><span style=\"font-family: arial, helvetica, sans-serif; font-size: 20px; color: #000000;\">Quais s\u00e3o as <strong>superf\u00edcies utilizadas<\/strong> na topografia, geod\u00e9sia e cartografia;<\/span><\/li>\n<li><span style=\"font-family: arial, helvetica, sans-serif; font-size: 20px; color: #000000;\">E muito mais.<\/span><\/li>\n<\/ul>\n<p><span style=\"font-family: arial, helvetica, sans-serif; font-size: 20px; color: #000000;\">Prossiga a leitura com m\u00e1xima <\/span><span style=\"font-family: arial, helvetica, sans-serif; font-size: 20px; color: #000000;\">aten\u00e7\u00e3o<\/span><span style=\"font-family: arial, helvetica, sans-serif; font-size: 20px; color: #000000;\">.<\/span><\/p>\n<p>&nbsp;<\/p>\n<h2 style=\"text-align: center;\"><span style=\"font-size: 24px;\"><strong><span style=\"font-family: arial, helvetica, sans-serif; color: #000000;\">Geodesia<\/span><span style=\"font-family: arial, helvetica, sans-serif; color: #000000;\"> e Cartografia<\/span><\/strong><\/span><\/h2>\n<p><img decoding=\"async\" class=\"aligncenter wp-image-4992 size-large\" src=\"https:\/\/adenilsongiovanini.com.br\/blog\/wp-content\/uploads\/2019\/12\/posicionamento-pelo-GNSS-780x722.jpg\" alt=\"geod\u00e9sia e cartografia - origem da geod\u00e9sia\" width=\"780\" height=\"722\" srcset=\"https:\/\/adenilsongiovanini.com.br\/blog\/wp-content\/uploads\/2019\/12\/posicionamento-pelo-GNSS-780x722.jpg 780w, https:\/\/adenilsongiovanini.com.br\/blog\/wp-content\/uploads\/2019\/12\/posicionamento-pelo-GNSS-300x278.jpg 300w, https:\/\/adenilsongiovanini.com.br\/blog\/wp-content\/uploads\/2019\/12\/posicionamento-pelo-GNSS-768x710.jpg 768w, https:\/\/adenilsongiovanini.com.br\/blog\/wp-content\/uploads\/2019\/12\/posicionamento-pelo-GNSS-1536x1421.jpg 1536w, https:\/\/adenilsongiovanini.com.br\/blog\/wp-content\/uploads\/2019\/12\/posicionamento-pelo-GNSS.jpg 1600w\" sizes=\"(max-width: 780px) 100vw, 780px\" \/><\/p>\n<p><span style=\"font-family: arial, helvetica, sans-serif; font-size: 20px; color: #000000;\">A <strong>Geod\u00e9sia<\/strong> \u00e9 a ci\u00eancia da medi\u00e7\u00e3o da Terra. J\u00e1 a <strong>cartografia<\/strong> \u00e9 a ci\u00eancia da concep\u00e7\u00e3o, produ\u00e7\u00e3o, difus\u00e3o, utiliza\u00e7\u00e3o e an\u00e1lise dos mapas. <\/span><\/p>\n<p><span style=\"font-family: arial, helvetica, sans-serif; font-size: 20px; color: #000000;\">Pereba que estas duas ci\u00eancias <strong>est\u00e3o interrelacionadas<\/strong>. Que enquanto a geod\u00e9sia se preocupa com a obten\u00e7\u00e3o de dados, a <span style=\"color: #0000ff;\"><a href=\"https:\/\/adenilsongiovanini.com.br\/blog\/fundamentos-da-cartografia\/\" style=\"color: #0000ff;\">cartografia<\/a><\/span> se preocupa com a representa\u00e7\u00e3o dos dados obtidos.<\/span><\/p>\n<p><span style=\"font-family: arial, helvetica, sans-serif; font-size: 20px; color: #000000;\">Por\u00e9m, afinal de contas, quais os fundamentos e as diferencia\u00e7\u00f5es, conceitos e aplica\u00e7\u00f5es das mesmas. Isso que n\u00f3s veremos nos pr\u00f3ximos par\u00e1grafos deste artigo. <\/span><\/p>\n<p><span style=\"font-family: arial, helvetica, sans-serif; font-size: 20px; color: #000000;\">Para isso, em um primeiro momento, mergulharemos fundo na <strong>Geod\u00e9sia<\/strong>, entendendo o conceito, as divis\u00f5es e aplica\u00e7\u00f5es da mesma.<\/span><\/p>\n<p><span style=\"font-family: arial, helvetica, sans-serif; font-size: 20px; color: #000000;\">Em um segundo momento, abordaremos a <strong>Cartografia<\/strong>, entendendo os conceitos, divis\u00f5es e aplica\u00e7\u00f5es desta ci\u00eancia.<\/span><\/p>\n<p>&nbsp;<\/p>\n<h2 style=\"text-align: center;\"><span style=\"font-size: 24px;\"><strong><span style=\"font-family: arial, helvetica, sans-serif; color: #000000;\">Geodesia e Cartografia &#8211; Conceitos, divis\u00f5es e aplica\u00e7\u00f5es da geod\u00e9sia?<\/span><\/strong><\/span><\/h2>\n<p><img decoding=\"async\" class=\"aligncenter size-full wp-image-21606\" src=\"https:\/\/adenilsongiovanini.com.br\/blog\/wp-content\/uploads\/2021\/07\/geodesia.jpg\" alt=\"geod\u00e9sia\" width=\"750\" height=\"430\" srcset=\"https:\/\/adenilsongiovanini.com.br\/blog\/wp-content\/uploads\/2021\/07\/geodesia.jpg 750w, https:\/\/adenilsongiovanini.com.br\/blog\/wp-content\/uploads\/2021\/07\/geodesia-300x172.jpg 300w, https:\/\/adenilsongiovanini.com.br\/blog\/wp-content\/uploads\/2021\/07\/geodesia-320x183.jpg 320w, https:\/\/adenilsongiovanini.com.br\/blog\/wp-content\/uploads\/2021\/07\/geodesia-640x367.jpg 640w, https:\/\/adenilsongiovanini.com.br\/blog\/wp-content\/uploads\/2021\/07\/geodesia-360x206.jpg 360w, https:\/\/adenilsongiovanini.com.br\/blog\/wp-content\/uploads\/2021\/07\/geodesia-720x413.jpg 720w\" sizes=\"(max-width: 750px) 100vw, 750px\" \/><\/p>\n<p><span style=\"font-family: arial, helvetica, sans-serif; font-size: 20px; color: #000000;\">O<span style=\"color: #0000ff;\"> livro fundamentos de Geod\u00e9sia <\/span>traz o seguinte conceito para a mesma.<\/span><\/p>\n<blockquote style=\"border: 2px double #009900; background: #f0fff0 none repeat scroll 0% 0%; -moz-background-clip: -moz-initial; -moz-background-origin: -moz-initial; -moz-background-inline-policy: -moz-initial; color: #323232; padding-left: 15px; padding-top: 10px; padding-bottom: 10px;\">\n<p><span style=\"font-family: arial, helvetica, sans-serif; font-size: 20px; color: #000000;\">Entende-se a Geod\u00e9sia como a ci\u00eancia que estuda a forma e as dimens\u00f5es do planeta terra, bem como a determina\u00e7\u00e3o do campo gravitacional e da superf\u00edcie oce\u00e2nica.<\/span><\/p>\n<p><span style=\"font-family: arial, helvetica, sans-serif; font-size: 20px; color: #000000;\">Segundo Webster, &#8220;A geod\u00e9sia \u00e9 o ramo da matem\u00e1tica aplicada que determina a exata posi\u00e7\u00e3o de pontos, figuras e \u00e1reas de grandes por\u00e7\u00f5es da superf\u00edcie terrestre. Tamb\u00e9m a forma e o tamanho da terra, al\u00e9m das varia\u00e7\u00f5es do seu campo gravitacional.<\/span><\/p>\n<\/blockquote>\n<p><span style=\"font-family: arial, helvetica, sans-serif; font-size: 20px; color: #000000;\">O termo <span class=\"no-conversion\"><b><span lang=\"pt-br\">Geod\u00e9sia<\/span><\/b><\/span> possui origem no grego. Palavra &#8220;<em>\u0393\u03b5\u03c9\u03b4\u03b1\u03b9\u03c3\u03af\u03b1<\/em>&#8220;, que \u00e9 composta por &#8220;<em>\u03b3\u03b7<\/em>&#8220;, que significa &#8220;terra&#8221;, e &#8220;<em>\u03b4\u03b1\u03b9\u03b6\u03c9<\/em>&#8220;, que significa &#8220;dividir&#8221;. <\/span><\/p>\n<p><span style=\"font-family: arial, helvetica, sans-serif; font-size: 20px; color: #000000;\">Ou seja, <strong>o significado literal da palavra geod\u00e9sia \u00e9 dividir a terra<\/strong>.<\/span><\/p>\n<p><span style=\"font-family: arial, helvetica, sans-serif; font-size: 20px; color: #000000;\">Este termo foi usado, pela primeira vez, por Arist\u00f3teles e pode significar tanto <i>divis\u00f5es (geogr\u00e1ficas) da terra,<\/i> como tamb\u00e9m o ato de <i>dividir a terra<\/i> (por exemplo entre propriet\u00e1rios).<\/span><\/p>\n<p>&nbsp;<\/p>\n<h3 style=\"text-align: center;\"><span style=\"font-size: 20px;\"><strong><span style=\"font-family: arial, helvetica, sans-serif; color: #000000;\">Objetivos da geod\u00e9sia<\/span><\/strong><\/span><\/h3>\n<p><img decoding=\"async\" class=\"aligncenter size-full wp-image-3667\" src=\"https:\/\/adenilsongiovanini.com.br\/blog\/wp-content\/uploads\/2019\/11\/par\u00e2metros-do-elips\u00f3ide.jpg\" alt=\"geod\u00e9sia e cartografia - objetivos da geod\u00e9sia\" width=\"529\" height=\"324\" srcset=\"https:\/\/adenilsongiovanini.com.br\/blog\/wp-content\/uploads\/2019\/11\/par\u00e2metros-do-elips\u00f3ide.jpg 529w, https:\/\/adenilsongiovanini.com.br\/blog\/wp-content\/uploads\/2019\/11\/par\u00e2metros-do-elips\u00f3ide-300x184.jpg 300w\" sizes=\"(max-width: 529px) 100vw, 529px\" \/><\/p>\n<p><span style=\"font-family: arial, helvetica, sans-serif; font-size: 20px; color: #000000;\">O <strong>objetivo primordial da Geod\u00e9sia<\/strong> \u00e9 a determina\u00e7\u00e3o da forma e das dimens\u00f5es da terra.<\/span><\/p>\n<p><span style=\"font-family: arial, helvetica, sans-serif; font-size: 20px; color: #000000;\">O estudo da mesma normalmente se divide em:<\/span><\/p>\n<ul>\n<li><span style=\"font-family: arial, helvetica, sans-serif; font-size: 20px; color: #000000;\">Geod\u00e9sia global e;<\/span><\/li>\n<li><span style=\"font-family: arial, helvetica, sans-serif; font-size: 20px; color: #000000;\">Geod\u00e9sia aplicada.<\/span><\/li>\n<\/ul>\n<p><span style=\"font-family: arial, helvetica, sans-serif; font-size: 20px; color: #000000;\">A <em><strong>Geodesia global<\/strong><\/em> se encarrega da mensura\u00e7\u00e3o da forma e das dimens\u00f5es da terra.<\/span><\/p>\n<p><span style=\"font-family: arial, helvetica, sans-serif; font-size: 20px; color: #000000;\">A <em><strong>geod\u00e9sia aplicada<\/strong><\/em>, por sua vez, se encarrega da determina\u00e7\u00e3o precisa de pontos sobre a superf\u00edcie terrestre, tanto em \u00e1reas continentais, como em \u00e1reas oce\u00e2nicas, objetivando-se ao <span style=\"color: #0000ff;\"><a style=\"color: #0000ff;\" href=\"https:\/\/adenilsongiovanini.com.br\/blog\/mapeamento-georreferenciado\/\">mapeamento<\/a><\/span> e outras finalidades.<\/span><\/p>\n<p><span style=\"font-family: arial, helvetica, sans-serif; font-size: 20px; color: #000000;\">J\u00e1 <strong>outros autores<\/strong> dividem a Geod\u00e9sia em:<\/span><\/p>\n<ul>\n<li><span style=\"font-family: arial, helvetica, sans-serif; font-size: 20px; color: #000000;\">Geod\u00e9sia geom\u00e9trica;<\/span><\/li>\n<li><span style=\"font-family: arial, helvetica, sans-serif; font-size: 20px; color: #000000;\">Geod\u00e9sia f\u00edsica e;<\/span><\/li>\n<li><span style=\"font-family: arial, helvetica, sans-serif; font-size: 20px; color: #000000;\">Geod\u00e9sia celeste.<\/span><\/li>\n<\/ul>\n<p><span style=\"font-family: arial, helvetica, sans-serif; font-size: 20px; color: #000000;\">A <strong>Geod\u00e9sia geom\u00e9trica<\/strong> estuda o tamanho e forma da terra, a determina\u00e7\u00e3o das coordenadas dos pontos, comprimento e azimutes de linhas da superf\u00edcie terrestre.<\/span><\/p>\n<p><span style=\"font-family: arial, helvetica, sans-serif; font-size: 20px; color: #000000;\">A <strong>geod\u00e9sia f\u00edsica<\/strong> estuda o campo de gravidade da Terra ou dire\u00e7\u00e3o e magnitude das for\u00e7as que mant\u00eam os corpos na superf\u00edcie e atmosfera da terra.<\/span><\/p>\n<p><span style=\"color: #000000; font-family: arial, helvetica, sans-serif; font-size: 20px;\">J\u00e1 a <\/span><strong style=\"color: #000000; font-family: arial, helvetica, sans-serif; font-size: 20px;\">geod\u00e9sia espacial<\/strong><span style=\"color: #000000; font-family: arial, helvetica, sans-serif; font-size: 20px;\">, realiza opera\u00e7\u00f5es geom\u00e9tricas sobre a superf\u00edcie terrestre (medidas angulares e de dist\u00e2ncias) associadas a poucas determina\u00e7\u00f5es astron\u00f4micas.<\/span><\/p>\n<p>&nbsp;<\/p>\n<h3 style=\"text-align: center;\"><span style=\"font-size: 20px;\"><strong><span style=\"font-family: arial, helvetica, sans-serif; color: #000000;\">Geod\u00e9sica e Cartografia &#8211; Aplica\u00e7\u00f5es da Geod\u00e9sia<\/span><\/strong><\/span><\/h3>\n<p><img decoding=\"async\" class=\"aligncenter wp-image-21003 size-large\" src=\"https:\/\/adenilsongiovanini.com.br\/blog\/wp-content\/uploads\/2021\/06\/rtk-topografia-1024x893.png\" alt=\"geod\u00e9sia e cartografia - aplica\u00e7\u00f5es da Geod\u00e9sia\" width=\"780\" height=\"680\" srcset=\"https:\/\/adenilsongiovanini.com.br\/blog\/wp-content\/uploads\/2021\/06\/rtk-topografia-1024x893.png 1024w, https:\/\/adenilsongiovanini.com.br\/blog\/wp-content\/uploads\/2021\/06\/rtk-topografia-300x262.png 300w, https:\/\/adenilsongiovanini.com.br\/blog\/wp-content\/uploads\/2021\/06\/rtk-topografia-768x670.png 768w, https:\/\/adenilsongiovanini.com.br\/blog\/wp-content\/uploads\/2021\/06\/rtk-topografia-320x279.png 320w, https:\/\/adenilsongiovanini.com.br\/blog\/wp-content\/uploads\/2021\/06\/rtk-topografia-640x558.png 640w, https:\/\/adenilsongiovanini.com.br\/blog\/wp-content\/uploads\/2021\/06\/rtk-topografia-360x314.png 360w, https:\/\/adenilsongiovanini.com.br\/blog\/wp-content\/uploads\/2021\/06\/rtk-topografia-720x628.png 720w, https:\/\/adenilsongiovanini.com.br\/blog\/wp-content\/uploads\/2021\/06\/rtk-topografia-1080x942.png 1080w, https:\/\/adenilsongiovanini.com.br\/blog\/wp-content\/uploads\/2021\/06\/rtk-topografia-800x697.png 800w, https:\/\/adenilsongiovanini.com.br\/blog\/wp-content\/uploads\/2021\/06\/rtk-topografia.png 1147w\" sizes=\"(max-width: 780px) 100vw, 780px\" \/><\/p>\n<p><span style=\"font-family: arial, helvetica, sans-serif; font-size: 20px; color: #000000;\">Seguem algumas aplica\u00e7\u00f5es da geod\u00e9sia. As mesmas foram adaptadas do livro &#8220;Fundamentos de Geod\u00e9sia&#8221;.<\/span><\/p>\n<p>&nbsp;<\/p>\n<p style=\"text-align: center;\"><strong><span style=\"font-family: arial, helvetica, sans-serif; font-size: 20px; color: #000000;\">Produ\u00e7\u00e3o de mapas<\/span><\/strong><\/p>\n<p><span style=\"font-family: arial, helvetica, sans-serif; font-size: 20px; color: #000000;\">Na distribui\u00e7\u00e3o e implanta\u00e7\u00e3o de <span style=\"color: #0000ff;\"><a style=\"color: #0000ff;\" href=\"https:\/\/adenilsongiovanini.com.br\/blog\/pontos-de-controle-na-topografia-com-drone\/\">pontos de controle<\/a><\/span>, tanto horizontais, como verticais, na superf\u00edcie terrestre, estabelecendo uma rede de <span style=\"color: #0000ff;\"><a style=\"color: #0000ff;\" href=\"https:\/\/adenilsongiovanini.com.br\/blog\/marcos-geodesicos-quais-os-tipos-existentes\/\">marcos geod\u00e9sicos<\/a><\/span> georreferenciados que servir\u00e3o de apoio para as atividades de mapeamento cartogr\u00e1fico;<\/span><\/p>\n<p>&nbsp;<\/p>\n<p style=\"text-align: center;\"><strong><span style=\"font-family: arial, helvetica, sans-serif; font-size: 20px; color: #000000;\">Planejamento urbano<\/span><\/strong><\/p>\n<p><span style=\"font-family: arial, helvetica, sans-serif; font-size: 20px; color: #000000;\">O georreferenciamento de uma s\u00e9rie de pontos de controle possibilita uma melhor identifica\u00e7\u00e3o e localiza\u00e7\u00e3o de vias urbanas e logradouros p\u00fablicos.<\/span><\/p>\n<p>&nbsp;<\/p>\n<p style=\"text-align: center;\"><strong><span style=\"font-family: arial, helvetica, sans-serif; font-size: 20px; color: #000000;\">Projetos de Obras de Engenharia<\/span><\/strong><\/p>\n<p><span style=\"font-family: arial, helvetica, sans-serif; font-size: 20px; color: #000000;\">Grandes estruturas, tais como barragens, pontes e grandes edif\u00edcios necessitam dispor de <span style=\"color: #0000ff;\"><a style=\"color: #0000ff;\" href=\"https:\/\/adenilsongiovanini.com.br\/blog\/planta-topografica-aprenda-a-produzir-na-pratica\/\">plantas<\/a><\/span> para uma perfeita localiza\u00e7\u00e3o predeterminada.<\/span><\/p>\n<p>&nbsp;<\/p>\n<p style=\"text-align: center;\"><strong><span style=\"font-family: arial, helvetica, sans-serif; font-size: 20px; color: #000000;\">Ecologia<\/span><\/strong><\/p>\n<p><span style=\"font-family: arial, helvetica, sans-serif; font-size: 20px; color: #000000;\">O estudo do efeito do homem no meio Ambiente. Atividades tais como movimento de terra, \u00e1gua subterr\u00e2nea, extra\u00e7\u00e3o de petr\u00f3leo, possuem os efeitos monitorados mediante a geod\u00e9sia.<\/span><\/p>\n<p>&nbsp;<\/p>\n<p style=\"text-align: center;\"><strong><span style=\"font-family: arial, helvetica, sans-serif; font-size: 20px; color: #000000;\">Hidrologia<\/span><\/strong><\/p>\n<p><span style=\"font-family: arial, helvetica, sans-serif; font-size: 20px; color: #000000;\">O posicionamento e os mapas s\u00e3o fornecidos pela Geod\u00e9sia, contendo as informa\u00e7\u00f5es relativas as bacias hidr\u00e1ulicas, etc.<\/span><\/p>\n<p>&nbsp;<\/p>\n<p style=\"text-align: center;\"><strong><span style=\"font-family: arial, helvetica, sans-serif; font-size: 20px; color: #000000;\">Outras aplica\u00e7\u00f5es<\/span><\/strong><\/p>\n<ul>\n<li><span style=\"font-family: arial, helvetica, sans-serif; font-size: 20px; color: #000000;\">Determina\u00e7\u00e3o de limites territoriais;<\/span><\/li>\n<li><span style=\"font-family: arial, helvetica, sans-serif; font-size: 20px; color: #000000;\"><span style=\"color: #0000ff;\"><a style=\"color: #0000ff;\" href=\"https:\/\/adenilsongiovanini.com.br\/blog\/cadastro-imobiliario\/\">Cadastro imobili\u00e1rio<\/a><\/span> e fundi\u00e1rio;<\/span><\/li>\n<li><span style=\"font-family: arial, helvetica, sans-serif; font-size: 20px; color: #000000;\">Mapeamento para a produ\u00e7\u00e3o da <span style=\"color: #0000ff;\"><a style=\"color: #0000ff;\" href=\"https:\/\/adenilsongiovanini.com.br\/blog\/cartografia-tematica\/\">Cartografia Tem\u00e1tica<\/a><\/span>;<\/span><\/li>\n<li><span style=\"font-family: arial, helvetica, sans-serif; font-size: 20px; color: #000000;\">Etc.<\/span><\/li>\n<\/ul>\n<p>&nbsp;<\/p>\n<h2 style=\"text-align: center;\"><span style=\"font-size: 24px;\"><strong><span style=\"font-family: arial, helvetica, sans-serif; color: #000000;\">Geodesia e Cartografia &#8211; Conceitos, divis\u00f5es e aplica\u00e7\u00f5es da Cartografia?<\/span><\/strong><\/span><\/h2>\n<p><img decoding=\"async\" class=\"aligncenter size-large wp-image-181\" src=\"https:\/\/adenilsongiovanini.com.br\/blog\/wp-content\/uploads\/2016\/08\/curso_de_cartografia-780x520.jpg\" alt=\"Geodesia e Cartografia - Conceitos, divis\u00f5es e aplica\u00e7\u00f5es da Cartografia\" width=\"780\" height=\"520\" srcset=\"https:\/\/adenilsongiovanini.com.br\/blog\/wp-content\/uploads\/2016\/08\/curso_de_cartografia-780x520.jpg 780w, https:\/\/adenilsongiovanini.com.br\/blog\/wp-content\/uploads\/2016\/08\/curso_de_cartografia-300x200.jpg 300w, https:\/\/adenilsongiovanini.com.br\/blog\/wp-content\/uploads\/2016\/08\/curso_de_cartografia-768x512.jpg 768w, https:\/\/adenilsongiovanini.com.br\/blog\/wp-content\/uploads\/2016\/08\/curso_de_cartografia-360x240.jpg 360w, https:\/\/adenilsongiovanini.com.br\/blog\/wp-content\/uploads\/2016\/08\/curso_de_cartografia.jpg 960w\" sizes=\"(max-width: 780px) 100vw, 780px\" \/><\/p>\n<p><span style=\"font-size: 20px; font-family: arial, helvetica, sans-serif; color: #000000;\">Segundo o <span style=\"color: #0000ff;\"><a style=\"color: #0000ff;\" href=\"https:\/\/biblioteca.ibge.gov.br\/index.php\/biblioteca-catalogo?id=218594&amp;view=detalhes\">dicion\u00e1rio cartogr\u00e1fico do IBGE<\/a><\/span>, define-se cartografia como:<\/span><\/p>\n<blockquote style=\"border: 2px double #009900; background: #f0fff0 none repeat scroll 0% 0%; -moz-background-clip: -moz-initial; -moz-background-origin: -moz-initial; -moz-background-inline-policy: -moz-initial; color: #323232; padding-left: 15px; padding-top: 10px; padding-bottom: 10px;\">\n<p><span style=\"font-family: arial, helvetica, sans-serif; font-size: 20px; color: #000000;\">Conjunto de estudos e opera\u00e7\u00f5es cient\u00edficas, art\u00edsticas e t\u00e9cnicas, baseado nos resultados de observa\u00e7\u00f5es diretas ou de an\u00e1lises de documenta\u00e7\u00e3o, visando \u00e0 elabora\u00e7\u00e3o e prepara\u00e7\u00e3o de cartas, projetos e outras formas de express\u00e3o, bem como a sua utiliza\u00e7\u00e3o.<\/span><\/p>\n<\/blockquote>\n<p>&nbsp;<\/p>\n<h3 style=\"text-align: center;\"><span style=\"font-size: 20px;\"><strong><span style=\"font-family: arial, helvetica, sans-serif; color: #000000;\">Objetivos da Cartografia<\/span><\/strong><\/span><\/h3>\n<p><img decoding=\"async\" class=\"aligncenter size-large wp-image-3609\" src=\"https:\/\/adenilsongiovanini.com.br\/blog\/wp-content\/uploads\/2019\/11\/proje\u00e7\u00f5es-cartogr\u00e1ficas-o-guia-definitivo-780x468.jpg\" alt=\"Objetivos\" width=\"780\" height=\"468\" srcset=\"https:\/\/adenilsongiovanini.com.br\/blog\/wp-content\/uploads\/2019\/11\/proje\u00e7\u00f5es-cartogr\u00e1ficas-o-guia-definitivo-780x468.jpg 780w, https:\/\/adenilsongiovanini.com.br\/blog\/wp-content\/uploads\/2019\/11\/proje\u00e7\u00f5es-cartogr\u00e1ficas-o-guia-definitivo-300x180.jpg 300w, https:\/\/adenilsongiovanini.com.br\/blog\/wp-content\/uploads\/2019\/11\/proje\u00e7\u00f5es-cartogr\u00e1ficas-o-guia-definitivo-768x461.jpg 768w, https:\/\/adenilsongiovanini.com.br\/blog\/wp-content\/uploads\/2019\/11\/proje\u00e7\u00f5es-cartogr\u00e1ficas-o-guia-definitivo.jpg 1000w\" sizes=\"(max-width: 780px) 100vw, 780px\" \/><\/p>\n<p><span style=\"font-size: 20px; font-family: arial, helvetica, sans-serif; color: #000000;\">Em outras palavras, a <strong>cartografia<\/strong> \u00e9 a ci\u00eancia que trata da <strong>concep\u00e7\u00e3o, da produ\u00e7\u00e3o, da difus\u00e3o, da utiliza\u00e7\u00e3o e do estudo dos mapas<\/strong>. Os <span style=\"color: #0000ff;\"><a href=\"https:\/\/adenilsongiovanini.com.br\/blog\/produtos-cartograficos-o-guia-definitivo\/\" style=\"color: #0000ff;\">produtos cartogr\u00e1ficos<\/a><\/span> normalmente produzidos s\u00e3o plantas, <span style=\"color: #0000ff;\"><a href=\"https:\/\/adenilsongiovanini.com.br\/blog\/cartas-cartograficas-planta-croqui-e-mapa\/\" style=\"color: #0000ff;\">cartas<\/a> <\/span>e <span style=\"color: #0000ff;\"><a href=\"https:\/\/adenilsongiovanini.com.br\/blog\/mapas-tecnicos-o-que-sao-e-tipos-existentes\/\" style=\"color: #0000ff;\">mapas<\/a><\/span>. <\/span><\/p>\n<p><span style=\"font-size: 20px; font-family: arial, helvetica, sans-serif; color: #000000;\">Essas denomina\u00e7\u00f5es est\u00e3o associadas \u00e0 <span style=\"color: #0000ff;\"><a style=\"color: #0000ff;\" href=\"https:\/\/adenilsongiovanini.com.br\/blog\/escala-cartografica-o-que-e-e-como-calcular\/\">escala de levantamento<\/a><\/span> e a representa\u00e7\u00e3o dos dados, onde que dependendo da escala e das caracter\u00edsticas do mapeamento, um destes diferentes produtos dever\u00e1 ser produzido.<\/span><\/p>\n<p><span style=\"font-size: 20px; font-family: arial, helvetica, sans-serif; color: #000000;\">Para entender mais sobre o assunto <span style=\"color: #0000ff;\"><a style=\"color: #0000ff;\" href=\"https:\/\/adenilsongiovanini.com.br\/blog\/carta-topografica-planta-croqui-e-mapa-o-que-sao-e-para-que-servem\/\">leia este artigo aqui do blog<\/a><\/span>.<\/span><\/p>\n<p>&nbsp;<\/p>\n<h3 style=\"text-align: center;\"><span style=\"font-size: 20px;\"><strong><span style=\"font-family: arial, helvetica, sans-serif; color: #000000;\">Divis\u00f5es da Cartografia<\/span><\/strong><\/span><\/h3>\n<p><img decoding=\"async\" class=\"aligncenter size-full wp-image-21277\" src=\"https:\/\/adenilsongiovanini.com.br\/blog\/wp-content\/uploads\/2021\/06\/escala-cartografica-grande-e-pequena.jpg\" alt=\"geod\u00e9sia e cartografia - Divis\u00f5es da Cartografia\" width=\"462\" height=\"273\" srcset=\"https:\/\/adenilsongiovanini.com.br\/blog\/wp-content\/uploads\/2021\/06\/escala-cartografica-grande-e-pequena.jpg 462w, https:\/\/adenilsongiovanini.com.br\/blog\/wp-content\/uploads\/2021\/06\/escala-cartografica-grande-e-pequena-300x177.jpg 300w, https:\/\/adenilsongiovanini.com.br\/blog\/wp-content\/uploads\/2021\/06\/escala-cartografica-grande-e-pequena-320x189.jpg 320w, https:\/\/adenilsongiovanini.com.br\/blog\/wp-content\/uploads\/2021\/06\/escala-cartografica-grande-e-pequena-360x213.jpg 360w\" sizes=\"(max-width: 462px) 100vw, 462px\" \/><\/p>\n<p><span style=\"font-size: 20px; font-family: arial, helvetica, sans-serif; color: #000000;\">A cartografia, segundo Maling (1989), \u00e9 <strong>classificada didaticamente em<\/strong>:<\/span><\/p>\n<ul>\n<li style=\"text-align: left;\"><span style=\"font-size: 20px; font-family: arial, helvetica, sans-serif; color: #000000;\"><strong>Cartografia matem\u00e1tica:<\/strong> trata dos aspectos matem\u00e1ticos ligados \u00e0 concep\u00e7\u00e3o e \u00e0 constru\u00e7\u00e3o dos mapas, isto \u00e9, das proje\u00e7\u00f5es cartogr\u00e1ficas.<\/span><\/li>\n<li style=\"text-align: left;\"><span style=\"font-size: 20px; font-family: arial, helvetica, sans-serif; color: #000000;\"><strong>Cartometria<\/strong> \u2013 trata das medi\u00e7\u00f5es efetuadas sobre mapas, designadas \u00e0 medi\u00e7\u00e3o de \u00e2ngulos e dire\u00e7\u00f5es, dist\u00e2ncias, \u00e1reas, etc. <\/span><\/li>\n<\/ul>\n<p><span style=\"font-size: 20px; font-family: arial, helvetica, sans-serif; color: #000000;\">Outra atividade importante atribu\u00edda \u00e0 <span style=\"color: #0000ff;\"><a style=\"color: #0000ff;\" href=\"https:\/\/adenilsongiovanini.com.br\/blog\/cartografia-tematica\/\">cartografia tem\u00e1tica<\/a><span style=\"color: #000000;\">,<\/span><\/span> s\u00e3o as conven\u00e7\u00f5es e os s\u00edmbolos cartogr\u00e1ficos utilizados para representar os elementos desejados. <\/span><\/p>\n<p><span style=\"font-size: 20px; font-family: arial, helvetica, sans-serif; color: #000000;\">De forma a facilitar a leitura e interpreta\u00e7\u00e3o dos mapas, os s\u00edmbolos e cores s\u00e3o padronizados.<\/p>\n<p><\/span><\/p>\n<p style=\"text-align: center;\"><strong><span style=\"font-size: 20px; font-family: arial, helvetica, sans-serif; color: #000000;\">Superf\u00edcies utilizadas na topografia, geod\u00e9sia e cartografia<\/span><\/strong><\/p>\n<p><img decoding=\"async\" class=\"aligncenter size-full wp-image-3939\" src=\"https:\/\/adenilsongiovanini.com.br\/blog\/wp-content\/uploads\/2019\/12\/datum.png\" alt=\"Superf\u00edcies utilizadas\" width=\"679\" height=\"385\" srcset=\"https:\/\/adenilsongiovanini.com.br\/blog\/wp-content\/uploads\/2019\/12\/datum.png 679w, https:\/\/adenilsongiovanini.com.br\/blog\/wp-content\/uploads\/2019\/12\/datum-300x170.png 300w\" sizes=\"(max-width: 679px) 100vw, 679px\" \/><\/p>\n<p><span style=\"font-size: 20px; font-family: arial, helvetica, sans-serif; color: #000000;\">As superf\u00edcies utilizadas na topografia, geod\u00e9sia e cartografia s\u00e3o:<\/span><\/p>\n<ul>\n<li><span style=\"font-size: 20px; font-family: arial, helvetica, sans-serif; color: #000000;\">A superf\u00edcie f\u00edsica;<\/span><\/li>\n<li><span style=\"font-size: 20px; font-family: arial, helvetica, sans-serif; color: #000000;\">Esferoide;<\/span><\/li>\n<li><span style=\"font-size: 20px; font-family: arial, helvetica, sans-serif; color: #000000;\"><span style=\"color: #0000ff;\"><a style=\"color: #0000ff;\" href=\"https:\/\/adenilsongiovanini.com.br\/blog\/geoide\/\">Geoide<\/a><\/span>;<\/span><\/li>\n<li><span style=\"font-size: 20px; font-family: arial, helvetica, sans-serif; color: #000000;\"><span style=\"color: #0000ff;\"><a style=\"color: #0000ff;\" href=\"https:\/\/adenilsongiovanini.com.br\/blog\/elipsoide-o-que-e-e-para-que-serve\/\">Elipsoide<\/a><\/span>;<\/span><\/li>\n<li><span style=\"font-size: 20px; font-family: arial, helvetica, sans-serif; color: #000000;\"><span style=\"color: #0000ff;\"><a style=\"color: #0000ff;\" href=\"https:\/\/adenilsongiovanini.com.br\/blog\/plano-topografico\/\">Plano topogr\u00e1fico<\/a><\/span> e;<\/span><\/li>\n<li><span style=\"font-size: 20px; font-family: arial, helvetica, sans-serif; color: #000000;\"><span style=\"color: #0000ff;\"><a style=\"color: #0000ff;\" href=\"https:\/\/adenilsongiovanini.com.br\/blog\/projecao-cartografica-classificacao-e-aplicacoes\/\">Proje\u00e7\u00e3o cartogr\u00e1fica<\/a><\/span>.<\/span><\/li>\n<\/ul>\n<p><span style=\"font-size: 20px; font-family: arial, helvetica, sans-serif; color: #000000;\">Na realidade, a obten\u00e7\u00e3o de dados \u00e9 feita utilizando-se um <span style=\"color: #0000ff;\"><a href=\"https:\/\/adenilsongiovanini.com.br\/blog\/datum-o-que-e-e-para-que-serve\/\" style=\"color: #0000ff;\">datum<\/a><\/span>. <span style=\"color: #0000ff;\"><a style=\"color: #0000ff;\" href=\"https:\/\/adenilsongiovanini.com.br\/blog\/datum-o-que-e-e-para-que-serve\/\">Leia este artigo<\/a>,<\/span> pois no mesmo eu explico o que \u00e9 e para que serve um datum.<\/span><\/p>\n<p>&nbsp;<\/p>\n<p><center><iframe width=\"728\" height=\"410\" src=\"https:\/\/www.youtube.com\/embed\/B27NW7RskYc\" title=\"YouTube video player\" frameborder=\"0\" allow=\"accelerometer; autoplay; clipboard-write; encrypted-media; gyroscope; picture-in-picture\" allowfullscreen=\"allowfullscreen\"><\/iframe><\/center><\/p>\n<p>&nbsp;<\/p>\n<p>&nbsp;<\/p>\n<h2 style=\"text-align: center;\"><span style=\"font-size: 24px;\"><strong><span style=\"font-family: arial, helvetica, sans-serif; color: #000000;\">Como \u00e9 feita a determina\u00e7\u00e3o de posi\u00e7\u00f5es<\/span><\/strong><\/span><\/h2>\n<p><span style=\"font-size: 20px; font-family: arial, helvetica, sans-serif; color: #000000;\">A determina\u00e7\u00e3o de posi\u00e7\u00f5es \u00e9 feita utilizando-se <span style=\"color: #0000ff;\"><a style=\"color: #0000ff;\" href=\"https:\/\/adenilsongiovanini.com.br\/blog\/latitude-e-longitude-o-que-sao-e-como-calcular\/\">latitudes e longitudes<\/a><\/span> a partir da utiliza\u00e7\u00e3o de <span style=\"color: #0000ff;\"><a style=\"color: #0000ff;\" href=\"https:\/\/adenilsongiovanini.com.br\/blog\/paralelos-e-meridianos-descubra-o-que-sao\/\">paralelos e meridianos<\/a><\/span>.<\/span><\/p>\n<p><span style=\"font-size: 20px; font-family: arial, helvetica, sans-serif; color: #000000;\">Para entender melhor sobre o tema \u00e9 s\u00f3 voc\u00ea acessar os artigos dos links acima.<\/span><\/p>\n<p><span style=\"font-family: arial, helvetica, sans-serif; font-size: 20px; color: #000000;\">V\u00eddeo a respeito da Geod\u00e9sia.<\/span><\/p>\n<p><center><iframe width=\"728\" height=\"410\" title=\"YouTube video player\" src=\"https:\/\/www.youtube.com\/embed\/4Hed9GnaxN8\" frameborder=\"0\" allowfullscreen=\"allowfullscreen\"><\/iframe><\/center><\/p>\n<p>&nbsp;<\/p>\n<p><span style=\"font-family: arial, helvetica, sans-serif; font-size: 20px; color: #000000;\">No caso, a escrita deste artigo \u00e9 uma adapta\u00e7\u00e3o feita a partir do <span style=\"color: #0000ff;\">livro fundamentos de Geod\u00e9sia e Cartografia<\/span>.<\/span><\/p>\n<p><span style=\"font-family: arial, helvetica, sans-serif; font-size: 20px; color: #000000;\">\u00c9 isso por este artigo. Gratid\u00e3o por voc\u00ea ter lido o mesmo. \ud83d\ude4f<\/span><\/p>\n<p>&nbsp;<\/p>\n<p>&nbsp;<\/p>\n<h2 style=\"text-align: center;\"><span style=\"font-family: arial, helvetica, sans-serif; color: #000000; font-size: 24px;\"><strong>Domine a Topografia Cadastral atrav\u00e9s de um livro formado por centenas de exemplos pr\u00e1ticos <\/strong><\/span><\/h2>\n<h2 style=\"text-align: center;\"><span style=\"font-size: 20px;\"><a href=\"https:\/\/adenilsongiovanini.com.br\/georreferenciamento-de-imoveis-rurais-na-pratica\/\" rel=\"nofollow noreferrer\"><img decoding=\"async\" class=\"aligncenter size-large wp-image-19317\" src=\"https:\/\/adenilsongiovanini.com.br\/blog\/wp-content\/uploads\/2021\/04\/livro-de-topografia-e-georreferenciamento-1024x474.png\" sizes=\"(max-width: 1024px) 100vw, 1024px\" srcset=\"https:\/\/adenilsongiovanini.com.br\/blog\/wp-content\/uploads\/2021\/04\/livro-de-topografia-e-georreferenciamento-1024x474.png 1024w, https:\/\/adenilsongiovanini.com.br\/blog\/wp-content\/uploads\/2021\/04\/livro-de-topografia-e-georreferenciamento-300x139.png 300w, https:\/\/adenilsongiovanini.com.br\/blog\/wp-content\/uploads\/2021\/04\/livro-de-topografia-e-georreferenciamento-768x355.png 768w, https:\/\/adenilsongiovanini.com.br\/blog\/wp-content\/uploads\/2021\/04\/livro-de-topografia-e-georreferenciamento-1536x711.png 1536w, https:\/\/adenilsongiovanini.com.br\/blog\/wp-content\/uploads\/2021\/04\/livro-de-topografia-e-georreferenciamento-320x148.png 320w, https:\/\/adenilsongiovanini.com.br\/blog\/wp-content\/uploads\/2021\/04\/livro-de-topografia-e-georreferenciamento-640x296.png 640w, https:\/\/adenilsongiovanini.com.br\/blog\/wp-content\/uploads\/2021\/04\/livro-de-topografia-e-georreferenciamento-360x167.png 360w, https:\/\/adenilsongiovanini.com.br\/blog\/wp-content\/uploads\/2021\/04\/livro-de-topografia-e-georreferenciamento-720x333.png 720w, https:\/\/adenilsongiovanini.com.br\/blog\/wp-content\/uploads\/2021\/04\/livro-de-topografia-e-georreferenciamento-1080x500.png 1080w, https:\/\/adenilsongiovanini.com.br\/blog\/wp-content\/uploads\/2021\/04\/livro-de-topografia-e-georreferenciamento-800x370.png 800w, https:\/\/adenilsongiovanini.com.br\/blog\/wp-content\/uploads\/2021\/04\/livro-de-topografia-e-georreferenciamento-1280x592.png 1280w, https:\/\/adenilsongiovanini.com.br\/blog\/wp-content\/uploads\/2021\/04\/livro-de-topografia-e-georreferenciamento.png 1565w\" alt=\"livro de topografia e georreferenciamento\" width=\"1024\" height=\"474\" \/><\/a><\/span><\/h2>\n<p><span style=\"font-family: arial, helvetica, sans-serif; font-size: 20px; color: #000000;\">Voc\u00ea quer dominar a Topografia Cadastral?<\/span><\/p>\n<p><span style=\"font-family: arial, helvetica, sans-serif; font-size: 20px; color: #000000;\">Ent\u00e3o eu tenho uma \u00f3tima noticia para voc\u00ea. Me refiro ao <span style=\"color: #0000ff;\"><a style=\"color: #0000ff;\" href=\"https:\/\/adenilsongiovanini.com.br\/georreferenciamento-de-imoveis-rurais-na-pratica\/\" rel=\"nofollow noreferrer\">livro Topografia Cadastral e Georreferenciamento de Im\u00f3veis Rurais na Pr\u00e1tica<\/a><\/span>.<\/span><\/p>\n<p><span style=\"font-size: 20px;\"><span style=\"font-family: arial, helvetica, sans-serif; color: #000000;\">O mesmo \u00e9 dividido em 10 cap\u00edtulos recheados com muitos estudos de caso e exemplos pr\u00e1ticos. D\u00ea uma espiadinha no sum\u00e1rio do mesmo:<\/span><\/span><\/p>\n<p>&nbsp;<\/p>\n<p><center><iframe width=\"99%\" height=\"980\" src=\"https:\/\/drive.google.com\/file\/d\/1HJ8fZz1PvPmftfXHJNFTvIBBzY_FZhPJ\/preview\"><span data-mce-type=\"bookmark\" style=\"display: inline-block; width: 0px; overflow: hidden; line-height: 0;\" class=\"mce_SELRES_start\">\ufeff<\/span><\/iframe><\/center><\/p>\n<p>&nbsp;<\/p>\n<p><span style=\"font-size: 20px;\"><span style=\"font-family: arial, helvetica, sans-serif; color: #000000;\">Para conhecer melhor a estrutura do livro, juntar-se a mais de 800 profissionais e adquirir sua c\u00f3pia \u00e9 s\u00f3 clicar no bot\u00e3o abaixo:<\/span><\/span><\/p>\n<p>&nbsp;<\/p>\n<p><span style=\"color: #000000; font-size: 20px;\"><div class=\"su-button-center\"><a href=\"https:\/\/adenilsongiovanini.com.br\/georreferenciamento-de-imoveis-rurais-na-pratica\/\" class=\"su-button su-button-style-3d\" style=\"color:#000000;background-color:#2BCC2F;border-color:#23a426;border-radius:9px\" target=\"_blank\" rel=\"nofollow\" id=\"1\"><span style=\"color:#000000;padding:0px 24px;font-size:18px;line-height:36px;border-color:#6bdc6e;border-radius:9px;text-shadow:0px 0px 0px #000000\"> \u279c Quero Conhecer Melhor o Livro, Pois Quero e Preciso Aprender Mais Sobre Legisla\u00e7\u00e3o Cadastral e Geo. de Im\u00f3veis Rurais<\/span><\/a><\/div><\/span><\/p>\n<p>&nbsp;<\/p>\n<p>&nbsp;<\/p>\n","protected":false},"excerpt":{"rendered":"<p>Geodesia e cartografia, voc\u00ea acabou de encontrar um artigo definitivo a respeito destas ci\u00eancias. Com a leitura do mesmo voc\u00ea aprender\u00e1: Como a Geod\u00e9sia e a Cartografia est\u00e3o correlacionadas; Quais os conceitos e aplica\u00e7\u00f5es das mesmas; Quais seus objetivos; Como \u00e9 feita a determina\u00e7\u00e3o de posi\u00e7\u00f5es Quais s\u00e3o as superf\u00edcies [&hellip;]<\/p>\n","protected":false},"author":1,"featured_media":25938,"comment_status":"closed","ping_status":"closed","sticky":false,"template":"","format":"standard","meta":{"_monsterinsights_skip_tracking":false,"_monsterinsights_sitenote_active":false,"_monsterinsights_sitenote_note":"","_monsterinsights_sitenote_category":0,"footnotes":""},"categories":[53],"tags":[],"class_list":["post-27190","post","type-post","status-publish","format-standard","has-post-thumbnail","hentry","category-cartografia"],"yoast_head":"<!-- This site is optimized with the Yoast SEO plugin v26.5 - https:\/\/yoast.com\/wordpress\/plugins\/seo\/ -->\n<title>Geodesia e Cartografia: Conceitos e Aplica\u00e7\u00f5es? - Adenilson Giovanini<\/title>\n<meta name=\"description\" content=\"Geod\u00e9sia e cartografia, descubra como as mesmas est\u00e3o correlacionadas, quais seus conceitos, aplica\u00e7\u00f5es e objetivos. Guia definitivo. Leia.\" \/>\n<meta name=\"robots\" content=\"index, follow, max-snippet:-1, max-image-preview:large, max-video-preview:-1\" \/>\n<link rel=\"canonical\" href=\"https:\/\/adenilsongiovanini.com.br\/blog\/geodesia-e-cartografia-conceitos-e-aplicacoes\/\" \/>\n<meta property=\"og:locale\" content=\"pt_BR\" \/>\n<meta property=\"og:type\" content=\"article\" \/>\n<meta property=\"og:title\" content=\"Geodesia e Cartografia: Conceitos e Aplica\u00e7\u00f5es? - Adenilson Giovanini\" \/>\n<meta property=\"og:description\" content=\"Geod\u00e9sia e cartografia, descubra como as mesmas est\u00e3o correlacionadas, quais seus conceitos, aplica\u00e7\u00f5es e objetivos. Guia definitivo. Leia.\" \/>\n<meta property=\"og:url\" content=\"https:\/\/adenilsongiovanini.com.br\/blog\/geodesia-e-cartografia-conceitos-e-aplicacoes\/\" \/>\n<meta property=\"og:site_name\" content=\"Adenilson Giovanini\" \/>\n<meta property=\"article:publisher\" content=\"https:\/\/www.facebook.com\/otopografo\/\" \/>\n<meta property=\"article:author\" content=\"https:\/\/www.facebook.com\/otopografo\/\" \/>\n<meta property=\"article:published_time\" content=\"2021-11-10T00:31:33+00:00\" \/>\n<meta property=\"article:modified_time\" content=\"2022-09-19T17:17:45+00:00\" \/>\n<meta property=\"og:image\" content=\"https:\/\/adenilsongiovanini.com.br\/blog\/wp-content\/uploads\/2018\/11\/prestar-servico-georreferenciamento.png\" \/>\n\t<meta property=\"og:image:width\" content=\"1796\" \/>\n\t<meta property=\"og:image:height\" content=\"1086\" \/>\n\t<meta property=\"og:image:type\" content=\"image\/png\" \/>\n<meta name=\"author\" content=\"Adenilson Giovanini\" \/>\n<meta name=\"twitter:card\" content=\"summary_large_image\" \/>\n<meta name=\"twitter:label1\" content=\"Escrito por\" \/>\n\t<meta name=\"twitter:data1\" content=\"Adenilson Giovanini\" \/>\n\t<meta name=\"twitter:label2\" content=\"Est. tempo de leitura\" \/>\n\t<meta name=\"twitter:data2\" content=\"8 minutos\" \/>\n<script type=\"application\/ld+json\" class=\"yoast-schema-graph\">{\"@context\":\"https:\/\/schema.org\",\"@graph\":[{\"@type\":\"Article\",\"@id\":\"https:\/\/adenilsongiovanini.com.br\/blog\/geodesia-e-cartografia-conceitos-e-aplicacoes\/#article\",\"isPartOf\":{\"@id\":\"https:\/\/adenilsongiovanini.com.br\/blog\/geodesia-e-cartografia-conceitos-e-aplicacoes\/\"},\"author\":{\"name\":\"Adenilson Giovanini\",\"@id\":\"https:\/\/adenilsongiovanini.com.br\/blog\/#\/schema\/person\/9c1daa7da73c116aae2cb0568d1daa23\"},\"headline\":\"Geodesia e Cartografia: Conceitos e Aplica\u00e7\u00f5es?\",\"datePublished\":\"2021-11-10T00:31:33+00:00\",\"dateModified\":\"2022-09-19T17:17:45+00:00\",\"mainEntityOfPage\":{\"@id\":\"https:\/\/adenilsongiovanini.com.br\/blog\/geodesia-e-cartografia-conceitos-e-aplicacoes\/\"},\"wordCount\":1352,\"publisher\":{\"@id\":\"https:\/\/adenilsongiovanini.com.br\/blog\/#\/schema\/person\/9c1daa7da73c116aae2cb0568d1daa23\"},\"image\":{\"@id\":\"https:\/\/adenilsongiovanini.com.br\/blog\/geodesia-e-cartografia-conceitos-e-aplicacoes\/#primaryimage\"},\"thumbnailUrl\":\"https:\/\/adenilsongiovanini.com.br\/blog\/wp-content\/uploads\/2018\/11\/prestar-servico-georreferenciamento.png\",\"articleSection\":[\"Cartografia\"],\"inLanguage\":\"pt-BR\"},{\"@type\":\"WebPage\",\"@id\":\"https:\/\/adenilsongiovanini.com.br\/blog\/geodesia-e-cartografia-conceitos-e-aplicacoes\/\",\"url\":\"https:\/\/adenilsongiovanini.com.br\/blog\/geodesia-e-cartografia-conceitos-e-aplicacoes\/\",\"name\":\"Geodesia e Cartografia: Conceitos e Aplica\u00e7\u00f5es? - Adenilson Giovanini\",\"isPartOf\":{\"@id\":\"https:\/\/adenilsongiovanini.com.br\/blog\/#website\"},\"primaryImageOfPage\":{\"@id\":\"https:\/\/adenilsongiovanini.com.br\/blog\/geodesia-e-cartografia-conceitos-e-aplicacoes\/#primaryimage\"},\"image\":{\"@id\":\"https:\/\/adenilsongiovanini.com.br\/blog\/geodesia-e-cartografia-conceitos-e-aplicacoes\/#primaryimage\"},\"thumbnailUrl\":\"https:\/\/adenilsongiovanini.com.br\/blog\/wp-content\/uploads\/2018\/11\/prestar-servico-georreferenciamento.png\",\"datePublished\":\"2021-11-10T00:31:33+00:00\",\"dateModified\":\"2022-09-19T17:17:45+00:00\",\"description\":\"Geod\u00e9sia e cartografia, descubra como as mesmas est\u00e3o correlacionadas, quais seus conceitos, aplica\u00e7\u00f5es e objetivos. Guia definitivo. Leia.\",\"breadcrumb\":{\"@id\":\"https:\/\/adenilsongiovanini.com.br\/blog\/geodesia-e-cartografia-conceitos-e-aplicacoes\/#breadcrumb\"},\"inLanguage\":\"pt-BR\",\"potentialAction\":[{\"@type\":\"ReadAction\",\"target\":[\"https:\/\/adenilsongiovanini.com.br\/blog\/geodesia-e-cartografia-conceitos-e-aplicacoes\/\"]}]},{\"@type\":\"ImageObject\",\"inLanguage\":\"pt-BR\",\"@id\":\"https:\/\/adenilsongiovanini.com.br\/blog\/geodesia-e-cartografia-conceitos-e-aplicacoes\/#primaryimage\",\"url\":\"https:\/\/adenilsongiovanini.com.br\/blog\/wp-content\/uploads\/2018\/11\/prestar-servico-georreferenciamento.png\",\"contentUrl\":\"https:\/\/adenilsongiovanini.com.br\/blog\/wp-content\/uploads\/2018\/11\/prestar-servico-georreferenciamento.png\",\"width\":1796,\"height\":1086},{\"@type\":\"BreadcrumbList\",\"@id\":\"https:\/\/adenilsongiovanini.com.br\/blog\/geodesia-e-cartografia-conceitos-e-aplicacoes\/#breadcrumb\",\"itemListElement\":[{\"@type\":\"ListItem\",\"position\":1,\"name\":\"Home\",\"item\":\"https:\/\/adenilsongiovanini.com.br\/blog\/\"},{\"@type\":\"ListItem\",\"position\":2,\"name\":\"Geodesia e Cartografia: Conceitos e Aplica\u00e7\u00f5es?\"}]},{\"@type\":\"WebSite\",\"@id\":\"https:\/\/adenilsongiovanini.com.br\/blog\/#website\",\"url\":\"https:\/\/adenilsongiovanini.com.br\/blog\/\",\"name\":\"Adenilson Giovanini\",\"description\":\"Topografia e Geotecnologias\",\"publisher\":{\"@id\":\"https:\/\/adenilsongiovanini.com.br\/blog\/#\/schema\/person\/9c1daa7da73c116aae2cb0568d1daa23\"},\"potentialAction\":[{\"@type\":\"SearchAction\",\"target\":{\"@type\":\"EntryPoint\",\"urlTemplate\":\"https:\/\/adenilsongiovanini.com.br\/blog\/?s={search_term_string}\"},\"query-input\":{\"@type\":\"PropertyValueSpecification\",\"valueRequired\":true,\"valueName\":\"search_term_string\"}}],\"inLanguage\":\"pt-BR\"},{\"@type\":[\"Person\",\"Organization\"],\"@id\":\"https:\/\/adenilsongiovanini.com.br\/blog\/#\/schema\/person\/9c1daa7da73c116aae2cb0568d1daa23\",\"name\":\"Adenilson Giovanini\",\"image\":{\"@type\":\"ImageObject\",\"inLanguage\":\"pt-BR\",\"@id\":\"https:\/\/adenilsongiovanini.com.br\/blog\/#\/schema\/person\/image\/\",\"url\":\"https:\/\/adenilsongiovanini.com.br\/blog\/wp-content\/litespeed\/avatar\/be8f4de5c0b8a93c57a4f29cbf2f1e92.jpg?ver=1777130135\",\"contentUrl\":\"https:\/\/adenilsongiovanini.com.br\/blog\/wp-content\/litespeed\/avatar\/be8f4de5c0b8a93c57a4f29cbf2f1e92.jpg?ver=1777130135\",\"caption\":\"Adenilson Giovanini\"},\"logo\":{\"@id\":\"https:\/\/adenilsongiovanini.com.br\/blog\/#\/schema\/person\/image\/\"},\"description\":\"O Professor Adenilson Giovanini \u00e9 especialista em Topografia Cadastral e Georreferenciamento de Im\u00f3veis Rurais. O mesmo possui o Maior Site de Engenharia de Agrimensura do Brasil. Site este que tem mais de 102.000 visualiza\u00e7\u00f5es por m\u00eas. Tamb\u00e9m possui mais de 600 v\u00eddeos em seu canal no youtube. Al\u00e9m disso, \u00e9 escritor Best Seller, possuindo v\u00e1rios cursos e livros de sucesso.\",\"sameAs\":[\"http:\/\/adenilsongiovanini.com.br\",\"https:\/\/www.facebook.com\/otopografo\/\",\"https:\/\/www.instagram.com\/adenilson_giovanini\/\",\"https:\/\/www.linkedin.com\/in\/adenilson-giovanini-819b8035\/\",\"https:\/\/br.pinterest.com\/adenilsongiovanini\/\",\"https:\/\/www.youtube.com\/channel\/uce-br7ghiuog2txcsdx5vrw\"]}]}<\/script>\n<!-- \/ Yoast SEO plugin. -->","yoast_head_json":{"title":"Geodesia e Cartografia: Conceitos e Aplica\u00e7\u00f5es? - Adenilson Giovanini","description":"Geod\u00e9sia e cartografia, descubra como as mesmas est\u00e3o correlacionadas, quais seus conceitos, aplica\u00e7\u00f5es e objetivos. Guia definitivo. Leia.","robots":{"index":"index","follow":"follow","max-snippet":"max-snippet:-1","max-image-preview":"max-image-preview:large","max-video-preview":"max-video-preview:-1"},"canonical":"https:\/\/adenilsongiovanini.com.br\/blog\/geodesia-e-cartografia-conceitos-e-aplicacoes\/","og_locale":"pt_BR","og_type":"article","og_title":"Geodesia e Cartografia: Conceitos e Aplica\u00e7\u00f5es? - Adenilson Giovanini","og_description":"Geod\u00e9sia e cartografia, descubra como as mesmas est\u00e3o correlacionadas, quais seus conceitos, aplica\u00e7\u00f5es e objetivos. Guia definitivo. Leia.","og_url":"https:\/\/adenilsongiovanini.com.br\/blog\/geodesia-e-cartografia-conceitos-e-aplicacoes\/","og_site_name":"Adenilson Giovanini","article_publisher":"https:\/\/www.facebook.com\/otopografo\/","article_author":"https:\/\/www.facebook.com\/otopografo\/","article_published_time":"2021-11-10T00:31:33+00:00","article_modified_time":"2022-09-19T17:17:45+00:00","og_image":[{"width":1796,"height":1086,"url":"https:\/\/adenilsongiovanini.com.br\/blog\/wp-content\/uploads\/2018\/11\/prestar-servico-georreferenciamento.png","type":"image\/png"}],"author":"Adenilson Giovanini","twitter_card":"summary_large_image","twitter_misc":{"Escrito por":"Adenilson Giovanini","Est. tempo de leitura":"8 minutos"},"schema":{"@context":"https:\/\/schema.org","@graph":[{"@type":"Article","@id":"https:\/\/adenilsongiovanini.com.br\/blog\/geodesia-e-cartografia-conceitos-e-aplicacoes\/#article","isPartOf":{"@id":"https:\/\/adenilsongiovanini.com.br\/blog\/geodesia-e-cartografia-conceitos-e-aplicacoes\/"},"author":{"name":"Adenilson Giovanini","@id":"https:\/\/adenilsongiovanini.com.br\/blog\/#\/schema\/person\/9c1daa7da73c116aae2cb0568d1daa23"},"headline":"Geodesia e Cartografia: Conceitos e Aplica\u00e7\u00f5es?","datePublished":"2021-11-10T00:31:33+00:00","dateModified":"2022-09-19T17:17:45+00:00","mainEntityOfPage":{"@id":"https:\/\/adenilsongiovanini.com.br\/blog\/geodesia-e-cartografia-conceitos-e-aplicacoes\/"},"wordCount":1352,"publisher":{"@id":"https:\/\/adenilsongiovanini.com.br\/blog\/#\/schema\/person\/9c1daa7da73c116aae2cb0568d1daa23"},"image":{"@id":"https:\/\/adenilsongiovanini.com.br\/blog\/geodesia-e-cartografia-conceitos-e-aplicacoes\/#primaryimage"},"thumbnailUrl":"https:\/\/adenilsongiovanini.com.br\/blog\/wp-content\/uploads\/2018\/11\/prestar-servico-georreferenciamento.png","articleSection":["Cartografia"],"inLanguage":"pt-BR"},{"@type":"WebPage","@id":"https:\/\/adenilsongiovanini.com.br\/blog\/geodesia-e-cartografia-conceitos-e-aplicacoes\/","url":"https:\/\/adenilsongiovanini.com.br\/blog\/geodesia-e-cartografia-conceitos-e-aplicacoes\/","name":"Geodesia e Cartografia: Conceitos e Aplica\u00e7\u00f5es? - Adenilson Giovanini","isPartOf":{"@id":"https:\/\/adenilsongiovanini.com.br\/blog\/#website"},"primaryImageOfPage":{"@id":"https:\/\/adenilsongiovanini.com.br\/blog\/geodesia-e-cartografia-conceitos-e-aplicacoes\/#primaryimage"},"image":{"@id":"https:\/\/adenilsongiovanini.com.br\/blog\/geodesia-e-cartografia-conceitos-e-aplicacoes\/#primaryimage"},"thumbnailUrl":"https:\/\/adenilsongiovanini.com.br\/blog\/wp-content\/uploads\/2018\/11\/prestar-servico-georreferenciamento.png","datePublished":"2021-11-10T00:31:33+00:00","dateModified":"2022-09-19T17:17:45+00:00","description":"Geod\u00e9sia e cartografia, descubra como as mesmas est\u00e3o correlacionadas, quais seus conceitos, aplica\u00e7\u00f5es e objetivos. Guia definitivo. Leia.","breadcrumb":{"@id":"https:\/\/adenilsongiovanini.com.br\/blog\/geodesia-e-cartografia-conceitos-e-aplicacoes\/#breadcrumb"},"inLanguage":"pt-BR","potentialAction":[{"@type":"ReadAction","target":["https:\/\/adenilsongiovanini.com.br\/blog\/geodesia-e-cartografia-conceitos-e-aplicacoes\/"]}]},{"@type":"ImageObject","inLanguage":"pt-BR","@id":"https:\/\/adenilsongiovanini.com.br\/blog\/geodesia-e-cartografia-conceitos-e-aplicacoes\/#primaryimage","url":"https:\/\/adenilsongiovanini.com.br\/blog\/wp-content\/uploads\/2018\/11\/prestar-servico-georreferenciamento.png","contentUrl":"https:\/\/adenilsongiovanini.com.br\/blog\/wp-content\/uploads\/2018\/11\/prestar-servico-georreferenciamento.png","width":1796,"height":1086},{"@type":"BreadcrumbList","@id":"https:\/\/adenilsongiovanini.com.br\/blog\/geodesia-e-cartografia-conceitos-e-aplicacoes\/#breadcrumb","itemListElement":[{"@type":"ListItem","position":1,"name":"Home","item":"https:\/\/adenilsongiovanini.com.br\/blog\/"},{"@type":"ListItem","position":2,"name":"Geodesia e Cartografia: Conceitos e Aplica\u00e7\u00f5es?"}]},{"@type":"WebSite","@id":"https:\/\/adenilsongiovanini.com.br\/blog\/#website","url":"https:\/\/adenilsongiovanini.com.br\/blog\/","name":"Adenilson Giovanini","description":"Topografia e Geotecnologias","publisher":{"@id":"https:\/\/adenilsongiovanini.com.br\/blog\/#\/schema\/person\/9c1daa7da73c116aae2cb0568d1daa23"},"potentialAction":[{"@type":"SearchAction","target":{"@type":"EntryPoint","urlTemplate":"https:\/\/adenilsongiovanini.com.br\/blog\/?s={search_term_string}"},"query-input":{"@type":"PropertyValueSpecification","valueRequired":true,"valueName":"search_term_string"}}],"inLanguage":"pt-BR"},{"@type":["Person","Organization"],"@id":"https:\/\/adenilsongiovanini.com.br\/blog\/#\/schema\/person\/9c1daa7da73c116aae2cb0568d1daa23","name":"Adenilson Giovanini","image":{"@type":"ImageObject","inLanguage":"pt-BR","@id":"https:\/\/adenilsongiovanini.com.br\/blog\/#\/schema\/person\/image\/","url":"https:\/\/adenilsongiovanini.com.br\/blog\/wp-content\/litespeed\/avatar\/be8f4de5c0b8a93c57a4f29cbf2f1e92.jpg?ver=1777130135","contentUrl":"https:\/\/adenilsongiovanini.com.br\/blog\/wp-content\/litespeed\/avatar\/be8f4de5c0b8a93c57a4f29cbf2f1e92.jpg?ver=1777130135","caption":"Adenilson Giovanini"},"logo":{"@id":"https:\/\/adenilsongiovanini.com.br\/blog\/#\/schema\/person\/image\/"},"description":"O Professor Adenilson Giovanini \u00e9 especialista em Topografia Cadastral e Georreferenciamento de Im\u00f3veis Rurais. O mesmo possui o Maior Site de Engenharia de Agrimensura do Brasil. Site este que tem mais de 102.000 visualiza\u00e7\u00f5es por m\u00eas. Tamb\u00e9m possui mais de 600 v\u00eddeos em seu canal no youtube. Al\u00e9m disso, \u00e9 escritor Best Seller, possuindo v\u00e1rios cursos e livros de sucesso.","sameAs":["http:\/\/adenilsongiovanini.com.br","https:\/\/www.facebook.com\/otopografo\/","https:\/\/www.instagram.com\/adenilson_giovanini\/","https:\/\/www.linkedin.com\/in\/adenilson-giovanini-819b8035\/","https:\/\/br.pinterest.com\/adenilsongiovanini\/","https:\/\/www.youtube.com\/channel\/uce-br7ghiuog2txcsdx5vrw"]}]}},"amp_enabled":true,"_links":{"self":[{"href":"https:\/\/adenilsongiovanini.com.br\/blog\/wp-json\/wp\/v2\/posts\/27190","targetHints":{"allow":["GET"]}}],"collection":[{"href":"https:\/\/adenilsongiovanini.com.br\/blog\/wp-json\/wp\/v2\/posts"}],"about":[{"href":"https:\/\/adenilsongiovanini.com.br\/blog\/wp-json\/wp\/v2\/types\/post"}],"author":[{"embeddable":true,"href":"https:\/\/adenilsongiovanini.com.br\/blog\/wp-json\/wp\/v2\/users\/1"}],"replies":[{"embeddable":true,"href":"https:\/\/adenilsongiovanini.com.br\/blog\/wp-json\/wp\/v2\/comments?post=27190"}],"version-history":[{"count":0,"href":"https:\/\/adenilsongiovanini.com.br\/blog\/wp-json\/wp\/v2\/posts\/27190\/revisions"}],"wp:featuredmedia":[{"embeddable":true,"href":"https:\/\/adenilsongiovanini.com.br\/blog\/wp-json\/wp\/v2\/media\/25938"}],"wp:attachment":[{"href":"https:\/\/adenilsongiovanini.com.br\/blog\/wp-json\/wp\/v2\/media?parent=27190"}],"wp:term":[{"taxonomy":"category","embeddable":true,"href":"https:\/\/adenilsongiovanini.com.br\/blog\/wp-json\/wp\/v2\/categories?post=27190"},{"taxonomy":"post_tag","embeddable":true,"href":"https:\/\/adenilsongiovanini.com.br\/blog\/wp-json\/wp\/v2\/tags?post=27190"}],"curies":[{"name":"wp","href":"https:\/\/api.w.org\/{rel}","templated":true}]}}