{"id":26715,"date":"2021-11-03T13:54:29","date_gmt":"2021-11-03T13:54:29","guid":{"rendered":"https:\/\/adenilsongiovanini.com.br\/blog\/?p=26715"},"modified":"2022-08-19T17:02:11","modified_gmt":"2022-08-19T17:02:11","slug":"interferometria-o-que-e-e-como-funciona","status":"publish","type":"post","link":"https:\/\/adenilsongiovanini.com.br\/blog\/interferometria-o-que-e-e-como-funciona\/","title":{"rendered":"Interferometria: O Que \u00c9 e Como Funciona?"},"content":{"rendered":"<p><span style=\"font-family: arial, helvetica, sans-serif; font-size: 20px; color: #000000;\"><strong>Interferometria<\/strong>, voc\u00ea acabou de encontrar um guia definitivo a respeito do tema.<\/span><\/p>\n<p><span style=\"font-family: arial, helvetica, sans-serif; font-size: 20px; color: #000000;\">Com a leitura do mesmo voc\u00ea aprender\u00e1:<\/span><\/p>\n<ul>\n<li><span style=\"font-family: arial, helvetica, sans-serif; font-size: 20px; color: #000000;\">O que \u00e9 a <strong>interferometria por radar de abertura sint\u00e9tica<\/strong>;<\/span><\/li>\n<li><span style=\"font-family: arial, helvetica, sans-serif; font-size: 20px; color: #000000;\">Como que um <strong>radar interferom\u00e9trico<\/strong> funciona;<\/span><\/li>\n<li><span style=\"font-family: arial, helvetica, sans-serif; font-size: 20px; color: #000000;\">Quais as <strong>vantagens<\/strong> da utiliza\u00e7\u00e3o do mesmo e;<\/span><\/li>\n<li><span style=\"font-family: arial, helvetica, sans-serif; font-size: 20px; color: #000000;\">Quais as <strong>aplica\u00e7\u00f5es<\/strong> do radar interferom\u00e9trico.<\/span><\/li>\n<\/ul>\n<p><span style=\"font-family: arial, helvetica, sans-serif; font-size: 20px; color: #000000;\">Prossiga a leitura com m\u00e1xima aten\u00e7\u00e3o.<\/span><\/p>\n<p>&nbsp;<\/p>\n<h2 style=\"text-align: center;\"><span style=\"font-size: 24px;\"><strong><span style=\"font-family: arial, helvetica, sans-serif; color: #000000;\">O que \u00e9 a interferometria por radar de abertura sint\u00e9tica<\/span><\/strong><\/span><\/h2>\n<p><img decoding=\"async\" class=\"aligncenter size-full wp-image-21701\" src=\"https:\/\/adenilsongiovanini.com.br\/blog\/wp-content\/uploads\/2021\/07\/radr-interferometrico.png\" alt=\"interferometria\" width=\"637\" height=\"589\" srcset=\"https:\/\/adenilsongiovanini.com.br\/blog\/wp-content\/uploads\/2021\/07\/radr-interferometrico.png 637w, https:\/\/adenilsongiovanini.com.br\/blog\/wp-content\/uploads\/2021\/07\/radr-interferometrico-300x277.png 300w, https:\/\/adenilsongiovanini.com.br\/blog\/wp-content\/uploads\/2021\/07\/radr-interferometrico-320x296.png 320w, https:\/\/adenilsongiovanini.com.br\/blog\/wp-content\/uploads\/2021\/07\/radr-interferometrico-360x333.png 360w\" sizes=\"(max-width: 637px) 100vw, 637px\" \/><\/p>\n<p><span style=\"font-family: arial, helvetica, sans-serif; font-size: 20px; color: #000000;\">De acordo com <span style=\"color: #0000ff;\"><a style=\"color: #0000ff;\" href=\"http:\/\/marte.sid.inpe.br\/col\/dpi.inpe.br\/sbsr%4080\/2008\/11.18.00.06\/doc\/7227-7234.pdf\">Alves e outros autores<\/a><\/span>, a <em><strong>interferometria por radar de abertura sint\u00e9tica<\/strong><\/em> (InSAR) \u00e9 uma s\u00edntese da t\u00e9cnica SAR (Synthetic Aperture <span style=\"color: #0000ff;\"><a style=\"color: #0000ff;\" href=\"https:\/\/pt.wikipedia.org\/wiki\/Radar\">Radar<\/a> <\/span>&#8211; Radar de abertura sint\u00e9tica) e da t\u00e9cnica de interferometria.<\/span><\/p>\n<p><span style=\"font-family: arial, helvetica, sans-serif; font-size: 20px; color: #000000;\">No caso, os <em><strong>radares se abertura sint\u00e9tica<\/strong><\/em> s\u00e3o radares acoplados a uma aeronave ou a um sat\u00e9lite, e tem como objetivo localizar alvos em terra. Eles usam o movimento da aeronave, ou sat\u00e9lite, para \u201csimular\u201d uma antena bem maior do que realmente possuem. <\/span><\/p>\n<p><span style=\"font-family: arial, helvetica, sans-serif; font-size: 20px; color: #000000;\">Segundo Henderson et al. (1998), essa t\u00e9cnica \u00e9 uma alternativa \u00e0s <span style=\"color: #0000ff;\"><a style=\"color: #0000ff;\" href=\"https:\/\/adenilsongiovanini.com.br\/blog\/fotogrametria-o-que-e-e-para-que-serve\/\">t\u00e9cnicas convencionais fotogram\u00e9tricas<\/a><\/span> para gera\u00e7\u00e3o de <span style=\"color: #0000ff;\"><a href=\"https:\/\/adenilsongiovanini.com.br\/blog\/mapa-ambiental-o-que-e-e-como-produzir\/\" style=\"color: #0000ff;\">mapas topogr\u00e1ficos<\/a><\/span> com alta resolu\u00e7\u00e3o.<\/span><\/p>\n<p>&nbsp;<\/p>\n<p style=\"text-align: center;\"><strong><span style=\"font-family: arial, helvetica, sans-serif; font-size: 20px; color: #000000;\">Como funciona um radar interferom\u00e9trico<\/span><\/strong><\/p>\n<p><span style=\"font-family: arial, helvetica, sans-serif; font-size: 20px; color: #000000;\">O <strong>radar interferom\u00e9trico<\/strong> \u00e9 um <strong>sensor ativo<\/strong> que <strong>emite pulsos na regi\u00e3o das microondas do espectro eletromagn\u00e9tico<\/strong>, essa faixa por sua vez \u00e9 subdividida em bandas segundo o comprimento de onda, onde os comprimentos de onda mais longos possuem maior capacidade de penetra\u00e7\u00e3o na vegeta\u00e7\u00e3o do que os comprimentos de onda mais curtos.<\/span><\/p>\n<p><span style=\"color: #000000;\"><span style=\"font-family: arial, helvetica, sans-serif; font-size: 20px;\">Essa t\u00e9cnica \u00e9 baseada na an\u00e1lise de fase dos sinais de radar recebidos por duas <strong>antenas SAR<\/strong> localizadas em posi\u00e7\u00f5es diferentes no espa\u00e7o, o<\/span><\/span><span style=\"color: #000000;\"><span style=\"font-family: arial, helvetica, sans-serif; font-size: 20px;\">u por uma mesma antena em \u00e9poca <\/span><span style=\"font-family: arial, helvetica, sans-serif; font-size: 20px;\">e <\/span><span style=\"font-family: arial, helvetica, sans-serif; font-size: 20px;\">posi\u00e7\u00e3o<\/span><span style=\"font-family: arial, helvetica, sans-serif; font-size: 20px;\"> diferentes.<\/span><\/span><\/p>\n<p><img decoding=\"async\" class=\"aligncenter size-full wp-image-21702\" src=\"https:\/\/adenilsongiovanini.com.br\/blog\/wp-content\/uploads\/2021\/07\/interferometria-por-radar-de-abertura-sintetica.jpg\" alt=\"interferometria por radar de abertura sint\u00e9tica\" width=\"285\" height=\"177\" \/><\/p>\n<p>&nbsp;<\/p>\n<p><span style=\"font-family: arial, helvetica, sans-serif; font-size: 20px; color: #000000;\">A partir desses sinais podem ser geradas imagens de amplitude e fase, as quais s\u00e3o armazenadas como imagens complexas.<\/span><\/p>\n<p><span style=\"color: #000000;\"><span style=\"font-family: arial, helvetica, sans-serif; font-size: 20px;\"> Essas imagens formar\u00e3o o <strong>par interferom\u00e9trico<\/strong>, e utilizando a t\u00e9cnica InSAR, pode-se gerar uma nova imagem, cuja fase de cada pixel (fase interferom\u00e9trica) \u00e9 formada pela diferen\u00e7a de fase entre os pixels correspondentes nas duas <\/span><span style=\"font-family: arial, helvetica, sans-serif; font-size: 20px;\">imagens originais.<\/span><\/span><\/p>\n<p><span style=\"font-family: arial, helvetica, sans-serif; font-size: 20px; color: #000000;\">A partir do conhecimento da geometria de aquisi\u00e7\u00e3o das <span style=\"color: #0000ff;\"><a href=\"https:\/\/adenilsongiovanini.com.br\/blog\/imagens-raster-o-que-sao-e-tipos-existentes\/\" style=\"color: #0000ff;\">imagens<\/a><\/span> e da utiliza\u00e7\u00e3o da <strong>t\u00e9cnica InSAR<\/strong> \u00e9 poss\u00edvel converter a diferen\u00e7a de fase obtida em <span style=\"color: #0000ff;\"><a style=\"color: #0000ff;\" href=\"https:\/\/adenilsongiovanini.com.br\/blog\/altitude-ortometrica\/\">altitude<\/a><\/span>. <\/span><\/p>\n<p><span style=\"font-family: arial, helvetica, sans-serif; font-size: 20px; color: #000000;\">A informa\u00e7\u00e3o de altitude associada \u00e0s medidas feitas diretamente na imagem para cada ponto, nas dire\u00e7\u00f5es de alcance e <span style=\"color: #0000ff;\"><a style=\"color: #0000ff;\" href=\"https:\/\/adenilsongiovanini.com.br\/blog\/azimute-o-que-e-e-para-que-serve\/\">azimute<\/a><\/span>, permite a reconstru\u00e7\u00e3o tridimensional do terreno. <\/span><\/p>\n<p><span style=\"font-family: arial, helvetica, sans-serif; font-size: 20px; color: #000000;\">Dessa forma, um <span style=\"color: #0000ff;\"><a style=\"color: #0000ff;\" href=\"https:\/\/adenilsongiovanini.com.br\/blog\/modelo-digital-de-elevacao\/\">Modelo Digital de Superf\u00edcie<\/a><\/span> (MDS) pode ser gerado atrav\u00e9s da interferometria por <span style=\"color: #0000ff;\"><a style=\"color: #0000ff;\" href=\"https:\/\/adenilsongiovanini.com.br\/blog\/radar-interferometrico-o-que-e-e-como-funciona\/\">radar de abertura sint\u00e9tica<\/a><\/span>. <\/span><\/p>\n<p><span style=\"font-family: arial, helvetica, sans-serif; font-size: 20px; color: #000000;\">De maneira geral, a interferometria por radar de abertura sint\u00e9tica \u00e9 <strong>classificada em 2 tipos<\/strong>:<\/span><\/p>\n<ul>\n<li><span style=\"font-family: arial, helvetica, sans-serif; font-size: 20px; color: #000000;\">Interferometria por repeti\u00e7\u00e3o de passagem e;<\/span><\/li>\n<li><span style=\"font-family: arial, helvetica, sans-serif; font-size: 20px; color: #000000;\">Interferometria de passagem \u00fanica.<\/span><\/li>\n<\/ul>\n<p><span style=\"font-family: arial, helvetica, sans-serif; font-size: 20px; color: #000000;\">Vamos conhecer melhor as mesmas.<\/span><\/p>\n<h3 style=\"text-align: center;\"><span style=\"color: #000000;\"><strong><span style=\"font-family: arial, helvetica, sans-serif; font-size: 20px;\">Interferometria com repeti\u00e7\u00e3o de passagem<\/span><\/strong><\/span><\/h3>\n<p><img decoding=\"async\" class=\"aligncenter size-full wp-image-21637\" src=\"https:\/\/adenilsongiovanini.com.br\/blog\/wp-content\/uploads\/2021\/07\/radar-de-abertura-sintetica.gif\" alt=\"interferometria com repeti\u00e7\u00e3o de passagem\" width=\"494\" height=\"319\" \/><\/p>\n<p><span style=\"font-family: arial, helvetica, sans-serif; font-size: 20px; color: #000000;\">Utiliza <strong>sistemas SAR<\/strong> com apenas uma antena e adquire imagens com uma defasagem temporal. Tem sido utilizada em diversos trabalhos que utilizam dados de sistemas SAR orbitais.<\/span><\/p>\n<p><span style=\"font-size: 20px; font-family: arial, helvetica, sans-serif;\"><span style=\"color: #000000;\">Como exemplos desses trabalhos pode-se citar: o<\/span> <span style=\"color: #0000ff;\"><a style=\"color: #0000ff;\" href=\"http:\/\/marte.sid.inpe.br\/col\/ltid.inpe.br\/sbsr\/2004\/11.22.18.35\/doc\/4429.pdf\">trabalho desenvolvido por Nievinski e Souza<\/a><\/span> <span style=\"color: #000000;\">(2005) e Rebelo (2007), dentre outros.<\/span><\/span><\/p>\n<p>&nbsp;<\/p>\n<h3 style=\"text-align: center;\"><span style=\"color: #000000;\"><strong><span style=\"font-family: arial, helvetica, sans-serif; font-size: 20px;\">Interferometria de passagem \u00fanica<\/span><\/strong><\/span><\/h3>\n<p><img decoding=\"async\" class=\"aligncenter size-full wp-image-21631\" src=\"https:\/\/adenilsongiovanini.com.br\/blog\/wp-content\/uploads\/2021\/07\/srtm.jpg\" alt=\"interferometria de passagem \u00fanica\" width=\"425\" height=\"319\" srcset=\"https:\/\/adenilsongiovanini.com.br\/blog\/wp-content\/uploads\/2021\/07\/srtm.jpg 425w, https:\/\/adenilsongiovanini.com.br\/blog\/wp-content\/uploads\/2021\/07\/srtm-300x225.jpg 300w, https:\/\/adenilsongiovanini.com.br\/blog\/wp-content\/uploads\/2021\/07\/srtm-320x240.jpg 320w, https:\/\/adenilsongiovanini.com.br\/blog\/wp-content\/uploads\/2021\/07\/srtm-360x270.jpg 360w\" sizes=\"(max-width: 425px) 100vw, 425px\" \/><\/p>\n<p><span style=\"color: #000000;\"><span style=\"font-family: arial, helvetica, sans-serif; font-size: 20px;\">Utiliza <strong>sistemas SAR<\/strong> com duas antenas receptoras. <\/span><span style=\"font-family: arial, helvetica, sans-serif; font-size: 20px;\">Assim, o par interferom\u00e9trico \u00e9 obtido ao mesmo tempo. <\/span><\/span><\/p>\n<p><span style=\"font-family: arial, helvetica, sans-serif; font-size: 20px; color: #000000;\">O trabalho mais divulgado desenvolvido utilizando esse tipo de <strong>interferometria SAR<\/strong> foi \u00e0 <span style=\"color: #0000ff;\"><a style=\"color: #0000ff;\" href=\"https:\/\/adenilsongiovanini.com.br\/blog\/srtm-missao-dados-e-produtos\/\">miss\u00e3o SRTM<\/a><\/span> (Shuttle Radar Topography Mission) ocorrida em 2000 que obteve dados de eleva\u00e7\u00e3o em uma escala quase global e gerou o mais completo banco de dados topogr\u00e1fico de alta resolu\u00e7\u00e3o da Terra.<\/span><\/p>\n<p>&nbsp;<\/p>\n<p style=\"text-align: center;\"><strong><span style=\"font-family: arial, helvetica, sans-serif; font-size: 20px; color: #000000;\">Vantagem da utiliza\u00e7\u00e3o de radar interferom\u00e9trico<\/span><\/strong><\/p>\n<p><img decoding=\"async\" class=\"aligncenter size-full wp-image-21704\" src=\"https:\/\/adenilsongiovanini.com.br\/blog\/wp-content\/uploads\/2021\/07\/radar-de-abertura-sintetica.jpg\" alt=\"vantagem da utiliza\u00e7\u00e3o de radar interferom\u00e9trico\" width=\"512\" height=\"392\" srcset=\"https:\/\/adenilsongiovanini.com.br\/blog\/wp-content\/uploads\/2021\/07\/radar-de-abertura-sintetica.jpg 512w, https:\/\/adenilsongiovanini.com.br\/blog\/wp-content\/uploads\/2021\/07\/radar-de-abertura-sintetica-300x230.jpg 300w, https:\/\/adenilsongiovanini.com.br\/blog\/wp-content\/uploads\/2021\/07\/radar-de-abertura-sintetica-320x245.jpg 320w, https:\/\/adenilsongiovanini.com.br\/blog\/wp-content\/uploads\/2021\/07\/radar-de-abertura-sintetica-360x276.jpg 360w\" sizes=\"(max-width: 512px) 100vw, 512px\" \/><\/p>\n<p><span style=\"font-family: arial, helvetica, sans-serif; font-size: 20px; color: #000000;\">A <strong>principal vantagem<\/strong> de se utilizar dados obtidos por <span style=\"color: #0000ff;\"><a href=\"https:\/\/adenilsongiovanini.com.br\/blog\/radar-interferometrico-o-que-e-e-como-funciona\/\" style=\"color: #0000ff;\">radar de abertura sint\u00e9tica<\/a><\/span> \u00e9 que os mesmos possuem a <strong>capacidade de opera\u00e7\u00e3o durante dia e noite<\/strong> e, tamb\u00e9m, sobre qualquer condi\u00e7\u00e3o clim\u00e1tica.<\/span><\/p>\n<p>&nbsp;<\/p>\n<h2 style=\"text-align: center;\"><span style=\"font-size: 24px;\"><strong><span style=\"font-family: arial, helvetica, sans-serif; color: #000000;\">Radar interferom\u00e9trico &#8211; Aplica\u00e7\u00f5es da t\u00e9cnica InSAR<\/span><\/strong><\/span><\/h2>\n<p><span style=\"font-family: arial, helvetica, sans-serif; font-size: 20px; color: #000000;\">A <strong>t\u00e9cnica InSAR<\/strong> \u00e9 utilizada para medir a superf\u00edcie topogr\u00e1fica e suas mudan\u00e7as no tempo. <\/span><\/p>\n<p><span style=\"font-family: arial, helvetica, sans-serif; font-size: 20px; color: #000000;\">Por explorar a fase do sinal coerente, a <strong>interferometria<\/strong> permite explorar os aspectos quantitativos e, portanto, ligado \u00e0 geometria do relevo, al\u00e9m da usual abordagem interpretativa, com aplica\u00e7\u00e3o em diversas \u00e1reas, como:<\/span><\/p>\n<ul>\n<li><span style=\"font-family: arial, helvetica, sans-serif; font-size: 20px; color: #000000;\"> Cartografia;<\/span><\/li>\n<li><span style=\"font-family: arial, helvetica, sans-serif; font-size: 20px; color: #000000;\"><span style=\"color: #0000ff;\"><a style=\"color: #0000ff;\" href=\"https:\/\/adenilsongiovanini.com.br\/blog\/geodesia-conceito-objetivos-e-aplicacoes\/\">Geod\u00e9sia<\/a><\/span> e;<\/span><\/li>\n<li><span style=\"font-family: arial, helvetica, sans-serif; font-size: 20px; color: #000000;\"><span style=\"color: #0000ff;\"><a style=\"color: #0000ff;\" href=\"https:\/\/adenilsongiovanini.com.br\/blog\/sensoriamento-remoto\/\"> Sensoriamento Remoto<\/a><\/span>. <\/span><\/li>\n<\/ul>\n<p><span style=\"font-family: arial, helvetica, sans-serif; font-size: 20px; color: #000000;\">Na Geod\u00e9sia, a t\u00e9cnica de interferometria \u00e9 aplicada nos <span style=\"color: #0000ff;\"><a href=\"https:\/\/adenilsongiovanini.com.br\/blog\/posicionamento-pelo-gnss-georreferenciamento\/\" style=\"color: #0000ff;\">posicionamentos por GNSS <\/a><\/span>(Global Navigation Satellite System), e tamb\u00e9m \u00e9 utilizada pela tecnologia VLBI (Very Long Baseline Interferometry), que por sua vez \u00e9 usada para determinar a escala <\/span><span style=\"font-family: arial, helvetica, sans-serif; font-size: 20px; color: #000000;\">do sistema ITRF (International Terrestrial Reference Frame).<\/span><\/p>\n<p>&nbsp;<\/p>\n<h2 style=\"text-align: center;\"><strong><span style=\"font-family: arial, helvetica, sans-serif; font-size: 24px; color: #000000;\">Radar interferom\u00e9trico &#8211; Fonte utilizada para a produ\u00e7\u00e3o do post<\/span><\/strong><\/h2>\n<p><img decoding=\"async\" class=\"aligncenter wp-image-21705\" src=\"https:\/\/adenilsongiovanini.com.br\/blog\/wp-content\/uploads\/2021\/07\/fundamentos-do-processo-interferometrico.png\" alt=\"fundamentos do processo interferom\u00e9trico\" width=\"780\" height=\"659\" srcset=\"https:\/\/adenilsongiovanini.com.br\/blog\/wp-content\/uploads\/2021\/07\/fundamentos-do-processo-interferometrico.png 997w, https:\/\/adenilsongiovanini.com.br\/blog\/wp-content\/uploads\/2021\/07\/fundamentos-do-processo-interferometrico-300x253.png 300w, https:\/\/adenilsongiovanini.com.br\/blog\/wp-content\/uploads\/2021\/07\/fundamentos-do-processo-interferometrico-768x649.png 768w, https:\/\/adenilsongiovanini.com.br\/blog\/wp-content\/uploads\/2021\/07\/fundamentos-do-processo-interferometrico-320x270.png 320w, https:\/\/adenilsongiovanini.com.br\/blog\/wp-content\/uploads\/2021\/07\/fundamentos-do-processo-interferometrico-640x541.png 640w, https:\/\/adenilsongiovanini.com.br\/blog\/wp-content\/uploads\/2021\/07\/fundamentos-do-processo-interferometrico-360x304.png 360w, https:\/\/adenilsongiovanini.com.br\/blog\/wp-content\/uploads\/2021\/07\/fundamentos-do-processo-interferometrico-720x608.png 720w, https:\/\/adenilsongiovanini.com.br\/blog\/wp-content\/uploads\/2021\/07\/fundamentos-do-processo-interferometrico-800x676.png 800w\" sizes=\"(max-width: 780px) 100vw, 780px\" \/><\/p>\n<p><span style=\"font-family: arial, helvetica, sans-serif; font-size: 20px; color: #000000;\">Este artigo foi adaptado a partir do texto original existente no artigo &#8220;Fundamentos de processamento interferom\u00e9trico de dados de radar de abertura sint\u00e9tica, de autoria de Alves e outros autores. O mesmo pode ser acessado <span style=\"color: #0000ff;\"><a style=\"color: #0000ff;\" href=\"http:\/\/marte.sid.inpe.br\/col\/dpi.inpe.br\/sbsr%4080\/2008\/11.18.00.06\/doc\/7227-7234.pdf\">neste <\/a><\/span><span style=\"color: #0000ff;\"><a style=\"color: #0000ff;\" href=\"http:\/\/marte.sid.inpe.br\/col\/dpi.inpe.br\/sbsr%4080\/2008\/11.18.00.06\/doc\/7227-7234.pdf\">link<\/a><\/span>.<\/span><\/p>\n<p>&nbsp;<\/p>\n<h2 style=\"text-align: center;\"><span style=\"font-size: 24px;\"><strong><span style=\"font-family: arial, helvetica, sans-serif; color: #000000;\">Aprenda mais a respeito de sensoriamento remoto e processamento digital de imagens<\/span><\/strong><\/span><\/h2>\n<p><img decoding=\"async\" class=\"aligncenter size-large wp-image-26662\" src=\"https:\/\/adenilsongiovanini.com.br\/blog\/wp-content\/uploads\/2019\/12\/fusao-de-imagens-780x472.png\" alt=\"sensoriamento remoto e processamento digital de imagens\" width=\"780\" height=\"472\" srcset=\"https:\/\/adenilsongiovanini.com.br\/blog\/wp-content\/uploads\/2019\/12\/fusao-de-imagens-780x472.png 780w, https:\/\/adenilsongiovanini.com.br\/blog\/wp-content\/uploads\/2019\/12\/fusao-de-imagens-300x182.png 300w, https:\/\/adenilsongiovanini.com.br\/blog\/wp-content\/uploads\/2019\/12\/fusao-de-imagens-768x465.png 768w, https:\/\/adenilsongiovanini.com.br\/blog\/wp-content\/uploads\/2019\/12\/fusao-de-imagens-1536x929.png 1536w, https:\/\/adenilsongiovanini.com.br\/blog\/wp-content\/uploads\/2019\/12\/fusao-de-imagens.png 1808w\" sizes=\"(max-width: 780px) 100vw, 780px\" \/><\/p>\n<p><span style=\"font-family: arial, helvetica, sans-serif; font-size: 20px; color: #000000;\">Se voc\u00ea gostou deste artigo eu tenho uma \u00f3tima not\u00edcia para voc\u00ea. Isso porque possuo v\u00e1rios outros artigos a respeito de <span style=\"color: #0000ff;\"><a style=\"color: #0000ff;\" href=\"https:\/\/adenilsongiovanini.com.br\/blog\/sensoriamento-remoto\/\">sensoriamento remoto<\/a><\/span> e <span style=\"color: #0000ff;\"><a style=\"color: #0000ff;\" href=\"https:\/\/adenilsongiovanini.com.br\/blog\/processamento-digital-de-imagens\/\">processamento digital de imagens<\/a><\/span> aqui no blog.<\/span><\/p>\n<p><span style=\"font-family: arial, helvetica, sans-serif; font-size: 20px; color: #000000;\">Seguem os links de acesso a 3 deles: <\/span><\/p>\n<ul>\n<li><span style=\"font-family: arial, helvetica, sans-serif; font-size: 20px; color: #000000;\">&gt; <span style=\"color: #0000ff;\"><a style=\"color: #0000ff;\" href=\"https:\/\/adenilsongiovanini.com.br\/blog\/realce-de-imagem-o-que-e-e-tipos-existentes\/\">Realce de Imagem: O Que \u00c9 e Tipos Existentes&#8230;<\/a><\/span><\/span><\/li>\n<li><span style=\"font-family: arial, helvetica, sans-serif; font-size: 20px; color: #000000;\">&gt; <span style=\"color: #0000ff;\"><a style=\"color: #0000ff;\" href=\"https:\/\/adenilsongiovanini.com.br\/blog\/filtragem-de-imagens-o-que-e-e-tipos-existentes\/\">Filtragem de Imagens: O que s\u00e3o&#8230;<\/a><\/span><\/span><\/li>\n<li><span style=\"font-family: arial, helvetica, sans-serif; font-size: 20px; color: #000000;\">&gt; <span style=\"color: #0000ff;\"><a style=\"color: #0000ff;\" href=\"https:\/\/adenilsongiovanini.com.br\/blog\/ortoimagens-o-que-sao-e-para-que-servem\/\">Ortoimagens: O Que S\u00e3o e Para Que Servem&#8230;<\/a><\/span><\/span><\/li>\n<\/ul>\n<p><span style=\"font-family: arial, helvetica, sans-serif; font-size: 20px; color: #000000;\">V\u00eddeo a respeito do assunto.<\/span><\/p>\n<p><center><iframe width=\"853\" height=\"480\" title=\"YouTube video player\" src=\"https:\/\/www.youtube.com\/embed\/gybihHODU8w\" frameborder=\"0\" allowfullscreen=\"allowfullscreen\"><\/iframe><\/center><\/p>\n<p><span style=\"font-size: 20px; font-family: arial, helvetica, sans-serif; color: #000000; line-height: 1.3;\">Lembrando que eu tamb\u00e9m possuo uma s\u00e9rie de <strong>cursos pr\u00e1ticos e de livros<\/strong>. <\/span><\/p>\n<p><span style=\"font-size: 20px; font-family: arial, helvetica, sans-serif; color: #000000; line-height: 1.3;\">Se voc\u00ea quer<strong> MERGULHAR FUNDO e aprender a prestar servi\u00e7os com grande velocidade e com seguran\u00e7a<\/strong>, <span style=\"color: #0000ff;\"><a style=\"color: #0000ff;\" href=\"https:\/\/adenilsongiovanini.com.br\/cursos-online\/\">acesse este link<\/a><\/span> e conhe\u00e7a os mesmos.<\/span><\/p>\n<p><span style=\"color: #000000;\"><span style=\"font-size: 20px; font-family: arial, helvetica, sans-serif; line-height: 1.3;\">Entre eles, o <span style=\"color: #0000ff;\"><a style=\"color: #0000ff;\" href=\"https:\/\/adenilsongiovanini.com.br\/curso-de-autocad-para-topografia\/\" target=\"_blank\" rel=\"noopener noreferrer\">Curso de Confec\u00e7\u00e3o de Plantas Topogr\u00e1ficas<\/a><\/span>. <span style=\"color: #000000;\">Um <\/span><\/span><span style=\"font-size: 20px; font-family: arial, helvetica, sans-serif; line-height: 1.3;\">curso pr\u00e1tico\u00a0<\/span><span style=\"font-size: 20px; font-family: arial, helvetica, sans-serif; line-height: 1.3;\">com o qual voc\u00ea vai <strong>aprender a produzir as 15 diferentes plantas produzidas em um escrit\u00f3rio de topografia<\/strong>.<\/span><\/span><\/p>\n<p><a href=\"https:\/\/adenilsongiovanini.com.br\/curso-de-autocad-para-topografia\/\" target=\"_blank\" rel=\"noopener noreferrer\"><img decoding=\"async\" class=\"aligncenter wp-image-31689\" src=\"https:\/\/adenilsongiovanini.com.br\/wp-content\/uploads\/2022\/07\/planta-de-topografia-1024x612.png\" alt=\"\" width=\"770\" height=\"460\" \/><\/a><\/p>\n<p><span style=\"font-family: arial, helvetica, sans-serif; font-size: 20px; color: #000000;\">Clique <a href=\"https:\/\/adenilsongiovanini.com.br\/curso-de-autocad-para-topografia\/\" target=\"_blank\" rel=\"noopener noreferrer\"><span style=\"color: #0000ff;\">neste link<\/span><\/a> e conhe\u00e7a melhor o mesmo.<\/span><\/p>\n<p><span style=\"font-size: 20px; font-family: arial, helvetica, sans-serif; color: #000000; line-height: 1.3;\">Gratid\u00e3o por voc\u00ea ter lido o artigo. \ud83d\ude4f<\/span><\/p>\n<p>&nbsp;<\/p>\n<h2 style=\"text-align: center;\"><span style=\"font-size: 24px;\"><strong><span style=\"font-family: arial, helvetica, sans-serif; color: #000000; line-height: 1.3;\">Aprenda a produzir Mapas e Plantas no QGIS<\/span><\/strong><\/span><\/h2>\n<p>&nbsp;<\/p>\n<p style=\"text-align: center;\"><span style=\"font-size: 20px;\"><img decoding=\"async\" class=\"aligncenter size-full wp-image-30874\" src=\"https:\/\/adenilsongiovanini.com.br\/wp-content\/uploads\/2022\/06\/curso-online-de-qgis.png\" alt=\"curso de qgis online\" width=\"531\" height=\"319\" \/><\/span><\/p>\n<p style=\"text-align: center;\"><span style=\"font-size: 20px; font-family: arial, helvetica, sans-serif; color: #000000; line-height: 1.3;\">Se voc\u00ea quer (<em>ou precisa<\/em>) <strong>aprender a produzir mapas e plantas<\/strong>, o curso online de Qgis, Oficina do QGIS \u00e9 para voc\u00ea.<\/span><\/p>\n<p style=\"text-align: center;\"><span style=\"font-size: 20px; font-family: arial, helvetica, sans-serif; color: #000000; line-height: 1.3;\">No mesmo, voc\u00ea vai aprender a <span style=\"text-decoration: underline;\"><em>utilizar o QGIS profissionalmente<\/em><\/span>, aprendendo a <strong>produzir mapas que v\u00e3o deixar seus clientes de queixo-ca\u00eddo<\/strong>. <\/span><\/p>\n<p>  <img decoding=\"async\" class=\"aligncenter size-full wp-image-16897\" src=\"https:\/\/adenilsongiovanini.com.br\/blog\/wp-content\/uploads\/2020\/05\/setas-azuis-triplas-e1427388827173.png\" alt=\"seta azul\" width=\"400\" height=\"200\" srcset=\"https:\/\/adenilsongiovanini.com.br\/blog\/wp-content\/uploads\/2020\/05\/setas-azuis-triplas-e1427388827173.png 400w, https:\/\/adenilsongiovanini.com.br\/blog\/wp-content\/uploads\/2020\/05\/setas-azuis-triplas-e1427388827173-300x150.png 300w\" sizes=\"(max-width: 400px) 100vw, 400px\" \/> <img decoding=\"async\" class=\"aligncenter wp-image-30892\" src=\"https:\/\/adenilsongiovanini.com.br\/wp-content\/uploads\/2022\/06\/curso-de-qgis-online-oficina-do-qgis-1024x769.png\" alt=\"curso de qgis online oficina do qgis\" width=\"780\" height=\"586\" \/> <img decoding=\"async\" class=\"aligncenter size-full wp-image-16897\" src=\"https:\/\/adenilsongiovanini.com.br\/blog\/wp-content\/uploads\/2020\/05\/setas-azuis-triplas-e1427388827173.png\" alt=\"seta azul\" width=\"400\" height=\"200\" srcset=\"https:\/\/adenilsongiovanini.com.br\/blog\/wp-content\/uploads\/2020\/05\/setas-azuis-triplas-e1427388827173.png 400w, https:\/\/adenilsongiovanini.com.br\/blog\/wp-content\/uploads\/2020\/05\/setas-azuis-triplas-e1427388827173-300x150.png 300w\" sizes=\"(max-width: 400px) 100vw, 400px\" \/> <div class=\"su-button-center\"><a href=\"https:\/\/go.hotmart.com\/U65189303H\" class=\"su-button su-button-style-3d\" style=\"color:#000000;background-color:#2BCC2F;border-color:#23a426;border-radius:15px\" target=\"_blank\" rel=\"nofollow\" id=\"1\"><span style=\"color:#000000;padding:0px 36px;font-size:26px;line-height:52px;border-color:#6bdc6e;border-radius:15px;text-shadow:0px 0px 0px #000000\"> &gt; Quero Conhecer melhor o Curso, Pois Quero <em>(e Preciso)<\/em> Aprender a Produzir Plantas e Mapas no QGIS&#8230;<\/span><\/a><\/div>    <\/p>\n<h2 style=\"text-align: center;\"><span style=\"font-size: 24px; color: #000000;\"><strong><span style=\"font-family: arial, helvetica, sans-serif;\">Principais Conte\u00fados Abordados no Curso Online de QGIS<\/span><\/strong><\/span><\/h2>\n<p>&nbsp;<\/p>\n<p style=\"text-align: center;\"><span style=\"font-size: 14pt;\"><strong><span style=\"color: #000000; font-family: arial, helvetica, sans-serif;\">M\u00f3dulo 1: passos inicias no QGIS &#8211; Elaborando mapa de biomas do Brasil<\/span><\/strong><\/span><\/p>\n<p><img decoding=\"async\" class=\"aligncenter wp-image-30875\" src=\"https:\/\/adenilsongiovanini.com.br\/wp-content\/uploads\/2022\/06\/Passos-iniciais-no-QGIS-1024x724.jpg\" alt=\"mapa de biomas no curso de qgis online\" width=\"780\" height=\"551\" \/>      <\/p>\n<p style=\"text-align: center;\"><span style=\"font-size: 14pt;\"><strong><span style=\"color: #000000; font-family: arial, helvetica, sans-serif;\">M\u00f3dulo 2: criando mapa de uso e ocupa\u00e7\u00e3o do solo de propriedade rural<\/span><\/strong><\/span><\/p>\n<p style=\"text-align: center;\"><img decoding=\"async\" class=\"aligncenter wp-image-30876\" src=\"https:\/\/adenilsongiovanini.com.br\/wp-content\/uploads\/2022\/06\/mapa-de-uso-e-ocupa\u00e7\u00e3o-do-solo-de-propriedade-rural-1024x724.jpg\" alt=\" mapa de uso e ocupa\u00e7\u00e3o do solo\" width=\"780\" height=\"551\" \/><\/p>\n<p>&nbsp;<\/p>\n<p style=\"text-align: center;\"><span style=\"font-size: 14pt;\"><strong><span style=\"color: #000000; font-family: arial, helvetica, sans-serif;\">M\u00f3dulo 3: c\u00e1lculo de \u00e1reas, per\u00edmetros e dist\u00e2ncias de linhas no QGIS<\/span><\/strong><\/span><\/p>\n<p style=\"text-align: center;\"><img decoding=\"async\" class=\"aligncenter wp-image-30877\" src=\"https:\/\/adenilsongiovanini.com.br\/wp-content\/uploads\/2022\/06\/c\u00e1lculo-de-\u00e1reas.jpg\" alt=\"c\u00e1lculo de \u00e1reas\" width=\"780\" height=\"526\" \/><\/p>\n<p>&nbsp;<\/p>\n<p style=\"text-align: center;\"><span style=\"font-size: 14pt;\"><strong><span style=\"color: #000000; font-family: arial, helvetica, sans-serif;\">M\u00f3dulo 4: criando memorial descritivo de \u00e1reas e quadro anal\u00edtico de forma autom\u00e1tica no QGIS<\/span><\/strong><\/span><\/p>\n<p style=\"text-align: center;\"><img decoding=\"async\" class=\"aligncenter wp-image-30878\" src=\"https:\/\/adenilsongiovanini.com.br\/wp-content\/uploads\/2022\/06\/criando-memorial-descritivo-de-\u00e1reas-1024x868.png\" alt=\"memorial descritivo de \u00e1reas no curso de qgis\" width=\"780\" height=\"661\" \/><\/p>\n<p>&nbsp;<\/p>\n<p style=\"text-align: center;\"><span style=\"font-size: 14pt;\"><strong><span style=\"color: #000000; font-family: arial, helvetica, sans-serif;\">M\u00f3dulo 5: criando uma planta de macrozoneamento para licenciamento ambiental<\/span><\/strong><\/span><\/p>\n<p style=\"text-align: center;\"><img decoding=\"async\" class=\"aligncenter wp-image-30879\" src=\"https:\/\/adenilsongiovanini.com.br\/wp-content\/uploads\/2022\/06\/criando-uma-planta-de-macrozoneamento-1024x724.jpg\" alt=\"interferometria - planta de macrozoneamento\" width=\"780\" height=\"551\" \/><\/p>\n<p>&nbsp;<\/p>\n<p style=\"text-align: center;\"><span style=\"font-size: 14pt;\"><strong><span style=\"color: #000000; font-family: arial, helvetica, sans-serif;\">M\u00f3dulo 6: criando um mapa de prote\u00e7\u00e3o de \u00e1rea permanente (APP&#8217;s) de uma propriedade rural<\/span><\/strong><\/span><\/p>\n<p style=\"text-align: center;\"><img decoding=\"async\" class=\"aligncenter wp-image-30880\" src=\"https:\/\/adenilsongiovanini.com.br\/wp-content\/uploads\/2022\/06\/criando-um-mapa-de-prote\u00e7\u00e3o-de-\u00e1rea-permanente-1024x723.jpg\" alt=\" mapa de prote\u00e7\u00e3o de \u00e1rea permanente\" width=\"780\" height=\"551\" \/><\/p>\n<p>&nbsp;<\/p>\n<p style=\"text-align: center;\"><span style=\"font-size: 14pt;\"><strong><span style=\"color: #000000; font-family: arial, helvetica, sans-serif;\">M\u00f3dulo 7: criando um mapa hipsom\u00e9trico da sua \u00e1rea de interesse<\/span><\/strong><\/span><\/p>\n<p style=\"text-align: center;\"><img decoding=\"async\" class=\"aligncenter wp-image-30881\" src=\"https:\/\/adenilsongiovanini.com.br\/wp-content\/uploads\/2022\/06\/criando-um-mapa-hipsom\u00e9trico-1024x723.jpg\" alt=\"interferometria - mapa hipsom\u00e9trico\" width=\"780\" height=\"551\" \/><\/p>\n<p>&nbsp;<\/p>\n<p style=\"text-align: center;\"><span style=\"font-size: 14pt;\"><strong><span style=\"color: #000000; font-family: arial, helvetica, sans-serif;\">M\u00f3dulo 8: criando uma planta topogr\u00e1fica georreferenciada no QGIS<\/span><\/strong><\/span><\/p>\n<p style=\"text-align: center;\"><img decoding=\"async\" class=\"aligncenter wp-image-30882\" src=\"https:\/\/adenilsongiovanini.com.br\/wp-content\/uploads\/2022\/06\/criando-uma-planta-topogr\u00e1fica-1024x723.jpg\" alt=\" planta topogr\u00e1fica georreferenciada\" width=\"780\" height=\"551\" \/><\/p>\n<p>&nbsp;<\/p>\n<p style=\"text-align: center;\"><span style=\"font-size: 14pt;\"><strong><span style=\"color: #000000; font-family: arial, helvetica, sans-serif;\">M\u00f3dulo 9: layout de mapas &#8211; criando um mapa de bacias e sub bacias hidrogr\u00e1ficas<\/span><\/strong><\/span><\/p>\n<p style=\"text-align: center;\"><img decoding=\"async\" class=\"aligncenter wp-image-30883\" src=\"https:\/\/adenilsongiovanini.com.br\/wp-content\/uploads\/2022\/06\/criando-um-mapa-de-bacias-1024x723.jpg\" alt=\"interferometria - mapa de bacias e sub bacias hidrogr\u00e1fica\" width=\"780\" height=\"551\"><\/p>\n<p>&nbsp;<\/p>\n<p style=\"text-align: center;\"><span style=\"font-size: 14pt;\"><strong><span style=\"color: #000000; font-family: arial, helvetica, sans-serif;\">M\u00f3dulo 10: delimita\u00e7\u00e3o de bacias hidrogr\u00e1ficas<\/span><\/strong><\/span><\/p>\n<p style=\"text-align: center;\"><img decoding=\"async\" class=\"aligncenter wp-image-30884\" src=\"https:\/\/adenilsongiovanini.com.br\/wp-content\/uploads\/2022\/06\/delimita\u00e7\u00e3o-de-bacias-hidrogr\u00e1ficas-1024x723.jpg\" alt=\"delimita\u00e7\u00e3o de bacias hidrogr\u00e1ficas\" width=\"780\" height=\"551\"><\/p>\n<p>&nbsp;<\/p>\n<p style=\"text-align: center;\"><span style=\"font-size: 14pt;\"><strong><span style=\"color: #000000; font-family: arial, helvetica, sans-serif;\">M\u00f3dulo 11: demarca\u00e7\u00e3o urban\u00edstica no QGIS<\/span><\/strong><\/span><\/p>\n<p style=\"text-align: center;\"><img decoding=\"async\" class=\"aligncenter wp-image-30885\" src=\"https:\/\/adenilsongiovanini.com.br\/wp-content\/uploads\/2022\/06\/demarca\u00e7\u00e3o-urban\u00edstica-no-QGIS-1024x724.jpg\" alt=\"interferometria - demarca\u00e7\u00e3o urban\u00edstica no QGIS\" width=\"780\" height=\"552\"><\/p>\n<p>&nbsp;<\/p>\n<p style=\"text-align: center;\"><span style=\"font-size: 14pt;\"><strong><span style=\"color: #000000; font-family: arial, helvetica, sans-serif;\">M\u00f3dulo 12: mapa de classes de declividade (com MDE &#8211; Alos Palsar)<\/span><\/strong><\/span><\/p>\n<p style=\"text-align: center;\"><img decoding=\"async\" class=\"aligncenter wp-image-30886\" src=\"https:\/\/adenilsongiovanini.com.br\/wp-content\/uploads\/2022\/06\/mapa-de-classes-de-declividade-1024x724.jpg\" alt=\"mapa de classes de declividade\" width=\"780\" height=\"551\"><\/p>\n<p>&nbsp;<\/p>\n<p style=\"text-align: center;\"><span style=\"font-size: 14pt;\"><strong><span style=\"color: #000000; font-family: arial, helvetica, sans-serif;\">M\u00f3dulo 13: mapa de prospec\u00e7\u00e3o de \u00e1reas para instala\u00e7\u00e3o de usinas solares fotovoltaicas<\/span><\/strong><\/span><\/p>\n<p style=\"text-align: center;\"><img decoding=\"async\" class=\"aligncenter wp-image-30887\" src=\"https:\/\/adenilsongiovanini.com.br\/wp-content\/uploads\/2022\/06\/mapa-de-prospec\u00e7\u00e3o-de-\u00e1reas-1024x724.png\" alt=\"interferometria - mapa de prospec\u00e7\u00e3o de \u00e1reas\" width=\"780\" height=\"552\"><\/p>\n<p>&nbsp;<\/p>\n<p style=\"text-align: center;\"><span style=\"font-size: 14pt;\"><strong><span style=\"color: #000000; font-family: arial, helvetica, sans-serif;\">M\u00f3dulo 14: elaborar mapa de classes de solo<\/span><\/strong><\/span><\/p>\n<p style=\"text-align: center;\"><img decoding=\"async\" class=\"aligncenter wp-image-30888\" src=\"https:\/\/adenilsongiovanini.com.br\/wp-content\/uploads\/2022\/06\/elaborar-mapa-de-classes-de-solo.png\" alt=\"elaborar mapa de classes de solo no curso de qgis online\" width=\"780\" height=\"552\"><\/p>\n<p>&nbsp;<\/p>\n<p style=\"text-align: center;\"><span style=\"font-size: 14pt;\"><strong><span style=\"color: #000000; font-family: arial, helvetica, sans-serif;\">M\u00f3dulo 15: elaborar mapas de classes de fatores limitantes \u00e0 mecaniza\u00e7\u00e3o agr\u00edcola dos solos<\/span><\/strong><\/span><\/p>\n<p style=\"text-align: center;\"><img decoding=\"async\" class=\"aligncenter wp-image-30889\" src=\"https:\/\/adenilsongiovanini.com.br\/wp-content\/uploads\/2022\/06\/elaborar-mapas-de-classes-de-fatores-limitantes-\u00e0-mecaniza\u00e7\u00e3o.jpg\" alt=\"interferometria - mapa de fatores limitantes \u00e0 mecaniza\u00e7\u00e3o agr\u00edcola\" width=\"780\" height=\"551\"><\/p>\n<p>&nbsp;<\/p>\n<div id=\"le_body_row_4_col_1_el_23\" class=\"element-container cf\" data-style=\"\"><\/div>\n<p><img decoding=\"async\" class=\"aligncenter size-full wp-image-16897\" src=\"https:\/\/adenilsongiovanini.com.br\/blog\/wp-content\/uploads\/2020\/05\/setas-azuis-triplas-e1427388827173.png\" alt=\"seta azul\" width=\"400\" height=\"200\" srcset=\"https:\/\/adenilsongiovanini.com.br\/blog\/wp-content\/uploads\/2020\/05\/setas-azuis-triplas-e1427388827173.png 400w, https:\/\/adenilsongiovanini.com.br\/blog\/wp-content\/uploads\/2020\/05\/setas-azuis-triplas-e1427388827173-300x150.png 300w\" sizes=\"(max-width: 400px) 100vw, 400px\" \/>     <div class=\"su-button-center\"><a href=\"https:\/\/go.hotmart.com\/U65189303H\" class=\"su-button su-button-style-3d\" style=\"color:#000000;background-color:#2BCC2F;border-color:#23a426;border-radius:15px\" target=\"_blank\" rel=\"nofollow\" id=\"1\"><span style=\"color:#000000;padding:0px 36px;font-size:26px;line-height:52px;border-color:#6bdc6e;border-radius:15px;text-shadow:0px 0px 0px #000000\"> &gt; Quero Conhecer melhor o Curso, Pois Quero <em>(e Preciso)<\/em> Aprender a Produzir Plantas e Mapas no QGIS&#8230;<\/span><\/a><\/div>    <\/p>\n","protected":false},"excerpt":{"rendered":"<p>Interferometria, voc\u00ea acabou de encontrar um guia definitivo a respeito do tema. Com a leitura do mesmo voc\u00ea aprender\u00e1: O que \u00e9 a interferometria por radar de abertura sint\u00e9tica; Como que um radar interferom\u00e9trico funciona; Quais as vantagens da utiliza\u00e7\u00e3o do mesmo e; Quais as aplica\u00e7\u00f5es do radar interferom\u00e9trico. Prossiga [&hellip;]<\/p>\n","protected":false},"author":1,"featured_media":26719,"comment_status":"closed","ping_status":"closed","sticky":false,"template":"","format":"standard","meta":{"_monsterinsights_skip_tracking":false,"_monsterinsights_sitenote_active":false,"_monsterinsights_sitenote_note":"","_monsterinsights_sitenote_category":0,"footnotes":""},"categories":[13,56],"tags":[],"class_list":["post-26715","post","type-post","status-publish","format-standard","has-post-thumbnail","hentry","category-arcgis","category-sensoriamento-remoto"],"yoast_head":"<!-- This site is optimized with the Yoast SEO plugin v26.5 - https:\/\/yoast.com\/wordpress\/plugins\/seo\/ -->\n<title>Interferometria: O Que \u00c9 e Como Funciona? - Adenilson Giovanini<\/title>\n<meta name=\"description\" content=\"Descubra o que \u00e9 a interferometria, como que um radar interferom\u00e9trico funciona e, quais as vantagens e aplica\u00e7\u00f5es da interferom\u00e9tria.\" \/>\n<meta name=\"robots\" content=\"index, follow, max-snippet:-1, max-image-preview:large, max-video-preview:-1\" \/>\n<link rel=\"canonical\" href=\"https:\/\/adenilsongiovanini.com.br\/blog\/interferometria-o-que-e-e-como-funciona\/\" \/>\n<meta property=\"og:locale\" content=\"pt_BR\" \/>\n<meta property=\"og:type\" content=\"article\" \/>\n<meta property=\"og:title\" content=\"Interferometria: O Que \u00c9 e Como Funciona? - Adenilson Giovanini\" \/>\n<meta property=\"og:description\" content=\"Descubra o que \u00e9 a interferometria, como que um radar interferom\u00e9trico funciona e, quais as vantagens e aplica\u00e7\u00f5es da interferom\u00e9tria.\" \/>\n<meta property=\"og:url\" content=\"https:\/\/adenilsongiovanini.com.br\/blog\/interferometria-o-que-e-e-como-funciona\/\" \/>\n<meta property=\"og:site_name\" content=\"Adenilson Giovanini\" \/>\n<meta property=\"article:publisher\" content=\"https:\/\/www.facebook.com\/otopografo\/\" \/>\n<meta property=\"article:author\" content=\"https:\/\/www.facebook.com\/otopografo\/\" \/>\n<meta property=\"article:published_time\" content=\"2021-11-03T13:54:29+00:00\" \/>\n<meta property=\"article:modified_time\" content=\"2022-08-19T17:02:11+00:00\" \/>\n<meta property=\"og:image\" content=\"https:\/\/adenilsongiovanini.com.br\/blog\/wp-content\/uploads\/2021\/11\/interferometria-1.jpg\" \/>\n\t<meta property=\"og:image:width\" content=\"248\" \/>\n\t<meta property=\"og:image:height\" content=\"203\" \/>\n\t<meta property=\"og:image:type\" content=\"image\/jpeg\" \/>\n<meta name=\"author\" content=\"Adenilson Giovanini\" \/>\n<meta name=\"twitter:card\" content=\"summary_large_image\" \/>\n<meta name=\"twitter:label1\" content=\"Escrito por\" \/>\n\t<meta name=\"twitter:data1\" content=\"Adenilson Giovanini\" \/>\n\t<meta name=\"twitter:label2\" content=\"Est. tempo de leitura\" \/>\n\t<meta name=\"twitter:data2\" content=\"12 minutos\" \/>\n<script type=\"application\/ld+json\" class=\"yoast-schema-graph\">{\"@context\":\"https:\/\/schema.org\",\"@graph\":[{\"@type\":\"Article\",\"@id\":\"https:\/\/adenilsongiovanini.com.br\/blog\/interferometria-o-que-e-e-como-funciona\/#article\",\"isPartOf\":{\"@id\":\"https:\/\/adenilsongiovanini.com.br\/blog\/interferometria-o-que-e-e-como-funciona\/\"},\"author\":{\"name\":\"Adenilson Giovanini\",\"@id\":\"https:\/\/adenilsongiovanini.com.br\/blog\/#\/schema\/person\/9c1daa7da73c116aae2cb0568d1daa23\"},\"headline\":\"Interferometria: O Que \u00c9 e Como Funciona?\",\"datePublished\":\"2021-11-03T13:54:29+00:00\",\"dateModified\":\"2022-08-19T17:02:11+00:00\",\"mainEntityOfPage\":{\"@id\":\"https:\/\/adenilsongiovanini.com.br\/blog\/interferometria-o-que-e-e-como-funciona\/\"},\"wordCount\":1338,\"publisher\":{\"@id\":\"https:\/\/adenilsongiovanini.com.br\/blog\/#\/schema\/person\/9c1daa7da73c116aae2cb0568d1daa23\"},\"image\":{\"@id\":\"https:\/\/adenilsongiovanini.com.br\/blog\/interferometria-o-que-e-e-como-funciona\/#primaryimage\"},\"thumbnailUrl\":\"https:\/\/adenilsongiovanini.com.br\/blog\/wp-content\/uploads\/2021\/11\/interferometria-1.jpg\",\"articleSection\":[\"ArcGIS\",\"Sensoriamento remoto\"],\"inLanguage\":\"pt-BR\"},{\"@type\":\"WebPage\",\"@id\":\"https:\/\/adenilsongiovanini.com.br\/blog\/interferometria-o-que-e-e-como-funciona\/\",\"url\":\"https:\/\/adenilsongiovanini.com.br\/blog\/interferometria-o-que-e-e-como-funciona\/\",\"name\":\"Interferometria: O Que \u00c9 e Como Funciona? - Adenilson Giovanini\",\"isPartOf\":{\"@id\":\"https:\/\/adenilsongiovanini.com.br\/blog\/#website\"},\"primaryImageOfPage\":{\"@id\":\"https:\/\/adenilsongiovanini.com.br\/blog\/interferometria-o-que-e-e-como-funciona\/#primaryimage\"},\"image\":{\"@id\":\"https:\/\/adenilsongiovanini.com.br\/blog\/interferometria-o-que-e-e-como-funciona\/#primaryimage\"},\"thumbnailUrl\":\"https:\/\/adenilsongiovanini.com.br\/blog\/wp-content\/uploads\/2021\/11\/interferometria-1.jpg\",\"datePublished\":\"2021-11-03T13:54:29+00:00\",\"dateModified\":\"2022-08-19T17:02:11+00:00\",\"description\":\"Descubra o que \u00e9 a interferometria, como que um radar interferom\u00e9trico funciona e, quais as vantagens e aplica\u00e7\u00f5es da interferom\u00e9tria.\",\"breadcrumb\":{\"@id\":\"https:\/\/adenilsongiovanini.com.br\/blog\/interferometria-o-que-e-e-como-funciona\/#breadcrumb\"},\"inLanguage\":\"pt-BR\",\"potentialAction\":[{\"@type\":\"ReadAction\",\"target\":[\"https:\/\/adenilsongiovanini.com.br\/blog\/interferometria-o-que-e-e-como-funciona\/\"]}]},{\"@type\":\"ImageObject\",\"inLanguage\":\"pt-BR\",\"@id\":\"https:\/\/adenilsongiovanini.com.br\/blog\/interferometria-o-que-e-e-como-funciona\/#primaryimage\",\"url\":\"https:\/\/adenilsongiovanini.com.br\/blog\/wp-content\/uploads\/2021\/11\/interferometria-1.jpg\",\"contentUrl\":\"https:\/\/adenilsongiovanini.com.br\/blog\/wp-content\/uploads\/2021\/11\/interferometria-1.jpg\",\"width\":248,\"height\":203},{\"@type\":\"BreadcrumbList\",\"@id\":\"https:\/\/adenilsongiovanini.com.br\/blog\/interferometria-o-que-e-e-como-funciona\/#breadcrumb\",\"itemListElement\":[{\"@type\":\"ListItem\",\"position\":1,\"name\":\"Home\",\"item\":\"https:\/\/adenilsongiovanini.com.br\/blog\/\"},{\"@type\":\"ListItem\",\"position\":2,\"name\":\"Interferometria: O Que \u00c9 e Como Funciona?\"}]},{\"@type\":\"WebSite\",\"@id\":\"https:\/\/adenilsongiovanini.com.br\/blog\/#website\",\"url\":\"https:\/\/adenilsongiovanini.com.br\/blog\/\",\"name\":\"Adenilson Giovanini\",\"description\":\"Topografia e Geotecnologias\",\"publisher\":{\"@id\":\"https:\/\/adenilsongiovanini.com.br\/blog\/#\/schema\/person\/9c1daa7da73c116aae2cb0568d1daa23\"},\"potentialAction\":[{\"@type\":\"SearchAction\",\"target\":{\"@type\":\"EntryPoint\",\"urlTemplate\":\"https:\/\/adenilsongiovanini.com.br\/blog\/?s={search_term_string}\"},\"query-input\":{\"@type\":\"PropertyValueSpecification\",\"valueRequired\":true,\"valueName\":\"search_term_string\"}}],\"inLanguage\":\"pt-BR\"},{\"@type\":[\"Person\",\"Organization\"],\"@id\":\"https:\/\/adenilsongiovanini.com.br\/blog\/#\/schema\/person\/9c1daa7da73c116aae2cb0568d1daa23\",\"name\":\"Adenilson Giovanini\",\"image\":{\"@type\":\"ImageObject\",\"inLanguage\":\"pt-BR\",\"@id\":\"https:\/\/adenilsongiovanini.com.br\/blog\/#\/schema\/person\/image\/\",\"url\":\"https:\/\/adenilsongiovanini.com.br\/blog\/wp-content\/litespeed\/avatar\/be8f4de5c0b8a93c57a4f29cbf2f1e92.jpg?ver=1777130135\",\"contentUrl\":\"https:\/\/adenilsongiovanini.com.br\/blog\/wp-content\/litespeed\/avatar\/be8f4de5c0b8a93c57a4f29cbf2f1e92.jpg?ver=1777130135\",\"caption\":\"Adenilson Giovanini\"},\"logo\":{\"@id\":\"https:\/\/adenilsongiovanini.com.br\/blog\/#\/schema\/person\/image\/\"},\"description\":\"O Professor Adenilson Giovanini \u00e9 especialista em Topografia Cadastral e Georreferenciamento de Im\u00f3veis Rurais. O mesmo possui o Maior Site de Engenharia de Agrimensura do Brasil. Site este que tem mais de 102.000 visualiza\u00e7\u00f5es por m\u00eas. Tamb\u00e9m possui mais de 600 v\u00eddeos em seu canal no youtube. Al\u00e9m disso, \u00e9 escritor Best Seller, possuindo v\u00e1rios cursos e livros de sucesso.\",\"sameAs\":[\"http:\/\/adenilsongiovanini.com.br\",\"https:\/\/www.facebook.com\/otopografo\/\",\"https:\/\/www.instagram.com\/adenilson_giovanini\/\",\"https:\/\/www.linkedin.com\/in\/adenilson-giovanini-819b8035\/\",\"https:\/\/br.pinterest.com\/adenilsongiovanini\/\",\"https:\/\/www.youtube.com\/channel\/uce-br7ghiuog2txcsdx5vrw\"]}]}<\/script>\n<!-- \/ Yoast SEO plugin. -->","yoast_head_json":{"title":"Interferometria: O Que \u00c9 e Como Funciona? - Adenilson Giovanini","description":"Descubra o que \u00e9 a interferometria, como que um radar interferom\u00e9trico funciona e, quais as vantagens e aplica\u00e7\u00f5es da interferom\u00e9tria.","robots":{"index":"index","follow":"follow","max-snippet":"max-snippet:-1","max-image-preview":"max-image-preview:large","max-video-preview":"max-video-preview:-1"},"canonical":"https:\/\/adenilsongiovanini.com.br\/blog\/interferometria-o-que-e-e-como-funciona\/","og_locale":"pt_BR","og_type":"article","og_title":"Interferometria: O Que \u00c9 e Como Funciona? - Adenilson Giovanini","og_description":"Descubra o que \u00e9 a interferometria, como que um radar interferom\u00e9trico funciona e, quais as vantagens e aplica\u00e7\u00f5es da interferom\u00e9tria.","og_url":"https:\/\/adenilsongiovanini.com.br\/blog\/interferometria-o-que-e-e-como-funciona\/","og_site_name":"Adenilson Giovanini","article_publisher":"https:\/\/www.facebook.com\/otopografo\/","article_author":"https:\/\/www.facebook.com\/otopografo\/","article_published_time":"2021-11-03T13:54:29+00:00","article_modified_time":"2022-08-19T17:02:11+00:00","og_image":[{"width":248,"height":203,"url":"https:\/\/adenilsongiovanini.com.br\/blog\/wp-content\/uploads\/2021\/11\/interferometria-1.jpg","type":"image\/jpeg"}],"author":"Adenilson Giovanini","twitter_card":"summary_large_image","twitter_misc":{"Escrito por":"Adenilson Giovanini","Est. tempo de leitura":"12 minutos"},"schema":{"@context":"https:\/\/schema.org","@graph":[{"@type":"Article","@id":"https:\/\/adenilsongiovanini.com.br\/blog\/interferometria-o-que-e-e-como-funciona\/#article","isPartOf":{"@id":"https:\/\/adenilsongiovanini.com.br\/blog\/interferometria-o-que-e-e-como-funciona\/"},"author":{"name":"Adenilson Giovanini","@id":"https:\/\/adenilsongiovanini.com.br\/blog\/#\/schema\/person\/9c1daa7da73c116aae2cb0568d1daa23"},"headline":"Interferometria: O Que \u00c9 e Como Funciona?","datePublished":"2021-11-03T13:54:29+00:00","dateModified":"2022-08-19T17:02:11+00:00","mainEntityOfPage":{"@id":"https:\/\/adenilsongiovanini.com.br\/blog\/interferometria-o-que-e-e-como-funciona\/"},"wordCount":1338,"publisher":{"@id":"https:\/\/adenilsongiovanini.com.br\/blog\/#\/schema\/person\/9c1daa7da73c116aae2cb0568d1daa23"},"image":{"@id":"https:\/\/adenilsongiovanini.com.br\/blog\/interferometria-o-que-e-e-como-funciona\/#primaryimage"},"thumbnailUrl":"https:\/\/adenilsongiovanini.com.br\/blog\/wp-content\/uploads\/2021\/11\/interferometria-1.jpg","articleSection":["ArcGIS","Sensoriamento remoto"],"inLanguage":"pt-BR"},{"@type":"WebPage","@id":"https:\/\/adenilsongiovanini.com.br\/blog\/interferometria-o-que-e-e-como-funciona\/","url":"https:\/\/adenilsongiovanini.com.br\/blog\/interferometria-o-que-e-e-como-funciona\/","name":"Interferometria: O Que \u00c9 e Como Funciona? - Adenilson Giovanini","isPartOf":{"@id":"https:\/\/adenilsongiovanini.com.br\/blog\/#website"},"primaryImageOfPage":{"@id":"https:\/\/adenilsongiovanini.com.br\/blog\/interferometria-o-que-e-e-como-funciona\/#primaryimage"},"image":{"@id":"https:\/\/adenilsongiovanini.com.br\/blog\/interferometria-o-que-e-e-como-funciona\/#primaryimage"},"thumbnailUrl":"https:\/\/adenilsongiovanini.com.br\/blog\/wp-content\/uploads\/2021\/11\/interferometria-1.jpg","datePublished":"2021-11-03T13:54:29+00:00","dateModified":"2022-08-19T17:02:11+00:00","description":"Descubra o que \u00e9 a interferometria, como que um radar interferom\u00e9trico funciona e, quais as vantagens e aplica\u00e7\u00f5es da interferom\u00e9tria.","breadcrumb":{"@id":"https:\/\/adenilsongiovanini.com.br\/blog\/interferometria-o-que-e-e-como-funciona\/#breadcrumb"},"inLanguage":"pt-BR","potentialAction":[{"@type":"ReadAction","target":["https:\/\/adenilsongiovanini.com.br\/blog\/interferometria-o-que-e-e-como-funciona\/"]}]},{"@type":"ImageObject","inLanguage":"pt-BR","@id":"https:\/\/adenilsongiovanini.com.br\/blog\/interferometria-o-que-e-e-como-funciona\/#primaryimage","url":"https:\/\/adenilsongiovanini.com.br\/blog\/wp-content\/uploads\/2021\/11\/interferometria-1.jpg","contentUrl":"https:\/\/adenilsongiovanini.com.br\/blog\/wp-content\/uploads\/2021\/11\/interferometria-1.jpg","width":248,"height":203},{"@type":"BreadcrumbList","@id":"https:\/\/adenilsongiovanini.com.br\/blog\/interferometria-o-que-e-e-como-funciona\/#breadcrumb","itemListElement":[{"@type":"ListItem","position":1,"name":"Home","item":"https:\/\/adenilsongiovanini.com.br\/blog\/"},{"@type":"ListItem","position":2,"name":"Interferometria: O Que \u00c9 e Como Funciona?"}]},{"@type":"WebSite","@id":"https:\/\/adenilsongiovanini.com.br\/blog\/#website","url":"https:\/\/adenilsongiovanini.com.br\/blog\/","name":"Adenilson Giovanini","description":"Topografia e Geotecnologias","publisher":{"@id":"https:\/\/adenilsongiovanini.com.br\/blog\/#\/schema\/person\/9c1daa7da73c116aae2cb0568d1daa23"},"potentialAction":[{"@type":"SearchAction","target":{"@type":"EntryPoint","urlTemplate":"https:\/\/adenilsongiovanini.com.br\/blog\/?s={search_term_string}"},"query-input":{"@type":"PropertyValueSpecification","valueRequired":true,"valueName":"search_term_string"}}],"inLanguage":"pt-BR"},{"@type":["Person","Organization"],"@id":"https:\/\/adenilsongiovanini.com.br\/blog\/#\/schema\/person\/9c1daa7da73c116aae2cb0568d1daa23","name":"Adenilson Giovanini","image":{"@type":"ImageObject","inLanguage":"pt-BR","@id":"https:\/\/adenilsongiovanini.com.br\/blog\/#\/schema\/person\/image\/","url":"https:\/\/adenilsongiovanini.com.br\/blog\/wp-content\/litespeed\/avatar\/be8f4de5c0b8a93c57a4f29cbf2f1e92.jpg?ver=1777130135","contentUrl":"https:\/\/adenilsongiovanini.com.br\/blog\/wp-content\/litespeed\/avatar\/be8f4de5c0b8a93c57a4f29cbf2f1e92.jpg?ver=1777130135","caption":"Adenilson Giovanini"},"logo":{"@id":"https:\/\/adenilsongiovanini.com.br\/blog\/#\/schema\/person\/image\/"},"description":"O Professor Adenilson Giovanini \u00e9 especialista em Topografia Cadastral e Georreferenciamento de Im\u00f3veis Rurais. O mesmo possui o Maior Site de Engenharia de Agrimensura do Brasil. Site este que tem mais de 102.000 visualiza\u00e7\u00f5es por m\u00eas. Tamb\u00e9m possui mais de 600 v\u00eddeos em seu canal no youtube. Al\u00e9m disso, \u00e9 escritor Best Seller, possuindo v\u00e1rios cursos e livros de sucesso.","sameAs":["http:\/\/adenilsongiovanini.com.br","https:\/\/www.facebook.com\/otopografo\/","https:\/\/www.instagram.com\/adenilson_giovanini\/","https:\/\/www.linkedin.com\/in\/adenilson-giovanini-819b8035\/","https:\/\/br.pinterest.com\/adenilsongiovanini\/","https:\/\/www.youtube.com\/channel\/uce-br7ghiuog2txcsdx5vrw"]}]}},"amp_enabled":true,"_links":{"self":[{"href":"https:\/\/adenilsongiovanini.com.br\/blog\/wp-json\/wp\/v2\/posts\/26715","targetHints":{"allow":["GET"]}}],"collection":[{"href":"https:\/\/adenilsongiovanini.com.br\/blog\/wp-json\/wp\/v2\/posts"}],"about":[{"href":"https:\/\/adenilsongiovanini.com.br\/blog\/wp-json\/wp\/v2\/types\/post"}],"author":[{"embeddable":true,"href":"https:\/\/adenilsongiovanini.com.br\/blog\/wp-json\/wp\/v2\/users\/1"}],"replies":[{"embeddable":true,"href":"https:\/\/adenilsongiovanini.com.br\/blog\/wp-json\/wp\/v2\/comments?post=26715"}],"version-history":[{"count":0,"href":"https:\/\/adenilsongiovanini.com.br\/blog\/wp-json\/wp\/v2\/posts\/26715\/revisions"}],"wp:featuredmedia":[{"embeddable":true,"href":"https:\/\/adenilsongiovanini.com.br\/blog\/wp-json\/wp\/v2\/media\/26719"}],"wp:attachment":[{"href":"https:\/\/adenilsongiovanini.com.br\/blog\/wp-json\/wp\/v2\/media?parent=26715"}],"wp:term":[{"taxonomy":"category","embeddable":true,"href":"https:\/\/adenilsongiovanini.com.br\/blog\/wp-json\/wp\/v2\/categories?post=26715"},{"taxonomy":"post_tag","embeddable":true,"href":"https:\/\/adenilsongiovanini.com.br\/blog\/wp-json\/wp\/v2\/tags?post=26715"}],"curies":[{"name":"wp","href":"https:\/\/api.w.org\/{rel}","templated":true}]}}