{"id":26360,"date":"2021-10-24T14:48:35","date_gmt":"2021-10-24T14:48:35","guid":{"rendered":"https:\/\/adenilsongiovanini.com.br\/blog\/?p=26360"},"modified":"2022-08-19T11:08:34","modified_gmt":"2022-08-19T11:08:34","slug":"mapa-uso-e-ocupacao-do-solo","status":"publish","type":"post","link":"https:\/\/adenilsongiovanini.com.br\/blog\/mapa-uso-e-ocupacao-do-solo\/","title":{"rendered":"Mapa Uso e Ocupa\u00e7\u00e3o do Solo?"},"content":{"rendered":"<p><span style=\"font-family: arial, helvetica, sans-serif; font-size: 20px; color: #000000;\"><em><strong>Mapa uso e ocupa\u00e7\u00e3o do solo<\/strong><\/em>, voc\u00ea acabou de encontrar um artigo definitivo sobre o tema. <\/span><\/p>\n<p><span style=\"font-family: arial, helvetica, sans-serif; font-size: 20px; color: #000000;\">Com a leitura do mesmo voc\u00ea aprender\u00e1:<\/span><\/p>\n<ul>\n<li><span style=\"font-family: arial, helvetica, sans-serif; font-size: 20px; color: #000000;\">O que \u00e9 um <strong>mapa uso e ocupa\u00e7\u00e3o do solo<\/strong>;<\/span><\/li>\n<li><span style=\"font-family: arial, helvetica, sans-serif; font-size: 20px; color: #000000;\"> Qual a<strong> diferen\u00e7a<\/strong> entre planta e mapa;<\/span><\/li>\n<li><span style=\"font-family: arial, helvetica, sans-serif; font-size: 20px; color: #000000;\">Os diferentes <strong>tipos de mapas<\/strong> de uso do solo existentes e;<\/span><\/li>\n<li><span style=\"font-family: arial, helvetica, sans-serif; font-size: 20px; color: #000000;\">Quais s\u00e3o os <strong>elementos que um mapa precisa ter<\/strong><\/span><span style=\"font-family: arial, helvetica, sans-serif; font-size: 20px; color: #000000;\">.<\/span><\/li>\n<\/ul>\n<p><span style=\"font-family: arial, helvetica, sans-serif; font-size: 20px; color: #000000;\">Prossiga a leitura com m\u00e1xima aten\u00e7\u00e3o.<\/span><\/p>\n<p><span style=\"font-family: arial, helvetica, sans-serif; font-size: 20px; color: #000000;\">No caso, vou ranquear este artigo para o termo mapa uso e ocupa\u00e7\u00e3o do solo. Por causa disso, algumas frases v\u00e3o ficar um pouco esquisitas.<\/span><\/p>\n<p>&nbsp;<\/p>\n<h2 style=\"text-align: center;\"><span style=\"font-size: 24px;\"><strong><span style=\"color: #000000; font-family: arial, helvetica, sans-serif;\">O que \u00e9 um mapa uso e ocupa\u00e7\u00e3o do solo<\/span><\/strong><\/span><\/h2>\n<p><img decoding=\"async\" class=\"aligncenter size-full wp-image-21261\" src=\"https:\/\/adenilsongiovanini.com.br\/blog\/wp-content\/uploads\/2021\/06\/mapa-de-uso-do-solo-1.jpg\" alt=\"mapa uso e ocupa\u00e7\u00e3o do solo\" width=\"638\" height=\"451\" srcset=\"https:\/\/adenilsongiovanini.com.br\/blog\/wp-content\/uploads\/2021\/06\/mapa-de-uso-do-solo-1.jpg 638w, https:\/\/adenilsongiovanini.com.br\/blog\/wp-content\/uploads\/2021\/06\/mapa-de-uso-do-solo-1-300x212.jpg 300w, https:\/\/adenilsongiovanini.com.br\/blog\/wp-content\/uploads\/2021\/06\/mapa-de-uso-do-solo-1-320x226.jpg 320w, https:\/\/adenilsongiovanini.com.br\/blog\/wp-content\/uploads\/2021\/06\/mapa-de-uso-do-solo-1-360x254.jpg 360w\" sizes=\"(max-width: 638px) 100vw, 638px\" \/><\/p>\n<p>&nbsp;<\/p>\n<p><span style=\"font-size: 20px; color: #000000; font-family: arial, helvetica, sans-serif;\">Um<em><strong> mapa uso e ocupa\u00e7\u00e3o do solo <\/strong><\/em>\u00e9 um <span style=\"color: #0000ff;\"><a style=\"color: #0000ff;\" href=\"https:\/\/adenilsongiovanini.com.br\/blog\/mapa-tematico\/\">mapa tem\u00e1tico<\/a><\/span> que possui os elementos oriundos do mapeamento das diferentes ocupa\u00e7\u00f5es e usos que uma determinada regi\u00e3o apresenta. <\/span><\/p>\n<p><span style=\"font-size: 20px; color: #000000; font-family: arial, helvetica, sans-serif;\">Esses mapeamentos podem ser abrangentes ou espec\u00edficos, identificando diferentes tipos, tamanhos e tend\u00eancias ocupacionais.<\/span><\/p>\n<p><span style=\"font-size: 20px; color: #000000; font-family: arial, helvetica, sans-serif;\">Ou seja, um <span style=\"color: #0000ff;\"><a href=\"https:\/\/adenilsongiovanini.com.br\/blog\/mapa-de-uso-do-solo-o-que-e-os-tipos-existentes\/\" style=\"color: #0000ff;\">mapa de uso do solo<\/a><\/span> \u00e9 um dos diferentes tipos de <span style=\"color: #0000ff;\"><a href=\"https:\/\/adenilsongiovanini.com.br\/blog\/mapas-tematicos-tipos-e-exemplos\/\" style=\"color: #0000ff;\">mapas tem\u00e1ticos<\/a><\/span> existentes.<\/span><\/p>\n<p><span style=\"font-size: 20px; color: #000000; font-family: arial, helvetica, sans-serif;\">Tecnicamente falando, dependendo de suas caracter\u00edsticas, o mesmo pode ser classificado como um <span style=\"color: #0000ff;\"><a href=\"https:\/\/adenilsongiovanini.com.br\/blog\/cartas-cartograficas-planta-croqui-e-mapa\/\" style=\"color: #0000ff;\">mapa<\/a><\/span> ou como uma <span style=\"color: #0000ff;\"><a href=\"https:\/\/adenilsongiovanini.com.br\/blog\/planta-de-situacao-o-que-e-e-para-que-serve\/\" style=\"color: #0000ff;\">planta<\/a><\/span>.<\/span><\/p>\n<p><span style=\"font-size: 20px; color: #000000; font-family: arial, helvetica, sans-serif;\">Vamos entender qual a diferen\u00e7a entre estes <span style=\"color: #0000ff;\"><a href=\"https:\/\/adenilsongiovanini.com.br\/blog\/produtos-cartograficos-o-guia-definitivo\/\" style=\"color: #0000ff;\">produtos cartogr\u00e1ficos<\/a><\/span>.<\/span><\/p>\n<p>&nbsp;<\/p>\n<h2 style=\"text-align: center;\"><span style=\"font-size: 24px;\"><strong><span style=\"font-family: arial, helvetica, sans-serif; color: #000000;\">Mapa uso e ocupa\u00e7\u00e3o do solo &#8211; Qual a diferen\u00e7a entre uma planta e mapa<\/span><\/strong><\/span><\/h2>\n<p><img decoding=\"async\" class=\"aligncenter size-large wp-image-25741\" src=\"https:\/\/adenilsongiovanini.com.br\/blog\/wp-content\/uploads\/2021\/10\/planta-topografica-planimetrica-780x472.png\" alt=\"mapa uso e ocupa\u00e7\u00e3o do solo - Qual a diferen\u00e7a entre uma planta e mapa\" width=\"780\" height=\"472\" srcset=\"https:\/\/adenilsongiovanini.com.br\/blog\/wp-content\/uploads\/2021\/10\/planta-topografica-planimetrica-780x472.png 780w, https:\/\/adenilsongiovanini.com.br\/blog\/wp-content\/uploads\/2021\/10\/planta-topografica-planimetrica-300x181.png 300w, https:\/\/adenilsongiovanini.com.br\/blog\/wp-content\/uploads\/2021\/10\/planta-topografica-planimetrica-768x464.png 768w, https:\/\/adenilsongiovanini.com.br\/blog\/wp-content\/uploads\/2021\/10\/planta-topografica-planimetrica-1536x929.png 1536w, https:\/\/adenilsongiovanini.com.br\/blog\/wp-content\/uploads\/2021\/10\/planta-topografica-planimetrica.png 1796w\" sizes=\"(max-width: 780px) 100vw, 780px\" \/><\/p>\n<p><span style=\"font-family: arial, helvetica, sans-serif; font-size: 20px; color: #000000;\">Para entender a <strong>diferen\u00e7a entre planta e mapa<\/strong>, precisaremos consultar a <\/span><span style=\"font-size: 20px; color: #000000; font-family: arial, helvetica, sans-serif;\"><a href=\"http:\/\/www.carto.eng.uerj.br\/cdecart\/download\/NBR13133.pdf\"><span style=\"color: #0000ff;\">NBR 13.133<\/span><\/a>.<\/span><\/p>\n<p><span style=\"font-size: 20px; color: #000000; font-family: arial, helvetica, sans-serif;\">A mesma tr\u00e1s a seguinte defini\u00e7\u00e3o para <strong>planta<\/strong>:<\/span><\/p>\n<blockquote style=\"border: 2px double #009900; background: #f0fff0 none repeat scroll 0% 0%; -moz-background-clip: -moz-initial; -moz-background-origin: -moz-initial; -moz-background-inline-policy: -moz-initial; color: #323232; padding-left: 15px; padding-top: 10px; padding-bottom: 10px;\"><p><span style=\"font-size: 20px; color: #000000; font-family: arial, helvetica, sans-serif;\">Representa\u00e7\u00e3o gr\u00e1fica de uma parte limitada da superf\u00edcie terrestre, sobre um plano horizontal local, em escalas maiores que 1:10000, para fins espec\u00edficos, na qual n\u00e3o se considera a curvatura da Terra.<\/span><\/p><\/blockquote>\n<p style=\"text-align: center;\"><span style=\"font-size: 20px; color: #000000; font-family: arial, helvetica, sans-serif;\">Perceba que de acordo com a NBR 13.133, uma <span style=\"color: #0000ff;\"><a style=\"color: #0000ff;\" href=\"https:\/\/adenilsongiovanini.com.br\/blog\/planta-topografica-aprenda-a-produzir-na-pratica\/\">planta<\/a><\/span> \u00e9 uma representa\u00e7\u00e3o gr\u00e1fica de uma parte limitada da superf\u00edcie. <\/span><span style=\"font-size: 20px; color: #000000; font-family: arial, helvetica, sans-serif;\">Ou seja, possui uma <span style=\"color: #0000ff;\"><a href=\"https:\/\/adenilsongiovanini.com.br\/blog\/escala-de-um-mapa\/\" style=\"color: #0000ff;\">escala grande<\/a><\/span>, servindo, desta maneira, para a representa\u00e7\u00e3o das caracter\u00edsticas de uma \u00e1rea.<\/span><\/p>\n<p style=\"text-align: center;\"><span style=\"font-size: 20px; color: #000000; font-family: arial, helvetica, sans-serif;\">Para entender o que \u00e9 uma <span style=\"color: #0000ff;\"><a style=\"color: #0000ff;\" href=\"https:\/\/adenilsongiovanini.com.br\/blog\/planta-cadastral\/\">planta cadastral<\/a><\/span>, precisaremos entender o conceito de <span style=\"color: #0000ff;\"><a style=\"color: #0000ff;\" href=\"https:\/\/adenilsongiovanini.com.br\/blog\/levantamento-planimetrico-cadastral\/\">levantamento topogr\u00e1fico planim\u00e9trico cadastral<\/a><\/span>. A NBR 13.133 tr\u00e1s o seguinte conceito para o mesmo:<\/span><\/p>\n<blockquote style=\"border: 2px double #009900; background: #f0fff0 none repeat scroll 0% 0%; -moz-background-clip: -moz-initial; -moz-background-origin: -moz-initial; -moz-background-inline-policy: -moz-initial; color: #323232; padding-left: 15px; padding-top: 10px; padding-bottom: 10px;\"><p><span style=\"font-size: 20px; color: #000000; font-family: arial, helvetica, sans-serif;\">Levantamento planim\u00e9trico acrescido da determina\u00e7\u00e3o planim\u00e9trica da posi\u00e7\u00e3o de certos detalhes vis\u00edveis ao n\u00edvel e acima do solo e de interesse \u00e0 sua finalidade, tais como: limites de vegeta\u00e7\u00e3o ou de culturas, cercas internas, edifica\u00e7\u00f5es, benfeitorias, posteamentos, barrancos, \u00e1rvores isoladas, valos, valas, drenagem natural e artificial, etc. Estes detalhes devem ser discriminados e relacionados nos editais de licita\u00e7\u00e3o, propostas e instrumentos legais entre as partes interessadas na sua execu\u00e7\u00e3o.<\/span><\/p><\/blockquote>\n<p style=\"text-align: center;\"><span style=\"font-size: 20px; color: #000000; font-family: arial, helvetica, sans-serif;\">Ou seja, uma planta \u00e9 cadastral, quando al\u00e9m dos elementos planialtim\u00e9tricos, possui a representa\u00e7\u00e3o das estruturas naturais e\/ou artificiais.<\/span><\/p>\n<p style=\"text-align: center;\"><span style=\"font-family: arial, helvetica, sans-serif; font-size: 20px; color: #000000;\">Como <strong>exemplos de estruturas artificiais<\/strong> temos:<\/span><\/p>\n<ul>\n<li><span style=\"font-family: arial, helvetica, sans-serif; font-size: 20px; color: #000000;\">Cercas;<\/span><\/li>\n<li><span style=\"font-family: arial, helvetica, sans-serif; font-size: 20px; color: #000000;\">Edifica\u00e7\u00f5es;<\/span><\/li>\n<li><span style=\"font-family: arial, helvetica, sans-serif; font-size: 20px; color: #000000;\">Pr\u00e9dios<\/span><\/li>\n<li><span style=\"font-family: arial, helvetica, sans-serif; font-size: 20px; color: #000000;\">Postes;<\/span><\/li>\n<li><span style=\"font-family: arial, helvetica, sans-serif; font-size: 20px; color: #000000;\">Valos;<\/span><\/li>\n<li><span style=\"font-family: arial, helvetica, sans-serif; font-size: 20px; color: #000000;\">Boca de lobo;<\/span><\/li>\n<li><span style=\"font-family: arial, helvetica, sans-serif; font-size: 20px; color: #000000;\">Muros;<\/span><\/li>\n<li><span style=\"font-family: arial, helvetica, sans-serif; font-size: 20px; color: #000000;\">Estradas;<\/span><\/li>\n<li><span style=\"font-family: arial, helvetica, sans-serif; font-size: 20px; color: #000000;\">Cal\u00e7amento e;<\/span><\/li>\n<li><span style=\"font-family: arial, helvetica, sans-serif; font-size: 20px; color: #000000;\">Meio-fio.<\/span><\/li>\n<\/ul>\n<p><span style=\"font-family: arial, helvetica, sans-serif; font-size: 20px; color: #000000;\">J\u00e1 como <strong>exemplos de estruturas naturais<\/strong> temos:<\/span><\/p>\n<ul>\n<li><span style=\"font-family: arial, helvetica, sans-serif; font-size: 20px; color: #000000;\">C\u00f3rregos;<\/span><\/li>\n<li><span style=\"font-family: arial, helvetica, sans-serif; font-size: 20px; color: #000000;\">\u00c1rvores;<\/span><\/li>\n<li><span style=\"font-family: arial, helvetica, sans-serif; font-size: 20px; color: #000000;\">Morros;<\/span><\/li>\n<li><span style=\"font-family: arial, helvetica, sans-serif; font-size: 20px; color: #000000;\">Vegeta\u00e7\u00e3o nativa e;<\/span><\/li>\n<li><span style=\"font-family: arial, helvetica, sans-serif; font-size: 20px; color: #000000;\">Afloramentos rochosos.<\/span><\/li>\n<\/ul>\n<p style=\"text-align: center;\"><span style=\"font-size: 20px; color: #000000; font-family: arial, helvetica, sans-serif;\">Olhe para a <span style=\"color: #0000ff;\"><a href=\"https:\/\/adenilsongiovanini.com.br\/blog\/planta-de-situacao-e-implantacao\/\" style=\"color: #0000ff;\">planta<\/a><\/span> abaixo. <\/span><\/p>\n<p><img decoding=\"async\" class=\"aligncenter wp-image-16362 size-large\" src=\"https:\/\/adenilsongiovanini.com.br\/blog\/wp-content\/uploads\/2020\/03\/Planta-para-retifica\u00e7\u00e3o-de-\u00e1rea-5-1024x617.png\" alt=\"planta de \u00e1rea\" width=\"780\" height=\"470\" srcset=\"https:\/\/adenilsongiovanini.com.br\/blog\/wp-content\/uploads\/2020\/03\/Planta-para-retifica\u00e7\u00e3o-de-\u00e1rea-5-1024x617.png 1024w, https:\/\/adenilsongiovanini.com.br\/blog\/wp-content\/uploads\/2020\/03\/Planta-para-retifica\u00e7\u00e3o-de-\u00e1rea-5-300x181.png 300w, https:\/\/adenilsongiovanini.com.br\/blog\/wp-content\/uploads\/2020\/03\/Planta-para-retifica\u00e7\u00e3o-de-\u00e1rea-5-768x463.png 768w, https:\/\/adenilsongiovanini.com.br\/blog\/wp-content\/uploads\/2020\/03\/Planta-para-retifica\u00e7\u00e3o-de-\u00e1rea-5.png 1652w\" sizes=\"(max-width: 780px) 100vw, 780px\" \/><\/p>\n<p style=\"text-align: center;\"><span style=\"font-size: 20px; color: #000000; font-family: arial, helvetica, sans-serif;\">A mesma \u00e9 uma planta oriunda de um <span style=\"color: #0000ff;\"><a style=\"color: #0000ff;\" href=\"https:\/\/adenilsongiovanini.com.br\/blog\/levantamento-topografico-planimetrico\/\">levantamento topogr\u00e1fico planim\u00e9trico<\/a><\/span>. Ou seja, uma <span style=\"color: #0000ff;\"><a style=\"color: #0000ff;\" href=\"https:\/\/adenilsongiovanini.com.br\/blog\/planta-planimetrica-o-que-e-e-como-produzir\/\">planta planim\u00e9trica<\/a><\/span>.<\/span><\/p>\n<p style=\"text-align: center;\"><span style=\"font-size: 20px; color: #000000; font-family: arial, helvetica, sans-serif;\">Agora olhe para esta outra planta.<\/span><\/p>\n<p>&nbsp;<\/p>\n<p><img decoding=\"async\" class=\"aligncenter wp-image-19496\" src=\"https:\/\/adenilsongiovanini.com.br\/blog\/wp-content\/uploads\/2021\/04\/planta-de-um-levantamento-plainmetrico-cadastral.jpg\" alt=\"planta planim\u00e9trica\" width=\"760\" height=\"507\" srcset=\"https:\/\/adenilsongiovanini.com.br\/blog\/wp-content\/uploads\/2021\/04\/planta-de-um-levantamento-plainmetrico-cadastral.jpg 768w, https:\/\/adenilsongiovanini.com.br\/blog\/wp-content\/uploads\/2021\/04\/planta-de-um-levantamento-plainmetrico-cadastral-300x200.jpg 300w, https:\/\/adenilsongiovanini.com.br\/blog\/wp-content\/uploads\/2021\/04\/planta-de-um-levantamento-plainmetrico-cadastral-320x213.jpg 320w, https:\/\/adenilsongiovanini.com.br\/blog\/wp-content\/uploads\/2021\/04\/planta-de-um-levantamento-plainmetrico-cadastral-640x427.jpg 640w, https:\/\/adenilsongiovanini.com.br\/blog\/wp-content\/uploads\/2021\/04\/planta-de-um-levantamento-plainmetrico-cadastral-360x240.jpg 360w, https:\/\/adenilsongiovanini.com.br\/blog\/wp-content\/uploads\/2021\/04\/planta-de-um-levantamento-plainmetrico-cadastral-720x480.jpg 720w\" sizes=\"(max-width: 760px) 100vw, 760px\" \/><\/p>\n<p>&nbsp;<\/p>\n<p style=\"text-align: center;\"><span style=\"font-size: 20px; color: #000000; font-family: arial, helvetica, sans-serif;\">No caso, esta \u00e9 uma <span style=\"color: #0000ff;\"><a style=\"color: #0000ff;\" href=\"https:\/\/adenilsongiovanini.com.br\/blog\/planta-planialtimetrica-o-que-e-e-exemplos\/\">planta planialtim\u00e9trica cadastral<\/a><\/span>. Isso porque al\u00e9m dos elementos planim\u00e9tricos, a mesma possui as <span style=\"color: #0000ff;\"><a style=\"color: #0000ff;\" href=\"https:\/\/adenilsongiovanini.com.br\/blog\/curvas-de-niveis\/\">curvas de n\u00edveis<\/a><\/span>, que s\u00e3o elementos altim\u00e9tricos.<\/span><\/p>\n<p style=\"text-align: center;\"><span style=\"font-size: 20px; color: #000000; font-family: arial, helvetica, sans-serif;\">Tamb\u00e9m possui a representa\u00e7\u00e3o de elementos naturais e artificiais de interesse, o que caracteriza a mesma como uma planta planialtim\u00e9trica cadastral.<\/span><\/p>\n<p style=\"text-align: center;\"><span style=\"font-size: 20px; color: #000000; font-family: arial, helvetica, sans-serif;\">J\u00e1 para <strong>mapa<\/strong>, a NBR 13.133 tr\u00e1s a seguinte defini\u00e7\u00e3o:<\/span><\/p>\n<blockquote style=\"border: 2px double #009900; background: #f0fff0 none repeat scroll 0% 0%; -moz-background-clip: -moz-initial; -moz-background-origin: -moz-initial; -moz-background-inline-policy: -moz-initial; color: #323232; padding-left: 15px; padding-top: 10px; padding-bottom: 10px;\"><p><span style=\"font-size: 20px; color: #000000; font-family: arial, helvetica, sans-serif;\">Representa\u00e7\u00e3o gr\u00e1fica sobre uma superf\u00edcie plana, dos detalhes f\u00edsicos, naturais e artificiais, de parte ou de toda a superf\u00edcie terrestre &#8211; mediante s\u00edmbolos ou conven\u00e7\u00f5es e meios de orienta\u00e7\u00e3o indicados, que permitem a avalia\u00e7\u00e3o das dist\u00e2ncias, a orienta\u00e7\u00e3o das dire\u00e7\u00f5es e a <span style=\"color: #0000ff;\"><a href=\"https:\/\/adenilsongiovanini.com.br\/blog\/inteligencia-geografica-aplicacoes-e-beneficios\/\" style=\"color: #0000ff;\">localiza\u00e7\u00e3o geogr\u00e1fica<\/a><\/span> de pontos, \u00e1reas e detalhes -, podendo ser subdividida em folhas, de forma sistem\u00e1tica, obedecido um plano nacional ou internacional.<\/span><\/p><\/blockquote>\n<p style=\"text-align: center;\"><span style=\"font-size: 20px; color: #000000; font-family: arial, helvetica, sans-serif;\">Perceba que diferentemente de plantas, mapas possuem <span style=\"color: #0000ff;\"><a style=\"color: #0000ff;\" href=\"https:\/\/adenilsongiovanini.com.br\/blog\/escala-grafica\/\">escalas pequenas<\/a><\/span>. <\/span><span style=\"font-size: 20px; color: #000000; font-family: arial, helvetica, sans-serif;\">Ou seja, <strong>servem para representar \u00e1reas maiores<\/strong> da superf\u00edcie terrestre.<\/span><\/p>\n<p style=\"text-align: center;\"><span style=\"font-size: 20px; color: #000000; font-family: arial, helvetica, sans-serif;\">Olhe para o mapa abaixo.<\/span><\/p>\n<p><img decoding=\"async\" class=\"aligncenter size-full wp-image-20614\" src=\"https:\/\/adenilsongiovanini.com.br\/blog\/wp-content\/uploads\/2021\/06\/Carta-planialtimetrica.png\" alt=\"mapa uso e ocupa\u00e7\u00e3o do solo - exemplo de mapa\" width=\"551\" height=\"392\" srcset=\"https:\/\/adenilsongiovanini.com.br\/blog\/wp-content\/uploads\/2021\/06\/Carta-planialtimetrica.png 551w, https:\/\/adenilsongiovanini.com.br\/blog\/wp-content\/uploads\/2021\/06\/Carta-planialtimetrica-300x213.png 300w, https:\/\/adenilsongiovanini.com.br\/blog\/wp-content\/uploads\/2021\/06\/Carta-planialtimetrica-320x228.png 320w, https:\/\/adenilsongiovanini.com.br\/blog\/wp-content\/uploads\/2021\/06\/Carta-planialtimetrica-360x256.png 360w\" sizes=\"(max-width: 551px) 100vw, 551px\" \/><\/p>\n<p style=\"text-align: center;\"><span style=\"font-family: arial, helvetica, sans-serif;\">Fonte da imagem: <span style=\"color: #000000;\"><a style=\"color: #000000;\" href=\"https:\/\/droneng.com.br\/\" rel=\"nofollow noreferrer\">https:\/\/droneng.com.br\/<\/a><\/span><\/span><\/p>\n<p style=\"text-align: center;\"><span style=\"font-size: 20px; color: #000000; font-family: arial, helvetica, sans-serif;\">Perceba que a \u00e1rea mapeada \u00e9 maior, <strong>existindo generaliza\u00e7\u00e3o dos dados<\/strong>.<\/span><\/p>\n<p style=\"text-align: left;\"><span style=\"font-size: 20px; color: #000000; font-family: arial, helvetica, sans-serif;\">Ou seja, plantas s\u00e3o utilizadas para a representa\u00e7\u00e3o de \u00e1reas pequenas, possuindo uma escala maior do que 1:10.000. Isso possibilita que os diferentes elementos naturais e artificiais sejam representados nas mesmas.<\/span><\/p>\n<p style=\"text-align: left;\"><span style=\"font-size: 20px; color: #000000; font-family: arial, helvetica, sans-serif;\">Como exemplos de escalas utilizadas em plantas temos:<\/span><\/p>\n<ul>\n<li style=\"text-align: left;\"><span style=\"font-size: 20px; color: #000000; font-family: arial, helvetica, sans-serif;\">1:500;<\/span><\/li>\n<li style=\"text-align: left;\"><span style=\"font-size: 20px; color: #000000; font-family: arial, helvetica, sans-serif;\">1:1.000;<\/span><\/li>\n<li style=\"text-align: left;\"><span style=\"font-size: 20px; color: #000000; font-family: arial, helvetica, sans-serif;\">1: 2.500;<\/span><\/li>\n<li style=\"text-align: left;\"><span style=\"font-size: 20px; color: #000000; font-family: arial, helvetica, sans-serif;\">1:5.000;<\/span><\/li>\n<li style=\"text-align: left;\"><span style=\"font-size: 20px; color: #000000; font-family: arial, helvetica, sans-serif;\">1:10.000. <\/span><\/li>\n<\/ul>\n<p>&nbsp;<\/p>\n<p style=\"text-align: center;\"><span style=\"font-size: 20px; color: #000000; font-family: arial, helvetica, sans-serif;\">Uma <strong>planta<\/strong> pode representar graficamente todas as caracter\u00edsticas de uma \u00e1rea, incluindo:<\/span><\/p>\n<ul>\n<li style=\"text-align: left;\"><span style=\"font-size: 20px; color: #000000; font-family: arial, helvetica, sans-serif;\">O <span style=\"color: #0000ff;\"><a style=\"color: #0000ff;\" href=\"https:\/\/www.educamaisbrasil.com.br\/enem\/geografia\/relevo#:~:text=Relevo%20%C3%A9%20o%20modelo%20de,)%20e%20externos%20(ex%C3%B3genos).\">relevo<\/a><\/span>;<\/span><\/li>\n<li style=\"text-align: left;\"><span style=\"font-size: 20px; color: #000000; font-family: arial, helvetica, sans-serif;\"><span style=\"color: #0000ff;\"><a style=\"color: #0000ff;\" href=\"https:\/\/adenilsongiovanini.com.br\/blog\/curvas-de-nivel\/\">Curvas de n\u00edvel<\/a><\/span>;<\/span><\/li>\n<li style=\"text-align: left;\"><span style=\"font-size: 20px; color: #000000; font-family: arial, helvetica, sans-serif;\"><span style=\"color: #0000ff;\"><a href=\"https:\/\/adenilsongiovanini.com.br\/blog\/perfil-topografico\/\" style=\"color: #0000ff;\">Perfis longitudinais<\/a><\/span>;<\/span><\/li>\n<li style=\"text-align: left;\"><span style=\"font-size: 20px; color: #000000; font-family: arial, helvetica, sans-serif;\">Se\u00e7\u00f5es transversais;<\/span><\/li>\n<li style=\"text-align: left;\"><span style=\"font-size: 20px; color: #000000; font-family: arial, helvetica, sans-serif;\"><span style=\"color: #0000ff;\"><a href=\"https:\/\/adenilsongiovanini.com.br\/blog\/cota-topografia-o-que-e-e-quando-utilizar\/\" style=\"color: #0000ff;\">Pontos cotados<\/a><\/span>;<\/span><\/li>\n<li style=\"text-align: left;\"><span style=\"font-size: 20px; color: #000000; font-family: arial, helvetica, sans-serif;\"><span style=\"color: #0000ff;\"><a style=\"color: #0000ff;\" href=\"https:\/\/www.infoescola.com\/geografia\/acidentes-geograficos\/#:~:text=Acidentes%20geogr%C3%A1ficos%20s%C3%A3o%20varia%C3%A7%C3%B5es%20no,%2C%20cidades%2C%20pontes%2C%20etc.\">Acidentes geogr\u00e1ficos<\/a><\/span>;<\/span><\/li>\n<li style=\"text-align: left;\"><span style=\"font-size: 20px; color: #000000; font-family: arial, helvetica, sans-serif;\">etc.<\/span><\/li>\n<\/ul>\n<p style=\"text-align: left;\"><span style=\"font-size: 20px; color: #000000; font-family: arial, helvetica, sans-serif;\">Os <strong>mapas<\/strong>, por outro lado, ao utilizarem escalas pequenas, generalizam os dados, n\u00e3o podendo ser utilizados para representa\u00e7\u00f5es cadastrais. o mesmos <\/span><span style=\"font-size: 20px; color: #000000; font-family: arial, helvetica, sans-serif;\">s\u00e3o utilizados para a representa\u00e7\u00e3o de \u00e1reas maiores. <\/span><span style=\"font-size: 20px; color: #000000; font-family: arial, helvetica, sans-serif;\">Por exemplo:<\/span><\/p>\n<ul>\n<li style=\"text-align: left;\"><span style=\"font-size: 20px; color: #000000; font-family: arial, helvetica, sans-serif;\">Microbacia;<\/span><\/li>\n<li style=\"text-align: left;\"><span style=\"font-size: 20px; color: #000000; font-family: arial, helvetica, sans-serif;\">Munic\u00edpio;<\/span><\/li>\n<li style=\"text-align: left;\"><span style=\"font-size: 20px; color: #000000; font-family: arial, helvetica, sans-serif;\">Regi\u00f5es;<\/span><\/li>\n<li style=\"text-align: left;\"><span style=\"font-size: 20px; color: #000000; font-family: arial, helvetica, sans-serif;\">Estados e;<\/span><\/li>\n<li style=\"text-align: left;\"><span style=\"font-size: 20px; color: #000000; font-family: arial, helvetica, sans-serif;\">Pa\u00edses.<\/span><\/li>\n<\/ul>\n<p style=\"text-align: center;\"><span style=\"font-size: 20px; color: #000000; font-family: arial, helvetica, sans-serif;\">S\u00e3o exemplos de <strong>escalas utilizadas em mapas<\/strong>:<\/span><\/p>\n<ul>\n<li style=\"text-align: left;\"><span style=\"font-size: 20px; color: #000000; font-family: arial, helvetica, sans-serif;\">1:25.000;<\/span><\/li>\n<li style=\"text-align: left;\"><span style=\"font-size: 20px; color: #000000; font-family: arial, helvetica, sans-serif;\">1: 50.000; <\/span><\/li>\n<li style=\"text-align: left;\"><span style=\"font-size: 20px; color: #000000; font-family: arial, helvetica, sans-serif;\">1: 100.000;<\/span><\/li>\n<li style=\"text-align: left;\"><span style=\"font-size: 20px; color: #000000; font-family: arial, helvetica, sans-serif;\">1:250.000;<\/span><\/li>\n<li style=\"text-align: left;\"><span style=\"font-size: 20px; color: #000000; font-family: arial, helvetica, sans-serif;\">1:500.000 e;<\/span><\/li>\n<li style=\"text-align: left;\"><span style=\"font-size: 20px; color: #000000; font-family: arial, helvetica, sans-serif;\">1:1.000.000.<\/span><\/li>\n<\/ul>\n<p>&nbsp;<\/p>\n<h2 style=\"text-align: center;\"><strong><span style=\"font-size: 24px;\"><span style=\"font-family: arial, helvetica, sans-serif; color: #000000;\">Os diferentes tipos de mapa uso e ocupa\u00e7\u00e3o do solo existentes<\/span><\/span><\/strong><\/h2>\n<p><span style=\"font-size: 20px; color: #000000; font-family: arial, helvetica, sans-serif;\">Um <strong>mapa uso e ocupa\u00e7\u00e3o do solo<\/strong> pode ser utilizado para a representa\u00e7\u00e3o de \u00e1reas grandes, ou de \u00e1reas pequenas.<\/span><\/p>\n<p><span style=\"color: #000000; font-family: arial, helvetica, sans-serif; font-size: 20px;\">Ou seja, podem ser plantas ou mapas. Isso porque o que classifica este <span style=\"color: #0000ff;\"><a href=\"https:\/\/adenilsongiovanini.com.br\/blog\/produtos-cartograficos-o-guia-definitivo\/\" style=\"color: #0000ff;\">produtos cartogr\u00e1fico<\/a><\/span> n\u00e3o \u00e9 a <span style=\"color: #0000ff;\"><a href=\"https:\/\/adenilsongiovanini.com.br\/blog\/formula-da-escala\/\" style=\"color: #0000ff;\">escala<\/a><\/span> e sim, o conte\u00fado do mesmo, que no caso s\u00e3o os usos do solo da \u00e1rea de interesse.<\/span><\/p>\n<p><span style=\"font-size: 20px; color: #000000; font-family: arial, helvetica, sans-serif;\">Olhe para o mapa abaixo:<\/span><\/p>\n<p><img decoding=\"async\" class=\"aligncenter wp-image-21258\" src=\"https:\/\/adenilsongiovanini.com.br\/blog\/wp-content\/uploads\/2021\/06\/Mapa-de-Uso-do-Solo.jpg\" alt=\"mapa uso e ocupa\u00e7\u00e3o do solo municipal\" width=\"780\" height=\"651\" srcset=\"https:\/\/adenilsongiovanini.com.br\/blog\/wp-content\/uploads\/2021\/06\/Mapa-de-Uso-do-Solo.jpg 1024w, https:\/\/adenilsongiovanini.com.br\/blog\/wp-content\/uploads\/2021\/06\/Mapa-de-Uso-do-Solo-300x250.jpg 300w, https:\/\/adenilsongiovanini.com.br\/blog\/wp-content\/uploads\/2021\/06\/Mapa-de-Uso-do-Solo-768x641.jpg 768w, https:\/\/adenilsongiovanini.com.br\/blog\/wp-content\/uploads\/2021\/06\/Mapa-de-Uso-do-Solo-320x267.jpg 320w, https:\/\/adenilsongiovanini.com.br\/blog\/wp-content\/uploads\/2021\/06\/Mapa-de-Uso-do-Solo-640x534.jpg 640w, https:\/\/adenilsongiovanini.com.br\/blog\/wp-content\/uploads\/2021\/06\/Mapa-de-Uso-do-Solo-360x300.jpg 360w, https:\/\/adenilsongiovanini.com.br\/blog\/wp-content\/uploads\/2021\/06\/Mapa-de-Uso-do-Solo-720x600.jpg 720w, https:\/\/adenilsongiovanini.com.br\/blog\/wp-content\/uploads\/2021\/06\/Mapa-de-Uso-do-Solo-800x667.jpg 800w\" sizes=\"(max-width: 780px) 100vw, 780px\" \/><\/p>\n<p style=\"text-align: center;\"><span style=\"font-size: 16px; font-family: arial, helvetica, sans-serif;\"><span style=\"color: #000000;\">Fonte:<\/span> <span style=\"color: #0000ff;\"><a style=\"color: #0000ff;\" href=\"https:\/\/www.itaborai.rj.gov.br\/o-plano-diretor\/\">https:\/\/www.itaborai.rj.gov.br\/o-plano-diretor\/<\/a><\/span><\/span><\/p>\n<p>&nbsp;<\/p>\n<p><span style=\"font-size: 20px; color: #000000; font-family: arial, helvetica, sans-serif;\">Agora olhe para este outro mapa de uso e ocupa\u00e7\u00e3o do solo:<\/span><\/p>\n<p><img decoding=\"async\" class=\"aligncenter wp-image-21262 size-large\" src=\"https:\/\/adenilsongiovanini.com.br\/blog\/wp-content\/uploads\/2021\/06\/mapa-de-uso-do-solo-para-licenciamento-ambiental-1024x725.png\" alt=\"mapa uso e ocupa\u00e7\u00e3o do solopara licenciamento ambiental\" width=\"780\" height=\"552\" srcset=\"https:\/\/adenilsongiovanini.com.br\/blog\/wp-content\/uploads\/2021\/06\/mapa-de-uso-do-solo-para-licenciamento-ambiental-1024x725.png 1024w, https:\/\/adenilsongiovanini.com.br\/blog\/wp-content\/uploads\/2021\/06\/mapa-de-uso-do-solo-para-licenciamento-ambiental-300x212.png 300w, https:\/\/adenilsongiovanini.com.br\/blog\/wp-content\/uploads\/2021\/06\/mapa-de-uso-do-solo-para-licenciamento-ambiental-768x544.png 768w, https:\/\/adenilsongiovanini.com.br\/blog\/wp-content\/uploads\/2021\/06\/mapa-de-uso-do-solo-para-licenciamento-ambiental-1536x1087.png 1536w, https:\/\/adenilsongiovanini.com.br\/blog\/wp-content\/uploads\/2021\/06\/mapa-de-uso-do-solo-para-licenciamento-ambiental-2048x1449.png 2048w, https:\/\/adenilsongiovanini.com.br\/blog\/wp-content\/uploads\/2021\/06\/mapa-de-uso-do-solo-para-licenciamento-ambiental-320x226.png 320w, https:\/\/adenilsongiovanini.com.br\/blog\/wp-content\/uploads\/2021\/06\/mapa-de-uso-do-solo-para-licenciamento-ambiental-640x453.png 640w, https:\/\/adenilsongiovanini.com.br\/blog\/wp-content\/uploads\/2021\/06\/mapa-de-uso-do-solo-para-licenciamento-ambiental-360x255.png 360w, https:\/\/adenilsongiovanini.com.br\/blog\/wp-content\/uploads\/2021\/06\/mapa-de-uso-do-solo-para-licenciamento-ambiental-720x510.png 720w, https:\/\/adenilsongiovanini.com.br\/blog\/wp-content\/uploads\/2021\/06\/mapa-de-uso-do-solo-para-licenciamento-ambiental-1080x764.png 1080w, https:\/\/adenilsongiovanini.com.br\/blog\/wp-content\/uploads\/2021\/06\/mapa-de-uso-do-solo-para-licenciamento-ambiental-800x566.png 800w, https:\/\/adenilsongiovanini.com.br\/blog\/wp-content\/uploads\/2021\/06\/mapa-de-uso-do-solo-para-licenciamento-ambiental-1280x906.png 1280w\" sizes=\"(max-width: 780px) 100vw, 780px\" \/><\/p>\n<p><span style=\"font-size: 20px; color: #000000; font-family: arial, helvetica, sans-serif;\">Perceba que enquanto o primeiro mapa faz a representa\u00e7\u00e3o dos usos do solo de um munic\u00edpio, o segundo representa os usos do solo de um im\u00f3vel rural.<\/span><\/p>\n<p><span style=\"font-size: 20px; color: #000000; font-family: arial, helvetica, sans-serif;\">Isso porque, como disse, o que caracteriza um mapa de uso do solo s\u00e3o os dados contidos no mesmo.<\/span><\/p>\n<p><span style=\"font-size: 20px; color: #000000; font-family: arial, helvetica, sans-serif;\">Vamos ver alguns exemplos de mapas de uso do solo.<\/span><\/p>\n<p>&nbsp;<\/p>\n<h2 style=\"text-align: center;\"><span style=\"font-size: 24px;\"><strong><span style=\"color: #000000; font-family: arial, helvetica, sans-serif;\">Exemplos de mapas de uso e ocupa\u00e7\u00e3o do solo<\/span><\/strong><\/span><\/h2>\n<p><span style=\"font-size: 20px; color: #000000; font-family: arial, helvetica, sans-serif;\">Como exemplos de<strong> mapa de uso e ocupa\u00e7\u00e3o do solo<\/strong> temos mapas com o uso do solo de uma microbacia.<\/span><\/p>\n<p><img decoding=\"async\" class=\"aligncenter wp-image-21263\" src=\"https:\/\/adenilsongiovanini.com.br\/blog\/wp-content\/uploads\/2021\/06\/mapa-de-uso-do-solo-de-uma-microbacia.png\" alt=\"uso do solo microbacia\" width=\"780\" height=\"563\" srcset=\"https:\/\/adenilsongiovanini.com.br\/blog\/wp-content\/uploads\/2021\/06\/mapa-de-uso-do-solo-de-uma-microbacia.png 850w, https:\/\/adenilsongiovanini.com.br\/blog\/wp-content\/uploads\/2021\/06\/mapa-de-uso-do-solo-de-uma-microbacia-300x216.png 300w, https:\/\/adenilsongiovanini.com.br\/blog\/wp-content\/uploads\/2021\/06\/mapa-de-uso-do-solo-de-uma-microbacia-768x554.png 768w, https:\/\/adenilsongiovanini.com.br\/blog\/wp-content\/uploads\/2021\/06\/mapa-de-uso-do-solo-de-uma-microbacia-320x231.png 320w, https:\/\/adenilsongiovanini.com.br\/blog\/wp-content\/uploads\/2021\/06\/mapa-de-uso-do-solo-de-uma-microbacia-640x462.png 640w, https:\/\/adenilsongiovanini.com.br\/blog\/wp-content\/uploads\/2021\/06\/mapa-de-uso-do-solo-de-uma-microbacia-360x260.png 360w, https:\/\/adenilsongiovanini.com.br\/blog\/wp-content\/uploads\/2021\/06\/mapa-de-uso-do-solo-de-uma-microbacia-720x519.png 720w, https:\/\/adenilsongiovanini.com.br\/blog\/wp-content\/uploads\/2021\/06\/mapa-de-uso-do-solo-de-uma-microbacia-800x577.png 800w\" sizes=\"(max-width: 780px) 100vw, 780px\" \/><\/p>\n<p><span style=\"font-size: 20px; color: #000000; font-family: arial, helvetica, sans-serif;\">Este tipo de mapa de uso do solo normalmente \u00e9 produzido a partir de imagens de sat\u00e9lite, as quais passam pelo processo de <span style=\"color: #0000ff;\"><a href=\"https:\/\/adenilsongiovanini.com.br\/blog\/maxima-verossimilhanca-etapas-e-produtos\/\" style=\"color: #0000ff;\">classifica\u00e7\u00e3o supervisionada<\/a><\/span>.<\/span><\/p>\n<p><span style=\"font-size: 20px; color: #000000; font-family: arial, helvetica, sans-serif;\">Um outro tipo de mapa de uso do solo bem comum s\u00e3o os mapas que utilizam imagens de sat\u00e9lite para acompanhar a mudan\u00e7a do uso do solo ao longo do tempo.<\/span><\/p>\n<p><img decoding=\"async\" class=\"aligncenter wp-image-21264\" src=\"https:\/\/adenilsongiovanini.com.br\/blog\/wp-content\/uploads\/2021\/06\/Mapa-de-uso-e-ocupacao-do-solo-na-microbacia-que-o-PNMCBio-esta-inserido.png\" alt=\"mapa de uso e ocupa\u00e7\u00e3o do solo microbacia\" width=\"780\" height=\"546\" srcset=\"https:\/\/adenilsongiovanini.com.br\/blog\/wp-content\/uploads\/2021\/06\/Mapa-de-uso-e-ocupacao-do-solo-na-microbacia-que-o-PNMCBio-esta-inserido.png 843w, https:\/\/adenilsongiovanini.com.br\/blog\/wp-content\/uploads\/2021\/06\/Mapa-de-uso-e-ocupacao-do-solo-na-microbacia-que-o-PNMCBio-esta-inserido-300x210.png 300w, https:\/\/adenilsongiovanini.com.br\/blog\/wp-content\/uploads\/2021\/06\/Mapa-de-uso-e-ocupacao-do-solo-na-microbacia-que-o-PNMCBio-esta-inserido-768x538.png 768w, https:\/\/adenilsongiovanini.com.br\/blog\/wp-content\/uploads\/2021\/06\/Mapa-de-uso-e-ocupacao-do-solo-na-microbacia-que-o-PNMCBio-esta-inserido-320x224.png 320w, https:\/\/adenilsongiovanini.com.br\/blog\/wp-content\/uploads\/2021\/06\/Mapa-de-uso-e-ocupacao-do-solo-na-microbacia-que-o-PNMCBio-esta-inserido-640x448.png 640w, https:\/\/adenilsongiovanini.com.br\/blog\/wp-content\/uploads\/2021\/06\/Mapa-de-uso-e-ocupacao-do-solo-na-microbacia-que-o-PNMCBio-esta-inserido-360x252.png 360w, https:\/\/adenilsongiovanini.com.br\/blog\/wp-content\/uploads\/2021\/06\/Mapa-de-uso-e-ocupacao-do-solo-na-microbacia-que-o-PNMCBio-esta-inserido-720x504.png 720w, https:\/\/adenilsongiovanini.com.br\/blog\/wp-content\/uploads\/2021\/06\/Mapa-de-uso-e-ocupacao-do-solo-na-microbacia-que-o-PNMCBio-esta-inserido-800x560.png 800w\" sizes=\"(max-width: 780px) 100vw, 780px\" \/><\/p>\n<p>&nbsp;<\/p>\n<p><span style=\"font-size: 20px; color: #000000; font-family: arial, helvetica, sans-serif;\">Tamb\u00e9m temos os mapas de uso e ocupa\u00e7\u00e3o do solo urbano, os quais utilizam t\u00e9cnicas de <span style=\"color: #0000ff;\"><a style=\"color: #0000ff;\" href=\"https:\/\/adenilsongiovanini.com.br\/blog\/sensoriamento-remoto\/\">sensoriamento remoto<\/a><\/span> para obter os resultados mais variados poss\u00edveis.<\/span><\/p>\n<p>&nbsp;<\/p>\n<p><img decoding=\"async\" class=\"aligncenter wp-image-21265\" src=\"https:\/\/adenilsongiovanini.com.br\/blog\/wp-content\/uploads\/2021\/06\/mapa-com-o-uso-do-solo-urbano.jpg\" alt=\"mapa uso e ocupa\u00e7\u00e3o do solo urbano\" width=\"780\" height=\"551\" srcset=\"https:\/\/adenilsongiovanini.com.br\/blog\/wp-content\/uploads\/2021\/06\/mapa-com-o-uso-do-solo-urbano.jpg 1024w, https:\/\/adenilsongiovanini.com.br\/blog\/wp-content\/uploads\/2021\/06\/mapa-com-o-uso-do-solo-urbano-300x212.jpg 300w, https:\/\/adenilsongiovanini.com.br\/blog\/wp-content\/uploads\/2021\/06\/mapa-com-o-uso-do-solo-urbano-768x543.jpg 768w, https:\/\/adenilsongiovanini.com.br\/blog\/wp-content\/uploads\/2021\/06\/mapa-com-o-uso-do-solo-urbano-320x226.jpg 320w, https:\/\/adenilsongiovanini.com.br\/blog\/wp-content\/uploads\/2021\/06\/mapa-com-o-uso-do-solo-urbano-640x453.jpg 640w, https:\/\/adenilsongiovanini.com.br\/blog\/wp-content\/uploads\/2021\/06\/mapa-com-o-uso-do-solo-urbano-360x255.jpg 360w, https:\/\/adenilsongiovanini.com.br\/blog\/wp-content\/uploads\/2021\/06\/mapa-com-o-uso-do-solo-urbano-720x509.jpg 720w, https:\/\/adenilsongiovanini.com.br\/blog\/wp-content\/uploads\/2021\/06\/mapa-com-o-uso-do-solo-urbano-800x566.jpg 800w\" sizes=\"(max-width: 780px) 100vw, 780px\" \/><\/p>\n<p>&nbsp;<\/p>\n<p style=\"text-align: center;\"><span style=\"font-size: 16px; color: #000000; font-family: arial, helvetica, sans-serif;\">Fonte: <span style=\"color: #0000ff;\"><a style=\"color: #0000ff;\" href=\"https:\/\/www.flickr.com\/photos\/camilaghendov\/5468915382\">https:\/\/www.flickr.com\/photos\/camilaghendov\/5468915382<\/a><\/span><\/span><\/p>\n<p>&nbsp;<\/p>\n<p><span style=\"font-size: 20px; color: #000000; font-family: arial, helvetica, sans-serif;\">U<\/span><span style=\"font-size: 20px; color: #000000; font-family: arial, helvetica, sans-serif;\">m \u00faltimo tipo de mapa de uso e ocupa\u00e7\u00e3o do solo existente s\u00e3o os <strong>mapas com o uso do solo de um im\u00f3vel rural.<\/strong><\/span><\/p>\n<p><img decoding=\"async\" class=\"aligncenter wp-image-6268 size-large\" src=\"https:\/\/adenilsongiovanini.com.br\/blog\/wp-content\/uploads\/2020\/03\/uso-do-solom-1024x724-780x551.jpg\" alt=\"mapa uso e ocupa\u00e7\u00e3o do solo para licenciamento ambiental\" width=\"780\" height=\"551\" srcset=\"https:\/\/adenilsongiovanini.com.br\/blog\/wp-content\/uploads\/2020\/03\/uso-do-solom-1024x724-780x551.jpg 780w, https:\/\/adenilsongiovanini.com.br\/blog\/wp-content\/uploads\/2020\/03\/uso-do-solom-1024x724-300x212.jpg 300w, https:\/\/adenilsongiovanini.com.br\/blog\/wp-content\/uploads\/2020\/03\/uso-do-solom-1024x724-768x543.jpg 768w, https:\/\/adenilsongiovanini.com.br\/blog\/wp-content\/uploads\/2020\/03\/uso-do-solom-1024x724.jpg 1024w\" sizes=\"(max-width: 780px) 100vw, 780px\" \/><\/p>\n<p><span style=\"font-size: 20px; color: #000000; font-family: arial, helvetica, sans-serif;\">Este tipo de mapa de uso do solo, normalmente <strong>possui os usos do solo de um im\u00f3vel rural<\/strong>, sendo que para a produ\u00e7\u00e3o do mesmo, normalmente se faz o mapeamento do im\u00f3vel rural utilizando-se um <span style=\"color: #0000ff;\"><a href=\"https:\/\/adenilsongiovanini.com.br\/blog\/gps-de-navegacao-descubra-com-funciona\/\" style=\"color: #0000ff;\">receptor de navega\u00e7\u00e3o<\/a><\/span> ou um <span style=\"color: #0000ff;\"><a href=\"https:\/\/adenilsongiovanini.com.br\/blog\/geodesico-o-que-e-e-aplicacoes\/\" style=\"color: #0000ff;\">receptor geod\u00e9sico<\/a><\/span> no <span style=\"color: #0000ff;\"><a href=\"https:\/\/adenilsongiovanini.com.br\/blog\/posicionamento-cinematico\/\" style=\"color: #0000ff;\">m\u00e9todo cinem\u00e1tico<\/a><\/span>.<\/span><\/p>\n<p><span style=\"font-size: 20px; color: #000000; font-family: arial, helvetica, sans-serif;\">Tamb\u00e9m podem ser utilizado um <span style=\"color: #0000ff;\"><a style=\"color: #0000ff;\" href=\"https:\/\/adenilsongiovanini.com.br\/blog\/ortomosaico-ortorretificacao-e-ortofoto-o-que-sao\/\">ortomosaico<\/a><\/span> obtido ap\u00f3s o tratamento de <span style=\"color: #0000ff;\"><a style=\"color: #0000ff;\" href=\"https:\/\/adenilsongiovanini.com.br\/blog\/mapeamento-com-drone-etapas-e-produtos-gerados\/\">imagens de drone<\/a><\/span>. <\/span><\/p>\n<p><span style=\"font-size: 20px; color: #000000; font-family: arial, helvetica, sans-serif;\">A <strong>principal caracter\u00edstica<\/strong> deste tipo de mapa \u00e9 que o mesmo \u00e9 cadastral, possuindo uma escala grande. <\/span><\/p>\n<p><span style=\"font-size: 20px; color: #000000; font-family: arial, helvetica, sans-serif;\">Este tipo de mapa \u00e9 solicitado por diferentes \u00f3rg\u00e3os que precisam conhecer os usos do solo do im\u00f3vel rural. Por exemplo, em processos de licenciamento ambiental e no <span style=\"color: #0000ff;\"><a style=\"color: #0000ff;\" href=\"https:\/\/adenilsongiovanini.com.br\/blog\/o-que-e-e-como-fazer-o-cadastro-ambiental-rural\/\">cadastro ambiental rural<\/a><\/span>.<\/span><\/p>\n<p><span style=\"font-size: 20px; color: #000000; font-family: arial, helvetica, sans-serif;\">Estes s\u00e3o os principais tipos de mapas de de uso do solo. Naturalmente existem outros tipos e tamb\u00e9m, varia\u00e7\u00f5es dos mapas que mostrei acima. <\/span><\/p>\n<p><span style=\"font-size: 20px; color: #000000; font-family: arial, helvetica, sans-serif;\">Isso sem falar dos diferentes tipos de mapas tem\u00e1ticos existentes. <span style=\"color: #0000ff;\"><a style=\"color: #0000ff;\" href=\"https:\/\/adenilsongiovanini.com.br\/blog\/os-mapas-tematicos-veja-estes-6-tipos\/\">Neste artigo<\/a><\/span> eu mostro 6 deles. <\/span><\/p>\n<p>&nbsp;<\/p>\n<h2 style=\"text-align: center;\"><span style=\"font-size: 24px; color: #000000; font-family: arial, helvetica, sans-serif;\"><strong>Elementos que um mapa de uso e ocupa\u00e7\u00e3o do solo precisa ter <\/strong><\/span><\/h2>\n<p><img decoding=\"async\" class=\"aligncenter wp-image-20705 size-large\" src=\"https:\/\/adenilsongiovanini.com.br\/blog\/wp-content\/uploads\/2021\/06\/elementos-cartograficos-780x551.png\" alt=\"elementos cartogr\u00e1ficos\" width=\"780\" height=\"551\" srcset=\"https:\/\/adenilsongiovanini.com.br\/blog\/wp-content\/uploads\/2021\/06\/elementos-cartograficos-780x551.png 780w, https:\/\/adenilsongiovanini.com.br\/blog\/wp-content\/uploads\/2021\/06\/elementos-cartograficos-300x212.png 300w, https:\/\/adenilsongiovanini.com.br\/blog\/wp-content\/uploads\/2021\/06\/elementos-cartograficos-768x543.png 768w, https:\/\/adenilsongiovanini.com.br\/blog\/wp-content\/uploads\/2021\/06\/elementos-cartograficos-1536x1086.png 1536w, https:\/\/adenilsongiovanini.com.br\/blog\/wp-content\/uploads\/2021\/06\/elementos-cartograficos-1024x724.png 1024w, https:\/\/adenilsongiovanini.com.br\/blog\/wp-content\/uploads\/2021\/06\/elementos-cartograficos-320x226.png 320w, https:\/\/adenilsongiovanini.com.br\/blog\/wp-content\/uploads\/2021\/06\/elementos-cartograficos-640x452.png 640w, https:\/\/adenilsongiovanini.com.br\/blog\/wp-content\/uploads\/2021\/06\/elementos-cartograficos-360x254.png 360w, https:\/\/adenilsongiovanini.com.br\/blog\/wp-content\/uploads\/2021\/06\/elementos-cartograficos-720x509.png 720w, https:\/\/adenilsongiovanini.com.br\/blog\/wp-content\/uploads\/2021\/06\/elementos-cartograficos-1080x763.png 1080w, https:\/\/adenilsongiovanini.com.br\/blog\/wp-content\/uploads\/2021\/06\/elementos-cartograficos-800x565.png 800w, https:\/\/adenilsongiovanini.com.br\/blog\/wp-content\/uploads\/2021\/06\/elementos-cartograficos-1280x905.png 1280w, https:\/\/adenilsongiovanini.com.br\/blog\/wp-content\/uploads\/2021\/06\/elementos-cartograficos.png 1692w\" sizes=\"(max-width: 780px) 100vw, 780px\" \/><\/p>\n<p>&nbsp;<\/p>\n<p><span style=\"font-size: 20px; color: #000000; font-family: arial, helvetica, sans-serif;\">Existem 5 elementos que todo mapa ou planta precisa ter. S\u00e3o eles<\/span><span style=\"font-size: 20px; color: #000000; font-family: arial, helvetica, sans-serif;\">:<\/span><\/p>\n<ul>\n<li><span style=\"font-size: 20px; color: #000000; font-family: arial, helvetica, sans-serif;\">T\u00edtulo;<\/span><\/li>\n<li><span style=\"font-size: 20px; color: #000000; font-family: arial, helvetica, sans-serif;\">Legenda;<\/span><\/li>\n<li><span style=\"font-size: 20px; color: #000000; font-family: arial, helvetica, sans-serif;\">Escala;<\/span><\/li>\n<li><span style=\"font-size: 20px; color: #000000; font-family: arial, helvetica, sans-serif;\">Orienta\u00e7\u00e3o e;<\/span><\/li>\n<li><span style=\"font-size: 20px; color: #000000; font-family: arial, helvetica, sans-serif;\">Proje\u00e7\u00e3o cartogr\u00e1fica.<\/span><\/li>\n<\/ul>\n<p><span style=\"font-size: 20px; color: #000000; font-family: arial, helvetica, sans-serif;\">Ou seja, voc\u00ea precisa colocar os mesmos em seus mapas. <\/span><span style=\"font-size: 20px; color: #000000; font-family: arial, helvetica, sans-serif;\">Caso voc\u00ea deseje saber mais a respeito, <span style=\"color: #0000ff;\"><a style=\"color: #0000ff;\" href=\"https:\/\/adenilsongiovanini.com.br\/blog\/elementos-cartograficos-os-5-obrigatorios\/\">leia este artigo<\/a><\/span>.<\/span><\/p>\n<p><span style=\"font-family: arial, helvetica, sans-serif; font-size: 20px; color: #000000;\">Al\u00e9m disso, <span style=\"color: #0000ff;\"><a href=\"https:\/\/adenilsongiovanini.com.br\/curso-de-autocad-para-topografia\/\" style=\"color: #0000ff;\">plantas e mapas t\u00e9cnicos<\/a><\/span> tamb\u00e9m devem ter um espa\u00e7o destinado as informa\u00e7\u00f5es cadastrais.<\/span><\/p>\n<p><span style=\"font-family: arial, helvetica, sans-serif; font-size: 20px; color: #000000;\">S\u00e3o elas:<\/span><\/p>\n<ul>\n<li><span style=\"font-family: arial, helvetica, sans-serif; font-size: 20px; color: #000000;\">Dados do contratante e\/ou propriet\u00e1rio;<\/span><\/li>\n<li><span style=\"font-family: arial, helvetica, sans-serif; font-size: 20px; color: #000000;\">Dados e assinatura do respons\u00e1vel t\u00e9cnico;<\/span><\/li>\n<li><span style=\"font-family: arial, helvetica, sans-serif; font-size: 20px; color: #000000;\">Data;<\/span><\/li>\n<li><span style=\"font-family: arial, helvetica, sans-serif; font-size: 20px; color: #000000;\">Localiza\u00e7\u00e3o do im\u00f3vel.<\/span><\/li>\n<\/ul>\n<p>&nbsp;<\/p>\n<h2 style=\"text-align: center;\"><span style=\"font-size: 24px;\"><strong><span style=\"font-family: arial, helvetica, sans-serif; color: #000000;\">Continue aprendendo a respeito da produ\u00e7\u00e3o de mapas<\/span><\/strong><\/span><\/h2>\n<p><img decoding=\"async\" class=\"aligncenter size-large wp-image-26178\" src=\"https:\/\/adenilsongiovanini.com.br\/blog\/wp-content\/uploads\/2021\/10\/mapas-hipsometricos-553x780.png\" alt=\"produ\u00e7\u00e3o de mapas\" width=\"553\" height=\"780\" srcset=\"https:\/\/adenilsongiovanini.com.br\/blog\/wp-content\/uploads\/2021\/10\/mapas-hipsometricos-553x780.png 553w, https:\/\/adenilsongiovanini.com.br\/blog\/wp-content\/uploads\/2021\/10\/mapas-hipsometricos-213x300.png 213w, https:\/\/adenilsongiovanini.com.br\/blog\/wp-content\/uploads\/2021\/10\/mapas-hipsometricos.png 765w\" sizes=\"(max-width: 553px) 100vw, 553px\" \/><\/p>\n<p><span style=\"font-family: arial, helvetica, sans-serif; font-size: 20px; color: #000000;\">Eu possuo diversos artigos a respeito do tema. Separei alguns deles para voc\u00ea.<\/span><\/p>\n<p><span style=\"font-family: arial, helvetica, sans-serif; font-size: 20px; color: #000000;\">&gt; <span style=\"color: #0000ff;\"><a style=\"color: #0000ff;\" href=\"https:\/\/adenilsongiovanini.com.br\/blog\/mapa-com-curvas-de-nivel\/\">Mapa Com Curvas de N\u00edvel: o que \u00e9 e como produzir&#8230;<\/a><\/span><\/span><\/p>\n<p><span style=\"font-family: arial, helvetica, sans-serif; font-size: 20px; color: #000000;\">&gt; <span style=\"color: #0000ff;\"><a style=\"color: #0000ff;\" href=\"https:\/\/adenilsongiovanini.com.br\/blog\/mapas-hipsometricos-o-que-sao-e-como-produzir\/\">Mapas hipsom\u00e9tricos: O Que S\u00e3o e Como Produzir&#8230;<\/a><\/span><\/span><\/p>\n<p><span style=\"font-family: arial, helvetica, sans-serif; font-size: 20px; color: #000000;\">&gt; <span style=\"color: #0000ff;\"><a style=\"color: #0000ff;\" href=\"https:\/\/adenilsongiovanini.com.br\/blog\/como-fazer-mapa-de-localizacao\/\">Como fazer mapa de localiza\u00e7\u00e3o&#8230;<\/a><\/span><\/span><\/p>\n<p><span style=\"font-family: arial, helvetica, sans-serif; font-size: 20px; color: #000000;\">V\u00eddeo a respeito do assunto.<\/span><\/p>\n<p><center><iframe width=\"853\" height=\"480\" title=\"YouTube video player\" src=\"https:\/\/www.youtube.com\/embed\/J1KhC9w2KH4\" frameborder=\"0\" allowfullscreen=\"allowfullscreen\"><\/iframe><\/center><\/p>\n<p>&nbsp;<\/p>\n<p>&nbsp;<\/p>\n<h2 style=\"text-align: center;\"><span style=\"font-size: 24px;\"><strong><span style=\"color: #000000; font-family: arial, helvetica, sans-serif;\">Aprenda a Produzir Plantas Topogr\u00e1ficas<\/span><\/strong><\/span><\/h2>\n<p><img decoding=\"async\" src=\"https:\/\/adenilsongiovanini.com.br\/blog\/wp-content\/uploads\/2022\/04\/topografia-no-autocad-2023-780x730.png\" alt=\"mapa uso e ocupa\u00e7\u00e3o do solo - topografia no autocad\" width=\"750\" height=\"702\" class=\"aligncenter size-large wp-image-30464\" srcset=\"https:\/\/adenilsongiovanini.com.br\/blog\/wp-content\/uploads\/2022\/04\/topografia-no-autocad-2023-780x730.png 780w, https:\/\/adenilsongiovanini.com.br\/blog\/wp-content\/uploads\/2022\/04\/topografia-no-autocad-2023-300x281.png 300w, https:\/\/adenilsongiovanini.com.br\/blog\/wp-content\/uploads\/2022\/04\/topografia-no-autocad-2023-768x719.png 768w, https:\/\/adenilsongiovanini.com.br\/blog\/wp-content\/uploads\/2022\/04\/topografia-no-autocad-2023.png 1403w\" sizes=\"(max-width: 750px) 100vw, 750px\" \/><\/p>\n<p><span style=\"font-size: 20px;\"><span style=\"color: #000000; font-family: arial, helvetica, sans-serif;\">Se voc\u00ea quer <em>(ou precisa)<\/em> aprender a produzir as diferentes plantas produzidas em um escrit\u00f3rio de topografia, o <span style=\"color: #0000ff;\"><a style=\"color: #0000ff;\" href=\"https:\/\/adenilsongiovanini.com.br\/planta-para-topografia\/\">Curso de Confec\u00e7\u00e3o de Plantas Topogr\u00e1ficas<\/a><\/span> servir\u00e1 como uma luva para voc\u00ea.<\/span><\/span><\/p>\n<p><span style=\"font-size: 20px;\"><span style=\"color: #000000; font-family: arial, helvetica, sans-serif;\">Aprenda a <strong>produzir plantas que v\u00e3o deixar seus clientes de queixo-ca\u00eddo<\/strong> e v\u00e1 diretamente para a pr\u00e1tica, <span style=\"text-decoration: underline;\"><em>prestando servi\u00e7os e ganhando dinheiro<\/em><\/span>.<\/span><\/span><\/p>\n<p>&nbsp;<\/p>\n<p><img decoding=\"async\" src=\"https:\/\/adenilsongiovanini.com.br\/blog\/wp-content\/uploads\/2022\/06\/curso-autocad-para-topografia-780x445.png\" alt=\"plantas topografia\" width=\"750\" height=\"428\" class=\"aligncenter wp-image-30631 size-large\" srcset=\"https:\/\/adenilsongiovanini.com.br\/blog\/wp-content\/uploads\/2022\/06\/curso-autocad-para-topografia-780x445.png 780w, https:\/\/adenilsongiovanini.com.br\/blog\/wp-content\/uploads\/2022\/06\/curso-autocad-para-topografia-300x171.png 300w, https:\/\/adenilsongiovanini.com.br\/blog\/wp-content\/uploads\/2022\/06\/curso-autocad-para-topografia-768x438.png 768w, https:\/\/adenilsongiovanini.com.br\/blog\/wp-content\/uploads\/2022\/06\/curso-autocad-para-topografia-1536x876.png 1536w, https:\/\/adenilsongiovanini.com.br\/blog\/wp-content\/uploads\/2022\/06\/curso-autocad-para-topografia-2048x1168.png 2048w\" sizes=\"(max-width: 750px) 100vw, 750px\" \/><\/p>\n<p>&nbsp;<\/p>\n<p><img decoding=\"async\" src=\"https:\/\/adenilsongiovanini.com.br\/blog\/wp-content\/uploads\/2020\/05\/setas-azuis-triplas-e1427388827173.png\" alt=\"seta\" width=\"400\" height=\"200\" class=\"aligncenter size-full wp-image-16897\" srcset=\"https:\/\/adenilsongiovanini.com.br\/blog\/wp-content\/uploads\/2020\/05\/setas-azuis-triplas-e1427388827173.png 400w, https:\/\/adenilsongiovanini.com.br\/blog\/wp-content\/uploads\/2020\/05\/setas-azuis-triplas-e1427388827173-300x150.png 300w\" sizes=\"(max-width: 400px) 100vw, 400px\" \/><\/p>\n<p>&nbsp;<\/p>\n<p><img decoding=\"async\" src=\"https:\/\/adenilsongiovanini.com.br\/blog\/wp-content\/uploads\/2022\/06\/plantas-para-topografia-780x476.png\" alt=\"mapa uso e ocupa\u00e7\u00e3o do solo - plantas para topografia\" width=\"750\" height=\"458\" class=\"aligncenter wp-image-30643 size-large\" srcset=\"https:\/\/adenilsongiovanini.com.br\/blog\/wp-content\/uploads\/2022\/06\/plantas-para-topografia-780x476.png 780w, https:\/\/adenilsongiovanini.com.br\/blog\/wp-content\/uploads\/2022\/06\/plantas-para-topografia-300x183.png 300w, https:\/\/adenilsongiovanini.com.br\/blog\/wp-content\/uploads\/2022\/06\/plantas-para-topografia-768x469.png 768w, https:\/\/adenilsongiovanini.com.br\/blog\/wp-content\/uploads\/2022\/06\/plantas-para-topografia-1536x938.png 1536w, https:\/\/adenilsongiovanini.com.br\/blog\/wp-content\/uploads\/2022\/06\/plantas-para-topografia.png 1824w\" sizes=\"(max-width: 750px) 100vw, 750px\" \/><\/p>\n<p>&nbsp;<\/p>\n<p><img decoding=\"async\" src=\"https:\/\/adenilsongiovanini.com.br\/blog\/wp-content\/uploads\/2020\/05\/setas-azuis-triplas-e1427388827173.png\" alt=\"setas azuis\" width=\"400\" height=\"200\" class=\"aligncenter size-full wp-image-16897\" srcset=\"https:\/\/adenilsongiovanini.com.br\/blog\/wp-content\/uploads\/2020\/05\/setas-azuis-triplas-e1427388827173.png 400w, https:\/\/adenilsongiovanini.com.br\/blog\/wp-content\/uploads\/2020\/05\/setas-azuis-triplas-e1427388827173-300x150.png 300w\" sizes=\"(max-width: 400px) 100vw, 400px\" \/><\/p>\n<div class=\"su-button-center\"><a href=\"https:\/\/adenilsongiovanini.com.br\/topografia-no-autocad\/\" class=\"su-button su-button-style-3d su-button-wide\" style=\"color:#000000;background-color:#00b025;border-color:#008d1e;border-radius:15px\" target=\"_blank\" rel=\"nofollow\" id=\"2\"><span style=\"color:#000000;padding:0px 36px;font-size:26px;line-height:52px;border-color:#4dc867;border-radius:15px;text-shadow:0px 0px 0px #000000\"> &gt; Quero Conhecer Melhor o Curso, Pois Quero (e preciso) Aprender a Produzir Plantas Topogr\u00e1ficas&#8230;<\/span><\/a><\/div>\n<p>&nbsp;<\/p>\n<p>&nbsp;<\/p>\n<h2 style=\"text-align: center;\"><span style=\"font-size: 24px;\"><strong><span style=\"color: #000000; font-family: arial, helvetica, sans-serif;\">Plantas que voc\u00ea vai aprender a produzir<\/span><\/strong><\/span><\/h2>\n<p><span style=\"font-size: 20px;\"><span style=\"color: #000000; font-family: arial, helvetica, sans-serif;\">No curso voc\u00ea vai aprender a produzir as <strong>15 diferentes plantas<\/strong> produzidas em um escrit\u00f3rio de topografia.<\/span><\/span><\/p>\n<p>&nbsp;<\/p>\n<p>&nbsp;<\/p>\n<p style=\"text-align: center;\"><span style=\"font-size: 20px;\"><strong><span style=\"color: #000000; font-family: arial, helvetica, sans-serif;\">Plantas topogr\u00e1ficas<\/span><\/strong><\/span><\/p>\n<p>&nbsp;<\/p>\n<p>&nbsp;<\/p>\n<p style=\"text-align: center;\"><span style=\"font-family: arial, helvetica, sans-serif; font-size: 20px; color: #000000;\">1 &#8211; Plantas Para Processos de Georreferenciamento de Im\u00f3veis Rurais<\/span><\/p>\n<p style=\"text-align: center;\"><img decoding=\"async\" src=\"https:\/\/adenilsongiovanini.com.br\/blog\/wp-content\/uploads\/2022\/06\/planta-para-georreferenciamento-780x554.png\" alt=\"planta para georreferenciamento\" width=\"750\" height=\"533\" class=\"aligncenter wp-image-30619 size-large\" srcset=\"https:\/\/adenilsongiovanini.com.br\/blog\/wp-content\/uploads\/2022\/06\/planta-para-georreferenciamento-780x554.png 780w, https:\/\/adenilsongiovanini.com.br\/blog\/wp-content\/uploads\/2022\/06\/planta-para-georreferenciamento-300x213.png 300w, https:\/\/adenilsongiovanini.com.br\/blog\/wp-content\/uploads\/2022\/06\/planta-para-georreferenciamento-768x545.png 768w, https:\/\/adenilsongiovanini.com.br\/blog\/wp-content\/uploads\/2022\/06\/planta-para-georreferenciamento.png 1385w\" sizes=\"(max-width: 750px) 100vw, 750px\" \/><\/p>\n<p>&nbsp;<\/p>\n<p style=\"text-align: center;\"><span style=\"font-family: arial, helvetica, sans-serif; font-size: 20px; color: #000000;\">2 &#8211; Planta de \u00c1rea<\/span><\/p>\n<p><img decoding=\"async\" src=\"https:\/\/adenilsongiovanini.com.br\/blog\/wp-content\/uploads\/2022\/06\/planta-de-area-3-780x553.png\" alt=\"mapa uso e ocupa\u00e7\u00e3o do solo - planta de \u00e1rea\" width=\"750\" height=\"532\" class=\"aligncenter wp-image-30620 size-large\" srcset=\"https:\/\/adenilsongiovanini.com.br\/blog\/wp-content\/uploads\/2022\/06\/planta-de-area-3-780x553.png 780w, https:\/\/adenilsongiovanini.com.br\/blog\/wp-content\/uploads\/2022\/06\/planta-de-area-3-300x213.png 300w, https:\/\/adenilsongiovanini.com.br\/blog\/wp-content\/uploads\/2022\/06\/planta-de-area-3-768x545.png 768w, https:\/\/adenilsongiovanini.com.br\/blog\/wp-content\/uploads\/2022\/06\/planta-de-area-3-1536x1089.png 1536w, https:\/\/adenilsongiovanini.com.br\/blog\/wp-content\/uploads\/2022\/06\/planta-de-area-3.png 1567w\" sizes=\"(max-width: 750px) 100vw, 750px\" \/><\/p>\n<p style=\"text-align: center;\"><span style=\"font-family: arial, helvetica, sans-serif; font-size: 20px; color: #000000;\"> <\/span><\/p>\n<p>&nbsp;<\/p>\n<p style=\"text-align: center;\"><span style=\"font-family: arial, helvetica, sans-serif; font-size: 20px; color: #000000;\">3 &#8211; Planta de Lote Urbano<\/span><\/p>\n<p><img decoding=\"async\" src=\"https:\/\/adenilsongiovanini.com.br\/blog\/wp-content\/uploads\/2022\/06\/Planta-de-lote-552x780.jpg\" alt=\"planta de lote\" width=\"552\" height=\"780\" class=\"aligncenter wp-image-30621 size-large\" srcset=\"https:\/\/adenilsongiovanini.com.br\/blog\/wp-content\/uploads\/2022\/06\/Planta-de-lote-552x780.jpg 552w, https:\/\/adenilsongiovanini.com.br\/blog\/wp-content\/uploads\/2022\/06\/Planta-de-lote-212x300.jpg 212w, https:\/\/adenilsongiovanini.com.br\/blog\/wp-content\/uploads\/2022\/06\/Planta-de-lote-768x1086.jpg 768w, https:\/\/adenilsongiovanini.com.br\/blog\/wp-content\/uploads\/2022\/06\/Planta-de-lote-1086x1536.jpg 1086w, https:\/\/adenilsongiovanini.com.br\/blog\/wp-content\/uploads\/2022\/06\/Planta-de-lote.jpg 1241w\" sizes=\"(max-width: 552px) 100vw, 552px\" \/><\/p>\n<p>&nbsp;<\/p>\n<p style=\"text-align: center;\">\n<span style=\"font-family: arial, helvetica, sans-serif; font-size: 20px; color: #000000;\">4 &#8211; Planta Para a Retifica\u00e7\u00e3o de \u00c1rea<\/span><\/p>\n<p style=\"text-align: center;\"><img decoding=\"async\" src=\"https:\/\/adenilsongiovanini.com.br\/blog\/wp-content\/uploads\/2022\/06\/planta-para-retificacao-de-area-780x554.png\" alt=\"planta para a retifica\u00e7\u00e3o de \u00e1rea\" width=\"750\" height=\"533\" class=\"aligncenter wp-image-30622 size-large\" srcset=\"https:\/\/adenilsongiovanini.com.br\/blog\/wp-content\/uploads\/2022\/06\/planta-para-retificacao-de-area-780x554.png 780w, https:\/\/adenilsongiovanini.com.br\/blog\/wp-content\/uploads\/2022\/06\/planta-para-retificacao-de-area-300x213.png 300w, https:\/\/adenilsongiovanini.com.br\/blog\/wp-content\/uploads\/2022\/06\/planta-para-retificacao-de-area-768x545.png 768w, https:\/\/adenilsongiovanini.com.br\/blog\/wp-content\/uploads\/2022\/06\/planta-para-retificacao-de-area.png 1385w\" sizes=\"(max-width: 750px) 100vw, 750px\" \/><\/p>\n<p>&nbsp;<\/p>\n<p style=\"text-align: center;\"><span style=\"font-family: arial, helvetica, sans-serif; font-size: 20px; color: #000000;\">5 &#8211; Plantas Para Projetos de Divis\u00e3o de \u00c1rea<\/span><\/p>\n<p><img decoding=\"async\" src=\"https:\/\/adenilsongiovanini.com.br\/blog\/wp-content\/uploads\/2022\/06\/Planta-para-divisao-de-area-780x554.png\" alt=\"mapa uso e ocupa\u00e7\u00e3o do solo - planta para divis\u00e3o de \u00e1rea\" width=\"750\" height=\"533\" class=\"aligncenter wp-image-30623 size-large\" srcset=\"https:\/\/adenilsongiovanini.com.br\/blog\/wp-content\/uploads\/2022\/06\/Planta-para-divisao-de-area-780x554.png 780w, https:\/\/adenilsongiovanini.com.br\/blog\/wp-content\/uploads\/2022\/06\/Planta-para-divisao-de-area-300x213.png 300w, https:\/\/adenilsongiovanini.com.br\/blog\/wp-content\/uploads\/2022\/06\/Planta-para-divisao-de-area-768x545.png 768w, https:\/\/adenilsongiovanini.com.br\/blog\/wp-content\/uploads\/2022\/06\/Planta-para-divisao-de-area.png 1385w\" sizes=\"(max-width: 750px) 100vw, 750px\" \/><\/p>\n<p>&nbsp;<\/p>\n<p><img decoding=\"async\" src=\"https:\/\/adenilsongiovanini.com.br\/blog\/wp-content\/uploads\/2022\/06\/planta-para-a-divisao-de-area-780x554.png\" alt=\"divis\u00e3o de \u00e1rea\" width=\"750\" height=\"533\" class=\"aligncenter wp-image-30624 size-large\" srcset=\"https:\/\/adenilsongiovanini.com.br\/blog\/wp-content\/uploads\/2022\/06\/planta-para-a-divisao-de-area-780x554.png 780w, https:\/\/adenilsongiovanini.com.br\/blog\/wp-content\/uploads\/2022\/06\/planta-para-a-divisao-de-area-300x213.png 300w, https:\/\/adenilsongiovanini.com.br\/blog\/wp-content\/uploads\/2022\/06\/planta-para-a-divisao-de-area-768x545.png 768w, https:\/\/adenilsongiovanini.com.br\/blog\/wp-content\/uploads\/2022\/06\/planta-para-a-divisao-de-area.png 1385w\" sizes=\"(max-width: 750px) 100vw, 750px\" \/><\/p>\n<p style=\"text-align: center;\">\n<p>&nbsp;<\/p>\n<p style=\"text-align: center;\"><span style=\"font-family: arial, helvetica, sans-serif; font-size: 20px; color: #000000;\">6 &#8211; Planta Para a Divis\u00e3o de \u00c1rea Pela \u00c1rea \u00datil<\/span><\/p>\n<p style=\"text-align: center;\"><img decoding=\"async\" src=\"https:\/\/adenilsongiovanini.com.br\/blog\/wp-content\/uploads\/2022\/06\/divisao-de-area-pela-area-util-780x554.png\" alt=\"mapa uso e ocupa\u00e7\u00e3o do solo - divis\u00e3o de \u00e1rea pela \u00e1rea \u00fatil\" width=\"750\" height=\"533\" class=\"aligncenter wp-image-30625 size-large\" srcset=\"https:\/\/adenilsongiovanini.com.br\/blog\/wp-content\/uploads\/2022\/06\/divisao-de-area-pela-area-util-780x554.png 780w, https:\/\/adenilsongiovanini.com.br\/blog\/wp-content\/uploads\/2022\/06\/divisao-de-area-pela-area-util-300x213.png 300w, https:\/\/adenilsongiovanini.com.br\/blog\/wp-content\/uploads\/2022\/06\/divisao-de-area-pela-area-util-768x545.png 768w, https:\/\/adenilsongiovanini.com.br\/blog\/wp-content\/uploads\/2022\/06\/divisao-de-area-pela-area-util.png 1385w\" sizes=\"(max-width: 750px) 100vw, 750px\" \/><\/p>\n<p>&nbsp;<\/p>\n<p style=\"text-align: center;\"><span style=\"font-family: arial, helvetica, sans-serif; font-size: 20px; color: #000000;\">7 &#8211; Planta Planialtim\u00e9trica<\/span><\/p>\n<p style=\"text-align: center;\"><img decoding=\"async\" src=\"https:\/\/adenilsongiovanini.com.br\/blog\/wp-content\/uploads\/2022\/06\/planta-planialtimetrica-553x780.png\" alt=\"planta planialtim\u00e9trica\" width=\"553\" height=\"780\" class=\"aligncenter wp-image-30626 size-large\" srcset=\"https:\/\/adenilsongiovanini.com.br\/blog\/wp-content\/uploads\/2022\/06\/planta-planialtimetrica-553x780.png 553w, https:\/\/adenilsongiovanini.com.br\/blog\/wp-content\/uploads\/2022\/06\/planta-planialtimetrica-213x300.png 213w, https:\/\/adenilsongiovanini.com.br\/blog\/wp-content\/uploads\/2022\/06\/planta-planialtimetrica-768x1083.png 768w, https:\/\/adenilsongiovanini.com.br\/blog\/wp-content\/uploads\/2022\/06\/planta-planialtimetrica.png 1018w\" sizes=\"(max-width: 553px) 100vw, 553px\" \/><\/p>\n<p>&nbsp;<\/p>\n<p style=\"text-align: center;\"><span style=\"font-family: arial, helvetica, sans-serif; font-size: 20px; color: #000000;\">8 &#8211; Planta Planialtim\u00e9trica Cadastral<\/span><\/p>\n<p style=\"text-align: center;\"><img decoding=\"async\" src=\"https:\/\/adenilsongiovanini.com.br\/blog\/wp-content\/uploads\/2022\/06\/planta-planialtimetrica-cadastral-3-780x545.png\" alt=\"planta planialtim\u00e9trica cadastral\" width=\"750\" height=\"524\" class=\"aligncenter wp-image-30627 size-large\" srcset=\"https:\/\/adenilsongiovanini.com.br\/blog\/wp-content\/uploads\/2022\/06\/planta-planialtimetrica-cadastral-3-780x545.png 780w, https:\/\/adenilsongiovanini.com.br\/blog\/wp-content\/uploads\/2022\/06\/planta-planialtimetrica-cadastral-3-300x209.png 300w, https:\/\/adenilsongiovanini.com.br\/blog\/wp-content\/uploads\/2022\/06\/planta-planialtimetrica-cadastral-3-768x536.png 768w, https:\/\/adenilsongiovanini.com.br\/blog\/wp-content\/uploads\/2022\/06\/planta-planialtimetrica-cadastral-3-1536x1072.png 1536w, https:\/\/adenilsongiovanini.com.br\/blog\/wp-content\/uploads\/2022\/06\/planta-planialtimetrica-cadastral-3.png 1597w\" sizes=\"(max-width: 750px) 100vw, 750px\" \/><\/p>\n<p>&nbsp;<\/p>\n<p style=\"text-align: center;\"><span style=\"font-family: arial, helvetica, sans-serif; font-size: 20px; color: #000000;\">9 &#8211; Plantas Para Processo de Sucess\u00e3o<\/span><\/p>\n<p style=\"text-align: center;\"><img decoding=\"async\" src=\"https:\/\/adenilsongiovanini.com.br\/blog\/wp-content\/uploads\/2022\/06\/Planta-para-processo-de-sucessao-780x554.png\" alt=\"planta para processo de sucess\u00e3o\" width=\"750\" height=\"533\" class=\"aligncenter wp-image-30628 size-large\" srcset=\"https:\/\/adenilsongiovanini.com.br\/blog\/wp-content\/uploads\/2022\/06\/Planta-para-processo-de-sucessao-780x554.png 780w, https:\/\/adenilsongiovanini.com.br\/blog\/wp-content\/uploads\/2022\/06\/Planta-para-processo-de-sucessao-300x213.png 300w, https:\/\/adenilsongiovanini.com.br\/blog\/wp-content\/uploads\/2022\/06\/Planta-para-processo-de-sucessao-768x545.png 768w, https:\/\/adenilsongiovanini.com.br\/blog\/wp-content\/uploads\/2022\/06\/Planta-para-processo-de-sucessao.png 1385w\" sizes=\"(max-width: 750px) 100vw, 750px\" \/><\/p>\n<p>&nbsp;<\/p>\n<p style=\"text-align: center;\">\n<span style=\"font-family: arial, helvetica, sans-serif; font-size: 20px; color: #000000;\">10 &#8211; Planta a Partir de Dados Obtidos Com Esta\u00e7\u00e3o Total<\/span><\/p>\n<p style=\"text-align: center;\"><img decoding=\"async\" src=\"https:\/\/adenilsongiovanini.com.br\/blog\/wp-content\/uploads\/2022\/06\/estacao-total-742x780.png\" alt=\"planta a partir de dados obtidos com esta\u00e7\u00e3o total\" width=\"742\" height=\"780\" class=\"aligncenter wp-image-30629 size-large\" srcset=\"https:\/\/adenilsongiovanini.com.br\/blog\/wp-content\/uploads\/2022\/06\/estacao-total-742x780.png 742w, https:\/\/adenilsongiovanini.com.br\/blog\/wp-content\/uploads\/2022\/06\/estacao-total-286x300.png 286w, https:\/\/adenilsongiovanini.com.br\/blog\/wp-content\/uploads\/2022\/06\/estacao-total-768x807.png 768w, https:\/\/adenilsongiovanini.com.br\/blog\/wp-content\/uploads\/2022\/06\/estacao-total.png 1441w\" sizes=\"(max-width: 742px) 100vw, 742px\" \/><\/p>\n<p>&nbsp;<\/p>\n<p style=\"text-align: center;\"><span style=\"font-family: arial, helvetica, sans-serif; font-size: 20px; color: #000000;\">11 &#8211; Planta de Situa\u00e7\u00e3o Para Projetos de Loteamento<\/span><\/p>\n<p><img decoding=\"async\" src=\"https:\/\/adenilsongiovanini.com.br\/blog\/wp-content\/uploads\/2022\/06\/Planta-de-situacao-780x554.png\" alt=\"mapa uso e ocupa\u00e7\u00e3o do solo - planta de situa\u00e7\u00e3o\" width=\"750\" height=\"533\" class=\"aligncenter wp-image-30630 size-large\" srcset=\"https:\/\/adenilsongiovanini.com.br\/blog\/wp-content\/uploads\/2022\/06\/Planta-de-situacao-780x554.png 780w, https:\/\/adenilsongiovanini.com.br\/blog\/wp-content\/uploads\/2022\/06\/Planta-de-situacao-300x213.png 300w, https:\/\/adenilsongiovanini.com.br\/blog\/wp-content\/uploads\/2022\/06\/Planta-de-situacao-768x545.png 768w, https:\/\/adenilsongiovanini.com.br\/blog\/wp-content\/uploads\/2022\/06\/Planta-de-situacao.png 1385w\" sizes=\"(max-width: 750px) 100vw, 750px\" \/><\/p>\n<p>&nbsp;<\/p>\n<p><img decoding=\"async\" src=\"https:\/\/adenilsongiovanini.com.br\/blog\/wp-content\/uploads\/2020\/05\/setas-azuis-triplas-e1427388827173.png\" alt=\"setas\" width=\"400\" height=\"200\" class=\"aligncenter size-full wp-image-16897\" srcset=\"https:\/\/adenilsongiovanini.com.br\/blog\/wp-content\/uploads\/2020\/05\/setas-azuis-triplas-e1427388827173.png 400w, https:\/\/adenilsongiovanini.com.br\/blog\/wp-content\/uploads\/2020\/05\/setas-azuis-triplas-e1427388827173-300x150.png 300w\" sizes=\"(max-width: 400px) 100vw, 400px\" \/><\/p>\n<p><img decoding=\"async\" src=\"https:\/\/adenilsongiovanini.com.br\/blog\/wp-content\/uploads\/2022\/06\/curso-autocad-para-topografia-780x445.png\" alt=\"curso autocad topografia\" width=\"750\" height=\"428\" class=\"aligncenter wp-image-30631 size-large\" srcset=\"https:\/\/adenilsongiovanini.com.br\/blog\/wp-content\/uploads\/2022\/06\/curso-autocad-para-topografia-780x445.png 780w, https:\/\/adenilsongiovanini.com.br\/blog\/wp-content\/uploads\/2022\/06\/curso-autocad-para-topografia-300x171.png 300w, https:\/\/adenilsongiovanini.com.br\/blog\/wp-content\/uploads\/2022\/06\/curso-autocad-para-topografia-768x438.png 768w, https:\/\/adenilsongiovanini.com.br\/blog\/wp-content\/uploads\/2022\/06\/curso-autocad-para-topografia-1536x876.png 1536w, https:\/\/adenilsongiovanini.com.br\/blog\/wp-content\/uploads\/2022\/06\/curso-autocad-para-topografia-2048x1168.png 2048w\" sizes=\"(max-width: 750px) 100vw, 750px\" \/><\/p>\n<p><img decoding=\"async\" src=\"https:\/\/adenilsongiovanini.com.br\/blog\/wp-content\/uploads\/2020\/05\/setas-azuis-triplas-e1427388827173.png\" alt=\"setas triplas\" width=\"400\" height=\"200\" class=\"aligncenter size-full wp-image-16897\" srcset=\"https:\/\/adenilsongiovanini.com.br\/blog\/wp-content\/uploads\/2020\/05\/setas-azuis-triplas-e1427388827173.png 400w, https:\/\/adenilsongiovanini.com.br\/blog\/wp-content\/uploads\/2020\/05\/setas-azuis-triplas-e1427388827173-300x150.png 300w\" sizes=\"(max-width: 400px) 100vw, 400px\" \/><\/p>\n<div class=\"su-button-center\"><a href=\"https:\/\/pay.hotmart.com\/S18202342O?off=zbm5anww&#038;checkoutMode=10\" class=\"su-button su-button-style-3d su-button-wide\" style=\"color:#000000;background-color:#00b025;border-color:#008d1e;border-radius:15px\" target=\"_blank\" rel=\"nofollow\" id=\"2\"><span style=\"color:#000000;padding:0px 36px;font-size:26px;line-height:52px;border-color:#4dc867;border-radius:15px;text-shadow:0px 0px 0px #000000\"> &gt; Quero Adquirir o Curso, Pois Quero (e preciso) Aprender a Produzir Plantas Topogr\u00e1ficas&#8230;<\/span><\/a><\/div>\n<p>&nbsp;<\/p>\n<p>&nbsp;<\/p>\n<h3 style=\"text-align: center;\"><span style=\"font-size: 24px;\"><strong><span style=\"color: #000000; font-family: arial, helvetica, sans-serif;\">Plantas e Croquis Para Projetos de Licenciamento Ambiental<\/span><\/strong><\/span><\/h3>\n<p>&nbsp;<\/p>\n<p style=\"text-align: center;\"><span style=\"font-size: 20px;\"><span style=\"color: #000000; font-family: arial, helvetica, sans-serif;\">12 &#8211; Croqui de Acesso<\/span><\/span><\/p>\n<p><img decoding=\"async\" src=\"https:\/\/adenilsongiovanini.com.br\/blog\/wp-content\/uploads\/2022\/06\/croqui-de-acesso-2-519x780.png\" alt=\"croqui de acesso\" width=\"519\" height=\"780\" class=\"aligncenter wp-image-30632 size-large\" srcset=\"https:\/\/adenilsongiovanini.com.br\/blog\/wp-content\/uploads\/2022\/06\/croqui-de-acesso-2-519x780.png 519w, https:\/\/adenilsongiovanini.com.br\/blog\/wp-content\/uploads\/2022\/06\/croqui-de-acesso-2-200x300.png 200w, https:\/\/adenilsongiovanini.com.br\/blog\/wp-content\/uploads\/2022\/06\/croqui-de-acesso-2-768x1155.png 768w, https:\/\/adenilsongiovanini.com.br\/blog\/wp-content\/uploads\/2022\/06\/croqui-de-acesso-2-1021x1536.png 1021w, https:\/\/adenilsongiovanini.com.br\/blog\/wp-content\/uploads\/2022\/06\/croqui-de-acesso-2.png 1219w\" sizes=\"(max-width: 519px) 100vw, 519px\" \/><\/p>\n<p style=\"text-align: center;\"><span style=\"font-size: 20px;\"><span style=\"color: #000000; font-family: arial, helvetica, sans-serif;\"><br \/>\n13 &#8211; Planta Baixa da \u00c1rea a Ser Licenciada<\/span><\/span><\/p>\n<p><img decoding=\"async\" src=\"https:\/\/adenilsongiovanini.com.br\/blog\/wp-content\/uploads\/2022\/06\/planta-baixa-1-553x780.png\" alt=\"planta baixa\" width=\"553\" height=\"780\" class=\"aligncenter wp-image-30633 size-large\" srcset=\"https:\/\/adenilsongiovanini.com.br\/blog\/wp-content\/uploads\/2022\/06\/planta-baixa-1-553x780.png 553w, https:\/\/adenilsongiovanini.com.br\/blog\/wp-content\/uploads\/2022\/06\/planta-baixa-1-213x300.png 213w, https:\/\/adenilsongiovanini.com.br\/blog\/wp-content\/uploads\/2022\/06\/planta-baixa-1-768x1084.png 768w, https:\/\/adenilsongiovanini.com.br\/blog\/wp-content\/uploads\/2022\/06\/planta-baixa-1.png 1017w\" sizes=\"(max-width: 553px) 100vw, 553px\" \/><\/p>\n<p>&nbsp;<\/p>\n<p>&nbsp;<\/p>\n<h3 style=\"text-align: center;\"><span style=\"font-size: 24px;\"><strong><span style=\"color: #000000; font-family: arial, helvetica, sans-serif;\">Plantas e Croquis Para Projetos de Cr\u00e9dito Rural<\/span><\/strong><\/span><\/h3>\n<h3 style=\"text-align: center;\"><span style=\"font-size: 20px;\"><span style=\"color: #000000; font-family: arial, helvetica, sans-serif;\">14 &#8211; Croqui de Acesso e Localiza\u00e7\u00e3o Para Projetos de Cr\u00e9dito Rural<\/span><\/span><\/h3>\n<p style=\"text-align: center;\"><span style=\"font-size: 20px;\"><span style=\"color: #000000; font-family: arial, helvetica, sans-serif;\"><img decoding=\"async\" src=\"https:\/\/adenilsongiovanini.com.br\/blog\/wp-content\/uploads\/2022\/06\/croqui-de-acesso-e-localizacao-1-546x780.png\" alt=\"croqui de acesso e localiza\u00e7\u00e3o\" width=\"546\" height=\"780\" class=\"aligncenter wp-image-30634 size-large\" srcset=\"https:\/\/adenilsongiovanini.com.br\/blog\/wp-content\/uploads\/2022\/06\/croqui-de-acesso-e-localizacao-1-546x780.png 546w, https:\/\/adenilsongiovanini.com.br\/blog\/wp-content\/uploads\/2022\/06\/croqui-de-acesso-e-localizacao-1-210x300.png 210w, https:\/\/adenilsongiovanini.com.br\/blog\/wp-content\/uploads\/2022\/06\/croqui-de-acesso-e-localizacao-1-768x1098.png 768w, https:\/\/adenilsongiovanini.com.br\/blog\/wp-content\/uploads\/2022\/06\/croqui-de-acesso-e-localizacao-1-1075x1536.png 1075w, https:\/\/adenilsongiovanini.com.br\/blog\/wp-content\/uploads\/2022\/06\/croqui-de-acesso-e-localizacao-1.png 1272w\" sizes=\"(max-width: 546px) 100vw, 546px\" \/><br \/>\n15 &#8211; Planta Das \u00c1reas Alvo do Projeto de Cr\u00e9dito Rural<\/span><\/span><\/p>\n<p><img decoding=\"async\" src=\"https:\/\/adenilsongiovanini.com.br\/blog\/wp-content\/uploads\/2022\/06\/planta-para-credito-rural-1-518x780.png\" alt=\"mapa uso e ocupa\u00e7\u00e3o do solo - planta para cr\u00e9dito rural\" width=\"518\" height=\"780\" class=\"aligncenter wp-image-30635 size-large\" srcset=\"https:\/\/adenilsongiovanini.com.br\/blog\/wp-content\/uploads\/2022\/06\/planta-para-credito-rural-1-518x780.png 518w, https:\/\/adenilsongiovanini.com.br\/blog\/wp-content\/uploads\/2022\/06\/planta-para-credito-rural-1-199x300.png 199w, https:\/\/adenilsongiovanini.com.br\/blog\/wp-content\/uploads\/2022\/06\/planta-para-credito-rural-1-768x1156.png 768w, https:\/\/adenilsongiovanini.com.br\/blog\/wp-content\/uploads\/2022\/06\/planta-para-credito-rural-1.png 953w\" sizes=\"(max-width: 518px) 100vw, 518px\" \/><\/p>\n<p>&nbsp;<\/p>\n<p><img decoding=\"async\" src=\"https:\/\/adenilsongiovanini.com.br\/blog\/wp-content\/uploads\/2020\/05\/setas-azuis-triplas-e1427388827173.png\" alt=\"setas azuis\" width=\"400\" height=\"200\" class=\"aligncenter size-full wp-image-16897\" srcset=\"https:\/\/adenilsongiovanini.com.br\/blog\/wp-content\/uploads\/2020\/05\/setas-azuis-triplas-e1427388827173.png 400w, https:\/\/adenilsongiovanini.com.br\/blog\/wp-content\/uploads\/2020\/05\/setas-azuis-triplas-e1427388827173-300x150.png 300w\" sizes=\"(max-width: 400px) 100vw, 400px\" \/><\/p>\n<p><img decoding=\"async\" src=\"https:\/\/adenilsongiovanini.com.br\/blog\/wp-content\/uploads\/2022\/06\/planta-topografica-780x440.png\" alt=\"planta topogr\u00e1fica\" width=\"750\" height=\"423\" class=\"aligncenter wp-image-30636 size-large\" srcset=\"https:\/\/adenilsongiovanini.com.br\/blog\/wp-content\/uploads\/2022\/06\/planta-topografica-780x440.png 780w, https:\/\/adenilsongiovanini.com.br\/blog\/wp-content\/uploads\/2022\/06\/planta-topografica-300x169.png 300w, https:\/\/adenilsongiovanini.com.br\/blog\/wp-content\/uploads\/2022\/06\/planta-topografica-768x433.png 768w, https:\/\/adenilsongiovanini.com.br\/blog\/wp-content\/uploads\/2022\/06\/planta-topografica.png 1081w\" sizes=\"(max-width: 750px) 100vw, 750px\" \/><\/p>\n<p><img decoding=\"async\" src=\"https:\/\/adenilsongiovanini.com.br\/blog\/wp-content\/uploads\/2020\/05\/setas-azuis-triplas-e1427388827173.png\" alt=\"seas triplas\" width=\"400\" height=\"200\" class=\"aligncenter size-full wp-image-16897\" srcset=\"https:\/\/adenilsongiovanini.com.br\/blog\/wp-content\/uploads\/2020\/05\/setas-azuis-triplas-e1427388827173.png 400w, https:\/\/adenilsongiovanini.com.br\/blog\/wp-content\/uploads\/2020\/05\/setas-azuis-triplas-e1427388827173-300x150.png 300w\" sizes=\"(max-width: 400px) 100vw, 400px\" \/><\/p>\n<div class=\"su-button-center\"><a href=\"https:\/\/pay.hotmart.com\/S18202342O?off=zbm5anww&#038;checkoutMode=10\" class=\"su-button su-button-style-3d su-button-wide\" style=\"color:#000000;background-color:#00b025;border-color:#008d1e;border-radius:15px\" target=\"_blank\" rel=\"nofollow\" id=\"2\"><span style=\"color:#000000;padding:0px 36px;font-size:26px;line-height:52px;border-color:#4dc867;border-radius:15px;text-shadow:0px 0px 0px #000000\"> &gt; Quero Adquirir o Curso, Pois Quero (e preciso) Aprender a Produzir Plantas Topogr\u00e1ficas&#8230;<\/span><\/a><\/div>\n<p>&nbsp;<\/p>\n<p>&nbsp;<\/p>\n<h2 style=\"text-align: center;\"><span style=\"font-size: 24px;\"><strong><span style=\"color: #000000; font-family: arial, helvetica, sans-serif;\">B\u00f4nus que voc\u00ea ganhar\u00e1 juntamente com o curso<\/span><\/strong><\/span><\/h2>\n<p><span style=\"font-size: 20px;\"><span style=\"color: #000000; font-family: arial, helvetica, sans-serif;\">Juntamente com o curso, <strong>voc\u00ea ganhar\u00e1 7 b\u00f4nus<\/strong>. S\u00e3o eles:<\/span><\/span><\/p>\n<ul>\n<li><span style=\"font-family: arial, helvetica, sans-serif; font-size: 20px; color: #000000;\">B\u00f4nus 1 &#8211; Apostila AutoCAD Para Topografia Cadastral;<\/span><\/li>\n<li><span style=\"font-family: arial, helvetica, sans-serif; font-size: 20px; color: #000000;\">B\u00f4nus 2 &#8211; E-book Planta Topogr\u00e1fica;<\/span><\/li>\n<li><span style=\"font-family: arial, helvetica, sans-serif; font-size: 20px; color: #000000;\">B\u00f4nus 3 &#8211; Interpetra\u00e7\u00e3o de Matr\u00edcula;<\/span><\/li>\n<li><span style=\"font-family: arial, helvetica, sans-serif; font-size: 20px; color: #000000;\">B\u00f4nus 4 &#8211; Layouts Formatos A0 o A4;<\/span><\/li>\n<li><span style=\"font-family: arial, helvetica, sans-serif; font-size: 20px; color: #000000;\">B\u00f4nus 5 &#8211; Box com Hachuras, Rotinas Lisps, Blocos e Setas do AutoCAD;<\/span><\/li>\n<li><span style=\"font-family: arial, helvetica, sans-serif; font-size: 20px; color: #000000;\">B\u00f4nus 6 &#8211; Curso de DataGeosis e;<\/span><\/li>\n<li><span style=\"font-family: arial, helvetica, sans-serif; font-size: 20px; color: #000000;\">B\u00f4nus 7 &#8211; Curso de Topografia no Civil 3D.<\/span><\/li>\n<\/ul>\n<p><img decoding=\"async\" src=\"https:\/\/adenilsongiovanini.com.br\/blog\/wp-content\/uploads\/2022\/06\/plantas-de-topografia-780x383.png\" alt=\"plantas de topografia\" width=\"750\" height=\"368\" class=\"aligncenter wp-image-30637 size-large\" srcset=\"https:\/\/adenilsongiovanini.com.br\/blog\/wp-content\/uploads\/2022\/06\/plantas-de-topografia-780x383.png 780w, https:\/\/adenilsongiovanini.com.br\/blog\/wp-content\/uploads\/2022\/06\/plantas-de-topografia-300x147.png 300w, https:\/\/adenilsongiovanini.com.br\/blog\/wp-content\/uploads\/2022\/06\/plantas-de-topografia-768x377.png 768w, https:\/\/adenilsongiovanini.com.br\/blog\/wp-content\/uploads\/2022\/06\/plantas-de-topografia.png 1255w\" sizes=\"(max-width: 750px) 100vw, 750px\" \/><\/p>\n<p>&nbsp;<\/p>\n<p><img decoding=\"async\" src=\"https:\/\/adenilsongiovanini.com.br\/blog\/wp-content\/uploads\/2020\/05\/setas-azuis-triplas-e1427388827173.png\" alt=\"seta\" width=\"400\" height=\"200\" class=\"aligncenter size-full wp-image-16897\" srcset=\"https:\/\/adenilsongiovanini.com.br\/blog\/wp-content\/uploads\/2020\/05\/setas-azuis-triplas-e1427388827173.png 400w, https:\/\/adenilsongiovanini.com.br\/blog\/wp-content\/uploads\/2020\/05\/setas-azuis-triplas-e1427388827173-300x150.png 300w\" sizes=\"(max-width: 400px) 100vw, 400px\" \/><\/p>\n<p>&nbsp;<\/p>\n<p><img decoding=\"async\" src=\"https:\/\/adenilsongiovanini.com.br\/blog\/wp-content\/uploads\/2022\/06\/planta-de-topografia-780x505.png\" alt=\"mapa uso e ocupa\u00e7\u00e3o do solo - planta para topografia\" width=\"750\" height=\"486\" class=\"aligncenter wp-image-30618 size-large\" srcset=\"https:\/\/adenilsongiovanini.com.br\/blog\/wp-content\/uploads\/2022\/06\/planta-de-topografia-780x505.png 780w, https:\/\/adenilsongiovanini.com.br\/blog\/wp-content\/uploads\/2022\/06\/planta-de-topografia-300x194.png 300w, https:\/\/adenilsongiovanini.com.br\/blog\/wp-content\/uploads\/2022\/06\/planta-de-topografia-768x497.png 768w, https:\/\/adenilsongiovanini.com.br\/blog\/wp-content\/uploads\/2022\/06\/planta-de-topografia.png 1248w\" sizes=\"(max-width: 750px) 100vw, 750px\" \/><\/p>\n<p>&nbsp;<\/p>\n<p><img decoding=\"async\" src=\"https:\/\/adenilsongiovanini.com.br\/blog\/wp-content\/uploads\/2020\/05\/setas-azuis-triplas-e1427388827173.png\" alt=\"setas triplas\" width=\"400\" height=\"200\" class=\"aligncenter size-full wp-image-16897\" srcset=\"https:\/\/adenilsongiovanini.com.br\/blog\/wp-content\/uploads\/2020\/05\/setas-azuis-triplas-e1427388827173.png 400w, https:\/\/adenilsongiovanini.com.br\/blog\/wp-content\/uploads\/2020\/05\/setas-azuis-triplas-e1427388827173-300x150.png 300w\" sizes=\"(max-width: 400px) 100vw, 400px\" \/><\/p>\n<p>&nbsp;<\/p>\n<p><span style=\"font-family: arial, helvetica, sans-serif; font-size: 20px; color: #000000;\">Escolha uma das 2 alternativas abaixo:<\/span><\/p>\n<div class=\"su-button-center\"><a href=\"https:\/\/pay.hotmart.com\/S18202342O?off=zbm5anww&#038;checkoutMode=10\" class=\"su-button su-button-style-3d su-button-wide\" style=\"color:#000000;background-color:#00b025;border-color:#008d1e;border-radius:15px\" target=\"_blank\" rel=\"nofollow\" id=\"2\"><span style=\"color:#000000;padding:0px 36px;font-size:26px;line-height:52px;border-color:#4dc867;border-radius:15px;text-shadow:0px 0px 0px #000000\"> &gt; Quero Adquirir o Curso, Pois Quero (e preciso) Aprender a Produzir Plantas Topogr\u00e1ficas&#8230;<\/span><\/a><\/div>\n<p>&nbsp;<\/p>\n<p><span style=\"font-family: arial, helvetica, sans-serif; font-size: 20px; color: #000000;\">Ou:<\/span><\/p>\n<div class=\"su-button-center\"><a href=\"https:\/\/adenilsongiovanini.com.br\/topografia-no-autocad\/\" class=\"su-button su-button-style-3d su-button-wide\" style=\"color:#000000;background-color:#00b025;border-color:#008d1e;border-radius:15px\" target=\"_blank\" rel=\"nofollow\" id=\"2\"><span style=\"color:#000000;padding:0px 36px;font-size:26px;line-height:52px;border-color:#4dc867;border-radius:15px;text-shadow:0px 0px 0px #000000\"> &gt; Quero Conhecer Melhor o Curso e Os 7 B\u00f4nus Disponibilizandos Juntamente Com o Mesmo&#8230;<\/span><\/a><\/div>\n<p>&nbsp;<\/p>\n<p>&nbsp;<\/p>\n","protected":false},"excerpt":{"rendered":"<p>Mapa uso e ocupa\u00e7\u00e3o do solo, voc\u00ea acabou de encontrar um artigo definitivo sobre o tema. Com a leitura do mesmo voc\u00ea aprender\u00e1: O que \u00e9 um mapa uso e ocupa\u00e7\u00e3o do solo; Qual a diferen\u00e7a entre planta e mapa; Os diferentes tipos de mapas de uso do solo existentes [&hellip;]<\/p>\n","protected":false},"author":1,"featured_media":25719,"comment_status":"closed","ping_status":"closed","sticky":false,"template":"","format":"standard","meta":{"_monsterinsights_skip_tracking":false,"_monsterinsights_sitenote_active":false,"_monsterinsights_sitenote_note":"","_monsterinsights_sitenote_category":0,"footnotes":""},"categories":[13],"tags":[],"class_list":["post-26360","post","type-post","status-publish","format-standard","has-post-thumbnail","hentry","category-arcgis"],"yoast_head":"<!-- This site is optimized with the Yoast SEO plugin v26.5 - https:\/\/yoast.com\/wordpress\/plugins\/seo\/ -->\n<title>Mapa Uso e Ocupa\u00e7\u00e3o do Solo? - Adenilson Giovanini<\/title>\n<meta name=\"description\" content=\"Descubra o que \u00e9 um mapa uso e ocupa\u00e7\u00e3o do solo, quais os diferentes tipos de existentes e quais elementos que um mapa precisa ter. Leia.\" \/>\n<meta name=\"robots\" content=\"index, follow, max-snippet:-1, max-image-preview:large, max-video-preview:-1\" \/>\n<link rel=\"canonical\" href=\"https:\/\/adenilsongiovanini.com.br\/blog\/mapa-uso-e-ocupacao-do-solo\/\" \/>\n<meta property=\"og:locale\" content=\"pt_BR\" \/>\n<meta property=\"og:type\" content=\"article\" \/>\n<meta property=\"og:title\" content=\"Mapa Uso e Ocupa\u00e7\u00e3o do Solo? - Adenilson Giovanini\" \/>\n<meta property=\"og:description\" content=\"Descubra o que \u00e9 um mapa uso e ocupa\u00e7\u00e3o do solo, quais os diferentes tipos de existentes e quais elementos que um mapa precisa ter. Leia.\" \/>\n<meta property=\"og:url\" content=\"https:\/\/adenilsongiovanini.com.br\/blog\/mapa-uso-e-ocupacao-do-solo\/\" \/>\n<meta property=\"og:site_name\" content=\"Adenilson Giovanini\" \/>\n<meta property=\"article:publisher\" content=\"https:\/\/www.facebook.com\/otopografo\/\" \/>\n<meta property=\"article:author\" content=\"https:\/\/www.facebook.com\/otopografo\/\" \/>\n<meta property=\"article:published_time\" content=\"2021-10-24T14:48:35+00:00\" \/>\n<meta property=\"article:modified_time\" content=\"2022-08-19T11:08:34+00:00\" \/>\n<meta property=\"og:image\" content=\"https:\/\/adenilsongiovanini.com.br\/blog\/wp-content\/uploads\/2021\/10\/planta-de-topografia.png\" \/>\n\t<meta property=\"og:image:width\" content=\"1795\" \/>\n\t<meta property=\"og:image:height\" content=\"1086\" \/>\n\t<meta property=\"og:image:type\" content=\"image\/png\" \/>\n<meta name=\"author\" content=\"Adenilson Giovanini\" \/>\n<meta name=\"twitter:card\" content=\"summary_large_image\" \/>\n<meta name=\"twitter:label1\" content=\"Escrito por\" \/>\n\t<meta name=\"twitter:data1\" content=\"Adenilson Giovanini\" \/>\n\t<meta name=\"twitter:label2\" content=\"Est. tempo de leitura\" \/>\n\t<meta name=\"twitter:data2\" content=\"19 minutos\" \/>\n<script type=\"application\/ld+json\" class=\"yoast-schema-graph\">{\"@context\":\"https:\/\/schema.org\",\"@graph\":[{\"@type\":\"Article\",\"@id\":\"https:\/\/adenilsongiovanini.com.br\/blog\/mapa-uso-e-ocupacao-do-solo\/#article\",\"isPartOf\":{\"@id\":\"https:\/\/adenilsongiovanini.com.br\/blog\/mapa-uso-e-ocupacao-do-solo\/\"},\"author\":{\"name\":\"Adenilson Giovanini\",\"@id\":\"https:\/\/adenilsongiovanini.com.br\/blog\/#\/schema\/person\/9c1daa7da73c116aae2cb0568d1daa23\"},\"headline\":\"Mapa Uso e Ocupa\u00e7\u00e3o do Solo?\",\"datePublished\":\"2021-10-24T14:48:35+00:00\",\"dateModified\":\"2022-08-19T11:08:34+00:00\",\"mainEntityOfPage\":{\"@id\":\"https:\/\/adenilsongiovanini.com.br\/blog\/mapa-uso-e-ocupacao-do-solo\/\"},\"wordCount\":2090,\"publisher\":{\"@id\":\"https:\/\/adenilsongiovanini.com.br\/blog\/#\/schema\/person\/9c1daa7da73c116aae2cb0568d1daa23\"},\"image\":{\"@id\":\"https:\/\/adenilsongiovanini.com.br\/blog\/mapa-uso-e-ocupacao-do-solo\/#primaryimage\"},\"thumbnailUrl\":\"https:\/\/adenilsongiovanini.com.br\/blog\/wp-content\/uploads\/2021\/10\/planta-de-topografia.png\",\"articleSection\":[\"ArcGIS\"],\"inLanguage\":\"pt-BR\"},{\"@type\":\"WebPage\",\"@id\":\"https:\/\/adenilsongiovanini.com.br\/blog\/mapa-uso-e-ocupacao-do-solo\/\",\"url\":\"https:\/\/adenilsongiovanini.com.br\/blog\/mapa-uso-e-ocupacao-do-solo\/\",\"name\":\"Mapa Uso e Ocupa\u00e7\u00e3o do Solo? - Adenilson Giovanini\",\"isPartOf\":{\"@id\":\"https:\/\/adenilsongiovanini.com.br\/blog\/#website\"},\"primaryImageOfPage\":{\"@id\":\"https:\/\/adenilsongiovanini.com.br\/blog\/mapa-uso-e-ocupacao-do-solo\/#primaryimage\"},\"image\":{\"@id\":\"https:\/\/adenilsongiovanini.com.br\/blog\/mapa-uso-e-ocupacao-do-solo\/#primaryimage\"},\"thumbnailUrl\":\"https:\/\/adenilsongiovanini.com.br\/blog\/wp-content\/uploads\/2021\/10\/planta-de-topografia.png\",\"datePublished\":\"2021-10-24T14:48:35+00:00\",\"dateModified\":\"2022-08-19T11:08:34+00:00\",\"description\":\"Descubra o que \u00e9 um mapa uso e ocupa\u00e7\u00e3o do solo, quais os diferentes tipos de existentes e quais elementos que um mapa precisa ter. Leia.\",\"breadcrumb\":{\"@id\":\"https:\/\/adenilsongiovanini.com.br\/blog\/mapa-uso-e-ocupacao-do-solo\/#breadcrumb\"},\"inLanguage\":\"pt-BR\",\"potentialAction\":[{\"@type\":\"ReadAction\",\"target\":[\"https:\/\/adenilsongiovanini.com.br\/blog\/mapa-uso-e-ocupacao-do-solo\/\"]}]},{\"@type\":\"ImageObject\",\"inLanguage\":\"pt-BR\",\"@id\":\"https:\/\/adenilsongiovanini.com.br\/blog\/mapa-uso-e-ocupacao-do-solo\/#primaryimage\",\"url\":\"https:\/\/adenilsongiovanini.com.br\/blog\/wp-content\/uploads\/2021\/10\/planta-de-topografia.png\",\"contentUrl\":\"https:\/\/adenilsongiovanini.com.br\/blog\/wp-content\/uploads\/2021\/10\/planta-de-topografia.png\",\"width\":1795,\"height\":1086},{\"@type\":\"BreadcrumbList\",\"@id\":\"https:\/\/adenilsongiovanini.com.br\/blog\/mapa-uso-e-ocupacao-do-solo\/#breadcrumb\",\"itemListElement\":[{\"@type\":\"ListItem\",\"position\":1,\"name\":\"Home\",\"item\":\"https:\/\/adenilsongiovanini.com.br\/blog\/\"},{\"@type\":\"ListItem\",\"position\":2,\"name\":\"Mapa Uso e Ocupa\u00e7\u00e3o do Solo?\"}]},{\"@type\":\"WebSite\",\"@id\":\"https:\/\/adenilsongiovanini.com.br\/blog\/#website\",\"url\":\"https:\/\/adenilsongiovanini.com.br\/blog\/\",\"name\":\"Adenilson Giovanini\",\"description\":\"Topografia e Geotecnologias\",\"publisher\":{\"@id\":\"https:\/\/adenilsongiovanini.com.br\/blog\/#\/schema\/person\/9c1daa7da73c116aae2cb0568d1daa23\"},\"potentialAction\":[{\"@type\":\"SearchAction\",\"target\":{\"@type\":\"EntryPoint\",\"urlTemplate\":\"https:\/\/adenilsongiovanini.com.br\/blog\/?s={search_term_string}\"},\"query-input\":{\"@type\":\"PropertyValueSpecification\",\"valueRequired\":true,\"valueName\":\"search_term_string\"}}],\"inLanguage\":\"pt-BR\"},{\"@type\":[\"Person\",\"Organization\"],\"@id\":\"https:\/\/adenilsongiovanini.com.br\/blog\/#\/schema\/person\/9c1daa7da73c116aae2cb0568d1daa23\",\"name\":\"Adenilson Giovanini\",\"image\":{\"@type\":\"ImageObject\",\"inLanguage\":\"pt-BR\",\"@id\":\"https:\/\/adenilsongiovanini.com.br\/blog\/#\/schema\/person\/image\/\",\"url\":\"https:\/\/adenilsongiovanini.com.br\/blog\/wp-content\/litespeed\/avatar\/be8f4de5c0b8a93c57a4f29cbf2f1e92.jpg?ver=1777130135\",\"contentUrl\":\"https:\/\/adenilsongiovanini.com.br\/blog\/wp-content\/litespeed\/avatar\/be8f4de5c0b8a93c57a4f29cbf2f1e92.jpg?ver=1777130135\",\"caption\":\"Adenilson Giovanini\"},\"logo\":{\"@id\":\"https:\/\/adenilsongiovanini.com.br\/blog\/#\/schema\/person\/image\/\"},\"description\":\"O Professor Adenilson Giovanini \u00e9 especialista em Topografia Cadastral e Georreferenciamento de Im\u00f3veis Rurais. O mesmo possui o Maior Site de Engenharia de Agrimensura do Brasil. Site este que tem mais de 102.000 visualiza\u00e7\u00f5es por m\u00eas. Tamb\u00e9m possui mais de 600 v\u00eddeos em seu canal no youtube. Al\u00e9m disso, \u00e9 escritor Best Seller, possuindo v\u00e1rios cursos e livros de sucesso.\",\"sameAs\":[\"http:\/\/adenilsongiovanini.com.br\",\"https:\/\/www.facebook.com\/otopografo\/\",\"https:\/\/www.instagram.com\/adenilson_giovanini\/\",\"https:\/\/www.linkedin.com\/in\/adenilson-giovanini-819b8035\/\",\"https:\/\/br.pinterest.com\/adenilsongiovanini\/\",\"https:\/\/www.youtube.com\/channel\/uce-br7ghiuog2txcsdx5vrw\"]}]}<\/script>\n<!-- \/ Yoast SEO plugin. -->","yoast_head_json":{"title":"Mapa Uso e Ocupa\u00e7\u00e3o do Solo? - Adenilson Giovanini","description":"Descubra o que \u00e9 um mapa uso e ocupa\u00e7\u00e3o do solo, quais os diferentes tipos de existentes e quais elementos que um mapa precisa ter. Leia.","robots":{"index":"index","follow":"follow","max-snippet":"max-snippet:-1","max-image-preview":"max-image-preview:large","max-video-preview":"max-video-preview:-1"},"canonical":"https:\/\/adenilsongiovanini.com.br\/blog\/mapa-uso-e-ocupacao-do-solo\/","og_locale":"pt_BR","og_type":"article","og_title":"Mapa Uso e Ocupa\u00e7\u00e3o do Solo? - Adenilson Giovanini","og_description":"Descubra o que \u00e9 um mapa uso e ocupa\u00e7\u00e3o do solo, quais os diferentes tipos de existentes e quais elementos que um mapa precisa ter. Leia.","og_url":"https:\/\/adenilsongiovanini.com.br\/blog\/mapa-uso-e-ocupacao-do-solo\/","og_site_name":"Adenilson Giovanini","article_publisher":"https:\/\/www.facebook.com\/otopografo\/","article_author":"https:\/\/www.facebook.com\/otopografo\/","article_published_time":"2021-10-24T14:48:35+00:00","article_modified_time":"2022-08-19T11:08:34+00:00","og_image":[{"width":1795,"height":1086,"url":"https:\/\/adenilsongiovanini.com.br\/blog\/wp-content\/uploads\/2021\/10\/planta-de-topografia.png","type":"image\/png"}],"author":"Adenilson Giovanini","twitter_card":"summary_large_image","twitter_misc":{"Escrito por":"Adenilson Giovanini","Est. tempo de leitura":"19 minutos"},"schema":{"@context":"https:\/\/schema.org","@graph":[{"@type":"Article","@id":"https:\/\/adenilsongiovanini.com.br\/blog\/mapa-uso-e-ocupacao-do-solo\/#article","isPartOf":{"@id":"https:\/\/adenilsongiovanini.com.br\/blog\/mapa-uso-e-ocupacao-do-solo\/"},"author":{"name":"Adenilson Giovanini","@id":"https:\/\/adenilsongiovanini.com.br\/blog\/#\/schema\/person\/9c1daa7da73c116aae2cb0568d1daa23"},"headline":"Mapa Uso e Ocupa\u00e7\u00e3o do Solo?","datePublished":"2021-10-24T14:48:35+00:00","dateModified":"2022-08-19T11:08:34+00:00","mainEntityOfPage":{"@id":"https:\/\/adenilsongiovanini.com.br\/blog\/mapa-uso-e-ocupacao-do-solo\/"},"wordCount":2090,"publisher":{"@id":"https:\/\/adenilsongiovanini.com.br\/blog\/#\/schema\/person\/9c1daa7da73c116aae2cb0568d1daa23"},"image":{"@id":"https:\/\/adenilsongiovanini.com.br\/blog\/mapa-uso-e-ocupacao-do-solo\/#primaryimage"},"thumbnailUrl":"https:\/\/adenilsongiovanini.com.br\/blog\/wp-content\/uploads\/2021\/10\/planta-de-topografia.png","articleSection":["ArcGIS"],"inLanguage":"pt-BR"},{"@type":"WebPage","@id":"https:\/\/adenilsongiovanini.com.br\/blog\/mapa-uso-e-ocupacao-do-solo\/","url":"https:\/\/adenilsongiovanini.com.br\/blog\/mapa-uso-e-ocupacao-do-solo\/","name":"Mapa Uso e Ocupa\u00e7\u00e3o do Solo? - Adenilson Giovanini","isPartOf":{"@id":"https:\/\/adenilsongiovanini.com.br\/blog\/#website"},"primaryImageOfPage":{"@id":"https:\/\/adenilsongiovanini.com.br\/blog\/mapa-uso-e-ocupacao-do-solo\/#primaryimage"},"image":{"@id":"https:\/\/adenilsongiovanini.com.br\/blog\/mapa-uso-e-ocupacao-do-solo\/#primaryimage"},"thumbnailUrl":"https:\/\/adenilsongiovanini.com.br\/blog\/wp-content\/uploads\/2021\/10\/planta-de-topografia.png","datePublished":"2021-10-24T14:48:35+00:00","dateModified":"2022-08-19T11:08:34+00:00","description":"Descubra o que \u00e9 um mapa uso e ocupa\u00e7\u00e3o do solo, quais os diferentes tipos de existentes e quais elementos que um mapa precisa ter. Leia.","breadcrumb":{"@id":"https:\/\/adenilsongiovanini.com.br\/blog\/mapa-uso-e-ocupacao-do-solo\/#breadcrumb"},"inLanguage":"pt-BR","potentialAction":[{"@type":"ReadAction","target":["https:\/\/adenilsongiovanini.com.br\/blog\/mapa-uso-e-ocupacao-do-solo\/"]}]},{"@type":"ImageObject","inLanguage":"pt-BR","@id":"https:\/\/adenilsongiovanini.com.br\/blog\/mapa-uso-e-ocupacao-do-solo\/#primaryimage","url":"https:\/\/adenilsongiovanini.com.br\/blog\/wp-content\/uploads\/2021\/10\/planta-de-topografia.png","contentUrl":"https:\/\/adenilsongiovanini.com.br\/blog\/wp-content\/uploads\/2021\/10\/planta-de-topografia.png","width":1795,"height":1086},{"@type":"BreadcrumbList","@id":"https:\/\/adenilsongiovanini.com.br\/blog\/mapa-uso-e-ocupacao-do-solo\/#breadcrumb","itemListElement":[{"@type":"ListItem","position":1,"name":"Home","item":"https:\/\/adenilsongiovanini.com.br\/blog\/"},{"@type":"ListItem","position":2,"name":"Mapa Uso e Ocupa\u00e7\u00e3o do Solo?"}]},{"@type":"WebSite","@id":"https:\/\/adenilsongiovanini.com.br\/blog\/#website","url":"https:\/\/adenilsongiovanini.com.br\/blog\/","name":"Adenilson Giovanini","description":"Topografia e Geotecnologias","publisher":{"@id":"https:\/\/adenilsongiovanini.com.br\/blog\/#\/schema\/person\/9c1daa7da73c116aae2cb0568d1daa23"},"potentialAction":[{"@type":"SearchAction","target":{"@type":"EntryPoint","urlTemplate":"https:\/\/adenilsongiovanini.com.br\/blog\/?s={search_term_string}"},"query-input":{"@type":"PropertyValueSpecification","valueRequired":true,"valueName":"search_term_string"}}],"inLanguage":"pt-BR"},{"@type":["Person","Organization"],"@id":"https:\/\/adenilsongiovanini.com.br\/blog\/#\/schema\/person\/9c1daa7da73c116aae2cb0568d1daa23","name":"Adenilson Giovanini","image":{"@type":"ImageObject","inLanguage":"pt-BR","@id":"https:\/\/adenilsongiovanini.com.br\/blog\/#\/schema\/person\/image\/","url":"https:\/\/adenilsongiovanini.com.br\/blog\/wp-content\/litespeed\/avatar\/be8f4de5c0b8a93c57a4f29cbf2f1e92.jpg?ver=1777130135","contentUrl":"https:\/\/adenilsongiovanini.com.br\/blog\/wp-content\/litespeed\/avatar\/be8f4de5c0b8a93c57a4f29cbf2f1e92.jpg?ver=1777130135","caption":"Adenilson Giovanini"},"logo":{"@id":"https:\/\/adenilsongiovanini.com.br\/blog\/#\/schema\/person\/image\/"},"description":"O Professor Adenilson Giovanini \u00e9 especialista em Topografia Cadastral e Georreferenciamento de Im\u00f3veis Rurais. O mesmo possui o Maior Site de Engenharia de Agrimensura do Brasil. Site este que tem mais de 102.000 visualiza\u00e7\u00f5es por m\u00eas. Tamb\u00e9m possui mais de 600 v\u00eddeos em seu canal no youtube. Al\u00e9m disso, \u00e9 escritor Best Seller, possuindo v\u00e1rios cursos e livros de sucesso.","sameAs":["http:\/\/adenilsongiovanini.com.br","https:\/\/www.facebook.com\/otopografo\/","https:\/\/www.instagram.com\/adenilson_giovanini\/","https:\/\/www.linkedin.com\/in\/adenilson-giovanini-819b8035\/","https:\/\/br.pinterest.com\/adenilsongiovanini\/","https:\/\/www.youtube.com\/channel\/uce-br7ghiuog2txcsdx5vrw"]}]}},"amp_enabled":true,"_links":{"self":[{"href":"https:\/\/adenilsongiovanini.com.br\/blog\/wp-json\/wp\/v2\/posts\/26360","targetHints":{"allow":["GET"]}}],"collection":[{"href":"https:\/\/adenilsongiovanini.com.br\/blog\/wp-json\/wp\/v2\/posts"}],"about":[{"href":"https:\/\/adenilsongiovanini.com.br\/blog\/wp-json\/wp\/v2\/types\/post"}],"author":[{"embeddable":true,"href":"https:\/\/adenilsongiovanini.com.br\/blog\/wp-json\/wp\/v2\/users\/1"}],"replies":[{"embeddable":true,"href":"https:\/\/adenilsongiovanini.com.br\/blog\/wp-json\/wp\/v2\/comments?post=26360"}],"version-history":[{"count":0,"href":"https:\/\/adenilsongiovanini.com.br\/blog\/wp-json\/wp\/v2\/posts\/26360\/revisions"}],"wp:featuredmedia":[{"embeddable":true,"href":"https:\/\/adenilsongiovanini.com.br\/blog\/wp-json\/wp\/v2\/media\/25719"}],"wp:attachment":[{"href":"https:\/\/adenilsongiovanini.com.br\/blog\/wp-json\/wp\/v2\/media?parent=26360"}],"wp:term":[{"taxonomy":"category","embeddable":true,"href":"https:\/\/adenilsongiovanini.com.br\/blog\/wp-json\/wp\/v2\/categories?post=26360"},{"taxonomy":"post_tag","embeddable":true,"href":"https:\/\/adenilsongiovanini.com.br\/blog\/wp-json\/wp\/v2\/tags?post=26360"}],"curies":[{"name":"wp","href":"https:\/\/api.w.org\/{rel}","templated":true}]}}