{"id":26256,"date":"2021-10-21T14:35:11","date_gmt":"2021-10-21T14:35:11","guid":{"rendered":"https:\/\/adenilsongiovanini.com.br\/blog\/?p=26256"},"modified":"2023-03-03T01:02:51","modified_gmt":"2023-03-03T01:02:51","slug":"processamento-de-imagens-digitais","status":"publish","type":"post","link":"https:\/\/adenilsongiovanini.com.br\/blog\/processamento-de-imagens-digitais\/","title":{"rendered":"Processamento de Imagens Digitais?"},"content":{"rendered":"<p><span style=\"font-size: 20px; font-family: arial, helvetica, sans-serif; color: #000000; line-height: 1.3;\"><strong>Processamento de imagens digitais<\/strong>, voc\u00ea acabou de encontrar um artigo definitivo sobre o tema. <\/span><\/p>\n<p><span style=\"font-size: 20px; font-family: arial, helvetica, sans-serif; color: #000000; line-height: 1.3;\">Com a leitura do mesmo voc\u00ea aprender\u00e1:<\/span><\/p>\n<ul>\n<li><span style=\"font-size: 20px; font-family: arial, helvetica, sans-serif; color: #000000; line-height: 1.3;\">O que \u00e9 o <strong>processamento de imagens digitais<\/strong>;<\/span><\/li>\n<li><span style=\"font-size: 20px; font-family: arial, helvetica, sans-serif; color: #000000; line-height: 1.3;\">Quais as \u00e1reas de atua\u00e7\u00e3o do processamento de imagens digitais;<\/span><\/li>\n<li><span style=\"font-size: 20px; font-family: arial, helvetica, sans-serif; color: #000000; line-height: 1.3;\">Quais suas 5 etapas;<\/span><\/li>\n<li><span style=\"font-size: 20px; font-family: arial, helvetica, sans-serif; color: #000000; line-height: 1.3;\">Quais os 2 tipos de classificadores existentes;<\/span><\/li>\n<li><span style=\"font-size: 20px; font-family: arial, helvetica, sans-serif; color: #000000; line-height: 1.3;\">O processamento de imagens digitais e a obten\u00e7\u00e3o de informa\u00e7\u00f5es espectrais;<\/span><\/li>\n<li><span style=\"font-size: 20px; font-family: arial, helvetica, sans-serif; color: #000000; line-height: 1.3;\">E muito mais. <\/span><\/li>\n<\/ul>\n<p><span style=\"font-size: 20px; font-family: arial, helvetica, sans-serif; color: #000000; line-height: 1.3;\">Vou abrir meu ba\u00fa do tesouro. Prossiga a leitura com m\u00e1xima aten\u00e7\u00e3o.<\/span><\/p>\n<p>&nbsp;<\/p>\n<p style=\"text-align: center;\"><span style=\"font-size: 24px;\"><strong><span style=\"font-family: arial, helvetica, sans-serif; color: #000000; line-height: 1.3;\">O que \u00e9 o processamento de imagens digitais<\/span><\/strong><\/span><\/p>\n<p><img decoding=\"async\" src=\"https:\/\/adenilsongiovanini.com.br\/blog\/wp-content\/uploads\/2021\/11\/carta-imagem-de-santos.jpeg\" alt=\"processamento de imagens digitais\" width=\"497\" height=\"513\" class=\"aligncenter size-full wp-image-27122\" srcset=\"https:\/\/adenilsongiovanini.com.br\/blog\/wp-content\/uploads\/2021\/11\/carta-imagem-de-santos.jpeg 497w, https:\/\/adenilsongiovanini.com.br\/blog\/wp-content\/uploads\/2021\/11\/carta-imagem-de-santos-291x300.jpeg 291w\" sizes=\"(max-width: 497px) 100vw, 497px\" \/><\/p>\n<p><span style=\"font-size: 20px; font-family: arial, helvetica, sans-serif; color: #000000; line-height: 1.3;\">O <strong>processamento de imagens digitais<\/strong> (PDI) nada mais \u00e9 do que um conjunto de t\u00e9cnicas computacionais voltadas para a an\u00e1lise de dados multidimensionais obtidos via <span style=\"color: #0000ff;\"><a style=\"color: #0000ff;\" href=\"http:\/\/adenilsongiovanini.com.br\/blog\/sensoriamento-remoto\/\" target=\"_blank\" rel=\"noopener noreferrer\">sensoriamento remoto<\/a><\/span>.<\/span><\/p>\n<p><span style=\"font-size: 20px;\"><span style=\"font-family: arial, helvetica, sans-serif; color: #000000; line-height: 1.3;\">Dados estes adquiridos por <span style=\"color: #0000ff;\"><a style=\"color: #0000ff;\" href=\"http:\/\/www.dpi.inpe.br\/spring\/portugues\/tutorial\/introducao_sen.html\" target=\"_blank\" rel=\"noopener noreferrer\">sensores orbitais<\/a><\/span> e suborbitais, <\/span><span style=\"font-family: arial, helvetica, sans-serif; color: #000000;\">normalmente embarcados em <span style=\"color: #0000ff;\"><a style=\"color: #0000ff;\" href=\"https:\/\/adenilsongiovanini.com.br\/blog\/imagens-de-satelite-de-alta-resolucao-gratuitas\/\">sat\u00e9lites<\/a><\/span>, \u00f4nibus espacial, avi\u00f5es, bal\u00f5es e <span style=\"color: #0000ff;\"><a style=\"color: #0000ff;\" href=\"https:\/\/adenilsongiovanini.com.br\/blog\/topografia-com-drone-conheca-as-7-etapas\/\">drones<\/a><\/span>.<\/span><\/span><\/p>\n<p><span style=\"font-size: 20px; font-family: arial, helvetica, sans-serif; color: #000000; line-height: 1.3;\">E tamb\u00e9m, de acordo com o INPE ), por sensores terrestres, tais como sensores visuais em rob\u00f4s.<\/span><\/p>\n<p><span style=\"font-size: 20px; font-family: arial, helvetica, sans-serif; color: #000000; line-height: 1.3;\">Ou seja, o <strong>processamento de imagens digitais<\/strong> nada mais \u00e9 do que a manipula\u00e7\u00e3o de uma imagem (ou dado) por computador, de certa maneira que a entrada e a sa\u00edda do processo s\u00e3o imagens.<\/span><\/p>\n<p><span style=\"font-size: 20px; font-family: arial, helvetica, sans-serif; color: #000000; line-height: 1.3;\">O grande <strong>objetivo do mesmo<\/strong> consiste em melhorar o aspecto visual de certas fei\u00e7\u00f5es estruturais, de certa maneira que o analista consiga melhor interpretar, classificar e tomar decis\u00f5es com base nos dados existentes na imagem.<\/span><\/p>\n<p><span style=\"font-size: 20px; font-family: arial, helvetica, sans-serif; color: #000000; line-height: 1.3;\">Tendo este objetivo como ponto final, o processamento digital de imagens gera inclusive produtos que possam ser posteriormente submetidos a outros processamentos.<\/span><\/p>\n<h2 style=\"text-align: center;\"><span style=\"color: #000000; font-size: 20px;\"><strong><span style=\"font-family: arial, helvetica, sans-serif; line-height: 1.3;\">\u00c1rea<\/span><\/strong><\/span><\/h2>\n<h2 style=\"text-align: center;\"><span style=\"color: #000000; font-size: 20px;\"><strong><span style=\"font-family: arial, helvetica, sans-serif; line-height: 1.3;\">s de atua\u00e7\u00e3o do processamento de imagens digitais<\/span><\/strong><\/span><\/h2>\n<p><img decoding=\"async\" class=\"aligncenter size-large wp-image-5302\" src=\"http:\/\/adenilsongiovanini.com.br\/blog\/wp-content\/uploads\/2020\/01\/Processamento-digital-de-imagens-1024x768.jpg\" alt=\"\u00e1reas de atua\u00e7\u00e3o do processamento de imagens digitais\" width=\"1024\" height=\"768\" \/><\/p>\n<p><span style=\"font-size: 20px; font-family: arial, helvetica, sans-serif; color: #000000; line-height: 1.3;\">O <strong>PDI<\/strong> \u00e9 aplicado praticamente a toda e qualquer informa\u00e7\u00e3o gerada via <span style=\"color: #0000ff;\"><a href=\"https:\/\/adenilsongiovanini.com.br\/blog\/sensoriamento-remoto-pdf-veja-estes-6\/\" style=\"color: #0000ff;\">sensoriamento remoto<\/a><\/span>. Seja a mesma obtida de maneira orbital, sub-orbital ou <span style=\"color: #0000ff;\"><a style=\"color: #0000ff;\" href=\"https:\/\/adenilsongiovanini.com.br\/blog\/espectrorradiometro-o-que-e-e-para-que-serve\/\">terrestre<\/a><\/span>.<\/span><\/p>\n<p><span style=\"font-size: 20px;\"><span style=\"font-family: arial, helvetica, sans-serif; color: #000000; line-height: 1.3;\">As aplica\u00e7\u00f5es do PDI i<\/span><span style=\"font-family: arial, helvetica, sans-serif; color: #000000;\">ncluem \u00e1reas como:<\/span><\/span><\/p>\n<ul>\n<li><span style=\"font-size: 20px; font-family: arial, helvetica, sans-serif; color: #000000; line-height: 1.3;\">A an\u00e1lise de recursos naturais e meteorologia por meio de <span style=\"color: #0000ff;\"><a style=\"color: #0000ff;\" href=\"http:\/\/www.inmet.gov.br\/satelites\/\" target=\"_blank\" rel=\"noopener noreferrer\">imagens de sat\u00e9lites<\/a><\/span>; <\/span><\/li>\n<li><span style=\"font-size: 20px; font-family: arial, helvetica, sans-serif; color: #000000; line-height: 1.3;\">A transmiss\u00e3o digital de sinais de televis\u00e3o ou fac-s\u00edmile; <\/span><\/li>\n<li><span style=\"font-size: 20px; font-family: arial, helvetica, sans-serif; color: #000000; line-height: 1.3;\">A an\u00e1lise de imagens biom\u00e9dicas; <\/span><\/li>\n<li><span style=\"font-size: 20px; font-family: arial, helvetica, sans-serif; color: #000000; line-height: 1.3;\">A an\u00e1lise de imagens metalogr\u00e1ficas e de fibras vegetais; <\/span><\/li>\n<li><span style=\"font-size: 20px; font-family: arial, helvetica, sans-serif; color: #000000; line-height: 1.3;\">A obten\u00e7\u00e3o de imagens m\u00e9dicas por ultra-som, radia\u00e7\u00e3o nuclear ou t\u00e9cnicas de tomografia computadorizada; <\/span><\/li>\n<li><span style=\"font-size: 20px; font-family: arial, helvetica, sans-serif; color: #000000; line-height: 1.3;\">Aplica\u00e7\u00f5es em automa\u00e7\u00e3o industrial envolvendo o uso de sensores visuais em rob\u00f4s.<\/span><\/li>\n<\/ul>\n<p>&nbsp;<\/p>\n<h2 style=\"text-align: center;\"><span style=\"color: #000000; font-family: arial, helvetica, sans-serif; line-height: 1.3; font-size: 24px;\"><strong><span>Processamento de imagem digital<\/span> e a obten\u00e7\u00e3o de informa\u00e7\u00f5es espectrais<\/strong><\/span><\/h2>\n<p><img decoding=\"async\" class=\"aligncenter size-full wp-image-5305\" src=\"http:\/\/adenilsongiovanini.com.br\/blog\/wp-content\/uploads\/2020\/01\/comportamento-espectral-de-alvos.jpg\" alt=\"comportamento espectral dos alvos\" width=\"591\" height=\"363\" srcset=\"https:\/\/adenilsongiovanini.com.br\/blog\/wp-content\/uploads\/2020\/01\/comportamento-espectral-de-alvos.jpg 591w, https:\/\/adenilsongiovanini.com.br\/blog\/wp-content\/uploads\/2020\/01\/comportamento-espectral-de-alvos-300x184.jpg 300w\" sizes=\"(max-width: 591px) 100vw, 591px\" \/><\/p>\n<p><span style=\"font-size: 20px; font-family: arial, helvetica, sans-serif; color: #000000; line-height: 1.3;\">A obten\u00e7\u00e3o das informa\u00e7\u00f5es espectrais registradas pelos sistemas nas diferentes partes do <span style=\"color: #0000ff;\"><a style=\"color: #0000ff;\" href=\"https:\/\/adenilsongiovanini.com.br\/blog\/espectro-eletromagnetico\/\">espectro eletromagn\u00e9tico<\/a><\/span>, visando a identifica\u00e7\u00e3o e discrimina\u00e7\u00e3o dos alvos de interesse, depende principalmente da qualidade da representa\u00e7\u00e3o dos dados contidos nas imagens.<\/span><\/p>\n<p><span style=\"font-size: 20px; font-family: arial, helvetica, sans-serif; color: #000000; line-height: 1.3;\">As t\u00e9cnicas de <strong>processamento de imagens digitais<\/strong>, al\u00e9m de permitirem analisar uma cena nas v\u00e1rias regi\u00f5es do espectro eletromagn\u00e9tico, tamb\u00e9m possibilitam a integra\u00e7\u00e3o de v\u00e1rios tipos de <span style=\"color: #0000ff;\"><a style=\"color: #0000ff;\" href=\"https:\/\/adenilsongiovanini.com.br\/blog\/georreferenciado-e-georreferenciamento\/\">dados devidamente georreferenciados<\/a><\/span>.<\/span><\/p>\n<p>&nbsp;<\/p>\n<h2 style=\"text-align: center;\"><span style=\"font-size: 24px;\"><strong><span style=\"font-family: arial, helvetica, sans-serif; color: #000000; line-height: 1.3;\">Etapas do processamento de imagens digitais<\/span><\/strong><\/span><\/h2>\n<p><img decoding=\"async\" class=\"aligncenter wp-image-5306 size-full\" src=\"https:\/\/adenilsongiovanini.com.br\/blog\/wp-content\/uploads\/2020\/01\/Etapas-basicas-para-o-processamento-digital-de-imagens.png\" alt=\"Etapas basicas para o processamento de imagem digital\" width=\"850\" height=\"634\" srcset=\"https:\/\/adenilsongiovanini.com.br\/blog\/wp-content\/uploads\/2020\/01\/Etapas-basicas-para-o-processamento-digital-de-imagens.png 850w, https:\/\/adenilsongiovanini.com.br\/blog\/wp-content\/uploads\/2020\/01\/Etapas-basicas-para-o-processamento-digital-de-imagens-300x224.png 300w, https:\/\/adenilsongiovanini.com.br\/blog\/wp-content\/uploads\/2020\/01\/Etapas-basicas-para-o-processamento-digital-de-imagens-780x582.png 780w, https:\/\/adenilsongiovanini.com.br\/blog\/wp-content\/uploads\/2020\/01\/Etapas-basicas-para-o-processamento-digital-de-imagens-768x573.png 768w\" sizes=\"(max-width: 850px) 100vw, 850px\" \/><\/p>\n<p><span style=\"font-size: 20px; font-family: arial, helvetica, sans-serif; color: #000000; line-height: 1.3;\">O processamento de imagens digitais pode ser dividido em 3 etapas. S\u00e3o elas:<\/span><\/p>\n<ul>\n<li><span style=\"font-size: 20px; font-family: arial, helvetica, sans-serif; color: #000000; line-height: 1.3;\">Pr\u00e9-processamento;<\/span><\/li>\n<li><span style=\"font-size: 20px; font-family: arial, helvetica, sans-serif; color: #000000; line-height: 1.3;\">Realce e;<\/span><\/li>\n<li><span style=\"font-size: 20px; font-family: arial, helvetica, sans-serif; color: #000000; line-height: 1.3;\"><span style=\"color: #0000ff;\"><a href=\"https:\/\/adenilsongiovanini.com.br\/blog\/imagens-de-sensoriamento-remoto\/\" style=\"color: #0000ff;\">Classifica\u00e7\u00e3o de imagens<\/a><\/span>.<\/span><\/li>\n<\/ul>\n<p><span style=\"font-size: 20px; font-family: arial, helvetica, sans-serif; color: #000000; line-height: 1.3;\">Vamos entender cada uma destas etapas.<\/span><\/p>\n<p>&nbsp;<\/p>\n<h3 style=\"text-align: center;\"><strong><span style=\"font-size: 18pt; font-family: arial, helvetica, sans-serif; color: #000000; line-height: 1.3;\">Pr\u00e9-processamento<\/span><\/strong><\/h3>\n<p><img decoding=\"async\" class=\"aligncenter size-large wp-image-5310\" src=\"http:\/\/adenilsongiovanini.com.br\/blog\/wp-content\/uploads\/2020\/01\/pr\u00e9-processamento-de-imagens-1024x579.jpg\" alt=\"processamento de imagens digitais - pr\u00e9 processamento de imagens\" width=\"1024\" height=\"579\" \/><\/p>\n<p>&nbsp;<\/p>\n<p><span style=\"font-size: 20px; font-family: arial, helvetica, sans-serif; color: #000000; line-height: 1.3;\">Etapa na qual \u00e9 feito o processamento inicial de dados brutos. Esta etapa \u00e9 sub-dividida em 3 etapas. S\u00e3o elas:<\/span><\/p>\n<ul>\n<li><span style=\"font-size: 20px; font-family: arial, helvetica, sans-serif; color: #000000; line-height: 1.3;\">Calibra\u00e7\u00e3o radiom\u00e9trica da imagem;<\/span><\/li>\n<li><span style=\"font-size: 20px; font-family: arial, helvetica, sans-serif; color: #000000; line-height: 1.3;\">Corre\u00e7\u00e3o de distor\u00e7\u00f5es geom\u00e9tricas e;<\/span><\/li>\n<li><span style=\"font-size: 20px; font-family: arial, helvetica, sans-serif; color: #000000; line-height: 1.3;\">Remo\u00e7\u00e3o de ru\u00eddo.<\/span><\/li>\n<\/ul>\n<p>&nbsp;<\/p>\n<h3 style=\"text-align: center;\"><strong><span style=\"font-size: 18pt; font-family: arial, helvetica, sans-serif; color: #000000; line-height: 1.3;\">Processamento de imagens digitais &#8211; Realce<\/span><\/strong><\/h3>\n<p><img decoding=\"async\" class=\"aligncenter size-full wp-image-5309\" src=\"http:\/\/adenilsongiovanini.com.br\/blog\/wp-content\/uploads\/2020\/01\/realce-de-imagens-pdi.jpg\" alt=\"processamento de imagens digitais - realce de imagens pdi\" width=\"724\" height=\"554\" srcset=\"https:\/\/adenilsongiovanini.com.br\/blog\/wp-content\/uploads\/2020\/01\/realce-de-imagens-pdi.jpg 724w, https:\/\/adenilsongiovanini.com.br\/blog\/wp-content\/uploads\/2020\/01\/realce-de-imagens-pdi-300x230.jpg 300w\" sizes=\"(max-width: 724px) 100vw, 724px\" \/><\/p>\n<p><span style=\"font-size: 20px; font-family: arial, helvetica, sans-serif; color: #000000; line-height: 1.3;\">Etapa na qual <strong>a qualidade da imagem \u00e9 melhorada<\/strong>. Esta etapa tem por objetivo aumentar o contraste entre as diferentes fei\u00e7\u00f5es, permitindo que o analista consiga fazer uma melhor discrimina\u00e7\u00e3o dos objetos presentes na imagem.<\/span><\/p>\n<p>&nbsp;<\/p>\n<h4 style=\"text-align: center;\"><span style=\"font-size: 18pt; color: #000000; font-family: arial, helvetica, sans-serif; line-height: 1.3;\"><strong>Processamento de imagens digitais &#8211; Realce de contraste<\/strong><\/span><\/h4>\n<p><span style=\"font-size: 20px; font-family: arial, helvetica, sans-serif; color: #000000; line-height: 1.3;\">O realce de contraste normalmente \u00e9 utilizado como uma etapa de pr\u00e9-processamento para sistemas de reconhecimento de padr\u00f5es.<\/span><\/p>\n<p><span style=\"font-size: 20px; font-family: arial, helvetica, sans-serif; color: #000000; line-height: 1.3;\">A <b>manipula\u00e7\u00e3o do contraste<\/b> consiste numa transfer\u00eancia radiom\u00e9trica em cada &#8220;pixel&#8221;, com o objetivo de aumentar a discrimina\u00e7\u00e3o visual entre os objetos presentes na imagem.<\/span><\/p>\n<p><span style=\"font-size: 20px; font-family: arial, helvetica, sans-serif; color: #000000; line-height: 1.3;\">Realiza-se o realce ponto a ponto, independentemente da vizinhan\u00e7a, sendo que os <strong>principais m\u00e9todos de realce de contraste<\/strong> s\u00e3o:<\/span><\/p>\n<ul>\n<li><span style=\"font-size: 20px; font-family: arial, helvetica, sans-serif; color: #000000; line-height: 1.3;\">Realce linear;<\/span><\/li>\n<li><span style=\"font-size: 20px; font-family: arial, helvetica, sans-serif; color: #000000; line-height: 1.3;\">Realce M\u00ednimo\/M\u00e1ximo;<\/span><\/li>\n<li><span style=\"font-size: 20px; font-family: arial, helvetica, sans-serif; color: #000000; line-height: 1.3;\">Realce Raiz Quadrado;<\/span><\/li>\n<li><span style=\"font-size: 20px; font-family: arial, helvetica, sans-serif; color: #000000; line-height: 1.3;\"> Realce Quadrado;<\/span><\/li>\n<li><span style=\"font-size: 20px; font-family: arial, helvetica, sans-serif; color: #000000; line-height: 1.3;\">Realce Logar\u00edtmico;<\/span><\/li>\n<li><span style=\"font-size: 20px; font-family: arial, helvetica, sans-serif; color: #000000; line-height: 1.3;\">Realce por Equaliza\u00e7\u00e3o de Histograma;<\/span><\/li>\n<li><span style=\"font-size: 20px; font-family: arial, helvetica, sans-serif; color: #000000; line-height: 1.3;\">Realce por fatiamento e;<\/span><\/li>\n<li><span style=\"font-size: 20px; font-family: arial, helvetica, sans-serif; color: #000000; line-height: 1.3;\">Realce por Edi\u00e7\u00e3o.<\/span><\/li>\n<\/ul>\n<p>&nbsp;<\/p>\n<h3 style=\"text-align: center;\"><strong><span style=\"font-size: 18pt; font-family: arial, helvetica, sans-serif; color: #000000; line-height: 1.3;\"><span>Processamento de imagem digital &#8211; <\/span>Classifica\u00e7\u00e3o de imagens<\/span><\/strong><\/h3>\n<p><img decoding=\"async\" class=\"aligncenter size-large wp-image-5308\" src=\"http:\/\/adenilsongiovanini.com.br\/blog\/wp-content\/uploads\/2020\/01\/clssifica\u00e7\u00e3o-de-imagens-qgis-1024x575.jpg\" alt=\"classifica\u00e7\u00e3o de imagens qgis\" width=\"1024\" height=\"575\" \/><\/p>\n<p>&nbsp;<\/p>\n<p style=\"text-align: center;\"><span style=\"color: #000000; font-family: arial, helvetica, sans-serif; font-size: 20px; line-height: 1.3;\"> Etapa na qual \u00e9 feita a amostragem, atribuindo-se classes as diferentes fei\u00e7\u00f5es existentes na imagem.<\/span><\/p>\n<p style=\"text-align: center;\"><span style=\"color: #000000; font-family: arial, helvetica, sans-serif; font-size: 20px; line-height: 1.3;\">Este processo possibilita que o analista gere uma imagem classificada, obtendo tamb\u00e9m uma s\u00e9rie de estat\u00edsticas a respeito das diferentes fei\u00e7\u00f5es existentes na \u00e1rea analisada.<\/span><\/p>\n<p style=\"text-align: center;\"><span style=\"font-size: 20px; font-family: arial, helvetica, sans-serif; color: #000000; line-height: 1.3;\">Os classificadores <strong>podem ser divididos em classificadores &#8220;pixel a pixel&#8221; e classificadores por regi\u00f5es<\/strong>.<\/span><\/p>\n<p style=\"text-align: center;\"><span style=\"font-size: 20px; font-family: arial, helvetica, sans-serif; color: #000000; line-height: 1.3;\"><strong>Classificadores &#8220;pixel a pixel&#8221;<\/strong><\/span><\/p>\n<p><span style=\"font-size: 20px; font-family: arial, helvetica, sans-serif; color: #000000; line-height: 1.3;\"><strong> Utilizam apenas a informa\u00e7\u00e3o espectral<\/strong> de cada pixel para achar regi\u00f5es homog\u00eaneas.<\/span><\/p>\n<p><span style=\"font-size: 20px; font-family: arial, helvetica, sans-serif; color: #000000; line-height: 1.3;\">Estes classificadores podem ser separados em m\u00e9todos estat\u00edsticos (utilizam regras da teoria de probabilidade) e determin\u00edsticos (n\u00e3o utilizam probabilidade).<\/span><\/p>\n<p>&nbsp;<\/p>\n<h4 style=\"text-align: center;\"><span style=\"font-size: 18pt; font-family: arial, helvetica, sans-serif; color: #000000; line-height: 1.3;\"><strong>Classificadores por regi\u00f5es<\/strong><\/span><\/h4>\n<p><span style=\"font-size: 20px; font-family: arial, helvetica, sans-serif; color: #000000;\">Utilizam, al\u00e9m de informa\u00e7\u00e3o espectral de cada &#8220;pixel&#8221;, a informa\u00e7\u00e3o espacial que envolve a rela\u00e7\u00e3o com seus vizinhos.<\/span><\/p>\n<p><span style=\"font-size: 20px; font-family: arial, helvetica, sans-serif; color: #000000; line-height: 1.3;\">Procuram simular o comportamento de um foto-int\u00e9rprete, reconhecendo \u00e1reas homog\u00eaneas de imagens, baseados nas <span style=\"color: #0000ff;\"><a style=\"color: #0000ff;\" href=\"https:\/\/adenilsongiovanini.com.br\/blog\/resolucao-espectral-espacial-radiometrica-e\/\">propriedades espectrais<\/a><\/span> e <span style=\"color: #0000ff;\"><a style=\"color: #0000ff;\" href=\"https:\/\/adenilsongiovanini.com.br\/blog\/resolucao-espacial-espectral-radiometrica-e\/\">espaciais de imagens<\/a><\/span>.<\/span><\/p>\n<p><span style=\"font-size: 20px; font-family: arial, helvetica, sans-serif; color: #000000; line-height: 1.3;\">A informa\u00e7\u00e3o de borda \u00e9 utilizada, inicialmente, para separar regi\u00f5es e as propriedades espaciais e espectrais ir\u00e3o unir \u00e1reas com mesma textura.<\/span><\/p>\n<p><span style=\"font-size: 20px; font-family: arial, helvetica, sans-serif; color: #000000; line-height: 1.3;\">O resultado da <span style=\"color: #0000ff;\"><a style=\"color: #0000ff;\" href=\"http:\/\/www.dpi.inpe.br\/spring\/portugues\/tutorial\/classific.html#:~:text=%C3%89%20constitu%C3%ADdo%20por%20um%20mapa,classes%20em%20uma%20%C3%BAnica%20imagem.\" target=\"_blank\" rel=\"noopener noreferrer\">classifica\u00e7\u00e3o digital<\/a><\/span> \u00e9 apresentado por meio de classes espectrais (\u00e1reas que possuem caracter\u00edsticas espectrais semelhantes), uma vez que um alvo dificilmente \u00e9 caracterizado por uma \u00fanica assinatura espectral.<\/span><\/p>\n<p><span style=\"font-size: 20px; font-family: arial, helvetica, sans-serif; color: #000000; line-height: 1.3;\"> \u00c9 constitu\u00eddo por um mapa de &#8220;pixels&#8221; classificados, representados por s\u00edmbolos gr\u00e1ficos ou cores.<\/span><\/p>\n<p><span style=\"font-size: 20px; font-family: arial, helvetica, sans-serif; color: #000000; line-height: 1.3;\">Ou seja, o processo de classifica\u00e7\u00e3o digital transforma um grande n\u00famero de n\u00edveis de cinza em cada banda espectral em um pequeno n\u00famero de classes em uma \u00fanica imagem.<\/span><\/p>\n<p><span style=\"font-size: 20px; font-family: arial, helvetica, sans-serif; color: #000000; line-height: 1.3;\">As t\u00e9cnicas de classifica\u00e7\u00e3o aplicadas apenas a um canal espectral (banda da imagem) s\u00e3o conhecidas como classifica\u00e7\u00f5es unidimensionais.<\/span><\/p>\n<p><span style=\"font-size: 20px; font-family: arial, helvetica, sans-serif; color: #000000; line-height: 1.3;\">Quando o crit\u00e9rio de decis\u00e3o depende da distribui\u00e7\u00e3o de n\u00edveis de cinza em v\u00e1rios canais espectrais, as t\u00e9cnicas s\u00e3o definidas como de classifica\u00e7\u00e3o multiespectral.<\/span><\/p>\n<p><span style=\"font-size: 20px; font-family: arial, helvetica, sans-serif; color: #000000; line-height: 1.3;\">O primeiro passo em um processo de classifica\u00e7\u00e3o multiespectral \u00e9 o treinamento. Etapa na qual \u00e9 feito o reconhecimento da assinatura espectral das classes.<\/span><\/p>\n<p><span style=\"font-size: 20px; font-family: arial, helvetica, sans-serif; color: #000000; line-height: 1.3;\">Existem basicamente duas formas de treinamento:<\/span><\/p>\n<ul>\n<li><span style=\"font-size: 20px; font-family: arial, helvetica, sans-serif; color: #000000; line-height: 1.3;\"><span style=\"color: #0000ff;\"><a style=\"color: #0000ff;\" href=\"https:\/\/pt.slideshare.net\/aandrade1234\/classificao-supervisionada\" target=\"_blank\" rel=\"noopener noreferrer\">Supervisionado<\/a><\/span>; e<\/span><\/li>\n<li><span style=\"font-size: 20px; font-family: arial, helvetica, sans-serif; color: #000000; line-height: 1.3;\"><span style=\"color: #0000ff;\"><a style=\"color: #0000ff;\" href=\"http:\/\/paginapessoal.utfpr.edu.br\/agnesaraujo\/geoprocessamento\/Classificacao%20de%20imagens.pdf\/at_download\/file\" target=\"_blank\" rel=\"noopener noreferrer\">N\u00e3o-supervisionado<\/a><\/span>.<\/span><\/li>\n<\/ul>\n<p><span style=\"font-size: 20px; font-family: arial, helvetica, sans-serif; color: #000000; line-height: 1.3;\">Quando existem regi\u00f5es da imagem em que o usu\u00e1rio disp\u00f5e de informa\u00e7\u00f5es que permitem a identifica\u00e7\u00e3o de uma classe de interesse, o treinamento \u00e9 dito supervisionado.<\/span><\/p>\n<p><span style=\"font-size: 20px; font-family: arial, helvetica, sans-serif; color: #000000; line-height: 1.3;\">Para um treinamento supervisionado, o usu\u00e1rio deve identificar na imagem uma \u00e1rea representativa de cada classe.<\/span><\/p>\n<p><span style=\"font-size: 20px; font-family: arial, helvetica, sans-serif; color: #000000; line-height: 1.3;\">\u00c9 importante que a \u00e1rea de treinamento seja uma amostra homog\u00eanea da classe respectiva, mas ao mesmo tempo deve-se incluir toda a variabilidade dos n\u00edveis de cinza.<\/span><\/p>\n<p><span style=\"font-size: 20px; font-family: arial, helvetica, sans-serif; color: #000000; line-height: 1.3;\">Recomenda-se que o usu\u00e1rio adquira mais de uma \u00e1rea de treinamento, utilizando o maior n\u00famero de informa\u00e7\u00f5es dispon\u00edveis, como trabalhos de campo, mapas, etc.<\/span><\/p>\n<p><span style=\"font-size: 20px; font-family: arial, helvetica, sans-serif; color: #000000; line-height: 1.3;\">Para a obten\u00e7\u00e3o de classes estatisticamente confi\u00e1veis, s\u00e3o necess\u00e1rios de 10 a 100 &#8220;pixels&#8221; de <span style=\"color: #0000ff;\"><a style=\"color: #0000ff;\" href=\"http:\/\/www.dpi.inpe.br\/spring\/portugues\/tutorial\/classific.html\" target=\"_blank\" rel=\"noopener noreferrer\">treinamento por classe<\/a><\/span>.<\/span><\/p>\n<p><span style=\"font-size: 20px; font-family: arial, helvetica, sans-serif; color: #000000; line-height: 1.3;\">O n\u00famero de &#8220;pixels&#8221; de treinamento necess\u00e1rio para a precis\u00e3o do reconhecimento de uma classe aumenta com o aumento da variabilidade entre as classes.<\/span><\/p>\n<p>&nbsp;<\/p>\n<h2 style=\"text-align: center;\"><span style=\"font-size: 24px;\"><strong><span style=\"font-family: arial, helvetica, sans-serif; color: #000000; line-height: 1.3;\">Fluxograma resumindo as etapas do processamento de imagens digitais<\/span><\/strong><\/span><\/h2>\n<p><span style=\"font-size: 20px; font-family: arial, helvetica, sans-serif; color: #000000; line-height: 1.3;\">Queiroz e Gomes (2001) trazem o seguinte fluxograma, o qual mostra a sequ\u00eancia de tarefas interconectadas envolvidas no <strong>processamento de imagens digitais<\/strong>:<\/span><\/p>\n<p><span style=\"font-size: 18pt; font-family: arial, helvetica, sans-serif; color: #000000;\"><img decoding=\"async\" class=\"aligncenter wp-image-5297\" src=\"http:\/\/adenilsongiovanini.com.br\/blog\/wp-content\/uploads\/2020\/01\/Processamento-digital-de-imagem.png\" alt=\"Processamento digital de imagem\" width=\"775\" height=\"592\" srcset=\"https:\/\/adenilsongiovanini.com.br\/blog\/wp-content\/uploads\/2020\/01\/Processamento-digital-de-imagem.png 781w, https:\/\/adenilsongiovanini.com.br\/blog\/wp-content\/uploads\/2020\/01\/Processamento-digital-de-imagem-300x229.png 300w, https:\/\/adenilsongiovanini.com.br\/blog\/wp-content\/uploads\/2020\/01\/Processamento-digital-de-imagem-768x587.png 768w\" sizes=\"(max-width: 775px) 100vw, 775px\" \/><\/span><span style=\"font-size: 20px; font-family: arial, helvetica, sans-serif; color: #000000; line-height: 1.3;\">Para entender melhor esta imagem, acesse o link: http:\/\/www.dsc.ufcg.edu.br\/~hmg\/disciplinas\/graduacao\/vc-2016.2\/Rita-Tutorial-PDI.pdf<\/span><\/p>\n<p>&nbsp;<\/p>\n<h2 style=\"text-align: center;\"><span style=\"font-size: 24px;\"><strong><span style=\"font-family: arial, helvetica, sans-serif; color: #000000; line-height: 1.3;\">Processamento de imagens digitais &#8211; Refer\u00eancias utilizadas para a produ\u00e7\u00e3o do artigo<\/span><\/strong><\/span><\/h2>\n<p><span style=\"font-size: 20px; font-family: arial, helvetica, sans-serif; color: #000000; line-height: 1.3;\">Manuais &#8211; SPRING &#8211; Classifica\u00e7\u00e3o de Imagens. Dispon\u00edvel em:<\/span><\/p>\n<p><span style=\"font-size: 20px; font-family: arial, helvetica, sans-serif; color: #000000; line-height: 1.3;\">http:\/\/www.dpi.inpe.br\/spring\/portugues\/tutorial\/classific.html<\/span><\/p>\n<p><span style=\"font-size: 20px; font-family: arial, helvetica, sans-serif; color: #000000; line-height: 1.3;\">Introdu\u00e7\u00e3o ao processamento de imagens digitais &#8211; Jos\u00e9 Eust\u00e1quio Rangel de Queiroz e Herman Martins Gomes. Dispon\u00edvel em:<\/span><\/p>\n<p><span style=\"font-size: 20px; font-family: arial, helvetica, sans-serif; color: #000000; line-height: 1.3;\">http:\/\/www.dsc.ufcg.edu.br\/~hmg\/disciplinas\/graduacao\/vc-2016.2\/Rita-Tutorial-PDI.pdf<\/span><\/p>\n<p><span style=\"font-size: 20px; font-family: arial, helvetica, sans-serif; color: #000000; line-height: 1.3;\">DPI &#8211; INPE &#8211; Teoria: Processamento de Imagens. Dispon\u00edvel em:<\/span><\/p>\n<p><span style=\"font-size: 20px; font-family: arial, helvetica, sans-serif; color: #000000; line-height: 1.3;\"><\/span><\/p>\n<p>&nbsp;<\/p>\n<h2 style=\"text-align: center;\"><span style=\"font-size: 24px;\"><strong><span style=\"font-family: arial, helvetica, sans-serif; color: #000000; line-height: 1.3;\">Continue estudando sobre o tema<\/span><\/strong><\/span><\/h2>\n<p><img decoding=\"async\" src=\"https:\/\/adenilsongiovanini.com.br\/blog\/wp-content\/uploads\/2021\/11\/spot-satelite.png\" alt=\"processamento de imagem digital - continue estudando sobre o tema\" width=\"618\" height=\"552\" class=\"aligncenter size-full wp-image-27137\" srcset=\"https:\/\/adenilsongiovanini.com.br\/blog\/wp-content\/uploads\/2021\/11\/spot-satelite.png 618w, https:\/\/adenilsongiovanini.com.br\/blog\/wp-content\/uploads\/2021\/11\/spot-satelite-300x268.png 300w\" sizes=\"(max-width: 618px) 100vw, 618px\" \/><\/p>\n<p><span style=\"font-size: 20px; font-family: arial, helvetica, sans-serif; color: #000000; line-height: 1.3;\">Aqui no blog eu possuo artigos sobre os diferentes sat\u00e9lites, suas caracter\u00edsticas e aplica\u00e7\u00f5es. Seguem os links de acesso aos mesmos:<\/span><\/p>\n<p><span style=\"font-family: arial, helvetica, sans-serif; font-size: 20px;\">&gt; <span style=\"color: #0000ff;\"><a style=\"color: #0000ff;\" href=\"https:\/\/adenilsongiovanini.com.br\/blog\/planet-satelites-caracteristicas-e-aplicacoes\/\">Planet: Sat\u00e9lite, caracter\u00edsticas e Aplica\u00e7\u00f5es&#8230;<\/a><\/span><\/span><\/p>\n<p><span style=\"font-family: arial, helvetica, sans-serif; font-size: 20px; color: #0000ff;\"><span style=\"color: #000000;\">&gt;<\/span> <a href=\"https:\/\/adenilsongiovanini.com.br\/blog\/rapideye-historico-caracteristicas-e-aplicacoes\/\" style=\"color: #0000ff;\">RapidEye: Hist\u00f3rico, Caracter\u00edsticas e Aplica\u00e7\u00f5es\u2026<\/a><\/span><\/p>\n<p><span style=\"font-family: arial, helvetica, sans-serif; font-size: 20px; color: #0000ff;\"><span style=\"color: #000000;\">&gt;<\/span> <a href=\"https:\/\/adenilsongiovanini.com.br\/blog\/alos-historico-caracteristicas-e-aplicacoes\/\" style=\"color: #0000ff;\">Alos: Conhe\u00e7a este fabuloso sat\u00e9lite e suas imagens\u2026<\/a><\/span><\/p>\n<p><span style=\"font-family: arial, helvetica, sans-serif; font-size: 20px; color: #0000ff;\"><span style=\"color: #000000;\">&gt;<\/span> <a href=\"https:\/\/adenilsongiovanini.com.br\/blog\/cbers-4-e-cbers-4a-historia-e-aplicacoes\/\" style=\"color: #0000ff;\">CBERS 4 e CBERS 4a: Hist\u00f3ria e Aplica\u00e7\u00f5es\u2026<\/a><\/span><\/p>\n<p><span style=\"font-family: arial, helvetica, sans-serif; font-size: 20px; color: #0000ff;\"><span style=\"color: #000000;\">&gt;<\/span> <a href=\"https:\/\/adenilsongiovanini.com.br\/blog\/satelite-landsat-historico-e-aplicacoes\/\" style=\"color: #0000ff;\">Landsat: hist\u00f3rico e aplica\u00e7\u00f5es\u2026<\/a><\/span><\/p>\n<p><span style=\"font-family: arial, helvetica, sans-serif; font-size: 20px; color: #0000ff;\"><span style=\"color: #000000;\">&gt;<\/span> <a href=\"https:\/\/adenilsongiovanini.com.br\/blog\/ikonos-imagens-caracteristicas-e-aplicacoes\/\" style=\"color: #0000ff;\">Ikonos: imagens, caracter\u00edsticas e aplica\u00e7\u00f5es\u2026.<\/a><\/span><\/p>\n<p><span style=\"font-family: arial, helvetica, sans-serif; font-size: 20px; color: #0000ff;\"><span style=\"color: #000000;\">&gt;<\/span> <a href=\"https:\/\/adenilsongiovanini.com.br\/blog\/geoeye-imagens-caracteristicas-e-aplicacoes\/\" style=\"color: #0000ff;\">GeoEye: um poderoso sat\u00e9lite com resolu\u00e7\u00e3o espacial subm\u00e9trica\u2026<\/a><\/span><\/p>\n<p><span style=\"font-family: arial, helvetica, sans-serif; font-size: 20px; color: #0000ff;\"><span style=\"color: #000000;\">&gt;<\/span> <a href=\"https:\/\/adenilsongiovanini.com.br\/blog\/quickbird-caracteristicas-diferenciais-e-aplicacoes\/\" style=\"color: #0000ff;\">QuickBird: Um sat\u00e9lite com uma alta resolu\u00e7\u00e3o\u2026<\/a><\/span><\/p>\n<p><span style=\"font-family: arial, helvetica, sans-serif; font-size: 20px; color: #0000ff;\"><span style=\"color: #000000;\">&gt;<\/span> <a href=\"https:\/\/adenilsongiovanini.com.br\/blog\/worldview-nasa-caracteristicas-e-aplicacoes\/\" style=\"color: #0000ff;\">Wordview: tudo que voc\u00ea precisa saber a respeito\u2026<\/a><\/span><\/p>\n<p><span style=\"font-size: 20px;\"><span style=\"font-family: arial, helvetica, sans-serif; color: #000000; line-height: 1.3;\">Lembrando que eu tamb\u00e9m possuo uma s\u00e9rie de <strong>cursos pr\u00e1ticos e de livros<\/strong>. <\/span><\/span><\/p>\n<p><span style=\"font-size: 20px; font-family: arial, helvetica, sans-serif; color: #000000; line-height: 1.3;\">Se voc\u00ea quer<strong> MERGULHAR FUNDO e aprender a prestar servi\u00e7os com grande velocidade e com seguran\u00e7a<\/strong>, <span style=\"color: #0000ff;\"><a style=\"color: #0000ff;\" href=\"https:\/\/adenilsongiovanini.com.br\/cursos-online\/\">acesse este link<\/a><\/span> e conhe\u00e7a os mesmos.<\/span><\/p>\n<p><span style=\"color: #000000;\"><span style=\"font-size: 20px; font-family: arial, helvetica, sans-serif; line-height: 1.3;\">Entre eles, o <span style=\"color: #0000ff;\"><a style=\"color: #0000ff;\" href=\"https:\/\/adenilsongiovanini.com.br\/curso-de-autocad-para-topografia\/\" target=\"_blank\" rel=\"noopener noreferrer\">Curso de Confec\u00e7\u00e3o de Plantas Topogr\u00e1ficas<\/a><\/span>. <span style=\"color: #000000;\">Um <\/span><\/span><span style=\"font-size: 20px; font-family: arial, helvetica, sans-serif; line-height: 1.3;\">curso pr\u00e1tico\u00a0<\/span><span style=\"font-size: 20px; font-family: arial, helvetica, sans-serif; line-height: 1.3;\">com o qual voc\u00ea vai <strong>aprender a produzir as 15 diferentes plantas produzidas em um escrit\u00f3rio de topografia<\/strong>.<\/span><\/span><\/p>\n<p><a href=\"https:\/\/adenilsongiovanini.com.br\/curso-de-autocad-para-topografia\/\" target=\"_blank\" rel=\"noopener noreferrer\"><img decoding=\"async\" class=\"aligncenter wp-image-31689\" src=\"https:\/\/adenilsongiovanini.com.br\/wp-content\/uploads\/2022\/07\/planta-de-topografia-1024x612.png\" alt=\"\" width=\"770\" height=\"460\" \/><\/a><\/p>\n<p><span style=\"font-family: arial, helvetica, sans-serif; font-size: 20px; color: #000000;\">Clique <a href=\"https:\/\/adenilsongiovanini.com.br\/curso-de-autocad-para-topografia\/\" target=\"_blank\" rel=\"noopener noreferrer\"><span style=\"color: #0000ff;\">neste link<\/span><\/a> e conhe\u00e7a melhor o mesmo.<\/span><\/p>\n<p><span style=\"font-size: 20px; font-family: arial, helvetica, sans-serif; color: #000000; line-height: 1.3;\">\u00c9 isso por este artigo. Gratid\u00e3o por voc\u00ea ter lido o mesmo. \ud83d\ude4f<\/span><\/p>\n<p>&nbsp;<\/p>\n<p>&nbsp;<\/p>\n<h2 style=\"text-align: center;\"><span style=\"font-family: arial, helvetica, sans-serif; color: #000000; font-size: 24px;\"><strong>Domine a Topografia Cadastral atrav\u00e9s de um livro formado por centenas de exemplos pr\u00e1ticos <\/strong><\/span><\/h2>\n<h2 style=\"text-align: center;\"><span style=\"font-size: 20px;\"><a href=\"https:\/\/adenilsongiovanini.com.br\/georreferenciamento-de-imoveis-rurais-na-pratica\/\" rel=\"nofollow noreferrer\"><img decoding=\"async\" class=\"aligncenter size-large wp-image-19317\" src=\"https:\/\/adenilsongiovanini.com.br\/blog\/wp-content\/uploads\/2021\/04\/livro-de-topografia-e-georreferenciamento-1024x474.png\" sizes=\"(max-width: 1024px) 100vw, 1024px\" srcset=\"https:\/\/adenilsongiovanini.com.br\/blog\/wp-content\/uploads\/2021\/04\/livro-de-topografia-e-georreferenciamento-1024x474.png 1024w, https:\/\/adenilsongiovanini.com.br\/blog\/wp-content\/uploads\/2021\/04\/livro-de-topografia-e-georreferenciamento-300x139.png 300w, https:\/\/adenilsongiovanini.com.br\/blog\/wp-content\/uploads\/2021\/04\/livro-de-topografia-e-georreferenciamento-768x355.png 768w, https:\/\/adenilsongiovanini.com.br\/blog\/wp-content\/uploads\/2021\/04\/livro-de-topografia-e-georreferenciamento-1536x711.png 1536w, https:\/\/adenilsongiovanini.com.br\/blog\/wp-content\/uploads\/2021\/04\/livro-de-topografia-e-georreferenciamento-320x148.png 320w, https:\/\/adenilsongiovanini.com.br\/blog\/wp-content\/uploads\/2021\/04\/livro-de-topografia-e-georreferenciamento-640x296.png 640w, https:\/\/adenilsongiovanini.com.br\/blog\/wp-content\/uploads\/2021\/04\/livro-de-topografia-e-georreferenciamento-360x167.png 360w, https:\/\/adenilsongiovanini.com.br\/blog\/wp-content\/uploads\/2021\/04\/livro-de-topografia-e-georreferenciamento-720x333.png 720w, https:\/\/adenilsongiovanini.com.br\/blog\/wp-content\/uploads\/2021\/04\/livro-de-topografia-e-georreferenciamento-1080x500.png 1080w, https:\/\/adenilsongiovanini.com.br\/blog\/wp-content\/uploads\/2021\/04\/livro-de-topografia-e-georreferenciamento-800x370.png 800w, https:\/\/adenilsongiovanini.com.br\/blog\/wp-content\/uploads\/2021\/04\/livro-de-topografia-e-georreferenciamento-1280x592.png 1280w, https:\/\/adenilsongiovanini.com.br\/blog\/wp-content\/uploads\/2021\/04\/livro-de-topografia-e-georreferenciamento.png 1565w\" alt=\"livro de topografia e georreferenciamento\" width=\"1024\" height=\"474\" \/><\/a><\/span><\/h2>\n<p><span style=\"font-family: arial, helvetica, sans-serif; font-size: 20px; color: #000000;\">Voc\u00ea quer dominar a Topografia Cadastral?<\/span><\/p>\n<p><span style=\"font-family: arial, helvetica, sans-serif; font-size: 20px; color: #000000;\">Ent\u00e3o eu tenho uma \u00f3tima noticia para voc\u00ea. Me refiro ao <span style=\"color: #0000ff;\"><a style=\"color: #0000ff;\" href=\"https:\/\/adenilsongiovanini.com.br\/georreferenciamento-de-imoveis-rurais-na-pratica\/\" rel=\"nofollow noreferrer\">livro Topografia Cadastral e Georreferenciamento de Im\u00f3veis Rurais na Pr\u00e1tica<\/a><\/span>.<\/span><\/p>\n<p><span style=\"font-size: 20px;\"><span style=\"font-family: arial, helvetica, sans-serif; color: #000000;\">O mesmo \u00e9 dividido em 10 cap\u00edtulos recheados com muitos estudos de caso e exemplos pr\u00e1ticos. D\u00ea uma espiadinha no sum\u00e1rio do mesmo:<\/span><\/span><\/p>\n<p>&nbsp;<\/p>\n<p><center><iframe width=\"99%\" height=\"980\" src=\"https:\/\/drive.google.com\/file\/d\/1HJ8fZz1PvPmftfXHJNFTvIBBzY_FZhPJ\/preview\"><span data-mce-type=\"bookmark\" style=\"display: inline-block; width: 0px; overflow: hidden; line-height: 0;\" class=\"mce_SELRES_start\">\ufeff<\/span><\/iframe><\/center><\/p>\n<p>&nbsp;<\/p>\n<p><span style=\"font-size: 20px;\"><span style=\"font-family: arial, helvetica, sans-serif; color: #000000;\">Para conhecer melhor a estrutura do livro, juntar-se a mais de 800 profissionais e adquirir sua c\u00f3pia \u00e9 s\u00f3 clicar no bot\u00e3o abaixo:<\/span><\/span><\/p>\n<p>&nbsp;<\/p>\n<p><span style=\"color: #000000; font-size: 20px;\"><div class=\"su-button-center\"><a href=\"https:\/\/adenilsongiovanini.com.br\/georreferenciamento-de-imoveis-rurais-na-pratica\/\" class=\"su-button su-button-style-3d\" style=\"color:#000000;background-color:#2BCC2F;border-color:#23a426;border-radius:9px\" target=\"_blank\" rel=\"nofollow\" id=\"1\"><span style=\"color:#000000;padding:0px 24px;font-size:18px;line-height:36px;border-color:#6bdc6e;border-radius:9px;text-shadow:0px 0px 0px #000000\"> \u279c Quero Conhecer Melhor o Livro, Pois Quero e Preciso Aprender Mais Sobre Legisla\u00e7\u00e3o Cadastral e Geo. de Im\u00f3veis Rurais<\/span><\/a><\/div><\/span><\/p>\n<p>&nbsp;<\/p>\n<p>&nbsp;<\/p>\n","protected":false},"excerpt":{"rendered":"<p>Processamento de imagens digitais, voc\u00ea acabou de encontrar um artigo definitivo sobre o tema. Com a leitura do mesmo voc\u00ea aprender\u00e1: O que \u00e9 o processamento de imagens digitais; Quais as \u00e1reas de atua\u00e7\u00e3o do processamento de imagens digitais; Quais suas 5 etapas; Quais os 2 tipos de classificadores existentes; [&hellip;]<\/p>\n","protected":false},"author":1,"featured_media":26258,"comment_status":"closed","ping_status":"closed","sticky":false,"template":"","format":"standard","meta":{"_monsterinsights_skip_tracking":false,"_monsterinsights_sitenote_active":false,"_monsterinsights_sitenote_note":"","_monsterinsights_sitenote_category":0,"footnotes":""},"categories":[13],"tags":[],"class_list":["post-26256","post","type-post","status-publish","format-standard","has-post-thumbnail","hentry","category-arcgis"],"yoast_head":"<!-- This site is optimized with the Yoast SEO plugin v26.5 - https:\/\/yoast.com\/wordpress\/plugins\/seo\/ -->\n<title>Processamento de Imagens Digitais? - Adenilson Giovanini<\/title>\n<meta name=\"description\" content=\"Descubra o que \u00e9 o processamento de imagens digitais, quais as 3 etapas, m\u00e9todos de classifica\u00e7\u00e3o e classificadores existentes. Leia.\" \/>\n<meta name=\"robots\" content=\"index, follow, max-snippet:-1, max-image-preview:large, max-video-preview:-1\" \/>\n<link rel=\"canonical\" href=\"https:\/\/adenilsongiovanini.com.br\/blog\/processamento-de-imagens-digitais\/\" \/>\n<meta property=\"og:locale\" content=\"pt_BR\" \/>\n<meta property=\"og:type\" content=\"article\" \/>\n<meta property=\"og:title\" content=\"Processamento de Imagens Digitais? - Adenilson Giovanini\" \/>\n<meta property=\"og:description\" content=\"Descubra o que \u00e9 o processamento de imagens digitais, quais as 3 etapas, m\u00e9todos de classifica\u00e7\u00e3o e classificadores existentes. Leia.\" \/>\n<meta property=\"og:url\" content=\"https:\/\/adenilsongiovanini.com.br\/blog\/processamento-de-imagens-digitais\/\" \/>\n<meta property=\"og:site_name\" content=\"Adenilson Giovanini\" \/>\n<meta property=\"article:publisher\" content=\"https:\/\/www.facebook.com\/otopografo\/\" \/>\n<meta property=\"article:author\" content=\"https:\/\/www.facebook.com\/otopografo\/\" \/>\n<meta property=\"article:published_time\" content=\"2021-10-21T14:35:11+00:00\" \/>\n<meta property=\"article:modified_time\" content=\"2023-03-03T01:02:51+00:00\" \/>\n<meta property=\"og:image\" content=\"https:\/\/adenilsongiovanini.com.br\/blog\/wp-content\/uploads\/2021\/10\/processamento-de-imagem-digital.jpg\" \/>\n\t<meta property=\"og:image:width\" content=\"730\" \/>\n\t<meta property=\"og:image:height\" content=\"448\" \/>\n\t<meta property=\"og:image:type\" content=\"image\/jpeg\" \/>\n<meta name=\"author\" content=\"Adenilson Giovanini\" \/>\n<meta name=\"twitter:card\" content=\"summary_large_image\" \/>\n<meta name=\"twitter:label1\" content=\"Escrito por\" \/>\n\t<meta name=\"twitter:data1\" content=\"Adenilson Giovanini\" \/>\n\t<meta name=\"twitter:label2\" content=\"Est. tempo de leitura\" \/>\n\t<meta name=\"twitter:data2\" content=\"9 minutos\" \/>\n<script type=\"application\/ld+json\" class=\"yoast-schema-graph\">{\"@context\":\"https:\/\/schema.org\",\"@graph\":[{\"@type\":\"Article\",\"@id\":\"https:\/\/adenilsongiovanini.com.br\/blog\/processamento-de-imagens-digitais\/#article\",\"isPartOf\":{\"@id\":\"https:\/\/adenilsongiovanini.com.br\/blog\/processamento-de-imagens-digitais\/\"},\"author\":{\"name\":\"Adenilson Giovanini\",\"@id\":\"https:\/\/adenilsongiovanini.com.br\/blog\/#\/schema\/person\/9c1daa7da73c116aae2cb0568d1daa23\"},\"headline\":\"Processamento de Imagens Digitais?\",\"datePublished\":\"2021-10-21T14:35:11+00:00\",\"dateModified\":\"2023-03-03T01:02:51+00:00\",\"mainEntityOfPage\":{\"@id\":\"https:\/\/adenilsongiovanini.com.br\/blog\/processamento-de-imagens-digitais\/\"},\"wordCount\":1685,\"publisher\":{\"@id\":\"https:\/\/adenilsongiovanini.com.br\/blog\/#\/schema\/person\/9c1daa7da73c116aae2cb0568d1daa23\"},\"image\":{\"@id\":\"https:\/\/adenilsongiovanini.com.br\/blog\/processamento-de-imagens-digitais\/#primaryimage\"},\"thumbnailUrl\":\"https:\/\/adenilsongiovanini.com.br\/blog\/wp-content\/uploads\/2021\/10\/processamento-de-imagem-digital.jpg\",\"articleSection\":[\"ArcGIS\"],\"inLanguage\":\"pt-BR\"},{\"@type\":\"WebPage\",\"@id\":\"https:\/\/adenilsongiovanini.com.br\/blog\/processamento-de-imagens-digitais\/\",\"url\":\"https:\/\/adenilsongiovanini.com.br\/blog\/processamento-de-imagens-digitais\/\",\"name\":\"Processamento de Imagens Digitais? - Adenilson Giovanini\",\"isPartOf\":{\"@id\":\"https:\/\/adenilsongiovanini.com.br\/blog\/#website\"},\"primaryImageOfPage\":{\"@id\":\"https:\/\/adenilsongiovanini.com.br\/blog\/processamento-de-imagens-digitais\/#primaryimage\"},\"image\":{\"@id\":\"https:\/\/adenilsongiovanini.com.br\/blog\/processamento-de-imagens-digitais\/#primaryimage\"},\"thumbnailUrl\":\"https:\/\/adenilsongiovanini.com.br\/blog\/wp-content\/uploads\/2021\/10\/processamento-de-imagem-digital.jpg\",\"datePublished\":\"2021-10-21T14:35:11+00:00\",\"dateModified\":\"2023-03-03T01:02:51+00:00\",\"description\":\"Descubra o que \u00e9 o processamento de imagens digitais, quais as 3 etapas, m\u00e9todos de classifica\u00e7\u00e3o e classificadores existentes. Leia.\",\"breadcrumb\":{\"@id\":\"https:\/\/adenilsongiovanini.com.br\/blog\/processamento-de-imagens-digitais\/#breadcrumb\"},\"inLanguage\":\"pt-BR\",\"potentialAction\":[{\"@type\":\"ReadAction\",\"target\":[\"https:\/\/adenilsongiovanini.com.br\/blog\/processamento-de-imagens-digitais\/\"]}]},{\"@type\":\"ImageObject\",\"inLanguage\":\"pt-BR\",\"@id\":\"https:\/\/adenilsongiovanini.com.br\/blog\/processamento-de-imagens-digitais\/#primaryimage\",\"url\":\"https:\/\/adenilsongiovanini.com.br\/blog\/wp-content\/uploads\/2021\/10\/processamento-de-imagem-digital.jpg\",\"contentUrl\":\"https:\/\/adenilsongiovanini.com.br\/blog\/wp-content\/uploads\/2021\/10\/processamento-de-imagem-digital.jpg\",\"width\":730,\"height\":448},{\"@type\":\"BreadcrumbList\",\"@id\":\"https:\/\/adenilsongiovanini.com.br\/blog\/processamento-de-imagens-digitais\/#breadcrumb\",\"itemListElement\":[{\"@type\":\"ListItem\",\"position\":1,\"name\":\"Home\",\"item\":\"https:\/\/adenilsongiovanini.com.br\/blog\/\"},{\"@type\":\"ListItem\",\"position\":2,\"name\":\"Processamento de Imagens Digitais?\"}]},{\"@type\":\"WebSite\",\"@id\":\"https:\/\/adenilsongiovanini.com.br\/blog\/#website\",\"url\":\"https:\/\/adenilsongiovanini.com.br\/blog\/\",\"name\":\"Adenilson Giovanini\",\"description\":\"Topografia e Geotecnologias\",\"publisher\":{\"@id\":\"https:\/\/adenilsongiovanini.com.br\/blog\/#\/schema\/person\/9c1daa7da73c116aae2cb0568d1daa23\"},\"potentialAction\":[{\"@type\":\"SearchAction\",\"target\":{\"@type\":\"EntryPoint\",\"urlTemplate\":\"https:\/\/adenilsongiovanini.com.br\/blog\/?s={search_term_string}\"},\"query-input\":{\"@type\":\"PropertyValueSpecification\",\"valueRequired\":true,\"valueName\":\"search_term_string\"}}],\"inLanguage\":\"pt-BR\"},{\"@type\":[\"Person\",\"Organization\"],\"@id\":\"https:\/\/adenilsongiovanini.com.br\/blog\/#\/schema\/person\/9c1daa7da73c116aae2cb0568d1daa23\",\"name\":\"Adenilson Giovanini\",\"image\":{\"@type\":\"ImageObject\",\"inLanguage\":\"pt-BR\",\"@id\":\"https:\/\/adenilsongiovanini.com.br\/blog\/#\/schema\/person\/image\/\",\"url\":\"https:\/\/adenilsongiovanini.com.br\/blog\/wp-content\/litespeed\/avatar\/be8f4de5c0b8a93c57a4f29cbf2f1e92.jpg?ver=1777130135\",\"contentUrl\":\"https:\/\/adenilsongiovanini.com.br\/blog\/wp-content\/litespeed\/avatar\/be8f4de5c0b8a93c57a4f29cbf2f1e92.jpg?ver=1777130135\",\"caption\":\"Adenilson Giovanini\"},\"logo\":{\"@id\":\"https:\/\/adenilsongiovanini.com.br\/blog\/#\/schema\/person\/image\/\"},\"description\":\"O Professor Adenilson Giovanini \u00e9 especialista em Topografia Cadastral e Georreferenciamento de Im\u00f3veis Rurais. O mesmo possui o Maior Site de Engenharia de Agrimensura do Brasil. Site este que tem mais de 102.000 visualiza\u00e7\u00f5es por m\u00eas. Tamb\u00e9m possui mais de 600 v\u00eddeos em seu canal no youtube. Al\u00e9m disso, \u00e9 escritor Best Seller, possuindo v\u00e1rios cursos e livros de sucesso.\",\"sameAs\":[\"http:\/\/adenilsongiovanini.com.br\",\"https:\/\/www.facebook.com\/otopografo\/\",\"https:\/\/www.instagram.com\/adenilson_giovanini\/\",\"https:\/\/www.linkedin.com\/in\/adenilson-giovanini-819b8035\/\",\"https:\/\/br.pinterest.com\/adenilsongiovanini\/\",\"https:\/\/www.youtube.com\/channel\/uce-br7ghiuog2txcsdx5vrw\"]}]}<\/script>\n<!-- \/ Yoast SEO plugin. -->","yoast_head_json":{"title":"Processamento de Imagens Digitais? - Adenilson Giovanini","description":"Descubra o que \u00e9 o processamento de imagens digitais, quais as 3 etapas, m\u00e9todos de classifica\u00e7\u00e3o e classificadores existentes. Leia.","robots":{"index":"index","follow":"follow","max-snippet":"max-snippet:-1","max-image-preview":"max-image-preview:large","max-video-preview":"max-video-preview:-1"},"canonical":"https:\/\/adenilsongiovanini.com.br\/blog\/processamento-de-imagens-digitais\/","og_locale":"pt_BR","og_type":"article","og_title":"Processamento de Imagens Digitais? - Adenilson Giovanini","og_description":"Descubra o que \u00e9 o processamento de imagens digitais, quais as 3 etapas, m\u00e9todos de classifica\u00e7\u00e3o e classificadores existentes. Leia.","og_url":"https:\/\/adenilsongiovanini.com.br\/blog\/processamento-de-imagens-digitais\/","og_site_name":"Adenilson Giovanini","article_publisher":"https:\/\/www.facebook.com\/otopografo\/","article_author":"https:\/\/www.facebook.com\/otopografo\/","article_published_time":"2021-10-21T14:35:11+00:00","article_modified_time":"2023-03-03T01:02:51+00:00","og_image":[{"width":730,"height":448,"url":"https:\/\/adenilsongiovanini.com.br\/blog\/wp-content\/uploads\/2021\/10\/processamento-de-imagem-digital.jpg","type":"image\/jpeg"}],"author":"Adenilson Giovanini","twitter_card":"summary_large_image","twitter_misc":{"Escrito por":"Adenilson Giovanini","Est. tempo de leitura":"9 minutos"},"schema":{"@context":"https:\/\/schema.org","@graph":[{"@type":"Article","@id":"https:\/\/adenilsongiovanini.com.br\/blog\/processamento-de-imagens-digitais\/#article","isPartOf":{"@id":"https:\/\/adenilsongiovanini.com.br\/blog\/processamento-de-imagens-digitais\/"},"author":{"name":"Adenilson Giovanini","@id":"https:\/\/adenilsongiovanini.com.br\/blog\/#\/schema\/person\/9c1daa7da73c116aae2cb0568d1daa23"},"headline":"Processamento de Imagens Digitais?","datePublished":"2021-10-21T14:35:11+00:00","dateModified":"2023-03-03T01:02:51+00:00","mainEntityOfPage":{"@id":"https:\/\/adenilsongiovanini.com.br\/blog\/processamento-de-imagens-digitais\/"},"wordCount":1685,"publisher":{"@id":"https:\/\/adenilsongiovanini.com.br\/blog\/#\/schema\/person\/9c1daa7da73c116aae2cb0568d1daa23"},"image":{"@id":"https:\/\/adenilsongiovanini.com.br\/blog\/processamento-de-imagens-digitais\/#primaryimage"},"thumbnailUrl":"https:\/\/adenilsongiovanini.com.br\/blog\/wp-content\/uploads\/2021\/10\/processamento-de-imagem-digital.jpg","articleSection":["ArcGIS"],"inLanguage":"pt-BR"},{"@type":"WebPage","@id":"https:\/\/adenilsongiovanini.com.br\/blog\/processamento-de-imagens-digitais\/","url":"https:\/\/adenilsongiovanini.com.br\/blog\/processamento-de-imagens-digitais\/","name":"Processamento de Imagens Digitais? - Adenilson Giovanini","isPartOf":{"@id":"https:\/\/adenilsongiovanini.com.br\/blog\/#website"},"primaryImageOfPage":{"@id":"https:\/\/adenilsongiovanini.com.br\/blog\/processamento-de-imagens-digitais\/#primaryimage"},"image":{"@id":"https:\/\/adenilsongiovanini.com.br\/blog\/processamento-de-imagens-digitais\/#primaryimage"},"thumbnailUrl":"https:\/\/adenilsongiovanini.com.br\/blog\/wp-content\/uploads\/2021\/10\/processamento-de-imagem-digital.jpg","datePublished":"2021-10-21T14:35:11+00:00","dateModified":"2023-03-03T01:02:51+00:00","description":"Descubra o que \u00e9 o processamento de imagens digitais, quais as 3 etapas, m\u00e9todos de classifica\u00e7\u00e3o e classificadores existentes. Leia.","breadcrumb":{"@id":"https:\/\/adenilsongiovanini.com.br\/blog\/processamento-de-imagens-digitais\/#breadcrumb"},"inLanguage":"pt-BR","potentialAction":[{"@type":"ReadAction","target":["https:\/\/adenilsongiovanini.com.br\/blog\/processamento-de-imagens-digitais\/"]}]},{"@type":"ImageObject","inLanguage":"pt-BR","@id":"https:\/\/adenilsongiovanini.com.br\/blog\/processamento-de-imagens-digitais\/#primaryimage","url":"https:\/\/adenilsongiovanini.com.br\/blog\/wp-content\/uploads\/2021\/10\/processamento-de-imagem-digital.jpg","contentUrl":"https:\/\/adenilsongiovanini.com.br\/blog\/wp-content\/uploads\/2021\/10\/processamento-de-imagem-digital.jpg","width":730,"height":448},{"@type":"BreadcrumbList","@id":"https:\/\/adenilsongiovanini.com.br\/blog\/processamento-de-imagens-digitais\/#breadcrumb","itemListElement":[{"@type":"ListItem","position":1,"name":"Home","item":"https:\/\/adenilsongiovanini.com.br\/blog\/"},{"@type":"ListItem","position":2,"name":"Processamento de Imagens Digitais?"}]},{"@type":"WebSite","@id":"https:\/\/adenilsongiovanini.com.br\/blog\/#website","url":"https:\/\/adenilsongiovanini.com.br\/blog\/","name":"Adenilson Giovanini","description":"Topografia e Geotecnologias","publisher":{"@id":"https:\/\/adenilsongiovanini.com.br\/blog\/#\/schema\/person\/9c1daa7da73c116aae2cb0568d1daa23"},"potentialAction":[{"@type":"SearchAction","target":{"@type":"EntryPoint","urlTemplate":"https:\/\/adenilsongiovanini.com.br\/blog\/?s={search_term_string}"},"query-input":{"@type":"PropertyValueSpecification","valueRequired":true,"valueName":"search_term_string"}}],"inLanguage":"pt-BR"},{"@type":["Person","Organization"],"@id":"https:\/\/adenilsongiovanini.com.br\/blog\/#\/schema\/person\/9c1daa7da73c116aae2cb0568d1daa23","name":"Adenilson Giovanini","image":{"@type":"ImageObject","inLanguage":"pt-BR","@id":"https:\/\/adenilsongiovanini.com.br\/blog\/#\/schema\/person\/image\/","url":"https:\/\/adenilsongiovanini.com.br\/blog\/wp-content\/litespeed\/avatar\/be8f4de5c0b8a93c57a4f29cbf2f1e92.jpg?ver=1777130135","contentUrl":"https:\/\/adenilsongiovanini.com.br\/blog\/wp-content\/litespeed\/avatar\/be8f4de5c0b8a93c57a4f29cbf2f1e92.jpg?ver=1777130135","caption":"Adenilson Giovanini"},"logo":{"@id":"https:\/\/adenilsongiovanini.com.br\/blog\/#\/schema\/person\/image\/"},"description":"O Professor Adenilson Giovanini \u00e9 especialista em Topografia Cadastral e Georreferenciamento de Im\u00f3veis Rurais. O mesmo possui o Maior Site de Engenharia de Agrimensura do Brasil. Site este que tem mais de 102.000 visualiza\u00e7\u00f5es por m\u00eas. Tamb\u00e9m possui mais de 600 v\u00eddeos em seu canal no youtube. Al\u00e9m disso, \u00e9 escritor Best Seller, possuindo v\u00e1rios cursos e livros de sucesso.","sameAs":["http:\/\/adenilsongiovanini.com.br","https:\/\/www.facebook.com\/otopografo\/","https:\/\/www.instagram.com\/adenilson_giovanini\/","https:\/\/www.linkedin.com\/in\/adenilson-giovanini-819b8035\/","https:\/\/br.pinterest.com\/adenilsongiovanini\/","https:\/\/www.youtube.com\/channel\/uce-br7ghiuog2txcsdx5vrw"]}]}},"amp_enabled":true,"_links":{"self":[{"href":"https:\/\/adenilsongiovanini.com.br\/blog\/wp-json\/wp\/v2\/posts\/26256","targetHints":{"allow":["GET"]}}],"collection":[{"href":"https:\/\/adenilsongiovanini.com.br\/blog\/wp-json\/wp\/v2\/posts"}],"about":[{"href":"https:\/\/adenilsongiovanini.com.br\/blog\/wp-json\/wp\/v2\/types\/post"}],"author":[{"embeddable":true,"href":"https:\/\/adenilsongiovanini.com.br\/blog\/wp-json\/wp\/v2\/users\/1"}],"replies":[{"embeddable":true,"href":"https:\/\/adenilsongiovanini.com.br\/blog\/wp-json\/wp\/v2\/comments?post=26256"}],"version-history":[{"count":0,"href":"https:\/\/adenilsongiovanini.com.br\/blog\/wp-json\/wp\/v2\/posts\/26256\/revisions"}],"wp:featuredmedia":[{"embeddable":true,"href":"https:\/\/adenilsongiovanini.com.br\/blog\/wp-json\/wp\/v2\/media\/26258"}],"wp:attachment":[{"href":"https:\/\/adenilsongiovanini.com.br\/blog\/wp-json\/wp\/v2\/media?parent=26256"}],"wp:term":[{"taxonomy":"category","embeddable":true,"href":"https:\/\/adenilsongiovanini.com.br\/blog\/wp-json\/wp\/v2\/categories?post=26256"},{"taxonomy":"post_tag","embeddable":true,"href":"https:\/\/adenilsongiovanini.com.br\/blog\/wp-json\/wp\/v2\/tags?post=26256"}],"curies":[{"name":"wp","href":"https:\/\/api.w.org\/{rel}","templated":true}]}}