{"id":25857,"date":"2021-10-08T00:09:19","date_gmt":"2021-10-08T00:09:19","guid":{"rendered":"https:\/\/adenilsongiovanini.com.br\/blog\/?p=25857"},"modified":"2022-08-17T19:55:56","modified_gmt":"2022-08-17T19:55:56","slug":"preco-levantamento-planialtimetrico","status":"publish","type":"post","link":"https:\/\/adenilsongiovanini.com.br\/blog\/preco-levantamento-planialtimetrico\/","title":{"rendered":"Pre\u00e7o Levantamento Planialtim\u00e9trico?"},"content":{"rendered":"<p><span style=\"font-family: arial, helvetica, sans-serif; font-size: 20px; color: #000000;\"><em><strong>Pre\u00e7o levantamento planialtim\u00e9trico<\/strong><\/em>, voc\u00ea acabou de encontrar um guia definitivo a respeito do tema.<\/span><\/p>\n<p><span style=\"font-family: arial, helvetica, sans-serif; font-size: 20px; color: #000000;\">Com a leitura do mesmo voc\u00ea aprender\u00e1:<\/span><\/p>\n<ul>\n<li><span style=\"font-family: arial, helvetica, sans-serif; font-size: 20px; color: #000000;\">Quais as 3 diferentes t\u00e9cnicas de precifica\u00e7\u00e3o de servi\u00e7os existentes;<\/span><\/li>\n<li><span style=\"font-family: arial, helvetica, sans-serif; font-size: 20px; color: #000000;\">O que voc\u00ea precisa cuidar no que se refere ao pre\u00e7o levantamento planialtim\u00e9trico<\/span><\/li>\n<li><span style=\"font-family: arial, helvetica, sans-serif; font-size: 20px; color: #000000;\">Quanto cobrar pelo levantamento de um lote urbano;<\/span><\/li>\n<li><span style=\"font-family: arial, helvetica, sans-serif; font-size: 20px; color: #000000;\">Quanto cobrar pelo levantamento de im\u00f3veis rurais em levantamentos planialtim\u00e9tricos n\u00e3o georreferenciamendos<\/span><\/li>\n<li><span style=\"font-family: arial, helvetica, sans-serif; font-size: 20px; color: #000000;\">Quanto cobrar pelo levantamento de im\u00f3veis rurais georreferenciados.<\/span><\/li>\n<\/ul>\n<p><span style=\"font-family: arial, helvetica, sans-serif; font-size: 20px; color: #000000;\">Prossiga a leitura com m\u00e1xima aten\u00e7\u00e3o.<\/span><\/p>\n<p>&nbsp;<\/p>\n<h2 style=\"text-align: center;\"><span style=\"font-size: 24px;\"><strong><span style=\"font-family: arial, helvetica, sans-serif; color: #000000;\">As 3 diferentes t\u00e9cnicas de precifica\u00e7\u00e3o de servi\u00e7os existentes<\/span><\/strong><\/span><\/h2>\n<p><img decoding=\"async\" class=\"aligncenter size-large wp-image-25867\" src=\"https:\/\/adenilsongiovanini.com.br\/blog\/wp-content\/uploads\/2021\/10\/precificacao-de-servicos-de-topografia-1-780x472.png\" alt=\"precifica\u00e7\u00e3o de servi\u00e7os de topografia\" width=\"780\" height=\"472\" srcset=\"https:\/\/adenilsongiovanini.com.br\/blog\/wp-content\/uploads\/2021\/10\/precificacao-de-servicos-de-topografia-1-780x472.png 780w, https:\/\/adenilsongiovanini.com.br\/blog\/wp-content\/uploads\/2021\/10\/precificacao-de-servicos-de-topografia-1-300x181.png 300w, https:\/\/adenilsongiovanini.com.br\/blog\/wp-content\/uploads\/2021\/10\/precificacao-de-servicos-de-topografia-1-768x464.png 768w, https:\/\/adenilsongiovanini.com.br\/blog\/wp-content\/uploads\/2021\/10\/precificacao-de-servicos-de-topografia-1-1536x929.png 1536w, https:\/\/adenilsongiovanini.com.br\/blog\/wp-content\/uploads\/2021\/10\/precificacao-de-servicos-de-topografia-1.png 1796w\" sizes=\"(max-width: 780px) 100vw, 780px\" \/><\/p>\n<p><span style=\"font-family: arial, helvetica, sans-serif; font-size: 20px; color: #000000;\">No que se refere ao <em><strong>pre\u00e7o levantamento planialtim\u00e9trico,<\/strong><\/em> existem basicamente 3 maneiras de voc\u00ea precificar servi\u00e7os de topografia. S\u00e3o elas:<\/span><\/p>\n<ul>\n<li><span style=\"font-family: arial, helvetica, sans-serif; font-size: 20px; color: #000000;\">Precificar o servi\u00e7o com base nos custos da presta\u00e7\u00e3o do mesmo;<\/span><\/li>\n<li><span style=\"font-family: arial, helvetica, sans-serif; font-size: 20px; color: #000000;\">Precificar o servi\u00e7o com base em uma tabela referencial;<\/span><\/li>\n<li><span style=\"font-family: arial, helvetica, sans-serif; font-size: 20px; color: #000000;\">Precificar o servi\u00e7o com base no valor de mercado.<\/span><\/li>\n<\/ul>\n<p><span style=\"font-family: arial, helvetica, sans-serif; font-size: 20px; color: #000000;\">Neste artigo, nos basearemos no valor de mercado para a precifica\u00e7\u00e3o de servi\u00e7os topogr\u00e1ficos.<\/span><\/p>\n<p><span style=\"font-family: arial, helvetica, sans-serif; font-size: 20px; color: #000000;\">No livro &#8220;<span style=\"color: #0000ff;\"><a style=\"color: #0000ff;\" href=\"https:\/\/adenilsongiovanini.com.br\/precificar-servicos-de-topografia\/\">Como Precificar Servi\u00e7os de Topografia<\/a><\/span>&#8221; eu ensino os outros m\u00e9todos existentes de precifica\u00e7\u00e3o de servi\u00e7os de topografia.<\/span><\/p>\n<p>&nbsp;<\/p>\n<h2 style=\"text-align: center;\"><span style=\"font-size: 24px;\"><strong><span style=\"font-family: arial, helvetica, sans-serif; color: #000000;\">Pre\u00e7o levantamento planialtim\u00e9trico &#8211; O que voc\u00ea precisa cuidar<\/span><\/strong><\/span><\/h2>\n<p><img decoding=\"async\" class=\"aligncenter size-large wp-image-25869\" src=\"https:\/\/adenilsongiovanini.com.br\/blog\/wp-content\/uploads\/2021\/10\/preco-levantamento-planialtimetrico-1-780x471.png\" alt=\"pre\u00e7o levantamento planialtim\u00e9trico - O que voc\u00ea precisa cuidar\" width=\"780\" height=\"471\" srcset=\"https:\/\/adenilsongiovanini.com.br\/blog\/wp-content\/uploads\/2021\/10\/preco-levantamento-planialtimetrico-1-780x471.png 780w, https:\/\/adenilsongiovanini.com.br\/blog\/wp-content\/uploads\/2021\/10\/preco-levantamento-planialtimetrico-1-300x181.png 300w, https:\/\/adenilsongiovanini.com.br\/blog\/wp-content\/uploads\/2021\/10\/preco-levantamento-planialtimetrico-1-768x464.png 768w, https:\/\/adenilsongiovanini.com.br\/blog\/wp-content\/uploads\/2021\/10\/preco-levantamento-planialtimetrico-1-1536x928.png 1536w, https:\/\/adenilsongiovanini.com.br\/blog\/wp-content\/uploads\/2021\/10\/preco-levantamento-planialtimetrico-1.png 1796w\" sizes=\"(max-width: 780px) 100vw, 780px\" \/><\/p>\n<p><span style=\"font-family: arial, helvetica, sans-serif; font-size: 20px; color: #000000;\">Na realidade, voc\u00ea deve considerar os pre\u00e7os que eu irei passar neste artigo apenas como uma refer\u00eancia. <\/span><\/p>\n<p><span style=\"font-family: arial, helvetica, sans-serif; font-size: 20px; color: #000000;\">Isso porque cada servi\u00e7o possui suas especificidades.<\/span><\/p>\n<p><span style=\"font-family: arial, helvetica, sans-serif; font-size: 20px; color: #000000;\">Por exemplo, se pegarmos 2 <span style=\"color: #0000ff;\"><a style=\"color: #0000ff;\" href=\"https:\/\/adenilsongiovanini.com.br\/blog\/propriedade-imobiliaria-conceito-e-legislacao\/\">propriedades<\/a><\/span> que tenham 15 ha, a primeira pode estar a uma dist\u00e2ncia de 25 KM da sede de sua empresa e ter apenas 4 mudan\u00e7as de \u00e2ngulo.<\/span><\/p>\n<p><span style=\"font-family: arial, helvetica, sans-serif; font-size: 20px; color: #000000;\">J\u00e1 a segunda propriedade, pode estar a 200 km da sede de sua empresa e ter 11 mudan\u00e7as de \u00e2ngulo.<\/span><\/p>\n<p><span style=\"font-family: arial, helvetica, sans-serif; font-size: 20px; color: #000000;\">Imagine que trate-se de um levantamento para um processo de <span style=\"color: #0000ff;\"><a style=\"color: #0000ff;\" href=\"https:\/\/adenilsongiovanini.com.br\/blog\/georreferenciamento-de-imoveis-rurais-curso\/\">Georreferenciamento<\/a><\/span>. Perceba que n\u00e3o tem como voc\u00ea cobrar o mesmo valor para ambos os servi\u00e7os.<\/span><\/p>\n<p><span style=\"font-family: arial, helvetica, sans-serif; font-size: 20px; color: #000000;\">Como disse, cada servi\u00e7o possui suas especificidades. Ou seja, o aconselh\u00e1vel \u00e9 que voc\u00ea tenha um pre\u00e7o base e que acrescente taxas conforme as especificidades do levantamento.<\/span><\/p>\n<p><span style=\"font-family: arial, helvetica, sans-serif; font-size: 20px; color: #000000;\">Como exemplos de especificidades que precisam ser levadas em considera\u00e7\u00e3o temos:<\/span><\/p>\n<ul>\n<li><span style=\"font-family: arial, helvetica, sans-serif; font-size: 20px; color: #000000;\">A dist\u00e2ncia da propriedade at\u00e9 sua casa ou empresa;<\/span><\/li>\n<li><span style=\"font-family: arial, helvetica, sans-serif; font-size: 20px; color: #000000;\">O n\u00famero de v\u00e9rtices da propriedade;<\/span><\/li>\n<li><span style=\"font-family: arial, helvetica, sans-serif; font-size: 20px; color: #000000;\">O n\u00famero de confrontantes e;<\/span><\/li>\n<li><span style=\"font-family: arial, helvetica, sans-serif; font-size: 20px; color: #000000;\">A exist\u00eancia e o comprimento dos c\u00f3rregos.<\/span><\/li>\n<\/ul>\n<p><span style=\"font-family: arial, helvetica, sans-serif; font-size: 20px; color: #000000;\">Por exemplo, uma coisa \u00e9 voc\u00ea fazer o mapeamento de uma propriedade que tenha 200 ha, com apenas 300 metros com limite do tipo c\u00f3rrego.<\/span><\/p>\n<p><span style=\"font-family: arial, helvetica, sans-serif; font-size: 20px; color: #000000;\">Algo completamente diferente \u00e9 voc\u00ea fazer o mapeamento de uma propriedade que tenha 200 ha, a qual tenha 70% de seu per\u00edmetro formado por c\u00f3rregos.<\/span><\/p>\n<p><span style=\"font-family: arial, helvetica, sans-serif; font-size: 20px; color: #000000;\">Perceba que o mapeamento da segunda propriedade exigir\u00e1 uma quantidade absurdamente maior de trabalho.<\/span><\/p>\n<p><span style=\"font-family: arial, helvetica, sans-serif; font-size: 20px; color: #000000;\">Enfim, como disse, s\u00e3o v\u00e1rios fatores que voc\u00ea precisa levar em considera\u00e7\u00e3o.<\/span><\/p>\n<p>&nbsp;<\/p>\n<h2 style=\"text-align: center;\"><span style=\"font-size: 24px;\"><strong><span style=\"font-family: arial, helvetica, sans-serif; color: #000000;\">Pre\u00e7o levantamento planialtim\u00e9trico &#8211; Levantamento topogr\u00e1fico de lote urbano<\/span><\/strong><\/span><\/h2>\n<p><img decoding=\"async\" class=\"aligncenter size-large wp-image-25863\" src=\"https:\/\/adenilsongiovanini.com.br\/blog\/wp-content\/uploads\/2021\/10\/preco-topografia-lote-urbano-780x472.png\" alt=\"pre\u00e7o levantamento planialtim\u00e9trico  - pre\u00e7o topografia lote urbano\" width=\"780\" height=\"472\" srcset=\"https:\/\/adenilsongiovanini.com.br\/blog\/wp-content\/uploads\/2021\/10\/preco-topografia-lote-urbano-780x472.png 780w, https:\/\/adenilsongiovanini.com.br\/blog\/wp-content\/uploads\/2021\/10\/preco-topografia-lote-urbano-300x181.png 300w, https:\/\/adenilsongiovanini.com.br\/blog\/wp-content\/uploads\/2021\/10\/preco-topografia-lote-urbano-768x464.png 768w, https:\/\/adenilsongiovanini.com.br\/blog\/wp-content\/uploads\/2021\/10\/preco-topografia-lote-urbano-1536x929.png 1536w, https:\/\/adenilsongiovanini.com.br\/blog\/wp-content\/uploads\/2021\/10\/preco-topografia-lote-urbano.png 1796w\" sizes=\"(max-width: 780px) 100vw, 780px\" \/><\/p>\n<p><span style=\"font-family: arial, helvetica, sans-serif; font-size: 20px; color: #000000;\">O <span style=\"color: #0000ff;\"><a style=\"color: #0000ff;\" href=\"https:\/\/adenilsongiovanini.com.br\/blog\/levantamento-planialtimetrico-o-que-e-e-para-que-serve\/\">levantamento planialtim\u00e9trico<\/a><\/span> de lote urbano \u00e9 a mais simples e f\u00e1cil das situa\u00e7\u00f5es. <\/span><span style=\"font-family: arial, helvetica, sans-serif; font-size: 20px; color: #000000;\">Por causa disso, vamos primeiramente falar a respeito de quanto cobrar pelo <span style=\"color: #0000ff;\"><a style=\"color: #0000ff;\" href=\"https:\/\/adenilsongiovanini.com.br\/blog\/qual-a-diferenca-entre-loteamento-desmembramento-e-parcelamento-do-solo\/\">levantamento de um lote urbano<\/a><\/span>.<\/span><\/p>\n<p><span style=\"font-family: arial, helvetica, sans-serif; font-size: 20px; color: #000000;\">No caso dos lotes urbanos, normalmente \u00e9 cobrada uma taxa fixa. <\/span><\/p>\n<p><span style=\"font-family: arial, helvetica, sans-serif; font-size: 20px; color: #000000;\">Este valor varia um pouco de regi\u00e3o para regi\u00e3o do pais, por\u00e9m, fica no entorno dos R$ 800,00 aos R$ 1.100,00 reais.<\/span><\/p>\n<p>&nbsp;<\/p>\n<h2 style=\"text-align: center;\"><strong><span style=\"font-family: arial, helvetica, sans-serif; font-size: 20px; color: #000000;\">Quanto cobrar pelo levantamento planialtim\u00e9trico de um im\u00f3vel rural<\/span><\/strong><\/h2>\n<p><img decoding=\"async\" class=\"aligncenter wp-image-3503 size-large\" src=\"https:\/\/adenilsongiovanini.com.br\/blog\/wp-content\/uploads\/2019\/11\/imovel-usucapi\u00e3o-rural-780x533.jpg\" alt=\"evantamento planialtim\u00e9trico de um im\u00f3vel rural\" width=\"780\" height=\"533\" srcset=\"https:\/\/adenilsongiovanini.com.br\/blog\/wp-content\/uploads\/2019\/11\/imovel-usucapi\u00e3o-rural-780x533.jpg 780w, https:\/\/adenilsongiovanini.com.br\/blog\/wp-content\/uploads\/2019\/11\/imovel-usucapi\u00e3o-rural-300x205.jpg 300w, https:\/\/adenilsongiovanini.com.br\/blog\/wp-content\/uploads\/2019\/11\/imovel-usucapi\u00e3o-rural-768x525.jpg 768w, https:\/\/adenilsongiovanini.com.br\/blog\/wp-content\/uploads\/2019\/11\/imovel-usucapi\u00e3o-rural-1536x1050.jpg 1536w, https:\/\/adenilsongiovanini.com.br\/blog\/wp-content\/uploads\/2019\/11\/imovel-usucapi\u00e3o-rural.jpg 1772w\" sizes=\"(max-width: 780px) 100vw, 780px\" \/><\/p>\n<p><span style=\"font-family: arial, helvetica, sans-serif; font-size: 20px; color: #000000;\">O <strong>pre\u00e7o levantamento planialtim\u00e9trico<\/strong> de <span style=\"color: #0000ff;\"><a style=\"color: #0000ff;\" href=\"https:\/\/pt.wikipedia.org\/wiki\/Im%C3%B3vel\">im\u00f3veis rurais<\/a><\/span> \u00e9 bem mais complexa do que o pre\u00e7o levantamento planialtim\u00e9trico de im\u00f3veis urbanos.<\/span><\/p>\n<p><span style=\"font-family: arial, helvetica, sans-serif; font-size: 20px; color: #000000;\">Isso porque existem v\u00e1rios fatores que voc\u00ea precisa levar em considera\u00e7\u00e3o. <\/span><\/p>\n<p><span style=\"font-family: arial, helvetica, sans-serif; font-size: 20px; color: #000000;\">Entre os mesmos temos:<\/span><\/p>\n<ul>\n<li><span style=\"font-family: arial, helvetica, sans-serif; font-size: 20px; color: #000000;\">O tamanho da <span style=\"color: #0000ff;\"><a style=\"color: #0000ff;\" href=\"https:\/\/adenilsongiovanini.com.br\/blog\/propriedade-imobiliaria-conceito-e-legislacao\/\">propriedade<\/a><\/span>;<\/span><\/li>\n<li><span style=\"font-family: arial, helvetica, sans-serif; font-size: 20px; color: #000000;\">O n\u00famero de confrontantes;<\/span><\/li>\n<li><span style=\"font-family: arial, helvetica, sans-serif; font-size: 20px; color: #000000;\">Tipo de levantamento planialtim\u00e9trico (comum ou <span style=\"color: #0000ff;\"><a href=\"https:\/\/adenilsongiovanini.com.br\/blog\/curso-online-georreferenciamento\/\" style=\"color: #0000ff;\">georreferenciado<\/a><\/span>);<\/span><\/li>\n<li><span style=\"font-family: arial, helvetica, sans-serif; font-size: 20px; color: #000000;\">Demais vari\u00e1veis que podem influenciar, como a dist\u00e2ncia da propriedade, a quantidade de trechos de c\u00f3rrego e o n\u00famero de v\u00e9rtices.<\/span><\/li>\n<\/ul>\n<p><span style=\"font-family: arial, helvetica, sans-serif; font-size: 20px; color: #000000;\">Vamos primeiramente ver quanto cobrar pelo levantamento planialtim\u00e9trico para um processo de <span style=\"color: #0000ff;\"><a style=\"color: #0000ff;\" href=\"https:\/\/adenilsongiovanini.com.br\/blog\/georreferenciamento-imoveis-rurais\/\">Georreferenciamento de Im\u00f3veis Rurais<\/a><\/span>.<\/span><\/p>\n<p>&nbsp;<\/p>\n<h2 style=\"text-align: center;\"><span style=\"font-size: 24px;\"><strong><span style=\"font-family: arial, helvetica, sans-serif; color: #000000;\">Pre\u00e7o levantamento planialtim\u00e9trico &#8211; Quanto cobrar por um levantamento topogr\u00e1fico planialtim\u00e9trico georreferenciado<\/span><\/strong><\/span><\/h2>\n<p><img decoding=\"async\" class=\"aligncenter size-full wp-image-17525\" src=\"https:\/\/adenilsongiovanini.com.br\/blog\/wp-content\/uploads\/2020\/08\/georreferenciamento-de-im\u00f3veis-rurais.jpg\" alt=\"Quanto cobrar por um levantamento topogr\u00e1fico planialtim\u00e9trico georreferenciado\" width=\"580\" height=\"580\" srcset=\"https:\/\/adenilsongiovanini.com.br\/blog\/wp-content\/uploads\/2020\/08\/georreferenciamento-de-im\u00f3veis-rurais.jpg 580w, https:\/\/adenilsongiovanini.com.br\/blog\/wp-content\/uploads\/2020\/08\/georreferenciamento-de-im\u00f3veis-rurais-300x300.jpg 300w, https:\/\/adenilsongiovanini.com.br\/blog\/wp-content\/uploads\/2020\/08\/georreferenciamento-de-im\u00f3veis-rurais-150x150.jpg 150w\" sizes=\"(max-width: 580px) 100vw, 580px\" \/><\/p>\n<p><span style=\"font-family: arial, helvetica, sans-serif; font-size: 20px; color: #000000;\">O <strong>pre\u00e7o<\/strong> que voc\u00ea deve cobrar por um servi\u00e7o de <strong>georreferenciamento<\/strong>, tamb\u00e9m costuma variar um pouco de regi\u00e3o para regi\u00e3o, logo n\u00e3o considere o que irei lhe informar como algo definitivo e sim como um norte no qual voc\u00ea se guiar\u00e1.<\/span><\/p>\n<p><span style=\"font-family: arial, helvetica, sans-serif; font-size: 20px; color: #000000;\">Aqui no Rio Grande do Sul, o pre\u00e7o m\u00ednimo cobrado por um levantamento topogr\u00e1fico para o <span style=\"color: #0000ff;\"><a href=\"https:\/\/adenilsongiovanini.com.br\/blog\/curso-para-georreferenciamento\/\" style=\"color: #0000ff;\">georreferenciamento de im\u00f3veis rurais<\/a><\/span> \u00e9 de R$ 1.800,00 reais.<\/span><\/p>\n<p><span style=\"font-family: arial, helvetica, sans-serif; font-size: 20px; color: #000000;\">Ou seja, se o mesmo for um levantamento comum (n\u00e3o georreferenciado), voc\u00ea deve cobrar um pouco mais barato. Algo no entorno de R$ 1.500,00 reais.<\/span><\/p>\n<p><span style=\"font-family: arial, helvetica, sans-serif; font-size: 20px; color: #000000;\">Lembrando que este \u00e9 o pre\u00e7o m\u00ednimo que voc\u00ea deve <strong>cobrar por um servi\u00e7o de georreferenciamento de im\u00f3veis rurais<\/strong> para processos de <span style=\"color: #0000ff;\"><a style=\"color: #0000ff;\" href=\"https:\/\/www.aurum.com.br\/blog\/usucapiao\/#:~:text=Usucapi%C3%A3o%20%C3%A9%20uma%20forma%20de,prevista%20principalmente%20no%20C%C3%B3digo%20Civil.\">usucapi\u00e3o<\/a><\/span>.<\/span><\/p>\n<p>&nbsp;<\/p>\n<h2 style=\"text-align: center;\"><span style=\"font-size: 24px;\"><strong><span style=\"font-family: arial, helvetica, sans-serif; color: #000000;\">Pre\u00e7o levantamento planialtim\u00e9trico &#8211; Utilize estas 2 estrat\u00e9gias <\/span><\/strong><\/span><\/h2>\n<p><img decoding=\"async\" class=\"aligncenter size-large wp-image-25871\" src=\"https:\/\/adenilsongiovanini.com.br\/blog\/wp-content\/uploads\/2021\/10\/preco-servico-topografia-780x472.png\" alt=\"pre\u00e7o levantamento planialtim\u00e9trico - utilize estas 2 estrat\u00e9gias\" width=\"780\" height=\"472\" srcset=\"https:\/\/adenilsongiovanini.com.br\/blog\/wp-content\/uploads\/2021\/10\/preco-servico-topografia-780x472.png 780w, https:\/\/adenilsongiovanini.com.br\/blog\/wp-content\/uploads\/2021\/10\/preco-servico-topografia-300x181.png 300w, https:\/\/adenilsongiovanini.com.br\/blog\/wp-content\/uploads\/2021\/10\/preco-servico-topografia-768x464.png 768w, https:\/\/adenilsongiovanini.com.br\/blog\/wp-content\/uploads\/2021\/10\/preco-servico-topografia-1536x929.png 1536w, https:\/\/adenilsongiovanini.com.br\/blog\/wp-content\/uploads\/2021\/10\/preco-servico-topografia.png 1796w\" sizes=\"(max-width: 780px) 100vw, 780px\" \/><\/p>\n<p><span style=\"font-family: arial, helvetica, sans-serif; font-size: 20px; color: #000000;\">No caso do pre\u00e7o que voc\u00ea deve cobrar por um processos de georreferenciamento, o que eu aconselho \u00e9 que voc\u00ea utilize estas 2 estrat\u00e9gias: <\/span><\/p>\n<ul>\n<li><span style=\"font-family: arial, helvetica, sans-serif; font-size: 20px; color: #000000;\">Tenha uma taxa m\u00ednima para propriedades de pequeno porte e;<\/span><\/li>\n<li><span style=\"font-family: arial, helvetica, sans-serif; font-size: 20px; color: #000000;\">Cobre um valor por hectare para propriedades cujo tamanho \u00e9 maior.<\/span><\/li>\n<\/ul>\n<p><span style=\"font-family: arial, helvetica, sans-serif; font-size: 20px; color: #000000;\">Eu digo isso porque se a propriedade \u00e9 pequena, n\u00e3o adianta voc\u00ea querer cobrar por hectare. O que voc\u00ea pode fazer \u00e9 utilizar uma taxa fixa acrescentada de uma taxa vari\u00e1vel haja vista as especificidades do servi\u00e7o.<\/span><\/p>\n<p>&nbsp;<\/p>\n<h3 style=\"text-align: center;\"><span style=\"font-size: 20px;\"><strong><span style=\"font-family: arial, helvetica, sans-serif; color: #000000;\">Estrat\u00e9gia 1 &#8211; Cobre um valor fixo<\/span><\/strong><\/span><\/h3>\n<p><img decoding=\"async\" class=\"aligncenter size-large wp-image-25872\" src=\"https:\/\/adenilsongiovanini.com.br\/blog\/wp-content\/uploads\/2021\/10\/quanto-cobrar-topografia-780x472.png\" alt=\"estrat\u00e9gia 1 - cobre um valor fixo\" width=\"780\" height=\"472\" srcset=\"https:\/\/adenilsongiovanini.com.br\/blog\/wp-content\/uploads\/2021\/10\/quanto-cobrar-topografia-780x472.png 780w, https:\/\/adenilsongiovanini.com.br\/blog\/wp-content\/uploads\/2021\/10\/quanto-cobrar-topografia-300x181.png 300w, https:\/\/adenilsongiovanini.com.br\/blog\/wp-content\/uploads\/2021\/10\/quanto-cobrar-topografia-768x464.png 768w, https:\/\/adenilsongiovanini.com.br\/blog\/wp-content\/uploads\/2021\/10\/quanto-cobrar-topografia-1536x929.png 1536w, https:\/\/adenilsongiovanini.com.br\/blog\/wp-content\/uploads\/2021\/10\/quanto-cobrar-topografia.png 1796w\" sizes=\"(max-width: 780px) 100vw, 780px\" \/><\/p>\n<p><span style=\"font-family: arial, helvetica, sans-serif; font-size: 20px; color: #000000;\">Voc\u00ea pode, por exemplo, cobrar uma taxa fixa de R$ 1. 800,00 reais de propriedades que tenham at\u00e9 25 hectares e acrescentar uma taxa vari\u00e1vel caso perceba que o servi\u00e7o ter\u00e1 complica\u00e7\u00f5es.<\/span><\/p>\n<p><span style=\"font-family: arial, helvetica, sans-serif; font-size: 20px; color: #000000;\">Por exemplo, se a mesma:<\/span><\/p>\n<ul>\n<li><span style=\"font-family: arial, helvetica, sans-serif; font-size: 20px; color: #000000;\">Possui grande parte de seu per\u00edmetro formado por c\u00f3rregos;<\/span><\/li>\n<li><span style=\"font-family: arial, helvetica, sans-serif; font-size: 20px; color: #000000;\">Possui uma quantidade maior do que o habitual de confrontantes;<\/span><\/li>\n<li><span style=\"font-family: arial, helvetica, sans-serif; font-size: 20px; color: #000000;\">Possui um grande n\u00famero de mudan\u00e7as de \u00e2ngulo (cobre um valor extra por cada marco al\u00e9m de certo limite);<\/span><\/li>\n<li><span style=\"font-family: arial, helvetica, sans-serif; font-size: 20px; color: #000000;\">Est\u00e1 distante da sede de sua empresa (Por exemplo a 300 km. Cobre uma taxa extra por quilometro rodado).<\/span><\/li>\n<\/ul>\n<p><span style=\"font-family: arial, helvetica, sans-serif; font-size: 20px; color: #000000;\">Enfim, perceba que al\u00e9m da taxa fixa, caso perceba que a propriedade possua especificidades que tornar\u00e3o o servi\u00e7o mais caro ou demorado, voc\u00ea deve acrescentar uma taxa vari\u00e1vel e assim n\u00e3o correr o risco de acabar trabalhando de gra\u00e7a ou de perder dinheiro.<\/span><\/p>\n<p><span style=\"font-family: arial, helvetica, sans-serif; font-size: 20px; color: #000000;\">Quando se fala em <strong>pre\u00e7o levantamento planialtim\u00e9trico<\/strong>, uma outra dica \u00fatil \u00e9 voc\u00ea ter uma segunda taxa. <\/span><\/p>\n<p><span style=\"font-family: arial, helvetica, sans-serif; font-size: 20px; color: #000000;\">Por exemplo, para im\u00f3veis que possuam de 25 a 50 hectares, <\/span><span style=\"font-family: arial, helvetica, sans-serif; font-size: 20px; color: #000000;\">ao inv\u00e9s de cobrar R$ 1.800,00 reis, voc\u00ea pode cobrar R$ 3.000,00 reais. <\/span><\/p>\n<p><span style=\"font-family: arial, helvetica, sans-serif; font-size: 20px; color: #000000;\">Naturalmente, al\u00e9m da taxa fixa, voc\u00ea tamb\u00e9m ter\u00e1 a taxa vari\u00e1vel. Ou seja, se perceber que o im\u00f3vel possui especificidades que tornar\u00e3o o <span style=\"color: #0000ff;\"><a href=\"https:\/\/adenilsongiovanini.com.br\/blog\/topografia-livros-mais-de-987-exempos-praticos\/\" style=\"color: #0000ff;\">mapeamento<\/a><\/span> do mesmo mais caro ou demorado, cobre um valor extra.<\/span><\/p>\n<p>&nbsp;<\/p>\n<h3 style=\"text-align: center;\"><strong><span style=\"font-family: arial, helvetica, sans-serif; font-size: 20px; color: #000000;\">Estrat\u00e9gia 2 &#8211; Cobre um valor por hectare<\/span><\/strong><\/h3>\n<p><img decoding=\"async\" class=\"aligncenter wp-image-17545\" src=\"https:\/\/adenilsongiovanini.com.br\/blog\/wp-content\/uploads\/2020\/08\/cobrar-por-projeto.png\" alt=\"pre\u00e7o levantamento planialtim\u00e9trico - Cobre um valor por hectare\" width=\"780\" height=\"444\" srcset=\"https:\/\/adenilsongiovanini.com.br\/blog\/wp-content\/uploads\/2020\/08\/cobrar-por-projeto.png 837w, https:\/\/adenilsongiovanini.com.br\/blog\/wp-content\/uploads\/2020\/08\/cobrar-por-projeto-300x171.png 300w, https:\/\/adenilsongiovanini.com.br\/blog\/wp-content\/uploads\/2020\/08\/cobrar-por-projeto-768x437.png 768w\" sizes=\"(max-width: 780px) 100vw, 780px\" \/><\/p>\n<p><span style=\"font-family: arial, helvetica, sans-serif; font-size: 20px; color: #000000;\">Se o im\u00f3vel possuir um tamanho maior do que 50 hectares, voc\u00ea pode cobrar por hectare, podendo inclusive dividir os im\u00f3veis em outras 2 categorias.<\/span><\/p>\n<ul>\n<li><span style=\"font-family: arial, helvetica, sans-serif; font-size: 20px; color: #000000;\">Im\u00f3veis que tenha de 50 a 100 hectares e;<\/span><\/li>\n<li><span style=\"font-family: arial, helvetica, sans-serif; font-size: 20px; color: #000000;\">Im\u00f3veis que tenham mais de 100 hectares.<\/span><\/li>\n<\/ul>\n<p><span style=\"font-family: arial, helvetica, sans-serif; font-size: 20px; color: #000000;\">Lembrando que sempre \u00e9 importante voc\u00ea tamb\u00e9m ficar atento aos demais fatores que podem interferir, cobrando uma taxa extra caso seja necess\u00e1rio.<\/span><\/p>\n<p>&nbsp;<\/p>\n<h2 style=\"text-align: center;\"><span style=\"color: #000000; font-size: 24px;\"><strong><span style=\"font-family: arial, helvetica, sans-serif;\">Aprenda a Precificar Servi\u00e7os Topogr\u00e1ficos Atrav\u00e9s de Um Livro Formado Por Estudos de caso e Exemplos Pr\u00e1ticos<\/span><\/strong><\/span><\/h2>\n<h2 style=\"text-align: center;\"><img decoding=\"async\" class=\"aligncenter size-large wp-image-25461\" src=\"https:\/\/adenilsongiovanini.com.br\/blog\/wp-content\/uploads\/2020\/05\/precificar-servicos-topograficos-780x386.png\" alt=\"\" width=\"780\" height=\"386\" srcset=\"https:\/\/adenilsongiovanini.com.br\/blog\/wp-content\/uploads\/2020\/05\/precificar-servicos-topograficos-780x386.png 780w, https:\/\/adenilsongiovanini.com.br\/blog\/wp-content\/uploads\/2020\/05\/precificar-servicos-topograficos-300x148.png 300w, https:\/\/adenilsongiovanini.com.br\/blog\/wp-content\/uploads\/2020\/05\/precificar-servicos-topograficos-768x380.png 768w, https:\/\/adenilsongiovanini.com.br\/blog\/wp-content\/uploads\/2020\/05\/precificar-servicos-topograficos.png 1536w\" sizes=\"(max-width: 780px) 100vw, 780px\" \/><\/h2>\n<p><span style=\"font-family: arial, helvetica, sans-serif; font-size: 20px; color: #000000;\">A <em><strong>um clique de dist\u00e2ncia de voc\u00ea<\/strong><\/em> encontra-se um fabuloso livro, formado por 5 cap\u00edtulos que ir\u00e1 ajudar voc\u00ea a<strong> precificar os diferentes servi\u00e7os topogr\u00e1ficos com seguran\u00e7a<\/strong>.<\/span><\/p>\n<p><span style=\"font-family: arial, helvetica, sans-serif; font-size: 20px; color: #000000;\">D\u00ea uma &#8220;<em>espiadinha<\/em>&#8221; no sum\u00e1rio do mesmo:<\/span><\/p>\n<p><center><iframe width=\"95%\" height=\"980\" src=\"https:\/\/drive.google.com\/file\/d\/1aLpqTU92ncOCMGioCjVP1dhPmvHmtYCU\/preview\" data-mce-fragment=\"1\"><span data-mce-type=\"bookmark\" style=\"display: inline-block; width: 0px; overflow: hidden; line-height: 0;\" class=\"mce_SELRES_start\">\ufeff<\/span><\/iframe><\/center><\/p>\n<p><span style=\"font-family: arial, helvetica, sans-serif; font-size: 20px; color: #000000;\">Clique no bot\u00e3o abaixo, conhe\u00e7a melhor a estrutura do livro, junte-se a dezenas de profissionais e adquirir\u00e1 sua c\u00f3pia do mesmo.<\/span><\/p>\n<div class=\"su-button-center\"><a href=\"https:\/\/adenilsongiovanini.com.br\/precificar-servicos-de-topografia\/\" class=\"su-button su-button-style-3d su-button-wide\" style=\"color:#000000;background-color:#00b025;border-color:#008d1e;border-radius:8px\" target=\"_blank\" rel=\"nofollow\" id=\"2\"><span style=\"color:#000000;padding:0px 22px;font-size:17px;line-height:34px;border-color:#4dc867;border-radius:8px;text-shadow:0px 0px 0px #000000\"> &gt; Quero Conhecer Melhor o Livro, Pois Quero (e preciso) Aprender a Or\u00e7ar Servi\u00e7os Topogr\u00e1ficos&#8230;<\/span><\/a><\/div>\n<p>&nbsp;<\/p>\n","protected":false},"excerpt":{"rendered":"<p>Pre\u00e7o levantamento planialtim\u00e9trico, voc\u00ea acabou de encontrar um guia definitivo a respeito do tema. Com a leitura do mesmo voc\u00ea aprender\u00e1: Quais as 3 diferentes t\u00e9cnicas de precifica\u00e7\u00e3o de servi\u00e7os existentes; O que voc\u00ea precisa cuidar no que se refere ao pre\u00e7o levantamento planialtim\u00e9trico Quanto cobrar pelo levantamento de um [&hellip;]<\/p>\n","protected":false},"author":1,"featured_media":25860,"comment_status":"closed","ping_status":"closed","sticky":false,"template":"","format":"standard","meta":{"_monsterinsights_skip_tracking":false,"_monsterinsights_sitenote_active":false,"_monsterinsights_sitenote_note":"","_monsterinsights_sitenote_category":0,"footnotes":""},"categories":[16,9],"tags":[],"class_list":["post-25857","post","type-post","status-publish","format-standard","has-post-thumbnail","hentry","category-geoempreendedorismo","category-topografia-cadastral"],"yoast_head":"<!-- This site is optimized with the Yoast SEO plugin v26.5 - https:\/\/yoast.com\/wordpress\/plugins\/seo\/ -->\n<title>Pre\u00e7o Levantamento Planialtim\u00e9trico? - Adenilson Giovanini<\/title>\n<meta name=\"description\" content=\"Pre\u00e7o levantamento planialtim\u00e9trico, conhe\u00e7a as 3 t\u00e9cnicas de precifica\u00e7\u00e3o existentes e aprenda a cobrar o pre\u00e7o justo. Guia definitivo. Leia.\" \/>\n<meta name=\"robots\" content=\"index, follow, max-snippet:-1, max-image-preview:large, max-video-preview:-1\" \/>\n<link rel=\"canonical\" href=\"https:\/\/adenilsongiovanini.com.br\/blog\/preco-levantamento-planialtimetrico\/\" \/>\n<meta property=\"og:locale\" content=\"pt_BR\" \/>\n<meta property=\"og:type\" content=\"article\" \/>\n<meta property=\"og:title\" content=\"Pre\u00e7o Levantamento Planialtim\u00e9trico? - Adenilson Giovanini\" \/>\n<meta property=\"og:description\" content=\"Pre\u00e7o levantamento planialtim\u00e9trico, conhe\u00e7a as 3 t\u00e9cnicas de precifica\u00e7\u00e3o existentes e aprenda a cobrar o pre\u00e7o justo. Guia definitivo. Leia.\" \/>\n<meta property=\"og:url\" content=\"https:\/\/adenilsongiovanini.com.br\/blog\/preco-levantamento-planialtimetrico\/\" \/>\n<meta property=\"og:site_name\" content=\"Adenilson Giovanini\" \/>\n<meta property=\"article:publisher\" content=\"https:\/\/www.facebook.com\/otopografo\/\" \/>\n<meta property=\"article:author\" content=\"https:\/\/www.facebook.com\/otopografo\/\" \/>\n<meta property=\"article:published_time\" content=\"2021-10-08T00:09:19+00:00\" \/>\n<meta property=\"article:modified_time\" content=\"2022-08-17T19:55:56+00:00\" \/>\n<meta property=\"og:image\" content=\"https:\/\/adenilsongiovanini.com.br\/blog\/wp-content\/uploads\/2021\/10\/preco-levantamento-planialtimetrico.png\" \/>\n\t<meta property=\"og:image:width\" content=\"1796\" \/>\n\t<meta property=\"og:image:height\" content=\"1086\" \/>\n\t<meta property=\"og:image:type\" content=\"image\/png\" \/>\n<meta name=\"author\" content=\"Adenilson Giovanini\" \/>\n<meta name=\"twitter:card\" content=\"summary_large_image\" \/>\n<meta name=\"twitter:label1\" content=\"Escrito por\" \/>\n\t<meta name=\"twitter:data1\" content=\"Adenilson Giovanini\" \/>\n\t<meta name=\"twitter:label2\" content=\"Est. tempo de leitura\" \/>\n\t<meta name=\"twitter:data2\" content=\"9 minutos\" \/>\n<script type=\"application\/ld+json\" class=\"yoast-schema-graph\">{\"@context\":\"https:\/\/schema.org\",\"@graph\":[{\"@type\":\"Article\",\"@id\":\"https:\/\/adenilsongiovanini.com.br\/blog\/preco-levantamento-planialtimetrico\/#article\",\"isPartOf\":{\"@id\":\"https:\/\/adenilsongiovanini.com.br\/blog\/preco-levantamento-planialtimetrico\/\"},\"author\":{\"name\":\"Adenilson Giovanini\",\"@id\":\"https:\/\/adenilsongiovanini.com.br\/blog\/#\/schema\/person\/9c1daa7da73c116aae2cb0568d1daa23\"},\"headline\":\"Pre\u00e7o Levantamento Planialtim\u00e9trico?\",\"datePublished\":\"2021-10-08T00:09:19+00:00\",\"dateModified\":\"2022-08-17T19:55:56+00:00\",\"mainEntityOfPage\":{\"@id\":\"https:\/\/adenilsongiovanini.com.br\/blog\/preco-levantamento-planialtimetrico\/\"},\"wordCount\":1342,\"publisher\":{\"@id\":\"https:\/\/adenilsongiovanini.com.br\/blog\/#\/schema\/person\/9c1daa7da73c116aae2cb0568d1daa23\"},\"image\":{\"@id\":\"https:\/\/adenilsongiovanini.com.br\/blog\/preco-levantamento-planialtimetrico\/#primaryimage\"},\"thumbnailUrl\":\"https:\/\/adenilsongiovanini.com.br\/blog\/wp-content\/uploads\/2021\/10\/preco-levantamento-planialtimetrico.png\",\"articleSection\":[\"GeoEmpreendedorismo\",\"Topografia Cadastral\"],\"inLanguage\":\"pt-BR\"},{\"@type\":\"WebPage\",\"@id\":\"https:\/\/adenilsongiovanini.com.br\/blog\/preco-levantamento-planialtimetrico\/\",\"url\":\"https:\/\/adenilsongiovanini.com.br\/blog\/preco-levantamento-planialtimetrico\/\",\"name\":\"Pre\u00e7o Levantamento Planialtim\u00e9trico? - Adenilson Giovanini\",\"isPartOf\":{\"@id\":\"https:\/\/adenilsongiovanini.com.br\/blog\/#website\"},\"primaryImageOfPage\":{\"@id\":\"https:\/\/adenilsongiovanini.com.br\/blog\/preco-levantamento-planialtimetrico\/#primaryimage\"},\"image\":{\"@id\":\"https:\/\/adenilsongiovanini.com.br\/blog\/preco-levantamento-planialtimetrico\/#primaryimage\"},\"thumbnailUrl\":\"https:\/\/adenilsongiovanini.com.br\/blog\/wp-content\/uploads\/2021\/10\/preco-levantamento-planialtimetrico.png\",\"datePublished\":\"2021-10-08T00:09:19+00:00\",\"dateModified\":\"2022-08-17T19:55:56+00:00\",\"description\":\"Pre\u00e7o levantamento planialtim\u00e9trico, conhe\u00e7a as 3 t\u00e9cnicas de precifica\u00e7\u00e3o existentes e aprenda a cobrar o pre\u00e7o justo. Guia definitivo. Leia.\",\"breadcrumb\":{\"@id\":\"https:\/\/adenilsongiovanini.com.br\/blog\/preco-levantamento-planialtimetrico\/#breadcrumb\"},\"inLanguage\":\"pt-BR\",\"potentialAction\":[{\"@type\":\"ReadAction\",\"target\":[\"https:\/\/adenilsongiovanini.com.br\/blog\/preco-levantamento-planialtimetrico\/\"]}]},{\"@type\":\"ImageObject\",\"inLanguage\":\"pt-BR\",\"@id\":\"https:\/\/adenilsongiovanini.com.br\/blog\/preco-levantamento-planialtimetrico\/#primaryimage\",\"url\":\"https:\/\/adenilsongiovanini.com.br\/blog\/wp-content\/uploads\/2021\/10\/preco-levantamento-planialtimetrico.png\",\"contentUrl\":\"https:\/\/adenilsongiovanini.com.br\/blog\/wp-content\/uploads\/2021\/10\/preco-levantamento-planialtimetrico.png\",\"width\":1796,\"height\":1086},{\"@type\":\"BreadcrumbList\",\"@id\":\"https:\/\/adenilsongiovanini.com.br\/blog\/preco-levantamento-planialtimetrico\/#breadcrumb\",\"itemListElement\":[{\"@type\":\"ListItem\",\"position\":1,\"name\":\"Home\",\"item\":\"https:\/\/adenilsongiovanini.com.br\/blog\/\"},{\"@type\":\"ListItem\",\"position\":2,\"name\":\"Pre\u00e7o Levantamento Planialtim\u00e9trico?\"}]},{\"@type\":\"WebSite\",\"@id\":\"https:\/\/adenilsongiovanini.com.br\/blog\/#website\",\"url\":\"https:\/\/adenilsongiovanini.com.br\/blog\/\",\"name\":\"Adenilson Giovanini\",\"description\":\"Topografia e Geotecnologias\",\"publisher\":{\"@id\":\"https:\/\/adenilsongiovanini.com.br\/blog\/#\/schema\/person\/9c1daa7da73c116aae2cb0568d1daa23\"},\"potentialAction\":[{\"@type\":\"SearchAction\",\"target\":{\"@type\":\"EntryPoint\",\"urlTemplate\":\"https:\/\/adenilsongiovanini.com.br\/blog\/?s={search_term_string}\"},\"query-input\":{\"@type\":\"PropertyValueSpecification\",\"valueRequired\":true,\"valueName\":\"search_term_string\"}}],\"inLanguage\":\"pt-BR\"},{\"@type\":[\"Person\",\"Organization\"],\"@id\":\"https:\/\/adenilsongiovanini.com.br\/blog\/#\/schema\/person\/9c1daa7da73c116aae2cb0568d1daa23\",\"name\":\"Adenilson Giovanini\",\"image\":{\"@type\":\"ImageObject\",\"inLanguage\":\"pt-BR\",\"@id\":\"https:\/\/adenilsongiovanini.com.br\/blog\/#\/schema\/person\/image\/\",\"url\":\"https:\/\/adenilsongiovanini.com.br\/blog\/wp-content\/litespeed\/avatar\/be8f4de5c0b8a93c57a4f29cbf2f1e92.jpg?ver=1777130135\",\"contentUrl\":\"https:\/\/adenilsongiovanini.com.br\/blog\/wp-content\/litespeed\/avatar\/be8f4de5c0b8a93c57a4f29cbf2f1e92.jpg?ver=1777130135\",\"caption\":\"Adenilson Giovanini\"},\"logo\":{\"@id\":\"https:\/\/adenilsongiovanini.com.br\/blog\/#\/schema\/person\/image\/\"},\"description\":\"O Professor Adenilson Giovanini \u00e9 especialista em Topografia Cadastral e Georreferenciamento de Im\u00f3veis Rurais. O mesmo possui o Maior Site de Engenharia de Agrimensura do Brasil. Site este que tem mais de 102.000 visualiza\u00e7\u00f5es por m\u00eas. Tamb\u00e9m possui mais de 600 v\u00eddeos em seu canal no youtube. Al\u00e9m disso, \u00e9 escritor Best Seller, possuindo v\u00e1rios cursos e livros de sucesso.\",\"sameAs\":[\"http:\/\/adenilsongiovanini.com.br\",\"https:\/\/www.facebook.com\/otopografo\/\",\"https:\/\/www.instagram.com\/adenilson_giovanini\/\",\"https:\/\/www.linkedin.com\/in\/adenilson-giovanini-819b8035\/\",\"https:\/\/br.pinterest.com\/adenilsongiovanini\/\",\"https:\/\/www.youtube.com\/channel\/uce-br7ghiuog2txcsdx5vrw\"]}]}<\/script>\n<!-- \/ Yoast SEO plugin. -->","yoast_head_json":{"title":"Pre\u00e7o Levantamento Planialtim\u00e9trico? - Adenilson Giovanini","description":"Pre\u00e7o levantamento planialtim\u00e9trico, conhe\u00e7a as 3 t\u00e9cnicas de precifica\u00e7\u00e3o existentes e aprenda a cobrar o pre\u00e7o justo. Guia definitivo. Leia.","robots":{"index":"index","follow":"follow","max-snippet":"max-snippet:-1","max-image-preview":"max-image-preview:large","max-video-preview":"max-video-preview:-1"},"canonical":"https:\/\/adenilsongiovanini.com.br\/blog\/preco-levantamento-planialtimetrico\/","og_locale":"pt_BR","og_type":"article","og_title":"Pre\u00e7o Levantamento Planialtim\u00e9trico? - Adenilson Giovanini","og_description":"Pre\u00e7o levantamento planialtim\u00e9trico, conhe\u00e7a as 3 t\u00e9cnicas de precifica\u00e7\u00e3o existentes e aprenda a cobrar o pre\u00e7o justo. Guia definitivo. Leia.","og_url":"https:\/\/adenilsongiovanini.com.br\/blog\/preco-levantamento-planialtimetrico\/","og_site_name":"Adenilson Giovanini","article_publisher":"https:\/\/www.facebook.com\/otopografo\/","article_author":"https:\/\/www.facebook.com\/otopografo\/","article_published_time":"2021-10-08T00:09:19+00:00","article_modified_time":"2022-08-17T19:55:56+00:00","og_image":[{"width":1796,"height":1086,"url":"https:\/\/adenilsongiovanini.com.br\/blog\/wp-content\/uploads\/2021\/10\/preco-levantamento-planialtimetrico.png","type":"image\/png"}],"author":"Adenilson Giovanini","twitter_card":"summary_large_image","twitter_misc":{"Escrito por":"Adenilson Giovanini","Est. tempo de leitura":"9 minutos"},"schema":{"@context":"https:\/\/schema.org","@graph":[{"@type":"Article","@id":"https:\/\/adenilsongiovanini.com.br\/blog\/preco-levantamento-planialtimetrico\/#article","isPartOf":{"@id":"https:\/\/adenilsongiovanini.com.br\/blog\/preco-levantamento-planialtimetrico\/"},"author":{"name":"Adenilson Giovanini","@id":"https:\/\/adenilsongiovanini.com.br\/blog\/#\/schema\/person\/9c1daa7da73c116aae2cb0568d1daa23"},"headline":"Pre\u00e7o Levantamento Planialtim\u00e9trico?","datePublished":"2021-10-08T00:09:19+00:00","dateModified":"2022-08-17T19:55:56+00:00","mainEntityOfPage":{"@id":"https:\/\/adenilsongiovanini.com.br\/blog\/preco-levantamento-planialtimetrico\/"},"wordCount":1342,"publisher":{"@id":"https:\/\/adenilsongiovanini.com.br\/blog\/#\/schema\/person\/9c1daa7da73c116aae2cb0568d1daa23"},"image":{"@id":"https:\/\/adenilsongiovanini.com.br\/blog\/preco-levantamento-planialtimetrico\/#primaryimage"},"thumbnailUrl":"https:\/\/adenilsongiovanini.com.br\/blog\/wp-content\/uploads\/2021\/10\/preco-levantamento-planialtimetrico.png","articleSection":["GeoEmpreendedorismo","Topografia Cadastral"],"inLanguage":"pt-BR"},{"@type":"WebPage","@id":"https:\/\/adenilsongiovanini.com.br\/blog\/preco-levantamento-planialtimetrico\/","url":"https:\/\/adenilsongiovanini.com.br\/blog\/preco-levantamento-planialtimetrico\/","name":"Pre\u00e7o Levantamento Planialtim\u00e9trico? - Adenilson Giovanini","isPartOf":{"@id":"https:\/\/adenilsongiovanini.com.br\/blog\/#website"},"primaryImageOfPage":{"@id":"https:\/\/adenilsongiovanini.com.br\/blog\/preco-levantamento-planialtimetrico\/#primaryimage"},"image":{"@id":"https:\/\/adenilsongiovanini.com.br\/blog\/preco-levantamento-planialtimetrico\/#primaryimage"},"thumbnailUrl":"https:\/\/adenilsongiovanini.com.br\/blog\/wp-content\/uploads\/2021\/10\/preco-levantamento-planialtimetrico.png","datePublished":"2021-10-08T00:09:19+00:00","dateModified":"2022-08-17T19:55:56+00:00","description":"Pre\u00e7o levantamento planialtim\u00e9trico, conhe\u00e7a as 3 t\u00e9cnicas de precifica\u00e7\u00e3o existentes e aprenda a cobrar o pre\u00e7o justo. Guia definitivo. Leia.","breadcrumb":{"@id":"https:\/\/adenilsongiovanini.com.br\/blog\/preco-levantamento-planialtimetrico\/#breadcrumb"},"inLanguage":"pt-BR","potentialAction":[{"@type":"ReadAction","target":["https:\/\/adenilsongiovanini.com.br\/blog\/preco-levantamento-planialtimetrico\/"]}]},{"@type":"ImageObject","inLanguage":"pt-BR","@id":"https:\/\/adenilsongiovanini.com.br\/blog\/preco-levantamento-planialtimetrico\/#primaryimage","url":"https:\/\/adenilsongiovanini.com.br\/blog\/wp-content\/uploads\/2021\/10\/preco-levantamento-planialtimetrico.png","contentUrl":"https:\/\/adenilsongiovanini.com.br\/blog\/wp-content\/uploads\/2021\/10\/preco-levantamento-planialtimetrico.png","width":1796,"height":1086},{"@type":"BreadcrumbList","@id":"https:\/\/adenilsongiovanini.com.br\/blog\/preco-levantamento-planialtimetrico\/#breadcrumb","itemListElement":[{"@type":"ListItem","position":1,"name":"Home","item":"https:\/\/adenilsongiovanini.com.br\/blog\/"},{"@type":"ListItem","position":2,"name":"Pre\u00e7o Levantamento Planialtim\u00e9trico?"}]},{"@type":"WebSite","@id":"https:\/\/adenilsongiovanini.com.br\/blog\/#website","url":"https:\/\/adenilsongiovanini.com.br\/blog\/","name":"Adenilson Giovanini","description":"Topografia e Geotecnologias","publisher":{"@id":"https:\/\/adenilsongiovanini.com.br\/blog\/#\/schema\/person\/9c1daa7da73c116aae2cb0568d1daa23"},"potentialAction":[{"@type":"SearchAction","target":{"@type":"EntryPoint","urlTemplate":"https:\/\/adenilsongiovanini.com.br\/blog\/?s={search_term_string}"},"query-input":{"@type":"PropertyValueSpecification","valueRequired":true,"valueName":"search_term_string"}}],"inLanguage":"pt-BR"},{"@type":["Person","Organization"],"@id":"https:\/\/adenilsongiovanini.com.br\/blog\/#\/schema\/person\/9c1daa7da73c116aae2cb0568d1daa23","name":"Adenilson Giovanini","image":{"@type":"ImageObject","inLanguage":"pt-BR","@id":"https:\/\/adenilsongiovanini.com.br\/blog\/#\/schema\/person\/image\/","url":"https:\/\/adenilsongiovanini.com.br\/blog\/wp-content\/litespeed\/avatar\/be8f4de5c0b8a93c57a4f29cbf2f1e92.jpg?ver=1777130135","contentUrl":"https:\/\/adenilsongiovanini.com.br\/blog\/wp-content\/litespeed\/avatar\/be8f4de5c0b8a93c57a4f29cbf2f1e92.jpg?ver=1777130135","caption":"Adenilson Giovanini"},"logo":{"@id":"https:\/\/adenilsongiovanini.com.br\/blog\/#\/schema\/person\/image\/"},"description":"O Professor Adenilson Giovanini \u00e9 especialista em Topografia Cadastral e Georreferenciamento de Im\u00f3veis Rurais. O mesmo possui o Maior Site de Engenharia de Agrimensura do Brasil. Site este que tem mais de 102.000 visualiza\u00e7\u00f5es por m\u00eas. Tamb\u00e9m possui mais de 600 v\u00eddeos em seu canal no youtube. Al\u00e9m disso, \u00e9 escritor Best Seller, possuindo v\u00e1rios cursos e livros de sucesso.","sameAs":["http:\/\/adenilsongiovanini.com.br","https:\/\/www.facebook.com\/otopografo\/","https:\/\/www.instagram.com\/adenilson_giovanini\/","https:\/\/www.linkedin.com\/in\/adenilson-giovanini-819b8035\/","https:\/\/br.pinterest.com\/adenilsongiovanini\/","https:\/\/www.youtube.com\/channel\/uce-br7ghiuog2txcsdx5vrw"]}]}},"amp_enabled":true,"_links":{"self":[{"href":"https:\/\/adenilsongiovanini.com.br\/blog\/wp-json\/wp\/v2\/posts\/25857","targetHints":{"allow":["GET"]}}],"collection":[{"href":"https:\/\/adenilsongiovanini.com.br\/blog\/wp-json\/wp\/v2\/posts"}],"about":[{"href":"https:\/\/adenilsongiovanini.com.br\/blog\/wp-json\/wp\/v2\/types\/post"}],"author":[{"embeddable":true,"href":"https:\/\/adenilsongiovanini.com.br\/blog\/wp-json\/wp\/v2\/users\/1"}],"replies":[{"embeddable":true,"href":"https:\/\/adenilsongiovanini.com.br\/blog\/wp-json\/wp\/v2\/comments?post=25857"}],"version-history":[{"count":0,"href":"https:\/\/adenilsongiovanini.com.br\/blog\/wp-json\/wp\/v2\/posts\/25857\/revisions"}],"wp:featuredmedia":[{"embeddable":true,"href":"https:\/\/adenilsongiovanini.com.br\/blog\/wp-json\/wp\/v2\/media\/25860"}],"wp:attachment":[{"href":"https:\/\/adenilsongiovanini.com.br\/blog\/wp-json\/wp\/v2\/media?parent=25857"}],"wp:term":[{"taxonomy":"category","embeddable":true,"href":"https:\/\/adenilsongiovanini.com.br\/blog\/wp-json\/wp\/v2\/categories?post=25857"},{"taxonomy":"post_tag","embeddable":true,"href":"https:\/\/adenilsongiovanini.com.br\/blog\/wp-json\/wp\/v2\/tags?post=25857"}],"curies":[{"name":"wp","href":"https:\/\/api.w.org\/{rel}","templated":true}]}}