{"id":25792,"date":"2021-10-06T14:35:06","date_gmt":"2021-10-06T14:35:06","guid":{"rendered":"https:\/\/adenilsongiovanini.com.br\/blog\/?p=25792"},"modified":"2022-08-17T14:51:01","modified_gmt":"2022-08-17T14:51:01","slug":"desdobro-de-imovel-o-que-e-e-como-fazer","status":"publish","type":"post","link":"https:\/\/adenilsongiovanini.com.br\/blog\/desdobro-de-imovel-o-que-e-e-como-fazer\/","title":{"rendered":"Desdobro de Im\u00f3vel?"},"content":{"rendered":"<p><span style=\"font-size: 20px; font-family: arial, helvetica, sans-serif; line-height: 1.3; color: #000000;\"><em><strong>Desdobro de im\u00f3vel<\/strong><\/em>, voc\u00ea acabou de encontrar um artigo guia definitivo sobre o tema.<\/span><\/p>\n<p><span style=\"font-size: 20px; font-family: arial, helvetica, sans-serif; line-height: 1.3; color: #000000;\"> Com a leitura do mesmo voc\u00ea aprender\u00e1:<\/span><\/p>\n<ul>\n<li><span style=\"font-size: 20px; font-family: arial, helvetica, sans-serif; line-height: 1.3; color: #000000;\">O que \u00e9 o <em><strong>desdobro de im\u00f3vel<\/strong><\/em>;<\/span><\/li>\n<li><span style=\"font-size: 20px; font-family: arial, helvetica, sans-serif; line-height: 1.3; color: #000000;\">Quais os \u00f3rg\u00e3os envolvidos no mesmo;<\/span><\/li>\n<li><span style=\"font-size: 20px; font-family: arial, helvetica, sans-serif; line-height: 1.3; color: #000000;\">Quais s\u00e3o os cuidados que voc\u00ea precisa ter ao fazer um <em><strong>desdobro de im\u00f3vel<\/strong><\/em>;<\/span><\/li>\n<li><span style=\"font-size: 20px; font-family: arial, helvetica, sans-serif; line-height: 1.3; color: #000000;\">Quais as 7 etapas do mesmo e;<\/span><\/li>\n<li><span style=\"font-size: 20px; font-family: arial, helvetica, sans-serif; line-height: 1.3; color: #000000;\">Quais s\u00e3o as plantas que voc\u00ea precisa produzir.<\/span><\/li>\n<\/ul>\n<p><span style=\"font-size: 20px; font-family: arial, helvetica, sans-serif; line-height: 1.3; color: #000000;\">Prossiga a leitura atentamente, pois irei abrir meu ba\u00fa do tesouro. <\/span><\/p>\n<p>&nbsp;<\/p>\n<h2 style=\"text-align: center;\"><span style=\"font-size: 24px; color: #000000;\"><strong><span style=\"font-family: arial, helvetica, sans-serif;\">O que \u00e9 o desdobro de im\u00f3vel<\/span><\/strong><\/span><\/h2>\n<p><img decoding=\"async\" class=\"aligncenter wp-image-20953 size-large\" src=\"https:\/\/adenilsongiovanini.com.br\/blog\/wp-content\/uploads\/2021\/06\/estudo-de-caso-retificacao-de-area-1024x619.png\" alt=\"desdobro de im\u00f3vel\" width=\"780\" height=\"472\" srcset=\"https:\/\/adenilsongiovanini.com.br\/blog\/wp-content\/uploads\/2021\/06\/estudo-de-caso-retificacao-de-area-1024x619.png 1024w, https:\/\/adenilsongiovanini.com.br\/blog\/wp-content\/uploads\/2021\/06\/estudo-de-caso-retificacao-de-area-300x181.png 300w, https:\/\/adenilsongiovanini.com.br\/blog\/wp-content\/uploads\/2021\/06\/estudo-de-caso-retificacao-de-area-768x464.png 768w, https:\/\/adenilsongiovanini.com.br\/blog\/wp-content\/uploads\/2021\/06\/estudo-de-caso-retificacao-de-area-1536x929.png 1536w, https:\/\/adenilsongiovanini.com.br\/blog\/wp-content\/uploads\/2021\/06\/estudo-de-caso-retificacao-de-area-320x193.png 320w, https:\/\/adenilsongiovanini.com.br\/blog\/wp-content\/uploads\/2021\/06\/estudo-de-caso-retificacao-de-area-640x387.png 640w, https:\/\/adenilsongiovanini.com.br\/blog\/wp-content\/uploads\/2021\/06\/estudo-de-caso-retificacao-de-area-360x218.png 360w, https:\/\/adenilsongiovanini.com.br\/blog\/wp-content\/uploads\/2021\/06\/estudo-de-caso-retificacao-de-area-720x435.png 720w, https:\/\/adenilsongiovanini.com.br\/blog\/wp-content\/uploads\/2021\/06\/estudo-de-caso-retificacao-de-area-1080x653.png 1080w, https:\/\/adenilsongiovanini.com.br\/blog\/wp-content\/uploads\/2021\/06\/estudo-de-caso-retificacao-de-area-800x484.png 800w, https:\/\/adenilsongiovanini.com.br\/blog\/wp-content\/uploads\/2021\/06\/estudo-de-caso-retificacao-de-area-1280x774.png 1280w, https:\/\/adenilsongiovanini.com.br\/blog\/wp-content\/uploads\/2021\/06\/estudo-de-caso-retificacao-de-area.png 1796w\" sizes=\"(max-width: 780px) 100vw, 780px\" \/><\/p>\n<p><span style=\"font-family: arial, helvetica, sans-serif; font-size: 20px; color: #000000;\">O<em><strong> desdobro de im\u00f3vel <\/strong><\/em>\u00e9 um dos diferentes tipos de <span style=\"color: #0000ff;\"><a style=\"color: #0000ff;\" href=\"https:\/\/adenilsongiovanini.com.br\/blog\/desmembramento-de-area-aprenda-a-fazer\/\">desmembramento de \u00e1rea<\/a><\/span> existentes.<\/span><\/p>\n<p><span style=\"font-family: arial, helvetica, sans-serif; font-size: 20px; color: #000000;\">Em seu Artigo 3\u00ba, incisos 2\u00ba e 4\u00ba, a <span style=\"color: #0000ff;\"><a style=\"color: #0000ff;\" href=\"http:\/\/www.planalto.gov.br\/ccivil_03\/leis\/l6766.htm\">lei do parcelamento do solo<\/a><\/span> informa que:<\/span><\/p>\n<blockquote style=\"border: 2px double #009900; background: #f0fff0 none repeat scroll 0% 0%; -moz-background-clip: -moz-initial; -moz-background-origin: -moz-initial; -moz-background-inline-policy: -moz-initial; color: #323232; padding-left: 15px; padding-top: 10px; padding-bottom: 10px;\">\n<p><span style=\"font-family: arial, helvetica, sans-serif; font-size: 20px; color: #000000;\"><em>2\u00ba Considera-se <span style=\"color: #0000ff;\"><a href=\"https:\/\/adenilsongiovanini.com.br\/blog\/desmembramento-ou-desdobro\/\" style=\"color: #0000ff;\">desmembramento<\/a><\/span> a subdivis\u00e3o de gleba em lotes destinados a edifica\u00e7\u00e3o, com aproveitamento do sistema vi\u00e1rio existente, desde que n\u00e3o implique na abertura de novas vias e logradouros p\u00fablicos, nem no prolongamento, modifica\u00e7\u00e3o ou amplia\u00e7\u00e3o dos j\u00e1 existentes.<\/em><\/span><\/p>\n<p><em style=\"color: #000000; font-family: arial, helvetica, sans-serif; font-size: 20px;\">4\u00ba Considera-se lote o terreno servido de infra-estrutura b\u00e1sica cujas dimens\u00f5es atendam aos \u00edndices urban\u00edsticos definidos pelo plano diretor ou lei municipal para a zona em que se situe.<\/em><\/p>\n<\/blockquote>\n<p><span style=\"font-family: arial, helvetica, sans-serif; font-size: 20px; color: #000000;\">D\u00ea uma espiadinha no mapa mental abaixo.<\/span><\/p>\n<p><span style=\"font-family: arial, helvetica, sans-serif; font-size: 20px; color: #000000;\"><img decoding=\"async\" class=\"aligncenter wp-image-20959 size-large\" src=\"https:\/\/adenilsongiovanini.com.br\/blog\/wp-content\/uploads\/2021\/06\/Mapa-mental-desmembramento-de-imovel-rural-1024x293.png\" alt=\"mapa mental sobre o parcelamento do solo\" width=\"780\" height=\"223\" srcset=\"https:\/\/adenilsongiovanini.com.br\/blog\/wp-content\/uploads\/2021\/06\/Mapa-mental-desmembramento-de-imovel-rural-1024x293.png 1024w, https:\/\/adenilsongiovanini.com.br\/blog\/wp-content\/uploads\/2021\/06\/Mapa-mental-desmembramento-de-imovel-rural-300x86.png 300w, https:\/\/adenilsongiovanini.com.br\/blog\/wp-content\/uploads\/2021\/06\/Mapa-mental-desmembramento-de-imovel-rural-768x220.png 768w, https:\/\/adenilsongiovanini.com.br\/blog\/wp-content\/uploads\/2021\/06\/Mapa-mental-desmembramento-de-imovel-rural-320x92.png 320w, https:\/\/adenilsongiovanini.com.br\/blog\/wp-content\/uploads\/2021\/06\/Mapa-mental-desmembramento-de-imovel-rural-640x183.png 640w, https:\/\/adenilsongiovanini.com.br\/blog\/wp-content\/uploads\/2021\/06\/Mapa-mental-desmembramento-de-imovel-rural-360x103.png 360w, https:\/\/adenilsongiovanini.com.br\/blog\/wp-content\/uploads\/2021\/06\/Mapa-mental-desmembramento-de-imovel-rural-720x206.png 720w, https:\/\/adenilsongiovanini.com.br\/blog\/wp-content\/uploads\/2021\/06\/Mapa-mental-desmembramento-de-imovel-rural-1080x310.png 1080w, https:\/\/adenilsongiovanini.com.br\/blog\/wp-content\/uploads\/2021\/06\/Mapa-mental-desmembramento-de-imovel-rural-800x229.png 800w, https:\/\/adenilsongiovanini.com.br\/blog\/wp-content\/uploads\/2021\/06\/Mapa-mental-desmembramento-de-imovel-rural.png 1120w\" sizes=\"(max-width: 780px) 100vw, 780px\" \/><\/span><\/p>\n<p><span style=\"font-family: arial, helvetica, sans-serif; font-size: 20px; color: #000000;\">Perceba que o <span style=\"color: #0000ff;\"><a style=\"color: #0000ff;\" href=\"https:\/\/adenilsongiovanini.com.br\/blog\/parcelamento-do-solo\/\">parcelamento do solo<\/a><\/span> se divide em <strong>loteamento<\/strong> e <strong>desmembramento<\/strong>.<\/span><\/p>\n<p><span style=\"font-family: arial, helvetica, sans-serif; font-size: 20px; color: #000000;\">O desmembramento, por sua vez, se divide em <strong>desmembramento de im\u00f3veis rurais<\/strong> e <strong>desmembramento de im\u00f3veis urbanos<\/strong>.<\/span><\/p>\n<p><span style=\"font-family: arial, helvetica, sans-serif; font-size: 20px; color: #000000;\">D\u00ea uma olhadinha neste outro mapa mental.<\/span><\/p>\n<p><img decoding=\"async\" class=\"aligncenter size-full wp-image-1075\" src=\"https:\/\/adenilsongiovanini.com.br\/blog\/wp-content\/uploads\/2017\/12\/desmembramento.png\" alt=\"mapa mental com os diferentes tipos de desdobro de im\u00f3vel\" width=\"1366\" height=\"683\" srcset=\"https:\/\/adenilsongiovanini.com.br\/blog\/wp-content\/uploads\/2017\/12\/desmembramento.png 1366w, https:\/\/adenilsongiovanini.com.br\/blog\/wp-content\/uploads\/2017\/12\/desmembramento-300x150.png 300w, https:\/\/adenilsongiovanini.com.br\/blog\/wp-content\/uploads\/2017\/12\/desmembramento-780x390.png 780w, https:\/\/adenilsongiovanini.com.br\/blog\/wp-content\/uploads\/2017\/12\/desmembramento-768x384.png 768w\" sizes=\"(max-width: 1366px) 100vw, 1366px\" \/><\/p>\n<p><span style=\"font-family: arial, helvetica, sans-serif; font-size: 20px; color: #000000;\">Perceba que o desmembramento de im\u00f3veis urbanos e o desmembramento de im\u00f3veis rurais s\u00e3o temas complexos.<\/span><\/p>\n<p><span style=\"font-family: arial, helvetica, sans-serif; font-size: 20px; color: #000000;\">Caso deseje aprender a respeito do desmembramento de im\u00f3veis rurais, <span style=\"color: #0000ff;\"><a style=\"color: #0000ff;\" href=\"https:\/\/adenilsongiovanini.com.br\/blog\/desmembramento-de-imovel-rural-as-6-etapas\/\">leia este outro artigo<\/a><\/span>.<\/span><\/p>\n<p>&nbsp;<\/p>\n<h2 style=\"text-align: center;\"><strong><span style=\"font-family: arial, helvetica, sans-serif; font-size: 24px; color: #000000;\">Qual a diferen\u00e7a entre desmembramento e desdobro de im\u00f3vel<\/span><\/strong><\/h2>\n<p><img decoding=\"async\" class=\"aligncenter size-large wp-image-25774\" src=\"https:\/\/adenilsongiovanini.com.br\/blog\/wp-content\/uploads\/2021\/10\/desmembramento-e-desdobro-de-lote-780x472.png\" alt=\"desmembramento e desdobro de im\u00f3vel\" width=\"780\" height=\"472\" srcset=\"https:\/\/adenilsongiovanini.com.br\/blog\/wp-content\/uploads\/2021\/10\/desmembramento-e-desdobro-de-lote-780x472.png 780w, https:\/\/adenilsongiovanini.com.br\/blog\/wp-content\/uploads\/2021\/10\/desmembramento-e-desdobro-de-lote-300x182.png 300w, https:\/\/adenilsongiovanini.com.br\/blog\/wp-content\/uploads\/2021\/10\/desmembramento-e-desdobro-de-lote-768x465.png 768w, https:\/\/adenilsongiovanini.com.br\/blog\/wp-content\/uploads\/2021\/10\/desmembramento-e-desdobro-de-lote-1536x930.png 1536w, https:\/\/adenilsongiovanini.com.br\/blog\/wp-content\/uploads\/2021\/10\/desmembramento-e-desdobro-de-lote.png 1799w\" sizes=\"(max-width: 780px) 100vw, 780px\" \/><\/p>\n<p><span style=\"font-family: arial, helvetica, sans-serif; color: #000000; font-size: 20px;\">O <strong>desmembramento<\/strong> \u00e9 a divis\u00e3o de uma gleba em lotes. <\/span><span style=\"font-size: 20px; color: #000000;\"><span style=\"font-family: arial, helvetica, sans-serif;\">J\u00e1 o <em><strong>desdobro de im\u00f3vel<\/strong><\/em> \u00e9 a divis\u00e3o de um lote em 2 ou mais lotes.<\/span><\/span><\/p>\n<p>&nbsp;<\/p>\n<h2 style=\"text-align: center;\"><span style=\"font-size: 24px;\"><strong><span style=\"font-family: arial, helvetica, sans-serif; line-height: 1.3; color: #000000;\">Quais s\u00e3o os \u00f3rg\u00e3os envolvidos no desdobro de im\u00f3vel<\/span><\/strong><\/span><\/h2>\n<p><img decoding=\"async\" class=\"aligncenter wp-image-23428 size-large\" src=\"https:\/\/adenilsongiovanini.com.br\/blog\/wp-content\/uploads\/2021\/08\/Etapa-2-do-desmembramento-de-imovel-urbano-Verificacao-da-legislacao-municipal-780x472.png\" alt=\"\u00f3rg\u00e3os envolvidos no desdobro de im\u00f3vel\" width=\"780\" height=\"472\" srcset=\"https:\/\/adenilsongiovanini.com.br\/blog\/wp-content\/uploads\/2021\/08\/Etapa-2-do-desmembramento-de-imovel-urbano-Verificacao-da-legislacao-municipal-780x472.png 780w, https:\/\/adenilsongiovanini.com.br\/blog\/wp-content\/uploads\/2021\/08\/Etapa-2-do-desmembramento-de-imovel-urbano-Verificacao-da-legislacao-municipal-300x181.png 300w, https:\/\/adenilsongiovanini.com.br\/blog\/wp-content\/uploads\/2021\/08\/Etapa-2-do-desmembramento-de-imovel-urbano-Verificacao-da-legislacao-municipal-768x464.png 768w, https:\/\/adenilsongiovanini.com.br\/blog\/wp-content\/uploads\/2021\/08\/Etapa-2-do-desmembramento-de-imovel-urbano-Verificacao-da-legislacao-municipal-1536x929.png 1536w, https:\/\/adenilsongiovanini.com.br\/blog\/wp-content\/uploads\/2021\/08\/Etapa-2-do-desmembramento-de-imovel-urbano-Verificacao-da-legislacao-municipal.png 1796w\" sizes=\"(max-width: 780px) 100vw, 780px\" \/><\/p>\n<p><span style=\"font-family: arial, helvetica, sans-serif; font-size: 20px; color: #000000;\">O <strong>desdobro de im\u00f3vel<\/strong> exige procedimentos junto \u00e0 prefeitura e junto ao cart\u00f3rio de registro de im\u00f3veis.<\/span><\/p>\n<p><span style=\"font-family: arial, helvetica, sans-serif; font-size: 20px; color: #000000;\">Nos pr\u00f3ximos t\u00f3picos eu entrarei a fundo no tema, mostrando como proceder.<\/span><\/p>\n<p>&nbsp;<\/p>\n<h2 style=\"text-align: center;\"><span style=\"font-size: 24px; color: #000000;\"><strong><span style=\"font-family: arial, helvetica, sans-serif;\">Quais os cuidados que voc\u00ea precisa ter ao fazer um desdobro de im\u00f3vel<\/span><\/strong><\/span><\/h2>\n<p><img decoding=\"async\" class=\"aligncenter wp-image-23489 size-large\" src=\"https:\/\/adenilsongiovanini.com.br\/blog\/wp-content\/uploads\/2020\/08\/parcelamento-de-solo-780x472.png\" alt=\"cuidados que voc\u00ea precisa ter ao fazer um desdobro de im\u00f3vel\" width=\"780\" height=\"472\" srcset=\"https:\/\/adenilsongiovanini.com.br\/blog\/wp-content\/uploads\/2020\/08\/parcelamento-de-solo-780x472.png 780w, https:\/\/adenilsongiovanini.com.br\/blog\/wp-content\/uploads\/2020\/08\/parcelamento-de-solo-300x181.png 300w, https:\/\/adenilsongiovanini.com.br\/blog\/wp-content\/uploads\/2020\/08\/parcelamento-de-solo-768x464.png 768w, https:\/\/adenilsongiovanini.com.br\/blog\/wp-content\/uploads\/2020\/08\/parcelamento-de-solo-1536x929.png 1536w, https:\/\/adenilsongiovanini.com.br\/blog\/wp-content\/uploads\/2020\/08\/parcelamento-de-solo.png 1796w\" sizes=\"(max-width: 780px) 100vw, 780px\" \/><\/p>\n<p><span style=\"font-family: arial, helvetica, sans-serif; font-size: 20px; color: #000000;\">Sempre que fizer o desdobro de im\u00f3vel situado em um munic\u00edpio do qual voc\u00ea nunca desmembrou um terreno antes, voc\u00ea precisa se informar a respeito da legisla\u00e7\u00e3o municipal, se informando a respeito: <\/span><\/p>\n<ul>\n<li><span style=\"font-family: arial, helvetica, sans-serif; font-size: 20px; color: #000000;\">Dos comprimentos m\u00ednimo e m\u00e1ximo de testada permitidos;<\/span><\/li>\n<li><span style=\"font-family: arial, helvetica, sans-serif; font-size: 20px; color: #000000;\">Da <span style=\"color: #0000ff;\"><a style=\"color: #0000ff;\" href=\"https:\/\/adenilsongiovanini.com.br\/blog\/fracao-minima-de-parcelamento\/\">fra\u00e7\u00e3o m\u00ednima de parcelamento<\/a><\/span> que o im\u00f3vel deve ter.<\/span><\/li>\n<\/ul>\n<p><span style=\"font-family: arial, helvetica, sans-serif; font-size: 20px; color: #000000;\">No caso, estes valores podem variar dependendo da <span style=\"color: #0000ff;\"><a style=\"color: #0000ff;\" href=\"https:\/\/www.mapadaobra.com.br\/negocios\/as-regras-da-cidade-plano-diretor-e-lei-de-zoneamento\/#:~:text=%C3%89%20a%20Lei%20de%20Zoneamento,se%20%C3%A9%20preciso%20deixar%20recuos\">lei de zoneamento urbano<\/a><\/span> de cada cidade.<\/span><\/p>\n<p><span style=\"font-family: arial, helvetica, sans-serif; font-size: 20px; color: #000000;\">Por exemplo, alguns munic\u00edpios costumam ser menos restritivos em \u00e1reas de zoneamento misto e mais restritivos em \u00e1reas de zoneamento residencial, tendo diferentes valores para a <strong>fra\u00e7\u00e3o m\u00ednima de parcelamento<\/strong> e para o <strong>comprimento da testada do lote<\/strong>.<\/span><\/p>\n<p>&nbsp;<\/p>\n<h2 style=\"text-align: center;\"><strong><span style=\"font-family: arial, helvetica, sans-serif; font-size: 24px; color: #000000;\">Outros cuidados que voc\u00ea precisa ter no desdobro de terreno<\/span><\/strong><\/h2>\n<p><span style=\"font-family: arial, helvetica, sans-serif; font-size: 20px; color: #000000;\">Al\u00e9m do comprimento de testada do im\u00f3vel e da fra\u00e7\u00e3o m\u00ednima de parcelamento, outros pontos que costuma variar de munic\u00edpio para munic\u00edpio s\u00e3o:<\/span><\/p>\n<ul class=\"public-DraftStyleDefault-ul\">\n<li id=\"viewer-49fi3\" class=\"_1atvN _2TTR5 _3Kjjs _78FBa public-DraftStyleDefault-unorderedListItem\n   public-DraftStyleDefault-depth0\n   public-DraftStyleDefault-list-ltr _1FoOD _78FBa _3_La3 _1atvN\">\n<p class=\"_1j-51 _1FoOD _78FBa _3_La3 _1atvN undefined\"><span style=\"font-family: arial, helvetica, sans-serif; font-size: 20px; color: #000000;\">A ordem em que os procedimentos devem ser realizados;<\/span><\/p>\n<\/li>\n<li id=\"viewer-50h3r\" class=\"_1atvN _2TTR5 _3Kjjs _78FBa public-DraftStyleDefault-unorderedListItem\n   public-DraftStyleDefault-depth0\n   public-DraftStyleDefault-list-ltr _1FoOD _78FBa _3_La3 _1atvN\">\n<p class=\"_1j-51 _1FoOD _78FBa _3_La3 _1atvN undefined\"><span style=\"font-family: arial, helvetica, sans-serif; font-size: 20px; color: #000000;\">Os prazos de aprova\u00e7\u00e3o da solicita\u00e7\u00e3o e;<\/span><\/p>\n<\/li>\n<li class=\"_1atvN _2TTR5 _3Kjjs _78FBa public-DraftStyleDefault-unorderedListItem\n   public-DraftStyleDefault-depth0\n   public-DraftStyleDefault-list-ltr _1FoOD _78FBa _3_La3 _1atvN\">\n<p class=\"_1j-51 _1FoOD _78FBa _3_La3 _1atvN undefined\"><span style=\"font-family: arial, helvetica, sans-serif; font-size: 20px; color: #000000;\">O pre\u00e7o das taxas e servi\u00e7os.<\/span><\/p>\n<\/li>\n<\/ul>\n<p><span style=\"font-family: arial, helvetica, sans-serif; font-size: 20px; color: #000000;\">Ou seja, refor\u00e7o, sempre que for fazer o <strong>desmembramento de im\u00f3vel<\/strong> em um munic\u00edpio no qual voc\u00ea nunca prestou este servi\u00e7o, se informe a respeito da legisla\u00e7\u00e3o municipal.<\/span><\/p>\n<p>&nbsp;<\/p>\n<h2 style=\"text-align: center;\"><span style=\"font-family: arial, helvetica, sans-serif; font-size: 24px; color: #000000;\"><strong>Quais os documentos necess\u00e1rios para o desdobro de im\u00f3vel<\/strong><\/span><\/h2>\n<p><img decoding=\"async\" class=\"aligncenter size-large wp-image-23569\" src=\"https:\/\/adenilsongiovanini.com.br\/blog\/wp-content\/uploads\/2021\/08\/documentos-necessarios-para-desmembramento-de-imovel-urbano-780x472.png\" alt=\"documentos necess\u00e1rios para o desdobro de im\u00f3vel\" width=\"780\" height=\"472\" srcset=\"https:\/\/adenilsongiovanini.com.br\/blog\/wp-content\/uploads\/2021\/08\/documentos-necessarios-para-desmembramento-de-imovel-urbano-780x472.png 780w, https:\/\/adenilsongiovanini.com.br\/blog\/wp-content\/uploads\/2021\/08\/documentos-necessarios-para-desmembramento-de-imovel-urbano-300x181.png 300w, https:\/\/adenilsongiovanini.com.br\/blog\/wp-content\/uploads\/2021\/08\/documentos-necessarios-para-desmembramento-de-imovel-urbano-768x464.png 768w, https:\/\/adenilsongiovanini.com.br\/blog\/wp-content\/uploads\/2021\/08\/documentos-necessarios-para-desmembramento-de-imovel-urbano-1536x929.png 1536w, https:\/\/adenilsongiovanini.com.br\/blog\/wp-content\/uploads\/2021\/08\/documentos-necessarios-para-desmembramento-de-imovel-urbano.png 1796w\" sizes=\"(max-width: 780px) 100vw, 780px\" \/><\/p>\n<p><span style=\"font-family: arial, helvetica, sans-serif; font-size: 20px; color: #000000;\">Existem 5 documentos que s\u00e3o necess\u00e1rios para o desmembramento de im\u00f3vel urbano. S\u00e3o eles:<\/span><\/p>\n<ul>\n<li>\n<p><span style=\"font-family: arial, helvetica, sans-serif; font-size: 20px; color: #000000;\">Requerimento com firma reconhecida assinado pelo propriet\u00e1rio do im\u00f3vel ou procurador, solicitando a averba\u00e7\u00e3o do desmembramento, bem como abertura de <span style=\"color: #0000ff;\"><a href=\"https:\/\/adenilsongiovanini.com.br\/blog\/transcricao-de-imovel-e-matricula\/\" style=\"color: #0000ff;\">matr\u00edculas<\/a><\/span> individuais para os im\u00f3veis originados do desmembramento;<\/span><\/p>\n<\/li>\n<li>\n<p><span style=\"font-family: arial, helvetica, sans-serif; font-size: 20px; color: #000000;\">Memorial descritivo com aprova\u00e7\u00e3o da Prefeitura.<\/span><\/p>\n<\/li>\n<li>\n<p><span style=\"font-family: arial, helvetica, sans-serif; font-size: 20px; color: #000000;\"><span style=\"color: #0000ff;\"><a style=\"color: #0000ff;\" href=\"https:\/\/adenilsongiovanini.com.br\/blog\/planta-de-topografia-o-que-e-e-como-produzir\/\">Planta<\/a><\/span> aprovado pela Prefeitura.<\/span><\/p>\n<\/li>\n<li>\n<p><span style=\"font-family: arial, helvetica, sans-serif; font-size: 20px; color: #000000;\">ART ou RRT.<\/span><\/p>\n<\/li>\n<li>\n<p><span style=\"font-family: arial, helvetica, sans-serif; font-size: 20px; color: #000000;\"><span style=\"color: #0000ff;\"><a style=\"color: #0000ff;\" href=\"https:\/\/app.habitacao.sp.gov.br\/ManualGraprohab\/8ModelosdeCertidaodeConformidade.html\">Certid\u00e3o de aprova\u00e7\u00e3o do desmembramento emitida pela Prefeitura<\/a><\/span>.<\/span><\/p>\n<\/li>\n<\/ul>\n<p>&nbsp;<\/p>\n<h2 style=\"text-align: center;\"><span style=\"font-family: arial, helvetica, sans-serif; font-size: 24px; color: #000000;\"><strong>Vantagens do desmembramento de im\u00f3vel urbano<\/strong><\/span><\/h2>\n<p><img decoding=\"async\" class=\"aligncenter wp-image-25760 size-large\" src=\"https:\/\/adenilsongiovanini.com.br\/blog\/wp-content\/uploads\/2021\/10\/vantagens-do-desdobro-780x472.png\" alt=\"vantagens do desmembramento de lote urbano\" width=\"780\" height=\"472\" srcset=\"https:\/\/adenilsongiovanini.com.br\/blog\/wp-content\/uploads\/2021\/10\/vantagens-do-desdobro-780x472.png 780w, https:\/\/adenilsongiovanini.com.br\/blog\/wp-content\/uploads\/2021\/10\/vantagens-do-desdobro-300x181.png 300w, https:\/\/adenilsongiovanini.com.br\/blog\/wp-content\/uploads\/2021\/10\/vantagens-do-desdobro-768x464.png 768w, https:\/\/adenilsongiovanini.com.br\/blog\/wp-content\/uploads\/2021\/10\/vantagens-do-desdobro-1536x929.png 1536w, https:\/\/adenilsongiovanini.com.br\/blog\/wp-content\/uploads\/2021\/10\/vantagens-do-desdobro.png 1796w\" sizes=\"(max-width: 780px) 100vw, 780px\" \/><\/p>\n<p><span style=\"font-family: arial, helvetica, sans-serif; font-size: 20px; color: #000000;\">O <strong>desmembramento de im\u00f3vel urbano<\/strong> traz grandes vantagens para o propriet\u00e1rio ou construtora e tamb\u00e9m para a comunidade como um todo.<\/span><\/p>\n<p><span style=\"font-family: arial, helvetica, sans-serif; font-size: 20px; color: #000000;\">Por exemplo, s\u00e3o poucas as fam\u00edlias que possuem o capital necess\u00e1rio para a compra de um terreno grande, de certa maneira que o<span style=\"color: #0000ff;\"><a href=\"https:\/\/adenilsongiovanini.com.br\/blog\/desmembramento-de-lote-urbano-como-fazer\/\" style=\"color: #0000ff;\"> desmembramento urbano<\/a><\/span> facilita o acesso a moradia.<\/span><\/p>\n<p><span style=\"font-family: arial, helvetica, sans-serif; font-size: 20px; color: #000000;\">A vantagem que o empreendedor tem ao fazer o <span style=\"color: #0000ff;\"><a href=\"https:\/\/adenilsongiovanini.com.br\/blog\/desmembramento-de-terreno-urbano-as-7-etapas\/\" style=\"color: #0000ff;\">desmembramento de terreno<\/a><\/span> \u00e9 que o pre\u00e7o dos terrenos oriundos ser\u00e1 menor do que o pre\u00e7o do terreno m\u00e3e.<\/span><\/p>\n<p><span style=\"font-family: arial, helvetica, sans-serif; font-size: 20px; color: #000000;\">Com isso, os terrenos ter\u00e3o um n\u00famero maior de potenciais compradores, o que facilitar\u00e1 a venda dos mesmos.<\/span><\/p>\n<p><span style=\"font-family: arial, helvetica, sans-serif; font-size: 20px; color: #000000;\">Algumas <strong>outras vantagens<\/strong> que seu cliente ter\u00e1 ao fazer o desdobro de im\u00f3vel s\u00e3o:<\/span><\/p>\n<ul>\n<li>\n<p><span style=\"font-family: arial, helvetica, sans-serif; font-size: 20px; color: #000000;\">O mesmo poder\u00e1 alugar o terreno resultante do desmembramento, lucrando com o mesmo;<\/span><\/p>\n<\/li>\n<li>\n<p><span style=\"font-family: arial, helvetica, sans-serif; font-size: 20px; color: #000000;\">Ao ter um terreno menor, o valor do IPTU ser\u00e1 menor;<\/span><\/p>\n<\/li>\n<li>\n<p><span style=\"font-family: arial, helvetica, sans-serif; font-size: 20px; color: #000000;\">Seu cliente poder\u00e1 utilizar o desmembramento como uma maneira de regularizar constru\u00e7\u00f5es existentes nos fundos do terreno e;<\/span><\/p>\n<\/li>\n<li>\n<p><span style=\"font-family: arial, helvetica, sans-serif; font-size: 20px; color: #000000;\">Os filhos ou demais parentes do mesmo poder\u00e3o morar perto dele em um im\u00f3vel pr\u00f3prio.<\/span><\/p>\n<\/li>\n<\/ul>\n<p><span style=\"font-family: arial, helvetica, sans-serif; font-size: 20px; color: #000000;\">Al\u00e9m disso, o desdobro de im\u00f3vel urbano tamb\u00e9m traz uma s\u00e9rie de vantagens para a comunidade como um todo. Isso porque <\/span><span style=\"font-family: arial, helvetica, sans-serif; font-size: 20px; color: #000000;\">mais pessoas conseguir\u00e3o ser donas do seu pr\u00f3prio im\u00f3vel, livrando-se do aluguel.<\/span><\/p>\n<p>&nbsp;<\/p>\n<h2 style=\"text-align: center;\"><strong><span style=\"font-family: arial, helvetica, sans-serif; color: #000000; font-size: 24px;\">As 7 etapas do desdobro de im\u00f3vel<\/span><\/strong><\/h2>\n<p><img decoding=\"async\" class=\"aligncenter wp-image-21003 size-large\" src=\"https:\/\/adenilsongiovanini.com.br\/blog\/wp-content\/uploads\/2021\/06\/rtk-topografia-1024x893.png\" alt=\"etapas do desmembramento de im\u00f3vel urbano\" width=\"780\" height=\"680\" srcset=\"https:\/\/adenilsongiovanini.com.br\/blog\/wp-content\/uploads\/2021\/06\/rtk-topografia-1024x893.png 1024w, https:\/\/adenilsongiovanini.com.br\/blog\/wp-content\/uploads\/2021\/06\/rtk-topografia-300x262.png 300w, https:\/\/adenilsongiovanini.com.br\/blog\/wp-content\/uploads\/2021\/06\/rtk-topografia-768x670.png 768w, https:\/\/adenilsongiovanini.com.br\/blog\/wp-content\/uploads\/2021\/06\/rtk-topografia-320x279.png 320w, https:\/\/adenilsongiovanini.com.br\/blog\/wp-content\/uploads\/2021\/06\/rtk-topografia-640x558.png 640w, https:\/\/adenilsongiovanini.com.br\/blog\/wp-content\/uploads\/2021\/06\/rtk-topografia-360x314.png 360w, https:\/\/adenilsongiovanini.com.br\/blog\/wp-content\/uploads\/2021\/06\/rtk-topografia-720x628.png 720w, https:\/\/adenilsongiovanini.com.br\/blog\/wp-content\/uploads\/2021\/06\/rtk-topografia-1080x942.png 1080w, https:\/\/adenilsongiovanini.com.br\/blog\/wp-content\/uploads\/2021\/06\/rtk-topografia-800x697.png 800w, https:\/\/adenilsongiovanini.com.br\/blog\/wp-content\/uploads\/2021\/06\/rtk-topografia.png 1147w\" sizes=\"(max-width: 780px) 100vw, 780px\" \/><\/p>\n<p><span style=\"font-family: arial, helvetica, sans-serif; color: #000000; font-size: 20px;\">O desdobro de im\u00f3vel pode ser dividido em 7 etapas. Vamos ver as mesmas.<\/span><\/p>\n<p>&nbsp;<\/p>\n<h3 style=\"text-align: center;\"><strong><span style=\"font-family: arial, helvetica, sans-serif; color: #000000; font-size: 24px;\">Etapa 1 &#8211; Reuni\u00e3o com o cliente<\/span><\/strong><\/h3>\n<p><img decoding=\"async\" class=\"aligncenter wp-image-19342\" style=\"color: #000000; font-family: arial, helvetica, sans-serif; font-size: 20px;\" src=\"https:\/\/adenilsongiovanini.com.br\/blog\/wp-content\/uploads\/2021\/04\/reuniao-com-o-cliente.jpg\" alt=\"reuni\u00e3o com o cliente\" width=\"780\" height=\"521\" srcset=\"https:\/\/adenilsongiovanini.com.br\/blog\/wp-content\/uploads\/2021\/04\/reuniao-com-o-cliente.jpg 999w, https:\/\/adenilsongiovanini.com.br\/blog\/wp-content\/uploads\/2021\/04\/reuniao-com-o-cliente-300x200.jpg 300w, https:\/\/adenilsongiovanini.com.br\/blog\/wp-content\/uploads\/2021\/04\/reuniao-com-o-cliente-768x513.jpg 768w, https:\/\/adenilsongiovanini.com.br\/blog\/wp-content\/uploads\/2021\/04\/reuniao-com-o-cliente-320x214.jpg 320w, https:\/\/adenilsongiovanini.com.br\/blog\/wp-content\/uploads\/2021\/04\/reuniao-com-o-cliente-640x427.jpg 640w, https:\/\/adenilsongiovanini.com.br\/blog\/wp-content\/uploads\/2021\/04\/reuniao-com-o-cliente-360x240.jpg 360w, https:\/\/adenilsongiovanini.com.br\/blog\/wp-content\/uploads\/2021\/04\/reuniao-com-o-cliente-720x481.jpg 720w, https:\/\/adenilsongiovanini.com.br\/blog\/wp-content\/uploads\/2021\/04\/reuniao-com-o-cliente-800x534.jpg 800w\" sizes=\"(max-width: 780px) 100vw, 780px\" \/><\/p>\n<p>&nbsp;<\/p>\n<p><span style=\"font-family: arial, helvetica, sans-serif; color: #000000; font-size: 20px;\">Nesta etapa, voc\u00ea pedir\u00e1 a <span style=\"color: #0000ff;\"><a style=\"color: #0000ff;\" href=\"https:\/\/adenilsongiovanini.com.br\/blog\/matricula-de-imovel\/\">matr\u00edcula<\/a><\/span> para o mesmo, pois o que lhe interessa \u00e9 a realidade jur\u00eddica e n\u00e3o a realidade f\u00edsica.<\/span><\/p>\n<p><span style=\"font-family: arial, helvetica, sans-serif; color: #000000; font-size: 20px;\">Ou seja, para ser <strong>desmembrado<\/strong>, o im\u00f3vel precisa estar <strong>cadastrado junto ao registro de im\u00f3veis<\/strong>, possuindo matr\u00edcula.<\/span><\/p>\n<p><span style=\"font-family: arial, helvetica, sans-serif; color: #000000; font-size: 20px;\">Caso o im\u00f3vel n\u00e3o possua matr\u00edcula, o mesmo precisar\u00e1 primeiramente ser regularizado, o que pode ser feito via <span style=\"color: #0000ff;\"><a style=\"color: #0000ff;\" href=\"https:\/\/adenilsongiovanini.com.br\/blog\/usucapiao-extrajudicial\/\">usucapi\u00e3o extrajudicial<\/a><\/span>.<\/span><\/p>\n<p>&nbsp;<\/p>\n<h3 style=\"text-align: center;\"><strong><span style=\"font-family: arial, helvetica, sans-serif; color: #000000; font-size: 20px;\">Etapa 2 do desdobro de im\u00f3vel &#8211; Verifica\u00e7\u00e3o da legisla\u00e7\u00e3o municipal<\/span><\/strong><\/h3>\n<p><img decoding=\"async\" class=\"aligncenter wp-image-23428 size-large\" src=\"https:\/\/adenilsongiovanini.com.br\/blog\/wp-content\/uploads\/2021\/08\/Etapa-2-do-desmembramento-de-imovel-urbano-Verificacao-da-legislacao-municipal-780x472.png\" alt=\"desmembramento de lote- Verifica\u00e7\u00e3o da legisla\u00e7\u00e3o municipal\" width=\"780\" height=\"472\" srcset=\"https:\/\/adenilsongiovanini.com.br\/blog\/wp-content\/uploads\/2021\/08\/Etapa-2-do-desmembramento-de-imovel-urbano-Verificacao-da-legislacao-municipal-780x472.png 780w, https:\/\/adenilsongiovanini.com.br\/blog\/wp-content\/uploads\/2021\/08\/Etapa-2-do-desmembramento-de-imovel-urbano-Verificacao-da-legislacao-municipal-300x181.png 300w, https:\/\/adenilsongiovanini.com.br\/blog\/wp-content\/uploads\/2021\/08\/Etapa-2-do-desmembramento-de-imovel-urbano-Verificacao-da-legislacao-municipal-768x464.png 768w, https:\/\/adenilsongiovanini.com.br\/blog\/wp-content\/uploads\/2021\/08\/Etapa-2-do-desmembramento-de-imovel-urbano-Verificacao-da-legislacao-municipal-1536x929.png 1536w, https:\/\/adenilsongiovanini.com.br\/blog\/wp-content\/uploads\/2021\/08\/Etapa-2-do-desmembramento-de-imovel-urbano-Verificacao-da-legislacao-municipal.png 1796w\" sizes=\"(max-width: 780px) 100vw, 780px\" \/><\/p>\n<p>&nbsp;<\/p>\n<p><span style=\"font-family: arial, helvetica, sans-serif; font-size: 20px; color: #000000;\">Conforme informei anteriormente, o desdobro de im\u00f3vel precisa obedecer a legisla\u00e7\u00e3o municipal quanto:<\/span><\/p>\n<ul>\n<li><span style=\"font-family: arial, helvetica, sans-serif; font-size: 20px; color: #000000;\">Ao comprimento m\u00ednimo e m\u00e1ximo da frente do lote e;<\/span><\/li>\n<li><span style=\"font-family: arial, helvetica, sans-serif; font-size: 20px; color: #000000;\">A fra\u00e7\u00e3o m\u00ednima de parcelamento.<\/span><\/li>\n<\/ul>\n<p><span style=\"font-family: arial, helvetica, sans-serif; font-size: 20px; color: #000000;\">Logo, sempre se informe a respeito.<\/span><\/p>\n<p>&nbsp;<\/p>\n<h3 style=\"text-align: center;\"><strong><span style=\"font-family: arial, helvetica, sans-serif; color: #000000; font-size: 24px;\">Desdobro de im\u00f3vel &#8211; Etapa 3 &#8211; Medi\u00e7\u00e3o da \u00e1rea a campo<\/span><\/strong><\/h3>\n<p><img decoding=\"async\" class=\"aligncenter wp-image-23429 size-large\" src=\"https:\/\/adenilsongiovanini.com.br\/blog\/wp-content\/uploads\/2021\/08\/medicao-topografia-780x472.png\" alt=\"levantamento topogr\u00e1fico para o desdobro de im\u00f3vel\" width=\"780\" height=\"472\" srcset=\"https:\/\/adenilsongiovanini.com.br\/blog\/wp-content\/uploads\/2021\/08\/medicao-topografia-780x472.png 780w, https:\/\/adenilsongiovanini.com.br\/blog\/wp-content\/uploads\/2021\/08\/medicao-topografia-300x182.png 300w, https:\/\/adenilsongiovanini.com.br\/blog\/wp-content\/uploads\/2021\/08\/medicao-topografia-768x465.png 768w, https:\/\/adenilsongiovanini.com.br\/blog\/wp-content\/uploads\/2021\/08\/medicao-topografia-1536x929.png 1536w, https:\/\/adenilsongiovanini.com.br\/blog\/wp-content\/uploads\/2021\/08\/medicao-topografia.png 1795w\" sizes=\"(max-width: 780px) 100vw, 780px\" \/><\/p>\n<p><span style=\"font-family: arial, helvetica, sans-serif; color: #000000; font-size: 20px;\">Uma vez que voc\u00ea tenha acertado todos os detalhes com o cliente, precisar\u00e1 ir a campo e fazer a <span style=\"color: #0000ff;\"><a style=\"color: #0000ff;\" href=\"https:\/\/adenilsongiovanini.com.br\/blog\/levantamento-cadastral\/\">medi\u00e7\u00e3o da \u00e1rea<\/a><\/span> da propriedade m\u00e3e.<\/span><\/p>\n<p><span style=\"font-family: arial, helvetica, sans-serif; color: #000000; font-size: 20px;\">Caso o im\u00f3vel situe-se distante da sede da empresa, voc\u00ea pode levar seu notebook de campo junto e ainda a campo, fazer a divis\u00e3o de \u00e1rea.<\/span><\/p>\n<p><span style=\"font-family: arial, helvetica, sans-serif; color: #000000; font-size: 20px;\">Com isso, voc\u00ea precisa voltar outro dia at\u00e9 o im\u00f3vel, aproveitando a ida a campo para locar os pontos definidores dos limites das novas \u00e1reas, materializando os mesmos com <span style=\"color: #0000ff;\"><a style=\"color: #0000ff;\" href=\"https:\/\/adenilsongiovanini.com.br\/blog\/marcos-topograficos-quais-os-tipos-existentes\/\">marcos topogr\u00e1ficos<\/a><\/span>.<\/span><\/p>\n<p>&nbsp;<\/p>\n<h3 style=\"text-align: center;\"><span style=\"font-size: 24px;\"><strong><span style=\"font-family: arial, helvetica, sans-serif; color: #000000;\">Etapa 4 &#8211; Produ\u00e7\u00e3o das pe\u00e7as t\u00e9cnicas e do documental necess\u00e1rio<\/span><\/strong><\/span><\/h3>\n<p><img decoding=\"async\" class=\"aligncenter wp-image-23430 size-large\" src=\"https:\/\/adenilsongiovanini.com.br\/blog\/wp-content\/uploads\/2021\/08\/plantas-memorial-descritivo-e-art-780x472.png\" alt=\"plantas, memorial descritivo e ART - desdobro de im\u00f3vel terreno\" width=\"780\" height=\"472\" srcset=\"https:\/\/adenilsongiovanini.com.br\/blog\/wp-content\/uploads\/2021\/08\/plantas-memorial-descritivo-e-art-780x472.png 780w, https:\/\/adenilsongiovanini.com.br\/blog\/wp-content\/uploads\/2021\/08\/plantas-memorial-descritivo-e-art-300x182.png 300w, https:\/\/adenilsongiovanini.com.br\/blog\/wp-content\/uploads\/2021\/08\/plantas-memorial-descritivo-e-art-768x465.png 768w, https:\/\/adenilsongiovanini.com.br\/blog\/wp-content\/uploads\/2021\/08\/plantas-memorial-descritivo-e-art-1536x929.png 1536w, https:\/\/adenilsongiovanini.com.br\/blog\/wp-content\/uploads\/2021\/08\/plantas-memorial-descritivo-e-art.png 1795w\" sizes=\"(max-width: 780px) 100vw, 780px\" \/><\/p>\n<p><span style=\"font-family: arial, helvetica, sans-serif; color: #000000; font-size: 20px;\">Nesta etapa, voc\u00ea produzir\u00e1 2 plantas. A primeira situando o lote a ser desmembrado dentro da \u00e1rea da matr\u00edcula m\u00e3e e, um segunda, da \u00e1rea a ser desmembrada.<\/span><\/p>\n<p><span style=\"font-family: arial, helvetica, sans-serif; color: #000000; font-size: 20px;\">Tamb\u00e9m emitir\u00e1 a ART, produzir\u00e1 o <span style=\"color: #0000ff;\"><a style=\"color: #0000ff;\" href=\"https:\/\/adenilsongiovanini.com.br\/blog\/memorial-descritivo-levantamento-topografico\/\">memorial descritivo<\/a><span style=\"color: #000000;\">, o requerimento de desmembramento<\/span> <span style=\"color: #000000;\">e os demais documentos exigidos pelo profissional de registro<\/span><\/span>.<\/span><\/p>\n<p>&nbsp;<\/p>\n<h3 style=\"text-align: center;\"><strong><span style=\"font-family: arial, helvetica, sans-serif; color: #000000; font-size: 24px;\">Etapa 5 &#8211; Protocola\u00e7\u00e3o junto a prefeitura<\/span><\/strong><\/h3>\n<p><img decoding=\"async\" class=\"aligncenter wp-image-23431 size-large\" src=\"https:\/\/adenilsongiovanini.com.br\/blog\/wp-content\/uploads\/2021\/08\/Protocolacao-e-aprovacao-junto-a-prefeitura-780x472.png\" alt=\"protocola\u00e7\u00e3o e aprova\u00e7\u00e3o junto a prefeitura\" width=\"780\" height=\"472\" srcset=\"https:\/\/adenilsongiovanini.com.br\/blog\/wp-content\/uploads\/2021\/08\/Protocolacao-e-aprovacao-junto-a-prefeitura-780x472.png 780w, https:\/\/adenilsongiovanini.com.br\/blog\/wp-content\/uploads\/2021\/08\/Protocolacao-e-aprovacao-junto-a-prefeitura-300x182.png 300w, https:\/\/adenilsongiovanini.com.br\/blog\/wp-content\/uploads\/2021\/08\/Protocolacao-e-aprovacao-junto-a-prefeitura-768x465.png 768w, https:\/\/adenilsongiovanini.com.br\/blog\/wp-content\/uploads\/2021\/08\/Protocolacao-e-aprovacao-junto-a-prefeitura-1536x929.png 1536w, https:\/\/adenilsongiovanini.com.br\/blog\/wp-content\/uploads\/2021\/08\/Protocolacao-e-aprovacao-junto-a-prefeitura.png 1795w\" sizes=\"(max-width: 780px) 100vw, 780px\" \/><\/p>\n<p><span style=\"font-family: arial, helvetica, sans-serif; color: #000000; font-size: 20px;\">Nesta etapa, voc\u00ea proceder\u00e1 junto a prefeitura, normalmente, junto a secretaria de planejamento.<\/span><\/p>\n<p><span style=\"font-family: arial, helvetica, sans-serif; color: #000000; font-size: 20px;\">Caso a solicita\u00e7\u00e3o de desmembramento esteja de acordo com a legisla\u00e7\u00e3o vigente, o respectivo \u00f3rg\u00e3o da prefeitura emitir\u00e1 a certid\u00e3o de aprova\u00e7\u00e3o do desmembramento.<\/span><\/p>\n<p><span style=\"font-family: arial, helvetica, sans-serif; color: #000000; font-size: 20px;\">Certid\u00e3o esta que voc\u00ea precisar\u00e1 apresentar para o profissional de registro.<\/span><\/p>\n<p><span style=\"font-family: arial, helvetica, sans-serif; color: #000000; font-size: 20px;\">A <strong>solicita\u00e7\u00e3o de desmembramento n\u00e3o ser\u00e1 aceita<\/strong> somente se:<\/span><\/p>\n<ul>\n<li style=\"text-align: left;\"><span style=\"font-family: arial, helvetica, sans-serif; color: #000000; font-size: 20px;\">A \u00e1rea a ser desmembrada f<\/span><span style=\"font-family: arial, helvetica, sans-serif; color: #000000; font-size: 20px;\">or inferior a fra\u00e7\u00e3o m\u00ednima de desmembramento ou;<\/span><\/li>\n<li style=\"text-align: left;\"><span style=\"font-family: arial, helvetica, sans-serif; color: #000000; font-size: 20px;\">O comprimento da testada (frente do im\u00f3vel) for inferior ao permitido pela legisla\u00e7\u00e3o municipal.<\/span><\/li>\n<\/ul>\n<h3 style=\"text-align: center;\"><\/h3>\n<h3 style=\"text-align: center;\"><strong><span style=\"font-family: arial, helvetica, sans-serif; color: #000000; font-size: 24px;\"> Etapa 6 do d<\/span><\/strong><strong><span style=\"font-family: arial, helvetica, sans-serif; color: #000000; font-size: 24px;\">esdobro de lote &#8211; <\/span><\/strong><span style=\"font-size: 24px;\"><strong><span style=\"font-family: arial, helvetica, sans-serif; color: #000000;\">Procedimento junto ao registro de im\u00f3veis<\/span><\/strong><\/span><\/h3>\n<p><img decoding=\"async\" class=\"aligncenter wp-image-23432 size-large\" src=\"https:\/\/adenilsongiovanini.com.br\/blog\/wp-content\/uploads\/2021\/08\/registro-de-imoveis-780x471.png\" alt=\"procedimento junto ao registro de im\u00f3veis\" width=\"780\" height=\"471\" srcset=\"https:\/\/adenilsongiovanini.com.br\/blog\/wp-content\/uploads\/2021\/08\/registro-de-imoveis-780x471.png 780w, https:\/\/adenilsongiovanini.com.br\/blog\/wp-content\/uploads\/2021\/08\/registro-de-imoveis-300x181.png 300w, https:\/\/adenilsongiovanini.com.br\/blog\/wp-content\/uploads\/2021\/08\/registro-de-imoveis-768x464.png 768w, https:\/\/adenilsongiovanini.com.br\/blog\/wp-content\/uploads\/2021\/08\/registro-de-imoveis-1536x928.png 1536w, https:\/\/adenilsongiovanini.com.br\/blog\/wp-content\/uploads\/2021\/08\/registro-de-imoveis.png 1796w\" sizes=\"(max-width: 780px) 100vw, 780px\" \/><\/p>\n<p><span style=\"font-family: arial, helvetica, sans-serif; color: #000000; font-size: 20px;\">Nesta etapa, voc\u00ea levar\u00e1 o documental (<span style=\"color: #0000ff;\"><a href=\"https:\/\/adenilsongiovanini.com.br\/curso-de-autocad-para-topografia\/\" style=\"color: #0000ff;\">plantas<\/a><\/span>, memorial descritivo, requerimento de desmembramento, certid\u00e3o emitida pela prefeitura, ART e demais documental) at\u00e9 o registro de im\u00f3veis, dando entrada no processo de desmembramento.<\/span><\/p>\n<p><span style=\"font-family: arial, helvetica, sans-serif; color: #000000; font-size: 20px;\"><strong>Importante<\/strong>: se informe junto ao profissional de registro sobre quais documentos s\u00e3o necess\u00e1rios.<\/span><\/p>\n<p><span style=\"font-family: arial, helvetica, sans-serif; color: #000000; font-size: 20px;\">Cada munic\u00edpio possui suas especificidades cadastrais, sendo que o profissional de registro possui liberdade para solicitar tantos documentos quantos achar necess\u00e1rio.<\/span><\/p>\n<p><span style=\"font-family: arial, helvetica, sans-serif; color: #000000; font-size: 20px;\">Ou seja, o documental costuma variar de cart\u00f3rio para cart\u00f3rio.<\/span><\/p>\n<h2 style=\"text-align: center;\">\n<strong><span style=\"font-family: arial, helvetica, sans-serif; color: #000000; font-size: 24px;\">Etapa 7 &#8211; Procedimentos do oficial de registro<\/span><\/strong><\/h2>\n<p><img decoding=\"async\" class=\"aligncenter wp-image-21480 size-large\" src=\"https:\/\/adenilsongiovanini.com.br\/blog\/wp-content\/uploads\/2021\/07\/lei-dos-registros-publicos-1024x684.jpg\" alt=\"procedimentos do oficial de registro\" width=\"780\" height=\"521\" srcset=\"https:\/\/adenilsongiovanini.com.br\/blog\/wp-content\/uploads\/2021\/07\/lei-dos-registros-publicos-1024x684.jpg 1024w, https:\/\/adenilsongiovanini.com.br\/blog\/wp-content\/uploads\/2021\/07\/lei-dos-registros-publicos-300x200.jpg 300w, https:\/\/adenilsongiovanini.com.br\/blog\/wp-content\/uploads\/2021\/07\/lei-dos-registros-publicos-768x513.jpg 768w, https:\/\/adenilsongiovanini.com.br\/blog\/wp-content\/uploads\/2021\/07\/lei-dos-registros-publicos-1536x1026.jpg 1536w, https:\/\/adenilsongiovanini.com.br\/blog\/wp-content\/uploads\/2021\/07\/lei-dos-registros-publicos-2048x1368.jpg 2048w, https:\/\/adenilsongiovanini.com.br\/blog\/wp-content\/uploads\/2021\/07\/lei-dos-registros-publicos-320x214.jpg 320w, https:\/\/adenilsongiovanini.com.br\/blog\/wp-content\/uploads\/2021\/07\/lei-dos-registros-publicos-640x427.jpg 640w, https:\/\/adenilsongiovanini.com.br\/blog\/wp-content\/uploads\/2021\/07\/lei-dos-registros-publicos-360x240.jpg 360w, https:\/\/adenilsongiovanini.com.br\/blog\/wp-content\/uploads\/2021\/07\/lei-dos-registros-publicos-720x481.jpg 720w, https:\/\/adenilsongiovanini.com.br\/blog\/wp-content\/uploads\/2021\/07\/lei-dos-registros-publicos-1080x721.jpg 1080w, https:\/\/adenilsongiovanini.com.br\/blog\/wp-content\/uploads\/2021\/07\/lei-dos-registros-publicos-800x534.jpg 800w, https:\/\/adenilsongiovanini.com.br\/blog\/wp-content\/uploads\/2021\/07\/lei-dos-registros-publicos-1280x855.jpg 1280w\" sizes=\"(max-width: 780px) 100vw, 780px\" \/><\/p>\n<p><span style=\"font-family: arial, helvetica, sans-serif; color: #000000; font-size: 20px;\">O profissional de Registro far\u00e1 uma an\u00e1lise detalhada:<\/span><\/p>\n<ul>\n<li><span style=\"font-family: arial, helvetica, sans-serif; color: #000000; font-size: 20px;\">Do documental entregue pelo Agrimensor;<\/span><\/li>\n<li><span style=\"font-family: arial, helvetica, sans-serif; color: #000000; font-size: 20px;\">Do documental existente no registro de im\u00f3veis da propriedade m\u00e3e e das propriedades confrontantes.<\/span><\/li>\n<\/ul>\n<p><span style=\"font-family: arial, helvetica, sans-serif; color: #000000; font-size: 20px;\">Isso porque o mesmo precisa ter certeza que n\u00e3o existe a indexa\u00e7\u00e3o de \u00e1reas de um im\u00f3vel de terceiro ou, enfim, de qualquer outra diverg\u00eancia que evite o desmembramento do im\u00f3vel.<\/span><\/p>\n<p><span style=\"font-family: arial, helvetica, sans-serif; color: #000000; font-size: 20px;\">Uma vez que verifique que est\u00e1 tudo ok, o mesmo procede a <span style=\"color: #0000ff;\"><a style=\"color: #0000ff;\" href=\"https:\/\/melchiorettosandri.com.br\/averbacao-do-imovel\/\">averba\u00e7\u00e3o<\/a><\/span> de subdivis\u00e3o e encerramento da matr\u00edcula origin\u00e1ria, abrindo as novas matr\u00edculas dos im\u00f3veis desmembrados.<\/span><\/p>\n<p>&nbsp;<\/p>\n<h2 style=\"text-align: center;\"><span style=\"font-size: 24px; color: #000000;\"><strong><span style=\"font-family: arial, helvetica, sans-serif; line-height: 1.3;\">Quais s\u00e3o as plantas exigidas no desmembramento de terreno<\/span><\/strong><\/span><\/h2>\n<p><img decoding=\"async\" class=\"aligncenter size-large wp-image-25752\" src=\"https:\/\/adenilsongiovanini.com.br\/blog\/wp-content\/uploads\/2021\/10\/documentos-para-a-divisao-de-terreno-780x472.png\" alt=\"plantas exigidas no desdobro de im\u00f3vel\" width=\"780\" height=\"472\" srcset=\"https:\/\/adenilsongiovanini.com.br\/blog\/wp-content\/uploads\/2021\/10\/documentos-para-a-divisao-de-terreno-780x472.png 780w, https:\/\/adenilsongiovanini.com.br\/blog\/wp-content\/uploads\/2021\/10\/documentos-para-a-divisao-de-terreno-300x181.png 300w, https:\/\/adenilsongiovanini.com.br\/blog\/wp-content\/uploads\/2021\/10\/documentos-para-a-divisao-de-terreno-768x464.png 768w, https:\/\/adenilsongiovanini.com.br\/blog\/wp-content\/uploads\/2021\/10\/documentos-para-a-divisao-de-terreno-1536x929.png 1536w, https:\/\/adenilsongiovanini.com.br\/blog\/wp-content\/uploads\/2021\/10\/documentos-para-a-divisao-de-terreno.png 1796w\" sizes=\"(max-width: 780px) 100vw, 780px\" \/><\/p>\n<p><span style=\"font-family: arial, helvetica, sans-serif; font-size: 20px; color: #000000;\">No que se refere ao desmembramento de im\u00f3vel urbano, existem 2 leis que servem de norte, definindo como que voc\u00ea deve proceder. <\/span><\/p>\n<p><span style=\"font-family: arial, helvetica, sans-serif; font-size: 20px; color: #000000;\">S\u00e3o elas:<\/span><\/p>\n<ul>\n<li><span style=\"font-family: arial, helvetica, sans-serif; font-size: 20px; color: #000000;\"><span style=\"color: #0000ff;\"><a style=\"color: #0000ff;\" href=\"http:\/\/www.planalto.gov.br\/ccivil_03\/leis\/l6015compilada.htm\">Lei N\u00ba 6.015\/ 73<\/a><\/span> &#8211; Conhecida como <strong>Lei dos registros p\u00fablicos<\/strong>;<\/span><\/li>\n<li><span style=\"font-family: arial, helvetica, sans-serif; font-size: 20px; color: #000000;\"><a href=\"http:\/\/www.planalto.gov.br\/ccivil_03\/leis\/l6766.htm\"><span style=\"color: #0000ff;\">Lei N\u00b0 6.766<\/span><\/a> &#8211; Conhecida como <strong>Lei do parcelamento do solo urbano<\/strong>.<\/span><\/li>\n<\/ul>\n<p><span style=\"font-family: arial, helvetica, sans-serif; font-size: 20px; color: #000000;\">A Lei dos registros p\u00fablicos, entre outras coisas:<\/span><\/p>\n<ul>\n<li><span style=\"font-size: 20px; font-family: arial, helvetica, sans-serif; color: #000000;\">Fez a migra\u00e7\u00e3o do sistema de transcri\u00e7\u00f5es para o sistema de matr\u00edculas;<\/span><\/li>\n<li><span style=\"font-size: 20px; font-family: arial, helvetica, sans-serif; color: #000000;\">Definiu que na presta\u00e7\u00e3o de um trabalho t\u00e9cnico, o profissional deve produzir <span style=\"color: #0000ff;\"><a style=\"color: #0000ff;\" href=\"https:\/\/adenilsongiovanini.com.br\/blog\/planta-topografica-de-um-terreno\/\">planta<\/a><\/span>, <span style=\"color: #0000ff;\"><a style=\"color: #0000ff;\" href=\"https:\/\/adenilsongiovanini.com.br\/blog\/memorial-descritivo-de-topografia\/\">memorial descritivo<\/a><\/span> e emitir a ART. <\/span><\/li>\n<\/ul>\n<p><span style=\"font-family: arial, helvetica, sans-serif; font-size: 20px; color: #000000;\">J\u00e1 a Lei do <span style=\"color: #0000ff;\"><a href=\"https:\/\/adenilsongiovanini.com.br\/blog\/qual-a-diferenca-entre-loteamento-desmembramento-e-parcelamento-do-solo\/\" style=\"color: #0000ff;\">parcelamento do solo urbano<\/a><\/span>, trouxe uma s\u00e9rie de provid\u00eancias, sanando tamb\u00e9m uma lacuna existente, onde que no desmembramento de im\u00f3veis era normal fazer-se o desmembramento com a produ\u00e7\u00e3o de somente uma planta da \u00e1rea a ser desmembrada.<\/span><\/p>\n<p><span style=\"font-family: arial, helvetica, sans-serif; font-size: 20px; color: #000000;\">Isso causava s\u00e9rios problemas, trazendo inseguran\u00e7a jur\u00eddica para o registro de im\u00f3veis. <\/span><\/p>\n<p><span style=\"font-family: arial, helvetica, sans-serif; font-size: 20px; color: #000000;\">A lei do parcelamento do solo urbano passou a exigir 2 plantas:<\/span><\/p>\n<ul>\n<li><span style=\"font-family: arial, helvetica, sans-serif; font-size: 20px; color: #000000;\">Uma primeira planta situando a \u00e1rea a ser desmembrada dentro da \u00e1rea m\u00e3e;<\/span><\/li>\n<li><span style=\"font-family: arial, helvetica, sans-serif; font-size: 20px; color: #000000;\">Uma segunda planta da \u00e1rea a ser desmembrada.<\/span><\/li>\n<\/ul>\n<p><span style=\"font-family: arial, helvetica, sans-serif; font-size: 20px; color: #000000;\">Ou seja, ao fazer o <strong>desmembramento de lote<\/strong> voc\u00ea deve produzir o seguinte documental:<\/span><\/p>\n<ul>\n<li><span style=\"color: #000000;\"><span style=\"font-family: arial, helvetica, sans-serif; font-size: 20px;\">Memorial descritivo<\/span><span style=\"font-family: arial, helvetica, sans-serif; font-size: 20px;\">;<\/span><\/span><\/li>\n<li><span style=\"font-family: arial, helvetica, sans-serif; font-size: 20px; color: #000000;\">As 2 plantas acima mencionadas;<\/span><\/li>\n<li><span style=\"font-family: arial, helvetica, sans-serif; font-size: 20px; color: #000000;\">Emitir a ART e;<\/span><\/li>\n<li><span style=\"font-family: arial, helvetica, sans-serif; font-size: 20px; color: #000000;\">Demais documental exigido pelo profissional de registro.<\/span><\/li>\n<\/ul>\n<p><span style=\"font-family: arial, helvetica, sans-serif; font-size: 20px; color: #000000;\">Naturalmente, para isso, voc\u00ea deve ter feito o mapeamento do lote que ser\u00e1 desmembrado.<\/span><\/p>\n<p><span style=\"font-family: arial, helvetica, sans-serif; font-size: 20px; color: #000000;\">V\u00eddeo a respeito do assunto.<\/span><\/p>\n<p><center><iframe width=\"853\" height=\"480\" title=\"YouTube video player\" src=\"https:\/\/www.youtube.com\/embed\/d1PObbXDPBQ\" frameborder=\"0\" allowfullscreen=\"allowfullscreen\"><\/iframe><\/center><br \/>\n<span style=\"font-size: 20px; font-family: arial, helvetica, sans-serif; color: #000000; line-height: 1.3;\">Se voc\u00ea quer<strong> MERGULHAR FUNDO e aprender a prestar servi\u00e7os com grande velocidade e com seguran\u00e7a<\/strong>, <span style=\"color: #0000ff;\"><a style=\"color: #0000ff;\" href=\"https:\/\/adenilsongiovanini.com.br\/cursos-online\/\">acesse este link<\/a><\/span> e conhe\u00e7a os mesmos.<\/span><\/p>\n<p>&nbsp;<\/p>\n<p><span style=\"color: #000000;\"><span style=\"font-size: 20px; font-family: arial, helvetica, sans-serif; line-height: 1.3;\">Entre eles, o <span style=\"color: #0000ff;\"><a style=\"color: #0000ff;\" href=\"https:\/\/adenilsongiovanini.com.br\/curso-de-autocad-para-topografia\/\" target=\"_blank\" rel=\"noopener noreferrer\">Curso de Confec\u00e7\u00e3o de Plantas Topogr\u00e1ficas<\/a><\/span>. <span style=\"color: #000000;\">Um <\/span><\/span><span style=\"font-size: 20px; font-family: arial, helvetica, sans-serif; line-height: 1.3;\">curso pr\u00e1tico\u00a0<\/span><span style=\"font-size: 20px; font-family: arial, helvetica, sans-serif; line-height: 1.3;\">com o qual voc\u00ea vai <strong>aprender a produzir as 15 diferentes plantas produzidas em um escrit\u00f3rio de topografia<\/strong>.<\/span><\/span><\/p>\n<p><a href=\"https:\/\/adenilsongiovanini.com.br\/curso-de-autocad-para-topografia\/\" target=\"_blank\" rel=\"noopener noreferrer\"><img decoding=\"async\" class=\"aligncenter wp-image-31689\" src=\"https:\/\/adenilsongiovanini.com.br\/wp-content\/uploads\/2022\/07\/planta-de-topografia-1024x612.png\" alt=\"\" width=\"770\" height=\"460\" \/><\/a><\/p>\n<p><span style=\"font-family: arial, helvetica, sans-serif; font-size: 20px; color: #000000;\">Clique <a href=\"https:\/\/adenilsongiovanini.com.br\/curso-de-autocad-para-topografia\/\" target=\"_blank\" rel=\"noopener noreferrer\"><span style=\"color: #0000ff;\">neste link<\/span><\/a> e conhe\u00e7a melhor o mesmo.<\/span><\/p>\n<p>&nbsp;<\/p>\n<p><span style=\"font-family: arial, helvetica, sans-serif; font-size: 20px; color: #000000;\"> Gratid\u00e3o por voc\u00ea ter lido o artigo. \ud83d\ude4f<\/span><\/p>\n<p>&nbsp;<\/p>\n<p>&nbsp;<\/p>\n<h2 style=\"text-align: center;\"><span style=\"font-family: arial, helvetica, sans-serif; color: #000000; font-size: 24px;\"><strong>Domine o Parcelamento do Solo atrav\u00e9s de um livro cir\u00fargico<\/strong><\/span><\/h2>\n<p><img decoding=\"async\" src=\"https:\/\/adenilsongiovanini.com.br\/blog\/wp-content\/uploads\/2021\/06\/capitulos-do-livro-parcelamento-do-solo-1024x816.png\" alt=\"livro parcelamento do solo\" width=\"750\" height=\"598\" class=\"aligncenter wp-image-20532 size-large\" srcset=\"https:\/\/adenilsongiovanini.com.br\/blog\/wp-content\/uploads\/2021\/06\/capitulos-do-livro-parcelamento-do-solo-1024x816.png 1024w, https:\/\/adenilsongiovanini.com.br\/blog\/wp-content\/uploads\/2021\/06\/capitulos-do-livro-parcelamento-do-solo-300x239.png 300w, https:\/\/adenilsongiovanini.com.br\/blog\/wp-content\/uploads\/2021\/06\/capitulos-do-livro-parcelamento-do-solo-768x612.png 768w, https:\/\/adenilsongiovanini.com.br\/blog\/wp-content\/uploads\/2021\/06\/capitulos-do-livro-parcelamento-do-solo-1536x1224.png 1536w, https:\/\/adenilsongiovanini.com.br\/blog\/wp-content\/uploads\/2021\/06\/capitulos-do-livro-parcelamento-do-solo-2048x1632.png 2048w, https:\/\/adenilsongiovanini.com.br\/blog\/wp-content\/uploads\/2021\/06\/capitulos-do-livro-parcelamento-do-solo-320x255.png 320w, https:\/\/adenilsongiovanini.com.br\/blog\/wp-content\/uploads\/2021\/06\/capitulos-do-livro-parcelamento-do-solo-640x510.png 640w, https:\/\/adenilsongiovanini.com.br\/blog\/wp-content\/uploads\/2021\/06\/capitulos-do-livro-parcelamento-do-solo-360x287.png 360w, https:\/\/adenilsongiovanini.com.br\/blog\/wp-content\/uploads\/2021\/06\/capitulos-do-livro-parcelamento-do-solo-720x574.png 720w, https:\/\/adenilsongiovanini.com.br\/blog\/wp-content\/uploads\/2021\/06\/capitulos-do-livro-parcelamento-do-solo-1080x861.png 1080w, https:\/\/adenilsongiovanini.com.br\/blog\/wp-content\/uploads\/2021\/06\/capitulos-do-livro-parcelamento-do-solo-800x638.png 800w, https:\/\/adenilsongiovanini.com.br\/blog\/wp-content\/uploads\/2021\/06\/capitulos-do-livro-parcelamento-do-solo-1280x1020.png 1280w\" sizes=\"(max-width: 750px) 100vw, 750px\" \/><\/p>\n<p style=\"text-align: center;\"><span style=\"color: #000000; font-family: arial, helvetica, sans-serif; font-size: 20px;\">Conforme informei anteriormente, tamb\u00e9m sou o autor do <\/span><strong><span style=\"color: #0000ff; font-family: arial, helvetica, sans-serif;\"><a style=\"color: #0000ff;\" href=\"https:\/\/adenilsongiovanini.com.br\/blog\/livro-parcelamento-do-solo-conheca-o-mesmo\/\">livro Parcelamento do <\/a><\/span><\/strong><span style=\"color: #0000ff;\"><strong><span style=\"font-family: arial, helvetica, sans-serif;\"><a style=\"color: #0000ff;\" href=\"https:\/\/adenilsongiovanini.com.br\/blog\/livro-parcelamento-do-solo-conheca-o-mesmo\/\">Solo<\/a><\/span><\/strong>.<\/span><\/p>\n<div id=\"le_body_row_3_col_1_el_1\" class=\"element-container cf\" data-style=\"\">\n<div class=\"element\">\n<p><span style=\"font-size: 20px; font-family: arial, helvetica, sans-serif; color: #000000;\">Voc\u00ea possui alguma destas d\u00favidas:<\/span><\/p>\n<\/div>\n<\/div>\n<div id=\"le_body_row_3_col_1_el_2\" class=\"element-container cf\" data-style=\"\">\n<div class=\"element\">\n<ul class=\"bullet-list 1\">\n<li>\n<p><span style=\"font-size: 20px; font-family: arial, helvetica, sans-serif; color: #000000;\">Quais s\u00e3o as diferentes leis sobre o assunto e quais seus impactos no nosso dia a dia?<\/span><\/p>\n<\/li>\n<li>\n<p><span style=\"font-size: 20px; font-family: arial, helvetica, sans-serif; color: #000000;\">Em quais circunst\u00e2ncias que o desmembramento de im\u00f3veis rurais e urbanos pode ser feito?<\/span><\/p>\n<\/li>\n<li>\n<p><span style=\"font-size: 20px; font-family: arial, helvetica, sans-serif; color: #000000;\">Quais s\u00e3o as plantas que precisam serem produzidas?<\/span><\/p>\n<\/li>\n<li>\n<p><span style=\"font-size: 20px; font-family: arial, helvetica, sans-serif; color: #000000;\">Que pe\u00e7as t\u00e9cnicas s\u00e3o necess\u00e1rias?<\/span><\/p>\n<\/li>\n<li>\n<p><span style=\"font-size: 20px; font-family: arial, helvetica, sans-serif; color: #000000;\">Quais s\u00e3o os \u00f3rg\u00e3os envolvidos e como proceder junto aos mesmos?<\/span><\/p>\n<\/li>\n<li>\n<p><span style=\"font-size: 20px; font-family: arial, helvetica, sans-serif; color: #000000;\">Quais as diferentes fra\u00e7\u00f5es de parcelamento existentes?<\/span><\/p>\n<\/li>\n<li>\n<p><span style=\"font-size: 20px; font-family: arial, helvetica, sans-serif; color: #000000;\">Quando que \u00e9 necess\u00e1ria a elabora\u00e7\u00e3o de um projeto de parcelamento do solo?<\/span><\/p>\n<\/li>\n<li>\n<p><span style=\"font-size: 20px; font-family: arial, helvetica, sans-serif; color: #000000;\">Como fazer o loteamento e regularizar ch\u00e1caras rurais?<\/span><\/p>\n<\/li>\n<li>\n<p><span style=\"font-size: 20px; font-family: arial, helvetica, sans-serif; color: #000000;\">Como proceder no desmembramento de im\u00f3veis pela topografia cl\u00e1ssica e de im\u00f3veis georreferenciados?<\/span><\/p>\n<\/li>\n<\/ul>\n<\/div>\n<\/div>\n<p><span style=\"font-family: arial, helvetica, sans-serif; font-size: 20px; color: #000000;\">Ent\u00e3o o &#8220;<span style=\"color: #0000ff;\"><a style=\"color: #0000ff;\" href=\"https:\/\/adenilsongiovanini.com.br\/parcelamento-do-solo-2\/\">Livro Parcelamento do Solo &#8211; Tudo Que Voc\u00ea Precisa Saber Sobre o Assunto<\/a><\/span>&#8221; \u00e9 para voc\u00ea.<\/span><\/p>\n<p><span style=\"font-family: arial, helvetica, sans-serif; font-size: 20px; color: #000000;\">D\u00ea uma espiadinha no conte\u00fado do mesmo.<\/span><\/p>\n<p>&nbsp;<\/p>\n<p><center><iframe width=\"99%\" height=\"980\" src=\"https:\/\/drive.google.com\/file\/d\/1sGePsHC91ZBc9jUO1CWRsh8DRnpJqNbE\/preview\"><span data-mce-type=\"bookmark\" style=\"display: inline-block; width: 0px; overflow: hidden; line-height: 0;\" class=\"mce_SELRES_start\">\ufeff<\/span><\/iframe><\/center><\/p>\n<p>&nbsp;<\/p>\n<p><span style=\"font-family: arial, helvetica, sans-serif; font-size: 20px; color: #000000;\">Clique no bot\u00e3o abaixo e conhe\u00e7a melhor a estrutura do mesmo e os 5 b\u00f4nus que voc\u00ea ganhar\u00e1.<\/span><\/p>\n<p>&nbsp;<\/p>\n<div class=\"su-button-center\">\n<div class=\"su-button-center\"><span style=\"color: #000000;\"><div class=\"su-button-center\"><a href=\"https:\/\/adenilsongiovanini.com.br\/parcelamento-do-solo-2\/\" class=\"su-button su-button-style-3d\" style=\"color:#000000;background-color:#2BCC2F;border-color:#23a426;border-radius:9px\" target=\"_blank\" rel=\"nofollow\" id=\"1\"><span style=\"color:#000000;padding:0px 24px;font-size:18px;line-height:36px;border-color:#6bdc6e;border-radius:9px;text-shadow:0px 0px 0px #000000\"> \u279c Quero Conhecer Melhor o Livro, Pois Quero (e Preciso) Dominar o Parcelamento do Solo<\/span><\/a><\/div><\/span><\/div>\n<\/div>\n<p>&nbsp;<\/p>\n<p>&nbsp;<\/p>\n","protected":false},"excerpt":{"rendered":"<p>Desdobro de im\u00f3vel, voc\u00ea acabou de encontrar um artigo guia definitivo sobre o tema. Com a leitura do mesmo voc\u00ea aprender\u00e1: O que \u00e9 o desdobro de im\u00f3vel; Quais os \u00f3rg\u00e3os envolvidos no mesmo; Quais s\u00e3o os cuidados que voc\u00ea precisa ter ao fazer um desdobro de im\u00f3vel; Quais as [&hellip;]<\/p>\n","protected":false},"author":1,"featured_media":25759,"comment_status":"closed","ping_status":"closed","sticky":false,"template":"","format":"standard","meta":{"_monsterinsights_skip_tracking":false,"_monsterinsights_sitenote_active":false,"_monsterinsights_sitenote_note":"","_monsterinsights_sitenote_category":0,"footnotes":""},"categories":[33,9],"tags":[],"class_list":["post-25792","post","type-post","status-publish","format-standard","has-post-thumbnail","hentry","category-desmembramento","category-topografia-cadastral"],"yoast_head":"<!-- This site is optimized with the Yoast SEO plugin v26.5 - https:\/\/yoast.com\/wordpress\/plugins\/seo\/ -->\n<title>Desdobro de Im\u00f3vel? - Adenilson Giovanini<\/title>\n<meta name=\"description\" content=\"Descubra o que \u00e9 o desdobro de im\u00f3vel, quais os \u00f3rg\u00e3os envolvidos no mesmo, quais as 7 etapas e quais s\u00e3o as plantas necess\u00e1rias. Leia.\" \/>\n<meta name=\"robots\" content=\"index, follow, max-snippet:-1, max-image-preview:large, max-video-preview:-1\" \/>\n<link rel=\"canonical\" href=\"https:\/\/adenilsongiovanini.com.br\/blog\/desdobro-de-imovel-o-que-e-e-como-fazer\/\" \/>\n<meta property=\"og:locale\" content=\"pt_BR\" \/>\n<meta property=\"og:type\" content=\"article\" \/>\n<meta property=\"og:title\" content=\"Desdobro de Im\u00f3vel? - Adenilson Giovanini\" \/>\n<meta property=\"og:description\" content=\"Descubra o que \u00e9 o desdobro de im\u00f3vel, quais os \u00f3rg\u00e3os envolvidos no mesmo, quais as 7 etapas e quais s\u00e3o as plantas necess\u00e1rias. Leia.\" \/>\n<meta property=\"og:url\" content=\"https:\/\/adenilsongiovanini.com.br\/blog\/desdobro-de-imovel-o-que-e-e-como-fazer\/\" \/>\n<meta property=\"og:site_name\" content=\"Adenilson Giovanini\" \/>\n<meta property=\"article:publisher\" content=\"https:\/\/www.facebook.com\/otopografo\/\" \/>\n<meta property=\"article:author\" content=\"https:\/\/www.facebook.com\/otopografo\/\" \/>\n<meta property=\"article:published_time\" content=\"2021-10-06T14:35:06+00:00\" \/>\n<meta property=\"article:modified_time\" content=\"2022-08-17T14:51:01+00:00\" \/>\n<meta property=\"og:image\" content=\"https:\/\/adenilsongiovanini.com.br\/blog\/wp-content\/uploads\/2021\/10\/desdobro.png\" \/>\n\t<meta property=\"og:image:width\" content=\"1809\" \/>\n\t<meta property=\"og:image:height\" content=\"1093\" \/>\n\t<meta property=\"og:image:type\" content=\"image\/png\" \/>\n<meta name=\"author\" content=\"Adenilson Giovanini\" \/>\n<meta name=\"twitter:card\" content=\"summary_large_image\" \/>\n<meta name=\"twitter:label1\" content=\"Escrito por\" \/>\n\t<meta name=\"twitter:data1\" content=\"Adenilson Giovanini\" \/>\n\t<meta name=\"twitter:label2\" content=\"Est. tempo de leitura\" \/>\n\t<meta name=\"twitter:data2\" content=\"14 minutos\" \/>\n<script type=\"application\/ld+json\" class=\"yoast-schema-graph\">{\"@context\":\"https:\/\/schema.org\",\"@graph\":[{\"@type\":\"Article\",\"@id\":\"https:\/\/adenilsongiovanini.com.br\/blog\/desdobro-de-imovel-o-que-e-e-como-fazer\/#article\",\"isPartOf\":{\"@id\":\"https:\/\/adenilsongiovanini.com.br\/blog\/desdobro-de-imovel-o-que-e-e-como-fazer\/\"},\"author\":{\"name\":\"Adenilson Giovanini\",\"@id\":\"https:\/\/adenilsongiovanini.com.br\/blog\/#\/schema\/person\/9c1daa7da73c116aae2cb0568d1daa23\"},\"headline\":\"Desdobro de Im\u00f3vel?\",\"datePublished\":\"2021-10-06T14:35:06+00:00\",\"dateModified\":\"2022-08-17T14:51:01+00:00\",\"mainEntityOfPage\":{\"@id\":\"https:\/\/adenilsongiovanini.com.br\/blog\/desdobro-de-imovel-o-que-e-e-como-fazer\/\"},\"wordCount\":2100,\"publisher\":{\"@id\":\"https:\/\/adenilsongiovanini.com.br\/blog\/#\/schema\/person\/9c1daa7da73c116aae2cb0568d1daa23\"},\"image\":{\"@id\":\"https:\/\/adenilsongiovanini.com.br\/blog\/desdobro-de-imovel-o-que-e-e-como-fazer\/#primaryimage\"},\"thumbnailUrl\":\"https:\/\/adenilsongiovanini.com.br\/blog\/wp-content\/uploads\/2021\/10\/desdobro.png\",\"articleSection\":[\"Parcelamento do solo\",\"Topografia Cadastral\"],\"inLanguage\":\"pt-BR\"},{\"@type\":\"WebPage\",\"@id\":\"https:\/\/adenilsongiovanini.com.br\/blog\/desdobro-de-imovel-o-que-e-e-como-fazer\/\",\"url\":\"https:\/\/adenilsongiovanini.com.br\/blog\/desdobro-de-imovel-o-que-e-e-como-fazer\/\",\"name\":\"Desdobro de Im\u00f3vel? - Adenilson Giovanini\",\"isPartOf\":{\"@id\":\"https:\/\/adenilsongiovanini.com.br\/blog\/#website\"},\"primaryImageOfPage\":{\"@id\":\"https:\/\/adenilsongiovanini.com.br\/blog\/desdobro-de-imovel-o-que-e-e-como-fazer\/#primaryimage\"},\"image\":{\"@id\":\"https:\/\/adenilsongiovanini.com.br\/blog\/desdobro-de-imovel-o-que-e-e-como-fazer\/#primaryimage\"},\"thumbnailUrl\":\"https:\/\/adenilsongiovanini.com.br\/blog\/wp-content\/uploads\/2021\/10\/desdobro.png\",\"datePublished\":\"2021-10-06T14:35:06+00:00\",\"dateModified\":\"2022-08-17T14:51:01+00:00\",\"description\":\"Descubra o que \u00e9 o desdobro de im\u00f3vel, quais os \u00f3rg\u00e3os envolvidos no mesmo, quais as 7 etapas e quais s\u00e3o as plantas necess\u00e1rias. Leia.\",\"breadcrumb\":{\"@id\":\"https:\/\/adenilsongiovanini.com.br\/blog\/desdobro-de-imovel-o-que-e-e-como-fazer\/#breadcrumb\"},\"inLanguage\":\"pt-BR\",\"potentialAction\":[{\"@type\":\"ReadAction\",\"target\":[\"https:\/\/adenilsongiovanini.com.br\/blog\/desdobro-de-imovel-o-que-e-e-como-fazer\/\"]}]},{\"@type\":\"ImageObject\",\"inLanguage\":\"pt-BR\",\"@id\":\"https:\/\/adenilsongiovanini.com.br\/blog\/desdobro-de-imovel-o-que-e-e-como-fazer\/#primaryimage\",\"url\":\"https:\/\/adenilsongiovanini.com.br\/blog\/wp-content\/uploads\/2021\/10\/desdobro.png\",\"contentUrl\":\"https:\/\/adenilsongiovanini.com.br\/blog\/wp-content\/uploads\/2021\/10\/desdobro.png\",\"width\":1809,\"height\":1093},{\"@type\":\"BreadcrumbList\",\"@id\":\"https:\/\/adenilsongiovanini.com.br\/blog\/desdobro-de-imovel-o-que-e-e-como-fazer\/#breadcrumb\",\"itemListElement\":[{\"@type\":\"ListItem\",\"position\":1,\"name\":\"Home\",\"item\":\"https:\/\/adenilsongiovanini.com.br\/blog\/\"},{\"@type\":\"ListItem\",\"position\":2,\"name\":\"Desdobro de Im\u00f3vel?\"}]},{\"@type\":\"WebSite\",\"@id\":\"https:\/\/adenilsongiovanini.com.br\/blog\/#website\",\"url\":\"https:\/\/adenilsongiovanini.com.br\/blog\/\",\"name\":\"Adenilson Giovanini\",\"description\":\"Topografia e Geotecnologias\",\"publisher\":{\"@id\":\"https:\/\/adenilsongiovanini.com.br\/blog\/#\/schema\/person\/9c1daa7da73c116aae2cb0568d1daa23\"},\"potentialAction\":[{\"@type\":\"SearchAction\",\"target\":{\"@type\":\"EntryPoint\",\"urlTemplate\":\"https:\/\/adenilsongiovanini.com.br\/blog\/?s={search_term_string}\"},\"query-input\":{\"@type\":\"PropertyValueSpecification\",\"valueRequired\":true,\"valueName\":\"search_term_string\"}}],\"inLanguage\":\"pt-BR\"},{\"@type\":[\"Person\",\"Organization\"],\"@id\":\"https:\/\/adenilsongiovanini.com.br\/blog\/#\/schema\/person\/9c1daa7da73c116aae2cb0568d1daa23\",\"name\":\"Adenilson Giovanini\",\"image\":{\"@type\":\"ImageObject\",\"inLanguage\":\"pt-BR\",\"@id\":\"https:\/\/adenilsongiovanini.com.br\/blog\/#\/schema\/person\/image\/\",\"url\":\"https:\/\/adenilsongiovanini.com.br\/blog\/wp-content\/litespeed\/avatar\/be8f4de5c0b8a93c57a4f29cbf2f1e92.jpg?ver=1777130135\",\"contentUrl\":\"https:\/\/adenilsongiovanini.com.br\/blog\/wp-content\/litespeed\/avatar\/be8f4de5c0b8a93c57a4f29cbf2f1e92.jpg?ver=1777130135\",\"caption\":\"Adenilson Giovanini\"},\"logo\":{\"@id\":\"https:\/\/adenilsongiovanini.com.br\/blog\/#\/schema\/person\/image\/\"},\"description\":\"O Professor Adenilson Giovanini \u00e9 especialista em Topografia Cadastral e Georreferenciamento de Im\u00f3veis Rurais. O mesmo possui o Maior Site de Engenharia de Agrimensura do Brasil. Site este que tem mais de 102.000 visualiza\u00e7\u00f5es por m\u00eas. Tamb\u00e9m possui mais de 600 v\u00eddeos em seu canal no youtube. Al\u00e9m disso, \u00e9 escritor Best Seller, possuindo v\u00e1rios cursos e livros de sucesso.\",\"sameAs\":[\"http:\/\/adenilsongiovanini.com.br\",\"https:\/\/www.facebook.com\/otopografo\/\",\"https:\/\/www.instagram.com\/adenilson_giovanini\/\",\"https:\/\/www.linkedin.com\/in\/adenilson-giovanini-819b8035\/\",\"https:\/\/br.pinterest.com\/adenilsongiovanini\/\",\"https:\/\/www.youtube.com\/channel\/uce-br7ghiuog2txcsdx5vrw\"]}]}<\/script>\n<!-- \/ Yoast SEO plugin. -->","yoast_head_json":{"title":"Desdobro de Im\u00f3vel? - Adenilson Giovanini","description":"Descubra o que \u00e9 o desdobro de im\u00f3vel, quais os \u00f3rg\u00e3os envolvidos no mesmo, quais as 7 etapas e quais s\u00e3o as plantas necess\u00e1rias. Leia.","robots":{"index":"index","follow":"follow","max-snippet":"max-snippet:-1","max-image-preview":"max-image-preview:large","max-video-preview":"max-video-preview:-1"},"canonical":"https:\/\/adenilsongiovanini.com.br\/blog\/desdobro-de-imovel-o-que-e-e-como-fazer\/","og_locale":"pt_BR","og_type":"article","og_title":"Desdobro de Im\u00f3vel? - Adenilson Giovanini","og_description":"Descubra o que \u00e9 o desdobro de im\u00f3vel, quais os \u00f3rg\u00e3os envolvidos no mesmo, quais as 7 etapas e quais s\u00e3o as plantas necess\u00e1rias. Leia.","og_url":"https:\/\/adenilsongiovanini.com.br\/blog\/desdobro-de-imovel-o-que-e-e-como-fazer\/","og_site_name":"Adenilson Giovanini","article_publisher":"https:\/\/www.facebook.com\/otopografo\/","article_author":"https:\/\/www.facebook.com\/otopografo\/","article_published_time":"2021-10-06T14:35:06+00:00","article_modified_time":"2022-08-17T14:51:01+00:00","og_image":[{"width":1809,"height":1093,"url":"https:\/\/adenilsongiovanini.com.br\/blog\/wp-content\/uploads\/2021\/10\/desdobro.png","type":"image\/png"}],"author":"Adenilson Giovanini","twitter_card":"summary_large_image","twitter_misc":{"Escrito por":"Adenilson Giovanini","Est. tempo de leitura":"14 minutos"},"schema":{"@context":"https:\/\/schema.org","@graph":[{"@type":"Article","@id":"https:\/\/adenilsongiovanini.com.br\/blog\/desdobro-de-imovel-o-que-e-e-como-fazer\/#article","isPartOf":{"@id":"https:\/\/adenilsongiovanini.com.br\/blog\/desdobro-de-imovel-o-que-e-e-como-fazer\/"},"author":{"name":"Adenilson Giovanini","@id":"https:\/\/adenilsongiovanini.com.br\/blog\/#\/schema\/person\/9c1daa7da73c116aae2cb0568d1daa23"},"headline":"Desdobro de Im\u00f3vel?","datePublished":"2021-10-06T14:35:06+00:00","dateModified":"2022-08-17T14:51:01+00:00","mainEntityOfPage":{"@id":"https:\/\/adenilsongiovanini.com.br\/blog\/desdobro-de-imovel-o-que-e-e-como-fazer\/"},"wordCount":2100,"publisher":{"@id":"https:\/\/adenilsongiovanini.com.br\/blog\/#\/schema\/person\/9c1daa7da73c116aae2cb0568d1daa23"},"image":{"@id":"https:\/\/adenilsongiovanini.com.br\/blog\/desdobro-de-imovel-o-que-e-e-como-fazer\/#primaryimage"},"thumbnailUrl":"https:\/\/adenilsongiovanini.com.br\/blog\/wp-content\/uploads\/2021\/10\/desdobro.png","articleSection":["Parcelamento do solo","Topografia Cadastral"],"inLanguage":"pt-BR"},{"@type":"WebPage","@id":"https:\/\/adenilsongiovanini.com.br\/blog\/desdobro-de-imovel-o-que-e-e-como-fazer\/","url":"https:\/\/adenilsongiovanini.com.br\/blog\/desdobro-de-imovel-o-que-e-e-como-fazer\/","name":"Desdobro de Im\u00f3vel? - Adenilson Giovanini","isPartOf":{"@id":"https:\/\/adenilsongiovanini.com.br\/blog\/#website"},"primaryImageOfPage":{"@id":"https:\/\/adenilsongiovanini.com.br\/blog\/desdobro-de-imovel-o-que-e-e-como-fazer\/#primaryimage"},"image":{"@id":"https:\/\/adenilsongiovanini.com.br\/blog\/desdobro-de-imovel-o-que-e-e-como-fazer\/#primaryimage"},"thumbnailUrl":"https:\/\/adenilsongiovanini.com.br\/blog\/wp-content\/uploads\/2021\/10\/desdobro.png","datePublished":"2021-10-06T14:35:06+00:00","dateModified":"2022-08-17T14:51:01+00:00","description":"Descubra o que \u00e9 o desdobro de im\u00f3vel, quais os \u00f3rg\u00e3os envolvidos no mesmo, quais as 7 etapas e quais s\u00e3o as plantas necess\u00e1rias. Leia.","breadcrumb":{"@id":"https:\/\/adenilsongiovanini.com.br\/blog\/desdobro-de-imovel-o-que-e-e-como-fazer\/#breadcrumb"},"inLanguage":"pt-BR","potentialAction":[{"@type":"ReadAction","target":["https:\/\/adenilsongiovanini.com.br\/blog\/desdobro-de-imovel-o-que-e-e-como-fazer\/"]}]},{"@type":"ImageObject","inLanguage":"pt-BR","@id":"https:\/\/adenilsongiovanini.com.br\/blog\/desdobro-de-imovel-o-que-e-e-como-fazer\/#primaryimage","url":"https:\/\/adenilsongiovanini.com.br\/blog\/wp-content\/uploads\/2021\/10\/desdobro.png","contentUrl":"https:\/\/adenilsongiovanini.com.br\/blog\/wp-content\/uploads\/2021\/10\/desdobro.png","width":1809,"height":1093},{"@type":"BreadcrumbList","@id":"https:\/\/adenilsongiovanini.com.br\/blog\/desdobro-de-imovel-o-que-e-e-como-fazer\/#breadcrumb","itemListElement":[{"@type":"ListItem","position":1,"name":"Home","item":"https:\/\/adenilsongiovanini.com.br\/blog\/"},{"@type":"ListItem","position":2,"name":"Desdobro de Im\u00f3vel?"}]},{"@type":"WebSite","@id":"https:\/\/adenilsongiovanini.com.br\/blog\/#website","url":"https:\/\/adenilsongiovanini.com.br\/blog\/","name":"Adenilson Giovanini","description":"Topografia e Geotecnologias","publisher":{"@id":"https:\/\/adenilsongiovanini.com.br\/blog\/#\/schema\/person\/9c1daa7da73c116aae2cb0568d1daa23"},"potentialAction":[{"@type":"SearchAction","target":{"@type":"EntryPoint","urlTemplate":"https:\/\/adenilsongiovanini.com.br\/blog\/?s={search_term_string}"},"query-input":{"@type":"PropertyValueSpecification","valueRequired":true,"valueName":"search_term_string"}}],"inLanguage":"pt-BR"},{"@type":["Person","Organization"],"@id":"https:\/\/adenilsongiovanini.com.br\/blog\/#\/schema\/person\/9c1daa7da73c116aae2cb0568d1daa23","name":"Adenilson Giovanini","image":{"@type":"ImageObject","inLanguage":"pt-BR","@id":"https:\/\/adenilsongiovanini.com.br\/blog\/#\/schema\/person\/image\/","url":"https:\/\/adenilsongiovanini.com.br\/blog\/wp-content\/litespeed\/avatar\/be8f4de5c0b8a93c57a4f29cbf2f1e92.jpg?ver=1777130135","contentUrl":"https:\/\/adenilsongiovanini.com.br\/blog\/wp-content\/litespeed\/avatar\/be8f4de5c0b8a93c57a4f29cbf2f1e92.jpg?ver=1777130135","caption":"Adenilson Giovanini"},"logo":{"@id":"https:\/\/adenilsongiovanini.com.br\/blog\/#\/schema\/person\/image\/"},"description":"O Professor Adenilson Giovanini \u00e9 especialista em Topografia Cadastral e Georreferenciamento de Im\u00f3veis Rurais. O mesmo possui o Maior Site de Engenharia de Agrimensura do Brasil. Site este que tem mais de 102.000 visualiza\u00e7\u00f5es por m\u00eas. Tamb\u00e9m possui mais de 600 v\u00eddeos em seu canal no youtube. Al\u00e9m disso, \u00e9 escritor Best Seller, possuindo v\u00e1rios cursos e livros de sucesso.","sameAs":["http:\/\/adenilsongiovanini.com.br","https:\/\/www.facebook.com\/otopografo\/","https:\/\/www.instagram.com\/adenilson_giovanini\/","https:\/\/www.linkedin.com\/in\/adenilson-giovanini-819b8035\/","https:\/\/br.pinterest.com\/adenilsongiovanini\/","https:\/\/www.youtube.com\/channel\/uce-br7ghiuog2txcsdx5vrw"]}]}},"amp_enabled":true,"_links":{"self":[{"href":"https:\/\/adenilsongiovanini.com.br\/blog\/wp-json\/wp\/v2\/posts\/25792","targetHints":{"allow":["GET"]}}],"collection":[{"href":"https:\/\/adenilsongiovanini.com.br\/blog\/wp-json\/wp\/v2\/posts"}],"about":[{"href":"https:\/\/adenilsongiovanini.com.br\/blog\/wp-json\/wp\/v2\/types\/post"}],"author":[{"embeddable":true,"href":"https:\/\/adenilsongiovanini.com.br\/blog\/wp-json\/wp\/v2\/users\/1"}],"replies":[{"embeddable":true,"href":"https:\/\/adenilsongiovanini.com.br\/blog\/wp-json\/wp\/v2\/comments?post=25792"}],"version-history":[{"count":0,"href":"https:\/\/adenilsongiovanini.com.br\/blog\/wp-json\/wp\/v2\/posts\/25792\/revisions"}],"wp:featuredmedia":[{"embeddable":true,"href":"https:\/\/adenilsongiovanini.com.br\/blog\/wp-json\/wp\/v2\/media\/25759"}],"wp:attachment":[{"href":"https:\/\/adenilsongiovanini.com.br\/blog\/wp-json\/wp\/v2\/media?parent=25792"}],"wp:term":[{"taxonomy":"category","embeddable":true,"href":"https:\/\/adenilsongiovanini.com.br\/blog\/wp-json\/wp\/v2\/categories?post=25792"},{"taxonomy":"post_tag","embeddable":true,"href":"https:\/\/adenilsongiovanini.com.br\/blog\/wp-json\/wp\/v2\/tags?post=25792"}],"curies":[{"name":"wp","href":"https:\/\/api.w.org\/{rel}","templated":true}]}}