{"id":25763,"date":"2021-10-05T22:03:03","date_gmt":"2021-10-05T22:03:03","guid":{"rendered":"https:\/\/adenilsongiovanini.com.br\/blog\/?p=25763"},"modified":"2022-08-17T16:25:28","modified_gmt":"2022-08-17T16:25:28","slug":"usucapiao-extrajudicial-passo-a-passo","status":"publish","type":"post","link":"https:\/\/adenilsongiovanini.com.br\/blog\/usucapiao-extrajudicial-passo-a-passo\/","title":{"rendered":"Usucapi\u00e3o Extrajudicial Passo a Passo?"},"content":{"rendered":"<p><span style=\"color: #000000; font-size: 20px; font-family: arial, helvetica, sans-serif; line-height: 1.3;\"><em><strong>Usucapi\u00e3o extrajudicial passo a passo<\/strong><\/em>, voc\u00ea acabou de colocar suas 2 m\u00e3os em um artigo definitivo a respeito do tema.<\/span><\/p>\n<p><span style=\"color: #000000; font-size: 20px; font-family: arial, helvetica, sans-serif; line-height: 1.3;\">Com a leitura do mesmo voc\u00ea dominar\u00e1 o assunto, sabendo exatamente como proceder.<\/span><\/p>\n<p><span style=\"color: #000000; font-size: 20px; font-family: arial, helvetica, sans-serif; line-height: 1.3;\">Aprender\u00e1 inclusive quais documentos s\u00e3o necess\u00e1rios e quem dever\u00e1 ser intimado pelo profissional de registro de im\u00f3veis.<\/span><\/p>\n<p><span style=\"color: #000000; font-size: 20px; font-family: arial, helvetica, sans-serif; line-height: 1.3;\">Ali\u00e1s, estou ranqueando este artigo para o termo <em><strong>Usucapi\u00e3o extrajudicial passo a passo<\/strong><\/em>. Por causa disso, algumas frases v\u00e3o ficar um pouco esquisitas.<\/span><\/p>\n<p>&nbsp;<\/p>\n<blockquote style=\"border: 2px double #009900; background: #f0fff0 none repeat scroll 0% 0%; -moz-background-clip: -moz-initial; -moz-background-origin: -moz-initial; -moz-background-inline-policy: -moz-initial; color: #323232; padding-left: 15px; padding-top: 10px; padding-bottom: 10px;\">\n<p style=\"text-align: center;\"><span style=\"font-size: 24px; font-family: arial, helvetica, sans-serif; line-height: 1.3; color: #000000;\"><strong>Resumo do artigo<\/strong><\/span><\/p>\n<p><span style=\"font-family: arial, helvetica, sans-serif; font-size: 20px; color: #000000;\"><span style=\"font-size: 20px;\"><span style=\"font-family: arial, helvetica, sans-serif; color: #000000; line-height: 1.3;\">O que \u00e9 o usucapi\u00e3o extrajudicial?<\/span><\/span><\/span><\/p>\n<p><span style=\"font-family: arial, helvetica, sans-serif; font-size: 20px; color: #000000;\"><span style=\"font-size: 20px; font-family: arial, helvetica, sans-serif; color: #000000; line-height: 1.3;\"> Legisla\u00e7\u00e3o a respeito da usucapi\u00e3o extrajudicial<\/span><\/span><\/p>\n<p><span style=\"font-family: arial, helvetica, sans-serif; font-size: 20px; color: #000000;\"><span style=\"font-size: 20px; font-family: arial, helvetica, sans-serif; color: #000000; line-height: 1.3;\">Etapas de um processo de usucapi\u00e3o extrajudicial<\/span><\/span><\/p>\n<p><span style=\"font-family: arial, helvetica, sans-serif; font-size: 20px; color: #000000;\"><span style=\"font-size: 20px; font-family: arial, helvetica, sans-serif; color: #000000; line-height: 1.3;\"> Quais s\u00e3o os 4 pr\u00e9-requisitos que o usucapiente deve obedecer?<\/span><\/span><\/p>\n<p><span style=\"font-family: arial, helvetica, sans-serif; font-size: 20px; color: #000000;\"><span style=\"font-size: 20px; font-family: arial, helvetica, sans-serif; color: #000000; line-height: 1.3;\">Quais os documentos necess\u00e1rios para dar entrada no pedido de reconhecimento da usucapi\u00e3o extrajudicial?<\/span><\/span><\/p>\n<p><span style=\"font-family: arial, helvetica, sans-serif; font-size: 20px; color: #000000;\"><span style=\"font-size: 20px; font-family: arial, helvetica, sans-serif; color: #000000; line-height: 1.3;\"> Dura\u00e7\u00e3o aproximada do procedimento da usucapi\u00e3o<\/span><\/span><\/p>\n<p><span style=\"font-family: arial, helvetica, sans-serif; font-size: 20px; color: #000000;\"><span style=\"font-size: 20px; font-family: arial, helvetica, sans-serif; color: #000000; line-height: 1.3;\">Quem dever\u00e1 ser intimado pelo cart\u00f3rio para concordar com o pedido de usucapi\u00e3o?<\/span><\/span><\/p>\n<p>&nbsp;<\/p>\n<\/blockquote>\n<h2 style=\"text-align: center;\"><\/h2>\n<h2 style=\"text-align: center;\"><span style=\"font-size: 24px;\"><strong><span style=\"color: #000000; font-family: arial, helvetica, sans-serif; line-height: 1.3;\"><span style=\"color: #000000; font-family: arial, helvetica, sans-serif; line-height: 1.3;\">Usucapi\u00e3o extrajudicial passo a passo &#8211; <\/span>O que \u00e9 o usucapi\u00e3o extrajudicial?<\/span><\/strong><\/span><\/h2>\n<p><span style=\"font-size: 20px;\"><img decoding=\"async\" class=\"aligncenter size-full wp-image-3321\" src=\"http:\/\/adenilsongiovanini.com.br\/blog\/wp-content\/uploads\/2019\/11\/usucapiao-extrajudicial.jpg\" alt=\"usucapi\u00e3o extrajudicial passo a passo\" width=\"750\" height=\"410\" srcset=\"https:\/\/adenilsongiovanini.com.br\/blog\/wp-content\/uploads\/2019\/11\/usucapiao-extrajudicial.jpg 750w, https:\/\/adenilsongiovanini.com.br\/blog\/wp-content\/uploads\/2019\/11\/usucapiao-extrajudicial-300x164.jpg 300w\" sizes=\"(max-width: 750px) 100vw, 750px\" \/><\/span><\/p>\n<p><span style=\"color: #000000; font-size: 20px; font-family: arial, helvetica, sans-serif; line-height: 1.3;\">O <span style=\"color: #0000ff;\"><a style=\"color: #0000ff;\" href=\"http:\/\/www.planalto.gov.br\/ccivil_03\/_ato2015-2018\/2015\/lei\/l13105.htm\" target=\"_blank\" rel=\"noopener noreferrer\">novo C\u00f3digo de Processo Civil (Lei 13.105\/15)<\/a>,<\/span> em seu artigo 1.071, regula um <em><strong>procedimento administrativo extrajudicial<\/strong><\/em> para o usucapi\u00e3o de bens im\u00f3veis.<\/span><\/p>\n<p><span style=\"color: #000000; font-size: 20px; font-family: arial, helvetica, sans-serif; line-height: 1.3;\">Esta norma criou a possibilidade do reconhecimento da usucapi\u00e3o de maneira extrajudicial.<\/span><\/p>\n<p><span style=\"color: #000000; font-size: 20px; font-family: arial, helvetica, sans-serif; line-height: 1.3;\">Por\u00e9m, preste aten\u00e7\u00e3o, quando se fala em <em><strong>usucapi\u00e3o extrajudicial passo a passo<\/strong><\/em>, este procedimento \u00e9 opcional. Sendo que, caso deseje, o usucapiente<b> <\/b>poder\u00e1 optar pela via judicial.<\/span><\/p>\n<h2 style=\"text-align: center;\"><span style=\"font-size: 24px; font-family: arial, helvetica, sans-serif; color: #000000;\"><strong>As 3 vantagens trazidas pela usucapi\u00e3o extrajudicial<\/strong><\/span><\/h2>\n<p><img decoding=\"async\" class=\"aligncenter size-full wp-image-17526\" src=\"https:\/\/adenilsongiovanini.com.br\/blog\/wp-content\/uploads\/2020\/08\/usucapi\u00e3o-administrativa.jpg\" alt=\"vantagens trazidas pela usucapi\u00e3o extrajudicial\" width=\"700\" height=\"380\" srcset=\"https:\/\/adenilsongiovanini.com.br\/blog\/wp-content\/uploads\/2020\/08\/usucapi\u00e3o-administrativa.jpg 700w, https:\/\/adenilsongiovanini.com.br\/blog\/wp-content\/uploads\/2020\/08\/usucapi\u00e3o-administrativa-300x163.jpg 300w\" sizes=\"(max-width: 700px) 100vw, 700px\" \/><\/p>\n<p><span style=\"font-size: 20px; font-family: arial, helvetica, sans-serif; color: #000000;\">A maior vantagem trazida pela usucapi\u00e3o \u00e9 que a pessoa obt\u00e9m a <span style=\"color: #0000ff;\"><a href=\"https:\/\/adenilsongiovanini.com.br\/blog\/propriedade-imobiliaria-conceito-e-legislacao\/\" style=\"color: #0000ff;\">propriedade da gleba<\/a><\/span> ou lote mais rapidamente do que pela via judicial, obtendo assim a seguran\u00e7a jur\u00eddica de que ningu\u00e9m vai lhe tomar esta fra\u00e7\u00e3o de terras.<\/span><\/p>\n<p><span style=\"font-size: 20px; font-family: arial, helvetica, sans-serif; color: #000000;\">Outra grande vantagem \u00e9 que o im\u00f3vel poder\u00e1 ser utilizado como garantia em financiamentos, podendo tamb\u00e9m ser objeto de projeto de loteamento.<\/span><\/p>\n<p><span style=\"font-size: 20px; font-family: arial, helvetica, sans-serif; color: #000000;\">A terceira grande vantagem \u00e9 a valoriza\u00e7\u00e3o imediata do im\u00f3vel, uma vez que a escritura p\u00fablica de propriedade confere seguran\u00e7a ao adquirente.<\/span><\/p>\n<p>&nbsp;<\/p>\n<h2 style=\"text-align: center;\"><span style=\"font-size: 24px;\"><strong><span style=\"color: #000000; font-family: arial, helvetica, sans-serif; line-height: 1.3;\">Usucapi\u00e3o extrajudicial passo a passo &#8211; Legisla\u00e7\u00e3o a respeito da usucapi\u00e3o extrajudicial<\/span><\/strong><\/span><\/h2>\n<p><span style=\"font-size: 20px;\"><img decoding=\"async\" class=\"aligncenter wp-image-3324 size-large\" src=\"https:\/\/adenilsongiovanini.com.br\/blog\/wp-content\/uploads\/2019\/11\/legisla\u00e7\u00e3o-a-respeito-do-usucapi\u00e3o-extrajudicial-780x520.jpg\" alt=\"legisla\u00e7\u00e3o a respeito da usucapi\u00e3o extrajudicial passo a passo\" width=\"780\" height=\"520\" srcset=\"https:\/\/adenilsongiovanini.com.br\/blog\/wp-content\/uploads\/2019\/11\/legisla\u00e7\u00e3o-a-respeito-do-usucapi\u00e3o-extrajudicial-780x520.jpg 780w, https:\/\/adenilsongiovanini.com.br\/blog\/wp-content\/uploads\/2019\/11\/legisla\u00e7\u00e3o-a-respeito-do-usucapi\u00e3o-extrajudicial-300x200.jpg 300w, https:\/\/adenilsongiovanini.com.br\/blog\/wp-content\/uploads\/2019\/11\/legisla\u00e7\u00e3o-a-respeito-do-usucapi\u00e3o-extrajudicial-768x512.jpg 768w, https:\/\/adenilsongiovanini.com.br\/blog\/wp-content\/uploads\/2019\/11\/legisla\u00e7\u00e3o-a-respeito-do-usucapi\u00e3o-extrajudicial-1536x1024.jpg 1536w, https:\/\/adenilsongiovanini.com.br\/blog\/wp-content\/uploads\/2019\/11\/legisla\u00e7\u00e3o-a-respeito-do-usucapi\u00e3o-extrajudicial-360x240.jpg 360w, https:\/\/adenilsongiovanini.com.br\/blog\/wp-content\/uploads\/2019\/11\/legisla\u00e7\u00e3o-a-respeito-do-usucapi\u00e3o-extrajudicial.jpg 1800w\" sizes=\"(max-width: 780px) 100vw, 780px\" \/><\/span><br \/>\n<span style=\"color: #000000; font-size: 20px; font-family: arial, helvetica, sans-serif; line-height: 1.3;\">Conforme informei anteriormente, foi o novo c\u00f3digo civil (Lei 13.105\/15), em seu artigo 1.071 que regulou a <em><strong>usucapi\u00e3o extrajudicial<\/strong><\/em>.<\/span><\/p>\n<p><span style=\"color: #000000; font-size: 20px; font-family: arial, helvetica, sans-serif; line-height: 1.3;\"><strong>Lembrando<\/strong> que o mesmo n\u00e3o chegou a mesma. Isso porque o artigo 60 da <span style=\"color: #0000ff;\"><a href=\"http:\/\/www.planalto.gov.br\/ccivil_03\/_ato2007-2010\/2009\/lei\/L11979.htm\" target=\"_blank\" rel=\"noopener noreferrer\" style=\"color: #0000ff;\">Lei 11.979\/09 (Lei do Programa Minha Casa, Minha Vida)<\/a><\/span> j\u00e1 havia criado o usucapi\u00e3o administrativo, prevendo uma figura similar para detentores de t\u00edtulo de legitima\u00e7\u00e3o de posse.<\/span><\/p>\n<p><span style=\"color: #000000; font-size: 20px; font-family: arial, helvetica, sans-serif; line-height: 1.3;\">O que h\u00e1 de novo, contudo, \u00e9 a generaliza\u00e7\u00e3o do procedimento a qualquer suporte f\u00e1tico de usucapi\u00e3o em que haja consenso. <\/span><\/p>\n<p><span style=\"color: #000000; font-size: 20px; font-family: arial, helvetica, sans-serif; line-height: 1.3;\">Agora que voc\u00ea entendeu o que \u00e9 a <strong>usucapi\u00e3o extrajudicial<\/strong> e as 2 principais leis inerentes a mesma, v<\/span><span style=\"color: #000000; font-size: 20px; font-family: arial, helvetica, sans-serif; line-height: 1.3;\">amos entender exatamente quais que s\u00e3o as etapas do usucapi\u00e3o extrajudicial passo a passo.<\/span><\/p>\n<p><span style=\"color: #000000; font-size: 20px; font-family: arial, helvetica, sans-serif; line-height: 1.3;\">Antes disso, preciso esclarecer o significado de alguns termos t\u00e9cnicos. S\u00e3o eles:<\/span><\/p>\n<p><span style=\"color: #000000; font-size: 20px; font-family: arial, helvetica, sans-serif; line-height: 1.3;\"><a href=\"https:\/\/pt.wikipedia.org\/wiki\/Peti%C3%A7%C3%A3o\" target=\"_blank\" rel=\"noopener noreferrer\"><strong><span style=\"color: #0000ff;\">Peti\u00e7\u00e3o<\/span><\/strong><\/a>: se refere a um pedido feito a uma autoridade. Ou seja, sempre que voc\u00ea ler ou ouvir esta palavra, peti\u00e7\u00e3o, significa que um pedido est\u00e1 sendo feito a uma autoridade.<\/span><\/p>\n<p><span style=\"color: #000000; font-size: 20px; font-family: arial, helvetica, sans-serif; line-height: 1.3;\"><a href=\"https:\/\/pt.wikipedia.org\/wiki\/Lit%C3%ADgio\" target=\"_blank\" rel=\"noopener noreferrer\"><strong><span style=\"color: #0000ff;\">Lit\u00edgio<\/span><\/strong><\/a>: \u00e9 uma contesta\u00e7\u00e3o ao pedido de usucapi\u00e3o.<\/span><\/p>\n<p><span style=\"color: #000000; font-size: 20px; font-family: arial, helvetica, sans-serif; line-height: 1.3;\"><a href=\"https:\/\/www.dicio.com.br\/usucapiente\/\" target=\"_blank\" rel=\"noopener noreferrer\"><strong><span style=\"color: #0000ff;\">Usucapiente<\/span><\/strong><\/a>: pessoa que est\u00e1 solicitando a usucapi\u00e3o.<\/span><\/p>\n<p>\n<\/p>\n<h2 style=\"text-align: center;\"><span style=\"font-size: 24px;\"><strong><span style=\"color: #000000; font-family: arial, helvetica, sans-serif;\">Etapas de um processo de usucapi\u00e3o extrajudicial<\/span><\/strong><\/span><\/h2>\n<p><span style=\"font-size: 20px;\"><img decoding=\"async\" class=\"aligncenter wp-image-3325\" src=\"http:\/\/adenilsongiovanini.com.br\/blog\/wp-content\/uploads\/2019\/11\/etapas-de-um-processo-de-usucapi\u00e3o.jpg\" alt=\"etapas de um processo de usucapi\u00e3o\" width=\"760\" height=\"399\" srcset=\"https:\/\/adenilsongiovanini.com.br\/blog\/wp-content\/uploads\/2019\/11\/etapas-de-um-processo-de-usucapi\u00e3o.jpg 770w, https:\/\/adenilsongiovanini.com.br\/blog\/wp-content\/uploads\/2019\/11\/etapas-de-um-processo-de-usucapi\u00e3o-300x157.jpg 300w, https:\/\/adenilsongiovanini.com.br\/blog\/wp-content\/uploads\/2019\/11\/etapas-de-um-processo-de-usucapi\u00e3o-768x403.jpg 768w\" sizes=\"(max-width: 760px) 100vw, 760px\" \/><\/span><br \/>\n<span style=\"color: #000000; font-size: 20px; font-family: arial, helvetica, sans-serif; line-height: 1.3;\">A primeira etapa de um processo de usucapi\u00e3o extrajudicial consiste em o interessado, juntamente com seu advogado, juntarem todo o documental que comprove a <span style=\"color: #0000ff;\"><strong><a href=\"http:\/\/adenilsongiovanini.com.br\/blog\/posse-e-propriedade\/\" target=\"_blank\" rel=\"noopener noreferrer\" style=\"color: #0000ff;\">posse prolongada do im\u00f3vel<\/a><\/strong><\/span>.<\/span><\/p>\n<p><span style=\"color: #000000; font-size: 20px; font-family: arial, helvetica, sans-serif; line-height: 1.3;\">Ali\u00e1s, esta \u00e9 um informa\u00e7\u00e3o importante porque quando se fala em usucapi\u00e3o extrajudicial passo a passo, o usucapiente deve obrigatoriamente ser assistido por um advogado. Isso \u00e9 necess\u00e1rio porque esta \u00e9 uma exig\u00eancia legal.<\/span><\/p>\n<p><span style=\"color: #000000; font-size: 20px; font-family: arial, helvetica, sans-serif; line-height: 1.3;\">A segunda etapa, consiste em o usucapiente acompanhado do advogado fazer a peti\u00e7\u00e3o junto ao<span style=\"color: #0000ff;\"> <a href=\"http:\/\/adenilsongiovanini.com.br\/blog\/incra-x-irib-x-receita-federal-quem-faz-o-que\/\" target=\"_blank\" rel=\"noopener noreferrer\" style=\"color: #0000ff;\">profissional de registro de im\u00f3veis<\/a><\/span>.<\/span><\/p>\n<p><span style=\"color: #000000; font-size: 20px; font-family: arial, helvetica, sans-serif; line-height: 1.3;\">Este, por sua vez, ir\u00e1 conduzir o procedimento administrativo que levar\u00e1 ao registro da usucapi\u00e3o.<\/span><\/p>\n<p><span style=\"color: #000000; font-size: 20px; font-family: arial, helvetica, sans-serif; line-height: 1.3;\">Para que o usucapiente consiga fazer a usucapi\u00e3o da posse, al\u00e9m de um tempo m\u00ednimo de posse, \u00e9 necess\u00e1rio que n\u00e3o haja lit\u00edgio.<\/span><\/p>\n<h2><\/h2>\n<h2 style=\"text-align: center;\"><span style=\"font-size: 24px;\"><strong><span style=\"color: #000000; font-family: arial, helvetica, sans-serif; line-height: 1.3;\">Usucapi\u00e3o extrajudicial passo a passo &#8211; Quais s\u00e3o os pr\u00e9-requisitos que o usucapiente deve obedecer?<\/span><\/strong><\/span><\/h2>\n<p><img decoding=\"async\" class=\"aligncenter size-large wp-image-25767\" src=\"https:\/\/adenilsongiovanini.com.br\/blog\/wp-content\/uploads\/2021\/10\/pre-requisitos-da-usucapiao-extrajudicial-passo-a-passo-780x472.png\" alt=\"pr\u00e9 requisitos da usucapi\u00e3o extrajudicial passo a passo\" width=\"780\" height=\"472\" srcset=\"https:\/\/adenilsongiovanini.com.br\/blog\/wp-content\/uploads\/2021\/10\/pre-requisitos-da-usucapiao-extrajudicial-passo-a-passo-780x472.png 780w, https:\/\/adenilsongiovanini.com.br\/blog\/wp-content\/uploads\/2021\/10\/pre-requisitos-da-usucapiao-extrajudicial-passo-a-passo-300x181.png 300w, https:\/\/adenilsongiovanini.com.br\/blog\/wp-content\/uploads\/2021\/10\/pre-requisitos-da-usucapiao-extrajudicial-passo-a-passo-768x464.png 768w, https:\/\/adenilsongiovanini.com.br\/blog\/wp-content\/uploads\/2021\/10\/pre-requisitos-da-usucapiao-extrajudicial-passo-a-passo-1536x929.png 1536w, https:\/\/adenilsongiovanini.com.br\/blog\/wp-content\/uploads\/2021\/10\/pre-requisitos-da-usucapiao-extrajudicial-passo-a-passo.png 1796w\" sizes=\"(max-width: 780px) 100vw, 780px\" \/><\/p>\n<p><span style=\"color: #000000; font-size: 20px; font-family: arial, helvetica, sans-serif; line-height: 1.3;\">Os pr\u00e9-requisitos que o usucapiente deve obedecer na usucapi\u00e3o extrajudicial passo a passo s\u00e3o:<\/span><\/p>\n<p>\n<span style=\"color: #000000; font-size: 20px; font-family: arial, helvetica, sans-serif; line-height: 1.3;\"><strong> 1. Posse com inten\u00e7\u00e3o de dono (<em>animus domini<\/em>)<\/strong>: Ou seja, \u00e9 fundamental que a posse do im\u00f3vel usucapiendo n\u00e3o seja decorrente de atos de mera toler\u00e2ncia. Atos como, por exemplo, oriundos de contratos de loca\u00e7\u00e3o, comodato e dep\u00f3sito.<\/span><\/p>\n<p style=\"text-align: center;\"><span style=\"color: #000000; font-size: 20px; font-family: arial, helvetica, sans-serif; line-height: 1.3;\">Ou seja, o posseiro precisa demonstrar o interesse em se tornar dono do im\u00f3vel.<\/span><\/p>\n<p><span style=\"color: #000000; font-size: 20px; font-family: arial, helvetica, sans-serif; line-height: 1.3;\"><strong>2. Posse mansa e pac\u00edfica<\/strong>: \u00e9 essencial que n\u00e3o haja nenhuma contesta\u00e7\u00e3o do propriet\u00e1rio leg\u00edtimo registrado no Cart\u00f3rio de Registro de Im\u00f3veis da \u00e1rea usucapienda. <\/span><\/p>\n<p><span style=\"color: #000000; font-size: 20px; font-family: arial, helvetica, sans-serif; line-height: 1.3;\">Se houver contesta\u00e7\u00e3o da posse a qualquer tempo pelo propriet\u00e1rio leg\u00edtimo, fica descaracterizada a usucapi\u00e3o.<\/span><\/p>\n<p><span style=\"color: #000000; font-size: 20px; font-family: arial, helvetica, sans-serif; line-height: 1.3;\"><strong>3. Posse cont\u00ednua e duradoura<\/strong>: Cada modalidade de usucapi\u00e3o estabelece um prazo m\u00ednimo de posse para aquisi\u00e7\u00e3o do direito \u00e0 propriedade por usucapi\u00e3o.<\/span><\/p>\n<p><span style=\"font-size: 20px; font-family: arial, helvetica, sans-serif; color: #000000; line-height: 1.3;\">No caso da usucapi\u00e3o extrajudicial \u00e9 necess\u00e1rio no m\u00ednimo 10 anos de posse.<\/span><\/p>\n<p><span style=\"font-size: 20px; font-family: arial, helvetica, sans-serif; color: #000000; line-height: 1.3;\">Ou caso o posseiro esteja dando uma fun\u00e7\u00e3o social para a posse, este per\u00edodo se reduz para 5 anos.<\/span><\/p>\n<p><span style=\"color: #000000; font-size: 20px; font-family: arial, helvetica, sans-serif; line-height: 1.3;\">Outro detalhe importante \u00e9 que essa posse n\u00e3o precisa ser necessariamente da mesma pessoa.<\/span><\/p>\n<p><span style=\"color: #000000; font-size: 20px; font-family: arial, helvetica, sans-serif; line-height: 1.3;\">Por exemplo, se a dona Maria teve a posse por 6 anos e posteriormente o senhor Augusto teve a posse por mais 5 anos. O mesmo poder\u00e1 entrar com um processo de usucapi\u00e3o extrajudicial.<\/span><\/p>\n<p><span style=\"color: #000000; font-size: 20px; font-family: arial, helvetica, sans-serif; line-height: 1.3;\">O que n\u00e3o pode acontecer \u00e9 de a posse n\u00e3o ser continua.<\/span><\/p>\n<p><span style=\"color: #000000; font-size: 20px; font-family: arial, helvetica, sans-serif; line-height: 1.3;\">Por exemplo, dona Maria teve 4 anos de posse de uma \u00e1rea de terras e, passados 5 anos, a mesma teve mais 6 anos de posse da mesma \u00e1rea de terras.<\/span><\/p>\n<p><span style=\"color: #000000; font-size: 20px; font-family: arial, helvetica, sans-serif; line-height: 1.3;\"><strong>4. <span style=\"color: #0000ff;\"><a href=\"https:\/\/www.migalhas.com.br\/dePeso\/16,MI6660,11049-O+principio+da+boafe+no+Codigo+Civil+em+vigor\" target=\"_blank\" rel=\"noopener noreferrer\" style=\"color: #0000ff;\">Posse de boa f\u00e9<\/a><\/span> e com <span style=\"color: #0000ff;\"><a style=\"color: #0000ff;\" href=\"https:\/\/lfg.jusbrasil.com.br\/noticias\/53291\/o-que-se-entende-por-justo-titulo-ciara-bertocco-zaqueo#:~:text=Justo%20t%C3%ADtulo%20%C3%A9%20aquele%20que,nenhum%20v%C3%ADcio%20impeditivo%20dessa%20transmiss%C3%A3o.\" target=\"_blank\" rel=\"noopener noreferrer\">justo t\u00edtulo<\/a><\/span><\/strong>: Ou seja, a fra\u00e7\u00e3o de terras n\u00e3o pode ter sido invadida por uma pessoa que teve como intuito de se adonar de uma de terras de terceiros. <\/span><\/p>\n<p>\n<span style=\"color: #000000; font-size: 24px; font-family: arial, helvetica, sans-serif; line-height: 1.3;\"><strong>Documentos necess\u00e1rios para dar entrada no pedido de reconhecimento da usucapi\u00e3o extrajudicial?<\/strong><\/span><\/p>\n<p><span style=\"font-size: 20px;\"><img decoding=\"async\" class=\"aligncenter size-full wp-image-3326\" src=\"http:\/\/adenilsongiovanini.com.br\/blog\/wp-content\/uploads\/2019\/11\/Documentos-necess\u00e1rios-usucapi\u00e3o.jpg\" alt=\"Documentos necess\u00e1rios usucapi\u00e3o\" width=\"750\" height=\"360\" srcset=\"https:\/\/adenilsongiovanini.com.br\/blog\/wp-content\/uploads\/2019\/11\/Documentos-necess\u00e1rios-usucapi\u00e3o.jpg 750w, https:\/\/adenilsongiovanini.com.br\/blog\/wp-content\/uploads\/2019\/11\/Documentos-necess\u00e1rios-usucapi\u00e3o-300x144.jpg 300w\" sizes=\"(max-width: 750px) 100vw, 750px\" \/><\/span><\/p>\n<p>&nbsp;<\/p>\n<p style=\"text-align: left;\"><span style=\"font-size: 20px;\"><strong><span style=\"color: #000000; font-family: arial, helvetica, sans-serif; line-height: 1.3;\">1 &#8211; Ata notarial lavrada pelo tabeli\u00e3o, atestando o tempo de posse do requerente e seus antecessores.<\/span><\/strong><\/span><\/p>\n<p><span style=\"color: #000000; font-size: 20px; font-family: arial, helvetica, sans-serif; line-height: 1.3;\">A mesma pode ser lavrada por qualquer tabeli\u00e3o de notas<strong>, <\/strong>ficando de livre escolha ao usucapiente o tabeli\u00e3o que lavrar\u00e1 a ata notarial. Isso est\u00e1 previsto no art. 8\u00ba da <a href=\"http:\/\/www.planalto.gov.br\/ccivil_03\/LEIS\/L8935.htm\" target=\"_blank\" rel=\"noopener noreferrer\"><span style=\"color: #0000ff;\">Lei. 8.935\/94<\/span><\/a>.<\/span><\/p>\n<p><span style=\"color: #000000; font-size: 20px; font-family: arial, helvetica, sans-serif; line-height: 1.3;\">Al\u00e9m disso, somente o tabeli\u00e3o da circunscri\u00e7\u00e3o onde se localiza o im\u00f3vel poder\u00e1 realizar dilig\u00eancia.<\/p>\n<p>Ou seja, se o im\u00f3vel est\u00e1 no munic\u00edpio X, n\u00e3o tem como a pessoa querer emitir a ata notarial no munic\u00edpio Y. Isso est\u00e1 previsto no art. 9\u00ba da Lei. 8.935\/94.<\/span><\/p>\n<p><span style=\"font-size: 20px;\"><strong><span style=\"color: #000000; font-family: arial, helvetica, sans-serif; line-height: 1.3;\">2. <span style=\"color: #0000ff;\"><a href=\"http:\/\/adenilsongiovanini.com.br\/blog\/planta-cadastral\/\" target=\"_blank\" rel=\"noopener noreferrer\" style=\"color: #0000ff;\">Planta<\/a><\/span> e <span style=\"color: #0000ff;\"><a href=\"http:\/\/adenilsongiovanini.com.br\/blog\/memorial-descritivo-topografia\/\" target=\"_blank\" rel=\"noopener noreferrer\" style=\"color: #0000ff;\">memorial descritivo<\/a><\/span>.<\/span><\/strong><\/span><\/p>\n<p><span style=\"color: #000000; font-size: 20px; font-family: arial, helvetica, sans-serif; line-height: 1.3;\">Os mesmos devem estar assinados:<\/span><\/p>\n<p><span style=\"color: #000000; font-size: 20px; font-family: arial, helvetica, sans-serif; line-height: 1.3;\">Por profissional legalmente habilitado, com prova de anota\u00e7\u00e3o de responsabilidade t\u00e9cnica (ART) ou registro de responsabilidade t\u00e9cnica (RRT);<\/span><\/p>\n<p><span style=\"color: #000000; font-size: 20px; font-family: arial, helvetica, sans-serif; line-height: 1.3;\">Pelos titulares de direitos reais e de outros direitos registrados ou <span style=\"color: #0000ff;\"><a href=\"http:\/\/adenilsongiovanini.com.br\/blog\/matricula-de-imovel\/\" target=\"_blank\" rel=\"noopener noreferrer\" style=\"color: #0000ff;\">averbados na matr\u00edcula do im\u00f3vel<\/a><\/span> usucapiendo e na matr\u00edcula dos im\u00f3veis confinantes, com reconhecimento de todas as firmas por semelhan\u00e7a ou autenticidade.<\/span><\/p>\n<p><span style=\"font-size: 20px; font-family: arial, helvetica, sans-serif; color: #000000; line-height: 1.3;\">Perceba que no que se refere ao usucapi\u00e3o extrajudicial passo a passo, n\u00f3s que somos agrimensores ficamos encarregados somente desta parte, da produ\u00e7\u00e3o da planta, do memorial descritivo e da emiss\u00e3o da ART. <\/span><\/p>\n<p><span style=\"font-size: 20px; font-family: arial, helvetica, sans-serif; color: #000000; line-height: 1.3;\">Ou seja, normalmente um advogado ir\u00e1 procurar voc\u00ea e pedir para que voc\u00ea fa\u00e7a o trabalho t\u00e9cnico.<\/span><\/p>\n<p><span style=\"font-size: 20px; font-family: arial, helvetica, sans-serif; color: #000000; line-height: 1.3;\">Naturalmente, a situa\u00e7\u00e3o inversa tamb\u00e9m pode acontecer. Um cliente pode chegar at\u00e9 voc\u00ea e, conversando com o mesmo, voc\u00ea perceber que a melhor sa\u00edda para o mesmo \u00e9 a usucapi\u00e3o extrajudicial.<\/span><\/p>\n<p><span style=\"font-size: 20px; font-family: arial, helvetica, sans-serif; color: #000000; line-height: 1.3;\">Nestes casos, voc\u00ea instruir\u00e1 seu cliente, informando como o mesmo deve proceder.<\/span><\/p>\n<p><span style=\"font-size: 20px; font-family: arial, helvetica, sans-serif; color: #000000; line-height: 1.3;\">Ou seja, que voc\u00ea ficar\u00e1 respons\u00e1vel pelo trabalho t\u00e9cnico e que um advogado ficar\u00e1 respons\u00e1vel pela parte jur\u00eddica.<\/span><\/p>\n<p><span style=\"font-size: 20px;\"><strong><span style=\"color: #000000; font-family: arial, helvetica, sans-serif; line-height: 1.3;\">3 &#8211; Certid\u00f5es negativas dos distribuidores, da justi\u00e7a estadual e federal, da comarca ou se\u00e7\u00e3o judici\u00e1ria da situa\u00e7\u00e3o do im\u00f3vel e do domic\u00edlio do requerente;<\/span><\/strong><\/span><\/p>\n<p><span style=\"color: #000000; font-size: 20px; font-family: arial, helvetica, sans-serif; line-height: 1.3;\">Tome o cuidado para estas certid\u00f5es estarem atualizadas. Digo isso porque j\u00e1 me aconteceu de um processo se enrolar por meses.<\/span><\/p>\n<p><span style=\"color: #000000; font-size: 20px; font-family: arial, helvetica, sans-serif; line-height: 1.3;\">Com isso, os documentos ficaram desatualizados.<\/span><\/p>\n<p><span style=\"font-size: 20px; font-family: arial, helvetica, sans-serif; line-height: 1.3; color: #000000;\"><strong>Os mesmos devem terem sido gerados a no m\u00e1ximo 3 meses.<\/strong><\/span><\/p>\n<p><span style=\"font-size: 20px;\"><strong><span style=\"color: #000000; font-family: arial, helvetica, sans-serif; line-height: 1.3;\">4 &#8211; Justo t\u00edtulo ou quaisquer outros documentos que demonstrem a origem, a continuidade, a natureza e o tempo da posse.<\/span><\/strong><\/span><\/p>\n<p><span style=\"color: #000000; font-size: 20px; font-family: arial, helvetica, sans-serif; line-height: 1.3;\">Como exemplos de documentos que comprovam a natureza da posse temos:<\/span><\/p>\n<p><span style=\"color: #000000; font-size: 20px; font-family: arial, helvetica, sans-serif; line-height: 1.3;\">Pagamento dos impostos, das taxas, de despesas de consumo de \u00e1gua, energia el\u00e9trica, g\u00e1s ou telefone, que incidirem sobre o im\u00f3vel.<\/span><\/p>\n<p><span style=\"color: #000000; font-size: 20px; font-family: arial, helvetica, sans-serif; line-height: 1.3;\"> Lembrando que o usucapi\u00e3o extrajudicial pode ser feito mesmo se os im\u00f3veis confrontantes n\u00e3o possua matricula. <\/span><\/p>\n<p>\n<\/p>\n<h2 style=\"text-align: center;\"><span style=\"color: #000000; font-size: 20px; font-family: arial, helvetica, sans-serif; line-height: 1.3;\"><span style=\"font-size: 24px;\"><strong>Usucapi\u00e3o extrajudicial passo a passo &#8211; Dura\u00e7\u00e3o aproximada do procedimento da usucapi\u00e3o<\/strong><\/span><br \/>\n<\/span><\/h2>\n<p><span style=\"font-size: 20px;\"><img decoding=\"async\" class=\"aligncenter size-full wp-image-3327\" src=\"http:\/\/adenilsongiovanini.com.br\/blog\/wp-content\/uploads\/2019\/11\/dura\u00e7\u00e3o-processo-usucapi\u00e3o.jpg\" alt=\"dura\u00e7\u00e3o de um usucapi\u00e3o extrajudicial passo a passo\" width=\"626\" height=\"417\" srcset=\"https:\/\/adenilsongiovanini.com.br\/blog\/wp-content\/uploads\/2019\/11\/dura\u00e7\u00e3o-processo-usucapi\u00e3o.jpg 626w, https:\/\/adenilsongiovanini.com.br\/blog\/wp-content\/uploads\/2019\/11\/dura\u00e7\u00e3o-processo-usucapi\u00e3o-300x200.jpg 300w, https:\/\/adenilsongiovanini.com.br\/blog\/wp-content\/uploads\/2019\/11\/dura\u00e7\u00e3o-processo-usucapi\u00e3o-360x240.jpg 360w\" sizes=\"(max-width: 626px) 100vw, 626px\" \/><\/span><br \/>\n<span style=\"color: #000000; font-size: 20px; font-family: arial, helvetica, sans-serif; line-height: 1.3;\"> O tempo que um processo de usucapi\u00e3o ir\u00e1 demorar depender\u00e1 das especificidades do processo.<\/span><\/p>\n<p><span style=\"color: #000000; font-size: 20px; font-family: arial, helvetica, sans-serif; line-height: 1.3;\">Contudo, caso toda a documenta\u00e7\u00e3o seja apresentada e todas as partes estejam cientes e de acordo com o procedimento, a dura\u00e7\u00e3o m\u00ednima costuma ficar entre 90 (noventa) a 120 (cento e vinte) dias.<\/span><\/p>\n<h2 style=\"text-align: center;\"><span style=\"color: #000000; font-size: 24px; font-family: arial, helvetica, sans-serif; line-height: 1.3;\"><strong>Quem dever\u00e1 ser intimado pelo cart\u00f3rio para concordar com o pedido de usucapi\u00e3o?<\/strong><\/span><\/h2>\n<p><span style=\"font-size: 20px;\"><img decoding=\"async\" class=\"aligncenter wp-image-3328 size-large\" src=\"https:\/\/adenilsongiovanini.com.br\/blog\/wp-content\/uploads\/2019\/11\/intima\u00e7\u00e3o-processo-de-usucapi\u00e3o-780x521.jpeg\" alt=\"intima\u00e7\u00e3o processo de usucapi\u00e3o\" width=\"780\" height=\"521\" srcset=\"https:\/\/adenilsongiovanini.com.br\/blog\/wp-content\/uploads\/2019\/11\/intima\u00e7\u00e3o-processo-de-usucapi\u00e3o-780x521.jpeg 780w, https:\/\/adenilsongiovanini.com.br\/blog\/wp-content\/uploads\/2019\/11\/intima\u00e7\u00e3o-processo-de-usucapi\u00e3o-300x200.jpeg 300w, https:\/\/adenilsongiovanini.com.br\/blog\/wp-content\/uploads\/2019\/11\/intima\u00e7\u00e3o-processo-de-usucapi\u00e3o-768x513.jpeg 768w, https:\/\/adenilsongiovanini.com.br\/blog\/wp-content\/uploads\/2019\/11\/intima\u00e7\u00e3o-processo-de-usucapi\u00e3o-360x240.jpeg 360w, https:\/\/adenilsongiovanini.com.br\/blog\/wp-content\/uploads\/2019\/11\/intima\u00e7\u00e3o-processo-de-usucapi\u00e3o.jpeg 800w\" sizes=\"(max-width: 780px) 100vw, 780px\" \/><\/span><br \/>\n<span style=\"font-size: 20px; font-family: arial, helvetica, sans-serif; color: #000000; line-height: 1.3;\">Nesta etapa da <strong>usucapi\u00e3o extrajudicial passo a passo<\/strong>, com o processo de usucapi\u00e3o em m\u00e3os, o profissional de registro ir\u00e1 fazer uma s\u00e9rie de intima\u00e7\u00f5es. Desta maneira, a usucapi\u00e3o extrajudicial somente ter\u00e1 continua\u00e7\u00e3o se n\u00e3o for impugnada por nenhuma destas pessoas.<\/span><\/p>\n<p><span style=\"font-size: 20px; font-family: arial, helvetica, sans-serif; color: #000000; line-height: 1.3;\">As seguintes pessoas precisam concordar com o pedido de usucapi\u00e3o:<\/span><\/p>\n<ul>\n<li><span style=\"color: #000000; font-size: 20px; font-family: arial, helvetica, sans-serif; line-height: 1.3;\">Os Confrontantes;<\/span><\/li>\n<li><span style=\"color: #000000; font-size: 20px; font-family: arial, helvetica, sans-serif; line-height: 1.3;\">A pessoa em cujo nome im\u00f3vel estiver registrado;<\/span><\/li>\n<li><span style=\"color: #000000; font-size: 20px; font-family: arial, helvetica, sans-serif; line-height: 1.3;\">Fazendas p\u00fablicas (municipal, estadual, federal);<\/span><\/li>\n<li><span style=\"color: #000000; font-size: 20px; font-family: arial, helvetica, sans-serif; line-height: 1.3;\">Atual possuidor, se houver.<\/span><\/li>\n<\/ul>\n<p><span style=\"color: #000000; font-size: 20px; font-family: arial, helvetica, sans-serif; line-height: 1.3;\">Caso o usucapiente tenha algum problema, nada impede que o mesmo recorra \u00e0 via judicial, ajuizando uma a\u00e7\u00e3o de usucapi\u00e3o.<\/span><\/p>\n<p><span style=\"font-family: arial, helvetica, sans-serif; font-size: 20px; color: #000000;\">V\u00eddeo a respeito do assunto.<\/span><\/p>\n<p><center><iframe width=\"853\" height=\"480\" title=\"YouTube video player\" src=\"https:\/\/www.youtube.com\/embed\/9UswSuosyeQ\" frameborder=\"0\" allowfullscreen=\"allowfullscreen\"><\/iframe><\/center><br \/>\n<span style=\"font-size: 20px; font-family: arial, helvetica, sans-serif; color: #000000; line-height: 1.3;\">Se voc\u00ea quer<strong> MERGULHAR FUNDO e aprender a prestar servi\u00e7os com grande velocidade e com seguran\u00e7a<\/strong>, <span style=\"color: #0000ff;\"><a style=\"color: #0000ff;\" href=\"https:\/\/adenilsongiovanini.com.br\/cursos-online\/\">acesse este link<\/a><\/span> e conhe\u00e7a os mesmos.<\/span><\/p>\n<p>&nbsp;<\/p>\n<p><span style=\"color: #000000;\"><span style=\"font-size: 20px; font-family: arial, helvetica, sans-serif; line-height: 1.3;\">Entre eles, o <span style=\"color: #0000ff;\"><a style=\"color: #0000ff;\" href=\"https:\/\/adenilsongiovanini.com.br\/curso-de-autocad-para-topografia\/\" target=\"_blank\" rel=\"noopener noreferrer\">Curso de Confec\u00e7\u00e3o de Plantas Topogr\u00e1ficas<\/a><\/span>. <span style=\"color: #000000;\">Um <\/span><\/span><span style=\"font-size: 20px; font-family: arial, helvetica, sans-serif; line-height: 1.3;\">curso pr\u00e1tico\u00a0<\/span><span style=\"font-size: 20px; font-family: arial, helvetica, sans-serif; line-height: 1.3;\">com o qual voc\u00ea vai <strong>aprender a produzir as 15 diferentes plantas produzidas em um escrit\u00f3rio de topografia<\/strong>.<\/span><\/span><\/p>\n<p><a href=\"https:\/\/adenilsongiovanini.com.br\/curso-de-autocad-para-topografia\/\" target=\"_blank\" rel=\"noopener noreferrer\"><img decoding=\"async\" class=\"aligncenter wp-image-31689\" src=\"https:\/\/adenilsongiovanini.com.br\/wp-content\/uploads\/2022\/07\/planta-de-topografia-1024x612.png\" alt=\"\" width=\"770\" height=\"460\" \/><\/a><\/p>\n<p><span style=\"font-family: arial, helvetica, sans-serif; font-size: 20px; color: #000000;\">Clique <a href=\"https:\/\/adenilsongiovanini.com.br\/curso-de-autocad-para-topografia\/\" target=\"_blank\" rel=\"noopener noreferrer\"><span style=\"color: #0000ff;\">neste link<\/span><\/a> e conhe\u00e7a melhor o mesmo.<\/span><\/p>\n<p>&nbsp;<\/p>\n<p><span style=\"font-family: arial, helvetica, sans-serif; font-size: 20px; color: #000000;\"> Gratid\u00e3o por voc\u00ea ter lido o artigo. \ud83d\ude4f<\/span><\/p>\n<p>&nbsp;<\/p>\n<p>&nbsp;<\/p>\n<h2 style=\"text-align: center;\"><span style=\"font-family: arial, helvetica, sans-serif; color: #000000; font-size: 24px;\"><strong>Domine a Topografia Cadastral atrav\u00e9s de um livro formado por centenas de exemplos pr\u00e1ticos <\/strong><\/span><\/h2>\n<h2 style=\"text-align: center;\"><span style=\"font-size: 20px;\"><a href=\"https:\/\/adenilsongiovanini.com.br\/georreferenciamento-de-imoveis-rurais-na-pratica\/\" rel=\"nofollow noreferrer\"><img decoding=\"async\" class=\"aligncenter size-large wp-image-19317\" src=\"https:\/\/adenilsongiovanini.com.br\/blog\/wp-content\/uploads\/2021\/04\/livro-de-topografia-e-georreferenciamento-1024x474.png\" sizes=\"(max-width: 1024px) 100vw, 1024px\" srcset=\"https:\/\/adenilsongiovanini.com.br\/blog\/wp-content\/uploads\/2021\/04\/livro-de-topografia-e-georreferenciamento-1024x474.png 1024w, https:\/\/adenilsongiovanini.com.br\/blog\/wp-content\/uploads\/2021\/04\/livro-de-topografia-e-georreferenciamento-300x139.png 300w, https:\/\/adenilsongiovanini.com.br\/blog\/wp-content\/uploads\/2021\/04\/livro-de-topografia-e-georreferenciamento-768x355.png 768w, https:\/\/adenilsongiovanini.com.br\/blog\/wp-content\/uploads\/2021\/04\/livro-de-topografia-e-georreferenciamento-1536x711.png 1536w, https:\/\/adenilsongiovanini.com.br\/blog\/wp-content\/uploads\/2021\/04\/livro-de-topografia-e-georreferenciamento-320x148.png 320w, https:\/\/adenilsongiovanini.com.br\/blog\/wp-content\/uploads\/2021\/04\/livro-de-topografia-e-georreferenciamento-640x296.png 640w, https:\/\/adenilsongiovanini.com.br\/blog\/wp-content\/uploads\/2021\/04\/livro-de-topografia-e-georreferenciamento-360x167.png 360w, https:\/\/adenilsongiovanini.com.br\/blog\/wp-content\/uploads\/2021\/04\/livro-de-topografia-e-georreferenciamento-720x333.png 720w, https:\/\/adenilsongiovanini.com.br\/blog\/wp-content\/uploads\/2021\/04\/livro-de-topografia-e-georreferenciamento-1080x500.png 1080w, https:\/\/adenilsongiovanini.com.br\/blog\/wp-content\/uploads\/2021\/04\/livro-de-topografia-e-georreferenciamento-800x370.png 800w, https:\/\/adenilsongiovanini.com.br\/blog\/wp-content\/uploads\/2021\/04\/livro-de-topografia-e-georreferenciamento-1280x592.png 1280w, https:\/\/adenilsongiovanini.com.br\/blog\/wp-content\/uploads\/2021\/04\/livro-de-topografia-e-georreferenciamento.png 1565w\" alt=\"livro de topografia e georreferenciamento\" width=\"1024\" height=\"474\" \/><\/a><\/span><\/h2>\n<p><span style=\"font-family: arial, helvetica, sans-serif; font-size: 20px; color: #000000;\">Voc\u00ea quer dominar a Topografia Cadastral?<\/span><\/p>\n<p><span style=\"font-family: arial, helvetica, sans-serif; font-size: 20px; color: #000000;\">Ent\u00e3o eu tenho uma \u00f3tima noticia para voc\u00ea. Me refiro ao <span style=\"color: #0000ff;\"><a style=\"color: #0000ff;\" href=\"https:\/\/adenilsongiovanini.com.br\/georreferenciamento-de-imoveis-rurais-na-pratica\/\" rel=\"nofollow noreferrer\">livro Topografia Cadastral e Georreferenciamento de Im\u00f3veis Rurais na Pr\u00e1tica<\/a><\/span>.<\/span><\/p>\n<p><span style=\"font-size: 20px;\"><span style=\"font-family: arial, helvetica, sans-serif; color: #000000;\">O mesmo \u00e9 dividido em 10 cap\u00edtulos recheados com muitos estudos de caso e exemplos pr\u00e1ticos. D\u00ea uma espiadinha no sum\u00e1rio do mesmo:<\/span><\/span><\/p>\n<p>&nbsp;<\/p>\n<p><center><iframe width=\"99%\" height=\"980\" src=\"https:\/\/drive.google.com\/file\/d\/1HJ8fZz1PvPmftfXHJNFTvIBBzY_FZhPJ\/preview\"><span data-mce-type=\"bookmark\" style=\"display: inline-block; width: 0px; overflow: hidden; line-height: 0;\" class=\"mce_SELRES_start\">\ufeff<\/span><\/iframe><\/center><\/p>\n<p>&nbsp;<\/p>\n<p><span style=\"font-size: 20px;\"><span style=\"font-family: arial, helvetica, sans-serif; color: #000000;\">Para conhecer melhor a estrutura do livro, juntar-se a mais de 800 profissionais e adquirir sua c\u00f3pia \u00e9 s\u00f3 clicar no bot\u00e3o abaixo:<\/span><\/span><\/p>\n<p>&nbsp;<\/p>\n<p><span style=\"color: #000000; font-size: 20px;\"><div class=\"su-button-center\"><a href=\"https:\/\/adenilsongiovanini.com.br\/georreferenciamento-de-imoveis-rurais-na-pratica\/\" class=\"su-button su-button-style-3d\" style=\"color:#000000;background-color:#2BCC2F;border-color:#23a426;border-radius:9px\" target=\"_blank\" rel=\"nofollow\" id=\"1\"><span style=\"color:#000000;padding:0px 24px;font-size:18px;line-height:36px;border-color:#6bdc6e;border-radius:9px;text-shadow:0px 0px 0px #000000\"> \u279c Quero Conhecer Melhor o Livro, Pois Quero e Preciso Aprender Mais Sobre Legisla\u00e7\u00e3o Cadastral e Geo. de Im\u00f3veis Rurais<\/span><\/a><\/div><\/span><\/p>\n<p>&nbsp;<\/p>\n<p>&nbsp;<\/p>\n","protected":false},"excerpt":{"rendered":"<p>Usucapi\u00e3o extrajudicial passo a passo, voc\u00ea acabou de colocar suas 2 m\u00e3os em um artigo definitivo a respeito do tema. Com a leitura do mesmo voc\u00ea dominar\u00e1 o assunto, sabendo exatamente como proceder. Aprender\u00e1 inclusive quais documentos s\u00e3o necess\u00e1rios e quem dever\u00e1 ser intimado pelo profissional de registro de im\u00f3veis. [&hellip;]<\/p>\n","protected":false},"author":1,"featured_media":25764,"comment_status":"closed","ping_status":"closed","sticky":false,"template":"","format":"standard","meta":{"_monsterinsights_skip_tracking":false,"_monsterinsights_sitenote_active":false,"_monsterinsights_sitenote_note":"","_monsterinsights_sitenote_category":0,"footnotes":""},"categories":[34],"tags":[],"class_list":["post-25763","post","type-post","status-publish","format-standard","has-post-thumbnail","hentry","category-usucapiao"],"yoast_head":"<!-- This site is optimized with the Yoast SEO plugin v26.5 - https:\/\/yoast.com\/wordpress\/plugins\/seo\/ -->\n<title>Usucapi\u00e3o Extrajudicial Passo a Passo? - Adenilson Giovanini<\/title>\n<meta name=\"description\" content=\"Usucapi\u00e3o extrajudicial passo a passo, descubra quais s\u00e3o as etapas, legisla\u00e7\u00e3o, os 4 pr\u00e9-requisitos e quais os documentos necess\u00e1rios. Leia.\" \/>\n<meta name=\"robots\" content=\"index, follow, max-snippet:-1, max-image-preview:large, max-video-preview:-1\" \/>\n<link rel=\"canonical\" href=\"https:\/\/adenilsongiovanini.com.br\/blog\/usucapiao-extrajudicial-passo-a-passo\/\" \/>\n<meta property=\"og:locale\" content=\"pt_BR\" \/>\n<meta property=\"og:type\" content=\"article\" \/>\n<meta property=\"og:title\" content=\"Usucapi\u00e3o Extrajudicial Passo a Passo? - Adenilson Giovanini\" \/>\n<meta property=\"og:description\" content=\"Usucapi\u00e3o extrajudicial passo a passo, descubra quais s\u00e3o as etapas, legisla\u00e7\u00e3o, os 4 pr\u00e9-requisitos e quais os documentos necess\u00e1rios. Leia.\" \/>\n<meta property=\"og:url\" content=\"https:\/\/adenilsongiovanini.com.br\/blog\/usucapiao-extrajudicial-passo-a-passo\/\" \/>\n<meta property=\"og:site_name\" content=\"Adenilson Giovanini\" \/>\n<meta property=\"article:publisher\" content=\"https:\/\/www.facebook.com\/otopografo\/\" \/>\n<meta property=\"article:author\" content=\"https:\/\/www.facebook.com\/otopografo\/\" \/>\n<meta property=\"article:published_time\" content=\"2021-10-05T22:03:03+00:00\" \/>\n<meta property=\"article:modified_time\" content=\"2022-08-17T16:25:28+00:00\" \/>\n<meta property=\"og:image\" content=\"https:\/\/adenilsongiovanini.com.br\/blog\/wp-content\/uploads\/2021\/10\/usucapiao-extrajudicial-passo-a-passo.png\" \/>\n\t<meta property=\"og:image:width\" content=\"1796\" \/>\n\t<meta property=\"og:image:height\" content=\"1086\" \/>\n\t<meta property=\"og:image:type\" content=\"image\/png\" \/>\n<meta name=\"author\" content=\"Adenilson Giovanini\" \/>\n<meta name=\"twitter:card\" content=\"summary_large_image\" \/>\n<meta name=\"twitter:label1\" content=\"Escrito por\" \/>\n\t<meta name=\"twitter:data1\" content=\"Adenilson Giovanini\" \/>\n\t<meta name=\"twitter:label2\" content=\"Est. tempo de leitura\" \/>\n\t<meta name=\"twitter:data2\" content=\"12 minutos\" \/>\n<script type=\"application\/ld+json\" class=\"yoast-schema-graph\">{\"@context\":\"https:\/\/schema.org\",\"@graph\":[{\"@type\":\"Article\",\"@id\":\"https:\/\/adenilsongiovanini.com.br\/blog\/usucapiao-extrajudicial-passo-a-passo\/#article\",\"isPartOf\":{\"@id\":\"https:\/\/adenilsongiovanini.com.br\/blog\/usucapiao-extrajudicial-passo-a-passo\/\"},\"author\":{\"name\":\"Adenilson Giovanini\",\"@id\":\"https:\/\/adenilsongiovanini.com.br\/blog\/#\/schema\/person\/9c1daa7da73c116aae2cb0568d1daa23\"},\"headline\":\"Usucapi\u00e3o Extrajudicial Passo a Passo?\",\"datePublished\":\"2021-10-05T22:03:03+00:00\",\"dateModified\":\"2022-08-17T16:25:28+00:00\",\"mainEntityOfPage\":{\"@id\":\"https:\/\/adenilsongiovanini.com.br\/blog\/usucapiao-extrajudicial-passo-a-passo\/\"},\"wordCount\":1877,\"publisher\":{\"@id\":\"https:\/\/adenilsongiovanini.com.br\/blog\/#\/schema\/person\/9c1daa7da73c116aae2cb0568d1daa23\"},\"image\":{\"@id\":\"https:\/\/adenilsongiovanini.com.br\/blog\/usucapiao-extrajudicial-passo-a-passo\/#primaryimage\"},\"thumbnailUrl\":\"https:\/\/adenilsongiovanini.com.br\/blog\/wp-content\/uploads\/2021\/10\/usucapiao-extrajudicial-passo-a-passo.png\",\"articleSection\":[\"Usucapi\u00e3o\"],\"inLanguage\":\"pt-BR\"},{\"@type\":\"WebPage\",\"@id\":\"https:\/\/adenilsongiovanini.com.br\/blog\/usucapiao-extrajudicial-passo-a-passo\/\",\"url\":\"https:\/\/adenilsongiovanini.com.br\/blog\/usucapiao-extrajudicial-passo-a-passo\/\",\"name\":\"Usucapi\u00e3o Extrajudicial Passo a Passo? - Adenilson Giovanini\",\"isPartOf\":{\"@id\":\"https:\/\/adenilsongiovanini.com.br\/blog\/#website\"},\"primaryImageOfPage\":{\"@id\":\"https:\/\/adenilsongiovanini.com.br\/blog\/usucapiao-extrajudicial-passo-a-passo\/#primaryimage\"},\"image\":{\"@id\":\"https:\/\/adenilsongiovanini.com.br\/blog\/usucapiao-extrajudicial-passo-a-passo\/#primaryimage\"},\"thumbnailUrl\":\"https:\/\/adenilsongiovanini.com.br\/blog\/wp-content\/uploads\/2021\/10\/usucapiao-extrajudicial-passo-a-passo.png\",\"datePublished\":\"2021-10-05T22:03:03+00:00\",\"dateModified\":\"2022-08-17T16:25:28+00:00\",\"description\":\"Usucapi\u00e3o extrajudicial passo a passo, descubra quais s\u00e3o as etapas, legisla\u00e7\u00e3o, os 4 pr\u00e9-requisitos e quais os documentos necess\u00e1rios. Leia.\",\"breadcrumb\":{\"@id\":\"https:\/\/adenilsongiovanini.com.br\/blog\/usucapiao-extrajudicial-passo-a-passo\/#breadcrumb\"},\"inLanguage\":\"pt-BR\",\"potentialAction\":[{\"@type\":\"ReadAction\",\"target\":[\"https:\/\/adenilsongiovanini.com.br\/blog\/usucapiao-extrajudicial-passo-a-passo\/\"]}]},{\"@type\":\"ImageObject\",\"inLanguage\":\"pt-BR\",\"@id\":\"https:\/\/adenilsongiovanini.com.br\/blog\/usucapiao-extrajudicial-passo-a-passo\/#primaryimage\",\"url\":\"https:\/\/adenilsongiovanini.com.br\/blog\/wp-content\/uploads\/2021\/10\/usucapiao-extrajudicial-passo-a-passo.png\",\"contentUrl\":\"https:\/\/adenilsongiovanini.com.br\/blog\/wp-content\/uploads\/2021\/10\/usucapiao-extrajudicial-passo-a-passo.png\",\"width\":1796,\"height\":1086},{\"@type\":\"BreadcrumbList\",\"@id\":\"https:\/\/adenilsongiovanini.com.br\/blog\/usucapiao-extrajudicial-passo-a-passo\/#breadcrumb\",\"itemListElement\":[{\"@type\":\"ListItem\",\"position\":1,\"name\":\"Home\",\"item\":\"https:\/\/adenilsongiovanini.com.br\/blog\/\"},{\"@type\":\"ListItem\",\"position\":2,\"name\":\"Usucapi\u00e3o Extrajudicial Passo a Passo?\"}]},{\"@type\":\"WebSite\",\"@id\":\"https:\/\/adenilsongiovanini.com.br\/blog\/#website\",\"url\":\"https:\/\/adenilsongiovanini.com.br\/blog\/\",\"name\":\"Adenilson Giovanini\",\"description\":\"Topografia e Geotecnologias\",\"publisher\":{\"@id\":\"https:\/\/adenilsongiovanini.com.br\/blog\/#\/schema\/person\/9c1daa7da73c116aae2cb0568d1daa23\"},\"potentialAction\":[{\"@type\":\"SearchAction\",\"target\":{\"@type\":\"EntryPoint\",\"urlTemplate\":\"https:\/\/adenilsongiovanini.com.br\/blog\/?s={search_term_string}\"},\"query-input\":{\"@type\":\"PropertyValueSpecification\",\"valueRequired\":true,\"valueName\":\"search_term_string\"}}],\"inLanguage\":\"pt-BR\"},{\"@type\":[\"Person\",\"Organization\"],\"@id\":\"https:\/\/adenilsongiovanini.com.br\/blog\/#\/schema\/person\/9c1daa7da73c116aae2cb0568d1daa23\",\"name\":\"Adenilson Giovanini\",\"image\":{\"@type\":\"ImageObject\",\"inLanguage\":\"pt-BR\",\"@id\":\"https:\/\/adenilsongiovanini.com.br\/blog\/#\/schema\/person\/image\/\",\"url\":\"https:\/\/adenilsongiovanini.com.br\/blog\/wp-content\/litespeed\/avatar\/be8f4de5c0b8a93c57a4f29cbf2f1e92.jpg?ver=1777130135\",\"contentUrl\":\"https:\/\/adenilsongiovanini.com.br\/blog\/wp-content\/litespeed\/avatar\/be8f4de5c0b8a93c57a4f29cbf2f1e92.jpg?ver=1777130135\",\"caption\":\"Adenilson Giovanini\"},\"logo\":{\"@id\":\"https:\/\/adenilsongiovanini.com.br\/blog\/#\/schema\/person\/image\/\"},\"description\":\"O Professor Adenilson Giovanini \u00e9 especialista em Topografia Cadastral e Georreferenciamento de Im\u00f3veis Rurais. O mesmo possui o Maior Site de Engenharia de Agrimensura do Brasil. Site este que tem mais de 102.000 visualiza\u00e7\u00f5es por m\u00eas. Tamb\u00e9m possui mais de 600 v\u00eddeos em seu canal no youtube. Al\u00e9m disso, \u00e9 escritor Best Seller, possuindo v\u00e1rios cursos e livros de sucesso.\",\"sameAs\":[\"http:\/\/adenilsongiovanini.com.br\",\"https:\/\/www.facebook.com\/otopografo\/\",\"https:\/\/www.instagram.com\/adenilson_giovanini\/\",\"https:\/\/www.linkedin.com\/in\/adenilson-giovanini-819b8035\/\",\"https:\/\/br.pinterest.com\/adenilsongiovanini\/\",\"https:\/\/www.youtube.com\/channel\/uce-br7ghiuog2txcsdx5vrw\"]}]}<\/script>\n<!-- \/ Yoast SEO plugin. -->","yoast_head_json":{"title":"Usucapi\u00e3o Extrajudicial Passo a Passo? - Adenilson Giovanini","description":"Usucapi\u00e3o extrajudicial passo a passo, descubra quais s\u00e3o as etapas, legisla\u00e7\u00e3o, os 4 pr\u00e9-requisitos e quais os documentos necess\u00e1rios. Leia.","robots":{"index":"index","follow":"follow","max-snippet":"max-snippet:-1","max-image-preview":"max-image-preview:large","max-video-preview":"max-video-preview:-1"},"canonical":"https:\/\/adenilsongiovanini.com.br\/blog\/usucapiao-extrajudicial-passo-a-passo\/","og_locale":"pt_BR","og_type":"article","og_title":"Usucapi\u00e3o Extrajudicial Passo a Passo? - Adenilson Giovanini","og_description":"Usucapi\u00e3o extrajudicial passo a passo, descubra quais s\u00e3o as etapas, legisla\u00e7\u00e3o, os 4 pr\u00e9-requisitos e quais os documentos necess\u00e1rios. Leia.","og_url":"https:\/\/adenilsongiovanini.com.br\/blog\/usucapiao-extrajudicial-passo-a-passo\/","og_site_name":"Adenilson Giovanini","article_publisher":"https:\/\/www.facebook.com\/otopografo\/","article_author":"https:\/\/www.facebook.com\/otopografo\/","article_published_time":"2021-10-05T22:03:03+00:00","article_modified_time":"2022-08-17T16:25:28+00:00","og_image":[{"width":1796,"height":1086,"url":"https:\/\/adenilsongiovanini.com.br\/blog\/wp-content\/uploads\/2021\/10\/usucapiao-extrajudicial-passo-a-passo.png","type":"image\/png"}],"author":"Adenilson Giovanini","twitter_card":"summary_large_image","twitter_misc":{"Escrito por":"Adenilson Giovanini","Est. tempo de leitura":"12 minutos"},"schema":{"@context":"https:\/\/schema.org","@graph":[{"@type":"Article","@id":"https:\/\/adenilsongiovanini.com.br\/blog\/usucapiao-extrajudicial-passo-a-passo\/#article","isPartOf":{"@id":"https:\/\/adenilsongiovanini.com.br\/blog\/usucapiao-extrajudicial-passo-a-passo\/"},"author":{"name":"Adenilson Giovanini","@id":"https:\/\/adenilsongiovanini.com.br\/blog\/#\/schema\/person\/9c1daa7da73c116aae2cb0568d1daa23"},"headline":"Usucapi\u00e3o Extrajudicial Passo a Passo?","datePublished":"2021-10-05T22:03:03+00:00","dateModified":"2022-08-17T16:25:28+00:00","mainEntityOfPage":{"@id":"https:\/\/adenilsongiovanini.com.br\/blog\/usucapiao-extrajudicial-passo-a-passo\/"},"wordCount":1877,"publisher":{"@id":"https:\/\/adenilsongiovanini.com.br\/blog\/#\/schema\/person\/9c1daa7da73c116aae2cb0568d1daa23"},"image":{"@id":"https:\/\/adenilsongiovanini.com.br\/blog\/usucapiao-extrajudicial-passo-a-passo\/#primaryimage"},"thumbnailUrl":"https:\/\/adenilsongiovanini.com.br\/blog\/wp-content\/uploads\/2021\/10\/usucapiao-extrajudicial-passo-a-passo.png","articleSection":["Usucapi\u00e3o"],"inLanguage":"pt-BR"},{"@type":"WebPage","@id":"https:\/\/adenilsongiovanini.com.br\/blog\/usucapiao-extrajudicial-passo-a-passo\/","url":"https:\/\/adenilsongiovanini.com.br\/blog\/usucapiao-extrajudicial-passo-a-passo\/","name":"Usucapi\u00e3o Extrajudicial Passo a Passo? - Adenilson Giovanini","isPartOf":{"@id":"https:\/\/adenilsongiovanini.com.br\/blog\/#website"},"primaryImageOfPage":{"@id":"https:\/\/adenilsongiovanini.com.br\/blog\/usucapiao-extrajudicial-passo-a-passo\/#primaryimage"},"image":{"@id":"https:\/\/adenilsongiovanini.com.br\/blog\/usucapiao-extrajudicial-passo-a-passo\/#primaryimage"},"thumbnailUrl":"https:\/\/adenilsongiovanini.com.br\/blog\/wp-content\/uploads\/2021\/10\/usucapiao-extrajudicial-passo-a-passo.png","datePublished":"2021-10-05T22:03:03+00:00","dateModified":"2022-08-17T16:25:28+00:00","description":"Usucapi\u00e3o extrajudicial passo a passo, descubra quais s\u00e3o as etapas, legisla\u00e7\u00e3o, os 4 pr\u00e9-requisitos e quais os documentos necess\u00e1rios. Leia.","breadcrumb":{"@id":"https:\/\/adenilsongiovanini.com.br\/blog\/usucapiao-extrajudicial-passo-a-passo\/#breadcrumb"},"inLanguage":"pt-BR","potentialAction":[{"@type":"ReadAction","target":["https:\/\/adenilsongiovanini.com.br\/blog\/usucapiao-extrajudicial-passo-a-passo\/"]}]},{"@type":"ImageObject","inLanguage":"pt-BR","@id":"https:\/\/adenilsongiovanini.com.br\/blog\/usucapiao-extrajudicial-passo-a-passo\/#primaryimage","url":"https:\/\/adenilsongiovanini.com.br\/blog\/wp-content\/uploads\/2021\/10\/usucapiao-extrajudicial-passo-a-passo.png","contentUrl":"https:\/\/adenilsongiovanini.com.br\/blog\/wp-content\/uploads\/2021\/10\/usucapiao-extrajudicial-passo-a-passo.png","width":1796,"height":1086},{"@type":"BreadcrumbList","@id":"https:\/\/adenilsongiovanini.com.br\/blog\/usucapiao-extrajudicial-passo-a-passo\/#breadcrumb","itemListElement":[{"@type":"ListItem","position":1,"name":"Home","item":"https:\/\/adenilsongiovanini.com.br\/blog\/"},{"@type":"ListItem","position":2,"name":"Usucapi\u00e3o Extrajudicial Passo a Passo?"}]},{"@type":"WebSite","@id":"https:\/\/adenilsongiovanini.com.br\/blog\/#website","url":"https:\/\/adenilsongiovanini.com.br\/blog\/","name":"Adenilson Giovanini","description":"Topografia e Geotecnologias","publisher":{"@id":"https:\/\/adenilsongiovanini.com.br\/blog\/#\/schema\/person\/9c1daa7da73c116aae2cb0568d1daa23"},"potentialAction":[{"@type":"SearchAction","target":{"@type":"EntryPoint","urlTemplate":"https:\/\/adenilsongiovanini.com.br\/blog\/?s={search_term_string}"},"query-input":{"@type":"PropertyValueSpecification","valueRequired":true,"valueName":"search_term_string"}}],"inLanguage":"pt-BR"},{"@type":["Person","Organization"],"@id":"https:\/\/adenilsongiovanini.com.br\/blog\/#\/schema\/person\/9c1daa7da73c116aae2cb0568d1daa23","name":"Adenilson Giovanini","image":{"@type":"ImageObject","inLanguage":"pt-BR","@id":"https:\/\/adenilsongiovanini.com.br\/blog\/#\/schema\/person\/image\/","url":"https:\/\/adenilsongiovanini.com.br\/blog\/wp-content\/litespeed\/avatar\/be8f4de5c0b8a93c57a4f29cbf2f1e92.jpg?ver=1777130135","contentUrl":"https:\/\/adenilsongiovanini.com.br\/blog\/wp-content\/litespeed\/avatar\/be8f4de5c0b8a93c57a4f29cbf2f1e92.jpg?ver=1777130135","caption":"Adenilson Giovanini"},"logo":{"@id":"https:\/\/adenilsongiovanini.com.br\/blog\/#\/schema\/person\/image\/"},"description":"O Professor Adenilson Giovanini \u00e9 especialista em Topografia Cadastral e Georreferenciamento de Im\u00f3veis Rurais. O mesmo possui o Maior Site de Engenharia de Agrimensura do Brasil. Site este que tem mais de 102.000 visualiza\u00e7\u00f5es por m\u00eas. Tamb\u00e9m possui mais de 600 v\u00eddeos em seu canal no youtube. Al\u00e9m disso, \u00e9 escritor Best Seller, possuindo v\u00e1rios cursos e livros de sucesso.","sameAs":["http:\/\/adenilsongiovanini.com.br","https:\/\/www.facebook.com\/otopografo\/","https:\/\/www.instagram.com\/adenilson_giovanini\/","https:\/\/www.linkedin.com\/in\/adenilson-giovanini-819b8035\/","https:\/\/br.pinterest.com\/adenilsongiovanini\/","https:\/\/www.youtube.com\/channel\/uce-br7ghiuog2txcsdx5vrw"]}]}},"amp_enabled":true,"_links":{"self":[{"href":"https:\/\/adenilsongiovanini.com.br\/blog\/wp-json\/wp\/v2\/posts\/25763","targetHints":{"allow":["GET"]}}],"collection":[{"href":"https:\/\/adenilsongiovanini.com.br\/blog\/wp-json\/wp\/v2\/posts"}],"about":[{"href":"https:\/\/adenilsongiovanini.com.br\/blog\/wp-json\/wp\/v2\/types\/post"}],"author":[{"embeddable":true,"href":"https:\/\/adenilsongiovanini.com.br\/blog\/wp-json\/wp\/v2\/users\/1"}],"replies":[{"embeddable":true,"href":"https:\/\/adenilsongiovanini.com.br\/blog\/wp-json\/wp\/v2\/comments?post=25763"}],"version-history":[{"count":0,"href":"https:\/\/adenilsongiovanini.com.br\/blog\/wp-json\/wp\/v2\/posts\/25763\/revisions"}],"wp:featuredmedia":[{"embeddable":true,"href":"https:\/\/adenilsongiovanini.com.br\/blog\/wp-json\/wp\/v2\/media\/25764"}],"wp:attachment":[{"href":"https:\/\/adenilsongiovanini.com.br\/blog\/wp-json\/wp\/v2\/media?parent=25763"}],"wp:term":[{"taxonomy":"category","embeddable":true,"href":"https:\/\/adenilsongiovanini.com.br\/blog\/wp-json\/wp\/v2\/categories?post=25763"},{"taxonomy":"post_tag","embeddable":true,"href":"https:\/\/adenilsongiovanini.com.br\/blog\/wp-json\/wp\/v2\/tags?post=25763"}],"curies":[{"name":"wp","href":"https:\/\/api.w.org\/{rel}","templated":true}]}}