{"id":25755,"date":"2021-10-05T19:34:13","date_gmt":"2021-10-05T19:34:13","guid":{"rendered":"https:\/\/adenilsongiovanini.com.br\/blog\/?p=25755"},"modified":"2022-08-17T16:47:25","modified_gmt":"2022-08-17T16:47:25","slug":"remembramento-de-imovel-rural","status":"publish","type":"post","link":"https:\/\/adenilsongiovanini.com.br\/blog\/remembramento-de-imovel-rural\/","title":{"rendered":"Remembramento de Im\u00f3vel Rural?"},"content":{"rendered":"<p><span style=\"font-size: 20px; font-family: arial, helvetica, sans-serif; color: #000000; line-height: 1.3;\"><em><strong>Remembramento de im\u00f3vel rural<\/strong><\/em>, voc\u00ea acabou de colocar suas 2 m\u00e3os em um artigo definitivo a respeito do tema.<\/span><\/p>\n<p><span style=\"font-size: 20px; font-family: arial, helvetica, sans-serif; color: #000000; line-height: 1.3;\">Com a leitura do mesmo voc\u00ea aprender\u00e1:<\/span><\/p>\n<ul>\n<li><span style=\"font-size: 20px; font-family: arial, helvetica, sans-serif; color: #000000; line-height: 1.3;\">O que \u00e9 o remembramento de im\u00f3vel rural;<\/span><\/li>\n<li><span style=\"font-size: 20px; font-family: arial, helvetica, sans-serif; color: #000000; line-height: 1.3;\">Quais as 4 regras necess\u00e1rias para que o remembramento seja poss\u00edvel;<\/span><\/li>\n<li><span style=\"font-size: 20px; font-family: arial, helvetica, sans-serif; color: #000000; line-height: 1.3;\">Quais os 2 tipos existentes e;<\/span><\/li>\n<li><span style=\"font-size: 20px; font-family: arial, helvetica, sans-serif; color: #000000; line-height: 1.3;\">Como proceder em cada um dos mesmos.<\/span><\/li>\n<\/ul>\n<h2 style=\"text-align: center;\"><span style=\"font-size: 24px;\"><strong><span style=\"font-family: arial, helvetica, sans-serif; color: #000000; line-height: 1.3;\">O que \u00e9 o <\/span><span style=\"font-family: arial, helvetica, sans-serif; color: #000000; line-height: 1.3;\"><\/span><span style=\"font-family: arial, helvetica, sans-serif; color: #000000; line-height: 1.3;\"><\/span><span style=\"font-family: arial, helvetica, sans-serif; color: #000000; line-height: 1.3;\"><\/span><span style=\"font-family: arial, helvetica, sans-serif; color: #000000; line-height: 1.3;\"><\/span><span style=\"font-family: arial, helvetica, sans-serif; color: #000000; line-height: 1.3;\">r<\/span><span style=\"font-family: arial, helvetica, sans-serif; color: #000000; line-height: 1.3;\">emembramento<\/span><span style=\"font-family: arial, helvetica, sans-serif; color: #000000; line-height: 1.3;\"><\/span><span style=\"font-family: arial, helvetica, sans-serif; color: #000000; line-height: 1.3;\"><\/span><span style=\"font-family: arial, helvetica, sans-serif; color: #000000; line-height: 1.3;\"><\/span><span style=\"font-family: arial, helvetica, sans-serif; color: #000000; line-height: 1.3;\"><\/span><span style=\"font-family: arial, helvetica, sans-serif; color: #000000; line-height: 1.3;\"> de im\u00f3vel rural<\/span><\/strong><\/span><\/h2>\n<p><span style=\"font-size: 20px; font-family: arial, helvetica, sans-serif; color: #000000; line-height: 1.3;\">Para entendermos o que \u00e9 o <em><strong>remembramento de im\u00f3vel rural<\/strong><\/em>, precisamos primeiramente entender o que \u00e9 uma <span style=\"color: #0000ff;\"><a href=\"https:\/\/adenilsongiovanini.com.br\/blog\/propriedade-imobiliaria-conceito-e-legislacao\/\" style=\"color: #0000ff;\">propriedade imobiliaria<\/a><\/span>.<\/span><\/p>\n<p><span style=\"font-size: 20px; font-family: arial, helvetica, sans-serif; color: #000000; line-height: 1.3;\">Isso porque quando o assunto \u00e9 o remembramento de im\u00f3veis, obrigatoriamente estamos falando de <span style=\"color: #0000ff;\"><a style=\"color: #0000ff;\" href=\"https:\/\/adenilsongiovanini.com.br\/blog\/propriedade-e-posse-qual-a-diferenca\/\">propriedades imobili\u00e1rias<\/a><\/span>. Ou seja, de im\u00f3veis registrados em cart\u00f3rio.<\/span><\/p>\n<p><span style=\"font-size: 20px; font-family: arial, helvetica, sans-serif; color: #000000; line-height: 1.3;\">\u00c9 exatamente isso que o termo propriedade imobili\u00e1ria significa, que o im\u00f3vel est\u00e1 registrado no cart\u00f3rio de registro de im\u00f3veis, possuindo <\/span><span style=\"font-size: 20px; font-family: arial, helvetica, sans-serif; line-height: 1.3; color: #0000ff;\"><a style=\"color: #0000ff;\" href=\"https:\/\/adenilsongiovanini.com.br\/blog\/matricula-de-imovel\/\">matr\u00edcula<\/a><\/span><span style=\"font-size: 20px; font-family: arial, helvetica, sans-serif; color: #000000; line-height: 1.3;\">.<\/span><\/p>\n<p><span style=\"font-family: arial, helvetica, sans-serif; font-size: 20px; color: #000000;\">A este respeito, o c\u00f3digo civil de 2002, tr\u00e1s o seguinte conceito para o termo propriet\u00e1rio:<\/span><\/p>\n<blockquote style=\"border: 2px double #009900; background: #f0fff0 none repeat scroll 0% 0%; -moz-background-clip: -moz-initial; -moz-background-origin: -moz-initial; -moz-background-inline-policy: -moz-initial; color: #323232; padding-left: 15px; padding-top: 10px; padding-bottom: 10px;\"><p><span style=\"font-family: arial, helvetica, sans-serif; font-size: 20px; color: #000000;\">O propriet\u00e1rio tem a faculdade de usar, gozar e dispor da coisa, e o direito de reav\u00ea-la do poder de quem quer que injustamente a possua ou detenha.<\/span><\/p><\/blockquote>\n<p><span style=\"font-size: 20px; font-family: arial, helvetica, sans-serif; color: #000000; line-height: 1.3;\">Ou seja, para que a pessoa possa fazer a unifica\u00e7\u00e3o de 2 ou mais \u00e1reas, obrigatoriamente as mesmas precisam estar registradas, possuindo matr\u00edcula.<\/span><\/p>\n<p><span style=\"font-size: 20px; font-family: arial, helvetica, sans-serif; color: #000000; line-height: 1.3;\">Perceba isso, que o <strong>remembramento de im\u00f3vel rural<\/strong> \u00e9 um<em> procedimento administrativo que possui como intuito a unifica\u00e7\u00e3o de 2 ou mais im\u00f3veis, criando-se uma <span style=\"color: #0000ff;\"><a style=\"color: #0000ff;\" href=\"https:\/\/jus.com.br\/artigos\/61859\/propriedade-sobre-bem-imovel\" target=\"_blank\" rel=\"noopener noreferrer\">propriedade imobili\u00e1ria<\/a><\/span> maior<\/em>.<\/span><\/p>\n<p>&nbsp;<\/p>\n<h2 style=\"text-align: center;\"><span style=\"font-size: 24px;\"><strong><span style=\"font-family: arial, helvetica, sans-serif; color: #000000; line-height: 1.3;\">4 regras necess\u00e1rias para que o remembramento seja poss\u00edvel<\/span><\/strong><\/span><\/h2>\n<p><span style=\"font-size: 20px; font-family: arial, helvetica, sans-serif; color: #000000; line-height: 1.3;\">Com isso n\u00f3s chegamos na primeira das 4 regras para que o remembramento seja poss\u00edvel. <\/span><span style=\"font-size: 20px; font-family: arial, helvetica, sans-serif; color: #000000; line-height: 1.3;\">N\u00e3o tem como uma pessoa unificar uma \u00e1rea de posse com uma \u00e1rea registrada. <\/span><\/p>\n<p><span style=\"font-size: 20px; font-family: arial, helvetica, sans-serif; color: #000000; line-height: 1.3;\">A mesma ter\u00e1 que primeiramente ajeitar a situa\u00e7\u00e3o cadastral da \u00e1rea de posse.<\/span><\/p>\n<p><span style=\"font-size: 20px; font-family: arial, helvetica, sans-serif; color: #000000; line-height: 1.3;\">A segunda regra \u00e9 que uma pessoa s\u00f3 conseguir\u00e1 unificar 2 \u00e1reas que sejam lindeiras entre si. <\/span><\/p>\n<p><span style=\"font-size: 20px; font-family: arial, helvetica, sans-serif; color: #000000; line-height: 1.3;\">Perceba isso, que se tiver uma propriedade de terceiro ou p\u00fablica entre as 2 propriedades desta pessoa, a mesma n\u00e3o conseguir\u00e1 remembrar as mesmas. <\/span><\/p>\n<p><span style=\"font-size: 20px; font-family: arial, helvetica, sans-serif; color: #000000; line-height: 1.3;\">Uma terceira regra \u00e9 que as \u00e1reas devem pertencer a mesma pessoa.<\/span><\/p>\n<p><span style=\"font-size: 20px; font-family: arial, helvetica, sans-serif; color: #000000; line-height: 1.3;\">Lembrando que caso possua 2 \u00e1reas que se confrontem, a pessoa n\u00e3o \u00e9 obrigada a remembrar as mesmas, n\u00e3o existindo nenhum problema em a mesma ter 2 matr\u00edculas cujas \u00e1reas se confrontem.<\/span><\/p>\n<p><span style=\"font-size: 20px; font-family: arial, helvetica, sans-serif; color: #000000; line-height: 1.3;\">Uma quarta regra importante \u00e9 que todo processo de remembramento obrigatoriamente resultar\u00e1 na extin\u00e7\u00e3o das matriculas antigas e na cria\u00e7\u00e3o de uma nova <span style=\"color: #0000ff;\"><a href=\"https:\/\/adenilsongiovanini.com.br\/blog\/transcricao-de-imovel-e-matricula\/\" style=\"color: #0000ff;\">matr\u00edcula<\/a><\/span>.<\/span><\/p>\n<p><span style=\"font-size: 20px; font-family: arial, helvetica, sans-serif; color: #000000; line-height: 1.3;\">Ou seja, o im\u00f3vel ser\u00e1 uma nova propriedade imobili\u00e1ria.<\/span><\/p>\n<p>&nbsp;<\/p>\n<h2 style=\"text-align: center;\"><span style=\"font-size: 24px;\"><strong><span style=\"font-family: arial, helvetica, sans-serif; color: #000000; line-height: 1.3;\">Quais os 2 tipos de remembramento de im\u00f3vel rural existentes<\/span><\/strong><\/span><\/h2>\n<p class=\"theme-heading social-share-title\"><span style=\"font-size: 20px; font-family: arial, helvetica, sans-serif; color: #000000; line-height: 1.3;\">O <strong>remembramento de im\u00f3vel rural<\/strong> se divide em:<\/span><\/p>\n<ul>\n<li class=\"theme-heading social-share-title\">\n<p><span style=\"font-size: 20px; font-family: arial, helvetica, sans-serif; color: #000000; line-height: 1.3;\">Remembramento de im\u00f3vel rural pela <span style=\"color: #0000ff;\"><a href=\"https:\/\/adenilsongiovanini.com.br\/blog\/curso-de-topografia-online-2\/\" style=\"color: #0000ff;\">topografia cl\u00e1ssica<\/a><\/span> e;<\/span><\/p>\n<\/li>\n<li class=\"theme-heading social-share-title\">\n<p><span style=\"font-size: 20px; font-family: arial, helvetica, sans-serif; color: #000000; line-height: 1.3;\">Remembramento de im\u00f3vel rural de <span style=\"color: #0000ff;\"><a href=\"https:\/\/adenilsongiovanini.com.br\/blog\/curso-de-georreferenciamento-online-veja-isso\/\" style=\"color: #0000ff;\">im\u00f3veis georreferenciados<\/a><\/span>.<\/span><\/p>\n<\/li>\n<\/ul>\n<p class=\"theme-heading social-share-title\"><span style=\"font-size: 20px; font-family: arial, helvetica, sans-serif; color: #000000; line-height: 1.3;\">No caso, o <span style=\"color: #0000ff;\"><a href=\"https:\/\/adenilsongiovanini.com.br\/blog\/incra-georreferenciamento-de-imoveis-rurais\/\" style=\"color: #0000ff;\">remembramento de im\u00f3veis rurais georreferenciados<\/a> <\/span>envolver\u00e1 o <span style=\"color: #0000ff;\"><a style=\"color: #0000ff;\" href=\"https:\/\/www.gov.br\/incra\/pt-br\">INCRA<\/a><\/span> e o registro de im\u00f3veis<\/span><span style=\"font-size: 20px; font-family: arial, helvetica, sans-serif; color: #000000; line-height: 1.3;\">.<\/span><\/p>\n<h4 class=\"theme-heading social-share-title\" style=\"text-align: center;\"><\/h4>\n<h4 class=\"theme-heading social-share-title\" style=\"text-align: center;\"><span style=\"color: #000000; font-size: 24px;\"><strong><span style=\"font-family: arial, helvetica, sans-serif;\">Remembramento de im\u00f3veis que ainda n\u00e3o foram georreferenciados<\/span><\/strong><\/span><\/h4>\n<h4 class=\"theme-heading social-share-title\" style=\"text-align: center;\">\n<span style=\"font-size: 20px;\"><img decoding=\"async\" class=\"aligncenter wp-image-4027 size-large\" src=\"https:\/\/adenilsongiovanini.com.br\/blog\/wp-content\/uploads\/2019\/12\/prazos-para-o-georreferenciamento-de-im\u00f3veis-rurais-topografia-780x287.jpg\" alt=\"prazos para o georreferenciamento de im\u00f3veis rurais - topografia\" width=\"780\" height=\"287\" srcset=\"https:\/\/adenilsongiovanini.com.br\/blog\/wp-content\/uploads\/2019\/12\/prazos-para-o-georreferenciamento-de-im\u00f3veis-rurais-topografia-780x287.jpg 780w, https:\/\/adenilsongiovanini.com.br\/blog\/wp-content\/uploads\/2019\/12\/prazos-para-o-georreferenciamento-de-im\u00f3veis-rurais-topografia-300x111.jpg 300w, https:\/\/adenilsongiovanini.com.br\/blog\/wp-content\/uploads\/2019\/12\/prazos-para-o-georreferenciamento-de-im\u00f3veis-rurais-topografia-768x283.jpg 768w, https:\/\/adenilsongiovanini.com.br\/blog\/wp-content\/uploads\/2019\/12\/prazos-para-o-georreferenciamento-de-im\u00f3veis-rurais-topografia-1536x566.jpg 1536w, https:\/\/adenilsongiovanini.com.br\/blog\/wp-content\/uploads\/2019\/12\/prazos-para-o-georreferenciamento-de-im\u00f3veis-rurais-topografia.jpg 1900w\" sizes=\"(max-width: 780px) 100vw, 780px\" \/><\/span><\/h4>\n<p>&nbsp;<\/p>\n<p><span style=\"font-size: 20px; font-family: arial, helvetica, sans-serif; color: #000000; line-height: 1.3;\">O remembramento de im\u00f3veis que ainda n\u00e3o foram georreferenciados \u00e9 mais simples, sendo que para o mesmo, uma vez que voc\u00ea tenha medido as \u00e1reas, basta ir at\u00e9 o registro de im\u00f3veis munido de:<\/span><\/p>\n<ul>\n<li><span style=\"font-size: 20px; font-family: arial, helvetica, sans-serif; color: #000000; line-height: 1.3;\">Memorial descritivo;<\/span><\/li>\n<li><span style=\"font-size: 20px; font-family: arial, helvetica, sans-serif; color: #000000; line-height: 1.3;\">As plantas de situa\u00e7\u00e3o dos terrenos, antes e ap\u00f3s o remembramento e;<\/span><\/li>\n<li><span style=\"font-size: 20px; font-family: arial, helvetica, sans-serif; color: #000000; line-height: 1.3;\">A ART.<\/span><\/li>\n<\/ul>\n<p><span style=\"font-size: 20px; font-family: arial, helvetica, sans-serif; color: #000000; line-height: 1.3;\">Feito isso, tamb\u00e9m \u00e9 aconselh\u00e1vel que seja feita a atualiza\u00e7\u00e3o do cadastro junto ao SNCR (<span style=\"color: #0000ff;\"><a style=\"color: #0000ff;\" href=\"http:\/\/www.cadastrorural.gov.br\/estatisticas\/sncr-sistema-nacional-de-cadastro-rural\" target=\"_blank\" rel=\"noopener noreferrer\">Sistema nacional de cadastro Rural<\/a><\/span>).<\/span><\/p>\n<p><span style=\"font-size: 20px; font-family: arial, helvetica, sans-serif; color: #000000; line-height: 1.3;\">A maioria dos profissionais de registro costuma fazer esta atualiza\u00e7\u00e3o. Por\u00e9m, alguns deles solicitar\u00e3o que o Agrimensor acesse o site do INCRA e fa\u00e7a a atualiza\u00e7\u00e3o.<\/span><\/p>\n<h4 style=\"text-align: center;\"><span style=\"font-size: 24px; font-family: arial, helvetica, sans-serif; color: #000000; line-height: 1.3;\"><strong>Remembramento de im\u00f3vel rural georreferenciado \u2013 Como proceder?<\/strong><\/span><\/h4>\n<p><span style=\"font-size: 20px;\"><img decoding=\"async\" class=\"aligncenter wp-image-4021 size-large\" src=\"https:\/\/adenilsongiovanini.com.br\/blog\/wp-content\/uploads\/2019\/12\/prazos-para-o-georreferenciamento-de-im\u00f3veis-rurais-780x585.jpg\" alt=\"como proceder no remembramento de im\u00f3vel rural\" width=\"780\" height=\"585\" srcset=\"https:\/\/adenilsongiovanini.com.br\/blog\/wp-content\/uploads\/2019\/12\/prazos-para-o-georreferenciamento-de-im\u00f3veis-rurais-780x585.jpg 780w, https:\/\/adenilsongiovanini.com.br\/blog\/wp-content\/uploads\/2019\/12\/prazos-para-o-georreferenciamento-de-im\u00f3veis-rurais-300x225.jpg 300w, https:\/\/adenilsongiovanini.com.br\/blog\/wp-content\/uploads\/2019\/12\/prazos-para-o-georreferenciamento-de-im\u00f3veis-rurais-768x576.jpg 768w, https:\/\/adenilsongiovanini.com.br\/blog\/wp-content\/uploads\/2019\/12\/prazos-para-o-georreferenciamento-de-im\u00f3veis-rurais.jpg 800w\" sizes=\"(max-width: 780px) 100vw, 780px\" \/><\/span><\/p>\n<p>&nbsp;<\/p>\n<p><span style=\"font-size: 20px; font-family: arial, helvetica, sans-serif; color: #000000; line-height: 1.3;\"> No que se refere ao remembramento de im\u00f3vel rural georreferenciado, o <span style=\"color: #0000ff;\">Manual T\u00e9cnico de Limites e Confronta\u00e7\u00f5es<\/span> traz a seguinte passagem:<\/span><\/p>\n<blockquote style=\"border: 2px double #009900; background: #f0fff0 none repeat scroll 0% 0%; -moz-background-clip: -moz-initial; -moz-background-origin: -moz-initial; -moz-background-inline-policy: -moz-initial; color: #323232; padding-left: 15px; padding-top: 10px; padding-bottom: 10px;\">\n<p><span style=\"font-size: 20px; font-family: arial, helvetica, sans-serif; color: #000000; line-height: 1.3;\">\u201cEm remembramento de im\u00f3vel rural que envolver parcela(s) certificada(s) e parcela(s) ainda n\u00e3o certificada(s), primeiramente dever\u00e1 ser efetuada a certifica\u00e7\u00e3o desta(s), para posterior fus\u00e3o. Observa\u00e7\u00e3o: Quando houver interesse em remembrar parcelas ainda n\u00e3o certificadas, poder\u00e1 optar por georreferenciar diretamente o per\u00edmetro externo, correspondente ao conjunto de parcelas.\u201d<\/span><\/p>\n<\/blockquote>\n<p><span style=\"font-size: 20px; font-family: arial, helvetica, sans-serif; color: #000000; line-height: 1.3;\">Veja na figura abaixo o esbo\u00e7o da situa\u00e7\u00e3o atual do im\u00f3vel rural, contendo 3 matr\u00edculas e, em vermelho, a matr\u00edcula resultante do remembramento.<\/span><\/p>\n<p><span style=\"font-size: 20px; font-family: arial, helvetica, sans-serif; color: #000000; line-height: 1.3;\"><img decoding=\"async\" class=\"aligncenter wp-image-4111 size-full\" src=\"https:\/\/adenilsongiovanini.com.br\/blog\/wp-content\/uploads\/2019\/12\/remembramento-de-\u00e1rea-georreferenciada-\u00b4reas-a-serem-remembradas.png\" alt=\"remembramento de im\u00f3vel rural - \u00e1reas a serem remembradas\" width=\"478\" height=\"313\" srcset=\"https:\/\/adenilsongiovanini.com.br\/blog\/wp-content\/uploads\/2019\/12\/remembramento-de-\u00e1rea-georreferenciada-\u00b4reas-a-serem-remembradas.png 478w, https:\/\/adenilsongiovanini.com.br\/blog\/wp-content\/uploads\/2019\/12\/remembramento-de-\u00e1rea-georreferenciada-\u00b4reas-a-serem-remembradas-300x196.png 300w\" sizes=\"(max-width: 478px) 100vw, 478px\" \/><\/span><\/p>\n<p><span style=\"font-size: 20px; font-family: arial, helvetica, sans-serif; color: #000000; line-height: 1.3;\">Perceba que as <span style=\"color: #0000ff;\"><a href=\"https:\/\/adenilsongiovanini.com.br\/blog\/matricula-do-imovel-o-que-e-e-qual-sua-estrutura\/\" style=\"color: #0000ff;\">matr\u00edculas<\/a><\/span> 177, 2.825 e 10.449 dar\u00e3o origem ao per\u00edmetro representado pela cor vermelha.<\/span><\/p>\n<p>&nbsp;<\/p>\n<h5 style=\"text-align: center;\"><span style=\"font-size: 20px; font-family: arial, helvetica, sans-serif; color: #000000; line-height: 1.3;\"><strong>Como fica a planilha ODS neste caso?<\/strong><\/span><\/h5>\n<p><span style=\"font-size: 20px; font-family: arial, helvetica, sans-serif; color: #000000;\">Na <span style=\"color: #0000ff;\"><a style=\"color: #0000ff;\" href=\"http:\/\/adenilsongiovanini.com.br\/blog\/planilha-ods-guia-definitivo\/\" target=\"_blank\" rel=\"noopener noreferrer\">planilha ODS<\/a><\/span> ser\u00e1 gerada somente uma aba de per\u00edmetro, sendo que a aba identifica\u00e7\u00e3o da mesma dever\u00e1 ser preenchida conforme mostro na imagem abaixo:<\/span><br \/>\n<span style=\"font-size: 20px; font-family: arial, helvetica, sans-serif; color: #000000; line-height: 1.3;\"><img decoding=\"async\" class=\"aligncenter wp-image-4112 size-full\" src=\"https:\/\/adenilsongiovanini.com.br\/blog\/wp-content\/uploads\/2019\/12\/remembramento-de-\u00e1rea-georreferenciada-Preenchimento-da-planilha-ods.png\" alt=\"remembramento de im\u00f3vel rural - Preenchimento da planilha ods\" width=\"567\" height=\"181\" srcset=\"https:\/\/adenilsongiovanini.com.br\/blog\/wp-content\/uploads\/2019\/12\/remembramento-de-\u00e1rea-georreferenciada-Preenchimento-da-planilha-ods.png 567w, https:\/\/adenilsongiovanini.com.br\/blog\/wp-content\/uploads\/2019\/12\/remembramento-de-\u00e1rea-georreferenciada-Preenchimento-da-planilha-ods-300x96.png 300w\" sizes=\"(max-width: 567px) 100vw, 567px\" \/><\/span><\/p>\n<p><span style=\"font-size: 20px; font-family: arial, helvetica, sans-serif; color: #000000; line-height: 1.3;\">Perceba que no campo referente \u00e0s matr\u00edculas, ser\u00e3o informadas todas as matr\u00edculas dos im\u00f3veis que est\u00e3o sendo remembrados. As mesmas devem estar separadas por v\u00edrgula e sem espa\u00e7o entre elas.<\/span><\/p>\n<p><span style=\"font-size: 20px; font-family: arial, helvetica, sans-serif; color: #000000; line-height: 1.3;\">Para cumprimento do que preceitua o manual, ao enviarmos a planilha, nos depararemos com uma das duas situa\u00e7\u00f5es descritas no item 6.2:<\/span><\/p>\n<blockquote style=\"border: 2px double #009900; background: #f0fff0 none repeat scroll 0% 0%; -moz-background-clip: -moz-initial; -moz-background-origin: -moz-initial; -moz-background-inline-policy: -moz-initial; color: #323232; padding-left: 15px; padding-top: 10px; padding-bottom: 10px;\">\n<p><span style=\"font-size: 20px;\"><em><span style=\"font-family: arial, helvetica, sans-serif; color: #000000; line-height: 1.3;\">&#8220;Em remembramento de im\u00f3vel rural que envolver parcela(s) certificada(s) e parcela(s) ainda n\u00e3o certificada(s) o seguinte procedimento dever\u00e1 ser adotado:<\/span><\/em><\/span><\/p>\n<ul>\n<li><span style=\"font-size: 20px;\"><em><span style=\"font-family: arial, helvetica, sans-serif; color: #000000; line-height: 1.3;\">Efetua-se a certifica\u00e7\u00e3o da(s) ainda n\u00e3o certificadas;<\/span><\/em><\/span><\/li>\n<li style=\"text-align: left;\"><span style=\"font-size: 20px;\"><em><span style=\"font-family: arial, helvetica, sans-serif; color: #000000; line-height: 1.3;\">Preparar-se a planilha ODS do remembramento de im\u00f3vel rural com a aba \u00fanica referente ao pol\u00edgono das matr\u00edculas a serem remembradas;<\/span><\/em><\/span><\/li>\n<li style=\"text-align: left;\"><span style=\"font-size: 20px;\"><em><span style=\"font-family: arial, helvetica, sans-serif; color: #000000; line-height: 1.3;\">Solicitar o cancelamento das \u00e1reas certificadas (e\/ou an\u00e1lise de sobreposi\u00e7\u00e3o caso haja algum im\u00f3vel certificada pelas normas anteriores) j\u00e1 enviando a planilha a ser certificada.&#8221;<\/span><\/em><\/span><\/li>\n<\/ul>\n<\/blockquote>\n<p><span style=\"font-size: 20px; font-family: arial, helvetica, sans-serif; color: #000000; line-height: 1.3;\">Em anexo voc\u00ea deve enviar:<\/span><\/p>\n<ul>\n<li><span style=\"font-size: 20px; font-family: arial, helvetica, sans-serif; color: #000000; line-height: 1.3;\">Os requerimentos do(s) propriet\u00e1rio(s) solicitando o cancelamento da certifica\u00e7\u00e3o para fins de remembramento de im\u00f3vel rural e;<\/span><\/li>\n<li><span style=\"font-size: 20px; font-family: arial, helvetica, sans-serif; color: #000000; line-height: 1.3;\">A planta com as matr\u00edculas resultantes da unifica\u00e7\u00e3o.<\/span>\n<\/li>\n<\/ul>\n<p><span style=\"font-size: 20px; font-family: arial, helvetica, sans-serif; color: #000000; line-height: 1.3;\">O <span style=\"color: #0000ff;\"><a href=\"https:\/\/adenilsongiovanini.com.br\/blog\/sigef-requerimento-os-7-tipos-existentes\/\" style=\"color: #0000ff;\">requerimento de cancelamento da certifica\u00e7\u00e3o<\/a><\/span> para fins de remembramento \u00e9 similar ao do exemplo abaixo, bastando voc\u00ea substituir o termo DESMEMBRAMENTO por REMEMBRAMENTO.<\/span><\/p>\n<p><span style=\"font-size: 20px;\"><img decoding=\"async\" class=\"aligncenter size-full wp-image-1131\" src=\"http:\/\/adenilsongiovanini.com.br\/blog\/wp-content\/uploads\/2017\/12\/Modelo-de-cancalamento-de-certifica\u00e7\u00e3o-para-desmembramento.png\" alt=\"requerimento de cancelamento de desmembramento\" width=\"760\" height=\"805\" srcset=\"https:\/\/adenilsongiovanini.com.br\/blog\/wp-content\/uploads\/2017\/12\/Modelo-de-cancalamento-de-certifica\u00e7\u00e3o-para-desmembramento.png 760w, https:\/\/adenilsongiovanini.com.br\/blog\/wp-content\/uploads\/2017\/12\/Modelo-de-cancalamento-de-certifica\u00e7\u00e3o-para-desmembramento-283x300.png 283w, https:\/\/adenilsongiovanini.com.br\/blog\/wp-content\/uploads\/2017\/12\/Modelo-de-cancalamento-de-certifica\u00e7\u00e3o-para-desmembramento-736x780.png 736w\" sizes=\"(max-width: 760px) 100vw, 760px\" \/><\/span><\/p>\n<p><span style=\"font-size: 20px; font-family: arial, helvetica, sans-serif; color: #000000; line-height: 1.3;\">Quanto a planta, a mesma deve estar no <span style=\"color: #0000ff;\"><a style=\"color: #0000ff;\" href=\"https:\/\/www.otimizenesting.com.br\/post\/2016\/09\/29\/arquivo-dxf\">formato dxf<\/a><\/span>.<\/span><\/p>\n<p><span style=\"font-size: 20px; font-family: arial, helvetica, sans-serif; color: #000000; line-height: 1.3;\">O analista do INCRA enviar\u00e1 as parcelas j\u00e1 certificadas para o hist\u00f3rico e proceder\u00e1 a certifica\u00e7\u00e3o da planilha.<\/span><\/p>\n<p><span style=\"font-size: 20px; font-family: arial, helvetica, sans-serif; color: #000000; line-height: 1.3;\">Quando houver interesse em remembrar parcelas ainda n\u00e3o certificadas, o profissional do INCRA poder\u00e1 optar por georreferenciar diretamente o per\u00edmetro externo, correspondente ao conjunto de parcelas.<\/span><\/p>\n<p><span style=\"font-size: 20px; font-family: arial, helvetica, sans-serif; color: #000000; line-height: 1.3;\">Neste caso, \u00e9 necess\u00e1rio preencher-se a planilha ODS da mesma maneira que eu expliquei no item anterior.<\/span><\/p>\n<p><span style=\"font-size: 20px; font-family: arial, helvetica, sans-serif; color: #000000; line-height: 1.3;\">Perceba que, na realidade, voc\u00ea ir\u00e1 se deparar com um dilema, pois cada \u00e1rea georreferenciada possui um c\u00f3digo \u00fanico.<\/span><\/p>\n<p><span style=\"font-size: 20px; font-family: arial, helvetica, sans-serif; color: #000000; line-height: 1.3;\">Com isso, o procedimento que voc\u00ea deve adotar \u00e9 a utiliza\u00e7\u00e3o do c\u00f3digo da \u00e1rea maior.<\/span><\/p>\n<p><span style=\"font-size: 20px; font-family: arial, helvetica, sans-serif; color: #000000; line-height: 1.3;\">Voc\u00ea tamb\u00e9m precisar\u00e1 fazer a atualiza\u00e7\u00e3o junto ao INCRA, encerrando os demais cadastros e deixando somente 1, o qual deve ter:<\/span><\/p>\n<ul>\n<li><span style=\"font-size: 20px; font-family: arial, helvetica, sans-serif; color: #000000; line-height: 1.3;\">A \u00e1rea do per\u00edmetro atualizada; e<\/span><\/li>\n<li><span style=\"font-size: 20px; font-family: arial, helvetica, sans-serif; color: #000000; line-height: 1.3;\">As demais \u00e1reas informadas (Reserva Legal, APP, pastagens, etc).<\/span><\/li>\n<\/ul>\n<p><span style=\"font-family: arial, helvetica, sans-serif; font-size: 20px; color: #000000;\">V\u00eddeo a respeito do tema.<\/span><\/p>\n<p><center><iframe width=\"853\" height=\"480\" title=\"YouTube video player\" src=\"https:\/\/www.youtube.com\/embed\/p_Zbcr4ZTKw\" frameborder=\"0\" allowfullscreen=\"allowfullscreen\"><\/iframe><\/center><\/p>\n<p><span style=\"font-size: 20px; font-family: arial, helvetica, sans-serif; color: #000000; line-height: 1.3;\">Lembrando que eu possuo uma s\u00e9rie de <em><strong>cursos e de livros pr\u00e1ticos. <\/strong><\/em><\/span><em style=\"color: #000000; font-family: arial, helvetica, sans-serif; font-size: 20px;\"><strong>Se voc\u00ea que MERGULHAR FUNDO e aprender com exemplos pr\u00e1ticos<\/strong><\/em><span style=\"color: #000000; font-family: arial, helvetica, sans-serif; font-size: 20px;\">, <\/span><span style=\"color: #0000ff; font-family: arial, helvetica, sans-serif; font-size: 20px;\"><a style=\"color: #0000ff;\" href=\"https:\/\/adenilsongiovanini.com.br\/cursos-online\/\">acesse este link e conhe\u00e7a os mesmos<\/a><\/span><span style=\"color: #000000; font-family: arial, helvetica, sans-serif; font-size: 20px;\">.<\/span><\/p>\n<p><span style=\"font-family: arial, helvetica, sans-serif; font-size: 20px; color: #000000;\">Gratid\u00e3o por voc\u00ea ter lido o artigo. \ud83d\ude4f<\/span><\/p>\n<p>&nbsp;<\/p>\n<p>&nbsp;<\/p>\n<h2 style=\"text-align: center;\"><span style=\"font-family: arial, helvetica, sans-serif; color: #000000; font-size: 24px;\"><strong>Domine o Parcelamento do Solo atrav\u00e9s de um livro cir\u00fargico<\/strong><\/span><\/h2>\n<p><img decoding=\"async\" src=\"https:\/\/adenilsongiovanini.com.br\/blog\/wp-content\/uploads\/2021\/06\/capitulos-do-livro-parcelamento-do-solo-1024x816.png\" alt=\"livro parcelamento do solo\" width=\"750\" height=\"598\" class=\"aligncenter wp-image-20532 size-large\" srcset=\"https:\/\/adenilsongiovanini.com.br\/blog\/wp-content\/uploads\/2021\/06\/capitulos-do-livro-parcelamento-do-solo-1024x816.png 1024w, https:\/\/adenilsongiovanini.com.br\/blog\/wp-content\/uploads\/2021\/06\/capitulos-do-livro-parcelamento-do-solo-300x239.png 300w, https:\/\/adenilsongiovanini.com.br\/blog\/wp-content\/uploads\/2021\/06\/capitulos-do-livro-parcelamento-do-solo-768x612.png 768w, https:\/\/adenilsongiovanini.com.br\/blog\/wp-content\/uploads\/2021\/06\/capitulos-do-livro-parcelamento-do-solo-1536x1224.png 1536w, https:\/\/adenilsongiovanini.com.br\/blog\/wp-content\/uploads\/2021\/06\/capitulos-do-livro-parcelamento-do-solo-2048x1632.png 2048w, https:\/\/adenilsongiovanini.com.br\/blog\/wp-content\/uploads\/2021\/06\/capitulos-do-livro-parcelamento-do-solo-320x255.png 320w, https:\/\/adenilsongiovanini.com.br\/blog\/wp-content\/uploads\/2021\/06\/capitulos-do-livro-parcelamento-do-solo-640x510.png 640w, https:\/\/adenilsongiovanini.com.br\/blog\/wp-content\/uploads\/2021\/06\/capitulos-do-livro-parcelamento-do-solo-360x287.png 360w, https:\/\/adenilsongiovanini.com.br\/blog\/wp-content\/uploads\/2021\/06\/capitulos-do-livro-parcelamento-do-solo-720x574.png 720w, https:\/\/adenilsongiovanini.com.br\/blog\/wp-content\/uploads\/2021\/06\/capitulos-do-livro-parcelamento-do-solo-1080x861.png 1080w, https:\/\/adenilsongiovanini.com.br\/blog\/wp-content\/uploads\/2021\/06\/capitulos-do-livro-parcelamento-do-solo-800x638.png 800w, https:\/\/adenilsongiovanini.com.br\/blog\/wp-content\/uploads\/2021\/06\/capitulos-do-livro-parcelamento-do-solo-1280x1020.png 1280w\" sizes=\"(max-width: 750px) 100vw, 750px\" \/><\/p>\n<p style=\"text-align: center;\"><span style=\"color: #000000; font-family: arial, helvetica, sans-serif; font-size: 20px;\">Conforme informei anteriormente, tamb\u00e9m sou o autor do <\/span><strong><span style=\"color: #0000ff; font-family: arial, helvetica, sans-serif;\"><a style=\"color: #0000ff;\" href=\"https:\/\/adenilsongiovanini.com.br\/blog\/livro-parcelamento-do-solo-conheca-o-mesmo\/\">livro Parcelamento do <\/a><\/span><\/strong><span style=\"color: #0000ff;\"><strong><span style=\"font-family: arial, helvetica, sans-serif;\"><a style=\"color: #0000ff;\" href=\"https:\/\/adenilsongiovanini.com.br\/blog\/livro-parcelamento-do-solo-conheca-o-mesmo\/\">Solo<\/a><\/span><\/strong>.<\/span><\/p>\n<div id=\"le_body_row_3_col_1_el_1\" class=\"element-container cf\" data-style=\"\">\n<div class=\"element\">\n<p><span style=\"font-size: 20px; font-family: arial, helvetica, sans-serif; color: #000000;\">Voc\u00ea possui alguma destas d\u00favidas:<\/span><\/p>\n<\/div>\n<\/div>\n<div id=\"le_body_row_3_col_1_el_2\" class=\"element-container cf\" data-style=\"\">\n<div class=\"element\">\n<ul class=\"bullet-list 1\">\n<li>\n<p><span style=\"font-size: 20px; font-family: arial, helvetica, sans-serif; color: #000000;\">Quais s\u00e3o as diferentes leis sobre o assunto e quais seus impactos no nosso dia a dia?<\/span><\/p>\n<\/li>\n<li>\n<p><span style=\"font-size: 20px; font-family: arial, helvetica, sans-serif; color: #000000;\">Em quais circunst\u00e2ncias que o desmembramento de im\u00f3veis rurais e urbanos pode ser feito?<\/span><\/p>\n<\/li>\n<li>\n<p><span style=\"font-size: 20px; font-family: arial, helvetica, sans-serif; color: #000000;\">Quais s\u00e3o as plantas que precisam serem produzidas?<\/span><\/p>\n<\/li>\n<li>\n<p><span style=\"font-size: 20px; font-family: arial, helvetica, sans-serif; color: #000000;\">Que pe\u00e7as t\u00e9cnicas s\u00e3o necess\u00e1rias?<\/span><\/p>\n<\/li>\n<li>\n<p><span style=\"font-size: 20px; font-family: arial, helvetica, sans-serif; color: #000000;\">Quais s\u00e3o os \u00f3rg\u00e3os envolvidos e como proceder junto aos mesmos?<\/span><\/p>\n<\/li>\n<li>\n<p><span style=\"font-size: 20px; font-family: arial, helvetica, sans-serif; color: #000000;\">Quais as diferentes fra\u00e7\u00f5es de parcelamento existentes?<\/span><\/p>\n<\/li>\n<li>\n<p><span style=\"font-size: 20px; font-family: arial, helvetica, sans-serif; color: #000000;\">Quando que \u00e9 necess\u00e1ria a elabora\u00e7\u00e3o de um projeto de parcelamento do solo?<\/span><\/p>\n<\/li>\n<li>\n<p><span style=\"font-size: 20px; font-family: arial, helvetica, sans-serif; color: #000000;\">Como fazer o loteamento e regularizar ch\u00e1caras rurais?<\/span><\/p>\n<\/li>\n<li>\n<p><span style=\"font-size: 20px; font-family: arial, helvetica, sans-serif; color: #000000;\">Como proceder no desmembramento de im\u00f3veis pela topografia cl\u00e1ssica e de im\u00f3veis georreferenciados?<\/span><\/p>\n<\/li>\n<\/ul>\n<\/div>\n<\/div>\n<p><span style=\"font-family: arial, helvetica, sans-serif; font-size: 20px; color: #000000;\">Ent\u00e3o o &#8220;<span style=\"color: #0000ff;\"><a style=\"color: #0000ff;\" href=\"https:\/\/adenilsongiovanini.com.br\/parcelamento-do-solo-2\/\">Livro Parcelamento do Solo &#8211; Tudo Que Voc\u00ea Precisa Saber Sobre o Assunto<\/a><\/span>&#8221; \u00e9 para voc\u00ea.<\/span><\/p>\n<p><span style=\"font-family: arial, helvetica, sans-serif; font-size: 20px; color: #000000;\">D\u00ea uma espiadinha no conte\u00fado do mesmo.<\/span><\/p>\n<p><center><iframe width=\"99%\" height=\"980\" src=\"https:\/\/drive.google.com\/file\/d\/1sGePsHC91ZBc9jUO1CWRsh8DRnpJqNbE\/preview\" data-mce-fragment=\"1\"><span data-mce-type=\"bookmark\" style=\"display: inline-block; width: 0px; overflow: hidden; line-height: 0;\" class=\"mce_SELRES_start\">\ufeff<\/span><\/iframe><\/center><\/p>\n<p><span style=\"font-family: arial, helvetica, sans-serif; font-size: 20px; color: #000000;\">Clique no bot\u00e3o abaixo e conhe\u00e7a melhor a estrutura do mesmo e os 5 b\u00f4nus que voc\u00ea ganhar\u00e1.<\/span><\/p>\n<div class=\"su-button-center\">\n<div class=\"su-button-center\"><span style=\"color: #000000;\"><div class=\"su-button-center\"><a href=\"https:\/\/adenilsongiovanini.com.br\/parcelamento-do-solo-2\/\" class=\"su-button su-button-style-3d\" style=\"color:#000000;background-color:#2BCC2F;border-color:#23a426;border-radius:9px\" target=\"_blank\" rel=\"nofollow\" id=\"1\"><span style=\"color:#000000;padding:0px 24px;font-size:18px;line-height:36px;border-color:#6bdc6e;border-radius:9px;text-shadow:0px 0px 0px #000000\"> \u279c Quero Conhecer Melhor o Livro, Pois Quero (e Preciso) Dominar o Parcelamento do Solo<\/span><\/a><\/div><\/span><\/div>\n<\/div>\n","protected":false},"excerpt":{"rendered":"<p>Remembramento de im\u00f3vel rural, voc\u00ea acabou de colocar suas 2 m\u00e3os em um artigo definitivo a respeito do tema. Com a leitura do mesmo voc\u00ea aprender\u00e1: O que \u00e9 o remembramento de im\u00f3vel rural; Quais as 4 regras necess\u00e1rias para que o remembramento seja poss\u00edvel; Quais os 2 tipos existentes [&hellip;]<\/p>\n","protected":false},"author":1,"featured_media":25757,"comment_status":"closed","ping_status":"closed","sticky":false,"template":"","format":"standard","meta":{"_monsterinsights_skip_tracking":false,"_monsterinsights_sitenote_active":false,"_monsterinsights_sitenote_note":"","_monsterinsights_sitenote_category":0,"footnotes":""},"categories":[9],"tags":[],"class_list":["post-25755","post","type-post","status-publish","format-standard","has-post-thumbnail","hentry","category-topografia-cadastral"],"yoast_head":"<!-- This site is optimized with the Yoast SEO plugin v26.5 - https:\/\/yoast.com\/wordpress\/plugins\/seo\/ -->\n<title>Remembramento de Im\u00f3vel Rural? - Adenilson Giovanini<\/title>\n<meta name=\"description\" content=\"Descubra o que \u00e9 o remembramento de im\u00f3vel rural, quais as 4 regras, quais os 2 tipos existentes e como proceder. Guia definitivo. Leia.\" \/>\n<meta name=\"robots\" content=\"index, follow, max-snippet:-1, max-image-preview:large, max-video-preview:-1\" \/>\n<link rel=\"canonical\" href=\"https:\/\/adenilsongiovanini.com.br\/blog\/remembramento-de-imovel-rural\/\" \/>\n<meta property=\"og:locale\" content=\"pt_BR\" \/>\n<meta property=\"og:type\" content=\"article\" \/>\n<meta property=\"og:title\" content=\"Remembramento de Im\u00f3vel Rural? - Adenilson Giovanini\" \/>\n<meta property=\"og:description\" content=\"Descubra o que \u00e9 o remembramento de im\u00f3vel rural, quais as 4 regras, quais os 2 tipos existentes e como proceder. Guia definitivo. Leia.\" \/>\n<meta property=\"og:url\" content=\"https:\/\/adenilsongiovanini.com.br\/blog\/remembramento-de-imovel-rural\/\" \/>\n<meta property=\"og:site_name\" content=\"Adenilson Giovanini\" \/>\n<meta property=\"article:publisher\" content=\"https:\/\/www.facebook.com\/otopografo\/\" \/>\n<meta property=\"article:author\" content=\"https:\/\/www.facebook.com\/otopografo\/\" \/>\n<meta property=\"article:published_time\" content=\"2021-10-05T19:34:13+00:00\" \/>\n<meta property=\"article:modified_time\" content=\"2022-08-17T16:47:25+00:00\" \/>\n<meta property=\"og:image\" content=\"https:\/\/adenilsongiovanini.com.br\/blog\/wp-content\/uploads\/2021\/10\/remembramento-de-imovel-rural.png\" \/>\n\t<meta property=\"og:image:width\" content=\"1809\" \/>\n\t<meta property=\"og:image:height\" content=\"1094\" \/>\n\t<meta property=\"og:image:type\" content=\"image\/png\" \/>\n<meta name=\"author\" content=\"Adenilson Giovanini\" \/>\n<meta name=\"twitter:card\" content=\"summary_large_image\" \/>\n<meta name=\"twitter:label1\" content=\"Escrito por\" \/>\n\t<meta name=\"twitter:data1\" content=\"Adenilson Giovanini\" \/>\n\t<meta name=\"twitter:label2\" content=\"Est. tempo de leitura\" \/>\n\t<meta name=\"twitter:data2\" content=\"9 minutos\" \/>\n<script type=\"application\/ld+json\" class=\"yoast-schema-graph\">{\"@context\":\"https:\/\/schema.org\",\"@graph\":[{\"@type\":\"Article\",\"@id\":\"https:\/\/adenilsongiovanini.com.br\/blog\/remembramento-de-imovel-rural\/#article\",\"isPartOf\":{\"@id\":\"https:\/\/adenilsongiovanini.com.br\/blog\/remembramento-de-imovel-rural\/\"},\"author\":{\"name\":\"Adenilson Giovanini\",\"@id\":\"https:\/\/adenilsongiovanini.com.br\/blog\/#\/schema\/person\/9c1daa7da73c116aae2cb0568d1daa23\"},\"headline\":\"Remembramento de Im\u00f3vel Rural?\",\"datePublished\":\"2021-10-05T19:34:13+00:00\",\"dateModified\":\"2022-08-17T16:47:25+00:00\",\"mainEntityOfPage\":{\"@id\":\"https:\/\/adenilsongiovanini.com.br\/blog\/remembramento-de-imovel-rural\/\"},\"wordCount\":1406,\"publisher\":{\"@id\":\"https:\/\/adenilsongiovanini.com.br\/blog\/#\/schema\/person\/9c1daa7da73c116aae2cb0568d1daa23\"},\"image\":{\"@id\":\"https:\/\/adenilsongiovanini.com.br\/blog\/remembramento-de-imovel-rural\/#primaryimage\"},\"thumbnailUrl\":\"https:\/\/adenilsongiovanini.com.br\/blog\/wp-content\/uploads\/2021\/10\/remembramento-de-imovel-rural.png\",\"articleSection\":[\"Topografia Cadastral\"],\"inLanguage\":\"pt-BR\"},{\"@type\":\"WebPage\",\"@id\":\"https:\/\/adenilsongiovanini.com.br\/blog\/remembramento-de-imovel-rural\/\",\"url\":\"https:\/\/adenilsongiovanini.com.br\/blog\/remembramento-de-imovel-rural\/\",\"name\":\"Remembramento de Im\u00f3vel Rural? - Adenilson Giovanini\",\"isPartOf\":{\"@id\":\"https:\/\/adenilsongiovanini.com.br\/blog\/#website\"},\"primaryImageOfPage\":{\"@id\":\"https:\/\/adenilsongiovanini.com.br\/blog\/remembramento-de-imovel-rural\/#primaryimage\"},\"image\":{\"@id\":\"https:\/\/adenilsongiovanini.com.br\/blog\/remembramento-de-imovel-rural\/#primaryimage\"},\"thumbnailUrl\":\"https:\/\/adenilsongiovanini.com.br\/blog\/wp-content\/uploads\/2021\/10\/remembramento-de-imovel-rural.png\",\"datePublished\":\"2021-10-05T19:34:13+00:00\",\"dateModified\":\"2022-08-17T16:47:25+00:00\",\"description\":\"Descubra o que \u00e9 o remembramento de im\u00f3vel rural, quais as 4 regras, quais os 2 tipos existentes e como proceder. Guia definitivo. Leia.\",\"breadcrumb\":{\"@id\":\"https:\/\/adenilsongiovanini.com.br\/blog\/remembramento-de-imovel-rural\/#breadcrumb\"},\"inLanguage\":\"pt-BR\",\"potentialAction\":[{\"@type\":\"ReadAction\",\"target\":[\"https:\/\/adenilsongiovanini.com.br\/blog\/remembramento-de-imovel-rural\/\"]}]},{\"@type\":\"ImageObject\",\"inLanguage\":\"pt-BR\",\"@id\":\"https:\/\/adenilsongiovanini.com.br\/blog\/remembramento-de-imovel-rural\/#primaryimage\",\"url\":\"https:\/\/adenilsongiovanini.com.br\/blog\/wp-content\/uploads\/2021\/10\/remembramento-de-imovel-rural.png\",\"contentUrl\":\"https:\/\/adenilsongiovanini.com.br\/blog\/wp-content\/uploads\/2021\/10\/remembramento-de-imovel-rural.png\",\"width\":1809,\"height\":1094},{\"@type\":\"BreadcrumbList\",\"@id\":\"https:\/\/adenilsongiovanini.com.br\/blog\/remembramento-de-imovel-rural\/#breadcrumb\",\"itemListElement\":[{\"@type\":\"ListItem\",\"position\":1,\"name\":\"Home\",\"item\":\"https:\/\/adenilsongiovanini.com.br\/blog\/\"},{\"@type\":\"ListItem\",\"position\":2,\"name\":\"Remembramento de Im\u00f3vel Rural?\"}]},{\"@type\":\"WebSite\",\"@id\":\"https:\/\/adenilsongiovanini.com.br\/blog\/#website\",\"url\":\"https:\/\/adenilsongiovanini.com.br\/blog\/\",\"name\":\"Adenilson Giovanini\",\"description\":\"Topografia e Geotecnologias\",\"publisher\":{\"@id\":\"https:\/\/adenilsongiovanini.com.br\/blog\/#\/schema\/person\/9c1daa7da73c116aae2cb0568d1daa23\"},\"potentialAction\":[{\"@type\":\"SearchAction\",\"target\":{\"@type\":\"EntryPoint\",\"urlTemplate\":\"https:\/\/adenilsongiovanini.com.br\/blog\/?s={search_term_string}\"},\"query-input\":{\"@type\":\"PropertyValueSpecification\",\"valueRequired\":true,\"valueName\":\"search_term_string\"}}],\"inLanguage\":\"pt-BR\"},{\"@type\":[\"Person\",\"Organization\"],\"@id\":\"https:\/\/adenilsongiovanini.com.br\/blog\/#\/schema\/person\/9c1daa7da73c116aae2cb0568d1daa23\",\"name\":\"Adenilson Giovanini\",\"image\":{\"@type\":\"ImageObject\",\"inLanguage\":\"pt-BR\",\"@id\":\"https:\/\/adenilsongiovanini.com.br\/blog\/#\/schema\/person\/image\/\",\"url\":\"https:\/\/adenilsongiovanini.com.br\/blog\/wp-content\/litespeed\/avatar\/be8f4de5c0b8a93c57a4f29cbf2f1e92.jpg?ver=1777130135\",\"contentUrl\":\"https:\/\/adenilsongiovanini.com.br\/blog\/wp-content\/litespeed\/avatar\/be8f4de5c0b8a93c57a4f29cbf2f1e92.jpg?ver=1777130135\",\"caption\":\"Adenilson Giovanini\"},\"logo\":{\"@id\":\"https:\/\/adenilsongiovanini.com.br\/blog\/#\/schema\/person\/image\/\"},\"description\":\"O Professor Adenilson Giovanini \u00e9 especialista em Topografia Cadastral e Georreferenciamento de Im\u00f3veis Rurais. O mesmo possui o Maior Site de Engenharia de Agrimensura do Brasil. Site este que tem mais de 102.000 visualiza\u00e7\u00f5es por m\u00eas. Tamb\u00e9m possui mais de 600 v\u00eddeos em seu canal no youtube. Al\u00e9m disso, \u00e9 escritor Best Seller, possuindo v\u00e1rios cursos e livros de sucesso.\",\"sameAs\":[\"http:\/\/adenilsongiovanini.com.br\",\"https:\/\/www.facebook.com\/otopografo\/\",\"https:\/\/www.instagram.com\/adenilson_giovanini\/\",\"https:\/\/www.linkedin.com\/in\/adenilson-giovanini-819b8035\/\",\"https:\/\/br.pinterest.com\/adenilsongiovanini\/\",\"https:\/\/www.youtube.com\/channel\/uce-br7ghiuog2txcsdx5vrw\"]}]}<\/script>\n<!-- \/ Yoast SEO plugin. -->","yoast_head_json":{"title":"Remembramento de Im\u00f3vel Rural? - Adenilson Giovanini","description":"Descubra o que \u00e9 o remembramento de im\u00f3vel rural, quais as 4 regras, quais os 2 tipos existentes e como proceder. Guia definitivo. Leia.","robots":{"index":"index","follow":"follow","max-snippet":"max-snippet:-1","max-image-preview":"max-image-preview:large","max-video-preview":"max-video-preview:-1"},"canonical":"https:\/\/adenilsongiovanini.com.br\/blog\/remembramento-de-imovel-rural\/","og_locale":"pt_BR","og_type":"article","og_title":"Remembramento de Im\u00f3vel Rural? - Adenilson Giovanini","og_description":"Descubra o que \u00e9 o remembramento de im\u00f3vel rural, quais as 4 regras, quais os 2 tipos existentes e como proceder. Guia definitivo. Leia.","og_url":"https:\/\/adenilsongiovanini.com.br\/blog\/remembramento-de-imovel-rural\/","og_site_name":"Adenilson Giovanini","article_publisher":"https:\/\/www.facebook.com\/otopografo\/","article_author":"https:\/\/www.facebook.com\/otopografo\/","article_published_time":"2021-10-05T19:34:13+00:00","article_modified_time":"2022-08-17T16:47:25+00:00","og_image":[{"width":1809,"height":1094,"url":"https:\/\/adenilsongiovanini.com.br\/blog\/wp-content\/uploads\/2021\/10\/remembramento-de-imovel-rural.png","type":"image\/png"}],"author":"Adenilson Giovanini","twitter_card":"summary_large_image","twitter_misc":{"Escrito por":"Adenilson Giovanini","Est. tempo de leitura":"9 minutos"},"schema":{"@context":"https:\/\/schema.org","@graph":[{"@type":"Article","@id":"https:\/\/adenilsongiovanini.com.br\/blog\/remembramento-de-imovel-rural\/#article","isPartOf":{"@id":"https:\/\/adenilsongiovanini.com.br\/blog\/remembramento-de-imovel-rural\/"},"author":{"name":"Adenilson Giovanini","@id":"https:\/\/adenilsongiovanini.com.br\/blog\/#\/schema\/person\/9c1daa7da73c116aae2cb0568d1daa23"},"headline":"Remembramento de Im\u00f3vel Rural?","datePublished":"2021-10-05T19:34:13+00:00","dateModified":"2022-08-17T16:47:25+00:00","mainEntityOfPage":{"@id":"https:\/\/adenilsongiovanini.com.br\/blog\/remembramento-de-imovel-rural\/"},"wordCount":1406,"publisher":{"@id":"https:\/\/adenilsongiovanini.com.br\/blog\/#\/schema\/person\/9c1daa7da73c116aae2cb0568d1daa23"},"image":{"@id":"https:\/\/adenilsongiovanini.com.br\/blog\/remembramento-de-imovel-rural\/#primaryimage"},"thumbnailUrl":"https:\/\/adenilsongiovanini.com.br\/blog\/wp-content\/uploads\/2021\/10\/remembramento-de-imovel-rural.png","articleSection":["Topografia Cadastral"],"inLanguage":"pt-BR"},{"@type":"WebPage","@id":"https:\/\/adenilsongiovanini.com.br\/blog\/remembramento-de-imovel-rural\/","url":"https:\/\/adenilsongiovanini.com.br\/blog\/remembramento-de-imovel-rural\/","name":"Remembramento de Im\u00f3vel Rural? - Adenilson Giovanini","isPartOf":{"@id":"https:\/\/adenilsongiovanini.com.br\/blog\/#website"},"primaryImageOfPage":{"@id":"https:\/\/adenilsongiovanini.com.br\/blog\/remembramento-de-imovel-rural\/#primaryimage"},"image":{"@id":"https:\/\/adenilsongiovanini.com.br\/blog\/remembramento-de-imovel-rural\/#primaryimage"},"thumbnailUrl":"https:\/\/adenilsongiovanini.com.br\/blog\/wp-content\/uploads\/2021\/10\/remembramento-de-imovel-rural.png","datePublished":"2021-10-05T19:34:13+00:00","dateModified":"2022-08-17T16:47:25+00:00","description":"Descubra o que \u00e9 o remembramento de im\u00f3vel rural, quais as 4 regras, quais os 2 tipos existentes e como proceder. Guia definitivo. Leia.","breadcrumb":{"@id":"https:\/\/adenilsongiovanini.com.br\/blog\/remembramento-de-imovel-rural\/#breadcrumb"},"inLanguage":"pt-BR","potentialAction":[{"@type":"ReadAction","target":["https:\/\/adenilsongiovanini.com.br\/blog\/remembramento-de-imovel-rural\/"]}]},{"@type":"ImageObject","inLanguage":"pt-BR","@id":"https:\/\/adenilsongiovanini.com.br\/blog\/remembramento-de-imovel-rural\/#primaryimage","url":"https:\/\/adenilsongiovanini.com.br\/blog\/wp-content\/uploads\/2021\/10\/remembramento-de-imovel-rural.png","contentUrl":"https:\/\/adenilsongiovanini.com.br\/blog\/wp-content\/uploads\/2021\/10\/remembramento-de-imovel-rural.png","width":1809,"height":1094},{"@type":"BreadcrumbList","@id":"https:\/\/adenilsongiovanini.com.br\/blog\/remembramento-de-imovel-rural\/#breadcrumb","itemListElement":[{"@type":"ListItem","position":1,"name":"Home","item":"https:\/\/adenilsongiovanini.com.br\/blog\/"},{"@type":"ListItem","position":2,"name":"Remembramento de Im\u00f3vel Rural?"}]},{"@type":"WebSite","@id":"https:\/\/adenilsongiovanini.com.br\/blog\/#website","url":"https:\/\/adenilsongiovanini.com.br\/blog\/","name":"Adenilson Giovanini","description":"Topografia e Geotecnologias","publisher":{"@id":"https:\/\/adenilsongiovanini.com.br\/blog\/#\/schema\/person\/9c1daa7da73c116aae2cb0568d1daa23"},"potentialAction":[{"@type":"SearchAction","target":{"@type":"EntryPoint","urlTemplate":"https:\/\/adenilsongiovanini.com.br\/blog\/?s={search_term_string}"},"query-input":{"@type":"PropertyValueSpecification","valueRequired":true,"valueName":"search_term_string"}}],"inLanguage":"pt-BR"},{"@type":["Person","Organization"],"@id":"https:\/\/adenilsongiovanini.com.br\/blog\/#\/schema\/person\/9c1daa7da73c116aae2cb0568d1daa23","name":"Adenilson Giovanini","image":{"@type":"ImageObject","inLanguage":"pt-BR","@id":"https:\/\/adenilsongiovanini.com.br\/blog\/#\/schema\/person\/image\/","url":"https:\/\/adenilsongiovanini.com.br\/blog\/wp-content\/litespeed\/avatar\/be8f4de5c0b8a93c57a4f29cbf2f1e92.jpg?ver=1777130135","contentUrl":"https:\/\/adenilsongiovanini.com.br\/blog\/wp-content\/litespeed\/avatar\/be8f4de5c0b8a93c57a4f29cbf2f1e92.jpg?ver=1777130135","caption":"Adenilson Giovanini"},"logo":{"@id":"https:\/\/adenilsongiovanini.com.br\/blog\/#\/schema\/person\/image\/"},"description":"O Professor Adenilson Giovanini \u00e9 especialista em Topografia Cadastral e Georreferenciamento de Im\u00f3veis Rurais. O mesmo possui o Maior Site de Engenharia de Agrimensura do Brasil. Site este que tem mais de 102.000 visualiza\u00e7\u00f5es por m\u00eas. Tamb\u00e9m possui mais de 600 v\u00eddeos em seu canal no youtube. Al\u00e9m disso, \u00e9 escritor Best Seller, possuindo v\u00e1rios cursos e livros de sucesso.","sameAs":["http:\/\/adenilsongiovanini.com.br","https:\/\/www.facebook.com\/otopografo\/","https:\/\/www.instagram.com\/adenilson_giovanini\/","https:\/\/www.linkedin.com\/in\/adenilson-giovanini-819b8035\/","https:\/\/br.pinterest.com\/adenilsongiovanini\/","https:\/\/www.youtube.com\/channel\/uce-br7ghiuog2txcsdx5vrw"]}]}},"amp_enabled":true,"_links":{"self":[{"href":"https:\/\/adenilsongiovanini.com.br\/blog\/wp-json\/wp\/v2\/posts\/25755","targetHints":{"allow":["GET"]}}],"collection":[{"href":"https:\/\/adenilsongiovanini.com.br\/blog\/wp-json\/wp\/v2\/posts"}],"about":[{"href":"https:\/\/adenilsongiovanini.com.br\/blog\/wp-json\/wp\/v2\/types\/post"}],"author":[{"embeddable":true,"href":"https:\/\/adenilsongiovanini.com.br\/blog\/wp-json\/wp\/v2\/users\/1"}],"replies":[{"embeddable":true,"href":"https:\/\/adenilsongiovanini.com.br\/blog\/wp-json\/wp\/v2\/comments?post=25755"}],"version-history":[{"count":0,"href":"https:\/\/adenilsongiovanini.com.br\/blog\/wp-json\/wp\/v2\/posts\/25755\/revisions"}],"wp:featuredmedia":[{"embeddable":true,"href":"https:\/\/adenilsongiovanini.com.br\/blog\/wp-json\/wp\/v2\/media\/25757"}],"wp:attachment":[{"href":"https:\/\/adenilsongiovanini.com.br\/blog\/wp-json\/wp\/v2\/media?parent=25755"}],"wp:term":[{"taxonomy":"category","embeddable":true,"href":"https:\/\/adenilsongiovanini.com.br\/blog\/wp-json\/wp\/v2\/categories?post=25755"},{"taxonomy":"post_tag","embeddable":true,"href":"https:\/\/adenilsongiovanini.com.br\/blog\/wp-json\/wp\/v2\/tags?post=25755"}],"curies":[{"name":"wp","href":"https:\/\/api.w.org\/{rel}","templated":true}]}}