{"id":2375,"date":"2019-02-01T16:14:37","date_gmt":"2019-02-01T16:14:37","guid":{"rendered":"http:\/\/adenilsongiovanini.com.br\/blog\/?p=2375"},"modified":"2022-08-01T21:02:27","modified_gmt":"2022-08-01T21:02:27","slug":"quem-pode-fazer-georreferenciamento","status":"publish","type":"post","link":"https:\/\/adenilsongiovanini.com.br\/blog\/quem-pode-fazer-georreferenciamento\/","title":{"rendered":"Fazer Georreferenciamento: Quem Pode?"},"content":{"rendered":"<p><span style=\"font-size: 20px; font-family: arial, helvetica, sans-serif; color: #000000; line-height: 1.3;\">O <span style=\"color: #0000ff;\"><a href=\"http:\/\/www.incra.gov.br\/\" target=\"_blank\" rel=\"noopener noreferrer\" style=\"color: #0000ff;\">INCRA<\/a><\/span> exige que o profissional tenha uma s\u00e9rie de aptid\u00f5es e de conhecimentos para <strong>fazer georreferenciamento<\/strong>, sendo que para obter estas aptid\u00f5es voc\u00ea deve fazer um curso especifico que contemple os conhecimentos necess\u00e1rios.<\/span><\/p>\n<p><span style=\"font-size: 20px; font-family: arial, helvetica, sans-serif; color: #000000; line-height: 1.3;\">Naturalmente, os profissionais tamb\u00e9m devem estar registrados no <span style=\"color: #0000ff;\"><a href=\"https:\/\/www.confea.org.br\/sistema-profissional\/o-sistema\" target=\"_blank\" rel=\"noopener noreferrer\" style=\"color: #0000ff;\">sistema CONFEA\/CREA<\/a><\/span> e estarem em dia com suas obriga\u00e7\u00f5es e anuidades.<\/span><\/p>\n<p><span style=\"font-size: 20px; font-family: arial, helvetica, sans-serif; color: #000000; line-height: 1.3;\">Isso \u00e9 necess\u00e1rio porque ap\u00f3s o credenciamento o profissional ter\u00e1 que emitir <span style=\"color: #0000ff;\"><a href=\"https:\/\/portal.crea-sc.org.br\/profissional\/art\/anotacao-de-responsabilidade-tecnica-art\/\" target=\"_blank\" rel=\"noopener noreferrer\" style=\"color: #0000ff;\">anota\u00e7\u00f5es de Responsabilidade T\u00e9cnica (ART)<\/a><\/span> para os servi\u00e7os que prestar.<\/span><\/p>\n<p><span style=\"font-size: 20px; font-family: arial, helvetica, sans-serif; color: #000000; line-height: 1.3;\">Este artigo sobre quem pode fazer georreferenciamento \u00e9 dividido em 2 partes:<\/span><\/p>\n<ul>\n<li><span style=\"font-size: 20px; font-family: arial, helvetica, sans-serif; color: #000000; line-height: 1.3;\">Parte 1: quais profissionais possuem naturalmente atribui\u00e7\u00f5es para fazer georreferenciamento;<\/span><\/li>\n<li><span style=\"font-size: 20px; font-family: arial, helvetica, sans-serif; color: #000000; line-height: 1.3;\">Parte 2: quais profissionais podem obter a atribui\u00e7\u00e3o para a presta\u00e7\u00e3o de servi\u00e7os de georreferenciamento via a realiza\u00e7\u00e3o de um curso formativo.<\/span><\/li>\n<\/ul>\n<p>&nbsp;<\/p>\n<h2 style=\"text-align: center;\"><span style=\"font-size: 24px; color: #000000;\"><strong><span style=\"font-family: arial, helvetica, sans-serif; line-height: 1.3;\">Quais profissionais possuem naturalmente atribui\u00e7\u00f5es para fazer georreferenciamento<\/span><\/strong><\/span><\/h2>\n<p>\n<span style=\"font-size: 20px;\"><img decoding=\"async\" class=\"aligncenter size-full wp-image-2381\" src=\"http:\/\/adenilsongiovanini.com.br\/blog\/wp-content\/uploads\/2019\/02\/quem-pode-fazer-georreferenciamento.png\" alt=\"quem pode fazer georreferenciamento\" width=\"750\" height=\"410\" srcset=\"https:\/\/adenilsongiovanini.com.br\/blog\/wp-content\/uploads\/2019\/02\/quem-pode-fazer-georreferenciamento.png 750w, https:\/\/adenilsongiovanini.com.br\/blog\/wp-content\/uploads\/2019\/02\/quem-pode-fazer-georreferenciamento-300x164.png 300w\" sizes=\"(max-width: 750px) 100vw, 750px\" \/> <span style=\"font-family: arial, helvetica, sans-serif; color: #000000; line-height: 1.3;\"> Quanto as atribui\u00e7\u00f5es que s\u00e3o exigidas para o cadastro INCRA. De acordo com a <span style=\"color: #0000ff;\">PL-1221\/2010<\/span> do CONFEA, os profissionais que possuem naturalmente tais atribui\u00e7\u00f5es s\u00e3o:<\/span><\/span><\/p>\n<p><span style=\"font-size: 20px; font-family: arial, helvetica, sans-serif; color: #000000; line-height: 1.3;\">\u2022 Engenheiros Agrimensores;<\/span><br \/>\n<span style=\"font-size: 20px; font-family: arial, helvetica, sans-serif; color: #000000; line-height: 1.3;\"> \u2022 Engenheiros Cart\u00f3grafos;<\/span><br \/>\n<span style=\"font-size: 20px; font-family: arial, helvetica, sans-serif; color: #000000; line-height: 1.3;\"> \u2022 Arquitetos e Urbanistas;<\/span><br \/>\n<span style=\"font-size: 20px; font-family: arial, helvetica, sans-serif; color: #000000; line-height: 1.3;\"> \u2022 Tecn\u00f3logos e T\u00e9cnicos nestas modalidades.<\/span><\/p>\n<p><span style=\"font-size: 20px;\"><span style=\"font-family: arial, helvetica, sans-serif; color: #000000; line-height: 1.3;\">Caso voc\u00ea tenha alguma d\u00favida se o curso t\u00e9cnico ou superior que voc\u00ea frequentou possibilita ou n\u00e3o a obten\u00e7\u00e3o do cadastro INCRA. Uma r\u00e1pida consulta a <span style=\"color: #0000ff;\">PL 2087\/2004<\/span> ir\u00e1 sanar esta d\u00favida. <\/span><span style=\"font-family: arial, helvetica, sans-serif; color: #000000;\">Isso porque a mesma informa quais s\u00e3o as atribui\u00e7\u00f5es exigidas do profissional.<\/span><\/span><\/p>\n<p><span style=\"font-size: 20px; font-family: arial, helvetica, sans-serif; color: #000000; line-height: 1.3;\">Segue o trecho da PL 2087\/2004 que diz quais conhecimentos que s\u00e3o necess\u00e1rios para o credenciamento junto ao INCRA.<\/span><\/p>\n<blockquote style=\"border: 2px double #92cae4; background: #d5edf8 none repeat scroll 0% 0%; -moz-background-clip: -moz-initial; -moz-background-origin: -moz-initial; -moz-background-inline-policy: -moz-initial; color: #323232; padding-left: 15px; padding-top: 10px; padding-bottom: 10px;\"><p><span style=\"font-family: arial, helvetica, sans-serif; font-size: 20px; line-height: 1.3;\">&#8220;Os cursos que possuem cadeiras nas quais estas tem\u00e1ticas s\u00e3o abordadas, naturalmente possibilitam a habilita\u00e7\u00e3o para prestar-se servi\u00e7os de georreferenciamento.<\/span><br \/>\n<span style=\"font-family: arial, helvetica, sans-serif; font-size: 20px; line-height: 1.3;\">\u201ca)Topografia aplicadas ao georreferenciamento; b) Cartografia; c) Sistemas de refer\u00eancia; d) Proje\u00e7\u00f5es cartogr\u00e1ficas; e) Ajustamentos; f) M\u00e9todos e medidas de posicionamento geod\u00e9sico. II. Os conte\u00fados formativos n\u00e3o precisam constituir disciplinas, podendo estar incorporadas nas ementas das disciplinas onde ser\u00e3o ministrados estes conhecimentos aplicados \u00e0s diversas modalidades do Sistema; III. Compete \u00e0s c\u00e2maras especializadas procederem a an\u00e1lise curricular.\u201d<\/span><\/p><\/blockquote>\n<p><span style=\"font-size: 20px; font-family: arial, helvetica, sans-serif; color: #000000; line-height: 1.3;\"> Se voc\u00ea \u00e9 formado em um curso que passe estes conhecimentos \u00e9 s\u00f3 pegar a carta de atribui\u00e7\u00f5es junto ao CREA e encaminhar o seu cadastro junto ao <span style=\"color: #0000ff;\"><a style=\"color: #0000ff;\" href=\"http:\/\/www.incra.gov.br\/\" target=\"_blank\" rel=\"noopener noreferrer\">INCRA<\/a><\/span>.<\/span><\/p>\n<h2><\/h2>\n<h2 style=\"text-align: center;\"><span style=\"font-size: 24px; color: #000000;\"><strong><span style=\"font-family: arial, helvetica, sans-serif; line-height: 1.3;\">Quais profissionais podem obter a atribui\u00e7\u00e3o para a presta\u00e7\u00e3o de servi\u00e7os de georreferenciamento via a realiza\u00e7\u00e3o de um curso formativo<\/span><\/strong><\/span><\/h2>\n<p style=\"text-align: center;\"><span style=\"font-size: 20px;\"><img decoding=\"async\" class=\"aligncenter wp-image-2382 size-large\" src=\"https:\/\/adenilsongiovanini.com.br\/blog\/wp-content\/uploads\/2019\/02\/curso-de-georreferenciamento-780x467.png\" alt=\"curso de georreferenciamento\" width=\"780\" height=\"467\" srcset=\"https:\/\/adenilsongiovanini.com.br\/blog\/wp-content\/uploads\/2019\/02\/curso-de-georreferenciamento-780x467.png 780w, https:\/\/adenilsongiovanini.com.br\/blog\/wp-content\/uploads\/2019\/02\/curso-de-georreferenciamento-300x180.png 300w, https:\/\/adenilsongiovanini.com.br\/blog\/wp-content\/uploads\/2019\/02\/curso-de-georreferenciamento-768x460.png 768w, https:\/\/adenilsongiovanini.com.br\/blog\/wp-content\/uploads\/2019\/02\/curso-de-georreferenciamento.png 1223w\" sizes=\"(max-width: 780px) 100vw, 780px\" \/><\/span><\/p>\n<p style=\"text-align: center;\"><span style=\"font-size: 20px; font-family: arial, helvetica, sans-serif; color: #000000; line-height: 1.3;\">Caso voc\u00ea n\u00e3o seja formado em nenhum destes cursos, ainda assim tem como obter o cadastro junto ao INCRA. A este respeito a PL 2087\/2004 informa o seguinte:<\/span><\/p>\n<blockquote style=\"border: 2px double #92cae4; background: #d5edf8 none repeat scroll 0% 0%; -moz-background-clip: -moz-initial; -moz-background-origin: -moz-initial; -moz-background-inline-policy: -moz-initial; color: #323232; padding-left: 15px; padding-top: 10px; padding-bottom: 10px;\"><p><span style=\"font-size: 20px; font-family: arial, helvetica, sans-serif; color: #000000; line-height: 1.3;\">\u201cOs profissionais que n\u00e3o tenham cursado os conte\u00fados formativos descritos no inciso I poder\u00e3o assumir a responsabilidade t\u00e9cnica dos servi\u00e7os de determina\u00e7\u00e3o das coordenadas dos v\u00e9rtices definidores dos limites dos im\u00f3veis rurais para efeito do Cadastro Nacional de Im\u00f3veis Rurais \u2013 CNIR, mediante solicita\u00e7\u00e3o \u00e0 c\u00e2mara especializada competente, comprovando sua experi\u00eancia profissional espec\u00edfica na \u00e1rea, devidamente atestada por meio da Certid\u00e3o de Acervo T\u00e9cnico \u2013 CAT;\u201d<\/span><\/p><\/blockquote>\n<p><span style=\"font-size: 20px; font-family: arial, helvetica, sans-serif; color: #000000; line-height: 1.3;\"> Posteriormente, a pr\u00f3pria PL 2087\/2004 traz em seu teor que para conseguir o <span style=\"color: #0000ff;\"><a href=\"https:\/\/adenilsongiovanini.com.br\/blog\/cadastro-incra\/\" style=\"color: #0000ff;\">cadastro junto ao INCRA<\/a><\/span> o profissional deve fazer um curso formativo com carga hor\u00e1ria de no m\u00ednimo 360 horas, sendo que o mesmo deve contemplar as disciplinas citadas acima. Segue o referido trecho da PL:<\/span><\/p>\n<blockquote style=\"border: 2px double #92cae4; background: #d5edf8 none repeat scroll 0% 0%; -moz-background-clip: -moz-initial; -moz-background-origin: -moz-initial; -moz-background-inline-policy: -moz-initial; color: #323232; padding-left: 15px; padding-top: 10px; padding-bottom: 10px;\"><p><span style=\"font-family: arial, helvetica, sans-serif; font-size: 20px; color: #000000; line-height: 1.3;\">\u201cOs cursos formativos dever\u00e3o possuir carga hor\u00e1ria m\u00ednima de 360 horas contemplando as disciplinas citadas no inciso I desta decis\u00e3o, ministradas em cursos reconhecidos pelo Minist\u00e9rio da Educa\u00e7\u00e3o.\u201d<\/span><\/p><\/blockquote>\n<p><span style=\"font-size: 20px; font-family: arial, helvetica, sans-serif; color: #000000; line-height: 1.3;\"> Ou seja, na pr\u00e1tica o profissional deve fazer um curso ou especializa\u00e7\u00e3o em <span style=\"color: #0000ff;\"><a href=\"https:\/\/adenilsongiovanini.com.br\/blog\/curso-para-georreferenciamento\/\" style=\"color: #0000ff;\">Geoprocessamento e Georreferenciamento<\/a> <\/span>reconhecido pelo MEC.<\/span><\/p>\n<p><span style=\"font-size: 20px; font-family: arial, helvetica, sans-serif; color: #000000; line-height: 1.3;\">A PL 2087\/2004 informa ainda que s\u00e3o os profissionais formados nas seguintes \u00e1reas que podem obter o cadastro junto ao INCRA via a realiza\u00e7\u00e3o de tal curso:<\/span><\/p>\n<p><span style=\"font-size: 20px; font-family: arial, helvetica, sans-serif; color: #000000; line-height: 1.3;\">\u2022 Engenheiro Agrimensor;<\/span><br \/>\n<span style=\"font-size: 20px; font-family: arial, helvetica, sans-serif; color: #000000; line-height: 1.3;\"> \u2022 Engenheiro Agr\u00f4nomo;<\/span><br \/>\n<span style=\"font-size: 20px; font-family: arial, helvetica, sans-serif; color: #000000; line-height: 1.3;\"> \u2022 Engenheiro Cart\u00f3grafo,<\/span><br \/>\n<span style=\"font-size: 20px; font-family: arial, helvetica, sans-serif; color: #000000; line-height: 1.3;\"> \u2022 Engenheiro de Geod\u00e9sia e <span style=\"color: #0000ff;\"><a href=\"https:\/\/adenilsongiovanini.com.br\/curso-topografia\/\" style=\"color: #0000ff;\">Topografia<\/a><\/span>,<\/span><br \/>\n<span style=\"font-size: 20px; font-family: arial, helvetica, sans-serif; color: #000000; line-height: 1.3;\"> \u2022 Engenheiro Ge\u00f3grafo;<\/span><br \/>\n<span style=\"font-size: 20px; font-family: arial, helvetica, sans-serif; color: #000000; line-height: 1.3;\"> \u2022 Engenheiro Civil,<\/span><br \/>\n<span style=\"font-size: 20px; font-family: arial, helvetica, sans-serif; color: #000000; line-height: 1.3;\"> \u2022 Engenheiro de Fortifica\u00e7\u00e3o e Constru\u00e7\u00e3o;<\/span><br \/>\n<span style=\"font-size: 20px; font-family: arial, helvetica, sans-serif; color: #000000; line-height: 1.3;\"> \u2022 Engenheiro Florestal.<\/span><br \/>\n<span style=\"font-size: 20px; font-family: arial, helvetica, sans-serif; color: #000000; line-height: 1.3;\"> \u2022 Engenheiro Ge\u00f3logo;<\/span><br \/>\n<span style=\"font-size: 20px; font-family: arial, helvetica, sans-serif; color: #000000; line-height: 1.3;\"> \u2022 Engenheiro de Minas;<\/span><br \/>\n<span style=\"font-size: 20px; font-family: arial, helvetica, sans-serif; color: #000000; line-height: 1.3;\"> \u2022 Engenheiro de Petr\u00f3leo;<\/span><br \/>\n<span style=\"font-size: 20px; font-family: arial, helvetica, sans-serif; color: #000000; line-height: 1.3;\"> \u2022 Arquiteto e Urbanista;<\/span><br \/>\n<span style=\"font-size: 20px; font-family: arial, helvetica, sans-serif; color: #000000; line-height: 1.3;\"> \u2022 Engenheiro de Opera\u00e7\u00e3o \u2013 nas especialidades Estradas e Civil;<\/span><br \/>\n<span style=\"font-size: 20px; font-family: arial, helvetica, sans-serif; color: #000000; line-height: 1.3;\"> \u2022 Engenheiro Agr\u00edcola;<\/span><br \/>\n<span style=\"font-size: 20px; font-family: arial, helvetica, sans-serif; color: #000000; line-height: 1.3;\"> \u2022 Ge\u00f3logo;<\/span><br \/>\n<span style=\"font-size: 20px; font-family: arial, helvetica, sans-serif; color: #000000; line-height: 1.3;\"> \u2022 Ge\u00f3grafo;<\/span><br \/>\n<span style=\"font-size: 20px; font-family: arial, helvetica, sans-serif; color: #000000; line-height: 1.3;\"> \u2022 T\u00e9cnico de N\u00edvel Superior ou Tecn\u00f3logo \u2013 da \u00e1rea espec\u00edfica;<\/span><br \/>\n<span style=\"font-size: 20px; font-family: arial, helvetica, sans-serif; color: #000000; line-height: 1.3;\"> \u2022 T\u00e9cnico de N\u00edvel M\u00e9dio em Agrimensura;<\/span><br \/>\n<span style=\"font-size: 20px; font-family: arial, helvetica, sans-serif; color: #000000; line-height: 1.3;\"> \u2022 T\u00e9cnicos de N\u00edvel M\u00e9dio em Topografia;<\/span><br \/>\n<span style=\"font-size: 20px; font-family: arial, helvetica, sans-serif; color: #000000; line-height: 1.3;\"> \u2022 E Outros Tecn\u00f3logos e T\u00e9cnicos de N\u00edvel M\u00e9dio das \u00e1reas acima explicitadas.<\/span><\/p>\n<p><span style=\"font-size: 20px; font-family: arial, helvetica, sans-serif; color: #000000; line-height: 1.3;\">\u00c9 importante salientar que ap\u00f3s fazer tal curso, voc\u00ea deve entrar em contato com o CREA, informando a realiza\u00e7\u00e3o do mesmo e pedindo a expans\u00e3o dos servi\u00e7os que voc\u00ea pode prestar.<\/span><\/p>\n<p><span style=\"font-size: 20px; font-family: arial, helvetica, sans-serif; color: #000000; line-height: 1.3;\">O CREA por sua vez emitir\u00e1 uma declara\u00e7\u00e3o de extens\u00e3o das atribui\u00e7\u00f5es profissionais, sendo que de posse desta voc\u00ea poder\u00e1 solicitar o seu credenciamento junto ao INCRA.<\/span><!-- End Facebook Pixel Code --><\/p>\n<p><span style=\"font-size: 20px; font-family: arial, helvetica, sans-serif; color: #000000; line-height: 1.3;\">Lembrando que eu possuo uma s\u00e9rie de <em><strong>cursos e de livros pr\u00e1ticos. Se voc\u00ea que MERGULHAR FUNDO e aprender com exemplos pr\u00e1ticos<\/strong><\/em>, <span style=\"color: #0000ff;\"><a style=\"color: #0000ff;\" href=\"https:\/\/adenilsongiovanini.com.br\/cursos-online\/\">acesse este link e conhe\u00e7a os mesmos<\/a><\/span>.<\/span><\/p>\n<p><span style=\"font-size: 20px; font-family: arial, helvetica, sans-serif; color: #000000; line-height: 1.3;\">Entre eles, o <span style=\"color: #0000ff;\"><a style=\"color: #0000ff;\" href=\"https:\/\/adenilsongiovanini.com.br\/blog\/curso-de-georreferenciamento-de-imoveis-rurais\/\">M\u00e9todo Georreferenciamento Sem Mist\u00e9rios<\/a><\/span>, que \u00e9 um <\/span><span style=\"font-size: 20px; font-family: arial, helvetica, sans-serif; line-height: 1.3; color: #0000ff;\"><span style=\"color: #000000;\">Curso de Georreferenciamento de Im\u00f3veis Rurais Online<\/span> <span style=\"color: #000000;\">Passo a Passo<\/span><\/span><span style=\"font-size: 20px; font-family: arial, helvetica, sans-serif; color: #000000; line-height: 1.3;\"> e o <span style=\"color: #0000ff;\"><a style=\"color: #0000ff;\" href=\"https:\/\/adenilsongiovanini.com.br\/georreferenciamento-de-imoveis-rurais-na-pratica\/\">Livro Topografia Cadastral e Georreferenciamento de Im\u00f3veis Rurais na Pr\u00e1tica<\/a><\/span> que \u00e9 o livro de Georreferenciamento mais completo do Brasil.<\/span><\/p>\n<p><span style=\"font-family: arial, helvetica, sans-serif; font-size: 20px; color: #000000;\">\u00c9 isso por este artigo. Gratid\u00e3o por voc\u00ea ter lido o mesmo. \ud83d\ude4f<\/span><\/p>\n<p>&nbsp;<\/p>\n<p>&nbsp;<\/p>\n<h2 style=\"text-align: center;\"><span style=\"font-family: arial, helvetica, sans-serif; color: #000000; font-size: 24px;\"><strong>Domine a Topografia Cadastral atrav\u00e9s de um livro formado por centenas de exemplos pr\u00e1ticos <\/strong><\/span><\/h2>\n<h2 style=\"text-align: center;\"><span style=\"font-size: 20px;\"><a href=\"https:\/\/adenilsongiovanini.com.br\/georreferenciamento-de-imoveis-rurais-na-pratica\/\" rel=\"nofollow noreferrer\"><img decoding=\"async\" class=\"aligncenter size-large wp-image-19317\" src=\"https:\/\/adenilsongiovanini.com.br\/blog\/wp-content\/uploads\/2021\/04\/livro-de-topografia-e-georreferenciamento-1024x474.png\" sizes=\"(max-width: 1024px) 100vw, 1024px\" srcset=\"https:\/\/adenilsongiovanini.com.br\/blog\/wp-content\/uploads\/2021\/04\/livro-de-topografia-e-georreferenciamento-1024x474.png 1024w, https:\/\/adenilsongiovanini.com.br\/blog\/wp-content\/uploads\/2021\/04\/livro-de-topografia-e-georreferenciamento-300x139.png 300w, https:\/\/adenilsongiovanini.com.br\/blog\/wp-content\/uploads\/2021\/04\/livro-de-topografia-e-georreferenciamento-768x355.png 768w, https:\/\/adenilsongiovanini.com.br\/blog\/wp-content\/uploads\/2021\/04\/livro-de-topografia-e-georreferenciamento-1536x711.png 1536w, https:\/\/adenilsongiovanini.com.br\/blog\/wp-content\/uploads\/2021\/04\/livro-de-topografia-e-georreferenciamento-320x148.png 320w, https:\/\/adenilsongiovanini.com.br\/blog\/wp-content\/uploads\/2021\/04\/livro-de-topografia-e-georreferenciamento-640x296.png 640w, https:\/\/adenilsongiovanini.com.br\/blog\/wp-content\/uploads\/2021\/04\/livro-de-topografia-e-georreferenciamento-360x167.png 360w, https:\/\/adenilsongiovanini.com.br\/blog\/wp-content\/uploads\/2021\/04\/livro-de-topografia-e-georreferenciamento-720x333.png 720w, https:\/\/adenilsongiovanini.com.br\/blog\/wp-content\/uploads\/2021\/04\/livro-de-topografia-e-georreferenciamento-1080x500.png 1080w, https:\/\/adenilsongiovanini.com.br\/blog\/wp-content\/uploads\/2021\/04\/livro-de-topografia-e-georreferenciamento-800x370.png 800w, https:\/\/adenilsongiovanini.com.br\/blog\/wp-content\/uploads\/2021\/04\/livro-de-topografia-e-georreferenciamento-1280x592.png 1280w, https:\/\/adenilsongiovanini.com.br\/blog\/wp-content\/uploads\/2021\/04\/livro-de-topografia-e-georreferenciamento.png 1565w\" alt=\"livro de topografia e georreferenciamento\" width=\"1024\" height=\"474\" \/><\/a><\/span><\/h2>\n<p><span style=\"font-family: arial, helvetica, sans-serif; font-size: 20px; color: #000000;\">Voc\u00ea quer dominar a Topografia Cadastral?<\/span><\/p>\n<p><span style=\"font-family: arial, helvetica, sans-serif; font-size: 20px; color: #000000;\">Ent\u00e3o eu tenho uma \u00f3tima noticia para voc\u00ea. Me refiro ao <span style=\"color: #0000ff;\"><a style=\"color: #0000ff;\" href=\"https:\/\/adenilsongiovanini.com.br\/georreferenciamento-de-imoveis-rurais-na-pratica\/\" rel=\"nofollow noreferrer\">livro Topografia Cadastral e Georreferenciamento de Im\u00f3veis Rurais na Pr\u00e1tica<\/a><\/span>.<\/span><\/p>\n<p><span style=\"font-size: 20px;\"><span style=\"font-family: arial, helvetica, sans-serif; color: #000000;\">O mesmo \u00e9 dividido em 10 cap\u00edtulos recheados com muitos estudos de caso e exemplos pr\u00e1ticos. D\u00ea uma espiadinha no sum\u00e1rio do mesmo:<\/span><\/span><\/p>\n<p>&nbsp;<\/p>\n<p><center><iframe width=\"99%\" height=\"980\" src=\"https:\/\/drive.google.com\/file\/d\/1HJ8fZz1PvPmftfXHJNFTvIBBzY_FZhPJ\/preview\"><span data-mce-type=\"bookmark\" style=\"display: inline-block; width: 0px; overflow: hidden; line-height: 0;\" class=\"mce_SELRES_start\">\ufeff<\/span><\/iframe><\/center><\/p>\n<p>&nbsp;<\/p>\n<p><span style=\"font-size: 20px;\"><span style=\"font-family: arial, helvetica, sans-serif; color: #000000;\">Para conhecer melhor a estrutura do livro, juntar-se a mais de 800 profissionais e adquirir sua c\u00f3pia \u00e9 s\u00f3 clicar no bot\u00e3o abaixo:<\/span><\/span><\/p>\n<p>&nbsp;<\/p>\n<p><span style=\"color: #000000; font-size: 20px;\"><div class=\"su-button-center\"><a href=\"https:\/\/adenilsongiovanini.com.br\/georreferenciamento-de-imoveis-rurais-na-pratica\/\" class=\"su-button su-button-style-3d\" style=\"color:#000000;background-color:#2BCC2F;border-color:#23a426;border-radius:9px\" target=\"_blank\" rel=\"nofollow\" id=\"1\"><span style=\"color:#000000;padding:0px 24px;font-size:18px;line-height:36px;border-color:#6bdc6e;border-radius:9px;text-shadow:0px 0px 0px #000000\"> \u279c Quero Conhecer Melhor o Livro, Pois Quero e Preciso Aprender Mais Sobre Legisla\u00e7\u00e3o Cadastral e Geo. de Im\u00f3veis Rurais<\/span><\/a><\/div><\/span><\/p>\n<p>&nbsp;<\/p>\n<p>&nbsp;<\/p>\n","protected":false},"excerpt":{"rendered":"<p>O INCRA exige que o profissional tenha uma s\u00e9rie de aptid\u00f5es e de conhecimentos para fazer georreferenciamento, sendo que para obter estas aptid\u00f5es voc\u00ea deve fazer um curso especifico que contemple os conhecimentos necess\u00e1rios. Naturalmente, os profissionais tamb\u00e9m devem estar registrados no sistema CONFEA\/CREA e estarem em dia com suas [&hellip;]<\/p>\n","protected":false},"author":1,"featured_media":25950,"comment_status":"closed","ping_status":"closed","sticky":false,"template":"","format":"standard","meta":{"_monsterinsights_skip_tracking":false,"_monsterinsights_sitenote_active":false,"_monsterinsights_sitenote_note":"","_monsterinsights_sitenote_category":0,"footnotes":""},"categories":[12,9],"tags":[],"class_list":["post-2375","post","type-post","status-publish","format-standard","has-post-thumbnail","hentry","category-georreferenciamento-de-imoveis-rurais","category-topografia-cadastral"],"yoast_head":"<!-- This site is optimized with the Yoast SEO plugin v26.5 - https:\/\/yoast.com\/wordpress\/plugins\/seo\/ -->\n<title>Fazer Georreferenciamento: Quem Pode? - Adenilson Giovanini<\/title>\n<meta name=\"description\" content=\"Descubra como obter o credenciamento junto ao INCRA. Artigo definitivo sobre o tema. Leia-o e descubra quem pode fazer georreferenciamento.\" \/>\n<meta name=\"robots\" content=\"index, follow, max-snippet:-1, max-image-preview:large, max-video-preview:-1\" \/>\n<link rel=\"canonical\" href=\"https:\/\/adenilsongiovanini.com.br\/blog\/quem-pode-fazer-georreferenciamento\/\" \/>\n<meta property=\"og:locale\" content=\"pt_BR\" \/>\n<meta property=\"og:type\" content=\"article\" \/>\n<meta property=\"og:title\" content=\"Fazer Georreferenciamento: Quem Pode? - Adenilson Giovanini\" \/>\n<meta property=\"og:description\" content=\"Descubra como obter o credenciamento junto ao INCRA. Artigo definitivo sobre o tema. Leia-o e descubra quem pode fazer georreferenciamento.\" \/>\n<meta property=\"og:url\" content=\"https:\/\/adenilsongiovanini.com.br\/blog\/quem-pode-fazer-georreferenciamento\/\" \/>\n<meta property=\"og:site_name\" content=\"Adenilson Giovanini\" \/>\n<meta property=\"article:publisher\" content=\"https:\/\/www.facebook.com\/otopografo\/\" \/>\n<meta property=\"article:author\" content=\"https:\/\/www.facebook.com\/otopografo\/\" \/>\n<meta property=\"article:published_time\" content=\"2019-02-01T16:14:37+00:00\" \/>\n<meta property=\"article:modified_time\" content=\"2022-08-01T21:02:27+00:00\" \/>\n<meta property=\"og:image\" content=\"https:\/\/adenilsongiovanini.com.br\/blog\/wp-content\/uploads\/2021\/10\/incra-georreferenciamento-de-imoveis.png\" \/>\n\t<meta property=\"og:image:width\" content=\"1796\" \/>\n\t<meta property=\"og:image:height\" content=\"1086\" \/>\n\t<meta property=\"og:image:type\" content=\"image\/png\" \/>\n<meta name=\"author\" content=\"Adenilson Giovanini\" \/>\n<meta name=\"twitter:card\" content=\"summary_large_image\" \/>\n<meta name=\"twitter:label1\" content=\"Escrito por\" \/>\n\t<meta name=\"twitter:data1\" content=\"Adenilson Giovanini\" \/>\n\t<meta name=\"twitter:label2\" content=\"Est. tempo de leitura\" \/>\n\t<meta name=\"twitter:data2\" content=\"6 minutos\" \/>\n<script type=\"application\/ld+json\" class=\"yoast-schema-graph\">{\"@context\":\"https:\/\/schema.org\",\"@graph\":[{\"@type\":\"Article\",\"@id\":\"https:\/\/adenilsongiovanini.com.br\/blog\/quem-pode-fazer-georreferenciamento\/#article\",\"isPartOf\":{\"@id\":\"https:\/\/adenilsongiovanini.com.br\/blog\/quem-pode-fazer-georreferenciamento\/\"},\"author\":{\"name\":\"Adenilson Giovanini\",\"@id\":\"https:\/\/adenilsongiovanini.com.br\/blog\/#\/schema\/person\/9c1daa7da73c116aae2cb0568d1daa23\"},\"headline\":\"Fazer Georreferenciamento: Quem Pode?\",\"datePublished\":\"2019-02-01T16:14:37+00:00\",\"dateModified\":\"2022-08-01T21:02:27+00:00\",\"mainEntityOfPage\":{\"@id\":\"https:\/\/adenilsongiovanini.com.br\/blog\/quem-pode-fazer-georreferenciamento\/\"},\"wordCount\":1049,\"publisher\":{\"@id\":\"https:\/\/adenilsongiovanini.com.br\/blog\/#\/schema\/person\/9c1daa7da73c116aae2cb0568d1daa23\"},\"image\":{\"@id\":\"https:\/\/adenilsongiovanini.com.br\/blog\/quem-pode-fazer-georreferenciamento\/#primaryimage\"},\"thumbnailUrl\":\"https:\/\/adenilsongiovanini.com.br\/blog\/wp-content\/uploads\/2021\/10\/incra-georreferenciamento-de-imoveis.png\",\"articleSection\":[\"Georreferenciamento de Im\u00f3veis Rurais\",\"Topografia Cadastral\"],\"inLanguage\":\"pt-BR\"},{\"@type\":\"WebPage\",\"@id\":\"https:\/\/adenilsongiovanini.com.br\/blog\/quem-pode-fazer-georreferenciamento\/\",\"url\":\"https:\/\/adenilsongiovanini.com.br\/blog\/quem-pode-fazer-georreferenciamento\/\",\"name\":\"Fazer Georreferenciamento: Quem Pode? - Adenilson Giovanini\",\"isPartOf\":{\"@id\":\"https:\/\/adenilsongiovanini.com.br\/blog\/#website\"},\"primaryImageOfPage\":{\"@id\":\"https:\/\/adenilsongiovanini.com.br\/blog\/quem-pode-fazer-georreferenciamento\/#primaryimage\"},\"image\":{\"@id\":\"https:\/\/adenilsongiovanini.com.br\/blog\/quem-pode-fazer-georreferenciamento\/#primaryimage\"},\"thumbnailUrl\":\"https:\/\/adenilsongiovanini.com.br\/blog\/wp-content\/uploads\/2021\/10\/incra-georreferenciamento-de-imoveis.png\",\"datePublished\":\"2019-02-01T16:14:37+00:00\",\"dateModified\":\"2022-08-01T21:02:27+00:00\",\"description\":\"Descubra como obter o credenciamento junto ao INCRA. Artigo definitivo sobre o tema. Leia-o e descubra quem pode fazer georreferenciamento.\",\"breadcrumb\":{\"@id\":\"https:\/\/adenilsongiovanini.com.br\/blog\/quem-pode-fazer-georreferenciamento\/#breadcrumb\"},\"inLanguage\":\"pt-BR\",\"potentialAction\":[{\"@type\":\"ReadAction\",\"target\":[\"https:\/\/adenilsongiovanini.com.br\/blog\/quem-pode-fazer-georreferenciamento\/\"]}]},{\"@type\":\"ImageObject\",\"inLanguage\":\"pt-BR\",\"@id\":\"https:\/\/adenilsongiovanini.com.br\/blog\/quem-pode-fazer-georreferenciamento\/#primaryimage\",\"url\":\"https:\/\/adenilsongiovanini.com.br\/blog\/wp-content\/uploads\/2021\/10\/incra-georreferenciamento-de-imoveis.png\",\"contentUrl\":\"https:\/\/adenilsongiovanini.com.br\/blog\/wp-content\/uploads\/2021\/10\/incra-georreferenciamento-de-imoveis.png\",\"width\":1796,\"height\":1086},{\"@type\":\"BreadcrumbList\",\"@id\":\"https:\/\/adenilsongiovanini.com.br\/blog\/quem-pode-fazer-georreferenciamento\/#breadcrumb\",\"itemListElement\":[{\"@type\":\"ListItem\",\"position\":1,\"name\":\"Home\",\"item\":\"https:\/\/adenilsongiovanini.com.br\/blog\/\"},{\"@type\":\"ListItem\",\"position\":2,\"name\":\"Fazer Georreferenciamento: Quem Pode?\"}]},{\"@type\":\"WebSite\",\"@id\":\"https:\/\/adenilsongiovanini.com.br\/blog\/#website\",\"url\":\"https:\/\/adenilsongiovanini.com.br\/blog\/\",\"name\":\"Adenilson Giovanini\",\"description\":\"Topografia e Geotecnologias\",\"publisher\":{\"@id\":\"https:\/\/adenilsongiovanini.com.br\/blog\/#\/schema\/person\/9c1daa7da73c116aae2cb0568d1daa23\"},\"potentialAction\":[{\"@type\":\"SearchAction\",\"target\":{\"@type\":\"EntryPoint\",\"urlTemplate\":\"https:\/\/adenilsongiovanini.com.br\/blog\/?s={search_term_string}\"},\"query-input\":{\"@type\":\"PropertyValueSpecification\",\"valueRequired\":true,\"valueName\":\"search_term_string\"}}],\"inLanguage\":\"pt-BR\"},{\"@type\":[\"Person\",\"Organization\"],\"@id\":\"https:\/\/adenilsongiovanini.com.br\/blog\/#\/schema\/person\/9c1daa7da73c116aae2cb0568d1daa23\",\"name\":\"Adenilson Giovanini\",\"image\":{\"@type\":\"ImageObject\",\"inLanguage\":\"pt-BR\",\"@id\":\"https:\/\/adenilsongiovanini.com.br\/blog\/#\/schema\/person\/image\/\",\"url\":\"https:\/\/adenilsongiovanini.com.br\/blog\/wp-content\/litespeed\/avatar\/be8f4de5c0b8a93c57a4f29cbf2f1e92.jpg?ver=1777130135\",\"contentUrl\":\"https:\/\/adenilsongiovanini.com.br\/blog\/wp-content\/litespeed\/avatar\/be8f4de5c0b8a93c57a4f29cbf2f1e92.jpg?ver=1777130135\",\"caption\":\"Adenilson Giovanini\"},\"logo\":{\"@id\":\"https:\/\/adenilsongiovanini.com.br\/blog\/#\/schema\/person\/image\/\"},\"description\":\"O Professor Adenilson Giovanini \u00e9 especialista em Topografia Cadastral e Georreferenciamento de Im\u00f3veis Rurais. O mesmo possui o Maior Site de Engenharia de Agrimensura do Brasil. Site este que tem mais de 102.000 visualiza\u00e7\u00f5es por m\u00eas. Tamb\u00e9m possui mais de 600 v\u00eddeos em seu canal no youtube. Al\u00e9m disso, \u00e9 escritor Best Seller, possuindo v\u00e1rios cursos e livros de sucesso.\",\"sameAs\":[\"http:\/\/adenilsongiovanini.com.br\",\"https:\/\/www.facebook.com\/otopografo\/\",\"https:\/\/www.instagram.com\/adenilson_giovanini\/\",\"https:\/\/www.linkedin.com\/in\/adenilson-giovanini-819b8035\/\",\"https:\/\/br.pinterest.com\/adenilsongiovanini\/\",\"https:\/\/www.youtube.com\/channel\/uce-br7ghiuog2txcsdx5vrw\"]}]}<\/script>\n<!-- \/ Yoast SEO plugin. -->","yoast_head_json":{"title":"Fazer Georreferenciamento: Quem Pode? - Adenilson Giovanini","description":"Descubra como obter o credenciamento junto ao INCRA. Artigo definitivo sobre o tema. Leia-o e descubra quem pode fazer georreferenciamento.","robots":{"index":"index","follow":"follow","max-snippet":"max-snippet:-1","max-image-preview":"max-image-preview:large","max-video-preview":"max-video-preview:-1"},"canonical":"https:\/\/adenilsongiovanini.com.br\/blog\/quem-pode-fazer-georreferenciamento\/","og_locale":"pt_BR","og_type":"article","og_title":"Fazer Georreferenciamento: Quem Pode? - Adenilson Giovanini","og_description":"Descubra como obter o credenciamento junto ao INCRA. Artigo definitivo sobre o tema. Leia-o e descubra quem pode fazer georreferenciamento.","og_url":"https:\/\/adenilsongiovanini.com.br\/blog\/quem-pode-fazer-georreferenciamento\/","og_site_name":"Adenilson Giovanini","article_publisher":"https:\/\/www.facebook.com\/otopografo\/","article_author":"https:\/\/www.facebook.com\/otopografo\/","article_published_time":"2019-02-01T16:14:37+00:00","article_modified_time":"2022-08-01T21:02:27+00:00","og_image":[{"width":1796,"height":1086,"url":"https:\/\/adenilsongiovanini.com.br\/blog\/wp-content\/uploads\/2021\/10\/incra-georreferenciamento-de-imoveis.png","type":"image\/png"}],"author":"Adenilson Giovanini","twitter_card":"summary_large_image","twitter_misc":{"Escrito por":"Adenilson Giovanini","Est. tempo de leitura":"6 minutos"},"schema":{"@context":"https:\/\/schema.org","@graph":[{"@type":"Article","@id":"https:\/\/adenilsongiovanini.com.br\/blog\/quem-pode-fazer-georreferenciamento\/#article","isPartOf":{"@id":"https:\/\/adenilsongiovanini.com.br\/blog\/quem-pode-fazer-georreferenciamento\/"},"author":{"name":"Adenilson Giovanini","@id":"https:\/\/adenilsongiovanini.com.br\/blog\/#\/schema\/person\/9c1daa7da73c116aae2cb0568d1daa23"},"headline":"Fazer Georreferenciamento: Quem Pode?","datePublished":"2019-02-01T16:14:37+00:00","dateModified":"2022-08-01T21:02:27+00:00","mainEntityOfPage":{"@id":"https:\/\/adenilsongiovanini.com.br\/blog\/quem-pode-fazer-georreferenciamento\/"},"wordCount":1049,"publisher":{"@id":"https:\/\/adenilsongiovanini.com.br\/blog\/#\/schema\/person\/9c1daa7da73c116aae2cb0568d1daa23"},"image":{"@id":"https:\/\/adenilsongiovanini.com.br\/blog\/quem-pode-fazer-georreferenciamento\/#primaryimage"},"thumbnailUrl":"https:\/\/adenilsongiovanini.com.br\/blog\/wp-content\/uploads\/2021\/10\/incra-georreferenciamento-de-imoveis.png","articleSection":["Georreferenciamento de Im\u00f3veis Rurais","Topografia Cadastral"],"inLanguage":"pt-BR"},{"@type":"WebPage","@id":"https:\/\/adenilsongiovanini.com.br\/blog\/quem-pode-fazer-georreferenciamento\/","url":"https:\/\/adenilsongiovanini.com.br\/blog\/quem-pode-fazer-georreferenciamento\/","name":"Fazer Georreferenciamento: Quem Pode? - Adenilson Giovanini","isPartOf":{"@id":"https:\/\/adenilsongiovanini.com.br\/blog\/#website"},"primaryImageOfPage":{"@id":"https:\/\/adenilsongiovanini.com.br\/blog\/quem-pode-fazer-georreferenciamento\/#primaryimage"},"image":{"@id":"https:\/\/adenilsongiovanini.com.br\/blog\/quem-pode-fazer-georreferenciamento\/#primaryimage"},"thumbnailUrl":"https:\/\/adenilsongiovanini.com.br\/blog\/wp-content\/uploads\/2021\/10\/incra-georreferenciamento-de-imoveis.png","datePublished":"2019-02-01T16:14:37+00:00","dateModified":"2022-08-01T21:02:27+00:00","description":"Descubra como obter o credenciamento junto ao INCRA. Artigo definitivo sobre o tema. Leia-o e descubra quem pode fazer georreferenciamento.","breadcrumb":{"@id":"https:\/\/adenilsongiovanini.com.br\/blog\/quem-pode-fazer-georreferenciamento\/#breadcrumb"},"inLanguage":"pt-BR","potentialAction":[{"@type":"ReadAction","target":["https:\/\/adenilsongiovanini.com.br\/blog\/quem-pode-fazer-georreferenciamento\/"]}]},{"@type":"ImageObject","inLanguage":"pt-BR","@id":"https:\/\/adenilsongiovanini.com.br\/blog\/quem-pode-fazer-georreferenciamento\/#primaryimage","url":"https:\/\/adenilsongiovanini.com.br\/blog\/wp-content\/uploads\/2021\/10\/incra-georreferenciamento-de-imoveis.png","contentUrl":"https:\/\/adenilsongiovanini.com.br\/blog\/wp-content\/uploads\/2021\/10\/incra-georreferenciamento-de-imoveis.png","width":1796,"height":1086},{"@type":"BreadcrumbList","@id":"https:\/\/adenilsongiovanini.com.br\/blog\/quem-pode-fazer-georreferenciamento\/#breadcrumb","itemListElement":[{"@type":"ListItem","position":1,"name":"Home","item":"https:\/\/adenilsongiovanini.com.br\/blog\/"},{"@type":"ListItem","position":2,"name":"Fazer Georreferenciamento: Quem Pode?"}]},{"@type":"WebSite","@id":"https:\/\/adenilsongiovanini.com.br\/blog\/#website","url":"https:\/\/adenilsongiovanini.com.br\/blog\/","name":"Adenilson Giovanini","description":"Topografia e Geotecnologias","publisher":{"@id":"https:\/\/adenilsongiovanini.com.br\/blog\/#\/schema\/person\/9c1daa7da73c116aae2cb0568d1daa23"},"potentialAction":[{"@type":"SearchAction","target":{"@type":"EntryPoint","urlTemplate":"https:\/\/adenilsongiovanini.com.br\/blog\/?s={search_term_string}"},"query-input":{"@type":"PropertyValueSpecification","valueRequired":true,"valueName":"search_term_string"}}],"inLanguage":"pt-BR"},{"@type":["Person","Organization"],"@id":"https:\/\/adenilsongiovanini.com.br\/blog\/#\/schema\/person\/9c1daa7da73c116aae2cb0568d1daa23","name":"Adenilson Giovanini","image":{"@type":"ImageObject","inLanguage":"pt-BR","@id":"https:\/\/adenilsongiovanini.com.br\/blog\/#\/schema\/person\/image\/","url":"https:\/\/adenilsongiovanini.com.br\/blog\/wp-content\/litespeed\/avatar\/be8f4de5c0b8a93c57a4f29cbf2f1e92.jpg?ver=1777130135","contentUrl":"https:\/\/adenilsongiovanini.com.br\/blog\/wp-content\/litespeed\/avatar\/be8f4de5c0b8a93c57a4f29cbf2f1e92.jpg?ver=1777130135","caption":"Adenilson Giovanini"},"logo":{"@id":"https:\/\/adenilsongiovanini.com.br\/blog\/#\/schema\/person\/image\/"},"description":"O Professor Adenilson Giovanini \u00e9 especialista em Topografia Cadastral e Georreferenciamento de Im\u00f3veis Rurais. O mesmo possui o Maior Site de Engenharia de Agrimensura do Brasil. Site este que tem mais de 102.000 visualiza\u00e7\u00f5es por m\u00eas. Tamb\u00e9m possui mais de 600 v\u00eddeos em seu canal no youtube. Al\u00e9m disso, \u00e9 escritor Best Seller, possuindo v\u00e1rios cursos e livros de sucesso.","sameAs":["http:\/\/adenilsongiovanini.com.br","https:\/\/www.facebook.com\/otopografo\/","https:\/\/www.instagram.com\/adenilson_giovanini\/","https:\/\/www.linkedin.com\/in\/adenilson-giovanini-819b8035\/","https:\/\/br.pinterest.com\/adenilsongiovanini\/","https:\/\/www.youtube.com\/channel\/uce-br7ghiuog2txcsdx5vrw"]}]}},"amp_enabled":true,"_links":{"self":[{"href":"https:\/\/adenilsongiovanini.com.br\/blog\/wp-json\/wp\/v2\/posts\/2375","targetHints":{"allow":["GET"]}}],"collection":[{"href":"https:\/\/adenilsongiovanini.com.br\/blog\/wp-json\/wp\/v2\/posts"}],"about":[{"href":"https:\/\/adenilsongiovanini.com.br\/blog\/wp-json\/wp\/v2\/types\/post"}],"author":[{"embeddable":true,"href":"https:\/\/adenilsongiovanini.com.br\/blog\/wp-json\/wp\/v2\/users\/1"}],"replies":[{"embeddable":true,"href":"https:\/\/adenilsongiovanini.com.br\/blog\/wp-json\/wp\/v2\/comments?post=2375"}],"version-history":[{"count":0,"href":"https:\/\/adenilsongiovanini.com.br\/blog\/wp-json\/wp\/v2\/posts\/2375\/revisions"}],"wp:featuredmedia":[{"embeddable":true,"href":"https:\/\/adenilsongiovanini.com.br\/blog\/wp-json\/wp\/v2\/media\/25950"}],"wp:attachment":[{"href":"https:\/\/adenilsongiovanini.com.br\/blog\/wp-json\/wp\/v2\/media?parent=2375"}],"wp:term":[{"taxonomy":"category","embeddable":true,"href":"https:\/\/adenilsongiovanini.com.br\/blog\/wp-json\/wp\/v2\/categories?post=2375"},{"taxonomy":"post_tag","embeddable":true,"href":"https:\/\/adenilsongiovanini.com.br\/blog\/wp-json\/wp\/v2\/tags?post=2375"}],"curies":[{"name":"wp","href":"https:\/\/api.w.org\/{rel}","templated":true}]}}