{"id":23421,"date":"2021-08-13T00:38:20","date_gmt":"2021-08-13T00:38:20","guid":{"rendered":"https:\/\/adenilsongiovanini.com.br\/blog\/?p=23421"},"modified":"2022-08-16T11:31:44","modified_gmt":"2022-08-16T11:31:44","slug":"requerimento-retificacao-de-area","status":"publish","type":"post","link":"https:\/\/adenilsongiovanini.com.br\/blog\/requerimento-retificacao-de-area\/","title":{"rendered":"Requerimento Retifica\u00e7\u00e3o de \u00c1rea?"},"content":{"rendered":"<p><span style=\"font-family: arial, helvetica, sans-serif; font-size: 20px; color: #000000;\">O <em><strong>requerimento retifica\u00e7\u00e3o de \u00e1rea<\/strong><\/em> \u00e9 o documento exigido pelo profissional de registro para a retifica\u00e7\u00e3o de um registro.<\/span><\/p>\n<p><span style=\"font-family: arial, helvetica, sans-serif; font-size: 20px; color: #000000;\">Na realidade, para a solicita\u00e7\u00e3o de uma <span style=\"color: #0000ff;\"><a href=\"https:\/\/adenilsongiovanini.com.br\/blog\/retificacao-de-area\/\" style=\"color: #0000ff;\">retifica\u00e7\u00e3o de \u00e1rea<\/a><\/span>, existe todo um documental, o qual \u00e9 exigido pelo profissional de <span style=\"color: #0000ff;\"><a style=\"color: #0000ff;\" href=\"https:\/\/www.registrodeimoveis.org.br\/\">registro de im\u00f3veis<\/a><\/span>, sendo que o <\/span><span style=\"font-family: arial, helvetica, sans-serif; font-size: 20px; color: #000000;\">Agrimensor deve apresentar informa\u00e7\u00f5es que justifiquem a solicita\u00e7\u00e3o da retifica\u00e7\u00e3o.<\/span><\/p>\n<p><span style=\"font-family: arial, helvetica, sans-serif; font-size: 20px; color: #000000;\">Neste artigo, voc\u00ea conhecer\u00e1 os documentos necess\u00e1rios para a retifica\u00e7\u00e3o de \u00e1rea. <\/span><\/p>\n<p>&nbsp;<\/p>\n<p style=\"text-align: center;\"><span style=\"font-size: 24px;\"><strong><span style=\"font-family: arial, helvetica, sans-serif; color: #000000;\">Requerimento retifica\u00e7\u00e3o de \u00e1rea &#8211; Documentos necess\u00e1rios<\/span><\/strong><\/span><\/p>\n<p><img decoding=\"async\" class=\"aligncenter wp-image-20953 size-large\" src=\"https:\/\/adenilsongiovanini.com.br\/blog\/wp-content\/uploads\/2021\/06\/estudo-de-caso-retificacao-de-area-1024x619.png\" alt=\"requerimento retifica\u00e7\u00e3o de \u00e1rea\" width=\"780\" height=\"472\" srcset=\"https:\/\/adenilsongiovanini.com.br\/blog\/wp-content\/uploads\/2021\/06\/estudo-de-caso-retificacao-de-area-1024x619.png 1024w, https:\/\/adenilsongiovanini.com.br\/blog\/wp-content\/uploads\/2021\/06\/estudo-de-caso-retificacao-de-area-300x181.png 300w, https:\/\/adenilsongiovanini.com.br\/blog\/wp-content\/uploads\/2021\/06\/estudo-de-caso-retificacao-de-area-768x464.png 768w, https:\/\/adenilsongiovanini.com.br\/blog\/wp-content\/uploads\/2021\/06\/estudo-de-caso-retificacao-de-area-1536x929.png 1536w, https:\/\/adenilsongiovanini.com.br\/blog\/wp-content\/uploads\/2021\/06\/estudo-de-caso-retificacao-de-area-320x193.png 320w, https:\/\/adenilsongiovanini.com.br\/blog\/wp-content\/uploads\/2021\/06\/estudo-de-caso-retificacao-de-area-640x387.png 640w, https:\/\/adenilsongiovanini.com.br\/blog\/wp-content\/uploads\/2021\/06\/estudo-de-caso-retificacao-de-area-360x218.png 360w, https:\/\/adenilsongiovanini.com.br\/blog\/wp-content\/uploads\/2021\/06\/estudo-de-caso-retificacao-de-area-720x435.png 720w, https:\/\/adenilsongiovanini.com.br\/blog\/wp-content\/uploads\/2021\/06\/estudo-de-caso-retificacao-de-area-1080x653.png 1080w, https:\/\/adenilsongiovanini.com.br\/blog\/wp-content\/uploads\/2021\/06\/estudo-de-caso-retificacao-de-area-800x484.png 800w, https:\/\/adenilsongiovanini.com.br\/blog\/wp-content\/uploads\/2021\/06\/estudo-de-caso-retificacao-de-area-1280x774.png 1280w, https:\/\/adenilsongiovanini.com.br\/blog\/wp-content\/uploads\/2021\/06\/estudo-de-caso-retificacao-de-area.png 1796w\" sizes=\"(max-width: 780px) 100vw, 780px\" \/><\/p>\n<p style=\"text-align: left;\"><span style=\"font-family: arial, helvetica, sans-serif; font-size: 20px; color: #000000;\">O processo de retifica\u00e7\u00e3o de um im\u00f3vel em cart\u00f3rio pode seguir a <span style=\"color: #0000ff;\"><a style=\"color: #0000ff;\" href=\"https:\/\/www.npadvogados.com\/areas-de-actividade\/Recuperacao-de-Credito\/12\/Via-Judicial\/21\/\">via judicial<\/a><\/span> ou a via extrajudicial. <\/span><\/p>\n<p style=\"text-align: left;\"><span style=\"font-family: arial, helvetica, sans-serif; font-size: 20px; color: #000000;\">No caso da via extrajudicial, existe:<\/span><\/p>\n<ul>\n<li style=\"text-align: left;\"><span style=\"font-family: arial, helvetica, sans-serif; font-size: 20px; color: #000000;\">A retifica\u00e7\u00e3o de im\u00f3veis registrados atrav\u00e9s da <span style=\"color: #0000ff;\"><a href=\"https:\/\/adenilsongiovanini.com.br\/blog\/curso-online-topografia-com-aulas-praticas\/\" style=\"color: #0000ff;\">topografia cl\u00e1ssica<\/a><\/span> e;<\/span><\/li>\n<li style=\"text-align: left;\"><span style=\"font-family: arial, helvetica, sans-serif; font-size: 20px; color: #000000;\">A retifica\u00e7\u00e3o de im\u00f3veis registrados via <span style=\"color: #0000ff;\"><a style=\"color: #0000ff;\" href=\"https:\/\/adenilsongiovanini.com.br\/blog\/georreferenciamento-imoveis-rurais\/\">georreferenciamento de im\u00f3veis rurais<\/a><\/span>.<\/span><\/li>\n<\/ul>\n<p><span style=\"font-family: arial, helvetica, sans-serif; font-size: 20px; color: #000000;\">A documenta\u00e7\u00e3o necess\u00e1ria pode variar de cart\u00f3rio para cart\u00f3rio. Segue o documental exigido para a <span style=\"color: #0000ff;\"><a style=\"color: #0000ff;\" href=\"https:\/\/adenilsongiovanini.com.br\/blog\/4-tipos-retificacao-de-area\/\">retifica\u00e7\u00e3o extrajudicial<\/a><\/span> de \u00e1rea junto ao registro de im\u00f3veis de Montes Claros, Minas Gerais.<\/span><\/p>\n<ol>\n<li><span style=\"font-family: arial, helvetica, sans-serif; font-size: 20px; color: #000000;\">Requerimento com firmas reconhecidas;<\/span><\/li>\n<li><span style=\"font-family: arial, helvetica, sans-serif; font-size: 20px; color: #000000;\">Certid\u00e3o atualizada da<span style=\"color: #0000ff;\"><a style=\"color: #0000ff;\" href=\"https:\/\/adenilsongiovanini.com.br\/blog\/matricula-de-imovel\/\"> matr\u00edcula<\/a> <\/span>ou transcri\u00e7\u00e3o;<\/span><\/li>\n<li><span style=\"font-family: arial, helvetica, sans-serif; font-size: 20px; color: #000000;\">Certid\u00e3o de \u00f4nus e a\u00e7\u00f5es do Of\u00edcio do 1\u00ba Registro de Im\u00f3veis de Montes <\/span><span style=\"font-family: arial, helvetica, sans-serif; font-size: 20px; color: #000000;\">Claros\/MG, caso im\u00f3vel n\u00e3o esteja matriculado nesta Serventia;<\/span><\/li>\n<li><span style=\"font-family: arial, helvetica, sans-serif; font-size: 20px; color: #000000;\"><span style=\"color: #0000ff;\"><a style=\"color: #0000ff;\" href=\"https:\/\/adenilsongiovanini.com.br\/blog\/memorial-descritivo-levantamento-topografico\/\">Memorial descritivo<\/a><\/span>;<\/span><\/li>\n<li><span style=\"font-family: arial, helvetica, sans-serif; font-size: 20px; color: #000000;\"><span style=\"color: #0000ff;\"><a style=\"color: #0000ff;\" href=\"https:\/\/adenilsongiovanini.com.br\/blog\/planta-topografica-de-um-terreno\/\">Plantas<\/a><\/span>, com ART;<\/span><\/li>\n<li><span style=\"font-family: arial, helvetica, sans-serif; font-size: 20px; color: #000000;\">Carta de Anu\u00eancia;<\/span><\/li>\n<li><span style=\"font-family: arial, helvetica, sans-serif; font-size: 20px; color: #000000;\">Laudo de avalia\u00e7\u00e3o da \u00e1rea total do im\u00f3vel;<\/span><\/li>\n<li><span style=\"font-family: arial, helvetica, sans-serif; font-size: 20px; color: #000000;\">Certid\u00e3o da prefeitura;<\/span><\/li>\n<li><span style=\"font-family: arial, helvetica, sans-serif; font-size: 20px; color: #000000;\">Certid\u00e3o do INCRA\/MG;<\/span><\/li>\n<li><span style=\"font-family: arial, helvetica, sans-serif; font-size: 20px; color: #000000;\"><span style=\"color: #0000ff;\"><a style=\"color: #0000ff;\" href=\"https:\/\/adenilsongiovanini.com.br\/blog\/ccir-e-georreferenciamento-no-usucapiao-rural\/\">CCIR<\/a><\/span> e ITR;<\/span><\/li>\n<li><span style=\"font-family: arial, helvetica, sans-serif; font-size: 20px; color: #000000;\">Reserva Legal;<\/span><\/li>\n<li><span style=\"font-family: arial, helvetica, sans-serif; font-size: 20px; color: #000000;\">Georreferenciamento.<\/span><\/li>\n<\/ol>\n<p><span style=\"font-family: arial, helvetica, sans-serif; font-size: 20px; color: #000000;\">Os itens 9, 10, 11 e 12 s\u00e3o exclusivamente para o <span style=\"color: #0000ff;\"><a href=\"https:\/\/adenilsongiovanini.com.br\/blog\/curso-online-georreferenciamento\/\" style=\"color: #0000ff;\">Georreferenciamento de Im\u00f3veis Rurais<\/a><\/span>.<\/span><\/p>\n<h2 style=\"text-align: center;\">\n<span style=\"font-size: 24px;\"><strong><span style=\"font-family: arial, helvetica, sans-serif; color: #000000;\"> Requerimento retifica\u00e7\u00e3o de \u00e1rea<\/span><\/strong><\/span><\/h2>\n<p><span style=\"font-family: arial, helvetica, sans-serif; font-size: 20px; color: #000000;\">De acordo com o <span style=\"color: #0000ff;\"><a style=\"color: #0000ff;\" href=\"https:\/\/2rimc.com.br\/uploads\/arquivos\/RP01_-_2RIMC_-_ROTEIRO_DE_RETIFICA%C3%87%C3%83O_EXTRAJUDICIAL.pdf\">roteiro do 2RIMC<\/a>,<\/span> o requerimento com pedido de retifica\u00e7\u00e3o dever\u00e1 ser firmado pelos interessados pela <\/span><span style=\"font-family: arial, helvetica, sans-serif; font-size: 20px; color: #000000;\"><span style=\"color: #0000ff;\"><a href=\"https:\/\/adenilsongiovanini.com.br\/blog\/retificacao-de-area\/\" style=\"color: #0000ff;\">retifica\u00e7\u00e3o<\/a><\/span>.<\/span><\/p>\n<p><span style=\"font-family: arial, helvetica, sans-serif; font-size: 20px; color: #000000;\">Lembrando que normalmente os interessados pela retifica\u00e7\u00e3o s\u00e3o os <span style=\"color: #0000ff;\"><a style=\"color: #0000ff;\" href=\"https:\/\/adenilsongiovanini.com.br\/blog\/propriedade-e-posse-qual-a-diferenca\/\">propriet\u00e1rios<\/a> <span style=\"color: #000000;\">do im\u00f3vel.<\/span><\/span><\/span><\/p>\n<p><span style=\"font-family: arial, helvetica, sans-serif; font-size: 20px; color: #000000;\">Os mesmos devem apresentar as seguintes informa\u00e7\u00f5es no requerimento retifica\u00e7\u00e3o de \u00e1rea registro de im\u00f3veis:<\/span><\/p>\n<ul>\n<li><span style=\"font-family: arial, helvetica, sans-serif; font-size: 20px; color: #000000;\">RG;<\/span><\/li>\n<li><span style=\"font-family: arial, helvetica, sans-serif; font-size: 20px; color: #000000;\"> CPF;<\/span><\/li>\n<li><span style=\"font-family: arial, helvetica, sans-serif; font-size: 20px; color: #000000;\">Profiss\u00e3o;<\/span><\/li>\n<li><span style=\"font-family: arial, helvetica, sans-serif; font-size: 20px; color: #000000;\">Endere\u00e7o;<\/span><\/li>\n<li><span style=\"font-family: arial, helvetica, sans-serif; font-size: 20px; color: #000000;\">Estado <\/span><span style=\"font-family: arial, helvetica, sans-serif; font-size: 20px; color: #000000;\">civil (<\/span><span style=\"font-family: arial, helvetica, sans-serif; font-size: 20px; color: #000000;\">Se casado, constar qualifica\u00e7\u00e3o completa do(a) c\u00f4njuge e indica\u00e7\u00e3o do regime de <\/span><span style=\"font-family: arial, helvetica, sans-serif; font-size: 20px; color: #000000;\">casamento).<\/span><\/li>\n<\/ul>\n<p><span style=\"font-family: arial, helvetica, sans-serif; font-size: 20px; color: #000000;\">Veja abaixo um modelo de requerimento de retifica\u00e7\u00e3o de \u00e1rea:<\/span><\/p>\n<p><img decoding=\"async\" class=\"aligncenter size-full wp-image-21322\" src=\"https:\/\/adenilsongiovanini.com.br\/blog\/wp-content\/uploads\/2021\/07\/Requerimento-retificacao-de-area-registro-de-imoveis.png\" alt=\"modelo de requerimento retifica\u00e7\u00e3o de \u00e1rea\" width=\"668\" height=\"456\" srcset=\"https:\/\/adenilsongiovanini.com.br\/blog\/wp-content\/uploads\/2021\/07\/Requerimento-retificacao-de-area-registro-de-imoveis.png 668w, https:\/\/adenilsongiovanini.com.br\/blog\/wp-content\/uploads\/2021\/07\/Requerimento-retificacao-de-area-registro-de-imoveis-300x205.png 300w, https:\/\/adenilsongiovanini.com.br\/blog\/wp-content\/uploads\/2021\/07\/Requerimento-retificacao-de-area-registro-de-imoveis-320x218.png 320w, https:\/\/adenilsongiovanini.com.br\/blog\/wp-content\/uploads\/2021\/07\/Requerimento-retificacao-de-area-registro-de-imoveis-640x437.png 640w, https:\/\/adenilsongiovanini.com.br\/blog\/wp-content\/uploads\/2021\/07\/Requerimento-retificacao-de-area-registro-de-imoveis-360x246.png 360w\" sizes=\"(max-width: 668px) 100vw, 668px\" \/><\/p>\n<p><span style=\"font-family: arial, helvetica, sans-serif; font-size: 20px; color: #000000;\">O presente requerimento dever\u00e1 ser apresentado em 02 (duas) vias originais, podendo uma delas ser c\u00f3pia autenticada.<\/span><\/p>\n<p>&nbsp;<\/p>\n<h3 style=\"text-align: center;\"><strong><span style=\"font-family: arial, helvetica, sans-serif; font-size: 20px; color: #000000;\">Requerimento retifica\u00e7\u00e3o de \u00e1rea &#8211; Como proceder quando o requerente for uma pessoa jur\u00eddica<\/span><\/strong><\/h3>\n<p><img decoding=\"async\" class=\"aligncenter wp-image-23422 size-large\" src=\"https:\/\/adenilsongiovanini.com.br\/blog\/wp-content\/uploads\/2021\/08\/requerimento-retificacao-de-area-pessoa-juridica-780x448.jpg\" alt=\"como proceder quando o requerente for uma pessoa jur\u00eddica\" width=\"780\" height=\"448\" srcset=\"https:\/\/adenilsongiovanini.com.br\/blog\/wp-content\/uploads\/2021\/08\/requerimento-retificacao-de-area-pessoa-juridica-780x448.jpg 780w, https:\/\/adenilsongiovanini.com.br\/blog\/wp-content\/uploads\/2021\/08\/requerimento-retificacao-de-area-pessoa-juridica-300x172.jpg 300w, https:\/\/adenilsongiovanini.com.br\/blog\/wp-content\/uploads\/2021\/08\/requerimento-retificacao-de-area-pessoa-juridica-768x441.jpg 768w, https:\/\/adenilsongiovanini.com.br\/blog\/wp-content\/uploads\/2021\/08\/requerimento-retificacao-de-area-pessoa-juridica.jpg 870w\" sizes=\"(max-width: 780px) 100vw, 780px\" \/><\/p>\n<p><span style=\"font-family: arial, helvetica, sans-serif; font-size: 20px; color: #000000;\">Caso o requerente seja uma pessoa jur\u00eddica, o mesmo precisar\u00e1 anexar ao requerimento, em vias originais ou c\u00f3pias autenticadas:<\/span><\/p>\n<ul>\n<li><span style=\"font-family: arial, helvetica, sans-serif; font-size: 20px; color: #000000;\">O <\/span><span style=\"font-family: arial, helvetica, sans-serif; font-size: 20px; color: #000000;\">Estatuto\/Contrato Social da empresa;<\/span><\/li>\n<li><span style=\"font-family: arial, helvetica, sans-serif; font-size: 20px; color: #000000;\"> Demais altera\u00e7\u00f5es contratuais existentes, <\/span><span style=\"font-family: arial, helvetica, sans-serif; font-size: 20px; color: #000000;\">devidamente <\/span><span style=\"font-family: arial, helvetica, sans-serif; font-size: 20px; color: #000000;\">registradas na Junta Comercial competente.<\/span><\/li>\n<\/ul>\n<p><span style=\"font-family: arial, helvetica, sans-serif; font-size: 20px; color: #000000;\">Estes documentos dever\u00e3o estar acompanhados da Certid\u00e3o Simplifica da Junta <\/span><span style=\"font-family: arial, helvetica, sans-serif; font-size: 20px; color: #000000;\">Comercial, a qual dever\u00e1 ter sido expedida em um prazo m\u00e1ximo de at\u00e9 30 dias. <\/span><\/p>\n<p>&nbsp;<\/p>\n<h3 style=\"text-align: center;\"><span style=\"font-size: 20px;\"><strong><span style=\"font-family: arial, helvetica, sans-serif; color: #000000;\"><span style=\"font-family: arial, helvetica, sans-serif; color: #000000;\">Representa\u00e7\u00e3o por <\/span><span style=\"font-family: arial, helvetica, sans-serif; color: #000000;\">procura\u00e7\u00e3o na <\/span>retifica\u00e7\u00e3o de \u00e1rea<\/span><\/strong><\/span><\/h3>\n<p><img decoding=\"async\" class=\"aligncenter wp-image-22369 size-large\" src=\"https:\/\/adenilsongiovanini.com.br\/blog\/wp-content\/uploads\/2017\/12\/Principio-da-continuidade-780x408.jpg\" alt=\"retifica\u00e7\u00e3o de \u00e1rea\" width=\"780\" height=\"408\" srcset=\"https:\/\/adenilsongiovanini.com.br\/blog\/wp-content\/uploads\/2017\/12\/Principio-da-continuidade-780x408.jpg 780w, https:\/\/adenilsongiovanini.com.br\/blog\/wp-content\/uploads\/2017\/12\/Principio-da-continuidade-300x157.jpg 300w, https:\/\/adenilsongiovanini.com.br\/blog\/wp-content\/uploads\/2017\/12\/Principio-da-continuidade-768x401.jpg 768w, https:\/\/adenilsongiovanini.com.br\/blog\/wp-content\/uploads\/2017\/12\/Principio-da-continuidade.jpg 1200w\" sizes=\"(max-width: 780px) 100vw, 780px\" \/><\/p>\n<p><span style=\"font-family: arial, helvetica, sans-serif; font-size: 20px; color: #000000;\">No caso da representa\u00e7\u00e3o via procura\u00e7\u00e3o, o solicitante deve anexar ao requerimento, em via original ou c\u00f3pia <\/span><span style=\"font-family: arial, helvetica, sans-serif; font-size: 20px; color: #000000;\">autenticada, a procura\u00e7\u00e3o que concede poderes espec\u00edficos ao procurador para requerer a <\/span><span style=\"font-family: arial, helvetica, sans-serif; font-size: 20px; color: #000000;\">retifica\u00e7\u00e3o. <\/span><\/p>\n<p>&nbsp;<\/p>\n<h3 style=\"text-align: center;\"><span style=\"font-size: 20px;\"><strong><span style=\"font-family: arial, helvetica, sans-serif; color: #000000;\"><span style=\"font-family: arial, helvetica, sans-serif; font-size: 20px; color: #000000;\">Requerimento retifica\u00e7\u00e3o de \u00e1rea &#8211; <\/span>Retifica\u00e7\u00e3o de descri\u00e7\u00e3o tabular de im\u00f3vel em condom\u00ednio<\/span><\/strong><\/span><\/h3>\n<p><span style=\"font-family: arial, helvetica, sans-serif; font-size: 20px; color: #000000;\">No caso de retifica\u00e7\u00e3o da descri\u00e7\u00e3o tabular de im\u00f3vel em condom\u00ednio, todos os propriet\u00e1rios <\/span><span style=\"font-family: arial, helvetica, sans-serif; font-size: 20px; color: #000000;\">dever\u00e3o requerer em conjunto. Na falta de um ou mais cond\u00f4minos, isso pode ser suprido pela <\/span><span style=\"font-family: arial, helvetica, sans-serif; font-size: 20px; color: #000000;\">notifica\u00e7\u00e3o (inclusive dos c\u00f4njuges).<\/span><\/p>\n<p><span style=\"font-family: arial, helvetica, sans-serif; font-size: 20px; color: #000000;\">Todas as assinaturas apostas no requerimento dever\u00e3o ser reconhecidas por tabeli\u00e3o, e o <\/span><span style=\"font-family: arial, helvetica, sans-serif; font-size: 20px; color: #000000;\">requerimento dever\u00e1 trazer a declara\u00e7\u00e3o de auto &#8211; responsabiliza\u00e7\u00e3o, ou seja, de que <\/span><span style=\"font-family: arial, helvetica, sans-serif; font-size: 20px; color: #000000;\">\u201cdeclaramos, sob as penas da lei, que todas as informa\u00e7\u00f5es apresentadas com este <\/span><span style=\"font-family: arial, helvetica, sans-serif; font-size: 20px; color: #000000;\">requerimento s\u00e3o a express\u00e3o da verdade\u201d.<\/span><\/p>\n<p>&nbsp;<\/p>\n<h2 style=\"text-align: center;\"><strong><span style=\"font-family: arial, helvetica, sans-serif; font-size: 24px; color: #000000;\">Conhe\u00e7a os 4 tipos existentes de retifica\u00e7\u00e3o de \u00e1rea extrajudicial<\/span><\/strong><\/h2>\n<p><img decoding=\"async\" class=\"lazy attachment-large size-large wp-post-image lazy-loaded aligncenter\" style=\"color: #000000; font-family: arial, helvetica, sans-serif; font-size: 20px;\" src=\"https:\/\/adenilsongiovanini.com.br\/blog\/wp-content\/uploads\/2017\/12\/retifica%C3%A7%C3%A3o-de-%C3%A1rea-780x407.png\" sizes=\"(max-width: 780px) 100vw, 780px\" srcset=\"https:\/\/adenilsongiovanini.com.br\/blog\/wp-content\/uploads\/2017\/12\/retifica\u00e7\u00e3o-de-\u00e1rea-780x407.png 780w, https:\/\/adenilsongiovanini.com.br\/blog\/wp-content\/uploads\/2017\/12\/retifica\u00e7\u00e3o-de-\u00e1rea-300x156.png 300w, https:\/\/adenilsongiovanini.com.br\/blog\/wp-content\/uploads\/2017\/12\/retifica\u00e7\u00e3o-de-\u00e1rea-768x400.png 768w, https:\/\/adenilsongiovanini.com.br\/blog\/wp-content\/uploads\/2017\/12\/retifica\u00e7\u00e3o-de-\u00e1rea.png 1153w\" alt=\"os 4 tipos existentes de retifica\u00e7\u00e3o de \u00e1rea extrajudicial\" width=\"780\" height=\"407\" data-lazy-type=\"image\" data-lazy-src=\"https:\/\/adenilsongiovanini.com.br\/blog\/wp-content\/uploads\/2017\/12\/retifica\u00e7\u00e3o-de-\u00e1rea-780x407.png\" data-lazy-srcset=\"https:\/\/adenilsongiovanini.com.br\/blog\/wp-content\/uploads\/2017\/12\/retifica\u00e7\u00e3o-de-\u00e1rea-780x407.png 780w, https:\/\/adenilsongiovanini.com.br\/blog\/wp-content\/uploads\/2017\/12\/retifica\u00e7\u00e3o-de-\u00e1rea-300x156.png 300w, https:\/\/adenilsongiovanini.com.br\/blog\/wp-content\/uploads\/2017\/12\/retifica\u00e7\u00e3o-de-\u00e1rea-768x400.png 768w, https:\/\/adenilsongiovanini.com.br\/blog\/wp-content\/uploads\/2017\/12\/retifica\u00e7\u00e3o-de-\u00e1rea.png 1153w\" data-lazy-sizes=\"(max-width: 780px) 100vw, 780px\" \/><\/p>\n<p><span style=\"font-family: arial, helvetica, sans-serif; font-size: 20px; color: #000000;\">Agora que voc\u00ea sabe como proceder na protocola\u00e7\u00e3o de um requerimento retifica\u00e7\u00e3o de \u00e1rea, que tal conhecer os 4 tipos de<span style=\"color: #0000ff;\"><a href=\"https:\/\/adenilsongiovanini.com.br\/blog\/retificacao-extrajudicial-os-4-tipos-existentes\/\" style=\"color: #0000ff;\"> retifica\u00e7\u00e3o de \u00e1rea extrajudicial<\/a><\/span> existentes.<\/span><\/p>\n<p><span style=\"font-family: arial, helvetica, sans-serif; font-size: 20px; color: #000000;\">Para isso \u00e9 \u00e9 s\u00f3 <span style=\"color: #0000ff;\"><a style=\"color: #0000ff;\" href=\"https:\/\/adenilsongiovanini.com.br\/blog\/4-tipos-retificacao-de-area\/\">acessar este link<\/a><\/span>.<\/span><\/p>\n<p>&nbsp;<\/p>\n<p>&nbsp;<\/p>\n<h2 style=\"text-align: center;\"><span style=\"font-family: arial, helvetica, sans-serif; color: #000000; font-size: 24px;\"><strong>Domine a Topografia Cadastral atrav\u00e9s de um livro formado por centenas de exemplos pr\u00e1ticos <\/strong><\/span><\/h2>\n<h2 style=\"text-align: center;\"><span style=\"font-size: 20px;\"><a href=\"https:\/\/adenilsongiovanini.com.br\/georreferenciamento-de-imoveis-rurais-na-pratica\/\" rel=\"nofollow noreferrer\"><img decoding=\"async\" class=\"aligncenter size-large wp-image-19317\" src=\"https:\/\/adenilsongiovanini.com.br\/blog\/wp-content\/uploads\/2021\/04\/livro-de-topografia-e-georreferenciamento-1024x474.png\" sizes=\"(max-width: 1024px) 100vw, 1024px\" srcset=\"https:\/\/adenilsongiovanini.com.br\/blog\/wp-content\/uploads\/2021\/04\/livro-de-topografia-e-georreferenciamento-1024x474.png 1024w, https:\/\/adenilsongiovanini.com.br\/blog\/wp-content\/uploads\/2021\/04\/livro-de-topografia-e-georreferenciamento-300x139.png 300w, https:\/\/adenilsongiovanini.com.br\/blog\/wp-content\/uploads\/2021\/04\/livro-de-topografia-e-georreferenciamento-768x355.png 768w, https:\/\/adenilsongiovanini.com.br\/blog\/wp-content\/uploads\/2021\/04\/livro-de-topografia-e-georreferenciamento-1536x711.png 1536w, https:\/\/adenilsongiovanini.com.br\/blog\/wp-content\/uploads\/2021\/04\/livro-de-topografia-e-georreferenciamento-320x148.png 320w, https:\/\/adenilsongiovanini.com.br\/blog\/wp-content\/uploads\/2021\/04\/livro-de-topografia-e-georreferenciamento-640x296.png 640w, https:\/\/adenilsongiovanini.com.br\/blog\/wp-content\/uploads\/2021\/04\/livro-de-topografia-e-georreferenciamento-360x167.png 360w, https:\/\/adenilsongiovanini.com.br\/blog\/wp-content\/uploads\/2021\/04\/livro-de-topografia-e-georreferenciamento-720x333.png 720w, https:\/\/adenilsongiovanini.com.br\/blog\/wp-content\/uploads\/2021\/04\/livro-de-topografia-e-georreferenciamento-1080x500.png 1080w, https:\/\/adenilsongiovanini.com.br\/blog\/wp-content\/uploads\/2021\/04\/livro-de-topografia-e-georreferenciamento-800x370.png 800w, https:\/\/adenilsongiovanini.com.br\/blog\/wp-content\/uploads\/2021\/04\/livro-de-topografia-e-georreferenciamento-1280x592.png 1280w, https:\/\/adenilsongiovanini.com.br\/blog\/wp-content\/uploads\/2021\/04\/livro-de-topografia-e-georreferenciamento.png 1565w\" alt=\"livro de topografia e georreferenciamento\" width=\"1024\" height=\"474\" \/><\/a><\/span><\/h2>\n<p><span style=\"font-family: arial, helvetica, sans-serif; font-size: 20px; color: #000000;\">Voc\u00ea quer dominar a Topografia Cadastral?<\/span><\/p>\n<p><span style=\"font-family: arial, helvetica, sans-serif; font-size: 20px; color: #000000;\">Ent\u00e3o eu tenho uma \u00f3tima noticia para voc\u00ea. Me refiro ao <span style=\"color: #0000ff;\"><a style=\"color: #0000ff;\" href=\"https:\/\/adenilsongiovanini.com.br\/georreferenciamento-de-imoveis-rurais-na-pratica\/\" rel=\"nofollow noreferrer\">livro Topografia Cadastral e Georreferenciamento de Im\u00f3veis Rurais na Pr\u00e1tica<\/a><\/span>.<\/span><\/p>\n<p><span style=\"font-size: 20px;\"><span style=\"font-family: arial, helvetica, sans-serif; color: #000000;\">O mesmo \u00e9 dividido em 10 cap\u00edtulos recheados com muitos estudos de caso e exemplos pr\u00e1ticos. D\u00ea uma espiadinha no sum\u00e1rio do mesmo:<\/span><\/span><\/p>\n<p><center><iframe width=\"99%\" height=\"980\" src=\"https:\/\/drive.google.com\/file\/d\/1HJ8fZz1PvPmftfXHJNFTvIBBzY_FZhPJ\/preview\" data-mce-fragment=\"1\"><span data-mce-type=\"bookmark\" style=\"display: inline-block; width: 0px; overflow: hidden; line-height: 0;\" class=\"mce_SELRES_start\">\ufeff<\/span><\/iframe><\/center><\/p>\n<p><span style=\"font-size: 20px;\"><span style=\"font-family: arial, helvetica, sans-serif; color: #000000;\">Para conhecer melhor a estrutura do livro, juntar-se a mais de 800 profissionais e adquirir sua c\u00f3pia \u00e9 s\u00f3 clicar no bot\u00e3o abaixo:<\/span><\/span><\/p>\n<p><span style=\"color: #000000; font-size: 20px;\"><div class=\"su-button-center\"><a href=\"https:\/\/adenilsongiovanini.com.br\/georreferenciamento-de-imoveis-rurais-na-pratica\/\" class=\"su-button su-button-style-3d\" style=\"color:#000000;background-color:#2BCC2F;border-color:#23a426;border-radius:9px\" target=\"_blank\" rel=\"nofollow\" id=\"1\"><span style=\"color:#000000;padding:0px 24px;font-size:18px;line-height:36px;border-color:#6bdc6e;border-radius:9px;text-shadow:0px 0px 0px #000000\"> \u279c Quero Conhecer Melhor o Livro, Pois Quero e Preciso Aprender Mais Sobre Legisla\u00e7\u00e3o Cadastral e Geo. de Im\u00f3veis Rurais<\/span><\/a><\/div><\/span><\/p>\n","protected":false},"excerpt":{"rendered":"<p>O requerimento retifica\u00e7\u00e3o de \u00e1rea \u00e9 o documento exigido pelo profissional de registro para a retifica\u00e7\u00e3o de um registro. Na realidade, para a solicita\u00e7\u00e3o de uma retifica\u00e7\u00e3o de \u00e1rea, existe todo um documental, o qual \u00e9 exigido pelo profissional de registro de im\u00f3veis, sendo que o Agrimensor deve apresentar informa\u00e7\u00f5es [&hellip;]<\/p>\n","protected":false},"author":1,"featured_media":19363,"comment_status":"closed","ping_status":"closed","sticky":false,"template":"","format":"standard","meta":{"_monsterinsights_skip_tracking":false,"_monsterinsights_sitenote_active":false,"_monsterinsights_sitenote_note":"","_monsterinsights_sitenote_category":0,"footnotes":""},"categories":[33,9],"tags":[],"class_list":["post-23421","post","type-post","status-publish","format-standard","has-post-thumbnail","hentry","category-desmembramento","category-topografia-cadastral"],"yoast_head":"<!-- This site is optimized with the Yoast SEO plugin v26.5 - https:\/\/yoast.com\/wordpress\/plugins\/seo\/ -->\n<title>Requerimento Retifica\u00e7\u00e3o de \u00c1rea? - Adenilson Giovanini<\/title>\n<meta name=\"description\" content=\"Descubra o que \u00e9 o requerimento retifica\u00e7\u00e3o de \u00e1rea, veja um modelo de requerimento e aprenda como proceder nas diferentes situa\u00e7\u00f5es.\" \/>\n<meta name=\"robots\" content=\"index, follow, max-snippet:-1, max-image-preview:large, max-video-preview:-1\" \/>\n<link rel=\"canonical\" href=\"https:\/\/adenilsongiovanini.com.br\/blog\/requerimento-retificacao-de-area\/\" \/>\n<meta property=\"og:locale\" content=\"pt_BR\" \/>\n<meta property=\"og:type\" content=\"article\" \/>\n<meta property=\"og:title\" content=\"Requerimento Retifica\u00e7\u00e3o de \u00c1rea? - Adenilson Giovanini\" \/>\n<meta property=\"og:description\" content=\"Descubra o que \u00e9 o requerimento retifica\u00e7\u00e3o de \u00e1rea, veja um modelo de requerimento e aprenda como proceder nas diferentes situa\u00e7\u00f5es.\" \/>\n<meta property=\"og:url\" content=\"https:\/\/adenilsongiovanini.com.br\/blog\/requerimento-retificacao-de-area\/\" \/>\n<meta property=\"og:site_name\" content=\"Adenilson Giovanini\" \/>\n<meta property=\"article:publisher\" content=\"https:\/\/www.facebook.com\/otopografo\/\" \/>\n<meta property=\"article:author\" content=\"https:\/\/www.facebook.com\/otopografo\/\" \/>\n<meta property=\"article:published_time\" content=\"2021-08-13T00:38:20+00:00\" \/>\n<meta property=\"article:modified_time\" content=\"2022-08-16T11:31:44+00:00\" \/>\n<meta property=\"og:image\" content=\"https:\/\/adenilsongiovanini.com.br\/blog\/wp-content\/uploads\/2021\/04\/retificacao-aumento-de-area.png\" \/>\n\t<meta property=\"og:image:width\" content=\"1218\" \/>\n\t<meta property=\"og:image:height\" content=\"667\" \/>\n\t<meta property=\"og:image:type\" content=\"image\/png\" \/>\n<meta name=\"author\" content=\"Adenilson Giovanini\" \/>\n<meta name=\"twitter:card\" content=\"summary_large_image\" \/>\n<meta name=\"twitter:label1\" content=\"Escrito por\" \/>\n\t<meta name=\"twitter:data1\" content=\"Adenilson Giovanini\" \/>\n\t<meta name=\"twitter:label2\" content=\"Est. tempo de leitura\" \/>\n\t<meta name=\"twitter:data2\" content=\"5 minutos\" \/>\n<script type=\"application\/ld+json\" class=\"yoast-schema-graph\">{\"@context\":\"https:\/\/schema.org\",\"@graph\":[{\"@type\":\"Article\",\"@id\":\"https:\/\/adenilsongiovanini.com.br\/blog\/requerimento-retificacao-de-area\/#article\",\"isPartOf\":{\"@id\":\"https:\/\/adenilsongiovanini.com.br\/blog\/requerimento-retificacao-de-area\/\"},\"author\":{\"name\":\"Adenilson Giovanini\",\"@id\":\"https:\/\/adenilsongiovanini.com.br\/blog\/#\/schema\/person\/9c1daa7da73c116aae2cb0568d1daa23\"},\"headline\":\"Requerimento Retifica\u00e7\u00e3o de \u00c1rea?\",\"datePublished\":\"2021-08-13T00:38:20+00:00\",\"dateModified\":\"2022-08-16T11:31:44+00:00\",\"mainEntityOfPage\":{\"@id\":\"https:\/\/adenilsongiovanini.com.br\/blog\/requerimento-retificacao-de-area\/\"},\"wordCount\":816,\"publisher\":{\"@id\":\"https:\/\/adenilsongiovanini.com.br\/blog\/#\/schema\/person\/9c1daa7da73c116aae2cb0568d1daa23\"},\"image\":{\"@id\":\"https:\/\/adenilsongiovanini.com.br\/blog\/requerimento-retificacao-de-area\/#primaryimage\"},\"thumbnailUrl\":\"https:\/\/adenilsongiovanini.com.br\/blog\/wp-content\/uploads\/2021\/04\/retificacao-aumento-de-area.png\",\"articleSection\":[\"Parcelamento do solo\",\"Topografia Cadastral\"],\"inLanguage\":\"pt-BR\"},{\"@type\":\"WebPage\",\"@id\":\"https:\/\/adenilsongiovanini.com.br\/blog\/requerimento-retificacao-de-area\/\",\"url\":\"https:\/\/adenilsongiovanini.com.br\/blog\/requerimento-retificacao-de-area\/\",\"name\":\"Requerimento Retifica\u00e7\u00e3o de \u00c1rea? - Adenilson Giovanini\",\"isPartOf\":{\"@id\":\"https:\/\/adenilsongiovanini.com.br\/blog\/#website\"},\"primaryImageOfPage\":{\"@id\":\"https:\/\/adenilsongiovanini.com.br\/blog\/requerimento-retificacao-de-area\/#primaryimage\"},\"image\":{\"@id\":\"https:\/\/adenilsongiovanini.com.br\/blog\/requerimento-retificacao-de-area\/#primaryimage\"},\"thumbnailUrl\":\"https:\/\/adenilsongiovanini.com.br\/blog\/wp-content\/uploads\/2021\/04\/retificacao-aumento-de-area.png\",\"datePublished\":\"2021-08-13T00:38:20+00:00\",\"dateModified\":\"2022-08-16T11:31:44+00:00\",\"description\":\"Descubra o que \u00e9 o requerimento retifica\u00e7\u00e3o de \u00e1rea, veja um modelo de requerimento e aprenda como proceder nas diferentes situa\u00e7\u00f5es.\",\"breadcrumb\":{\"@id\":\"https:\/\/adenilsongiovanini.com.br\/blog\/requerimento-retificacao-de-area\/#breadcrumb\"},\"inLanguage\":\"pt-BR\",\"potentialAction\":[{\"@type\":\"ReadAction\",\"target\":[\"https:\/\/adenilsongiovanini.com.br\/blog\/requerimento-retificacao-de-area\/\"]}]},{\"@type\":\"ImageObject\",\"inLanguage\":\"pt-BR\",\"@id\":\"https:\/\/adenilsongiovanini.com.br\/blog\/requerimento-retificacao-de-area\/#primaryimage\",\"url\":\"https:\/\/adenilsongiovanini.com.br\/blog\/wp-content\/uploads\/2021\/04\/retificacao-aumento-de-area.png\",\"contentUrl\":\"https:\/\/adenilsongiovanini.com.br\/blog\/wp-content\/uploads\/2021\/04\/retificacao-aumento-de-area.png\",\"width\":1218,\"height\":667},{\"@type\":\"BreadcrumbList\",\"@id\":\"https:\/\/adenilsongiovanini.com.br\/blog\/requerimento-retificacao-de-area\/#breadcrumb\",\"itemListElement\":[{\"@type\":\"ListItem\",\"position\":1,\"name\":\"Home\",\"item\":\"https:\/\/adenilsongiovanini.com.br\/blog\/\"},{\"@type\":\"ListItem\",\"position\":2,\"name\":\"Requerimento Retifica\u00e7\u00e3o de \u00c1rea?\"}]},{\"@type\":\"WebSite\",\"@id\":\"https:\/\/adenilsongiovanini.com.br\/blog\/#website\",\"url\":\"https:\/\/adenilsongiovanini.com.br\/blog\/\",\"name\":\"Adenilson Giovanini\",\"description\":\"Topografia e Geotecnologias\",\"publisher\":{\"@id\":\"https:\/\/adenilsongiovanini.com.br\/blog\/#\/schema\/person\/9c1daa7da73c116aae2cb0568d1daa23\"},\"potentialAction\":[{\"@type\":\"SearchAction\",\"target\":{\"@type\":\"EntryPoint\",\"urlTemplate\":\"https:\/\/adenilsongiovanini.com.br\/blog\/?s={search_term_string}\"},\"query-input\":{\"@type\":\"PropertyValueSpecification\",\"valueRequired\":true,\"valueName\":\"search_term_string\"}}],\"inLanguage\":\"pt-BR\"},{\"@type\":[\"Person\",\"Organization\"],\"@id\":\"https:\/\/adenilsongiovanini.com.br\/blog\/#\/schema\/person\/9c1daa7da73c116aae2cb0568d1daa23\",\"name\":\"Adenilson Giovanini\",\"image\":{\"@type\":\"ImageObject\",\"inLanguage\":\"pt-BR\",\"@id\":\"https:\/\/adenilsongiovanini.com.br\/blog\/#\/schema\/person\/image\/\",\"url\":\"https:\/\/adenilsongiovanini.com.br\/blog\/wp-content\/litespeed\/avatar\/be8f4de5c0b8a93c57a4f29cbf2f1e92.jpg?ver=1777130135\",\"contentUrl\":\"https:\/\/adenilsongiovanini.com.br\/blog\/wp-content\/litespeed\/avatar\/be8f4de5c0b8a93c57a4f29cbf2f1e92.jpg?ver=1777130135\",\"caption\":\"Adenilson Giovanini\"},\"logo\":{\"@id\":\"https:\/\/adenilsongiovanini.com.br\/blog\/#\/schema\/person\/image\/\"},\"description\":\"O Professor Adenilson Giovanini \u00e9 especialista em Topografia Cadastral e Georreferenciamento de Im\u00f3veis Rurais. O mesmo possui o Maior Site de Engenharia de Agrimensura do Brasil. Site este que tem mais de 102.000 visualiza\u00e7\u00f5es por m\u00eas. Tamb\u00e9m possui mais de 600 v\u00eddeos em seu canal no youtube. Al\u00e9m disso, \u00e9 escritor Best Seller, possuindo v\u00e1rios cursos e livros de sucesso.\",\"sameAs\":[\"http:\/\/adenilsongiovanini.com.br\",\"https:\/\/www.facebook.com\/otopografo\/\",\"https:\/\/www.instagram.com\/adenilson_giovanini\/\",\"https:\/\/www.linkedin.com\/in\/adenilson-giovanini-819b8035\/\",\"https:\/\/br.pinterest.com\/adenilsongiovanini\/\",\"https:\/\/www.youtube.com\/channel\/uce-br7ghiuog2txcsdx5vrw\"]}]}<\/script>\n<!-- \/ Yoast SEO plugin. -->","yoast_head_json":{"title":"Requerimento Retifica\u00e7\u00e3o de \u00c1rea? - Adenilson Giovanini","description":"Descubra o que \u00e9 o requerimento retifica\u00e7\u00e3o de \u00e1rea, veja um modelo de requerimento e aprenda como proceder nas diferentes situa\u00e7\u00f5es.","robots":{"index":"index","follow":"follow","max-snippet":"max-snippet:-1","max-image-preview":"max-image-preview:large","max-video-preview":"max-video-preview:-1"},"canonical":"https:\/\/adenilsongiovanini.com.br\/blog\/requerimento-retificacao-de-area\/","og_locale":"pt_BR","og_type":"article","og_title":"Requerimento Retifica\u00e7\u00e3o de \u00c1rea? - Adenilson Giovanini","og_description":"Descubra o que \u00e9 o requerimento retifica\u00e7\u00e3o de \u00e1rea, veja um modelo de requerimento e aprenda como proceder nas diferentes situa\u00e7\u00f5es.","og_url":"https:\/\/adenilsongiovanini.com.br\/blog\/requerimento-retificacao-de-area\/","og_site_name":"Adenilson Giovanini","article_publisher":"https:\/\/www.facebook.com\/otopografo\/","article_author":"https:\/\/www.facebook.com\/otopografo\/","article_published_time":"2021-08-13T00:38:20+00:00","article_modified_time":"2022-08-16T11:31:44+00:00","og_image":[{"width":1218,"height":667,"url":"https:\/\/adenilsongiovanini.com.br\/blog\/wp-content\/uploads\/2021\/04\/retificacao-aumento-de-area.png","type":"image\/png"}],"author":"Adenilson Giovanini","twitter_card":"summary_large_image","twitter_misc":{"Escrito por":"Adenilson Giovanini","Est. tempo de leitura":"5 minutos"},"schema":{"@context":"https:\/\/schema.org","@graph":[{"@type":"Article","@id":"https:\/\/adenilsongiovanini.com.br\/blog\/requerimento-retificacao-de-area\/#article","isPartOf":{"@id":"https:\/\/adenilsongiovanini.com.br\/blog\/requerimento-retificacao-de-area\/"},"author":{"name":"Adenilson Giovanini","@id":"https:\/\/adenilsongiovanini.com.br\/blog\/#\/schema\/person\/9c1daa7da73c116aae2cb0568d1daa23"},"headline":"Requerimento Retifica\u00e7\u00e3o de \u00c1rea?","datePublished":"2021-08-13T00:38:20+00:00","dateModified":"2022-08-16T11:31:44+00:00","mainEntityOfPage":{"@id":"https:\/\/adenilsongiovanini.com.br\/blog\/requerimento-retificacao-de-area\/"},"wordCount":816,"publisher":{"@id":"https:\/\/adenilsongiovanini.com.br\/blog\/#\/schema\/person\/9c1daa7da73c116aae2cb0568d1daa23"},"image":{"@id":"https:\/\/adenilsongiovanini.com.br\/blog\/requerimento-retificacao-de-area\/#primaryimage"},"thumbnailUrl":"https:\/\/adenilsongiovanini.com.br\/blog\/wp-content\/uploads\/2021\/04\/retificacao-aumento-de-area.png","articleSection":["Parcelamento do solo","Topografia Cadastral"],"inLanguage":"pt-BR"},{"@type":"WebPage","@id":"https:\/\/adenilsongiovanini.com.br\/blog\/requerimento-retificacao-de-area\/","url":"https:\/\/adenilsongiovanini.com.br\/blog\/requerimento-retificacao-de-area\/","name":"Requerimento Retifica\u00e7\u00e3o de \u00c1rea? - Adenilson Giovanini","isPartOf":{"@id":"https:\/\/adenilsongiovanini.com.br\/blog\/#website"},"primaryImageOfPage":{"@id":"https:\/\/adenilsongiovanini.com.br\/blog\/requerimento-retificacao-de-area\/#primaryimage"},"image":{"@id":"https:\/\/adenilsongiovanini.com.br\/blog\/requerimento-retificacao-de-area\/#primaryimage"},"thumbnailUrl":"https:\/\/adenilsongiovanini.com.br\/blog\/wp-content\/uploads\/2021\/04\/retificacao-aumento-de-area.png","datePublished":"2021-08-13T00:38:20+00:00","dateModified":"2022-08-16T11:31:44+00:00","description":"Descubra o que \u00e9 o requerimento retifica\u00e7\u00e3o de \u00e1rea, veja um modelo de requerimento e aprenda como proceder nas diferentes situa\u00e7\u00f5es.","breadcrumb":{"@id":"https:\/\/adenilsongiovanini.com.br\/blog\/requerimento-retificacao-de-area\/#breadcrumb"},"inLanguage":"pt-BR","potentialAction":[{"@type":"ReadAction","target":["https:\/\/adenilsongiovanini.com.br\/blog\/requerimento-retificacao-de-area\/"]}]},{"@type":"ImageObject","inLanguage":"pt-BR","@id":"https:\/\/adenilsongiovanini.com.br\/blog\/requerimento-retificacao-de-area\/#primaryimage","url":"https:\/\/adenilsongiovanini.com.br\/blog\/wp-content\/uploads\/2021\/04\/retificacao-aumento-de-area.png","contentUrl":"https:\/\/adenilsongiovanini.com.br\/blog\/wp-content\/uploads\/2021\/04\/retificacao-aumento-de-area.png","width":1218,"height":667},{"@type":"BreadcrumbList","@id":"https:\/\/adenilsongiovanini.com.br\/blog\/requerimento-retificacao-de-area\/#breadcrumb","itemListElement":[{"@type":"ListItem","position":1,"name":"Home","item":"https:\/\/adenilsongiovanini.com.br\/blog\/"},{"@type":"ListItem","position":2,"name":"Requerimento Retifica\u00e7\u00e3o de \u00c1rea?"}]},{"@type":"WebSite","@id":"https:\/\/adenilsongiovanini.com.br\/blog\/#website","url":"https:\/\/adenilsongiovanini.com.br\/blog\/","name":"Adenilson Giovanini","description":"Topografia e Geotecnologias","publisher":{"@id":"https:\/\/adenilsongiovanini.com.br\/blog\/#\/schema\/person\/9c1daa7da73c116aae2cb0568d1daa23"},"potentialAction":[{"@type":"SearchAction","target":{"@type":"EntryPoint","urlTemplate":"https:\/\/adenilsongiovanini.com.br\/blog\/?s={search_term_string}"},"query-input":{"@type":"PropertyValueSpecification","valueRequired":true,"valueName":"search_term_string"}}],"inLanguage":"pt-BR"},{"@type":["Person","Organization"],"@id":"https:\/\/adenilsongiovanini.com.br\/blog\/#\/schema\/person\/9c1daa7da73c116aae2cb0568d1daa23","name":"Adenilson Giovanini","image":{"@type":"ImageObject","inLanguage":"pt-BR","@id":"https:\/\/adenilsongiovanini.com.br\/blog\/#\/schema\/person\/image\/","url":"https:\/\/adenilsongiovanini.com.br\/blog\/wp-content\/litespeed\/avatar\/be8f4de5c0b8a93c57a4f29cbf2f1e92.jpg?ver=1777130135","contentUrl":"https:\/\/adenilsongiovanini.com.br\/blog\/wp-content\/litespeed\/avatar\/be8f4de5c0b8a93c57a4f29cbf2f1e92.jpg?ver=1777130135","caption":"Adenilson Giovanini"},"logo":{"@id":"https:\/\/adenilsongiovanini.com.br\/blog\/#\/schema\/person\/image\/"},"description":"O Professor Adenilson Giovanini \u00e9 especialista em Topografia Cadastral e Georreferenciamento de Im\u00f3veis Rurais. O mesmo possui o Maior Site de Engenharia de Agrimensura do Brasil. Site este que tem mais de 102.000 visualiza\u00e7\u00f5es por m\u00eas. Tamb\u00e9m possui mais de 600 v\u00eddeos em seu canal no youtube. Al\u00e9m disso, \u00e9 escritor Best Seller, possuindo v\u00e1rios cursos e livros de sucesso.","sameAs":["http:\/\/adenilsongiovanini.com.br","https:\/\/www.facebook.com\/otopografo\/","https:\/\/www.instagram.com\/adenilson_giovanini\/","https:\/\/www.linkedin.com\/in\/adenilson-giovanini-819b8035\/","https:\/\/br.pinterest.com\/adenilsongiovanini\/","https:\/\/www.youtube.com\/channel\/uce-br7ghiuog2txcsdx5vrw"]}]}},"amp_enabled":true,"_links":{"self":[{"href":"https:\/\/adenilsongiovanini.com.br\/blog\/wp-json\/wp\/v2\/posts\/23421","targetHints":{"allow":["GET"]}}],"collection":[{"href":"https:\/\/adenilsongiovanini.com.br\/blog\/wp-json\/wp\/v2\/posts"}],"about":[{"href":"https:\/\/adenilsongiovanini.com.br\/blog\/wp-json\/wp\/v2\/types\/post"}],"author":[{"embeddable":true,"href":"https:\/\/adenilsongiovanini.com.br\/blog\/wp-json\/wp\/v2\/users\/1"}],"replies":[{"embeddable":true,"href":"https:\/\/adenilsongiovanini.com.br\/blog\/wp-json\/wp\/v2\/comments?post=23421"}],"version-history":[{"count":0,"href":"https:\/\/adenilsongiovanini.com.br\/blog\/wp-json\/wp\/v2\/posts\/23421\/revisions"}],"wp:featuredmedia":[{"embeddable":true,"href":"https:\/\/adenilsongiovanini.com.br\/blog\/wp-json\/wp\/v2\/media\/19363"}],"wp:attachment":[{"href":"https:\/\/adenilsongiovanini.com.br\/blog\/wp-json\/wp\/v2\/media?parent=23421"}],"wp:term":[{"taxonomy":"category","embeddable":true,"href":"https:\/\/adenilsongiovanini.com.br\/blog\/wp-json\/wp\/v2\/categories?post=23421"},{"taxonomy":"post_tag","embeddable":true,"href":"https:\/\/adenilsongiovanini.com.br\/blog\/wp-json\/wp\/v2\/tags?post=23421"}],"curies":[{"name":"wp","href":"https:\/\/api.w.org\/{rel}","templated":true}]}}