{"id":2221,"date":"2018-11-12T16:57:24","date_gmt":"2018-11-12T16:57:24","guid":{"rendered":"http:\/\/adenilsongiovanini.com.br\/blog\/?p=2221"},"modified":"2023-03-03T01:00:37","modified_gmt":"2023-03-03T01:00:37","slug":"desmembramento-incra","status":"publish","type":"post","link":"https:\/\/adenilsongiovanini.com.br\/blog\/desmembramento-incra\/","title":{"rendered":"Desmembramento INCRA?"},"content":{"rendered":"<p style=\"text-align: left;\"><span style=\"font-family: arial, helvetica, sans-serif; font-size: 20px; line-height: 1.3; color: #000000;\">Um assunto que deixa os profissionais da \u00e1rea muito confusos \u00e9 o <em><strong>desmembramento incra<\/strong><\/em>.<\/span><\/p>\n<p style=\"text-align: left;\"><span style=\"font-size: 20px; font-family: arial, helvetica, sans-serif; line-height: 1.3; color: #000000;\">Afinal de contas:<\/span><\/p>\n<ul>\n<li style=\"text-align: left;\"><span style=\"font-size: 20px; font-family: arial, helvetica, sans-serif; line-height: 1.3; color: #000000;\">\u00c9 preciso encerrar o georreferenciamento atual ou terei apenas que entrar em contato com o <span style=\"color: #0000ff;\"><a style=\"color: #0000ff;\" href=\"https:\/\/www.gov.br\/incra\/pt-br\">INCRA<\/a><\/span>?<\/span><\/li>\n<li style=\"text-align: left;\"><span style=\"font-size: 20px; font-family: arial, helvetica, sans-serif; line-height: 1.3; color: #000000;\">Quais documentos que s\u00e3o necess\u00e1rios e qual procedimento que devo adotar?<\/span><\/li>\n<\/ul>\n<p style=\"text-align: center;\"><span style=\"font-size: 20px; font-family: arial, helvetica, sans-serif; line-height: 1.3; color: #000000;\">Se voc\u00ea possui estas d\u00favidas, n\u00e3o se preocupe porque com este artigo voc\u00ea aprender\u00e1 exatamente como proceder para fazer o desmembramento incra.<\/span><\/p>\n<p style=\"text-align: center;\"><span style=\"font-size: 20px; font-family: arial, helvetica, sans-serif; line-height: 1.3; color: #000000;\">Antes de irmos ao artigo propriamente dito, deixe-me lhe indicar outros 3 artigos brilhantes sobre <span style=\"color: #0000ff;\"><a style=\"color: #0000ff;\" href=\"https:\/\/adenilsongiovanini.com.br\/blog\/georreferenciamento-de-imoveis-rurais-3\/\">georreferenciamento de im\u00f3veis rurais<\/a><\/span>. S\u00e3o eles:<\/span><\/p>\n<h4 class=\"entry-title\"><span style=\"color: #000000; font-size: 20px; font-family: arial, helvetica, sans-serif;\">&gt; <span style=\"color: #0000ff;\"><a style=\"color: #0000ff; line-height: 1.3;\" title=\"Permalink to Efem\u00e9rides: o que s\u00e3o, para o que servem e como baixar?\" href=\"http:\/\/adenilsongiovanini.com.br\/blog\/tipos-de-efemerides\/\" rel=\"bookmark\">Efem\u00e9rides: o que s\u00e3o, para o que servem e como baixar?<\/a><\/span><\/span><\/h4>\n<h4 class=\"entry-title\"><span style=\"color: #000000; font-size: 20px; font-family: arial, helvetica, sans-serif;\"><span style=\"line-height: 1.3;\">&gt;<\/span> <span style=\"color: #0000ff;\"><a style=\"color: #0000ff;\" title=\"Permalink to Georreferenciamento com drone: o que cuidar e como proceder?\" href=\"http:\/\/adenilsongiovanini.com.br\/blog\/georreferenciamento-com-drone\/\" rel=\"bookmark\">Georreferenciamento com drone: o que cuidar e como proceder?<\/a><\/span><\/span><\/h4>\n<h4 class=\"entry-title\"><span style=\"color: #000000; line-height: 1.3; font-size: 20px; font-family: arial, helvetica, sans-serif;\">&gt; <span style=\"color: #0000ff;\"><a style=\"color: #0000ff;\" title=\"Permalink to Esta\u00e7\u00e3o total: como utilizar em processos de georreferenciamento?\" href=\"http:\/\/adenilsongiovanini.com.br\/blog\/estacao-total-no-georreferenciamento\/\" rel=\"bookmark\">Esta\u00e7\u00e3o total: como utilizar em processos de georreferenciamento?<\/a><\/span><\/span><\/h4>\n<p>&nbsp;<\/p>\n<blockquote style=\"border: 2px double #009900; background: #f0fff0 none repeat scroll 0% 0%; -moz-background-clip: -moz-initial; -moz-background-origin: -moz-initial; -moz-background-inline-policy: -moz-initial; color: #323232; padding-left: 15px; padding-top: 10px; padding-bottom: 10px;\"><p><center><span style=\"font-family: arial, helvetica, sans-serif;\"><strong><span style=\"font-size: 20px; color: #000000;\">Resumo<\/span><\/strong><\/span><\/center><span style=\"font-family: arial, helvetica, sans-serif; font-size: 20px; line-height: 1.3; color: #000000;\">Porque \u00e9 necess\u00e1rio desmembrar um im\u00f3vel rural?<\/span><\/p>\n<p><span style=\"font-family: arial, helvetica, sans-serif; font-size: 20px; line-height: 1.3; color: #000000;\"> Desmembramento incra: como proceder?<\/span><\/p>\n<p><span style=\"font-family: arial, helvetica, sans-serif; font-size: 20px; line-height: 1.3; color: #000000;\"> Documentos necess\u00e1rios<\/span><\/p>\n<p><span style=\"font-family: arial, helvetica, sans-serif; font-size: 20px; line-height: 1.3; color: #000000;\">Desmembramento incra: n\u00e3o cometa este erro<\/span><\/p>\n<p><span style=\"font-family: arial, helvetica, sans-serif; font-size: 20px; line-height: 1.3; color: #000000;\"> Preenchimento da planilha ods para o desmembramento incra<\/span><\/p>\n<p><span style=\"font-family: arial, helvetica, sans-serif; font-size: 20px; line-height: 1.3; color: #000000;\"> Preenchimento da guia per\u00edmetro<\/span><\/p>\n<p><span style=\"font-family: arial, helvetica, sans-serif; font-size: 20px; line-height: 1.3; color: #000000;\"> Desmembramento incra: pega rat\u00e3o<\/span><\/p>\n<p><span style=\"font-size: 20px; font-family: arial, helvetica, sans-serif; line-height: 1.3; color: #000000;\">O respons\u00e1vel t\u00e9cnico que vai encaminhar o pedido do desmembramento incra tem que ser o mesmo que georreferenciou a \u00e1rea?<\/span><\/p>\n<p><span style=\"font-family: arial, helvetica, sans-serif; font-size: 20px; line-height: 1.3; color: #000000;\"> Planta para o desmembramento incra<\/span><\/p>\n<p><span style=\"font-family: arial, helvetica, sans-serif; font-size: 20px; line-height: 1.3; color: #000000;\"> Cuidado com a fra\u00e7\u00e3o m\u00ednima de parcelamento<\/span><\/p><\/blockquote>\n<p>&nbsp;<\/p>\n<h2 style=\"text-align: center;\"><span style=\"font-size: 24px; font-family: arial, helvetica, sans-serif; line-height: 1.3; color: #000000;\"><strong>Porque \u00e9 necess\u00e1rio desmembrar um im\u00f3vel rural?<\/strong><\/span><\/h2>\n<p>&nbsp;<\/p>\n<p><img decoding=\"async\" class=\"aligncenter size-large wp-image-18082\" src=\"https:\/\/adenilsongiovanini.com.br\/blog\/wp-content\/uploads\/2020\/10\/Desmembramento-1024x416.png\" alt=\"desmembramento incra - desmembrar im\u00f3vel rural\" width=\"1024\" height=\"416\" srcset=\"https:\/\/adenilsongiovanini.com.br\/blog\/wp-content\/uploads\/2020\/10\/Desmembramento-1024x416.png 1024w, https:\/\/adenilsongiovanini.com.br\/blog\/wp-content\/uploads\/2020\/10\/Desmembramento-300x122.png 300w, https:\/\/adenilsongiovanini.com.br\/blog\/wp-content\/uploads\/2020\/10\/Desmembramento-768x312.png 768w, https:\/\/adenilsongiovanini.com.br\/blog\/wp-content\/uploads\/2020\/10\/Desmembramento-1536x625.png 1536w, https:\/\/adenilsongiovanini.com.br\/blog\/wp-content\/uploads\/2020\/10\/Desmembramento-610x248.png 610w, https:\/\/adenilsongiovanini.com.br\/blog\/wp-content\/uploads\/2020\/10\/Desmembramento.png 1871w\" sizes=\"(max-width: 1024px) 100vw, 1024px\" \/><\/p>\n<p>&nbsp;<\/p>\n<p style=\"text-align: center;\"><span style=\"font-size: 20px; font-family: arial, helvetica, sans-serif; line-height: 1.3; color: #000000;\">Antes de entendermos quando fazer o <strong>desmembramento de uma \u00e1rea<\/strong> que j\u00e1 est\u00e1 certificada junto ao INCRA, deixe-me trazer um estudo de caso que ir\u00e1 responder uma d\u00favida que provavelmente voc\u00ea possua.<\/span><\/p>\n<p style=\"text-align: center;\"><span style=\"font-size: 20px; font-family: arial, helvetica, sans-serif; line-height: 1.3; color: #000000;\">Quando algu\u00e9m compra uma \u00e1rea de terras n\u00e3o precisa necessariamente medir a mesma.<\/span><\/p>\n<p style=\"text-align: center;\"><span style=\"font-size: 20px; font-family: arial, helvetica, sans-serif; line-height: 1.3; color: #000000;\">Desta maneira, a \u00e1rea n\u00e3o constituir\u00e1 uma nova<span style=\"color: #0000ff;\"> <a style=\"color: #0000ff;\" href=\"http:\/\/adenilsongiovanini.com.br\/blog\/matricula-de-imovel\/\" target=\"_blank\" rel=\"noopener noreferrer\">matr\u00edcula<\/a>,<\/span> aparecendo na matricula original como um novo registro.<\/span><\/p>\n<p style=\"text-align: center;\"><span style=\"font-size: 20px; font-family: arial, helvetica, sans-serif; line-height: 1.3; color: #000000;\">Ou seja, \u00e9 como que se esta <span style=\"color: #0000ff;\"><a style=\"color: #0000ff;\" href=\"http:\/\/adenilsongiovanini.com.br\/blog\/posse-e-propriedade\/\" target=\"_blank\" rel=\"noopener noreferrer\">propriedade<\/a><\/span> estivesse ocupando uma posi\u00e7\u00e3o flutuante dentro da propriedade da qual fazia parte.<\/span><\/p>\n<p style=\"text-align: center;\"><span style=\"font-size: 20px; font-family: arial, helvetica, sans-serif; line-height: 1.3; color: #000000;\"> Neste tipo de situa\u00e7\u00e3o \u00e9 necess\u00e1rio fazer-se o desmembramento de \u00e1rea, tirando a mesma de dentro da \u00e1rea maior e, gerando-se uma nova matricula.<\/span><\/p>\n<p>&nbsp;<\/p>\n<h2 style=\"text-align: center;\"><span style=\"font-size: 24px; color: #000000; font-family: arial, helvetica, sans-serif;\"><strong><span style=\"line-height: 1.3;\">Desmembramento incra: como proceder?<\/span><\/strong><\/span><\/h2>\n<p><img decoding=\"async\" class=\"aligncenter size-full wp-image-17525\" src=\"https:\/\/adenilsongiovanini.com.br\/blog\/wp-content\/uploads\/2020\/08\/georreferenciamento-de-im\u00f3veis-rurais.jpg\" alt=\"como desmembrar um im\u00f3vel\" width=\"580\" height=\"580\" srcset=\"https:\/\/adenilsongiovanini.com.br\/blog\/wp-content\/uploads\/2020\/08\/georreferenciamento-de-im\u00f3veis-rurais.jpg 580w, https:\/\/adenilsongiovanini.com.br\/blog\/wp-content\/uploads\/2020\/08\/georreferenciamento-de-im\u00f3veis-rurais-300x300.jpg 300w, https:\/\/adenilsongiovanini.com.br\/blog\/wp-content\/uploads\/2020\/08\/georreferenciamento-de-im\u00f3veis-rurais-150x150.jpg 150w\" sizes=\"(max-width: 580px) 100vw, 580px\" \/><\/p>\n<p style=\"text-align: center;\"><span style=\"font-size: 20px; font-family: arial, helvetica, sans-serif; line-height: 1.3; color: #000000;\">A outra situa\u00e7\u00e3o t\u00edpica de desmembramento \u00e9 de uma <span style=\"color: #0000ff;\"><a href=\"https:\/\/adenilsongiovanini.com.br\/metodo-georref-sem-misterios\/\" style=\"color: #0000ff;\">\u00e1rea que foi Georreferenciada<\/a><\/span> e que o dono da mesma vendeu parte da \u00e1rea, precisando desmembrar a mesma. <\/span><\/p>\n<p style=\"text-align: center;\"><span style=\"font-size: 20px; font-family: arial, helvetica, sans-serif; line-height: 1.3; color: #000000;\">Nestes casos, voc\u00ea ter\u00e1 que encaminhar um <span style=\"color: #0000ff;\">r<a style=\"color: #0000ff;\" href=\"http:\/\/adenilsongiovanini.com.br\/blog\/desmembramento-de-imovel-certificado\/\" target=\"_blank\" rel=\"noopener noreferrer\">equerimento de desmembramento<\/a><\/span> a partir do <span style=\"color: #0000ff;\"><a style=\"color: #0000ff;\" href=\"https:\/\/sigef.incra.gov.br\/\" target=\"_blank\" rel=\"noopener noreferrer\">SIGEF<\/a><\/span> o qual ser\u00e1 analisado pelo pessoal do INCRA.<\/span><\/p>\n<p><span style=\"font-size: 20px; font-family: arial, helvetica, sans-serif; line-height: 1.3; color: #000000;\">Para que voc\u00ea possa entrar com um requerimento de desmembramento de uma propriedade junto ao INCRA, o mesmo exige:<\/span><\/p>\n<ul>\n<li style=\"text-align: left;\"><span style=\"font-size: 20px; font-family: arial, helvetica, sans-serif; line-height: 1.3; color: #000000;\">Um documento que comprove a exist\u00eancia da transa\u00e7\u00e3o;<\/span><\/li>\n<li><span style=\"font-size: 20px; font-family: arial, helvetica, sans-serif; line-height: 1.3; color: #000000;\">Um requerimento do propriet\u00e1rio do im\u00f3vel solicitando o cancelamento do im\u00f3vel e o desmembramento do mesmo;<\/span><\/li>\n<li><span style=\"font-size: 20px; font-family: arial, helvetica, sans-serif; line-height: 1.3; color: #000000;\">Um <span style=\"color: #0000ff;\"><a style=\"color: #0000ff;\" href=\"https:\/\/pt.wikipedia.org\/wiki\/DXF\" target=\"_blank\" rel=\"noopener noreferrer\">arquivo dxf<\/a><\/span> com os dados a serem desmembrados.<\/span><\/li>\n<\/ul>\n<p style=\"text-align: center;\"><span style=\"font-size: 20px; font-family: arial, helvetica, sans-serif; line-height: 1.3; color: #000000;\">O procedimento para o desmembramento incra consiste em enviar<b> <\/b>a planilha ods da \u00e1rea desmembrada para o SIGEF, enviando como anexo os 2 documentos mencionados acima e o <a style=\"color: #000000;\" href=\"https:\/\/pt.wikipedia.org\/wiki\/DXF\" target=\"_blank\" rel=\"noopener noreferrer\"><span style=\"color: #0000ff;\">arquivo <\/span><span style=\"color: #0000ff;\"><\/span><span style=\"color: #0000ff;\">dx<\/span>f<\/a> com os dados a serem desmembrados.<\/span><\/p>\n<p>&nbsp;<\/p>\n<h2 style=\"text-align: center;\"><span style=\"font-size: 24px; color: #000000; font-family: arial, helvetica, sans-serif;\"><strong><span style=\"line-height: 1.3;\">Documentos necess\u00e1rios<\/span><\/strong><\/span><\/h2>\n<p><span style=\"color: #0000ff;\"><img decoding=\"async\" class=\"aligncenter size-large wp-image-19860\" src=\"https:\/\/adenilsongiovanini.com.br\/blog\/wp-content\/uploads\/2018\/11\/documentos-necessarios-1024x542.png\" alt=\"documentos necess\u00e1rios\" width=\"1024\" height=\"542\" srcset=\"https:\/\/adenilsongiovanini.com.br\/blog\/wp-content\/uploads\/2018\/11\/documentos-necessarios-1024x542.png 1024w, https:\/\/adenilsongiovanini.com.br\/blog\/wp-content\/uploads\/2018\/11\/documentos-necessarios-300x159.png 300w, https:\/\/adenilsongiovanini.com.br\/blog\/wp-content\/uploads\/2018\/11\/documentos-necessarios-768x406.png 768w, https:\/\/adenilsongiovanini.com.br\/blog\/wp-content\/uploads\/2018\/11\/documentos-necessarios-320x169.png 320w, https:\/\/adenilsongiovanini.com.br\/blog\/wp-content\/uploads\/2018\/11\/documentos-necessarios-640x339.png 640w, https:\/\/adenilsongiovanini.com.br\/blog\/wp-content\/uploads\/2018\/11\/documentos-necessarios-360x190.png 360w, https:\/\/adenilsongiovanini.com.br\/blog\/wp-content\/uploads\/2018\/11\/documentos-necessarios-720x381.png 720w, https:\/\/adenilsongiovanini.com.br\/blog\/wp-content\/uploads\/2018\/11\/documentos-necessarios-1080x571.png 1080w, https:\/\/adenilsongiovanini.com.br\/blog\/wp-content\/uploads\/2018\/11\/documentos-necessarios-800x423.png 800w, https:\/\/adenilsongiovanini.com.br\/blog\/wp-content\/uploads\/2018\/11\/documentos-necessarios.png 1274w\" sizes=\"(max-width: 1024px) 100vw, 1024px\" \/><\/span><\/p>\n<p><span style=\"font-size: 20px; font-family: arial, helvetica, sans-serif; color: #000000;\">Vamos entender melhor os diferentes documentos solicitados para o desmembramento incra.<\/span><\/p>\n<p style=\"text-align: left;\"><span style=\"font-size: 20px; font-family: arial, helvetica, sans-serif; line-height: 1.3; color: #000000;\"><b>Documento 1 <\/b>&#8211; Documento que comprove a exist\u00eancia da transa\u00e7\u00e3o. <\/span><\/p>\n<p style=\"text-align: left;\"><span style=\"font-size: 20px; font-family: arial, helvetica, sans-serif; line-height: 1.3; color: #000000;\">Como exemplos temos: <\/span><\/p>\n<ul>\n<li><span style=\"font-size: 20px; font-family: arial, helvetica, sans-serif; line-height: 1.3; color: #000000;\">Escritura p\u00fablica de compra e venda;<\/span><\/li>\n<li><span style=\"font-size: 20px; font-family: arial, helvetica, sans-serif; line-height: 1.3; color: #000000;\">Formal de partilha;<\/span><\/li>\n<li><span style=\"font-size: 20px; font-family: arial, helvetica, sans-serif; line-height: 1.3; color: #000000;\">Carta de doa\u00e7\u00e3o.<\/span>\n<p>\n<\/li>\n<\/ul>\n<p style=\"text-align: center;\"><span style=\"font-size: 20px; font-family: arial, helvetica, sans-serif; line-height: 1.3; color: #000000;\"><b>Documento 2 &#8211; <\/b>Requerimento do propriet\u00e1rio do im\u00f3vel solicitando o cancelamento do <span style=\"color: #0000ff;\"><a href=\"https:\/\/adenilsongiovanini.com.br\/blog\/curso-online-georreferenciamento\/\" style=\"color: #0000ff;\">georreferenciamento do im\u00f3vel<\/a><\/span> e o desmembramento do mesmo.<b><\/b><\/span><\/p>\n<p style=\"text-align: center;\"><span style=\"font-size: 20px; font-family: arial, helvetica, sans-serif; line-height: 1.3; color: #000000;\">Veja abaixo um modelo deste requerimento.<\/span><\/p>\n<p style=\"text-align: center;\"><span style=\"font-size: 20px; color: #000000; font-family: arial, helvetica, sans-serif;\"><a style=\"color: #000000;\" href=\"http:\/\/adenilsongiovanini.com.br\/blog\/wp-content\/uploads\/2017\/12\/Modelo-de-cancalamento-de-certifica\u00e7\u00e3o-para-desmembramento.png\"><img decoding=\"async\" class=\"aligncenter size-full wp-image-1131\" src=\"http:\/\/adenilsongiovanini.com.br\/blog\/wp-content\/uploads\/2017\/12\/Modelo-de-cancalamento-de-certifica\u00e7\u00e3o-para-desmembramento.png\" alt=\"Modelo de cancalamento de certifica\u00e7\u00e3o para desmembramento\" width=\"760\" height=\"805\" srcset=\"https:\/\/adenilsongiovanini.com.br\/blog\/wp-content\/uploads\/2017\/12\/Modelo-de-cancalamento-de-certifica\u00e7\u00e3o-para-desmembramento.png 760w, https:\/\/adenilsongiovanini.com.br\/blog\/wp-content\/uploads\/2017\/12\/Modelo-de-cancalamento-de-certifica\u00e7\u00e3o-para-desmembramento-283x300.png 283w, https:\/\/adenilsongiovanini.com.br\/blog\/wp-content\/uploads\/2017\/12\/Modelo-de-cancalamento-de-certifica\u00e7\u00e3o-para-desmembramento-736x780.png 736w\" sizes=\"(max-width: 760px) 100vw, 760px\" \/><\/a><\/span><\/p>\n<p>&nbsp;<\/p>\n<h2 style=\"text-align: center;\"><span style=\"font-size: 24px; color: #000000; font-family: arial, helvetica, sans-serif;\"><strong><span style=\"line-height: 1.3;\">Desmembramento incra: n\u00e3o cometa este erro<\/span><\/strong><\/span><\/h2>\n<p><img decoding=\"async\" class=\"aligncenter size-large wp-image-5749\" src=\"https:\/\/adenilsongiovanini.com.br\/blog\/wp-content\/uploads\/2020\/03\/erro-1024x573.png\" alt=\"erro cometido no desmembramento incra\" width=\"1024\" height=\"573\" \/><\/p>\n<p style=\"text-align: center;\"><span style=\"font-size: 20px; font-family: arial, helvetica, sans-serif; line-height: 1.3; color: #000000;\">Um erro cometido por muitos profissionais ao encaminharem o desmembramento de uma \u00e1rea georreferenciada \u00e9 a produ\u00e7\u00e3o do requerimento de cancelamento da certifica\u00e7\u00e3o em nome da pessoa que comprou parte da \u00e1rea que est\u00e1 sendo desmembrada.<\/span><\/p>\n<p style=\"text-align: center;\"><span style=\"font-size: 20px; font-family: arial, helvetica, sans-serif; color: #000000;\">Perceba que esta pessoa n\u00e3o \u00e9 dona da propriedade, que somente o propriet\u00e1rio que pode pedir o cancelamento da certifica\u00e7\u00e3o.<\/span><\/p>\n<p style=\"text-align: center;\"><span style=\"font-size: 20px; font-family: arial, helvetica, sans-serif; color: #000000;\">Desta maneira, se tal pedido for feito em nome de qualquer outra pessoa, o mesmo ser\u00e1 negado.<\/span><\/p>\n<p style=\"text-align: center;\"><span style=\"font-size: 20px; font-family: arial, helvetica, sans-serif; line-height: 1.3; color: #000000;\">Como voc\u00ea deve ter imaginado, o incra nega o pedido porque do contr\u00e1rio qualquer pessoa poderia entrar com o pedido de cancelamento de propriedades de terceiros, o que avacalharia com o sistema.<\/span><\/p>\n<p style=\"text-align: center;\"><span style=\"font-size: 20px; font-family: arial, helvetica, sans-serif; line-height: 1.3; color: #000000;\"> isso porque o <span style=\"color: #0000ff;\"><a style=\"color: #0000ff;\" href=\"https:\/\/jus.com.br\/artigos\/27032\/direito-de-propriedade-funcao-social-e-limitacoes-constitucionais\" target=\"_blank\" rel=\"noopener noreferrer\">direito a propriedade<\/a><\/span> n\u00e3o estaria mais seguro.<\/span><\/p>\n<p>&nbsp;<\/p>\n<h2 style=\"text-align: center;\"><span style=\"font-size: 20px; font-family: arial, helvetica, sans-serif; line-height: 1.3; color: #000000;\"><span style=\"font-size: 24px;\"><strong>O respons\u00e1vel t\u00e9cnico que vai encaminhar o pedido do desmembramento incra tem que ser o mesmo que georreferenciou a \u00e1rea?<\/strong><\/span><b> <\/b><\/span><\/h2>\n<p><img decoding=\"async\" class=\"aligncenter size-large wp-image-4224\" src=\"https:\/\/adenilsongiovanini.com.br\/blog\/wp-content\/uploads\/2019\/12\/curso-de-georreferenciamento-sem-mist\u00e9rios-768x1024.jpg\" alt=\"georreferenciamento rural\" width=\"768\" height=\"1024\" \/><\/p>\n<p><span style=\"font-size: 20px; font-family: arial, helvetica, sans-serif; line-height: 1.3; color: #000000;\"> \u00c9 normal a pessoa que comprou parte de um im\u00f3vel que j\u00e1 est\u00e1 georreferenciando contratar um profissional diferente do que georreferenciou a propriedade m\u00e3e.<\/span><\/p>\n<p><span style=\"font-size: 20px; font-family: arial, helvetica, sans-serif; line-height: 1.3; color: #000000;\">Diante disso, a pergunta que muitos profissionais j\u00e1 me fizeram foi:<\/span><\/p>\n<p style=\"text-align: center;\"><span style=\"font-size: 20px; color: #000000; font-family: arial, helvetica, sans-serif;\"><strong><span style=\"line-height: 1.3;\">Eu posso proceder o levantamento e desmembramento da \u00e1rea ou somente o profissional que levantou a \u00e1rea m\u00e3e que pode fazer o desmembramento?<\/span><\/strong><\/span><\/p>\n<p><span style=\"font-size: 20px; font-family: arial, helvetica, sans-serif; line-height: 1.3; color: #000000;\">N\u00e3o tem nenhum problema em outro profissional levantar a \u00e1rea a ser desmembrada. Na realidade, n\u00e3o faria nenhum sentido exigir que o mesmo profissional fizesse o levantamento da \u00e1rea a ser desmembrada.<\/span><\/p>\n<p><span style=\"font-size: 20px; font-family: arial, helvetica, sans-serif; line-height: 1.3; color: #000000;\">Perceba que pode acontecer algum desentendimento entre o profissional e o cliente, ou o cliente pode simplesmente decidir contratar outro profissional.<\/span><\/p>\n<p style=\"text-align: center;\"><span style=\"font-size: 20px; font-family: arial, helvetica, sans-serif; line-height: 1.3; color: #000000;\"><b>Preenchimento da planilha ods para o desmembramento incra <\/b><\/span><\/p>\n<p><img decoding=\"async\" class=\"aligncenter size-full wp-image-967\" src=\"https:\/\/adenilsongiovanini.com.br\/blog\/wp-content\/uploads\/2017\/12\/Instala\u00e7\u00e3o-da-extens\u00e3o-do-sigef-na-planilha-ods.png\" alt=\"instala\u00e7\u00e3o da planilha ods\" width=\"567\" height=\"377\" srcset=\"https:\/\/adenilsongiovanini.com.br\/blog\/wp-content\/uploads\/2017\/12\/Instala\u00e7\u00e3o-da-extens\u00e3o-do-sigef-na-planilha-ods.png 567w, https:\/\/adenilsongiovanini.com.br\/blog\/wp-content\/uploads\/2017\/12\/Instala\u00e7\u00e3o-da-extens\u00e3o-do-sigef-na-planilha-ods-300x199.png 300w, https:\/\/adenilsongiovanini.com.br\/blog\/wp-content\/uploads\/2017\/12\/Instala\u00e7\u00e3o-da-extens\u00e3o-do-sigef-na-planilha-ods-360x240.png 360w\" sizes=\"(max-width: 567px) 100vw, 567px\" \/><\/p>\n<p>&nbsp;<\/p>\n<p style=\"text-align: center;\"><span style=\"font-size: 20px; font-family: arial, helvetica, sans-serif; line-height: 1.3; color: #000000;\">Al\u00e9m dos documentos citados acima, o desmembramento incra necessita que voc\u00ea suba a <span style=\"color: #0000ff;\"><a style=\"color: #0000ff;\" href=\"http:\/\/adenilsongiovanini.com.br\/blog\/planilha-ods-guia-definitivo\/\" target=\"_blank\" rel=\"noopener noreferrer\">planilha ods<\/a> <\/span>para o SIGEF. <\/span><\/p>\n<p style=\"text-align: center;\"><span style=\"font-size: 20px; color: #000000; font-family: arial, helvetica, sans-serif;\"><span style=\"line-height: 1.3;\">Por\u00e9m, voc\u00ea deve ter o m\u00e1ximo de cuidado ao preencher a mesma, pois tal preenchimento foge a l\u00f3gica. <\/span><span style=\"line-height: 1.3;\">Segue a descri\u00e7\u00e3o detalhada de como proceder:<\/span><\/span><\/p>\n<p><span style=\"font-size: 20px; font-family: arial, helvetica, sans-serif; line-height: 1.3; color: #000000;\"><b>Guia identifica\u00e7\u00e3o:<\/b> deve ser preenchida com os dados da propriedade a partir da qual est\u00e1 se efetuando o desmembramento.<\/span><\/p>\n<p><span style=\"font-size: 20px; font-family: arial, helvetica, sans-serif; line-height: 1.3; color: #000000;\">Isso mesmo, pode parecer estranho, por\u00e9m, perceba que o comprador possuir\u00e1 a<span style=\"color: #0000ff;\"> <a style=\"color: #0000ff;\" href=\"http:\/\/adenilsongiovanini.com.br\/blog\/posse-e-propriedade\/\" target=\"_blank\" rel=\"noopener noreferrer\">propriedade da \u00e1rea que comprou<\/a><\/span> somente ap\u00f3s o t\u00e9rmino do desmembramento.<\/span><\/p>\n<p><span style=\"font-size: 20px; font-family: arial, helvetica, sans-serif; line-height: 1.3; color: #000000;\">No exato momento do encaminhamento do pedido de cancelamento da certifica\u00e7\u00e3o, a \u00e1rea a ser desmembrada pertence ao dono da \u00e1rea m\u00e3e.<\/span><\/p>\n<p><span style=\"font-size: 20px; font-family: arial, helvetica, sans-serif; line-height: 1.3; color: #000000;\">Desta maneira, a planilha ods deve ser preenchida com os dados do propriet\u00e1rio da mesma&#8230;<\/span><\/p>\n<p><span style=\"font-size: 20px; font-family: arial, helvetica, sans-serif; line-height: 1.3; color: #000000;\">Lembre-se que nos t\u00f3picos anteriores eu te mostrei o porque de somente o propriet\u00e1rio poder encaminhar o pedido de <span style=\"color: #0000ff;\"><a href=\"https:\/\/adenilsongiovanini.com.br\/blog\/cancelamento-de-certificacao-sigef\/\" style=\"color: #0000ff;\">cancelamento da certifica\u00e7\u00e3o<\/a><\/span>.<\/span><\/p>\n<p><span style=\"font-size: 20px; font-family: arial, helvetica, sans-serif; line-height: 1.3; color: #000000;\">Perceba que na pr\u00e1tica o que acontece \u00e9 que se voc\u00ea preencher a planilha ods com os dados da pessoa que comprou a \u00e1rea a ser desmembrada, \u00e9 como que se ela fosse dona, quando n\u00e3o \u00e9. <\/span><\/p>\n<p><span style=\"font-size: 20px; font-family: arial, helvetica, sans-serif; line-height: 1.3; color: #000000;\">Resumindo, o profissional do incra, diante destas condi\u00e7\u00f5es, ir\u00e1 simplesmente negar o pedido de cancelamento da certifica\u00e7\u00e3o.<\/span><\/p>\n<p><span style=\"font-size: 20px; font-family: arial, helvetica, sans-serif; line-height: 1.3; color: #000000;\">Logo, preste aten\u00e7\u00e3o, <em>sempre preencha a planilha ods com os dados da propriedade m\u00e3e<\/em> e do propriet\u00e1rio da mesma.<\/span><\/p>\n<p>\n<span style=\"font-size: 20px; color: #000000; font-family: arial, helvetica, sans-serif;\"><span style=\"line-height: 1.3;\"><a style=\"color: #000000;\" href=\"http:\/\/adenilsongiovanini.com.br\/blog\/wp-content\/uploads\/2018\/11\/desmembramento-incra.png\"><img decoding=\"async\" class=\"aligncenter size-full wp-image-2225\" src=\"http:\/\/adenilsongiovanini.com.br\/blog\/wp-content\/uploads\/2018\/11\/desmembramento-incra.png\" alt=\"desmembramento incra\" width=\"902\" height=\"544\" srcset=\"https:\/\/adenilsongiovanini.com.br\/blog\/wp-content\/uploads\/2018\/11\/desmembramento-incra.png 902w, https:\/\/adenilsongiovanini.com.br\/blog\/wp-content\/uploads\/2018\/11\/desmembramento-incra-300x181.png 300w, https:\/\/adenilsongiovanini.com.br\/blog\/wp-content\/uploads\/2018\/11\/desmembramento-incra-780x470.png 780w, https:\/\/adenilsongiovanini.com.br\/blog\/wp-content\/uploads\/2018\/11\/desmembramento-incra-768x463.png 768w\" sizes=\"(max-width: 902px) 100vw, 902px\" \/><\/a><\/span><\/span><\/p>\n<p>&nbsp;<\/p>\n<p><span style=\"font-size: 20px; color: #000000; font-family: arial, helvetica, sans-serif;\"><b style=\"line-height: 1.3;\">Preenchimento da guia <\/b><b>per\u00edmetro<\/b><b style=\"line-height: 1.3;\"> &#8211; <\/b>A guia per\u00edmetro deve conter tantas guias quantas forem necess\u00e1rias, sendo que a primeira parcela ter\u00e1 a denomina\u00e7\u00e3o de Gleba 1 e o n\u00famero ser\u00e1 o 1. Veja o detalhe na imagem abaixo.<\/span><\/p>\n<p>&nbsp;<\/p>\n<p><span style=\"font-size: 20px; color: #000000; font-family: arial, helvetica, sans-serif;\"><span style=\"line-height: 1.3;\"><a style=\"color: #000000;\" href=\"http:\/\/adenilsongiovanini.com.br\/blog\/wp-content\/uploads\/2018\/11\/desmembramento-incra-preenchimento-da-guia-per\u00edmetro-da-planilha-ods.png\"><img decoding=\"async\" class=\"aligncenter size-full wp-image-2226\" src=\"http:\/\/adenilsongiovanini.com.br\/blog\/wp-content\/uploads\/2018\/11\/desmembramento-incra-preenchimento-da-guia-per\u00edmetro-da-planilha-ods.png\" alt=\"desmembramento incra - preenchimento da guia per\u00edmetro da planilha ods\" width=\"663\" height=\"264\" srcset=\"https:\/\/adenilsongiovanini.com.br\/blog\/wp-content\/uploads\/2018\/11\/desmembramento-incra-preenchimento-da-guia-per\u00edmetro-da-planilha-ods.png 663w, https:\/\/adenilsongiovanini.com.br\/blog\/wp-content\/uploads\/2018\/11\/desmembramento-incra-preenchimento-da-guia-per\u00edmetro-da-planilha-ods-300x119.png 300w\" sizes=\"(max-width: 663px) 100vw, 663px\" \/><\/a><\/span> <\/span><\/p>\n<p><span style=\"font-size: 20px; color: #000000; font-family: arial, helvetica, sans-serif;\"><span style=\"line-height: 1.3;\">A<\/span><\/span><span style=\"font-size: 20px; color: #000000; font-family: arial, helvetica, sans-serif;\"><span style=\"line-height: 1.3;\"> segunda parcela ter\u00e1 a denomina\u00e7\u00e3o de Gleba 2 e o n\u00famero (campo parcela n\u00famero) ser\u00e1 o 2. Quanto ao campo lado, tome o cuidado de escolher sempre a op\u00e7\u00e3o interno, isso porque n\u00e3o se trata de uma \u00e1rea encravada.<\/span><\/span><\/p>\n<p><span style=\"font-size: 20px; color: #000000; font-family: arial, helvetica, sans-serif;\"><span style=\"line-height: 1.3;\">Uma vez que a planilha ods esteja preenchida \u00e9 s\u00f3 enviar a mesma para o SIGEF com os demais documentos e o arquivo dxf em anexo.<\/span> <\/span><\/p>\n<p>&nbsp;<\/p>\n<h2 style=\"text-align: center;\"><span style=\"font-size: 24px; font-family: arial, helvetica, sans-serif; line-height: 1.3; color: #000000;\"><b>Desmembramento incra: pega rat\u00e3o<\/b><\/span><\/h2>\n<p><img decoding=\"async\" class=\"aligncenter size-large wp-image-19861\" src=\"https:\/\/adenilsongiovanini.com.br\/blog\/wp-content\/uploads\/2018\/11\/cuidado-ao-preencher-a-planilha-ods-865x1024.png\" alt=\"cuidado ao preencher a planilha ods\" width=\"865\" height=\"1024\" srcset=\"https:\/\/adenilsongiovanini.com.br\/blog\/wp-content\/uploads\/2018\/11\/cuidado-ao-preencher-a-planilha-ods-865x1024.png 865w, https:\/\/adenilsongiovanini.com.br\/blog\/wp-content\/uploads\/2018\/11\/cuidado-ao-preencher-a-planilha-ods-253x300.png 253w, https:\/\/adenilsongiovanini.com.br\/blog\/wp-content\/uploads\/2018\/11\/cuidado-ao-preencher-a-planilha-ods-768x910.png 768w, https:\/\/adenilsongiovanini.com.br\/blog\/wp-content\/uploads\/2018\/11\/cuidado-ao-preencher-a-planilha-ods-320x379.png 320w, https:\/\/adenilsongiovanini.com.br\/blog\/wp-content\/uploads\/2018\/11\/cuidado-ao-preencher-a-planilha-ods-640x758.png 640w, https:\/\/adenilsongiovanini.com.br\/blog\/wp-content\/uploads\/2018\/11\/cuidado-ao-preencher-a-planilha-ods-360x426.png 360w, https:\/\/adenilsongiovanini.com.br\/blog\/wp-content\/uploads\/2018\/11\/cuidado-ao-preencher-a-planilha-ods-720x853.png 720w, https:\/\/adenilsongiovanini.com.br\/blog\/wp-content\/uploads\/2018\/11\/cuidado-ao-preencher-a-planilha-ods-1080x1279.png 1080w, https:\/\/adenilsongiovanini.com.br\/blog\/wp-content\/uploads\/2018\/11\/cuidado-ao-preencher-a-planilha-ods-800x948.png 800w, https:\/\/adenilsongiovanini.com.br\/blog\/wp-content\/uploads\/2018\/11\/cuidado-ao-preencher-a-planilha-ods-1024x1213.png 1024w, https:\/\/adenilsongiovanini.com.br\/blog\/wp-content\/uploads\/2018\/11\/cuidado-ao-preencher-a-planilha-ods.png 1090w\" sizes=\"(max-width: 865px) 100vw, 865px\" \/><\/p>\n<p><span style=\"font-size: 20px; font-family: arial, helvetica, sans-serif; line-height: 1.3; color: #000000;\"> Se o im\u00f3vel tiver sido georreferenciado pela primeira ou pela segunda edi\u00e7\u00e3o da <span style=\"color: #0000ff;\"><a style=\"color: #0000ff;\" href=\"http:\/\/www.planalto.gov.br\/ccivil_03\/leis\/LEIS_2001\/L10267.htm\" target=\"_blank\" rel=\"noopener noreferrer\">lei 10.267<\/a><\/span>, o SIGEF n\u00e3o possuir\u00e1 um campo pr\u00f3prio para este tipo de situa\u00e7\u00e3o.<\/span><\/p>\n<p><span style=\"font-size: 20px; font-family: arial, helvetica, sans-serif; line-height: 1.3; color: #000000;\">Nestes casos, a \u00fanica maneira de solicitar-se o desmembramento da propriedade ser\u00e1 atrav\u00e9s de uma an\u00e1lise de sobreposi\u00e7\u00e3o.<\/span><\/p>\n<p><span style=\"font-size: 20px; font-family: arial, helvetica, sans-serif; line-height: 1.3; color: #000000;\">O procedimento padr\u00e3o nestas situa\u00e7\u00f5es \u00e9 enviar-se a planilha ods para o SIGEF, atrav\u00e9s de um requerimento de certifica\u00e7\u00e3o.<\/span><\/p>\n<p><span style=\"font-size: 20px; font-family: arial, helvetica, sans-serif; line-height: 1.3; color: #000000;\">Quando este envio for feito, o SIGEF vai informar que existem erros, pois existe sobreposi\u00e7\u00e3o de \u00e1rea.<\/span><\/p>\n<p><span style=\"font-size: 20px; font-family: arial, helvetica, sans-serif; line-height: 1.3; color: #000000;\"> Diante disso, o mesmo vai dar 2 op\u00e7\u00f5es: o cancelamento do envio ou o requerimento de an\u00e1lise de sobreposi\u00e7\u00e3o. Nestes casos, voc\u00ea ir\u00e1 requerer a an\u00e1lise de sobreposi\u00e7\u00e3o.<\/span><\/p>\n<h2 style=\"text-align: center;\"><span style=\"font-size: 24px; font-family: arial, helvetica, sans-serif; line-height: 1.3; color: #000000;\"><b>Planta para o desmembramento incra<\/b><\/span><\/h2>\n<p><img decoding=\"async\" class=\"aligncenter wp-image-19381\" src=\"https:\/\/adenilsongiovanini.com.br\/blog\/wp-content\/uploads\/2021\/04\/planta-em-tons-de-cinza-1.png\" alt=\"planta para o desmembramento incra\" width=\"780\" height=\"613\" srcset=\"https:\/\/adenilsongiovanini.com.br\/blog\/wp-content\/uploads\/2021\/04\/planta-em-tons-de-cinza-1.png 807w, https:\/\/adenilsongiovanini.com.br\/blog\/wp-content\/uploads\/2021\/04\/planta-em-tons-de-cinza-1-300x236.png 300w, https:\/\/adenilsongiovanini.com.br\/blog\/wp-content\/uploads\/2021\/04\/planta-em-tons-de-cinza-1-768x603.png 768w, https:\/\/adenilsongiovanini.com.br\/blog\/wp-content\/uploads\/2021\/04\/planta-em-tons-de-cinza-1-320x251.png 320w, https:\/\/adenilsongiovanini.com.br\/blog\/wp-content\/uploads\/2021\/04\/planta-em-tons-de-cinza-1-640x503.png 640w, https:\/\/adenilsongiovanini.com.br\/blog\/wp-content\/uploads\/2021\/04\/planta-em-tons-de-cinza-1-360x283.png 360w, https:\/\/adenilsongiovanini.com.br\/blog\/wp-content\/uploads\/2021\/04\/planta-em-tons-de-cinza-1-720x566.png 720w, https:\/\/adenilsongiovanini.com.br\/blog\/wp-content\/uploads\/2021\/04\/planta-em-tons-de-cinza-1-800x629.png 800w\" sizes=\"(max-width: 780px) 100vw, 780px\" \/><\/p>\n<p>&nbsp;<\/p>\n<p><span style=\"font-size: 20px; font-family: arial, helvetica, sans-serif; color: #000000;\"> A planta deve estar no formato dxf e deve possuir no m\u00ednimo 2 pol\u00edgonos, um com a \u00e1rea desmembrada e outro com a \u00e1rea remanescente.<\/span><\/p>\n<h2 style=\"text-align: center;\"><span style=\"font-size: 20px; color: #000000; font-family: arial, helvetica, sans-serif;\"><strong><span style=\"line-height: 1.3;\">Cuidado com a fra\u00e7\u00e3o m\u00ednima de parcelamento<\/span><\/strong><\/span><\/h2>\n<p><img decoding=\"async\" class=\"aligncenter wp-image-19305\" src=\"https:\/\/adenilsongiovanini.com.br\/blog\/wp-content\/uploads\/2021\/04\/Fracao-minima-de-parcelamento.jpg\" alt=\"fra\u00e7\u00e3o m\u00ednima de parcelamento\" width=\"780\" height=\"584\" srcset=\"https:\/\/adenilsongiovanini.com.br\/blog\/wp-content\/uploads\/2021\/04\/Fracao-minima-de-parcelamento.jpg 860w, https:\/\/adenilsongiovanini.com.br\/blog\/wp-content\/uploads\/2021\/04\/Fracao-minima-de-parcelamento-300x225.jpg 300w, https:\/\/adenilsongiovanini.com.br\/blog\/wp-content\/uploads\/2021\/04\/Fracao-minima-de-parcelamento-768x575.jpg 768w, https:\/\/adenilsongiovanini.com.br\/blog\/wp-content\/uploads\/2021\/04\/Fracao-minima-de-parcelamento-320x240.jpg 320w, https:\/\/adenilsongiovanini.com.br\/blog\/wp-content\/uploads\/2021\/04\/Fracao-minima-de-parcelamento-640x479.jpg 640w, https:\/\/adenilsongiovanini.com.br\/blog\/wp-content\/uploads\/2021\/04\/Fracao-minima-de-parcelamento-360x270.jpg 360w, https:\/\/adenilsongiovanini.com.br\/blog\/wp-content\/uploads\/2021\/04\/Fracao-minima-de-parcelamento-720x539.jpg 720w, https:\/\/adenilsongiovanini.com.br\/blog\/wp-content\/uploads\/2021\/04\/Fracao-minima-de-parcelamento-800x599.jpg 800w\" sizes=\"(max-width: 780px) 100vw, 780px\" \/><\/p>\n<p style=\"text-align: center;\"><span style=\"font-size: 20px; font-family: arial, helvetica, sans-serif; line-height: 1.3; color: #000000;\">O desmembramento de um im\u00f3vel rural j\u00e1 certificado ou n\u00e3o, deve obedecer a <span style=\"color: #0000ff;\"><a style=\"color: #0000ff;\" href=\"https:\/\/adenilsongiovanini.com.br\/blog\/fracao-minima-de-parcelamento\/\">Fra\u00e7\u00e3o M\u00ednima de Parcelamento<\/a><\/span> estabelecida na legisla\u00e7\u00e3o em vigor que \u00e9 a \u00e1rea m\u00ednima fixada para cada munic\u00edpio.<\/span><\/p>\n<p><span style=\"font-size: 20px; font-family: arial, helvetica, sans-serif; line-height: 1.3; color: #000000;\">Perceba que tanto a \u00e1rea m\u00e3e como a \u00e1rea desmembrada, ao final do processo de desmembramento, devem ter uma \u00e1rea maior do que esta, pois, do contr\u00e1rio, o pedido de desmembramento n\u00e3o ser\u00e1 aceito pelo profissional de registro de im\u00f3veis.<\/span><\/p>\n<p><span style=\"font-size: 20px; font-family: arial, helvetica, sans-serif; line-height: 1.3; color: #000000;\">A <a style=\"color: #000000;\" href=\"https:\/\/www2.camara.leg.br\/legin\/fed\/lei\/1970-1979\/lei-5868-12-dezembro-1972-358040-publicacaooriginal-1-pl.html\" target=\"_blank\" rel=\"noopener noreferrer\"><span style=\"color: #0000ff;\">lei que aborda tal tem\u00e1tica<\/span><\/a> \u00e9 a n\u00ba 5.868\/72.<\/span><\/p>\n<p><span style=\"font-family: arial, helvetica, sans-serif; font-size: 20px; color: #000000;\">\u00c9 isso por este artigo. <\/span><span style=\"font-size: 20px; font-family: arial, helvetica, sans-serif; color: #000000; line-height: 1.3;\">Lembrando que eu possuo uma s\u00e9rie de <em><strong>cursos e de livros pr\u00e1ticos. Se voc\u00ea que MERGULHAR FUNDO e aprender com exemplos pr\u00e1ticos<\/strong><\/em>, <span style=\"color: #0000ff;\"><a style=\"color: #0000ff;\" href=\"https:\/\/adenilsongiovanini.com.br\/cursos-online\/\">acesse este link e conhe\u00e7a os mesmos<\/a><\/span>.<\/span><\/p>\n<p><span style=\"font-size: 20px; font-family: arial, helvetica, sans-serif; color: #000000; line-height: 1.3;\">Entre eles, o <span style=\"color: #0000ff;\"><a style=\"color: #0000ff;\" href=\"https:\/\/adenilsongiovanini.com.br\/top-cadastral\/\">Treinamento Topografia Cadastral na Pr\u00e1tica<\/a><\/span>, curso <\/span><span style=\"font-size: 20px; font-family: arial, helvetica, sans-serif; line-height: 1.3; color: #0000ff;\"><span style=\"color: #000000;\">com o qual voc\u00ea vai <strong>aprender a prestar os diferentes servi\u00e7os prestados em um escrit\u00f3rio de Topografia Cadastral<\/strong>.<\/span><\/span><\/p>\n<p><span style=\"font-size: 20px; font-family: arial, helvetica, sans-serif; color: #000000; line-height: 1.3;\">Tamb\u00e9m sou o autor do <em><span style=\"color: #0000ff;\"><a style=\"color: #0000ff;\" href=\"https:\/\/adenilsongiovanini.com.br\/blog\/livro-parcelamento-do-solo-conheca-o-mesmo\/\">Livro &#8220;Parcelamento do Solo&#8221;<\/a><\/span><\/em>, livro com o qual voc\u00ea <strong>APRENDER\u00c1 EXATAMENTE COMO PROCEDER<\/strong> na presta\u00e7\u00e3o de servi\u00e7os de<strong> loteamento e de desmembramento<\/strong>.<\/span><\/p>\n<p><span style=\"font-family: arial, helvetica, sans-serif; font-size: 20px; color: #000000;\"> Gratid\u00e3o por voc\u00ea ter lido o artigo. \ud83d\ude4f<\/span><\/p>\n<p>&nbsp;<\/p>\n<p>&nbsp;<\/p>\n<h2 style=\"text-align: center;\"><span style=\"font-family: arial, helvetica, sans-serif; color: #000000; font-size: 24px;\"><strong>Domine a Topografia Cadastral atrav\u00e9s de um livro formado por centenas de exemplos pr\u00e1ticos <\/strong><\/span><\/h2>\n<h2 style=\"text-align: center;\"><span style=\"font-size: 20px;\"><a href=\"https:\/\/adenilsongiovanini.com.br\/georreferenciamento-de-imoveis-rurais-na-pratica\/\" rel=\"nofollow noreferrer\"><img decoding=\"async\" class=\"aligncenter size-large wp-image-19317\" src=\"https:\/\/adenilsongiovanini.com.br\/blog\/wp-content\/uploads\/2021\/04\/livro-de-topografia-e-georreferenciamento-1024x474.png\" sizes=\"(max-width: 1024px) 100vw, 1024px\" srcset=\"https:\/\/adenilsongiovanini.com.br\/blog\/wp-content\/uploads\/2021\/04\/livro-de-topografia-e-georreferenciamento-1024x474.png 1024w, https:\/\/adenilsongiovanini.com.br\/blog\/wp-content\/uploads\/2021\/04\/livro-de-topografia-e-georreferenciamento-300x139.png 300w, https:\/\/adenilsongiovanini.com.br\/blog\/wp-content\/uploads\/2021\/04\/livro-de-topografia-e-georreferenciamento-768x355.png 768w, https:\/\/adenilsongiovanini.com.br\/blog\/wp-content\/uploads\/2021\/04\/livro-de-topografia-e-georreferenciamento-1536x711.png 1536w, https:\/\/adenilsongiovanini.com.br\/blog\/wp-content\/uploads\/2021\/04\/livro-de-topografia-e-georreferenciamento-320x148.png 320w, https:\/\/adenilsongiovanini.com.br\/blog\/wp-content\/uploads\/2021\/04\/livro-de-topografia-e-georreferenciamento-640x296.png 640w, https:\/\/adenilsongiovanini.com.br\/blog\/wp-content\/uploads\/2021\/04\/livro-de-topografia-e-georreferenciamento-360x167.png 360w, https:\/\/adenilsongiovanini.com.br\/blog\/wp-content\/uploads\/2021\/04\/livro-de-topografia-e-georreferenciamento-720x333.png 720w, https:\/\/adenilsongiovanini.com.br\/blog\/wp-content\/uploads\/2021\/04\/livro-de-topografia-e-georreferenciamento-1080x500.png 1080w, https:\/\/adenilsongiovanini.com.br\/blog\/wp-content\/uploads\/2021\/04\/livro-de-topografia-e-georreferenciamento-800x370.png 800w, https:\/\/adenilsongiovanini.com.br\/blog\/wp-content\/uploads\/2021\/04\/livro-de-topografia-e-georreferenciamento-1280x592.png 1280w, https:\/\/adenilsongiovanini.com.br\/blog\/wp-content\/uploads\/2021\/04\/livro-de-topografia-e-georreferenciamento.png 1565w\" alt=\"livro de topografia e georreferenciamento\" width=\"1024\" height=\"474\" \/><\/a><\/span><\/h2>\n<p><span style=\"font-family: arial, helvetica, sans-serif; font-size: 20px; color: #000000;\">Voc\u00ea quer dominar a Topografia Cadastral?<\/span><\/p>\n<p><span style=\"font-family: arial, helvetica, sans-serif; font-size: 20px; color: #000000;\">Ent\u00e3o eu tenho uma \u00f3tima noticia para voc\u00ea. Me refiro ao <span style=\"color: #0000ff;\"><a style=\"color: #0000ff;\" href=\"https:\/\/adenilsongiovanini.com.br\/georreferenciamento-de-imoveis-rurais-na-pratica\/\" rel=\"nofollow noreferrer\">livro Topografia Cadastral e Georreferenciamento de Im\u00f3veis Rurais na Pr\u00e1tica<\/a><\/span>.<\/span><\/p>\n<p><span style=\"font-size: 20px;\"><span style=\"font-family: arial, helvetica, sans-serif; color: #000000;\">O mesmo \u00e9 dividido em 10 cap\u00edtulos recheados com muitos estudos de caso e exemplos pr\u00e1ticos. D\u00ea uma espiadinha no sum\u00e1rio do mesmo:<\/span><\/span><\/p>\n<p>&nbsp;<\/p>\n<p><center><iframe width=\"99%\" height=\"980\" src=\"https:\/\/drive.google.com\/file\/d\/1HJ8fZz1PvPmftfXHJNFTvIBBzY_FZhPJ\/preview\"><span data-mce-type=\"bookmark\" style=\"display: inline-block; width: 0px; overflow: hidden; line-height: 0;\" class=\"mce_SELRES_start\">\ufeff<\/span><\/iframe><\/center><\/p>\n<p>&nbsp;<\/p>\n<p><span style=\"font-size: 20px;\"><span style=\"font-family: arial, helvetica, sans-serif; color: #000000;\">Para conhecer melhor a estrutura do livro, juntar-se a mais de 800 profissionais e adquirir sua c\u00f3pia \u00e9 s\u00f3 clicar no bot\u00e3o abaixo:<\/span><\/span><\/p>\n<p>&nbsp;<\/p>\n<p><span style=\"color: #000000; font-size: 20px;\"><div class=\"su-button-center\"><a href=\"https:\/\/adenilsongiovanini.com.br\/georreferenciamento-de-imoveis-rurais-na-pratica\/\" class=\"su-button su-button-style-3d\" style=\"color:#000000;background-color:#2BCC2F;border-color:#23a426;border-radius:9px\" target=\"_blank\" rel=\"nofollow\" id=\"1\"><span style=\"color:#000000;padding:0px 24px;font-size:18px;line-height:36px;border-color:#6bdc6e;border-radius:9px;text-shadow:0px 0px 0px #000000\"> \u279c Quero Conhecer Melhor o Livro, Pois Quero e Preciso Aprender Mais Sobre Legisla\u00e7\u00e3o Cadastral e Geo. de Im\u00f3veis Rurais<\/span><\/a><\/div><\/span><\/p>\n<p>&nbsp;<\/p>\n<p>&nbsp;<\/p>\n","protected":false},"excerpt":{"rendered":"<p>Um assunto que deixa os profissionais da \u00e1rea muito confusos \u00e9 o desmembramento incra. Afinal de contas: \u00c9 preciso encerrar o georreferenciamento atual ou terei apenas que entrar em contato com o INCRA? Quais documentos que s\u00e3o necess\u00e1rios e qual procedimento que devo adotar? Se voc\u00ea possui estas d\u00favidas, n\u00e3o [&hellip;]<\/p>\n","protected":false},"author":1,"featured_media":1349,"comment_status":"closed","ping_status":"closed","sticky":false,"template":"","format":"standard","meta":{"_monsterinsights_skip_tracking":false,"_monsterinsights_sitenote_active":false,"_monsterinsights_sitenote_note":"","_monsterinsights_sitenote_category":0,"footnotes":""},"categories":[12,33,9],"tags":[],"class_list":["post-2221","post","type-post","status-publish","format-standard","has-post-thumbnail","hentry","category-georreferenciamento-de-imoveis-rurais","category-desmembramento","category-topografia-cadastral"],"yoast_head":"<!-- This site is optimized with the Yoast SEO plugin v26.5 - https:\/\/yoast.com\/wordpress\/plugins\/seo\/ -->\n<title>Desmembramento INCRA? - Adenilson Giovanini<\/title>\n<meta name=\"description\" content=\"Aprenda exatamente como proceder para fazer o desmembramento incra. Que documentos s\u00e3o necess\u00e1rios e que cuidados que voc\u00ea deve ter.\" \/>\n<meta name=\"robots\" content=\"index, follow, max-snippet:-1, max-image-preview:large, max-video-preview:-1\" \/>\n<link rel=\"canonical\" href=\"https:\/\/adenilsongiovanini.com.br\/blog\/desmembramento-incra\/\" \/>\n<meta property=\"og:locale\" content=\"pt_BR\" \/>\n<meta property=\"og:type\" content=\"article\" \/>\n<meta property=\"og:title\" content=\"Desmembramento INCRA? - Adenilson Giovanini\" \/>\n<meta property=\"og:description\" content=\"Aprenda exatamente como proceder para fazer o desmembramento incra. Que documentos s\u00e3o necess\u00e1rios e que cuidados que voc\u00ea deve ter.\" \/>\n<meta property=\"og:url\" content=\"https:\/\/adenilsongiovanini.com.br\/blog\/desmembramento-incra\/\" \/>\n<meta property=\"og:site_name\" content=\"Adenilson Giovanini\" \/>\n<meta property=\"article:publisher\" content=\"https:\/\/www.facebook.com\/otopografo\/\" \/>\n<meta property=\"article:author\" content=\"https:\/\/www.facebook.com\/otopografo\/\" \/>\n<meta property=\"article:published_time\" content=\"2018-11-12T16:57:24+00:00\" \/>\n<meta property=\"article:modified_time\" content=\"2023-03-03T01:00:37+00:00\" \/>\n<meta property=\"og:image\" content=\"https:\/\/adenilsongiovanini.com.br\/blog\/wp-content\/uploads\/2017\/12\/desmembramento-de-terreno-1.png\" \/>\n\t<meta property=\"og:image:width\" content=\"751\" \/>\n\t<meta property=\"og:image:height\" content=\"411\" \/>\n\t<meta property=\"og:image:type\" content=\"image\/png\" \/>\n<meta name=\"author\" content=\"Adenilson Giovanini\" \/>\n<meta name=\"twitter:card\" content=\"summary_large_image\" \/>\n<meta name=\"twitter:label1\" content=\"Escrito por\" \/>\n\t<meta name=\"twitter:data1\" content=\"Adenilson Giovanini\" \/>\n\t<meta name=\"twitter:label2\" content=\"Est. tempo de leitura\" \/>\n\t<meta name=\"twitter:data2\" content=\"12 minutos\" \/>\n<script type=\"application\/ld+json\" class=\"yoast-schema-graph\">{\"@context\":\"https:\/\/schema.org\",\"@graph\":[{\"@type\":\"Article\",\"@id\":\"https:\/\/adenilsongiovanini.com.br\/blog\/desmembramento-incra\/#article\",\"isPartOf\":{\"@id\":\"https:\/\/adenilsongiovanini.com.br\/blog\/desmembramento-incra\/\"},\"author\":{\"name\":\"Adenilson Giovanini\",\"@id\":\"https:\/\/adenilsongiovanini.com.br\/blog\/#\/schema\/person\/9c1daa7da73c116aae2cb0568d1daa23\"},\"headline\":\"Desmembramento INCRA?\",\"datePublished\":\"2018-11-12T16:57:24+00:00\",\"dateModified\":\"2023-03-03T01:00:37+00:00\",\"mainEntityOfPage\":{\"@id\":\"https:\/\/adenilsongiovanini.com.br\/blog\/desmembramento-incra\/\"},\"wordCount\":1683,\"publisher\":{\"@id\":\"https:\/\/adenilsongiovanini.com.br\/blog\/#\/schema\/person\/9c1daa7da73c116aae2cb0568d1daa23\"},\"image\":{\"@id\":\"https:\/\/adenilsongiovanini.com.br\/blog\/desmembramento-incra\/#primaryimage\"},\"thumbnailUrl\":\"https:\/\/adenilsongiovanini.com.br\/blog\/wp-content\/uploads\/2017\/12\/desmembramento-de-terreno-1.png\",\"articleSection\":[\"Georreferenciamento de Im\u00f3veis Rurais\",\"Parcelamento do solo\",\"Topografia Cadastral\"],\"inLanguage\":\"pt-BR\"},{\"@type\":\"WebPage\",\"@id\":\"https:\/\/adenilsongiovanini.com.br\/blog\/desmembramento-incra\/\",\"url\":\"https:\/\/adenilsongiovanini.com.br\/blog\/desmembramento-incra\/\",\"name\":\"Desmembramento INCRA? - Adenilson Giovanini\",\"isPartOf\":{\"@id\":\"https:\/\/adenilsongiovanini.com.br\/blog\/#website\"},\"primaryImageOfPage\":{\"@id\":\"https:\/\/adenilsongiovanini.com.br\/blog\/desmembramento-incra\/#primaryimage\"},\"image\":{\"@id\":\"https:\/\/adenilsongiovanini.com.br\/blog\/desmembramento-incra\/#primaryimage\"},\"thumbnailUrl\":\"https:\/\/adenilsongiovanini.com.br\/blog\/wp-content\/uploads\/2017\/12\/desmembramento-de-terreno-1.png\",\"datePublished\":\"2018-11-12T16:57:24+00:00\",\"dateModified\":\"2023-03-03T01:00:37+00:00\",\"description\":\"Aprenda exatamente como proceder para fazer o desmembramento incra. Que documentos s\u00e3o necess\u00e1rios e que cuidados que voc\u00ea deve ter.\",\"breadcrumb\":{\"@id\":\"https:\/\/adenilsongiovanini.com.br\/blog\/desmembramento-incra\/#breadcrumb\"},\"inLanguage\":\"pt-BR\",\"potentialAction\":[{\"@type\":\"ReadAction\",\"target\":[\"https:\/\/adenilsongiovanini.com.br\/blog\/desmembramento-incra\/\"]}]},{\"@type\":\"ImageObject\",\"inLanguage\":\"pt-BR\",\"@id\":\"https:\/\/adenilsongiovanini.com.br\/blog\/desmembramento-incra\/#primaryimage\",\"url\":\"https:\/\/adenilsongiovanini.com.br\/blog\/wp-content\/uploads\/2017\/12\/desmembramento-de-terreno-1.png\",\"contentUrl\":\"https:\/\/adenilsongiovanini.com.br\/blog\/wp-content\/uploads\/2017\/12\/desmembramento-de-terreno-1.png\",\"width\":751,\"height\":411},{\"@type\":\"BreadcrumbList\",\"@id\":\"https:\/\/adenilsongiovanini.com.br\/blog\/desmembramento-incra\/#breadcrumb\",\"itemListElement\":[{\"@type\":\"ListItem\",\"position\":1,\"name\":\"Home\",\"item\":\"https:\/\/adenilsongiovanini.com.br\/blog\/\"},{\"@type\":\"ListItem\",\"position\":2,\"name\":\"Desmembramento INCRA?\"}]},{\"@type\":\"WebSite\",\"@id\":\"https:\/\/adenilsongiovanini.com.br\/blog\/#website\",\"url\":\"https:\/\/adenilsongiovanini.com.br\/blog\/\",\"name\":\"Adenilson Giovanini\",\"description\":\"Topografia e Geotecnologias\",\"publisher\":{\"@id\":\"https:\/\/adenilsongiovanini.com.br\/blog\/#\/schema\/person\/9c1daa7da73c116aae2cb0568d1daa23\"},\"potentialAction\":[{\"@type\":\"SearchAction\",\"target\":{\"@type\":\"EntryPoint\",\"urlTemplate\":\"https:\/\/adenilsongiovanini.com.br\/blog\/?s={search_term_string}\"},\"query-input\":{\"@type\":\"PropertyValueSpecification\",\"valueRequired\":true,\"valueName\":\"search_term_string\"}}],\"inLanguage\":\"pt-BR\"},{\"@type\":[\"Person\",\"Organization\"],\"@id\":\"https:\/\/adenilsongiovanini.com.br\/blog\/#\/schema\/person\/9c1daa7da73c116aae2cb0568d1daa23\",\"name\":\"Adenilson Giovanini\",\"image\":{\"@type\":\"ImageObject\",\"inLanguage\":\"pt-BR\",\"@id\":\"https:\/\/adenilsongiovanini.com.br\/blog\/#\/schema\/person\/image\/\",\"url\":\"https:\/\/adenilsongiovanini.com.br\/blog\/wp-content\/litespeed\/avatar\/be8f4de5c0b8a93c57a4f29cbf2f1e92.jpg?ver=1777130135\",\"contentUrl\":\"https:\/\/adenilsongiovanini.com.br\/blog\/wp-content\/litespeed\/avatar\/be8f4de5c0b8a93c57a4f29cbf2f1e92.jpg?ver=1777130135\",\"caption\":\"Adenilson Giovanini\"},\"logo\":{\"@id\":\"https:\/\/adenilsongiovanini.com.br\/blog\/#\/schema\/person\/image\/\"},\"description\":\"O Professor Adenilson Giovanini \u00e9 especialista em Topografia Cadastral e Georreferenciamento de Im\u00f3veis Rurais. O mesmo possui o Maior Site de Engenharia de Agrimensura do Brasil. Site este que tem mais de 102.000 visualiza\u00e7\u00f5es por m\u00eas. Tamb\u00e9m possui mais de 600 v\u00eddeos em seu canal no youtube. Al\u00e9m disso, \u00e9 escritor Best Seller, possuindo v\u00e1rios cursos e livros de sucesso.\",\"sameAs\":[\"http:\/\/adenilsongiovanini.com.br\",\"https:\/\/www.facebook.com\/otopografo\/\",\"https:\/\/www.instagram.com\/adenilson_giovanini\/\",\"https:\/\/www.linkedin.com\/in\/adenilson-giovanini-819b8035\/\",\"https:\/\/br.pinterest.com\/adenilsongiovanini\/\",\"https:\/\/www.youtube.com\/channel\/uce-br7ghiuog2txcsdx5vrw\"]}]}<\/script>\n<!-- \/ Yoast SEO plugin. -->","yoast_head_json":{"title":"Desmembramento INCRA? - Adenilson Giovanini","description":"Aprenda exatamente como proceder para fazer o desmembramento incra. Que documentos s\u00e3o necess\u00e1rios e que cuidados que voc\u00ea deve ter.","robots":{"index":"index","follow":"follow","max-snippet":"max-snippet:-1","max-image-preview":"max-image-preview:large","max-video-preview":"max-video-preview:-1"},"canonical":"https:\/\/adenilsongiovanini.com.br\/blog\/desmembramento-incra\/","og_locale":"pt_BR","og_type":"article","og_title":"Desmembramento INCRA? - Adenilson Giovanini","og_description":"Aprenda exatamente como proceder para fazer o desmembramento incra. Que documentos s\u00e3o necess\u00e1rios e que cuidados que voc\u00ea deve ter.","og_url":"https:\/\/adenilsongiovanini.com.br\/blog\/desmembramento-incra\/","og_site_name":"Adenilson Giovanini","article_publisher":"https:\/\/www.facebook.com\/otopografo\/","article_author":"https:\/\/www.facebook.com\/otopografo\/","article_published_time":"2018-11-12T16:57:24+00:00","article_modified_time":"2023-03-03T01:00:37+00:00","og_image":[{"width":751,"height":411,"url":"https:\/\/adenilsongiovanini.com.br\/blog\/wp-content\/uploads\/2017\/12\/desmembramento-de-terreno-1.png","type":"image\/png"}],"author":"Adenilson Giovanini","twitter_card":"summary_large_image","twitter_misc":{"Escrito por":"Adenilson Giovanini","Est. tempo de leitura":"12 minutos"},"schema":{"@context":"https:\/\/schema.org","@graph":[{"@type":"Article","@id":"https:\/\/adenilsongiovanini.com.br\/blog\/desmembramento-incra\/#article","isPartOf":{"@id":"https:\/\/adenilsongiovanini.com.br\/blog\/desmembramento-incra\/"},"author":{"name":"Adenilson Giovanini","@id":"https:\/\/adenilsongiovanini.com.br\/blog\/#\/schema\/person\/9c1daa7da73c116aae2cb0568d1daa23"},"headline":"Desmembramento INCRA?","datePublished":"2018-11-12T16:57:24+00:00","dateModified":"2023-03-03T01:00:37+00:00","mainEntityOfPage":{"@id":"https:\/\/adenilsongiovanini.com.br\/blog\/desmembramento-incra\/"},"wordCount":1683,"publisher":{"@id":"https:\/\/adenilsongiovanini.com.br\/blog\/#\/schema\/person\/9c1daa7da73c116aae2cb0568d1daa23"},"image":{"@id":"https:\/\/adenilsongiovanini.com.br\/blog\/desmembramento-incra\/#primaryimage"},"thumbnailUrl":"https:\/\/adenilsongiovanini.com.br\/blog\/wp-content\/uploads\/2017\/12\/desmembramento-de-terreno-1.png","articleSection":["Georreferenciamento de Im\u00f3veis Rurais","Parcelamento do solo","Topografia Cadastral"],"inLanguage":"pt-BR"},{"@type":"WebPage","@id":"https:\/\/adenilsongiovanini.com.br\/blog\/desmembramento-incra\/","url":"https:\/\/adenilsongiovanini.com.br\/blog\/desmembramento-incra\/","name":"Desmembramento INCRA? - Adenilson Giovanini","isPartOf":{"@id":"https:\/\/adenilsongiovanini.com.br\/blog\/#website"},"primaryImageOfPage":{"@id":"https:\/\/adenilsongiovanini.com.br\/blog\/desmembramento-incra\/#primaryimage"},"image":{"@id":"https:\/\/adenilsongiovanini.com.br\/blog\/desmembramento-incra\/#primaryimage"},"thumbnailUrl":"https:\/\/adenilsongiovanini.com.br\/blog\/wp-content\/uploads\/2017\/12\/desmembramento-de-terreno-1.png","datePublished":"2018-11-12T16:57:24+00:00","dateModified":"2023-03-03T01:00:37+00:00","description":"Aprenda exatamente como proceder para fazer o desmembramento incra. Que documentos s\u00e3o necess\u00e1rios e que cuidados que voc\u00ea deve ter.","breadcrumb":{"@id":"https:\/\/adenilsongiovanini.com.br\/blog\/desmembramento-incra\/#breadcrumb"},"inLanguage":"pt-BR","potentialAction":[{"@type":"ReadAction","target":["https:\/\/adenilsongiovanini.com.br\/blog\/desmembramento-incra\/"]}]},{"@type":"ImageObject","inLanguage":"pt-BR","@id":"https:\/\/adenilsongiovanini.com.br\/blog\/desmembramento-incra\/#primaryimage","url":"https:\/\/adenilsongiovanini.com.br\/blog\/wp-content\/uploads\/2017\/12\/desmembramento-de-terreno-1.png","contentUrl":"https:\/\/adenilsongiovanini.com.br\/blog\/wp-content\/uploads\/2017\/12\/desmembramento-de-terreno-1.png","width":751,"height":411},{"@type":"BreadcrumbList","@id":"https:\/\/adenilsongiovanini.com.br\/blog\/desmembramento-incra\/#breadcrumb","itemListElement":[{"@type":"ListItem","position":1,"name":"Home","item":"https:\/\/adenilsongiovanini.com.br\/blog\/"},{"@type":"ListItem","position":2,"name":"Desmembramento INCRA?"}]},{"@type":"WebSite","@id":"https:\/\/adenilsongiovanini.com.br\/blog\/#website","url":"https:\/\/adenilsongiovanini.com.br\/blog\/","name":"Adenilson Giovanini","description":"Topografia e Geotecnologias","publisher":{"@id":"https:\/\/adenilsongiovanini.com.br\/blog\/#\/schema\/person\/9c1daa7da73c116aae2cb0568d1daa23"},"potentialAction":[{"@type":"SearchAction","target":{"@type":"EntryPoint","urlTemplate":"https:\/\/adenilsongiovanini.com.br\/blog\/?s={search_term_string}"},"query-input":{"@type":"PropertyValueSpecification","valueRequired":true,"valueName":"search_term_string"}}],"inLanguage":"pt-BR"},{"@type":["Person","Organization"],"@id":"https:\/\/adenilsongiovanini.com.br\/blog\/#\/schema\/person\/9c1daa7da73c116aae2cb0568d1daa23","name":"Adenilson Giovanini","image":{"@type":"ImageObject","inLanguage":"pt-BR","@id":"https:\/\/adenilsongiovanini.com.br\/blog\/#\/schema\/person\/image\/","url":"https:\/\/adenilsongiovanini.com.br\/blog\/wp-content\/litespeed\/avatar\/be8f4de5c0b8a93c57a4f29cbf2f1e92.jpg?ver=1777130135","contentUrl":"https:\/\/adenilsongiovanini.com.br\/blog\/wp-content\/litespeed\/avatar\/be8f4de5c0b8a93c57a4f29cbf2f1e92.jpg?ver=1777130135","caption":"Adenilson Giovanini"},"logo":{"@id":"https:\/\/adenilsongiovanini.com.br\/blog\/#\/schema\/person\/image\/"},"description":"O Professor Adenilson Giovanini \u00e9 especialista em Topografia Cadastral e Georreferenciamento de Im\u00f3veis Rurais. O mesmo possui o Maior Site de Engenharia de Agrimensura do Brasil. Site este que tem mais de 102.000 visualiza\u00e7\u00f5es por m\u00eas. Tamb\u00e9m possui mais de 600 v\u00eddeos em seu canal no youtube. Al\u00e9m disso, \u00e9 escritor Best Seller, possuindo v\u00e1rios cursos e livros de sucesso.","sameAs":["http:\/\/adenilsongiovanini.com.br","https:\/\/www.facebook.com\/otopografo\/","https:\/\/www.instagram.com\/adenilson_giovanini\/","https:\/\/www.linkedin.com\/in\/adenilson-giovanini-819b8035\/","https:\/\/br.pinterest.com\/adenilsongiovanini\/","https:\/\/www.youtube.com\/channel\/uce-br7ghiuog2txcsdx5vrw"]}]}},"amp_enabled":true,"_links":{"self":[{"href":"https:\/\/adenilsongiovanini.com.br\/blog\/wp-json\/wp\/v2\/posts\/2221","targetHints":{"allow":["GET"]}}],"collection":[{"href":"https:\/\/adenilsongiovanini.com.br\/blog\/wp-json\/wp\/v2\/posts"}],"about":[{"href":"https:\/\/adenilsongiovanini.com.br\/blog\/wp-json\/wp\/v2\/types\/post"}],"author":[{"embeddable":true,"href":"https:\/\/adenilsongiovanini.com.br\/blog\/wp-json\/wp\/v2\/users\/1"}],"replies":[{"embeddable":true,"href":"https:\/\/adenilsongiovanini.com.br\/blog\/wp-json\/wp\/v2\/comments?post=2221"}],"version-history":[{"count":0,"href":"https:\/\/adenilsongiovanini.com.br\/blog\/wp-json\/wp\/v2\/posts\/2221\/revisions"}],"wp:featuredmedia":[{"embeddable":true,"href":"https:\/\/adenilsongiovanini.com.br\/blog\/wp-json\/wp\/v2\/media\/1349"}],"wp:attachment":[{"href":"https:\/\/adenilsongiovanini.com.br\/blog\/wp-json\/wp\/v2\/media?parent=2221"}],"wp:term":[{"taxonomy":"category","embeddable":true,"href":"https:\/\/adenilsongiovanini.com.br\/blog\/wp-json\/wp\/v2\/categories?post=2221"},{"taxonomy":"post_tag","embeddable":true,"href":"https:\/\/adenilsongiovanini.com.br\/blog\/wp-json\/wp\/v2\/tags?post=2221"}],"curies":[{"name":"wp","href":"https:\/\/api.w.org\/{rel}","templated":true}]}}