{"id":21506,"date":"2021-07-08T00:46:37","date_gmt":"2021-07-08T00:46:37","guid":{"rendered":"https:\/\/adenilsongiovanini.com.br\/blog\/?p=21506"},"modified":"2022-09-19T17:17:42","modified_gmt":"2022-09-19T17:17:42","slug":"sistema-geodesico-brasileiro-o-que-e","status":"publish","type":"post","link":"https:\/\/adenilsongiovanini.com.br\/blog\/sistema-geodesico-brasileiro-o-que-e\/","title":{"rendered":"Sistema Geod\u00e9sico Brasileiro: o que \u00e9?"},"content":{"rendered":"<p><span style=\"font-family: arial, helvetica, sans-serif; font-size: 20px; color: #000000;\">O que \u00e9 o <strong>Sistema Geod\u00e9sico Brasileiro (SGB)<\/strong>, qual o datum oficial do Brasil, quais redes constituem o mesmo e o que \u00e9 um datum.<\/span><\/p>\n<p><span style=\"font-family: arial, helvetica, sans-serif; font-size: 20px; color: #000000;\">Isso que voc\u00ea aprender\u00e1 com a leitura deste artigo.<\/span><\/p>\n<p>&nbsp;<\/p>\n<h2 style=\"text-align: center;\"><span style=\"font-size: 24px;\"><strong><span style=\"font-family: arial, helvetica, sans-serif; color: #000000;\">O que \u00e9 o Sistema Geod\u00e9sico Brasileiro?<\/span><\/strong><\/span><\/h2>\n<p><img decoding=\"async\" class=\"aligncenter wp-image-21509\" src=\"https:\/\/adenilsongiovanini.com.br\/blog\/wp-content\/uploads\/2021\/07\/sistema-geodesico-brasileiro.png\" alt=\"Sistema Geod\u00e9sico Brasileiro\" width=\"780\" height=\"587\" srcset=\"https:\/\/adenilsongiovanini.com.br\/blog\/wp-content\/uploads\/2021\/07\/sistema-geodesico-brasileiro.png 999w, https:\/\/adenilsongiovanini.com.br\/blog\/wp-content\/uploads\/2021\/07\/sistema-geodesico-brasileiro-300x226.png 300w, https:\/\/adenilsongiovanini.com.br\/blog\/wp-content\/uploads\/2021\/07\/sistema-geodesico-brasileiro-768x578.png 768w, https:\/\/adenilsongiovanini.com.br\/blog\/wp-content\/uploads\/2021\/07\/sistema-geodesico-brasileiro-320x241.png 320w, https:\/\/adenilsongiovanini.com.br\/blog\/wp-content\/uploads\/2021\/07\/sistema-geodesico-brasileiro-640x482.png 640w, https:\/\/adenilsongiovanini.com.br\/blog\/wp-content\/uploads\/2021\/07\/sistema-geodesico-brasileiro-360x271.png 360w, https:\/\/adenilsongiovanini.com.br\/blog\/wp-content\/uploads\/2021\/07\/sistema-geodesico-brasileiro-720x542.png 720w, https:\/\/adenilsongiovanini.com.br\/blog\/wp-content\/uploads\/2021\/07\/sistema-geodesico-brasileiro-800x602.png 800w\" sizes=\"(max-width: 780px) 100vw, 780px\" \/><\/p>\n<p><span style=\"font-family: arial, helvetica, sans-serif; font-size: 20px; color: #000000;\">A <span style=\"color: #0000ff;\"><a style=\"color: #0000ff;\" href=\"http:\/\/www.carto.eng.uerj.br\/cdecart\/download\/NBR13133.pdf\">NBR 13.133<\/a><\/span> tr\u00e1s a seguinte defini\u00e7\u00e3o para o <strong>Sistema Geod\u00e9sico Brasileiro<\/strong>.<\/span><\/p>\n<blockquote style=\"border: 2px double #009900; background: #f0fff0 none repeat scroll 0% 0%; -moz-background-clip: -moz-initial; -moz-background-origin: -moz-initial; -moz-background-inline-policy: -moz-initial; color: #323232; padding-left: 15px; padding-top: 10px; padding-bottom: 10px;\"><p><span style=\"font-family: arial, helvetica, sans-serif; font-size: 20px; color: #000000;\">Conjunto de pontos geod\u00e9sicos descritores da superf\u00edcie f\u00edsica da Terra, implantados e materializados na por\u00e7\u00e3o da superf\u00edcie terrestre delimitada pelas fronteiras do pa\u00eds, com vistas \u00e0s finalidades de sua utiliza\u00e7\u00e3o, que v\u00e3o <\/span><span style=\"font-family: arial, helvetica, sans-serif; font-size: 20px; color: #000000;\">desde o atendimento a projetos internacionais de cunho cient\u00edfico, passando pelas amarra\u00e7\u00f5es e controles de <span style=\"color: #0000ff;\"><a href=\"https:\/\/adenilsongiovanini.com.br\/blog\/levantamento-geodesico-o-que-e\/\" style=\"color: #0000ff;\">trabalhos geod\u00e9sicos<\/a><\/span> e <span style=\"color: #0000ff;\"><a href=\"https:\/\/adenilsongiovanini.com.br\/blog\/projeto-cartografico-o-que-e-e-tipos-existentes\/\" style=\"color: #0000ff;\">cartogr\u00e1ficos<\/a><\/span>, at\u00e9 o apoio aos levantamentos no horizonte topogr\u00e1fico, onde prevalecem os <\/span><span style=\"font-family: arial, helvetica, sans-serif; font-size: 20px; color: #000000;\">crit\u00e9rios de exatid\u00e3o sobre as simplifica\u00e7\u00f5es para a figura da <\/span><span style=\"font-family: arial, helvetica, sans-serif; font-size: 20px; color: #000000;\">Terra.<\/span><br \/>\n<span style=\"font-family: arial, helvetica, sans-serif; font-size: 20px; color: #000000;\">Estes<\/span><span style=\"font-family: arial, helvetica, sans-serif; font-size: 20px; color: #000000;\"> pontos s\u00e3o determinados por procedimentos operacionais associados a um sistema de <span style=\"color: #0000ff;\"><a href=\"https:\/\/adenilsongiovanini.com.br\/blog\/coordenadas-geodesicas-o-que-sao\/\" style=\"color: #0000ff;\">coordenadas geod\u00e9sicas<\/a><\/span>, calculadas segundo <span style=\"color: #0000ff;\"><a href=\"https:\/\/adenilsongiovanini.com.br\/blog\/sistemas-geodesicos-de-referencia\/\" style=\"color: #0000ff;\">modelos geod\u00e9sicos<\/a><\/span> de precis\u00e3o, compat\u00edveis com as finalidades a que se destinam&#8230;<\/span><\/p><\/blockquote>\n<p>&nbsp;<\/p>\n<p><span style=\"font-family: arial, helvetica, sans-serif; font-size: 20px; color: #000000;\">A partir deste ponto a NBR 13.133 descreve o <span style=\"color: #0000ff;\"><a href=\"https:\/\/adenilsongiovanini.com.br\/blog\/sad69\/\" style=\"color: #0000ff;\">datum SAD 69<\/a><\/span>.<\/span><\/p>\n<p>&nbsp;<\/p>\n<h2 style=\"text-align: center;\"><span style=\"font-size: 24px;\"><strong><span style=\"font-family: arial, helvetica, sans-serif; color: #000000;\">Datum oficial do Brasil<\/span><\/strong><\/span><\/h2>\n<p><img decoding=\"async\" class=\"aligncenter wp-image-3664 size-large\" src=\"https:\/\/adenilsongiovanini.com.br\/blog\/wp-content\/uploads\/2019\/11\/nbr-14.166-datum-elipsoide-780x509.png\" alt=\"datum oficial do Brasil\" width=\"780\" height=\"509\" srcset=\"https:\/\/adenilsongiovanini.com.br\/blog\/wp-content\/uploads\/2019\/11\/nbr-14.166-datum-elipsoide-780x509.png 780w, https:\/\/adenilsongiovanini.com.br\/blog\/wp-content\/uploads\/2019\/11\/nbr-14.166-datum-elipsoide-300x196.png 300w, https:\/\/adenilsongiovanini.com.br\/blog\/wp-content\/uploads\/2019\/11\/nbr-14.166-datum-elipsoide-768x501.png 768w, https:\/\/adenilsongiovanini.com.br\/blog\/wp-content\/uploads\/2019\/11\/nbr-14.166-datum-elipsoide.png 1167w\" sizes=\"(max-width: 780px) 100vw, 780px\" \/><\/p>\n<p><span style=\"font-family: arial, helvetica, sans-serif; font-size: 20px; color: #000000;\">A NBR 13.133 foi homologada em 1994 e na \u00e9poca o <span style=\"color: #0000ff;\"><a style=\"color: #0000ff;\" href=\"https:\/\/adenilsongiovanini.com.br\/blog\/sad69\/\">SAD 69<\/a> <\/span>era o datum geod\u00e9sico oficial do Brasil.<\/span><\/p>\n<p><span style=\"font-family: arial, helvetica, sans-serif; font-size: 20px; color: #000000;\">Por\u00e9m, desde 2015, o <span style=\"color: #0000ff;\"><a href=\"https:\/\/adenilsongiovanini.com.br\/blog\/sirgas-2000\/\" style=\"color: #0000ff;\">SIRGAS 2000<\/a><\/span> \u00e9 o datum oficial do Brasil. Caso voc\u00ea deseje conhecer o mesmo, sua hist\u00f3ria, legisla\u00e7\u00e3o e objetivo, <span style=\"color: #0000ff;\"><a style=\"color: #0000ff;\" href=\"https:\/\/adenilsongiovanini.com.br\/blog\/sirgas-2000\/\">leia este artigo<\/a><\/span>. O mesmo foi escrito por mim e revisado por uma especialista do IBGE.<\/span><\/p>\n<p>&nbsp;<\/p>\n<h2 style=\"text-align: center;\"><span style=\"font-size: 24px;\"><strong><span style=\"font-family: arial, helvetica, sans-serif; color: #000000;\">Sistema Geod\u00e9sico Brasileiro &#8211; Qual o referencial geod\u00e9sico do pa\u00eds<\/span><\/strong><\/span><\/h2>\n<p><img decoding=\"async\" class=\"aligncenter wp-image-19270 size-large\" src=\"https:\/\/adenilsongiovanini.com.br\/blog\/wp-content\/uploads\/2021\/04\/marcos-topograficos-771x780.jpg\" alt=\"marco topogr\u00e1fico\" width=\"771\" height=\"780\" srcset=\"https:\/\/adenilsongiovanini.com.br\/blog\/wp-content\/uploads\/2021\/04\/marcos-topograficos-771x780.jpg 771w, https:\/\/adenilsongiovanini.com.br\/blog\/wp-content\/uploads\/2021\/04\/marcos-topograficos-297x300.jpg 297w, https:\/\/adenilsongiovanini.com.br\/blog\/wp-content\/uploads\/2021\/04\/marcos-topograficos-768x777.jpg 768w, https:\/\/adenilsongiovanini.com.br\/blog\/wp-content\/uploads\/2021\/04\/marcos-topograficos-1013x1024.jpg 1013w, https:\/\/adenilsongiovanini.com.br\/blog\/wp-content\/uploads\/2021\/04\/marcos-topograficos-320x324.jpg 320w, https:\/\/adenilsongiovanini.com.br\/blog\/wp-content\/uploads\/2021\/04\/marcos-topograficos-640x647.jpg 640w, https:\/\/adenilsongiovanini.com.br\/blog\/wp-content\/uploads\/2021\/04\/marcos-topograficos-360x364.jpg 360w, https:\/\/adenilsongiovanini.com.br\/blog\/wp-content\/uploads\/2021\/04\/marcos-topograficos-720x728.jpg 720w, https:\/\/adenilsongiovanini.com.br\/blog\/wp-content\/uploads\/2021\/04\/marcos-topograficos-800x809.jpg 800w, https:\/\/adenilsongiovanini.com.br\/blog\/wp-content\/uploads\/2021\/04\/marcos-topograficos-1024x1036.jpg 1024w, https:\/\/adenilsongiovanini.com.br\/blog\/wp-content\/uploads\/2021\/04\/marcos-topograficos.jpg 1068w\" sizes=\"(max-width: 771px) 100vw, 771px\" \/><\/p>\n<p><span style=\"font-family: arial, helvetica, sans-serif; font-size: 20px; color: #000000;\">A NBR 13.133 atrav\u00e9s de uma nota informa o seguinte.<\/span><\/p>\n<blockquote style=\"border: 2px double #009900; background: #f0fff0 none repeat scroll 0% 0%; -moz-background-clip: -moz-initial; -moz-background-origin: -moz-initial; -moz-background-inline-policy: -moz-initial; color: #323232; padding-left: 15px; padding-top: 10px; padding-bottom: 10px;\"><p><span style=\"font-family: arial, helvetica, sans-serif; font-size: 20px; color: #000000;\">O referencial altim\u00e9trico do SGB coincide com a superf\u00edcie equipotencial que cont\u00eam o n\u00edvel m\u00e9dio dos mares, definido pelas observa\u00e7\u00f5es maregr\u00e1ficas tomadas na Ba\u00eda de Imbituba, no litoral do Estado de Santa Catarina.<\/span><\/p><\/blockquote>\n<p><span style=\"font-family: arial, helvetica, sans-serif; font-size: 20px; color: #000000;\">Ao todo, o sistema geod\u00e9sico brasileiro \u00e9 constitu\u00eddo por cerca de 70.000 esta\u00e7\u00f5es implantadas pelo IBGE em todo o territ\u00f3rio brasileiro.<\/span><\/p>\n<p><span style=\"font-family: arial, helvetica, sans-serif; font-size: 20px; color: #000000;\">As mesmas s\u00e3o divididas em tr\u00eas redes:<\/span><\/p>\n<ul>\n<li><span style=\"font-family: arial, helvetica, sans-serif; font-size: 20px; color: #000000;\"><span style=\"color: #0000ff;\"><a href=\"https:\/\/adenilsongiovanini.com.br\/blog\/datum-horizontal-o-que-e-e-suas-especificidades\/\" style=\"color: #0000ff;\"> Rede Planim\u00e9trica<\/a><\/span>;<\/span><\/li>\n<li><span style=\"font-family: arial, helvetica, sans-serif; font-size: 20px; color: #000000;\"><span style=\"color: #0000ff;\"><a href=\"https:\/\/adenilsongiovanini.com.br\/blog\/altimetrica-diferenca-entre-cota-e-altitude\/\" style=\"color: #0000ff;\">Rede Altim\u00e9trica<\/a><\/span> e; <\/span><\/li>\n<li><span style=\"font-family: arial, helvetica, sans-serif; font-size: 20px; color: #000000;\">Rede Gravim\u00e9trica.<\/span><\/li>\n<\/ul>\n<p><span style=\"font-family: arial, helvetica, sans-serif; font-size: 20px; color: #000000;\"> Vamos conhecer melhor as mesmas.<\/span><\/p>\n<p>&nbsp;<\/p>\n<h3 style=\"text-align: center;\"><strong><span style=\"font-family: arial, helvetica, sans-serif; font-size: 20px; color: #000000;\">Rede planim\u00e9trica<\/span><\/strong><\/h3>\n<p><img decoding=\"async\" class=\"aligncenter size-full wp-image-21510\" src=\"https:\/\/adenilsongiovanini.com.br\/blog\/wp-content\/uploads\/2021\/07\/Rede-Planimetrica-Brasileira.png\" alt=\"rede planim\u00e9trica\" width=\"662\" height=\"598\" srcset=\"https:\/\/adenilsongiovanini.com.br\/blog\/wp-content\/uploads\/2021\/07\/Rede-Planimetrica-Brasileira.png 662w, https:\/\/adenilsongiovanini.com.br\/blog\/wp-content\/uploads\/2021\/07\/Rede-Planimetrica-Brasileira-300x271.png 300w, https:\/\/adenilsongiovanini.com.br\/blog\/wp-content\/uploads\/2021\/07\/Rede-Planimetrica-Brasileira-320x289.png 320w, https:\/\/adenilsongiovanini.com.br\/blog\/wp-content\/uploads\/2021\/07\/Rede-Planimetrica-Brasileira-640x578.png 640w, https:\/\/adenilsongiovanini.com.br\/blog\/wp-content\/uploads\/2021\/07\/Rede-Planimetrica-Brasileira-360x325.png 360w\" sizes=\"(max-width: 662px) 100vw, 662px\" \/><\/p>\n<p><span style=\"font-family: arial, helvetica, sans-serif; font-size: 20px; color: #000000;\">Segundo o <span style=\"color: #0000ff;\"><a style=\"color: #0000ff;\" href=\"https:\/\/www.ibge.gov.br\/\">IBGE<\/a><\/span>, a <span style=\"color: #0000ff;\"><a style=\"color: #0000ff;\" href=\"https:\/\/www.ibge.gov.br\/geociencias\/informacoes-sobre-posicionamento-geodesico\/rede-geodesica\/16284-rede-planialtimetrica.html?=&amp;t=o-que-e\">rede planim\u00e9trica<\/a><\/span> \u00e9 um conjunto de esta\u00e7\u00f5es geod\u00e9sicas denominadas esta\u00e7\u00f5es SAT, esta\u00e7\u00f5es doppler, esta\u00e7\u00f5es poligonais e v\u00e9rtices de triangula\u00e7\u00e3o, que materializam as componentes planim\u00e9tricas e planialtim\u00e9trica do Sistema Geod\u00e9sico Brasileiro \u2013 SGB.<\/span><\/p>\n<p>&nbsp;<\/p>\n<h3 style=\"text-align: center;\"><span style=\"font-size: 24px;\"><strong><span style=\"font-family: arial, helvetica, sans-serif; color: #000000;\">Rede altim\u00e9trica<\/span><\/strong><\/span><\/h3>\n<p><img decoding=\"async\" class=\"aligncenter wp-image-21511\" src=\"https:\/\/adenilsongiovanini.com.br\/blog\/wp-content\/uploads\/2021\/07\/rede-altimetrica.png\" alt=\"rede altim\u00e9trica\" width=\"780\" height=\"771\" srcset=\"https:\/\/adenilsongiovanini.com.br\/blog\/wp-content\/uploads\/2021\/07\/rede-altimetrica.png 800w, https:\/\/adenilsongiovanini.com.br\/blog\/wp-content\/uploads\/2021\/07\/rede-altimetrica-300x297.png 300w, https:\/\/adenilsongiovanini.com.br\/blog\/wp-content\/uploads\/2021\/07\/rede-altimetrica-768x759.png 768w, https:\/\/adenilsongiovanini.com.br\/blog\/wp-content\/uploads\/2021\/07\/rede-altimetrica-320x316.png 320w, https:\/\/adenilsongiovanini.com.br\/blog\/wp-content\/uploads\/2021\/07\/rede-altimetrica-640x633.png 640w, https:\/\/adenilsongiovanini.com.br\/blog\/wp-content\/uploads\/2021\/07\/rede-altimetrica-360x356.png 360w, https:\/\/adenilsongiovanini.com.br\/blog\/wp-content\/uploads\/2021\/07\/rede-altimetrica-720x712.png 720w\" sizes=\"(max-width: 780px) 100vw, 780px\" \/><\/p>\n<p><span style=\"font-family: arial, helvetica, sans-serif; font-size: 20px; color: #000000;\">A <span style=\"color: #0000ff;\"><a style=\"color: #0000ff;\" href=\"https:\/\/www.ibge.gov.br\/geociencias\/informacoes-sobre-posicionamento-geodesico\/rede-geodesica\/16283-rede-altimetrica.html?=&amp;t=o-que-e\">rede altim\u00e9trica<\/a><\/span> \u00e9 um conjunto de esta\u00e7\u00f5es geod\u00e9sicas, denominadas refer\u00eancias de n\u00edvel, que materializam a componente altim\u00e9trica do Sistema Geod\u00e9sico Brasileiro \u2013 SGB, a partir de medi\u00e7\u00f5es de nivelamento geom\u00e9trico de alta precis\u00e3o.<\/span><\/p>\n<p>&nbsp;<\/p>\n<h3 style=\"text-align: center;\"><strong><span style=\"font-family: arial, helvetica, sans-serif; font-size: 20px; color: #000000;\">Rede gravim\u00e9trica<\/span><\/strong><\/h3>\n<p><img decoding=\"async\" class=\"aligncenter size-full wp-image-21512\" src=\"https:\/\/adenilsongiovanini.com.br\/blog\/wp-content\/uploads\/2021\/07\/rede-gravimetrica.png\" alt=\"rede gravim\u00e9trica\" width=\"725\" height=\"697\" srcset=\"https:\/\/adenilsongiovanini.com.br\/blog\/wp-content\/uploads\/2021\/07\/rede-gravimetrica.png 725w, https:\/\/adenilsongiovanini.com.br\/blog\/wp-content\/uploads\/2021\/07\/rede-gravimetrica-300x288.png 300w, https:\/\/adenilsongiovanini.com.br\/blog\/wp-content\/uploads\/2021\/07\/rede-gravimetrica-320x308.png 320w, https:\/\/adenilsongiovanini.com.br\/blog\/wp-content\/uploads\/2021\/07\/rede-gravimetrica-640x615.png 640w, https:\/\/adenilsongiovanini.com.br\/blog\/wp-content\/uploads\/2021\/07\/rede-gravimetrica-360x346.png 360w, https:\/\/adenilsongiovanini.com.br\/blog\/wp-content\/uploads\/2021\/07\/rede-gravimetrica-720x692.png 720w\" sizes=\"(max-width: 725px) 100vw, 725px\" \/><\/p>\n<p><span style=\"font-family: arial, helvetica, sans-serif; font-size: 20px; color: #000000;\">A <span style=\"color: #0000ff;\"><a style=\"color: #0000ff;\" href=\"https:\/\/www.ibge.gov.br\/geociencias\/informacoes-sobre-posicionamento-geodesico\/rede-geodesica\/16286-rede-gravimetrica.html?=&amp;t=o-que-e\">rede gravim\u00e9trica<\/a><\/span> \u00e9 um conjunto de esta\u00e7\u00f5es geod\u00e9sicas, denominadas esta\u00e7\u00f5es gravim\u00e9tricas, que cont\u00e9m informa\u00e7\u00f5es sobre a acelera\u00e7\u00e3o da gravidade e as caracter\u00edsticas das esta\u00e7\u00f5es.<\/span><\/p>\n<p>&nbsp;<\/p>\n<h2 style=\"text-align: center;\"><span style=\"font-size: 24px; color: #000000;\"><strong><span style=\"font-family: arial, helvetica, sans-serif;\">Sistema Geod\u00e9sico Brasileiro &#8211; O que \u00e9 um Datum <\/span><\/strong><\/span><\/h2>\n<p><img decoding=\"async\" class=\"aligncenter size-full wp-image-4753\" src=\"https:\/\/adenilsongiovanini.com.br\/blog\/wp-content\/uploads\/2019\/12\/coordtrans-datum-shifts11.gif\" alt=\"Sistema Geod\u00e9sico Brasileiro - datum\" width=\"366\" height=\"229\" \/><\/p>\n<p><span style=\"font-family: arial, helvetica, sans-serif; font-size: 20px; color: #000000;\">Um <span style=\"color: #0000ff;\"><a style=\"color: #0000ff;\" href=\"https:\/\/adenilsongiovanini.com.br\/blog\/datum-o-que-e-e-para-que-serve\/\">datum<\/a><\/span> \u00e9 um conjunto de pontos e seus respectivos valores de <span style=\"color: #0000ff;\"><a style=\"color: #0000ff;\" href=\"https:\/\/adenilsongiovanini.com.br\/blog\/coordenadas-geodesicas-o-que-sao\/\">coordenadas<\/a><\/span>, que definem as condi\u00e7\u00f5es iniciais para o estabelecimento de um sistema geod\u00e9sico. <\/span><\/p>\n<p><span style=\"font-family: arial, helvetica, sans-serif; font-size: 20px; color: #000000;\">Um sistema geod\u00e9sico, por sua vez, \u00e9 um conjunto de <span style=\"color: #0000ff;\"><a style=\"color: #0000ff;\" href=\"https:\/\/adenilsongiovanini.com.br\/blog\/marcos-geodesicos-quais-os-tipos-existentes\/\">esta\u00e7\u00f5es geod\u00e9sicas (marcos)<\/a><\/span> e suas coordenadas. <\/span><\/p>\n<p><img decoding=\"async\" class=\"aligncenter size-full wp-image-19642\" src=\"https:\/\/adenilsongiovanini.com.br\/blog\/wp-content\/uploads\/2021\/04\/sistema-geodesico.jpg\" alt=\"sistema geod\u00e9sico\" width=\"616\" height=\"744\" srcset=\"https:\/\/adenilsongiovanini.com.br\/blog\/wp-content\/uploads\/2021\/04\/sistema-geodesico.jpg 616w, https:\/\/adenilsongiovanini.com.br\/blog\/wp-content\/uploads\/2021\/04\/sistema-geodesico-248x300.jpg 248w, https:\/\/adenilsongiovanini.com.br\/blog\/wp-content\/uploads\/2021\/04\/sistema-geodesico-320x386.jpg 320w, https:\/\/adenilsongiovanini.com.br\/blog\/wp-content\/uploads\/2021\/04\/sistema-geodesico-360x435.jpg 360w\" sizes=\"(max-width: 616px) 100vw, 616px\" \/><\/p>\n<p>\n<span style=\"font-family: arial, helvetica, sans-serif; font-size: 20px; color: #000000;\">Um Datum \u00e9 constitu\u00eddo pela ado\u00e7\u00e3o de:<\/span><\/p>\n<ul>\n<li><span style=\"font-family: arial, helvetica, sans-serif; font-size: 20px; color: #000000;\"> Um elipsoide de refer\u00eancia, que representar\u00e1 a figura matem\u00e1tica da terra;<\/span><\/li>\n<li><span style=\"font-family: arial, helvetica, sans-serif; font-size: 20px; color: #000000;\">Um ponto geod\u00e9sico origem, que fixa o <span style=\"color: #0000ff;\"><a href=\"https:\/\/adenilsongiovanini.com.br\/blog\/sistema-de-referencia\/\" style=\"color: #0000ff;\">sistema de coordenadas<\/a> <\/span>na terra e serve como marco inicial das medidas de <span style=\"color: #0000ff;\">latitudes e longitudes<\/span>;<\/span><\/li>\n<li><span style=\"font-family: arial, helvetica, sans-serif; font-size: 20px; color: #000000;\">Um <span style=\"color: #0000ff;\"><a style=\"color: #0000ff;\" href=\"https:\/\/adenilsongiovanini.com.br\/blog\/azimute-topografia-o-que-e-e-para-que-serve\/\">Azimute inicial<\/a><\/span>.<\/span><\/li>\n<\/ul>\n<p><img decoding=\"async\" class=\"aligncenter size-large wp-image-4752\" src=\"https:\/\/adenilsongiovanini.com.br\/blog\/wp-content\/uploads\/2019\/12\/datum-e-elips\u00f3ide-1024x768.jpg\" alt=\"Sistema Geod\u00e9sico Brasileiro - datum e elipsoide\" width=\"1024\" height=\"768\" \/><\/p>\n<p><span style=\"font-family: arial, helvetica, sans-serif; font-size: 20px; color: #000000;\">O crit\u00e9rio para a escolha do ponto geod\u00e9sico de origem \u00e9 a m\u00e1xima coincid\u00eancia <\/span><span style=\"font-family: arial, helvetica, sans-serif; font-size: 20px; color: #000000;\">entre a superf\u00edcie do <span style=\"color: #0000ff;\"><a style=\"color: #0000ff;\" href=\"https:\/\/adenilsongiovanini.com.br\/blog\/geoide\/\">geoide<\/a><\/span> e do elipsoide. <\/span><\/p>\n<p><span style=\"font-family: arial, helvetica, sans-serif; font-size: 20px; color: #000000;\">Portanto, um mesmo ponto do terreno ter\u00e1 valores de coordenadas diferentes quando referido aos diferentes data (plural de datum).<\/span><\/p>\n<p>&nbsp;<\/p>\n<h2 style=\"text-align: center;\"><span style=\"font-family: arial, helvetica, sans-serif; font-size: 24px; color: #000000;\">Tipos de data geod\u00e9sicos existentes<\/span><\/h2>\n<p><img decoding=\"async\" class=\"aligncenter wp-image-4967 size-large\" src=\"https:\/\/adenilsongiovanini.com.br\/blog\/wp-content\/uploads\/2019\/12\/CONVERTER-SAD69-PARA-SIRGAS2000-780x314.jpg\" alt=\"tipos de data geod\u00e9sicos existentes\" width=\"780\" height=\"314\" srcset=\"https:\/\/adenilsongiovanini.com.br\/blog\/wp-content\/uploads\/2019\/12\/CONVERTER-SAD69-PARA-SIRGAS2000-780x314.jpg 780w, https:\/\/adenilsongiovanini.com.br\/blog\/wp-content\/uploads\/2019\/12\/CONVERTER-SAD69-PARA-SIRGAS2000-300x121.jpg 300w, https:\/\/adenilsongiovanini.com.br\/blog\/wp-content\/uploads\/2019\/12\/CONVERTER-SAD69-PARA-SIRGAS2000-768x309.jpg 768w, https:\/\/adenilsongiovanini.com.br\/blog\/wp-content\/uploads\/2019\/12\/CONVERTER-SAD69-PARA-SIRGAS2000.jpg 945w\" sizes=\"(max-width: 780px) 100vw, 780px\" \/><\/p>\n<p><span style=\"font-family: arial, helvetica, sans-serif; font-size: 20px; color: #000000;\">Existem dois tipos de Data geod\u00e9sicos: <\/span><\/p>\n<ul>\n<li><span style=\"font-family: arial, helvetica, sans-serif; font-size: 20px; color: #000000;\"><strong>Datum global<\/strong>: quando o elipsoide for global e n\u00e3o tiver ponto de amarra\u00e7\u00e3o sobre a superf\u00edcie terrestre que n\u00e3o os definidos no sistema. <\/span><\/li>\n<li><span style=\"font-family: arial, helvetica, sans-serif; font-size: 20px; color: #000000;\"><strong>Datum local<\/strong>: quando o elipsoide for local, o mesmo deve possuir par\u00e2metros diferenciais.<\/span><\/li>\n<\/ul>\n<p>\n<span style=\"font-family: arial, helvetica, sans-serif; font-size: 20px; color: #000000;\">Existe uma grande quantidade de elipsoides representativos da forma do planeta sendo atualmente utilizados. Os mesmos foram definidos em diferentes ocasi\u00f5es e por diferentes autores. <\/span><\/p>\n<p><span style=\"font-family: arial, helvetica, sans-serif; font-size: 20px; color: #000000;\">Os data mais comuns utilizados aqui no Brasil <\/span><span style=\"font-family: arial, helvetica, sans-serif; font-size: 20px; color: #000000;\">s\u00e3o: <\/span><\/p>\n<ul>\n<li><span style=\"font-family: arial, helvetica, sans-serif; font-size: 20px; color: #000000;\"><span style=\"color: #0000ff;\"><a style=\"color: #0000ff;\" href=\"https:\/\/adenilsongiovanini.com.br\/blog\/sirgas-2000\/\">SIRGAS 2000<\/a>,<\/span> que \u00e9 o datum oficial;<\/span><\/li>\n<li><span style=\"font-family: arial, helvetica, sans-serif; font-size: 20px; color: #000000;\"><span style=\"color: #0000ff;\"><a style=\"color: #0000ff;\" href=\"https:\/\/adenilsongiovanini.com.br\/blog\/sad69\/\"> SAD69<\/a><\/span>, datum que era o oficial do pais at\u00e9 2015;<\/span><\/li>\n<li><span style=\"font-family: arial, helvetica, sans-serif; font-size: 20px; color: #000000;\"><span style=\"color: #0000ff;\"><a style=\"color: #0000ff;\" href=\"https:\/\/adenilsongiovanini.com.br\/blog\/corrego-alegre\/\">C\u00f3rrego Alegre<\/a><\/span>, o datum local mais antigo e;<\/span><\/li>\n<li><span style=\"font-family: arial, helvetica, sans-serif; font-size: 20px; color: #000000;\"><span style=\"color: #0000ff;\"><a style=\"color: #0000ff;\" href=\"https:\/\/www.aprh.pt\/rgci\/glossario\/WGS84.html\">WGS84<\/a><\/span>, que \u00e9 o datum mundial (global).<\/span><\/li>\n<\/ul>\n<p>\n<span style=\"font-family: arial, helvetica, sans-serif; font-size: 20px; color: #000000;\">O WGS84 \u00e9 um Datum global e geoc\u00eantrico, o mesmo possui a origem de seus eixos coordenados no centro de massa da Terra. <\/span><\/p>\n<p><span style=\"font-family: arial, helvetica, sans-serif; font-size: 20px; color: #000000;\">No datum global, o elipsoide \u00e9 fixado ao planeta pelo Equador e pelo <span style=\"color: #0000ff;\"><a style=\"color: #0000ff;\" href=\"https:\/\/pt.wikipedia.org\/wiki\/Meridiano_de_Greenwich\">Meridiano de Greenwich<\/a><\/span>, n\u00e3o necessitando de ponto geod\u00e9sico origem, nem de Azimute inicial. Veja no quadro abaixo alguns Data.<\/span><\/p>\n<p><span style=\"font-family: arial, helvetica, sans-serif; font-size: 20px; color: #000000;\"><img decoding=\"async\" class=\"aligncenter size-full wp-image-19639\" src=\"https:\/\/adenilsongiovanini.com.br\/blog\/wp-content\/uploads\/2021\/04\/datum-plainmetrico.png\" alt=\"Datum planim\u00e9trico\" width=\"533\" height=\"238\" srcset=\"https:\/\/adenilsongiovanini.com.br\/blog\/wp-content\/uploads\/2021\/04\/datum-plainmetrico.png 533w, https:\/\/adenilsongiovanini.com.br\/blog\/wp-content\/uploads\/2021\/04\/datum-plainmetrico-300x134.png 300w, https:\/\/adenilsongiovanini.com.br\/blog\/wp-content\/uploads\/2021\/04\/datum-plainmetrico-320x143.png 320w, https:\/\/adenilsongiovanini.com.br\/blog\/wp-content\/uploads\/2021\/04\/datum-plainmetrico-360x161.png 360w\" sizes=\"(max-width: 533px) 100vw, 533px\" \/><\/span><\/p>\n<p>&nbsp;<\/p>\n<h2><\/h2>\n<h2 style=\"text-align: center;\"><span style=\"font-size: 24px;\"><strong><span style=\"font-family: arial, helvetica, sans-serif; color: #000000;\">Sistema Geod\u00e9sico Brasileiro &#8211; Porque existem tantos data geod\u00e9sicos em uso? <\/span><\/strong><\/span><\/h2>\n<p>&nbsp;<\/p>\n<p><img decoding=\"async\" class=\"aligncenter wp-image-4931 size-large\" src=\"https:\/\/adenilsongiovanini.com.br\/blog\/wp-content\/uploads\/2019\/12\/sad-69-versus-sirgas-2000-780x585.jpg\" alt=\"Sistema Geod\u00e9sico Brasileiro - data planim\u00e9tricos\" width=\"780\" height=\"585\" srcset=\"https:\/\/adenilsongiovanini.com.br\/blog\/wp-content\/uploads\/2019\/12\/sad-69-versus-sirgas-2000-780x585.jpg 780w, https:\/\/adenilsongiovanini.com.br\/blog\/wp-content\/uploads\/2019\/12\/sad-69-versus-sirgas-2000-300x225.jpg 300w, https:\/\/adenilsongiovanini.com.br\/blog\/wp-content\/uploads\/2019\/12\/sad-69-versus-sirgas-2000-768x576.jpg 768w, https:\/\/adenilsongiovanini.com.br\/blog\/wp-content\/uploads\/2019\/12\/sad-69-versus-sirgas-2000.jpg 960w\" sizes=\"(max-width: 780px) 100vw, 780px\" \/><\/p>\n<p><span style=\"font-family: arial, helvetica, sans-serif; font-size: 20px; color: #000000;\">Ao longo do tempo, foram testados v\u00e1rios elipsoides de revolu\u00e7\u00e3o para melhor definir a forma da terra. Como os instrumentos geod\u00e9sicos foram melhorando conforme a tecnologia evolu\u00eda, os mesmos se tornaram cada vez mais precisos.<\/span><\/p>\n<p><span style=\"font-family: arial, helvetica, sans-serif; font-size: 20px; color: #000000;\">\u00c9 por isso que, com o tempo, surgiu a necessidade de mudan\u00e7a do datum oficial brasileiro. <\/span><\/p>\n<p><span style=\"font-family: arial, helvetica, sans-serif; font-size: 20px; color: #000000;\">Entretanto, cada parte do planeta possui suas particularidades f\u00edsicas, de certa maneira que se faz necess\u00e1ria a exist\u00eancia dos 2 tipos de data:<\/span><\/p>\n<ul>\n<li><span style=\"font-family: arial, helvetica, sans-serif; font-size: 20px; color: #000000;\">Data globais, que melhor representam a terra como um todo e;<\/span><\/li>\n<li><span style=\"font-family: arial, helvetica, sans-serif; font-size: 20px; color: #000000;\">Data locais, que melhor se ajustam a determinados continentes ou partes do planeta.<\/span><\/li>\n<\/ul>\n<p>&nbsp;<\/p>\n<h2 style=\"text-align: center;\"><span style=\"font-size: 24px;\"><strong><span style=\"font-family: arial, helvetica, sans-serif; color: #000000;\">Datum Altim\u00e9trico<\/span><\/strong><\/span><\/h2>\n<p><img decoding=\"async\" class=\"aligncenter wp-image-21513\" src=\"https:\/\/adenilsongiovanini.com.br\/blog\/wp-content\/uploads\/2021\/07\/datum-altimetrico.png\" alt=\"datum altim\u00e9trico\" width=\"780\" height=\"579\" srcset=\"https:\/\/adenilsongiovanini.com.br\/blog\/wp-content\/uploads\/2021\/07\/datum-altimetrico.png 850w, https:\/\/adenilsongiovanini.com.br\/blog\/wp-content\/uploads\/2021\/07\/datum-altimetrico-300x223.png 300w, https:\/\/adenilsongiovanini.com.br\/blog\/wp-content\/uploads\/2021\/07\/datum-altimetrico-768x570.png 768w, https:\/\/adenilsongiovanini.com.br\/blog\/wp-content\/uploads\/2021\/07\/datum-altimetrico-320x238.png 320w, https:\/\/adenilsongiovanini.com.br\/blog\/wp-content\/uploads\/2021\/07\/datum-altimetrico-640x475.png 640w, https:\/\/adenilsongiovanini.com.br\/blog\/wp-content\/uploads\/2021\/07\/datum-altimetrico-360x267.png 360w, https:\/\/adenilsongiovanini.com.br\/blog\/wp-content\/uploads\/2021\/07\/datum-altimetrico-720x534.png 720w, https:\/\/adenilsongiovanini.com.br\/blog\/wp-content\/uploads\/2021\/07\/datum-altimetrico-800x594.png 800w\" sizes=\"(max-width: 780px) 100vw, 780px\" \/><\/p>\n<p><span style=\"font-family: arial, helvetica, sans-serif; font-size: 20px; color: #000000;\">\u00c9 a superf\u00edcie formada pelo n\u00edvel m\u00e9dio do mar, definida atrav\u00e9s de um <span style=\"color: #0000ff;\"><a style=\"color: #0000ff;\" href=\"https:\/\/www.dicio.com.br\/mareografo\/\">mare\u00f3grafo<\/a><\/span> est\u00e1vel, a partir de longos per\u00edodos de observa\u00e7\u00e3o para estabelecer a altitude zero.<\/span><\/p>\n<p><span style=\"font-family: arial, helvetica, sans-serif; font-size: 20px; color: #000000;\">No Brasil, o ponto de origem do datum altim\u00e9trico situa-se em Imbituba, Santa Catarina, uma vez que neste local o n\u00edvel m\u00e9dio do mar apresenta menor varia\u00e7\u00e3o.<\/span><\/p>\n<p><span style=\"font-family: arial, helvetica, sans-serif; font-size: 20px; color: #000000;\"> Na imagem abaixo, voc\u00ea pode ver fotos da r\u00e9gua e do mar\u00e9grafo que est\u00e3o no Porto de Imbituba.<\/span><\/p>\n<p><img decoding=\"async\" class=\"aligncenter size-full wp-image-19643\" src=\"https:\/\/adenilsongiovanini.com.br\/blog\/wp-content\/uploads\/2021\/04\/Regua-do-mareografo-de-imbituba.jpg\" alt=\"r\u00e9gua do mare\u00f3grafo de imbituba\" width=\"640\" height=\"367\" srcset=\"https:\/\/adenilsongiovanini.com.br\/blog\/wp-content\/uploads\/2021\/04\/Regua-do-mareografo-de-imbituba.jpg 640w, https:\/\/adenilsongiovanini.com.br\/blog\/wp-content\/uploads\/2021\/04\/Regua-do-mareografo-de-imbituba-300x172.jpg 300w, https:\/\/adenilsongiovanini.com.br\/blog\/wp-content\/uploads\/2021\/04\/Regua-do-mareografo-de-imbituba-320x184.jpg 320w, https:\/\/adenilsongiovanini.com.br\/blog\/wp-content\/uploads\/2021\/04\/Regua-do-mareografo-de-imbituba-360x206.jpg 360w\" sizes=\"(max-width: 640px) 100vw, 640px\" \/><\/p>\n<p><img decoding=\"async\" class=\"aligncenter size-full wp-image-19644\" src=\"https:\/\/adenilsongiovanini.com.br\/blog\/wp-content\/uploads\/2021\/04\/mareografo-de-imbituba.jpg\" alt=\"mare\u00f3grafo de imbituba\" width=\"640\" height=\"480\" srcset=\"https:\/\/adenilsongiovanini.com.br\/blog\/wp-content\/uploads\/2021\/04\/mareografo-de-imbituba.jpg 640w, https:\/\/adenilsongiovanini.com.br\/blog\/wp-content\/uploads\/2021\/04\/mareografo-de-imbituba-300x225.jpg 300w, https:\/\/adenilsongiovanini.com.br\/blog\/wp-content\/uploads\/2021\/04\/mareografo-de-imbituba-320x240.jpg 320w, https:\/\/adenilsongiovanini.com.br\/blog\/wp-content\/uploads\/2021\/04\/mareografo-de-imbituba-360x270.jpg 360w\" sizes=\"(max-width: 640px) 100vw, 640px\" \/><\/p>\n<p><img decoding=\"async\" class=\"aligncenter size-large wp-image-19645\" src=\"https:\/\/adenilsongiovanini.com.br\/blog\/wp-content\/uploads\/2021\/04\/Mareografo-683x1024.jpg\" alt=\"Sistema Geod\u00e9sico Brasileiro - mare\u00f3grafo em imbituba\" width=\"683\" height=\"1024\" srcset=\"https:\/\/adenilsongiovanini.com.br\/blog\/wp-content\/uploads\/2021\/04\/Mareografo-683x1024.jpg 683w, https:\/\/adenilsongiovanini.com.br\/blog\/wp-content\/uploads\/2021\/04\/Mareografo-200x300.jpg 200w, https:\/\/adenilsongiovanini.com.br\/blog\/wp-content\/uploads\/2021\/04\/Mareografo-768x1152.jpg 768w, https:\/\/adenilsongiovanini.com.br\/blog\/wp-content\/uploads\/2021\/04\/Mareografo-1024x1536.jpg 1024w, https:\/\/adenilsongiovanini.com.br\/blog\/wp-content\/uploads\/2021\/04\/Mareografo-1365x2048.jpg 1365w, https:\/\/adenilsongiovanini.com.br\/blog\/wp-content\/uploads\/2021\/04\/Mareografo-320x480.jpg 320w, https:\/\/adenilsongiovanini.com.br\/blog\/wp-content\/uploads\/2021\/04\/Mareografo-640x960.jpg 640w, https:\/\/adenilsongiovanini.com.br\/blog\/wp-content\/uploads\/2021\/04\/Mareografo-360x540.jpg 360w, https:\/\/adenilsongiovanini.com.br\/blog\/wp-content\/uploads\/2021\/04\/Mareografo-720x1080.jpg 720w, https:\/\/adenilsongiovanini.com.br\/blog\/wp-content\/uploads\/2021\/04\/Mareografo-1080x1620.jpg 1080w, https:\/\/adenilsongiovanini.com.br\/blog\/wp-content\/uploads\/2021\/04\/Mareografo-800x1200.jpg 800w, https:\/\/adenilsongiovanini.com.br\/blog\/wp-content\/uploads\/2021\/04\/Mareografo-1280x1920.jpg 1280w, https:\/\/adenilsongiovanini.com.br\/blog\/wp-content\/uploads\/2021\/04\/Mareografo-scaled.jpg 1707w\" sizes=\"(max-width: 683px) 100vw, 683px\" \/><\/p>\n<p>&nbsp;<\/p>\n<p><span style=\"font-family: arial, helvetica, sans-serif; font-size: 20px; color: #000000;\"> Pr\u00f3ximo ao mare\u00f3grafo, em local seguro existe um <span style=\"color: #0000ff;\"><a style=\"color: #0000ff;\" href=\"https:\/\/adenilsongiovanini.com.br\/blog\/marcos-topograficos-quais-os-tipos-existentes\/\">marco topogr\u00e1fico<\/a>,<\/span> que \u00e9 o ponto de origem da rede altim\u00e9trica (RN 4X), sendo que o mesmo possui 8,6362 metros de <span style=\"color: #0000ff;\"><a style=\"color: #0000ff;\" href=\"https:\/\/adenilsongiovanini.com.br\/blog\/altitude-ortometrica\/\">altitude<\/a> <\/span>em rela\u00e7\u00e3o ao n\u00edvel m\u00e9dio do mar local.<\/span><\/p>\n<p><img decoding=\"async\" class=\"aligncenter size-full wp-image-19646\" src=\"https:\/\/adenilsongiovanini.com.br\/blog\/wp-content\/uploads\/2021\/04\/marco-zero-em-imbituba.jpg\" alt=\"marco zero em imbituba\" width=\"800\" height=\"417\" srcset=\"https:\/\/adenilsongiovanini.com.br\/blog\/wp-content\/uploads\/2021\/04\/marco-zero-em-imbituba.jpg 800w, https:\/\/adenilsongiovanini.com.br\/blog\/wp-content\/uploads\/2021\/04\/marco-zero-em-imbituba-300x156.jpg 300w, https:\/\/adenilsongiovanini.com.br\/blog\/wp-content\/uploads\/2021\/04\/marco-zero-em-imbituba-768x400.jpg 768w, https:\/\/adenilsongiovanini.com.br\/blog\/wp-content\/uploads\/2021\/04\/marco-zero-em-imbituba-320x167.jpg 320w, https:\/\/adenilsongiovanini.com.br\/blog\/wp-content\/uploads\/2021\/04\/marco-zero-em-imbituba-640x334.jpg 640w, https:\/\/adenilsongiovanini.com.br\/blog\/wp-content\/uploads\/2021\/04\/marco-zero-em-imbituba-360x188.jpg 360w, https:\/\/adenilsongiovanini.com.br\/blog\/wp-content\/uploads\/2021\/04\/marco-zero-em-imbituba-720x375.jpg 720w\" sizes=\"(max-width: 800px) 100vw, 800px\" \/><\/p>\n<p><span style=\"font-family: arial, helvetica, sans-serif; font-size: 20px; color: #000000;\">\u00c9 isso por este artigo. Lembrando que eu tamb\u00e9m possuo uma s\u00e9rie de <strong>cursos e de livros pr\u00e1ticos<\/strong>. <\/span><\/p>\n<p><span style=\"font-size: 20px; font-family: arial, helvetica, sans-serif; color: #000000; line-height: 1.3;\">Se voc\u00ea quer<strong> MERGULHAR FUNDO e aprender a prestar servi\u00e7os com grande velocidade e com seguran\u00e7a<\/strong>, <span style=\"color: #0000ff;\"><a style=\"color: #0000ff;\" href=\"https:\/\/adenilsongiovanini.com.br\/cursos-online\/\">acesse este link<\/a><\/span> e conhe\u00e7a os mesmos.<\/span><\/p>\n<p>&nbsp;<\/p>\n<p><span style=\"color: #000000;\"><span style=\"font-size: 20px; font-family: arial, helvetica, sans-serif; line-height: 1.3;\">Entre eles, o <span style=\"color: #0000ff;\"><a style=\"color: #0000ff;\" href=\"https:\/\/adenilsongiovanini.com.br\/curso-de-autocad-para-topografia\/\" target=\"_blank\" rel=\"noopener noreferrer\">Curso de Confec\u00e7\u00e3o de Plantas Topogr\u00e1ficas<\/a><\/span>. <span style=\"color: #000000;\">Um <\/span><\/span><span style=\"font-size: 20px; font-family: arial, helvetica, sans-serif; line-height: 1.3;\">curso pr\u00e1tico\u00a0<\/span><span style=\"font-size: 20px; font-family: arial, helvetica, sans-serif; line-height: 1.3;\">com o qual voc\u00ea vai <strong>aprender a produzir as 15 diferentes plantas produzidas em um escrit\u00f3rio de topografia<\/strong>.<\/span><\/span><\/p>\n<p><a href=\"https:\/\/adenilsongiovanini.com.br\/curso-de-autocad-para-topografia\/\" target=\"_blank\" rel=\"noopener noreferrer\"><img decoding=\"async\" class=\"aligncenter wp-image-31689\" src=\"https:\/\/adenilsongiovanini.com.br\/wp-content\/uploads\/2022\/07\/planta-de-topografia-1024x612.png\" alt=\"\" width=\"770\" height=\"460\" \/><\/a><\/p>\n<p><span style=\"font-family: arial, helvetica, sans-serif; font-size: 20px; color: #000000;\">Clique <a href=\"https:\/\/adenilsongiovanini.com.br\/curso-de-autocad-para-topografia\/\" target=\"_blank\" rel=\"noopener noreferrer\"><span style=\"color: #0000ff;\">neste link<\/span><\/a> e conhe\u00e7a melhor o mesmo.<\/span><\/p>\n<p>&nbsp;<\/p>\n<p><span style=\"font-family: arial, helvetica, sans-serif; font-size: 20px; color: #000000;\">Gratid\u00e3o por voc\u00ea ter lido o artigo. \ud83d\ude4f<\/span><\/p>\n<p>&nbsp;<\/p>\n<p>&nbsp;<\/p>\n<h2 style=\"text-align: center;\"><span style=\"font-family: arial, helvetica, sans-serif; color: #000000; font-size: 24px;\"><strong>Domine a Topografia Cadastral atrav\u00e9s de um livro formado por centenas de exemplos pr\u00e1ticos <\/strong><\/span><\/h2>\n<h2 style=\"text-align: center;\"><span style=\"font-size: 20px;\"><a href=\"https:\/\/adenilsongiovanini.com.br\/georreferenciamento-de-imoveis-rurais-na-pratica\/\" rel=\"nofollow noreferrer\"><img decoding=\"async\" class=\"aligncenter size-large wp-image-19317\" src=\"https:\/\/adenilsongiovanini.com.br\/blog\/wp-content\/uploads\/2021\/04\/livro-de-topografia-e-georreferenciamento-1024x474.png\" sizes=\"(max-width: 1024px) 100vw, 1024px\" srcset=\"https:\/\/adenilsongiovanini.com.br\/blog\/wp-content\/uploads\/2021\/04\/livro-de-topografia-e-georreferenciamento-1024x474.png 1024w, https:\/\/adenilsongiovanini.com.br\/blog\/wp-content\/uploads\/2021\/04\/livro-de-topografia-e-georreferenciamento-300x139.png 300w, https:\/\/adenilsongiovanini.com.br\/blog\/wp-content\/uploads\/2021\/04\/livro-de-topografia-e-georreferenciamento-768x355.png 768w, https:\/\/adenilsongiovanini.com.br\/blog\/wp-content\/uploads\/2021\/04\/livro-de-topografia-e-georreferenciamento-1536x711.png 1536w, https:\/\/adenilsongiovanini.com.br\/blog\/wp-content\/uploads\/2021\/04\/livro-de-topografia-e-georreferenciamento-320x148.png 320w, https:\/\/adenilsongiovanini.com.br\/blog\/wp-content\/uploads\/2021\/04\/livro-de-topografia-e-georreferenciamento-640x296.png 640w, https:\/\/adenilsongiovanini.com.br\/blog\/wp-content\/uploads\/2021\/04\/livro-de-topografia-e-georreferenciamento-360x167.png 360w, https:\/\/adenilsongiovanini.com.br\/blog\/wp-content\/uploads\/2021\/04\/livro-de-topografia-e-georreferenciamento-720x333.png 720w, https:\/\/adenilsongiovanini.com.br\/blog\/wp-content\/uploads\/2021\/04\/livro-de-topografia-e-georreferenciamento-1080x500.png 1080w, https:\/\/adenilsongiovanini.com.br\/blog\/wp-content\/uploads\/2021\/04\/livro-de-topografia-e-georreferenciamento-800x370.png 800w, https:\/\/adenilsongiovanini.com.br\/blog\/wp-content\/uploads\/2021\/04\/livro-de-topografia-e-georreferenciamento-1280x592.png 1280w, https:\/\/adenilsongiovanini.com.br\/blog\/wp-content\/uploads\/2021\/04\/livro-de-topografia-e-georreferenciamento.png 1565w\" alt=\"livro de topografia e georreferenciamento\" width=\"1024\" height=\"474\" \/><\/a><\/span><\/h2>\n<p><span style=\"font-family: arial, helvetica, sans-serif; font-size: 20px; color: #000000;\">Voc\u00ea quer dominar a Topografia Cadastral?<\/span><\/p>\n<p><span style=\"font-family: arial, helvetica, sans-serif; font-size: 20px; color: #000000;\">Ent\u00e3o eu tenho uma \u00f3tima noticia para voc\u00ea. Me refiro ao <span style=\"color: #0000ff;\"><a style=\"color: #0000ff;\" href=\"https:\/\/adenilsongiovanini.com.br\/georreferenciamento-de-imoveis-rurais-na-pratica\/\" rel=\"nofollow noreferrer\">livro Topografia Cadastral e Georreferenciamento de Im\u00f3veis Rurais na Pr\u00e1tica<\/a><\/span>.<\/span><\/p>\n<p><span style=\"font-size: 20px;\"><span style=\"font-family: arial, helvetica, sans-serif; color: #000000;\">O mesmo \u00e9 dividido em 10 cap\u00edtulos recheados com muitos estudos de caso e exemplos pr\u00e1ticos. D\u00ea uma espiadinha no sum\u00e1rio do mesmo:<\/span><\/span><\/p>\n<p>&nbsp;<\/p>\n<p><center><iframe width=\"99%\" height=\"980\" src=\"https:\/\/drive.google.com\/file\/d\/1HJ8fZz1PvPmftfXHJNFTvIBBzY_FZhPJ\/preview\"><span data-mce-type=\"bookmark\" style=\"display: inline-block; width: 0px; overflow: hidden; line-height: 0;\" class=\"mce_SELRES_start\">\ufeff<\/span><\/iframe><\/center><\/p>\n<p>&nbsp;<\/p>\n<p><span style=\"font-size: 20px;\"><span style=\"font-family: arial, helvetica, sans-serif; color: #000000;\">Para conhecer melhor a estrutura do livro, juntar-se a mais de 800 profissionais e adquirir sua c\u00f3pia \u00e9 s\u00f3 clicar no bot\u00e3o abaixo:<\/span><\/span><\/p>\n<p>&nbsp;<\/p>\n<p><span style=\"color: #000000; font-size: 20px;\"><div class=\"su-button-center\"><a href=\"https:\/\/adenilsongiovanini.com.br\/georreferenciamento-de-imoveis-rurais-na-pratica\/\" class=\"su-button su-button-style-3d\" style=\"color:#000000;background-color:#2BCC2F;border-color:#23a426;border-radius:9px\" target=\"_blank\" rel=\"nofollow\" id=\"1\"><span style=\"color:#000000;padding:0px 24px;font-size:18px;line-height:36px;border-color:#6bdc6e;border-radius:9px;text-shadow:0px 0px 0px #000000\"> \u279c Quero Conhecer Melhor o Livro, Pois Quero e Preciso Aprender Mais Sobre Legisla\u00e7\u00e3o Cadastral e Geo. de Im\u00f3veis Rurais<\/span><\/a><\/div><\/span><\/p>\n<p>&nbsp;<\/p>\n<p>&nbsp;<\/p>\n","protected":false},"excerpt":{"rendered":"<p>O que \u00e9 o Sistema Geod\u00e9sico Brasileiro (SGB), qual o datum oficial do Brasil, quais redes constituem o mesmo e o que \u00e9 um datum. Isso que voc\u00ea aprender\u00e1 com a leitura deste artigo. &nbsp; O que \u00e9 o Sistema Geod\u00e9sico Brasileiro? A NBR 13.133 tr\u00e1s a seguinte defini\u00e7\u00e3o para [&hellip;]<\/p>\n","protected":false},"author":1,"featured_media":4992,"comment_status":"closed","ping_status":"closed","sticky":false,"template":"","format":"standard","meta":{"_monsterinsights_skip_tracking":false,"_monsterinsights_sitenote_active":false,"_monsterinsights_sitenote_note":"","_monsterinsights_sitenote_category":0,"footnotes":""},"categories":[8,9],"tags":[],"class_list":["post-21506","post","type-post","status-publish","format-standard","has-post-thumbnail","hentry","category-posicionamento-pelo-gnss","category-topografia-cadastral"],"yoast_head":"<!-- This site is optimized with the Yoast SEO plugin v26.5 - https:\/\/yoast.com\/wordpress\/plugins\/seo\/ -->\n<title>Sistema Geod\u00e9sico Brasileiro: o que \u00e9? - Adenilson Giovanini<\/title>\n<meta name=\"description\" content=\"Descubra o que \u00e9 o sistema geod\u00e9sico brasileiro, qual o datum oficial do Brasil, quais redes constituem o mesmo e o que \u00e9 um datum.\" \/>\n<meta name=\"robots\" content=\"index, follow, max-snippet:-1, max-image-preview:large, max-video-preview:-1\" \/>\n<link rel=\"canonical\" href=\"https:\/\/adenilsongiovanini.com.br\/blog\/sistema-geodesico-brasileiro-o-que-e\/\" \/>\n<meta property=\"og:locale\" content=\"pt_BR\" \/>\n<meta property=\"og:type\" content=\"article\" \/>\n<meta property=\"og:title\" content=\"Sistema Geod\u00e9sico Brasileiro: o que \u00e9? - Adenilson Giovanini\" \/>\n<meta property=\"og:description\" content=\"Descubra o que \u00e9 o sistema geod\u00e9sico brasileiro, qual o datum oficial do Brasil, quais redes constituem o mesmo e o que \u00e9 um datum.\" \/>\n<meta property=\"og:url\" content=\"https:\/\/adenilsongiovanini.com.br\/blog\/sistema-geodesico-brasileiro-o-que-e\/\" \/>\n<meta property=\"og:site_name\" content=\"Adenilson Giovanini\" \/>\n<meta property=\"article:publisher\" content=\"https:\/\/www.facebook.com\/otopografo\/\" \/>\n<meta property=\"article:author\" content=\"https:\/\/www.facebook.com\/otopografo\/\" \/>\n<meta property=\"article:published_time\" content=\"2021-07-08T00:46:37+00:00\" \/>\n<meta property=\"article:modified_time\" content=\"2022-09-19T17:17:42+00:00\" \/>\n<meta property=\"og:image\" content=\"https:\/\/adenilsongiovanini.com.br\/blog\/wp-content\/uploads\/2019\/12\/posicionamento-pelo-GNSS.jpg\" \/>\n\t<meta property=\"og:image:width\" content=\"1600\" \/>\n\t<meta property=\"og:image:height\" content=\"1480\" \/>\n\t<meta property=\"og:image:type\" content=\"image\/jpeg\" \/>\n<meta name=\"author\" content=\"Adenilson Giovanini\" \/>\n<meta name=\"twitter:card\" content=\"summary_large_image\" \/>\n<meta name=\"twitter:label1\" content=\"Escrito por\" \/>\n\t<meta name=\"twitter:data1\" content=\"Adenilson Giovanini\" \/>\n\t<meta name=\"twitter:label2\" content=\"Est. tempo de leitura\" \/>\n\t<meta name=\"twitter:data2\" content=\"10 minutos\" \/>\n<script type=\"application\/ld+json\" class=\"yoast-schema-graph\">{\"@context\":\"https:\/\/schema.org\",\"@graph\":[{\"@type\":\"Article\",\"@id\":\"https:\/\/adenilsongiovanini.com.br\/blog\/sistema-geodesico-brasileiro-o-que-e\/#article\",\"isPartOf\":{\"@id\":\"https:\/\/adenilsongiovanini.com.br\/blog\/sistema-geodesico-brasileiro-o-que-e\/\"},\"author\":{\"name\":\"Adenilson Giovanini\",\"@id\":\"https:\/\/adenilsongiovanini.com.br\/blog\/#\/schema\/person\/9c1daa7da73c116aae2cb0568d1daa23\"},\"headline\":\"Sistema Geod\u00e9sico Brasileiro: o que \u00e9?\",\"datePublished\":\"2021-07-08T00:46:37+00:00\",\"dateModified\":\"2022-09-19T17:17:42+00:00\",\"mainEntityOfPage\":{\"@id\":\"https:\/\/adenilsongiovanini.com.br\/blog\/sistema-geodesico-brasileiro-o-que-e\/\"},\"wordCount\":1325,\"publisher\":{\"@id\":\"https:\/\/adenilsongiovanini.com.br\/blog\/#\/schema\/person\/9c1daa7da73c116aae2cb0568d1daa23\"},\"image\":{\"@id\":\"https:\/\/adenilsongiovanini.com.br\/blog\/sistema-geodesico-brasileiro-o-que-e\/#primaryimage\"},\"thumbnailUrl\":\"https:\/\/adenilsongiovanini.com.br\/blog\/wp-content\/uploads\/2019\/12\/posicionamento-pelo-GNSS.jpg\",\"articleSection\":[\"Posicionamento pelo GNSS\",\"Topografia Cadastral\"],\"inLanguage\":\"pt-BR\"},{\"@type\":\"WebPage\",\"@id\":\"https:\/\/adenilsongiovanini.com.br\/blog\/sistema-geodesico-brasileiro-o-que-e\/\",\"url\":\"https:\/\/adenilsongiovanini.com.br\/blog\/sistema-geodesico-brasileiro-o-que-e\/\",\"name\":\"Sistema Geod\u00e9sico Brasileiro: o que \u00e9? - Adenilson Giovanini\",\"isPartOf\":{\"@id\":\"https:\/\/adenilsongiovanini.com.br\/blog\/#website\"},\"primaryImageOfPage\":{\"@id\":\"https:\/\/adenilsongiovanini.com.br\/blog\/sistema-geodesico-brasileiro-o-que-e\/#primaryimage\"},\"image\":{\"@id\":\"https:\/\/adenilsongiovanini.com.br\/blog\/sistema-geodesico-brasileiro-o-que-e\/#primaryimage\"},\"thumbnailUrl\":\"https:\/\/adenilsongiovanini.com.br\/blog\/wp-content\/uploads\/2019\/12\/posicionamento-pelo-GNSS.jpg\",\"datePublished\":\"2021-07-08T00:46:37+00:00\",\"dateModified\":\"2022-09-19T17:17:42+00:00\",\"description\":\"Descubra o que \u00e9 o sistema geod\u00e9sico brasileiro, qual o datum oficial do Brasil, quais redes constituem o mesmo e o que \u00e9 um datum.\",\"breadcrumb\":{\"@id\":\"https:\/\/adenilsongiovanini.com.br\/blog\/sistema-geodesico-brasileiro-o-que-e\/#breadcrumb\"},\"inLanguage\":\"pt-BR\",\"potentialAction\":[{\"@type\":\"ReadAction\",\"target\":[\"https:\/\/adenilsongiovanini.com.br\/blog\/sistema-geodesico-brasileiro-o-que-e\/\"]}]},{\"@type\":\"ImageObject\",\"inLanguage\":\"pt-BR\",\"@id\":\"https:\/\/adenilsongiovanini.com.br\/blog\/sistema-geodesico-brasileiro-o-que-e\/#primaryimage\",\"url\":\"https:\/\/adenilsongiovanini.com.br\/blog\/wp-content\/uploads\/2019\/12\/posicionamento-pelo-GNSS.jpg\",\"contentUrl\":\"https:\/\/adenilsongiovanini.com.br\/blog\/wp-content\/uploads\/2019\/12\/posicionamento-pelo-GNSS.jpg\",\"width\":1600,\"height\":1480},{\"@type\":\"BreadcrumbList\",\"@id\":\"https:\/\/adenilsongiovanini.com.br\/blog\/sistema-geodesico-brasileiro-o-que-e\/#breadcrumb\",\"itemListElement\":[{\"@type\":\"ListItem\",\"position\":1,\"name\":\"Home\",\"item\":\"https:\/\/adenilsongiovanini.com.br\/blog\/\"},{\"@type\":\"ListItem\",\"position\":2,\"name\":\"Sistema Geod\u00e9sico Brasileiro: o que \u00e9?\"}]},{\"@type\":\"WebSite\",\"@id\":\"https:\/\/adenilsongiovanini.com.br\/blog\/#website\",\"url\":\"https:\/\/adenilsongiovanini.com.br\/blog\/\",\"name\":\"Adenilson Giovanini\",\"description\":\"Topografia e Geotecnologias\",\"publisher\":{\"@id\":\"https:\/\/adenilsongiovanini.com.br\/blog\/#\/schema\/person\/9c1daa7da73c116aae2cb0568d1daa23\"},\"potentialAction\":[{\"@type\":\"SearchAction\",\"target\":{\"@type\":\"EntryPoint\",\"urlTemplate\":\"https:\/\/adenilsongiovanini.com.br\/blog\/?s={search_term_string}\"},\"query-input\":{\"@type\":\"PropertyValueSpecification\",\"valueRequired\":true,\"valueName\":\"search_term_string\"}}],\"inLanguage\":\"pt-BR\"},{\"@type\":[\"Person\",\"Organization\"],\"@id\":\"https:\/\/adenilsongiovanini.com.br\/blog\/#\/schema\/person\/9c1daa7da73c116aae2cb0568d1daa23\",\"name\":\"Adenilson Giovanini\",\"image\":{\"@type\":\"ImageObject\",\"inLanguage\":\"pt-BR\",\"@id\":\"https:\/\/adenilsongiovanini.com.br\/blog\/#\/schema\/person\/image\/\",\"url\":\"https:\/\/adenilsongiovanini.com.br\/blog\/wp-content\/litespeed\/avatar\/be8f4de5c0b8a93c57a4f29cbf2f1e92.jpg?ver=1777130135\",\"contentUrl\":\"https:\/\/adenilsongiovanini.com.br\/blog\/wp-content\/litespeed\/avatar\/be8f4de5c0b8a93c57a4f29cbf2f1e92.jpg?ver=1777130135\",\"caption\":\"Adenilson Giovanini\"},\"logo\":{\"@id\":\"https:\/\/adenilsongiovanini.com.br\/blog\/#\/schema\/person\/image\/\"},\"description\":\"O Professor Adenilson Giovanini \u00e9 especialista em Topografia Cadastral e Georreferenciamento de Im\u00f3veis Rurais. O mesmo possui o Maior Site de Engenharia de Agrimensura do Brasil. Site este que tem mais de 102.000 visualiza\u00e7\u00f5es por m\u00eas. Tamb\u00e9m possui mais de 600 v\u00eddeos em seu canal no youtube. Al\u00e9m disso, \u00e9 escritor Best Seller, possuindo v\u00e1rios cursos e livros de sucesso.\",\"sameAs\":[\"http:\/\/adenilsongiovanini.com.br\",\"https:\/\/www.facebook.com\/otopografo\/\",\"https:\/\/www.instagram.com\/adenilson_giovanini\/\",\"https:\/\/www.linkedin.com\/in\/adenilson-giovanini-819b8035\/\",\"https:\/\/br.pinterest.com\/adenilsongiovanini\/\",\"https:\/\/www.youtube.com\/channel\/uce-br7ghiuog2txcsdx5vrw\"]}]}<\/script>\n<!-- \/ Yoast SEO plugin. -->","yoast_head_json":{"title":"Sistema Geod\u00e9sico Brasileiro: o que \u00e9? - Adenilson Giovanini","description":"Descubra o que \u00e9 o sistema geod\u00e9sico brasileiro, qual o datum oficial do Brasil, quais redes constituem o mesmo e o que \u00e9 um datum.","robots":{"index":"index","follow":"follow","max-snippet":"max-snippet:-1","max-image-preview":"max-image-preview:large","max-video-preview":"max-video-preview:-1"},"canonical":"https:\/\/adenilsongiovanini.com.br\/blog\/sistema-geodesico-brasileiro-o-que-e\/","og_locale":"pt_BR","og_type":"article","og_title":"Sistema Geod\u00e9sico Brasileiro: o que \u00e9? - Adenilson Giovanini","og_description":"Descubra o que \u00e9 o sistema geod\u00e9sico brasileiro, qual o datum oficial do Brasil, quais redes constituem o mesmo e o que \u00e9 um datum.","og_url":"https:\/\/adenilsongiovanini.com.br\/blog\/sistema-geodesico-brasileiro-o-que-e\/","og_site_name":"Adenilson Giovanini","article_publisher":"https:\/\/www.facebook.com\/otopografo\/","article_author":"https:\/\/www.facebook.com\/otopografo\/","article_published_time":"2021-07-08T00:46:37+00:00","article_modified_time":"2022-09-19T17:17:42+00:00","og_image":[{"width":1600,"height":1480,"url":"https:\/\/adenilsongiovanini.com.br\/blog\/wp-content\/uploads\/2019\/12\/posicionamento-pelo-GNSS.jpg","type":"image\/jpeg"}],"author":"Adenilson Giovanini","twitter_card":"summary_large_image","twitter_misc":{"Escrito por":"Adenilson Giovanini","Est. tempo de leitura":"10 minutos"},"schema":{"@context":"https:\/\/schema.org","@graph":[{"@type":"Article","@id":"https:\/\/adenilsongiovanini.com.br\/blog\/sistema-geodesico-brasileiro-o-que-e\/#article","isPartOf":{"@id":"https:\/\/adenilsongiovanini.com.br\/blog\/sistema-geodesico-brasileiro-o-que-e\/"},"author":{"name":"Adenilson Giovanini","@id":"https:\/\/adenilsongiovanini.com.br\/blog\/#\/schema\/person\/9c1daa7da73c116aae2cb0568d1daa23"},"headline":"Sistema Geod\u00e9sico Brasileiro: o que \u00e9?","datePublished":"2021-07-08T00:46:37+00:00","dateModified":"2022-09-19T17:17:42+00:00","mainEntityOfPage":{"@id":"https:\/\/adenilsongiovanini.com.br\/blog\/sistema-geodesico-brasileiro-o-que-e\/"},"wordCount":1325,"publisher":{"@id":"https:\/\/adenilsongiovanini.com.br\/blog\/#\/schema\/person\/9c1daa7da73c116aae2cb0568d1daa23"},"image":{"@id":"https:\/\/adenilsongiovanini.com.br\/blog\/sistema-geodesico-brasileiro-o-que-e\/#primaryimage"},"thumbnailUrl":"https:\/\/adenilsongiovanini.com.br\/blog\/wp-content\/uploads\/2019\/12\/posicionamento-pelo-GNSS.jpg","articleSection":["Posicionamento pelo GNSS","Topografia Cadastral"],"inLanguage":"pt-BR"},{"@type":"WebPage","@id":"https:\/\/adenilsongiovanini.com.br\/blog\/sistema-geodesico-brasileiro-o-que-e\/","url":"https:\/\/adenilsongiovanini.com.br\/blog\/sistema-geodesico-brasileiro-o-que-e\/","name":"Sistema Geod\u00e9sico Brasileiro: o que \u00e9? - Adenilson Giovanini","isPartOf":{"@id":"https:\/\/adenilsongiovanini.com.br\/blog\/#website"},"primaryImageOfPage":{"@id":"https:\/\/adenilsongiovanini.com.br\/blog\/sistema-geodesico-brasileiro-o-que-e\/#primaryimage"},"image":{"@id":"https:\/\/adenilsongiovanini.com.br\/blog\/sistema-geodesico-brasileiro-o-que-e\/#primaryimage"},"thumbnailUrl":"https:\/\/adenilsongiovanini.com.br\/blog\/wp-content\/uploads\/2019\/12\/posicionamento-pelo-GNSS.jpg","datePublished":"2021-07-08T00:46:37+00:00","dateModified":"2022-09-19T17:17:42+00:00","description":"Descubra o que \u00e9 o sistema geod\u00e9sico brasileiro, qual o datum oficial do Brasil, quais redes constituem o mesmo e o que \u00e9 um datum.","breadcrumb":{"@id":"https:\/\/adenilsongiovanini.com.br\/blog\/sistema-geodesico-brasileiro-o-que-e\/#breadcrumb"},"inLanguage":"pt-BR","potentialAction":[{"@type":"ReadAction","target":["https:\/\/adenilsongiovanini.com.br\/blog\/sistema-geodesico-brasileiro-o-que-e\/"]}]},{"@type":"ImageObject","inLanguage":"pt-BR","@id":"https:\/\/adenilsongiovanini.com.br\/blog\/sistema-geodesico-brasileiro-o-que-e\/#primaryimage","url":"https:\/\/adenilsongiovanini.com.br\/blog\/wp-content\/uploads\/2019\/12\/posicionamento-pelo-GNSS.jpg","contentUrl":"https:\/\/adenilsongiovanini.com.br\/blog\/wp-content\/uploads\/2019\/12\/posicionamento-pelo-GNSS.jpg","width":1600,"height":1480},{"@type":"BreadcrumbList","@id":"https:\/\/adenilsongiovanini.com.br\/blog\/sistema-geodesico-brasileiro-o-que-e\/#breadcrumb","itemListElement":[{"@type":"ListItem","position":1,"name":"Home","item":"https:\/\/adenilsongiovanini.com.br\/blog\/"},{"@type":"ListItem","position":2,"name":"Sistema Geod\u00e9sico Brasileiro: o que \u00e9?"}]},{"@type":"WebSite","@id":"https:\/\/adenilsongiovanini.com.br\/blog\/#website","url":"https:\/\/adenilsongiovanini.com.br\/blog\/","name":"Adenilson Giovanini","description":"Topografia e Geotecnologias","publisher":{"@id":"https:\/\/adenilsongiovanini.com.br\/blog\/#\/schema\/person\/9c1daa7da73c116aae2cb0568d1daa23"},"potentialAction":[{"@type":"SearchAction","target":{"@type":"EntryPoint","urlTemplate":"https:\/\/adenilsongiovanini.com.br\/blog\/?s={search_term_string}"},"query-input":{"@type":"PropertyValueSpecification","valueRequired":true,"valueName":"search_term_string"}}],"inLanguage":"pt-BR"},{"@type":["Person","Organization"],"@id":"https:\/\/adenilsongiovanini.com.br\/blog\/#\/schema\/person\/9c1daa7da73c116aae2cb0568d1daa23","name":"Adenilson Giovanini","image":{"@type":"ImageObject","inLanguage":"pt-BR","@id":"https:\/\/adenilsongiovanini.com.br\/blog\/#\/schema\/person\/image\/","url":"https:\/\/adenilsongiovanini.com.br\/blog\/wp-content\/litespeed\/avatar\/be8f4de5c0b8a93c57a4f29cbf2f1e92.jpg?ver=1777130135","contentUrl":"https:\/\/adenilsongiovanini.com.br\/blog\/wp-content\/litespeed\/avatar\/be8f4de5c0b8a93c57a4f29cbf2f1e92.jpg?ver=1777130135","caption":"Adenilson Giovanini"},"logo":{"@id":"https:\/\/adenilsongiovanini.com.br\/blog\/#\/schema\/person\/image\/"},"description":"O Professor Adenilson Giovanini \u00e9 especialista em Topografia Cadastral e Georreferenciamento de Im\u00f3veis Rurais. O mesmo possui o Maior Site de Engenharia de Agrimensura do Brasil. Site este que tem mais de 102.000 visualiza\u00e7\u00f5es por m\u00eas. Tamb\u00e9m possui mais de 600 v\u00eddeos em seu canal no youtube. Al\u00e9m disso, \u00e9 escritor Best Seller, possuindo v\u00e1rios cursos e livros de sucesso.","sameAs":["http:\/\/adenilsongiovanini.com.br","https:\/\/www.facebook.com\/otopografo\/","https:\/\/www.instagram.com\/adenilson_giovanini\/","https:\/\/www.linkedin.com\/in\/adenilson-giovanini-819b8035\/","https:\/\/br.pinterest.com\/adenilsongiovanini\/","https:\/\/www.youtube.com\/channel\/uce-br7ghiuog2txcsdx5vrw"]}]}},"amp_enabled":true,"_links":{"self":[{"href":"https:\/\/adenilsongiovanini.com.br\/blog\/wp-json\/wp\/v2\/posts\/21506","targetHints":{"allow":["GET"]}}],"collection":[{"href":"https:\/\/adenilsongiovanini.com.br\/blog\/wp-json\/wp\/v2\/posts"}],"about":[{"href":"https:\/\/adenilsongiovanini.com.br\/blog\/wp-json\/wp\/v2\/types\/post"}],"author":[{"embeddable":true,"href":"https:\/\/adenilsongiovanini.com.br\/blog\/wp-json\/wp\/v2\/users\/1"}],"replies":[{"embeddable":true,"href":"https:\/\/adenilsongiovanini.com.br\/blog\/wp-json\/wp\/v2\/comments?post=21506"}],"version-history":[{"count":0,"href":"https:\/\/adenilsongiovanini.com.br\/blog\/wp-json\/wp\/v2\/posts\/21506\/revisions"}],"wp:featuredmedia":[{"embeddable":true,"href":"https:\/\/adenilsongiovanini.com.br\/blog\/wp-json\/wp\/v2\/media\/4992"}],"wp:attachment":[{"href":"https:\/\/adenilsongiovanini.com.br\/blog\/wp-json\/wp\/v2\/media?parent=21506"}],"wp:term":[{"taxonomy":"category","embeddable":true,"href":"https:\/\/adenilsongiovanini.com.br\/blog\/wp-json\/wp\/v2\/categories?post=21506"},{"taxonomy":"post_tag","embeddable":true,"href":"https:\/\/adenilsongiovanini.com.br\/blog\/wp-json\/wp\/v2\/tags?post=21506"}],"curies":[{"name":"wp","href":"https:\/\/api.w.org\/{rel}","templated":true}]}}