{"id":21456,"date":"2021-07-07T13:44:05","date_gmt":"2021-07-07T13:44:05","guid":{"rendered":"https:\/\/adenilsongiovanini.com.br\/blog\/?p=21456"},"modified":"2022-08-15T13:44:09","modified_gmt":"2022-08-15T13:44:09","slug":"laudo-topografico-o-que-e-e-para-que-serve","status":"publish","type":"post","link":"https:\/\/adenilsongiovanini.com.br\/blog\/laudo-topografico-o-que-e-e-para-que-serve\/","title":{"rendered":"Laudo topogr\u00e1fico: o que \u00e9 e para que serve?"},"content":{"rendered":"<p><span style=\"font-size: 20px; font-family: arial, helvetica, sans-serif; color: #000000; line-height: 1.3;\">O <strong>laudo topogr\u00e1fico<\/strong>, tamb\u00e9m conhecido como levantamento topogr\u00e1fico \u00e9 utilizado em diferentes situa\u00e7\u00f5es, fornecendo uma s\u00e9rie de dados importantes para os processos de tomada de decis\u00e3o.<\/span><\/p>\n<h2 style=\"text-align: center;\"><span style=\"font-size: 24px;\"><strong><span style=\"font-family: arial, helvetica, sans-serif; color: #000000; line-height: 1.3;\">Laudo topogr\u00e1fico &#8211; Aplica\u00e7\u00f5es e vantagens<\/span><\/strong><\/span><\/h2>\n<p><img decoding=\"async\" class=\"aligncenter wp-image-19430 size-large\" src=\"https:\/\/adenilsongiovanini.com.br\/blog\/wp-content\/uploads\/2021\/04\/estacao-total-no-levantamento-planialtimetrico-cadastral-1024x425.jpg\" alt=\"levantamento para laudo topogr\u00e1fico\" width=\"780\" height=\"324\" srcset=\"https:\/\/adenilsongiovanini.com.br\/blog\/wp-content\/uploads\/2021\/04\/estacao-total-no-levantamento-planialtimetrico-cadastral-1024x425.jpg 1024w, https:\/\/adenilsongiovanini.com.br\/blog\/wp-content\/uploads\/2021\/04\/estacao-total-no-levantamento-planialtimetrico-cadastral-300x124.jpg 300w, https:\/\/adenilsongiovanini.com.br\/blog\/wp-content\/uploads\/2021\/04\/estacao-total-no-levantamento-planialtimetrico-cadastral-768x318.jpg 768w, https:\/\/adenilsongiovanini.com.br\/blog\/wp-content\/uploads\/2021\/04\/estacao-total-no-levantamento-planialtimetrico-cadastral-1536x637.jpg 1536w, https:\/\/adenilsongiovanini.com.br\/blog\/wp-content\/uploads\/2021\/04\/estacao-total-no-levantamento-planialtimetrico-cadastral-320x133.jpg 320w, https:\/\/adenilsongiovanini.com.br\/blog\/wp-content\/uploads\/2021\/04\/estacao-total-no-levantamento-planialtimetrico-cadastral-640x265.jpg 640w, https:\/\/adenilsongiovanini.com.br\/blog\/wp-content\/uploads\/2021\/04\/estacao-total-no-levantamento-planialtimetrico-cadastral-360x149.jpg 360w, https:\/\/adenilsongiovanini.com.br\/blog\/wp-content\/uploads\/2021\/04\/estacao-total-no-levantamento-planialtimetrico-cadastral-720x299.jpg 720w, https:\/\/adenilsongiovanini.com.br\/blog\/wp-content\/uploads\/2021\/04\/estacao-total-no-levantamento-planialtimetrico-cadastral-1080x448.jpg 1080w, https:\/\/adenilsongiovanini.com.br\/blog\/wp-content\/uploads\/2021\/04\/estacao-total-no-levantamento-planialtimetrico-cadastral-800x332.jpg 800w, https:\/\/adenilsongiovanini.com.br\/blog\/wp-content\/uploads\/2021\/04\/estacao-total-no-levantamento-planialtimetrico-cadastral-1280x531.jpg 1280w, https:\/\/adenilsongiovanini.com.br\/blog\/wp-content\/uploads\/2021\/04\/estacao-total-no-levantamento-planialtimetrico-cadastral.jpg 1640w\" sizes=\"(max-width: 780px) 100vw, 780px\" \/><\/p>\n<p><span style=\"font-size: 20px; font-family: arial, helvetica, sans-serif; color: #000000; line-height: 1.3;\">Como exemplos de situa\u00e7\u00f5es nas quais se faz necess\u00e1ria a realiza\u00e7\u00e3o de laudo topogr\u00e1fico temos:<\/span><\/p>\n<ul>\n<li><span style=\"font-family: arial, helvetica, sans-serif; color: #000000; font-size: 20px;\"><a style=\"color: #000000; line-height: 1.3;\" href=\"https:\/\/pt.slideshare.net\/grupfcuan\/topografia-cadastral\" target=\"_blank\" rel=\"noopener noreferrer\"><span style=\"color: #0000ff;\">Topografia cadastral<\/span><\/a><span style=\"color: #0000ff;\">;<\/span><\/span><\/li>\n<li><span style=\"font-family: arial, helvetica, sans-serif; color: #000000; font-size: 20px;\"><a style=\"color: #000000; line-height: 1.3;\" href=\"https:\/\/www.italiatopografia.com.br\/importancia-da-topografia-nas-obras-de-engenharia\/\" target=\"_blank\" rel=\"noopener noreferrer\"><span style=\"color: #0000ff;\">Topografia de obras<\/span><\/a>;<\/span><\/li>\n<li><span style=\"font-family: arial, helvetica, sans-serif; color: #000000; font-size: 20px;\"><a style=\"color: #000000; line-height: 1.3;\" href=\"https:\/\/www.swo.com.br\/topografia-em-estradas\" target=\"_blank\" rel=\"noopener noreferrer\"><span style=\"color: #0000ff;\">Topografia de estradas<\/span><\/a>;<\/span><\/li>\n<li><span style=\"font-family: arial, helvetica, sans-serif; color: #000000; font-size: 20px;\"><span style=\"color: #0000ff;\"><a style=\"color: #0000ff; line-height: 1.3;\" href=\"https:\/\/tecnicoemineracao.com.br\/topografia-de-minas\/\" target=\"_blank\" rel=\"noopener noreferrer\">Topografia de minas<\/a><\/span>.<\/span><\/li>\n<\/ul>\n<p>\n<span style=\"font-size: 20px; font-family: arial, helvetica, sans-serif; color: #000000; line-height: 1.3;\">O importante \u00e9 que voc\u00ea saiba que o <span style=\"color: #0000ff;\"><a href=\"https:\/\/adenilsongiovanini.com.br\/blog\/curso-online-topografia-com-aulas-praticas\/\" style=\"color: #0000ff;\">levantamento topogr\u00e1fico<\/a><\/span> \u00e9 uma das etapas essenciais em qualquer obra de engenharia.<\/span><\/p>\n<p><span style=\"font-size: 20px; font-family: arial, helvetica, sans-serif; color: #000000; line-height: 1.3;\">Isso porque o mesmo possibilitar\u00e1 a obten\u00e7\u00e3o de uma s\u00e9rie de dados que servir\u00e3o como par\u00e2metros para a tomada de decis\u00e3o pelos engenheiros.<\/span><\/p>\n<p><span style=\"font-size: 20px; font-family: arial, helvetica, sans-serif; color: #000000; line-height: 1.3;\">Al\u00e9m disso, o levantamento topogr\u00e1fico, quando corretamente feito, tamb\u00e9m garante o <span style=\"color: #0000ff;\"><a style=\"color: #0000ff;\" href=\"https:\/\/adenilsongiovanini.com.br\/blog\/propriedade-e-posse-qual-a-diferenca\/\">direito a propriedade<\/a><\/span>.<\/span><\/p>\n<p><span style=\"font-size: 20px; font-family: arial, helvetica, sans-serif; color: #000000; line-height: 1.3;\">Isso porque o mesmo \u00e9 utilizado para o levantamento de \u00e1reas urbanas e rurais e a posterior <span style=\"color: #0000ff;\"><a style=\"color: #0000ff;\" href=\"http:\/\/adenilsongiovanini.com.br\/blog\/planta-topografica\/\" target=\"_blank\" rel=\"noopener noreferrer\">produ\u00e7\u00e3o de plantas<\/a><\/span> e <span style=\"color: #0000ff;\"><a style=\"color: #0000ff;\" href=\"https:\/\/www.vivadecora.com.br\/pro\/estudante\/o-que-e-memorial-descritivo\/\" target=\"_blank\" rel=\"noopener noreferrer\">memoriais descritivos<\/a><\/span>.<\/span><\/p>\n<p><span style=\"font-size: 20px; font-family: arial, helvetica, sans-serif; color: #000000; line-height: 1.3;\">Documentos estes que s\u00e3o exigidos pelo profissional de registro para a <span style=\"color: #0000ff;\"><a style=\"color: #0000ff;\" href=\"http:\/\/adenilsongiovanini.com.br\/blog\/matricula-de-imovel\/\" target=\"_blank\" rel=\"noopener noreferrer\">emiss\u00e3o da matr\u00edcula<\/a><\/span>.<\/span><\/p>\n<p>&nbsp;<\/p>\n<p style=\"text-align: center;\"><strong><span style=\"font-size: 24pt; font-family: arial, helvetica, sans-serif; color: #000000; line-height: 1.3;\">Laudo topogr\u00e1fico &#8211; Norma t\u00e9cnica a respeito da execu\u00e7\u00e3o de levantamentos topogr\u00e1ficos<\/span><\/strong><\/p>\n<p style=\"text-align: center;\"><img decoding=\"async\" class=\"aligncenter wp-image-3522 size-large\" src=\"https:\/\/adenilsongiovanini.com.br\/blog\/wp-content\/uploads\/2019\/11\/norma-t\u00e9cnica-sobre-levantamento-topogr\u00e1fico-780x735.jpg\" alt=\"norma t\u00e9cnica sobre levantamento topogr\u00e1fico\" width=\"780\" height=\"735\" srcset=\"https:\/\/adenilsongiovanini.com.br\/blog\/wp-content\/uploads\/2019\/11\/norma-t\u00e9cnica-sobre-levantamento-topogr\u00e1fico-780x735.jpg 780w, https:\/\/adenilsongiovanini.com.br\/blog\/wp-content\/uploads\/2019\/11\/norma-t\u00e9cnica-sobre-levantamento-topogr\u00e1fico-300x283.jpg 300w, https:\/\/adenilsongiovanini.com.br\/blog\/wp-content\/uploads\/2019\/11\/norma-t\u00e9cnica-sobre-levantamento-topogr\u00e1fico-768x724.jpg 768w, https:\/\/adenilsongiovanini.com.br\/blog\/wp-content\/uploads\/2019\/11\/norma-t\u00e9cnica-sobre-levantamento-topogr\u00e1fico.jpg 800w\" sizes=\"(max-width: 780px) 100vw, 780px\" \/><\/p>\n<p><span style=\"font-size: 20px; font-family: arial, helvetica, sans-serif; color: #000000;\">A norma t\u00e9cnica que aborda o tema \u00e9 a <span style=\"color: #0000ff; line-height: 1.3;\"><a style=\"color: #0000ff;\" href=\"http:\/\/www.carto.eng.uerj.br\/cdecart\/download\/NBR13133.pdf\" target=\"_blank\" rel=\"noopener noreferrer\">NBR 13.133.<\/a><\/span> A mesma traz:<\/span><\/p>\n<ul>\n<li><span style=\"font-size: 20px; font-family: arial, helvetica, sans-serif; color: #000000; line-height: 1.3;\">Uma s\u00e9rie de defini\u00e7\u00f5es sobre o assunto;<\/span><\/li>\n<li><span style=\"font-size: 20px; font-family: arial, helvetica, sans-serif; color: #000000; line-height: 1.3;\">Os diferentes m\u00e9todos de levantamento topogr\u00e1fico;<\/span><\/li>\n<li><span style=\"color: #000000; font-family: arial, helvetica, sans-serif; font-size: 20px;\">Os diferentes equipamentos utilizados e suas classifica\u00e7\u00f5es;<\/span><\/li>\n<li><span style=\"color: #000000; font-family: arial, helvetica, sans-serif; font-size: 20px;\">Uma s\u00e9rie de outras informa\u00e7\u00f5es inerentes ao tema.<\/span><\/li>\n<\/ul>\n<p style=\"text-align: center;\">\n<p><strong><span style=\"font-size: 24pt; font-family: arial, helvetica, sans-serif; color: #000000; line-height: 1.3;\">Entenda exatamente o que \u00e9 um laudo topogr\u00e1fico<\/span><\/strong><\/p>\n<p><img decoding=\"async\" class=\"aligncenter wp-image-3523 size-large\" src=\"https:\/\/adenilsongiovanini.com.br\/blog\/wp-content\/uploads\/2019\/11\/levantamento-topogr\u00e1fico-com-esta\u00e7\u00e3o-total-780x551.jpg\" alt=\"levantamento topogr\u00e1fico com esta\u00e7\u00e3o total para laudo topogr\u00e1fico\" width=\"780\" height=\"551\" srcset=\"https:\/\/adenilsongiovanini.com.br\/blog\/wp-content\/uploads\/2019\/11\/levantamento-topogr\u00e1fico-com-esta\u00e7\u00e3o-total-780x551.jpg 780w, https:\/\/adenilsongiovanini.com.br\/blog\/wp-content\/uploads\/2019\/11\/levantamento-topogr\u00e1fico-com-esta\u00e7\u00e3o-total-300x212.jpg 300w, https:\/\/adenilsongiovanini.com.br\/blog\/wp-content\/uploads\/2019\/11\/levantamento-topogr\u00e1fico-com-esta\u00e7\u00e3o-total-768x542.jpg 768w, https:\/\/adenilsongiovanini.com.br\/blog\/wp-content\/uploads\/2019\/11\/levantamento-topogr\u00e1fico-com-esta\u00e7\u00e3o-total.jpg 1403w\" sizes=\"(max-width: 780px) 100vw, 780px\" \/><\/p>\n<p><span style=\"font-size: 20px; font-family: arial, helvetica, sans-serif; color: #000000; line-height: 1.3;\">Um <strong>laudo topogr\u00e1fico<\/strong> (ou levantamento topogr\u00e1fico), nada mais \u00e9 do que o <span style=\"color: #0000ff;\"><a href=\"https:\/\/adenilsongiovanini.com.br\/blog\/topografia-curso-online\/\" style=\"color: #0000ff;\">mapeamento da superf\u00edcie de um terreno<\/a><\/span>, sendo que o mesmo mostra uma s\u00e9rie de caracter\u00edsticas do terreno.<\/span><\/p>\n<p><span style=\"font-size: 20px; font-family: arial, helvetica, sans-serif; color: #000000; line-height: 1.3;\">Na realidade, existem diferentes tipos de levantamentos topogr\u00e1ficos, sendo que dependendo da aplica\u00e7\u00e3o, determinada categoria ser\u00e1 utilizada.<\/span><\/p>\n<p><span style=\"font-size: 20px; font-family: arial, helvetica, sans-serif; color: #000000; line-height: 1.3;\">A NBR 13.133 traz os 6 diferentes tipos de levantamento topogr\u00e1fico existentes, caso deseje conhecer os mesmos, <span style=\"color: #0000ff;\"><a style=\"color: #0000ff;\" href=\"https:\/\/adenilsongiovanini.com.br\/blog\/levantamento-topografico-o-que-e-porque-e-como-fazer\/\">leia este artigo<\/a><\/span>. <\/span><\/p>\n<p><span style=\"font-size: 20px; font-family: arial, helvetica, sans-serif; color: #000000; line-height: 1.3;\">Aqui eu trarei apenas os 4 principais deles.<\/span><\/p>\n<p>&nbsp;<\/p>\n<h3 style=\"text-align: center;\"><strong><span style=\"font-size: 18pt; font-family: arial, helvetica, sans-serif; color: #000000; line-height: 1.3;\">Levantamento Topogr\u00e1fico Planim\u00e9trico<\/span><\/strong><\/h3>\n<p><img decoding=\"async\" class=\"aligncenter wp-image-3524 size-large\" src=\"https:\/\/adenilsongiovanini.com.br\/blog\/wp-content\/uploads\/2019\/11\/levantamento-topogr\u00e1fico-planim\u00e9trico-780x379.jpg\" alt=\"levantamento topogr\u00e1fico planim\u00e9trico\" width=\"780\" height=\"379\" srcset=\"https:\/\/adenilsongiovanini.com.br\/blog\/wp-content\/uploads\/2019\/11\/levantamento-topogr\u00e1fico-planim\u00e9trico-780x379.jpg 780w, https:\/\/adenilsongiovanini.com.br\/blog\/wp-content\/uploads\/2019\/11\/levantamento-topogr\u00e1fico-planim\u00e9trico-300x146.jpg 300w, https:\/\/adenilsongiovanini.com.br\/blog\/wp-content\/uploads\/2019\/11\/levantamento-topogr\u00e1fico-planim\u00e9trico-768x373.jpg 768w, https:\/\/adenilsongiovanini.com.br\/blog\/wp-content\/uploads\/2019\/11\/levantamento-topogr\u00e1fico-planim\u00e9trico-1536x746.jpg 1536w, https:\/\/adenilsongiovanini.com.br\/blog\/wp-content\/uploads\/2019\/11\/levantamento-topogr\u00e1fico-planim\u00e9trico.jpg 1704w\" sizes=\"(max-width: 780px) 100vw, 780px\" \/><\/p>\n<p><span style=\"font-size: 20px; font-family: arial, helvetica, sans-serif; color: #000000; line-height: 1.3;\">O <span style=\"color: #0000ff;\"><a style=\"color: #0000ff;\" href=\"https:\/\/adenilsongiovanini.com.br\/blog\/levantamento-topografico-planimetrico\/\">levantamento topogr\u00e1fico planim\u00e9trico<\/a><\/span> possui como objetivo a determina\u00e7\u00e3o de coordenadas planim\u00e9tricas (X e y).<\/span><\/p>\n<p><span style=\"font-size: 20px; font-family: arial, helvetica, sans-serif; color: #000000; line-height: 1.3;\">A <span style=\"color: #0000ff;\"><a style=\"color: #0000ff;\" href=\"http:\/\/www.carto.eng.uerj.br\/cdecart\/download\/NBR13133.pdf\" target=\"_blank\" rel=\"noopener noreferrer\">NBR 13.133<\/a><\/span> traz a seguinte defini\u00e7\u00e3o a respeito do mesmo:<\/span><\/p>\n<blockquote style=\"border: 2px double #009900; background: #f0fff0 none repeat scroll 0% 0%; -moz-background-clip: -moz-initial; -moz-background-origin: -moz-initial; -moz-background-inline-policy: -moz-initial; color: #323232; padding-left: 15px; padding-top: 10px; padding-bottom: 10px;\"><p><span style=\"font-size: 20px;\"><em><span style=\"color: #000000; font-family: arial, helvetica, sans-serif; line-height: 1.3;\">Levantamento dos limites e confronta\u00e7\u00f5es de uma propriedade, pela determina\u00e7\u00e3o do seu per\u00edmetro, incluindo, quando houver, o alinhamento da via ou logradouro com o qual fa\u00e7a frente, bem como a sua orienta\u00e7\u00e3o e a sua amarra\u00e7\u00e3o a pontos materializados no terreno de uma rede de refer\u00eancia cadastral, ou, no caso de sua inexist\u00eancia, a pontos not\u00e1veis e est\u00e1veis nas suas imedia\u00e7\u00f5es. Quando este levantamento se destinar \u00e0 identifica\u00e7\u00e3o dominial do im\u00f3vel, s\u00e3o necess\u00e1rios outros elementos complementares, tais como: per\u00edcia t\u00e9cnico-judicial, <span style=\"color: #0000ff;\"><a href=\"https:\/\/adenilsongiovanini.com.br\/blog\/modelo-de-memorial-descritivo-veja-estes-3\/\" style=\"color: #0000ff;\">memorial descritivo<\/a><\/span>, etc.<\/span><\/em><\/span><\/p><\/blockquote>\n<p><span style=\"font-size: 20px; font-family: arial, helvetica, sans-serif; color: #000000; line-height: 1.3;\">Este tipo de levantamento topogr\u00e1fico conforme ressaltado na NBR 13.133 \u00e9 utilizado para a determina\u00e7\u00e3o dos limites e confronta\u00e7\u00f5es de uma propriedade.<\/span><\/p>\n<p><span style=\"font-size: 20px; font-family: arial, helvetica, sans-serif; color: #000000; line-height: 1.3;\">Na realidade, sempre que realizar um levantamento topogr\u00e1fico, voc\u00ea precisa, tendo como base a aplica\u00e7\u00e3o de interesse, cuidar qual m\u00e9todo de obten\u00e7\u00e3o de dados ir\u00e1 utilizar.<\/span><\/p>\n<p><span style=\"font-size: 20px; font-family: arial, helvetica, sans-serif; color: #000000; line-height: 1.3;\">Digo isso porque existem diferentes equipamentos e diferentes <span style=\"color: #0000ff;\"><a href=\"https:\/\/adenilsongiovanini.com.br\/operador-de-gnss\/\" style=\"color: #0000ff;\">m\u00e9todos de posicionamento<\/a><\/span>.<\/span><\/p>\n<p><span style=\"font-size: 20px; font-family: arial, helvetica, sans-serif; color: #000000; line-height: 1.3;\">Por exemplo, voc\u00ea pode decidir-se a utilizar um <span style=\"color: #0000ff;\"><a style=\"color: #0000ff;\" href=\"https:\/\/adenilsongiovanini.com.br\/blog\/gps-de-navegacao-descubra-com-funciona\/\">GPS de navega\u00e7\u00e3o<\/a><\/span>. Por\u00e9m, posteriormente descobrir que a acur\u00e1cia dos dados obtidos n\u00e3o serve.<\/span><\/p>\n<p><span style=\"font-size: 20px; font-family: arial, helvetica, sans-serif; color: #000000; line-height: 1.3;\">Ou seja, que voc\u00ea ter\u00e1 que levantar os dados novamente com um equipamento cuja acur\u00e1cia seja melhor.<\/span><\/p>\n<p><span style=\"font-size: 20px; font-family: arial, helvetica, sans-serif; color: #000000; line-height: 1.3;\">Infelizmente, este \u00e9 um tema complexo, caso deseje entender melhor do mesmo, aconselho que voc\u00ea olhe as postagens das categorias <span style=\"color: #0000ff;\"><a style=\"color: #0000ff;\" href=\"http:\/\/adenilsongiovanini.com.br\/blog\/category\/topografia-cadastral\/\" target=\"_blank\" rel=\"noopener noreferrer\">Topografia Cadastral<\/a><\/span> e <span style=\"color: #0000ff;\"><a style=\"color: #0000ff;\" href=\"http:\/\/adenilsongiovanini.com.br\/blog\/category\/posicionamento-pelo-gnss\/\" target=\"_blank\" rel=\"noopener noreferrer\">Posicionamento pelo GNSS<\/a><\/span>.<\/span><\/p>\n<h3 style=\"text-align: center;\"><span style=\"font-size: 18pt; font-family: arial, helvetica, sans-serif; color: #000000; line-height: 1.3;\"><strong>Laudo topogr\u00e1fico &#8211; Levantamento Topogr\u00e1fico Altim\u00e9trico<\/strong><\/span><\/h3>\n<p><img decoding=\"async\" class=\"aligncenter wp-image-3525 size-large\" src=\"https:\/\/adenilsongiovanini.com.br\/blog\/wp-content\/uploads\/2019\/11\/Levantamento-topografico-altim\u00e9trico-780x583.jpg\" alt=\"Levantamento topografico altim\u00e9trico\" width=\"780\" height=\"583\" srcset=\"https:\/\/adenilsongiovanini.com.br\/blog\/wp-content\/uploads\/2019\/11\/Levantamento-topografico-altim\u00e9trico-780x583.jpg 780w, https:\/\/adenilsongiovanini.com.br\/blog\/wp-content\/uploads\/2019\/11\/Levantamento-topografico-altim\u00e9trico-300x224.jpg 300w, https:\/\/adenilsongiovanini.com.br\/blog\/wp-content\/uploads\/2019\/11\/Levantamento-topografico-altim\u00e9trico-768x574.jpg 768w, https:\/\/adenilsongiovanini.com.br\/blog\/wp-content\/uploads\/2019\/11\/Levantamento-topografico-altim\u00e9trico.jpg 1024w\" sizes=\"(max-width: 780px) 100vw, 780px\" \/><br \/>\n<span style=\"font-size: 20px; font-family: arial, helvetica, sans-serif; color: #000000; line-height: 1.3;\">A NBR 13.133 traz a seguinte passagem a respeito do mesmo:<\/span><\/p>\n<blockquote style=\"border: 2px double #009900; background: #f0fff0 none repeat scroll 0% 0%; -moz-background-clip: -moz-initial; -moz-background-origin: -moz-initial; -moz-background-inline-policy: -moz-initial; color: #323232; padding-left: 15px; padding-top: 10px; padding-bottom: 10px;\"><p><span style=\"font-family: arial, helvetica, sans-serif; font-size: 20px; color: #000000; line-height: 1.3;\">Levantamento que objetiva, exclusivamente, a determina\u00e7\u00e3o das alturas relativas a uma superf\u00edcie de refer\u00eancia, dos pontos de apoio e\/ou dos pontos de detalhes, pressupondo-se o conhecimento de suas <span style=\"color: #0000ff;\"><a href=\"https:\/\/adenilsongiovanini.com.br\/blog\/planimetria-topografia-o-que-e\/\" style=\"color: #0000ff;\">posi\u00e7\u00f5es planim\u00e9tricas<\/a><\/span>, visando \u00e0 <span style=\"color: #0000ff;\"><a href=\"https:\/\/adenilsongiovanini.com.br\/blog\/altimetria-topografia-o-que-e-e-quais-suas-etapas\/\" style=\"color: #0000ff;\">representa\u00e7\u00e3o altim\u00e9trica<\/a><\/span> da superf\u00edcie levantada.<\/span><\/p><\/blockquote>\n<p><span style=\"font-size: 20px; font-family: arial, helvetica, sans-serif; color: #000000; line-height: 1.3;\"><span style=\"color: #0000ff;\"><a style=\"color: #0000ff;\" href=\"https:\/\/adenilsongiovanini.com.br\/blog\/levantamento-topografico-altimetrico-o-que-e\/\">Neste artigo<\/a><\/span> eu abordo de maneira detalhada o levantamento topogr\u00e1fico altim\u00e9trico.<\/span><\/p>\n<p>&nbsp;<\/p>\n<h3 style=\"text-align: center;\"><span style=\"font-size: 18pt; font-family: arial, helvetica, sans-serif;\"><strong><span style=\"color: #000000; line-height: 1.3;\">Levantamento topogr\u00e1fico planialtim\u00e9trico<\/span><\/strong><\/span><\/h3>\n<p><img decoding=\"async\" class=\"aligncenter wp-image-3526 size-large\" src=\"https:\/\/adenilsongiovanini.com.br\/blog\/wp-content\/uploads\/2019\/11\/levantamento-topogr\u00e1fico-planialtim\u00e9trico-780x352.jpg\" alt=\"levantamento topogr\u00e1fico planialtim\u00e9trico\" width=\"780\" height=\"352\" srcset=\"https:\/\/adenilsongiovanini.com.br\/blog\/wp-content\/uploads\/2019\/11\/levantamento-topogr\u00e1fico-planialtim\u00e9trico-780x352.jpg 780w, https:\/\/adenilsongiovanini.com.br\/blog\/wp-content\/uploads\/2019\/11\/levantamento-topogr\u00e1fico-planialtim\u00e9trico-300x135.jpg 300w, https:\/\/adenilsongiovanini.com.br\/blog\/wp-content\/uploads\/2019\/11\/levantamento-topogr\u00e1fico-planialtim\u00e9trico-768x347.jpg 768w, https:\/\/adenilsongiovanini.com.br\/blog\/wp-content\/uploads\/2019\/11\/levantamento-topogr\u00e1fico-planialtim\u00e9trico.jpg 1170w\" sizes=\"(max-width: 780px) 100vw, 780px\" \/><br \/>\n<span style=\"font-size: 20px; font-family: arial, helvetica, sans-serif; color: #000000; line-height: 1.3;\">A NBR 13.133 traz a seguinte passagem a respeito do mesmo:<\/span><\/p>\n<blockquote style=\"border: 2px double #009900; background: #f0fff0 none repeat scroll 0% 0%; -moz-background-clip: -moz-initial; -moz-background-origin: -moz-initial; -moz-background-inline-policy: -moz-initial; color: #323232; padding-left: 15px; padding-top: 10px; padding-bottom: 10px;\"><p><span style=\"font-size: 20px; font-family: arial, helvetica, sans-serif; color: #000000; line-height: 1.3;\">Levantamento topogr\u00e1fico planim\u00e9trico acrescido da determina\u00e7\u00e3o altim\u00e9trica do relevo do terreno e da drenagem natural.<\/span><\/p><\/blockquote>\n<p><span style=\"font-size: 20px; font-family: arial, helvetica, sans-serif; color: #000000; line-height: 1.3;\">Para conhecer melhor o <span style=\"color: #0000ff;\"><a href=\"https:\/\/adenilsongiovanini.com.br\/blog\/levantamento-topografico-planialtimetrico-cadastral\/\" style=\"color: #0000ff;\">levantamento topogr\u00e1fico planialtim\u00e9trico<\/a><\/span> e suas aplica\u00e7\u00f5es, <span style=\"color: #0000ff;\"><a style=\"color: #0000ff;\" href=\"https:\/\/adenilsongiovanini.com.br\/blog\/levantamento-topografico-planialtimetrico\/\">leia este artigo do blog<\/a><\/span>. <\/span><\/p>\n<p>&nbsp;<\/p>\n<h3 style=\"text-align: center;\"><span style=\"font-size: 18pt; font-family: arial, helvetica, sans-serif; color: #000000; line-height: 1.3;\"><strong>Laudo topogr\u00e1fico &#8211; <\/strong><\/span><strong><span style=\"font-size: 18pt; font-family: arial, helvetica, sans-serif; color: #000000; line-height: 1.3;\">Levantamento topogr\u00e1fico planialtim\u00e9trico cadastral<\/span><\/strong><\/h3>\n<p><img decoding=\"async\" class=\"aligncenter size-full wp-image-3528\" src=\"http:\/\/adenilsongiovanini.com.br\/blog\/wp-content\/uploads\/2019\/11\/levantamento-planilaltim\u00e9trico-cadastral.jpg\" alt=\"levantamento planilaltim\u00e9trico cadastral para laudo topogr\u00e1fico\" width=\"585\" height=\"473\" srcset=\"https:\/\/adenilsongiovanini.com.br\/blog\/wp-content\/uploads\/2019\/11\/levantamento-planilaltim\u00e9trico-cadastral.jpg 585w, https:\/\/adenilsongiovanini.com.br\/blog\/wp-content\/uploads\/2019\/11\/levantamento-planilaltim\u00e9trico-cadastral-300x243.jpg 300w\" sizes=\"(max-width: 585px) 100vw, 585px\" \/><br \/>\n<span style=\"font-size: 20px; font-family: arial, helvetica, sans-serif; color: #000000; line-height: 1.3;\">Este \u00e9 um quarto tipo de <span style=\"color: #0000ff;\"><a style=\"color: #0000ff;\" href=\"https:\/\/www.concretizejr.com\/single-post\/2018\/07\/01\/Levantamento-cadastral-saiba-mais\" target=\"_blank\" rel=\"noopener noreferrer\">levantamento cadastral<\/a><\/span>. O mesmo normalmente possui como finalidade a constru\u00e7\u00e3o plantas ou de <span style=\"color: #0000ff;\"><a style=\"color: #0000ff;\" href=\"http:\/\/adenilsongiovanini.com.br\/blog\/modelo-digital-de-terreno\/\" target=\"_blank\" rel=\"noopener noreferrer\">MDTs ( modelos digitais de terreno)<\/a><\/span>.<\/span><\/p>\n<p><span style=\"font-size: 20px; font-family: arial, helvetica, sans-serif; color: #000000; line-height: 1.3;\">A principal diferen\u00e7a do levantamento topogr\u00e1fico altim\u00e9trico para o planialtim\u00e9trico cadastral \u00e9 que no <span style=\"color: #0000ff;\"><a style=\"color: #0000ff;\" href=\"http:\/\/adenilsongiovanini.com.br\/blog\/levantamento-topografico-planialtimetrico\/\" target=\"_blank\" rel=\"noopener noreferrer\">levantamento topogr\u00e1fico planialtim\u00e9trico cadastral<\/a><\/span> \u00e9 feito o mapeamento dos elementos naturais e artificiais existentes no local mapeado.<\/span><\/p>\n<p><span style=\"font-size: 20px; font-family: arial, helvetica, sans-serif; color: #000000; line-height: 1.3;\">Como exemplos de elementos naturais mapeados temos:<\/span><\/p>\n<ul>\n<li><span style=\"font-size: 20px; font-family: arial, helvetica, sans-serif; color: #000000; line-height: 1.3;\">\u00c1rvores isoladas;<\/span><\/li>\n<li><span style=\"font-size: 20px; font-family: arial, helvetica, sans-serif; color: #000000; line-height: 1.3;\">C\u00f3rregos e;<\/span><\/li>\n<li><span style=\"font-size: 20px; font-family: arial, helvetica, sans-serif; color: #000000; line-height: 1.3;\">Afloramentos rochosos.<\/span><\/li>\n<\/ul>\n<p><span style=\"font-size: 20px; font-family: arial, helvetica, sans-serif; color: #000000; line-height: 1.3;\">J\u00e1 como exemplos de elementos artificiais temos:<\/span><\/p>\n<ul>\n<li><span style=\"font-size: 20px; font-family: arial, helvetica, sans-serif; color: #000000; line-height: 1.3;\">Cercas internas;<\/span><\/li>\n<li><span style=\"font-size: 20px; font-family: arial, helvetica, sans-serif; color: #000000; line-height: 1.3;\">Edifica\u00e7\u00f5es;<\/span><\/li>\n<li><span style=\"font-size: 20px; font-family: arial, helvetica, sans-serif; color: #000000; line-height: 1.3;\">Benfeitorias;<\/span><\/li>\n<li><span style=\"font-size: 20px; font-family: arial, helvetica, sans-serif; color: #000000; line-height: 1.3;\">Posteamentos e<\/span><\/li>\n<li><span style=\"font-size: 20px; font-family: arial, helvetica, sans-serif; color: #000000; line-height: 1.3;\">Muros.<\/span><\/li>\n<\/ul>\n<p><span style=\"font-size: 20px; font-family: arial, helvetica, sans-serif; color: #000000; line-height: 1.3;\">A NBR 13.133 traz a seguinte passagem a respeito do levantamento topogr\u00e1fico planialtim\u00e9trico cadastral:<\/span><\/p>\n<blockquote style=\"border: 2px double #009900; background: #f0fff0 none repeat scroll 0% 0%; -moz-background-clip: -moz-initial; -moz-background-origin: -moz-initial; -moz-background-inline-policy: -moz-initial; color: #323232; padding-left: 15px; padding-top: 10px; padding-bottom: 10px;\"><p><span style=\"font-size: 20px; font-family: arial, helvetica, sans-serif; color: #000000; line-height: 1.3;\">Levantamento topogr\u00e1fico planialtim\u00e9trico acrescido dos elementos planim\u00e9tricos inerentes ao levantamento planim\u00e9trico cadastral, que devem ser discriminados e relacionados nos editais de licita\u00e7\u00e3o, propostas e instrumentos legais entre as partes interessadas na sua execu\u00e7\u00e3o.<\/span><\/p><\/blockquote>\n<p>&nbsp;<\/p>\n<h2 style=\"text-align: center;\"><span style=\"font-size: 24pt; font-family: arial, helvetica, sans-serif; color: #000000; line-height: 1.3;\"><strong>Vantagens do laudo topogr\u00e1fico<\/strong><\/span><\/h2>\n<p><img decoding=\"async\" class=\"aligncenter wp-image-3852 size-large\" src=\"https:\/\/adenilsongiovanini.com.br\/blog\/wp-content\/uploads\/2019\/12\/levantamento-por-irradia\u00e7\u00e3o-para-topografia-780x522.jpg\" alt=\"vantagens do laudo topogr\u00e1fico\" width=\"780\" height=\"522\" \/><\/p>\n<p><span style=\"font-size: 20px; font-family: arial, helvetica, sans-serif; color: #000000; line-height: 1.3;\">Existem aplica\u00e7\u00f5es, como a <span style=\"color: #0000ff;\"><a style=\"color: #0000ff;\" href=\"http:\/\/adenilsongiovanini.com.br\/blog\/topografia-cadastral-principais-leis\/\" target=\"_blank\" rel=\"noopener noreferrer\">Topografia cadastral<\/a><\/span>, na qual o levantamento topogr\u00e1fico \u00e9 obrigat\u00f3rio.<\/span><\/p>\n<p><span style=\"font-size: 20px; font-family: arial, helvetica, sans-serif; color: #000000; line-height: 1.3;\">Por\u00e9m, mesmo em \u00e1reas nas quais o mesmo n\u00e3o \u00e9 obrigat\u00f3rio como, por exemplo, na <span style=\"color: #0000ff;\"><a style=\"color: #0000ff;\" href=\"https:\/\/www.italiatopografia.com.br\/importancia-da-topografia-nas-obras-de-engenharia\/\">topografia de obras<\/a><\/span>, a utiliza\u00e7\u00e3o do mesmo tr\u00e1s grandes vantagens.<\/span><\/p>\n<p><span style=\"font-size: 20px; font-family: arial, helvetica, sans-serif; color: #000000; line-height: 1.3;\">Isso porque os dados planialtim\u00e9tricos acabam sendo a base que guiar\u00e1 todos os demais servi\u00e7os.<\/span><\/p>\n<p><span style=\"font-size: 20px; font-family: arial, helvetica, sans-serif; color: #000000; line-height: 1.3;\">Por exemplo, durante a fase de nivelamento, o levantamento topogr\u00e1fico possibilita a correta determina\u00e7\u00e3o dos volumes de <span style=\"color: #0000ff;\"><a style=\"color: #0000ff;\" href=\"https:\/\/www.feb.unesp.br\/Home\/Departamentos343\/EngenhariaCivil\/gustavogarciamanzato\/a9_p2_terraplenagem.pdf\">corte e aterro<\/a><\/span>, possibilitando a determina\u00e7\u00e3o dos exatos locais nos ser\u00e3o necess\u00e1rias as respectivas atividades.<\/span><\/p>\n<p><span style=\"font-size: 20px; font-family: arial, helvetica, sans-serif; color: #000000; line-height: 1.3;\">Durante a loca\u00e7\u00e3o das estruturas, o levantamento topogr\u00e1fico possibilita uma loca\u00e7\u00e3o centim\u00e9trica, evitando que o projeto tenha erros, agilizando a velocidade dos trabalhos.<\/span><\/p>\n<p><span style=\"font-size: 20px; font-family: arial, helvetica, sans-serif; color: #000000; line-height: 1.3;\">Durante a fase de constru\u00e7\u00e3o, a utiliza\u00e7\u00e3o de <span style=\"color: #0000ff;\"><a style=\"color: #0000ff;\" href=\"https:\/\/adenilsongiovanini.com.br\/blog\/equipamentos-topograficos-o-guia-definitivo\/\">equipamentos topogr\u00e1ficos<\/a><\/span> ajuda a identificar e a mitigar erros.<\/span><\/p>\n<p><span style=\"font-size: 20px; font-family: arial, helvetica, sans-serif; color: #000000; line-height: 1.3;\">Ap\u00f3s a constru\u00e7\u00e3o, a utiliza\u00e7\u00e3o de <span style=\"color: #0000ff;\"><a href=\"https:\/\/adenilsongiovanini.com.br\/blog\/equipamentos-topograficos-o-guia-definitivo\/\" style=\"color: #0000ff;\">equipamentos topogr\u00e1fico<\/a><\/span>s possibilita o <span style=\"color: #0000ff;\"><a style=\"color: #0000ff;\" href=\"https:\/\/www.hbm.com\/pt\/5530\/monitoramento-estrutural\/\">monitoramento das estruturas<\/a><\/span> e, desta maneira, que se evite acidentes.<\/span><\/p>\n<p><span style=\"font-size: 20px; font-family: arial, helvetica, sans-serif; color: #000000; line-height: 1.3;\">Como voc\u00ea percebeu, o levantamento topogr\u00e1fico e a utiliza\u00e7\u00e3o de equipamentos topogr\u00e1ficos fornecem uma s\u00e9rie de informa\u00e7\u00f5es precisas que possibilitam que cada etapa seja feita corretamente.<\/span><\/p>\n<p><span style=\"font-size: 20px; font-family: arial, helvetica, sans-serif; color: #000000; line-height: 1.3;\">Muitos \u00f3rg\u00e3os do governo exigem inclusive que os projetos de constru\u00e7\u00e3o tenham levantamentos topogr\u00e1ficos como etapa obrigat\u00f3ria. <\/span><\/p>\n<p><span style=\"font-size: 20px; font-family: arial, helvetica, sans-serif; color: #000000; line-height: 1.3;\">As vantagens do mesmo s\u00e3o in\u00fameras, de certa maneira que praticamente qualquer atividade que envolva a tomada de decis\u00f5es espaciais se beneficia da realiza\u00e7\u00e3o de um laudo topogr\u00e1fico.<\/span><\/p>\n<p><span style=\"font-size: 20px; font-family: arial, helvetica, sans-serif; color: #000000; line-height: 1.3;\">Por\u00e9m, em um contexto geral, as principais vantagens do laudo topogr\u00e1fico s\u00e3o:<\/span><\/p>\n<ul>\n<li><span style=\"color: #000000; font-family: arial, helvetica, sans-serif; font-size: 20px;\">Determina\u00e7\u00e3o das condi\u00e7\u00f5es existentes e identifica\u00e7\u00e3o de problemas existentes em determinado local ou \u00e1rea natural;<\/span><\/li>\n<li><span style=\"color: #000000; font-family: arial, helvetica, sans-serif; font-size: 20px;\">Fornecimento aos engenheiros e arquitetos de informa\u00e7\u00f5es necess\u00e1rias para um melhor tomada de decis\u00e3o, haja vista as peculiaridades do local em que ser\u00e1 constru\u00eddo;<\/span><\/li>\n<li><span style=\"color: #000000; font-family: arial, helvetica, sans-serif; font-size: 20px;\">Indicar se a constru\u00e7\u00e3o de estruturas, valas e pontes \u00e9 poss\u00edvel e qual a melhor localiza\u00e7\u00e3o espacial para as mesmas.<\/span><\/li>\n<\/ul>\n<p>&nbsp;<\/p>\n<h2 style=\"text-align: center;\"><strong><span style=\"font-size: 24pt; font-family: arial, helvetica, sans-serif; color: #000000; line-height: 1.3;\">Equipamentos utilizados no laudo topogr\u00e1fico<\/span><\/strong><\/h2>\n<h2 style=\"text-align: center;\"><strong><img decoding=\"async\" class=\"aligncenter wp-image-18775 size-large\" src=\"https:\/\/adenilsongiovanini.com.br\/blog\/wp-content\/uploads\/2020\/12\/curso-de-gps-torne-se-independente-1024x460.png\" alt=\"Equipamentos utilizados no laudo topogr\u00e1fico\" width=\"780\" height=\"350\" srcset=\"https:\/\/adenilsongiovanini.com.br\/blog\/wp-content\/uploads\/2020\/12\/curso-de-gps-torne-se-independente-1024x460.png 1024w, https:\/\/adenilsongiovanini.com.br\/blog\/wp-content\/uploads\/2020\/12\/curso-de-gps-torne-se-independente-300x135.png 300w, https:\/\/adenilsongiovanini.com.br\/blog\/wp-content\/uploads\/2020\/12\/curso-de-gps-torne-se-independente-768x345.png 768w, https:\/\/adenilsongiovanini.com.br\/blog\/wp-content\/uploads\/2020\/12\/curso-de-gps-torne-se-independente-1536x690.png 1536w, https:\/\/adenilsongiovanini.com.br\/blog\/wp-content\/uploads\/2020\/12\/curso-de-gps-torne-se-independente-2048x920.png 2048w, https:\/\/adenilsongiovanini.com.br\/blog\/wp-content\/uploads\/2020\/12\/curso-de-gps-torne-se-independente-320x144.png 320w, https:\/\/adenilsongiovanini.com.br\/blog\/wp-content\/uploads\/2020\/12\/curso-de-gps-torne-se-independente-640x287.png 640w, https:\/\/adenilsongiovanini.com.br\/blog\/wp-content\/uploads\/2020\/12\/curso-de-gps-torne-se-independente-360x162.png 360w, https:\/\/adenilsongiovanini.com.br\/blog\/wp-content\/uploads\/2020\/12\/curso-de-gps-torne-se-independente-720x323.png 720w, https:\/\/adenilsongiovanini.com.br\/blog\/wp-content\/uploads\/2020\/12\/curso-de-gps-torne-se-independente-1080x485.png 1080w, https:\/\/adenilsongiovanini.com.br\/blog\/wp-content\/uploads\/2020\/12\/curso-de-gps-torne-se-independente-800x359.png 800w, https:\/\/adenilsongiovanini.com.br\/blog\/wp-content\/uploads\/2020\/12\/curso-de-gps-torne-se-independente-1280x575.png 1280w\" sizes=\"(max-width: 780px) 100vw, 780px\" \/><\/strong><\/h2>\n<p><span style=\"font-size: 20px; font-family: arial, helvetica, sans-serif; color: #000000; line-height: 1.3;\">Os levantamentos topogr\u00e1ficos utilizam principalmente:<\/span><\/p>\n<ul>\n<li><span style=\"font-size: 20px;\"><span style=\"color: #0000ff; font-family: arial, helvetica, sans-serif;\"><a style=\"color: #0000ff;\" href=\"http:\/\/adenilsongiovanini.com.br\/blog\/imagens-de-satelite-de-alta-resolucao-gratuitas\/\" target=\"_blank\" rel=\"noopener noreferrer\">Imagens de sensores orbitais, suborbitais e de drones<\/a><\/span><span style=\"color: #000000; font-family: arial, helvetica, sans-serif;\"> para a determina\u00e7\u00e3o de contornos da superf\u00edcie de grandes \u00e1reas e <span style=\"color: #0000ff;\"><a href=\"https:\/\/adenilsongiovanini.com.br\/blog\/maxima-verossimilhanca-etapas-e-produtos\/\" style=\"color: #0000ff;\">classifica\u00e7\u00e3o supervisionada<\/a><\/span> dos usos do solo, atrav\u00e9s da utiliza\u00e7\u00e3o de t\u00e9cnicas de <span style=\"color: #0000ff;\"><a style=\"color: #0000ff;\" href=\"https:\/\/adenilsongiovanini.com.br\/blog\/sensoriamento-remoto\/\">sensoriamento remoto<\/a><\/span>;<\/span><\/span><\/li>\n<li><span style=\"font-size: 20px;\"><a style=\"font-family: arial, helvetica, sans-serif;\" href=\"http:\/\/adenilsongiovanini.com.br\/blog\/receptor-gnss-quando-utilizar\/\" target=\"_blank\" rel=\"noopener noreferrer\"><span style=\"color: #0000ff;\">Receptores GNSS<\/span><\/a><span style=\"color: #000000; font-family: arial, helvetica, sans-serif;\"> para o mapeamento de \u00e1reas menores, cujo objetivo \u00e9 um <span style=\"color: #0000ff;\"><a style=\"color: #0000ff;\" href=\"https:\/\/adenilsongiovanini.com.br\/blog\/levantamento-cadastral\/\">levantamento cadastral<\/a><\/span><\/span><span style=\"color: #000000; font-family: arial, helvetica, sans-serif;\">;<\/span><\/span><\/li>\n<li><span style=\"font-size: 20px;\"><span style=\"color: #0000ff; font-family: arial, helvetica, sans-serif;\"><a style=\"color: #0000ff;\" href=\"http:\/\/adenilsongiovanini.com.br\/blog\/estacao-total\/\" target=\"_blank\" rel=\"noopener noreferrer\">Esta\u00e7\u00f5es totais<\/a><\/span><span style=\"color: #000000; font-family: arial, helvetica, sans-serif;\"> em locais nos quais n\u00e3o \u00e9 poss\u00edvel a utiliza\u00e7\u00e3o de receptores GNSS <\/span><span style=\"color: #000000; font-family: arial, helvetica, sans-serif;\">e do sensoriamento remoto.<\/span><\/span><\/li>\n<\/ul>\n<p>&nbsp;<\/p>\n<h2 style=\"text-align: center;\"><strong><span style=\"font-family: arial, helvetica, sans-serif; font-size: 24px; color: #000000;\">Produtos oriundos de um laudo topogr\u00e1fico<\/span><\/strong><\/h2>\n<p><span style=\"font-family: arial, helvetica, sans-serif; font-size: 20px; color: #000000;\">O principal produto oriundo de um laudo topogr\u00e1fico \u00e9 a uma <span style=\"color: #0000ff;\"><a style=\"color: #0000ff;\" href=\"https:\/\/adenilsongiovanini.com.br\/blog\/planta-topografica-aprenda-a-produzir-na-pratica\/\">planta topogr\u00e1fica<\/a>,<\/span> sendo que diferentes tipos de plantas podem ser solicitadas pelo contratante.<\/span><\/p>\n<p><span style=\"font-family: arial, helvetica, sans-serif; font-size: 20px; color: #000000;\">Como exemplos temos a <span style=\"color: #0000ff;\"><a style=\"color: #0000ff;\" href=\"https:\/\/adenilsongiovanini.com.br\/blog\/planta-planimetrica-o-que-e-e-como-produzir\/\">p<\/a><\/span><\/span><span style=\"font-family: arial, helvetica, sans-serif; font-size: 20px; color: #000000;\"><span style=\"color: #0000ff;\"><a style=\"color: #0000ff;\" href=\"https:\/\/adenilsongiovanini.com.br\/blog\/planta-planimetrica-o-que-e-e-como-produzir\/\">lanta topogr\u00e1fica planim\u00e9trica<\/a><\/span>.<\/span><\/p>\n<p><img decoding=\"async\" class=\"aligncenter wp-image-18896 size-large\" src=\"https:\/\/adenilsongiovanini.com.br\/blog\/wp-content\/uploads\/2020\/12\/Planta-topografica-Planta-de-area-973x1024.png\" alt=\"planta de \u00e1rea\" width=\"741\" height=\"780\" srcset=\"https:\/\/adenilsongiovanini.com.br\/blog\/wp-content\/uploads\/2020\/12\/Planta-topografica-Planta-de-area-973x1024.png 973w, https:\/\/adenilsongiovanini.com.br\/blog\/wp-content\/uploads\/2020\/12\/Planta-topografica-Planta-de-area-285x300.png 285w, https:\/\/adenilsongiovanini.com.br\/blog\/wp-content\/uploads\/2020\/12\/Planta-topografica-Planta-de-area-768x809.png 768w, https:\/\/adenilsongiovanini.com.br\/blog\/wp-content\/uploads\/2020\/12\/Planta-topografica-Planta-de-area-1459x1536.png 1459w, https:\/\/adenilsongiovanini.com.br\/blog\/wp-content\/uploads\/2020\/12\/Planta-topografica-Planta-de-area-320x337.png 320w, https:\/\/adenilsongiovanini.com.br\/blog\/wp-content\/uploads\/2020\/12\/Planta-topografica-Planta-de-area-640x674.png 640w, https:\/\/adenilsongiovanini.com.br\/blog\/wp-content\/uploads\/2020\/12\/Planta-topografica-Planta-de-area-360x379.png 360w, https:\/\/adenilsongiovanini.com.br\/blog\/wp-content\/uploads\/2020\/12\/Planta-topografica-Planta-de-area-720x758.png 720w, https:\/\/adenilsongiovanini.com.br\/blog\/wp-content\/uploads\/2020\/12\/Planta-topografica-Planta-de-area-1080x1137.png 1080w, https:\/\/adenilsongiovanini.com.br\/blog\/wp-content\/uploads\/2020\/12\/Planta-topografica-Planta-de-area-800x842.png 800w, https:\/\/adenilsongiovanini.com.br\/blog\/wp-content\/uploads\/2020\/12\/Planta-topografica-Planta-de-area-1024x1078.png 1024w, https:\/\/adenilsongiovanini.com.br\/blog\/wp-content\/uploads\/2020\/12\/Planta-topografica-Planta-de-area-1280x1348.png 1280w, https:\/\/adenilsongiovanini.com.br\/blog\/wp-content\/uploads\/2020\/12\/Planta-topografica-Planta-de-area.png 1738w\" sizes=\"(max-width: 741px) 100vw, 741px\" \/><\/p>\n<p>&nbsp;<\/p>\n<p><span style=\"font-family: arial, helvetica, sans-serif; font-size: 20px; color: #000000;\"><span style=\"color: #0000ff;\"><a style=\"color: #0000ff;\" href=\"https:\/\/adenilsongiovanini.com.br\/blog\/planta-planialtimetrica-o-que-e-e-exemplos\/\">E planta topogr\u00e1fica planialtim\u00e9trica<\/a><\/span>.<\/span><\/p>\n<p><img decoding=\"async\" class=\"aligncenter wp-image-19444 size-large\" src=\"https:\/\/adenilsongiovanini.com.br\/blog\/wp-content\/uploads\/2021\/04\/planta-altimetrica-1-724x1024.jpg\" alt=\"laudo topogr\u00e1fico - planta altim\u00e9trica\" width=\"551\" height=\"780\" srcset=\"https:\/\/adenilsongiovanini.com.br\/blog\/wp-content\/uploads\/2021\/04\/planta-altimetrica-1-724x1024.jpg 724w, https:\/\/adenilsongiovanini.com.br\/blog\/wp-content\/uploads\/2021\/04\/planta-altimetrica-1-212x300.jpg 212w, https:\/\/adenilsongiovanini.com.br\/blog\/wp-content\/uploads\/2021\/04\/planta-altimetrica-1-768x1086.jpg 768w, https:\/\/adenilsongiovanini.com.br\/blog\/wp-content\/uploads\/2021\/04\/planta-altimetrica-1-1086x1536.jpg 1086w, https:\/\/adenilsongiovanini.com.br\/blog\/wp-content\/uploads\/2021\/04\/planta-altimetrica-1-320x453.jpg 320w, https:\/\/adenilsongiovanini.com.br\/blog\/wp-content\/uploads\/2021\/04\/planta-altimetrica-1-640x905.jpg 640w, https:\/\/adenilsongiovanini.com.br\/blog\/wp-content\/uploads\/2021\/04\/planta-altimetrica-1-360x509.jpg 360w, https:\/\/adenilsongiovanini.com.br\/blog\/wp-content\/uploads\/2021\/04\/planta-altimetrica-1-720x1019.jpg 720w, https:\/\/adenilsongiovanini.com.br\/blog\/wp-content\/uploads\/2021\/04\/planta-altimetrica-1-1080x1528.jpg 1080w, https:\/\/adenilsongiovanini.com.br\/blog\/wp-content\/uploads\/2021\/04\/planta-altimetrica-1-800x1132.jpg 800w, https:\/\/adenilsongiovanini.com.br\/blog\/wp-content\/uploads\/2021\/04\/planta-altimetrica-1-1024x1449.jpg 1024w, https:\/\/adenilsongiovanini.com.br\/blog\/wp-content\/uploads\/2021\/04\/planta-altimetrica-1.jpg 1131w\" sizes=\"(max-width: 551px) 100vw, 551px\" \/><\/p>\n<p>&nbsp;<\/p>\n<p><span style=\"font-family: arial, helvetica, sans-serif; font-size: 20px; color: #000000;\">Por\u00e9m, normalmente o tipo de planta solicitado em um laudo topogr\u00e1fico \u00e9 uma <span style=\"color: #0000ff;\"><a href=\"https:\/\/adenilsongiovanini.com.br\/blog\/planta-cadastral\/\" style=\"color: #0000ff;\">planta topogr\u00e1fica planialtim\u00e9trica cadastral<\/a><\/span>. <\/span><\/p>\n<p><span style=\"font-family: arial, helvetica, sans-serif; font-size: 20px; color: #000000;\">A mesma, al\u00e9m dos elementos planim\u00e9tricos e altim\u00e9tricos, tamb\u00e9m possui os elementos naturais e artificiais existentes no local de interesse.<\/span><\/p>\n<p><img decoding=\"async\" class=\"aligncenter wp-image-19496 size-full\" src=\"https:\/\/adenilsongiovanini.com.br\/blog\/wp-content\/uploads\/2021\/04\/planta-de-um-levantamento-plainmetrico-cadastral.jpg\" alt=\"planta topogr\u00e1fica planialtim\u00e9trica cadastral\" width=\"768\" height=\"512\" srcset=\"https:\/\/adenilsongiovanini.com.br\/blog\/wp-content\/uploads\/2021\/04\/planta-de-um-levantamento-plainmetrico-cadastral.jpg 768w, https:\/\/adenilsongiovanini.com.br\/blog\/wp-content\/uploads\/2021\/04\/planta-de-um-levantamento-plainmetrico-cadastral-300x200.jpg 300w, https:\/\/adenilsongiovanini.com.br\/blog\/wp-content\/uploads\/2021\/04\/planta-de-um-levantamento-plainmetrico-cadastral-320x213.jpg 320w, https:\/\/adenilsongiovanini.com.br\/blog\/wp-content\/uploads\/2021\/04\/planta-de-um-levantamento-plainmetrico-cadastral-640x427.jpg 640w, https:\/\/adenilsongiovanini.com.br\/blog\/wp-content\/uploads\/2021\/04\/planta-de-um-levantamento-plainmetrico-cadastral-360x240.jpg 360w, https:\/\/adenilsongiovanini.com.br\/blog\/wp-content\/uploads\/2021\/04\/planta-de-um-levantamento-plainmetrico-cadastral-720x480.jpg 720w\" sizes=\"(max-width: 768px) 100vw, 768px\" \/><\/p>\n<p>&nbsp;<\/p>\n<p><span style=\"font-family: arial, helvetica, sans-serif; font-size: 20px; color: #000000;\">Por exemplo, um engenheiro civil pode solicitar uma <span style=\"color: #0000ff;\"><a href=\"https:\/\/adenilsongiovanini.com.br\/blog\/planta-topografica-de-um-terreno\/\" style=\"color: #0000ff;\">planta de um terreno<\/a><\/span> no qual pretende construir uma edifica\u00e7\u00e3o. Veja na imagem abaixo um exemplo de planta resultante de uma solicita\u00e7\u00e3o de um engenheiro civil.<\/span><\/p>\n<p><span style=\"font-family: arial, helvetica, sans-serif; font-size: 20px; color: #000000;\"><img decoding=\"async\" class=\"aligncenter size-large wp-image-19421\" src=\"https:\/\/adenilsongiovanini.com.br\/blog\/wp-content\/uploads\/2021\/04\/Planta-altimetrica-724x1024.jpg\" alt=\"laudo topogr\u00e1fico - planta alitm\u00e9trica 2\" width=\"724\" height=\"1024\" srcset=\"https:\/\/adenilsongiovanini.com.br\/blog\/wp-content\/uploads\/2021\/04\/Planta-altimetrica-724x1024.jpg 724w, https:\/\/adenilsongiovanini.com.br\/blog\/wp-content\/uploads\/2021\/04\/Planta-altimetrica-212x300.jpg 212w, https:\/\/adenilsongiovanini.com.br\/blog\/wp-content\/uploads\/2021\/04\/Planta-altimetrica-768x1087.jpg 768w, https:\/\/adenilsongiovanini.com.br\/blog\/wp-content\/uploads\/2021\/04\/Planta-altimetrica-1086x1536.jpg 1086w, https:\/\/adenilsongiovanini.com.br\/blog\/wp-content\/uploads\/2021\/04\/Planta-altimetrica-1447x2048.jpg 1447w, https:\/\/adenilsongiovanini.com.br\/blog\/wp-content\/uploads\/2021\/04\/Planta-altimetrica-320x453.jpg 320w, https:\/\/adenilsongiovanini.com.br\/blog\/wp-content\/uploads\/2021\/04\/Planta-altimetrica-640x906.jpg 640w, https:\/\/adenilsongiovanini.com.br\/blog\/wp-content\/uploads\/2021\/04\/Planta-altimetrica-360x509.jpg 360w, https:\/\/adenilsongiovanini.com.br\/blog\/wp-content\/uploads\/2021\/04\/Planta-altimetrica-720x1019.jpg 720w, https:\/\/adenilsongiovanini.com.br\/blog\/wp-content\/uploads\/2021\/04\/Planta-altimetrica-1080x1528.jpg 1080w, https:\/\/adenilsongiovanini.com.br\/blog\/wp-content\/uploads\/2021\/04\/Planta-altimetrica-800x1132.jpg 800w, https:\/\/adenilsongiovanini.com.br\/blog\/wp-content\/uploads\/2021\/04\/Planta-altimetrica-1024x1449.jpg 1024w, https:\/\/adenilsongiovanini.com.br\/blog\/wp-content\/uploads\/2021\/04\/Planta-altimetrica-1280x1811.jpg 1280w, https:\/\/adenilsongiovanini.com.br\/blog\/wp-content\/uploads\/2021\/04\/Planta-altimetrica.jpg 1653w\" sizes=\"(max-width: 724px) 100vw, 724px\" \/><\/span><\/p>\n<p><span style=\"font-family: arial, helvetica, sans-serif; font-size: 20px; color: #000000;\">Tamb\u00e9m existem situa\u00e7\u00f5es especificas nas quais ao inv\u00e9s de solicitar uma planta, os profissionais podem solicitam os dados no formato digital. Por exemplo, arquivos dxf, dwg ou <span style=\"color: #0000ff;\"><a style=\"color: #0000ff;\" href=\"https:\/\/adenilsongiovanini.com.br\/blog\/formato-shapefile\/\">shapefile<\/a><\/span>. <\/span><\/p>\n<p><span style=\"font-family: arial, helvetica, sans-serif; font-size: 20px; color: #000000;\">Tamb\u00e9m existem situa\u00e7\u00f5es nas quais se faz necess\u00e1ria a produ\u00e7\u00e3o de um <span style=\"color: #0000ff;\"><a style=\"color: #0000ff;\" href=\"https:\/\/adenilsongiovanini.com.br\/blog\/modelo-digital-de-terreno\/\">modelo digital do terreno<\/a> <\/span>(MDT). <\/span><span style=\"font-family: arial, helvetica, sans-serif; font-size: 20px; color: #000000;\">Veja um exemplo de MDT na imagem abaixo.<\/span><\/p>\n<p><span style=\"font-family: arial, helvetica, sans-serif; font-size: 20px; color: #000000;\"><img decoding=\"async\" class=\"aligncenter size-full wp-image-19471\" src=\"https:\/\/adenilsongiovanini.com.br\/blog\/wp-content\/uploads\/2021\/04\/modelo-digital-do-terreno.jpg\" alt=\"modelo digital do terreno\" width=\"655\" height=\"320\" srcset=\"https:\/\/adenilsongiovanini.com.br\/blog\/wp-content\/uploads\/2021\/04\/modelo-digital-do-terreno.jpg 655w, https:\/\/adenilsongiovanini.com.br\/blog\/wp-content\/uploads\/2021\/04\/modelo-digital-do-terreno-300x147.jpg 300w, https:\/\/adenilsongiovanini.com.br\/blog\/wp-content\/uploads\/2021\/04\/modelo-digital-do-terreno-320x156.jpg 320w, https:\/\/adenilsongiovanini.com.br\/blog\/wp-content\/uploads\/2021\/04\/modelo-digital-do-terreno-640x313.jpg 640w, https:\/\/adenilsongiovanini.com.br\/blog\/wp-content\/uploads\/2021\/04\/modelo-digital-do-terreno-360x176.jpg 360w\" sizes=\"(max-width: 655px) 100vw, 655px\" \/><\/span><\/p>\n<p>&nbsp;<\/p>\n<p>&nbsp;<\/p>\n<p><span style=\"font-family: arial, helvetica, sans-serif; font-size: 20px; color: #000000;\">V\u00eddeo a respeito do assunto.<\/span><\/p>\n<p>&nbsp;<\/p>\n<p><center><iframe width=\"853\" height=\"480\" title=\"YouTube video player\" src=\"https:\/\/www.youtube.com\/embed\/nWh4qzmr40s\" frameborder=\"0\" allowfullscreen=\"allowfullscreen\"><\/iframe><\/center><\/p>\n<p>&nbsp;<\/p>\n<p><span style=\"font-size: 20px; font-family: arial, helvetica, sans-serif; color: #000000; line-height: 1.3;\">Espero que este artigo sobre laudo topogr\u00e1fico tenha sido \u00fatil e relevante para voc\u00ea.<\/span><\/p>\n<p><span style=\"font-size: 20px; font-family: arial, helvetica, sans-serif; color: #000000; line-height: 1.3;\">Gratid\u00e3o por voc\u00ea ter lido o mesmo. \ud83d\ude4f<\/span><\/p>\n<p>&nbsp;<\/p>\n<h2 style=\"text-align: center;\"><span style=\"font-family: arial, helvetica, sans-serif; color: #000000; font-size: 24px;\"><strong>Aprenda a Prestar Servi\u00e7os de Topografia Atrav\u00e9s de um Livro Formado Por Mais de 547 <\/strong><\/span><span style=\"font-family: arial, helvetica, sans-serif; color: #000000; font-size: 24px;\"><strong>Estudos de Caso e E<\/strong><\/span><span style=\"font-family: arial, helvetica, sans-serif; color: #000000; font-size: 24px;\"><strong>xemplos Pr\u00e1ticos<\/strong><\/span><\/h2>\n<h2 style=\"text-align: center;\"><img decoding=\"async\" class=\"aligncenter size-large wp-image-25393\" src=\"https:\/\/adenilsongiovanini.com.br\/blog\/wp-content\/uploads\/2021\/08\/livro-de-topografia-780x386.png\" alt=\"\" width=\"780\" height=\"386\" srcset=\"https:\/\/adenilsongiovanini.com.br\/blog\/wp-content\/uploads\/2021\/08\/livro-de-topografia-780x386.png 780w, https:\/\/adenilsongiovanini.com.br\/blog\/wp-content\/uploads\/2021\/08\/livro-de-topografia-300x148.png 300w, https:\/\/adenilsongiovanini.com.br\/blog\/wp-content\/uploads\/2021\/08\/livro-de-topografia-768x380.png 768w, https:\/\/adenilsongiovanini.com.br\/blog\/wp-content\/uploads\/2021\/08\/livro-de-topografia.png 1536w\" sizes=\"(max-width: 780px) 100vw, 780px\" \/><\/h2>\n<p><span style=\"font-family: arial, helvetica, sans-serif; font-size: 20px; color: #000000;\">A <span style=\"text-decoration: underline;\"><em>1 clique de dist\u00e2ncia de voc\u00ea<\/em><\/span> encontra-se o <strong>MAIS COMPLETO LIVRO DE TOPOGRAFIA DO BRASIL<\/strong>.<\/span><\/p>\n<p><span style=\"font-family: arial, helvetica, sans-serif; font-size: 20px; color: #000000;\">O mesmo \u00e9 formado por mais de 547 Estudos de Caso, Conhecimentos Pr\u00e1ticos, Exemplos, Aplica\u00e7\u00f5es, Planilhas e Chacklists!<\/span><\/p>\n<p><span style=\"font-family: arial, helvetica, sans-serif; font-size: 20px; color: #000000;\">Se voc\u00ea quer <em>(ou precisa)<\/em> aprender a prestar servi\u00e7os de Topografia, este livro servir\u00e1 como uma luva para voc\u00ea.<\/span><\/p>\n<p><span style=\"font-size: 20px;\"><span style=\"font-family: arial, helvetica, sans-serif; color: #000000;\">D\u00ea uma espiadinha no sum\u00e1rio do mesmo:<\/span><\/span><\/p>\n<p><center><iframe width=\"95%\" height=\"990\" src=\"https:\/\/drive.google.com\/file\/d\/1Ceor37i07URpOWB8CUnuUWq8aOuR7VSf\/preview\"><\/iframe><\/center><\/p>\n<p><span style=\"font-size: 20px;\"><span style=\"font-family: arial, helvetica, sans-serif; color: #000000;\">Para conhecer melhor a estrutura do livro, juntar-se a dezenas de profissionais e adquirir sua c\u00f3pia \u00e9 s\u00f3 clicar no bot\u00e3o abaixo:<\/span><\/span><\/p>\n<div class=\"su-button-center\">\n<div class=\"su-button-center\"><span style=\"color: #000000; font-size: 20px;\"><div class=\"su-button-center\"><a href=\"https:\/\/adenilsongiovanini.com.br\/biblia-do-agrimensor\/\" class=\"su-button su-button-style-3d\" style=\"color:#000000;background-color:#2BCC2F;border-color:#23a426;border-radius:9px\" target=\"_blank\" rel=\"nofollow\" id=\"1\"><span style=\"color:#000000;padding:0px 24px;font-size:18px;line-height:36px;border-color:#6bdc6e;border-radius:9px;text-shadow:0px 0px 0px #000000\"> \u279c Quero Conhecer Melhor o Livro, Pois Quero e Preciso Aprender Mais Sobre a Presta\u00e7\u00e3o de Servi\u00e7os de Topografia<\/span><\/a><\/div><\/span><\/div>\n<\/div>\n<p>&nbsp;<\/p>\n","protected":false},"excerpt":{"rendered":"<p>O laudo topogr\u00e1fico, tamb\u00e9m conhecido como levantamento topogr\u00e1fico \u00e9 utilizado em diferentes situa\u00e7\u00f5es, fornecendo uma s\u00e9rie de dados importantes para os processos de tomada de decis\u00e3o. Laudo topogr\u00e1fico &#8211; Aplica\u00e7\u00f5es e vantagens Como exemplos de situa\u00e7\u00f5es nas quais se faz necess\u00e1ria a realiza\u00e7\u00e3o de laudo topogr\u00e1fico temos: Topografia cadastral; Topografia [&hellip;]<\/p>\n","protected":false},"author":1,"featured_media":21463,"comment_status":"closed","ping_status":"closed","sticky":false,"template":"","format":"standard","meta":{"_monsterinsights_skip_tracking":false,"_monsterinsights_sitenote_active":false,"_monsterinsights_sitenote_note":"","_monsterinsights_sitenote_category":0,"footnotes":""},"categories":[16,9],"tags":[],"class_list":["post-21456","post","type-post","status-publish","format-standard","has-post-thumbnail","hentry","category-geoempreendedorismo","category-topografia-cadastral"],"yoast_head":"<!-- This site is optimized with the Yoast SEO plugin v26.5 - https:\/\/yoast.com\/wordpress\/plugins\/seo\/ -->\n<title>Laudo topogr\u00e1fico: o que \u00e9 e para que serve? - Adenilson Giovanini<\/title>\n<meta name=\"description\" content=\"Descubra o que \u00e9 um laudo topogr\u00e1fico, quais suas aplica\u00e7\u00f5es, vantagens, equipamentos utilizados e quais os produtos oriundos do mesmo.\" \/>\n<meta name=\"robots\" content=\"index, follow, max-snippet:-1, max-image-preview:large, max-video-preview:-1\" \/>\n<link rel=\"canonical\" href=\"https:\/\/adenilsongiovanini.com.br\/blog\/laudo-topografico-o-que-e-e-para-que-serve\/\" \/>\n<meta property=\"og:locale\" content=\"pt_BR\" \/>\n<meta property=\"og:type\" content=\"article\" \/>\n<meta property=\"og:title\" content=\"Laudo topogr\u00e1fico: o que \u00e9 e para que serve? - Adenilson Giovanini\" \/>\n<meta property=\"og:description\" content=\"Descubra o que \u00e9 um laudo topogr\u00e1fico, quais suas aplica\u00e7\u00f5es, vantagens, equipamentos utilizados e quais os produtos oriundos do mesmo.\" \/>\n<meta property=\"og:url\" content=\"https:\/\/adenilsongiovanini.com.br\/blog\/laudo-topografico-o-que-e-e-para-que-serve\/\" \/>\n<meta property=\"og:site_name\" content=\"Adenilson Giovanini\" \/>\n<meta property=\"article:publisher\" content=\"https:\/\/www.facebook.com\/otopografo\/\" \/>\n<meta property=\"article:author\" content=\"https:\/\/www.facebook.com\/otopografo\/\" \/>\n<meta property=\"article:published_time\" content=\"2021-07-07T13:44:05+00:00\" \/>\n<meta property=\"article:modified_time\" content=\"2022-08-15T13:44:09+00:00\" \/>\n<meta property=\"og:image\" content=\"https:\/\/adenilsongiovanini.com.br\/blog\/wp-content\/uploads\/2021\/07\/laudo-topografico.jpg\" \/>\n\t<meta property=\"og:image:width\" content=\"1068\" \/>\n\t<meta property=\"og:image:height\" content=\"712\" \/>\n\t<meta property=\"og:image:type\" content=\"image\/jpeg\" \/>\n<meta name=\"author\" content=\"Adenilson Giovanini\" \/>\n<meta name=\"twitter:card\" content=\"summary_large_image\" \/>\n<meta name=\"twitter:label1\" content=\"Escrito por\" \/>\n\t<meta name=\"twitter:data1\" content=\"Adenilson Giovanini\" \/>\n\t<meta name=\"twitter:label2\" content=\"Est. tempo de leitura\" \/>\n\t<meta name=\"twitter:data2\" content=\"12 minutos\" \/>\n<script type=\"application\/ld+json\" class=\"yoast-schema-graph\">{\"@context\":\"https:\/\/schema.org\",\"@graph\":[{\"@type\":\"Article\",\"@id\":\"https:\/\/adenilsongiovanini.com.br\/blog\/laudo-topografico-o-que-e-e-para-que-serve\/#article\",\"isPartOf\":{\"@id\":\"https:\/\/adenilsongiovanini.com.br\/blog\/laudo-topografico-o-que-e-e-para-que-serve\/\"},\"author\":{\"name\":\"Adenilson Giovanini\",\"@id\":\"https:\/\/adenilsongiovanini.com.br\/blog\/#\/schema\/person\/9c1daa7da73c116aae2cb0568d1daa23\"},\"headline\":\"Laudo topogr\u00e1fico: o que \u00e9 e para que serve?\",\"datePublished\":\"2021-07-07T13:44:05+00:00\",\"dateModified\":\"2022-08-15T13:44:09+00:00\",\"mainEntityOfPage\":{\"@id\":\"https:\/\/adenilsongiovanini.com.br\/blog\/laudo-topografico-o-que-e-e-para-que-serve\/\"},\"wordCount\":1700,\"publisher\":{\"@id\":\"https:\/\/adenilsongiovanini.com.br\/blog\/#\/schema\/person\/9c1daa7da73c116aae2cb0568d1daa23\"},\"image\":{\"@id\":\"https:\/\/adenilsongiovanini.com.br\/blog\/laudo-topografico-o-que-e-e-para-que-serve\/#primaryimage\"},\"thumbnailUrl\":\"https:\/\/adenilsongiovanini.com.br\/blog\/wp-content\/uploads\/2021\/07\/laudo-topografico.jpg\",\"articleSection\":[\"GeoEmpreendedorismo\",\"Topografia Cadastral\"],\"inLanguage\":\"pt-BR\"},{\"@type\":\"WebPage\",\"@id\":\"https:\/\/adenilsongiovanini.com.br\/blog\/laudo-topografico-o-que-e-e-para-que-serve\/\",\"url\":\"https:\/\/adenilsongiovanini.com.br\/blog\/laudo-topografico-o-que-e-e-para-que-serve\/\",\"name\":\"Laudo topogr\u00e1fico: o que \u00e9 e para que serve? - Adenilson Giovanini\",\"isPartOf\":{\"@id\":\"https:\/\/adenilsongiovanini.com.br\/blog\/#website\"},\"primaryImageOfPage\":{\"@id\":\"https:\/\/adenilsongiovanini.com.br\/blog\/laudo-topografico-o-que-e-e-para-que-serve\/#primaryimage\"},\"image\":{\"@id\":\"https:\/\/adenilsongiovanini.com.br\/blog\/laudo-topografico-o-que-e-e-para-que-serve\/#primaryimage\"},\"thumbnailUrl\":\"https:\/\/adenilsongiovanini.com.br\/blog\/wp-content\/uploads\/2021\/07\/laudo-topografico.jpg\",\"datePublished\":\"2021-07-07T13:44:05+00:00\",\"dateModified\":\"2022-08-15T13:44:09+00:00\",\"description\":\"Descubra o que \u00e9 um laudo topogr\u00e1fico, quais suas aplica\u00e7\u00f5es, vantagens, equipamentos utilizados e quais os produtos oriundos do mesmo.\",\"breadcrumb\":{\"@id\":\"https:\/\/adenilsongiovanini.com.br\/blog\/laudo-topografico-o-que-e-e-para-que-serve\/#breadcrumb\"},\"inLanguage\":\"pt-BR\",\"potentialAction\":[{\"@type\":\"ReadAction\",\"target\":[\"https:\/\/adenilsongiovanini.com.br\/blog\/laudo-topografico-o-que-e-e-para-que-serve\/\"]}]},{\"@type\":\"ImageObject\",\"inLanguage\":\"pt-BR\",\"@id\":\"https:\/\/adenilsongiovanini.com.br\/blog\/laudo-topografico-o-que-e-e-para-que-serve\/#primaryimage\",\"url\":\"https:\/\/adenilsongiovanini.com.br\/blog\/wp-content\/uploads\/2021\/07\/laudo-topografico.jpg\",\"contentUrl\":\"https:\/\/adenilsongiovanini.com.br\/blog\/wp-content\/uploads\/2021\/07\/laudo-topografico.jpg\",\"width\":1068,\"height\":712},{\"@type\":\"BreadcrumbList\",\"@id\":\"https:\/\/adenilsongiovanini.com.br\/blog\/laudo-topografico-o-que-e-e-para-que-serve\/#breadcrumb\",\"itemListElement\":[{\"@type\":\"ListItem\",\"position\":1,\"name\":\"Home\",\"item\":\"https:\/\/adenilsongiovanini.com.br\/blog\/\"},{\"@type\":\"ListItem\",\"position\":2,\"name\":\"Laudo topogr\u00e1fico: o que \u00e9 e para que serve?\"}]},{\"@type\":\"WebSite\",\"@id\":\"https:\/\/adenilsongiovanini.com.br\/blog\/#website\",\"url\":\"https:\/\/adenilsongiovanini.com.br\/blog\/\",\"name\":\"Adenilson Giovanini\",\"description\":\"Topografia e Geotecnologias\",\"publisher\":{\"@id\":\"https:\/\/adenilsongiovanini.com.br\/blog\/#\/schema\/person\/9c1daa7da73c116aae2cb0568d1daa23\"},\"potentialAction\":[{\"@type\":\"SearchAction\",\"target\":{\"@type\":\"EntryPoint\",\"urlTemplate\":\"https:\/\/adenilsongiovanini.com.br\/blog\/?s={search_term_string}\"},\"query-input\":{\"@type\":\"PropertyValueSpecification\",\"valueRequired\":true,\"valueName\":\"search_term_string\"}}],\"inLanguage\":\"pt-BR\"},{\"@type\":[\"Person\",\"Organization\"],\"@id\":\"https:\/\/adenilsongiovanini.com.br\/blog\/#\/schema\/person\/9c1daa7da73c116aae2cb0568d1daa23\",\"name\":\"Adenilson Giovanini\",\"image\":{\"@type\":\"ImageObject\",\"inLanguage\":\"pt-BR\",\"@id\":\"https:\/\/adenilsongiovanini.com.br\/blog\/#\/schema\/person\/image\/\",\"url\":\"https:\/\/adenilsongiovanini.com.br\/blog\/wp-content\/litespeed\/avatar\/be8f4de5c0b8a93c57a4f29cbf2f1e92.jpg?ver=1777130135\",\"contentUrl\":\"https:\/\/adenilsongiovanini.com.br\/blog\/wp-content\/litespeed\/avatar\/be8f4de5c0b8a93c57a4f29cbf2f1e92.jpg?ver=1777130135\",\"caption\":\"Adenilson Giovanini\"},\"logo\":{\"@id\":\"https:\/\/adenilsongiovanini.com.br\/blog\/#\/schema\/person\/image\/\"},\"description\":\"O Professor Adenilson Giovanini \u00e9 especialista em Topografia Cadastral e Georreferenciamento de Im\u00f3veis Rurais. O mesmo possui o Maior Site de Engenharia de Agrimensura do Brasil. Site este que tem mais de 102.000 visualiza\u00e7\u00f5es por m\u00eas. Tamb\u00e9m possui mais de 600 v\u00eddeos em seu canal no youtube. Al\u00e9m disso, \u00e9 escritor Best Seller, possuindo v\u00e1rios cursos e livros de sucesso.\",\"sameAs\":[\"http:\/\/adenilsongiovanini.com.br\",\"https:\/\/www.facebook.com\/otopografo\/\",\"https:\/\/www.instagram.com\/adenilson_giovanini\/\",\"https:\/\/www.linkedin.com\/in\/adenilson-giovanini-819b8035\/\",\"https:\/\/br.pinterest.com\/adenilsongiovanini\/\",\"https:\/\/www.youtube.com\/channel\/uce-br7ghiuog2txcsdx5vrw\"]}]}<\/script>\n<!-- \/ Yoast SEO plugin. -->","yoast_head_json":{"title":"Laudo topogr\u00e1fico: o que \u00e9 e para que serve? - Adenilson Giovanini","description":"Descubra o que \u00e9 um laudo topogr\u00e1fico, quais suas aplica\u00e7\u00f5es, vantagens, equipamentos utilizados e quais os produtos oriundos do mesmo.","robots":{"index":"index","follow":"follow","max-snippet":"max-snippet:-1","max-image-preview":"max-image-preview:large","max-video-preview":"max-video-preview:-1"},"canonical":"https:\/\/adenilsongiovanini.com.br\/blog\/laudo-topografico-o-que-e-e-para-que-serve\/","og_locale":"pt_BR","og_type":"article","og_title":"Laudo topogr\u00e1fico: o que \u00e9 e para que serve? - Adenilson Giovanini","og_description":"Descubra o que \u00e9 um laudo topogr\u00e1fico, quais suas aplica\u00e7\u00f5es, vantagens, equipamentos utilizados e quais os produtos oriundos do mesmo.","og_url":"https:\/\/adenilsongiovanini.com.br\/blog\/laudo-topografico-o-que-e-e-para-que-serve\/","og_site_name":"Adenilson Giovanini","article_publisher":"https:\/\/www.facebook.com\/otopografo\/","article_author":"https:\/\/www.facebook.com\/otopografo\/","article_published_time":"2021-07-07T13:44:05+00:00","article_modified_time":"2022-08-15T13:44:09+00:00","og_image":[{"width":1068,"height":712,"url":"https:\/\/adenilsongiovanini.com.br\/blog\/wp-content\/uploads\/2021\/07\/laudo-topografico.jpg","type":"image\/jpeg"}],"author":"Adenilson Giovanini","twitter_card":"summary_large_image","twitter_misc":{"Escrito por":"Adenilson Giovanini","Est. tempo de leitura":"12 minutos"},"schema":{"@context":"https:\/\/schema.org","@graph":[{"@type":"Article","@id":"https:\/\/adenilsongiovanini.com.br\/blog\/laudo-topografico-o-que-e-e-para-que-serve\/#article","isPartOf":{"@id":"https:\/\/adenilsongiovanini.com.br\/blog\/laudo-topografico-o-que-e-e-para-que-serve\/"},"author":{"name":"Adenilson Giovanini","@id":"https:\/\/adenilsongiovanini.com.br\/blog\/#\/schema\/person\/9c1daa7da73c116aae2cb0568d1daa23"},"headline":"Laudo topogr\u00e1fico: o que \u00e9 e para que serve?","datePublished":"2021-07-07T13:44:05+00:00","dateModified":"2022-08-15T13:44:09+00:00","mainEntityOfPage":{"@id":"https:\/\/adenilsongiovanini.com.br\/blog\/laudo-topografico-o-que-e-e-para-que-serve\/"},"wordCount":1700,"publisher":{"@id":"https:\/\/adenilsongiovanini.com.br\/blog\/#\/schema\/person\/9c1daa7da73c116aae2cb0568d1daa23"},"image":{"@id":"https:\/\/adenilsongiovanini.com.br\/blog\/laudo-topografico-o-que-e-e-para-que-serve\/#primaryimage"},"thumbnailUrl":"https:\/\/adenilsongiovanini.com.br\/blog\/wp-content\/uploads\/2021\/07\/laudo-topografico.jpg","articleSection":["GeoEmpreendedorismo","Topografia Cadastral"],"inLanguage":"pt-BR"},{"@type":"WebPage","@id":"https:\/\/adenilsongiovanini.com.br\/blog\/laudo-topografico-o-que-e-e-para-que-serve\/","url":"https:\/\/adenilsongiovanini.com.br\/blog\/laudo-topografico-o-que-e-e-para-que-serve\/","name":"Laudo topogr\u00e1fico: o que \u00e9 e para que serve? - Adenilson Giovanini","isPartOf":{"@id":"https:\/\/adenilsongiovanini.com.br\/blog\/#website"},"primaryImageOfPage":{"@id":"https:\/\/adenilsongiovanini.com.br\/blog\/laudo-topografico-o-que-e-e-para-que-serve\/#primaryimage"},"image":{"@id":"https:\/\/adenilsongiovanini.com.br\/blog\/laudo-topografico-o-que-e-e-para-que-serve\/#primaryimage"},"thumbnailUrl":"https:\/\/adenilsongiovanini.com.br\/blog\/wp-content\/uploads\/2021\/07\/laudo-topografico.jpg","datePublished":"2021-07-07T13:44:05+00:00","dateModified":"2022-08-15T13:44:09+00:00","description":"Descubra o que \u00e9 um laudo topogr\u00e1fico, quais suas aplica\u00e7\u00f5es, vantagens, equipamentos utilizados e quais os produtos oriundos do mesmo.","breadcrumb":{"@id":"https:\/\/adenilsongiovanini.com.br\/blog\/laudo-topografico-o-que-e-e-para-que-serve\/#breadcrumb"},"inLanguage":"pt-BR","potentialAction":[{"@type":"ReadAction","target":["https:\/\/adenilsongiovanini.com.br\/blog\/laudo-topografico-o-que-e-e-para-que-serve\/"]}]},{"@type":"ImageObject","inLanguage":"pt-BR","@id":"https:\/\/adenilsongiovanini.com.br\/blog\/laudo-topografico-o-que-e-e-para-que-serve\/#primaryimage","url":"https:\/\/adenilsongiovanini.com.br\/blog\/wp-content\/uploads\/2021\/07\/laudo-topografico.jpg","contentUrl":"https:\/\/adenilsongiovanini.com.br\/blog\/wp-content\/uploads\/2021\/07\/laudo-topografico.jpg","width":1068,"height":712},{"@type":"BreadcrumbList","@id":"https:\/\/adenilsongiovanini.com.br\/blog\/laudo-topografico-o-que-e-e-para-que-serve\/#breadcrumb","itemListElement":[{"@type":"ListItem","position":1,"name":"Home","item":"https:\/\/adenilsongiovanini.com.br\/blog\/"},{"@type":"ListItem","position":2,"name":"Laudo topogr\u00e1fico: o que \u00e9 e para que serve?"}]},{"@type":"WebSite","@id":"https:\/\/adenilsongiovanini.com.br\/blog\/#website","url":"https:\/\/adenilsongiovanini.com.br\/blog\/","name":"Adenilson Giovanini","description":"Topografia e Geotecnologias","publisher":{"@id":"https:\/\/adenilsongiovanini.com.br\/blog\/#\/schema\/person\/9c1daa7da73c116aae2cb0568d1daa23"},"potentialAction":[{"@type":"SearchAction","target":{"@type":"EntryPoint","urlTemplate":"https:\/\/adenilsongiovanini.com.br\/blog\/?s={search_term_string}"},"query-input":{"@type":"PropertyValueSpecification","valueRequired":true,"valueName":"search_term_string"}}],"inLanguage":"pt-BR"},{"@type":["Person","Organization"],"@id":"https:\/\/adenilsongiovanini.com.br\/blog\/#\/schema\/person\/9c1daa7da73c116aae2cb0568d1daa23","name":"Adenilson Giovanini","image":{"@type":"ImageObject","inLanguage":"pt-BR","@id":"https:\/\/adenilsongiovanini.com.br\/blog\/#\/schema\/person\/image\/","url":"https:\/\/adenilsongiovanini.com.br\/blog\/wp-content\/litespeed\/avatar\/be8f4de5c0b8a93c57a4f29cbf2f1e92.jpg?ver=1777130135","contentUrl":"https:\/\/adenilsongiovanini.com.br\/blog\/wp-content\/litespeed\/avatar\/be8f4de5c0b8a93c57a4f29cbf2f1e92.jpg?ver=1777130135","caption":"Adenilson Giovanini"},"logo":{"@id":"https:\/\/adenilsongiovanini.com.br\/blog\/#\/schema\/person\/image\/"},"description":"O Professor Adenilson Giovanini \u00e9 especialista em Topografia Cadastral e Georreferenciamento de Im\u00f3veis Rurais. O mesmo possui o Maior Site de Engenharia de Agrimensura do Brasil. Site este que tem mais de 102.000 visualiza\u00e7\u00f5es por m\u00eas. Tamb\u00e9m possui mais de 600 v\u00eddeos em seu canal no youtube. Al\u00e9m disso, \u00e9 escritor Best Seller, possuindo v\u00e1rios cursos e livros de sucesso.","sameAs":["http:\/\/adenilsongiovanini.com.br","https:\/\/www.facebook.com\/otopografo\/","https:\/\/www.instagram.com\/adenilson_giovanini\/","https:\/\/www.linkedin.com\/in\/adenilson-giovanini-819b8035\/","https:\/\/br.pinterest.com\/adenilsongiovanini\/","https:\/\/www.youtube.com\/channel\/uce-br7ghiuog2txcsdx5vrw"]}]}},"amp_enabled":true,"_links":{"self":[{"href":"https:\/\/adenilsongiovanini.com.br\/blog\/wp-json\/wp\/v2\/posts\/21456","targetHints":{"allow":["GET"]}}],"collection":[{"href":"https:\/\/adenilsongiovanini.com.br\/blog\/wp-json\/wp\/v2\/posts"}],"about":[{"href":"https:\/\/adenilsongiovanini.com.br\/blog\/wp-json\/wp\/v2\/types\/post"}],"author":[{"embeddable":true,"href":"https:\/\/adenilsongiovanini.com.br\/blog\/wp-json\/wp\/v2\/users\/1"}],"replies":[{"embeddable":true,"href":"https:\/\/adenilsongiovanini.com.br\/blog\/wp-json\/wp\/v2\/comments?post=21456"}],"version-history":[{"count":0,"href":"https:\/\/adenilsongiovanini.com.br\/blog\/wp-json\/wp\/v2\/posts\/21456\/revisions"}],"wp:featuredmedia":[{"embeddable":true,"href":"https:\/\/adenilsongiovanini.com.br\/blog\/wp-json\/wp\/v2\/media\/21463"}],"wp:attachment":[{"href":"https:\/\/adenilsongiovanini.com.br\/blog\/wp-json\/wp\/v2\/media?parent=21456"}],"wp:term":[{"taxonomy":"category","embeddable":true,"href":"https:\/\/adenilsongiovanini.com.br\/blog\/wp-json\/wp\/v2\/categories?post=21456"},{"taxonomy":"post_tag","embeddable":true,"href":"https:\/\/adenilsongiovanini.com.br\/blog\/wp-json\/wp\/v2\/tags?post=21456"}],"curies":[{"name":"wp","href":"https:\/\/api.w.org\/{rel}","templated":true}]}}