{"id":20709,"date":"2021-06-17T23:50:52","date_gmt":"2021-06-17T23:50:52","guid":{"rendered":"https:\/\/adenilsongiovanini.com.br\/blog\/?p=20709"},"modified":"2023-07-27T19:49:10","modified_gmt":"2023-07-27T19:49:10","slug":"retificacao-de-area","status":"publish","type":"post","link":"https:\/\/adenilsongiovanini.com.br\/blog\/retificacao-de-area\/","title":{"rendered":"Retifica\u00e7\u00e3o de \u00c1rea: Como Fazer?"},"content":{"rendered":"<p><span style=\"font-family: arial, helvetica, sans-serif; font-size: 20px; color: #000000;\">Voc\u00ea descobriu que cometeu um erro e precisa fazer uma <strong>retifica\u00e7\u00e3o de \u00e1rea<\/strong> junto ao registro de im\u00f3veis?<\/span><\/p>\n<p><span style=\"font-family: arial, helvetica, sans-serif; font-size: 20px; color: #000000;\">N\u00e3o sabe exatamente como proceder e est\u00e1 com muito medo de ter que refazer o servi\u00e7o?<\/span><\/p>\n<p><span style=\"font-family: arial, helvetica, sans-serif; font-size: 20px; color: #000000;\">Eu tenho uma boa noticia para voc\u00ea, voc\u00ea acabou de encontrar um artigo definitivo sobre o assunto. Com a leitura do mesmo voc\u00ea aprender\u00e1 simplesmente tudo que precisa saber sobre a <strong>retifica\u00e7\u00e3o de \u00e1rea<\/strong>.<\/span><\/p>\n<p><span style=\"font-family: arial, helvetica, sans-serif; font-size: 20px; color: #000000;\">A mesma pode ser dividida em retifica\u00e7\u00e3o de \u00e1rea judicial e <span style=\"color: #0000ff;\"><a href=\"https:\/\/adenilsongiovanini.com.br\/blog\/4-tipos-retificacao-de-area\/\" style=\"color: #0000ff;\">retifica\u00e7\u00e3o de \u00e1rea extrajudicial<\/a><\/span>.<\/span><\/p>\n<p><span style=\"font-family: arial, helvetica, sans-serif; font-size: 20px; color: #000000;\">Vamos ver quais s\u00e3o as diferen\u00e7as entre estes 2 tipos de retifica\u00e7\u00e3o de \u00e1rea.<\/span><\/p>\n<p>&nbsp;<\/p>\n<h2 style=\"text-align: center;\"><span style=\"font-size: 24px; color: #000000;\"><strong><span style=\"font-family: arial, helvetica, sans-serif;\">Retifica\u00e7\u00e3o de \u00e1rea judicial<\/span><\/strong><\/span><\/h2>\n<p><span style=\"font-size: 20px; color: #000000;\"><img decoding=\"async\" class=\"aligncenter wp-image-938 size-large\" src=\"https:\/\/adenilsongiovanini.com.br\/blog\/wp-content\/uploads\/2017\/12\/topografia-cadastral-780x390.png\" alt=\"retifica\u00e7\u00e3o de \u00e1rea na topografia cadastral\" width=\"780\" height=\"390\" srcset=\"https:\/\/adenilsongiovanini.com.br\/blog\/wp-content\/uploads\/2017\/12\/topografia-cadastral-780x390.png 780w, https:\/\/adenilsongiovanini.com.br\/blog\/wp-content\/uploads\/2017\/12\/topografia-cadastral-300x150.png 300w, https:\/\/adenilsongiovanini.com.br\/blog\/wp-content\/uploads\/2017\/12\/topografia-cadastral-768x384.png 768w, https:\/\/adenilsongiovanini.com.br\/blog\/wp-content\/uploads\/2017\/12\/topografia-cadastral.png 1111w\" sizes=\"(max-width: 780px) 100vw, 780px\" \/><\/span><\/p>\n<p><span style=\"font-family: arial, helvetica, sans-serif; font-size: 20px; color: #000000;\">A <span style=\"color: #0000ff;\"><a style=\"color: #0000ff;\" href=\"https:\/\/irib.org.br\/noticias\/detalhes\/retifica-ccedil-atilde-o-de-aacute-rea-procedimento-judicial-x-extrajudicial\">retifica\u00e7\u00e3o de \u00e1rea judicial<\/a><\/span> normalmente acontece quando existe algum erro tabular complexo na descri\u00e7\u00e3o do im\u00f3vel.<\/span><\/p>\n<p><span style=\"font-family: arial, helvetica, sans-serif; font-size: 20px; color: #000000;\">Com isso, n\u00e3o sendo poss\u00edvel a resolu\u00e7\u00e3o pela via extrajudicial, a via judicial \u00e9 exercida.<\/span><\/p>\n<p><span style=\"font-family: arial, helvetica, sans-serif; font-size: 20px; color: #000000;\">Na realidade, \u00e9 importante que voc\u00ea saiba que n\u00e3o existe diferen\u00e7a de poder entre o juiz e o profissional de registro. Sendo que o profissional de registro possui uma capacidade maior do que o juiz de resolver os problemas inerentes a <strong>retifica\u00e7\u00e3o de \u00e1rea<\/strong>.<\/span><\/p>\n<p><span style=\"font-family: arial, helvetica, sans-serif; font-size: 20px; color: #000000;\">Isso porque diferentemente do Juiz, o profissional de registro \u00e9 um t\u00e9cnico especializado nas atividades inerentes ao registro de im\u00f3veis.<\/span><\/p>\n<p><span style=\"font-family: arial, helvetica, sans-serif; font-size: 20px; color: #000000;\">Ou seja, voc\u00ea sempre deve primeiramente buscar a via extrajudicial e, somente se n\u00e3o tiver outra sa\u00edda, recorrer para a via judicial.<\/span><\/p>\n<p>&nbsp;<\/p>\n<h2 style=\"text-align: center;\"><strong><span style=\"font-family: arial, helvetica, sans-serif; font-size: 24px; color: #000000;\">Retifica\u00e7\u00e3o de \u00e1rea rural extrajudicial<\/span><\/strong><\/h2>\n<p><span style=\"font-size: 20px; color: #000000;\"><img decoding=\"async\" class=\"aligncenter size-large wp-image-18930\" src=\"https:\/\/adenilsongiovanini.com.br\/blog\/wp-content\/uploads\/2020\/12\/retificacao-de-area-extrajudicial-1024x683.jpg\" alt=\"retifica\u00e7\u00e3o de \u00e1rea rural extrajudicial\" width=\"1024\" height=\"683\" srcset=\"https:\/\/adenilsongiovanini.com.br\/blog\/wp-content\/uploads\/2020\/12\/retificacao-de-area-extrajudicial-1024x683.jpg 1024w, https:\/\/adenilsongiovanini.com.br\/blog\/wp-content\/uploads\/2020\/12\/retificacao-de-area-extrajudicial-300x200.jpg 300w, https:\/\/adenilsongiovanini.com.br\/blog\/wp-content\/uploads\/2020\/12\/retificacao-de-area-extrajudicial-768x512.jpg 768w, https:\/\/adenilsongiovanini.com.br\/blog\/wp-content\/uploads\/2020\/12\/retificacao-de-area-extrajudicial-1536x1024.jpg 1536w, https:\/\/adenilsongiovanini.com.br\/blog\/wp-content\/uploads\/2020\/12\/retificacao-de-area-extrajudicial-2048x1365.jpg 2048w, https:\/\/adenilsongiovanini.com.br\/blog\/wp-content\/uploads\/2020\/12\/retificacao-de-area-extrajudicial-320x213.jpg 320w, https:\/\/adenilsongiovanini.com.br\/blog\/wp-content\/uploads\/2020\/12\/retificacao-de-area-extrajudicial-640x427.jpg 640w, https:\/\/adenilsongiovanini.com.br\/blog\/wp-content\/uploads\/2020\/12\/retificacao-de-area-extrajudicial-360x240.jpg 360w, https:\/\/adenilsongiovanini.com.br\/blog\/wp-content\/uploads\/2020\/12\/retificacao-de-area-extrajudicial-720x480.jpg 720w, https:\/\/adenilsongiovanini.com.br\/blog\/wp-content\/uploads\/2020\/12\/retificacao-de-area-extrajudicial-1080x720.jpg 1080w, https:\/\/adenilsongiovanini.com.br\/blog\/wp-content\/uploads\/2020\/12\/retificacao-de-area-extrajudicial-800x533.jpg 800w, https:\/\/adenilsongiovanini.com.br\/blog\/wp-content\/uploads\/2020\/12\/retificacao-de-area-extrajudicial-1280x853.jpg 1280w\" sizes=\"(max-width: 1024px) 100vw, 1024px\" \/><\/span><\/p>\n<p><span style=\"font-family: arial, helvetica, sans-serif; font-size: 20px; color: #000000;\">A<strong> retifica\u00e7\u00e3o de \u00e1rea extrajudicial<\/strong> \u00e9 o caminho normalmente seguido pelos processos de retifica\u00e7\u00e3o. Isso porque \u00e9 muito mais r\u00e1pido, demorando em torno de 3 meses.<\/span><\/p>\n<p><span style=\"color: #000000;\"><span style=\"font-family: arial, helvetica, sans-serif; font-size: 20px;\">Isso quando a retifica\u00e7\u00e3o judicial pode demorar de 3 a 5 anos. <\/span><span style=\"font-family: arial, helvetica, sans-serif; font-size: 20px;\">Por causa disso, neste artigo focaremos na <strong>retifica\u00e7\u00e3o de \u00e1rea rural extrajudicial<\/strong>.<\/span><\/span><\/p>\n<p>&nbsp;<\/p>\n<h3 style=\"text-align: center;\"><span style=\"color: #000000;\"><strong><span style=\"font-family: arial, helvetica, sans-serif; font-size: 20px;\">Estudo de caso a respeito da retifica\u00e7\u00e3o de \u00e1rea<\/span><\/strong><\/span><\/h3>\n<p><img decoding=\"async\" src=\"https:\/\/adenilsongiovanini.com.br\/blog\/wp-content\/uploads\/2021\/10\/inventario-de-area-georreferenciada-780x472.png\" alt=\"Estudo de caso a respeito da retifica\u00e7\u00e3o de \u00e1rea\" width=\"750\" height=\"454\" class=\"aligncenter size-large wp-image-25993\" srcset=\"https:\/\/adenilsongiovanini.com.br\/blog\/wp-content\/uploads\/2021\/10\/inventario-de-area-georreferenciada-780x472.png 780w, https:\/\/adenilsongiovanini.com.br\/blog\/wp-content\/uploads\/2021\/10\/inventario-de-area-georreferenciada-300x181.png 300w, https:\/\/adenilsongiovanini.com.br\/blog\/wp-content\/uploads\/2021\/10\/inventario-de-area-georreferenciada-768x464.png 768w, https:\/\/adenilsongiovanini.com.br\/blog\/wp-content\/uploads\/2021\/10\/inventario-de-area-georreferenciada-1536x929.png 1536w, https:\/\/adenilsongiovanini.com.br\/blog\/wp-content\/uploads\/2021\/10\/inventario-de-area-georreferenciada.png 1796w\" sizes=\"(max-width: 750px) 100vw, 750px\" \/><\/p>\n<p><span style=\"font-family: arial, helvetica, sans-serif; font-size: 20px; color: #000000;\">Imagine a seguinte situa\u00e7\u00e3o, voc\u00ea possui um lote que tem 10 metros de testada por 50 metros de comprimento.<\/span><\/p>\n<p><span style=\"font-family: arial, helvetica, sans-serif; font-size: 20px; color: #000000;\">O problema \u00e9 que no registro de im\u00f3veis, este mesmo lote aparece como tendo 10 metros de testada por 25 metros de comprimento.<\/span><\/p>\n<p><span style=\"font-family: arial, helvetica, sans-serif; font-size: 20px; color: #000000;\">Diante disso a pergunta que fica \u00e9:<\/span><\/p>\n<p><span style=\"font-family: arial, helvetica, sans-serif; font-size: 20px; color: #000000;\"><strong>Qual destes valores est\u00e1 certo?<\/strong><\/span><\/p>\n<p><span style=\"font-family: arial, helvetica, sans-serif; font-size: 20px; color: #000000;\">Se voc\u00ea pegar<span style=\"color: #0000ff;\"><a style=\"color: #0000ff;\" href=\"https:\/\/adenilsongiovanini.com.br\/blog\/imagens-de-satelite-de-alta-resolucao-gratuitas\/\"> imagens de sat\u00e9lite<\/a><\/span> imageadas 40 anos atr\u00e1s e imagens atuais, perceber\u00e1 que em ambas o lote aparece como tendo o tamanho existente in loco.<\/span><\/p>\n<p><span style=\"color: #000000;\"><span style=\"font-family: arial, helvetica, sans-serif; font-size: 20px;\">Ou seja, a 40 anos atr\u00e1s o mesmo j\u00e1 possu\u00eda 10 metros de testada por 50 metros de comprimento. <\/span><span style=\"font-family: arial, helvetica, sans-serif; font-size: 20px;\">Esta \u00e9 a <strong>realidade f\u00edsica do im\u00f3vel<\/strong>. Caso um perito fa\u00e7a uma per\u00edcia ir\u00e1 apresentar estas evid\u00eancias. <\/span><\/span><\/p>\n<p><span style=\"color: #000000;\"><span style=\"font-family: arial, helvetica, sans-serif; font-size: 20px;\">O problema \u00e9 que para o registro de im\u00f3veis o que interessa \u00e9 a <strong>realidade jur\u00eddica<\/strong> e n\u00e3o a realidade f\u00edsica. <\/span><span style=\"font-family: arial, helvetica, sans-serif; font-size: 20px;\">Isso porque a \u00fanica coisa que a realidade f\u00edsica prova \u00e9 que esta pessoa utiliza esta fra\u00e7\u00e3o de terras a pelo menos 40 anos.<\/span><\/span><\/p>\n<p><span style=\"font-family: arial, helvetica, sans-serif; font-size: 20px; color: #000000;\">Uma an\u00e1lise jur\u00eddica detalhada ir\u00e1 mostrar que na realidade, a mesma agiu de forma criminosa, <span style=\"color: #0000ff;\"><a href=\"https:\/\/adenilsongiovanini.com.br\/blog\/loteamento-livro-o-livro-definitivo\/\" style=\"color: #0000ff;\">anexando o lote<\/a><\/span> existente nos fundos do seu lote.<\/span><\/p>\n<p><span style=\"font-family: arial, helvetica, sans-serif; font-size: 20px; color: #000000;\">Este exemplo adaptado a partir do livro \u201c<span style=\"color: #0000ff;\"><a style=\"color: #0000ff;\" href=\"https:\/\/www.amazon.com.br\/Registro-Im%C3%B3veis-Retifica%C3%A7%C3%A3o-Georreferenciamento-Fundamento\/dp\/8502181025\"><em>Registro de im\u00f3veis, retifica\u00e7\u00e3o de registro e georreferenciamento: Fundamento e pr\u00e1tica<\/em><\/a><\/span>\u201d do hesdrime Eduardo Augusto, mostra bem a import\u00e2ncia da realidade jur\u00eddica.<\/span><\/p>\n<p><span style=\"font-family: arial, helvetica, sans-serif; font-size: 20px; color: #000000;\">Perceba que a correta an\u00e1lise do documental existente \u00e9 o melhor caminho para se ter o <span style=\"color: #0000ff;\"><a href=\"https:\/\/adenilsongiovanini.com.br\/blog\/posse-e-propriedade-diferenca\/\" style=\"color: #0000ff;\">direito \u00e0 propriedade<\/a><\/span> garantido. <\/span><\/p>\n<p>&nbsp;<\/p>\n<h2 style=\"text-align: center;\"><strong><span style=\"font-size: 24px; font-family: arial, helvetica, sans-serif; color: #000000;\">Os 4 tipos de retifica\u00e7\u00e3o de \u00e1rea extrajudicial existentes<\/span><\/strong><\/h2>\n<p><span style=\"font-size: 20px; color: #000000;\"><img decoding=\"async\" class=\"aligncenter wp-image-1236 size-large\" src=\"https:\/\/adenilsongiovanini.com.br\/blog\/wp-content\/uploads\/2017\/12\/retifica\u00e7\u00e3o-de-\u00e1rea-780x407.png\" alt=\"retifica\u00e7\u00e3o de \u00e1rea - os 4 tipos\" width=\"780\" height=\"407\" srcset=\"https:\/\/adenilsongiovanini.com.br\/blog\/wp-content\/uploads\/2017\/12\/retifica\u00e7\u00e3o-de-\u00e1rea-780x407.png 780w, https:\/\/adenilsongiovanini.com.br\/blog\/wp-content\/uploads\/2017\/12\/retifica\u00e7\u00e3o-de-\u00e1rea-300x156.png 300w, https:\/\/adenilsongiovanini.com.br\/blog\/wp-content\/uploads\/2017\/12\/retifica\u00e7\u00e3o-de-\u00e1rea-768x400.png 768w, https:\/\/adenilsongiovanini.com.br\/blog\/wp-content\/uploads\/2017\/12\/retifica\u00e7\u00e3o-de-\u00e1rea.png 1153w\" sizes=\"(max-width: 780px) 100vw, 780px\" \/><\/span><\/p>\n<p><span style=\"font-family: arial, helvetica, sans-serif; font-size: 20px; color: #000000;\">Quanto a <strong>retifica\u00e7\u00e3o de \u00e1rea rural<\/strong> extrajudicial, neste artigo me deterei em mostrar quais s\u00e3o os 4 tipos de retifica\u00e7\u00e3o de \u00e1rea extrajudicial existentes.<\/span><\/p>\n<p class=\"theme-heading social-share-title\" style=\"text-align: center;\"><span style=\"font-family: arial, helvetica, sans-serif; font-size: 20px; color: #000000;\">Caso deseje aprender mais sobre o tema, aconselho que voc\u00ea conhe\u00e7a o <span style=\"color: #0000ff;\"><a href=\"https:\/\/adenilsongiovanini.com.br\/blog\/curso-para-georreferenciamento\/\" style=\"color: #0000ff;\">M\u00e9todo Georreferenciamento Sem Mist\u00e9rios<\/a><\/span>. O mesmo \u00e9 o<strong> mais completo curso de georreferenciamento<\/strong> de im\u00f3veis rurais do Brasil.<\/span><\/p>\n<p><img decoding=\"async\" src=\"https:\/\/adenilsongiovanini.com.br\/blog\/wp-content\/uploads\/2022\/06\/georreferenciamento-sem-misterios-780x610.png\" alt=\"\" width=\"750\" height=\"587\" class=\"aligncenter wp-image-30737 size-large\" srcset=\"https:\/\/adenilsongiovanini.com.br\/blog\/wp-content\/uploads\/2022\/06\/georreferenciamento-sem-misterios-780x610.png 780w, https:\/\/adenilsongiovanini.com.br\/blog\/wp-content\/uploads\/2022\/06\/georreferenciamento-sem-misterios-300x235.png 300w, https:\/\/adenilsongiovanini.com.br\/blog\/wp-content\/uploads\/2022\/06\/georreferenciamento-sem-misterios-768x601.png 768w, https:\/\/adenilsongiovanini.com.br\/blog\/wp-content\/uploads\/2022\/06\/georreferenciamento-sem-misterios.png 1274w\" sizes=\"(max-width: 750px) 100vw, 750px\" \/><\/p>\n<p><span style=\"font-family: arial, helvetica, sans-serif; font-size: 20px; color: #000000;\"><span style=\"color: #0000ff;\"><a href=\"https:\/\/adenilsongiovanini.com.br\/metodo-georref-sem-misterios\/\" style=\"color: #0000ff;\">Acesse este link<\/a><\/span> e conhe\u00e7a melhor o mesmo.<\/span><\/p>\n<p>&nbsp;<\/p>\n<p>&nbsp;<\/p>\n<h3 style=\"text-align: center;\"><strong><span style=\"font-family: arial, helvetica, sans-serif; font-size: 20px; color: #000000;\">Retifica\u00e7\u00e3o de of\u00edcio <\/span><\/strong><\/h3>\n<p><span style=\"font-family: arial, helvetica, sans-serif; font-size: 20px; color: #000000;\">Este \u00e9 o primeiro dos 4 tipos de retifica\u00e7\u00e3o de \u00e1rea extrajudicial existentes.<\/span><\/p>\n<p><span style=\"font-family: arial, helvetica, sans-serif; font-size: 20px; color: #000000;\">Sempre que o profissional de registro perceber a exist\u00eancia de algum erro na matr\u00edcula, deve proceder a retifica\u00e7\u00e3o de of\u00edcio.<\/span><\/p>\n<p><span style=\"font-family: arial, helvetica, sans-serif; font-size: 20px; color: #000000;\">Como exemplos de retifica\u00e7\u00e3o de \u00e1rea por of\u00edcio temos:<\/span><\/p>\n<ul>\n<li><span style=\"font-family: arial, helvetica, sans-serif; font-size: 20px; color: #000000;\">O nome do propriet\u00e1rio do im\u00f3vel ou do conjugue possui algum problema;<\/span><\/li>\n<li><span style=\"font-family: arial, helvetica, sans-serif; font-size: 20px; color: #000000;\">Uma rua lindeira ao im\u00f3vel teve seu nome mudado;<\/span><\/li>\n<li><span style=\"font-family: arial, helvetica, sans-serif; font-size: 20px; color: #000000;\">Um im\u00f3vel lindeiro foi <a style=\"color: #000000;\" href=\"https:\/\/adenilsongiovanini.com.br\/blog\/desmembramento-de-imovel-em-cartorio\/\">desmembrado<\/a>, recebendo um novo confrontante.<\/span><\/li>\n<\/ul>\n<p><span style=\"font-family: arial, helvetica, sans-serif; font-size: 20px; color: #000000;\">Nestes casos, n\u00e3o tem porque o profissional de registro chamar o dono da propriedade at\u00e9 o cart\u00f3rio somente para mudar estas informa\u00e7\u00f5es.<\/span><\/p>\n<p><span style=\"font-family: arial, helvetica, sans-serif; font-size: 20px; color: #000000;\">\u00c9 exatamente esta caracter\u00edstica que define a retifica\u00e7\u00e3o de oficio, qualquer corre\u00e7\u00e3o, a qual o profissional de registro possa fazer, sem que o mesmo precise recorrer ao propriet\u00e1rio ou ao <span style=\"color: #0000ff;\"><a href=\"https:\/\/pt.wikipedia.org\/wiki\/Agrimensura\" style=\"color: #0000ff;\">Agrimensor<\/a><\/span>.<\/span><\/p>\n<p>&nbsp;<\/p>\n<h3 style=\"text-align: center;\"><span style=\"font-family: arial, helvetica, sans-serif; font-size: 20px; color: #000000;\"><strong>Retifica\u00e7\u00e3o de \u00e1rea rural &#8211; Retifica\u00e7\u00e3o por simples requerimento<\/strong><\/span><\/h3>\n<p><span style=\"color: #000000;\"><img decoding=\"async\" class=\"aligncenter wp-image-20710\" src=\"https:\/\/adenilsongiovanini.com.br\/blog\/wp-content\/uploads\/2021\/06\/requerimento-para-a-retificacao-e-registro-imobiliario.png\" alt=\"requerimento para retifica\u00e7\u00e3o de \u00e1rea\" width=\"780\" height=\"780\" srcset=\"https:\/\/adenilsongiovanini.com.br\/blog\/wp-content\/uploads\/2021\/06\/requerimento-para-a-retificacao-e-registro-imobiliario.png 828w, https:\/\/adenilsongiovanini.com.br\/blog\/wp-content\/uploads\/2021\/06\/requerimento-para-a-retificacao-e-registro-imobiliario-300x300.png 300w, https:\/\/adenilsongiovanini.com.br\/blog\/wp-content\/uploads\/2021\/06\/requerimento-para-a-retificacao-e-registro-imobiliario-150x150.png 150w, https:\/\/adenilsongiovanini.com.br\/blog\/wp-content\/uploads\/2021\/06\/requerimento-para-a-retificacao-e-registro-imobiliario-768x768.png 768w, https:\/\/adenilsongiovanini.com.br\/blog\/wp-content\/uploads\/2021\/06\/requerimento-para-a-retificacao-e-registro-imobiliario-320x320.png 320w, https:\/\/adenilsongiovanini.com.br\/blog\/wp-content\/uploads\/2021\/06\/requerimento-para-a-retificacao-e-registro-imobiliario-640x640.png 640w, https:\/\/adenilsongiovanini.com.br\/blog\/wp-content\/uploads\/2021\/06\/requerimento-para-a-retificacao-e-registro-imobiliario-360x360.png 360w, https:\/\/adenilsongiovanini.com.br\/blog\/wp-content\/uploads\/2021\/06\/requerimento-para-a-retificacao-e-registro-imobiliario-720x720.png 720w, https:\/\/adenilsongiovanini.com.br\/blog\/wp-content\/uploads\/2021\/06\/requerimento-para-a-retificacao-e-registro-imobiliario-800x800.png 800w\" sizes=\"(max-width: 780px) 100vw, 780px\" \/><\/span><\/p>\n<p><span style=\"font-family: arial, helvetica, sans-serif; font-size: 20px; color: #000000;\">A \u00fanica diferen\u00e7a entre a <strong>retifica\u00e7\u00e3o por of\u00edcio<\/strong> e a <span style=\"color: #0000ff;\"><a style=\"color: #0000ff;\" href=\"http:\/\/www.lamanapaiva.com.br\/banco_arquivos\/RETIFICACOES_CONSENSUAIS.pdf\">retifica\u00e7\u00e3o por simples requerimento<\/a> <\/span>\u00e9 que em algumas situa\u00e7\u00f5es, o propriet\u00e1rio precisar\u00e1 comparecer junto ao registro de im\u00f3veis.<\/span><\/p>\n<p><span style=\"font-family: arial, helvetica, sans-serif; font-size: 20px; color: #000000;\">Nestes casos, ser\u00e1 realizada a retifica\u00e7\u00e3o de \u00e1rea por simples requerimento.<\/span><\/p>\n<p><span style=\"color: #000000;\"><span style=\"font-family: arial, helvetica, sans-serif; font-size: 20px;\">Um exemplo deste tipo de retifica\u00e7\u00e3o \u00e9 quando que o profissional de registro se depara com 2 nomes parecidos. <\/span><span style=\"font-family: arial, helvetica, sans-serif; font-size: 20px;\">Por exemplo, ele percebe que existe uma <span style=\"color: #0000ff;\"><a href=\"https:\/\/adenilsongiovanini.com.br\/blog\/matricula-imovel-o-que-e-e-sua-estrutura\/\" style=\"color: #0000ff;\">matr\u00edcula<\/a><\/span> em nome do senhor Jo\u00e3o da Silva e, certo dia, se depara com o nome Jo\u00e3o da Silva Junior.<\/span><\/span><\/p>\n<p><span style=\"font-family: arial, helvetica, sans-serif; font-size: 20px; color: #000000;\">Nesta situa\u00e7\u00e3o especifica, o profissional de registro fica em d\u00favida se o nome do propriet\u00e1rio \u00e9 Jo\u00e3o da Silva ou Jo\u00e3o da Silva Junior.<\/span><\/p>\n<p><span style=\"font-family: arial, helvetica, sans-serif; font-size: 20px; color: #000000;\">Diante disso, o mesmo encaminhar\u00e1 um requerimento para que o propriet\u00e1rio do im\u00f3vel compare\u00e7a ao cart\u00f3rio, com intuito de verificar se a <span style=\"color: #0000ff;\"><a href=\"https:\/\/adenilsongiovanini.com.br\/blog\/matricula-do-imovel-o-que-e-e-qual-sua-estrutura\/\" style=\"color: #0000ff;\">matr\u00edcula<\/a><\/span> apresenta um erro que precise ser retificado, ou se realmente existem 2 pessoas com nomes parecidos.<\/span><\/p>\n<p>&nbsp;<\/p>\n<h3 style=\"text-align: center;\"><span style=\"font-family: arial, helvetica, sans-serif; font-size: 20px; color: #000000;\"><strong>Retifica\u00e7\u00e3o de \u00e1rea por procedimento sum\u00e1rio<\/strong><\/span><\/h3>\n<p><span style=\"color: #000000;\"><img decoding=\"async\" class=\"aligncenter wp-image-5845 size-large\" src=\"https:\/\/adenilsongiovanini.com.br\/blog\/wp-content\/uploads\/2020\/03\/retifica\u00e7\u00e3o-de-\u00e1rea-780x426.png\" alt=\"retifica\u00e7\u00e3o de \u00e1rea por procedimento sum\u00e1rio\" width=\"780\" height=\"426\" srcset=\"https:\/\/adenilsongiovanini.com.br\/blog\/wp-content\/uploads\/2020\/03\/retifica\u00e7\u00e3o-de-\u00e1rea-780x426.png 780w, https:\/\/adenilsongiovanini.com.br\/blog\/wp-content\/uploads\/2020\/03\/retifica\u00e7\u00e3o-de-\u00e1rea-300x164.png 300w, https:\/\/adenilsongiovanini.com.br\/blog\/wp-content\/uploads\/2020\/03\/retifica\u00e7\u00e3o-de-\u00e1rea-768x419.png 768w, https:\/\/adenilsongiovanini.com.br\/blog\/wp-content\/uploads\/2020\/03\/retifica\u00e7\u00e3o-de-\u00e1rea.png 835w\" sizes=\"(max-width: 780px) 100vw, 780px\" \/><\/span><\/p>\n<p><span style=\"font-family: arial, helvetica, sans-serif; font-size: 20px; color: #000000;\">Este tipo de retifica\u00e7\u00e3o de \u00e1rea \u00e9 necess\u00e1rio sempre que houver mudan\u00e7a nos dados tabulares da propriedade.<\/span><\/p>\n<p><span style=\"font-family: arial, helvetica, sans-serif; font-size: 20px; color: #000000;\">Como exemplos de dados tabulares temos:<\/span><\/p>\n<ul>\n<li><span style=\"font-family: arial, helvetica, sans-serif; font-size: 20px; color: #000000;\">Dist\u00e2ncias;<\/span><\/li>\n<li><span style=\"font-family: arial, helvetica, sans-serif; font-size: 20px; color: #000000;\">Mudan\u00e7a de \u00e2ngulo de deflex\u00e3o;<\/span><\/li>\n<\/ul>\n<p>&nbsp;<\/p>\n<p><span style=\"font-family: arial, helvetica, sans-serif; font-size: 20px; color: #000000;\">Sempre que o <span style=\"color: #0000ff;\"><a href=\"https:\/\/www.dicio.com.br\/tabeliao\/\" style=\"color: #0000ff;\">tabeli\u00e3o<\/a><\/span> desconfiar que algum dado tabular esteja errado, entrar\u00e1 em contato com o agrimensor que fez o levantamento dos dados.<\/span><\/p>\n<p><span style=\"font-family: arial, helvetica, sans-serif; font-size: 20px; color: #000000;\">Isso \u00e9 necess\u00e1rio porque o profissional de registro entende muito a respeito da legisla\u00e7\u00e3o pertinente, por\u00e9m n\u00e3o domina a parte matem\u00e1tica.<\/span><\/p>\n<p><span style=\"font-family: arial, helvetica, sans-serif; font-size: 20px; color: #000000;\">Desta forma, o agrimensor \u00e9 o profissional com os conhecimentos matem\u00e1ticos necess\u00e1rios para fazer os c\u00e1lculos e as verifica\u00e7\u00f5es necess\u00e1rias.<\/span><\/p>\n<p><span style=\"font-family: arial, helvetica, sans-serif; font-size: 20px; color: #000000;\">A outra situa\u00e7\u00e3o na qual se faz necess\u00e1ria a retifica\u00e7\u00e3o de \u00e1rea por procedimento sum\u00e1rio \u00e9 quando que n\u00f3s, agrimensores cometermos algum erro.<\/span><\/p>\n<p><span style=\"font-family: arial, helvetica, sans-serif; font-size: 20px; color: #000000;\">Por exemplo, o nosso amigo Jo\u00e3o \u00e9 agrimensor e ao trabalhar em um processo de desmembramento, o mesmo sem querer transcreveu a dist\u00e2ncia entre 2 v\u00e9rtices da propriedade de maneira errada na <span style=\"color: #0000ff;\"><a style=\"color: #0000ff;\" href=\"https:\/\/adenilsongiovanini.com.br\/blog\/matricula-de-imovel\/\">matr\u00edcula<\/a><\/span> e no <span style=\"color: #0000ff;\"><a style=\"color: #0000ff;\" href=\"https:\/\/adenilsongiovanini.com.br\/blog\/memorial-descritivo-levantamento-topografico\/\">memorial descritivo<\/a><\/span>.<\/span><\/p>\n<p><span style=\"font-family: arial, helvetica, sans-serif; font-size: 20px; color: #000000;\">A dist\u00e2ncia era de 122,58 metros, sendo que o mesmo distraidamente colocou 102,58 metros. <\/span><\/p>\n<p><span style=\"font-family: arial, helvetica, sans-serif; font-size: 20px; color: #000000;\">Neste caso ou em qualquer outra situa\u00e7\u00e3o que envolva erro tabular, o agrimensor precisar\u00e1 dirigir-se at\u00e9 o registro de im\u00f3veis munido de uma nova <span style=\"color: #0000ff;\"><a style=\"color: #0000ff;\" href=\"https:\/\/adenilsongiovanini.com.br\/blog\/plantas-topograficas-saiba-isso-antes-de-produzir\/\">planta<\/a><\/span> e de um novo memorial descritivo e solicitar a retifica\u00e7\u00e3o.<\/span><\/p>\n<p>&nbsp;<\/p>\n<h3 style=\"text-align: center;\"><span style=\"font-family: arial, helvetica, sans-serif; font-size: 20px; color: #000000;\"><strong>Retifica\u00e7\u00e3o de \u00e1rea por procedimento ordin\u00e1rio<\/strong> <\/span><\/h3>\n<p><span style=\"color: #000000;\"><img decoding=\"async\" class=\"aligncenter wp-image-19363 size-large\" src=\"https:\/\/adenilsongiovanini.com.br\/blog\/wp-content\/uploads\/2021\/04\/retificacao-aumento-de-area-780x427.png\" alt=\"retifica\u00e7\u00e3o aumento de \u00e1rea\" width=\"780\" height=\"427\" srcset=\"https:\/\/adenilsongiovanini.com.br\/blog\/wp-content\/uploads\/2021\/04\/retificacao-aumento-de-area-780x427.png 780w, https:\/\/adenilsongiovanini.com.br\/blog\/wp-content\/uploads\/2021\/04\/retificacao-aumento-de-area-300x164.png 300w, https:\/\/adenilsongiovanini.com.br\/blog\/wp-content\/uploads\/2021\/04\/retificacao-aumento-de-area-768x421.png 768w, https:\/\/adenilsongiovanini.com.br\/blog\/wp-content\/uploads\/2021\/04\/retificacao-aumento-de-area-1024x561.png 1024w, https:\/\/adenilsongiovanini.com.br\/blog\/wp-content\/uploads\/2021\/04\/retificacao-aumento-de-area-320x175.png 320w, https:\/\/adenilsongiovanini.com.br\/blog\/wp-content\/uploads\/2021\/04\/retificacao-aumento-de-area-640x350.png 640w, https:\/\/adenilsongiovanini.com.br\/blog\/wp-content\/uploads\/2021\/04\/retificacao-aumento-de-area-360x197.png 360w, https:\/\/adenilsongiovanini.com.br\/blog\/wp-content\/uploads\/2021\/04\/retificacao-aumento-de-area-720x394.png 720w, https:\/\/adenilsongiovanini.com.br\/blog\/wp-content\/uploads\/2021\/04\/retificacao-aumento-de-area-1080x591.png 1080w, https:\/\/adenilsongiovanini.com.br\/blog\/wp-content\/uploads\/2021\/04\/retificacao-aumento-de-area-800x438.png 800w, https:\/\/adenilsongiovanini.com.br\/blog\/wp-content\/uploads\/2021\/04\/retificacao-aumento-de-area.png 1218w\" sizes=\"(max-width: 780px) 100vw, 780px\" \/><\/span><\/p>\n<p><span style=\"font-family: arial, helvetica, sans-serif; font-size: 20px; color: #000000;\">Este tipo de <span style=\"color: #0000ff;\"><a href=\"https:\/\/adenilsongiovanini.com.br\/blog\/retificacao-de-escritura-como-fazer\/\" style=\"color: #0000ff;\">retifica\u00e7\u00e3o<\/a><\/span> \u00e9 necess\u00e1ria sempre que existir a possibilidade do <a style=\"color: #000000;\" href=\"https:\/\/jus.com.br\/artigos\/27032\/direito-de-propriedade-funcao-social-e-limitacoes-constitucionais\">direito de propriedade<\/a> do confrontante ser prejudicado.<\/span><\/p>\n<p><span style=\"font-family: arial, helvetica, sans-serif; font-size: 20px; color: #000000;\">Nestes casos, os confrontantes devem anuir a retifica\u00e7\u00e3o.<\/span><\/p>\n<p><span style=\"font-family: arial, helvetica, sans-serif; font-size: 20px; color: #000000;\">Voc\u00ea tamb\u00e9m precisar\u00e1 emitir planta, memorial descritivo e ART, os quais devem terem o <span style=\"color: #0000ff;\"><a style=\"color: #0000ff;\" href=\"https:\/\/blog.juriscorrespondente.com.br\/reconhecimento-de-firma-o-que-e-e-como-pode-ser-feito\/#:~:text=J%C3%A1%20essa%20forma%20%C3%A9%20quando,ter%20o%20cart%C3%A3o%20de%20assinatura.\">reconhecimento de firma<\/a> <\/span>dos confrontantes.<\/span><\/p>\n<p><span style=\"font-family: arial, helvetica, sans-serif; font-size: 20px; color: #000000;\">Segue o chacklist com a estrutura b\u00e1sica necess\u00e1ria de <span style=\"color: #0000ff;\"><a href=\"https:\/\/adenilsongiovanini.com.br\/blog\/documentos-necessarios-para-retificacao-de-area\/\" style=\"color: #0000ff;\">documentos para a retifica\u00e7\u00e3o<\/a><\/span> por procedimento ordin\u00e1rio:<\/span><\/p>\n<ul>\n<li><span style=\"font-family: arial, helvetica, sans-serif; font-size: 20px; color: #000000;\">Requerimento de certifica\u00e7\u00e3o;<\/span><\/li>\n<li><span style=\"font-family: arial, helvetica, sans-serif; font-size: 20px; color: #000000;\">Certid\u00e3o atualizada da matr\u00edcula ou transcri\u00e7\u00e3o;<\/span><\/li>\n<li><span style=\"font-family: arial, helvetica, sans-serif; font-size: 20px; color: #000000;\">Laudo t\u00e9cnico do agrimensor;<\/span><\/li>\n<li><span style=\"font-family: arial, helvetica, sans-serif; font-size: 20px; color: #000000;\">Memorial descritivo;<\/span><\/li>\n<li><span style=\"font-family: arial, helvetica, sans-serif; font-size: 20px; color: #000000;\"><span style=\"color: #0000ff;\"><a style=\"color: #0000ff;\" href=\"https:\/\/adenilsongiovanini.com.br\/blog\/levantamento-topografico-planimetrico\/\">Levantamento planim\u00e9trico<\/a><\/span>;<\/span><\/li>\n<li><span style=\"font-family: arial, helvetica, sans-serif; font-size: 20px; color: #000000;\">Certid\u00f5es cadastrais e quaisquer outras provas que possam ajudar no processo, sejam estas provas fotos tiradas em diferentes \u00e9pocas, imagens de sat\u00e9lite, recibos, contratos, etc.<\/span><\/li>\n<\/ul>\n<p><span style=\"font-family: arial, helvetica, sans-serif; font-size: 20px; color: #000000;\">Enfim, qualquer outra coisa que sirva de prova.<\/span><\/p>\n<p><span style=\"font-family: arial, helvetica, sans-serif; font-size: 20px; color: #000000;\">Al\u00e9m disso, existem aquelas situa\u00e7\u00e3o nas quais algum confrontante mora em uma cidade distante ou em outro estado. <\/span><\/p>\n<p><span style=\"font-family: arial, helvetica, sans-serif; font-size: 20px; color: #000000;\">Com isso, torna-se invi\u00e1vel para o agrimensor ir at\u00e9 esta pessoa e, demorado o <span style=\"color: #0000ff;\"><a href=\"https:\/\/adenilsongiovanini.com.br\/curso-de-autocad-para-topografia\/\" style=\"color: #0000ff;\">envio da planta<\/a><\/span> e do memorial descritivo para a mesma via correios.<\/span><\/p>\n<p><span style=\"font-family: arial, helvetica, sans-serif; font-size: 20px; color: #000000;\">Nestes casos, o agrimensor deve enviar uma carta de <span style=\"color: #0000ff;\"><a href=\"https:\/\/adenilsongiovanini.com.br\/blog\/anuencia-georreferenciamento-precedimento\/\" style=\"color: #0000ff;\">anu\u00eancia<\/a><\/span> inequ\u00edvoca por e-mail ou por algum outro meio, para que o confrontante imprima, assine e lhe envie a mesma de volta pelos correios.<\/span><\/p>\n<p><span style=\"font-family: arial, helvetica, sans-serif; font-size: 20px; color: #000000;\">Segue um modelo de carta de anu\u00eancia inequ\u00edvoca para a retifica\u00e7\u00e3o de \u00e1rea.<\/span><\/p>\n<p><span style=\"font-size: 20px; color: #000000;\"><img decoding=\"async\" class=\"aligncenter size-full wp-image-18928\" src=\"https:\/\/adenilsongiovanini.com.br\/blog\/wp-content\/uploads\/2020\/12\/Carta-inequivoca.png\" alt=\"carta inequivoca\" width=\"518\" height=\"451\" srcset=\"https:\/\/adenilsongiovanini.com.br\/blog\/wp-content\/uploads\/2020\/12\/Carta-inequivoca.png 518w, https:\/\/adenilsongiovanini.com.br\/blog\/wp-content\/uploads\/2020\/12\/Carta-inequivoca-300x261.png 300w, https:\/\/adenilsongiovanini.com.br\/blog\/wp-content\/uploads\/2020\/12\/Carta-inequivoca-320x279.png 320w, https:\/\/adenilsongiovanini.com.br\/blog\/wp-content\/uploads\/2020\/12\/Carta-inequivoca-360x313.png 360w\" sizes=\"(max-width: 518px) 100vw, 518px\" \/><\/span><\/p>\n<p><span style=\"font-family: arial, helvetica, sans-serif; font-size: 20px; color: #000000;\">Um cuidado que voc\u00ea deve ter \u00e9 de, na carta de anu\u00eancia, colocar as coordenadas dos v\u00e9rtices da confronta\u00e7\u00e3o.<\/span><\/p>\n<p><span style=\"font-family: arial, helvetica, sans-serif; font-size: 20px; color: #000000;\">Isso porque este procedimento tornar\u00e1 a carta de anu\u00eancia inequ\u00edvoca.<\/span><\/p>\n<p><span style=\"font-family: arial, helvetica, sans-serif; font-size: 20px; color: #000000;\">Caso a mesma n\u00e3o possua estes dados, provavelmente o profissional do registro n\u00e3o aceitar\u00e1 a mesma.<\/span><\/p>\n<p>&nbsp;<\/p>\n<h2 style=\"text-align: center;\"><span style=\"font-family: arial, helvetica, sans-serif; font-size: 24px; color: #000000;\"><strong>Como proceder quando voc\u00ea n\u00e3o conseguir a assinatura <\/strong><strong>do confrontante<\/strong><\/span><\/h2>\n<p><span style=\"font-size: 20px; color: #000000;\"><img decoding=\"async\" class=\"aligncenter wp-image-1115 size-large\" src=\"https:\/\/adenilsongiovanini.com.br\/blog\/wp-content\/uploads\/2017\/12\/levantamento-topografico-d\u00favida-706x780.png\" alt=\"\" width=\"706\" height=\"780\" srcset=\"https:\/\/adenilsongiovanini.com.br\/blog\/wp-content\/uploads\/2017\/12\/levantamento-topografico-d\u00favida-706x780.png 706w, https:\/\/adenilsongiovanini.com.br\/blog\/wp-content\/uploads\/2017\/12\/levantamento-topografico-d\u00favida-271x300.png 271w, https:\/\/adenilsongiovanini.com.br\/blog\/wp-content\/uploads\/2017\/12\/levantamento-topografico-d\u00favida-768x849.png 768w, https:\/\/adenilsongiovanini.com.br\/blog\/wp-content\/uploads\/2017\/12\/levantamento-topografico-d\u00favida.png 1019w\" sizes=\"(max-width: 706px) 100vw, 706px\" \/><\/span><\/p>\n<p><span style=\"font-family: arial, helvetica, sans-serif; font-size: 20px; color: #000000;\">Caso voc\u00ea n\u00e3o consiga a assinatura de algum confrontante, pois:<\/span><\/p>\n<ul>\n<li><span style=\"font-family: arial, helvetica, sans-serif; font-size: 20px; color: #000000;\">N\u00e3o conseguiu entrar em contato com o mesmo;<\/span><\/li>\n<li><span style=\"font-family: arial, helvetica, sans-serif; font-size: 20px; color: #000000;\">Ou porque o mesmo se recusou a assinar a planta e o memorial descritivo.<\/span><\/li>\n<\/ul>\n<p><span style=\"font-family: arial, helvetica, sans-serif; font-size: 20px; color: #000000;\"> Deve reunir o <a style=\"color: #000000;\" href=\"https:\/\/pt.wikipedia.org\/wiki\/Dossi%C3%AA\">dossi\u00ea<\/a> com todos os demais documentos necess\u00e1rios e encaminhar-se at\u00e9 o tabelionato.<\/span><\/p>\n<p><span style=\"font-family: arial, helvetica, sans-serif; font-size: 20px; color: #000000;\">O profissional de registro ir\u00e1 entrar em contato com este confrontante, dando o prazo de 15 dias para o mesmo comparecer no tabelionato.<\/span><\/p>\n<p><span style=\"font-family: arial, helvetica, sans-serif; font-size: 20px; color: #000000;\">Diante disso, o confrontante possui apenas 3 op\u00e7\u00f5es:<\/span><\/p>\n<ul>\n<li><span style=\"font-family: arial, helvetica, sans-serif; font-size: 20px; color: #000000;\">Comparecer no tabelionato e anuir a retifica\u00e7\u00e3o;<\/span><\/li>\n<li><span style=\"font-family: arial, helvetica, sans-serif; font-size: 20px; color: #000000;\">N\u00e3o fazer nada e, neste caso, passados os 15 dias o profissional do registro entender\u00e1 que o confrontante concorda com a retifica\u00e7\u00e3o;<\/span><\/li>\n<li><span style=\"font-family: arial, helvetica, sans-serif; font-size: 20px; color: #000000;\">Apresentar uma impugna\u00e7\u00e3o fundamentada.<\/span><\/li>\n<\/ul>\n<p><span style=\"font-family: arial, helvetica, sans-serif; font-size: 20px; color: #000000;\">Caso o confrontante n\u00e3o seja encontrado, o profissional de registro ir\u00e1 colocar 2 not\u00edcias em um jornal de grande circula\u00e7\u00e3o, buscando informar o mesmo do processo de retifica\u00e7\u00e3o.<\/span><\/p>\n<p><span style=\"font-family: arial, helvetica, sans-serif; font-size: 20px; color: #000000;\">Se o confrontante n\u00e3o comparecer no tabelionato no prazo de 15 dias da publica\u00e7\u00e3o da primeira not\u00edcia, considera-se que o mesmo est\u00e1 ciente da retifica\u00e7\u00e3o de \u00e1rea e que concorda com a mesma.<\/span><\/p>\n<p><span style=\"font-family: arial, helvetica, sans-serif; font-size: 20px; color: #000000;\">Caso o confrontante apresente uma <a style=\"color: #000000;\" href=\"https:\/\/trilhante.com.br\/curso\/execucao-e-liquidacao-de-sentenca-no-processo-do-trabalho\/aula\/liquidacao-e-impugnacao-de-sentenca-1\">impugna\u00e7\u00e3o fundamentada<\/a>, o profissional de registro ir\u00e1 marcar uma reuni\u00e3o de concilia\u00e7\u00e3o entre ambas as partes. <\/span><\/p>\n<p><span style=\"font-family: arial, helvetica, sans-serif; font-size: 20px; color: #000000;\">Se mesmo ap\u00f3s esta reuni\u00e3o n\u00e3o houver acordo, o profissional de registro ir\u00e1 encaminhar a retifica\u00e7\u00e3o para a via judicial.<\/span><\/p>\n<p><span style=\"font-family: arial, helvetica, sans-serif; font-size: 20px; color: #000000;\">No v\u00eddeo do link abaixo eu explico melhor a tem\u00e1tica.<\/span><\/p>\n<p><center><iframe width=\"728\" height=\"410\" title=\"YouTube video player\" src=\"https:\/\/www.youtube.com\/embed\/Nw-Bn5h_vWs\" frameborder=\"0\" allowfullscreen=\"allowfullscreen\"><\/iframe><\/center><\/p>\n<p><span style=\"font-size: 20px; font-family: arial, helvetica, sans-serif; color: #000000; line-height: 1.3;\">Se voc\u00ea quer<strong> MERGULHAR FUNDO e aprender a prestar servi\u00e7os com grande velocidade e com seguran\u00e7a<\/strong>, <span style=\"color: #0000ff;\"><a style=\"color: #0000ff;\" href=\"https:\/\/adenilsongiovanini.com.br\/cursos-online\/\">acesse este link<\/a><\/span> e conhe\u00e7a os mesmos.<\/span>   <span style=\"color: #000000;\"><span style=\"font-size: 20px; font-family: arial, helvetica, sans-serif; line-height: 1.3;\">Entre eles, o <span style=\"color: #0000ff;\"><a style=\"color: #0000ff;\" href=\"https:\/\/adenilsongiovanini.com.br\/curso-de-autocad-para-topografia\/\" target=\"_blank\" rel=\"noopener noreferrer\">Curso de Confec\u00e7\u00e3o de Plantas Topogr\u00e1ficas<\/a><\/span>. <span style=\"color: #000000;\">Um <\/span><\/span><span style=\"font-size: 20px; font-family: arial, helvetica, sans-serif; line-height: 1.3;\">curso pr\u00e1tico <\/span><span style=\"font-size: 20px; font-family: arial, helvetica, sans-serif; line-height: 1.3;\">com o qual voc\u00ea vai <strong>aprender a produzir as 15 diferentes plantas produzidas em um escrit\u00f3rio de topografia<\/strong>.<\/span><\/span> <a href=\"https:\/\/adenilsongiovanini.com.br\/curso-de-autocad-para-topografia\/\" target=\"_blank\" rel=\"noopener noreferrer\"><img decoding=\"async\" class=\"aligncenter wp-image-31689\" src=\"https:\/\/adenilsongiovanini.com.br\/wp-content\/uploads\/2022\/07\/planta-de-topografia-1024x612.png\" alt=\"\" width=\"770\" height=\"460\" \/><\/a> <span style=\"font-family: arial, helvetica, sans-serif; font-size: 20px; color: #000000;\">Clique <a href=\"https:\/\/adenilsongiovanini.com.br\/curso-de-autocad-para-topografia\/\" target=\"_blank\" rel=\"noopener noreferrer\"><span style=\"color: #0000ff;\">neste link<\/span><\/a> e conhe\u00e7a melhor o mesmo.<\/span><\/p>\n<p>&nbsp;<\/p>\n<p><span style=\"font-family: arial, helvetica, sans-serif; font-size: 20px; color: #000000;\">Gratid\u00e3o por voc\u00ea ter lido o artigo. \ud83d\ude4f<\/span><\/p>\n<p>&nbsp;<\/p>\n<p>&nbsp;<\/p>\n<h2 style=\"text-align: center;\"><span style=\"font-family: arial, helvetica, sans-serif; color: #000000; font-size: 24px;\"><strong>Domine a Topografia Cadastral atrav\u00e9s de um livro formado por centenas de exemplos pr\u00e1ticos <\/strong><\/span><\/h2>\n<h2 style=\"text-align: center;\"><span style=\"font-size: 20px;\"><a href=\"https:\/\/adenilsongiovanini.com.br\/georreferenciamento-de-imoveis-rurais-na-pratica\/\" rel=\"nofollow noreferrer\"><img decoding=\"async\" class=\"aligncenter size-large wp-image-19317\" src=\"https:\/\/adenilsongiovanini.com.br\/blog\/wp-content\/uploads\/2021\/04\/livro-de-topografia-e-georreferenciamento-1024x474.png\" sizes=\"(max-width: 1024px) 100vw, 1024px\" srcset=\"https:\/\/adenilsongiovanini.com.br\/blog\/wp-content\/uploads\/2021\/04\/livro-de-topografia-e-georreferenciamento-1024x474.png 1024w, https:\/\/adenilsongiovanini.com.br\/blog\/wp-content\/uploads\/2021\/04\/livro-de-topografia-e-georreferenciamento-300x139.png 300w, https:\/\/adenilsongiovanini.com.br\/blog\/wp-content\/uploads\/2021\/04\/livro-de-topografia-e-georreferenciamento-768x355.png 768w, https:\/\/adenilsongiovanini.com.br\/blog\/wp-content\/uploads\/2021\/04\/livro-de-topografia-e-georreferenciamento-1536x711.png 1536w, https:\/\/adenilsongiovanini.com.br\/blog\/wp-content\/uploads\/2021\/04\/livro-de-topografia-e-georreferenciamento-320x148.png 320w, https:\/\/adenilsongiovanini.com.br\/blog\/wp-content\/uploads\/2021\/04\/livro-de-topografia-e-georreferenciamento-640x296.png 640w, https:\/\/adenilsongiovanini.com.br\/blog\/wp-content\/uploads\/2021\/04\/livro-de-topografia-e-georreferenciamento-360x167.png 360w, https:\/\/adenilsongiovanini.com.br\/blog\/wp-content\/uploads\/2021\/04\/livro-de-topografia-e-georreferenciamento-720x333.png 720w, https:\/\/adenilsongiovanini.com.br\/blog\/wp-content\/uploads\/2021\/04\/livro-de-topografia-e-georreferenciamento-1080x500.png 1080w, https:\/\/adenilsongiovanini.com.br\/blog\/wp-content\/uploads\/2021\/04\/livro-de-topografia-e-georreferenciamento-800x370.png 800w, https:\/\/adenilsongiovanini.com.br\/blog\/wp-content\/uploads\/2021\/04\/livro-de-topografia-e-georreferenciamento-1280x592.png 1280w, https:\/\/adenilsongiovanini.com.br\/blog\/wp-content\/uploads\/2021\/04\/livro-de-topografia-e-georreferenciamento.png 1565w\" alt=\"livro de topografia e georreferenciamento\" width=\"1024\" height=\"474\" \/><\/a><\/span><\/h2>\n<p><span style=\"font-family: arial, helvetica, sans-serif; font-size: 20px; color: #000000;\">Voc\u00ea quer dominar a Topografia Cadastral?<\/span><\/p>\n<p><span style=\"font-family: arial, helvetica, sans-serif; font-size: 20px; color: #000000;\">Ent\u00e3o eu tenho uma \u00f3tima noticia para voc\u00ea. Me refiro ao <span style=\"color: #0000ff;\"><a style=\"color: #0000ff;\" href=\"https:\/\/adenilsongiovanini.com.br\/georreferenciamento-de-imoveis-rurais-na-pratica\/\" rel=\"nofollow noreferrer\">livro Topografia Cadastral e Georreferenciamento de Im\u00f3veis Rurais na Pr\u00e1tica<\/a><\/span>.<\/span><\/p>\n<p><span style=\"font-size: 20px;\"><span style=\"font-family: arial, helvetica, sans-serif; color: #000000;\">O mesmo \u00e9 dividido em 10 cap\u00edtulos recheados com muitos estudos de caso e exemplos pr\u00e1ticos. D\u00ea uma espiadinha no sum\u00e1rio do mesmo:<\/span><\/span><\/p>\n<p>&nbsp;<\/p>\n<p><center><iframe width=\"99%\" height=\"980\" src=\"https:\/\/drive.google.com\/file\/d\/1HJ8fZz1PvPmftfXHJNFTvIBBzY_FZhPJ\/preview\"><span data-mce-type=\"bookmark\" style=\"display: inline-block; width: 0px; overflow: hidden; line-height: 0;\" class=\"mce_SELRES_start\">\ufeff<\/span><\/iframe><\/center><\/p>\n<p>&nbsp;<\/p>\n<p><span style=\"font-size: 20px;\"><span style=\"font-family: arial, helvetica, sans-serif; color: #000000;\">Para conhecer melhor a estrutura do livro, juntar-se a mais de 800 profissionais e adquirir sua c\u00f3pia \u00e9 s\u00f3 clicar no bot\u00e3o abaixo:<\/span><\/span><\/p>\n<p>&nbsp;<\/p>\n<p><span style=\"color: #000000; font-size: 20px;\"><div class=\"su-button-center\"><a href=\"https:\/\/adenilsongiovanini.com.br\/georreferenciamento-de-imoveis-rurais-na-pratica\/\" class=\"su-button su-button-style-3d\" style=\"color:#000000;background-color:#2BCC2F;border-color:#23a426;border-radius:9px\" target=\"_blank\" rel=\"nofollow\" id=\"1\"><span style=\"color:#000000;padding:0px 24px;font-size:18px;line-height:36px;border-color:#6bdc6e;border-radius:9px;text-shadow:0px 0px 0px #000000\"> \u279c Quero Conhecer Melhor o Livro, Pois Quero e Preciso Aprender Mais Sobre Legisla\u00e7\u00e3o Cadastral e Geo. de Im\u00f3veis Rurais<\/span><\/a><\/div><\/span><\/p>\n<p>&nbsp;<\/p>\n<p>&nbsp;<\/p>\n","protected":false},"excerpt":{"rendered":"<p>Voc\u00ea descobriu que cometeu um erro e precisa fazer uma retifica\u00e7\u00e3o de \u00e1rea junto ao registro de im\u00f3veis? N\u00e3o sabe exatamente como proceder e est\u00e1 com muito medo de ter que refazer o servi\u00e7o? Eu tenho uma boa noticia para voc\u00ea, voc\u00ea acabou de encontrar um artigo definitivo sobre o [&hellip;]<\/p>\n","protected":false},"author":1,"featured_media":20712,"comment_status":"closed","ping_status":"closed","sticky":false,"template":"","format":"standard","meta":{"_monsterinsights_skip_tracking":false,"_monsterinsights_sitenote_active":false,"_monsterinsights_sitenote_note":"","_monsterinsights_sitenote_category":0,"footnotes":""},"categories":[9],"tags":[],"class_list":["post-20709","post","type-post","status-publish","format-standard","has-post-thumbnail","hentry","category-topografia-cadastral"],"yoast_head":"<!-- This site is optimized with the Yoast SEO plugin v26.5 - https:\/\/yoast.com\/wordpress\/plugins\/seo\/ -->\n<title>Retifica\u00e7\u00e3o de \u00c1rea: Como Fazer? - Adenilson Giovanini<\/title>\n<meta name=\"description\" content=\"Descubra qual a diferen\u00e7a entre a retifica\u00e7\u00e3o de \u00e1rea judicial e extrajudicial e aprenda como proceder na retifica\u00e7\u00e3o de \u00e1rea extrajudicial.\" \/>\n<meta name=\"robots\" content=\"index, follow, max-snippet:-1, max-image-preview:large, max-video-preview:-1\" \/>\n<link rel=\"canonical\" href=\"https:\/\/adenilsongiovanini.com.br\/blog\/retificacao-de-area\/\" \/>\n<meta property=\"og:locale\" content=\"pt_BR\" \/>\n<meta property=\"og:type\" content=\"article\" \/>\n<meta property=\"og:title\" content=\"Retifica\u00e7\u00e3o de \u00c1rea: Como Fazer? - Adenilson Giovanini\" \/>\n<meta property=\"og:description\" content=\"Descubra qual a diferen\u00e7a entre a retifica\u00e7\u00e3o de \u00e1rea judicial e extrajudicial e aprenda como proceder na retifica\u00e7\u00e3o de \u00e1rea extrajudicial.\" \/>\n<meta property=\"og:url\" content=\"https:\/\/adenilsongiovanini.com.br\/blog\/retificacao-de-area\/\" \/>\n<meta property=\"og:site_name\" content=\"Adenilson Giovanini\" \/>\n<meta property=\"article:publisher\" content=\"https:\/\/www.facebook.com\/otopografo\/\" \/>\n<meta property=\"article:author\" content=\"https:\/\/www.facebook.com\/otopografo\/\" \/>\n<meta property=\"article:published_time\" content=\"2021-06-17T23:50:52+00:00\" \/>\n<meta property=\"article:modified_time\" content=\"2023-07-27T19:49:10+00:00\" \/>\n<meta property=\"og:image\" content=\"https:\/\/adenilsongiovanini.com.br\/blog\/wp-content\/uploads\/2021\/06\/retificacao-de-area.png\" \/>\n\t<meta property=\"og:image:width\" content=\"1218\" \/>\n\t<meta property=\"og:image:height\" content=\"667\" \/>\n\t<meta property=\"og:image:type\" content=\"image\/png\" \/>\n<meta name=\"author\" content=\"Adenilson Giovanini\" \/>\n<meta name=\"twitter:card\" content=\"summary_large_image\" \/>\n<meta name=\"twitter:label1\" content=\"Escrito por\" \/>\n\t<meta name=\"twitter:data1\" content=\"Adenilson Giovanini\" \/>\n\t<meta name=\"twitter:label2\" content=\"Est. tempo de leitura\" \/>\n\t<meta name=\"twitter:data2\" content=\"13 minutos\" \/>\n<script type=\"application\/ld+json\" class=\"yoast-schema-graph\">{\"@context\":\"https:\/\/schema.org\",\"@graph\":[{\"@type\":\"Article\",\"@id\":\"https:\/\/adenilsongiovanini.com.br\/blog\/retificacao-de-area\/#article\",\"isPartOf\":{\"@id\":\"https:\/\/adenilsongiovanini.com.br\/blog\/retificacao-de-area\/\"},\"author\":{\"name\":\"Adenilson Giovanini\",\"@id\":\"https:\/\/adenilsongiovanini.com.br\/blog\/#\/schema\/person\/9c1daa7da73c116aae2cb0568d1daa23\"},\"headline\":\"Retifica\u00e7\u00e3o de \u00c1rea: Como Fazer?\",\"datePublished\":\"2021-06-17T23:50:52+00:00\",\"dateModified\":\"2023-07-27T19:49:10+00:00\",\"mainEntityOfPage\":{\"@id\":\"https:\/\/adenilsongiovanini.com.br\/blog\/retificacao-de-area\/\"},\"wordCount\":1960,\"publisher\":{\"@id\":\"https:\/\/adenilsongiovanini.com.br\/blog\/#\/schema\/person\/9c1daa7da73c116aae2cb0568d1daa23\"},\"image\":{\"@id\":\"https:\/\/adenilsongiovanini.com.br\/blog\/retificacao-de-area\/#primaryimage\"},\"thumbnailUrl\":\"https:\/\/adenilsongiovanini.com.br\/blog\/wp-content\/uploads\/2021\/06\/retificacao-de-area.png\",\"articleSection\":[\"Topografia Cadastral\"],\"inLanguage\":\"pt-BR\"},{\"@type\":\"WebPage\",\"@id\":\"https:\/\/adenilsongiovanini.com.br\/blog\/retificacao-de-area\/\",\"url\":\"https:\/\/adenilsongiovanini.com.br\/blog\/retificacao-de-area\/\",\"name\":\"Retifica\u00e7\u00e3o de \u00c1rea: Como Fazer? - Adenilson Giovanini\",\"isPartOf\":{\"@id\":\"https:\/\/adenilsongiovanini.com.br\/blog\/#website\"},\"primaryImageOfPage\":{\"@id\":\"https:\/\/adenilsongiovanini.com.br\/blog\/retificacao-de-area\/#primaryimage\"},\"image\":{\"@id\":\"https:\/\/adenilsongiovanini.com.br\/blog\/retificacao-de-area\/#primaryimage\"},\"thumbnailUrl\":\"https:\/\/adenilsongiovanini.com.br\/blog\/wp-content\/uploads\/2021\/06\/retificacao-de-area.png\",\"datePublished\":\"2021-06-17T23:50:52+00:00\",\"dateModified\":\"2023-07-27T19:49:10+00:00\",\"description\":\"Descubra qual a diferen\u00e7a entre a retifica\u00e7\u00e3o de \u00e1rea judicial e extrajudicial e aprenda como proceder na retifica\u00e7\u00e3o de \u00e1rea extrajudicial.\",\"breadcrumb\":{\"@id\":\"https:\/\/adenilsongiovanini.com.br\/blog\/retificacao-de-area\/#breadcrumb\"},\"inLanguage\":\"pt-BR\",\"potentialAction\":[{\"@type\":\"ReadAction\",\"target\":[\"https:\/\/adenilsongiovanini.com.br\/blog\/retificacao-de-area\/\"]}]},{\"@type\":\"ImageObject\",\"inLanguage\":\"pt-BR\",\"@id\":\"https:\/\/adenilsongiovanini.com.br\/blog\/retificacao-de-area\/#primaryimage\",\"url\":\"https:\/\/adenilsongiovanini.com.br\/blog\/wp-content\/uploads\/2021\/06\/retificacao-de-area.png\",\"contentUrl\":\"https:\/\/adenilsongiovanini.com.br\/blog\/wp-content\/uploads\/2021\/06\/retificacao-de-area.png\",\"width\":1218,\"height\":667},{\"@type\":\"BreadcrumbList\",\"@id\":\"https:\/\/adenilsongiovanini.com.br\/blog\/retificacao-de-area\/#breadcrumb\",\"itemListElement\":[{\"@type\":\"ListItem\",\"position\":1,\"name\":\"Home\",\"item\":\"https:\/\/adenilsongiovanini.com.br\/blog\/\"},{\"@type\":\"ListItem\",\"position\":2,\"name\":\"Retifica\u00e7\u00e3o de \u00c1rea: Como Fazer?\"}]},{\"@type\":\"WebSite\",\"@id\":\"https:\/\/adenilsongiovanini.com.br\/blog\/#website\",\"url\":\"https:\/\/adenilsongiovanini.com.br\/blog\/\",\"name\":\"Adenilson Giovanini\",\"description\":\"Topografia e Geotecnologias\",\"publisher\":{\"@id\":\"https:\/\/adenilsongiovanini.com.br\/blog\/#\/schema\/person\/9c1daa7da73c116aae2cb0568d1daa23\"},\"potentialAction\":[{\"@type\":\"SearchAction\",\"target\":{\"@type\":\"EntryPoint\",\"urlTemplate\":\"https:\/\/adenilsongiovanini.com.br\/blog\/?s={search_term_string}\"},\"query-input\":{\"@type\":\"PropertyValueSpecification\",\"valueRequired\":true,\"valueName\":\"search_term_string\"}}],\"inLanguage\":\"pt-BR\"},{\"@type\":[\"Person\",\"Organization\"],\"@id\":\"https:\/\/adenilsongiovanini.com.br\/blog\/#\/schema\/person\/9c1daa7da73c116aae2cb0568d1daa23\",\"name\":\"Adenilson Giovanini\",\"image\":{\"@type\":\"ImageObject\",\"inLanguage\":\"pt-BR\",\"@id\":\"https:\/\/adenilsongiovanini.com.br\/blog\/#\/schema\/person\/image\/\",\"url\":\"https:\/\/adenilsongiovanini.com.br\/blog\/wp-content\/litespeed\/avatar\/be8f4de5c0b8a93c57a4f29cbf2f1e92.jpg?ver=1777130135\",\"contentUrl\":\"https:\/\/adenilsongiovanini.com.br\/blog\/wp-content\/litespeed\/avatar\/be8f4de5c0b8a93c57a4f29cbf2f1e92.jpg?ver=1777130135\",\"caption\":\"Adenilson Giovanini\"},\"logo\":{\"@id\":\"https:\/\/adenilsongiovanini.com.br\/blog\/#\/schema\/person\/image\/\"},\"description\":\"O Professor Adenilson Giovanini \u00e9 especialista em Topografia Cadastral e Georreferenciamento de Im\u00f3veis Rurais. O mesmo possui o Maior Site de Engenharia de Agrimensura do Brasil. Site este que tem mais de 102.000 visualiza\u00e7\u00f5es por m\u00eas. Tamb\u00e9m possui mais de 600 v\u00eddeos em seu canal no youtube. Al\u00e9m disso, \u00e9 escritor Best Seller, possuindo v\u00e1rios cursos e livros de sucesso.\",\"sameAs\":[\"http:\/\/adenilsongiovanini.com.br\",\"https:\/\/www.facebook.com\/otopografo\/\",\"https:\/\/www.instagram.com\/adenilson_giovanini\/\",\"https:\/\/www.linkedin.com\/in\/adenilson-giovanini-819b8035\/\",\"https:\/\/br.pinterest.com\/adenilsongiovanini\/\",\"https:\/\/www.youtube.com\/channel\/uce-br7ghiuog2txcsdx5vrw\"]}]}<\/script>\n<!-- \/ Yoast SEO plugin. -->","yoast_head_json":{"title":"Retifica\u00e7\u00e3o de \u00c1rea: Como Fazer? - Adenilson Giovanini","description":"Descubra qual a diferen\u00e7a entre a retifica\u00e7\u00e3o de \u00e1rea judicial e extrajudicial e aprenda como proceder na retifica\u00e7\u00e3o de \u00e1rea extrajudicial.","robots":{"index":"index","follow":"follow","max-snippet":"max-snippet:-1","max-image-preview":"max-image-preview:large","max-video-preview":"max-video-preview:-1"},"canonical":"https:\/\/adenilsongiovanini.com.br\/blog\/retificacao-de-area\/","og_locale":"pt_BR","og_type":"article","og_title":"Retifica\u00e7\u00e3o de \u00c1rea: Como Fazer? - Adenilson Giovanini","og_description":"Descubra qual a diferen\u00e7a entre a retifica\u00e7\u00e3o de \u00e1rea judicial e extrajudicial e aprenda como proceder na retifica\u00e7\u00e3o de \u00e1rea extrajudicial.","og_url":"https:\/\/adenilsongiovanini.com.br\/blog\/retificacao-de-area\/","og_site_name":"Adenilson Giovanini","article_publisher":"https:\/\/www.facebook.com\/otopografo\/","article_author":"https:\/\/www.facebook.com\/otopografo\/","article_published_time":"2021-06-17T23:50:52+00:00","article_modified_time":"2023-07-27T19:49:10+00:00","og_image":[{"width":1218,"height":667,"url":"https:\/\/adenilsongiovanini.com.br\/blog\/wp-content\/uploads\/2021\/06\/retificacao-de-area.png","type":"image\/png"}],"author":"Adenilson Giovanini","twitter_card":"summary_large_image","twitter_misc":{"Escrito por":"Adenilson Giovanini","Est. tempo de leitura":"13 minutos"},"schema":{"@context":"https:\/\/schema.org","@graph":[{"@type":"Article","@id":"https:\/\/adenilsongiovanini.com.br\/blog\/retificacao-de-area\/#article","isPartOf":{"@id":"https:\/\/adenilsongiovanini.com.br\/blog\/retificacao-de-area\/"},"author":{"name":"Adenilson Giovanini","@id":"https:\/\/adenilsongiovanini.com.br\/blog\/#\/schema\/person\/9c1daa7da73c116aae2cb0568d1daa23"},"headline":"Retifica\u00e7\u00e3o de \u00c1rea: Como Fazer?","datePublished":"2021-06-17T23:50:52+00:00","dateModified":"2023-07-27T19:49:10+00:00","mainEntityOfPage":{"@id":"https:\/\/adenilsongiovanini.com.br\/blog\/retificacao-de-area\/"},"wordCount":1960,"publisher":{"@id":"https:\/\/adenilsongiovanini.com.br\/blog\/#\/schema\/person\/9c1daa7da73c116aae2cb0568d1daa23"},"image":{"@id":"https:\/\/adenilsongiovanini.com.br\/blog\/retificacao-de-area\/#primaryimage"},"thumbnailUrl":"https:\/\/adenilsongiovanini.com.br\/blog\/wp-content\/uploads\/2021\/06\/retificacao-de-area.png","articleSection":["Topografia Cadastral"],"inLanguage":"pt-BR"},{"@type":"WebPage","@id":"https:\/\/adenilsongiovanini.com.br\/blog\/retificacao-de-area\/","url":"https:\/\/adenilsongiovanini.com.br\/blog\/retificacao-de-area\/","name":"Retifica\u00e7\u00e3o de \u00c1rea: Como Fazer? - Adenilson Giovanini","isPartOf":{"@id":"https:\/\/adenilsongiovanini.com.br\/blog\/#website"},"primaryImageOfPage":{"@id":"https:\/\/adenilsongiovanini.com.br\/blog\/retificacao-de-area\/#primaryimage"},"image":{"@id":"https:\/\/adenilsongiovanini.com.br\/blog\/retificacao-de-area\/#primaryimage"},"thumbnailUrl":"https:\/\/adenilsongiovanini.com.br\/blog\/wp-content\/uploads\/2021\/06\/retificacao-de-area.png","datePublished":"2021-06-17T23:50:52+00:00","dateModified":"2023-07-27T19:49:10+00:00","description":"Descubra qual a diferen\u00e7a entre a retifica\u00e7\u00e3o de \u00e1rea judicial e extrajudicial e aprenda como proceder na retifica\u00e7\u00e3o de \u00e1rea extrajudicial.","breadcrumb":{"@id":"https:\/\/adenilsongiovanini.com.br\/blog\/retificacao-de-area\/#breadcrumb"},"inLanguage":"pt-BR","potentialAction":[{"@type":"ReadAction","target":["https:\/\/adenilsongiovanini.com.br\/blog\/retificacao-de-area\/"]}]},{"@type":"ImageObject","inLanguage":"pt-BR","@id":"https:\/\/adenilsongiovanini.com.br\/blog\/retificacao-de-area\/#primaryimage","url":"https:\/\/adenilsongiovanini.com.br\/blog\/wp-content\/uploads\/2021\/06\/retificacao-de-area.png","contentUrl":"https:\/\/adenilsongiovanini.com.br\/blog\/wp-content\/uploads\/2021\/06\/retificacao-de-area.png","width":1218,"height":667},{"@type":"BreadcrumbList","@id":"https:\/\/adenilsongiovanini.com.br\/blog\/retificacao-de-area\/#breadcrumb","itemListElement":[{"@type":"ListItem","position":1,"name":"Home","item":"https:\/\/adenilsongiovanini.com.br\/blog\/"},{"@type":"ListItem","position":2,"name":"Retifica\u00e7\u00e3o de \u00c1rea: Como Fazer?"}]},{"@type":"WebSite","@id":"https:\/\/adenilsongiovanini.com.br\/blog\/#website","url":"https:\/\/adenilsongiovanini.com.br\/blog\/","name":"Adenilson Giovanini","description":"Topografia e Geotecnologias","publisher":{"@id":"https:\/\/adenilsongiovanini.com.br\/blog\/#\/schema\/person\/9c1daa7da73c116aae2cb0568d1daa23"},"potentialAction":[{"@type":"SearchAction","target":{"@type":"EntryPoint","urlTemplate":"https:\/\/adenilsongiovanini.com.br\/blog\/?s={search_term_string}"},"query-input":{"@type":"PropertyValueSpecification","valueRequired":true,"valueName":"search_term_string"}}],"inLanguage":"pt-BR"},{"@type":["Person","Organization"],"@id":"https:\/\/adenilsongiovanini.com.br\/blog\/#\/schema\/person\/9c1daa7da73c116aae2cb0568d1daa23","name":"Adenilson Giovanini","image":{"@type":"ImageObject","inLanguage":"pt-BR","@id":"https:\/\/adenilsongiovanini.com.br\/blog\/#\/schema\/person\/image\/","url":"https:\/\/adenilsongiovanini.com.br\/blog\/wp-content\/litespeed\/avatar\/be8f4de5c0b8a93c57a4f29cbf2f1e92.jpg?ver=1777130135","contentUrl":"https:\/\/adenilsongiovanini.com.br\/blog\/wp-content\/litespeed\/avatar\/be8f4de5c0b8a93c57a4f29cbf2f1e92.jpg?ver=1777130135","caption":"Adenilson Giovanini"},"logo":{"@id":"https:\/\/adenilsongiovanini.com.br\/blog\/#\/schema\/person\/image\/"},"description":"O Professor Adenilson Giovanini \u00e9 especialista em Topografia Cadastral e Georreferenciamento de Im\u00f3veis Rurais. O mesmo possui o Maior Site de Engenharia de Agrimensura do Brasil. Site este que tem mais de 102.000 visualiza\u00e7\u00f5es por m\u00eas. Tamb\u00e9m possui mais de 600 v\u00eddeos em seu canal no youtube. Al\u00e9m disso, \u00e9 escritor Best Seller, possuindo v\u00e1rios cursos e livros de sucesso.","sameAs":["http:\/\/adenilsongiovanini.com.br","https:\/\/www.facebook.com\/otopografo\/","https:\/\/www.instagram.com\/adenilson_giovanini\/","https:\/\/www.linkedin.com\/in\/adenilson-giovanini-819b8035\/","https:\/\/br.pinterest.com\/adenilsongiovanini\/","https:\/\/www.youtube.com\/channel\/uce-br7ghiuog2txcsdx5vrw"]}]}},"amp_enabled":true,"_links":{"self":[{"href":"https:\/\/adenilsongiovanini.com.br\/blog\/wp-json\/wp\/v2\/posts\/20709","targetHints":{"allow":["GET"]}}],"collection":[{"href":"https:\/\/adenilsongiovanini.com.br\/blog\/wp-json\/wp\/v2\/posts"}],"about":[{"href":"https:\/\/adenilsongiovanini.com.br\/blog\/wp-json\/wp\/v2\/types\/post"}],"author":[{"embeddable":true,"href":"https:\/\/adenilsongiovanini.com.br\/blog\/wp-json\/wp\/v2\/users\/1"}],"replies":[{"embeddable":true,"href":"https:\/\/adenilsongiovanini.com.br\/blog\/wp-json\/wp\/v2\/comments?post=20709"}],"version-history":[{"count":0,"href":"https:\/\/adenilsongiovanini.com.br\/blog\/wp-json\/wp\/v2\/posts\/20709\/revisions"}],"wp:featuredmedia":[{"embeddable":true,"href":"https:\/\/adenilsongiovanini.com.br\/blog\/wp-json\/wp\/v2\/media\/20712"}],"wp:attachment":[{"href":"https:\/\/adenilsongiovanini.com.br\/blog\/wp-json\/wp\/v2\/media?parent=20709"}],"wp:term":[{"taxonomy":"category","embeddable":true,"href":"https:\/\/adenilsongiovanini.com.br\/blog\/wp-json\/wp\/v2\/categories?post=20709"},{"taxonomy":"post_tag","embeddable":true,"href":"https:\/\/adenilsongiovanini.com.br\/blog\/wp-json\/wp\/v2\/tags?post=20709"}],"curies":[{"name":"wp","href":"https:\/\/api.w.org\/{rel}","templated":true}]}}