{"id":20529,"date":"2021-06-11T16:45:47","date_gmt":"2021-06-11T16:45:47","guid":{"rendered":"https:\/\/adenilsongiovanini.com.br\/blog\/?p=20529"},"modified":"2022-08-12T19:12:48","modified_gmt":"2022-08-12T19:12:48","slug":"livro-parcelamento-do-solo-conheca-o-mesmo","status":"publish","type":"post","link":"https:\/\/adenilsongiovanini.com.br\/blog\/livro-parcelamento-do-solo-conheca-o-mesmo\/","title":{"rendered":"Livro Parcelamento do Solo?"},"content":{"rendered":"<!-- Added by Post\/Page Specific Custom Code plugin, thank you for using! -->\n<style>.col-md-8 {\r\nwidth: 99.00% !important;\r\npadding-left:30px  !important;\r\npadding-right:30px  !important;\r\nmargin-left: 0.00%   !important;\r\nbox-shadow: 0px 20px 20px #888888;max-width:1160px;\r\n}\r\n\r\n.col-md-3 {\r\ndisplay: none !important;\r\n}<\/style>\n<p><span style=\"font-family: arial, helvetica, sans-serif; font-size: 20px; color: #000000;\">A poucos cliques de dist\u00e2ncia de voc\u00ea encontra-se um <em><strong>livro parcelamento do solo<\/strong><\/em> cir\u00fargico, que ir\u00e1 ajudar voc\u00ea a dominar o assunto do in\u00edcio ao fim.<\/span><\/p>\n<p><span style=\"font-family: arial, helvetica, sans-serif; font-size: 20px; color: #000000;\">Trata-se de um <em><strong>livro de parcelamento do solo<\/strong><\/em> com 233 p\u00e1ginas de conte\u00fado.<\/span><\/p>\n<p><span style=\"font-family: arial, helvetica, sans-serif; font-size: 20px; color: #000000;\">Com a leitura do mesmo voc\u00ea aprender\u00e1 exatamente como proceder em processos de loteamento e desmembramento de im\u00f3veis rurais e urbanos.<\/span><\/p>\n<p><span style=\"font-family: arial, helvetica, sans-serif; font-size: 20px; color: #000000;\">No caso, estou ranqueando este artigo para o termo &#8220;<strong><em>livro parcelamento do solo<\/em><\/strong>&#8220;. Por causa disso, algumas frases v\u00e3o ficar um pouco esquisitas.<\/span><\/p>\n<p><span style=\"font-family: arial, helvetica, sans-serif; font-size: 20px; color: #000000;\">Pe\u00e7o desculpas por isso. \ud83d\ude42<\/span><\/p>\n<p>&nbsp;<\/p>\n<h2 style=\"text-align: center;\"><span style=\"font-size: 24px;\"><strong><span style=\"font-family: arial, helvetica, sans-serif; color: #000000;\">Cap\u00edtulos do livro parcelamento do solo<\/span><\/strong><\/span><\/h2>\n<p><img decoding=\"async\" class=\"aligncenter wp-image-20532 size-large\" src=\"https:\/\/adenilsongiovanini.com.br\/blog\/wp-content\/uploads\/2021\/06\/capitulos-do-livro-parcelamento-do-solo-1024x816.png\" alt=\"livro parcelamento do solo\" width=\"780\" height=\"622\" srcset=\"https:\/\/adenilsongiovanini.com.br\/blog\/wp-content\/uploads\/2021\/06\/capitulos-do-livro-parcelamento-do-solo-1024x816.png 1024w, https:\/\/adenilsongiovanini.com.br\/blog\/wp-content\/uploads\/2021\/06\/capitulos-do-livro-parcelamento-do-solo-300x239.png 300w, https:\/\/adenilsongiovanini.com.br\/blog\/wp-content\/uploads\/2021\/06\/capitulos-do-livro-parcelamento-do-solo-768x612.png 768w, https:\/\/adenilsongiovanini.com.br\/blog\/wp-content\/uploads\/2021\/06\/capitulos-do-livro-parcelamento-do-solo-1536x1224.png 1536w, https:\/\/adenilsongiovanini.com.br\/blog\/wp-content\/uploads\/2021\/06\/capitulos-do-livro-parcelamento-do-solo-2048x1632.png 2048w, https:\/\/adenilsongiovanini.com.br\/blog\/wp-content\/uploads\/2021\/06\/capitulos-do-livro-parcelamento-do-solo-320x255.png 320w, https:\/\/adenilsongiovanini.com.br\/blog\/wp-content\/uploads\/2021\/06\/capitulos-do-livro-parcelamento-do-solo-640x510.png 640w, https:\/\/adenilsongiovanini.com.br\/blog\/wp-content\/uploads\/2021\/06\/capitulos-do-livro-parcelamento-do-solo-360x287.png 360w, https:\/\/adenilsongiovanini.com.br\/blog\/wp-content\/uploads\/2021\/06\/capitulos-do-livro-parcelamento-do-solo-720x574.png 720w, https:\/\/adenilsongiovanini.com.br\/blog\/wp-content\/uploads\/2021\/06\/capitulos-do-livro-parcelamento-do-solo-1080x861.png 1080w, https:\/\/adenilsongiovanini.com.br\/blog\/wp-content\/uploads\/2021\/06\/capitulos-do-livro-parcelamento-do-solo-800x638.png 800w, https:\/\/adenilsongiovanini.com.br\/blog\/wp-content\/uploads\/2021\/06\/capitulos-do-livro-parcelamento-do-solo-1280x1020.png 1280w\" sizes=\"(max-width: 780px) 100vw, 780px\" \/><\/p>\n<p><span style=\"font-family: arial, helvetica, sans-serif; font-size: 20px; color: #000000;\">O <em><strong>livro sobre parcelamento do solo<\/strong><\/em> \u00e9 dividido em 5 cap\u00edtulos, sendo que os 2 primeiros cap\u00edtulos s\u00e3o cap\u00edtulos de nivelamento, que ajudar\u00e3o voc\u00ea a entender o atual estado da arte da legisla\u00e7\u00e3o cadastral.<\/span><\/p>\n<p>&nbsp;<\/p>\n<h3 style=\"text-align: center;\"><span style=\"font-size: 20px;\"><strong><span style=\"font-family: arial, helvetica, sans-serif; color: #000000;\">Cap\u00edtulo 1 \u2013 Topografia cadastral: principais leis e o impacto das mesmas no nosso dia a dia<\/span><\/strong><\/span><\/h3>\n<p>&nbsp;<\/p>\n<p><img decoding=\"async\" class=\"aligncenter size-full wp-image-20536\" src=\"https:\/\/adenilsongiovanini.com.br\/blog\/wp-content\/uploads\/2021\/06\/capitulo-1.png\" alt=\"cap\u00edtulo 1 do livro loteamento urbano\" width=\"542\" height=\"378\" srcset=\"https:\/\/adenilsongiovanini.com.br\/blog\/wp-content\/uploads\/2021\/06\/capitulo-1.png 542w, https:\/\/adenilsongiovanini.com.br\/blog\/wp-content\/uploads\/2021\/06\/capitulo-1-300x209.png 300w, https:\/\/adenilsongiovanini.com.br\/blog\/wp-content\/uploads\/2021\/06\/capitulo-1-320x223.png 320w, https:\/\/adenilsongiovanini.com.br\/blog\/wp-content\/uploads\/2021\/06\/capitulo-1-360x251.png 360w\" sizes=\"(max-width: 542px) 100vw, 542px\" \/><\/p>\n<p>&nbsp;<\/p>\n<p><span style=\"font-family: arial, helvetica, sans-serif; font-size: 20px; color: #000000;\">Com a leitura deste cap\u00edtulo, voc\u00ea conhecer\u00e1 as diferentes leis inerentes a \u00e1rea, descobrindo qual o impacto e as mudan\u00e7as provocadas pelas mesmas no dia a dia de um escrit\u00f3rio da \u00e1rea.<\/span><\/p>\n<p><span style=\"font-family: arial, helvetica, sans-serif; font-size: 20px; color: #000000;\">Ao final do cap\u00edtulo, eu tamb\u00e9m trago uma an\u00e1lise completa das \u00faltimas leis e seus impactos, de certa maneira que com a leitura do mesmo, voc\u00ea ir\u00e1 entender o atual estado da arte a respeito:<\/span><\/p>\n<ul>\n<li><span style=\"font-size: 20px; font-family: arial, helvetica, sans-serif; color: #000000;\">Do<span style=\"color: #0000ff;\"><a style=\"color: #0000ff;\" href=\"https:\/\/adenilsongiovanini.com.br\/blog\/georreferenciamento-de-imoveis-rurais-2\/\"> georreferenciamento de im\u00f3veis rurais<\/a><\/span>;<\/span><\/li>\n<li><span style=\"font-size: 20px; font-family: arial, helvetica, sans-serif; color: #000000;\">Da <span style=\"color: #0000ff;\"><a style=\"color: #0000ff;\" href=\"https:\/\/adenilsongiovanini.com.br\/blog\/regularizacao-fundiaria-urbana-o-que-e-e-quais-suas-etapas\/\">regulariza\u00e7\u00e3o fundi\u00e1ria urbana<\/a><\/span>;<\/span><\/li>\n<li><span style=\"font-size: 20px; font-family: arial, helvetica, sans-serif; color: #000000;\">Da <span style=\"color: #0000ff;\"><a style=\"color: #0000ff;\" href=\"https:\/\/adenilsongiovanini.com.br\/blog\/usucapiao-extrajudicial\/\">usucapi\u00e3o extrajudicial<\/a><\/span>.<\/span><\/li>\n<\/ul>\n<p>&nbsp;<\/p>\n<p>&nbsp;<\/p>\n<h3 style=\"text-align: center;\"><strong><span style=\"font-family: arial, helvetica, sans-serif; font-size: 20px; color: #000000;\">Cap\u00edtulo 2 do livro parcelamento do solo \u2013 Alguns conceitos cadastrais que voc\u00ea precisa dominar<\/span><\/strong><\/h3>\n<p>&nbsp;<\/p>\n<p><img decoding=\"async\" class=\"aligncenter size-full wp-image-20537\" src=\"https:\/\/adenilsongiovanini.com.br\/blog\/wp-content\/uploads\/2021\/06\/conceitos-cadastraisx.png\" alt=\"cap\u00edtulo 2 - alguns conceitos cadastrais que voc\u00ea precisa dominar\" width=\"470\" height=\"351\" srcset=\"https:\/\/adenilsongiovanini.com.br\/blog\/wp-content\/uploads\/2021\/06\/conceitos-cadastraisx.png 470w, https:\/\/adenilsongiovanini.com.br\/blog\/wp-content\/uploads\/2021\/06\/conceitos-cadastraisx-300x224.png 300w, https:\/\/adenilsongiovanini.com.br\/blog\/wp-content\/uploads\/2021\/06\/conceitos-cadastraisx-320x239.png 320w, https:\/\/adenilsongiovanini.com.br\/blog\/wp-content\/uploads\/2021\/06\/conceitos-cadastraisx-360x269.png 360w\" sizes=\"(max-width: 470px) 100vw, 470px\" \/><\/p>\n<p><span style=\"font-family: arial, helvetica, sans-serif; font-size: 20px; color: #000000;\">Com a leitura deste cap\u00edtulo, voc\u00ea entender\u00e1 uma s\u00e9rie de conceitos cadastrais essenciais. <\/span><span style=\"font-family: arial, helvetica, sans-serif; font-size: 20px; color: #000000;\">S\u00e3o conceitos que se voc\u00ea n\u00e3o dominar, acabar\u00e1 cometendo erros, tendo que refazer servi\u00e7os e perdendo muito tempo e muito dinheiro.<\/span><\/p>\n<p><span style=\"font-family: arial, helvetica, sans-serif; font-size: 20px; color: #000000;\">Ou seja, o entendimento dos mesmos \u00e9 essencial.<\/span><\/p>\n<p><span style=\"font-family: arial, helvetica, sans-serif; font-size: 20px; color: #000000;\">&#8230;<\/span><\/p>\n<p><span style=\"font-family: arial, helvetica, sans-serif; font-size: 20px; color: #000000;\">A partir do terceiro cap\u00edtulo, n\u00f3s iremos mergulhar fundo no parcelamento do solo propriamente dito.<\/span><\/p>\n<p>&nbsp;<\/p>\n<h3 style=\"text-align: center;\"><strong><span style=\"font-family: arial, helvetica, sans-serif; font-size: 20px; color: #000000;\">Cap\u00edtulo 3 \u2013 Parcelamento do solo<\/span><\/strong><\/h3>\n<p>&nbsp;<\/p>\n<p><img decoding=\"async\" class=\"aligncenter size-full wp-image-20538\" src=\"https:\/\/adenilsongiovanini.com.br\/blog\/wp-content\/uploads\/2021\/06\/parcelamento-do-solo-1.png\" alt=\"parcelamento do solo\" width=\"324\" height=\"333\" srcset=\"https:\/\/adenilsongiovanini.com.br\/blog\/wp-content\/uploads\/2021\/06\/parcelamento-do-solo-1.png 324w, https:\/\/adenilsongiovanini.com.br\/blog\/wp-content\/uploads\/2021\/06\/parcelamento-do-solo-1-292x300.png 292w, https:\/\/adenilsongiovanini.com.br\/blog\/wp-content\/uploads\/2021\/06\/parcelamento-do-solo-1-320x329.png 320w\" sizes=\"(max-width: 324px) 100vw, 324px\" \/><\/p>\n<p>&nbsp;<\/p>\n<p><span style=\"font-family: arial, helvetica, sans-serif; font-size: 20px; color: #000000;\">Com a leitura deste cap\u00edtulo voc\u00ea descobrir\u00e1:<\/span><\/p>\n<ul>\n<li><span style=\"font-family: arial, helvetica, sans-serif; font-size: 20px; color: #000000;\">Quando que o parcelamento do solo pode ser feito;<\/span><\/li>\n<li><span style=\"font-family: arial, helvetica, sans-serif; font-size: 20px; color: #000000;\">Quais s\u00e3o os <span style=\"color: #0000ff;\"><a href=\"https:\/\/adenilsongiovanini.com.br\/blog\/curso-civil-3d-loteamento\/\" style=\"color: #0000ff;\">tipos de parcelamento<\/a> <\/span>do solo existentes;<\/span><\/li>\n<li><span style=\"font-family: arial, helvetica, sans-serif; font-size: 20px; color: #000000;\">Quais s\u00e3o os \u00f3rg\u00e3os envolvidos no <span style=\"color: #0000ff;\"><a style=\"color: #0000ff;\" href=\"https:\/\/www.matanativa.com.br\/regularizacao-parcelamento-de-solo-urbano-e-rural\/#:~:text=A%20Lei%20n.,Reforma%20Agr%C3%A1ria%20para%20cada%20propriedade.\">parcelamento do solo rural<\/a><\/span> e no <span style=\"color: #0000ff;\"><a style=\"color: #0000ff;\" href=\"https:\/\/adenilsongiovanini.com.br\/blog\/qual-a-diferenca-entre-loteamento-desmembramento-e-parcelamento-do-solo\/\">parcelamento do solo urbano<\/a><\/span>;<\/span><\/li>\n<li><span style=\"font-family: arial, helvetica, sans-serif; font-size: 20px; color: #000000;\">Quando que o parcelamento do solo \u00e9 proibido.<\/span><\/li>\n<\/ul>\n<p><span style=\"font-family: arial, helvetica, sans-serif; font-size: 20px; color: #000000;\">Tamb\u00e9m conhecer\u00e1 o modelo de certid\u00e3o para a aprova\u00e7\u00e3o de <span style=\"color: #0000ff;\"><a style=\"color: #0000ff;\" href=\"https:\/\/adenilsongiovanini.com.br\/blog\/desmembramento-de-imovel-em-cartorio\/\">desmembramento<\/a><\/span> normalmente solicitado pelas prefeituras.<\/span><\/p>\n<p>&nbsp;<\/p>\n<h3 style=\"text-align: center;\"><strong><span style=\"font-family: arial, helvetica, sans-serif; font-size: 20px; color: #000000;\">Cap\u00edtulo 4 do livro parcelamento do solo &#8211; Loteamento: tudo que voc\u00ea precisa saber a respeito<\/span><\/strong><\/h3>\n<p>&nbsp;<\/p>\n<p><img decoding=\"async\" class=\"aligncenter  wp-image-20539\" src=\"https:\/\/adenilsongiovanini.com.br\/blog\/wp-content\/uploads\/2021\/06\/capitulo-4-loteamento.png\" alt=\"Cap\u00edtulo 4 do livro parcelamento do solo - Loteamento: tudo que voc\u00ea precisa saber a respeito\" width=\"631\" height=\"558\" srcset=\"https:\/\/adenilsongiovanini.com.br\/blog\/wp-content\/uploads\/2021\/06\/capitulo-4-loteamento.png 1024w, https:\/\/adenilsongiovanini.com.br\/blog\/wp-content\/uploads\/2021\/06\/capitulo-4-loteamento-300x265.png 300w, https:\/\/adenilsongiovanini.com.br\/blog\/wp-content\/uploads\/2021\/06\/capitulo-4-loteamento-768x680.png 768w, https:\/\/adenilsongiovanini.com.br\/blog\/wp-content\/uploads\/2021\/06\/capitulo-4-loteamento-320x283.png 320w, https:\/\/adenilsongiovanini.com.br\/blog\/wp-content\/uploads\/2021\/06\/capitulo-4-loteamento-640x566.png 640w, https:\/\/adenilsongiovanini.com.br\/blog\/wp-content\/uploads\/2021\/06\/capitulo-4-loteamento-360x319.png 360w, https:\/\/adenilsongiovanini.com.br\/blog\/wp-content\/uploads\/2021\/06\/capitulo-4-loteamento-720x637.png 720w, https:\/\/adenilsongiovanini.com.br\/blog\/wp-content\/uploads\/2021\/06\/capitulo-4-loteamento-800x708.png 800w\" sizes=\"(max-width: 631px) 100vw, 631px\" \/><\/p>\n<p>&nbsp;<\/p>\n<p><span style=\"font-family: arial, helvetica, sans-serif; font-size: 20px; color: #000000;\">Neste cap\u00edtulo n\u00f3s mergulharemos de cabe\u00e7a no loteamento. <\/span><\/p>\n<p><span style=\"font-family: arial, helvetica, sans-serif; font-size: 20px; color: #000000;\">Voc\u00ea descobrir\u00e1:<\/span><\/p>\n<ul>\n<li><span style=\"color: #000000; font-family: arial, helvetica, sans-serif; font-size: 20px;\">Qual o procedimento necess\u00e1rio para realizar-se um <span style=\"color: #0000ff;\"><a style=\"color: #0000ff;\" href=\"http:\/\/lotesecia.com.br\/como-lotear-terrenos-e-area-rural\/\">loteamento de \u00e1rea<\/a><\/span>;<\/span><\/li>\n<li><span style=\"color: #000000; font-family: arial, helvetica, sans-serif; font-size: 20px;\">Quais s\u00e3o as plantas e pe\u00e7as t\u00e9cnicas necess\u00e1rias em um projeto de loteamento;<\/span><\/li>\n<li><span style=\"font-family: arial, helvetica, sans-serif; font-size: 20px; color: #000000;\">O que \u00e9 um <span style=\"color: #0000ff;\"><a href=\"https:\/\/adenilsongiovanini.com.br\/blog\/loteamento-irregular-e-loteamento-clandestino\/\" style=\"color: #0000ff;\">loteamento ir<\/a><\/span><\/span><span style=\"font-family: arial, helvetica, sans-serif; font-size: 20px; color: #000000;\"><span style=\"color: #0000ff;\"><a href=\"https:\/\/adenilsongiovanini.com.br\/blog\/loteamento-irregular-e-loteamento-clandestino\/\" style=\"color: #0000ff;\">regular<\/a><\/span>;<\/span><\/li>\n<li><span style=\"font-family: arial, helvetica, sans-serif; font-size: 20px; color: #000000;\">O que \u00e9 um <span style=\"color: #0000ff;\"><a href=\"https:\/\/adenilsongiovanini.com.br\/blog\/loteamento-clandestino-e-irregular-o-que-sao\/\" style=\"color: #0000ff;\">loteamento clandestino<\/a><\/span>;<\/span><\/li>\n<li><span style=\"font-family: arial, helvetica, sans-serif; font-size: 20px; color: #000000;\">Como regularizar e quando que \u00e9 poss\u00edvel fazer-se o loteamento de ch\u00e1caras rurais;<\/span><\/li>\n<li><span style=\"font-family: arial, helvetica, sans-serif; font-size: 20px; color: #000000;\">E muito mais.<\/span><\/li>\n<\/ul>\n<p><span style=\"font-family: arial, helvetica, sans-serif; font-size: 20px; color: #000000;\">Enfim, trata-se de um cap\u00edtulo com simplesmente tudo que voc\u00ea precisa saber sobre o loteamento de \u00e1rea.<\/span><\/p>\n<p>&nbsp;<\/p>\n<h3 style=\"text-align: center;\"><span style=\"font-size: 20px;\"><strong><span style=\"font-family: arial, helvetica, sans-serif; color: #000000;\">Cap\u00edtulo 5 \u2013 Desmembramento de im\u00f3veis<\/span><\/strong><\/span><\/h3>\n<p>&nbsp;<\/p>\n<p><img decoding=\"async\" class=\"aligncenter wp-image-20540\" src=\"https:\/\/adenilsongiovanini.com.br\/blog\/wp-content\/uploads\/2021\/06\/desmembramento-de-imoveis.png\" alt=\"Cap\u00edtulo 5 do livro loteamento \u2013 Desmembramento de im\u00f3veis\" width=\"778\" height=\"247\" srcset=\"https:\/\/adenilsongiovanini.com.br\/blog\/wp-content\/uploads\/2021\/06\/desmembramento-de-imoveis.png 788w, https:\/\/adenilsongiovanini.com.br\/blog\/wp-content\/uploads\/2021\/06\/desmembramento-de-imoveis-300x95.png 300w, https:\/\/adenilsongiovanini.com.br\/blog\/wp-content\/uploads\/2021\/06\/desmembramento-de-imoveis-768x244.png 768w, https:\/\/adenilsongiovanini.com.br\/blog\/wp-content\/uploads\/2021\/06\/desmembramento-de-imoveis-320x102.png 320w, https:\/\/adenilsongiovanini.com.br\/blog\/wp-content\/uploads\/2021\/06\/desmembramento-de-imoveis-640x203.png 640w, https:\/\/adenilsongiovanini.com.br\/blog\/wp-content\/uploads\/2021\/06\/desmembramento-de-imoveis-360x114.png 360w, https:\/\/adenilsongiovanini.com.br\/blog\/wp-content\/uploads\/2021\/06\/desmembramento-de-imoveis-720x228.png 720w\" sizes=\"(max-width: 778px) 100vw, 778px\" \/><\/p>\n<p><span style=\"font-family: arial, helvetica, sans-serif; font-size: 20px; color: #000000;\">No quinto cap\u00edtulo do livro parcelamento do solo, voc\u00ea aprender\u00e1 exatamente como proceder no desmembramento de im\u00f3veis rurais e urbanos.<\/span><\/p>\n<p><span style=\"font-family: arial, helvetica, sans-serif; font-size: 20px; color: #000000;\">Os diferentes temas s\u00e3o abordados de maneira cir\u00fargica, de certa maneira que voc\u00ea aprender\u00e1:<\/span><\/p>\n<ul>\n<li><span style=\"font-family: arial, helvetica, sans-serif; font-size: 20px; color: #000000;\">Quais s\u00e3o as etapas que deve seguir nos diferentes tipos de <span style=\"color: #0000ff;\"><a href=\"https:\/\/adenilsongiovanini.com.br\/blog\/desmembramento-de-area-urbana-como-fazer\/\" style=\"color: #0000ff;\">desmembramento de \u00e1rea<\/a><\/span> existentes;<\/span><\/li>\n<li><span style=\"font-family: arial, helvetica, sans-serif; font-size: 20px; color: #000000;\">Quais s\u00e3o as plantas e pe\u00e7as t\u00e9cnicas necess\u00e1rias.<\/span><\/li>\n<\/ul>\n<p><span style=\"font-family: arial, helvetica, sans-serif; font-size: 20px; color: #000000;\">No mesmo, eu tamb\u00e9m trago um exemplo pr\u00e1tico que ajudar\u00e1 voc\u00ea a entender exatamente como proceder. <\/span><\/p>\n<p><span style=\"font-family: arial, helvetica, sans-serif; font-size: 20px; color: #000000;\">Enfim, com a leitura deste cap\u00edtulo voc\u00ea dominar\u00e1 o tema, sabendo exatamente como proceder no desmembramento de \u00e1reas rurais e urbanas.<\/span><\/p>\n<p>&nbsp;<\/p>\n<h2 style=\"text-align: center;\"><span style=\"color: #000000;\"><strong><span style=\"font-family: arial, helvetica, sans-serif; font-size: 24px;\">Como saber se o livro Parcelamento do solo \u00e9 para voc\u00ea?<\/span><\/strong><\/span><\/h2>\n<p><img decoding=\"async\" class=\"aligncenter wp-image-20535 size-large\" src=\"https:\/\/adenilsongiovanini.com.br\/blog\/wp-content\/uploads\/2021\/06\/parcelamento-do-solo-1024x541.png\" alt=\"como saber se o livro Parcelamento do solo \u00e9 para voc\u00ea\" width=\"780\" height=\"412\" srcset=\"https:\/\/adenilsongiovanini.com.br\/blog\/wp-content\/uploads\/2021\/06\/parcelamento-do-solo-1024x541.png 1024w, https:\/\/adenilsongiovanini.com.br\/blog\/wp-content\/uploads\/2021\/06\/parcelamento-do-solo-300x159.png 300w, https:\/\/adenilsongiovanini.com.br\/blog\/wp-content\/uploads\/2021\/06\/parcelamento-do-solo-768x406.png 768w, https:\/\/adenilsongiovanini.com.br\/blog\/wp-content\/uploads\/2021\/06\/parcelamento-do-solo-320x169.png 320w, https:\/\/adenilsongiovanini.com.br\/blog\/wp-content\/uploads\/2021\/06\/parcelamento-do-solo-640x338.png 640w, https:\/\/adenilsongiovanini.com.br\/blog\/wp-content\/uploads\/2021\/06\/parcelamento-do-solo-360x190.png 360w, https:\/\/adenilsongiovanini.com.br\/blog\/wp-content\/uploads\/2021\/06\/parcelamento-do-solo-720x381.png 720w, https:\/\/adenilsongiovanini.com.br\/blog\/wp-content\/uploads\/2021\/06\/parcelamento-do-solo-800x423.png 800w, https:\/\/adenilsongiovanini.com.br\/blog\/wp-content\/uploads\/2021\/06\/parcelamento-do-solo.png 1031w\" sizes=\"(max-width: 780px) 100vw, 780px\" \/><\/p>\n<p>&nbsp;<\/p>\n<p><span style=\"font-family: arial, helvetica, sans-serif; font-size: 20px; color: #000000;\">Voc\u00ea possui alguma destas d\u00favidas?<\/span><\/p>\n<div id=\"le_body_row_3_col_1_el_2\" class=\"element-container cf\" data-style=\"\">\n<div class=\"element\">\n<ul class=\"bullet-list 1\">\n<li><span style=\"font-family: arial, helvetica, sans-serif; font-size: 20px; color: #000000;\">Quais s\u00e3o as diferentes leis sobre o assunto e quais seus impactos no nosso dia a dia?<\/span><\/li>\n<li><span style=\"font-family: arial, helvetica, sans-serif; font-size: 20px; color: #000000;\">Em quais circunst\u00e2ncias que o <span style=\"color: #0000ff;\"><a href=\"https:\/\/adenilsongiovanini.com.br\/blog\/desmembramento-de-imoveis-rurais\/\" style=\"color: #0000ff;\">desmembramento de im\u00f3veis rurais<\/a><\/span> e urbanos pode ser feito?<\/span><\/li>\n<li><span style=\"font-family: arial, helvetica, sans-serif; font-size: 20px; color: #000000;\">Quais s\u00e3o as diferentes plantas que precisam serem produzidas?<\/span><\/li>\n<li><span style=\"font-family: arial, helvetica, sans-serif; font-size: 20px; color: #000000;\">Quais s\u00e3o as pe\u00e7as t\u00e9cnicas que s\u00e3o necess\u00e1rias?<\/span><\/li>\n<li><span style=\"font-family: arial, helvetica, sans-serif; font-size: 20px; color: #000000;\">Quais s\u00e3o os \u00f3rg\u00e3os envolvidos e como proceder junto aos mesmos?<\/span><\/li>\n<li><span style=\"font-family: arial, helvetica, sans-serif; font-size: 20px; color: #000000;\">Quais as diferentes <span style=\"color: #0000ff;\"><a style=\"color: #0000ff;\" href=\"https:\/\/adenilsongiovanini.com.br\/blog\/fracao-minima-de-parcelamento\/\">fra\u00e7\u00f5es de parcelamento<\/a><\/span> existentes?<\/span><\/li>\n<li><span style=\"font-family: arial, helvetica, sans-serif; font-size: 20px; color: #000000;\">Quando que \u00e9 necess\u00e1rio a elabora\u00e7\u00e3o de um projeto de parcelamento do solo?<\/span><\/li>\n<li><span style=\"font-family: arial, helvetica, sans-serif; font-size: 20px; color: #000000;\">Como fazer o loteamento e regularizar ch\u00e1caras rurais?<\/span><\/li>\n<li><span style=\"font-family: arial, helvetica, sans-serif; font-size: 20px; color: #000000;\">Como proceder no desmembramento de im\u00f3veis pela <span style=\"color: #0000ff;\"><a href=\"https:\/\/adenilsongiovanini.com.br\/curso-topografia\/\" style=\"color: #0000ff;\">topografia cl\u00e1ssica<\/a><\/span> e de <span style=\"color: #0000ff;\"><a href=\"https:\/\/adenilsongiovanini.com.br\/metodo-georref-sem-misterios\/\" style=\"color: #0000ff;\">im\u00f3veis georreferenciados<\/a><\/span>?<\/span><\/li>\n<\/ul>\n<p><span style=\"font-family: arial, helvetica, sans-serif; font-size: 20px; color: #000000;\">Ent\u00e3o este livro \u00e9 para voc\u00ea. <\/span><\/p>\n<p><span style=\"font-family: arial, helvetica, sans-serif; font-size: 20px; color: #000000;\">Com o mesmo voc\u00ea dominar\u00e1 o parcelamento do solo, aprendendo exatamente como proceder em processos de loteamento e desmembramento.<\/span><\/p>\n<p><span style=\"font-family: arial, helvetica, sans-serif; font-size: 20px; color: #000000;\">Com isso, conseguir\u00e1 ir diretamente para a pr\u00e1tica, prestando estes servi\u00e7os para seus clientes e ganhando dinheiro.<\/span><\/p>\n<p>&nbsp;<\/p>\n<h2 style=\"text-align: center;\"><span style=\"font-size: 24px;\"><strong><span style=\"font-family: arial, helvetica, sans-serif; color: #000000;\">Ganhe 5 b\u00f4nus juntamente com o livro<\/span><\/strong><\/span><\/h2>\n<p><span style=\"font-family: arial, helvetica, sans-serif; font-size: 20px; color: #000000;\">Ao adquirir o livro, voc\u00ea tamb\u00e9m ganhar\u00e1 5 b\u00f4nus extras que valem R$ 235,00 reais. S\u00e3o eles:<\/span><\/p>\n<p>&nbsp;<\/p>\n<p style=\"text-align: center;\"><strong><span style=\"font-family: arial, helvetica, sans-serif; font-size: 20px; color: #000000;\">B\u00f4nus 1 &#8211; Apostila AutoCAD Para Topografia<\/span><\/strong><\/p>\n<p><img decoding=\"async\" class=\"aligncenter size-large wp-image-7887\" src=\"https:\/\/adenilsongiovanini.com.br\/blog\/wp-content\/uploads\/2020\/03\/Autocad-para-topografia-3D-2-780x563.png\" alt=\"apostila de autocad para topografia\" width=\"780\" height=\"563\" srcset=\"https:\/\/adenilsongiovanini.com.br\/blog\/wp-content\/uploads\/2020\/03\/Autocad-para-topografia-3D-2-780x563.png 780w, https:\/\/adenilsongiovanini.com.br\/blog\/wp-content\/uploads\/2020\/03\/Autocad-para-topografia-3D-2-300x217.png 300w, https:\/\/adenilsongiovanini.com.br\/blog\/wp-content\/uploads\/2020\/03\/Autocad-para-topografia-3D-2-768x555.png 768w, https:\/\/adenilsongiovanini.com.br\/blog\/wp-content\/uploads\/2020\/03\/Autocad-para-topografia-3D-2-1536x1109.png 1536w, https:\/\/adenilsongiovanini.com.br\/blog\/wp-content\/uploads\/2020\/03\/Autocad-para-topografia-3D-2-2048x1479.png 2048w, https:\/\/adenilsongiovanini.com.br\/blog\/wp-content\/uploads\/2020\/03\/Autocad-para-topografia-3D-2-1024x740.png 1024w\" sizes=\"(max-width: 780px) 100vw, 780px\" \/><\/p>\n<p><span style=\"font-family: arial, helvetica, sans-serif; font-size: 20px; color: #000000;\">Tratasse de uma apostila com os principais passo a passos, ferramentas e atalhos do AutoCAD para Topografia<\/span><\/p>\n<p><span style=\"font-family: arial, helvetica, sans-serif; font-size: 20px; color: #000000;\">Valor Real &#8211; R$ 47,00<\/span><\/p>\n<p>&nbsp;<\/p>\n<p style=\"text-align: center;\"><strong><span style=\"font-family: arial, helvetica, sans-serif; font-size: 20px; color: #000000;\">B\u00f4nus 2 &#8211; E-Book Usucapi\u00e3o Extrajudicial<\/span><\/strong><\/p>\n<p>&nbsp;<\/p>\n<p><img decoding=\"async\" class=\"aligncenter wp-image-24444\" src=\"https:\/\/adenilsongiovanini.com.br\/blog\/wp-content\/uploads\/2021\/06\/3d-Usucapiao-extrajudicial-505x780.png\" alt=\"b\u00f4nus 2 do livro parcelaento do solo - e-book usucapi\u00e3o extrajudicial\" width=\"405\" height=\"625\" srcset=\"https:\/\/adenilsongiovanini.com.br\/blog\/wp-content\/uploads\/2021\/06\/3d-Usucapiao-extrajudicial-505x780.png 505w, https:\/\/adenilsongiovanini.com.br\/blog\/wp-content\/uploads\/2021\/06\/3d-Usucapiao-extrajudicial-194x300.png 194w, https:\/\/adenilsongiovanini.com.br\/blog\/wp-content\/uploads\/2021\/06\/3d-Usucapiao-extrajudicial.png 699w\" sizes=\"(max-width: 405px) 100vw, 405px\" \/><\/p>\n<p><span style=\"font-family: arial, helvetica, sans-serif; font-size: 20px; color: #000000;\">Um guia com absolutamente tudo que voc\u00ea precisa saber a respeito da usucapi\u00e3o extrajudicial.<\/span><\/p>\n<p><span style=\"font-family: arial, helvetica, sans-serif; font-size: 20px; color: #000000;\">Valor Real &#8211; R$ 47,00<\/span><\/p>\n<p>&nbsp;<\/p>\n<p style=\"text-align: center;\"><strong><span style=\"font-family: arial, helvetica, sans-serif; font-size: 20px; color: #000000;\">B\u00f4nus 3 &#8211; E-Book Remembramento De \u00c1rea<\/span><\/strong><\/p>\n<p><img decoding=\"async\" class=\"aligncenter wp-image-24445\" src=\"https:\/\/adenilsongiovanini.com.br\/blog\/wp-content\/uploads\/2021\/06\/3D-Remembramento-de-area-505x780.png\" alt=\"b\u00f4nus e-book remembramento de \u00e1rea\" width=\"405\" height=\"625\" srcset=\"https:\/\/adenilsongiovanini.com.br\/blog\/wp-content\/uploads\/2021\/06\/3D-Remembramento-de-area-505x780.png 505w, https:\/\/adenilsongiovanini.com.br\/blog\/wp-content\/uploads\/2021\/06\/3D-Remembramento-de-area-194x300.png 194w, https:\/\/adenilsongiovanini.com.br\/blog\/wp-content\/uploads\/2021\/06\/3D-Remembramento-de-area.png 699w\" sizes=\"(max-width: 405px) 100vw, 405px\" \/><\/p>\n<p>&nbsp;<\/p>\n<p><span style=\"font-family: arial, helvetica, sans-serif; font-size: 20px; color: #000000;\">Aprenda como proceder no remembramento de im\u00f3veis rurais atrav\u00e9s de uma s\u00e9rie de exemplos pr\u00e1ticos.<\/span><\/p>\n<p><span style=\"font-family: arial, helvetica, sans-serif; font-size: 20px; color: #000000;\">Valor Real &#8211; R$ 37,00<\/span><\/p>\n<p>&nbsp;<\/p>\n<p style=\"text-align: center;\"><strong><span style=\"font-family: arial, helvetica, sans-serif; font-size: 20px; color: #000000;\">B\u00f4nus 4 &#8211; E-Book Aprenda a Operar Receptores GNSS Com Grande Velocidade E Com Seguran\u00e7a &#8211; O Guia Passo a Passo!<\/span><\/strong><\/p>\n<p><img decoding=\"async\" class=\"aligncenter wp-image-16459\" src=\"https:\/\/adenilsongiovanini.com.br\/blog\/wp-content\/uploads\/2020\/04\/Operador-de-receptores-GNSSl-663x1024.png\" alt=\"b\u00f4nus do livro parceamento do solo - E-Book Aprenda a Operar Receptores GNSS Com Grande Velocidade E Com Seguran\u00e7a\" width=\"405\" height=\"625\" srcset=\"https:\/\/adenilsongiovanini.com.br\/blog\/wp-content\/uploads\/2020\/04\/Operador-de-receptores-GNSSl-663x1024.png 663w, https:\/\/adenilsongiovanini.com.br\/blog\/wp-content\/uploads\/2020\/04\/Operador-de-receptores-GNSSl-194x300.png 194w, https:\/\/adenilsongiovanini.com.br\/blog\/wp-content\/uploads\/2020\/04\/Operador-de-receptores-GNSSl.png 699w\" sizes=\"(max-width: 405px) 100vw, 405px\" \/><\/p>\n<p>\n<span style=\"font-family: arial, helvetica, sans-serif; font-size: 20px; color: #000000;\">E-book com tudo que voc\u00ea precisa saber para ir diretamente para a Pr\u00e1tica, Operando Receptores GNSS Com Grande Velocidade e Com Seguran\u00e7a!<\/span><br \/>\n<span style=\"font-family: arial, helvetica, sans-serif; font-size: 20px; color: #000000;\">Valor Real &#8211; R$67,00<\/span><\/p>\n<p>&nbsp;<\/p>\n<p style=\"text-align: center;\">\n<strong><span style=\"font-family: arial, helvetica, sans-serif; font-size: 20px; color: #000000;\">B\u00f4nus 5 &#8211; E-book Aprenda a Operar Esta\u00e7\u00f5es Totais &#8211; O Guia Definitivo!<\/span><\/strong><\/p>\n<p><img decoding=\"async\" class=\"aligncenter wp-image-6895\" src=\"https:\/\/adenilsongiovanini.com.br\/blog\/wp-content\/uploads\/2020\/03\/Ebook-de-esta\u00e7\u00e3o-total-2-505x780.png\" alt=\"E-book Aprenda a Operar Esta\u00e7\u00f5es Totais\" width=\"405\" height=\"625\" srcset=\"https:\/\/adenilsongiovanini.com.br\/blog\/wp-content\/uploads\/2020\/03\/Ebook-de-esta\u00e7\u00e3o-total-2-505x780.png 505w, https:\/\/adenilsongiovanini.com.br\/blog\/wp-content\/uploads\/2020\/03\/Ebook-de-esta\u00e7\u00e3o-total-2-194x300.png 194w, https:\/\/adenilsongiovanini.com.br\/blog\/wp-content\/uploads\/2020\/03\/Ebook-de-esta\u00e7\u00e3o-total-2.png 699w\" sizes=\"(max-width: 405px) 100vw, 405px\" \/><\/p>\n<p>\n<span style=\"font-family: arial, helvetica, sans-serif; font-size: 20px; color: #000000;\">E-book com tudo que voc\u00ea precisa saber para ir diretamente para a Pr\u00e1tica, Operando Esta\u00e7\u00f5es Totais Com Grande Velocidade e Com Seguran\u00e7a!<\/span><br \/>\n<span style=\"font-family: arial, helvetica, sans-serif; font-size: 20px; color: #000000;\">Valor &#8211; R$ 37,00<\/span><\/p>\n<p><img decoding=\"async\" class=\"aligncenter size-full wp-image-16897\" src=\"https:\/\/adenilsongiovanini.com.br\/blog\/wp-content\/uploads\/2020\/05\/setas-azuis-triplas-e1427388827173.png\" alt=\"\" width=\"400\" height=\"200\" srcset=\"https:\/\/adenilsongiovanini.com.br\/blog\/wp-content\/uploads\/2020\/05\/setas-azuis-triplas-e1427388827173.png 400w, https:\/\/adenilsongiovanini.com.br\/blog\/wp-content\/uploads\/2020\/05\/setas-azuis-triplas-e1427388827173-300x150.png 300w\" sizes=\"(max-width: 400px) 100vw, 400px\" \/><\/p>\n<p><img decoding=\"async\" class=\"aligncenter wp-image-20533 size-large\" src=\"https:\/\/adenilsongiovanini.com.br\/blog\/wp-content\/uploads\/2021\/06\/bonus-do-livro-parcelamento-do-solo-1024x1011.png\" alt=\"Ganhe 5 b\u00f4nus juntamente com o livro\" width=\"780\" height=\"770\" srcset=\"https:\/\/adenilsongiovanini.com.br\/blog\/wp-content\/uploads\/2021\/06\/bonus-do-livro-parcelamento-do-solo-1024x1011.png 1024w, https:\/\/adenilsongiovanini.com.br\/blog\/wp-content\/uploads\/2021\/06\/bonus-do-livro-parcelamento-do-solo-300x296.png 300w, https:\/\/adenilsongiovanini.com.br\/blog\/wp-content\/uploads\/2021\/06\/bonus-do-livro-parcelamento-do-solo-768x759.png 768w, https:\/\/adenilsongiovanini.com.br\/blog\/wp-content\/uploads\/2021\/06\/bonus-do-livro-parcelamento-do-solo-320x316.png 320w, https:\/\/adenilsongiovanini.com.br\/blog\/wp-content\/uploads\/2021\/06\/bonus-do-livro-parcelamento-do-solo-640x632.png 640w, https:\/\/adenilsongiovanini.com.br\/blog\/wp-content\/uploads\/2021\/06\/bonus-do-livro-parcelamento-do-solo-360x356.png 360w, https:\/\/adenilsongiovanini.com.br\/blog\/wp-content\/uploads\/2021\/06\/bonus-do-livro-parcelamento-do-solo-720x711.png 720w, https:\/\/adenilsongiovanini.com.br\/blog\/wp-content\/uploads\/2021\/06\/bonus-do-livro-parcelamento-do-solo-800x790.png 800w, https:\/\/adenilsongiovanini.com.br\/blog\/wp-content\/uploads\/2021\/06\/bonus-do-livro-parcelamento-do-solo.png 1058w\" sizes=\"(max-width: 780px) 100vw, 780px\" \/><\/p>\n<p><img decoding=\"async\" class=\"aligncenter size-full wp-image-16897\" src=\"https:\/\/adenilsongiovanini.com.br\/blog\/wp-content\/uploads\/2020\/05\/setas-azuis-triplas-e1427388827173.png\" alt=\"\" width=\"400\" height=\"200\" srcset=\"https:\/\/adenilsongiovanini.com.br\/blog\/wp-content\/uploads\/2020\/05\/setas-azuis-triplas-e1427388827173.png 400w, https:\/\/adenilsongiovanini.com.br\/blog\/wp-content\/uploads\/2020\/05\/setas-azuis-triplas-e1427388827173-300x150.png 300w\" sizes=\"(max-width: 400px) 100vw, 400px\" \/><\/p>\n<p>&nbsp;<\/p>\n<p><span style=\"font-family: arial, helvetica, sans-serif; font-size: 20px; color: #000000;\">Voc\u00ea levar\u00e1 <\/span><span style=\"color: #008000;\"><strong><span style=\"font-family: arial, helvetica, sans-serif; font-size: 20px;\">R$ 235,00 Reais s<\/span><\/strong><\/span><span style=\"font-family: arial, helvetica, sans-serif; font-size: 20px; color: #000000;\"><span style=\"color: #008000;\"><strong>omente em b\u00f4nus<\/strong><\/span>.<\/span><\/p>\n<p><span style=\"font-family: arial, helvetica, sans-serif; font-size: 20px; color: #000000;\">Clique no bot\u00e3o baixo, conhe\u00e7a melhor a estrutura do livro e garanta sua c\u00f3pia do mesmo.<\/span><\/p>\n<div class=\"su-button-center\"><a href=\"https:\/\/adenilsongiovanini.com.br\/parcelamento-do-solo-2\/\" class=\"su-button su-button-style-3d su-button-wide\" style=\"color:#000000;background-color:#00b025;border-color:#008d1e;border-radius:15px\" target=\"_blank\" rel=\"nofollow\" id=\"2\"><span style=\"color:#000000;padding:0px 36px;font-size:26px;line-height:52px;border-color:#4dc867;border-radius:15px;text-shadow:0px 0px 0px #000000\"> &gt; Quero Conhecer Melhor o Curso, Pois Quero (e preciso) Aprender a Prestar os Servi\u00e7os Prestados em Um Escrit\u00f3rio de Topografia Cadastral&#8230;<\/span><\/a><\/div>\n<\/div>\n<div class=\"element\"><\/p>\n<h2 style=\"text-align: center;\"><strong><span style=\"font-family: arial, helvetica, sans-serif; color: #000000; font-size: 24px;\">QUEM \u00c9 O PROFESSOR ADENILSON?<\/span><\/strong><\/h2>\n<p><img decoding=\"async\" class=\"aligncenter size-large wp-image-24448\" src=\"https:\/\/adenilsongiovanini.com.br\/blog\/wp-content\/uploads\/2021\/06\/Professor-Adenilson-1-802x1024-1-611x780.png\" alt=\"\" width=\"611\" height=\"780\" srcset=\"https:\/\/adenilsongiovanini.com.br\/blog\/wp-content\/uploads\/2021\/06\/Professor-Adenilson-1-802x1024-1-611x780.png 611w, https:\/\/adenilsongiovanini.com.br\/blog\/wp-content\/uploads\/2021\/06\/Professor-Adenilson-1-802x1024-1-235x300.png 235w, https:\/\/adenilsongiovanini.com.br\/blog\/wp-content\/uploads\/2021\/06\/Professor-Adenilson-1-802x1024-1-768x981.png 768w, https:\/\/adenilsongiovanini.com.br\/blog\/wp-content\/uploads\/2021\/06\/Professor-Adenilson-1-802x1024-1.png 802w\" sizes=\"(max-width: 611px) 100vw, 611px\" \/><\/p>\n<p><span style=\"color: #000000; font-family: arial, helvetica, sans-serif; font-size: 20px;\">O Professor AdenilsonGiovanini \u00e9 especialista em Topografia Cadastral e Georreferenciamento de Im\u00f3veis Rurais.<\/span><\/p>\n<p><span style=\"color: #000000; font-family: arial, helvetica, sans-serif; font-size: 20px;\">O mesmo possui como miss\u00e3o ajudar outros profissionais a prestarem servi\u00e7os de qualidade, ajudando assim a garantir o direito a propriedade.<\/span><\/p>\n<p><span style=\"color: #000000; font-family: arial, helvetica, sans-serif; font-size: 20px;\">Acredita que ao fazer isso, estar\u00e1 ajudando o Brasil como um todo a ser um Pa\u00eds muito melhor.<\/span><\/p>\n<p><span style=\"color: #000000; font-family: arial, helvetica, sans-serif; font-size: 20px;\">O mesmo possui mais de 960 artigos em seu <span style=\"color: #0000ff;\"><em><a style=\"color: #0000ff;\" href=\"https:\/\/adenilsongiovanini.com.br\/blog\/\" target=\"_blank\" rel=\"noopener noreferrer\">blog<\/a><\/em><\/span> e mais de 520 v\u00eddeos em seu <span style=\"color: #0000ff;\"><em><a style=\"color: #0000ff;\" href=\"https:\/\/www.youtube.com\/channel\/UCe-bR7ghiUOG2TxCSDx5VRw\" target=\"_blank\" rel=\"noopener noreferrer\">canal no YouTube<\/a><\/em><\/span>.<\/span><\/p>\n<p><span style=\"color: #000000; font-family: arial, helvetica, sans-serif; font-size: 20px;\">Tamb\u00e9m \u00e9 o autor de diversos cursos pr\u00e1ticos e deste livro, o qual desde que foi lan\u00e7ado <strong>\u00e9 o livro mais vendido do Brasil sobre o assunto<\/strong>. <\/span><\/p>\n<p><span style=\"color: #000000; font-family: arial, helvetica, sans-serif; font-size: 20px;\">Veja alguns depoimentos a respeito do mesmo.<\/span><\/p>\n<p><img decoding=\"async\" class=\"aligncenter size-large wp-image-24437\" src=\"https:\/\/adenilsongiovanini.com.br\/blog\/wp-content\/uploads\/2021\/06\/curso-de-car-depoimentos-sobre-o-professor-Adenilson-780x505.png\" alt=\"\" width=\"780\" height=\"505\" srcset=\"https:\/\/adenilsongiovanini.com.br\/blog\/wp-content\/uploads\/2021\/06\/curso-de-car-depoimentos-sobre-o-professor-Adenilson-780x505.png 780w, https:\/\/adenilsongiovanini.com.br\/blog\/wp-content\/uploads\/2021\/06\/curso-de-car-depoimentos-sobre-o-professor-Adenilson-300x194.png 300w, https:\/\/adenilsongiovanini.com.br\/blog\/wp-content\/uploads\/2021\/06\/curso-de-car-depoimentos-sobre-o-professor-Adenilson-768x497.png 768w, https:\/\/adenilsongiovanini.com.br\/blog\/wp-content\/uploads\/2021\/06\/curso-de-car-depoimentos-sobre-o-professor-Adenilson.png 1023w\" sizes=\"(max-width: 780px) 100vw, 780px\" \/><\/p>\n<p><span style=\"font-family: arial, helvetica, sans-serif; font-size: 20px; color: #000000;\">Se voc\u00ea quer aprender como proceder na presta\u00e7\u00e3o de servi\u00e7os de loteamento e desmembramento de im\u00f3veis rurais e urbanos, o livro Parcelamento do solo \u00e9 para voc\u00ea. <\/span><\/p>\n<p><span style=\"font-family: arial, helvetica, sans-serif; font-size: 20px; color: #000000;\">O mesmo \u00e9 um material definitivo sobre o tema. Clique no bot\u00e3o abaixo, conhe\u00e7a melhor a estrutura do livro e d\u00ea uma espiadinha no conte\u00fado do mesmo.<\/span><\/p>\n<\/div>\n<div class=\"element\">\n<p><img decoding=\"async\" class=\"aligncenter size-full wp-image-16897\" src=\"https:\/\/adenilsongiovanini.com.br\/blog\/wp-content\/uploads\/2020\/05\/setas-azuis-triplas-e1427388827173.png\" alt=\"\" width=\"400\" height=\"200\" srcset=\"https:\/\/adenilsongiovanini.com.br\/blog\/wp-content\/uploads\/2020\/05\/setas-azuis-triplas-e1427388827173.png 400w, https:\/\/adenilsongiovanini.com.br\/blog\/wp-content\/uploads\/2020\/05\/setas-azuis-triplas-e1427388827173-300x150.png 300w\" sizes=\"(max-width: 400px) 100vw, 400px\" \/><\/p>\n<p>&nbsp;<\/p>\n<p><span style=\"font-family: arial, helvetica, sans-serif; font-size: 20px; color: #000000;\">Clique no bot\u00e3o baixo, conhe\u00e7a melhor a estrutura do livro e garanta sua c\u00f3pia do mesmo.<\/span><\/p>\n<div class=\"su-button-center\"><a href=\"https:\/\/adenilsongiovanini.com.br\/parcelamento-do-solo-2\/\" class=\"su-button su-button-style-3d su-button-wide\" style=\"color:#000000;background-color:#00b025;border-color:#008d1e;border-radius:15px\" target=\"_blank\" rel=\"nofollow\" id=\"2\"><span style=\"color:#000000;padding:0px 36px;font-size:26px;line-height:52px;border-color:#4dc867;border-radius:15px;text-shadow:0px 0px 0px #000000\"> &gt; Quero Conhecer Melhor o Curso, Pois Quero (e preciso) Aprender a Prestar os Servi\u00e7os Prestados em Um Escrit\u00f3rio de Topografia Cadastral&#8230;<\/span><\/a><\/div>\n<\/div>\n<div class=\"element\"><\/div>\n<div class=\"element\">\n<p>&nbsp;<\/p>\n<\/div>\n<div><\/div>\n<\/div>\n","protected":false},"excerpt":{"rendered":"<p>A poucos cliques de dist\u00e2ncia de voc\u00ea encontra-se um livro parcelamento do solo cir\u00fargico, que ir\u00e1 ajudar voc\u00ea a dominar o assunto do in\u00edcio ao fim. Trata-se de um livro de parcelamento do solo com 233 p\u00e1ginas de conte\u00fado. Com a leitura do mesmo voc\u00ea aprender\u00e1 exatamente como proceder em [&hellip;]<\/p>\n","protected":false},"author":1,"featured_media":20531,"comment_status":"closed","ping_status":"closed","sticky":false,"template":"","format":"standard","meta":{"_monsterinsights_skip_tracking":false,"_monsterinsights_sitenote_active":false,"_monsterinsights_sitenote_note":"","_monsterinsights_sitenote_category":0,"footnotes":""},"categories":[59,16,9],"tags":[],"class_list":["post-20529","post","type-post","status-publish","format-standard","has-post-thumbnail","hentry","category-cursos","category-geoempreendedorismo","category-topografia-cadastral"],"yoast_head":"<!-- This site is optimized with the Yoast SEO plugin v26.5 - https:\/\/yoast.com\/wordpress\/plugins\/seo\/ -->\n<title>Livro Parcelamento do Solo? - Adenilson Giovanini<\/title>\n<meta name=\"description\" content=\"Conhe\u00e7a a estrutura do livro parcelamento do solo, d\u00ea uma espiadinha no conte\u00fado do mesmo e veja os 5 b\u00f4nus \u00e9picos que voc\u00ea ganhar\u00e1.\" \/>\n<meta name=\"robots\" content=\"index, follow, max-snippet:-1, max-image-preview:large, max-video-preview:-1\" \/>\n<link rel=\"canonical\" href=\"https:\/\/adenilsongiovanini.com.br\/blog\/livro-parcelamento-do-solo-conheca-o-mesmo\/\" \/>\n<meta property=\"og:locale\" content=\"pt_BR\" \/>\n<meta property=\"og:type\" content=\"article\" \/>\n<meta property=\"og:title\" content=\"Livro Parcelamento do Solo? - Adenilson Giovanini\" \/>\n<meta property=\"og:description\" content=\"Conhe\u00e7a a estrutura do livro parcelamento do solo, d\u00ea uma espiadinha no conte\u00fado do mesmo e veja os 5 b\u00f4nus \u00e9picos que voc\u00ea ganhar\u00e1.\" \/>\n<meta property=\"og:url\" content=\"https:\/\/adenilsongiovanini.com.br\/blog\/livro-parcelamento-do-solo-conheca-o-mesmo\/\" \/>\n<meta property=\"og:site_name\" content=\"Adenilson Giovanini\" \/>\n<meta property=\"article:publisher\" content=\"https:\/\/www.facebook.com\/otopografo\/\" \/>\n<meta property=\"article:author\" content=\"https:\/\/www.facebook.com\/otopografo\/\" \/>\n<meta property=\"article:published_time\" content=\"2021-06-11T16:45:47+00:00\" \/>\n<meta property=\"article:modified_time\" content=\"2022-08-12T19:12:48+00:00\" \/>\n<meta property=\"og:image\" content=\"https:\/\/adenilsongiovanini.com.br\/blog\/wp-content\/uploads\/2021\/06\/livro-parcelamento-do-solo.png\" \/>\n\t<meta property=\"og:image:width\" content=\"1557\" \/>\n\t<meta property=\"og:image:height\" content=\"824\" \/>\n\t<meta property=\"og:image:type\" content=\"image\/png\" \/>\n<meta name=\"author\" content=\"Adenilson Giovanini\" \/>\n<meta name=\"twitter:card\" content=\"summary_large_image\" \/>\n<meta name=\"twitter:label1\" content=\"Escrito por\" \/>\n\t<meta name=\"twitter:data1\" content=\"Adenilson Giovanini\" \/>\n\t<meta name=\"twitter:label2\" content=\"Est. tempo de leitura\" \/>\n\t<meta name=\"twitter:data2\" content=\"11 minutos\" \/>\n<script type=\"application\/ld+json\" class=\"yoast-schema-graph\">{\"@context\":\"https:\/\/schema.org\",\"@graph\":[{\"@type\":\"Article\",\"@id\":\"https:\/\/adenilsongiovanini.com.br\/blog\/livro-parcelamento-do-solo-conheca-o-mesmo\/#article\",\"isPartOf\":{\"@id\":\"https:\/\/adenilsongiovanini.com.br\/blog\/livro-parcelamento-do-solo-conheca-o-mesmo\/\"},\"author\":{\"name\":\"Adenilson Giovanini\",\"@id\":\"https:\/\/adenilsongiovanini.com.br\/blog\/#\/schema\/person\/9c1daa7da73c116aae2cb0568d1daa23\"},\"headline\":\"Livro Parcelamento do Solo?\",\"datePublished\":\"2021-06-11T16:45:47+00:00\",\"dateModified\":\"2022-08-12T19:12:48+00:00\",\"mainEntityOfPage\":{\"@id\":\"https:\/\/adenilsongiovanini.com.br\/blog\/livro-parcelamento-do-solo-conheca-o-mesmo\/\"},\"wordCount\":1352,\"publisher\":{\"@id\":\"https:\/\/adenilsongiovanini.com.br\/blog\/#\/schema\/person\/9c1daa7da73c116aae2cb0568d1daa23\"},\"image\":{\"@id\":\"https:\/\/adenilsongiovanini.com.br\/blog\/livro-parcelamento-do-solo-conheca-o-mesmo\/#primaryimage\"},\"thumbnailUrl\":\"https:\/\/adenilsongiovanini.com.br\/blog\/wp-content\/uploads\/2021\/06\/livro-parcelamento-do-solo.png\",\"articleSection\":[\"Cursos e livros\",\"GeoEmpreendedorismo\",\"Topografia Cadastral\"],\"inLanguage\":\"pt-BR\"},{\"@type\":\"WebPage\",\"@id\":\"https:\/\/adenilsongiovanini.com.br\/blog\/livro-parcelamento-do-solo-conheca-o-mesmo\/\",\"url\":\"https:\/\/adenilsongiovanini.com.br\/blog\/livro-parcelamento-do-solo-conheca-o-mesmo\/\",\"name\":\"Livro Parcelamento do Solo? - Adenilson Giovanini\",\"isPartOf\":{\"@id\":\"https:\/\/adenilsongiovanini.com.br\/blog\/#website\"},\"primaryImageOfPage\":{\"@id\":\"https:\/\/adenilsongiovanini.com.br\/blog\/livro-parcelamento-do-solo-conheca-o-mesmo\/#primaryimage\"},\"image\":{\"@id\":\"https:\/\/adenilsongiovanini.com.br\/blog\/livro-parcelamento-do-solo-conheca-o-mesmo\/#primaryimage\"},\"thumbnailUrl\":\"https:\/\/adenilsongiovanini.com.br\/blog\/wp-content\/uploads\/2021\/06\/livro-parcelamento-do-solo.png\",\"datePublished\":\"2021-06-11T16:45:47+00:00\",\"dateModified\":\"2022-08-12T19:12:48+00:00\",\"description\":\"Conhe\u00e7a a estrutura do livro parcelamento do solo, d\u00ea uma espiadinha no conte\u00fado do mesmo e veja os 5 b\u00f4nus \u00e9picos que voc\u00ea ganhar\u00e1.\",\"breadcrumb\":{\"@id\":\"https:\/\/adenilsongiovanini.com.br\/blog\/livro-parcelamento-do-solo-conheca-o-mesmo\/#breadcrumb\"},\"inLanguage\":\"pt-BR\",\"potentialAction\":[{\"@type\":\"ReadAction\",\"target\":[\"https:\/\/adenilsongiovanini.com.br\/blog\/livro-parcelamento-do-solo-conheca-o-mesmo\/\"]}]},{\"@type\":\"ImageObject\",\"inLanguage\":\"pt-BR\",\"@id\":\"https:\/\/adenilsongiovanini.com.br\/blog\/livro-parcelamento-do-solo-conheca-o-mesmo\/#primaryimage\",\"url\":\"https:\/\/adenilsongiovanini.com.br\/blog\/wp-content\/uploads\/2021\/06\/livro-parcelamento-do-solo.png\",\"contentUrl\":\"https:\/\/adenilsongiovanini.com.br\/blog\/wp-content\/uploads\/2021\/06\/livro-parcelamento-do-solo.png\",\"width\":1557,\"height\":824},{\"@type\":\"BreadcrumbList\",\"@id\":\"https:\/\/adenilsongiovanini.com.br\/blog\/livro-parcelamento-do-solo-conheca-o-mesmo\/#breadcrumb\",\"itemListElement\":[{\"@type\":\"ListItem\",\"position\":1,\"name\":\"Home\",\"item\":\"https:\/\/adenilsongiovanini.com.br\/blog\/\"},{\"@type\":\"ListItem\",\"position\":2,\"name\":\"Livro Parcelamento do Solo?\"}]},{\"@type\":\"WebSite\",\"@id\":\"https:\/\/adenilsongiovanini.com.br\/blog\/#website\",\"url\":\"https:\/\/adenilsongiovanini.com.br\/blog\/\",\"name\":\"Adenilson Giovanini\",\"description\":\"Topografia e Geotecnologias\",\"publisher\":{\"@id\":\"https:\/\/adenilsongiovanini.com.br\/blog\/#\/schema\/person\/9c1daa7da73c116aae2cb0568d1daa23\"},\"potentialAction\":[{\"@type\":\"SearchAction\",\"target\":{\"@type\":\"EntryPoint\",\"urlTemplate\":\"https:\/\/adenilsongiovanini.com.br\/blog\/?s={search_term_string}\"},\"query-input\":{\"@type\":\"PropertyValueSpecification\",\"valueRequired\":true,\"valueName\":\"search_term_string\"}}],\"inLanguage\":\"pt-BR\"},{\"@type\":[\"Person\",\"Organization\"],\"@id\":\"https:\/\/adenilsongiovanini.com.br\/blog\/#\/schema\/person\/9c1daa7da73c116aae2cb0568d1daa23\",\"name\":\"Adenilson Giovanini\",\"image\":{\"@type\":\"ImageObject\",\"inLanguage\":\"pt-BR\",\"@id\":\"https:\/\/adenilsongiovanini.com.br\/blog\/#\/schema\/person\/image\/\",\"url\":\"https:\/\/adenilsongiovanini.com.br\/blog\/wp-content\/litespeed\/avatar\/be8f4de5c0b8a93c57a4f29cbf2f1e92.jpg?ver=1777130135\",\"contentUrl\":\"https:\/\/adenilsongiovanini.com.br\/blog\/wp-content\/litespeed\/avatar\/be8f4de5c0b8a93c57a4f29cbf2f1e92.jpg?ver=1777130135\",\"caption\":\"Adenilson Giovanini\"},\"logo\":{\"@id\":\"https:\/\/adenilsongiovanini.com.br\/blog\/#\/schema\/person\/image\/\"},\"description\":\"O Professor Adenilson Giovanini \u00e9 especialista em Topografia Cadastral e Georreferenciamento de Im\u00f3veis Rurais. O mesmo possui o Maior Site de Engenharia de Agrimensura do Brasil. Site este que tem mais de 102.000 visualiza\u00e7\u00f5es por m\u00eas. Tamb\u00e9m possui mais de 600 v\u00eddeos em seu canal no youtube. Al\u00e9m disso, \u00e9 escritor Best Seller, possuindo v\u00e1rios cursos e livros de sucesso.\",\"sameAs\":[\"http:\/\/adenilsongiovanini.com.br\",\"https:\/\/www.facebook.com\/otopografo\/\",\"https:\/\/www.instagram.com\/adenilson_giovanini\/\",\"https:\/\/www.linkedin.com\/in\/adenilson-giovanini-819b8035\/\",\"https:\/\/br.pinterest.com\/adenilsongiovanini\/\",\"https:\/\/www.youtube.com\/channel\/uce-br7ghiuog2txcsdx5vrw\"]}]}<\/script>\n<!-- \/ Yoast SEO plugin. -->","yoast_head_json":{"title":"Livro Parcelamento do Solo? - Adenilson Giovanini","description":"Conhe\u00e7a a estrutura do livro parcelamento do solo, d\u00ea uma espiadinha no conte\u00fado do mesmo e veja os 5 b\u00f4nus \u00e9picos que voc\u00ea ganhar\u00e1.","robots":{"index":"index","follow":"follow","max-snippet":"max-snippet:-1","max-image-preview":"max-image-preview:large","max-video-preview":"max-video-preview:-1"},"canonical":"https:\/\/adenilsongiovanini.com.br\/blog\/livro-parcelamento-do-solo-conheca-o-mesmo\/","og_locale":"pt_BR","og_type":"article","og_title":"Livro Parcelamento do Solo? - Adenilson Giovanini","og_description":"Conhe\u00e7a a estrutura do livro parcelamento do solo, d\u00ea uma espiadinha no conte\u00fado do mesmo e veja os 5 b\u00f4nus \u00e9picos que voc\u00ea ganhar\u00e1.","og_url":"https:\/\/adenilsongiovanini.com.br\/blog\/livro-parcelamento-do-solo-conheca-o-mesmo\/","og_site_name":"Adenilson Giovanini","article_publisher":"https:\/\/www.facebook.com\/otopografo\/","article_author":"https:\/\/www.facebook.com\/otopografo\/","article_published_time":"2021-06-11T16:45:47+00:00","article_modified_time":"2022-08-12T19:12:48+00:00","og_image":[{"width":1557,"height":824,"url":"https:\/\/adenilsongiovanini.com.br\/blog\/wp-content\/uploads\/2021\/06\/livro-parcelamento-do-solo.png","type":"image\/png"}],"author":"Adenilson Giovanini","twitter_card":"summary_large_image","twitter_misc":{"Escrito por":"Adenilson Giovanini","Est. tempo de leitura":"11 minutos"},"schema":{"@context":"https:\/\/schema.org","@graph":[{"@type":"Article","@id":"https:\/\/adenilsongiovanini.com.br\/blog\/livro-parcelamento-do-solo-conheca-o-mesmo\/#article","isPartOf":{"@id":"https:\/\/adenilsongiovanini.com.br\/blog\/livro-parcelamento-do-solo-conheca-o-mesmo\/"},"author":{"name":"Adenilson Giovanini","@id":"https:\/\/adenilsongiovanini.com.br\/blog\/#\/schema\/person\/9c1daa7da73c116aae2cb0568d1daa23"},"headline":"Livro Parcelamento do Solo?","datePublished":"2021-06-11T16:45:47+00:00","dateModified":"2022-08-12T19:12:48+00:00","mainEntityOfPage":{"@id":"https:\/\/adenilsongiovanini.com.br\/blog\/livro-parcelamento-do-solo-conheca-o-mesmo\/"},"wordCount":1352,"publisher":{"@id":"https:\/\/adenilsongiovanini.com.br\/blog\/#\/schema\/person\/9c1daa7da73c116aae2cb0568d1daa23"},"image":{"@id":"https:\/\/adenilsongiovanini.com.br\/blog\/livro-parcelamento-do-solo-conheca-o-mesmo\/#primaryimage"},"thumbnailUrl":"https:\/\/adenilsongiovanini.com.br\/blog\/wp-content\/uploads\/2021\/06\/livro-parcelamento-do-solo.png","articleSection":["Cursos e livros","GeoEmpreendedorismo","Topografia Cadastral"],"inLanguage":"pt-BR"},{"@type":"WebPage","@id":"https:\/\/adenilsongiovanini.com.br\/blog\/livro-parcelamento-do-solo-conheca-o-mesmo\/","url":"https:\/\/adenilsongiovanini.com.br\/blog\/livro-parcelamento-do-solo-conheca-o-mesmo\/","name":"Livro Parcelamento do Solo? - Adenilson Giovanini","isPartOf":{"@id":"https:\/\/adenilsongiovanini.com.br\/blog\/#website"},"primaryImageOfPage":{"@id":"https:\/\/adenilsongiovanini.com.br\/blog\/livro-parcelamento-do-solo-conheca-o-mesmo\/#primaryimage"},"image":{"@id":"https:\/\/adenilsongiovanini.com.br\/blog\/livro-parcelamento-do-solo-conheca-o-mesmo\/#primaryimage"},"thumbnailUrl":"https:\/\/adenilsongiovanini.com.br\/blog\/wp-content\/uploads\/2021\/06\/livro-parcelamento-do-solo.png","datePublished":"2021-06-11T16:45:47+00:00","dateModified":"2022-08-12T19:12:48+00:00","description":"Conhe\u00e7a a estrutura do livro parcelamento do solo, d\u00ea uma espiadinha no conte\u00fado do mesmo e veja os 5 b\u00f4nus \u00e9picos que voc\u00ea ganhar\u00e1.","breadcrumb":{"@id":"https:\/\/adenilsongiovanini.com.br\/blog\/livro-parcelamento-do-solo-conheca-o-mesmo\/#breadcrumb"},"inLanguage":"pt-BR","potentialAction":[{"@type":"ReadAction","target":["https:\/\/adenilsongiovanini.com.br\/blog\/livro-parcelamento-do-solo-conheca-o-mesmo\/"]}]},{"@type":"ImageObject","inLanguage":"pt-BR","@id":"https:\/\/adenilsongiovanini.com.br\/blog\/livro-parcelamento-do-solo-conheca-o-mesmo\/#primaryimage","url":"https:\/\/adenilsongiovanini.com.br\/blog\/wp-content\/uploads\/2021\/06\/livro-parcelamento-do-solo.png","contentUrl":"https:\/\/adenilsongiovanini.com.br\/blog\/wp-content\/uploads\/2021\/06\/livro-parcelamento-do-solo.png","width":1557,"height":824},{"@type":"BreadcrumbList","@id":"https:\/\/adenilsongiovanini.com.br\/blog\/livro-parcelamento-do-solo-conheca-o-mesmo\/#breadcrumb","itemListElement":[{"@type":"ListItem","position":1,"name":"Home","item":"https:\/\/adenilsongiovanini.com.br\/blog\/"},{"@type":"ListItem","position":2,"name":"Livro Parcelamento do Solo?"}]},{"@type":"WebSite","@id":"https:\/\/adenilsongiovanini.com.br\/blog\/#website","url":"https:\/\/adenilsongiovanini.com.br\/blog\/","name":"Adenilson Giovanini","description":"Topografia e Geotecnologias","publisher":{"@id":"https:\/\/adenilsongiovanini.com.br\/blog\/#\/schema\/person\/9c1daa7da73c116aae2cb0568d1daa23"},"potentialAction":[{"@type":"SearchAction","target":{"@type":"EntryPoint","urlTemplate":"https:\/\/adenilsongiovanini.com.br\/blog\/?s={search_term_string}"},"query-input":{"@type":"PropertyValueSpecification","valueRequired":true,"valueName":"search_term_string"}}],"inLanguage":"pt-BR"},{"@type":["Person","Organization"],"@id":"https:\/\/adenilsongiovanini.com.br\/blog\/#\/schema\/person\/9c1daa7da73c116aae2cb0568d1daa23","name":"Adenilson Giovanini","image":{"@type":"ImageObject","inLanguage":"pt-BR","@id":"https:\/\/adenilsongiovanini.com.br\/blog\/#\/schema\/person\/image\/","url":"https:\/\/adenilsongiovanini.com.br\/blog\/wp-content\/litespeed\/avatar\/be8f4de5c0b8a93c57a4f29cbf2f1e92.jpg?ver=1777130135","contentUrl":"https:\/\/adenilsongiovanini.com.br\/blog\/wp-content\/litespeed\/avatar\/be8f4de5c0b8a93c57a4f29cbf2f1e92.jpg?ver=1777130135","caption":"Adenilson Giovanini"},"logo":{"@id":"https:\/\/adenilsongiovanini.com.br\/blog\/#\/schema\/person\/image\/"},"description":"O Professor Adenilson Giovanini \u00e9 especialista em Topografia Cadastral e Georreferenciamento de Im\u00f3veis Rurais. O mesmo possui o Maior Site de Engenharia de Agrimensura do Brasil. Site este que tem mais de 102.000 visualiza\u00e7\u00f5es por m\u00eas. Tamb\u00e9m possui mais de 600 v\u00eddeos em seu canal no youtube. Al\u00e9m disso, \u00e9 escritor Best Seller, possuindo v\u00e1rios cursos e livros de sucesso.","sameAs":["http:\/\/adenilsongiovanini.com.br","https:\/\/www.facebook.com\/otopografo\/","https:\/\/www.instagram.com\/adenilson_giovanini\/","https:\/\/www.linkedin.com\/in\/adenilson-giovanini-819b8035\/","https:\/\/br.pinterest.com\/adenilsongiovanini\/","https:\/\/www.youtube.com\/channel\/uce-br7ghiuog2txcsdx5vrw"]}]}},"amp_enabled":true,"_links":{"self":[{"href":"https:\/\/adenilsongiovanini.com.br\/blog\/wp-json\/wp\/v2\/posts\/20529","targetHints":{"allow":["GET"]}}],"collection":[{"href":"https:\/\/adenilsongiovanini.com.br\/blog\/wp-json\/wp\/v2\/posts"}],"about":[{"href":"https:\/\/adenilsongiovanini.com.br\/blog\/wp-json\/wp\/v2\/types\/post"}],"author":[{"embeddable":true,"href":"https:\/\/adenilsongiovanini.com.br\/blog\/wp-json\/wp\/v2\/users\/1"}],"replies":[{"embeddable":true,"href":"https:\/\/adenilsongiovanini.com.br\/blog\/wp-json\/wp\/v2\/comments?post=20529"}],"version-history":[{"count":0,"href":"https:\/\/adenilsongiovanini.com.br\/blog\/wp-json\/wp\/v2\/posts\/20529\/revisions"}],"wp:featuredmedia":[{"embeddable":true,"href":"https:\/\/adenilsongiovanini.com.br\/blog\/wp-json\/wp\/v2\/media\/20531"}],"wp:attachment":[{"href":"https:\/\/adenilsongiovanini.com.br\/blog\/wp-json\/wp\/v2\/media?parent=20529"}],"wp:term":[{"taxonomy":"category","embeddable":true,"href":"https:\/\/adenilsongiovanini.com.br\/blog\/wp-json\/wp\/v2\/categories?post=20529"},{"taxonomy":"post_tag","embeddable":true,"href":"https:\/\/adenilsongiovanini.com.br\/blog\/wp-json\/wp\/v2\/tags?post=20529"}],"curies":[{"name":"wp","href":"https:\/\/api.w.org\/{rel}","templated":true}]}}