{"id":2033,"date":"2018-11-07T11:23:15","date_gmt":"2018-11-07T11:23:15","guid":{"rendered":"http:\/\/adenilsongiovanini.com.br\/blog\/?p=2033"},"modified":"2022-08-01T18:50:23","modified_gmt":"2022-08-01T18:50:23","slug":"i3geo-incra","status":"publish","type":"post","link":"https:\/\/adenilsongiovanini.com.br\/blog\/i3geo-incra\/","title":{"rendered":"i3geo incra: visualizar im\u00f3veis georreferenciados?"},"content":{"rendered":"<p style=\"text-align: center;\"><span style=\"font-size: 20px; font-family: arial, helvetica, sans-serif; line-height: 1.3; color: #000000;\">Como voc\u00ea deve saber, a ferramenta <em><strong>i3geo incra<\/strong><\/em> possibilita visualizar-se todos os im\u00f3veis georreferenciados do pais no i3geo.<\/span><\/p>\n<p style=\"text-align: center;\"><span style=\"font-size: 20px; font-family: arial, helvetica, sans-serif; line-height: 1.3; color: #000000;\">Tal ferramenta pode ser acessada atrav\u00e9s do site <a style=\"color: #000000;\" href=\"https:\/\/acervofundiario.incra.gov.br\/acervo\/acv.php\"><span style=\"color: #0000ff;\">acervo fundi\u00e1rio<\/span><\/a>, por\u00e9m antes de voc\u00ea acessar a mesma, eu quero te ensinar a fazer uma <span style=\"color: #0000ff;\"><a style=\"color: #0000ff;\" href=\"https:\/\/geobases.es.gov.br\/Media\/Geobases\/documentos\/manuais\/TUTORIAL_PARA_CONEXAO_WEBSERVICES_GEOBASES.pdf\" target=\"_blank\" rel=\"noopener noreferrer\">conex\u00e3o WMS<\/a><\/span> e a visualizar os im\u00f3veis georreferenciados no QGIS.<\/span><\/p>\n<p style=\"text-align: center;\"><span style=\"font-size: 20px; font-family: arial, helvetica, sans-serif; line-height: 1.3; color: #000000;\">Na realidade, voc\u00ea pode utilizar o mesmo procedimento para visualizar os im\u00f3veis georreferenciados no <span style=\"color: #0000ff;\"><a style=\"color: #0000ff;\" href=\"https:\/\/www.arcgis.com\/index.html\">ArcGIS<\/a><\/span>, caso deseje.<\/span><\/p>\n<p style=\"text-align: center;\"><span style=\"font-size: 20px; color: #000000;\"><strong><span style=\"font-family: arial, helvetica, sans-serif; line-height: 1.3;\">E qual a vantagem de fazer-se isso?<\/span><\/strong><\/span><\/p>\n<p style=\"text-align: center;\"><span style=\"font-size: 20px; font-family: arial, helvetica, sans-serif; line-height: 1.3; color: #000000;\">Simples, a partir do momento que voc\u00ea consegue visualizar os dados georreferenciados em um <span style=\"color: #0000ff;\"><a style=\"color: #0000ff;\" href=\"http:\/\/adenilsongiovanini.com.br\/blog\/sistema-de-informacoes-geograficas\/\" target=\"_blank\" rel=\"noopener noreferrer\">ambiente SIG<\/a><\/span>, conseguir\u00e1 importar os dados obtidos a campo para o mesmo e verificar se existe ou n\u00e3o sobreposi\u00e7\u00e3o de dados.<\/span><\/p>\n<p style=\"text-align: center;\"><span style=\"font-size: 20px; font-family: arial, helvetica, sans-serif; line-height: 1.3; color: #000000;\">Neste artigo voc\u00ea aprender\u00e1 como fazer a conex\u00e3o do aplicativo i3geo incra com o <span style=\"color: #0000ff;\"><a style=\"color: #0000ff;\" href=\"https:\/\/www.qgis.org\/pt_BR\/site\/\" target=\"_blank\" rel=\"noopener noreferrer\">QGIS<\/a> <\/span>via WMS.<\/span><\/p>\n<p style=\"text-align: center;\"><span style=\"font-size: 20px; font-family: arial, helvetica, sans-serif; line-height: 1.3; color: #000000;\">Antes disso deixe-me lhe indicar a leitura de outros 2 artigos geniais sobre Georreferenciamento de Im\u00f3veis rurais. S\u00e3o eles:<\/span><\/p>\n<h4 class=\"entry-title\"><span style=\"font-family: arial, helvetica, sans-serif; font-size: 20px; line-height: 1.3; color: #000000;\">&gt; <span style=\"color: #0000ff;\"><a style=\"color: #0000ff;\" title=\"Permalink to Levantamento topogr\u00e1fico \u2013 Qual o melhor GPS?\" href=\"http:\/\/adenilsongiovanini.com.br\/blog\/levantamento-topografico-melhor-gps\/\" rel=\"bookmark\">Levantamento topogr\u00e1fico \u2013 Qual o melhor GPS?<\/a><\/span><\/span><\/h4>\n<p><span style=\"font-family: arial, helvetica, sans-serif; font-size: 20px; line-height: 1.3; color: #000000;\">&gt; <span style=\"color: #0000ff;\"><strong><a style=\"color: #0000ff;\" title=\"Permalink to incra georreferenciamento. 6 d\u00favidas cabeludas respondidas!\" href=\"http:\/\/adenilsongiovanini.com.br\/blog\/incra-georreferenciamento\/\" rel=\"bookmark\">incra georreferenciamento. 6 d\u00favidas cabeludas respondidas!<\/a><\/strong><\/span><\/span><\/p>\n<h2 style=\"text-align: center;\"><span style=\"font-size: 24px; color: #000000;\"><strong><span style=\"font-family: arial, helvetica, sans-serif; line-height: 1.3;\">Conectando a base de dados I3geo incra ao QGIS<\/span><\/strong><\/span><\/h2>\n<p style=\"text-align: center;\"><span style=\"font-size: 20px; font-family: arial, helvetica, sans-serif; line-height: 1.3; color: #000000;\">O primeiro passo para conectar a base de dados I3geo incra ao QGIS ou ArcGIS \u00e9 acessar o site acervo fundi\u00e1rio, atrav\u00e9s <span style=\"color: #0000ff;\"><a style=\"color: #0000ff;\" href=\"http:\/\/acervofundiario.incra.gov.br\/acervo\/acv.php\">deste link<\/a><\/span>.<\/span><\/p>\n<p style=\"text-align: center;\"><span style=\"font-size: 20px; font-family: arial, helvetica, sans-serif; line-height: 1.3; color: #000000;\">Voc\u00ea verificar\u00e1 que o mesmo possui v\u00e1rias se\u00e7\u00f5es. Caso deseje conhecer as mesmas sinta-se a vontade. Por\u00e9m uma vez feito isso, selecione a op\u00e7\u00e3o i3geo incra.<\/span><\/p>\n<p style=\"text-align: center;\"><span style=\"font-size: 20px; color: #000000;\"><a style=\"color: #000000;\" href=\"http:\/\/adenilsongiovanini.com.br\/blog\/wp-content\/uploads\/2018\/11\/Acessando-o-i3geo-incra.png\"><img decoding=\"async\" class=\"aligncenter wp-image-2048\" src=\"http:\/\/adenilsongiovanini.com.br\/blog\/wp-content\/uploads\/2018\/11\/Acessando-o-i3geo-incra.png\" alt=\"Acessando o i3geo incra\" width=\"650\" height=\"482\" srcset=\"https:\/\/adenilsongiovanini.com.br\/blog\/wp-content\/uploads\/2018\/11\/Acessando-o-i3geo-incra.png 933w, https:\/\/adenilsongiovanini.com.br\/blog\/wp-content\/uploads\/2018\/11\/Acessando-o-i3geo-incra-300x223.png 300w, https:\/\/adenilsongiovanini.com.br\/blog\/wp-content\/uploads\/2018\/11\/Acessando-o-i3geo-incra-780x579.png 780w, https:\/\/adenilsongiovanini.com.br\/blog\/wp-content\/uploads\/2018\/11\/Acessando-o-i3geo-incra-768x570.png 768w\" sizes=\"(max-width: 650px) 100vw, 650px\" \/><\/a><\/span><\/p>\n<p>&nbsp;<\/p>\n<p style=\"text-align: center;\"><span style=\"font-size: 20px; font-family: arial, helvetica, sans-serif; line-height: 1.3; color: #000000;\">Uma vez que voc\u00ea tenha acessado o i3geo incra, abra o QGIS para que possamos come\u00e7ar a conex\u00e3o. Assim que o <span style=\"color: #0000ff;\"><a href=\"https:\/\/adenilsongiovanini.com.br\/blog\/curso-de-qgis-online-veja-esta-novidade\/\" style=\"color: #0000ff;\">QGIS<\/a><\/span> estiver aberto, selecione a op\u00e7\u00e3o mostrada na imagem abaixo:<\/span><\/p>\n<p style=\"text-align: center;\"><span style=\"font-size: 20px; font-family: arial, helvetica, sans-serif; line-height: 1.3; color: #000000;\"><a style=\"color: #000000;\" href=\"http:\/\/adenilsongiovanini.com.br\/blog\/wp-content\/uploads\/2018\/11\/adicionar-camada-wms.png\"><img decoding=\"async\" class=\"aligncenter wp-image-2036\" src=\"http:\/\/adenilsongiovanini.com.br\/blog\/wp-content\/uploads\/2018\/11\/adicionar-camada-wms.png\" alt=\"adicionar camada wms\" width=\"650\" height=\"429\" srcset=\"https:\/\/adenilsongiovanini.com.br\/blog\/wp-content\/uploads\/2018\/11\/adicionar-camada-wms.png 922w, https:\/\/adenilsongiovanini.com.br\/blog\/wp-content\/uploads\/2018\/11\/adicionar-camada-wms-300x198.png 300w, https:\/\/adenilsongiovanini.com.br\/blog\/wp-content\/uploads\/2018\/11\/adicionar-camada-wms-780x514.png 780w, https:\/\/adenilsongiovanini.com.br\/blog\/wp-content\/uploads\/2018\/11\/adicionar-camada-wms-768x506.png 768w\" sizes=\"(max-width: 650px) 100vw, 650px\" \/><\/a><\/span><\/p>\n<p>&nbsp;<\/p>\n<p><center><\/center><center><span style=\"font-size: 20px; font-family: arial, helvetica, sans-serif; line-height: 1.3; color: #000000;\">Se abrir\u00e1 um menu flutuante, no mesmo selecione a op\u00e7\u00e3o novo.<\/span><\/center><center><\/center><center><\/center><center><span style=\"font-size: 20px; color: #000000;\"><a style=\"color: #000000;\" href=\"http:\/\/adenilsongiovanini.com.br\/blog\/wp-content\/uploads\/2018\/11\/Criando-nova-conex\u00e3o-i3geo-incra-qgis.png\"><img decoding=\"async\" class=\"aligncenter wp-image-2049\" src=\"http:\/\/adenilsongiovanini.com.br\/blog\/wp-content\/uploads\/2018\/11\/Criando-nova-conex\u00e3o-i3geo-incra-qgis.png\" alt=\"Criando nova conex\u00e3o i3geo incra qgis\" width=\"650\" height=\"419\" srcset=\"https:\/\/adenilsongiovanini.com.br\/blog\/wp-content\/uploads\/2018\/11\/Criando-nova-conex\u00e3o-i3geo-incra-qgis.png 881w, https:\/\/adenilsongiovanini.com.br\/blog\/wp-content\/uploads\/2018\/11\/Criando-nova-conex\u00e3o-i3geo-incra-qgis-300x193.png 300w, https:\/\/adenilsongiovanini.com.br\/blog\/wp-content\/uploads\/2018\/11\/Criando-nova-conex\u00e3o-i3geo-incra-qgis-780x503.png 780w, https:\/\/adenilsongiovanini.com.br\/blog\/wp-content\/uploads\/2018\/11\/Criando-nova-conex\u00e3o-i3geo-incra-qgis-768x495.png 768w\" sizes=\"(max-width: 650px) 100vw, 650px\" \/><\/a><\/span><\/center><center><\/center><center><\/center><center><\/center><center><\/center><\/p>\n<p>&nbsp;<\/p>\n<p><center><span style=\"font-size: 20px; font-family: arial, helvetica, sans-serif; line-height: 1.3; color: #000000;\">No novo menu flutuante que se abrir, d\u00ea um nome para a conex\u00e3o criada.<\/span><\/center><center><\/center><center><span style=\"font-size: 20px; font-family: arial, helvetica, sans-serif; color: #000000;\"><a style=\"color: #000000;\" href=\"http:\/\/adenilsongiovanini.com.br\/blog\/wp-content\/uploads\/2018\/11\/nomeando-a-conex\u00e3o-i3geo-incra.png\"><img decoding=\"async\" class=\"aligncenter wp-image-2038\" src=\"http:\/\/adenilsongiovanini.com.br\/blog\/wp-content\/uploads\/2018\/11\/nomeando-a-conex\u00e3o-i3geo-incra.png\" alt=\"nomeando a conex\u00e3o i3geo incra\" width=\"650\" height=\"419\" srcset=\"https:\/\/adenilsongiovanini.com.br\/blog\/wp-content\/uploads\/2018\/11\/nomeando-a-conex\u00e3o-i3geo-incra.png 924w, https:\/\/adenilsongiovanini.com.br\/blog\/wp-content\/uploads\/2018\/11\/nomeando-a-conex\u00e3o-i3geo-incra-300x193.png 300w, https:\/\/adenilsongiovanini.com.br\/blog\/wp-content\/uploads\/2018\/11\/nomeando-a-conex\u00e3o-i3geo-incra-780x502.png 780w, https:\/\/adenilsongiovanini.com.br\/blog\/wp-content\/uploads\/2018\/11\/nomeando-a-conex\u00e3o-i3geo-incra-768x495.png 768w\" sizes=\"(max-width: 650px) 100vw, 650px\" \/><\/a><\/span><\/center><center><\/center><center><\/center><\/p>\n<p>&nbsp;<\/p>\n<p><center><\/center><center><span style=\"font-size: 20px; font-family: arial, helvetica, sans-serif; line-height: 1.3; color: #000000;\">Navegue at\u00e9 o site do i3geo incra e uma vez no mesmo, selecione a op\u00e7\u00e3o cat\u00e1logo e espere um pouco, pois o site ir\u00e1 demorar um tempo razo\u00e1vel para ser carregado.<\/span><\/center><center><\/center><center><\/center><center><span style=\"font-size: 20px; font-family: arial, helvetica, sans-serif; color: #000000;\"><a style=\"color: #000000;\" href=\"http:\/\/adenilsongiovanini.com.br\/blog\/wp-content\/uploads\/2018\/11\/Guia-cat\u00e1logo.png\"><img decoding=\"async\" class=\"aligncenter wp-image-2042\" src=\"http:\/\/adenilsongiovanini.com.br\/blog\/wp-content\/uploads\/2018\/11\/Guia-cat\u00e1logo.png\" alt=\"Guia cat\u00e1logo\" width=\"650\" height=\"385\" srcset=\"https:\/\/adenilsongiovanini.com.br\/blog\/wp-content\/uploads\/2018\/11\/Guia-cat\u00e1logo.png 997w, https:\/\/adenilsongiovanini.com.br\/blog\/wp-content\/uploads\/2018\/11\/Guia-cat\u00e1logo-300x178.png 300w, https:\/\/adenilsongiovanini.com.br\/blog\/wp-content\/uploads\/2018\/11\/Guia-cat\u00e1logo-780x462.png 780w, https:\/\/adenilsongiovanini.com.br\/blog\/wp-content\/uploads\/2018\/11\/Guia-cat\u00e1logo-768x454.png 768w\" sizes=\"(max-width: 650px) 100vw, 650px\" \/><\/a><\/span><\/center><\/p>\n<p>&nbsp;<\/p>\n<p><span style=\"font-size: 20px; font-family: arial, helvetica, sans-serif; line-height: 1.3; color: #000000;\">No meu caso, irei selecionar todas as categorias de im\u00f3veis certificados do Rio Grande do Sul. Para isso, \u00e9 s\u00f3 navegar at\u00e9 o nome do estado e abrir a pasta referente ao mesmo.<\/span><\/p>\n<p><span style=\"font-size: 20px; font-family: arial, helvetica, sans-serif; line-height: 1.3; color: #000000;\">Ir\u00e1 demorar alguns segundos para que as fei\u00e7\u00f5es seja carregadas. Veja o detalhe na imagem abaixo. Perceba que os im\u00f3veis aparecem no ambiente de visualiza\u00e7\u00e3o dos dados.<\/span><\/p>\n<p style=\"text-align: center;\"><span style=\"font-size: 20px; color: #000000;\"><a style=\"color: #000000;\" href=\"http:\/\/adenilsongiovanini.com.br\/blog\/wp-content\/uploads\/2018\/11\/Im\u00f3veis-georreferenciados-do-Rio-Grande-do-Sul.png\"><img decoding=\"async\" class=\"aligncenter wp-image-2050\" src=\"http:\/\/adenilsongiovanini.com.br\/blog\/wp-content\/uploads\/2018\/11\/Im\u00f3veis-georreferenciados-do-Rio-Grande-do-Sul.png\" alt=\"i3geo incra - Im\u00f3veis georreferenciados do Rio Grande do Sul\" width=\"650\" height=\"401\" srcset=\"https:\/\/adenilsongiovanini.com.br\/blog\/wp-content\/uploads\/2018\/11\/Im\u00f3veis-georreferenciados-do-Rio-Grande-do-Sul.png 1012w, https:\/\/adenilsongiovanini.com.br\/blog\/wp-content\/uploads\/2018\/11\/Im\u00f3veis-georreferenciados-do-Rio-Grande-do-Sul-300x185.png 300w, https:\/\/adenilsongiovanini.com.br\/blog\/wp-content\/uploads\/2018\/11\/Im\u00f3veis-georreferenciados-do-Rio-Grande-do-Sul-780x481.png 780w, https:\/\/adenilsongiovanini.com.br\/blog\/wp-content\/uploads\/2018\/11\/Im\u00f3veis-georreferenciados-do-Rio-Grande-do-Sul-768x474.png 768w\" sizes=\"(max-width: 650px) 100vw, 650px\" \/><\/a><\/span><\/p>\n<p>&nbsp;<\/p>\n<p style=\"text-align: center;\"><span style=\"font-size: 20px; font-family: arial, helvetica, sans-serif; line-height: 1.3; color: #000000;\">Assim que as mesmas tiverem sido carregadas, copie o link de conex\u00e3o.<\/span><\/p>\n<p style=\"text-align: center;\"><span style=\"font-size: 20px; font-family: arial, helvetica, sans-serif; line-height: 1.3; color: #000000;\">Uma vez que voc\u00ea tenha carregado as fei\u00e7\u00f5es de interesse, na guia arquivo, clique em converter &#8220;converter em WMS e WMC&#8221;.<\/span><\/p>\n<p>&nbsp;<\/p>\n<p style=\"text-align: center;\"><span style=\"font-size: 20px; font-family: arial, helvetica, sans-serif; line-height: 1.3; color: #000000;\"><a style=\"color: #000000;\" href=\"http:\/\/adenilsongiovanini.com.br\/blog\/wp-content\/uploads\/2018\/11\/i3geo-incra-convertendo-dados-para-wms.png\"><img decoding=\"async\" class=\"aligncenter wp-image-2035\" src=\"http:\/\/adenilsongiovanini.com.br\/blog\/wp-content\/uploads\/2018\/11\/i3geo-incra-convertendo-dados-para-wms.png\" alt=\"i3geo incra - convertendo dados para wms\" width=\"555\" height=\"346\" srcset=\"https:\/\/adenilsongiovanini.com.br\/blog\/wp-content\/uploads\/2018\/11\/i3geo-incra-convertendo-dados-para-wms.png 1004w, https:\/\/adenilsongiovanini.com.br\/blog\/wp-content\/uploads\/2018\/11\/i3geo-incra-convertendo-dados-para-wms-300x187.png 300w, https:\/\/adenilsongiovanini.com.br\/blog\/wp-content\/uploads\/2018\/11\/i3geo-incra-convertendo-dados-para-wms-780x486.png 780w, https:\/\/adenilsongiovanini.com.br\/blog\/wp-content\/uploads\/2018\/11\/i3geo-incra-convertendo-dados-para-wms-768x479.png 768w\" sizes=\"(max-width: 555px) 100vw, 555px\" \/><\/a><\/span><\/p>\n<p>&nbsp;<\/p>\n<p style=\"text-align: center;\"><span style=\"font-size: 20px; font-family: arial, helvetica, sans-serif; line-height: 1.3; color: #000000;\">Copie o <span style=\"color: #0000ff;\">link WMS<\/span>, conforme \u00e9 mostrado na imagem abaixo.<\/span><\/p>\n<p><center><span style=\"font-size: 20px; font-family: arial, helvetica, sans-serif; line-height: 1.3; color: #000000;\"><a style=\"color: #000000;\" href=\"http:\/\/adenilsongiovanini.com.br\/blog\/wp-content\/uploads\/2018\/11\/link-de-conex\u00e3o.png\"><img decoding=\"async\" class=\"aligncenter wp-image-2039\" src=\"http:\/\/adenilsongiovanini.com.br\/blog\/wp-content\/uploads\/2018\/11\/link-de-conex\u00e3o.png\" alt=\"link de conex\u00e3o\" width=\"650\" height=\"392\" srcset=\"https:\/\/adenilsongiovanini.com.br\/blog\/wp-content\/uploads\/2018\/11\/link-de-conex\u00e3o.png 939w, https:\/\/adenilsongiovanini.com.br\/blog\/wp-content\/uploads\/2018\/11\/link-de-conex\u00e3o-300x181.png 300w, https:\/\/adenilsongiovanini.com.br\/blog\/wp-content\/uploads\/2018\/11\/link-de-conex\u00e3o-780x471.png 780w, https:\/\/adenilsongiovanini.com.br\/blog\/wp-content\/uploads\/2018\/11\/link-de-conex\u00e3o-768x464.png 768w\" sizes=\"(max-width: 650px) 100vw, 650px\" \/><\/a><\/span><\/center><\/p>\n<p>&nbsp;<\/p>\n<p><center><\/center><center><\/center><center><\/center><center><\/center><center><span style=\"font-size: 20px; font-family: arial, helvetica, sans-serif; color: #000000;\">Uma vez feito isso, \u00e9 s\u00f3 colar o link no QGIS.<\/span><\/center><center><\/center><center><\/center><center><span style=\"font-size: 20px; font-family: arial, helvetica, sans-serif; color: #000000;\"><a style=\"color: #000000;\" href=\"http:\/\/adenilsongiovanini.com.br\/blog\/wp-content\/uploads\/2018\/11\/inserindo-link-no-qgis.png\"><img decoding=\"async\" class=\"aligncenter wp-image-2040\" src=\"http:\/\/adenilsongiovanini.com.br\/blog\/wp-content\/uploads\/2018\/11\/inserindo-link-no-qgis.png\" alt=\"inserindo link no qgis\" width=\"650\" height=\"416\" srcset=\"https:\/\/adenilsongiovanini.com.br\/blog\/wp-content\/uploads\/2018\/11\/inserindo-link-no-qgis.png 950w, https:\/\/adenilsongiovanini.com.br\/blog\/wp-content\/uploads\/2018\/11\/inserindo-link-no-qgis-300x192.png 300w, https:\/\/adenilsongiovanini.com.br\/blog\/wp-content\/uploads\/2018\/11\/inserindo-link-no-qgis-780x499.png 780w, https:\/\/adenilsongiovanini.com.br\/blog\/wp-content\/uploads\/2018\/11\/inserindo-link-no-qgis-768x492.png 768w\" sizes=\"(max-width: 650px) 100vw, 650px\" \/><\/a><\/span><\/center><center><\/center><center><\/center><\/p>\n<p>&nbsp;<\/p>\n<p><center><span style=\"font-family: arial, helvetica, sans-serif; font-size: 20px; line-height: 1.3; color: #000000;\">O pr\u00f3ximo passo para conectar o i3geo incra ao qgis \u00e9 s\u00f3 clicar no bot\u00e3o ok e no menu flutuante principal, selecionar a op\u00e7\u00e3o conectar.<\/span><\/center><center><\/center><center><\/center><center><span style=\"font-size: 20px; font-family: arial, helvetica, sans-serif; line-height: 1.3; color: #000000;\"><a style=\"color: #000000;\" href=\"http:\/\/adenilsongiovanini.com.br\/blog\/wp-content\/uploads\/2018\/11\/estabelecendo-conex\u00e3o-wms.png\"><img decoding=\"async\" class=\"aligncenter wp-image-2041\" src=\"http:\/\/adenilsongiovanini.com.br\/blog\/wp-content\/uploads\/2018\/11\/estabelecendo-conex\u00e3o-wms.png\" alt=\"i3geo incra - estabelecendo conex\u00e3o wms\" width=\"650\" height=\"426\" srcset=\"https:\/\/adenilsongiovanini.com.br\/blog\/wp-content\/uploads\/2018\/11\/estabelecendo-conex\u00e3o-wms.png 933w, https:\/\/adenilsongiovanini.com.br\/blog\/wp-content\/uploads\/2018\/11\/estabelecendo-conex\u00e3o-wms-300x196.png 300w, https:\/\/adenilsongiovanini.com.br\/blog\/wp-content\/uploads\/2018\/11\/estabelecendo-conex\u00e3o-wms-780x511.png 780w, https:\/\/adenilsongiovanini.com.br\/blog\/wp-content\/uploads\/2018\/11\/estabelecendo-conex\u00e3o-wms-768x503.png 768w\" sizes=\"(max-width: 650px) 100vw, 650px\" \/><\/a><\/span><\/center><\/p>\n<p>&nbsp;<\/p>\n<p><center><\/center><center><\/center><\/p>\n<p><span style=\"font-size: 20px; font-family: arial, helvetica, sans-serif; line-height: 1.3; color: #000000;\">Perceba na imagem acima que as op\u00e7\u00f5es &#8220;<strong><em>usar titulo para nome da camada<\/em><\/strong>&#8221; e &#8220;<strong><em>Apenas selecionar fei\u00e7\u00f5es que se sobrep\u00f5em na medida vista<\/em><\/strong>&#8221; est\u00e3o selecionadas. Tome sempre o cuidado de selecionar as mesmas.<\/span><\/p>\n<p><span style=\"font-size: 20px; font-family: arial, helvetica, sans-serif; line-height: 1.3; color: #000000;\">O pr\u00f3ximo passo \u00e9 na parte inferior do menu flutuante, clicar na op\u00e7\u00e3o &#8220;<em><strong>mudan\u00e7a<\/strong><\/em>&#8221; para mudar o <span style=\"color: #0000ff;\"><a style=\"color: #0000ff;\" href=\"http:\/\/adenilsongiovanini.com.br\/blog\/sistema-de-referencia\/\" target=\"_blank\" rel=\"noopener noreferrer\">sistema de refer\u00eancia<\/a><\/span> ativo.<\/span><\/p>\n<p><center><\/center><center><\/center><center><\/center><center><span style=\"font-size: 20px; font-family: arial, helvetica, sans-serif; line-height: 1.3; color: #000000;\"><a style=\"color: #000000;\" href=\"http:\/\/adenilsongiovanini.com.br\/blog\/wp-content\/uploads\/2018\/11\/Mudando-sistema-de-refer\u00eancia.png\"><img decoding=\"async\" class=\"aligncenter wp-image-2043\" src=\"http:\/\/adenilsongiovanini.com.br\/blog\/wp-content\/uploads\/2018\/11\/Mudando-sistema-de-refer\u00eancia.png\" alt=\"Mudando sistema de refer\u00eancia\" width=\"650\" height=\"428\" srcset=\"https:\/\/adenilsongiovanini.com.br\/blog\/wp-content\/uploads\/2018\/11\/Mudando-sistema-de-refer\u00eancia.png 930w, https:\/\/adenilsongiovanini.com.br\/blog\/wp-content\/uploads\/2018\/11\/Mudando-sistema-de-refer\u00eancia-300x198.png 300w, https:\/\/adenilsongiovanini.com.br\/blog\/wp-content\/uploads\/2018\/11\/Mudando-sistema-de-refer\u00eancia-780x514.png 780w, https:\/\/adenilsongiovanini.com.br\/blog\/wp-content\/uploads\/2018\/11\/Mudando-sistema-de-refer\u00eancia-768x506.png 768w\" sizes=\"(max-width: 650px) 100vw, 650px\" \/><\/a><\/span><\/center><center><\/center><center><\/center><center><\/center><\/p>\n<p>&nbsp;<\/p>\n<p><span style=\"font-size: 20px; font-family: arial, helvetica, sans-serif; line-height: 1.3; color: #000000;\">Se abrir\u00e1 um outro menu flutuante, no mesmo selecione a op\u00e7\u00e3o <span style=\"color: #0000ff;\"><a style=\"color: #0000ff;\" href=\"https:\/\/pt.wikipedia.org\/wiki\/WGS84\" target=\"_blank\" rel=\"noopener noreferrer\">wgs 84<\/a><\/span> ou a op\u00e7\u00e3o que voc\u00ea desejar levando em considera\u00e7\u00e3o o sistema no qual os seus dados est\u00e3o.<\/span><\/p>\n<p><span style=\"color: #000000; font-family: arial, helvetica, sans-serif; font-size: 20px;\">Caso seja a primeira vez que voc\u00ea utiliza o qgis<\/span><span style=\"color: #000000; font-family: arial, helvetica, sans-serif; font-size: 20px;\">, voc\u00ea ter\u00e1 que procurar o <span style=\"color: #0000ff;\"><a href=\"https:\/\/adenilsongiovanini.com.br\/blog\/sistema-de-referencia\/\" style=\"color: #0000ff;\">sistema de refer\u00eancia<\/a><\/span> desejado.<\/span><\/p>\n<p><center><\/p>\n<p>&nbsp;<\/p>\n<p><\/center><center><span style=\"font-size: 20px; font-family: arial, helvetica, sans-serif; color: #000000;\"><a style=\"color: #000000;\" href=\"http:\/\/adenilsongiovanini.com.br\/blog\/wp-content\/uploads\/2018\/11\/selecionando-a-op\u00e7\u00e3o-wgs-84.png\"><img decoding=\"async\" class=\"aligncenter wp-image-2044\" src=\"http:\/\/adenilsongiovanini.com.br\/blog\/wp-content\/uploads\/2018\/11\/selecionando-a-op\u00e7\u00e3o-wgs-84.png\" alt=\"i3geo incra - selecionando a op\u00e7\u00e3o wgs 84\" width=\"650\" height=\"415\" srcset=\"https:\/\/adenilsongiovanini.com.br\/blog\/wp-content\/uploads\/2018\/11\/selecionando-a-op\u00e7\u00e3o-wgs-84.png 950w, https:\/\/adenilsongiovanini.com.br\/blog\/wp-content\/uploads\/2018\/11\/selecionando-a-op\u00e7\u00e3o-wgs-84-300x191.png 300w, https:\/\/adenilsongiovanini.com.br\/blog\/wp-content\/uploads\/2018\/11\/selecionando-a-op\u00e7\u00e3o-wgs-84-780x498.png 780w, https:\/\/adenilsongiovanini.com.br\/blog\/wp-content\/uploads\/2018\/11\/selecionando-a-op\u00e7\u00e3o-wgs-84-768x490.png 768w\" sizes=\"(max-width: 650px) 100vw, 650px\" \/><\/a><\/span><\/center><\/p>\n<p>&nbsp;<\/p>\n<p><center><\/center><center><\/center><center><\/center><\/p>\n<p><span style=\"font-size: 20px; color: #000000;\"><span style=\"font-family: arial, helvetica, sans-serif; line-height: 1.3;\">Uma vez que voc\u00ea tenha selecionado o sistema de refer\u00eancia \u00e9 s\u00f3 clicar em ok e posteriormente <\/span><span style=\"font-family: arial, helvetica, sans-serif; line-height: 1.3;\">em &#8220;<em><strong>Adicionar<\/strong><\/em>&#8221; no menu flutuante principal que a camada WMS ser\u00e1 adicionada ao QGIS. <\/span><\/span><\/p>\n<p><span style=\"font-size: 20px; font-family: arial, helvetica, sans-serif; line-height: 1.3; color: #000000;\">Uma vez feito isso, os im\u00f3veis georreferenciados ser\u00e3o carregados no qgis.<\/span><\/p>\n<p><span style=\"font-size: 20px; font-family: arial, helvetica, sans-serif; line-height: 1.3; color: #000000;\"><a style=\"color: #000000;\" href=\"http:\/\/adenilsongiovanini.com.br\/blog\/wp-content\/uploads\/2018\/11\/Im\u00f3veis-georreferenciados.png\"><img decoding=\"async\" class=\"aligncenter wp-image-2045\" src=\"http:\/\/adenilsongiovanini.com.br\/blog\/wp-content\/uploads\/2018\/11\/Im\u00f3veis-georreferenciados.png\" alt=\"Im\u00f3veis georreferenciados\" width=\"650\" height=\"428\" srcset=\"https:\/\/adenilsongiovanini.com.br\/blog\/wp-content\/uploads\/2018\/11\/Im\u00f3veis-georreferenciados.png 926w, https:\/\/adenilsongiovanini.com.br\/blog\/wp-content\/uploads\/2018\/11\/Im\u00f3veis-georreferenciados-300x198.png 300w, https:\/\/adenilsongiovanini.com.br\/blog\/wp-content\/uploads\/2018\/11\/Im\u00f3veis-georreferenciados-780x514.png 780w, https:\/\/adenilsongiovanini.com.br\/blog\/wp-content\/uploads\/2018\/11\/Im\u00f3veis-georreferenciados-768x506.png 768w\" sizes=\"(max-width: 650px) 100vw, 650px\" \/><\/a><\/span><\/p>\n<p><center><\/center><center><\/center><center><\/center><\/p>\n<p>&nbsp;<\/p>\n<p><center><span style=\"font-size: 20px; font-family: arial, helvetica, sans-serif; line-height: 1.3; color: #000000;\">A grande vantagem da utiliza\u00e7\u00e3o de uma conex\u00e3o WMS \u00e9 que toda vez que voc\u00ea ativar a conex\u00e3o, a mesma buscar\u00e1 no I3geo incra os \u00faltimos <span style=\"color: #0000ff;\"><a href=\"https:\/\/adenilsongiovanini.com.br\/blog\/curso-para-georreferenciamento\/\" style=\"color: #0000ff;\">im\u00f3veis que foram georreferenciados<\/a><\/span>. Ou seja, sempre estar\u00e1 atualizada.<\/span><\/center><center><\/center><center><\/center><\/p>\n<p>&nbsp;<\/p>\n<p>&nbsp;<\/p>\n<h2 style=\"text-align: center;\"><span style=\"font-family: arial, helvetica, sans-serif; color: #000000; font-size: 24px;\"><strong>Domine a Topografia Cadastral atrav\u00e9s de um livro formado por centenas de exemplos pr\u00e1ticos <\/strong><\/span><\/h2>\n<h2 style=\"text-align: center;\"><span style=\"font-size: 20px;\"><a href=\"https:\/\/adenilsongiovanini.com.br\/georreferenciamento-de-imoveis-rurais-na-pratica\/\" rel=\"nofollow noreferrer\"><img decoding=\"async\" class=\"aligncenter size-large wp-image-19317\" src=\"https:\/\/adenilsongiovanini.com.br\/blog\/wp-content\/uploads\/2021\/04\/livro-de-topografia-e-georreferenciamento-1024x474.png\" sizes=\"(max-width: 1024px) 100vw, 1024px\" srcset=\"https:\/\/adenilsongiovanini.com.br\/blog\/wp-content\/uploads\/2021\/04\/livro-de-topografia-e-georreferenciamento-1024x474.png 1024w, https:\/\/adenilsongiovanini.com.br\/blog\/wp-content\/uploads\/2021\/04\/livro-de-topografia-e-georreferenciamento-300x139.png 300w, https:\/\/adenilsongiovanini.com.br\/blog\/wp-content\/uploads\/2021\/04\/livro-de-topografia-e-georreferenciamento-768x355.png 768w, https:\/\/adenilsongiovanini.com.br\/blog\/wp-content\/uploads\/2021\/04\/livro-de-topografia-e-georreferenciamento-1536x711.png 1536w, https:\/\/adenilsongiovanini.com.br\/blog\/wp-content\/uploads\/2021\/04\/livro-de-topografia-e-georreferenciamento-320x148.png 320w, https:\/\/adenilsongiovanini.com.br\/blog\/wp-content\/uploads\/2021\/04\/livro-de-topografia-e-georreferenciamento-640x296.png 640w, https:\/\/adenilsongiovanini.com.br\/blog\/wp-content\/uploads\/2021\/04\/livro-de-topografia-e-georreferenciamento-360x167.png 360w, https:\/\/adenilsongiovanini.com.br\/blog\/wp-content\/uploads\/2021\/04\/livro-de-topografia-e-georreferenciamento-720x333.png 720w, https:\/\/adenilsongiovanini.com.br\/blog\/wp-content\/uploads\/2021\/04\/livro-de-topografia-e-georreferenciamento-1080x500.png 1080w, https:\/\/adenilsongiovanini.com.br\/blog\/wp-content\/uploads\/2021\/04\/livro-de-topografia-e-georreferenciamento-800x370.png 800w, https:\/\/adenilsongiovanini.com.br\/blog\/wp-content\/uploads\/2021\/04\/livro-de-topografia-e-georreferenciamento-1280x592.png 1280w, https:\/\/adenilsongiovanini.com.br\/blog\/wp-content\/uploads\/2021\/04\/livro-de-topografia-e-georreferenciamento.png 1565w\" alt=\"livro de topografia e georreferenciamento\" width=\"1024\" height=\"474\" \/><\/a><\/span><\/h2>\n<p><span style=\"font-family: arial, helvetica, sans-serif; font-size: 20px; color: #000000;\">Voc\u00ea quer dominar a Topografia Cadastral?<\/span><\/p>\n<p><span style=\"font-family: arial, helvetica, sans-serif; font-size: 20px; color: #000000;\">Ent\u00e3o eu tenho uma \u00f3tima noticia para voc\u00ea. Me refiro ao <span style=\"color: #0000ff;\"><a style=\"color: #0000ff;\" href=\"https:\/\/adenilsongiovanini.com.br\/georreferenciamento-de-imoveis-rurais-na-pratica\/\" rel=\"nofollow noreferrer\">livro Topografia Cadastral e Georreferenciamento de Im\u00f3veis Rurais na Pr\u00e1tica<\/a><\/span>.<\/span><\/p>\n<p><span style=\"font-size: 20px;\"><span style=\"font-family: arial, helvetica, sans-serif; color: #000000;\">O mesmo \u00e9 dividido em 10 cap\u00edtulos recheados com muitos estudos de caso e exemplos pr\u00e1ticos. D\u00ea uma espiadinha no sum\u00e1rio do mesmo:<\/span><\/span><\/p>\n<p>&nbsp;<\/p>\n<p><center><iframe width=\"99%\" height=\"980\" src=\"https:\/\/drive.google.com\/file\/d\/1HJ8fZz1PvPmftfXHJNFTvIBBzY_FZhPJ\/preview\"><span data-mce-type=\"bookmark\" style=\"display: inline-block; width: 0px; overflow: hidden; line-height: 0;\" class=\"mce_SELRES_start\">\ufeff<\/span><\/iframe><\/center><\/p>\n<p>&nbsp;<\/p>\n<p><span style=\"font-size: 20px;\"><span style=\"font-family: arial, helvetica, sans-serif; color: #000000;\">Para conhecer melhor a estrutura do livro, juntar-se a mais de 800 profissionais e adquirir sua c\u00f3pia \u00e9 s\u00f3 clicar no bot\u00e3o abaixo:<\/span><\/span><\/p>\n<p>&nbsp;<\/p>\n<p><span style=\"color: #000000; font-size: 20px;\"><div class=\"su-button-center\"><a href=\"https:\/\/adenilsongiovanini.com.br\/georreferenciamento-de-imoveis-rurais-na-pratica\/\" class=\"su-button su-button-style-3d\" style=\"color:#000000;background-color:#2BCC2F;border-color:#23a426;border-radius:9px\" target=\"_blank\" rel=\"nofollow\" id=\"1\"><span style=\"color:#000000;padding:0px 24px;font-size:18px;line-height:36px;border-color:#6bdc6e;border-radius:9px;text-shadow:0px 0px 0px #000000\"> \u279c Quero Conhecer Melhor o Livro, Pois Quero e Preciso Aprender Mais Sobre Legisla\u00e7\u00e3o Cadastral e Geo. de Im\u00f3veis Rurais<\/span><\/a><\/div><\/span><\/p>\n<p>&nbsp;<\/p>\n<p>&nbsp;<\/p>\n","protected":false},"excerpt":{"rendered":"<p>Como voc\u00ea deve saber, a ferramenta i3geo incra possibilita visualizar-se todos os im\u00f3veis georreferenciados do pais no i3geo. Tal ferramenta pode ser acessada atrav\u00e9s do site acervo fundi\u00e1rio, por\u00e9m antes de voc\u00ea acessar a mesma, eu quero te ensinar a fazer uma conex\u00e3o WMS e a visualizar os im\u00f3veis georreferenciados [&hellip;]<\/p>\n","protected":false},"author":1,"featured_media":2056,"comment_status":"closed","ping_status":"closed","sticky":false,"template":"","format":"standard","meta":{"_monsterinsights_skip_tracking":false,"_monsterinsights_sitenote_active":false,"_monsterinsights_sitenote_note":"","_monsterinsights_sitenote_category":0,"footnotes":""},"categories":[12,9],"tags":[],"class_list":["post-2033","post","type-post","status-publish","format-standard","has-post-thumbnail","hentry","category-georreferenciamento-de-imoveis-rurais","category-topografia-cadastral"],"yoast_head":"<!-- This site is optimized with the Yoast SEO plugin v26.5 - https:\/\/yoast.com\/wordpress\/plugins\/seo\/ -->\n<title>i3geo incra: visualizar im\u00f3veis georreferenciados? - Adenilson Giovanini<\/title>\n<meta name=\"description\" content=\"Aprenda a fazer a conex\u00e3o do aplicativo i3geo incra com o QGIS via WMS. Visualize os im\u00f3veis georreferenciados no QGIS e compare o seu.\" \/>\n<meta name=\"robots\" content=\"index, follow, max-snippet:-1, max-image-preview:large, max-video-preview:-1\" \/>\n<link rel=\"canonical\" href=\"https:\/\/adenilsongiovanini.com.br\/blog\/i3geo-incra\/\" \/>\n<meta property=\"og:locale\" content=\"pt_BR\" \/>\n<meta property=\"og:type\" content=\"article\" \/>\n<meta property=\"og:title\" content=\"i3geo incra: visualizar im\u00f3veis georreferenciados? - Adenilson Giovanini\" \/>\n<meta property=\"og:description\" content=\"Aprenda a fazer a conex\u00e3o do aplicativo i3geo incra com o QGIS via WMS. Visualize os im\u00f3veis georreferenciados no QGIS e compare o seu.\" \/>\n<meta property=\"og:url\" content=\"https:\/\/adenilsongiovanini.com.br\/blog\/i3geo-incra\/\" \/>\n<meta property=\"og:site_name\" content=\"Adenilson Giovanini\" \/>\n<meta property=\"article:publisher\" content=\"https:\/\/www.facebook.com\/otopografo\/\" \/>\n<meta property=\"article:author\" content=\"https:\/\/www.facebook.com\/otopografo\/\" \/>\n<meta property=\"article:published_time\" content=\"2018-11-07T11:23:15+00:00\" \/>\n<meta property=\"article:modified_time\" content=\"2022-08-01T18:50:23+00:00\" \/>\n<meta property=\"og:image\" content=\"https:\/\/adenilsongiovanini.com.br\/blog\/wp-content\/uploads\/2018\/11\/im\u00f3veis-i3geo-incra-no-qgis.png\" \/>\n\t<meta property=\"og:image:width\" content=\"969\" \/>\n\t<meta property=\"og:image:height\" content=\"562\" \/>\n\t<meta property=\"og:image:type\" content=\"image\/png\" \/>\n<meta name=\"author\" content=\"Adenilson Giovanini\" \/>\n<meta name=\"twitter:card\" content=\"summary_large_image\" \/>\n<meta name=\"twitter:label1\" content=\"Escrito por\" \/>\n\t<meta name=\"twitter:data1\" content=\"Adenilson Giovanini\" \/>\n\t<meta name=\"twitter:label2\" content=\"Est. tempo de leitura\" \/>\n\t<meta name=\"twitter:data2\" content=\"7 minutos\" \/>\n<script type=\"application\/ld+json\" class=\"yoast-schema-graph\">{\"@context\":\"https:\/\/schema.org\",\"@graph\":[{\"@type\":\"Article\",\"@id\":\"https:\/\/adenilsongiovanini.com.br\/blog\/i3geo-incra\/#article\",\"isPartOf\":{\"@id\":\"https:\/\/adenilsongiovanini.com.br\/blog\/i3geo-incra\/\"},\"author\":{\"name\":\"Adenilson Giovanini\",\"@id\":\"https:\/\/adenilsongiovanini.com.br\/blog\/#\/schema\/person\/9c1daa7da73c116aae2cb0568d1daa23\"},\"headline\":\"i3geo incra: visualizar im\u00f3veis georreferenciados?\",\"datePublished\":\"2018-11-07T11:23:15+00:00\",\"dateModified\":\"2022-08-01T18:50:23+00:00\",\"mainEntityOfPage\":{\"@id\":\"https:\/\/adenilsongiovanini.com.br\/blog\/i3geo-incra\/\"},\"wordCount\":854,\"publisher\":{\"@id\":\"https:\/\/adenilsongiovanini.com.br\/blog\/#\/schema\/person\/9c1daa7da73c116aae2cb0568d1daa23\"},\"image\":{\"@id\":\"https:\/\/adenilsongiovanini.com.br\/blog\/i3geo-incra\/#primaryimage\"},\"thumbnailUrl\":\"https:\/\/adenilsongiovanini.com.br\/blog\/wp-content\/uploads\/2018\/11\/im\u00f3veis-i3geo-incra-no-qgis.png\",\"articleSection\":[\"Georreferenciamento de Im\u00f3veis Rurais\",\"Topografia Cadastral\"],\"inLanguage\":\"pt-BR\"},{\"@type\":\"WebPage\",\"@id\":\"https:\/\/adenilsongiovanini.com.br\/blog\/i3geo-incra\/\",\"url\":\"https:\/\/adenilsongiovanini.com.br\/blog\/i3geo-incra\/\",\"name\":\"i3geo incra: visualizar im\u00f3veis georreferenciados? - Adenilson Giovanini\",\"isPartOf\":{\"@id\":\"https:\/\/adenilsongiovanini.com.br\/blog\/#website\"},\"primaryImageOfPage\":{\"@id\":\"https:\/\/adenilsongiovanini.com.br\/blog\/i3geo-incra\/#primaryimage\"},\"image\":{\"@id\":\"https:\/\/adenilsongiovanini.com.br\/blog\/i3geo-incra\/#primaryimage\"},\"thumbnailUrl\":\"https:\/\/adenilsongiovanini.com.br\/blog\/wp-content\/uploads\/2018\/11\/im\u00f3veis-i3geo-incra-no-qgis.png\",\"datePublished\":\"2018-11-07T11:23:15+00:00\",\"dateModified\":\"2022-08-01T18:50:23+00:00\",\"description\":\"Aprenda a fazer a conex\u00e3o do aplicativo i3geo incra com o QGIS via WMS. Visualize os im\u00f3veis georreferenciados no QGIS e compare o seu.\",\"breadcrumb\":{\"@id\":\"https:\/\/adenilsongiovanini.com.br\/blog\/i3geo-incra\/#breadcrumb\"},\"inLanguage\":\"pt-BR\",\"potentialAction\":[{\"@type\":\"ReadAction\",\"target\":[\"https:\/\/adenilsongiovanini.com.br\/blog\/i3geo-incra\/\"]}]},{\"@type\":\"ImageObject\",\"inLanguage\":\"pt-BR\",\"@id\":\"https:\/\/adenilsongiovanini.com.br\/blog\/i3geo-incra\/#primaryimage\",\"url\":\"https:\/\/adenilsongiovanini.com.br\/blog\/wp-content\/uploads\/2018\/11\/im\u00f3veis-i3geo-incra-no-qgis.png\",\"contentUrl\":\"https:\/\/adenilsongiovanini.com.br\/blog\/wp-content\/uploads\/2018\/11\/im\u00f3veis-i3geo-incra-no-qgis.png\",\"width\":969,\"height\":562},{\"@type\":\"BreadcrumbList\",\"@id\":\"https:\/\/adenilsongiovanini.com.br\/blog\/i3geo-incra\/#breadcrumb\",\"itemListElement\":[{\"@type\":\"ListItem\",\"position\":1,\"name\":\"Home\",\"item\":\"https:\/\/adenilsongiovanini.com.br\/blog\/\"},{\"@type\":\"ListItem\",\"position\":2,\"name\":\"i3geo incra: visualizar im\u00f3veis georreferenciados?\"}]},{\"@type\":\"WebSite\",\"@id\":\"https:\/\/adenilsongiovanini.com.br\/blog\/#website\",\"url\":\"https:\/\/adenilsongiovanini.com.br\/blog\/\",\"name\":\"Adenilson Giovanini\",\"description\":\"Topografia e Geotecnologias\",\"publisher\":{\"@id\":\"https:\/\/adenilsongiovanini.com.br\/blog\/#\/schema\/person\/9c1daa7da73c116aae2cb0568d1daa23\"},\"potentialAction\":[{\"@type\":\"SearchAction\",\"target\":{\"@type\":\"EntryPoint\",\"urlTemplate\":\"https:\/\/adenilsongiovanini.com.br\/blog\/?s={search_term_string}\"},\"query-input\":{\"@type\":\"PropertyValueSpecification\",\"valueRequired\":true,\"valueName\":\"search_term_string\"}}],\"inLanguage\":\"pt-BR\"},{\"@type\":[\"Person\",\"Organization\"],\"@id\":\"https:\/\/adenilsongiovanini.com.br\/blog\/#\/schema\/person\/9c1daa7da73c116aae2cb0568d1daa23\",\"name\":\"Adenilson Giovanini\",\"image\":{\"@type\":\"ImageObject\",\"inLanguage\":\"pt-BR\",\"@id\":\"https:\/\/adenilsongiovanini.com.br\/blog\/#\/schema\/person\/image\/\",\"url\":\"https:\/\/adenilsongiovanini.com.br\/blog\/wp-content\/litespeed\/avatar\/be8f4de5c0b8a93c57a4f29cbf2f1e92.jpg?ver=1777130135\",\"contentUrl\":\"https:\/\/adenilsongiovanini.com.br\/blog\/wp-content\/litespeed\/avatar\/be8f4de5c0b8a93c57a4f29cbf2f1e92.jpg?ver=1777130135\",\"caption\":\"Adenilson Giovanini\"},\"logo\":{\"@id\":\"https:\/\/adenilsongiovanini.com.br\/blog\/#\/schema\/person\/image\/\"},\"description\":\"O Professor Adenilson Giovanini \u00e9 especialista em Topografia Cadastral e Georreferenciamento de Im\u00f3veis Rurais. O mesmo possui o Maior Site de Engenharia de Agrimensura do Brasil. Site este que tem mais de 102.000 visualiza\u00e7\u00f5es por m\u00eas. Tamb\u00e9m possui mais de 600 v\u00eddeos em seu canal no youtube. Al\u00e9m disso, \u00e9 escritor Best Seller, possuindo v\u00e1rios cursos e livros de sucesso.\",\"sameAs\":[\"http:\/\/adenilsongiovanini.com.br\",\"https:\/\/www.facebook.com\/otopografo\/\",\"https:\/\/www.instagram.com\/adenilson_giovanini\/\",\"https:\/\/www.linkedin.com\/in\/adenilson-giovanini-819b8035\/\",\"https:\/\/br.pinterest.com\/adenilsongiovanini\/\",\"https:\/\/www.youtube.com\/channel\/uce-br7ghiuog2txcsdx5vrw\"]}]}<\/script>\n<!-- \/ Yoast SEO plugin. -->","yoast_head_json":{"title":"i3geo incra: visualizar im\u00f3veis georreferenciados? - Adenilson Giovanini","description":"Aprenda a fazer a conex\u00e3o do aplicativo i3geo incra com o QGIS via WMS. Visualize os im\u00f3veis georreferenciados no QGIS e compare o seu.","robots":{"index":"index","follow":"follow","max-snippet":"max-snippet:-1","max-image-preview":"max-image-preview:large","max-video-preview":"max-video-preview:-1"},"canonical":"https:\/\/adenilsongiovanini.com.br\/blog\/i3geo-incra\/","og_locale":"pt_BR","og_type":"article","og_title":"i3geo incra: visualizar im\u00f3veis georreferenciados? - Adenilson Giovanini","og_description":"Aprenda a fazer a conex\u00e3o do aplicativo i3geo incra com o QGIS via WMS. Visualize os im\u00f3veis georreferenciados no QGIS e compare o seu.","og_url":"https:\/\/adenilsongiovanini.com.br\/blog\/i3geo-incra\/","og_site_name":"Adenilson Giovanini","article_publisher":"https:\/\/www.facebook.com\/otopografo\/","article_author":"https:\/\/www.facebook.com\/otopografo\/","article_published_time":"2018-11-07T11:23:15+00:00","article_modified_time":"2022-08-01T18:50:23+00:00","og_image":[{"width":969,"height":562,"url":"https:\/\/adenilsongiovanini.com.br\/blog\/wp-content\/uploads\/2018\/11\/im\u00f3veis-i3geo-incra-no-qgis.png","type":"image\/png"}],"author":"Adenilson Giovanini","twitter_card":"summary_large_image","twitter_misc":{"Escrito por":"Adenilson Giovanini","Est. tempo de leitura":"7 minutos"},"schema":{"@context":"https:\/\/schema.org","@graph":[{"@type":"Article","@id":"https:\/\/adenilsongiovanini.com.br\/blog\/i3geo-incra\/#article","isPartOf":{"@id":"https:\/\/adenilsongiovanini.com.br\/blog\/i3geo-incra\/"},"author":{"name":"Adenilson Giovanini","@id":"https:\/\/adenilsongiovanini.com.br\/blog\/#\/schema\/person\/9c1daa7da73c116aae2cb0568d1daa23"},"headline":"i3geo incra: visualizar im\u00f3veis georreferenciados?","datePublished":"2018-11-07T11:23:15+00:00","dateModified":"2022-08-01T18:50:23+00:00","mainEntityOfPage":{"@id":"https:\/\/adenilsongiovanini.com.br\/blog\/i3geo-incra\/"},"wordCount":854,"publisher":{"@id":"https:\/\/adenilsongiovanini.com.br\/blog\/#\/schema\/person\/9c1daa7da73c116aae2cb0568d1daa23"},"image":{"@id":"https:\/\/adenilsongiovanini.com.br\/blog\/i3geo-incra\/#primaryimage"},"thumbnailUrl":"https:\/\/adenilsongiovanini.com.br\/blog\/wp-content\/uploads\/2018\/11\/im\u00f3veis-i3geo-incra-no-qgis.png","articleSection":["Georreferenciamento de Im\u00f3veis Rurais","Topografia Cadastral"],"inLanguage":"pt-BR"},{"@type":"WebPage","@id":"https:\/\/adenilsongiovanini.com.br\/blog\/i3geo-incra\/","url":"https:\/\/adenilsongiovanini.com.br\/blog\/i3geo-incra\/","name":"i3geo incra: visualizar im\u00f3veis georreferenciados? - Adenilson Giovanini","isPartOf":{"@id":"https:\/\/adenilsongiovanini.com.br\/blog\/#website"},"primaryImageOfPage":{"@id":"https:\/\/adenilsongiovanini.com.br\/blog\/i3geo-incra\/#primaryimage"},"image":{"@id":"https:\/\/adenilsongiovanini.com.br\/blog\/i3geo-incra\/#primaryimage"},"thumbnailUrl":"https:\/\/adenilsongiovanini.com.br\/blog\/wp-content\/uploads\/2018\/11\/im\u00f3veis-i3geo-incra-no-qgis.png","datePublished":"2018-11-07T11:23:15+00:00","dateModified":"2022-08-01T18:50:23+00:00","description":"Aprenda a fazer a conex\u00e3o do aplicativo i3geo incra com o QGIS via WMS. Visualize os im\u00f3veis georreferenciados no QGIS e compare o seu.","breadcrumb":{"@id":"https:\/\/adenilsongiovanini.com.br\/blog\/i3geo-incra\/#breadcrumb"},"inLanguage":"pt-BR","potentialAction":[{"@type":"ReadAction","target":["https:\/\/adenilsongiovanini.com.br\/blog\/i3geo-incra\/"]}]},{"@type":"ImageObject","inLanguage":"pt-BR","@id":"https:\/\/adenilsongiovanini.com.br\/blog\/i3geo-incra\/#primaryimage","url":"https:\/\/adenilsongiovanini.com.br\/blog\/wp-content\/uploads\/2018\/11\/im\u00f3veis-i3geo-incra-no-qgis.png","contentUrl":"https:\/\/adenilsongiovanini.com.br\/blog\/wp-content\/uploads\/2018\/11\/im\u00f3veis-i3geo-incra-no-qgis.png","width":969,"height":562},{"@type":"BreadcrumbList","@id":"https:\/\/adenilsongiovanini.com.br\/blog\/i3geo-incra\/#breadcrumb","itemListElement":[{"@type":"ListItem","position":1,"name":"Home","item":"https:\/\/adenilsongiovanini.com.br\/blog\/"},{"@type":"ListItem","position":2,"name":"i3geo incra: visualizar im\u00f3veis georreferenciados?"}]},{"@type":"WebSite","@id":"https:\/\/adenilsongiovanini.com.br\/blog\/#website","url":"https:\/\/adenilsongiovanini.com.br\/blog\/","name":"Adenilson Giovanini","description":"Topografia e Geotecnologias","publisher":{"@id":"https:\/\/adenilsongiovanini.com.br\/blog\/#\/schema\/person\/9c1daa7da73c116aae2cb0568d1daa23"},"potentialAction":[{"@type":"SearchAction","target":{"@type":"EntryPoint","urlTemplate":"https:\/\/adenilsongiovanini.com.br\/blog\/?s={search_term_string}"},"query-input":{"@type":"PropertyValueSpecification","valueRequired":true,"valueName":"search_term_string"}}],"inLanguage":"pt-BR"},{"@type":["Person","Organization"],"@id":"https:\/\/adenilsongiovanini.com.br\/blog\/#\/schema\/person\/9c1daa7da73c116aae2cb0568d1daa23","name":"Adenilson Giovanini","image":{"@type":"ImageObject","inLanguage":"pt-BR","@id":"https:\/\/adenilsongiovanini.com.br\/blog\/#\/schema\/person\/image\/","url":"https:\/\/adenilsongiovanini.com.br\/blog\/wp-content\/litespeed\/avatar\/be8f4de5c0b8a93c57a4f29cbf2f1e92.jpg?ver=1777130135","contentUrl":"https:\/\/adenilsongiovanini.com.br\/blog\/wp-content\/litespeed\/avatar\/be8f4de5c0b8a93c57a4f29cbf2f1e92.jpg?ver=1777130135","caption":"Adenilson Giovanini"},"logo":{"@id":"https:\/\/adenilsongiovanini.com.br\/blog\/#\/schema\/person\/image\/"},"description":"O Professor Adenilson Giovanini \u00e9 especialista em Topografia Cadastral e Georreferenciamento de Im\u00f3veis Rurais. O mesmo possui o Maior Site de Engenharia de Agrimensura do Brasil. Site este que tem mais de 102.000 visualiza\u00e7\u00f5es por m\u00eas. Tamb\u00e9m possui mais de 600 v\u00eddeos em seu canal no youtube. Al\u00e9m disso, \u00e9 escritor Best Seller, possuindo v\u00e1rios cursos e livros de sucesso.","sameAs":["http:\/\/adenilsongiovanini.com.br","https:\/\/www.facebook.com\/otopografo\/","https:\/\/www.instagram.com\/adenilson_giovanini\/","https:\/\/www.linkedin.com\/in\/adenilson-giovanini-819b8035\/","https:\/\/br.pinterest.com\/adenilsongiovanini\/","https:\/\/www.youtube.com\/channel\/uce-br7ghiuog2txcsdx5vrw"]}]}},"amp_enabled":true,"_links":{"self":[{"href":"https:\/\/adenilsongiovanini.com.br\/blog\/wp-json\/wp\/v2\/posts\/2033","targetHints":{"allow":["GET"]}}],"collection":[{"href":"https:\/\/adenilsongiovanini.com.br\/blog\/wp-json\/wp\/v2\/posts"}],"about":[{"href":"https:\/\/adenilsongiovanini.com.br\/blog\/wp-json\/wp\/v2\/types\/post"}],"author":[{"embeddable":true,"href":"https:\/\/adenilsongiovanini.com.br\/blog\/wp-json\/wp\/v2\/users\/1"}],"replies":[{"embeddable":true,"href":"https:\/\/adenilsongiovanini.com.br\/blog\/wp-json\/wp\/v2\/comments?post=2033"}],"version-history":[{"count":0,"href":"https:\/\/adenilsongiovanini.com.br\/blog\/wp-json\/wp\/v2\/posts\/2033\/revisions"}],"wp:featuredmedia":[{"embeddable":true,"href":"https:\/\/adenilsongiovanini.com.br\/blog\/wp-json\/wp\/v2\/media\/2056"}],"wp:attachment":[{"href":"https:\/\/adenilsongiovanini.com.br\/blog\/wp-json\/wp\/v2\/media?parent=2033"}],"wp:term":[{"taxonomy":"category","embeddable":true,"href":"https:\/\/adenilsongiovanini.com.br\/blog\/wp-json\/wp\/v2\/categories?post=2033"},{"taxonomy":"post_tag","embeddable":true,"href":"https:\/\/adenilsongiovanini.com.br\/blog\/wp-json\/wp\/v2\/tags?post=2033"}],"curies":[{"name":"wp","href":"https:\/\/api.w.org\/{rel}","templated":true}]}}