{"id":19708,"date":"2021-05-01T15:01:18","date_gmt":"2021-05-01T15:01:18","guid":{"rendered":"https:\/\/adenilsongiovanini.com.br\/blog\/?p=19708"},"modified":"2022-08-12T13:09:17","modified_gmt":"2022-08-12T13:09:17","slug":"projecao-cartografica-classificacao-e-aplicacoes","status":"publish","type":"post","link":"https:\/\/adenilsongiovanini.com.br\/blog\/projecao-cartografica-classificacao-e-aplicacoes\/","title":{"rendered":"Proje\u00e7\u00e3o Cartogr\u00e1fica: Classifica\u00e7\u00e3o?"},"content":{"rendered":"<p><span style=\"font-family: arial, helvetica, sans-serif; font-size: 20px; color: #000000;\">Para entender o que \u00e9 uma <strong>proje\u00e7\u00e3o cartogr\u00e1fica<\/strong> \u00e9 necess\u00e1rio lembrar de que o planeta tem a forma arredondada e que um mapa \u00e9 desenhado sobre uma folha de papel. Ou seja, numa superf\u00edcie plana. <\/span><\/p>\n<p><span style=\"font-family: arial, helvetica, sans-serif; font-size: 20px; color: #000000;\">Logo, se a terra \u00e9 redonda e os mapas s\u00e3o planos, existem imperfei\u00e7\u00f5es ao se projetar a superf\u00edcie do planeta sobre um <span style=\"color: #0000ff;\"><a style=\"color: #0000ff;\" href=\"https:\/\/adenilsongiovanini.com.br\/blog\/carta-topografica-planta-croqui-e-mapa-o-que-sao-e-para-que-servem\/\">mapa<\/a><\/span>. <\/span><\/p>\n<p>&nbsp;<\/p>\n<h2 style=\"text-align: center;\"><strong><span style=\"font-family: arial, helvetica, sans-serif; font-size: 24px; color: #000000;\">O que s\u00e3o proje\u00e7\u00e3o cartogr\u00e1ficas<\/span><\/strong><\/h2>\n<p><span style=\"font-family: arial, helvetica, sans-serif; font-size: 20px; color: #000000;\">As <strong>proje\u00e7\u00f5es cartogr\u00e1ficas<\/strong> s\u00e3o <em>formas e t\u00e9cnicas que os cart\u00f3grafos utilizam para representar a superf\u00edcie terrestre em mapas<\/em>. Essas t\u00e9cnicas ajudam os mesmos a amenizarem os efeitos do arredondamento do planeta na <span style=\"color: #0000ff;\"><a href=\"https:\/\/adenilsongiovanini.com.br\/blog\/curso-de-qgis-com-certificado\/\" style=\"color: #0000ff;\">elabora\u00e7\u00e3o de mapas<\/a><\/span>. <\/span><\/p>\n<p><span style=\"font-family: arial, helvetica, sans-serif; font-size: 20px; color: #000000;\">Quando representamos uma \u00e1rea pequena, como uma cidade, um bairro ou um im\u00f3vel rural, a <strong>proje\u00e7\u00e3o cartogr\u00e1fica<\/strong> n\u00e3o \u00e9 t\u00e3o importante. No entanto, n\u00e3o podemos ignorar a proje\u00e7\u00e3o cartogr\u00e1fica quando da representa\u00e7\u00e3o de \u00e1reas grandes, como, por exemplo, um estado, pa\u00eds ou continente.<\/span><\/p>\n<p><span style=\"font-family: arial, helvetica, sans-serif; font-size: 20px; color: #000000;\">Uma proje\u00e7\u00e3o cartogr\u00e1fica nada mais \u00e9 do que num conjunto de linhas (<span style=\"color: #0000ff;\"><a style=\"color: #0000ff;\" href=\"https:\/\/adenilsongiovanini.com.br\/blog\/paralelos-e-meridianos-descubra-o-que-sao\/\">paralelos e meridianos<\/a><\/span>), que formam uma rede, sobre a qual os <span style=\"color: #0000ff;\"><a style=\"color: #0000ff;\" href=\"https:\/\/adenilsongiovanini.com.br\/blog\/elementos-da-cartografia-os-5-essenciais\/\">elementos do mapa<\/a><\/span> s\u00e3o representados.<\/span><br \/>\n<span style=\"font-family: arial, helvetica, sans-serif; font-size: 20px; color: #000000;\">Todos os mapas e\/ou <a href=\"https:\/\/adenilsongiovanini.com.br\/blog\/carta-topografica-exercito-baixar-e-interpetrar\/\"><span style=\"color: #0000ff;\">cartas<\/span><\/a> s\u00e3o representa\u00e7\u00f5es aproximadas da superf\u00edcie terrestre, uma vez, que a forma esf\u00e9rica do planeta \u00e9 desenhada sobre uma superf\u00edcie plana. <\/span><\/p>\n<p><span style=\"font-family: arial, helvetica, sans-serif; font-size: 20px; color: #000000;\">A <span style=\"color: #0000ff;\"><a style=\"color: #0000ff;\" href=\"https:\/\/adenilsongiovanini.com.br\/arcgis-expert-com-bonus-2\/\">elabora\u00e7\u00e3o de um mapa<\/a><\/span> consiste em um metodologia atrav\u00e9s da qual cada ponto no mapa corresponde a um ponto na superf\u00edcie terrestre. <\/span><\/p>\n<p><span style=\"font-family: arial, helvetica, sans-serif; font-size: 20px; color: #000000;\">Para se obter esta correspond\u00eancia utilizam-se os sistemas de <span style=\"color: #0000ff;\"><a style=\"color: #0000ff;\" href=\"https:\/\/adenilsongiovanini.com.br\/blog\/projecoes-cartograficas\/\">proje\u00e7\u00f5es cartogr\u00e1ficas<\/a><\/span>, sendo que os mesmos s\u00e3o classificados quanto ao tipo de superf\u00edcie adotada e pelo grau de deforma\u00e7\u00e3o da superf\u00edcie.<\/span><\/p>\n<h2 style=\"text-align: center;\">\n<span style=\"font-size: 24px;\"><strong><span style=\"font-family: arial, helvetica, sans-serif; color: #000000;\">Proje\u00e7\u00e3o cartogr\u00e1fica &#8211; Classifica\u00e7\u00e3o quanto ao tipo de Superf\u00edcie Adotada<\/span><\/strong><\/span><\/h2>\n<p><img decoding=\"async\" class=\"aligncenter size-full wp-image-19714\" src=\"https:\/\/adenilsongiovanini.com.br\/blog\/wp-content\/uploads\/2021\/05\/projecao-cartografica-classificacao.png\" alt=\"proje\u00e7\u00e3o cartogr\u00e1fica - classifica\u00e7\u00e3o\" width=\"581\" height=\"270\" srcset=\"https:\/\/adenilsongiovanini.com.br\/blog\/wp-content\/uploads\/2021\/05\/projecao-cartografica-classificacao.png 581w, https:\/\/adenilsongiovanini.com.br\/blog\/wp-content\/uploads\/2021\/05\/projecao-cartografica-classificacao-300x139.png 300w, https:\/\/adenilsongiovanini.com.br\/blog\/wp-content\/uploads\/2021\/05\/projecao-cartografica-classificacao-320x149.png 320w, https:\/\/adenilsongiovanini.com.br\/blog\/wp-content\/uploads\/2021\/05\/projecao-cartografica-classificacao-360x167.png 360w\" sizes=\"(max-width: 581px) 100vw, 581px\" \/><\/p>\n<p><span style=\"font-family: arial, helvetica, sans-serif; font-size: 20px; color: #000000;\">Quanto ao tipo de superf\u00edcie adotada os <strong>sistemas de proje\u00e7\u00f5es cartogr\u00e1ficas s\u00e3o classificados<\/strong> em: <\/span><\/p>\n<ul>\n<li><span style=\"font-family: arial, helvetica, sans-serif; font-size: 20px; color: #000000;\"><span style=\"color: #0000ff;\"><a href=\"https:\/\/adenilsongiovanini.com.br\/blog\/projecao-cilindrica\/\" style=\"color: #0000ff;\"><strong>Cil\u00edndricas<\/strong><\/a><\/span>: utiliza um cilindro para representar a superf\u00edcie terrestre;<\/span><\/li>\n<li><span style=\"font-family: arial, helvetica, sans-serif; font-size: 20px; color: #000000;\"><strong>C\u00f4nicas<\/strong>: utiliza um cone para representar a superf\u00edcie terrestre e;<\/span><\/li>\n<li><span style=\"font-family: arial, helvetica, sans-serif; font-size: 20px; color: #000000;\"><strong><span style=\"color: #000000;\">Planas<\/span> ou <span style=\"color: #0000ff;\"><a href=\"https:\/\/adenilsongiovanini.com.br\/blog\/projecao-azimutal-caracteristicas-e-aplicacoes\/\" style=\"color: #0000ff;\">azimutais<\/a><\/span><\/strong>: utiliza um poliedro tangente ou secante \u00e0 esfera terrestre.<\/span><\/li>\n<\/ul>\n<h3 style=\"text-align: center;\">\n<span style=\"font-size: 20px;\"><strong><span style=\"font-family: arial, helvetica, sans-serif; color: #000000;\">Proje\u00e7\u00e3o cartogr\u00e1fica Plana ou Azimutal <\/span><\/strong><\/span><\/h3>\n<p><img decoding=\"async\" class=\"aligncenter size-full wp-image-19715\" src=\"https:\/\/adenilsongiovanini.com.br\/blog\/wp-content\/uploads\/2021\/05\/Projecao-Plana-ou-Azimutal-.jpg\" alt=\"proje\u00e7\u00e3o cartogr\u00e1fica plana ou azimutal\" width=\"615\" height=\"306\" srcset=\"https:\/\/adenilsongiovanini.com.br\/blog\/wp-content\/uploads\/2021\/05\/Projecao-Plana-ou-Azimutal-.jpg 615w, https:\/\/adenilsongiovanini.com.br\/blog\/wp-content\/uploads\/2021\/05\/Projecao-Plana-ou-Azimutal--300x149.jpg 300w, https:\/\/adenilsongiovanini.com.br\/blog\/wp-content\/uploads\/2021\/05\/Projecao-Plana-ou-Azimutal--320x159.jpg 320w, https:\/\/adenilsongiovanini.com.br\/blog\/wp-content\/uploads\/2021\/05\/Projecao-Plana-ou-Azimutal--360x179.jpg 360w\" sizes=\"(max-width: 615px) 100vw, 615px\" \/><\/p>\n<p><span style=\"font-family: arial, helvetica, sans-serif; font-size: 20px; color: #000000;\">Na <span style=\"color: #0000ff;\"><a style=\"color: #0000ff;\" href=\"https:\/\/adenilsongiovanini.com.br\/blog\/projecao-plana\/\">proje\u00e7\u00e3o plana<\/a><\/span> o mapa \u00e9 constru\u00eddo imaginando-o situado num <span style=\"color: #0000ff;\"><a style=\"color: #0000ff;\" href=\"https:\/\/matematicabasica.net\/relacoes-trigonometricas\/\">plano tangente ou secante<\/a><\/span> a um ponto na superf\u00edcie da Terra.<\/span><\/p>\n<p><span style=\"font-family: arial, helvetica, sans-serif; font-size: 20px; color: #000000;\">Ex. <span style=\"color: #0000ff;\"><a style=\"color: #0000ff;\" href=\"https:\/\/docs.bentley.com\/LiveContent\/web\/MicroStation%20Help-v12\/pt-br\/GUID-0AA0D9D6-693A-1530-D8AE-24646110DE4B.html\">Proje\u00e7\u00e3o Esterogr\u00e1fica Polar<\/a><\/span>.<\/span><\/p>\n<h3 style=\"text-align: center;\">\n<span style=\"font-family: arial, helvetica, sans-serif; font-size: 20px; color: #000000;\">Proje\u00e7\u00e3o C\u00f4nica<\/span><\/h3>\n<p><img decoding=\"async\" class=\"aligncenter size-full wp-image-19716\" src=\"https:\/\/adenilsongiovanini.com.br\/blog\/wp-content\/uploads\/2021\/05\/Projecao-Conica.jpg\" alt=\"proje\u00e7\u00e3o c\u00f4nica\" width=\"640\" height=\"343\" srcset=\"https:\/\/adenilsongiovanini.com.br\/blog\/wp-content\/uploads\/2021\/05\/Projecao-Conica.jpg 640w, https:\/\/adenilsongiovanini.com.br\/blog\/wp-content\/uploads\/2021\/05\/Projecao-Conica-300x161.jpg 300w, https:\/\/adenilsongiovanini.com.br\/blog\/wp-content\/uploads\/2021\/05\/Projecao-Conica-320x172.jpg 320w, https:\/\/adenilsongiovanini.com.br\/blog\/wp-content\/uploads\/2021\/05\/Projecao-Conica-360x193.jpg 360w\" sizes=\"(max-width: 640px) 100vw, 640px\" \/><\/p>\n<p><span style=\"font-family: arial, helvetica, sans-serif; font-size: 20px; color: #000000;\">Na <strong>proje\u00e7\u00e3o c\u00f4nica<\/strong> o mapa \u00e9 constru\u00eddo imaginando-o desenhado num cone que envolve a esfera terrestre, que \u00e9 em seguida desenrolado. <\/span><\/p>\n<p><span style=\"font-family: arial, helvetica, sans-serif; font-size: 20px; color: #000000;\">As proje\u00e7\u00f5es c\u00f4nicas podem ser tamb\u00e9m tangentes ou secantes, sendo que nas mesmas os meridianos s\u00e3o retas que convergem em um ponto e todos os paralelos, circunfer\u00eancias conc\u00eantricas a esse ponto. <\/span><\/p>\n<p><span style=\"font-family: arial, helvetica, sans-serif; font-size: 20px; color: #000000;\">Ex. <span style=\"color: #0000ff;\"><a style=\"color: #0000ff;\" href=\"https:\/\/adenilsongiovanini.com.br\/blog\/projecao-de-lambert-o-que-e-e-caracteristicas\/\">Proje\u00e7\u00e3o C\u00f4nica de Lambert<\/a><\/span>.<\/span><\/p>\n<h3 style=\"text-align: center;\">\n<span style=\"font-size: 20px;\"><strong><span style=\"font-family: arial, helvetica, sans-serif; color: #000000;\">Proje\u00e7\u00e3o cartogr\u00e1fica Cil\u00edndrica<\/span><\/strong><\/span><\/h3>\n<p><img decoding=\"async\" class=\"aligncenter size-full wp-image-19717\" src=\"https:\/\/adenilsongiovanini.com.br\/blog\/wp-content\/uploads\/2021\/05\/Projecao-Cilindrica.jpg\" alt=\"proje\u00e7\u00e3o cartogr\u00e1fica cil\u00edndrica\" width=\"700\" height=\"331\" srcset=\"https:\/\/adenilsongiovanini.com.br\/blog\/wp-content\/uploads\/2021\/05\/Projecao-Cilindrica.jpg 700w, https:\/\/adenilsongiovanini.com.br\/blog\/wp-content\/uploads\/2021\/05\/Projecao-Cilindrica-300x142.jpg 300w, https:\/\/adenilsongiovanini.com.br\/blog\/wp-content\/uploads\/2021\/05\/Projecao-Cilindrica-320x151.jpg 320w, https:\/\/adenilsongiovanini.com.br\/blog\/wp-content\/uploads\/2021\/05\/Projecao-Cilindrica-640x303.jpg 640w, https:\/\/adenilsongiovanini.com.br\/blog\/wp-content\/uploads\/2021\/05\/Projecao-Cilindrica-360x170.jpg 360w\" sizes=\"(max-width: 700px) 100vw, 700px\" \/><\/p>\n<p><span style=\"font-family: arial, helvetica, sans-serif; font-size: 20px; color: #000000;\">Na <span style=\"color: #0000ff;\"><a style=\"color: #0000ff;\" href=\"https:\/\/adenilsongiovanini.com.br\/blog\/projecao-cilindrica\/\">proje\u00e7\u00e3o cil\u00edndrica<\/a><\/span> o mapa \u00e9 constru\u00eddo imaginando-o desenhado num cilindro tangente ou secante \u00e0 superf\u00edcie da Terra, que \u00e9 depois desenrolado. <\/span><\/p>\n<p><span style=\"font-family: arial, helvetica, sans-serif; font-size: 20px; color: #000000;\">Perceba que nas proje\u00e7\u00f5es cil\u00edndricas, os <span style=\"color: #0000ff;\"><a style=\"color: #0000ff;\" href=\"https:\/\/adenilsongiovanini.com.br\/blog\/paralelos-e-meridianos-descubra-o-que-sao\/\">meridianos e paralelos<\/a><\/span> s\u00e3o representados por retas perpendiculares. <\/span><\/p>\n<p><span style=\"font-family: arial, helvetica, sans-serif; font-size: 20px; color: #000000;\">Ex. <span style=\"color: #0000ff;\"><a style=\"color: #0000ff;\" href=\"https:\/\/brasilescola.uol.com.br\/geografia\/projecao-mercator.htm\">Proje\u00e7\u00e3o de Mercator<\/a><\/span>.<\/span><\/p>\n<p>&nbsp;<\/p>\n<h2 style=\"text-align: center;\"><strong><span style=\"font-family: arial, helvetica, sans-serif; font-size: 24px; color: #000000;\">Proje\u00e7\u00e3o cartogr\u00e1fica &#8211; Classifica\u00e7\u00e3o de acordo com o grau de Deforma\u00e7\u00e3o da Superf\u00edcie <\/span><\/strong><\/h2>\n<p><span style=\"font-family: arial, helvetica, sans-serif; font-size: 20px; color: #000000;\">Quanto ao <strong>grau de deforma\u00e7\u00e3o<\/strong> das superf\u00edcies representadas, as proje\u00e7\u00f5es cartogr\u00e1ficas s\u00e3o classificadas em:<\/span><\/p>\n<ul>\n<li><span style=\"font-family: arial, helvetica, sans-serif; font-size: 20px; color: #000000;\"><span style=\"color: #0000ff;\"><a style=\"color: #0000ff;\" href=\"https:\/\/adenilsongiovanini.com.br\/blog\/projecao-conforme\/\">Conformes ou isogonais<\/a><\/span>; <\/span><\/li>\n<li><span style=\"font-family: arial, helvetica, sans-serif; font-size: 20px; color: #000000;\">Equivalentes ou isom\u00e9tricas e;<\/span><\/li>\n<li><span style=\"font-family: arial, helvetica, sans-serif; font-size: 20px; color: #000000;\">Equidistantes.<\/span><\/li>\n<\/ul>\n<h3 style=\"text-align: center;\">\n<strong><span style=\"font-family: arial, helvetica, sans-serif; font-size: 20px; color: #000000;\">Proje\u00e7\u00e3o Cartogr\u00e1fica &#8211; Proje\u00e7\u00f5es Conformes ou Isogonais<\/span><\/strong><\/h3>\n<p><img decoding=\"async\" class=\"aligncenter size-full wp-image-19718\" src=\"https:\/\/adenilsongiovanini.com.br\/blog\/wp-content\/uploads\/2021\/05\/Projecao-conforme.jpg\" alt=\"proje\u00e7\u00e3o conforme\" width=\"960\" height=\"720\" srcset=\"https:\/\/adenilsongiovanini.com.br\/blog\/wp-content\/uploads\/2021\/05\/Projecao-conforme.jpg 960w, https:\/\/adenilsongiovanini.com.br\/blog\/wp-content\/uploads\/2021\/05\/Projecao-conforme-300x225.jpg 300w, https:\/\/adenilsongiovanini.com.br\/blog\/wp-content\/uploads\/2021\/05\/Projecao-conforme-768x576.jpg 768w, https:\/\/adenilsongiovanini.com.br\/blog\/wp-content\/uploads\/2021\/05\/Projecao-conforme-320x240.jpg 320w, https:\/\/adenilsongiovanini.com.br\/blog\/wp-content\/uploads\/2021\/05\/Projecao-conforme-640x480.jpg 640w, https:\/\/adenilsongiovanini.com.br\/blog\/wp-content\/uploads\/2021\/05\/Projecao-conforme-360x270.jpg 360w, https:\/\/adenilsongiovanini.com.br\/blog\/wp-content\/uploads\/2021\/05\/Projecao-conforme-720x540.jpg 720w, https:\/\/adenilsongiovanini.com.br\/blog\/wp-content\/uploads\/2021\/05\/Projecao-conforme-800x600.jpg 800w\" sizes=\"(max-width: 960px) 100vw, 960px\" \/><\/p>\n<p><span style=\"font-family: arial, helvetica, sans-serif; font-size: 20px; color: #000000;\">As <span style=\"color: #0000ff;\"><a style=\"color: #0000ff;\" href=\"https:\/\/adenilsongiovanini.com.br\/blog\/projecao-conforme\/\">proje\u00e7\u00f5es conformes<\/a><\/span> n\u00e3o deformam os \u00e2ngulos de pequenas \u00e1reas. Em um proje\u00e7\u00e3o conforme os paralelos e os meridianos se cruzam em \u00e2ngulos retos, e a escala em torno de um ponto se mant\u00e9m para qualquer dire\u00e7\u00e3o. <\/span><\/p>\n<p><span style=\"font-family: arial, helvetica, sans-serif; font-size: 20px; color: #000000;\">Por\u00e9m, ao se manter a precis\u00e3o dos \u00e2ngulos, distorce-se a forma dos objetos no mapa. <\/span><\/p>\n<p><span style=\"font-family: arial, helvetica, sans-serif; font-size: 20px; color: #000000;\">Ex. Proje\u00e7\u00e3o de Mercator<\/span><\/p>\n<p>&nbsp;<\/p>\n<h3 style=\"text-align: center;\"><strong><span style=\"font-family: arial, helvetica, sans-serif; font-size: 20px; color: #000000;\">Proje\u00e7\u00f5es Equivalentes ou Isom\u00e9tricas<\/span><\/strong><\/h3>\n<p><img decoding=\"async\" class=\"aligncenter size-full wp-image-19719\" src=\"https:\/\/adenilsongiovanini.com.br\/blog\/wp-content\/uploads\/2021\/05\/Projecoes-Equivalentes.png\" alt=\"proje\u00e7\u00e3o cartogr\u00e1fica equivalente\" width=\"512\" height=\"197\" srcset=\"https:\/\/adenilsongiovanini.com.br\/blog\/wp-content\/uploads\/2021\/05\/Projecoes-Equivalentes.png 512w, https:\/\/adenilsongiovanini.com.br\/blog\/wp-content\/uploads\/2021\/05\/Projecoes-Equivalentes-300x115.png 300w, https:\/\/adenilsongiovanini.com.br\/blog\/wp-content\/uploads\/2021\/05\/Projecoes-Equivalentes-320x123.png 320w, https:\/\/adenilsongiovanini.com.br\/blog\/wp-content\/uploads\/2021\/05\/Projecoes-Equivalentes-360x139.png 360w\" sizes=\"(max-width: 512px) 100vw, 512px\" \/><\/p>\n<p><span style=\"font-family: arial, helvetica, sans-serif; font-size: 20px; color: #000000;\">As <strong>proje\u00e7\u00f5es equivalentes<\/strong> n\u00e3o deformam \u00e1reas, mantendo uma rela\u00e7\u00e3o constante, em termos de \u00e1rea, com a superf\u00edcie terrestre. <\/span><\/p>\n<p><span style=\"font-family: arial, helvetica, sans-serif; font-size: 20px; color: #000000;\">Devido as deforma\u00e7\u00f5es que sofrem, n\u00e3o s\u00e3o adequadas \u00e0 <span style=\"color: #0000ff;\"><a href=\"https:\/\/adenilsongiovanini.com.br\/blog\/curso-cartografia-veja-esta-novidade\/\" style=\"color: #0000ff;\">Cartografia<\/a><\/span> de base, por\u00e9m s\u00e3o muito utilizadas para a <span style=\"color: #0000ff;\"><a style=\"color: #0000ff;\" href=\"https:\/\/adenilsongiovanini.com.br\/blog\/cartografia-tematica\/\">Cartografia tem\u00e1tica<\/a><\/span>. <\/span><\/p>\n<p><span style=\"font-family: arial, helvetica, sans-serif; font-size: 20px; color: #000000;\">Ex. <span style=\"color: #0000ff;\"><a style=\"color: #0000ff;\" href=\"https:\/\/docs.bentley.com\/LiveContent\/web\/MicroStation%20Help-v14\/pt-br\/GUID-8432102E-A1A9-B748-0953-50DA6E7F635E.html\">Proje\u00e7\u00e3o Azimutal <\/a><\/span><\/span><span style=\"color: #0000ff;\"><a style=\"color: #0000ff;\" href=\"https:\/\/docs.bentley.com\/LiveContent\/web\/MicroStation%20Help-v14\/pt-br\/GUID-8432102E-A1A9-B748-0953-50DA6E7F635E.html\"><span style=\"font-family: arial, helvetica, sans-serif; font-size: 20px;\">de Lambert<\/span><\/a><\/span><\/p>\n<p>&nbsp;<\/p>\n<h3 style=\"text-align: center;\">\n<strong><span style=\"font-family: arial, helvetica, sans-serif; font-size: 20px; color: #000000;\">Proje\u00e7\u00e3o Cartogr\u00e1fica &#8211; Proje\u00e7\u00f5es Equidistantes<\/span><\/strong><\/h3>\n<p><img decoding=\"async\" class=\"aligncenter size-large wp-image-19720\" src=\"https:\/\/adenilsongiovanini.com.br\/blog\/wp-content\/uploads\/2021\/05\/Projecoes-Equidistantes-1024x513.jpg\" alt=\"proje\u00e7\u00f5es equidistantes\" width=\"1024\" height=\"513\" srcset=\"https:\/\/adenilsongiovanini.com.br\/blog\/wp-content\/uploads\/2021\/05\/Projecoes-Equidistantes-1024x513.jpg 1024w, https:\/\/adenilsongiovanini.com.br\/blog\/wp-content\/uploads\/2021\/05\/Projecoes-Equidistantes-300x150.jpg 300w, https:\/\/adenilsongiovanini.com.br\/blog\/wp-content\/uploads\/2021\/05\/Projecoes-Equidistantes-768x385.jpg 768w, https:\/\/adenilsongiovanini.com.br\/blog\/wp-content\/uploads\/2021\/05\/Projecoes-Equidistantes-320x160.jpg 320w, https:\/\/adenilsongiovanini.com.br\/blog\/wp-content\/uploads\/2021\/05\/Projecoes-Equidistantes-640x321.jpg 640w, https:\/\/adenilsongiovanini.com.br\/blog\/wp-content\/uploads\/2021\/05\/Projecoes-Equidistantes-360x180.jpg 360w, https:\/\/adenilsongiovanini.com.br\/blog\/wp-content\/uploads\/2021\/05\/Projecoes-Equidistantes-720x361.jpg 720w, https:\/\/adenilsongiovanini.com.br\/blog\/wp-content\/uploads\/2021\/05\/Projecoes-Equidistantes-1080x541.jpg 1080w, https:\/\/adenilsongiovanini.com.br\/blog\/wp-content\/uploads\/2021\/05\/Projecoes-Equidistantes-800x401.jpg 800w, https:\/\/adenilsongiovanini.com.br\/blog\/wp-content\/uploads\/2021\/05\/Projecoes-Equidistantes.jpg 1200w\" sizes=\"(max-width: 1024px) 100vw, 1024px\" \/><\/p>\n<p><span style=\"font-family: arial, helvetica, sans-serif; font-size: 20px; color: #000000;\">As <strong>proje\u00e7\u00f5es equidistantes<\/strong> n\u00e3o apresentam deforma\u00e7\u00f5es lineares. Ou seja, os comprimentos s\u00e3o representados em escala uniforme. Por\u00e9m, esta condi\u00e7\u00e3o s\u00f3 \u00e9 conseguida em determinada dire\u00e7\u00e3o.<\/span><\/p>\n<p><span style=\"font-family: arial, helvetica, sans-serif; font-size: 20px; color: #000000;\">Estas proje\u00e7\u00f5es s\u00e3o menos empregadas que as proje\u00e7\u00f5es conformes e equivalentes, uma vez que raramente \u00e9 desej\u00e1vel ter-se um mapa com dist\u00e2ncias corretas apenas em uma dire\u00e7\u00e3o. <\/span><\/p>\n<p><span style=\"font-family: arial, helvetica, sans-serif; font-size: 20px; color: #000000;\">Ex. <span style=\"color: #0000ff;\"><a style=\"color: #0000ff;\" href=\"https:\/\/www.infoescola.com\/cartografia\/projecao-cilindrica-equidistante\/\">Proje\u00e7\u00e3o Cil\u00edndrica Equidistante<\/a><\/span>.<\/span><\/p>\n<h3 style=\"text-align: center;\">\n<strong><span style=\"font-family: arial, helvetica, sans-serif; font-size: 20px; color: #000000;\">Proje\u00e7\u00f5es Afil\u00e1ticas<\/span><\/strong><\/h3>\n<p><img decoding=\"async\" class=\"aligncenter size-full wp-image-19721\" src=\"https:\/\/adenilsongiovanini.com.br\/blog\/wp-content\/uploads\/2021\/05\/Projecoes-Afilaticas.jpg\" alt=\"proje\u00e7\u00f5es afil\u00e1ticas\" width=\"380\" height=\"193\" srcset=\"https:\/\/adenilsongiovanini.com.br\/blog\/wp-content\/uploads\/2021\/05\/Projecoes-Afilaticas.jpg 380w, https:\/\/adenilsongiovanini.com.br\/blog\/wp-content\/uploads\/2021\/05\/Projecoes-Afilaticas-300x152.jpg 300w, https:\/\/adenilsongiovanini.com.br\/blog\/wp-content\/uploads\/2021\/05\/Projecoes-Afilaticas-320x163.jpg 320w, https:\/\/adenilsongiovanini.com.br\/blog\/wp-content\/uploads\/2021\/05\/Projecoes-Afilaticas-360x183.jpg 360w\" sizes=\"(max-width: 380px) 100vw, 380px\" \/><\/p>\n<p><span style=\"font-family: arial, helvetica, sans-serif; font-size: 20px; color: #000000;\">N\u00e3o possuem nenhuma das propriedades dos outros tipos de proje\u00e7\u00f5es cartogr\u00e1ficas. <\/span><\/p>\n<p><span style=\"font-family: arial, helvetica, sans-serif; font-size: 20px; color: #000000;\">Ou seja, <\/span><span style=\"color: #000000; font-family: arial, helvetica, sans-serif; font-size: 20px;\">n\u00e3o s\u00e3o:<\/span><\/p>\n<ul>\n<li><span style=\"font-family: arial, helvetica, sans-serif; font-size: 20px; color: #000000;\">Equival\u00eantes;<\/span><\/li>\n<li><span style=\"font-family: arial, helvetica, sans-serif; font-size: 20px; color: #000000;\">Conformes;<\/span><\/li>\n<li><span style=\"font-family: arial, helvetica, sans-serif; font-size: 20px; color: #000000;\">Nem equidistantes.<\/span><\/li>\n<\/ul>\n<p><span style=\"font-family: arial, helvetica, sans-serif; font-size: 20px; color: #000000;\">Ou seja, as \u00e1reas, \u00e2ngulos e comprimentos s\u00e3o alterados.<\/span><\/p>\n<h2 style=\"text-align: center;\">\n<strong><span style=\"font-family: arial, helvetica, sans-serif; font-size: 24px; color: #000000;\">Proje\u00e7\u00e3o cartogr\u00e1fica e distor\u00e7\u00e3o de dados<\/span><\/strong><\/h2>\n<p><img decoding=\"async\" class=\"aligncenter wp-image-4801 size-large\" src=\"https:\/\/adenilsongiovanini.com.br\/blog\/wp-content\/uploads\/2019\/12\/Proje\u00e7\u00e3o-plana-ou-azimutal-780x254.gif\" alt=\"proje\u00e7\u00e3o cartgr\u00e1fica plana ou azimutal\" width=\"780\" height=\"254\" srcset=\"https:\/\/adenilsongiovanini.com.br\/blog\/wp-content\/uploads\/2019\/12\/Proje\u00e7\u00e3o-plana-ou-azimutal-780x254.gif 780w, https:\/\/adenilsongiovanini.com.br\/blog\/wp-content\/uploads\/2019\/12\/Proje\u00e7\u00e3o-plana-ou-azimutal-300x98.gif 300w, https:\/\/adenilsongiovanini.com.br\/blog\/wp-content\/uploads\/2019\/12\/Proje\u00e7\u00e3o-plana-ou-azimutal-768x250.gif 768w\" sizes=\"(max-width: 780px) 100vw, 780px\" \/><\/p>\n<p><span style=\"font-family: arial, helvetica, sans-serif; font-size: 20px; color: #000000;\">Todos os <strong>sistemas de proje\u00e7\u00f5es<\/strong> apresentam deforma\u00e7\u00f5es, j\u00e1 que n\u00e3o \u00e9 poss\u00edvel &#8220;achatar&#8221; uma superf\u00edcie esf\u00e9rica em uma superf\u00edcie plana sem deformar a mesma. <\/span><\/p>\n<p><span style=\"font-family: arial, helvetica, sans-serif; font-size: 20px; color: #000000;\">Estas deforma\u00e7\u00f5es podem ser lineares, angulares, superficiais ou, uma combina\u00e7\u00e3o das tr\u00eas.<\/span><\/p>\n<p><span style=\"font-family: arial, helvetica, sans-serif; font-size: 20px; color: #000000;\">O importante \u00e9 voc\u00ea ter a capacidade de decidir a melhor proje\u00e7\u00e3o para a aplica\u00e7\u00e3o que deseja, analisando as propriedades geom\u00e9tricas oferecidas por cada proje\u00e7\u00e3o, de modo a preservar as caracter\u00edsticas mais importantes para o projeto especifico no qual est\u00e1 trabalhando.<\/span><\/p>\n<p><span style=\"font-family: arial, helvetica, sans-serif; font-size: 20px; color: #000000;\">Perceba que todo mapa apresenta algum tipo de distor\u00e7\u00e3o, sendo que a deforma\u00e7\u00e3o apresentada pelo mapa depender\u00e1 da natureza do processo de proje\u00e7\u00e3o. <\/span><\/p>\n<p><span style=\"font-family: arial, helvetica, sans-serif; font-size: 20px; color: #000000;\">Dependendo do <strong>objetivo do mapa<\/strong>, estas distor\u00e7\u00f5es podem ser minimizadas quanto \u00e0 forma, \u00e1rea, dist\u00e2ncia ou dire\u00e7\u00e3o. <\/span><\/p>\n<p><span style=\"font-family: arial, helvetica, sans-serif; font-size: 20px; color: #000000;\">Portanto, sempre que for produzir um mapa voc\u00ea deve escolher a proje\u00e7\u00e3o cartogr\u00e1fica que preserve as caracter\u00edsticas mais importantes para a aplica\u00e7\u00e3o especifica, minimizando as demais distor\u00e7\u00f5es.<\/span><\/p>\n<p>&nbsp;<\/p>\n<h2 style=\"text-align: center;\"><span style=\"font-family: arial, helvetica, sans-serif; font-size: 24px; color: #000000;\"><strong>Proje\u00e7\u00f5es Cartogr\u00e1ficas utilizadas no Brasil<\/strong><\/span><\/h2>\n<p><img decoding=\"async\" class=\"aligncenter size-full wp-image-3797\" src=\"https:\/\/adenilsongiovanini.com.br\/blog\/wp-content\/uploads\/2019\/12\/fusos-utm-no-Brasil.jpg\" alt=\"pProje\u00e7\u00f5es cartogr\u00e1ficas utilizadas no Brasil\" width=\"459\" height=\"433\" srcset=\"https:\/\/adenilsongiovanini.com.br\/blog\/wp-content\/uploads\/2019\/12\/fusos-utm-no-Brasil.jpg 459w, https:\/\/adenilsongiovanini.com.br\/blog\/wp-content\/uploads\/2019\/12\/fusos-utm-no-Brasil-300x283.jpg 300w\" sizes=\"(max-width: 459px) 100vw, 459px\" \/><br \/>\n<span style=\"font-family: arial, helvetica, sans-serif; font-size: 20px; color: #000000;\">Na realidade, normalmente um pa\u00eds utiliza um conjunto padr\u00e3o previamente definido de proje\u00e7\u00f5es que atende \u00e0s demandas espec\u00edficas de utiliza\u00e7\u00e3o e \u00e0 representa\u00e7\u00e3o em escala. <\/span><\/p>\n<p><span style=\"font-family: arial, helvetica, sans-serif; font-size: 20px; color: #000000;\">No Brasil, para o <span style=\"color: #0000ff;\"><a style=\"color: #0000ff;\" href=\"https:\/\/adenilsongiovanini.com.br\/blog\/carta-do-brasil-ao-milionesimo\/\">mapeamento sistem\u00e1tico<\/a><\/span>, utiliza-se o seguinte padr\u00e3o para a proje\u00e7\u00e3o cartogr\u00e1fica:<\/span><\/p>\n<ul>\n<li><span style=\"font-family: arial, helvetica, sans-serif; font-size: 20px; color: #000000;\">Escala 1:25.000 a 1:250.000 &#8211; Proje\u00e7\u00e3o UTM;<\/span><\/li>\n<li><span style=\"font-family: arial, helvetica, sans-serif; font-size: 20px; color: #000000;\">Escala 1:500.000 a 1:1.000.000 &#8211; Proje\u00e7\u00e3o Conforme de Lambert;<\/span><\/li>\n<li><span style=\"font-family: arial, helvetica, sans-serif; font-size: 20px; color: #000000;\">Escala 1:5.000.000 &#8211; Proje\u00e7\u00e3o Polic\u00f4nica.<\/span><\/li>\n<\/ul>\n<p>&nbsp;<\/p>\n<h2 style=\"text-align: center;\"><strong><span style=\"font-family: arial, helvetica, sans-serif; font-size: 24px; color: #000000;\">Proje\u00e7\u00f5es cartogr\u00e1ficas mais utilizadas em mapas<\/span><\/strong><\/h2>\n<p><span style=\"font-family: arial, helvetica, sans-serif; font-size: 20px; color: #000000;\">Seguem as proje\u00e7\u00f5es cartogr\u00e1ficas mais utilizadas na elabora\u00e7\u00e3o de mapas.<\/span><\/p>\n<p>&nbsp;<\/p>\n<h3 style=\"text-align: center;\">\n<strong><span style=\"font-family: arial, helvetica, sans-serif; font-size: 20px; color: #000000;\">Proje\u00e7\u00e3o de Mercator<\/span><\/strong><\/h3>\n<p><img decoding=\"async\" class=\"aligncenter size-full wp-image-19722\" src=\"https:\/\/adenilsongiovanini.com.br\/blog\/wp-content\/uploads\/2021\/05\/projecao-de-mercator.jpg\" alt=\"mercator\" width=\"500\" height=\"424\" srcset=\"https:\/\/adenilsongiovanini.com.br\/blog\/wp-content\/uploads\/2021\/05\/projecao-de-mercator.jpg 500w, https:\/\/adenilsongiovanini.com.br\/blog\/wp-content\/uploads\/2021\/05\/projecao-de-mercator-300x254.jpg 300w, https:\/\/adenilsongiovanini.com.br\/blog\/wp-content\/uploads\/2021\/05\/projecao-de-mercator-320x271.jpg 320w, https:\/\/adenilsongiovanini.com.br\/blog\/wp-content\/uploads\/2021\/05\/projecao-de-mercator-360x305.jpg 360w\" sizes=\"(max-width: 500px) 100vw, 500px\" \/><\/p>\n<p><span style=\"font-family: arial, helvetica, sans-serif; font-size: 20px; color: #000000;\">A <span style=\"color: #0000ff;\"><a style=\"color: #0000ff;\" href=\"https:\/\/adenilsongiovanini.com.br\/blog\/sistema-de-coordenadas-utm\/\">proje\u00e7\u00e3o cartogr\u00e1fica de Mercator<\/a><\/span> tamb\u00e9m \u00e9 conhecida como Proje\u00e7\u00e3o Cil\u00edndrica de Mercator e procura tra\u00e7ar um mapa de toda a superf\u00edcie terrestre.<\/span><\/p>\n<p><span style=\"font-family: arial, helvetica, sans-serif; font-size: 20px; color: #000000;\"> A proje\u00e7\u00e3o de Mercator reproduz bem o tamanho e o formato das \u00e1reas situadas na zona intertropical, mas exagera na representa\u00e7\u00e3o das \u00e1reas temperadas e polares. <\/span><\/p>\n<p><span style=\"font-family: arial, helvetica, sans-serif; font-size: 20px; color: #000000;\">Para se ter uma ideia desses exageros, basta observarmos um Mapa Mundi, onde a Groenl\u00e2ndia, parece ter a mesma \u00e1rea que a do Brasil, quando na verdade <\/span><span style=\"font-family: arial, helvetica, sans-serif; font-size: 20px; color: #000000;\">\u00e9 cerca de quatro vezes menor.<\/span><\/p>\n<p style=\"text-align: center;\">\n<strong><span style=\"font-family: arial, helvetica, sans-serif; font-size: 24px; color: #000000;\">Proje\u00e7\u00e3o Cartogr\u00e1fica &#8211; Proje\u00e7\u00e3o de Peters<\/span><\/strong><\/p>\n<p><img decoding=\"async\" class=\"aligncenter wp-image-19723\" src=\"https:\/\/adenilsongiovanini.com.br\/blog\/wp-content\/uploads\/2021\/05\/Projecao-de-Peters.jpg\" alt=\"peters\" width=\"780\" height=\"498\" srcset=\"https:\/\/adenilsongiovanini.com.br\/blog\/wp-content\/uploads\/2021\/05\/Projecao-de-Peters.jpg 984w, https:\/\/adenilsongiovanini.com.br\/blog\/wp-content\/uploads\/2021\/05\/Projecao-de-Peters-300x191.jpg 300w, https:\/\/adenilsongiovanini.com.br\/blog\/wp-content\/uploads\/2021\/05\/Projecao-de-Peters-768x490.jpg 768w, https:\/\/adenilsongiovanini.com.br\/blog\/wp-content\/uploads\/2021\/05\/Projecao-de-Peters-320x204.jpg 320w, https:\/\/adenilsongiovanini.com.br\/blog\/wp-content\/uploads\/2021\/05\/Projecao-de-Peters-640x408.jpg 640w, https:\/\/adenilsongiovanini.com.br\/blog\/wp-content\/uploads\/2021\/05\/Projecao-de-Peters-360x230.jpg 360w, https:\/\/adenilsongiovanini.com.br\/blog\/wp-content\/uploads\/2021\/05\/Projecao-de-Peters-720x460.jpg 720w, https:\/\/adenilsongiovanini.com.br\/blog\/wp-content\/uploads\/2021\/05\/Projecao-de-Peters-800x511.jpg 800w\" sizes=\"(max-width: 780px) 100vw, 780px\" \/><\/p>\n<p><span style=\"font-family: arial, helvetica, sans-serif; font-size: 20px; color: #000000;\">A <strong>proje\u00e7\u00e3o de Peters<\/strong> \u00e9 uma proje\u00e7\u00e3o cartogr\u00e1fica que tem como objetivo fazer uma proje\u00e7\u00e3o oposta a de Mercator. A mesma procura fazer um retrato mais ou menos fiel do tamanho das \u00e1reas, por\u00e9m para alcan\u00e7ar este objetivo acaba muitas vezes distorcendo as formas.<\/span><\/p>\n<p><span style=\"font-family: arial, helvetica, sans-serif; font-size: 20px; color: #000000;\">Na verdade, essa proje\u00e7\u00e3o n\u00e3o se preocupa com a forma, mas com a propor\u00e7\u00e3o, isto \u00e9, com o tamanho relativo de cada \u00e1rea.<\/span><\/p>\n<p><span style=\"font-family: arial, helvetica, sans-serif; font-size: 20px; color: #000000;\">Trata-se de uma proje\u00e7\u00e3o equivalente.<\/span><\/p>\n<h3 style=\"text-align: center;\">\n<strong><span style=\"font-family: arial, helvetica, sans-serif; font-size: 20px; color: #000000;\">Proje\u00e7\u00e3o cartogr\u00e1ficaPlana ou Polar<\/span><\/strong><\/h3>\n<p><img decoding=\"async\" class=\"aligncenter wp-image-4793 size-large\" src=\"https:\/\/adenilsongiovanini.com.br\/blog\/wp-content\/uploads\/2019\/12\/proje\u00e7\u00e3o-azimutal-tamb\u00e9m-conhecida-como-proje\u00e7\u00e3o-plana-780x780.jpg\" alt=\"proje\u00e7\u00e3o plana\" width=\"780\" height=\"780\" srcset=\"https:\/\/adenilsongiovanini.com.br\/blog\/wp-content\/uploads\/2019\/12\/proje\u00e7\u00e3o-azimutal-tamb\u00e9m-conhecida-como-proje\u00e7\u00e3o-plana-780x780.jpg 780w, https:\/\/adenilsongiovanini.com.br\/blog\/wp-content\/uploads\/2019\/12\/proje\u00e7\u00e3o-azimutal-tamb\u00e9m-conhecida-como-proje\u00e7\u00e3o-plana-300x300.jpg 300w, https:\/\/adenilsongiovanini.com.br\/blog\/wp-content\/uploads\/2019\/12\/proje\u00e7\u00e3o-azimutal-tamb\u00e9m-conhecida-como-proje\u00e7\u00e3o-plana-150x150.jpg 150w, https:\/\/adenilsongiovanini.com.br\/blog\/wp-content\/uploads\/2019\/12\/proje\u00e7\u00e3o-azimutal-tamb\u00e9m-conhecida-como-proje\u00e7\u00e3o-plana-768x768.jpg 768w, https:\/\/adenilsongiovanini.com.br\/blog\/wp-content\/uploads\/2019\/12\/proje\u00e7\u00e3o-azimutal-tamb\u00e9m-conhecida-como-proje\u00e7\u00e3o-plana.jpg 800w\" sizes=\"(max-width: 780px) 100vw, 780px\" \/><\/p>\n<p><span style=\"font-family: arial, helvetica, sans-serif; font-size: 20px; color: #000000;\">A <strong>proje\u00e7\u00e3o plana<\/strong> considera como se as diversas partes da superf\u00edcie terrestre estivessem supostamente dispostas num plano, o qual <\/span><span style=\"font-family: arial, helvetica, sans-serif; font-size: 20px; color: #000000;\">est\u00e1 centrado num ponto qualquer do globo. <\/span><\/p>\n<p><span style=\"font-family: arial, helvetica, sans-serif; font-size: 20px; color: #000000;\">Esta proje\u00e7\u00e3o possui como vantagem o fato de \u00e1reas pr\u00f3ximas do centro ficarem muito bem representadas, bem detalhadas. Por\u00e9m, as \u00e1reas distantes v\u00e3o ficando cada vez mais distorcidas.<\/span><\/p>\n<h3 style=\"text-align: center;\">\n<strong><span style=\"font-family: arial, helvetica, sans-serif; font-size: 20px; color: #000000;\">Proje\u00e7\u00e3o Cartogr\u00e1fica &#8211; Proje\u00e7\u00e3o de Aittof<\/span><\/strong><\/h3>\n<p><img decoding=\"async\" class=\"aligncenter size-full wp-image-19724\" src=\"https:\/\/adenilsongiovanini.com.br\/blog\/wp-content\/uploads\/2021\/05\/Projecao-de-Aittof.jpg\" alt=\"proje\u00e7\u00e3o de Aitoff\" width=\"700\" height=\"362\" srcset=\"https:\/\/adenilsongiovanini.com.br\/blog\/wp-content\/uploads\/2021\/05\/Projecao-de-Aittof.jpg 700w, https:\/\/adenilsongiovanini.com.br\/blog\/wp-content\/uploads\/2021\/05\/Projecao-de-Aittof-300x155.jpg 300w, https:\/\/adenilsongiovanini.com.br\/blog\/wp-content\/uploads\/2021\/05\/Projecao-de-Aittof-320x165.jpg 320w, https:\/\/adenilsongiovanini.com.br\/blog\/wp-content\/uploads\/2021\/05\/Projecao-de-Aittof-640x331.jpg 640w, https:\/\/adenilsongiovanini.com.br\/blog\/wp-content\/uploads\/2021\/05\/Projecao-de-Aittof-360x186.jpg 360w\" sizes=\"(max-width: 700px) 100vw, 700px\" \/><\/p>\n<p><span style=\"font-family: arial, helvetica, sans-serif; font-size: 20px; color: #000000;\">A <strong>proje\u00e7\u00e3o de Aittof<\/strong> \u00e9 um meio termo entre as proje\u00e7\u00f5es de Mercator e de Peters. A mesma \u00e9 muito usada <\/span><span style=\"font-family: arial, helvetica, sans-serif; font-size: 20px; color: #000000;\">na representa\u00e7\u00e3o dos mapas mundi.<\/span><\/p>\n<h3><\/h3>\n<h3 style=\"text-align: center;\">\n<strong><span style=\"font-family: arial, helvetica, sans-serif; font-size: 20px; color: #000000;\">Proje\u00e7\u00e3o Polic\u00f4nica<\/span><\/strong><\/h3>\n<p><img decoding=\"async\" class=\"aligncenter size-full wp-image-19725\" src=\"https:\/\/adenilsongiovanini.com.br\/blog\/wp-content\/uploads\/2021\/05\/Projecao-Policonica.jpg\" alt=\"proje\u00e7\u00e3o cartogr\u00e1fica polic\u00f4nica\" width=\"640\" height=\"576\" srcset=\"https:\/\/adenilsongiovanini.com.br\/blog\/wp-content\/uploads\/2021\/05\/Projecao-Policonica.jpg 640w, https:\/\/adenilsongiovanini.com.br\/blog\/wp-content\/uploads\/2021\/05\/Projecao-Policonica-300x270.jpg 300w, https:\/\/adenilsongiovanini.com.br\/blog\/wp-content\/uploads\/2021\/05\/Projecao-Policonica-320x288.jpg 320w, https:\/\/adenilsongiovanini.com.br\/blog\/wp-content\/uploads\/2021\/05\/Projecao-Policonica-360x324.jpg 360w\" sizes=\"(max-width: 640px) 100vw, 640px\" \/><\/p>\n<p><span style=\"font-family: arial, helvetica, sans-serif; font-size: 20px; color: #000000;\">A <strong>Proje\u00e7\u00e3o Polic\u00f4nica<\/strong> \u00e9 uma proje\u00e7\u00e3o cartogr\u00e1fica apropriada para o uso em pa\u00edses ou regi\u00f5es de extens\u00e3o predominantemente norte-sul e reduzida extens\u00e3o este-oeste. <\/span><\/p>\n<p><span style=\"font-family: arial, helvetica, sans-serif; font-size: 20px; color: #000000;\">\u00c9 amplamente utilizada nos EUA. No Brasil \u00e9 utilizada em mapas da s\u00e9rie Brasil, regionais, estaduais e tem\u00e1ticos. N\u00e3o \u00e9 conforme, nem equivalente, s\u00f3 tem essas caracter\u00edsticas em \u00e1reas pr\u00f3ximas ao Meridiano Central.<\/span><\/p>\n<p><span style=\"font-family: arial, helvetica, sans-serif; font-size: 20px; color: #000000;\">Apresenta pequena deforma\u00e7\u00e3o pr\u00f3xima ao centro do sistema, mas aumenta rapidamente para a periferia.<\/span><\/p>\n<p>&nbsp;<\/p>\n<p style=\"text-align: center;\">\n<strong><span style=\"font-family: arial, helvetica, sans-serif; font-size: 20px; color: #000000;\">Proje\u00e7\u00e3o cartogr\u00e1fica C\u00f4nica Conforme de Lambert<\/span><\/strong><\/p>\n<p><img decoding=\"async\" class=\"aligncenter size-large wp-image-19726\" src=\"https:\/\/adenilsongiovanini.com.br\/blog\/wp-content\/uploads\/2021\/05\/Projecao-Conica-Conforme-de-Lambert-1024x436.png\" alt=\"proje\u00e7\u00e3o C\u00f4nica Conforme de Lambert\" width=\"1024\" height=\"436\" srcset=\"https:\/\/adenilsongiovanini.com.br\/blog\/wp-content\/uploads\/2021\/05\/Projecao-Conica-Conforme-de-Lambert-1024x436.png 1024w, https:\/\/adenilsongiovanini.com.br\/blog\/wp-content\/uploads\/2021\/05\/Projecao-Conica-Conforme-de-Lambert-300x128.png 300w, https:\/\/adenilsongiovanini.com.br\/blog\/wp-content\/uploads\/2021\/05\/Projecao-Conica-Conforme-de-Lambert-768x327.png 768w, https:\/\/adenilsongiovanini.com.br\/blog\/wp-content\/uploads\/2021\/05\/Projecao-Conica-Conforme-de-Lambert-320x136.png 320w, https:\/\/adenilsongiovanini.com.br\/blog\/wp-content\/uploads\/2021\/05\/Projecao-Conica-Conforme-de-Lambert-640x273.png 640w, https:\/\/adenilsongiovanini.com.br\/blog\/wp-content\/uploads\/2021\/05\/Projecao-Conica-Conforme-de-Lambert-360x153.png 360w, https:\/\/adenilsongiovanini.com.br\/blog\/wp-content\/uploads\/2021\/05\/Projecao-Conica-Conforme-de-Lambert-720x307.png 720w, https:\/\/adenilsongiovanini.com.br\/blog\/wp-content\/uploads\/2021\/05\/Projecao-Conica-Conforme-de-Lambert-1080x460.png 1080w, https:\/\/adenilsongiovanini.com.br\/blog\/wp-content\/uploads\/2021\/05\/Projecao-Conica-Conforme-de-Lambert-800x341.png 800w, https:\/\/adenilsongiovanini.com.br\/blog\/wp-content\/uploads\/2021\/05\/Projecao-Conica-Conforme-de-Lambert.png 1200w\" sizes=\"(max-width: 1024px) 100vw, 1024px\" \/><\/p>\n<p><span style=\"font-family: arial, helvetica, sans-serif; font-size: 20px; color: #000000;\"> A exist\u00eancia de duas linhas de contato com a superf\u00edcie nos fornece uma \u00e1rea maior com baixo n\u00edvel de deforma\u00e7\u00e3o. Isto faz com que esta proje\u00e7\u00e3o seja bastante \u00fatil para regi\u00f5es que se estendam na dire\u00e7\u00e3o leste-oeste, por\u00e9m pode ser utilizada em quaisquer latitudes. <\/span><\/p>\n<p><span style=\"font-family: arial, helvetica, sans-serif; font-size: 20px; color: #000000;\">A partir de 1962, foi adotada para a <span style=\"color: #0000ff;\"><a style=\"color: #0000ff;\" href=\"https:\/\/adenilsongiovanini.com.br\/blog\/cartas-topograficas-exercito\/\">Carta Internacional do Mundo ao Milion\u00e9simo<\/a><\/span>.<\/span><\/p>\n<p><span style=\"font-family: arial, helvetica, sans-serif; font-size: 20px; color: #000000;\">Existem ainda outros tipos de proje\u00e7\u00f5es, mas estas s\u00e3o as mais usadas atualmente, embora todas tenham aspectos positivos e negativos.<\/span><\/p>\n<p><span style=\"font-family: arial, helvetica, sans-serif; font-size: 20px; color: #000000;\">Nenhuma proje\u00e7\u00e3o \u00e9 melhor ou pior que as outras. <\/span><span style=\"color: #000000; font-family: arial, helvetica, sans-serif; font-size: 20px;\">A escolha de uma delas vai depender da finalidade do mapa:<\/span><\/p>\n<ul>\n<li><span style=\"font-family: arial, helvetica, sans-serif; font-size: 20px; color: #000000;\">Viajar;<\/span><\/li>\n<li><span style=\"font-family: arial, helvetica, sans-serif; font-size: 20px; color: #000000;\">Comparar \u00e1reas;<\/span><\/li>\n<li><span style=\"font-family: arial, helvetica, sans-serif; font-size: 20px; color: #000000;\"> Navegar;<\/span><\/li>\n<li><span style=\"font-family: arial, helvetica, sans-serif; font-size: 20px; color: #000000;\">Etc.<\/span><\/li>\n<\/ul>\n<p>&nbsp;<\/p>\n<h2 style=\"text-align: center;\"><span style=\"font-family: arial, helvetica, sans-serif; color: #000000; font-size: 24px;\"><strong>Domine a Topografia Cadastral atrav\u00e9s de um livro formado por centenas de exemplos pr\u00e1ticos <\/strong><\/span><\/h2>\n<h2 style=\"text-align: center;\"><span style=\"font-size: 20px;\"><a href=\"https:\/\/adenilsongiovanini.com.br\/georreferenciamento-de-imoveis-rurais-na-pratica\/\" rel=\"nofollow noreferrer\"><img decoding=\"async\" class=\"aligncenter size-large wp-image-19317\" src=\"https:\/\/adenilsongiovanini.com.br\/blog\/wp-content\/uploads\/2021\/04\/livro-de-topografia-e-georreferenciamento-1024x474.png\" sizes=\"(max-width: 1024px) 100vw, 1024px\" srcset=\"https:\/\/adenilsongiovanini.com.br\/blog\/wp-content\/uploads\/2021\/04\/livro-de-topografia-e-georreferenciamento-1024x474.png 1024w, https:\/\/adenilsongiovanini.com.br\/blog\/wp-content\/uploads\/2021\/04\/livro-de-topografia-e-georreferenciamento-300x139.png 300w, https:\/\/adenilsongiovanini.com.br\/blog\/wp-content\/uploads\/2021\/04\/livro-de-topografia-e-georreferenciamento-768x355.png 768w, https:\/\/adenilsongiovanini.com.br\/blog\/wp-content\/uploads\/2021\/04\/livro-de-topografia-e-georreferenciamento-1536x711.png 1536w, https:\/\/adenilsongiovanini.com.br\/blog\/wp-content\/uploads\/2021\/04\/livro-de-topografia-e-georreferenciamento-320x148.png 320w, https:\/\/adenilsongiovanini.com.br\/blog\/wp-content\/uploads\/2021\/04\/livro-de-topografia-e-georreferenciamento-640x296.png 640w, https:\/\/adenilsongiovanini.com.br\/blog\/wp-content\/uploads\/2021\/04\/livro-de-topografia-e-georreferenciamento-360x167.png 360w, https:\/\/adenilsongiovanini.com.br\/blog\/wp-content\/uploads\/2021\/04\/livro-de-topografia-e-georreferenciamento-720x333.png 720w, https:\/\/adenilsongiovanini.com.br\/blog\/wp-content\/uploads\/2021\/04\/livro-de-topografia-e-georreferenciamento-1080x500.png 1080w, https:\/\/adenilsongiovanini.com.br\/blog\/wp-content\/uploads\/2021\/04\/livro-de-topografia-e-georreferenciamento-800x370.png 800w, https:\/\/adenilsongiovanini.com.br\/blog\/wp-content\/uploads\/2021\/04\/livro-de-topografia-e-georreferenciamento-1280x592.png 1280w, https:\/\/adenilsongiovanini.com.br\/blog\/wp-content\/uploads\/2021\/04\/livro-de-topografia-e-georreferenciamento.png 1565w\" alt=\"livro de topografia e georreferenciamento\" width=\"1024\" height=\"474\" \/><\/a><\/span><\/h2>\n<p><span style=\"font-family: arial, helvetica, sans-serif; font-size: 20px; color: #000000;\">Voc\u00ea quer dominar a Topografia Cadastral?<\/span><\/p>\n<p><span style=\"font-family: arial, helvetica, sans-serif; font-size: 20px; color: #000000;\">Ent\u00e3o eu tenho uma \u00f3tima noticia para voc\u00ea. Me refiro ao <span style=\"color: #0000ff;\"><a style=\"color: #0000ff;\" href=\"https:\/\/adenilsongiovanini.com.br\/georreferenciamento-de-imoveis-rurais-na-pratica\/\" rel=\"nofollow noreferrer\">livro Topografia Cadastral e Georreferenciamento de Im\u00f3veis Rurais na Pr\u00e1tica<\/a><\/span>.<\/span><\/p>\n<p><span style=\"font-size: 20px;\"><span style=\"font-family: arial, helvetica, sans-serif; color: #000000;\">O mesmo \u00e9 dividido em 10 cap\u00edtulos recheados com muitos estudos de caso e exemplos pr\u00e1ticos. D\u00ea uma espiadinha no sum\u00e1rio do mesmo:<\/span><\/span><\/p>\n<p><center><iframe width=\"99%\" height=\"980\" src=\"https:\/\/drive.google.com\/file\/d\/1HJ8fZz1PvPmftfXHJNFTvIBBzY_FZhPJ\/preview\" data-mce-fragment=\"1\"><span data-mce-type=\"bookmark\" style=\"display: inline-block; width: 0px; overflow: hidden; line-height: 0;\" class=\"mce_SELRES_start\">\ufeff<\/span><\/iframe><\/center><\/p>\n<p><span style=\"font-size: 20px;\"><span style=\"font-family: arial, helvetica, sans-serif; color: #000000;\">Para conhecer melhor a estrutura do livro, juntar-se a mais de 800 profissionais e adquirir sua c\u00f3pia \u00e9 s\u00f3 clicar no bot\u00e3o abaixo:<\/span><\/span><\/p>\n<p><span style=\"color: #000000; font-size: 20px;\"><div class=\"su-button-center\"><a href=\"https:\/\/adenilsongiovanini.com.br\/georreferenciamento-de-imoveis-rurais-na-pratica\/\" class=\"su-button su-button-style-3d\" style=\"color:#000000;background-color:#2BCC2F;border-color:#23a426;border-radius:9px\" target=\"_blank\" rel=\"nofollow\" id=\"1\"><span style=\"color:#000000;padding:0px 24px;font-size:18px;line-height:36px;border-color:#6bdc6e;border-radius:9px;text-shadow:0px 0px 0px #000000\"> \u279c Quero Conhecer Melhor o Livro, Pois Quero e Preciso Aprender Mais Sobre Legisla\u00e7\u00e3o Cadastral e Geo. de Im\u00f3veis Rurais<\/span><\/a><\/div><\/span><\/p>\n","protected":false},"excerpt":{"rendered":"<p>Para entender o que \u00e9 uma proje\u00e7\u00e3o cartogr\u00e1fica \u00e9 necess\u00e1rio lembrar de que o planeta tem a forma arredondada e que um mapa \u00e9 desenhado sobre uma folha de papel. Ou seja, numa superf\u00edcie plana. Logo, se a terra \u00e9 redonda e os mapas s\u00e3o planos, existem imperfei\u00e7\u00f5es ao se [&hellip;]<\/p>\n","protected":false},"author":1,"featured_media":19713,"comment_status":"closed","ping_status":"closed","sticky":false,"template":"","format":"standard","meta":{"_monsterinsights_skip_tracking":false,"_monsterinsights_sitenote_active":false,"_monsterinsights_sitenote_note":"","_monsterinsights_sitenote_category":0,"footnotes":""},"categories":[53],"tags":[],"class_list":["post-19708","post","type-post","status-publish","format-standard","has-post-thumbnail","hentry","category-cartografia"],"yoast_head":"<!-- This site is optimized with the Yoast SEO plugin v26.5 - https:\/\/yoast.com\/wordpress\/plugins\/seo\/ -->\n<title>Proje\u00e7\u00e3o Cartogr\u00e1fica: Classifica\u00e7\u00e3o? - Adenilson Giovanini<\/title>\n<meta name=\"description\" content=\"Descubra o que \u00e9 uma proje\u00e7\u00e3o cartogr\u00e1fica, quais as classifica\u00e7\u00f5es das mesmas e quais as proje\u00e7\u00f5es cartogr\u00e1ficas mais usadas no Brasil.\" \/>\n<meta name=\"robots\" content=\"index, follow, max-snippet:-1, max-image-preview:large, max-video-preview:-1\" \/>\n<link rel=\"canonical\" href=\"https:\/\/adenilsongiovanini.com.br\/blog\/projecao-cartografica-classificacao-e-aplicacoes\/\" \/>\n<meta property=\"og:locale\" content=\"pt_BR\" \/>\n<meta property=\"og:type\" content=\"article\" \/>\n<meta property=\"og:title\" content=\"Proje\u00e7\u00e3o Cartogr\u00e1fica: Classifica\u00e7\u00e3o? - Adenilson Giovanini\" \/>\n<meta property=\"og:description\" content=\"Descubra o que \u00e9 uma proje\u00e7\u00e3o cartogr\u00e1fica, quais as classifica\u00e7\u00f5es das mesmas e quais as proje\u00e7\u00f5es cartogr\u00e1ficas mais usadas no Brasil.\" \/>\n<meta property=\"og:url\" content=\"https:\/\/adenilsongiovanini.com.br\/blog\/projecao-cartografica-classificacao-e-aplicacoes\/\" \/>\n<meta property=\"og:site_name\" content=\"Adenilson Giovanini\" \/>\n<meta property=\"article:publisher\" content=\"https:\/\/www.facebook.com\/otopografo\/\" \/>\n<meta property=\"article:author\" content=\"https:\/\/www.facebook.com\/otopografo\/\" \/>\n<meta property=\"article:published_time\" content=\"2021-05-01T15:01:18+00:00\" \/>\n<meta property=\"article:modified_time\" content=\"2022-08-12T13:09:17+00:00\" \/>\n<meta property=\"og:image\" content=\"https:\/\/adenilsongiovanini.com.br\/blog\/wp-content\/uploads\/2021\/04\/projecao-cartografica.jpg\" \/>\n\t<meta property=\"og:image:width\" content=\"640\" \/>\n\t<meta property=\"og:image:height\" content=\"399\" \/>\n\t<meta property=\"og:image:type\" content=\"image\/jpeg\" \/>\n<meta name=\"author\" content=\"Adenilson Giovanini\" \/>\n<meta name=\"twitter:card\" content=\"summary_large_image\" \/>\n<meta name=\"twitter:label1\" content=\"Escrito por\" \/>\n\t<meta name=\"twitter:data1\" content=\"Adenilson Giovanini\" \/>\n\t<meta name=\"twitter:label2\" content=\"Est. tempo de leitura\" \/>\n\t<meta name=\"twitter:data2\" content=\"12 minutos\" \/>\n<script type=\"application\/ld+json\" class=\"yoast-schema-graph\">{\"@context\":\"https:\/\/schema.org\",\"@graph\":[{\"@type\":\"Article\",\"@id\":\"https:\/\/adenilsongiovanini.com.br\/blog\/projecao-cartografica-classificacao-e-aplicacoes\/#article\",\"isPartOf\":{\"@id\":\"https:\/\/adenilsongiovanini.com.br\/blog\/projecao-cartografica-classificacao-e-aplicacoes\/\"},\"author\":{\"name\":\"Adenilson Giovanini\",\"@id\":\"https:\/\/adenilsongiovanini.com.br\/blog\/#\/schema\/person\/9c1daa7da73c116aae2cb0568d1daa23\"},\"headline\":\"Proje\u00e7\u00e3o Cartogr\u00e1fica: Classifica\u00e7\u00e3o?\",\"datePublished\":\"2021-05-01T15:01:18+00:00\",\"dateModified\":\"2022-08-12T13:09:17+00:00\",\"mainEntityOfPage\":{\"@id\":\"https:\/\/adenilsongiovanini.com.br\/blog\/projecao-cartografica-classificacao-e-aplicacoes\/\"},\"wordCount\":1727,\"publisher\":{\"@id\":\"https:\/\/adenilsongiovanini.com.br\/blog\/#\/schema\/person\/9c1daa7da73c116aae2cb0568d1daa23\"},\"image\":{\"@id\":\"https:\/\/adenilsongiovanini.com.br\/blog\/projecao-cartografica-classificacao-e-aplicacoes\/#primaryimage\"},\"thumbnailUrl\":\"https:\/\/adenilsongiovanini.com.br\/blog\/wp-content\/uploads\/2021\/04\/projecao-cartografica.jpg\",\"articleSection\":[\"Cartografia\"],\"inLanguage\":\"pt-BR\"},{\"@type\":\"WebPage\",\"@id\":\"https:\/\/adenilsongiovanini.com.br\/blog\/projecao-cartografica-classificacao-e-aplicacoes\/\",\"url\":\"https:\/\/adenilsongiovanini.com.br\/blog\/projecao-cartografica-classificacao-e-aplicacoes\/\",\"name\":\"Proje\u00e7\u00e3o Cartogr\u00e1fica: Classifica\u00e7\u00e3o? - Adenilson Giovanini\",\"isPartOf\":{\"@id\":\"https:\/\/adenilsongiovanini.com.br\/blog\/#website\"},\"primaryImageOfPage\":{\"@id\":\"https:\/\/adenilsongiovanini.com.br\/blog\/projecao-cartografica-classificacao-e-aplicacoes\/#primaryimage\"},\"image\":{\"@id\":\"https:\/\/adenilsongiovanini.com.br\/blog\/projecao-cartografica-classificacao-e-aplicacoes\/#primaryimage\"},\"thumbnailUrl\":\"https:\/\/adenilsongiovanini.com.br\/blog\/wp-content\/uploads\/2021\/04\/projecao-cartografica.jpg\",\"datePublished\":\"2021-05-01T15:01:18+00:00\",\"dateModified\":\"2022-08-12T13:09:17+00:00\",\"description\":\"Descubra o que \u00e9 uma proje\u00e7\u00e3o cartogr\u00e1fica, quais as classifica\u00e7\u00f5es das mesmas e quais as proje\u00e7\u00f5es cartogr\u00e1ficas mais usadas no Brasil.\",\"breadcrumb\":{\"@id\":\"https:\/\/adenilsongiovanini.com.br\/blog\/projecao-cartografica-classificacao-e-aplicacoes\/#breadcrumb\"},\"inLanguage\":\"pt-BR\",\"potentialAction\":[{\"@type\":\"ReadAction\",\"target\":[\"https:\/\/adenilsongiovanini.com.br\/blog\/projecao-cartografica-classificacao-e-aplicacoes\/\"]}]},{\"@type\":\"ImageObject\",\"inLanguage\":\"pt-BR\",\"@id\":\"https:\/\/adenilsongiovanini.com.br\/blog\/projecao-cartografica-classificacao-e-aplicacoes\/#primaryimage\",\"url\":\"https:\/\/adenilsongiovanini.com.br\/blog\/wp-content\/uploads\/2021\/04\/projecao-cartografica.jpg\",\"contentUrl\":\"https:\/\/adenilsongiovanini.com.br\/blog\/wp-content\/uploads\/2021\/04\/projecao-cartografica.jpg\",\"width\":640,\"height\":399},{\"@type\":\"BreadcrumbList\",\"@id\":\"https:\/\/adenilsongiovanini.com.br\/blog\/projecao-cartografica-classificacao-e-aplicacoes\/#breadcrumb\",\"itemListElement\":[{\"@type\":\"ListItem\",\"position\":1,\"name\":\"Home\",\"item\":\"https:\/\/adenilsongiovanini.com.br\/blog\/\"},{\"@type\":\"ListItem\",\"position\":2,\"name\":\"Proje\u00e7\u00e3o Cartogr\u00e1fica: Classifica\u00e7\u00e3o?\"}]},{\"@type\":\"WebSite\",\"@id\":\"https:\/\/adenilsongiovanini.com.br\/blog\/#website\",\"url\":\"https:\/\/adenilsongiovanini.com.br\/blog\/\",\"name\":\"Adenilson Giovanini\",\"description\":\"Topografia e Geotecnologias\",\"publisher\":{\"@id\":\"https:\/\/adenilsongiovanini.com.br\/blog\/#\/schema\/person\/9c1daa7da73c116aae2cb0568d1daa23\"},\"potentialAction\":[{\"@type\":\"SearchAction\",\"target\":{\"@type\":\"EntryPoint\",\"urlTemplate\":\"https:\/\/adenilsongiovanini.com.br\/blog\/?s={search_term_string}\"},\"query-input\":{\"@type\":\"PropertyValueSpecification\",\"valueRequired\":true,\"valueName\":\"search_term_string\"}}],\"inLanguage\":\"pt-BR\"},{\"@type\":[\"Person\",\"Organization\"],\"@id\":\"https:\/\/adenilsongiovanini.com.br\/blog\/#\/schema\/person\/9c1daa7da73c116aae2cb0568d1daa23\",\"name\":\"Adenilson Giovanini\",\"image\":{\"@type\":\"ImageObject\",\"inLanguage\":\"pt-BR\",\"@id\":\"https:\/\/adenilsongiovanini.com.br\/blog\/#\/schema\/person\/image\/\",\"url\":\"https:\/\/adenilsongiovanini.com.br\/blog\/wp-content\/litespeed\/avatar\/be8f4de5c0b8a93c57a4f29cbf2f1e92.jpg?ver=1777130135\",\"contentUrl\":\"https:\/\/adenilsongiovanini.com.br\/blog\/wp-content\/litespeed\/avatar\/be8f4de5c0b8a93c57a4f29cbf2f1e92.jpg?ver=1777130135\",\"caption\":\"Adenilson Giovanini\"},\"logo\":{\"@id\":\"https:\/\/adenilsongiovanini.com.br\/blog\/#\/schema\/person\/image\/\"},\"description\":\"O Professor Adenilson Giovanini \u00e9 especialista em Topografia Cadastral e Georreferenciamento de Im\u00f3veis Rurais. O mesmo possui o Maior Site de Engenharia de Agrimensura do Brasil. Site este que tem mais de 102.000 visualiza\u00e7\u00f5es por m\u00eas. Tamb\u00e9m possui mais de 600 v\u00eddeos em seu canal no youtube. Al\u00e9m disso, \u00e9 escritor Best Seller, possuindo v\u00e1rios cursos e livros de sucesso.\",\"sameAs\":[\"http:\/\/adenilsongiovanini.com.br\",\"https:\/\/www.facebook.com\/otopografo\/\",\"https:\/\/www.instagram.com\/adenilson_giovanini\/\",\"https:\/\/www.linkedin.com\/in\/adenilson-giovanini-819b8035\/\",\"https:\/\/br.pinterest.com\/adenilsongiovanini\/\",\"https:\/\/www.youtube.com\/channel\/uce-br7ghiuog2txcsdx5vrw\"]}]}<\/script>\n<!-- \/ Yoast SEO plugin. -->","yoast_head_json":{"title":"Proje\u00e7\u00e3o Cartogr\u00e1fica: Classifica\u00e7\u00e3o? - Adenilson Giovanini","description":"Descubra o que \u00e9 uma proje\u00e7\u00e3o cartogr\u00e1fica, quais as classifica\u00e7\u00f5es das mesmas e quais as proje\u00e7\u00f5es cartogr\u00e1ficas mais usadas no Brasil.","robots":{"index":"index","follow":"follow","max-snippet":"max-snippet:-1","max-image-preview":"max-image-preview:large","max-video-preview":"max-video-preview:-1"},"canonical":"https:\/\/adenilsongiovanini.com.br\/blog\/projecao-cartografica-classificacao-e-aplicacoes\/","og_locale":"pt_BR","og_type":"article","og_title":"Proje\u00e7\u00e3o Cartogr\u00e1fica: Classifica\u00e7\u00e3o? - Adenilson Giovanini","og_description":"Descubra o que \u00e9 uma proje\u00e7\u00e3o cartogr\u00e1fica, quais as classifica\u00e7\u00f5es das mesmas e quais as proje\u00e7\u00f5es cartogr\u00e1ficas mais usadas no Brasil.","og_url":"https:\/\/adenilsongiovanini.com.br\/blog\/projecao-cartografica-classificacao-e-aplicacoes\/","og_site_name":"Adenilson Giovanini","article_publisher":"https:\/\/www.facebook.com\/otopografo\/","article_author":"https:\/\/www.facebook.com\/otopografo\/","article_published_time":"2021-05-01T15:01:18+00:00","article_modified_time":"2022-08-12T13:09:17+00:00","og_image":[{"width":640,"height":399,"url":"https:\/\/adenilsongiovanini.com.br\/blog\/wp-content\/uploads\/2021\/04\/projecao-cartografica.jpg","type":"image\/jpeg"}],"author":"Adenilson Giovanini","twitter_card":"summary_large_image","twitter_misc":{"Escrito por":"Adenilson Giovanini","Est. tempo de leitura":"12 minutos"},"schema":{"@context":"https:\/\/schema.org","@graph":[{"@type":"Article","@id":"https:\/\/adenilsongiovanini.com.br\/blog\/projecao-cartografica-classificacao-e-aplicacoes\/#article","isPartOf":{"@id":"https:\/\/adenilsongiovanini.com.br\/blog\/projecao-cartografica-classificacao-e-aplicacoes\/"},"author":{"name":"Adenilson Giovanini","@id":"https:\/\/adenilsongiovanini.com.br\/blog\/#\/schema\/person\/9c1daa7da73c116aae2cb0568d1daa23"},"headline":"Proje\u00e7\u00e3o Cartogr\u00e1fica: Classifica\u00e7\u00e3o?","datePublished":"2021-05-01T15:01:18+00:00","dateModified":"2022-08-12T13:09:17+00:00","mainEntityOfPage":{"@id":"https:\/\/adenilsongiovanini.com.br\/blog\/projecao-cartografica-classificacao-e-aplicacoes\/"},"wordCount":1727,"publisher":{"@id":"https:\/\/adenilsongiovanini.com.br\/blog\/#\/schema\/person\/9c1daa7da73c116aae2cb0568d1daa23"},"image":{"@id":"https:\/\/adenilsongiovanini.com.br\/blog\/projecao-cartografica-classificacao-e-aplicacoes\/#primaryimage"},"thumbnailUrl":"https:\/\/adenilsongiovanini.com.br\/blog\/wp-content\/uploads\/2021\/04\/projecao-cartografica.jpg","articleSection":["Cartografia"],"inLanguage":"pt-BR"},{"@type":"WebPage","@id":"https:\/\/adenilsongiovanini.com.br\/blog\/projecao-cartografica-classificacao-e-aplicacoes\/","url":"https:\/\/adenilsongiovanini.com.br\/blog\/projecao-cartografica-classificacao-e-aplicacoes\/","name":"Proje\u00e7\u00e3o Cartogr\u00e1fica: Classifica\u00e7\u00e3o? - Adenilson Giovanini","isPartOf":{"@id":"https:\/\/adenilsongiovanini.com.br\/blog\/#website"},"primaryImageOfPage":{"@id":"https:\/\/adenilsongiovanini.com.br\/blog\/projecao-cartografica-classificacao-e-aplicacoes\/#primaryimage"},"image":{"@id":"https:\/\/adenilsongiovanini.com.br\/blog\/projecao-cartografica-classificacao-e-aplicacoes\/#primaryimage"},"thumbnailUrl":"https:\/\/adenilsongiovanini.com.br\/blog\/wp-content\/uploads\/2021\/04\/projecao-cartografica.jpg","datePublished":"2021-05-01T15:01:18+00:00","dateModified":"2022-08-12T13:09:17+00:00","description":"Descubra o que \u00e9 uma proje\u00e7\u00e3o cartogr\u00e1fica, quais as classifica\u00e7\u00f5es das mesmas e quais as proje\u00e7\u00f5es cartogr\u00e1ficas mais usadas no Brasil.","breadcrumb":{"@id":"https:\/\/adenilsongiovanini.com.br\/blog\/projecao-cartografica-classificacao-e-aplicacoes\/#breadcrumb"},"inLanguage":"pt-BR","potentialAction":[{"@type":"ReadAction","target":["https:\/\/adenilsongiovanini.com.br\/blog\/projecao-cartografica-classificacao-e-aplicacoes\/"]}]},{"@type":"ImageObject","inLanguage":"pt-BR","@id":"https:\/\/adenilsongiovanini.com.br\/blog\/projecao-cartografica-classificacao-e-aplicacoes\/#primaryimage","url":"https:\/\/adenilsongiovanini.com.br\/blog\/wp-content\/uploads\/2021\/04\/projecao-cartografica.jpg","contentUrl":"https:\/\/adenilsongiovanini.com.br\/blog\/wp-content\/uploads\/2021\/04\/projecao-cartografica.jpg","width":640,"height":399},{"@type":"BreadcrumbList","@id":"https:\/\/adenilsongiovanini.com.br\/blog\/projecao-cartografica-classificacao-e-aplicacoes\/#breadcrumb","itemListElement":[{"@type":"ListItem","position":1,"name":"Home","item":"https:\/\/adenilsongiovanini.com.br\/blog\/"},{"@type":"ListItem","position":2,"name":"Proje\u00e7\u00e3o Cartogr\u00e1fica: Classifica\u00e7\u00e3o?"}]},{"@type":"WebSite","@id":"https:\/\/adenilsongiovanini.com.br\/blog\/#website","url":"https:\/\/adenilsongiovanini.com.br\/blog\/","name":"Adenilson Giovanini","description":"Topografia e Geotecnologias","publisher":{"@id":"https:\/\/adenilsongiovanini.com.br\/blog\/#\/schema\/person\/9c1daa7da73c116aae2cb0568d1daa23"},"potentialAction":[{"@type":"SearchAction","target":{"@type":"EntryPoint","urlTemplate":"https:\/\/adenilsongiovanini.com.br\/blog\/?s={search_term_string}"},"query-input":{"@type":"PropertyValueSpecification","valueRequired":true,"valueName":"search_term_string"}}],"inLanguage":"pt-BR"},{"@type":["Person","Organization"],"@id":"https:\/\/adenilsongiovanini.com.br\/blog\/#\/schema\/person\/9c1daa7da73c116aae2cb0568d1daa23","name":"Adenilson Giovanini","image":{"@type":"ImageObject","inLanguage":"pt-BR","@id":"https:\/\/adenilsongiovanini.com.br\/blog\/#\/schema\/person\/image\/","url":"https:\/\/adenilsongiovanini.com.br\/blog\/wp-content\/litespeed\/avatar\/be8f4de5c0b8a93c57a4f29cbf2f1e92.jpg?ver=1777130135","contentUrl":"https:\/\/adenilsongiovanini.com.br\/blog\/wp-content\/litespeed\/avatar\/be8f4de5c0b8a93c57a4f29cbf2f1e92.jpg?ver=1777130135","caption":"Adenilson Giovanini"},"logo":{"@id":"https:\/\/adenilsongiovanini.com.br\/blog\/#\/schema\/person\/image\/"},"description":"O Professor Adenilson Giovanini \u00e9 especialista em Topografia Cadastral e Georreferenciamento de Im\u00f3veis Rurais. O mesmo possui o Maior Site de Engenharia de Agrimensura do Brasil. Site este que tem mais de 102.000 visualiza\u00e7\u00f5es por m\u00eas. Tamb\u00e9m possui mais de 600 v\u00eddeos em seu canal no youtube. Al\u00e9m disso, \u00e9 escritor Best Seller, possuindo v\u00e1rios cursos e livros de sucesso.","sameAs":["http:\/\/adenilsongiovanini.com.br","https:\/\/www.facebook.com\/otopografo\/","https:\/\/www.instagram.com\/adenilson_giovanini\/","https:\/\/www.linkedin.com\/in\/adenilson-giovanini-819b8035\/","https:\/\/br.pinterest.com\/adenilsongiovanini\/","https:\/\/www.youtube.com\/channel\/uce-br7ghiuog2txcsdx5vrw"]}]}},"amp_enabled":true,"_links":{"self":[{"href":"https:\/\/adenilsongiovanini.com.br\/blog\/wp-json\/wp\/v2\/posts\/19708","targetHints":{"allow":["GET"]}}],"collection":[{"href":"https:\/\/adenilsongiovanini.com.br\/blog\/wp-json\/wp\/v2\/posts"}],"about":[{"href":"https:\/\/adenilsongiovanini.com.br\/blog\/wp-json\/wp\/v2\/types\/post"}],"author":[{"embeddable":true,"href":"https:\/\/adenilsongiovanini.com.br\/blog\/wp-json\/wp\/v2\/users\/1"}],"replies":[{"embeddable":true,"href":"https:\/\/adenilsongiovanini.com.br\/blog\/wp-json\/wp\/v2\/comments?post=19708"}],"version-history":[{"count":0,"href":"https:\/\/adenilsongiovanini.com.br\/blog\/wp-json\/wp\/v2\/posts\/19708\/revisions"}],"wp:featuredmedia":[{"embeddable":true,"href":"https:\/\/adenilsongiovanini.com.br\/blog\/wp-json\/wp\/v2\/media\/19713"}],"wp:attachment":[{"href":"https:\/\/adenilsongiovanini.com.br\/blog\/wp-json\/wp\/v2\/media?parent=19708"}],"wp:term":[{"taxonomy":"category","embeddable":true,"href":"https:\/\/adenilsongiovanini.com.br\/blog\/wp-json\/wp\/v2\/categories?post=19708"},{"taxonomy":"post_tag","embeddable":true,"href":"https:\/\/adenilsongiovanini.com.br\/blog\/wp-json\/wp\/v2\/tags?post=19708"}],"curies":[{"name":"wp","href":"https:\/\/api.w.org\/{rel}","templated":true}]}}