{"id":19682,"date":"2021-04-29T20:12:57","date_gmt":"2021-04-29T20:12:57","guid":{"rendered":"https:\/\/adenilsongiovanini.com.br\/blog\/?p=19682"},"modified":"2022-08-12T00:36:27","modified_gmt":"2022-08-12T00:36:27","slug":"latitude-e-longitude-o-que-sao-e-como-calcular","status":"publish","type":"post","link":"https:\/\/adenilsongiovanini.com.br\/blog\/latitude-e-longitude-o-que-sao-e-como-calcular\/","title":{"rendered":"Latitude e Longitude?"},"content":{"rendered":"<p style=\"text-align: center;\"><span style=\"font-size: 24px;\"><span style=\"font-family: arial, helvetica, sans-serif; color: #000000;\"><strong>Latitude e longitude<\/strong>: o que s\u00e3o, como calcular e escrever as mesmas. \u00c9 isso que voc\u00ea aprender\u00e1 com a leitura deste artigo<\/span><strong><span style=\"font-family: arial, helvetica, sans-serif; color: #000000;\">.<\/span><\/strong><\/span><\/p>\n<p>&nbsp;<\/p>\n<h2 style=\"text-align: center;\"><span style=\"font-size: 24px;\"><strong><span style=\"font-family: arial, helvetica, sans-serif; color: #000000;\">Latitude e Longitude &#8211; O que s\u00e3o?<\/span><\/strong><\/span><\/h2>\n<p><img decoding=\"async\" class=\"aligncenter size-large wp-image-19659\" src=\"https:\/\/adenilsongiovanini.com.br\/blog\/wp-content\/uploads\/2021\/04\/coordenadas-geograficas-1024x490.jpg\" alt=\"latitude e longitude\" width=\"1024\" height=\"490\" srcset=\"https:\/\/adenilsongiovanini.com.br\/blog\/wp-content\/uploads\/2021\/04\/coordenadas-geograficas-1024x490.jpg 1024w, https:\/\/adenilsongiovanini.com.br\/blog\/wp-content\/uploads\/2021\/04\/coordenadas-geograficas-300x144.jpg 300w, https:\/\/adenilsongiovanini.com.br\/blog\/wp-content\/uploads\/2021\/04\/coordenadas-geograficas-768x368.jpg 768w, https:\/\/adenilsongiovanini.com.br\/blog\/wp-content\/uploads\/2021\/04\/coordenadas-geograficas-320x153.jpg 320w, https:\/\/adenilsongiovanini.com.br\/blog\/wp-content\/uploads\/2021\/04\/coordenadas-geograficas-640x306.jpg 640w, https:\/\/adenilsongiovanini.com.br\/blog\/wp-content\/uploads\/2021\/04\/coordenadas-geograficas-360x172.jpg 360w, https:\/\/adenilsongiovanini.com.br\/blog\/wp-content\/uploads\/2021\/04\/coordenadas-geograficas-720x345.jpg 720w, https:\/\/adenilsongiovanini.com.br\/blog\/wp-content\/uploads\/2021\/04\/coordenadas-geograficas-1080x517.jpg 1080w, https:\/\/adenilsongiovanini.com.br\/blog\/wp-content\/uploads\/2021\/04\/coordenadas-geograficas-800x383.jpg 800w, https:\/\/adenilsongiovanini.com.br\/blog\/wp-content\/uploads\/2021\/04\/coordenadas-geograficas-1280x613.jpg 1280w, https:\/\/adenilsongiovanini.com.br\/blog\/wp-content\/uploads\/2021\/04\/coordenadas-geograficas.jpg 1354w\" sizes=\"(max-width: 1024px) 100vw, 1024px\" \/><\/p>\n<p><span style=\"font-family: arial, helvetica, sans-serif; font-size: 20px; color: #000000;\"><strong>Latitude e longitude<\/strong> nada mais s\u00e3o do que nomes que as <em><span style=\"color: #0000ff;\"><a style=\"color: #0000ff;\" href=\"https:\/\/adenilsongiovanini.com.br\/blog\/coordenadas-geograficas-o-que-sao\/\">coordenadas geogr\u00e1ficas<\/a><\/span> \u00fanicas obtidas para cada ponto da superf\u00edcie terrestre<\/em>. <\/span><\/p>\n<p>&nbsp;<\/p>\n<p><img decoding=\"async\" class=\"aligncenter size-full wp-image-19660\" src=\"https:\/\/adenilsongiovanini.com.br\/blog\/wp-content\/uploads\/2021\/04\/coordenadas-geograficas.png\" alt=\"coordenadas geogr\u00e1ficas\" width=\"600\" height=\"352\" srcset=\"https:\/\/adenilsongiovanini.com.br\/blog\/wp-content\/uploads\/2021\/04\/coordenadas-geograficas.png 600w, https:\/\/adenilsongiovanini.com.br\/blog\/wp-content\/uploads\/2021\/04\/coordenadas-geograficas-300x176.png 300w, https:\/\/adenilsongiovanini.com.br\/blog\/wp-content\/uploads\/2021\/04\/coordenadas-geograficas-320x188.png 320w, https:\/\/adenilsongiovanini.com.br\/blog\/wp-content\/uploads\/2021\/04\/coordenadas-geograficas-360x211.png 360w\" sizes=\"(max-width: 600px) 100vw, 600px\" \/><\/p>\n<p>&nbsp;<\/p>\n<p>&nbsp;<\/p>\n<h2 style=\"text-align: center;\"><span style=\"font-family: arial, helvetica, sans-serif; font-size: 24px; color: #000000;\"><strong>O que \u00e9 uma latitude?<\/strong><\/span><\/h2>\n<p><span style=\"font-family: arial, helvetica, sans-serif; font-size: 20px; color: #000000;\">A <strong>latitude<\/strong> <strong>geogr\u00e1fica<\/strong> \u00e9 o <em>\u00e2ngulo formado entre o ponto de interesse e o equador terrestr<\/em>e. A mesma \u00e9 medida ao longo do <span style=\"color: #0000ff;\"><a style=\"color: #0000ff;\" href=\"https:\/\/adenilsongiovanini.com.br\/blog\/paralelos-e-meridianos-descubra-o-que-sao\/\">meridiano<\/a><\/span> que passa pelo lugar de interesse.<\/span><\/p>\n<p><span style=\"font-family: arial, helvetica, sans-serif; font-size: 20px; color: #000000;\">Todos os pontos do equador terrestre t\u00eam latitude geogr\u00e1fica igual a 0\u00ba. Pontos situados ao norte do equador terrestre t\u00eam latitudes maiores que 0\u00ba, variando at\u00e9 90\u00ba que \u00e9 a latitude do p\u00f3lo geogr\u00e1fico norte. Veja este detalhe na imagem abaixo.<\/span><\/p>\n<p><img decoding=\"async\" class=\"aligncenter size-large wp-image-19671\" src=\"https:\/\/adenilsongiovanini.com.br\/blog\/wp-content\/uploads\/2021\/04\/latitude-1-1024x583.jpg\" alt=\"o que a latitude\" width=\"1024\" height=\"583\" srcset=\"https:\/\/adenilsongiovanini.com.br\/blog\/wp-content\/uploads\/2021\/04\/latitude-1-1024x583.jpg 1024w, https:\/\/adenilsongiovanini.com.br\/blog\/wp-content\/uploads\/2021\/04\/latitude-1-300x171.jpg 300w, https:\/\/adenilsongiovanini.com.br\/blog\/wp-content\/uploads\/2021\/04\/latitude-1-768x437.jpg 768w, https:\/\/adenilsongiovanini.com.br\/blog\/wp-content\/uploads\/2021\/04\/latitude-1-1536x874.jpg 1536w, https:\/\/adenilsongiovanini.com.br\/blog\/wp-content\/uploads\/2021\/04\/latitude-1-2048x1166.jpg 2048w, https:\/\/adenilsongiovanini.com.br\/blog\/wp-content\/uploads\/2021\/04\/latitude-1-320x182.jpg 320w, https:\/\/adenilsongiovanini.com.br\/blog\/wp-content\/uploads\/2021\/04\/latitude-1-640x364.jpg 640w, https:\/\/adenilsongiovanini.com.br\/blog\/wp-content\/uploads\/2021\/04\/latitude-1-360x205.jpg 360w, https:\/\/adenilsongiovanini.com.br\/blog\/wp-content\/uploads\/2021\/04\/latitude-1-720x410.jpg 720w, https:\/\/adenilsongiovanini.com.br\/blog\/wp-content\/uploads\/2021\/04\/latitude-1-1080x615.jpg 1080w, https:\/\/adenilsongiovanini.com.br\/blog\/wp-content\/uploads\/2021\/04\/latitude-1-800x455.jpg 800w, https:\/\/adenilsongiovanini.com.br\/blog\/wp-content\/uploads\/2021\/04\/latitude-1-1280x729.jpg 1280w\" sizes=\"(max-width: 1024px) 100vw, 1024px\" \/><\/p>\n<p><span style=\"font-family: arial, helvetica, sans-serif; font-size: 20px; color: #000000;\">As latitudes ao sul do equador terrestre tamb\u00e9m variam de 0\u00ba a 90\u00ba, que \u00e9 a latitude do p\u00f3lo geogr\u00e1fico sul. <\/span><\/p>\n<p><span style=\"font-family: arial, helvetica, sans-serif; font-size: 20px; color: #000000;\">Para diferenciar os valores das latitudes e n\u00e3o haver confus\u00e3o, atribui-se sinal positivo para as latitudes norte e sinal negativo para as latitudes sul. <\/span><\/p>\n<p><span style=\"font-family: arial, helvetica, sans-serif; font-size: 20px; color: #000000;\">Ou sen\u00e3o, as letras N, para coordenadas de pontos que se situam ao norte da <span style=\"color: #0000ff;\"><a style=\"color: #0000ff;\" href=\"https:\/\/brasilescola.uol.com.br\/geografia\/linha-equador.htm\">linha do equador<\/a><\/span> e S, para <span style=\"color: #0000ff;\"><a href=\"https:\/\/adenilsongiovanini.com.br\/blog\/sistema-de-coordenadas-cartesiano\/\" style=\"color: #0000ff;\">coordenadas<\/a><\/span> de pontos que se situam ao Sul da linha do equador.<\/span><\/p>\n<h2 style=\"text-align: center;\">\n<span style=\"font-size: 24px;\"><strong><span style=\"font-family: arial, helvetica, sans-serif; color: #000000;\">O que \u00e9 uma longitude?<\/span><\/strong><\/span><\/h2>\n<p><span style=\"font-family: arial, helvetica, sans-serif; font-size: 20px; color: #000000;\">A <strong>longitude<\/strong> geogr\u00e1fica \u00e9 o <em>\u00e2ngulo formado entre o <span style=\"color: #0000ff;\"><a style=\"color: #0000ff;\" href=\"https:\/\/pt.wikipedia.org\/wiki\/Meridiano_de_Greenwich\">meridiano de Greenwich<\/a><\/span> e o meridiano que passa pelo ponto considerado<\/em>.<\/span><\/p>\n<p><span style=\"font-family: arial, helvetica, sans-serif; font-size: 20px; color: #000000;\">A longitude normalmente \u00e9 positiva a Leste (0 a +180\u00b0) e negativa a Oeste (0 a -180\u00b0). Veja um exemplo de longitude na imagem abaixo.<\/span><\/p>\n<p><img decoding=\"async\" class=\"aligncenter size-large wp-image-19672\" src=\"https:\/\/adenilsongiovanini.com.br\/blog\/wp-content\/uploads\/2021\/04\/longitude-1024x587.jpg\" alt=\"o que \u00e9 a longitude\" width=\"1024\" height=\"587\" srcset=\"https:\/\/adenilsongiovanini.com.br\/blog\/wp-content\/uploads\/2021\/04\/longitude-1024x587.jpg 1024w, https:\/\/adenilsongiovanini.com.br\/blog\/wp-content\/uploads\/2021\/04\/longitude-300x172.jpg 300w, https:\/\/adenilsongiovanini.com.br\/blog\/wp-content\/uploads\/2021\/04\/longitude-768x440.jpg 768w, https:\/\/adenilsongiovanini.com.br\/blog\/wp-content\/uploads\/2021\/04\/longitude-1536x880.jpg 1536w, https:\/\/adenilsongiovanini.com.br\/blog\/wp-content\/uploads\/2021\/04\/longitude-2048x1174.jpg 2048w, https:\/\/adenilsongiovanini.com.br\/blog\/wp-content\/uploads\/2021\/04\/longitude-320x183.jpg 320w, https:\/\/adenilsongiovanini.com.br\/blog\/wp-content\/uploads\/2021\/04\/longitude-640x367.jpg 640w, https:\/\/adenilsongiovanini.com.br\/blog\/wp-content\/uploads\/2021\/04\/longitude-360x206.jpg 360w, https:\/\/adenilsongiovanini.com.br\/blog\/wp-content\/uploads\/2021\/04\/longitude-720x413.jpg 720w, https:\/\/adenilsongiovanini.com.br\/blog\/wp-content\/uploads\/2021\/04\/longitude-1080x619.jpg 1080w, https:\/\/adenilsongiovanini.com.br\/blog\/wp-content\/uploads\/2021\/04\/longitude-800x459.jpg 800w, https:\/\/adenilsongiovanini.com.br\/blog\/wp-content\/uploads\/2021\/04\/longitude-1280x734.jpg 1280w\" sizes=\"(max-width: 1024px) 100vw, 1024px\" \/><\/p>\n<p>&nbsp;<\/p>\n<p><span style=\"font-family: arial, helvetica, sans-serif; font-size: 20px; color: #000000;\">J\u00e1 esta outra imagem tr\u00e1s um exemplo mostrando como calcular latitudes e longitudes de um ponto:<\/span><\/p>\n<p><img decoding=\"async\" class=\"aligncenter wp-image-19673\" src=\"https:\/\/adenilsongiovanini.com.br\/blog\/wp-content\/uploads\/2021\/04\/latitude-e-longitude.jpg\" alt=\"latitude e longitude\" width=\"780\" height=\"834\" srcset=\"https:\/\/adenilsongiovanini.com.br\/blog\/wp-content\/uploads\/2021\/04\/latitude-e-longitude.jpg 958w, https:\/\/adenilsongiovanini.com.br\/blog\/wp-content\/uploads\/2021\/04\/latitude-e-longitude-281x300.jpg 281w, https:\/\/adenilsongiovanini.com.br\/blog\/wp-content\/uploads\/2021\/04\/latitude-e-longitude-768x821.jpg 768w, https:\/\/adenilsongiovanini.com.br\/blog\/wp-content\/uploads\/2021\/04\/latitude-e-longitude-320x342.jpg 320w, https:\/\/adenilsongiovanini.com.br\/blog\/wp-content\/uploads\/2021\/04\/latitude-e-longitude-640x684.jpg 640w, https:\/\/adenilsongiovanini.com.br\/blog\/wp-content\/uploads\/2021\/04\/latitude-e-longitude-360x385.jpg 360w, https:\/\/adenilsongiovanini.com.br\/blog\/wp-content\/uploads\/2021\/04\/latitude-e-longitude-720x770.jpg 720w, https:\/\/adenilsongiovanini.com.br\/blog\/wp-content\/uploads\/2021\/04\/latitude-e-longitude-800x855.jpg 800w\" sizes=\"(max-width: 780px) 100vw, 780px\" \/><\/p>\n<p>&nbsp;<\/p>\n<p><span style=\"font-family: arial, helvetica, sans-serif; font-size: 20px; color: #000000;\">Perceba que as coordenadas de Nova Orleans s\u00e3o Latitude de 30\u00b0 N (norte), ou 30\u00b0 (como \u00e9 positiva, n\u00e3o precisamos colocar o sinal) e Longitude de 90\u00b0 W (oeste) ou &#8211; 90\u00ba.<\/span><\/p>\n<p><span style=\"font-family: arial, helvetica, sans-serif; font-size: 20px; color: #000000;\">\u00c9 importante que voc\u00ea sempre coloque a orienta\u00e7\u00e3o, Norte (N) ou Sul (S) ou + (positivo) e &#8211; (negativo) para a Latitude e Leste (E &#8211; East do ingl\u00eas) ou Oeste (W &#8211; West do ingl\u00eas), ou + e &#8211; para a Longitude.<\/span><\/p>\n<p>&nbsp;<\/p>\n<h2 style=\"text-align: center;\"><strong><span style=\"font-family: arial, helvetica, sans-serif; font-size: 24px; color: #000000;\">Latitude e longitude &#8211; Mais exemplos mostrando como calcular<\/span><\/strong><\/h2>\n<p><span style=\"font-family: arial, helvetica, sans-serif; font-size: 20px; color: #000000;\">O mapa abaixo fornece as <span style=\"color: #0000ff;\"><a href=\"https:\/\/adenilsongiovanini.com.br\/blog\/tipos-de-coordenadas-geograficas\/\" style=\"color: #0000ff;\">coordenadas geogr\u00e1ficas<\/a><\/span> globais estabelecidas a partir da combina\u00e7\u00e3o das latitudes e das longitudes.<\/span><\/p>\n<p>\n<img decoding=\"async\" class=\"aligncenter size-full wp-image-19674\" src=\"https:\/\/adenilsongiovanini.com.br\/blog\/wp-content\/uploads\/2021\/04\/mapa-com-coordenadas-geograficas.jpg\" alt=\"coordenadas geogr\u00e1ficas estabelecidas a partir da combina\u00e7\u00e3o das latitudes e das longitudes\" width=\"400\" height=\"210\" srcset=\"https:\/\/adenilsongiovanini.com.br\/blog\/wp-content\/uploads\/2021\/04\/mapa-com-coordenadas-geograficas.jpg 400w, https:\/\/adenilsongiovanini.com.br\/blog\/wp-content\/uploads\/2021\/04\/mapa-com-coordenadas-geograficas-300x158.jpg 300w, https:\/\/adenilsongiovanini.com.br\/blog\/wp-content\/uploads\/2021\/04\/mapa-com-coordenadas-geograficas-320x168.jpg 320w, https:\/\/adenilsongiovanini.com.br\/blog\/wp-content\/uploads\/2021\/04\/mapa-com-coordenadas-geograficas-360x189.jpg 360w\" sizes=\"(max-width: 400px) 100vw, 400px\" \/><\/p>\n<p><span style=\"font-family: arial, helvetica, sans-serif; font-size: 20px; color: #000000;\">Vamos calcular as coordenadas destes pontos.<\/span><\/p>\n<p><span style=\"font-family: arial, helvetica, sans-serif; font-size: 20px; color: #000000;\"><strong>Ponto A<\/strong>:<\/span><br \/>\n<span style=\"font-family: arial, helvetica, sans-serif; font-size: 20px; color: #000000;\">Latitude: -20\u00ba ou 20\u00baS<\/span><br \/>\n<span style=\"font-family: arial, helvetica, sans-serif; font-size: 20px; color: #000000;\">Longitude: -60\u00ba ou 60\u00baW<\/span><\/p>\n<p><span style=\"font-family: arial, helvetica, sans-serif; font-size: 20px; color: #000000;\"><strong>Ponto B<\/strong>:<\/span><br \/>\n<span style=\"font-family: arial, helvetica, sans-serif; font-size: 20px; color: #000000;\">Latitude: -40\u00ba ou 40\u00baS<\/span><br \/>\n<span style=\"font-family: arial, helvetica, sans-serif; font-size: 20px; color: #000000;\">Longitude: 0\u00ba<\/span><\/p>\n<p><span style=\"font-family: arial, helvetica, sans-serif; font-size: 20px; color: #000000;\"><strong>Ponto C<\/strong>:<\/span><br \/>\n<span style=\"font-family: arial, helvetica, sans-serif; font-size: 20px; color: #000000;\">Latitude: -20\u00ba ou 20\u00baS<\/span><br \/>\n<span style=\"font-family: arial, helvetica, sans-serif; font-size: 20px; color: #000000;\">Longitude: 90\u00ba ou 90\u00baE<\/span><\/p>\n<p><span style=\"font-family: arial, helvetica, sans-serif; font-size: 20px; color: #000000;\"><strong>Ponto D<\/strong>:<\/span><br \/>\n<span style=\"font-family: arial, helvetica, sans-serif; font-size: 20px; color: #000000;\">Latitude: 0\u00ba<\/span><br \/>\n<span style=\"font-family: arial, helvetica, sans-serif; font-size: 20px; color: #000000;\">Longitude: 0\u00ba<\/span><\/p>\n<p><span style=\"font-family: arial, helvetica, sans-serif; font-size: 20px; color: #000000;\"><strong>Ponto E<\/strong>:<\/span><br \/>\n<span style=\"font-family: arial, helvetica, sans-serif; font-size: 20px; color: #000000;\">Latitude: 40\u00ba ou 40\u00baN<\/span><br \/>\n<span style=\"font-family: arial, helvetica, sans-serif; font-size: 20px; color: #000000;\">Longitude: 120\u00ba ou 120\u00baE<\/span><\/p>\n<p><span style=\"font-family: arial, helvetica, sans-serif; font-size: 20px; color: #000000;\">Agora que voc\u00ea aprendeu a calcular latitudes e longitudes, descobrindo as coordenadas geogr\u00e1ficas de um ponto, eu preciso que voc\u00ea saiba que na realidade, normalmente s\u00e3o utilizados graus, minutos e segundos, sendo que, com isso, cada local do planeta possuir\u00e1 uma <span style=\"color: #0000ff;\"><a style=\"color: #0000ff;\" href=\"https:\/\/adenilsongiovanini.com.br\/blog\/sistema-de-referencia\/\">coordenada<\/a><\/span> \u00fanica.<\/span><\/p>\n<p><span style=\"font-family: arial, helvetica, sans-serif; font-size: 20px; color: #000000;\">No caso, um grau tem 60 minutos e 1 minuto tem 60 segundos.<\/span><\/p>\n<p><img decoding=\"async\" class=\"aligncenter size-full wp-image-19675\" src=\"https:\/\/adenilsongiovanini.com.br\/blog\/wp-content\/uploads\/2021\/04\/graus-minutos-e-segundos.png\" alt=\"latitude e longitude - c\u00e1lculo de graus, minutos e segundos\" width=\"374\" height=\"135\" srcset=\"https:\/\/adenilsongiovanini.com.br\/blog\/wp-content\/uploads\/2021\/04\/graus-minutos-e-segundos.png 374w, https:\/\/adenilsongiovanini.com.br\/blog\/wp-content\/uploads\/2021\/04\/graus-minutos-e-segundos-300x108.png 300w, https:\/\/adenilsongiovanini.com.br\/blog\/wp-content\/uploads\/2021\/04\/graus-minutos-e-segundos-320x116.png 320w, https:\/\/adenilsongiovanini.com.br\/blog\/wp-content\/uploads\/2021\/04\/graus-minutos-e-segundos-360x130.png 360w\" sizes=\"(max-width: 374px) 100vw, 374px\" \/><\/p>\n<p><span style=\"font-family: arial, helvetica, sans-serif; font-size: 20px; color: #000000;\">A representa\u00e7\u00e3o de uma coordenada em graus, minutos e segundos \u00e9 feita da seguinte maneira:<\/span><\/p>\n<p><span style=\"font-family: arial, helvetica, sans-serif; font-size: 20px; color: #000000;\">30\u00b0 10&#8242; 13,57&#8243;<\/span><\/p>\n<p><span style=\"font-family: arial, helvetica, sans-serif; font-size: 20px; color: #000000;\">Onde:<\/span><\/p>\n<p><span style=\"font-family: arial, helvetica, sans-serif; font-size: 20px; color: #000000;\">\u00b0 \u00e9 o simbolo utilizado para graus;<\/span><\/p>\n<p><span style=\"font-family: arial, helvetica, sans-serif; font-size: 20px; color: #000000;\">&#8216; \u00e9 o simbolo utilizado para minutos e;<\/span><\/p>\n<p><span style=\"font-family: arial, helvetica, sans-serif; font-size: 20px; color: #000000;\">&#8221; \u00e9 o simbolo utilizado para segundos.<\/span><\/p>\n<p>&nbsp;<\/p>\n<p><span style=\"font-family: arial, helvetica, sans-serif; font-size: 20px; color: #000000;\">Desta maneira, para chegar na Praia dos Ingleses, em Florian\u00f3polis, voc\u00ea tem que chegar no ponto de coordenadas:<\/span><\/p>\n<p><span style=\"font-family: arial, helvetica, sans-serif; font-size: 20px; color: #000000;\"> 27\u00b026&#8217;8.51&#8243;S e;<\/span><\/p>\n<p><span style=\"font-family: arial, helvetica, sans-serif; font-size: 20px; color: #000000;\"> 48\u00b023&#8217;28.64&#8243;O.<\/span><\/p>\n<p><span style=\"font-family: arial, helvetica, sans-serif; font-size: 20px; color: #000000;\">Veja este local na imagem abaixo:<\/span><\/p>\n<p><img decoding=\"async\" class=\"aligncenter size-large wp-image-19676\" src=\"https:\/\/adenilsongiovanini.com.br\/blog\/wp-content\/uploads\/2021\/04\/coordenadas-geograficas-da-praia-dos-ingleses-1024x520.png\" alt=\"c\u00e1lculo da latitude e da longitude de um ponto na praia dos ingleses\" width=\"1024\" height=\"520\" srcset=\"https:\/\/adenilsongiovanini.com.br\/blog\/wp-content\/uploads\/2021\/04\/coordenadas-geograficas-da-praia-dos-ingleses-1024x520.png 1024w, https:\/\/adenilsongiovanini.com.br\/blog\/wp-content\/uploads\/2021\/04\/coordenadas-geograficas-da-praia-dos-ingleses-300x152.png 300w, https:\/\/adenilsongiovanini.com.br\/blog\/wp-content\/uploads\/2021\/04\/coordenadas-geograficas-da-praia-dos-ingleses-768x390.png 768w, https:\/\/adenilsongiovanini.com.br\/blog\/wp-content\/uploads\/2021\/04\/coordenadas-geograficas-da-praia-dos-ingleses-1536x780.png 1536w, https:\/\/adenilsongiovanini.com.br\/blog\/wp-content\/uploads\/2021\/04\/coordenadas-geograficas-da-praia-dos-ingleses-320x163.png 320w, https:\/\/adenilsongiovanini.com.br\/blog\/wp-content\/uploads\/2021\/04\/coordenadas-geograficas-da-praia-dos-ingleses-640x325.png 640w, https:\/\/adenilsongiovanini.com.br\/blog\/wp-content\/uploads\/2021\/04\/coordenadas-geograficas-da-praia-dos-ingleses-360x183.png 360w, https:\/\/adenilsongiovanini.com.br\/blog\/wp-content\/uploads\/2021\/04\/coordenadas-geograficas-da-praia-dos-ingleses-720x366.png 720w, https:\/\/adenilsongiovanini.com.br\/blog\/wp-content\/uploads\/2021\/04\/coordenadas-geograficas-da-praia-dos-ingleses-1080x549.png 1080w, https:\/\/adenilsongiovanini.com.br\/blog\/wp-content\/uploads\/2021\/04\/coordenadas-geograficas-da-praia-dos-ingleses-800x406.png 800w, https:\/\/adenilsongiovanini.com.br\/blog\/wp-content\/uploads\/2021\/04\/coordenadas-geograficas-da-praia-dos-ingleses-1280x650.png 1280w, https:\/\/adenilsongiovanini.com.br\/blog\/wp-content\/uploads\/2021\/04\/coordenadas-geograficas-da-praia-dos-ingleses.png 1728w\" sizes=\"(max-width: 1024px) 100vw, 1024px\" \/><\/p>\n<p>&nbsp;<\/p>\n<p><span style=\"font-family: arial, helvetica, sans-serif; font-size: 20px; color: #000000;\"> \u00c9 isso por este artigo.<\/span><\/p>\n<p>&nbsp;<\/p>\n<p>&nbsp;<\/p>\n<h2 style=\"text-align: center;\"><span style=\"font-family: arial, helvetica, sans-serif; color: #000000; font-size: 24px;\"><strong>Aprenda a Prestar Servi\u00e7os de Topografia Cadastral Atrav\u00e9s de um Livro Formado Por Mais de 547 <\/strong><\/span><span style=\"font-family: arial, helvetica, sans-serif; color: #000000; font-size: 24px;\"><strong>Estudos de Caso e E<\/strong><\/span><span style=\"font-family: arial, helvetica, sans-serif; color: #000000; font-size: 24px;\"><strong>xemplos Pr\u00e1ticos<\/strong><\/span><\/h2>\n<h2 style=\"text-align: center;\"><img decoding=\"async\" class=\"aligncenter size-large wp-image-25393\" src=\"https:\/\/adenilsongiovanini.com.br\/blog\/wp-content\/uploads\/2021\/08\/livro-de-topografia-780x386.png\" alt=\"\" width=\"780\" height=\"386\" srcset=\"https:\/\/adenilsongiovanini.com.br\/blog\/wp-content\/uploads\/2021\/08\/livro-de-topografia-780x386.png 780w, https:\/\/adenilsongiovanini.com.br\/blog\/wp-content\/uploads\/2021\/08\/livro-de-topografia-300x148.png 300w, https:\/\/adenilsongiovanini.com.br\/blog\/wp-content\/uploads\/2021\/08\/livro-de-topografia-768x380.png 768w, https:\/\/adenilsongiovanini.com.br\/blog\/wp-content\/uploads\/2021\/08\/livro-de-topografia.png 1536w\" sizes=\"(max-width: 780px) 100vw, 780px\" \/><\/h2>\n<p><span style=\"font-family: arial, helvetica, sans-serif; font-size: 20px; color: #000000;\">A <span style=\"text-decoration: underline;\"><em>1 clique de dist\u00e2ncia de voc\u00ea<\/em><\/span> encontra-se o <strong>MAIS COMPLETO LIVRO DE TOPOGRAFIA DO BRASIL<\/strong>.<\/span><\/p>\n<p><span style=\"font-family: arial, helvetica, sans-serif; font-size: 20px; color: #000000;\">O mesmo \u00e9 formado por mais de 547 Estudos de Caso, Conhecimentos Pr\u00e1ticos, Exemplos, Aplica\u00e7\u00f5es, Planilhas e Chacklists!<\/span><\/p>\n<p><span style=\"font-family: arial, helvetica, sans-serif; font-size: 20px; color: #000000;\">Se voc\u00ea quer <em>(ou precisa)<\/em> aprender a prestar servi\u00e7os de Topografia, este livro servir\u00e1 como uma luva para voc\u00ea.<\/span><\/p>\n<p><span style=\"font-size: 20px;\"><span style=\"font-family: arial, helvetica, sans-serif; color: #000000;\">D\u00ea uma espiadinha no sum\u00e1rio do mesmo:<\/span><\/span><\/p>\n<p><center><iframe width=\"95%\" height=\"990\" src=\"https:\/\/drive.google.com\/file\/d\/1Ceor37i07URpOWB8CUnuUWq8aOuR7VSf\/preview\"><\/iframe><\/center><\/p>\n<p><span style=\"font-size: 20px;\"><span style=\"font-family: arial, helvetica, sans-serif; color: #000000;\">Para conhecer melhor a estrutura do livro, juntar-se a dezenas de profissionais e adquirir sua c\u00f3pia \u00e9 s\u00f3 clicar no bot\u00e3o abaixo:<\/span><\/span><\/p>\n<div class=\"su-button-center\">\n<div class=\"su-button-center\"><span style=\"color: #000000; font-size: 20px;\"><div class=\"su-button-center\"><a href=\"https:\/\/adenilsongiovanini.com.br\/biblia-do-agrimensor\/\" class=\"su-button su-button-style-3d\" style=\"color:#000000;background-color:#2BCC2F;border-color:#23a426;border-radius:9px\" target=\"_blank\" rel=\"nofollow\" id=\"1\"><span style=\"color:#000000;padding:0px 24px;font-size:18px;line-height:36px;border-color:#6bdc6e;border-radius:9px;text-shadow:0px 0px 0px #000000\"> \u279c Quero Conhecer Melhor o Livro, Pois Quero e Preciso Aprender Mais Sobre a Presta\u00e7\u00e3o de Servi\u00e7os de Topografia<\/span><\/a><\/div><\/span><\/div>\n<\/div>\n<p>&nbsp;<\/p>\n","protected":false},"excerpt":{"rendered":"<p>Latitude e longitude: o que s\u00e3o, como calcular e escrever as mesmas. \u00c9 isso que voc\u00ea aprender\u00e1 com a leitura deste artigo. &nbsp; Latitude e Longitude &#8211; O que s\u00e3o? Latitude e longitude nada mais s\u00e3o do que nomes que as coordenadas geogr\u00e1ficas \u00fanicas obtidas para cada ponto da superf\u00edcie [&hellip;]<\/p>\n","protected":false},"author":1,"featured_media":19683,"comment_status":"closed","ping_status":"closed","sticky":false,"template":"","format":"standard","meta":{"_monsterinsights_skip_tracking":false,"_monsterinsights_sitenote_active":false,"_monsterinsights_sitenote_note":"","_monsterinsights_sitenote_category":0,"footnotes":""},"categories":[53],"tags":[],"class_list":["post-19682","post","type-post","status-publish","format-standard","has-post-thumbnail","hentry","category-cartografia"],"yoast_head":"<!-- This site is optimized with the Yoast SEO plugin v26.5 - https:\/\/yoast.com\/wordpress\/plugins\/seo\/ -->\n<title>Latitude e Longitude? - Adenilson Giovanini<\/title>\n<meta name=\"description\" content=\"Latitude e longitude: descubra o que s\u00e3o e aprenda atrav\u00e9s de exemplos pr\u00e1ticos como calcular e escrever latitudes e longitudes.\" \/>\n<meta name=\"robots\" content=\"index, follow, max-snippet:-1, max-image-preview:large, max-video-preview:-1\" \/>\n<link rel=\"canonical\" href=\"https:\/\/adenilsongiovanini.com.br\/blog\/latitude-e-longitude-o-que-sao-e-como-calcular\/\" \/>\n<meta property=\"og:locale\" content=\"pt_BR\" \/>\n<meta property=\"og:type\" content=\"article\" \/>\n<meta property=\"og:title\" content=\"Latitude e Longitude? - Adenilson Giovanini\" \/>\n<meta property=\"og:description\" content=\"Latitude e longitude: descubra o que s\u00e3o e aprenda atrav\u00e9s de exemplos pr\u00e1ticos como calcular e escrever latitudes e longitudes.\" \/>\n<meta property=\"og:url\" content=\"https:\/\/adenilsongiovanini.com.br\/blog\/latitude-e-longitude-o-que-sao-e-como-calcular\/\" \/>\n<meta property=\"og:site_name\" content=\"Adenilson Giovanini\" \/>\n<meta property=\"article:publisher\" content=\"https:\/\/www.facebook.com\/otopografo\/\" \/>\n<meta property=\"article:author\" content=\"https:\/\/www.facebook.com\/otopografo\/\" \/>\n<meta property=\"article:published_time\" content=\"2021-04-29T20:12:57+00:00\" \/>\n<meta property=\"article:modified_time\" content=\"2022-08-12T00:36:27+00:00\" \/>\n<meta property=\"og:image\" content=\"https:\/\/adenilsongiovanini.com.br\/blog\/wp-content\/uploads\/2021\/04\/latitude-longitude.jpg\" \/>\n\t<meta property=\"og:image:width\" content=\"666\" \/>\n\t<meta property=\"og:image:height\" content=\"666\" \/>\n\t<meta property=\"og:image:type\" content=\"image\/jpeg\" \/>\n<meta name=\"author\" content=\"Adenilson Giovanini\" \/>\n<meta name=\"twitter:card\" content=\"summary_large_image\" \/>\n<meta name=\"twitter:label1\" content=\"Escrito por\" \/>\n\t<meta name=\"twitter:data1\" content=\"Adenilson Giovanini\" \/>\n\t<meta name=\"twitter:label2\" content=\"Est. tempo de leitura\" \/>\n\t<meta name=\"twitter:data2\" content=\"6 minutos\" \/>\n<script type=\"application\/ld+json\" class=\"yoast-schema-graph\">{\"@context\":\"https:\/\/schema.org\",\"@graph\":[{\"@type\":\"Article\",\"@id\":\"https:\/\/adenilsongiovanini.com.br\/blog\/latitude-e-longitude-o-que-sao-e-como-calcular\/#article\",\"isPartOf\":{\"@id\":\"https:\/\/adenilsongiovanini.com.br\/blog\/latitude-e-longitude-o-que-sao-e-como-calcular\/\"},\"author\":{\"name\":\"Adenilson Giovanini\",\"@id\":\"https:\/\/adenilsongiovanini.com.br\/blog\/#\/schema\/person\/9c1daa7da73c116aae2cb0568d1daa23\"},\"headline\":\"Latitude e Longitude?\",\"datePublished\":\"2021-04-29T20:12:57+00:00\",\"dateModified\":\"2022-08-12T00:36:27+00:00\",\"mainEntityOfPage\":{\"@id\":\"https:\/\/adenilsongiovanini.com.br\/blog\/latitude-e-longitude-o-que-sao-e-como-calcular\/\"},\"wordCount\":714,\"publisher\":{\"@id\":\"https:\/\/adenilsongiovanini.com.br\/blog\/#\/schema\/person\/9c1daa7da73c116aae2cb0568d1daa23\"},\"image\":{\"@id\":\"https:\/\/adenilsongiovanini.com.br\/blog\/latitude-e-longitude-o-que-sao-e-como-calcular\/#primaryimage\"},\"thumbnailUrl\":\"https:\/\/adenilsongiovanini.com.br\/blog\/wp-content\/uploads\/2021\/04\/latitude-longitude.jpg\",\"articleSection\":[\"Cartografia\"],\"inLanguage\":\"pt-BR\"},{\"@type\":\"WebPage\",\"@id\":\"https:\/\/adenilsongiovanini.com.br\/blog\/latitude-e-longitude-o-que-sao-e-como-calcular\/\",\"url\":\"https:\/\/adenilsongiovanini.com.br\/blog\/latitude-e-longitude-o-que-sao-e-como-calcular\/\",\"name\":\"Latitude e Longitude? - Adenilson Giovanini\",\"isPartOf\":{\"@id\":\"https:\/\/adenilsongiovanini.com.br\/blog\/#website\"},\"primaryImageOfPage\":{\"@id\":\"https:\/\/adenilsongiovanini.com.br\/blog\/latitude-e-longitude-o-que-sao-e-como-calcular\/#primaryimage\"},\"image\":{\"@id\":\"https:\/\/adenilsongiovanini.com.br\/blog\/latitude-e-longitude-o-que-sao-e-como-calcular\/#primaryimage\"},\"thumbnailUrl\":\"https:\/\/adenilsongiovanini.com.br\/blog\/wp-content\/uploads\/2021\/04\/latitude-longitude.jpg\",\"datePublished\":\"2021-04-29T20:12:57+00:00\",\"dateModified\":\"2022-08-12T00:36:27+00:00\",\"description\":\"Latitude e longitude: descubra o que s\u00e3o e aprenda atrav\u00e9s de exemplos pr\u00e1ticos como calcular e escrever latitudes e longitudes.\",\"breadcrumb\":{\"@id\":\"https:\/\/adenilsongiovanini.com.br\/blog\/latitude-e-longitude-o-que-sao-e-como-calcular\/#breadcrumb\"},\"inLanguage\":\"pt-BR\",\"potentialAction\":[{\"@type\":\"ReadAction\",\"target\":[\"https:\/\/adenilsongiovanini.com.br\/blog\/latitude-e-longitude-o-que-sao-e-como-calcular\/\"]}]},{\"@type\":\"ImageObject\",\"inLanguage\":\"pt-BR\",\"@id\":\"https:\/\/adenilsongiovanini.com.br\/blog\/latitude-e-longitude-o-que-sao-e-como-calcular\/#primaryimage\",\"url\":\"https:\/\/adenilsongiovanini.com.br\/blog\/wp-content\/uploads\/2021\/04\/latitude-longitude.jpg\",\"contentUrl\":\"https:\/\/adenilsongiovanini.com.br\/blog\/wp-content\/uploads\/2021\/04\/latitude-longitude.jpg\",\"width\":666,\"height\":666},{\"@type\":\"BreadcrumbList\",\"@id\":\"https:\/\/adenilsongiovanini.com.br\/blog\/latitude-e-longitude-o-que-sao-e-como-calcular\/#breadcrumb\",\"itemListElement\":[{\"@type\":\"ListItem\",\"position\":1,\"name\":\"Home\",\"item\":\"https:\/\/adenilsongiovanini.com.br\/blog\/\"},{\"@type\":\"ListItem\",\"position\":2,\"name\":\"Latitude e Longitude?\"}]},{\"@type\":\"WebSite\",\"@id\":\"https:\/\/adenilsongiovanini.com.br\/blog\/#website\",\"url\":\"https:\/\/adenilsongiovanini.com.br\/blog\/\",\"name\":\"Adenilson Giovanini\",\"description\":\"Topografia e Geotecnologias\",\"publisher\":{\"@id\":\"https:\/\/adenilsongiovanini.com.br\/blog\/#\/schema\/person\/9c1daa7da73c116aae2cb0568d1daa23\"},\"potentialAction\":[{\"@type\":\"SearchAction\",\"target\":{\"@type\":\"EntryPoint\",\"urlTemplate\":\"https:\/\/adenilsongiovanini.com.br\/blog\/?s={search_term_string}\"},\"query-input\":{\"@type\":\"PropertyValueSpecification\",\"valueRequired\":true,\"valueName\":\"search_term_string\"}}],\"inLanguage\":\"pt-BR\"},{\"@type\":[\"Person\",\"Organization\"],\"@id\":\"https:\/\/adenilsongiovanini.com.br\/blog\/#\/schema\/person\/9c1daa7da73c116aae2cb0568d1daa23\",\"name\":\"Adenilson Giovanini\",\"image\":{\"@type\":\"ImageObject\",\"inLanguage\":\"pt-BR\",\"@id\":\"https:\/\/adenilsongiovanini.com.br\/blog\/#\/schema\/person\/image\/\",\"url\":\"https:\/\/adenilsongiovanini.com.br\/blog\/wp-content\/litespeed\/avatar\/be8f4de5c0b8a93c57a4f29cbf2f1e92.jpg?ver=1777130135\",\"contentUrl\":\"https:\/\/adenilsongiovanini.com.br\/blog\/wp-content\/litespeed\/avatar\/be8f4de5c0b8a93c57a4f29cbf2f1e92.jpg?ver=1777130135\",\"caption\":\"Adenilson Giovanini\"},\"logo\":{\"@id\":\"https:\/\/adenilsongiovanini.com.br\/blog\/#\/schema\/person\/image\/\"},\"description\":\"O Professor Adenilson Giovanini \u00e9 especialista em Topografia Cadastral e Georreferenciamento de Im\u00f3veis Rurais. O mesmo possui o Maior Site de Engenharia de Agrimensura do Brasil. Site este que tem mais de 102.000 visualiza\u00e7\u00f5es por m\u00eas. Tamb\u00e9m possui mais de 600 v\u00eddeos em seu canal no youtube. Al\u00e9m disso, \u00e9 escritor Best Seller, possuindo v\u00e1rios cursos e livros de sucesso.\",\"sameAs\":[\"http:\/\/adenilsongiovanini.com.br\",\"https:\/\/www.facebook.com\/otopografo\/\",\"https:\/\/www.instagram.com\/adenilson_giovanini\/\",\"https:\/\/www.linkedin.com\/in\/adenilson-giovanini-819b8035\/\",\"https:\/\/br.pinterest.com\/adenilsongiovanini\/\",\"https:\/\/www.youtube.com\/channel\/uce-br7ghiuog2txcsdx5vrw\"]}]}<\/script>\n<!-- \/ Yoast SEO plugin. -->","yoast_head_json":{"title":"Latitude e Longitude? - Adenilson Giovanini","description":"Latitude e longitude: descubra o que s\u00e3o e aprenda atrav\u00e9s de exemplos pr\u00e1ticos como calcular e escrever latitudes e longitudes.","robots":{"index":"index","follow":"follow","max-snippet":"max-snippet:-1","max-image-preview":"max-image-preview:large","max-video-preview":"max-video-preview:-1"},"canonical":"https:\/\/adenilsongiovanini.com.br\/blog\/latitude-e-longitude-o-que-sao-e-como-calcular\/","og_locale":"pt_BR","og_type":"article","og_title":"Latitude e Longitude? - Adenilson Giovanini","og_description":"Latitude e longitude: descubra o que s\u00e3o e aprenda atrav\u00e9s de exemplos pr\u00e1ticos como calcular e escrever latitudes e longitudes.","og_url":"https:\/\/adenilsongiovanini.com.br\/blog\/latitude-e-longitude-o-que-sao-e-como-calcular\/","og_site_name":"Adenilson Giovanini","article_publisher":"https:\/\/www.facebook.com\/otopografo\/","article_author":"https:\/\/www.facebook.com\/otopografo\/","article_published_time":"2021-04-29T20:12:57+00:00","article_modified_time":"2022-08-12T00:36:27+00:00","og_image":[{"width":666,"height":666,"url":"https:\/\/adenilsongiovanini.com.br\/blog\/wp-content\/uploads\/2021\/04\/latitude-longitude.jpg","type":"image\/jpeg"}],"author":"Adenilson Giovanini","twitter_card":"summary_large_image","twitter_misc":{"Escrito por":"Adenilson Giovanini","Est. tempo de leitura":"6 minutos"},"schema":{"@context":"https:\/\/schema.org","@graph":[{"@type":"Article","@id":"https:\/\/adenilsongiovanini.com.br\/blog\/latitude-e-longitude-o-que-sao-e-como-calcular\/#article","isPartOf":{"@id":"https:\/\/adenilsongiovanini.com.br\/blog\/latitude-e-longitude-o-que-sao-e-como-calcular\/"},"author":{"name":"Adenilson Giovanini","@id":"https:\/\/adenilsongiovanini.com.br\/blog\/#\/schema\/person\/9c1daa7da73c116aae2cb0568d1daa23"},"headline":"Latitude e Longitude?","datePublished":"2021-04-29T20:12:57+00:00","dateModified":"2022-08-12T00:36:27+00:00","mainEntityOfPage":{"@id":"https:\/\/adenilsongiovanini.com.br\/blog\/latitude-e-longitude-o-que-sao-e-como-calcular\/"},"wordCount":714,"publisher":{"@id":"https:\/\/adenilsongiovanini.com.br\/blog\/#\/schema\/person\/9c1daa7da73c116aae2cb0568d1daa23"},"image":{"@id":"https:\/\/adenilsongiovanini.com.br\/blog\/latitude-e-longitude-o-que-sao-e-como-calcular\/#primaryimage"},"thumbnailUrl":"https:\/\/adenilsongiovanini.com.br\/blog\/wp-content\/uploads\/2021\/04\/latitude-longitude.jpg","articleSection":["Cartografia"],"inLanguage":"pt-BR"},{"@type":"WebPage","@id":"https:\/\/adenilsongiovanini.com.br\/blog\/latitude-e-longitude-o-que-sao-e-como-calcular\/","url":"https:\/\/adenilsongiovanini.com.br\/blog\/latitude-e-longitude-o-que-sao-e-como-calcular\/","name":"Latitude e Longitude? - Adenilson Giovanini","isPartOf":{"@id":"https:\/\/adenilsongiovanini.com.br\/blog\/#website"},"primaryImageOfPage":{"@id":"https:\/\/adenilsongiovanini.com.br\/blog\/latitude-e-longitude-o-que-sao-e-como-calcular\/#primaryimage"},"image":{"@id":"https:\/\/adenilsongiovanini.com.br\/blog\/latitude-e-longitude-o-que-sao-e-como-calcular\/#primaryimage"},"thumbnailUrl":"https:\/\/adenilsongiovanini.com.br\/blog\/wp-content\/uploads\/2021\/04\/latitude-longitude.jpg","datePublished":"2021-04-29T20:12:57+00:00","dateModified":"2022-08-12T00:36:27+00:00","description":"Latitude e longitude: descubra o que s\u00e3o e aprenda atrav\u00e9s de exemplos pr\u00e1ticos como calcular e escrever latitudes e longitudes.","breadcrumb":{"@id":"https:\/\/adenilsongiovanini.com.br\/blog\/latitude-e-longitude-o-que-sao-e-como-calcular\/#breadcrumb"},"inLanguage":"pt-BR","potentialAction":[{"@type":"ReadAction","target":["https:\/\/adenilsongiovanini.com.br\/blog\/latitude-e-longitude-o-que-sao-e-como-calcular\/"]}]},{"@type":"ImageObject","inLanguage":"pt-BR","@id":"https:\/\/adenilsongiovanini.com.br\/blog\/latitude-e-longitude-o-que-sao-e-como-calcular\/#primaryimage","url":"https:\/\/adenilsongiovanini.com.br\/blog\/wp-content\/uploads\/2021\/04\/latitude-longitude.jpg","contentUrl":"https:\/\/adenilsongiovanini.com.br\/blog\/wp-content\/uploads\/2021\/04\/latitude-longitude.jpg","width":666,"height":666},{"@type":"BreadcrumbList","@id":"https:\/\/adenilsongiovanini.com.br\/blog\/latitude-e-longitude-o-que-sao-e-como-calcular\/#breadcrumb","itemListElement":[{"@type":"ListItem","position":1,"name":"Home","item":"https:\/\/adenilsongiovanini.com.br\/blog\/"},{"@type":"ListItem","position":2,"name":"Latitude e Longitude?"}]},{"@type":"WebSite","@id":"https:\/\/adenilsongiovanini.com.br\/blog\/#website","url":"https:\/\/adenilsongiovanini.com.br\/blog\/","name":"Adenilson Giovanini","description":"Topografia e Geotecnologias","publisher":{"@id":"https:\/\/adenilsongiovanini.com.br\/blog\/#\/schema\/person\/9c1daa7da73c116aae2cb0568d1daa23"},"potentialAction":[{"@type":"SearchAction","target":{"@type":"EntryPoint","urlTemplate":"https:\/\/adenilsongiovanini.com.br\/blog\/?s={search_term_string}"},"query-input":{"@type":"PropertyValueSpecification","valueRequired":true,"valueName":"search_term_string"}}],"inLanguage":"pt-BR"},{"@type":["Person","Organization"],"@id":"https:\/\/adenilsongiovanini.com.br\/blog\/#\/schema\/person\/9c1daa7da73c116aae2cb0568d1daa23","name":"Adenilson Giovanini","image":{"@type":"ImageObject","inLanguage":"pt-BR","@id":"https:\/\/adenilsongiovanini.com.br\/blog\/#\/schema\/person\/image\/","url":"https:\/\/adenilsongiovanini.com.br\/blog\/wp-content\/litespeed\/avatar\/be8f4de5c0b8a93c57a4f29cbf2f1e92.jpg?ver=1777130135","contentUrl":"https:\/\/adenilsongiovanini.com.br\/blog\/wp-content\/litespeed\/avatar\/be8f4de5c0b8a93c57a4f29cbf2f1e92.jpg?ver=1777130135","caption":"Adenilson Giovanini"},"logo":{"@id":"https:\/\/adenilsongiovanini.com.br\/blog\/#\/schema\/person\/image\/"},"description":"O Professor Adenilson Giovanini \u00e9 especialista em Topografia Cadastral e Georreferenciamento de Im\u00f3veis Rurais. O mesmo possui o Maior Site de Engenharia de Agrimensura do Brasil. Site este que tem mais de 102.000 visualiza\u00e7\u00f5es por m\u00eas. Tamb\u00e9m possui mais de 600 v\u00eddeos em seu canal no youtube. Al\u00e9m disso, \u00e9 escritor Best Seller, possuindo v\u00e1rios cursos e livros de sucesso.","sameAs":["http:\/\/adenilsongiovanini.com.br","https:\/\/www.facebook.com\/otopografo\/","https:\/\/www.instagram.com\/adenilson_giovanini\/","https:\/\/www.linkedin.com\/in\/adenilson-giovanini-819b8035\/","https:\/\/br.pinterest.com\/adenilsongiovanini\/","https:\/\/www.youtube.com\/channel\/uce-br7ghiuog2txcsdx5vrw"]}]}},"amp_enabled":true,"_links":{"self":[{"href":"https:\/\/adenilsongiovanini.com.br\/blog\/wp-json\/wp\/v2\/posts\/19682","targetHints":{"allow":["GET"]}}],"collection":[{"href":"https:\/\/adenilsongiovanini.com.br\/blog\/wp-json\/wp\/v2\/posts"}],"about":[{"href":"https:\/\/adenilsongiovanini.com.br\/blog\/wp-json\/wp\/v2\/types\/post"}],"author":[{"embeddable":true,"href":"https:\/\/adenilsongiovanini.com.br\/blog\/wp-json\/wp\/v2\/users\/1"}],"replies":[{"embeddable":true,"href":"https:\/\/adenilsongiovanini.com.br\/blog\/wp-json\/wp\/v2\/comments?post=19682"}],"version-history":[{"count":0,"href":"https:\/\/adenilsongiovanini.com.br\/blog\/wp-json\/wp\/v2\/posts\/19682\/revisions"}],"wp:featuredmedia":[{"embeddable":true,"href":"https:\/\/adenilsongiovanini.com.br\/blog\/wp-json\/wp\/v2\/media\/19683"}],"wp:attachment":[{"href":"https:\/\/adenilsongiovanini.com.br\/blog\/wp-json\/wp\/v2\/media?parent=19682"}],"wp:term":[{"taxonomy":"category","embeddable":true,"href":"https:\/\/adenilsongiovanini.com.br\/blog\/wp-json\/wp\/v2\/categories?post=19682"},{"taxonomy":"post_tag","embeddable":true,"href":"https:\/\/adenilsongiovanini.com.br\/blog\/wp-json\/wp\/v2\/tags?post=19682"}],"curies":[{"name":"wp","href":"https:\/\/api.w.org\/{rel}","templated":true}]}}