{"id":19443,"date":"2021-04-17T15:01:06","date_gmt":"2021-04-17T15:01:06","guid":{"rendered":"https:\/\/adenilsongiovanini.com.br\/blog\/?p=19443"},"modified":"2023-08-02T00:24:33","modified_gmt":"2023-08-02T00:24:33","slug":"planimetria-e-altimetria-o-que-sao","status":"publish","type":"post","link":"https:\/\/adenilsongiovanini.com.br\/blog\/planimetria-e-altimetria-o-que-sao\/","title":{"rendered":"Planimetria e altimetria: O que s\u00e3o?"},"content":{"rendered":"<p><span style=\"font-family: arial, helvetica, sans-serif; font-size: 20px; color: #000000;\">A topografia pode ser dividida em <strong>planimetria e altimetria<\/strong>. Por\u00e9m, qual a diferen\u00e7a entre estas 2 \u00e1reas de estudos e quais os produtos topogr\u00e1ficos gerados pelas mesmas?<\/span><\/p>\n<p><span style=\"font-family: arial, helvetica, sans-serif; font-size: 20px; color: #000000;\">\u00c9 isso que voc\u00ea aprender\u00e1 com a leitura deste artigo.<\/span><\/p>\n<p>&nbsp;<\/p>\n<h2 style=\"text-align: center;\"><span style=\"font-size: 24px;\"><strong><span style=\"font-family: arial, helvetica, sans-serif; color: #000000;\">Planimetria e altimetria &#8211; Entenda o que s\u00e3o<\/span><\/strong><\/span><\/h2>\n<p><img decoding=\"async\" class=\"aligncenter wp-image-4523 size-large\" src=\"https:\/\/adenilsongiovanini.com.br\/blog\/wp-content\/uploads\/2019\/12\/planialtimetrico-780x384.jpg\" alt=\"planimetria e altimetria - o que s\u00e3o\" width=\"780\" height=\"384\" srcset=\"https:\/\/adenilsongiovanini.com.br\/blog\/wp-content\/uploads\/2019\/12\/planialtimetrico-780x384.jpg 780w, https:\/\/adenilsongiovanini.com.br\/blog\/wp-content\/uploads\/2019\/12\/planialtimetrico-300x148.jpg 300w, https:\/\/adenilsongiovanini.com.br\/blog\/wp-content\/uploads\/2019\/12\/planialtimetrico-768x378.jpg 768w, https:\/\/adenilsongiovanini.com.br\/blog\/wp-content\/uploads\/2019\/12\/planialtimetrico.jpg 959w\" sizes=\"(max-width: 780px) 100vw, 780px\" \/><\/p>\n<p><span style=\"font-family: arial, helvetica, sans-serif; font-size: 20px; color: #000000;\"><span style=\"color: #0000ff;\">Veiga, L. A. K. e outros autores<\/span> trazem o seguinte conceito sobre <strong>planimetria e altimetria<\/strong>:<\/span><\/p>\n<blockquote style=\"border: 2px double #009900; background: #f0fff0 none repeat scroll 0% 0%; -moz-background-clip: -moz-initial; -moz-background-origin: -moz-initial; -moz-background-inline-policy: -moz-initial; color: #323232; padding-left: 15px; padding-top: 10px; padding-bottom: 10px;\"><p><span style=\"font-family: arial, helvetica, sans-serif; font-size: 20px; color: #000000;\">Tradicionalmente o levantamento topogr\u00e1fico pode ser divido em duas partes: o levantamento planim\u00e9trico, onde se procura determinar a posi\u00e7\u00e3o planim\u00e9trica dos pontos (coordenadas X e Y) e o <\/span><span style=\"font-family: arial, helvetica, sans-serif; font-size: 20px; color: #000000;\">levantamento altim\u00e9trico, onde o objetivo \u00e9 determinar a cota ou altitude de um ponto (coordenada Z). A realiza\u00e7\u00e3o simult\u00e2nea dos dois levantamentos d\u00e1 origem ao chamado levantamento planialtim\u00e9trico.<\/span><\/p><\/blockquote>\n<p>&nbsp;<\/p>\n<p><span style=\"font-family: arial, helvetica, sans-serif; font-size: 20px; color: #000000;\">J\u00e1 a <span style=\"color: #0000ff;\"><a style=\"color: #0000ff;\" href=\"http:\/\/www.carto.eng.uerj.br\/cdecart\/download\/NBR13133.pdf\">NBR 13.133<\/a><\/span>, tr\u00e1s a seguinte passagem a respeito do tema:<\/span><\/p>\n<blockquote style=\"border: 2px double #009900; background: #f0fff0 none repeat scroll 0% 0%; -moz-background-clip: -moz-initial; -moz-background-origin: -moz-initial; -moz-background-inline-policy: -moz-initial; color: #323232; padding-left: 15px; padding-top: 10px; padding-bottom: 10px;\"><p><span style=\"font-family: arial, helvetica, sans-serif; font-size: 20px; color: #000000;\">O levantamento de detalhes deve ser feito a partir das poligonais em opera\u00e7\u00f5es que podem conduzir, simultaneamente, \u00e0 obten\u00e7\u00e3o da planimetria e da altimetria, ou ent\u00e3o, com procedimentos separados, se condi\u00e7\u00f5es especiais do terreno ou exig\u00eancias de exatid\u00e3o assim exigirem. A densidade de pontos deve ser compat\u00edvel com a escala de representa\u00e7\u00e3o, caracter\u00edsticas do terreno e finalidade do levantamento.<\/span><\/p><\/blockquote>\n<p>&nbsp;<\/p>\n<p><span style=\"font-family: arial, helvetica, sans-serif; font-size: 20px; color: #000000;\">Perceba que <strong>planimetria e altimetria<\/strong> s\u00e3o as 2 \u00e1reas nas quais a Topografia pode ser dividida, sendo que a realiza\u00e7\u00e3o de um <span style=\"color: #0000ff;\"><a style=\"color: #0000ff;\" href=\"https:\/\/adenilsongiovanini.com.br\/blog\/levantamento-topografico-o-que-e-porque-e-como-fazer\/\">levantamento topogr\u00e1fico<\/a><\/span>, normalmente \u00e9 dividida em 2 etapas:<\/span><\/p>\n<ul>\n<li><span style=\"font-family: arial, helvetica, sans-serif; font-size: 20px; color: #000000;\">Materializa\u00e7\u00e3o de <span style=\"color: #0000ff;\"><a href=\"https:\/\/adenilsongiovanini.com.br\/blog\/pontos-de-apoio-e-pontos-de-controle-o-que-sao\/\" style=\"color: #0000ff;\">pontos de apoio<\/a><\/span> no terreno (piques e\/ou <span style=\"color: #0000ff;\"><a style=\"color: #0000ff;\" href=\"https:\/\/adenilsongiovanini.com.br\/blog\/marcos-topograficos-quais-os-tipos-existentes\/\">marcos geod\u00e9sicos<\/a><\/span>);<\/span><\/li>\n<li><span style=\"font-family: arial, helvetica, sans-serif; font-size: 20px; color: #000000;\">Levantamento de detalhes (levantamento dos dados propriamente ditos).<\/span><\/li>\n<\/ul>\n<p><span style=\"font-family: arial, helvetica, sans-serif; font-size: 20px; color: #000000;\">De acordo com a NBR 13.133 (ABNT 1994, p.4) os pontos de apoio s\u00e3o definidos como:<\/span><\/p>\n<blockquote style=\"border: 2px double #009900; background: #f0fff0 none repeat scroll 0% 0%; -moz-background-clip: -moz-initial; -moz-background-origin: -moz-initial; -moz-background-inline-policy: -moz-initial; color: #323232; padding-left: 15px; padding-top: 10px; padding-bottom: 10px;\"><p><span style=\"font-family: arial, helvetica, sans-serif; font-size: 20px; color: #000000;\">Pontos, convenientemente distribu\u00eddos, que amarram ao terreno o levantamento topogr\u00e1fico e, por isso, devem ser materializados por estacas, piquetes, marcos de concreto, pinos de metal, tinta, dependendo da sua import\u00e2ncia e perman\u00eancia.<\/span><\/p><\/blockquote>\n<p>&nbsp;<\/p>\n<p><span style=\"font-family: arial, helvetica, sans-serif; font-size: 20px; color: #000000;\">Ou seja, na pr\u00e1tica, o profissional primeiramente loca uma s\u00e9rie de <span style=\"color: #0000ff;\"><a style=\"color: #0000ff;\" href=\"http:\/\/sulgas.usuarios.rdc.puc-rio.br\/Empreendimento\/Carto_Topo_1B.pdf\">pontos de apoio<\/a><\/span> no terreno e em um segundo momento, partindo destes pontos de apoio, o mesmo far\u00e1 o <span style=\"color: #0000ff;\"><a href=\"https:\/\/adenilsongiovanini.com.br\/blog\/curso-online-georreferenciamento\/\" style=\"color: #0000ff;\">levantamento de uma s\u00e9rie de pontos<\/a><\/span> que permitir\u00e3o a representa\u00e7\u00e3o da \u00e1rea levantada. <\/span><\/p>\n<p><span style=\"font-family: arial, helvetica, sans-serif; font-size: 20px; color: #000000;\">Representa\u00e7\u00e3o esta normalmente feita atrav\u00e9s de<span style=\"color: #0000ff;\"><a style=\"color: #0000ff;\" href=\"https:\/\/adenilsongiovanini.com.br\/blog\/planta-topografica-aprenda-a-produzir-na-pratica\/\"> plantas topogr\u00e1ficas<\/a><\/span>. Na imagem abaixo voc\u00ea pode ver um modelo de <span style=\"color: #0000ff;\"><a href=\"https:\/\/adenilsongiovanini.com.br\/curso-de-autocad-para-topografia\/\" style=\"color: #0000ff;\">planta para o c\u00e1lculo de \u00e1rea<\/a><\/span>.<\/span><\/p>\n<p><span style=\"font-family: arial, helvetica, sans-serif; font-size: 20px; color: #000000;\"><img decoding=\"async\" class=\"aligncenter size-large wp-image-16360\" src=\"https:\/\/adenilsongiovanini.com.br\/blog\/wp-content\/uploads\/2020\/03\/Planta-topogr\u00e1fica-Planta-de-\u00e1rea-5-973x1024.png\" alt=\"planta planim\u00e9trica na planimetria e altimetria\" width=\"973\" height=\"1024\" srcset=\"https:\/\/adenilsongiovanini.com.br\/blog\/wp-content\/uploads\/2020\/03\/Planta-topogr\u00e1fica-Planta-de-\u00e1rea-5-973x1024.png 973w, https:\/\/adenilsongiovanini.com.br\/blog\/wp-content\/uploads\/2020\/03\/Planta-topogr\u00e1fica-Planta-de-\u00e1rea-5-285x300.png 285w, https:\/\/adenilsongiovanini.com.br\/blog\/wp-content\/uploads\/2020\/03\/Planta-topogr\u00e1fica-Planta-de-\u00e1rea-5-768x809.png 768w, https:\/\/adenilsongiovanini.com.br\/blog\/wp-content\/uploads\/2020\/03\/Planta-topogr\u00e1fica-Planta-de-\u00e1rea-5.png 1738w\" sizes=\"(max-width: 973px) 100vw, 973px\" \/><\/span><\/p>\n<p>&nbsp;<\/p>\n<h2 style=\"text-align: center;\"><strong><span style=\"font-family: arial, helvetica, sans-serif; font-size: 24px; color: #000000;\">Planimetria e altimetria &#8211; Conceito de planimetria<\/span><\/strong><\/h2>\n<p><span style=\"font-family: arial, helvetica, sans-serif; font-size: 20px; color: #000000;\">Perceba que a planta acima possui apenas <span style=\"color: #0000ff;\"><a href=\"https:\/\/adenilsongiovanini.com.br\/blog\/coordenadas-topograficas-o-que-sao-e-como-utilizar\/\" style=\"color: #0000ff;\">coordenas x e y<\/a><\/span>. Ou seja, \u00e9 uma <span style=\"color: #0000ff;\"><a href=\"https:\/\/adenilsongiovanini.com.br\/blog\/planta-planimetrica-o-que-e-e-como-produzir\/\" style=\"color: #0000ff;\">planta planim\u00e9trica<\/a><\/span>, sendo que podemos conceituar a planimetria como:<\/span><\/p>\n<p>&nbsp;<\/p>\n<blockquote style=\"border: 2px double #009900; background: #f0fff0 none repeat scroll 0% 0%; -moz-background-clip: -moz-initial; -moz-background-origin: -moz-initial; -moz-background-inline-policy: -moz-initial; color: #323232; padding-left: 15px; padding-top: 10px; padding-bottom: 10px;\"><p><span style=\"font-family: arial, helvetica, sans-serif; font-size: 20px; color: #000000;\">A representa\u00e7\u00e3o de pontos 2D do terreno (coordenadas x e y) no plano topogr\u00e1fico.<\/span><\/p><\/blockquote>\n<p>&nbsp;<\/p>\n<p><span style=\"font-family: arial, helvetica, sans-serif; font-size: 20px; color: #000000;\">Perceba que eu utilizei o termo p<\/span><span style=\"color: #000000; font-family: arial, helvetica, sans-serif; font-size: 20px;\">lano topogr\u00e1fico.<\/span><\/p>\n<p><span style=\"font-size: 20px; font-family: arial, helvetica, sans-serif; color: #000000;\">No caso, o <span style=\"color: #0000ff;\"><a style=\"color: #0000ff;\" href=\"https:\/\/adenilsongiovanini.com.br\/blog\/plano-topografico\/\">plano topogr\u00e1fico<\/a><\/span> \u00e9 um plano de aproximadamente 55 km\u00b2, onde os efeitos da curvatura da terra s\u00e3o minimizados. Caso a representa\u00e7\u00e3o ultrapasse este comprimento, a curvatura da terra passar\u00e1 a exercer consider\u00e1vel interfer\u00eancia.<\/span><\/p>\n<p><span style=\"font-size: 20px; font-family: arial, helvetica, sans-serif; color: #000000;\">Por causa disso, voc\u00ea deve restringir o levantamento de dados ao plano topogr\u00e1fico.<\/span><\/p>\n<p><span style=\"font-family: arial, helvetica, sans-serif; font-size: 20px; color: #000000;\">Lembre-se que na planimetria durante o processo de abstra\u00e7\u00e3o do<span style=\"color: #0000ff;\"><a style=\"color: #0000ff;\" href=\"http:\/\/www.dpi.inpe.br\/gilberto\/tutoriais\/gis_ambiente\/2modelo.pdf\"> universo do mundo real para o universo do mundo computacional<\/a><\/span>, de acordo com a NBR 13.133, o profissional deve garantir que a densifica\u00e7\u00e3o dos pontos seja compat\u00edvel com:<\/span><\/p>\n<ul>\n<li><span style=\"font-family: arial, helvetica, sans-serif; font-size: 20px; color: #000000;\">A escala de representa\u00e7\u00e3o;<\/span><\/li>\n<li><span style=\"font-family: arial, helvetica, sans-serif; font-size: 20px; color: #000000;\">As caracter\u00edsticas do terreno e;<\/span><\/li>\n<li><span style=\"font-family: arial, helvetica, sans-serif; font-size: 20px; color: #000000;\">A finalidade do levantamento.<\/span><\/li>\n<\/ul>\n<p>&nbsp;<\/p>\n<h2 style=\"text-align: center;\"><strong><span style=\"font-family: arial, helvetica, sans-serif; font-size: 24px; color: #000000;\">Planimetria e altimetria &#8211; <\/span><\/strong><span style=\"color: #000000;\"><strong><span style=\"font-family: arial, helvetica, sans-serif; font-size: 24px;\">Conceito de altimetria<\/span><\/strong><\/span><\/h2>\n<p><span style=\"font-family: arial, helvetica, sans-serif; font-size: 20px; color: #000000;\">A <strong>altimetria<\/strong> \u00e9 a <em>parte da topografia que trata dos m\u00e9todos e instrumentos empregados no estudo e representa\u00e7\u00e3o do <span style=\"color: #0000ff;\"><a style=\"color: #0000ff;\" href=\"https:\/\/www.juliobattisti.com.br\/tutoriais\/arlindojunior\/geografiafisica002.asp#:~:text=A%20altitude%20do%20relevo%20%C3%A9,%2C%20planaltos%2C%20plan%C3%ADcies%20e%20depress%C3%B5es.\">relevo do solo<\/a><\/span><\/em>.<\/span><\/p>\n<p><span style=\"font-family: arial, helvetica, sans-serif; font-size: 20px; color: #000000;\">O grande objetivo da altimetria \u00e9 o estudo da coordenada Z.<\/span><\/p>\n<p><span style=\"font-family: arial, helvetica, sans-serif; font-size: 20px; color: #000000;\">Na imagem abaixo voc\u00ea pode ver um exemplo de <span style=\"color: #0000ff;\"><a style=\"color: #0000ff;\" href=\"https:\/\/adenilsongiovanini.com.br\/blog\/planta-altimetrica-o-que-e-e-como-produzir\/\">planta altim\u00e9trica<\/a><\/span>.<\/span><\/p>\n<p><img decoding=\"async\" class=\"aligncenter size-large wp-image-19444\" src=\"https:\/\/adenilsongiovanini.com.br\/blog\/wp-content\/uploads\/2021\/04\/planta-altimetrica-1-724x1024.jpg\" alt=\"Planimetria e altimetria - planta altim\u00e9trica\" width=\"724\" height=\"1024\" srcset=\"https:\/\/adenilsongiovanini.com.br\/blog\/wp-content\/uploads\/2021\/04\/planta-altimetrica-1-724x1024.jpg 724w, https:\/\/adenilsongiovanini.com.br\/blog\/wp-content\/uploads\/2021\/04\/planta-altimetrica-1-212x300.jpg 212w, https:\/\/adenilsongiovanini.com.br\/blog\/wp-content\/uploads\/2021\/04\/planta-altimetrica-1-768x1086.jpg 768w, https:\/\/adenilsongiovanini.com.br\/blog\/wp-content\/uploads\/2021\/04\/planta-altimetrica-1-1086x1536.jpg 1086w, https:\/\/adenilsongiovanini.com.br\/blog\/wp-content\/uploads\/2021\/04\/planta-altimetrica-1-320x453.jpg 320w, https:\/\/adenilsongiovanini.com.br\/blog\/wp-content\/uploads\/2021\/04\/planta-altimetrica-1-640x905.jpg 640w, https:\/\/adenilsongiovanini.com.br\/blog\/wp-content\/uploads\/2021\/04\/planta-altimetrica-1-360x509.jpg 360w, https:\/\/adenilsongiovanini.com.br\/blog\/wp-content\/uploads\/2021\/04\/planta-altimetrica-1-720x1019.jpg 720w, https:\/\/adenilsongiovanini.com.br\/blog\/wp-content\/uploads\/2021\/04\/planta-altimetrica-1-1080x1528.jpg 1080w, https:\/\/adenilsongiovanini.com.br\/blog\/wp-content\/uploads\/2021\/04\/planta-altimetrica-1-800x1132.jpg 800w, https:\/\/adenilsongiovanini.com.br\/blog\/wp-content\/uploads\/2021\/04\/planta-altimetrica-1-1024x1449.jpg 1024w, https:\/\/adenilsongiovanini.com.br\/blog\/wp-content\/uploads\/2021\/04\/planta-altimetrica-1.jpg 1131w\" sizes=\"(max-width: 724px) 100vw, 724px\" \/><\/p>\n<p>&nbsp;<\/p>\n<h2 style=\"text-align: center;\"><strong><span style=\"font-family: arial, helvetica, sans-serif; font-size: 24px; color: #000000;\">Planimetria e altimetria &#8211; <\/span><\/strong><strong><span style=\"font-family: arial, helvetica, sans-serif; font-size: 24px; color: #000000;\">Planialtimetria<\/span><\/strong><\/h2>\n<p><span style=\"font-family: arial, helvetica, sans-serif; font-size: 20px; color: #000000;\">Na realidade, no nosso dia a dia, normalmente a altimetria \u00e9 representada de maneira associada a planimetria atrav\u00e9s de <span style=\"color: #0000ff;\"><a href=\"https:\/\/adenilsongiovanini.com.br\/blog\/planta-de-levantamento-planialtimetrico\/\" style=\"color: #0000ff;\">plantas planialtim\u00e9tricas<\/a><\/span>.<\/span><\/p>\n<p><span style=\"font-family: arial, helvetica, sans-serif; font-size: 20px; color: #000000;\">Ou seja, normalmente as 3 coordenadas (x,y e z) s\u00e3o representadas.<\/span><\/p>\n<p><span style=\"font-family: arial, helvetica, sans-serif; font-size: 20px; color: #000000;\">Perceba que na imagem acima, as <span style=\"color: #0000ff;\"><a style=\"color: #0000ff;\" href=\"https:\/\/adenilsongiovanini.com.br\/blog\/curvas-de-niveis\/\">curvas de n\u00edveis<\/a><\/span> est\u00e3o restringidas aos limites do per\u00edmetro da propriedade.<\/span><\/p>\n<p><span style=\"font-family: arial, helvetica, sans-serif; font-size: 20px; color: #000000;\">Segue outro exemplo de planta planialtim\u00e9trica.<\/span><\/p>\n<p><span style=\"font-family: arial, helvetica, sans-serif; font-size: 20px; color: #000000;\"><img decoding=\"async\" class=\"aligncenter size-large wp-image-19421\" src=\"https:\/\/adenilsongiovanini.com.br\/blog\/wp-content\/uploads\/2021\/04\/Planta-altimetrica-724x1024.jpg\" alt=\"planta planim\u00e9trica e altim\u00e9trica\" width=\"724\" height=\"1024\" srcset=\"https:\/\/adenilsongiovanini.com.br\/blog\/wp-content\/uploads\/2021\/04\/Planta-altimetrica-724x1024.jpg 724w, https:\/\/adenilsongiovanini.com.br\/blog\/wp-content\/uploads\/2021\/04\/Planta-altimetrica-212x300.jpg 212w, https:\/\/adenilsongiovanini.com.br\/blog\/wp-content\/uploads\/2021\/04\/Planta-altimetrica-768x1087.jpg 768w, https:\/\/adenilsongiovanini.com.br\/blog\/wp-content\/uploads\/2021\/04\/Planta-altimetrica-1086x1536.jpg 1086w, https:\/\/adenilsongiovanini.com.br\/blog\/wp-content\/uploads\/2021\/04\/Planta-altimetrica-1447x2048.jpg 1447w, https:\/\/adenilsongiovanini.com.br\/blog\/wp-content\/uploads\/2021\/04\/Planta-altimetrica-320x453.jpg 320w, https:\/\/adenilsongiovanini.com.br\/blog\/wp-content\/uploads\/2021\/04\/Planta-altimetrica-640x906.jpg 640w, https:\/\/adenilsongiovanini.com.br\/blog\/wp-content\/uploads\/2021\/04\/Planta-altimetrica-360x509.jpg 360w, https:\/\/adenilsongiovanini.com.br\/blog\/wp-content\/uploads\/2021\/04\/Planta-altimetrica-720x1019.jpg 720w, https:\/\/adenilsongiovanini.com.br\/blog\/wp-content\/uploads\/2021\/04\/Planta-altimetrica-1080x1528.jpg 1080w, https:\/\/adenilsongiovanini.com.br\/blog\/wp-content\/uploads\/2021\/04\/Planta-altimetrica-800x1132.jpg 800w, https:\/\/adenilsongiovanini.com.br\/blog\/wp-content\/uploads\/2021\/04\/Planta-altimetrica-1024x1449.jpg 1024w, https:\/\/adenilsongiovanini.com.br\/blog\/wp-content\/uploads\/2021\/04\/Planta-altimetrica-1280x1811.jpg 1280w, https:\/\/adenilsongiovanini.com.br\/blog\/wp-content\/uploads\/2021\/04\/Planta-altimetrica.jpg 1653w\" sizes=\"(max-width: 724px) 100vw, 724px\" \/><\/span><\/p>\n<p>&nbsp;<\/p>\n<h2 style=\"text-align: center;\"><span style=\"color: #000000;\"><strong><span style=\"font-family: arial, helvetica, sans-serif; font-size: 24px;\">Os 6 diferentes tipos de levantamentos topogr\u00e1ficos existentes<\/span><\/strong><\/span><\/h2>\n<p><span style=\"font-family: arial, helvetica, sans-serif; font-size: 20px; color: #000000;\">A NBR 13.133 tr\u00e1s 6 diferentes tipos de <span style=\"color: #0000ff;\"><a style=\"color: #0000ff;\" href=\"https:\/\/adenilsongiovanini.com.br\/blog\/projeto-topografico-o-que-e-e-qual-sua-importancia\/\">levantamentos topogr\u00e1ficos<\/a><\/span> que podem serem utilizados na planimetria e altimetria. Seguem os mesmos:<\/span><\/p>\n<ul>\n<li><span style=\"font-family: arial, helvetica, sans-serif; font-size: 20px; color: #000000;\">Levantamento topogr\u00e1fico expedito;<\/span><\/li>\n<li><span style=\"font-family: arial, helvetica, sans-serif; font-size: 20px; color: #000000;\"><span style=\"color: #0000ff;\"><a style=\"color: #0000ff;\" href=\"https:\/\/adenilsongiovanini.com.br\/blog\/levantamento-topografico-planimetrico\/\">Levantamento topogr\u00e1fico planim\u00e9trico<\/a><\/span>;<\/span><\/li>\n<li><span style=\"color: #0000ff;\"><a style=\"color: #0000ff;\" href=\"https:\/\/adenilsongiovanini.com.br\/blog\/levantamento-topografico-altimetrico-o-que-e\/\"><span style=\"font-family: arial, helvetica, sans-serif; font-size: 20px;\">Levantamento topogr\u00e1fico altim\u00e9trico;<\/span><\/a><\/span><\/li>\n<li><span style=\"font-family: arial, helvetica, sans-serif; font-size: 20px; color: #000000;\"><span style=\"color: #0000ff;\"><a style=\"color: #0000ff;\" href=\"https:\/\/adenilsongiovanini.com.br\/blog\/levantamento-topografico-planialtimetrico\/\">Levantamento topogr\u00e1fico planialtim\u00e9trico<\/a><\/span>;<\/span><\/li>\n<li><span style=\"color: #0000ff;\"><a style=\"color: #0000ff;\" href=\"https:\/\/adenilsongiovanini.com.br\/blog\/levantamento-planimetrico-cadastral\/\"><span style=\"font-family: arial, helvetica, sans-serif; font-size: 20px;\">Levantamento topogr\u00e1fico planim\u00e9trico cadastral;<\/span><\/a><\/span><\/li>\n<li><span style=\"font-family: arial, helvetica, sans-serif; font-size: 20px; color: #000000;\"><span style=\"color: #0000ff;\"><a style=\"color: #0000ff;\" href=\"https:\/\/adenilsongiovanini.com.br\/blog\/levantamento-planialtimetrico-cadastral-o-que-e-e-quando-utilizar\/\">Levantamento topogr\u00e1fico planialtim\u00e9trico cadastral<\/a><\/span>.<\/span><\/li>\n<\/ul>\n<p><span style=\"font-family: arial, helvetica, sans-serif; font-size: 20px; color: #000000;\">V\u00eddeo a respeito do assunto.<\/span><\/p>\n<p><center><iframe width=\"853\" height=\"480\" title=\"YouTube video player\" src=\"https:\/\/www.youtube.com\/embed\/Vhkyf9pZKfQ\" frameborder=\"0\" allowfullscreen=\"allowfullscreen\"><\/iframe><\/center><br \/>\n<span style=\"font-size: 20px; font-family: arial, helvetica, sans-serif; color: #000000; line-height: 1.3;\">Se voc\u00ea quer<strong> MERGULHAR FUNDO e aprender a prestar servi\u00e7os com grande velocidade e com seguran\u00e7a<\/strong>, <span style=\"color: #0000ff;\"><a style=\"color: #0000ff;\" href=\"https:\/\/adenilsongiovanini.com.br\/cursos-online\/\">acesse este link<\/a><\/span> e conhe\u00e7a os mesmos.<\/span><\/p>\n<p>&nbsp;<\/p>\n<p><span style=\"color: #000000;\"><span style=\"font-size: 20px; font-family: arial, helvetica, sans-serif; line-height: 1.3;\">Entre eles, o <span style=\"color: #0000ff;\"><a style=\"color: #0000ff;\" href=\"https:\/\/adenilsongiovanini.com.br\/curso-de-autocad-para-topografia\/\" target=\"_blank\" rel=\"noopener noreferrer\">Curso de Confec\u00e7\u00e3o de Plantas Topogr\u00e1ficas<\/a><\/span>. <span style=\"color: #000000;\">Um <\/span><\/span><span style=\"font-size: 20px; font-family: arial, helvetica, sans-serif; line-height: 1.3;\">curso pr\u00e1tico\u00a0<\/span><span style=\"font-size: 20px; font-family: arial, helvetica, sans-serif; line-height: 1.3;\">com o qual voc\u00ea vai <strong>aprender a produzir as 15 diferentes plantas produzidas em um escrit\u00f3rio de topografia<\/strong>.<\/span><\/span><\/p>\n<p><a href=\"https:\/\/adenilsongiovanini.com.br\/curso-de-autocad-para-topografia\/\" target=\"_blank\" rel=\"noopener noreferrer\"><img decoding=\"async\" class=\"aligncenter wp-image-31689\" src=\"https:\/\/adenilsongiovanini.com.br\/wp-content\/uploads\/2022\/07\/planta-de-topografia-1024x612.png\" alt=Planimetria e altimetria - planta de topografia\"\" width=\"770\" height=\"460\" \/><\/a><\/p>\n<p><span style=\"font-family: arial, helvetica, sans-serif; font-size: 20px; color: #000000;\">Clique <a href=\"https:\/\/adenilsongiovanini.com.br\/curso-de-autocad-para-topografia\/\" target=\"_blank\" rel=\"noopener noreferrer\"><span style=\"color: #0000ff;\">neste link<\/span><\/a> e conhe\u00e7a melhor o mesmo.<\/span><\/p>\n<p>&nbsp;<\/p>\n<p><span style=\"font-family: arial, helvetica, sans-serif; font-size: 20px; color: #000000;\">Gratid\u00e3o por voc\u00ea ter lido o artigo. \ud83d\ude4f<\/span><\/p>\n<p>&nbsp;<\/p>\n<h2 style=\"text-align: center;\"><span style=\"font-family: arial, helvetica, sans-serif; color: #000000; font-size: 24px;\"><strong>Aprenda a Prestar Servi\u00e7os de Topografia Cadastral Atrav\u00e9s de um Livro Formado Por Mais de 547 <\/strong><\/span><span style=\"font-family: arial, helvetica, sans-serif; color: #000000; font-size: 24px;\"><strong>Estudos de Caso e E<\/strong><\/span><span style=\"font-family: arial, helvetica, sans-serif; color: #000000; font-size: 24px;\"><strong>xemplos Pr\u00e1ticos<\/strong><\/span><\/h2>\n<h2 style=\"text-align: center;\"><img decoding=\"async\" class=\"aligncenter size-large wp-image-25393\" src=\"https:\/\/adenilsongiovanini.com.br\/blog\/wp-content\/uploads\/2021\/08\/livro-de-topografia-780x386.png\" alt=\"livro topografia\" width=\"780\" height=\"386\" srcset=\"https:\/\/adenilsongiovanini.com.br\/blog\/wp-content\/uploads\/2021\/08\/livro-de-topografia-780x386.png 780w, https:\/\/adenilsongiovanini.com.br\/blog\/wp-content\/uploads\/2021\/08\/livro-de-topografia-300x148.png 300w, https:\/\/adenilsongiovanini.com.br\/blog\/wp-content\/uploads\/2021\/08\/livro-de-topografia-768x380.png 768w, https:\/\/adenilsongiovanini.com.br\/blog\/wp-content\/uploads\/2021\/08\/livro-de-topografia.png 1536w\" sizes=\"(max-width: 780px) 100vw, 780px\" \/><\/h2>\n<p><span style=\"font-family: arial, helvetica, sans-serif; font-size: 20px; color: #000000;\">A <span style=\"text-decoration: underline;\"><em>1 clique de dist\u00e2ncia de voc\u00ea<\/em><\/span> encontra-se o <strong>MAIS COMPLETO LIVRO DE TOPOGRAFIA DO BRASIL<\/strong>.<\/span><\/p>\n<p><span style=\"font-family: arial, helvetica, sans-serif; font-size: 20px; color: #000000;\">O mesmo \u00e9 formado por mais de 547 Estudos de Caso, Conhecimentos Pr\u00e1ticos, Exemplos, Aplica\u00e7\u00f5es, Planilhas e Chacklists!<\/span><\/p>\n<p><span style=\"font-family: arial, helvetica, sans-serif; font-size: 20px; color: #000000;\">Se voc\u00ea quer <em>(ou precisa)<\/em> aprender a prestar servi\u00e7os de Topografia, este livro servir\u00e1 como uma luva para voc\u00ea.<\/span><\/p>\n<p><span style=\"font-size: 20px;\"><span style=\"font-family: arial, helvetica, sans-serif; color: #000000;\">D\u00ea uma espiadinha no sum\u00e1rio do mesmo:<\/span><\/span><\/p>\n<p><center><iframe width=\"95%\" height=\"990\" src=\"https:\/\/drive.google.com\/file\/d\/1Ceor37i07URpOWB8CUnuUWq8aOuR7VSf\/preview\"><\/iframe><\/center><\/p>\n<p><span style=\"font-size: 20px;\"><span style=\"font-family: arial, helvetica, sans-serif; color: #000000;\">Para conhecer melhor a estrutura do livro, juntar-se a dezenas de profissionais e adquirir sua c\u00f3pia \u00e9 s\u00f3 clicar no bot\u00e3o abaixo:<\/span><\/span><\/p>\n<div class=\"su-button-center\">\n<div class=\"su-button-center\"><span style=\"color: #000000; font-size: 20px;\"><div class=\"su-button-center\"><a href=\"https:\/\/adenilsongiovanini.com.br\/biblia-do-agrimensor\/\" class=\"su-button su-button-style-3d\" style=\"color:#000000;background-color:#2BCC2F;border-color:#23a426;border-radius:9px\" target=\"_blank\" rel=\"nofollow\" id=\"1\"><span style=\"color:#000000;padding:0px 24px;font-size:18px;line-height:36px;border-color:#6bdc6e;border-radius:9px;text-shadow:0px 0px 0px #000000\"> \u279c Quero Conhecer Melhor o Livro, Pois Quero e Preciso Aprender Mais Sobre a Presta\u00e7\u00e3o de Servi\u00e7os de Topografia<\/span><\/a><\/div><\/span><\/div>\n<\/div>\n<p>&nbsp;<\/p>\n","protected":false},"excerpt":{"rendered":"<p>A topografia pode ser dividida em planimetria e altimetria. Por\u00e9m, qual a diferen\u00e7a entre estas 2 \u00e1reas de estudos e quais os produtos topogr\u00e1ficos gerados pelas mesmas? \u00c9 isso que voc\u00ea aprender\u00e1 com a leitura deste artigo. &nbsp; Planimetria e altimetria &#8211; Entenda o que s\u00e3o Veiga, L. A. K. [&hellip;]<\/p>\n","protected":false},"author":1,"featured_media":19428,"comment_status":"closed","ping_status":"closed","sticky":false,"template":"","format":"standard","meta":{"_monsterinsights_skip_tracking":false,"_monsterinsights_sitenote_active":false,"_monsterinsights_sitenote_note":"","_monsterinsights_sitenote_category":0,"footnotes":""},"categories":[9],"tags":[],"class_list":["post-19443","post","type-post","status-publish","format-standard","has-post-thumbnail","hentry","category-topografia-cadastral"],"yoast_head":"<!-- This site is optimized with the Yoast SEO plugin v26.5 - https:\/\/yoast.com\/wordpress\/plugins\/seo\/ -->\n<title>Planimetria e altimetria: O que s\u00e3o? - Adenilson Giovanini<\/title>\n<meta name=\"description\" content=\"Planimetria e altimetria: descubra qual a diferen\u00e7a entre as mesmas e quais os produtos topogr\u00e1ficos gerados pelas mesmas?\" \/>\n<meta name=\"robots\" content=\"index, follow, max-snippet:-1, max-image-preview:large, max-video-preview:-1\" \/>\n<link rel=\"canonical\" href=\"https:\/\/adenilsongiovanini.com.br\/blog\/planimetria-e-altimetria-o-que-sao\/\" \/>\n<meta property=\"og:locale\" content=\"pt_BR\" \/>\n<meta property=\"og:type\" content=\"article\" \/>\n<meta property=\"og:title\" content=\"Planimetria e altimetria: O que s\u00e3o? - Adenilson Giovanini\" \/>\n<meta property=\"og:description\" content=\"Planimetria e altimetria: descubra qual a diferen\u00e7a entre as mesmas e quais os produtos topogr\u00e1ficos gerados pelas mesmas?\" \/>\n<meta property=\"og:url\" content=\"https:\/\/adenilsongiovanini.com.br\/blog\/planimetria-e-altimetria-o-que-sao\/\" \/>\n<meta property=\"og:site_name\" content=\"Adenilson Giovanini\" \/>\n<meta property=\"article:publisher\" content=\"https:\/\/www.facebook.com\/otopografo\/\" \/>\n<meta property=\"article:author\" content=\"https:\/\/www.facebook.com\/otopografo\/\" \/>\n<meta property=\"article:published_time\" content=\"2021-04-17T15:01:06+00:00\" \/>\n<meta property=\"article:modified_time\" content=\"2023-08-02T00:24:33+00:00\" \/>\n<meta property=\"og:image\" content=\"https:\/\/adenilsongiovanini.com.br\/blog\/wp-content\/uploads\/2021\/04\/levantamento-planialtimetrico-cadastral.jpg\" \/>\n\t<meta property=\"og:image:width\" content=\"1680\" \/>\n\t<meta property=\"og:image:height\" content=\"885\" \/>\n\t<meta property=\"og:image:type\" content=\"image\/jpeg\" \/>\n<meta name=\"author\" content=\"Adenilson Giovanini\" \/>\n<meta name=\"twitter:card\" content=\"summary_large_image\" \/>\n<meta name=\"twitter:label1\" content=\"Escrito por\" \/>\n\t<meta name=\"twitter:data1\" content=\"Adenilson Giovanini\" \/>\n\t<meta name=\"twitter:label2\" content=\"Est. tempo de leitura\" \/>\n\t<meta name=\"twitter:data2\" content=\"7 minutos\" \/>\n<script type=\"application\/ld+json\" class=\"yoast-schema-graph\">{\"@context\":\"https:\/\/schema.org\",\"@graph\":[{\"@type\":\"Article\",\"@id\":\"https:\/\/adenilsongiovanini.com.br\/blog\/planimetria-e-altimetria-o-que-sao\/#article\",\"isPartOf\":{\"@id\":\"https:\/\/adenilsongiovanini.com.br\/blog\/planimetria-e-altimetria-o-que-sao\/\"},\"author\":{\"name\":\"Adenilson Giovanini\",\"@id\":\"https:\/\/adenilsongiovanini.com.br\/blog\/#\/schema\/person\/9c1daa7da73c116aae2cb0568d1daa23\"},\"headline\":\"Planimetria e altimetria: O que s\u00e3o?\",\"datePublished\":\"2021-04-17T15:01:06+00:00\",\"dateModified\":\"2023-08-02T00:24:33+00:00\",\"mainEntityOfPage\":{\"@id\":\"https:\/\/adenilsongiovanini.com.br\/blog\/planimetria-e-altimetria-o-que-sao\/\"},\"wordCount\":987,\"publisher\":{\"@id\":\"https:\/\/adenilsongiovanini.com.br\/blog\/#\/schema\/person\/9c1daa7da73c116aae2cb0568d1daa23\"},\"image\":{\"@id\":\"https:\/\/adenilsongiovanini.com.br\/blog\/planimetria-e-altimetria-o-que-sao\/#primaryimage\"},\"thumbnailUrl\":\"https:\/\/adenilsongiovanini.com.br\/blog\/wp-content\/uploads\/2021\/04\/levantamento-planialtimetrico-cadastral.jpg\",\"articleSection\":[\"Topografia Cadastral\"],\"inLanguage\":\"pt-BR\"},{\"@type\":\"WebPage\",\"@id\":\"https:\/\/adenilsongiovanini.com.br\/blog\/planimetria-e-altimetria-o-que-sao\/\",\"url\":\"https:\/\/adenilsongiovanini.com.br\/blog\/planimetria-e-altimetria-o-que-sao\/\",\"name\":\"Planimetria e altimetria: O que s\u00e3o? - Adenilson Giovanini\",\"isPartOf\":{\"@id\":\"https:\/\/adenilsongiovanini.com.br\/blog\/#website\"},\"primaryImageOfPage\":{\"@id\":\"https:\/\/adenilsongiovanini.com.br\/blog\/planimetria-e-altimetria-o-que-sao\/#primaryimage\"},\"image\":{\"@id\":\"https:\/\/adenilsongiovanini.com.br\/blog\/planimetria-e-altimetria-o-que-sao\/#primaryimage\"},\"thumbnailUrl\":\"https:\/\/adenilsongiovanini.com.br\/blog\/wp-content\/uploads\/2021\/04\/levantamento-planialtimetrico-cadastral.jpg\",\"datePublished\":\"2021-04-17T15:01:06+00:00\",\"dateModified\":\"2023-08-02T00:24:33+00:00\",\"description\":\"Planimetria e altimetria: descubra qual a diferen\u00e7a entre as mesmas e quais os produtos topogr\u00e1ficos gerados pelas mesmas?\",\"breadcrumb\":{\"@id\":\"https:\/\/adenilsongiovanini.com.br\/blog\/planimetria-e-altimetria-o-que-sao\/#breadcrumb\"},\"inLanguage\":\"pt-BR\",\"potentialAction\":[{\"@type\":\"ReadAction\",\"target\":[\"https:\/\/adenilsongiovanini.com.br\/blog\/planimetria-e-altimetria-o-que-sao\/\"]}]},{\"@type\":\"ImageObject\",\"inLanguage\":\"pt-BR\",\"@id\":\"https:\/\/adenilsongiovanini.com.br\/blog\/planimetria-e-altimetria-o-que-sao\/#primaryimage\",\"url\":\"https:\/\/adenilsongiovanini.com.br\/blog\/wp-content\/uploads\/2021\/04\/levantamento-planialtimetrico-cadastral.jpg\",\"contentUrl\":\"https:\/\/adenilsongiovanini.com.br\/blog\/wp-content\/uploads\/2021\/04\/levantamento-planialtimetrico-cadastral.jpg\",\"width\":1680,\"height\":885},{\"@type\":\"BreadcrumbList\",\"@id\":\"https:\/\/adenilsongiovanini.com.br\/blog\/planimetria-e-altimetria-o-que-sao\/#breadcrumb\",\"itemListElement\":[{\"@type\":\"ListItem\",\"position\":1,\"name\":\"Home\",\"item\":\"https:\/\/adenilsongiovanini.com.br\/blog\/\"},{\"@type\":\"ListItem\",\"position\":2,\"name\":\"Planimetria e altimetria: O que s\u00e3o?\"}]},{\"@type\":\"WebSite\",\"@id\":\"https:\/\/adenilsongiovanini.com.br\/blog\/#website\",\"url\":\"https:\/\/adenilsongiovanini.com.br\/blog\/\",\"name\":\"Adenilson Giovanini\",\"description\":\"Topografia e Geotecnologias\",\"publisher\":{\"@id\":\"https:\/\/adenilsongiovanini.com.br\/blog\/#\/schema\/person\/9c1daa7da73c116aae2cb0568d1daa23\"},\"potentialAction\":[{\"@type\":\"SearchAction\",\"target\":{\"@type\":\"EntryPoint\",\"urlTemplate\":\"https:\/\/adenilsongiovanini.com.br\/blog\/?s={search_term_string}\"},\"query-input\":{\"@type\":\"PropertyValueSpecification\",\"valueRequired\":true,\"valueName\":\"search_term_string\"}}],\"inLanguage\":\"pt-BR\"},{\"@type\":[\"Person\",\"Organization\"],\"@id\":\"https:\/\/adenilsongiovanini.com.br\/blog\/#\/schema\/person\/9c1daa7da73c116aae2cb0568d1daa23\",\"name\":\"Adenilson Giovanini\",\"image\":{\"@type\":\"ImageObject\",\"inLanguage\":\"pt-BR\",\"@id\":\"https:\/\/adenilsongiovanini.com.br\/blog\/#\/schema\/person\/image\/\",\"url\":\"https:\/\/adenilsongiovanini.com.br\/blog\/wp-content\/litespeed\/avatar\/be8f4de5c0b8a93c57a4f29cbf2f1e92.jpg?ver=1777130135\",\"contentUrl\":\"https:\/\/adenilsongiovanini.com.br\/blog\/wp-content\/litespeed\/avatar\/be8f4de5c0b8a93c57a4f29cbf2f1e92.jpg?ver=1777130135\",\"caption\":\"Adenilson Giovanini\"},\"logo\":{\"@id\":\"https:\/\/adenilsongiovanini.com.br\/blog\/#\/schema\/person\/image\/\"},\"description\":\"O Professor Adenilson Giovanini \u00e9 especialista em Topografia Cadastral e Georreferenciamento de Im\u00f3veis Rurais. O mesmo possui o Maior Site de Engenharia de Agrimensura do Brasil. Site este que tem mais de 102.000 visualiza\u00e7\u00f5es por m\u00eas. Tamb\u00e9m possui mais de 600 v\u00eddeos em seu canal no youtube. Al\u00e9m disso, \u00e9 escritor Best Seller, possuindo v\u00e1rios cursos e livros de sucesso.\",\"sameAs\":[\"http:\/\/adenilsongiovanini.com.br\",\"https:\/\/www.facebook.com\/otopografo\/\",\"https:\/\/www.instagram.com\/adenilson_giovanini\/\",\"https:\/\/www.linkedin.com\/in\/adenilson-giovanini-819b8035\/\",\"https:\/\/br.pinterest.com\/adenilsongiovanini\/\",\"https:\/\/www.youtube.com\/channel\/uce-br7ghiuog2txcsdx5vrw\"]}]}<\/script>\n<!-- \/ Yoast SEO plugin. -->","yoast_head_json":{"title":"Planimetria e altimetria: O que s\u00e3o? - Adenilson Giovanini","description":"Planimetria e altimetria: descubra qual a diferen\u00e7a entre as mesmas e quais os produtos topogr\u00e1ficos gerados pelas mesmas?","robots":{"index":"index","follow":"follow","max-snippet":"max-snippet:-1","max-image-preview":"max-image-preview:large","max-video-preview":"max-video-preview:-1"},"canonical":"https:\/\/adenilsongiovanini.com.br\/blog\/planimetria-e-altimetria-o-que-sao\/","og_locale":"pt_BR","og_type":"article","og_title":"Planimetria e altimetria: O que s\u00e3o? - Adenilson Giovanini","og_description":"Planimetria e altimetria: descubra qual a diferen\u00e7a entre as mesmas e quais os produtos topogr\u00e1ficos gerados pelas mesmas?","og_url":"https:\/\/adenilsongiovanini.com.br\/blog\/planimetria-e-altimetria-o-que-sao\/","og_site_name":"Adenilson Giovanini","article_publisher":"https:\/\/www.facebook.com\/otopografo\/","article_author":"https:\/\/www.facebook.com\/otopografo\/","article_published_time":"2021-04-17T15:01:06+00:00","article_modified_time":"2023-08-02T00:24:33+00:00","og_image":[{"width":1680,"height":885,"url":"https:\/\/adenilsongiovanini.com.br\/blog\/wp-content\/uploads\/2021\/04\/levantamento-planialtimetrico-cadastral.jpg","type":"image\/jpeg"}],"author":"Adenilson Giovanini","twitter_card":"summary_large_image","twitter_misc":{"Escrito por":"Adenilson Giovanini","Est. tempo de leitura":"7 minutos"},"schema":{"@context":"https:\/\/schema.org","@graph":[{"@type":"Article","@id":"https:\/\/adenilsongiovanini.com.br\/blog\/planimetria-e-altimetria-o-que-sao\/#article","isPartOf":{"@id":"https:\/\/adenilsongiovanini.com.br\/blog\/planimetria-e-altimetria-o-que-sao\/"},"author":{"name":"Adenilson Giovanini","@id":"https:\/\/adenilsongiovanini.com.br\/blog\/#\/schema\/person\/9c1daa7da73c116aae2cb0568d1daa23"},"headline":"Planimetria e altimetria: O que s\u00e3o?","datePublished":"2021-04-17T15:01:06+00:00","dateModified":"2023-08-02T00:24:33+00:00","mainEntityOfPage":{"@id":"https:\/\/adenilsongiovanini.com.br\/blog\/planimetria-e-altimetria-o-que-sao\/"},"wordCount":987,"publisher":{"@id":"https:\/\/adenilsongiovanini.com.br\/blog\/#\/schema\/person\/9c1daa7da73c116aae2cb0568d1daa23"},"image":{"@id":"https:\/\/adenilsongiovanini.com.br\/blog\/planimetria-e-altimetria-o-que-sao\/#primaryimage"},"thumbnailUrl":"https:\/\/adenilsongiovanini.com.br\/blog\/wp-content\/uploads\/2021\/04\/levantamento-planialtimetrico-cadastral.jpg","articleSection":["Topografia Cadastral"],"inLanguage":"pt-BR"},{"@type":"WebPage","@id":"https:\/\/adenilsongiovanini.com.br\/blog\/planimetria-e-altimetria-o-que-sao\/","url":"https:\/\/adenilsongiovanini.com.br\/blog\/planimetria-e-altimetria-o-que-sao\/","name":"Planimetria e altimetria: O que s\u00e3o? - Adenilson Giovanini","isPartOf":{"@id":"https:\/\/adenilsongiovanini.com.br\/blog\/#website"},"primaryImageOfPage":{"@id":"https:\/\/adenilsongiovanini.com.br\/blog\/planimetria-e-altimetria-o-que-sao\/#primaryimage"},"image":{"@id":"https:\/\/adenilsongiovanini.com.br\/blog\/planimetria-e-altimetria-o-que-sao\/#primaryimage"},"thumbnailUrl":"https:\/\/adenilsongiovanini.com.br\/blog\/wp-content\/uploads\/2021\/04\/levantamento-planialtimetrico-cadastral.jpg","datePublished":"2021-04-17T15:01:06+00:00","dateModified":"2023-08-02T00:24:33+00:00","description":"Planimetria e altimetria: descubra qual a diferen\u00e7a entre as mesmas e quais os produtos topogr\u00e1ficos gerados pelas mesmas?","breadcrumb":{"@id":"https:\/\/adenilsongiovanini.com.br\/blog\/planimetria-e-altimetria-o-que-sao\/#breadcrumb"},"inLanguage":"pt-BR","potentialAction":[{"@type":"ReadAction","target":["https:\/\/adenilsongiovanini.com.br\/blog\/planimetria-e-altimetria-o-que-sao\/"]}]},{"@type":"ImageObject","inLanguage":"pt-BR","@id":"https:\/\/adenilsongiovanini.com.br\/blog\/planimetria-e-altimetria-o-que-sao\/#primaryimage","url":"https:\/\/adenilsongiovanini.com.br\/blog\/wp-content\/uploads\/2021\/04\/levantamento-planialtimetrico-cadastral.jpg","contentUrl":"https:\/\/adenilsongiovanini.com.br\/blog\/wp-content\/uploads\/2021\/04\/levantamento-planialtimetrico-cadastral.jpg","width":1680,"height":885},{"@type":"BreadcrumbList","@id":"https:\/\/adenilsongiovanini.com.br\/blog\/planimetria-e-altimetria-o-que-sao\/#breadcrumb","itemListElement":[{"@type":"ListItem","position":1,"name":"Home","item":"https:\/\/adenilsongiovanini.com.br\/blog\/"},{"@type":"ListItem","position":2,"name":"Planimetria e altimetria: O que s\u00e3o?"}]},{"@type":"WebSite","@id":"https:\/\/adenilsongiovanini.com.br\/blog\/#website","url":"https:\/\/adenilsongiovanini.com.br\/blog\/","name":"Adenilson Giovanini","description":"Topografia e Geotecnologias","publisher":{"@id":"https:\/\/adenilsongiovanini.com.br\/blog\/#\/schema\/person\/9c1daa7da73c116aae2cb0568d1daa23"},"potentialAction":[{"@type":"SearchAction","target":{"@type":"EntryPoint","urlTemplate":"https:\/\/adenilsongiovanini.com.br\/blog\/?s={search_term_string}"},"query-input":{"@type":"PropertyValueSpecification","valueRequired":true,"valueName":"search_term_string"}}],"inLanguage":"pt-BR"},{"@type":["Person","Organization"],"@id":"https:\/\/adenilsongiovanini.com.br\/blog\/#\/schema\/person\/9c1daa7da73c116aae2cb0568d1daa23","name":"Adenilson Giovanini","image":{"@type":"ImageObject","inLanguage":"pt-BR","@id":"https:\/\/adenilsongiovanini.com.br\/blog\/#\/schema\/person\/image\/","url":"https:\/\/adenilsongiovanini.com.br\/blog\/wp-content\/litespeed\/avatar\/be8f4de5c0b8a93c57a4f29cbf2f1e92.jpg?ver=1777130135","contentUrl":"https:\/\/adenilsongiovanini.com.br\/blog\/wp-content\/litespeed\/avatar\/be8f4de5c0b8a93c57a4f29cbf2f1e92.jpg?ver=1777130135","caption":"Adenilson Giovanini"},"logo":{"@id":"https:\/\/adenilsongiovanini.com.br\/blog\/#\/schema\/person\/image\/"},"description":"O Professor Adenilson Giovanini \u00e9 especialista em Topografia Cadastral e Georreferenciamento de Im\u00f3veis Rurais. O mesmo possui o Maior Site de Engenharia de Agrimensura do Brasil. Site este que tem mais de 102.000 visualiza\u00e7\u00f5es por m\u00eas. Tamb\u00e9m possui mais de 600 v\u00eddeos em seu canal no youtube. Al\u00e9m disso, \u00e9 escritor Best Seller, possuindo v\u00e1rios cursos e livros de sucesso.","sameAs":["http:\/\/adenilsongiovanini.com.br","https:\/\/www.facebook.com\/otopografo\/","https:\/\/www.instagram.com\/adenilson_giovanini\/","https:\/\/www.linkedin.com\/in\/adenilson-giovanini-819b8035\/","https:\/\/br.pinterest.com\/adenilsongiovanini\/","https:\/\/www.youtube.com\/channel\/uce-br7ghiuog2txcsdx5vrw"]}]}},"amp_enabled":true,"_links":{"self":[{"href":"https:\/\/adenilsongiovanini.com.br\/blog\/wp-json\/wp\/v2\/posts\/19443","targetHints":{"allow":["GET"]}}],"collection":[{"href":"https:\/\/adenilsongiovanini.com.br\/blog\/wp-json\/wp\/v2\/posts"}],"about":[{"href":"https:\/\/adenilsongiovanini.com.br\/blog\/wp-json\/wp\/v2\/types\/post"}],"author":[{"embeddable":true,"href":"https:\/\/adenilsongiovanini.com.br\/blog\/wp-json\/wp\/v2\/users\/1"}],"replies":[{"embeddable":true,"href":"https:\/\/adenilsongiovanini.com.br\/blog\/wp-json\/wp\/v2\/comments?post=19443"}],"version-history":[{"count":0,"href":"https:\/\/adenilsongiovanini.com.br\/blog\/wp-json\/wp\/v2\/posts\/19443\/revisions"}],"wp:featuredmedia":[{"embeddable":true,"href":"https:\/\/adenilsongiovanini.com.br\/blog\/wp-json\/wp\/v2\/media\/19428"}],"wp:attachment":[{"href":"https:\/\/adenilsongiovanini.com.br\/blog\/wp-json\/wp\/v2\/media?parent=19443"}],"wp:term":[{"taxonomy":"category","embeddable":true,"href":"https:\/\/adenilsongiovanini.com.br\/blog\/wp-json\/wp\/v2\/categories?post=19443"},{"taxonomy":"post_tag","embeddable":true,"href":"https:\/\/adenilsongiovanini.com.br\/blog\/wp-json\/wp\/v2\/tags?post=19443"}],"curies":[{"name":"wp","href":"https:\/\/api.w.org\/{rel}","templated":true}]}}