{"id":19296,"date":"2021-04-10T18:06:41","date_gmt":"2021-04-10T18:06:41","guid":{"rendered":"https:\/\/adenilsongiovanini.com.br\/blog\/?p=19296"},"modified":"2022-08-11T11:52:40","modified_gmt":"2022-08-11T11:52:40","slug":"parcelamento-de-solo-tudo-que-voce-precisa-saber-a-respeito","status":"publish","type":"post","link":"https:\/\/adenilsongiovanini.com.br\/blog\/parcelamento-de-solo-tudo-que-voce-precisa-saber-a-respeito\/","title":{"rendered":"Parcelamento de solo: O Guia Definitivo!"},"content":{"rendered":"<p><span style=\"font-family: arial, helvetica, sans-serif; font-size: 20px; color: #000000;\">O que \u00e9 o <strong>parcelamento de solo<\/strong>? Onde que o mesmo pode ser feito? Quais s\u00e3o os \u00f3rg\u00e3os envolvidos? Quando que o mesmo \u00e9 proibido e qual a legisla\u00e7\u00e3o a respeito?<\/span><\/p>\n<p><span style=\"font-family: arial, helvetica, sans-serif; font-size: 20px; color: #000000;\">Neste post eu irei responder estas perguntas.<\/span><\/p>\n<p>&nbsp;<\/p>\n<h2 style=\"text-align: center;\"><strong><span style=\"font-family: arial, helvetica, sans-serif; font-size: 24px; color: #000000;\">O que \u00e9 o parcelamento de solo?<\/span><\/strong><\/h2>\n<p>&nbsp;<\/p>\n<p><img decoding=\"async\" class=\"aligncenter size-large wp-image-18082\" src=\"https:\/\/adenilsongiovanini.com.br\/blog\/wp-content\/uploads\/2020\/10\/Desmembramento-1024x416.png\" alt=\"desmembramento e parcelamento de solo\" width=\"1024\" height=\"416\" srcset=\"https:\/\/adenilsongiovanini.com.br\/blog\/wp-content\/uploads\/2020\/10\/Desmembramento-1024x416.png 1024w, https:\/\/adenilsongiovanini.com.br\/blog\/wp-content\/uploads\/2020\/10\/Desmembramento-300x122.png 300w, https:\/\/adenilsongiovanini.com.br\/blog\/wp-content\/uploads\/2020\/10\/Desmembramento-768x312.png 768w, https:\/\/adenilsongiovanini.com.br\/blog\/wp-content\/uploads\/2020\/10\/Desmembramento-1536x625.png 1536w, https:\/\/adenilsongiovanini.com.br\/blog\/wp-content\/uploads\/2020\/10\/Desmembramento-610x248.png 610w, https:\/\/adenilsongiovanini.com.br\/blog\/wp-content\/uploads\/2020\/10\/Desmembramento.png 1871w\" sizes=\"(max-width: 1024px) 100vw, 1024px\" \/><\/p>\n<p>&nbsp;<\/p>\n<p><span style=\"font-family: arial, helvetica, sans-serif; font-size: 20px; color: #000000;\">O <strong>parcelamento de solo<\/strong> nada mais \u00e9 do que a divis\u00e3o da terra em unidades juridicamente independentes.<\/span><\/p>\n<p><span style=\"font-family: arial, helvetica, sans-serif; font-size: 20px; color: #000000;\">A lei existente a respeito desta tem\u00e1tica \u00e9 a l<span style=\"color: #0000ff;\"><a style=\"color: #0000ff;\" href=\"http:\/\/www.planalto.gov.br\/ccivil_03\/leis\/l6766.htm#:~:text=L6766&amp;text=Disp%C3%B5e%20sobre%20o%20Parcelamento%20do,eu%20sanciono%20a%20seguinte%20Lei%3A&amp;text=O%20parcelamento%20do%20solo%20para%20fins%20urbanos%20ser%C3%A1%20regido%20por%20esta%20Lei.\">ei 6.766 de 19 de dezembro de 1979<\/a><\/span>. A mesma disp\u00f5e sobre o parcelamento de solo e d\u00e1 outras provid\u00eancias.<\/span><\/p>\n<p><span style=\"font-family: arial, helvetica, sans-serif; font-size: 20px; color: #000000;\">No par\u00e1grafo \u00fanico de seu 1\u00ba artigo a mesma tr\u00e1s o seguinte texto:<\/span><\/p>\n<blockquote style=\"border: 2px double #009900; background: #f0fff0 none repeat scroll 0% 0%; -moz-background-clip: -moz-initial; -moz-background-origin: -moz-initial; -moz-background-inline-policy: -moz-initial; color: #323232; padding-left: 15px; padding-top: 10px; padding-bottom: 10px;\"><p><span style=\"font-size: 20px; font-family: arial, helvetica, sans-serif; color: #000000;\">Os Estados, o Distrito Federal e os Munic\u00edpios poder\u00e3o estabelecer normas complementares relativas ao parcelamento de solo municipal para adequar o previsto nesta Lei \u00e0s peculiaridades regionais e locais.<\/span><\/p><\/blockquote>\n<p><span style=\"font-family: arial, helvetica, sans-serif; font-size: 20px; color: #000000;\">A presen\u00e7a deste texto foi necess\u00e1ria, pois cada munic\u00edpio possui suas pr\u00f3prias caracter\u00edsticas, sendo imposs\u00edvel para uma lei de ambito nacional, se adequar as mesmas.<\/span><\/p>\n<p><span style=\"font-family: arial, helvetica, sans-serif; font-size: 20px; color: #000000;\">Por exemplo, o per\u00edmetro urbano de cada munic\u00edpio possui uma <\/span><span style=\"font-family: arial, helvetica, sans-serif; font-size: 20px; color: #0000ff;\"><a style=\"color: #0000ff;\" href=\"https:\/\/adenilsongiovanini.com.br\/blog\/category\/topografia-cadastral\/\">topografia<\/a><\/span><span style=\"font-family: arial, helvetica, sans-serif; font-size: 20px; color: #000000;\"> \u00fanica, o que faz com que o mesmo tenha uma distribui\u00e7\u00e3o espacial tamb\u00e9m \u00fanica.<\/span><\/p>\n<p><span style=\"font-family: arial, helvetica, sans-serif; font-size: 20px; color: #000000;\">A predomin\u00e2ncia do uso do solo urbano tamb\u00e9m varia de munic\u00edpio para munic\u00edpio. <\/span><span style=\"font-family: arial, helvetica, sans-serif; font-size: 20px; color: #000000;\">Temos, por exemplo, munic\u00edpios nos quais o turismo \u00e9 a atividade predominante. Em outros munic\u00edpios \u00e9 o com\u00e9rcio ou a ind\u00fastria a atividade predominante. <\/span><\/p>\n<p><span style=\"font-family: arial, helvetica, sans-serif; font-size: 20px; color: #000000;\">Desta maneira, o munic\u00edpio, atrav\u00e9s do <span style=\"color: #0000ff;\"><a style=\"color: #0000ff;\" href=\"https:\/\/www.politize.com.br\/plano-diretor-como-e-feito\/\">plano diretor<\/a><\/span> \u00e9 que definir\u00e1 o parcelamento de solo urbano.<\/span><\/p>\n<p>&nbsp;<\/p>\n<h2 style=\"text-align: center;\"><span style=\"font-family: arial, helvetica, sans-serif; font-size: 24px; color: #000000;\"><strong>Onde que o parcelamento de solo pode ser feito?<\/strong> <\/span><\/h2>\n<p><img decoding=\"async\" class=\"aligncenter wp-image-4270 size-large\" src=\"https:\/\/adenilsongiovanini.com.br\/blog\/wp-content\/uploads\/2019\/12\/planta-de-loteamento-780x306.jpg\" alt=\"planta de loteamento\" width=\"780\" height=\"306\" srcset=\"https:\/\/adenilsongiovanini.com.br\/blog\/wp-content\/uploads\/2019\/12\/planta-de-loteamento-780x306.jpg 780w, https:\/\/adenilsongiovanini.com.br\/blog\/wp-content\/uploads\/2019\/12\/planta-de-loteamento-300x118.jpg 300w, https:\/\/adenilsongiovanini.com.br\/blog\/wp-content\/uploads\/2019\/12\/planta-de-loteamento-768x302.jpg 768w, https:\/\/adenilsongiovanini.com.br\/blog\/wp-content\/uploads\/2019\/12\/planta-de-loteamento.jpg 980w\" sizes=\"(max-width: 780px) 100vw, 780px\" \/><\/p>\n<p><span style=\"font-family: arial, helvetica, sans-serif; font-size: 20px; color: #000000;\">O parcelamento de solo pode ser feito tanto em \u00e1reas urbanas, como em \u00e1reas rurais.<\/span><\/p>\n<p><span style=\"font-family: arial, helvetica, sans-serif; font-size: 20px; color: #000000;\">Todos os munic\u00edpios brasileiros possuem ambas as \u00e1reas, sendo que o limite do per\u00edmetro urbano \u00e9 definido pela legisla\u00e7\u00e3o municipal.<\/span><\/p>\n<p><span style=\"font-family: arial, helvetica, sans-serif; font-size: 20px; color: #000000;\">Este per\u00edmetro n\u00e3o \u00e9 fixo, podendo sofrer mudan\u00e7as a qualquer momento.<\/span><\/p>\n<p><span style=\"font-family: arial, helvetica, sans-serif; font-size: 20px; color: #000000;\">Para isso, \u00e9 necess\u00e1rio a solicita\u00e7\u00e3o junto ao incra da mudan\u00e7a do uso do solo de rural para o urbano.<\/span><\/p>\n<p>&nbsp;<\/p>\n<h2 style=\"text-align: center;\"><strong><span style=\"font-family: arial, helvetica, sans-serif; font-size: 24px; color: #000000;\">Quais s\u00e3o os \u00f3rg\u00e3os envolvidos no parcelamento?<\/span><\/strong><\/h2>\n<p><img decoding=\"async\" class=\"aligncenter wp-image-4265 size-large\" src=\"https:\/\/adenilsongiovanini.com.br\/blog\/wp-content\/uploads\/2019\/12\/Planta-de-loteamento-1-780x620.jpg\" alt=\"parcelamento de solo - planta de loteamento 2\" width=\"780\" height=\"620\" srcset=\"https:\/\/adenilsongiovanini.com.br\/blog\/wp-content\/uploads\/2019\/12\/Planta-de-loteamento-1-780x620.jpg 780w, https:\/\/adenilsongiovanini.com.br\/blog\/wp-content\/uploads\/2019\/12\/Planta-de-loteamento-1-300x238.jpg 300w, https:\/\/adenilsongiovanini.com.br\/blog\/wp-content\/uploads\/2019\/12\/Planta-de-loteamento-1-768x610.jpg 768w, https:\/\/adenilsongiovanini.com.br\/blog\/wp-content\/uploads\/2019\/12\/Planta-de-loteamento-1.jpg 1092w\" sizes=\"(max-width: 780px) 100vw, 780px\" \/><\/p>\n<p><span style=\"font-family: arial, helvetica, sans-serif; font-size: 20px; color: #000000;\">O <span style=\"color: #0000ff;\"><a style=\"color: #0000ff;\" href=\"https:\/\/www.gov.br\/incra\/pt-br\">INCRA<\/a><\/span> \u00e9 o \u00f3rg\u00e3o respons\u00e1vel por garantir que os im\u00f3veis rurais estejam cumprindo sua fun\u00e7\u00e3o social, ou seja, que todos os im\u00f3veis rurais do pais estejam sendo produtivos.<\/span><\/p>\n<p><span style=\"font-family: arial, helvetica, sans-serif; font-size: 20px; color: #000000;\">Caso contr\u00e1rio, o INCRA far\u00e1 a reforma agr\u00e1ria, passando a <span style=\"color: #0000ff;\"><a href=\"https:\/\/adenilsongiovanini.com.br\/blog\/diferenca-entre-posse-e-propriedade\/\" style=\"color: #0000ff;\">propriedade<\/a><\/span> do im\u00f3vel para uma pessoa que torne o mesmo produtivo.<\/span><\/p>\n<p><span style=\"font-family: arial, helvetica, sans-serif; font-size: 20px; color: #000000;\">Todos os im\u00f3veis rurais do pais devem estarem cadastrados no <span style=\"color: #0000ff;\"><a style=\"color: #0000ff;\" href=\"https:\/\/sncr.serpro.gov.br\/sncr-web\/public\/pages\/security\/login.jsf?windowId=6ce\">Sistema Nacional de Cadastro Rural (SNCR)<\/a><span style=\"color: #000000;\">, que \u00e9 o cadastro utilizado pelo INCRA.<\/span><\/span><\/span><\/p>\n<p><span style=\"font-family: arial, helvetica, sans-serif; font-size: 20px; color: #000000;\">Al\u00e9m do INCRA e de seu cadastro, o SNCR, quando se fala em im\u00f3veis rurais, o outro \u00f3rg\u00e3o envolvido \u00e9 <span style=\"color: #0000ff;\"><a style=\"color: #0000ff;\" href=\"https:\/\/www.irib.org.br\/\">Instituto de Registro Imobili\u00e1rio do Brasil (IRIB)<\/a><\/span> representado nos munic\u00edpios pelos tabelionatos de registro de im\u00f3veis, sendo que a fun\u00e7\u00e3o do IRIB \u00e9 garantir o direito a propriedade.<\/span><\/p>\n<p><span style=\"font-family: arial, helvetica, sans-serif; font-size: 20px; color: #000000;\">Todas as propriedades imobili\u00e1rias do pais, quer sejam urbanas ou rurais, devem estarem cadastradas no cadastro do IRIB, possuindo <span style=\"color: #0000ff;\"><a style=\"color: #0000ff;\" href=\"https:\/\/adenilsongiovanini.com.br\/blog\/matricula-de-imovel\/\">matricula<\/a><\/span> pr\u00f3pria.<\/span><\/p>\n<p><span style=\"font-size: 20px; font-family: arial, helvetica, sans-serif; color: #000000;\">\u00c9 o registro junto ao IRIB que garante a propriedade imobili\u00e1ria do im\u00f3vel.<\/span><\/p>\n<p><span style=\"font-size: 20px; font-family: arial, helvetica, sans-serif; color: #000000;\">Perceba que s\u00e3o \u00f3rg\u00e3os distintos com fun\u00e7\u00f5es e cadastros distintos.<\/span><\/p>\n<p><span style=\"color: #000000; font-family: arial, helvetica, sans-serif; font-size: 20px;\">Desta maneira, sempre que um im\u00f3vel rural mudar de agr\u00edcola para urbano, tal altera\u00e7\u00e3o deve ser informada ao INCRA. <\/span><span style=\"color: #000000; font-family: arial, helvetica, sans-serif; font-size: 20px;\">Da mesma maneira, toda mudan\u00e7a realizada no per\u00edmetro urbano, precisa ser autorizada por um profissional do INCRA.<\/span><\/p>\n<p><span style=\"color: #000000; font-family: arial, helvetica, sans-serif; font-size: 20px;\">No caso do per\u00edmetro urbano, o <span style=\"color: #0000ff;\"><a href=\"https:\/\/adenilsongiovanini.com.br\/blog\/parcelamento-urbano-o-que-e-e-como-fazer\/\" style=\"color: #0000ff;\">parcelamento de \u00e1reas urbanas<\/a><\/span> envolve a prefeitura e o registro de im\u00f3veis. A primeira etapa do parcelamento do solo urbano consiste na obten\u00e7\u00e3o da <span style=\"color: #0000ff;\"><a style=\"color: #0000ff;\" href=\"https:\/\/app.habitacao.sp.gov.br\/ManualGraprohab\/8ModelosdeCertidaodeConformidade.html\">certid\u00e3o de aprova\u00e7\u00e3o do desmembramento<\/a><\/span> emitida pela prefeitura.<\/span><\/p>\n<p><span style=\"color: #000000; font-family: arial, helvetica, sans-serif; font-size: 20px;\">Para conseguir a mesma, o propriet\u00e1rio precisar\u00e1 apresentar a <span style=\"color: #0000ff;\"><a style=\"color: #0000ff;\" href=\"https:\/\/adenilsongiovanini.com.br\/blog\/planta-topografica-aprenda-a-produzir-na-pratica\/\">planta<\/a><\/span> e o <span style=\"color: #0000ff;\"><a style=\"color: #0000ff;\" href=\"https:\/\/adenilsongiovanini.com.br\/blog\/memorial-descritivo-topografia\/\">memorial descritivo<\/a><\/span> do im\u00f3vel. <\/span><\/p>\n<p><span style=\"color: #000000; font-family: arial, helvetica, sans-serif; font-size: 20px;\">Se o parcelamento respeitar a legisla\u00e7\u00e3o municipal, o mesmo conseguir\u00e1 a certid\u00e3o de aprova\u00e7\u00e3o do desmembramento.<\/span><\/p>\n<p><span style=\"color: #000000; font-family: arial, helvetica, sans-serif; font-size: 20px;\">Somente tendo a mesma em m\u00e3os \u00e9 que o propriet\u00e1rio poder\u00e1 ir at\u00e9 o registro de im\u00f3veis, solicitar o parcelamento de seu im\u00f3vel. <\/span><\/p>\n<p>&nbsp;<\/p>\n<h2 style=\"text-align: center;\"><strong><span style=\"font-family: arial, helvetica, sans-serif; font-size: 24px; color: #000000;\">Quando que o parcelamento de solo \u00e9 proibido?<\/span><\/strong><\/h2>\n<p><img decoding=\"async\" class=\"aligncenter size-full wp-image-4304\" src=\"https:\/\/adenilsongiovanini.com.br\/blog\/wp-content\/uploads\/2019\/12\/lei-loteamento.jpg\" alt=\"lei sobre loteamento\" width=\"750\" height=\"360\" srcset=\"https:\/\/adenilsongiovanini.com.br\/blog\/wp-content\/uploads\/2019\/12\/lei-loteamento.jpg 750w, https:\/\/adenilsongiovanini.com.br\/blog\/wp-content\/uploads\/2019\/12\/lei-loteamento-300x144.jpg 300w\" sizes=\"(max-width: 750px) 100vw, 750px\" \/><\/p>\n<p><span style=\"font-family: arial, helvetica, sans-serif; font-size: 20px; color: #000000;\">Para que o parcelamento de solo possa ser feito, o mesmo precisa respeitar a legisla\u00e7\u00e3o vigente.<\/span><\/p>\n<p><span style=\"font-family: arial, helvetica, sans-serif; font-size: 20px; color: #000000;\">Por exemplo, a \u00e1rea dos im\u00f3veis resultantes n\u00e3o pode ser menor do que a fra\u00e7\u00e3o m\u00ednima de parcelamento. No caso dos im\u00f3veis rurais, a fra\u00e7\u00e3o m\u00ednima de parcelamento \u00e9 igual ao modulo fiscal do munic\u00edpio.<\/span><\/p>\n<p><span style=\"font-family: arial, helvetica, sans-serif; font-size: 20px; color: #000000;\">No caso dos im\u00f3veis urbanos, a lei 6.766 (lei do parcelamento do solo) definiu que a fra\u00e7\u00e3o m\u00ednima de parcelamento \u00e9 de 125 m\u00b2, por\u00e9m, abriu uma cl\u00e1usula, permitindo que caso fosse necess\u00e1rio, este valor pudesse ser modificado pela legisla\u00e7\u00e3o municipal.<\/span><\/p>\n<p><span style=\"font-family: arial, helvetica, sans-serif; font-size: 20px; color: #000000;\">Ou seja, na pr\u00e1tica, voc\u00ea precisar\u00e1 se informar juntamente a prefeitura para saber qual \u00e9 a fra\u00e7\u00e3o m\u00ednima de parcelamento.<\/span><\/p>\n<p><span style=\"font-family: arial, helvetica, sans-serif; font-size: 20px; color: #000000;\">Al\u00e9m da a fra\u00e7\u00e3o m\u00ednima de parcelamento, a outra informa\u00e7\u00e3o que voc\u00ea precisa cuidar \u00e9 o tamanho da testada do im\u00f3vel, que \u00e9 o comprimento da frente do im\u00f3vel.<\/span><\/p>\n<p><span style=\"font-family: arial, helvetica, sans-serif; font-size: 20px; color: #000000;\">Ou seja, voc\u00ea tamb\u00e9m precisar\u00e1 se informar juntamente a prefeitura para saber qual \u00e9 o tamanho m\u00ednimo da fachada.<\/span><\/p>\n<p><span style=\"font-family: arial, helvetica, sans-serif; font-size: 20px; color: #000000;\">Al\u00e9m disso, muitos munic\u00edpios possuem diferentes legisla\u00e7\u00f5es de fra\u00e7\u00f5es m\u00ednimas e m\u00e1ximas de parcelamento de acordo com o <span style=\"color: #0000ff;\"><a style=\"color: #0000ff;\" href=\"https:\/\/pt.wikipedia.org\/wiki\/Zoneamento#:~:text=Zoneamento%20%C3%A9%20um%20tradicional%20instrumento,espa%C3%A7o%20urbano%2C%20tais%20como%20as\">zoneamento urbano<\/a><\/span>.<\/span><\/p>\n<p><span style=\"font-family: arial, helvetica, sans-serif; font-size: 20px; color: #000000;\">Com isso, normalmente s\u00e3o mais restritivos em regi\u00f5es de moradia, possibilitando lotes de maior tamanho em regi\u00f5es industriais e de com\u00e9rcio.<\/span><\/p>\n<p><span style=\"font-family: arial, helvetica, sans-serif; font-size: 20px; color: #000000;\">No que se refere a lei 6.766, em seu artigo 3\u00ba, a mesma trouxe uma s\u00e9rie de proibi\u00e7\u00f5es a respeito do parcelamento de solo urbano. S\u00e3o elas:<\/span><\/p>\n<blockquote style=\"border: 2px double #009900; background: #f0fff0 none repeat scroll 0% 0%; -moz-background-clip: -moz-initial; -moz-background-origin: -moz-initial; -moz-background-inline-policy: -moz-initial; color: #323232; padding-left: 15px; padding-top: 10px; padding-bottom: 10px;\">\n<p class=\"p5\" align=\"justify\"><span style=\"font-family: Arial; font-size: 20px; color: #000000;\">I &#8211; em terrenos alagadi\u00e7os e sujeitos a inunda\u00e7\u00f5es, antes de tomadas as provid\u00eancias para assegurar o escoamento das \u00e1guas;<\/span><\/p>\n<p class=\"p5\" align=\"justify\"><span style=\"font-family: Arial; font-size: 20px; color: #000000;\">Il &#8211; em terrenos que tenham sido aterrados com material nocivo \u00e0 sa\u00fade p\u00fablica, sem que sejam previamente saneados;<\/span><\/p>\n<p class=\"p5\" align=\"justify\"><span style=\"font-family: Arial; font-size: 20px; color: #000000;\">III &#8211; em terrenos com declividade igual ou superior a 30% (trinta por cento), salvo se atendidas exig\u00eancias espec\u00edficas das autoridades competentes;<\/span><\/p>\n<p class=\"p5\" align=\"justify\"><span style=\"font-family: Arial; font-size: 20px; color: #000000;\">IV &#8211; em terrenos onde as condi\u00e7\u00f5es geol\u00f3gicas n\u00e3o aconselham a edifica\u00e7\u00e3o;<\/span><\/p>\n<p class=\"p5\" align=\"justify\"><span style=\"font-family: Arial; font-size: 20px; color: #000000;\">V &#8211; em \u00e1reas de preserva\u00e7\u00e3o ecol\u00f3gica ou naquelas onde a polui\u00e7\u00e3o impe\u00e7a condi\u00e7\u00f5es sanit\u00e1rias suport\u00e1veis, at\u00e9 a sua corre\u00e7\u00e3o.<\/span><\/p>\n<\/blockquote>\n<p>&nbsp;<\/p>\n<p>&nbsp;<\/p>\n<p style=\"text-align: center;\"><strong><span style=\"font-size: 24px; font-family: arial, helvetica, sans-serif; color: #000000;\">Quais os tipos de parcelamento existentes<\/span><\/strong><\/p>\n<p><img decoding=\"async\" class=\"aligncenter wp-image-19297 size-large\" src=\"https:\/\/adenilsongiovanini.com.br\/blog\/wp-content\/uploads\/2021\/04\/parcelamento-do-solo-780x439.jpg\" alt=\"tipos de parcelamento do solo\" width=\"780\" height=\"439\" srcset=\"https:\/\/adenilsongiovanini.com.br\/blog\/wp-content\/uploads\/2021\/04\/parcelamento-do-solo-780x439.jpg 780w, https:\/\/adenilsongiovanini.com.br\/blog\/wp-content\/uploads\/2021\/04\/parcelamento-do-solo-300x169.jpg 300w, https:\/\/adenilsongiovanini.com.br\/blog\/wp-content\/uploads\/2021\/04\/parcelamento-do-solo-768x432.jpg 768w, https:\/\/adenilsongiovanini.com.br\/blog\/wp-content\/uploads\/2021\/04\/parcelamento-do-solo-383x215.jpg 383w, https:\/\/adenilsongiovanini.com.br\/blog\/wp-content\/uploads\/2021\/04\/parcelamento-do-solo-1024x576.jpg 1024w, https:\/\/adenilsongiovanini.com.br\/blog\/wp-content\/uploads\/2021\/04\/parcelamento-do-solo-320x180.jpg 320w, https:\/\/adenilsongiovanini.com.br\/blog\/wp-content\/uploads\/2021\/04\/parcelamento-do-solo-640x360.jpg 640w, https:\/\/adenilsongiovanini.com.br\/blog\/wp-content\/uploads\/2021\/04\/parcelamento-do-solo-360x202.jpg 360w, https:\/\/adenilsongiovanini.com.br\/blog\/wp-content\/uploads\/2021\/04\/parcelamento-do-solo-720x405.jpg 720w, https:\/\/adenilsongiovanini.com.br\/blog\/wp-content\/uploads\/2021\/04\/parcelamento-do-solo-1080x607.jpg 1080w, https:\/\/adenilsongiovanini.com.br\/blog\/wp-content\/uploads\/2021\/04\/parcelamento-do-solo-800x450.jpg 800w, https:\/\/adenilsongiovanini.com.br\/blog\/wp-content\/uploads\/2021\/04\/parcelamento-do-solo.jpg 1170w\" sizes=\"(max-width: 780px) 100vw, 780px\" \/><\/p>\n<p><span style=\"font-family: arial, helvetica, sans-serif; font-size: 20px; color: #000000;\">Em seu artigo 2\u00ba, a lei do parcelamento de solo informa que:<\/span><\/p>\n<blockquote style=\"border: 2px double #009900; background: #f0fff0 none repeat scroll 0% 0%; -moz-background-clip: -moz-initial; -moz-background-origin: -moz-initial; -moz-background-inline-policy: -moz-initial; color: #323232; padding-left: 15px; padding-top: 10px; padding-bottom: 10px;\">\n<p class=\"p5\" align=\"justify\"><span style=\"font-size: 20px; color: #000000; font-family: arial, helvetica, sans-serif;\">O parcelamento de solo urbano poder\u00e1 ser feito mediante loteamento ou <span style=\"color: #0000ff;\"><a style=\"color: #0000ff;\" href=\"https:\/\/adenilsongiovanini.com.br\/blog\/category\/desmembramento\/\">desmembramento<\/a><\/span>, observadas as disposi\u00e7\u00f5es desta Lei e as das legisla\u00e7\u00f5es estaduais e municipais pertinentes.<\/span><\/p>\n<\/blockquote>\n<p><span style=\"font-family: arial, helvetica, sans-serif; font-size: 20px; color: #000000;\">Informando ainda que:<\/span><\/p>\n<blockquote style=\"border: 2px double #009900; background: #f0fff0 none repeat scroll 0% 0%; -moz-background-clip: -moz-initial; -moz-background-origin: -moz-initial; -moz-background-inline-policy: -moz-initial; color: #323232; padding-left: 15px; padding-top: 10px; padding-bottom: 10px;\">\n<p class=\"p13\" align=\"justify\"><span style=\"font-size: 20px; color: #000000;\"><span style=\"font-family: Arial;\">\u00a7 <\/span><span style=\"font-family: Arial;\"><\/span><span style=\"font-family: Arial;\">1<\/span><span style=\"font-family: Arial;\"><sup><u>o<\/u><\/sup><\/span><span style=\"font-family: Arial;\"><sup><u><\/u><\/sup><\/span><span style=\"font-family: Arial;\"> Considera-se loteamento a subdivis\u00e3o de gleba em lotes destinados a edifica\u00e7\u00e3o, com abertura de novas vias de circula\u00e7\u00e3o, de logradouros p\u00fablicos ou prolongamento, modifica\u00e7\u00e3o ou amplia\u00e7\u00e3o das vias existentes.<\/span><\/span><\/p>\n<p class=\"p13\" align=\"justify\"><span style=\"font-size: 20px; color: #000000;\"><span style=\"font-family: Arial;\">\u00a7 <\/span><span style=\"font-family: Arial;\"><\/span><span style=\"font-family: Arial;\">2<\/span><span style=\"font-family: Arial;\"><sup><u>o<\/u><\/sup><\/span><span style=\"font-family: Arial;\"><sup><u><\/u><\/sup><\/span><span style=\"font-family: Arial;\"> Considera-se desmembramento a subdivis\u00e3o de gleba em lotes destinados a edifica\u00e7\u00e3o, com aproveitamento do sistema vi\u00e1rio existente, desde que n\u00e3o implique na abertura de novas vias e logradouros p\u00fablicos, nem no prolongamento, modifica\u00e7\u00e3o ou amplia\u00e7\u00e3o dos j\u00e1 existentes.<\/span><\/span><\/p>\n<p align=\"JUSTIFY\"><span style=\"font-size: 20px; color: #000000;\"><span style=\"font-family: Arial;\"><span style=\"font-size: 20px; color: #000000;\">\u00a7 4<sup><u>o<\/u><\/sup><sup><u><\/u><\/sup><u><\/u><u><\/u> Considera-se lote o terreno servido de infra-estrutura b\u00e1sica cujas dimens\u00f5es atendam aos \u00edndices urban\u00edsticos definidos pelo plano diretor ou lei municipal para a zona em que se situe.<\/span> <\/span><span style=\"font-family: Arial; color: #0000ff;\"><em><a style=\"color: #0000ff;\" href=\"http:\/\/www.planalto.gov.br\/ccivil_03\/leis\/L9785.htm#art3\">(Inclu\u00eddo pela Lei n\u00ba 9.785, de 1999)<\/a><\/em><\/span><\/span><\/p>\n<p align=\"JUSTIFY\"><span style=\"font-family: Arial; font-size: 20px; color: #000000;\">\u00a7 5<u><sup>o<\/sup><\/u><u><sup><\/sup><\/u><u><\/u><u><\/u> A infra-estrutura b\u00e1sica dos parcelamentos \u00e9 constitu\u00edda pelos equipamentos urbanos de escoamento das \u00e1guas pluviais, ilumina\u00e7\u00e3o p\u00fablica, esgotamento sanit\u00e1rio, abastecimento de \u00e1gua pot\u00e1vel, energia el\u00e9trica p\u00fablica e domiciliar e vias de circula\u00e7\u00e3o. <a style=\"color: #000000;\" href=\"http:\/\/www.planalto.gov.br\/ccivil_03\/_Ato2007-2010\/2007\/Lei\/L11445.htm#art55\">(<span style=\"color: #0000ff;\">Reda\u00e7\u00e3o dada pela Lei n\u00ba 11.445, de 2007).<\/span><\/a> <\/span><\/p>\n<\/blockquote>\n<p class=\"texto2\" align=\"justify\">\n<p><span style=\"font-family: arial, helvetica, sans-serif; font-size: 20px; color: #000000;\">V\u00eddeo a respeito do assunto.<\/span><\/p>\n<p><center><iframe width=\"853\" height=\"480\" title=\"YouTube video player\" src=\"https:\/\/www.youtube.com\/embed\/D1mRFPE7ADc\" frameborder=\"0\" allowfullscreen=\"allowfullscreen\"><\/iframe><\/center><\/p>\n<p><span style=\"font-family: arial, helvetica, sans-serif; font-size: 20px; color: #000000;\">\u00c9 isso por este artigo. <\/span><\/p>\n<p><span style=\"font-family: arial, helvetica, sans-serif; font-size: 20px; color: #000000;\"> Gratid\u00e3o por voc\u00ea ter lido o mesmo. \ud83d\ude4f<\/span><\/p>\n<p>&nbsp;<\/p>\n<p>&nbsp;<\/p>\n<h2 style=\"text-align: center;\"><span style=\"font-family: arial, helvetica, sans-serif; color: #000000; font-size: 24px;\"><strong>Domine a Topografia Cadastral atrav\u00e9s de um livro formado por centenas de exemplos pr\u00e1ticos <\/strong><\/span><\/h2>\n<h2 style=\"text-align: center;\"><span style=\"font-size: 20px;\"><a href=\"https:\/\/adenilsongiovanini.com.br\/georreferenciamento-de-imoveis-rurais-na-pratica\/\" rel=\"nofollow noreferrer\"><img decoding=\"async\" class=\"aligncenter size-large wp-image-19317\" src=\"https:\/\/adenilsongiovanini.com.br\/blog\/wp-content\/uploads\/2021\/04\/livro-de-topografia-e-georreferenciamento-1024x474.png\" sizes=\"(max-width: 1024px) 100vw, 1024px\" srcset=\"https:\/\/adenilsongiovanini.com.br\/blog\/wp-content\/uploads\/2021\/04\/livro-de-topografia-e-georreferenciamento-1024x474.png 1024w, https:\/\/adenilsongiovanini.com.br\/blog\/wp-content\/uploads\/2021\/04\/livro-de-topografia-e-georreferenciamento-300x139.png 300w, https:\/\/adenilsongiovanini.com.br\/blog\/wp-content\/uploads\/2021\/04\/livro-de-topografia-e-georreferenciamento-768x355.png 768w, https:\/\/adenilsongiovanini.com.br\/blog\/wp-content\/uploads\/2021\/04\/livro-de-topografia-e-georreferenciamento-1536x711.png 1536w, https:\/\/adenilsongiovanini.com.br\/blog\/wp-content\/uploads\/2021\/04\/livro-de-topografia-e-georreferenciamento-320x148.png 320w, https:\/\/adenilsongiovanini.com.br\/blog\/wp-content\/uploads\/2021\/04\/livro-de-topografia-e-georreferenciamento-640x296.png 640w, https:\/\/adenilsongiovanini.com.br\/blog\/wp-content\/uploads\/2021\/04\/livro-de-topografia-e-georreferenciamento-360x167.png 360w, https:\/\/adenilsongiovanini.com.br\/blog\/wp-content\/uploads\/2021\/04\/livro-de-topografia-e-georreferenciamento-720x333.png 720w, https:\/\/adenilsongiovanini.com.br\/blog\/wp-content\/uploads\/2021\/04\/livro-de-topografia-e-georreferenciamento-1080x500.png 1080w, https:\/\/adenilsongiovanini.com.br\/blog\/wp-content\/uploads\/2021\/04\/livro-de-topografia-e-georreferenciamento-800x370.png 800w, https:\/\/adenilsongiovanini.com.br\/blog\/wp-content\/uploads\/2021\/04\/livro-de-topografia-e-georreferenciamento-1280x592.png 1280w, https:\/\/adenilsongiovanini.com.br\/blog\/wp-content\/uploads\/2021\/04\/livro-de-topografia-e-georreferenciamento.png 1565w\" alt=\"livro de topografia e georreferenciamento\" width=\"1024\" height=\"474\" \/><\/a><\/span><\/h2>\n<p><span style=\"font-family: arial, helvetica, sans-serif; font-size: 20px; color: #000000;\">Voc\u00ea quer dominar a Topografia Cadastral?<\/span><\/p>\n<p><span style=\"font-family: arial, helvetica, sans-serif; font-size: 20px; color: #000000;\">Ent\u00e3o eu tenho uma \u00f3tima noticia para voc\u00ea. Me refiro ao <span style=\"color: #0000ff;\"><a style=\"color: #0000ff;\" href=\"https:\/\/adenilsongiovanini.com.br\/georreferenciamento-de-imoveis-rurais-na-pratica\/\" rel=\"nofollow noreferrer\">livro Topografia Cadastral e Georreferenciamento de Im\u00f3veis Rurais na Pr\u00e1tica<\/a><\/span>.<\/span><\/p>\n<p><span style=\"font-size: 20px;\"><span style=\"font-family: arial, helvetica, sans-serif; color: #000000;\">O mesmo \u00e9 dividido em 10 cap\u00edtulos recheados com muitos estudos de caso e exemplos pr\u00e1ticos. D\u00ea uma espiadinha no sum\u00e1rio do mesmo:<\/span><\/span><\/p>\n<p>&nbsp;<\/p>\n<p><center><iframe width=\"99%\" height=\"980\" src=\"https:\/\/drive.google.com\/file\/d\/1HJ8fZz1PvPmftfXHJNFTvIBBzY_FZhPJ\/preview\"><span data-mce-type=\"bookmark\" style=\"display: inline-block; width: 0px; overflow: hidden; line-height: 0;\" class=\"mce_SELRES_start\">\ufeff<\/span><\/iframe><\/center><\/p>\n<p>&nbsp;<\/p>\n<p><span style=\"font-size: 20px;\"><span style=\"font-family: arial, helvetica, sans-serif; color: #000000;\">Para conhecer melhor a estrutura do livro, juntar-se a mais de 800 profissionais e adquirir sua c\u00f3pia \u00e9 s\u00f3 clicar no bot\u00e3o abaixo:<\/span><\/span><\/p>\n<p>&nbsp;<\/p>\n<p><span style=\"color: #000000; font-size: 20px;\"><div class=\"su-button-center\"><a href=\"https:\/\/adenilsongiovanini.com.br\/georreferenciamento-de-imoveis-rurais-na-pratica\/\" class=\"su-button su-button-style-3d\" style=\"color:#000000;background-color:#2BCC2F;border-color:#23a426;border-radius:9px\" target=\"_blank\" rel=\"nofollow\" id=\"1\"><span style=\"color:#000000;padding:0px 24px;font-size:18px;line-height:36px;border-color:#6bdc6e;border-radius:9px;text-shadow:0px 0px 0px #000000\"> \u279c Quero Conhecer Melhor o Livro, Pois Quero e Preciso Aprender Mais Sobre Legisla\u00e7\u00e3o Cadastral e Geo. de Im\u00f3veis Rurais<\/span><\/a><\/div><\/span><\/p>\n<p>&nbsp;<\/p>\n<p>&nbsp;<\/p>\n","protected":false},"excerpt":{"rendered":"<p>O que \u00e9 o parcelamento de solo? Onde que o mesmo pode ser feito? Quais s\u00e3o os \u00f3rg\u00e3os envolvidos? Quando que o mesmo \u00e9 proibido e qual a legisla\u00e7\u00e3o a respeito? Neste post eu irei responder estas perguntas. &nbsp; O que \u00e9 o parcelamento de solo? &nbsp; &nbsp; O parcelamento [&hellip;]<\/p>\n","protected":false},"author":1,"featured_media":19297,"comment_status":"closed","ping_status":"closed","sticky":false,"template":"","format":"standard","meta":{"_monsterinsights_skip_tracking":false,"_monsterinsights_sitenote_active":false,"_monsterinsights_sitenote_note":"","_monsterinsights_sitenote_category":0,"footnotes":""},"categories":[33,9],"tags":[],"class_list":["post-19296","post","type-post","status-publish","format-standard","has-post-thumbnail","hentry","category-desmembramento","category-topografia-cadastral"],"yoast_head":"<!-- This site is optimized with the Yoast SEO plugin v26.5 - https:\/\/yoast.com\/wordpress\/plugins\/seo\/ -->\n<title>Parcelamento de solo: O Guia Definitivo! - Adenilson Giovanini<\/title>\n<meta name=\"description\" content=\"Descubra o que \u00e9 o parcelamento de solo, onde que o mesmo pode ser feito quais s\u00e3o os \u00f3rg\u00e3os envolvidos e qual a legisla\u00e7\u00e3o a respeito?\" \/>\n<meta name=\"robots\" content=\"index, follow, max-snippet:-1, max-image-preview:large, max-video-preview:-1\" \/>\n<link rel=\"canonical\" href=\"https:\/\/adenilsongiovanini.com.br\/blog\/parcelamento-de-solo-tudo-que-voce-precisa-saber-a-respeito\/\" \/>\n<meta property=\"og:locale\" content=\"pt_BR\" \/>\n<meta property=\"og:type\" content=\"article\" \/>\n<meta property=\"og:title\" content=\"Parcelamento de solo: O Guia Definitivo! - Adenilson Giovanini\" \/>\n<meta property=\"og:description\" content=\"Descubra o que \u00e9 o parcelamento de solo, onde que o mesmo pode ser feito quais s\u00e3o os \u00f3rg\u00e3os envolvidos e qual a legisla\u00e7\u00e3o a respeito?\" \/>\n<meta property=\"og:url\" content=\"https:\/\/adenilsongiovanini.com.br\/blog\/parcelamento-de-solo-tudo-que-voce-precisa-saber-a-respeito\/\" \/>\n<meta property=\"og:site_name\" content=\"Adenilson Giovanini\" \/>\n<meta property=\"article:publisher\" content=\"https:\/\/www.facebook.com\/otopografo\/\" \/>\n<meta property=\"article:author\" content=\"https:\/\/www.facebook.com\/otopografo\/\" \/>\n<meta property=\"article:published_time\" content=\"2021-04-10T18:06:41+00:00\" \/>\n<meta property=\"article:modified_time\" content=\"2022-08-11T11:52:40+00:00\" \/>\n<meta property=\"og:image\" content=\"https:\/\/adenilsongiovanini.com.br\/blog\/wp-content\/uploads\/2021\/04\/parcelamento-do-solo.jpg\" \/>\n\t<meta property=\"og:image:width\" content=\"1170\" \/>\n\t<meta property=\"og:image:height\" content=\"658\" \/>\n\t<meta property=\"og:image:type\" content=\"image\/jpeg\" \/>\n<meta name=\"author\" content=\"Adenilson Giovanini\" \/>\n<meta name=\"twitter:card\" content=\"summary_large_image\" \/>\n<meta name=\"twitter:label1\" content=\"Escrito por\" \/>\n\t<meta name=\"twitter:data1\" content=\"Adenilson Giovanini\" \/>\n\t<meta name=\"twitter:label2\" content=\"Est. tempo de leitura\" \/>\n\t<meta name=\"twitter:data2\" content=\"9 minutos\" \/>\n<script type=\"application\/ld+json\" class=\"yoast-schema-graph\">{\"@context\":\"https:\/\/schema.org\",\"@graph\":[{\"@type\":\"Article\",\"@id\":\"https:\/\/adenilsongiovanini.com.br\/blog\/parcelamento-de-solo-tudo-que-voce-precisa-saber-a-respeito\/#article\",\"isPartOf\":{\"@id\":\"https:\/\/adenilsongiovanini.com.br\/blog\/parcelamento-de-solo-tudo-que-voce-precisa-saber-a-respeito\/\"},\"author\":{\"name\":\"Adenilson Giovanini\",\"@id\":\"https:\/\/adenilsongiovanini.com.br\/blog\/#\/schema\/person\/9c1daa7da73c116aae2cb0568d1daa23\"},\"headline\":\"Parcelamento de solo: O Guia Definitivo!\",\"datePublished\":\"2021-04-10T18:06:41+00:00\",\"dateModified\":\"2022-08-11T11:52:40+00:00\",\"mainEntityOfPage\":{\"@id\":\"https:\/\/adenilsongiovanini.com.br\/blog\/parcelamento-de-solo-tudo-que-voce-precisa-saber-a-respeito\/\"},\"wordCount\":1448,\"publisher\":{\"@id\":\"https:\/\/adenilsongiovanini.com.br\/blog\/#\/schema\/person\/9c1daa7da73c116aae2cb0568d1daa23\"},\"image\":{\"@id\":\"https:\/\/adenilsongiovanini.com.br\/blog\/parcelamento-de-solo-tudo-que-voce-precisa-saber-a-respeito\/#primaryimage\"},\"thumbnailUrl\":\"https:\/\/adenilsongiovanini.com.br\/blog\/wp-content\/uploads\/2021\/04\/parcelamento-do-solo.jpg\",\"articleSection\":[\"Parcelamento do solo\",\"Topografia Cadastral\"],\"inLanguage\":\"pt-BR\"},{\"@type\":\"WebPage\",\"@id\":\"https:\/\/adenilsongiovanini.com.br\/blog\/parcelamento-de-solo-tudo-que-voce-precisa-saber-a-respeito\/\",\"url\":\"https:\/\/adenilsongiovanini.com.br\/blog\/parcelamento-de-solo-tudo-que-voce-precisa-saber-a-respeito\/\",\"name\":\"Parcelamento de solo: O Guia Definitivo! - Adenilson Giovanini\",\"isPartOf\":{\"@id\":\"https:\/\/adenilsongiovanini.com.br\/blog\/#website\"},\"primaryImageOfPage\":{\"@id\":\"https:\/\/adenilsongiovanini.com.br\/blog\/parcelamento-de-solo-tudo-que-voce-precisa-saber-a-respeito\/#primaryimage\"},\"image\":{\"@id\":\"https:\/\/adenilsongiovanini.com.br\/blog\/parcelamento-de-solo-tudo-que-voce-precisa-saber-a-respeito\/#primaryimage\"},\"thumbnailUrl\":\"https:\/\/adenilsongiovanini.com.br\/blog\/wp-content\/uploads\/2021\/04\/parcelamento-do-solo.jpg\",\"datePublished\":\"2021-04-10T18:06:41+00:00\",\"dateModified\":\"2022-08-11T11:52:40+00:00\",\"description\":\"Descubra o que \u00e9 o parcelamento de solo, onde que o mesmo pode ser feito quais s\u00e3o os \u00f3rg\u00e3os envolvidos e qual a legisla\u00e7\u00e3o a respeito?\",\"breadcrumb\":{\"@id\":\"https:\/\/adenilsongiovanini.com.br\/blog\/parcelamento-de-solo-tudo-que-voce-precisa-saber-a-respeito\/#breadcrumb\"},\"inLanguage\":\"pt-BR\",\"potentialAction\":[{\"@type\":\"ReadAction\",\"target\":[\"https:\/\/adenilsongiovanini.com.br\/blog\/parcelamento-de-solo-tudo-que-voce-precisa-saber-a-respeito\/\"]}]},{\"@type\":\"ImageObject\",\"inLanguage\":\"pt-BR\",\"@id\":\"https:\/\/adenilsongiovanini.com.br\/blog\/parcelamento-de-solo-tudo-que-voce-precisa-saber-a-respeito\/#primaryimage\",\"url\":\"https:\/\/adenilsongiovanini.com.br\/blog\/wp-content\/uploads\/2021\/04\/parcelamento-do-solo.jpg\",\"contentUrl\":\"https:\/\/adenilsongiovanini.com.br\/blog\/wp-content\/uploads\/2021\/04\/parcelamento-do-solo.jpg\",\"width\":1170,\"height\":658},{\"@type\":\"BreadcrumbList\",\"@id\":\"https:\/\/adenilsongiovanini.com.br\/blog\/parcelamento-de-solo-tudo-que-voce-precisa-saber-a-respeito\/#breadcrumb\",\"itemListElement\":[{\"@type\":\"ListItem\",\"position\":1,\"name\":\"Home\",\"item\":\"https:\/\/adenilsongiovanini.com.br\/blog\/\"},{\"@type\":\"ListItem\",\"position\":2,\"name\":\"Parcelamento de solo: O Guia Definitivo!\"}]},{\"@type\":\"WebSite\",\"@id\":\"https:\/\/adenilsongiovanini.com.br\/blog\/#website\",\"url\":\"https:\/\/adenilsongiovanini.com.br\/blog\/\",\"name\":\"Adenilson Giovanini\",\"description\":\"Topografia e Geotecnologias\",\"publisher\":{\"@id\":\"https:\/\/adenilsongiovanini.com.br\/blog\/#\/schema\/person\/9c1daa7da73c116aae2cb0568d1daa23\"},\"potentialAction\":[{\"@type\":\"SearchAction\",\"target\":{\"@type\":\"EntryPoint\",\"urlTemplate\":\"https:\/\/adenilsongiovanini.com.br\/blog\/?s={search_term_string}\"},\"query-input\":{\"@type\":\"PropertyValueSpecification\",\"valueRequired\":true,\"valueName\":\"search_term_string\"}}],\"inLanguage\":\"pt-BR\"},{\"@type\":[\"Person\",\"Organization\"],\"@id\":\"https:\/\/adenilsongiovanini.com.br\/blog\/#\/schema\/person\/9c1daa7da73c116aae2cb0568d1daa23\",\"name\":\"Adenilson Giovanini\",\"image\":{\"@type\":\"ImageObject\",\"inLanguage\":\"pt-BR\",\"@id\":\"https:\/\/adenilsongiovanini.com.br\/blog\/#\/schema\/person\/image\/\",\"url\":\"https:\/\/adenilsongiovanini.com.br\/blog\/wp-content\/litespeed\/avatar\/be8f4de5c0b8a93c57a4f29cbf2f1e92.jpg?ver=1777130135\",\"contentUrl\":\"https:\/\/adenilsongiovanini.com.br\/blog\/wp-content\/litespeed\/avatar\/be8f4de5c0b8a93c57a4f29cbf2f1e92.jpg?ver=1777130135\",\"caption\":\"Adenilson Giovanini\"},\"logo\":{\"@id\":\"https:\/\/adenilsongiovanini.com.br\/blog\/#\/schema\/person\/image\/\"},\"description\":\"O Professor Adenilson Giovanini \u00e9 especialista em Topografia Cadastral e Georreferenciamento de Im\u00f3veis Rurais. O mesmo possui o Maior Site de Engenharia de Agrimensura do Brasil. Site este que tem mais de 102.000 visualiza\u00e7\u00f5es por m\u00eas. Tamb\u00e9m possui mais de 600 v\u00eddeos em seu canal no youtube. Al\u00e9m disso, \u00e9 escritor Best Seller, possuindo v\u00e1rios cursos e livros de sucesso.\",\"sameAs\":[\"http:\/\/adenilsongiovanini.com.br\",\"https:\/\/www.facebook.com\/otopografo\/\",\"https:\/\/www.instagram.com\/adenilson_giovanini\/\",\"https:\/\/www.linkedin.com\/in\/adenilson-giovanini-819b8035\/\",\"https:\/\/br.pinterest.com\/adenilsongiovanini\/\",\"https:\/\/www.youtube.com\/channel\/uce-br7ghiuog2txcsdx5vrw\"]}]}<\/script>\n<!-- \/ Yoast SEO plugin. -->","yoast_head_json":{"title":"Parcelamento de solo: O Guia Definitivo! - Adenilson Giovanini","description":"Descubra o que \u00e9 o parcelamento de solo, onde que o mesmo pode ser feito quais s\u00e3o os \u00f3rg\u00e3os envolvidos e qual a legisla\u00e7\u00e3o a respeito?","robots":{"index":"index","follow":"follow","max-snippet":"max-snippet:-1","max-image-preview":"max-image-preview:large","max-video-preview":"max-video-preview:-1"},"canonical":"https:\/\/adenilsongiovanini.com.br\/blog\/parcelamento-de-solo-tudo-que-voce-precisa-saber-a-respeito\/","og_locale":"pt_BR","og_type":"article","og_title":"Parcelamento de solo: O Guia Definitivo! - Adenilson Giovanini","og_description":"Descubra o que \u00e9 o parcelamento de solo, onde que o mesmo pode ser feito quais s\u00e3o os \u00f3rg\u00e3os envolvidos e qual a legisla\u00e7\u00e3o a respeito?","og_url":"https:\/\/adenilsongiovanini.com.br\/blog\/parcelamento-de-solo-tudo-que-voce-precisa-saber-a-respeito\/","og_site_name":"Adenilson Giovanini","article_publisher":"https:\/\/www.facebook.com\/otopografo\/","article_author":"https:\/\/www.facebook.com\/otopografo\/","article_published_time":"2021-04-10T18:06:41+00:00","article_modified_time":"2022-08-11T11:52:40+00:00","og_image":[{"width":1170,"height":658,"url":"https:\/\/adenilsongiovanini.com.br\/blog\/wp-content\/uploads\/2021\/04\/parcelamento-do-solo.jpg","type":"image\/jpeg"}],"author":"Adenilson Giovanini","twitter_card":"summary_large_image","twitter_misc":{"Escrito por":"Adenilson Giovanini","Est. tempo de leitura":"9 minutos"},"schema":{"@context":"https:\/\/schema.org","@graph":[{"@type":"Article","@id":"https:\/\/adenilsongiovanini.com.br\/blog\/parcelamento-de-solo-tudo-que-voce-precisa-saber-a-respeito\/#article","isPartOf":{"@id":"https:\/\/adenilsongiovanini.com.br\/blog\/parcelamento-de-solo-tudo-que-voce-precisa-saber-a-respeito\/"},"author":{"name":"Adenilson Giovanini","@id":"https:\/\/adenilsongiovanini.com.br\/blog\/#\/schema\/person\/9c1daa7da73c116aae2cb0568d1daa23"},"headline":"Parcelamento de solo: O Guia Definitivo!","datePublished":"2021-04-10T18:06:41+00:00","dateModified":"2022-08-11T11:52:40+00:00","mainEntityOfPage":{"@id":"https:\/\/adenilsongiovanini.com.br\/blog\/parcelamento-de-solo-tudo-que-voce-precisa-saber-a-respeito\/"},"wordCount":1448,"publisher":{"@id":"https:\/\/adenilsongiovanini.com.br\/blog\/#\/schema\/person\/9c1daa7da73c116aae2cb0568d1daa23"},"image":{"@id":"https:\/\/adenilsongiovanini.com.br\/blog\/parcelamento-de-solo-tudo-que-voce-precisa-saber-a-respeito\/#primaryimage"},"thumbnailUrl":"https:\/\/adenilsongiovanini.com.br\/blog\/wp-content\/uploads\/2021\/04\/parcelamento-do-solo.jpg","articleSection":["Parcelamento do solo","Topografia Cadastral"],"inLanguage":"pt-BR"},{"@type":"WebPage","@id":"https:\/\/adenilsongiovanini.com.br\/blog\/parcelamento-de-solo-tudo-que-voce-precisa-saber-a-respeito\/","url":"https:\/\/adenilsongiovanini.com.br\/blog\/parcelamento-de-solo-tudo-que-voce-precisa-saber-a-respeito\/","name":"Parcelamento de solo: O Guia Definitivo! - Adenilson Giovanini","isPartOf":{"@id":"https:\/\/adenilsongiovanini.com.br\/blog\/#website"},"primaryImageOfPage":{"@id":"https:\/\/adenilsongiovanini.com.br\/blog\/parcelamento-de-solo-tudo-que-voce-precisa-saber-a-respeito\/#primaryimage"},"image":{"@id":"https:\/\/adenilsongiovanini.com.br\/blog\/parcelamento-de-solo-tudo-que-voce-precisa-saber-a-respeito\/#primaryimage"},"thumbnailUrl":"https:\/\/adenilsongiovanini.com.br\/blog\/wp-content\/uploads\/2021\/04\/parcelamento-do-solo.jpg","datePublished":"2021-04-10T18:06:41+00:00","dateModified":"2022-08-11T11:52:40+00:00","description":"Descubra o que \u00e9 o parcelamento de solo, onde que o mesmo pode ser feito quais s\u00e3o os \u00f3rg\u00e3os envolvidos e qual a legisla\u00e7\u00e3o a respeito?","breadcrumb":{"@id":"https:\/\/adenilsongiovanini.com.br\/blog\/parcelamento-de-solo-tudo-que-voce-precisa-saber-a-respeito\/#breadcrumb"},"inLanguage":"pt-BR","potentialAction":[{"@type":"ReadAction","target":["https:\/\/adenilsongiovanini.com.br\/blog\/parcelamento-de-solo-tudo-que-voce-precisa-saber-a-respeito\/"]}]},{"@type":"ImageObject","inLanguage":"pt-BR","@id":"https:\/\/adenilsongiovanini.com.br\/blog\/parcelamento-de-solo-tudo-que-voce-precisa-saber-a-respeito\/#primaryimage","url":"https:\/\/adenilsongiovanini.com.br\/blog\/wp-content\/uploads\/2021\/04\/parcelamento-do-solo.jpg","contentUrl":"https:\/\/adenilsongiovanini.com.br\/blog\/wp-content\/uploads\/2021\/04\/parcelamento-do-solo.jpg","width":1170,"height":658},{"@type":"BreadcrumbList","@id":"https:\/\/adenilsongiovanini.com.br\/blog\/parcelamento-de-solo-tudo-que-voce-precisa-saber-a-respeito\/#breadcrumb","itemListElement":[{"@type":"ListItem","position":1,"name":"Home","item":"https:\/\/adenilsongiovanini.com.br\/blog\/"},{"@type":"ListItem","position":2,"name":"Parcelamento de solo: O Guia Definitivo!"}]},{"@type":"WebSite","@id":"https:\/\/adenilsongiovanini.com.br\/blog\/#website","url":"https:\/\/adenilsongiovanini.com.br\/blog\/","name":"Adenilson Giovanini","description":"Topografia e Geotecnologias","publisher":{"@id":"https:\/\/adenilsongiovanini.com.br\/blog\/#\/schema\/person\/9c1daa7da73c116aae2cb0568d1daa23"},"potentialAction":[{"@type":"SearchAction","target":{"@type":"EntryPoint","urlTemplate":"https:\/\/adenilsongiovanini.com.br\/blog\/?s={search_term_string}"},"query-input":{"@type":"PropertyValueSpecification","valueRequired":true,"valueName":"search_term_string"}}],"inLanguage":"pt-BR"},{"@type":["Person","Organization"],"@id":"https:\/\/adenilsongiovanini.com.br\/blog\/#\/schema\/person\/9c1daa7da73c116aae2cb0568d1daa23","name":"Adenilson Giovanini","image":{"@type":"ImageObject","inLanguage":"pt-BR","@id":"https:\/\/adenilsongiovanini.com.br\/blog\/#\/schema\/person\/image\/","url":"https:\/\/adenilsongiovanini.com.br\/blog\/wp-content\/litespeed\/avatar\/be8f4de5c0b8a93c57a4f29cbf2f1e92.jpg?ver=1777130135","contentUrl":"https:\/\/adenilsongiovanini.com.br\/blog\/wp-content\/litespeed\/avatar\/be8f4de5c0b8a93c57a4f29cbf2f1e92.jpg?ver=1777130135","caption":"Adenilson Giovanini"},"logo":{"@id":"https:\/\/adenilsongiovanini.com.br\/blog\/#\/schema\/person\/image\/"},"description":"O Professor Adenilson Giovanini \u00e9 especialista em Topografia Cadastral e Georreferenciamento de Im\u00f3veis Rurais. O mesmo possui o Maior Site de Engenharia de Agrimensura do Brasil. Site este que tem mais de 102.000 visualiza\u00e7\u00f5es por m\u00eas. Tamb\u00e9m possui mais de 600 v\u00eddeos em seu canal no youtube. Al\u00e9m disso, \u00e9 escritor Best Seller, possuindo v\u00e1rios cursos e livros de sucesso.","sameAs":["http:\/\/adenilsongiovanini.com.br","https:\/\/www.facebook.com\/otopografo\/","https:\/\/www.instagram.com\/adenilson_giovanini\/","https:\/\/www.linkedin.com\/in\/adenilson-giovanini-819b8035\/","https:\/\/br.pinterest.com\/adenilsongiovanini\/","https:\/\/www.youtube.com\/channel\/uce-br7ghiuog2txcsdx5vrw"]}]}},"amp_enabled":true,"_links":{"self":[{"href":"https:\/\/adenilsongiovanini.com.br\/blog\/wp-json\/wp\/v2\/posts\/19296","targetHints":{"allow":["GET"]}}],"collection":[{"href":"https:\/\/adenilsongiovanini.com.br\/blog\/wp-json\/wp\/v2\/posts"}],"about":[{"href":"https:\/\/adenilsongiovanini.com.br\/blog\/wp-json\/wp\/v2\/types\/post"}],"author":[{"embeddable":true,"href":"https:\/\/adenilsongiovanini.com.br\/blog\/wp-json\/wp\/v2\/users\/1"}],"replies":[{"embeddable":true,"href":"https:\/\/adenilsongiovanini.com.br\/blog\/wp-json\/wp\/v2\/comments?post=19296"}],"version-history":[{"count":0,"href":"https:\/\/adenilsongiovanini.com.br\/blog\/wp-json\/wp\/v2\/posts\/19296\/revisions"}],"wp:featuredmedia":[{"embeddable":true,"href":"https:\/\/adenilsongiovanini.com.br\/blog\/wp-json\/wp\/v2\/media\/19297"}],"wp:attachment":[{"href":"https:\/\/adenilsongiovanini.com.br\/blog\/wp-json\/wp\/v2\/media?parent=19296"}],"wp:term":[{"taxonomy":"category","embeddable":true,"href":"https:\/\/adenilsongiovanini.com.br\/blog\/wp-json\/wp\/v2\/categories?post=19296"},{"taxonomy":"post_tag","embeddable":true,"href":"https:\/\/adenilsongiovanini.com.br\/blog\/wp-json\/wp\/v2\/tags?post=19296"}],"curies":[{"name":"wp","href":"https:\/\/api.w.org\/{rel}","templated":true}]}}