{"id":19122,"date":"2021-03-29T16:57:02","date_gmt":"2021-03-29T16:57:02","guid":{"rendered":"https:\/\/adenilsongiovanini.com.br\/blog\/?p=19122"},"modified":"2022-08-10T21:51:11","modified_gmt":"2022-08-10T21:51:11","slug":"sistema-de-coordenadas-utm","status":"publish","type":"post","link":"https:\/\/adenilsongiovanini.com.br\/blog\/sistema-de-coordenadas-utm\/","title":{"rendered":"Sistema de Coordenadas UTM?"},"content":{"rendered":"<p style=\"text-align: left;\"><span style=\"font-family: arial, helvetica, sans-serif; font-size: 20px; color: #000000;\"><strong>Sistema de coordenadas UTM<\/strong>, voc\u00ea acabou de encontrar um artigo definitivo a respeito do tema.<\/span><\/p>\n<p style=\"text-align: left;\"><span style=\"font-family: arial, helvetica, sans-serif; font-size: 20px; color: #000000;\">Com a leitura do mesmo voc\u00ea aprender\u00e1:<\/span><\/p>\n<ul>\n<li style=\"text-align: left;\"><span style=\"font-family: arial, helvetica, sans-serif; font-size: 20px; color: #000000;\">O que significa a <strong>sigla UTM<\/strong>;<\/span><\/li>\n<li style=\"text-align: left;\"><span style=\"font-family: arial, helvetica, sans-serif; font-size: 20px; color: #000000;\">Quais as <strong>propriedades do sistema de coordenadas UTM<\/strong>;<\/span><\/li>\n<li style=\"text-align: left;\"><span style=\"font-family: arial, helvetica, sans-serif; font-size: 20px; color: #000000;\">Qual a <strong>origem<\/strong> do sistema de coordenadas UTM e;<\/span><\/li>\n<li style=\"text-align: left;\"><span style=\"font-family: arial, helvetica, sans-serif; font-size: 20px; color: #000000;\">Como encontrar a localiza\u00e7\u00e3o de um objeto na superf\u00edcie terrestre.<\/span><\/li>\n<\/ul>\n<p style=\"text-align: left;\"><span style=\"font-family: arial, helvetica, sans-serif; font-size: 20px; color: #000000;\">Prossiga a leitura com m\u00e1xima aten\u00e7\u00e3o<\/span><span style=\"font-family: arial, helvetica, sans-serif; font-size: 20px; color: #000000;\">.<\/span><\/p>\n<p style=\"text-align: left;\">\n<h2 style=\"text-align: center;\"><span style=\"font-size: 24px; color: #000000;\"><strong><span style=\"font-family: arial, helvetica, sans-serif;\">Sistema de Coordenadas UTM &#8211; O que significa a sigla UTM?<\/span><\/strong><\/span><\/h2>\n<p><span style=\"font-size: 20px; color: #000000;\"><img decoding=\"async\" class=\"size-full wp-image-3805 aligncenter\" src=\"https:\/\/adenilsongiovanini.com.br\/blog\/wp-content\/uploads\/2019\/12\/Sistemadeproje\u00e7\u00e3oUTM.jpg\" alt=\"sistema de proje\u00e7\u00e3o utm\" width=\"747\" height=\"536\" srcset=\"https:\/\/adenilsongiovanini.com.br\/blog\/wp-content\/uploads\/2019\/12\/Sistemadeproje\u00e7\u00e3oUTM.jpg 747w, https:\/\/adenilsongiovanini.com.br\/blog\/wp-content\/uploads\/2019\/12\/Sistemadeproje\u00e7\u00e3oUTM-300x215.jpg 300w\" sizes=\"(max-width: 747px) 100vw, 747px\" \/><\/span><\/p>\n<p style=\"text-align: left;\"><span style=\"font-family: arial, helvetica, sans-serif; font-size: 20px; color: #000000;\">A <strong>sigla UTM<\/strong> significa <strong>Universal Transversa de Mercator<\/strong>, onde:<\/span><\/p>\n<ul>\n<li style=\"text-align: left;\"><span style=\"font-family: arial, helvetica, sans-serif; font-size: 20px; color: #000000;\">Universal &#8211; Est\u00e1 ligado ao modelo matem\u00e1tico utilizado para a proje\u00e7\u00e3o da terra;<\/span><\/li>\n<li style=\"text-align: left;\"><span style=\"font-family: arial, helvetica, sans-serif; font-size: 20px; color: #000000;\">Tranversa &#8211; A proje\u00e7\u00e3o \u00e9 transversa, pois o eixo do cilindro utilizado \u00e9 perpendicular em rela\u00e7\u00e3o ao semi-eixo menor do <span style=\"color: #0000ff;\"><a style=\"color: #0000ff;\" href=\"https:\/\/adenilsongiovanini.com.br\/blog\/elipsoide-o-que-e-e-para-que-serve\/\">elips\u00f3ide terrestre<\/a><\/span>.<\/span><\/li>\n<li style=\"text-align: left;\"><span style=\"font-family: arial, helvetica, sans-serif; font-size: 20px; color: #000000;\">Mercator &#8211; Se refere a <span style=\"color: #0000ff;\"><a style=\"color: #0000ff;\" href=\"https:\/\/pt.wikipedia.org\/wiki\/Gerardo_Mercator\">Gerhard Mercator<\/a><\/span>, ge\u00f3grafo, cart\u00f3grafo e matem\u00e1tico que idealizou o sistema de coordenadas UTM.<\/span><\/li>\n<\/ul>\n<p><span style=\"font-family: arial, helvetica, sans-serif; font-size: 20px; color: #000000;\">Na imagem abaixo voc\u00ea pode visualizar uma imagem t\u00edpica da <strong>proje\u00e7\u00e3o UTM<\/strong>.<\/span><\/p>\n<p><span style=\"font-size: 20px; color: #000000;\"><img decoding=\"async\" class=\"aligncenter size-full wp-image-19124\" src=\"https:\/\/adenilsongiovanini.com.br\/blog\/wp-content\/uploads\/2021\/03\/Cilindro-na-posicao-transversa-UTM.jpg\" alt=\"\" width=\"688\" height=\"339\" srcset=\"https:\/\/adenilsongiovanini.com.br\/blog\/wp-content\/uploads\/2021\/03\/Cilindro-na-posicao-transversa-UTM.jpg 688w, https:\/\/adenilsongiovanini.com.br\/blog\/wp-content\/uploads\/2021\/03\/Cilindro-na-posicao-transversa-UTM-300x148.jpg 300w, https:\/\/adenilsongiovanini.com.br\/blog\/wp-content\/uploads\/2021\/03\/Cilindro-na-posicao-transversa-UTM-320x158.jpg 320w, https:\/\/adenilsongiovanini.com.br\/blog\/wp-content\/uploads\/2021\/03\/Cilindro-na-posicao-transversa-UTM-640x315.jpg 640w, https:\/\/adenilsongiovanini.com.br\/blog\/wp-content\/uploads\/2021\/03\/Cilindro-na-posicao-transversa-UTM-360x177.jpg 360w\" sizes=\"(max-width: 688px) 100vw, 688px\" \/><\/span><\/p>\n<p><span style=\"font-family: arial, helvetica, sans-serif; font-size: 20px; color: #000000;\">Perceba que o cilindro corta em uma posi\u00e7\u00e3o transversa ao eixo do elipsoide.<\/span><\/p>\n<p>&nbsp;<\/p>\n<p>&nbsp;<\/p>\n<p style=\"text-align: left;\">\n<h2 style=\"text-align: center;\"><span style=\"font-size: 24px; color: #000000;\"><strong><span style=\"font-family: arial, helvetica, sans-serif;\">Propriedades da Proje\u00e7\u00e3o UTM<\/span><\/strong><\/span><\/h2>\n<p><span style=\"font-size: 20px; color: #000000;\"><img decoding=\"async\" class=\"aligncenter size-full wp-image-3794\" src=\"https:\/\/adenilsongiovanini.com.br\/blog\/wp-content\/uploads\/2019\/12\/Coordenadas-utm.gif\" alt=\"sistema de coordenadas utm\" width=\"240\" height=\"338\" \/><\/span><\/p>\n<p style=\"text-align: left;\"><span style=\"font-family: arial, helvetica, sans-serif; font-size: 20px; color: #000000;\">A <strong>proje\u00e7\u00e3o UTM<\/strong> \u00e9 classificada como uma proje\u00e7\u00e3o <span style=\"color: #0000ff;\"><a style=\"color: #0000ff;\" href=\"https:\/\/mundoeducacao.uol.com.br\/geografia\/projecoes-cartograficas.htm\">conforme<\/a><\/span>. Ou seja, n\u00e3o deforma \u00e2ngulos e dist\u00e2ncias, deformando em menos de 0,5% as \u00e1reas. <\/span><\/p>\n<p><span style=\"font-family: arial, helvetica, sans-serif; font-size: 20px; color: #000000;\">Devida a estas caracter\u00edsticas a mesma se tornou a <span style=\"color: #0000ff;\"><a href=\"https:\/\/adenilsongiovanini.com.br\/blog\/projecao-cartografica-classificacao-e-aplicacoes\/\" style=\"color: #0000ff;\">proje\u00e7\u00e3o cartogr\u00e1fica<\/a><\/span> mais conhecida e utilizada no mundo. Isso porque n\u00e3o deforma pequenas regi\u00f5es do planeta.<\/span><\/p>\n<p style=\"text-align: left;\"><span style=\"font-family: arial, helvetica, sans-serif; font-size: 20px; color: #000000;\">Caso voc\u00ea deseje saber mais sobre as diferentes<span style=\"color: #0000ff;\"><a style=\"color: #0000ff;\" href=\"https:\/\/adenilsongiovanini.com.br\/blog\/projecoes-cartograficas\/\"> classifica\u00e7\u00f5es das proje\u00e7\u00f5es cartogr\u00e1ficas, neste artigo<\/a><\/span> eu abordo o tema de maneira cir\u00fargica.<\/span><\/p>\n<p style=\"text-align: left;\">\n<h2 style=\"text-align: center;\"><span style=\"font-size: 24px; color: #000000;\"><strong><span style=\"font-family: arial, helvetica, sans-serif;\">Caracter\u00edsticas da proje\u00e7\u00e3o UTM<\/span><\/strong><\/span><\/h2>\n<p><span style=\"font-size: 20px; color: #000000;\"><img decoding=\"async\" class=\"aligncenter size-large wp-image-17884\" src=\"https:\/\/adenilsongiovanini.com.br\/blog\/wp-content\/uploads\/2020\/09\/Linhas-de-sec\u00e2ncia-do-fator-k-da-proje\u00e7\u00e3o-utm-1024x615.png\" alt=\"fator k na proje\u00e7\u00e3o utm\" width=\"1024\" height=\"615\" srcset=\"https:\/\/adenilsongiovanini.com.br\/blog\/wp-content\/uploads\/2020\/09\/Linhas-de-sec\u00e2ncia-do-fator-k-da-proje\u00e7\u00e3o-utm-1024x615.png 1024w, https:\/\/adenilsongiovanini.com.br\/blog\/wp-content\/uploads\/2020\/09\/Linhas-de-sec\u00e2ncia-do-fator-k-da-proje\u00e7\u00e3o-utm-300x180.png 300w, https:\/\/adenilsongiovanini.com.br\/blog\/wp-content\/uploads\/2020\/09\/Linhas-de-sec\u00e2ncia-do-fator-k-da-proje\u00e7\u00e3o-utm-768x461.png 768w, https:\/\/adenilsongiovanini.com.br\/blog\/wp-content\/uploads\/2020\/09\/Linhas-de-sec\u00e2ncia-do-fator-k-da-proje\u00e7\u00e3o-utm.png 1218w\" sizes=\"(max-width: 1024px) 100vw, 1024px\" \/><\/span><\/p>\n<p style=\"text-align: left;\"><span style=\"font-family: arial, helvetica, sans-serif; font-size: 20px; color: #000000;\">A <strong>proje\u00e7\u00e3o UTM<\/strong> utiliza 60 cilindros, onde que cada um dos mesmos \u00e9 respons\u00e1vel pela representa\u00e7\u00e3o de 6 graus de longitude de arco terrestre, contados a partir do <span style=\"color: #0000ff;\"><a style=\"color: #0000ff;\" href=\"https:\/\/pt.wikipedia.org\/wiki\/Meridiano_de_Greenwich\">meridiano de Greenwich<\/a><\/span>.<\/span><\/p>\n<p style=\"text-align: left;\"><span style=\"font-family: arial, helvetica, sans-serif; font-size: 20px; color: #000000;\">Cada uma destas regi\u00f5es \u00e9 chamada de fuso, sendo que cada <strong>fuso UTM<\/strong> possui seu pr\u00f3prio meridiano central.<\/span><\/p>\n<p style=\"text-align: left;\"><span style=\"font-family: arial, helvetica, sans-serif; font-size: 20px; color: #000000;\">Outra caracter\u00edstica importante do <strong>sistema de coordenadas UTM<\/strong> \u00e9 que o mesmo \u00e9 limitado pelas <a style=\"color: #000000;\" href=\"https:\/\/brasilescola.uol.com.br\/geografia\/latitudes-longitudes.htm\"><span style=\"color: #0000ff;\">latitudes<\/span><\/a>.<\/span><\/p>\n<p style=\"text-align: left;\"><span style=\"font-size: 20px; color: #000000;\"><span style=\"font-family: arial, helvetica, sans-serif;\">Isso acontece porque devido ao abaloamento dos polos, o sistema UTM n\u00e3o \u00e9 adequado para a representa\u00e7\u00e3o dos mesmos. <\/span><span style=\"font-family: arial, helvetica, sans-serif;\">Com isso, nas regi\u00f5es polares, a proje\u00e7\u00e3o normalmente utilizada \u00e9 a <span style=\"color: #0000ff;\"><a style=\"color: #0000ff;\" href=\"https:\/\/icaci.org\/files\/documents\/wom\/09_IMY_WoM_pt.pdf\">proje\u00e7\u00e3o estereogr\u00e1fica polar<\/a><\/span>.<\/span><\/span><\/p>\n<p style=\"text-align: left;\"><span style=\"font-family: arial, helvetica, sans-serif; font-size: 20px; color: #000000;\">Desta maneira, a proje\u00e7\u00e3o UTM \u00e9 restringida a <strong>84 graus norte e 80 graus sul,<\/strong> regi\u00f5es estas nas quais as distor\u00e7\u00f5es n\u00e3o s\u00e3o significativas.<\/span><\/p>\n<p style=\"text-align: left;\">\n<h2 style=\"text-align: center;\"><span style=\"font-size: 24px; color: #000000;\"><strong><span style=\"font-family: arial, helvetica, sans-serif;\">Origem do sistema de coordenadas UTM<\/span><\/strong><\/span><\/h2>\n<p><span style=\"font-size: 20px; color: #000000;\"><img decoding=\"async\" class=\"aligncenter size-full wp-image-3793\" src=\"https:\/\/adenilsongiovanini.com.br\/blog\/wp-content\/uploads\/2019\/12\/coordenadas-utm-fator-K-da-utm.jpg\" alt=\"coordenadas\" width=\"638\" height=\"903\" srcset=\"https:\/\/adenilsongiovanini.com.br\/blog\/wp-content\/uploads\/2019\/12\/coordenadas-utm-fator-K-da-utm.jpg 638w, https:\/\/adenilsongiovanini.com.br\/blog\/wp-content\/uploads\/2019\/12\/coordenadas-utm-fator-K-da-utm-212x300.jpg 212w, https:\/\/adenilsongiovanini.com.br\/blog\/wp-content\/uploads\/2019\/12\/coordenadas-utm-fator-K-da-utm-551x780.jpg 551w\" sizes=\"(max-width: 638px) 100vw, 638px\" \/><\/span><\/p>\n<p style=\"text-align: left;\"><span style=\"font-family: arial, helvetica, sans-serif; font-size: 20px; color: #000000;\">A <strong>origem do sistema de coordenadas<\/strong> de cada um dos fusos UTM acontece na intersec\u00e7\u00e3o de seu meridiano central com a linha do equador.<\/span><\/p>\n<p style=\"text-align: left;\"><span style=\"font-family: arial, helvetica, sans-serif; font-size: 20px; color: #000000;\">Desta maneira, o sistema de coordenadas UTM \u00e9 dividido em 2 hemisf\u00e9rios, sul e norte.<\/span><\/p>\n<p style=\"text-align: left;\"><span style=\"font-family: arial, helvetica, sans-serif; font-size: 20px; color: #000000;\">No <strong>hemisf\u00e9rio norte<\/strong>, partindo da linha do equador, o sistema UTM possui as seguintes coordenadas:<\/span><\/p>\n<ul>\n<li style=\"text-align: left;\"><span style=\"font-family: arial, helvetica, sans-serif; font-size: 20px; color: #000000;\">0 Metros para a coordenada N, que indica o deslocamento no eixo norte- sul e;<\/span><\/li>\n<li style=\"text-align: left;\"><span style=\"font-family: arial, helvetica, sans-serif; font-size: 20px; color: #000000;\">500.000,00 metros para a coordenada E, que indica o deslocamento no eixo leste-oeste.<\/span><\/li>\n<\/ul>\n<p style=\"text-align: left;\"><span style=\"font-family: arial, helvetica, sans-serif; font-size: 20px; color: #000000;\">No <strong>hemisf\u00e9rio Sul<\/strong>, a origem \u00e9 dada pelo par de coordenadas:<\/span><\/p>\n<ul>\n<li style=\"text-align: left;\"><span style=\"font-family: arial, helvetica, sans-serif; font-size: 20px; color: #000000;\">N &#8211; 10 000000 de metros, que indica o deslocamento no eixo norte- sul e;<\/span><\/li>\n<li style=\"text-align: left;\"><span style=\"font-family: arial, helvetica, sans-serif; font-size: 20px; color: #000000;\">E &#8211; 500 000 metros , que indica o deslocamento no eixo leste-oeste.<\/span><\/li>\n<\/ul>\n<p style=\"text-align: left;\"><span style=\"font-size: 20px; color: #000000;\"><span style=\"font-family: arial, helvetica, sans-serif;\">Perceba que existe diferen\u00e7a apenas na coordenada N. C<\/span><span style=\"font-family: arial, helvetica, sans-serif;\">om isso, o deslocamento para o sul a partir da linha do equador far\u00e1 com que o valor da coordenada N diminua.<\/span><\/span><\/p>\n<p style=\"text-align: left;\">\n<h2 style=\"text-align: center;\"><span style=\"font-size: 24px; color: #000000;\"><strong><span style=\"font-family: arial, helvetica, sans-serif;\">Como encontrar a localiza\u00e7\u00e3o de um objeto na superf\u00edcie terrestre<\/span><\/strong><\/span><\/h2>\n<p><span style=\"font-size: 20px; color: #000000;\"><img decoding=\"async\" class=\"aligncenter size-full wp-image-3794\" src=\"https:\/\/adenilsongiovanini.com.br\/blog\/wp-content\/uploads\/2019\/12\/Coordenadas-utm.gif\" alt=\"sistema de coordenadas utm - coordenadas utm\" width=\"240\" height=\"338\" \/><\/span><\/p>\n<p style=\"text-align: left;\"><span style=\"font-family: arial, helvetica, sans-serif; font-size: 20px; color: #000000;\">Utilizando o sistema de coordenadas UTM, para determinar a posi\u00e7\u00e3o de um objeto na superf\u00edcie terrestre voc\u00ea precisa:<\/span><\/p>\n<ol>\n<li style=\"text-align: left;\"><span style=\"font-family: arial, helvetica, sans-serif; font-size: 20px; color: #000000;\">Identificar o <span style=\"color: #0000ff;\"><a style=\"color: #0000ff;\" href=\"https:\/\/adenilsongiovanini.com.br\/blog\/coordenadas-utm\/\">fuso no qual o objeto se encontra<\/a><\/span>;<\/span><\/li>\n<li style=\"text-align: left;\"><span style=\"font-family: arial, helvetica, sans-serif; font-size: 20px; color: #000000;\">Identificar o hemisf\u00e9rio no qual o objeto se encontra (norte ou sul)<\/span><\/li>\n<li style=\"text-align: left;\"><span style=\"font-family: arial, helvetica, sans-serif; font-size: 20px; color: #000000;\">Determinar as <span style=\"color: #0000ff;\"><a style=\"color: #0000ff;\" href=\"https:\/\/www.infoescola.com\/matematica\/sistemas-de-coordenadas\/\">coordenadas<\/a><\/span> do local no qual o objeto se encontra.<\/span><\/li>\n<\/ol>\n<p style=\"text-align: left;\">\n<p style=\"text-align: left;\"><span style=\"font-family: arial, helvetica, sans-serif; font-size: 20px; color: #000000;\">Digamos, que voc\u00ea queira identificar o local no qual determinado elemento f\u00edsico se encontra. Por exemplo, a chegada da praia da barra da lagoa, em Florian\u00f3polis.<\/span><\/p>\n<p><span style=\"font-size: 20px; color: #000000;\"><img decoding=\"async\" class=\"aligncenter size-large wp-image-19125\" src=\"https:\/\/adenilsongiovanini.com.br\/blog\/wp-content\/uploads\/2021\/03\/Praia-da-Barra-da-Lagoa-1024x729.png\" alt=\"praia barra da lagoa\" width=\"1024\" height=\"729\" srcset=\"https:\/\/adenilsongiovanini.com.br\/blog\/wp-content\/uploads\/2021\/03\/Praia-da-Barra-da-Lagoa-1024x729.png 1024w, https:\/\/adenilsongiovanini.com.br\/blog\/wp-content\/uploads\/2021\/03\/Praia-da-Barra-da-Lagoa-300x214.png 300w, https:\/\/adenilsongiovanini.com.br\/blog\/wp-content\/uploads\/2021\/03\/Praia-da-Barra-da-Lagoa-768x547.png 768w, https:\/\/adenilsongiovanini.com.br\/blog\/wp-content\/uploads\/2021\/03\/Praia-da-Barra-da-Lagoa-320x228.png 320w, https:\/\/adenilsongiovanini.com.br\/blog\/wp-content\/uploads\/2021\/03\/Praia-da-Barra-da-Lagoa-640x456.png 640w, https:\/\/adenilsongiovanini.com.br\/blog\/wp-content\/uploads\/2021\/03\/Praia-da-Barra-da-Lagoa-360x256.png 360w, https:\/\/adenilsongiovanini.com.br\/blog\/wp-content\/uploads\/2021\/03\/Praia-da-Barra-da-Lagoa-720x513.png 720w, https:\/\/adenilsongiovanini.com.br\/blog\/wp-content\/uploads\/2021\/03\/Praia-da-Barra-da-Lagoa-1080x769.png 1080w, https:\/\/adenilsongiovanini.com.br\/blog\/wp-content\/uploads\/2021\/03\/Praia-da-Barra-da-Lagoa-800x570.png 800w, https:\/\/adenilsongiovanini.com.br\/blog\/wp-content\/uploads\/2021\/03\/Praia-da-Barra-da-Lagoa-1280x912.png 1280w, https:\/\/adenilsongiovanini.com.br\/blog\/wp-content\/uploads\/2021\/03\/Praia-da-Barra-da-Lagoa.png 1349w\" sizes=\"(max-width: 1024px) 100vw, 1024px\" \/><\/span><\/p>\n<p style=\"text-align: left;\"><span style=\"font-family: arial, helvetica, sans-serif; font-size: 20px; color: #000000;\">Para representar esta localiza\u00e7\u00e3o utilizando o <strong>sistema de coordenadas UTM<\/strong>, voc\u00ea deve utilizar a seguinte <strong>nomenclatura<\/strong>:<\/span><\/p>\n<ol>\n<li style=\"text-align: left;\"><span style=\"font-family: arial, helvetica, sans-serif; font-size: 20px; color: #000000;\">Indicar o fuso UTM, no caso o 22;<\/span><\/li>\n<li style=\"text-align: left;\"><span style=\"font-family: arial, helvetica, sans-serif; font-size: 20px; color: #000000;\">Indicar o hemisf\u00e9rios. No caso \u00e9 o Sul, ou seja, voc\u00ea utilizar\u00e1 a letra S;<\/span><\/li>\n<li style=\"text-align: left;\"><span style=\"font-family: arial, helvetica, sans-serif; font-size: 20px; color: #000000;\">Indicar o par ordenado que indica a localiza\u00e7\u00e3o deste elemento. (754134.00 m E, 6947459.00 m S)<\/span><\/li>\n<\/ol>\n<p style=\"text-align: left;\"><span style=\"font-family: arial, helvetica, sans-serif; font-size: 20px; color: #000000;\">Ou seja, a representa\u00e7\u00e3o das coordenadas da chegada na praia da barra da lagoa, em Florian\u00f3polis, ficar\u00e1 da seguinte maneira:<\/span><\/p>\n<p style=\"text-align: left;\"><span style=\"font-family: arial, helvetica, sans-serif; font-size: 20px; color: #000000;\">UTM S 22 754134.00 E; 6947459.00 S.<\/span><\/p>\n<p style=\"text-align: left;\">\n<h2 style=\"text-align: center;\"><span style=\"font-size: 24px; color: #000000;\"><strong><span style=\"font-family: arial, helvetica, sans-serif;\">Aplica\u00e7\u00f5es do sistema de coordenadas UTM<\/span><\/strong><\/span><\/h2>\n<p><span style=\"font-size: 20px; color: #000000;\"><img decoding=\"async\" class=\"aligncenter size-full wp-image-3797\" src=\"https:\/\/adenilsongiovanini.com.br\/blog\/wp-content\/uploads\/2019\/12\/fusos-utm-no-Brasil.jpg\" alt=\"fusos utm\" width=\"459\" height=\"433\" srcset=\"https:\/\/adenilsongiovanini.com.br\/blog\/wp-content\/uploads\/2019\/12\/fusos-utm-no-Brasil.jpg 459w, https:\/\/adenilsongiovanini.com.br\/blog\/wp-content\/uploads\/2019\/12\/fusos-utm-no-Brasil-300x283.jpg 300w\" sizes=\"(max-width: 459px) 100vw, 459px\" \/><\/span><\/p>\n<p style=\"text-align: left;\"><span style=\"font-family: arial, helvetica, sans-serif; font-size: 20px; color: #000000;\">O sistema de coordenadas UTM \u00e9 ideal para a representa\u00e7\u00e3o de <strong>pequenas por\u00e7\u00f5es da superf\u00edcie terrestre<\/strong>.<\/span><\/p>\n<p style=\"text-align: left;\"><span style=\"font-family: arial, helvetica, sans-serif; font-size: 20px; color: #000000;\">Por este motivo, o sistema de coordenadas UTM \u00e9 indicado para projetos de engenharia e arquitetura. Isso porque al\u00e9m de geoespacilizar os objetos no globo terrestre, o mesmo possibilita o c\u00e1lculo de dist\u00e2ncias e \u00e1reas.<\/span><\/p>\n<p style=\"text-align: left;\"><span style=\"font-family: arial, helvetica, sans-serif; font-size: 20px; color: #000000;\">O <strong>Brasil possui 8 fusos UTM<\/strong> passando pelo seu territ\u00f3rio, estando compreendido entre os fusos 18 e 25.<\/span><\/p>\n<p style=\"text-align: left;\"><span style=\"font-family: arial, helvetica, sans-serif; font-size: 20px; color: #000000;\">Possui alguma outra d\u00favida a respeito do sistema UTM? Poste na \u00e1rea de coment\u00e1rios existente aqui embaixo que irei responder voc\u00ea.<\/span><\/p>\n<p><span style=\"font-size: 20px; font-family: arial, helvetica, sans-serif; color: #000000; line-height: 1.3;\">Espero que o artigo tenha sido \u00fatil e relevante para voc\u00ea. Gratid\u00e3o por voc\u00ea ter lido o mesmo. \ud83d\ude4f<\/span><\/p>\n<h2><\/h2>\n<h2 style=\"text-align: center;\"><span style=\"font-family: arial, helvetica, sans-serif; color: #000000; font-size: 24px;\"><strong>Domine a Topografia Cadastral atrav\u00e9s de um livro formado por centenas de exemplos pr\u00e1ticos <\/strong><\/span><\/h2>\n<h2 style=\"text-align: center;\"><span style=\"font-size: 20px; color: #000000;\"><a style=\"color: #000000;\" href=\"https:\/\/adenilsongiovanini.com.br\/georreferenciamento-de-imoveis-rurais-na-pratica\/\" rel=\"nofollow noreferrer\"><img decoding=\"async\" class=\"aligncenter size-large wp-image-19317\" src=\"https:\/\/adenilsongiovanini.com.br\/blog\/wp-content\/uploads\/2021\/04\/livro-de-topografia-e-georreferenciamento-1024x474.png\" sizes=\"(max-width: 1024px) 100vw, 1024px\" srcset=\"https:\/\/adenilsongiovanini.com.br\/blog\/wp-content\/uploads\/2021\/04\/livro-de-topografia-e-georreferenciamento-1024x474.png 1024w, https:\/\/adenilsongiovanini.com.br\/blog\/wp-content\/uploads\/2021\/04\/livro-de-topografia-e-georreferenciamento-300x139.png 300w, https:\/\/adenilsongiovanini.com.br\/blog\/wp-content\/uploads\/2021\/04\/livro-de-topografia-e-georreferenciamento-768x355.png 768w, https:\/\/adenilsongiovanini.com.br\/blog\/wp-content\/uploads\/2021\/04\/livro-de-topografia-e-georreferenciamento-1536x711.png 1536w, https:\/\/adenilsongiovanini.com.br\/blog\/wp-content\/uploads\/2021\/04\/livro-de-topografia-e-georreferenciamento-320x148.png 320w, https:\/\/adenilsongiovanini.com.br\/blog\/wp-content\/uploads\/2021\/04\/livro-de-topografia-e-georreferenciamento-640x296.png 640w, https:\/\/adenilsongiovanini.com.br\/blog\/wp-content\/uploads\/2021\/04\/livro-de-topografia-e-georreferenciamento-360x167.png 360w, https:\/\/adenilsongiovanini.com.br\/blog\/wp-content\/uploads\/2021\/04\/livro-de-topografia-e-georreferenciamento-720x333.png 720w, https:\/\/adenilsongiovanini.com.br\/blog\/wp-content\/uploads\/2021\/04\/livro-de-topografia-e-georreferenciamento-1080x500.png 1080w, https:\/\/adenilsongiovanini.com.br\/blog\/wp-content\/uploads\/2021\/04\/livro-de-topografia-e-georreferenciamento-800x370.png 800w, https:\/\/adenilsongiovanini.com.br\/blog\/wp-content\/uploads\/2021\/04\/livro-de-topografia-e-georreferenciamento-1280x592.png 1280w, https:\/\/adenilsongiovanini.com.br\/blog\/wp-content\/uploads\/2021\/04\/livro-de-topografia-e-georreferenciamento.png 1565w\" alt=\"livro de topografia e georreferenciamento\" width=\"1024\" height=\"474\" \/><\/a><\/span><\/h2>\n<p><span style=\"font-family: arial, helvetica, sans-serif; font-size: 20px; color: #000000;\">Voc\u00ea quer dominar a Topografia Cadastral?<\/span><\/p>\n<p><span style=\"font-family: arial, helvetica, sans-serif; font-size: 20px; color: #000000;\">Ent\u00e3o eu tenho uma \u00f3tima noticia para voc\u00ea. Me refiro ao <span style=\"color: #0000ff;\"><a style=\"color: #0000ff;\" href=\"https:\/\/adenilsongiovanini.com.br\/georreferenciamento-de-imoveis-rurais-na-pratica\/\" rel=\"nofollow noreferrer\">livro Topografia Cadastral e Georreferenciamento de Im\u00f3veis Rurais na Pr\u00e1tica<\/a><\/span>.<\/span><\/p>\n<p><span style=\"font-size: 20px; color: #000000;\"><span style=\"font-family: arial, helvetica, sans-serif;\">O mesmo \u00e9 dividido em 10 cap\u00edtulos recheados com muitos estudos de caso e exemplos pr\u00e1ticos. <\/span><span style=\"font-family: arial, helvetica, sans-serif;\">Para conhecer melhor a estrutura do mesmo, juntar-se a mais de 800 profissionais e adquirir sua c\u00f3pia \u00e9 s\u00f3 clicar no bot\u00e3o abaixo:<\/span><\/span><\/p>\n<div class=\"su-button-center\">\n<div class=\"su-button-center\"><span style=\"color: #000000; font-size: 20px;\"><div class=\"su-button-center\"><a href=\"https:\/\/adenilsongiovanini.com.br\/georreferenciamento-de-imoveis-rurais-na-pratica\/\" class=\"su-button su-button-style-3d\" style=\"color:#000000;background-color:#2BCC2F;border-color:#23a426;border-radius:9px\" target=\"_blank\" rel=\"nofollow\" id=\"1\"><span style=\"color:#000000;padding:0px 24px;font-size:18px;line-height:36px;border-color:#6bdc6e;border-radius:9px;text-shadow:0px 0px 0px #000000\"> \u279c Quero Conhecer Melhor o Livro, Pois Quero e Preciso Aprender Mais Sobre Legisla\u00e7\u00e3o Cadastral e Geo. de Im\u00f3veis Rurais<\/span><\/a><\/div><\/span><\/div>\n<\/div>\n<p>&nbsp;<\/p>\n","protected":false},"excerpt":{"rendered":"<p>Sistema de coordenadas UTM, voc\u00ea acabou de encontrar um artigo definitivo a respeito do tema. Com a leitura do mesmo voc\u00ea aprender\u00e1: O que significa a sigla UTM; Quais as propriedades do sistema de coordenadas UTM; Qual a origem do sistema de coordenadas UTM e; Como encontrar a localiza\u00e7\u00e3o de [&hellip;]<\/p>\n","protected":false},"author":1,"featured_media":3798,"comment_status":"closed","ping_status":"closed","sticky":false,"template":"","format":"standard","meta":{"_monsterinsights_skip_tracking":false,"_monsterinsights_sitenote_active":false,"_monsterinsights_sitenote_note":"","_monsterinsights_sitenote_category":0,"footnotes":""},"categories":[53],"tags":[],"class_list":["post-19122","post","type-post","status-publish","format-standard","has-post-thumbnail","hentry","category-cartografia"],"yoast_head":"<!-- This site is optimized with the Yoast SEO plugin v26.5 - https:\/\/yoast.com\/wordpress\/plugins\/seo\/ -->\n<title>Sistema de Coordenadas UTM? - Adenilson Giovanini<\/title>\n<meta name=\"description\" content=\"Sistema de coordenadas utm. Descubra o que \u00e9, quais suas propriedades, caracteristicas, para que serve e quando utilizar?\" \/>\n<meta name=\"robots\" content=\"index, follow, max-snippet:-1, max-image-preview:large, max-video-preview:-1\" \/>\n<link rel=\"canonical\" href=\"https:\/\/adenilsongiovanini.com.br\/blog\/sistema-de-coordenadas-utm\/\" \/>\n<meta property=\"og:locale\" content=\"pt_BR\" \/>\n<meta property=\"og:type\" content=\"article\" \/>\n<meta property=\"og:title\" content=\"Sistema de Coordenadas UTM? - Adenilson Giovanini\" \/>\n<meta property=\"og:description\" content=\"Sistema de coordenadas utm. Descubra o que \u00e9, quais suas propriedades, caracteristicas, para que serve e quando utilizar?\" \/>\n<meta property=\"og:url\" content=\"https:\/\/adenilsongiovanini.com.br\/blog\/sistema-de-coordenadas-utm\/\" \/>\n<meta property=\"og:site_name\" content=\"Adenilson Giovanini\" \/>\n<meta property=\"article:publisher\" content=\"https:\/\/www.facebook.com\/otopografo\/\" \/>\n<meta property=\"article:author\" content=\"https:\/\/www.facebook.com\/otopografo\/\" \/>\n<meta property=\"article:published_time\" content=\"2021-03-29T16:57:02+00:00\" \/>\n<meta property=\"article:modified_time\" content=\"2022-08-10T21:51:11+00:00\" \/>\n<meta property=\"og:image\" content=\"https:\/\/adenilsongiovanini.com.br\/blog\/wp-content\/uploads\/2019\/12\/coordenadas-utm.jpg\" \/>\n\t<meta property=\"og:image:width\" content=\"535\" \/>\n\t<meta property=\"og:image:height\" content=\"315\" \/>\n\t<meta property=\"og:image:type\" content=\"image\/jpeg\" \/>\n<meta name=\"author\" content=\"Adenilson Giovanini\" \/>\n<meta name=\"twitter:card\" content=\"summary_large_image\" \/>\n<meta name=\"twitter:label1\" content=\"Escrito por\" \/>\n\t<meta name=\"twitter:data1\" content=\"Adenilson Giovanini\" \/>\n\t<meta name=\"twitter:label2\" content=\"Est. tempo de leitura\" \/>\n\t<meta name=\"twitter:data2\" content=\"7 minutos\" \/>\n<script type=\"application\/ld+json\" class=\"yoast-schema-graph\">{\"@context\":\"https:\/\/schema.org\",\"@graph\":[{\"@type\":\"Article\",\"@id\":\"https:\/\/adenilsongiovanini.com.br\/blog\/sistema-de-coordenadas-utm\/#article\",\"isPartOf\":{\"@id\":\"https:\/\/adenilsongiovanini.com.br\/blog\/sistema-de-coordenadas-utm\/\"},\"author\":{\"name\":\"Adenilson Giovanini\",\"@id\":\"https:\/\/adenilsongiovanini.com.br\/blog\/#\/schema\/person\/9c1daa7da73c116aae2cb0568d1daa23\"},\"headline\":\"Sistema de Coordenadas UTM?\",\"datePublished\":\"2021-03-29T16:57:02+00:00\",\"dateModified\":\"2022-08-10T21:51:11+00:00\",\"mainEntityOfPage\":{\"@id\":\"https:\/\/adenilsongiovanini.com.br\/blog\/sistema-de-coordenadas-utm\/\"},\"wordCount\":979,\"publisher\":{\"@id\":\"https:\/\/adenilsongiovanini.com.br\/blog\/#\/schema\/person\/9c1daa7da73c116aae2cb0568d1daa23\"},\"image\":{\"@id\":\"https:\/\/adenilsongiovanini.com.br\/blog\/sistema-de-coordenadas-utm\/#primaryimage\"},\"thumbnailUrl\":\"https:\/\/adenilsongiovanini.com.br\/blog\/wp-content\/uploads\/2019\/12\/coordenadas-utm.jpg\",\"articleSection\":[\"Cartografia\"],\"inLanguage\":\"pt-BR\"},{\"@type\":\"WebPage\",\"@id\":\"https:\/\/adenilsongiovanini.com.br\/blog\/sistema-de-coordenadas-utm\/\",\"url\":\"https:\/\/adenilsongiovanini.com.br\/blog\/sistema-de-coordenadas-utm\/\",\"name\":\"Sistema de Coordenadas UTM? - Adenilson Giovanini\",\"isPartOf\":{\"@id\":\"https:\/\/adenilsongiovanini.com.br\/blog\/#website\"},\"primaryImageOfPage\":{\"@id\":\"https:\/\/adenilsongiovanini.com.br\/blog\/sistema-de-coordenadas-utm\/#primaryimage\"},\"image\":{\"@id\":\"https:\/\/adenilsongiovanini.com.br\/blog\/sistema-de-coordenadas-utm\/#primaryimage\"},\"thumbnailUrl\":\"https:\/\/adenilsongiovanini.com.br\/blog\/wp-content\/uploads\/2019\/12\/coordenadas-utm.jpg\",\"datePublished\":\"2021-03-29T16:57:02+00:00\",\"dateModified\":\"2022-08-10T21:51:11+00:00\",\"description\":\"Sistema de coordenadas utm. Descubra o que \u00e9, quais suas propriedades, caracteristicas, para que serve e quando utilizar?\",\"breadcrumb\":{\"@id\":\"https:\/\/adenilsongiovanini.com.br\/blog\/sistema-de-coordenadas-utm\/#breadcrumb\"},\"inLanguage\":\"pt-BR\",\"potentialAction\":[{\"@type\":\"ReadAction\",\"target\":[\"https:\/\/adenilsongiovanini.com.br\/blog\/sistema-de-coordenadas-utm\/\"]}]},{\"@type\":\"ImageObject\",\"inLanguage\":\"pt-BR\",\"@id\":\"https:\/\/adenilsongiovanini.com.br\/blog\/sistema-de-coordenadas-utm\/#primaryimage\",\"url\":\"https:\/\/adenilsongiovanini.com.br\/blog\/wp-content\/uploads\/2019\/12\/coordenadas-utm.jpg\",\"contentUrl\":\"https:\/\/adenilsongiovanini.com.br\/blog\/wp-content\/uploads\/2019\/12\/coordenadas-utm.jpg\",\"width\":535,\"height\":315},{\"@type\":\"BreadcrumbList\",\"@id\":\"https:\/\/adenilsongiovanini.com.br\/blog\/sistema-de-coordenadas-utm\/#breadcrumb\",\"itemListElement\":[{\"@type\":\"ListItem\",\"position\":1,\"name\":\"Home\",\"item\":\"https:\/\/adenilsongiovanini.com.br\/blog\/\"},{\"@type\":\"ListItem\",\"position\":2,\"name\":\"Sistema de Coordenadas UTM?\"}]},{\"@type\":\"WebSite\",\"@id\":\"https:\/\/adenilsongiovanini.com.br\/blog\/#website\",\"url\":\"https:\/\/adenilsongiovanini.com.br\/blog\/\",\"name\":\"Adenilson Giovanini\",\"description\":\"Topografia e Geotecnologias\",\"publisher\":{\"@id\":\"https:\/\/adenilsongiovanini.com.br\/blog\/#\/schema\/person\/9c1daa7da73c116aae2cb0568d1daa23\"},\"potentialAction\":[{\"@type\":\"SearchAction\",\"target\":{\"@type\":\"EntryPoint\",\"urlTemplate\":\"https:\/\/adenilsongiovanini.com.br\/blog\/?s={search_term_string}\"},\"query-input\":{\"@type\":\"PropertyValueSpecification\",\"valueRequired\":true,\"valueName\":\"search_term_string\"}}],\"inLanguage\":\"pt-BR\"},{\"@type\":[\"Person\",\"Organization\"],\"@id\":\"https:\/\/adenilsongiovanini.com.br\/blog\/#\/schema\/person\/9c1daa7da73c116aae2cb0568d1daa23\",\"name\":\"Adenilson Giovanini\",\"image\":{\"@type\":\"ImageObject\",\"inLanguage\":\"pt-BR\",\"@id\":\"https:\/\/adenilsongiovanini.com.br\/blog\/#\/schema\/person\/image\/\",\"url\":\"https:\/\/adenilsongiovanini.com.br\/blog\/wp-content\/litespeed\/avatar\/be8f4de5c0b8a93c57a4f29cbf2f1e92.jpg?ver=1777130135\",\"contentUrl\":\"https:\/\/adenilsongiovanini.com.br\/blog\/wp-content\/litespeed\/avatar\/be8f4de5c0b8a93c57a4f29cbf2f1e92.jpg?ver=1777130135\",\"caption\":\"Adenilson Giovanini\"},\"logo\":{\"@id\":\"https:\/\/adenilsongiovanini.com.br\/blog\/#\/schema\/person\/image\/\"},\"description\":\"O Professor Adenilson Giovanini \u00e9 especialista em Topografia Cadastral e Georreferenciamento de Im\u00f3veis Rurais. O mesmo possui o Maior Site de Engenharia de Agrimensura do Brasil. Site este que tem mais de 102.000 visualiza\u00e7\u00f5es por m\u00eas. Tamb\u00e9m possui mais de 600 v\u00eddeos em seu canal no youtube. Al\u00e9m disso, \u00e9 escritor Best Seller, possuindo v\u00e1rios cursos e livros de sucesso.\",\"sameAs\":[\"http:\/\/adenilsongiovanini.com.br\",\"https:\/\/www.facebook.com\/otopografo\/\",\"https:\/\/www.instagram.com\/adenilson_giovanini\/\",\"https:\/\/www.linkedin.com\/in\/adenilson-giovanini-819b8035\/\",\"https:\/\/br.pinterest.com\/adenilsongiovanini\/\",\"https:\/\/www.youtube.com\/channel\/uce-br7ghiuog2txcsdx5vrw\"]}]}<\/script>\n<!-- \/ Yoast SEO plugin. -->","yoast_head_json":{"title":"Sistema de Coordenadas UTM? - Adenilson Giovanini","description":"Sistema de coordenadas utm. Descubra o que \u00e9, quais suas propriedades, caracteristicas, para que serve e quando utilizar?","robots":{"index":"index","follow":"follow","max-snippet":"max-snippet:-1","max-image-preview":"max-image-preview:large","max-video-preview":"max-video-preview:-1"},"canonical":"https:\/\/adenilsongiovanini.com.br\/blog\/sistema-de-coordenadas-utm\/","og_locale":"pt_BR","og_type":"article","og_title":"Sistema de Coordenadas UTM? - Adenilson Giovanini","og_description":"Sistema de coordenadas utm. Descubra o que \u00e9, quais suas propriedades, caracteristicas, para que serve e quando utilizar?","og_url":"https:\/\/adenilsongiovanini.com.br\/blog\/sistema-de-coordenadas-utm\/","og_site_name":"Adenilson Giovanini","article_publisher":"https:\/\/www.facebook.com\/otopografo\/","article_author":"https:\/\/www.facebook.com\/otopografo\/","article_published_time":"2021-03-29T16:57:02+00:00","article_modified_time":"2022-08-10T21:51:11+00:00","og_image":[{"width":535,"height":315,"url":"https:\/\/adenilsongiovanini.com.br\/blog\/wp-content\/uploads\/2019\/12\/coordenadas-utm.jpg","type":"image\/jpeg"}],"author":"Adenilson Giovanini","twitter_card":"summary_large_image","twitter_misc":{"Escrito por":"Adenilson Giovanini","Est. tempo de leitura":"7 minutos"},"schema":{"@context":"https:\/\/schema.org","@graph":[{"@type":"Article","@id":"https:\/\/adenilsongiovanini.com.br\/blog\/sistema-de-coordenadas-utm\/#article","isPartOf":{"@id":"https:\/\/adenilsongiovanini.com.br\/blog\/sistema-de-coordenadas-utm\/"},"author":{"name":"Adenilson Giovanini","@id":"https:\/\/adenilsongiovanini.com.br\/blog\/#\/schema\/person\/9c1daa7da73c116aae2cb0568d1daa23"},"headline":"Sistema de Coordenadas UTM?","datePublished":"2021-03-29T16:57:02+00:00","dateModified":"2022-08-10T21:51:11+00:00","mainEntityOfPage":{"@id":"https:\/\/adenilsongiovanini.com.br\/blog\/sistema-de-coordenadas-utm\/"},"wordCount":979,"publisher":{"@id":"https:\/\/adenilsongiovanini.com.br\/blog\/#\/schema\/person\/9c1daa7da73c116aae2cb0568d1daa23"},"image":{"@id":"https:\/\/adenilsongiovanini.com.br\/blog\/sistema-de-coordenadas-utm\/#primaryimage"},"thumbnailUrl":"https:\/\/adenilsongiovanini.com.br\/blog\/wp-content\/uploads\/2019\/12\/coordenadas-utm.jpg","articleSection":["Cartografia"],"inLanguage":"pt-BR"},{"@type":"WebPage","@id":"https:\/\/adenilsongiovanini.com.br\/blog\/sistema-de-coordenadas-utm\/","url":"https:\/\/adenilsongiovanini.com.br\/blog\/sistema-de-coordenadas-utm\/","name":"Sistema de Coordenadas UTM? - Adenilson Giovanini","isPartOf":{"@id":"https:\/\/adenilsongiovanini.com.br\/blog\/#website"},"primaryImageOfPage":{"@id":"https:\/\/adenilsongiovanini.com.br\/blog\/sistema-de-coordenadas-utm\/#primaryimage"},"image":{"@id":"https:\/\/adenilsongiovanini.com.br\/blog\/sistema-de-coordenadas-utm\/#primaryimage"},"thumbnailUrl":"https:\/\/adenilsongiovanini.com.br\/blog\/wp-content\/uploads\/2019\/12\/coordenadas-utm.jpg","datePublished":"2021-03-29T16:57:02+00:00","dateModified":"2022-08-10T21:51:11+00:00","description":"Sistema de coordenadas utm. Descubra o que \u00e9, quais suas propriedades, caracteristicas, para que serve e quando utilizar?","breadcrumb":{"@id":"https:\/\/adenilsongiovanini.com.br\/blog\/sistema-de-coordenadas-utm\/#breadcrumb"},"inLanguage":"pt-BR","potentialAction":[{"@type":"ReadAction","target":["https:\/\/adenilsongiovanini.com.br\/blog\/sistema-de-coordenadas-utm\/"]}]},{"@type":"ImageObject","inLanguage":"pt-BR","@id":"https:\/\/adenilsongiovanini.com.br\/blog\/sistema-de-coordenadas-utm\/#primaryimage","url":"https:\/\/adenilsongiovanini.com.br\/blog\/wp-content\/uploads\/2019\/12\/coordenadas-utm.jpg","contentUrl":"https:\/\/adenilsongiovanini.com.br\/blog\/wp-content\/uploads\/2019\/12\/coordenadas-utm.jpg","width":535,"height":315},{"@type":"BreadcrumbList","@id":"https:\/\/adenilsongiovanini.com.br\/blog\/sistema-de-coordenadas-utm\/#breadcrumb","itemListElement":[{"@type":"ListItem","position":1,"name":"Home","item":"https:\/\/adenilsongiovanini.com.br\/blog\/"},{"@type":"ListItem","position":2,"name":"Sistema de Coordenadas UTM?"}]},{"@type":"WebSite","@id":"https:\/\/adenilsongiovanini.com.br\/blog\/#website","url":"https:\/\/adenilsongiovanini.com.br\/blog\/","name":"Adenilson Giovanini","description":"Topografia e Geotecnologias","publisher":{"@id":"https:\/\/adenilsongiovanini.com.br\/blog\/#\/schema\/person\/9c1daa7da73c116aae2cb0568d1daa23"},"potentialAction":[{"@type":"SearchAction","target":{"@type":"EntryPoint","urlTemplate":"https:\/\/adenilsongiovanini.com.br\/blog\/?s={search_term_string}"},"query-input":{"@type":"PropertyValueSpecification","valueRequired":true,"valueName":"search_term_string"}}],"inLanguage":"pt-BR"},{"@type":["Person","Organization"],"@id":"https:\/\/adenilsongiovanini.com.br\/blog\/#\/schema\/person\/9c1daa7da73c116aae2cb0568d1daa23","name":"Adenilson Giovanini","image":{"@type":"ImageObject","inLanguage":"pt-BR","@id":"https:\/\/adenilsongiovanini.com.br\/blog\/#\/schema\/person\/image\/","url":"https:\/\/adenilsongiovanini.com.br\/blog\/wp-content\/litespeed\/avatar\/be8f4de5c0b8a93c57a4f29cbf2f1e92.jpg?ver=1777130135","contentUrl":"https:\/\/adenilsongiovanini.com.br\/blog\/wp-content\/litespeed\/avatar\/be8f4de5c0b8a93c57a4f29cbf2f1e92.jpg?ver=1777130135","caption":"Adenilson Giovanini"},"logo":{"@id":"https:\/\/adenilsongiovanini.com.br\/blog\/#\/schema\/person\/image\/"},"description":"O Professor Adenilson Giovanini \u00e9 especialista em Topografia Cadastral e Georreferenciamento de Im\u00f3veis Rurais. O mesmo possui o Maior Site de Engenharia de Agrimensura do Brasil. Site este que tem mais de 102.000 visualiza\u00e7\u00f5es por m\u00eas. Tamb\u00e9m possui mais de 600 v\u00eddeos em seu canal no youtube. Al\u00e9m disso, \u00e9 escritor Best Seller, possuindo v\u00e1rios cursos e livros de sucesso.","sameAs":["http:\/\/adenilsongiovanini.com.br","https:\/\/www.facebook.com\/otopografo\/","https:\/\/www.instagram.com\/adenilson_giovanini\/","https:\/\/www.linkedin.com\/in\/adenilson-giovanini-819b8035\/","https:\/\/br.pinterest.com\/adenilsongiovanini\/","https:\/\/www.youtube.com\/channel\/uce-br7ghiuog2txcsdx5vrw"]}]}},"amp_enabled":true,"_links":{"self":[{"href":"https:\/\/adenilsongiovanini.com.br\/blog\/wp-json\/wp\/v2\/posts\/19122","targetHints":{"allow":["GET"]}}],"collection":[{"href":"https:\/\/adenilsongiovanini.com.br\/blog\/wp-json\/wp\/v2\/posts"}],"about":[{"href":"https:\/\/adenilsongiovanini.com.br\/blog\/wp-json\/wp\/v2\/types\/post"}],"author":[{"embeddable":true,"href":"https:\/\/adenilsongiovanini.com.br\/blog\/wp-json\/wp\/v2\/users\/1"}],"replies":[{"embeddable":true,"href":"https:\/\/adenilsongiovanini.com.br\/blog\/wp-json\/wp\/v2\/comments?post=19122"}],"version-history":[{"count":0,"href":"https:\/\/adenilsongiovanini.com.br\/blog\/wp-json\/wp\/v2\/posts\/19122\/revisions"}],"wp:featuredmedia":[{"embeddable":true,"href":"https:\/\/adenilsongiovanini.com.br\/blog\/wp-json\/wp\/v2\/media\/3798"}],"wp:attachment":[{"href":"https:\/\/adenilsongiovanini.com.br\/blog\/wp-json\/wp\/v2\/media?parent=19122"}],"wp:term":[{"taxonomy":"category","embeddable":true,"href":"https:\/\/adenilsongiovanini.com.br\/blog\/wp-json\/wp\/v2\/categories?post=19122"},{"taxonomy":"post_tag","embeddable":true,"href":"https:\/\/adenilsongiovanini.com.br\/blog\/wp-json\/wp\/v2\/tags?post=19122"}],"curies":[{"name":"wp","href":"https:\/\/api.w.org\/{rel}","templated":true}]}}