{"id":1720,"date":"2017-12-19T20:27:11","date_gmt":"2017-12-19T20:27:11","guid":{"rendered":"http:\/\/adenilsongiovanini.com.br\/blog\/?p=1720"},"modified":"2022-08-01T18:22:56","modified_gmt":"2022-08-01T18:22:56","slug":"principios-registrais","status":"publish","type":"post","link":"https:\/\/adenilsongiovanini.com.br\/blog\/principios-registrais\/","title":{"rendered":"Princ\u00edpios registrais: Descubra quais os 10 principais"},"content":{"rendered":"<p><span style=\"font-size: 20px; font-family: arial, helvetica, sans-serif; color: #000000;\">Os diferentes <em><strong>princ\u00edpios registrais<\/strong><\/em> exercem um papel fundamental no nosso dia a dia.<\/span><\/p>\n<p><span style=\"font-size: 20px; font-family: arial, helvetica, sans-serif; color: #000000;\">No nosso dia a dia n\u00f3s produzimos uma grande quantidade de <span style=\"color: #0000ff;\"><a style=\"color: #0000ff;\" href=\"https:\/\/adenilsongiovanini.com.br\/blog\/plantas-topograficas-saiba-isso-antes-de-produzir\/\">plantas<\/a><\/span>, mapas, <span style=\"color: #0000ff;\"><a style=\"color: #0000ff;\" href=\"http:\/\/adenilsongiovanini.com.br\/blog\/memorial-descritivo-topografia\/\" target=\"_blank\" rel=\"noopener noreferrer\">memoriais descritivos<\/a> <\/span>e outras pe\u00e7as t\u00e9cnicas diversas!<\/span><\/p>\n<p><span style=\"font-size: 20px; font-family: arial, helvetica, sans-serif; color: #000000;\">Por\u00e9m, voc\u00ea j\u00e1 parou para pensar porque da necessidade da produ\u00e7\u00e3o destas pe\u00e7as t\u00e9cnicas?<\/span><\/p>\n<p><span style=\"font-size: 20px; font-family: arial, helvetica, sans-serif; color: #000000;\">Ou ainda:<\/span><\/p>\n<p><span style=\"font-size: 20px; font-family: arial, helvetica, sans-serif; color: #000000;\">Porque n\u00f3s, como profissionais de <span style=\"color: #0000ff;\"><a href=\"https:\/\/adenilsongiovanini.com.br\/curso-topografia\/\" style=\"color: #0000ff;\">Topografia Cadastral<\/a><\/span> procedemos como procedemos junto ao registro de im\u00f3veis?<\/span><\/p>\n<p><span style=\"font-size: 20px; font-family: arial, helvetica, sans-serif; color: #000000;\">A resposta \u00e9 simples: porque existem leis que dizem que devemos proceder desta maneira, sendo que as mesmas se baseiam em uma s\u00e9rie de princ\u00edpios registrais.<\/span><\/p>\n<p><span style=\"font-size: 20px; font-family: arial, helvetica, sans-serif; color: #000000;\">Desta maneira, ao entendermos estes princ\u00edpios conseguiremos entender mais facilmente como proceder no nosso dia a dia.<\/span><\/p>\n<p><span style=\"font-size: 20px; font-family: arial, helvetica, sans-serif; color: #000000;\">Al\u00e9m disso, muitas vezes o agrimensor \u00e9 o primeiro profissional procurado pelo propriet\u00e1rio do im\u00f3vel, sendo que voc\u00ea conseguir\u00e1 instruir muito melhor seus clientes. Ao fazer isso voc\u00ea mostrar\u00e1 que \u00e9 uma autoridade no assunto, conquistando-o e fazendo-o contratar seu servi\u00e7os.<\/span><\/p>\n<p><span style=\"font-size: 20px; font-family: arial, helvetica, sans-serif; color: #000000;\">Por causa disso, decidi produzir este artigo trazendo os 10 princ\u00edpios registrais que a meu ver mais influenciam no nosso dia a dia.<\/span><\/p>\n<p>&nbsp;<\/p>\n<p style=\"text-align: center;\"><span style=\"font-size: 24px; color: #000000;\"><strong><span style=\"font-family: arial, helvetica, sans-serif;\">Princ\u00edpios registrais &#8211; Princ\u00edpio da unitariedade da matr\u00edcula<\/span><\/strong><\/span><\/p>\n<p><img decoding=\"async\" class=\"aligncenter wp-image-21480 size-large\" src=\"https:\/\/adenilsongiovanini.com.br\/blog\/wp-content\/uploads\/2021\/07\/lei-dos-registros-publicos-1024x684.jpg\" alt=\"Princ\u00edpios registrais - Princ\u00edpio da unitariedade da matr\u00edcula\" width=\"780\" height=\"521\" srcset=\"https:\/\/adenilsongiovanini.com.br\/blog\/wp-content\/uploads\/2021\/07\/lei-dos-registros-publicos-1024x684.jpg 1024w, https:\/\/adenilsongiovanini.com.br\/blog\/wp-content\/uploads\/2021\/07\/lei-dos-registros-publicos-300x200.jpg 300w, https:\/\/adenilsongiovanini.com.br\/blog\/wp-content\/uploads\/2021\/07\/lei-dos-registros-publicos-768x513.jpg 768w, https:\/\/adenilsongiovanini.com.br\/blog\/wp-content\/uploads\/2021\/07\/lei-dos-registros-publicos-1536x1026.jpg 1536w, https:\/\/adenilsongiovanini.com.br\/blog\/wp-content\/uploads\/2021\/07\/lei-dos-registros-publicos-2048x1368.jpg 2048w, https:\/\/adenilsongiovanini.com.br\/blog\/wp-content\/uploads\/2021\/07\/lei-dos-registros-publicos-320x214.jpg 320w, https:\/\/adenilsongiovanini.com.br\/blog\/wp-content\/uploads\/2021\/07\/lei-dos-registros-publicos-640x427.jpg 640w, https:\/\/adenilsongiovanini.com.br\/blog\/wp-content\/uploads\/2021\/07\/lei-dos-registros-publicos-360x240.jpg 360w, https:\/\/adenilsongiovanini.com.br\/blog\/wp-content\/uploads\/2021\/07\/lei-dos-registros-publicos-720x481.jpg 720w, https:\/\/adenilsongiovanini.com.br\/blog\/wp-content\/uploads\/2021\/07\/lei-dos-registros-publicos-1080x721.jpg 1080w, https:\/\/adenilsongiovanini.com.br\/blog\/wp-content\/uploads\/2021\/07\/lei-dos-registros-publicos-800x534.jpg 800w, https:\/\/adenilsongiovanini.com.br\/blog\/wp-content\/uploads\/2021\/07\/lei-dos-registros-publicos-1280x855.jpg 1280w\" sizes=\"(max-width: 780px) 100vw, 780px\" \/><\/p>\n<p><span style=\"font-size: 20px; font-family: arial, helvetica, sans-serif; color: #000000;\">O Princ\u00edpio da unitariedade da matricula est\u00e1 disposto nos artigos 176, incisos 1\u00b0, I e 228 da lei n\u00b0 6.015\/73.<\/span><\/p>\n<p><span style=\"font-size: 20px; font-family: arial, helvetica, sans-serif; color: #000000;\">Ele tr\u00e1s a obrigatoriedade legal de cada <a style=\"color: #000000;\" href=\"http:\/\/www.cadastrorural.gov.br\/perguntas-frequentes\/propriedade-rural\/@@perguntas_frequentes_tema_view\" target=\"_blank\" rel=\"noopener noreferrer\"><span style=\"color: #0000ff;\">matr\u00edcula<\/span><\/a> envolver um \u00fanico im\u00f3vel e de cada im\u00f3vel ter uma \u00fanica matr\u00edcula.<\/span><\/p>\n<p><span style=\"font-size: 20px; font-family: arial, helvetica, sans-serif; color: #000000;\">Se voc\u00ea parar para analisar, perceber\u00e1 que o impacto deste principio no nosso dia a dia \u00e9 tremendo.<\/span><\/p>\n<p><span style=\"font-size: 20px; font-family: arial, helvetica, sans-serif; color: #000000;\">Isso porque a partir do momento que temos ci\u00eancia do mesmo entenderemos que n\u00e3o tem como uma matricula possuir mais de um <span style=\"color: #0000ff;\"><a style=\"color: #0000ff;\" href=\"http:\/\/www.incra.gov.br\/o-que-e-imovel-rural-nos-termos-da-legislacao-agraria\" target=\"_blank\" rel=\"noopener noreferrer\">im\u00f3vel rural<\/a><\/span>.<\/span><\/p>\n<p><span style=\"font-size: 20px; font-family: arial, helvetica, sans-serif; color: #000000;\">Da mesma maneira, \u00e9 imposs\u00edvel uma <a style=\"color: #000000;\" href=\"http:\/\/www.propriedadeimobiliaria.com.br\/\" target=\"_blank\" rel=\"noopener noreferrer\"><span style=\"color: #0000ff;\">propriedade imobili\u00e1ria<\/span><\/a> ter mais de uma matricula.<\/span><\/p>\n<p>&nbsp;<\/p>\n<h2 style=\"text-align: center;\"><span style=\"font-size: 20px; color: #000000;\"><strong><span style=\"font-family: arial, helvetica, sans-serif;\">Princ\u00edpios registrais &#8211; Princ\u00edpio da legalidade<\/span><\/strong><\/span><\/h2>\n<p><img decoding=\"async\" class=\"aligncenter wp-image-22364 size-large\" src=\"https:\/\/adenilsongiovanini.com.br\/blog\/wp-content\/uploads\/2017\/12\/Principio-da-legalidade-780x520.png\" alt=\"Princ\u00edpio da legalidade\" width=\"780\" height=\"520\" srcset=\"https:\/\/adenilsongiovanini.com.br\/blog\/wp-content\/uploads\/2017\/12\/Principio-da-legalidade-780x520.png 780w, https:\/\/adenilsongiovanini.com.br\/blog\/wp-content\/uploads\/2017\/12\/Principio-da-legalidade-300x200.png 300w, https:\/\/adenilsongiovanini.com.br\/blog\/wp-content\/uploads\/2017\/12\/Principio-da-legalidade-768x512.png 768w, https:\/\/adenilsongiovanini.com.br\/blog\/wp-content\/uploads\/2017\/12\/Principio-da-legalidade.png 1080w\" sizes=\"(max-width: 780px) 100vw, 780px\" \/><\/p>\n<p><span style=\"font-size: 20px; font-family: arial, helvetica, sans-serif; color: #000000;\">Este princ\u00edpio decorre do fato de que n\u00e3o existe direito real por acordo entre as partes. Ou seja, somente \u00e9 direito real aquilo que assim se encontra qualificado em lei.<\/span><\/p>\n<p><span style=\"font-size: 20px; font-family: arial, helvetica, sans-serif; color: #000000;\">O impacto deste princ\u00edpio registral no nosso dia a dia \u00e9 que o mesmo limita os t\u00edtulos registr\u00e1veis, permitindo apenas o ingresso no registro de im\u00f3veis de t\u00edtulos expressamente indicados em lei.<\/span><\/p>\n<p><span style=\"font-size: 20px; font-family: arial, helvetica, sans-serif; color: #000000;\">Ou seja, n\u00e3o tem como \u00e1reas de posse ingressarem no registro.<\/span><\/p>\n<p><span style=\"font-size: 20px; font-family: arial, helvetica, sans-serif; color: #000000;\">Da mesma maneira, n\u00e3o tem como algu\u00e9m chegar com um simples <span style=\"color: #0000ff;\"><a style=\"color: #0000ff;\" href=\"https:\/\/chcadvocacia.adv.br\/blog\/contrato-de-gaveta\/#:~:text=Veja%3A%20um%20contrato%20de%20gaveta,n%C3%A3o%20havendo%20registro%20no%20cart%C3%B3rio\" target=\"_blank\" rel=\"noopener noreferrer\">contrato de gaveta<\/a><\/span> e requerer o registro de determinada \u00e1rea em seu nome.<\/span><\/p>\n<p>&nbsp;<\/p>\n<h2 style=\"text-align: center;\"><span style=\"font-size: 20px; color: #000000;\"><strong><span style=\"font-family: arial, helvetica, sans-serif;\">Princ\u00edpios registrais &#8211; Princ\u00edpio da prioridade<\/span><\/strong><\/span><\/h2>\n<p><img decoding=\"async\" class=\"aligncenter size-full wp-image-22365\" src=\"https:\/\/adenilsongiovanini.com.br\/blog\/wp-content\/uploads\/2017\/12\/Principio-da-prioridade.jpg\" alt=\"principios registrais - Princ\u00edpio da prioridade\" width=\"589\" height=\"353\" srcset=\"https:\/\/adenilsongiovanini.com.br\/blog\/wp-content\/uploads\/2017\/12\/Principio-da-prioridade.jpg 589w, https:\/\/adenilsongiovanini.com.br\/blog\/wp-content\/uploads\/2017\/12\/Principio-da-prioridade-300x180.jpg 300w\" sizes=\"(max-width: 589px) 100vw, 589px\" \/><\/p>\n<p><span style=\"font-size: 20px; font-family: arial, helvetica, sans-serif; color: #000000;\">Este principio aborda o fato temporal dos t\u00edtulos levado a registro. Isso porque no \u00e2mbito do registro de im\u00f3veis os direitos reais sobre determinado im\u00f3vel s\u00e3o classificados atrav\u00e9s da ordem cronol\u00f3gica dos registros.<\/span><\/p>\n<p>&nbsp;<\/p>\n<h2 style=\"text-align: center;\"><span style=\"font-size: 20px; color: #000000;\"><strong><span style=\"font-family: arial, helvetica, sans-serif;\">Princ\u00edpios registrais &#8211; Princ\u00edpio da inst\u00e2ncia<\/span><\/strong><\/span><\/h2>\n<p><img decoding=\"async\" class=\"aligncenter wp-image-22366 size-large\" src=\"https:\/\/adenilsongiovanini.com.br\/blog\/wp-content\/uploads\/2017\/12\/Principio-da-instancia-780x410.jpg\" alt=\"Princ\u00edpios registrais - Princ\u00edpio da inst\u00e2ncia\" width=\"780\" height=\"410\" srcset=\"https:\/\/adenilsongiovanini.com.br\/blog\/wp-content\/uploads\/2017\/12\/Principio-da-instancia-780x410.jpg 780w, https:\/\/adenilsongiovanini.com.br\/blog\/wp-content\/uploads\/2017\/12\/Principio-da-instancia-300x158.jpg 300w, https:\/\/adenilsongiovanini.com.br\/blog\/wp-content\/uploads\/2017\/12\/Principio-da-instancia-768x404.jpg 768w, https:\/\/adenilsongiovanini.com.br\/blog\/wp-content\/uploads\/2017\/12\/Principio-da-instancia.jpg 1024w\" sizes=\"(max-width: 780px) 100vw, 780px\" \/><\/p>\n<p><span style=\"font-size: 20px; font-family: arial, helvetica, sans-serif; color: #000000;\">Este princ\u00edpio tem por intuito garantir que o ato de registro mantenha-se intacto a n\u00e3o ser por pedido de altera\u00e7\u00e3o ou aperfei\u00e7oamento do detentor do direito ou do interesse jur\u00eddico para tanto.<\/span><\/p>\n<p><span style=\"font-size: 20px; font-family: arial, helvetica, sans-serif; color: #000000;\">O registrador, n\u00e3o pode agir de of\u00edcio em situa\u00e7\u00f5es que envolvam altera\u00e7\u00f5es que ponham em risco o direito a propriedade, do propriet\u00e1rio e de seus confrontantes.<\/span><\/p>\n<p><span style=\"font-size: 20px; font-family: arial, helvetica, sans-serif; color: #000000;\">O principio da prioridade tem forte impacto no nosso dia a dia, pois n\u00e3o tem como outra pessoa a n\u00e3o ser o propriet\u00e1rio pedir qualquer altera\u00e7\u00e3o no registro.<\/span><\/p>\n<h2 style=\"text-align: center;\"><span style=\"font-size: 20px; color: #000000;\"><strong><span style=\"font-family: arial, helvetica, sans-serif;\">Princ\u00edpios registrais &#8211; Princ\u00edpio da publicidade<\/span><\/strong><\/span><\/h2>\n<p><img decoding=\"async\" class=\"aligncenter wp-image-4072 size-large\" src=\"https:\/\/adenilsongiovanini.com.br\/blog\/wp-content\/uploads\/2019\/12\/Desmembramento-de-im\u00f3vel-em-cart\u00f3rio-Etapa-5-Procedimento-junto-ao-registro-de-im\u00f3veis-780x449.jpg\" alt=\"Princ\u00edpio da publicidade\" width=\"780\" height=\"449\" srcset=\"https:\/\/adenilsongiovanini.com.br\/blog\/wp-content\/uploads\/2019\/12\/Desmembramento-de-im\u00f3vel-em-cart\u00f3rio-Etapa-5-Procedimento-junto-ao-registro-de-im\u00f3veis-780x449.jpg 780w, https:\/\/adenilsongiovanini.com.br\/blog\/wp-content\/uploads\/2019\/12\/Desmembramento-de-im\u00f3vel-em-cart\u00f3rio-Etapa-5-Procedimento-junto-ao-registro-de-im\u00f3veis-300x173.jpg 300w, https:\/\/adenilsongiovanini.com.br\/blog\/wp-content\/uploads\/2019\/12\/Desmembramento-de-im\u00f3vel-em-cart\u00f3rio-Etapa-5-Procedimento-junto-ao-registro-de-im\u00f3veis-768x442.jpg 768w, https:\/\/adenilsongiovanini.com.br\/blog\/wp-content\/uploads\/2019\/12\/Desmembramento-de-im\u00f3vel-em-cart\u00f3rio-Etapa-5-Procedimento-junto-ao-registro-de-im\u00f3veis.jpg 800w\" sizes=\"(max-width: 780px) 100vw, 780px\" \/><\/p>\n<p><span style=\"font-size: 20px; font-family: arial, helvetica, sans-serif; color: #000000;\">Este principio considera que o registro torna p\u00fablico o conhecimento do ato registral. portanto, ningu\u00e9m pode alegar ignor\u00e2ncia do fato, uma vez que um im\u00f3vel tenha sido levado a registro.<\/span><\/p>\n<h2 style=\"text-align: center;\"><span style=\"font-size: 20px; color: #000000;\"><strong><span style=\"font-family: arial, helvetica, sans-serif;\">Princ\u00edpios registrais &#8211; Princ\u00edpio da efic\u00e1cia<\/span><\/strong><\/span><\/h2>\n<p><img decoding=\"async\" class=\"aligncenter size-full wp-image-4069\" src=\"https:\/\/adenilsongiovanini.com.br\/blog\/wp-content\/uploads\/2019\/12\/Etapas-do-desmembramento-de-im\u00f3vel-em-cart\u00f3rio.jpg\" alt=\"Princ\u00edpios registrais - Princ\u00edpio da efic\u00e1cia\" width=\"750\" height=\"410\" srcset=\"https:\/\/adenilsongiovanini.com.br\/blog\/wp-content\/uploads\/2019\/12\/Etapas-do-desmembramento-de-im\u00f3vel-em-cart\u00f3rio.jpg 750w, https:\/\/adenilsongiovanini.com.br\/blog\/wp-content\/uploads\/2019\/12\/Etapas-do-desmembramento-de-im\u00f3vel-em-cart\u00f3rio-300x164.jpg 300w\" sizes=\"(max-width: 750px) 100vw, 750px\" \/><\/p>\n<p><span style=\"font-size: 20px; font-family: arial, helvetica, sans-serif; color: #000000;\">Este principio diz respeito aos efeitos produzidos pelo t\u00edtulo. Este somente est\u00e1 apto a produzi-los ap\u00f3s a data do respectivo registro, caracterizando-se at\u00e9 ent\u00e3o como simples direito obrigacional.<\/span><\/p>\n<h2 style=\"text-align: center;\"><\/h2>\n<h2 style=\"text-align: center;\"><span style=\"font-size: 20px; color: #000000;\"><strong><span style=\"font-family: arial, helvetica, sans-serif;\">Princ\u00edpios registrais &#8211; Princ\u00edpio da disponibilidade<\/span><\/strong><\/span><\/h2>\n<p><img decoding=\"async\" class=\"aligncenter wp-image-22368\" src=\"https:\/\/adenilsongiovanini.com.br\/blog\/wp-content\/uploads\/2017\/12\/Principio-da-disponibilidade.jpg\" alt=\"\" width=\"758\" height=\"541\" srcset=\"https:\/\/adenilsongiovanini.com.br\/blog\/wp-content\/uploads\/2017\/12\/Principio-da-disponibilidade.jpg 768w, https:\/\/adenilsongiovanini.com.br\/blog\/wp-content\/uploads\/2017\/12\/Principio-da-disponibilidade-300x214.jpg 300w\" sizes=\"(max-width: 758px) 100vw, 758px\" \/><\/p>\n<p><span style=\"font-size: 20px; font-family: arial, helvetica, sans-serif; color: #000000;\">\u00c9 um princ\u00edpio impl\u00edcito, que decorre da regra de que a ningu\u00e9m \u00e9 licito dispor de mais direitos do que possui.<\/span><\/p>\n<p><span style=\"font-size: 20px; font-family: arial, helvetica, sans-serif; color: #000000;\">Desta maneira, sempre que um <span style=\"color: #0000ff;\"><a style=\"color: #0000ff;\" href=\"https:\/\/www.silveiraimoveis.com\/imovel-alienado\" target=\"_blank\" rel=\"noopener noreferrer\">im\u00f3vel for alienado<\/a><\/span> ou onerado, a pessoa que est\u00e1 fazendo isso ter\u00e1 que provar que aquele im\u00f3vel \u00e9 de sua propriedade e que caso o seja, que o mesmo ainda n\u00e3o foi alienado.<\/span><\/p>\n<p><span style=\"font-size: 20px; font-family: arial, helvetica, sans-serif; color: #000000;\">Perceba que a \u00fanica maneira de provar isso \u00e9 atrav\u00e9s da apresenta\u00e7\u00e3o de uma <a style=\"color: #000000;\" href=\"https:\/\/adenilsongiovanini.com.br\/blog\/matricula-de-imovel\/\" target=\"_blank\" rel=\"noopener noreferrer\"><span style=\"color: #0000ff;\">certid\u00e3o atualizada da matricula<\/span><\/a>. Por isso que este documento \u00e9 exigido sempre que seu cliente der sua <span style=\"color: #0000ff;\"><a href=\"https:\/\/adenilsongiovanini.com.br\/blog\/diferenca-entre-posse-e-propriedade\/\" style=\"color: #0000ff;\">propriedade imobili\u00e1ria<\/a><\/span> como garantia.<\/span><\/p>\n<p><span style=\"font-size: 20px; font-family: arial, helvetica, sans-serif; color: #000000;\">Este principio tamb\u00e9m tem um grande impacto, pois posseiros n\u00e3o conseguem, por exemplo, obter cr\u00e9dito agr\u00edcola e desta forma obter capital de giro para o financiamento de sua produ\u00e7\u00e3o.<\/span><\/p>\n<p><span style=\"font-size: 20px; font-family: arial, helvetica, sans-serif; color: #000000;\">Perceba que os mesmos tamb\u00e9m correm um outro grande risco, pois n\u00e3o conseguem assegurar a produ\u00e7\u00e3o o que faz com que corram o risco de ter preju\u00edzo caso ocorram eventos clim\u00e1ticos desfavor\u00e1veis.<\/span><\/p>\n<p><span style=\"font-size: 20px; font-family: arial, helvetica, sans-serif; color: #000000;\">Por isso que regularizar \u00e1reas de posse tr\u00e1s grandes vantagens para o posseiro. Durante a reuni\u00e3o com seus clientes eduque os mesmos a este respeito.<\/span><\/p>\n<p>&nbsp;<\/p>\n<h2 style=\"text-align: center;\"><span style=\"font-size: 20px; color: #000000;\"><strong><span style=\"font-family: arial, helvetica, sans-serif;\">Princ\u00edpios registrais &#8211; Princ\u00edpio da especialidade<\/span><\/strong><\/span><\/h2>\n<p><img decoding=\"async\" class=\"aligncenter wp-image-1174 size-large\" src=\"https:\/\/adenilsongiovanini.com.br\/blog\/wp-content\/uploads\/2017\/12\/georreferenciamento-de-im\u00f3veis-an\u00e1lise-do-processo-pelo-cart\u00f3rio-780x519.jpg\" alt=\"Princ\u00edpios registrais - Princ\u00edpio da especialidade\" width=\"780\" height=\"519\" srcset=\"https:\/\/adenilsongiovanini.com.br\/blog\/wp-content\/uploads\/2017\/12\/georreferenciamento-de-im\u00f3veis-an\u00e1lise-do-processo-pelo-cart\u00f3rio-780x519.jpg 780w, https:\/\/adenilsongiovanini.com.br\/blog\/wp-content\/uploads\/2017\/12\/georreferenciamento-de-im\u00f3veis-an\u00e1lise-do-processo-pelo-cart\u00f3rio-300x200.jpg 300w, https:\/\/adenilsongiovanini.com.br\/blog\/wp-content\/uploads\/2017\/12\/georreferenciamento-de-im\u00f3veis-an\u00e1lise-do-processo-pelo-cart\u00f3rio-768x512.jpg 768w, https:\/\/adenilsongiovanini.com.br\/blog\/wp-content\/uploads\/2017\/12\/georreferenciamento-de-im\u00f3veis-an\u00e1lise-do-processo-pelo-cart\u00f3rio-360x240.jpg 360w, https:\/\/adenilsongiovanini.com.br\/blog\/wp-content\/uploads\/2017\/12\/georreferenciamento-de-im\u00f3veis-an\u00e1lise-do-processo-pelo-cart\u00f3rio.jpg 1024w\" sizes=\"(max-width: 780px) 100vw, 780px\" \/><\/p>\n<p><span style=\"font-size: 20px; font-family: arial, helvetica, sans-serif; color: #000000;\">Este princ\u00edpio imp\u00f5e que os atos de registro sejam individualizados quanto ao objeto e aos sujeitos que tenham direito em rela\u00e7\u00e3o a ele.<\/span><\/p>\n<p><span style=\"font-size: 20px; font-family: arial, helvetica, sans-serif; color: #000000;\">O mesmo \u00e9 muito importante para a seguran\u00e7a jur\u00eddica, pois n\u00e3o pode haver d\u00favidas de onde uma propriedade imobili\u00e1ria termina e outra come\u00e7a.<\/span><\/p>\n<p><span style=\"font-size: 20px; font-family: arial, helvetica, sans-serif; color: #000000;\">O <span style=\"color: #0000ff;\"><a style=\"color: #0000ff;\" href=\"http:\/\/adenilsongiovanini.com.br\/blog\/georreferenciamento-de-imoveis-rurais-3\/\" target=\"_blank\" rel=\"noopener noreferrer\">Georreferenciamento dos im\u00f3veis rurais<\/a><\/span> \u00e9 uma das melhores maneiras de garantir-se este principio, pois os im\u00f3veis tem sua localiza\u00e7\u00e3o definida de maneira absoluta, tendo como base o sistema de referencia oficial, que no caso do Brasil \u00e9 o <span style=\"color: #0000ff;\"><a style=\"color: #0000ff;\" href=\"http:\/\/adenilsongiovanini.com.br\/blog\/sirgas-2000\/\" target=\"_blank\" rel=\"noopener noreferrer\">SIRGAS 2000<\/a><\/span>, \u00e9poca 4.<\/span><\/p>\n<h2><\/h2>\n<h2 style=\"text-align: center;\"><span style=\"font-size: 20px; color: #000000;\"><strong><span style=\"font-family: arial, helvetica, sans-serif;\">Princ\u00edpios registrais &#8211; Princ\u00edpio da continuidade<\/span><\/strong><\/span><\/h2>\n<p><img decoding=\"async\" class=\"aligncenter wp-image-22369 size-large\" src=\"https:\/\/adenilsongiovanini.com.br\/blog\/wp-content\/uploads\/2017\/12\/Principio-da-continuidade-780x408.jpg\" alt=\"Princ\u00edpio da continuidade\" width=\"780\" height=\"408\" srcset=\"https:\/\/adenilsongiovanini.com.br\/blog\/wp-content\/uploads\/2017\/12\/Principio-da-continuidade-780x408.jpg 780w, https:\/\/adenilsongiovanini.com.br\/blog\/wp-content\/uploads\/2017\/12\/Principio-da-continuidade-300x157.jpg 300w, https:\/\/adenilsongiovanini.com.br\/blog\/wp-content\/uploads\/2017\/12\/Principio-da-continuidade-768x401.jpg 768w, https:\/\/adenilsongiovanini.com.br\/blog\/wp-content\/uploads\/2017\/12\/Principio-da-continuidade.jpg 1200w\" sizes=\"(max-width: 780px) 100vw, 780px\" \/><\/p>\n<p><span style=\"font-size: 20px; font-family: arial, helvetica, sans-serif; color: #000000;\">Este principio exige uma sequ\u00eancia l\u00f3gica e ininterrupta entre os atos praticados na serventia imobili\u00e1ria e seus objetos.<\/span><\/p>\n<p><span style=\"font-size: 20px; font-family: arial, helvetica, sans-serif; color: #000000;\">Desta forma, para que possa ser feita a transmiss\u00e3o de um im\u00f3vel, deve haver perfeita sequ\u00eancia entre antecessor e sucessor e perfeita coincid\u00eancia entre a descri\u00e7\u00e3o constante do registro e a constante do t\u00edtulo.<\/span><\/p>\n<p><span style=\"font-size: 20px; color: #000000;\"> <span style=\"font-family: arial, helvetica, sans-serif;\">Bom, \u00e9 isso por este artigo, o objetivo dele n\u00e3o \u00e9 que voc\u00ea decore estes princ\u00edpios, mas sim, que saiba da exist\u00eancia dos mesmos.<\/span><\/span><\/p>\n<p><span style=\"font-family: arial, helvetica, sans-serif; font-size: 20px; color: #000000;\">P.S.: Para a escrita deste artigo eu me baseei no <span style=\"color: #0000ff;\"><a href=\"https:\/\/adenilsongiovanini.com.br\/georreferenciamento-de-imoveis-rurais-na-pratica-4-3\/\" style=\"color: #0000ff;\">livro Georreferenciamento<\/a> <\/span>de Im\u00f3vel Rural: Doutrina e pr\u00e1tica no registro de im\u00f3veis.<\/span><\/p>\n<p><span style=\"font-family: arial, helvetica, sans-serif; font-size: 20px; color: #000000;\">E tamb\u00e9m nos seguintes artigos: <\/span><br \/>\n<span style=\"font-family: arial, helvetica, sans-serif; font-size: 20px; color: #000000;\"><a style=\"color: #000000;\" target=\"_blank\" rel=\"noopener noreferrer\">https:\/\/jus.com.br\/artigos\/67523\/principios-informadores-do-direito-registral- imobiliario<\/a><\/span><\/p>\n<p><span style=\"font-family: arial, helvetica, sans-serif; font-size: 20px; color: #000000;\"><a style=\"color: #000000;\" target=\"_blank\" rel=\"noopener noreferrer\">https:\/\/jus.com.br\/artigos\/70548\/principios-do-direito-registral-imobiliario-brasileiro<\/a><\/span><\/p>\n<p><span style=\"font-family: arial, helvetica, sans-serif; font-size: 20px; color: #000000;\"><a style=\"color: #000000;\" target=\"_blank\" rel=\"noopener noreferrer\">https:\/\/rccim.com.br\/direito-registral-e-notarial<\/a><\/span><\/p>\n<p><span style=\"font-family: arial, helvetica, sans-serif; font-size: 20px; color: #000000;\"><a style=\"color: #000000;\" target=\"_blank\" rel=\"noopener noreferrer\">http:\/\/registrodeimoveis1zona.com.br\/?p=241<\/a><\/span><\/p>\n<p><span style=\"font-family: arial, helvetica, sans-serif; font-size: 20px; color: #000000;\">A minha miss\u00e3o com este blog e com o meu <span style=\"color: #0000ff;\"><a style=\"color: #0000ff;\" href=\"https:\/\/www.youtube.com\/channel\/UCe-bR7ghiUOG2TxCSDx5VRw\" target=\"_blank\" rel=\"noopener noreferrer\">canal no youtube<\/a><\/span> \u00e9 ajudar voc\u00ea a obter os conhecimentos que precisa para chegar a posi\u00e7\u00e3o de destaque que tanto almeja.<\/span><\/p>\n<p><span style=\"font-size: 20px; font-family: arial, helvetica, sans-serif; color: #000000;\">Voc\u00ea pode contar comigo!<\/span><\/p>\n<p><span style=\"font-family: arial, helvetica, sans-serif; font-size: 20px; color: #000000;\">Ah&#8230; Eu tamb\u00e9m gostaria de saber o que voc\u00ea achou do artigo e quais suas d\u00favidas sobre Topografia Cadastral. Poste as mesmas na \u00e1rea de coment\u00e1rios existente aqui embaixo. Combinado?<\/span><\/p>\n<p><span style=\"font-size: 20px; font-family: arial, helvetica, sans-serif; color: #000000; line-height: 1.3;\">Se voc\u00ea quer<strong> MERGULHAR FUNDO e aprender a prestar servi\u00e7os com grande velocidade e com seguran\u00e7a<\/strong>, <span style=\"color: #0000ff;\"><a style=\"color: #0000ff;\" href=\"https:\/\/adenilsongiovanini.com.br\/cursos-online\/\">acesse este link<\/a><\/span> e conhe\u00e7a os mesmos.<\/span><\/p>\n<p>&nbsp;<\/p>\n<p><span style=\"color: #000000;\"><span style=\"font-size: 20px; font-family: arial, helvetica, sans-serif; line-height: 1.3;\">Entre eles, o <span style=\"color: #0000ff;\"><a style=\"color: #0000ff;\" href=\"https:\/\/adenilsongiovanini.com.br\/curso-de-autocad-para-topografia\/\" target=\"_blank\" rel=\"noopener noreferrer\">Curso de Confec\u00e7\u00e3o de Plantas Topogr\u00e1ficas<\/a><\/span>. <span style=\"color: #000000;\">Um <\/span><\/span><span style=\"font-size: 20px; font-family: arial, helvetica, sans-serif; line-height: 1.3;\">curso pr\u00e1tico\u00a0<\/span><span style=\"font-size: 20px; font-family: arial, helvetica, sans-serif; line-height: 1.3;\">com o qual voc\u00ea vai <strong>aprender a produzir as 15 diferentes plantas produzidas em um escrit\u00f3rio de topografia<\/strong>.<\/span><\/span><\/p>\n<p><a href=\"https:\/\/adenilsongiovanini.com.br\/curso-de-autocad-para-topografia\/\" target=\"_blank\" rel=\"noopener noreferrer\"><img decoding=\"async\" class=\"aligncenter wp-image-31689\" src=\"https:\/\/adenilsongiovanini.com.br\/wp-content\/uploads\/2022\/07\/planta-de-topografia-1024x612.png\" alt=\"\" width=\"770\" height=\"460\" \/><\/a><\/p>\n<p><span style=\"font-family: arial, helvetica, sans-serif; font-size: 20px; color: #000000;\">Clique <a href=\"https:\/\/adenilsongiovanini.com.br\/curso-de-autocad-para-topografia\/\" target=\"_blank\" rel=\"noopener noreferrer\"><span style=\"color: #0000ff;\">neste link<\/span><\/a> e conhe\u00e7a melhor o mesmo.<\/span><\/p>\n<p>&nbsp;<\/p>\n<p><span style=\"font-family: arial, helvetica, sans-serif; font-size: 20px; color: #000000;\">Gratid\u00e3o por voc\u00ea ter lido o artigo. \ud83d\ude4f<\/span><\/p>\n<p>&nbsp;<\/p>\n<p>&nbsp;<\/p>\n<h2 style=\"text-align: center;\"><span style=\"font-family: arial, helvetica, sans-serif; color: #000000; font-size: 24px;\"><strong>Domine a Topografia Cadastral atrav\u00e9s de um livro formado por centenas de exemplos pr\u00e1ticos <\/strong><\/span><\/h2>\n<h2 style=\"text-align: center;\"><span style=\"font-size: 20px;\"><a href=\"https:\/\/adenilsongiovanini.com.br\/georreferenciamento-de-imoveis-rurais-na-pratica\/\" rel=\"nofollow noreferrer\"><img decoding=\"async\" class=\"aligncenter size-large wp-image-19317\" src=\"https:\/\/adenilsongiovanini.com.br\/blog\/wp-content\/uploads\/2021\/04\/livro-de-topografia-e-georreferenciamento-1024x474.png\" sizes=\"(max-width: 1024px) 100vw, 1024px\" srcset=\"https:\/\/adenilsongiovanini.com.br\/blog\/wp-content\/uploads\/2021\/04\/livro-de-topografia-e-georreferenciamento-1024x474.png 1024w, https:\/\/adenilsongiovanini.com.br\/blog\/wp-content\/uploads\/2021\/04\/livro-de-topografia-e-georreferenciamento-300x139.png 300w, https:\/\/adenilsongiovanini.com.br\/blog\/wp-content\/uploads\/2021\/04\/livro-de-topografia-e-georreferenciamento-768x355.png 768w, https:\/\/adenilsongiovanini.com.br\/blog\/wp-content\/uploads\/2021\/04\/livro-de-topografia-e-georreferenciamento-1536x711.png 1536w, https:\/\/adenilsongiovanini.com.br\/blog\/wp-content\/uploads\/2021\/04\/livro-de-topografia-e-georreferenciamento-320x148.png 320w, https:\/\/adenilsongiovanini.com.br\/blog\/wp-content\/uploads\/2021\/04\/livro-de-topografia-e-georreferenciamento-640x296.png 640w, https:\/\/adenilsongiovanini.com.br\/blog\/wp-content\/uploads\/2021\/04\/livro-de-topografia-e-georreferenciamento-360x167.png 360w, https:\/\/adenilsongiovanini.com.br\/blog\/wp-content\/uploads\/2021\/04\/livro-de-topografia-e-georreferenciamento-720x333.png 720w, https:\/\/adenilsongiovanini.com.br\/blog\/wp-content\/uploads\/2021\/04\/livro-de-topografia-e-georreferenciamento-1080x500.png 1080w, https:\/\/adenilsongiovanini.com.br\/blog\/wp-content\/uploads\/2021\/04\/livro-de-topografia-e-georreferenciamento-800x370.png 800w, https:\/\/adenilsongiovanini.com.br\/blog\/wp-content\/uploads\/2021\/04\/livro-de-topografia-e-georreferenciamento-1280x592.png 1280w, https:\/\/adenilsongiovanini.com.br\/blog\/wp-content\/uploads\/2021\/04\/livro-de-topografia-e-georreferenciamento.png 1565w\" alt=\"livro de topografia e georreferenciamento\" width=\"1024\" height=\"474\" \/><\/a><\/span><\/h2>\n<p><span style=\"font-family: arial, helvetica, sans-serif; font-size: 20px; color: #000000;\">Voc\u00ea quer dominar a Topografia Cadastral?<\/span><\/p>\n<p><span style=\"font-family: arial, helvetica, sans-serif; font-size: 20px; color: #000000;\">Ent\u00e3o eu tenho uma \u00f3tima noticia para voc\u00ea. Me refiro ao <span style=\"color: #0000ff;\"><a style=\"color: #0000ff;\" href=\"https:\/\/adenilsongiovanini.com.br\/georreferenciamento-de-imoveis-rurais-na-pratica\/\" rel=\"nofollow noreferrer\">livro Topografia Cadastral e Georreferenciamento de Im\u00f3veis Rurais na Pr\u00e1tica<\/a><\/span>.<\/span><\/p>\n<p><span style=\"font-size: 20px;\"><span style=\"font-family: arial, helvetica, sans-serif; color: #000000;\">O mesmo \u00e9 dividido em 10 cap\u00edtulos recheados com muitos estudos de caso e exemplos pr\u00e1ticos. D\u00ea uma espiadinha no sum\u00e1rio do mesmo:<\/span><\/span><\/p>\n<p>&nbsp;<\/p>\n<p><center><iframe width=\"99%\" height=\"980\" src=\"https:\/\/drive.google.com\/file\/d\/1HJ8fZz1PvPmftfXHJNFTvIBBzY_FZhPJ\/preview\"><span data-mce-type=\"bookmark\" style=\"display: inline-block; width: 0px; overflow: hidden; line-height: 0;\" class=\"mce_SELRES_start\">\ufeff<\/span><\/iframe><\/center><\/p>\n<p>&nbsp;<\/p>\n<p><span style=\"font-size: 20px;\"><span style=\"font-family: arial, helvetica, sans-serif; color: #000000;\">Para conhecer melhor a estrutura do livro, juntar-se a mais de 800 profissionais e adquirir sua c\u00f3pia \u00e9 s\u00f3 clicar no bot\u00e3o abaixo:<\/span><\/span><\/p>\n<p>&nbsp;<\/p>\n<p><span style=\"color: #000000; font-size: 20px;\"><div class=\"su-button-center\"><a href=\"https:\/\/adenilsongiovanini.com.br\/georreferenciamento-de-imoveis-rurais-na-pratica\/\" class=\"su-button su-button-style-3d\" style=\"color:#000000;background-color:#2BCC2F;border-color:#23a426;border-radius:9px\" target=\"_blank\" rel=\"nofollow\" id=\"1\"><span style=\"color:#000000;padding:0px 24px;font-size:18px;line-height:36px;border-color:#6bdc6e;border-radius:9px;text-shadow:0px 0px 0px #000000\"> \u279c Quero Conhecer Melhor o Livro, Pois Quero e Preciso Aprender Mais Sobre Legisla\u00e7\u00e3o Cadastral e Geo. de Im\u00f3veis Rurais<\/span><\/a><\/div><\/span><\/p>\n<p>&nbsp;<\/p>\n<p>&nbsp;<\/p>\n","protected":false},"excerpt":{"rendered":"<p>Os diferentes princ\u00edpios registrais exercem um papel fundamental no nosso dia a dia. No nosso dia a dia n\u00f3s produzimos uma grande quantidade de plantas, mapas, memoriais descritivos e outras pe\u00e7as t\u00e9cnicas diversas! Por\u00e9m, voc\u00ea j\u00e1 parou para pensar porque da necessidade da produ\u00e7\u00e3o destas pe\u00e7as t\u00e9cnicas? Ou ainda: Porque [&hellip;]<\/p>\n","protected":false},"author":1,"featured_media":1721,"comment_status":"closed","ping_status":"closed","sticky":false,"template":"","format":"standard","meta":{"_monsterinsights_skip_tracking":false,"_monsterinsights_sitenote_active":false,"_monsterinsights_sitenote_note":"","_monsterinsights_sitenote_category":0,"footnotes":""},"categories":[9],"tags":[],"class_list":["post-1720","post","type-post","status-publish","format-standard","has-post-thumbnail","hentry","category-topografia-cadastral"],"yoast_head":"<!-- This site is optimized with the Yoast SEO plugin v26.5 - https:\/\/yoast.com\/wordpress\/plugins\/seo\/ -->\n<title>Princ\u00edpios registrais: Descubra quais os 10 principais - Adenilson Giovanini<\/title>\n<meta name=\"description\" content=\"Descubra quais s\u00e3o os 10 principais princ\u00edpios registrais, suas aplica\u00e7\u00f5es, especificidades e o impacto dos mesmos no nosso dia a dia.\" \/>\n<meta name=\"robots\" content=\"index, follow, max-snippet:-1, max-image-preview:large, max-video-preview:-1\" \/>\n<link rel=\"canonical\" href=\"https:\/\/adenilsongiovanini.com.br\/blog\/principios-registrais\/\" \/>\n<meta property=\"og:locale\" content=\"pt_BR\" \/>\n<meta property=\"og:type\" content=\"article\" \/>\n<meta property=\"og:title\" content=\"Princ\u00edpios registrais: Descubra quais os 10 principais - Adenilson Giovanini\" \/>\n<meta property=\"og:description\" content=\"Descubra quais s\u00e3o os 10 principais princ\u00edpios registrais, suas aplica\u00e7\u00f5es, especificidades e o impacto dos mesmos no nosso dia a dia.\" \/>\n<meta property=\"og:url\" content=\"https:\/\/adenilsongiovanini.com.br\/blog\/principios-registrais\/\" \/>\n<meta property=\"og:site_name\" content=\"Adenilson Giovanini\" \/>\n<meta property=\"article:publisher\" content=\"https:\/\/www.facebook.com\/otopografo\/\" \/>\n<meta property=\"article:author\" content=\"https:\/\/www.facebook.com\/otopografo\/\" \/>\n<meta property=\"article:published_time\" content=\"2017-12-19T20:27:11+00:00\" \/>\n<meta property=\"article:modified_time\" content=\"2022-08-01T18:22:56+00:00\" \/>\n<meta property=\"og:image\" content=\"https:\/\/adenilsongiovanini.com.br\/blog\/wp-content\/uploads\/2017\/12\/principios-registrais.jpg\" \/>\n\t<meta property=\"og:image:width\" content=\"600\" \/>\n\t<meta property=\"og:image:height\" content=\"397\" \/>\n\t<meta property=\"og:image:type\" content=\"image\/jpeg\" \/>\n<meta name=\"author\" content=\"Adenilson Giovanini\" \/>\n<meta name=\"twitter:card\" content=\"summary_large_image\" \/>\n<meta name=\"twitter:label1\" content=\"Escrito por\" \/>\n\t<meta name=\"twitter:data1\" content=\"Adenilson Giovanini\" \/>\n\t<meta name=\"twitter:label2\" content=\"Est. tempo de leitura\" \/>\n\t<meta name=\"twitter:data2\" content=\"9 minutos\" \/>\n<script type=\"application\/ld+json\" class=\"yoast-schema-graph\">{\"@context\":\"https:\/\/schema.org\",\"@graph\":[{\"@type\":\"Article\",\"@id\":\"https:\/\/adenilsongiovanini.com.br\/blog\/principios-registrais\/#article\",\"isPartOf\":{\"@id\":\"https:\/\/adenilsongiovanini.com.br\/blog\/principios-registrais\/\"},\"author\":{\"name\":\"Adenilson Giovanini\",\"@id\":\"https:\/\/adenilsongiovanini.com.br\/blog\/#\/schema\/person\/9c1daa7da73c116aae2cb0568d1daa23\"},\"headline\":\"Princ\u00edpios registrais: Descubra quais os 10 principais\",\"datePublished\":\"2017-12-19T20:27:11+00:00\",\"dateModified\":\"2022-08-01T18:22:56+00:00\",\"mainEntityOfPage\":{\"@id\":\"https:\/\/adenilsongiovanini.com.br\/blog\/principios-registrais\/\"},\"wordCount\":1416,\"publisher\":{\"@id\":\"https:\/\/adenilsongiovanini.com.br\/blog\/#\/schema\/person\/9c1daa7da73c116aae2cb0568d1daa23\"},\"image\":{\"@id\":\"https:\/\/adenilsongiovanini.com.br\/blog\/principios-registrais\/#primaryimage\"},\"thumbnailUrl\":\"https:\/\/adenilsongiovanini.com.br\/blog\/wp-content\/uploads\/2017\/12\/principios-registrais.jpg\",\"articleSection\":[\"Topografia Cadastral\"],\"inLanguage\":\"pt-BR\"},{\"@type\":\"WebPage\",\"@id\":\"https:\/\/adenilsongiovanini.com.br\/blog\/principios-registrais\/\",\"url\":\"https:\/\/adenilsongiovanini.com.br\/blog\/principios-registrais\/\",\"name\":\"Princ\u00edpios registrais: Descubra quais os 10 principais - Adenilson Giovanini\",\"isPartOf\":{\"@id\":\"https:\/\/adenilsongiovanini.com.br\/blog\/#website\"},\"primaryImageOfPage\":{\"@id\":\"https:\/\/adenilsongiovanini.com.br\/blog\/principios-registrais\/#primaryimage\"},\"image\":{\"@id\":\"https:\/\/adenilsongiovanini.com.br\/blog\/principios-registrais\/#primaryimage\"},\"thumbnailUrl\":\"https:\/\/adenilsongiovanini.com.br\/blog\/wp-content\/uploads\/2017\/12\/principios-registrais.jpg\",\"datePublished\":\"2017-12-19T20:27:11+00:00\",\"dateModified\":\"2022-08-01T18:22:56+00:00\",\"description\":\"Descubra quais s\u00e3o os 10 principais princ\u00edpios registrais, suas aplica\u00e7\u00f5es, especificidades e o impacto dos mesmos no nosso dia a dia.\",\"breadcrumb\":{\"@id\":\"https:\/\/adenilsongiovanini.com.br\/blog\/principios-registrais\/#breadcrumb\"},\"inLanguage\":\"pt-BR\",\"potentialAction\":[{\"@type\":\"ReadAction\",\"target\":[\"https:\/\/adenilsongiovanini.com.br\/blog\/principios-registrais\/\"]}]},{\"@type\":\"ImageObject\",\"inLanguage\":\"pt-BR\",\"@id\":\"https:\/\/adenilsongiovanini.com.br\/blog\/principios-registrais\/#primaryimage\",\"url\":\"https:\/\/adenilsongiovanini.com.br\/blog\/wp-content\/uploads\/2017\/12\/principios-registrais.jpg\",\"contentUrl\":\"https:\/\/adenilsongiovanini.com.br\/blog\/wp-content\/uploads\/2017\/12\/principios-registrais.jpg\",\"width\":600,\"height\":397},{\"@type\":\"BreadcrumbList\",\"@id\":\"https:\/\/adenilsongiovanini.com.br\/blog\/principios-registrais\/#breadcrumb\",\"itemListElement\":[{\"@type\":\"ListItem\",\"position\":1,\"name\":\"Home\",\"item\":\"https:\/\/adenilsongiovanini.com.br\/blog\/\"},{\"@type\":\"ListItem\",\"position\":2,\"name\":\"Princ\u00edpios registrais: Descubra quais os 10 principais\"}]},{\"@type\":\"WebSite\",\"@id\":\"https:\/\/adenilsongiovanini.com.br\/blog\/#website\",\"url\":\"https:\/\/adenilsongiovanini.com.br\/blog\/\",\"name\":\"Adenilson Giovanini\",\"description\":\"Topografia e Geotecnologias\",\"publisher\":{\"@id\":\"https:\/\/adenilsongiovanini.com.br\/blog\/#\/schema\/person\/9c1daa7da73c116aae2cb0568d1daa23\"},\"potentialAction\":[{\"@type\":\"SearchAction\",\"target\":{\"@type\":\"EntryPoint\",\"urlTemplate\":\"https:\/\/adenilsongiovanini.com.br\/blog\/?s={search_term_string}\"},\"query-input\":{\"@type\":\"PropertyValueSpecification\",\"valueRequired\":true,\"valueName\":\"search_term_string\"}}],\"inLanguage\":\"pt-BR\"},{\"@type\":[\"Person\",\"Organization\"],\"@id\":\"https:\/\/adenilsongiovanini.com.br\/blog\/#\/schema\/person\/9c1daa7da73c116aae2cb0568d1daa23\",\"name\":\"Adenilson Giovanini\",\"image\":{\"@type\":\"ImageObject\",\"inLanguage\":\"pt-BR\",\"@id\":\"https:\/\/adenilsongiovanini.com.br\/blog\/#\/schema\/person\/image\/\",\"url\":\"https:\/\/adenilsongiovanini.com.br\/blog\/wp-content\/litespeed\/avatar\/be8f4de5c0b8a93c57a4f29cbf2f1e92.jpg?ver=1777130135\",\"contentUrl\":\"https:\/\/adenilsongiovanini.com.br\/blog\/wp-content\/litespeed\/avatar\/be8f4de5c0b8a93c57a4f29cbf2f1e92.jpg?ver=1777130135\",\"caption\":\"Adenilson Giovanini\"},\"logo\":{\"@id\":\"https:\/\/adenilsongiovanini.com.br\/blog\/#\/schema\/person\/image\/\"},\"description\":\"O Professor Adenilson Giovanini \u00e9 especialista em Topografia Cadastral e Georreferenciamento de Im\u00f3veis Rurais. O mesmo possui o Maior Site de Engenharia de Agrimensura do Brasil. Site este que tem mais de 102.000 visualiza\u00e7\u00f5es por m\u00eas. Tamb\u00e9m possui mais de 600 v\u00eddeos em seu canal no youtube. Al\u00e9m disso, \u00e9 escritor Best Seller, possuindo v\u00e1rios cursos e livros de sucesso.\",\"sameAs\":[\"http:\/\/adenilsongiovanini.com.br\",\"https:\/\/www.facebook.com\/otopografo\/\",\"https:\/\/www.instagram.com\/adenilson_giovanini\/\",\"https:\/\/www.linkedin.com\/in\/adenilson-giovanini-819b8035\/\",\"https:\/\/br.pinterest.com\/adenilsongiovanini\/\",\"https:\/\/www.youtube.com\/channel\/uce-br7ghiuog2txcsdx5vrw\"]}]}<\/script>\n<!-- \/ Yoast SEO plugin. -->","yoast_head_json":{"title":"Princ\u00edpios registrais: Descubra quais os 10 principais - Adenilson Giovanini","description":"Descubra quais s\u00e3o os 10 principais princ\u00edpios registrais, suas aplica\u00e7\u00f5es, especificidades e o impacto dos mesmos no nosso dia a dia.","robots":{"index":"index","follow":"follow","max-snippet":"max-snippet:-1","max-image-preview":"max-image-preview:large","max-video-preview":"max-video-preview:-1"},"canonical":"https:\/\/adenilsongiovanini.com.br\/blog\/principios-registrais\/","og_locale":"pt_BR","og_type":"article","og_title":"Princ\u00edpios registrais: Descubra quais os 10 principais - Adenilson Giovanini","og_description":"Descubra quais s\u00e3o os 10 principais princ\u00edpios registrais, suas aplica\u00e7\u00f5es, especificidades e o impacto dos mesmos no nosso dia a dia.","og_url":"https:\/\/adenilsongiovanini.com.br\/blog\/principios-registrais\/","og_site_name":"Adenilson Giovanini","article_publisher":"https:\/\/www.facebook.com\/otopografo\/","article_author":"https:\/\/www.facebook.com\/otopografo\/","article_published_time":"2017-12-19T20:27:11+00:00","article_modified_time":"2022-08-01T18:22:56+00:00","og_image":[{"width":600,"height":397,"url":"https:\/\/adenilsongiovanini.com.br\/blog\/wp-content\/uploads\/2017\/12\/principios-registrais.jpg","type":"image\/jpeg"}],"author":"Adenilson Giovanini","twitter_card":"summary_large_image","twitter_misc":{"Escrito por":"Adenilson Giovanini","Est. tempo de leitura":"9 minutos"},"schema":{"@context":"https:\/\/schema.org","@graph":[{"@type":"Article","@id":"https:\/\/adenilsongiovanini.com.br\/blog\/principios-registrais\/#article","isPartOf":{"@id":"https:\/\/adenilsongiovanini.com.br\/blog\/principios-registrais\/"},"author":{"name":"Adenilson Giovanini","@id":"https:\/\/adenilsongiovanini.com.br\/blog\/#\/schema\/person\/9c1daa7da73c116aae2cb0568d1daa23"},"headline":"Princ\u00edpios registrais: Descubra quais os 10 principais","datePublished":"2017-12-19T20:27:11+00:00","dateModified":"2022-08-01T18:22:56+00:00","mainEntityOfPage":{"@id":"https:\/\/adenilsongiovanini.com.br\/blog\/principios-registrais\/"},"wordCount":1416,"publisher":{"@id":"https:\/\/adenilsongiovanini.com.br\/blog\/#\/schema\/person\/9c1daa7da73c116aae2cb0568d1daa23"},"image":{"@id":"https:\/\/adenilsongiovanini.com.br\/blog\/principios-registrais\/#primaryimage"},"thumbnailUrl":"https:\/\/adenilsongiovanini.com.br\/blog\/wp-content\/uploads\/2017\/12\/principios-registrais.jpg","articleSection":["Topografia Cadastral"],"inLanguage":"pt-BR"},{"@type":"WebPage","@id":"https:\/\/adenilsongiovanini.com.br\/blog\/principios-registrais\/","url":"https:\/\/adenilsongiovanini.com.br\/blog\/principios-registrais\/","name":"Princ\u00edpios registrais: Descubra quais os 10 principais - Adenilson Giovanini","isPartOf":{"@id":"https:\/\/adenilsongiovanini.com.br\/blog\/#website"},"primaryImageOfPage":{"@id":"https:\/\/adenilsongiovanini.com.br\/blog\/principios-registrais\/#primaryimage"},"image":{"@id":"https:\/\/adenilsongiovanini.com.br\/blog\/principios-registrais\/#primaryimage"},"thumbnailUrl":"https:\/\/adenilsongiovanini.com.br\/blog\/wp-content\/uploads\/2017\/12\/principios-registrais.jpg","datePublished":"2017-12-19T20:27:11+00:00","dateModified":"2022-08-01T18:22:56+00:00","description":"Descubra quais s\u00e3o os 10 principais princ\u00edpios registrais, suas aplica\u00e7\u00f5es, especificidades e o impacto dos mesmos no nosso dia a dia.","breadcrumb":{"@id":"https:\/\/adenilsongiovanini.com.br\/blog\/principios-registrais\/#breadcrumb"},"inLanguage":"pt-BR","potentialAction":[{"@type":"ReadAction","target":["https:\/\/adenilsongiovanini.com.br\/blog\/principios-registrais\/"]}]},{"@type":"ImageObject","inLanguage":"pt-BR","@id":"https:\/\/adenilsongiovanini.com.br\/blog\/principios-registrais\/#primaryimage","url":"https:\/\/adenilsongiovanini.com.br\/blog\/wp-content\/uploads\/2017\/12\/principios-registrais.jpg","contentUrl":"https:\/\/adenilsongiovanini.com.br\/blog\/wp-content\/uploads\/2017\/12\/principios-registrais.jpg","width":600,"height":397},{"@type":"BreadcrumbList","@id":"https:\/\/adenilsongiovanini.com.br\/blog\/principios-registrais\/#breadcrumb","itemListElement":[{"@type":"ListItem","position":1,"name":"Home","item":"https:\/\/adenilsongiovanini.com.br\/blog\/"},{"@type":"ListItem","position":2,"name":"Princ\u00edpios registrais: Descubra quais os 10 principais"}]},{"@type":"WebSite","@id":"https:\/\/adenilsongiovanini.com.br\/blog\/#website","url":"https:\/\/adenilsongiovanini.com.br\/blog\/","name":"Adenilson Giovanini","description":"Topografia e Geotecnologias","publisher":{"@id":"https:\/\/adenilsongiovanini.com.br\/blog\/#\/schema\/person\/9c1daa7da73c116aae2cb0568d1daa23"},"potentialAction":[{"@type":"SearchAction","target":{"@type":"EntryPoint","urlTemplate":"https:\/\/adenilsongiovanini.com.br\/blog\/?s={search_term_string}"},"query-input":{"@type":"PropertyValueSpecification","valueRequired":true,"valueName":"search_term_string"}}],"inLanguage":"pt-BR"},{"@type":["Person","Organization"],"@id":"https:\/\/adenilsongiovanini.com.br\/blog\/#\/schema\/person\/9c1daa7da73c116aae2cb0568d1daa23","name":"Adenilson Giovanini","image":{"@type":"ImageObject","inLanguage":"pt-BR","@id":"https:\/\/adenilsongiovanini.com.br\/blog\/#\/schema\/person\/image\/","url":"https:\/\/adenilsongiovanini.com.br\/blog\/wp-content\/litespeed\/avatar\/be8f4de5c0b8a93c57a4f29cbf2f1e92.jpg?ver=1777130135","contentUrl":"https:\/\/adenilsongiovanini.com.br\/blog\/wp-content\/litespeed\/avatar\/be8f4de5c0b8a93c57a4f29cbf2f1e92.jpg?ver=1777130135","caption":"Adenilson Giovanini"},"logo":{"@id":"https:\/\/adenilsongiovanini.com.br\/blog\/#\/schema\/person\/image\/"},"description":"O Professor Adenilson Giovanini \u00e9 especialista em Topografia Cadastral e Georreferenciamento de Im\u00f3veis Rurais. O mesmo possui o Maior Site de Engenharia de Agrimensura do Brasil. Site este que tem mais de 102.000 visualiza\u00e7\u00f5es por m\u00eas. Tamb\u00e9m possui mais de 600 v\u00eddeos em seu canal no youtube. Al\u00e9m disso, \u00e9 escritor Best Seller, possuindo v\u00e1rios cursos e livros de sucesso.","sameAs":["http:\/\/adenilsongiovanini.com.br","https:\/\/www.facebook.com\/otopografo\/","https:\/\/www.instagram.com\/adenilson_giovanini\/","https:\/\/www.linkedin.com\/in\/adenilson-giovanini-819b8035\/","https:\/\/br.pinterest.com\/adenilsongiovanini\/","https:\/\/www.youtube.com\/channel\/uce-br7ghiuog2txcsdx5vrw"]}]}},"amp_enabled":true,"_links":{"self":[{"href":"https:\/\/adenilsongiovanini.com.br\/blog\/wp-json\/wp\/v2\/posts\/1720","targetHints":{"allow":["GET"]}}],"collection":[{"href":"https:\/\/adenilsongiovanini.com.br\/blog\/wp-json\/wp\/v2\/posts"}],"about":[{"href":"https:\/\/adenilsongiovanini.com.br\/blog\/wp-json\/wp\/v2\/types\/post"}],"author":[{"embeddable":true,"href":"https:\/\/adenilsongiovanini.com.br\/blog\/wp-json\/wp\/v2\/users\/1"}],"replies":[{"embeddable":true,"href":"https:\/\/adenilsongiovanini.com.br\/blog\/wp-json\/wp\/v2\/comments?post=1720"}],"version-history":[{"count":0,"href":"https:\/\/adenilsongiovanini.com.br\/blog\/wp-json\/wp\/v2\/posts\/1720\/revisions"}],"wp:featuredmedia":[{"embeddable":true,"href":"https:\/\/adenilsongiovanini.com.br\/blog\/wp-json\/wp\/v2\/media\/1721"}],"wp:attachment":[{"href":"https:\/\/adenilsongiovanini.com.br\/blog\/wp-json\/wp\/v2\/media?parent=1720"}],"wp:term":[{"taxonomy":"category","embeddable":true,"href":"https:\/\/adenilsongiovanini.com.br\/blog\/wp-json\/wp\/v2\/categories?post=1720"},{"taxonomy":"post_tag","embeddable":true,"href":"https:\/\/adenilsongiovanini.com.br\/blog\/wp-json\/wp\/v2\/tags?post=1720"}],"curies":[{"name":"wp","href":"https:\/\/api.w.org\/{rel}","templated":true}]}}