{"id":1459,"date":"2017-12-14T10:44:59","date_gmt":"2017-12-14T10:44:59","guid":{"rendered":"http:\/\/adenilsongiovanini.com.br\/blog\/?p=1459"},"modified":"2022-08-01T14:50:12","modified_gmt":"2022-08-01T14:50:12","slug":"area-de-preservacao-permanente","status":"publish","type":"post","link":"https:\/\/adenilsongiovanini.com.br\/blog\/area-de-preservacao-permanente\/","title":{"rendered":"\u00c1rea de preserva\u00e7\u00e3o permanente?"},"content":{"rendered":"<p><span style=\"font-size: 20px; font-family: arial, helvetica, sans-serif; color: #000000; line-height: 1.3;\">Voc\u00ea sabe o que \u00e9 e como calcular uma <em><strong>\u00e1rea de preserva\u00e7\u00e3o permanente<\/strong><\/em>?<\/span><\/p>\n<p><span style=\"font-size: 20px; font-family: arial, helvetica, sans-serif; color: #000000; line-height: 1.3;\">Al\u00e9m disso, voc\u00ea sabia que um <em><strong>mapa de APP<\/strong><\/em> pode ser feito em menos de 1 hora e custa em m\u00e9dia R$ 120,00 reais.<\/span><\/p>\n<p><span style=\"font-size: 20px; font-family: arial, helvetica, sans-serif; color: #000000; line-height: 1.3;\">Perceba que \u00e9 uma \u00f3tima oportunidade de aprender a produzir os mesmos e de colocar dinheiro no seu bolso.<\/span><\/p>\n<p>&nbsp;<\/p>\n<h2 style=\"text-align: center;\"><span style=\"font-size: 24px;\"><strong><span style=\"font-family: arial, helvetica, sans-serif; color: #000000; line-height: 1.3;\">\u00c1rea de preserva\u00e7\u00e3o permanente &#8211; Voc\u00ea sabia disso?<\/span><\/strong><\/span><\/h2>\n<h2 style=\"text-align: center;\"><strong><span style=\"font-family: arial, helvetica, sans-serif; color: #000000; line-height: 1.3;\"><img decoding=\"async\" class=\"attachment-large size-large wp-post-image\" src=\"https:\/\/adenilsongiovanini.com.br\/blog\/wp-content\/uploads\/2021\/06\/app-de-rio.jpg\" sizes=\"(max-width: 512px) 100vw, 512px\" srcset=\"https:\/\/adenilsongiovanini.com.br\/blog\/wp-content\/uploads\/2021\/06\/app-de-rio.jpg 512w, https:\/\/adenilsongiovanini.com.br\/blog\/wp-content\/uploads\/2021\/06\/app-de-rio-300x216.jpg 300w, https:\/\/adenilsongiovanini.com.br\/blog\/wp-content\/uploads\/2021\/06\/app-de-rio-320x230.jpg 320w, https:\/\/adenilsongiovanini.com.br\/blog\/wp-content\/uploads\/2021\/06\/app-de-rio-360x259.jpg 360w\" alt=\"\u00c1rea de preserva\u00e7\u00e3o permanente - Voc\u00ea sabia disso\" width=\"512\" height=\"368\" \/><\/span><\/strong><\/h2>\n<p><span style=\"font-size: 20px; font-family: arial, helvetica, sans-serif; color: #000000; line-height: 1.3;\">Quando fala-se em <\/span><span style=\"font-size: 20px; font-family: arial, helvetica, sans-serif; color: #000000; line-height: 1.3;\">geotecnologias, uma das \u00e1reas que mais tem servi\u00e7os \u00e9 a de Licenciamento ambiental. A mesma exige a produ\u00e7\u00e3o de uma s\u00e9rie de <span style=\"color: #0000ff;\"><a style=\"color: #0000ff;\" href=\"http:\/\/mundoeducacao.bol.uol.com.br\/geografia\/mapas-tematicos.htm\" target=\"_blank\" rel=\"noopener noreferrer\">mapas tem\u00e1ticos<\/a><\/span> os quais devem possuir inclusive as \u00e1reas de preserva\u00e7\u00e3o permanentes (APPs).<\/span><\/p>\n<p><span style=\"font-size: 20px; font-family: arial, helvetica, sans-serif; color: #000000; line-height: 1.3;\">Outro servi\u00e7o que exige a produ\u00e7\u00e3o de apps \u00e9 o <span style=\"color: #0000ff;\"><a href=\"https:\/\/adenilsongiovanini.com.br\/blog\/cadastro-ambiental-rural\/\" target=\"_blank\" rel=\"noopener noreferrer\" style=\"color: #0000ff;\">Cadastro Ambiental Rural (CAR)<\/a><\/span>.<\/span><\/p>\n<p><span style=\"font-size: 20px; font-family: arial, helvetica, sans-serif; color: #000000; line-height: 1.3;\">Perceba que s\u00e3o \u00f3timas oportunidades para voc\u00ea entrar e garantir seu espa\u00e7o no mercado ao mesmo tempo que ajuda a fazer com que a legisla\u00e7\u00e3o pertinente seja aplicada.<\/span><\/p>\n<p><span style=\"font-size: 20px; font-family: arial, helvetica, sans-serif; color: #000000; line-height: 1.3;\">Na realidade, muito mais do que isso, voc\u00ea estar\u00e1 realizando um trabalho nobre, pois estar\u00e1 trabalhando a favor do planeta.<\/span><\/p>\n<p><span style=\"font-size: 20px; font-family: arial, helvetica, sans-serif; color: #000000; line-height: 1.3;\">Isso mesmo, ao ajudar a garantir que a legisla\u00e7\u00e3o seja aplicada, voc\u00ea estar\u00e1 colaborando com a prosperidade da fauna e da flora e, desta maneira, ajudando o meio ambiente a se manter equilibrado.<\/span><\/p>\n<p><span style=\"font-size: 20px; font-family: arial, helvetica, sans-serif; color: #000000; line-height: 1.3;\">Ent\u00e3o vamos entender o que s\u00e3o e para que servem as \u00e1reas de preserva\u00e7\u00e3o permanentes. Antes disso, deixe-me lhe indicar outros 2 artigos brilhantes sobre a utiliza\u00e7\u00e3o do ArcGIS. S\u00e3o eles:<\/span><\/p>\n<p><span style=\"font-size: 20px; font-family: arial, helvetica, sans-serif; color: #000000; line-height: 1.3;\"><strong>&gt; <a href=\"http:\/\/adenilsongiovanini.com.br\/blog\/os-5-elementos-de-um-mapa\/\" target=\"_blank\" rel=\"noopener noreferrer\"><span style=\"color: #0000ff;\">Elementos de um mapa. Os 5 obrigat\u00f3rios!<\/span><\/a><\/strong><\/span><\/p>\n<p><span style=\"font-size: 20px; font-family: arial, helvetica, sans-serif; color: #000000; line-height: 1.3;\">&gt; <span style=\"color: #0000ff;\"><a style=\"color: #0000ff;\" href=\"http:\/\/adenilsongiovanini.com.br\/blog\/georreferenciamento-de-dados-guia-definitivo\/\" target=\"_blank\" rel=\"noopener noreferrer\"><strong>Georreferenciamento de dados \u2013 O guia definitivo!<\/strong><\/a><\/span><\/span><\/p>\n<p>&nbsp;<\/p>\n<h2 style=\"text-align: center;\"><span style=\"font-size: 24px;\"><strong><span style=\"font-family: arial, helvetica, sans-serif; color: #000000; line-height: 1.3;\">O que \u00e9 uma \u00e1rea de preserva\u00e7\u00e3o permanente?<\/span><\/strong><\/span><\/h2>\n<p><img decoding=\"async\" class=\"aligncenter wp-image-21239 size-large\" src=\"https:\/\/adenilsongiovanini.com.br\/blog\/wp-content\/uploads\/2021\/06\/excessoes-as-aras-de-preservacao-permanente-1024x576.jpeg\" alt=\"o que \u00e9 uma \u00e1rea de preserva\u00e7\u00e3o permanente\" width=\"780\" height=\"439\" srcset=\"https:\/\/adenilsongiovanini.com.br\/blog\/wp-content\/uploads\/2021\/06\/excessoes-as-aras-de-preservacao-permanente-1024x576.jpeg 1024w, https:\/\/adenilsongiovanini.com.br\/blog\/wp-content\/uploads\/2021\/06\/excessoes-as-aras-de-preservacao-permanente-300x169.jpeg 300w, https:\/\/adenilsongiovanini.com.br\/blog\/wp-content\/uploads\/2021\/06\/excessoes-as-aras-de-preservacao-permanente-768x432.jpeg 768w, https:\/\/adenilsongiovanini.com.br\/blog\/wp-content\/uploads\/2021\/06\/excessoes-as-aras-de-preservacao-permanente-320x180.jpeg 320w, https:\/\/adenilsongiovanini.com.br\/blog\/wp-content\/uploads\/2021\/06\/excessoes-as-aras-de-preservacao-permanente-640x360.jpeg 640w, https:\/\/adenilsongiovanini.com.br\/blog\/wp-content\/uploads\/2021\/06\/excessoes-as-aras-de-preservacao-permanente-360x203.jpeg 360w, https:\/\/adenilsongiovanini.com.br\/blog\/wp-content\/uploads\/2021\/06\/excessoes-as-aras-de-preservacao-permanente-720x405.jpeg 720w, https:\/\/adenilsongiovanini.com.br\/blog\/wp-content\/uploads\/2021\/06\/excessoes-as-aras-de-preservacao-permanente-1080x608.jpeg 1080w, https:\/\/adenilsongiovanini.com.br\/blog\/wp-content\/uploads\/2021\/06\/excessoes-as-aras-de-preservacao-permanente-800x450.jpeg 800w, https:\/\/adenilsongiovanini.com.br\/blog\/wp-content\/uploads\/2021\/06\/excessoes-as-aras-de-preservacao-permanente-383x215.jpeg 383w, https:\/\/adenilsongiovanini.com.br\/blog\/wp-content\/uploads\/2021\/06\/excessoes-as-aras-de-preservacao-permanente.jpeg 1200w\" sizes=\"(max-width: 780px) 100vw, 780px\" \/><\/p>\n<p><span style=\"font-size: 20px; font-family: arial, helvetica, sans-serif; color: #000000; line-height: 1.3;\">O novo c\u00f3digo florestal, <span style=\"color: #0000ff;\"><a href=\"http:\/\/www.planalto.gov.br\/ccivil_03\/_Ato2011-2014\/2012\/Lei\/L12651compilado.htm\" style=\"color: #0000ff;\">Lei n\u00ba12.651\/12<\/a><\/span> no seu artigo 30 traz a seguinte defini\u00e7\u00e3o para APP:<\/span><\/p>\n<blockquote style=\"border: 2px double #cccccc; background: #eeeeee none repeat scroll 0% 0%; -moz-background-clip: -moz-initial; -moz-background-origin: -moz-initial; -moz-background-inline-policy: -moz-initial; color: #323232; padding-left: 15px; padding-top: 10px; padding-bottom: 10px;\">\n<p><span style=\"font-family: arial, helvetica, sans-serif; font-size: 20px;\"><em><span style=\"font-family: arial, helvetica, sans-serif; color: #000000; line-height: 1.3;\">II &#8211; \u00c1rea de Preserva\u00e7\u00e3o Permanente &#8211; APP: \u00e1rea protegida, coberta ou n\u00e3o por vegeta\u00e7\u00e3o nativa, com a fun\u00e7\u00e3o ambiental de preservar os recursos h\u00eddricos, a paisagem, a estabilidade geol\u00f3gica e a biodiversidade, facilitar o fluxo g\u00eanico de fauna e flora, proteger o solo e assegurar o bem-estar das popula\u00e7\u00f5es humanas;<\/span><\/em><\/span><\/p>\n<\/blockquote>\n<p><span style=\"font-size: 20px; font-family: arial, helvetica, sans-serif; color: #000000; line-height: 1.3;\">As \u00e1reas de APPs existem para garantir o direito de ter-se um meio ambiente ecologicamente equilibrado. A defini\u00e7\u00e3o destas \u00e1reas ajuda a mitigar o impacto causado pelo exponencial crescimento populacional.<\/span><\/p>\n<p><span style=\"font-size: 20px; font-family: arial, helvetica, sans-serif; color: #000000; line-height: 1.3;\">As mesmas s\u00e3o \u00e1reas naturais intoc\u00e1veis, com r\u00edgidos limites de explora\u00e7\u00e3o, ou seja, n\u00e3o \u00e9 permitida a explora\u00e7\u00e3o econ\u00f4mica direta.<\/span><\/p>\n<p><span style=\"font-size: 20px; font-family: arial, helvetica, sans-serif; color: #000000; line-height: 1.3;\">Este \u00e9 o fator que diferencia uma \u00e1rea de preserva\u00e7\u00e3o permanente de uma unidade de conserva\u00e7\u00e3o, pois as <span style=\"color: #0000ff;\"><a style=\"color: #0000ff;\" href=\"http:\/\/www.mma.gov.br\/areas-protegidas\/unidades-de-conservacao\" target=\"_blank\" rel=\"noopener noreferrer\">unidades de conserva\u00e7\u00e3o<\/a><\/span> (UCs) estabelecem o uso sustent\u00e1vel ou indireto de \u00e1reas preservadas.<\/span><\/p>\n<p><span style=\"font-size: 20px; font-family: arial, helvetica, sans-serif; color: #000000; line-height: 1.3;\">isso n\u00e3o significa que n\u00e3o existam circunst\u00e2ncias nas quais as \u00e1reas de APPs n\u00e3o possam ser utilizadas e at\u00e9 mesmo desmatadas. <\/span><\/p>\n<p><span style=\"font-size: 20px; font-family: arial, helvetica, sans-serif; color: #000000; line-height: 1.3;\">O artigo 8\u00ba da Lei 12.651\/12 aborda esta tem\u00e1tica, sendo que o mesmo define que somente \u00f3rg\u00e3os ambientais podem abrir exce\u00e7\u00e3o \u00e0 restri\u00e7\u00e3o, autorizando o uso e at\u00e9 mesmo o desmatamento de uma \u00e1rea de preserva\u00e7\u00e3o permanente rural ou urbana.<\/span><\/p>\n<p><span style=\"font-size: 20px; font-family: arial, helvetica, sans-serif; color: #000000; line-height: 1.3;\">Para fazer isso os \u00f3rg\u00e3os ambientais devem comprovar as hip\u00f3teses de:<\/span><\/p>\n<ul>\n<li><span style=\"font-size: 20px; font-family: arial, helvetica, sans-serif; color: #000000; line-height: 1.3;\"> Utilidade p\u00fablica;<\/span><\/li>\n<li><span style=\"font-size: 20px; font-family: arial, helvetica, sans-serif; color: #000000; line-height: 1.3;\">Interesse social;<\/span><\/li>\n<li><span style=\"font-size: 20px; font-family: arial, helvetica, sans-serif; color: #000000; line-height: 1.3;\">Baixo impacto ambiental.<\/span><\/li>\n<\/ul>\n<p><span style=\"font-size: 20px; font-family: arial, helvetica, sans-serif; color: #000000; line-height: 1.3;\">Como voc\u00ea deve ter percebido, o grande motivo da cria\u00e7\u00e3o das APPs \u00e9 a prote\u00e7\u00e3o dos solos e, principalmente, das matas ciliares.<\/span><\/p>\n<p><span style=\"font-size: 20px; font-family: arial, helvetica, sans-serif; color: #000000; line-height: 1.3;\">Este tipo de vegeta\u00e7\u00e3o protege os rios e reservat\u00f3rios de assoreamentos, evita transforma\u00e7\u00f5es negativas nos leitos, garante o abastecimento dos len\u00e7\u00f3is fre\u00e1ticos e a preserva\u00e7\u00e3o da vida aqu\u00e1tica.<\/span><\/p>\n<p>&nbsp;<\/p>\n<h2 style=\"text-align: center;\"><span style=\"font-size: 24px;\"><strong><span style=\"font-family: arial, helvetica, sans-serif; color: #000000; line-height: 1.3;\">Largura de uma \u00e1rea de preserva\u00e7\u00e3o permanente<\/span><\/strong><\/span><\/h2>\n<p><img decoding=\"async\" class=\"aligncenter wp-image-21241 size-large\" src=\"https:\/\/adenilsongiovanini.com.br\/blog\/wp-content\/uploads\/2021\/06\/APP-1024x705.png\" sizes=\"(max-width: 1221px) 100vw, 1221px\" srcset=\"https:\/\/adenilsongiovanini.com.br\/blog\/wp-content\/uploads\/2021\/06\/APP.png 1221w, https:\/\/adenilsongiovanini.com.br\/blog\/wp-content\/uploads\/2021\/06\/APP-300x207.png 300w, https:\/\/adenilsongiovanini.com.br\/blog\/wp-content\/uploads\/2021\/06\/APP-1024x705.png 1024w, https:\/\/adenilsongiovanini.com.br\/blog\/wp-content\/uploads\/2021\/06\/APP-768x529.png 768w, https:\/\/adenilsongiovanini.com.br\/blog\/wp-content\/uploads\/2021\/06\/APP-320x220.png 320w, https:\/\/adenilsongiovanini.com.br\/blog\/wp-content\/uploads\/2021\/06\/APP-640x441.png 640w, https:\/\/adenilsongiovanini.com.br\/blog\/wp-content\/uploads\/2021\/06\/APP-360x248.png 360w, https:\/\/adenilsongiovanini.com.br\/blog\/wp-content\/uploads\/2021\/06\/APP-720x496.png 720w, https:\/\/adenilsongiovanini.com.br\/blog\/wp-content\/uploads\/2021\/06\/APP-1080x744.png 1080w, https:\/\/adenilsongiovanini.com.br\/blog\/wp-content\/uploads\/2021\/06\/APP-800x551.png 800w\" alt=\"\u00e1rea de preserva\u00e7\u00e3o permanente - largura de uma \u00e1rea de APP\" width=\"780\" height=\"537\" \/><\/p>\n<p><span style=\"font-size: 20px; font-family: arial, helvetica, sans-serif; color: #000000; line-height: 1.3;\">O C\u00f3digo Floresta em seu art. 4\u00ba aborda a defini\u00e7\u00e3o do que \u00e9 uma \u00e1rea de preserva\u00e7\u00e3o permanente e principalmente, as diferentes larguras que uma \u00e1rea de preserva\u00e7\u00e3o permanente pode ter. Segue o mesmo:<\/span><\/p>\n<p><span style=\"font-size: 20px; font-family: arial, helvetica, sans-serif; color: #000000; line-height: 1.3;\">I &#8211; as faixas marginais de qualquer curso d&#8217;\u00e1gua natural perene e intermitente, exclu\u00eddos os ef\u00eameros, desde a borda da calha do leito regular, em largura m\u00ednima de:<\/span><\/p>\n<blockquote style=\"border: 2px double #e6db55; background: #fffbcc none repeat scroll 0% 0%; -moz-background-clip: -moz-initial; -moz-background-origin: -moz-initial; -moz-background-inline-policy: -moz-initial; color: #323232; padding-left: 15px; padding-top: 10px; padding-bottom: 10px;\">\n<p><span style=\"font-size: 20px; font-family: arial, helvetica, sans-serif; color: #000000; line-height: 1.3;\"><em>a) 30 (trinta) metros, para os cursos d&#8217;\u00e1gua de menos de 10 (dez) metros de largura;<\/em><\/span><\/p>\n<p><span style=\"font-size: 20px; font-family: arial, helvetica, sans-serif; color: #000000; line-height: 1.3;\"><em>b) 50 (cinquenta) metros, para os cursos d&#8217;\u00e1gua que tenham de 10 (dez) a 50 (cinquenta) metros de largura;<\/em><\/span><\/p>\n<p><span style=\"font-size: 20px; font-family: arial, helvetica, sans-serif; color: #000000; line-height: 1.3;\"><em>c) 100 (cem) metros, para os cursos d&#8217;\u00e1gua que tenham de 50 (cinquenta) a 200 (duzentos) metros de largura;<\/em><\/span><\/p>\n<p><span style=\"font-size: 20px; font-family: arial, helvetica, sans-serif; color: #000000; line-height: 1.3;\"><em>d) 200 (duzentos) metros, para os cursos d&#8217;\u00e1gua que tenham de 200 (duzentos) a 600 (seiscentos) metros de largura;<\/em><\/span><\/p>\n<p><span style=\"font-size: 20px; font-family: arial, helvetica, sans-serif; color: #000000; line-height: 1.3;\"><em>e) 500 (quinhentos) metros, para os cursos d&#8217;\u00e1gua que tenham largura superior a 600 (seiscentos) metros;<\/em><\/span><\/p>\n<\/blockquote>\n<p><span style=\"font-size: 20px; font-family: arial, helvetica, sans-serif; color: #000000; line-height: 1.3;\">II &#8211; as \u00e1reas no entorno dos lagos e lagoas naturais, em faixa com largura m\u00ednima de:<\/span><\/p>\n<blockquote style=\"border: 2px double #92cae4; background: #d5edf8 none repeat scroll 0% 0%; -moz-background-clip: -moz-initial; -moz-background-origin: -moz-initial; -moz-background-inline-policy: -moz-initial; color: #323232; padding-left: 15px; padding-top: 10px; padding-bottom: 10px;\">\n<p><span style=\"font-size: 20px; font-family: arial, helvetica, sans-serif; color: #000000; line-height: 1.3;\"><em>a) 100 (cem) metros, em zonas rurais, exceto para o corpo d&#8217;\u00e1gua com at\u00e9 20 (vinte) hectares de superf\u00edcie, cuja faixa marginal ser\u00e1 de 50 (cinquenta) metros;<\/em><\/span><\/p>\n<p><span style=\"font-size: 20px; font-family: arial, helvetica, sans-serif; color: #000000; line-height: 1.3;\">&gt;<em>b) 30 (trinta) metros, em zonas urbanas;<\/em><\/span><\/p>\n<\/blockquote>\n<p>&nbsp;<\/p>\n<p><span style=\"font-size: 20px; font-family: arial, helvetica, sans-serif; color: #000000; line-height: 1.3;\">III &#8211; as \u00e1reas no entorno dos reservat\u00f3rios d&#8217;\u00e1gua artificiais, decorrentes de barramento ou represamento de cursos d&#8217;\u00e1gua naturais, na faixa definida na licen\u00e7a ambiental do empreendimento;<\/span><\/p>\n<p><span style=\"font-size: 20px; font-family: arial, helvetica, sans-serif; color: #000000; line-height: 1.3;\">IV &#8211; as \u00e1reas no entorno das nascentes e dos olhos d&#8217;\u00e1gua perenes, qualquer que seja sua situa\u00e7\u00e3o topogr\u00e1fica, no raio m\u00ednimo de 50 (cinquenta) metros;<\/span><\/p>\n<p><span style=\"font-size: 20px; font-family: arial, helvetica, sans-serif; color: #000000; line-height: 1.3;\">V &#8211; as encostas ou partes destas com declividade superior a 45\u00b0, equivalente a 100% (cem por cento) na linha de maior declive;<\/span><\/p>\n<p><span style=\"font-size: 20px; font-family: arial, helvetica, sans-serif; color: #000000; line-height: 1.3;\">VI &#8211; as<span style=\"color: #0000ff;\"><a href=\"https:\/\/pt.wikipedia.org\/wiki\/Restinga\" target=\"_blank\" rel=\"noopener noreferrer\" style=\"color: #0000ff;\"> <\/a><\/span><a href=\"https:\/\/pt.wikipedia.org\/wiki\/Restinga\" target=\"_blank\" rel=\"noopener noreferrer\"><span style=\"color: #0000ff;\">restingas<\/span><\/a>, como fixadoras de dunas ou estabilizadoras de mangues;<\/span><\/p>\n<p><span style=\"font-size: 20px; font-family: arial, helvetica, sans-serif; color: #000000; line-height: 1.3;\">VII &#8211; os <span style=\"color: #0000ff;\"><a href=\"https:\/\/www.mma.gov.br\/biodiversidade\/biodiversidade-aquatica\/zona-costeira-e-marinha\/manguezais.html\" target=\"_blank\" rel=\"noopener noreferrer\" style=\"color: #0000ff;\">manguezais<\/a><\/span>, em toda a sua extens\u00e3o;<\/span><\/p>\n<p><span style=\"font-size: 20px; font-family: arial, helvetica, sans-serif; color: #000000; line-height: 1.3;\">VIII &#8211; as bordas dos tabuleiros ou chapadas, at\u00e9 a linha de ruptura do relevo, em faixa nunca inferior a 100 (cem) metros em proje\u00e7\u00f5es horizontais;<\/span><\/p>\n<p><span style=\"font-size: 20px; font-family: arial, helvetica, sans-serif; color: #000000; line-height: 1.3;\">IX &#8211; no topo de morros, montes, montanhas e serras, com altura m\u00ednima de 100 (cem) metros e inclina\u00e7\u00e3o m\u00e9dia maior que 25\u00b0, as \u00e1reas delimitadas a partir da <a href=\"http:\/\/adenilsongiovanini.com.br\/blog\/curvas-de-nivel\/\" target=\"_blank\" rel=\"noopener noreferrer\"><span style=\"color: #0000ff;\">curva de n\u00edvel<\/span><\/a> correspondente a 2\/3 (dois ter\u00e7os) da altura m\u00ednima da eleva\u00e7\u00e3o sempre em rela\u00e7\u00e3o \u00e0 base.<\/span><\/p>\n<p><span style=\"font-size: 20px; font-family: arial, helvetica, sans-serif; color: #000000; line-height: 1.3;\">Esta defini\u00e7\u00e3o \u00e9 feita pelo plano horizontal determinado por plan\u00edcie ou espelho d&#8217;\u00e1gua adjacente ou, nos relevos ondulados, pela cota do ponto de sela mais pr\u00f3ximo da eleva\u00e7\u00e3o;<\/span><\/p>\n<p><span style=\"font-size: 20px; font-family: arial, helvetica, sans-serif; color: #000000; line-height: 1.3;\">X &#8211; as \u00e1reas em <span style=\"color: #0000ff;\"><a href=\"https:\/\/adenilsongiovanini.com.br\/blog\/altitude-ortometrica\/\" style=\"color: #0000ff;\">altitude<\/a><\/span> superior a 1.800 (mil e oitocentos) metros, qualquer que seja a vegeta\u00e7\u00e3o;<\/span><\/p>\n<p><span style=\"font-size: 20px; font-family: arial, helvetica, sans-serif; color: #000000; line-height: 1.3;\">XI &#8211; em veredas, a faixa marginal, em proje\u00e7\u00e3o horizontal, com largura m\u00ednima de 50 (cinquenta) metros, a partir do espa\u00e7o permanentemente brejoso e encharcado.<\/span><\/p>\n<p><span style=\"font-size: 20px; font-family: arial, helvetica, sans-serif; color: #000000; line-height: 1.3;\">Perceba que a largura das APPs variam entre 30 metros e 500 metros, sendo que o fator que define qual largura uma \u00e1rea de preserva\u00e7\u00e3o permanente deve ter \u00e9 a largura do c\u00f3rrego.<\/span><\/p>\n<p><span style=\"font-size: 20px; font-family: arial, helvetica, sans-serif; color: #000000; line-height: 1.3;\">Uma das mudan\u00e7as trazidas pelo atual florestal \u00e9 bem controversa. O mesmo mantem as mesmas dist\u00e2ncias do C\u00f3digo revogado, iniciando a medida a partir da calha regular (isto \u00e9, o canal por onde correm regularmente as \u00e1guas do curso d&#8217;\u00e1gua durante o ano) dos rios e n\u00e3o mais a partir do leito maior (a largura do rio ao considerar o seu n\u00edvel mais alto, isto \u00e9, o n\u00edvel alcan\u00e7ado por ocasi\u00e3o da cheia sazonal).<\/span><\/p>\n<p><span style=\"color: #000000; font-family: arial, helvetica, sans-serif; font-size: 20px;\">Esta mudan\u00e7a resulta em uma efetiva redu\u00e7\u00e3o dos limites das <\/span>APPs<span style=\"color: #000000; font-family: arial, helvetica, sans-serif; font-size: 20px;\"> \u00e0s margens de cursos <\/span>d&#8217;\u00e1gua<span style=\"color: #000000; font-family: arial, helvetica, sans-serif; font-size: 20px;\">, uma vez que a nova medida ignora as \u00e9pocas de cheias dos rios.<\/span><\/p>\n<p>&nbsp;<\/p>\n<h2 style=\"text-align: center;\"><span style=\"font-size: 20px; font-family: arial, helvetica, sans-serif; color: #000000; line-height: 1.3;\"><strong><span style=\"font-family: arial, helvetica, sans-serif;\">\u00c1rea de preserva\u00e7\u00e3o permanente &#8211; \u00c1reas at\u00edpicas que podem ser classificadas como APPs<\/span><\/strong><\/span><\/h2>\n<p><span style=\"font-size: 20px;\"><span style=\"font-family: arial, helvetica, sans-serif; color: #000000; line-height: 1.3;\">Quando se fala em \u00e1rea de preserva\u00e7\u00e3o permanente, existe uma serie de outras \u00e1reas cobertas com florestas ou outras formas de vegeta\u00e7\u00e3o que podem ser classificadas como APPs desde que declaradas de interesse social por ato do Chefe do Poder Executivo. Me refiro as \u00e1reas destinadas a<\/span><span style=\"font-family: arial, helvetica, sans-serif;\">:<\/span><\/span><\/p>\n<blockquote style=\"border: 2px double #e6db55; background: #fffbcc none repeat scroll 0% 0%; -moz-background-clip: -moz-initial; -moz-background-origin: -moz-initial; -moz-background-inline-policy: -moz-initial; color: #323232; padding-left: 15px; padding-top: 10px; padding-bottom: 10px;\">\n<p><span style=\"font-size: 20px; font-family: arial, helvetica, sans-serif; color: #000000; line-height: 1.3;\">Conten\u00e7\u00e3o da eros\u00e3o do solo e mitiga\u00e7\u00e3o dos riscos de enchentes e deslizamentos de terra e de rocha;<\/span><\/p>\n<p><span style=\"font-size: 20px; font-family: arial, helvetica, sans-serif; color: #000000; line-height: 1.3;\">Prote\u00e7\u00e3o as restingas ou veredas;<\/span><\/p>\n<p><span style=\"font-size: 20px; font-family: arial, helvetica, sans-serif; color: #000000; line-height: 1.3;\">Prote\u00e7\u00e3o de v\u00e1rzeas;<\/span><\/p>\n<p><span style=\"font-size: 20px; font-family: arial, helvetica, sans-serif; color: #000000; line-height: 1.3;\">Abrigo de exemplares da fauna ou da flora amea\u00e7ados de extin\u00e7\u00e3o;<\/span><\/p>\n<p><span style=\"font-size: 20px; font-family: arial, helvetica, sans-serif; color: #000000; line-height: 1.3;\">Prote\u00e7\u00e3o de s\u00edtios de excepcional beleza ou de valor cient\u00edfico, cultural ou hist\u00f3rico; formar faixas de prote\u00e7\u00e3o ao longo de rodovias e ferrovias;<\/span><\/p>\n<p><span style=\"font-size: 20px; font-family: arial, helvetica, sans-serif; color: #000000; line-height: 1.3;\">Assegurar condi\u00e7\u00f5es de bem-estar p\u00fablico;<\/span><\/p>\n<p><span style=\"font-size: 20px; font-family: arial, helvetica, sans-serif; color: #000000; line-height: 1.3;\">Auxiliar a defesa do territ\u00f3rio nacional, a crit\u00e9rio das autoridades militares; <\/span><\/p>\n<p><span style=\"font-size: 20px; font-family: arial, helvetica, sans-serif; color: #000000; line-height: 1.3;\">Proteger \u00e1reas \u00famidas, especialmente as de import\u00e2ncia internacional (art 6\u00ba).<\/span><\/p>\n<\/blockquote>\n<p>&nbsp;<\/p>\n<h2 style=\"text-align: center;\"><span style=\"font-size: 20px;\"><strong><span style=\"font-family: arial, helvetica, sans-serif; color: #000000; line-height: 1.3;\">Delimita\u00e7\u00e3o de \u00e1rea de preserva\u00e7\u00e3o permanente no ArcGIS<\/span><\/strong><\/span><\/h2>\n<p><span style=\"font-size: 20px; font-family: arial, helvetica, sans-serif; color: #000000; line-height: 1.3;\">Agora que voc\u00ea entendeu o que \u00e9 uma \u00e1rea de preserva\u00e7\u00e3o permanente e quais as diferentes aplica\u00e7\u00f5es da lei 2.651\/12, eu tenho um convite para voc\u00ea.<\/span><\/p>\n<p>&nbsp;<\/p>\n<h2 style=\"text-align: center;\"><span style=\"font-size: 20px;\"><strong><span style=\"font-family: arial, helvetica, sans-serif; color: #000000; line-height: 1.3;\">Aprenda Gratuitamente a produzir seu Primeiro Croqui de Acesso<\/span><\/strong><\/span><\/h2>\n<p>&nbsp;<\/p>\n<p>&nbsp;<\/p>\n<p><span style=\"font-size: 20px;\"><img decoding=\"async\" class=\"aligncenter wp-image-2593 size-large\" src=\"https:\/\/adenilsongiovanini.com.br\/blog\/wp-content\/uploads\/2017\/12\/Croqui-de-acesso-780x458.png\" alt=\"\u00e1rea de preserva\u00e7\u00e3o permanente - Croqui de acesso\" width=\"780\" height=\"458\" srcset=\"https:\/\/adenilsongiovanini.com.br\/blog\/wp-content\/uploads\/2017\/12\/Croqui-de-acesso-780x458.png 780w, https:\/\/adenilsongiovanini.com.br\/blog\/wp-content\/uploads\/2017\/12\/Croqui-de-acesso-300x176.png 300w, https:\/\/adenilsongiovanini.com.br\/blog\/wp-content\/uploads\/2017\/12\/Croqui-de-acesso-768x451.png 768w, https:\/\/adenilsongiovanini.com.br\/blog\/wp-content\/uploads\/2017\/12\/Croqui-de-acesso.png 1359w\" sizes=\"(max-width: 780px) 100vw, 780px\" \/><\/span><\/p>\n<p>&nbsp;<\/p>\n<p><span style=\"font-size: 20px; font-family: arial, helvetica, sans-serif; color: #000000; line-height: 1.3;\"> Para assistir gratuitamente a aula na qual ensino passo a passo a produzir um croqui de acesso, \u00e9 s\u00f3 cadastrar-se atrav\u00e9s do formul\u00e1rio abaixo:<\/span><\/p>\n<p><span style=\"font-size: 20px; font-family: arial, helvetica, sans-serif; color: #000000; line-height: 1.3;\">\u00c9 isso por este artigo. <\/span><span style=\"font-size: 20px; font-family: arial, helvetica, sans-serif; color: #000000; line-height: 1.3;\">Lembrando que eu tamb\u00e9m possuo uma s\u00e9rie de <strong>cursos pr\u00e1ticos e de livros<\/strong>. <\/span><\/p>\n<p><span style=\"font-size: 20px; font-family: arial, helvetica, sans-serif; color: #000000; line-height: 1.3;\">Se voc\u00ea quer<strong> MERGULHAR FUNDO e aprender a prestar servi\u00e7os com grande velocidade e com seguran\u00e7a<\/strong>, <span style=\"color: #0000ff;\"><a style=\"color: #0000ff;\" href=\"https:\/\/adenilsongiovanini.com.br\/cursos-online\/\">acesse este link<\/a><\/span> e conhe\u00e7a os mesmos.<\/span><\/p>\n<p><span style=\"color: #000000;\"><span style=\"font-size: 20px; font-family: arial, helvetica, sans-serif; line-height: 1.3;\">Entre eles, o <span style=\"color: #0000ff;\"><a style=\"color: #0000ff;\" href=\"https:\/\/adenilsongiovanini.com.br\/curso-de-autocad-para-topografia\/\" target=\"_blank\" rel=\"noopener noreferrer\">Curso de Confec\u00e7\u00e3o de Plantas Topogr\u00e1ficas<\/a><\/span>. <span style=\"color: #000000;\">Um <\/span><\/span><span style=\"font-size: 20px; font-family: arial, helvetica, sans-serif; line-height: 1.3;\">curso pr\u00e1tico\u00a0<\/span><span style=\"font-size: 20px; font-family: arial, helvetica, sans-serif; line-height: 1.3;\">com o qual voc\u00ea vai <strong>aprender a produzir as 15 diferentes plantas produzidas em um escrit\u00f3rio de topografia<\/strong>.<\/span><\/span><\/p>\n<p><a href=\"https:\/\/adenilsongiovanini.com.br\/curso-de-autocad-para-topografia\/\" target=\"_blank\" rel=\"noopener noreferrer\"><img decoding=\"async\" class=\"aligncenter wp-image-31689\" src=\"https:\/\/adenilsongiovanini.com.br\/wp-content\/uploads\/2022\/07\/planta-de-topografia-1024x612.png\" alt=\"\" width=\"770\" height=\"460\" \/><\/a><\/p>\n<p><span style=\"font-family: arial, helvetica, sans-serif; font-size: 20px; color: #000000;\">Clique <a href=\"https:\/\/adenilsongiovanini.com.br\/curso-de-autocad-para-topografia\/\" target=\"_blank\" rel=\"noopener noreferrer\"><span style=\"color: #0000ff;\">neste link<\/span><\/a> e conhe\u00e7a melhor o mesmo.<\/span><\/p>\n<p><span style=\"font-size: 20px; font-family: arial, helvetica, sans-serif; color: #000000; line-height: 1.3;\">Gratid\u00e3o por voc\u00ea ter lido o artigo. \ud83d\ude4f<\/span><\/p>\n<h2><\/h2>\n<p>&nbsp;<\/p>\n<p>&nbsp;<\/p>\n<h2 style=\"text-align: center;\"><span style=\"font-family: arial, helvetica, sans-serif; color: #000000; font-size: 24px;\"><strong>Domine a Topografia Cadastral atrav\u00e9s de um livro formado por centenas de exemplos pr\u00e1ticos <\/strong><\/span><\/h2>\n<h2 style=\"text-align: center;\"><span style=\"font-size: 20px;\"><a href=\"https:\/\/adenilsongiovanini.com.br\/georreferenciamento-de-imoveis-rurais-na-pratica\/\" rel=\"nofollow noreferrer\"><img decoding=\"async\" class=\"aligncenter size-large wp-image-19317\" src=\"https:\/\/adenilsongiovanini.com.br\/blog\/wp-content\/uploads\/2021\/04\/livro-de-topografia-e-georreferenciamento-1024x474.png\" sizes=\"(max-width: 1024px) 100vw, 1024px\" srcset=\"https:\/\/adenilsongiovanini.com.br\/blog\/wp-content\/uploads\/2021\/04\/livro-de-topografia-e-georreferenciamento-1024x474.png 1024w, https:\/\/adenilsongiovanini.com.br\/blog\/wp-content\/uploads\/2021\/04\/livro-de-topografia-e-georreferenciamento-300x139.png 300w, https:\/\/adenilsongiovanini.com.br\/blog\/wp-content\/uploads\/2021\/04\/livro-de-topografia-e-georreferenciamento-768x355.png 768w, https:\/\/adenilsongiovanini.com.br\/blog\/wp-content\/uploads\/2021\/04\/livro-de-topografia-e-georreferenciamento-1536x711.png 1536w, https:\/\/adenilsongiovanini.com.br\/blog\/wp-content\/uploads\/2021\/04\/livro-de-topografia-e-georreferenciamento-320x148.png 320w, https:\/\/adenilsongiovanini.com.br\/blog\/wp-content\/uploads\/2021\/04\/livro-de-topografia-e-georreferenciamento-640x296.png 640w, https:\/\/adenilsongiovanini.com.br\/blog\/wp-content\/uploads\/2021\/04\/livro-de-topografia-e-georreferenciamento-360x167.png 360w, https:\/\/adenilsongiovanini.com.br\/blog\/wp-content\/uploads\/2021\/04\/livro-de-topografia-e-georreferenciamento-720x333.png 720w, https:\/\/adenilsongiovanini.com.br\/blog\/wp-content\/uploads\/2021\/04\/livro-de-topografia-e-georreferenciamento-1080x500.png 1080w, https:\/\/adenilsongiovanini.com.br\/blog\/wp-content\/uploads\/2021\/04\/livro-de-topografia-e-georreferenciamento-800x370.png 800w, https:\/\/adenilsongiovanini.com.br\/blog\/wp-content\/uploads\/2021\/04\/livro-de-topografia-e-georreferenciamento-1280x592.png 1280w, https:\/\/adenilsongiovanini.com.br\/blog\/wp-content\/uploads\/2021\/04\/livro-de-topografia-e-georreferenciamento.png 1565w\" alt=\"livro de topografia e georreferenciamento\" width=\"1024\" height=\"474\" \/><\/a><\/span><\/h2>\n<p><span style=\"font-family: arial, helvetica, sans-serif; font-size: 20px; color: #000000;\">Voc\u00ea quer dominar a Topografia Cadastral?<\/span><\/p>\n<p><span style=\"font-family: arial, helvetica, sans-serif; font-size: 20px; color: #000000;\">Ent\u00e3o eu tenho uma \u00f3tima noticia para voc\u00ea. Me refiro ao <span style=\"color: #0000ff;\"><a style=\"color: #0000ff;\" href=\"https:\/\/adenilsongiovanini.com.br\/georreferenciamento-de-imoveis-rurais-na-pratica\/\" rel=\"nofollow noreferrer\">livro Topografia Cadastral e Georreferenciamento de Im\u00f3veis Rurais na Pr\u00e1tica<\/a><\/span>.<\/span><\/p>\n<p><span style=\"font-size: 20px;\"><span style=\"font-family: arial, helvetica, sans-serif; color: #000000;\">O mesmo \u00e9 dividido em 10 cap\u00edtulos recheados com muitos estudos de caso e exemplos pr\u00e1ticos. D\u00ea uma espiadinha no sum\u00e1rio do mesmo:<\/span><\/span><\/p>\n<p>&nbsp;<\/p>\n<p><center><iframe width=\"99%\" height=\"980\" src=\"https:\/\/drive.google.com\/file\/d\/1HJ8fZz1PvPmftfXHJNFTvIBBzY_FZhPJ\/preview\"><span data-mce-type=\"bookmark\" style=\"display: inline-block; width: 0px; overflow: hidden; line-height: 0;\" class=\"mce_SELRES_start\">\ufeff<\/span><\/iframe><\/center><\/p>\n<p>&nbsp;<\/p>\n<p><span style=\"font-size: 20px;\"><span style=\"font-family: arial, helvetica, sans-serif; color: #000000;\">Para conhecer melhor a estrutura do livro, juntar-se a mais de 800 profissionais e adquirir sua c\u00f3pia \u00e9 s\u00f3 clicar no bot\u00e3o abaixo:<\/span><\/span><\/p>\n<p>&nbsp;<\/p>\n<p><span style=\"color: #000000; font-size: 20px;\"><div class=\"su-button-center\"><a href=\"https:\/\/adenilsongiovanini.com.br\/georreferenciamento-de-imoveis-rurais-na-pratica\/\" class=\"su-button su-button-style-3d\" style=\"color:#000000;background-color:#2BCC2F;border-color:#23a426;border-radius:9px\" target=\"_blank\" rel=\"nofollow\" id=\"1\"><span style=\"color:#000000;padding:0px 24px;font-size:18px;line-height:36px;border-color:#6bdc6e;border-radius:9px;text-shadow:0px 0px 0px #000000\"> \u279c Quero Conhecer Melhor o Livro, Pois Quero e Preciso Aprender Mais Sobre Legisla\u00e7\u00e3o Cadastral e Geo. de Im\u00f3veis Rurais<\/span><\/a><\/div><\/span><\/p>\n<p>&nbsp;<\/p>\n<p>&nbsp;<\/p>\n","protected":false},"excerpt":{"rendered":"<p>Voc\u00ea sabe o que \u00e9 e como calcular uma \u00e1rea de preserva\u00e7\u00e3o permanente? Al\u00e9m disso, voc\u00ea sabia que um mapa de APP pode ser feito em menos de 1 hora e custa em m\u00e9dia R$ 120,00 reais. Perceba que \u00e9 uma \u00f3tima oportunidade de aprender a produzir os mesmos e [&hellip;]<\/p>\n","protected":false},"author":1,"featured_media":1463,"comment_status":"closed","ping_status":"closed","sticky":false,"template":"","format":"standard","meta":{"_monsterinsights_skip_tracking":false,"_monsterinsights_sitenote_active":false,"_monsterinsights_sitenote_note":"","_monsterinsights_sitenote_category":0,"footnotes":""},"categories":[13],"tags":[],"class_list":["post-1459","post","type-post","status-publish","format-standard","has-post-thumbnail","hentry","category-arcgis"],"yoast_head":"<!-- This site is optimized with the Yoast SEO plugin v26.5 - https:\/\/yoast.com\/wordpress\/plugins\/seo\/ -->\n<title>\u00c1rea de preserva\u00e7\u00e3o permanente? - Adenilson Giovanini<\/title>\n<meta name=\"description\" content=\"Descubra o que \u00e9 uma \u00e1rea de preserva\u00e7\u00e3o permanente, quanto cobrar por um mapa de app e como delimitar a mesma na pr\u00e1tica.\" \/>\n<meta name=\"robots\" content=\"index, follow, max-snippet:-1, max-image-preview:large, max-video-preview:-1\" \/>\n<link rel=\"canonical\" href=\"https:\/\/adenilsongiovanini.com.br\/blog\/area-de-preservacao-permanente\/\" \/>\n<meta property=\"og:locale\" content=\"pt_BR\" \/>\n<meta property=\"og:type\" content=\"article\" \/>\n<meta property=\"og:title\" content=\"\u00c1rea de preserva\u00e7\u00e3o permanente? - Adenilson Giovanini\" \/>\n<meta property=\"og:description\" content=\"Descubra o que \u00e9 uma \u00e1rea de preserva\u00e7\u00e3o permanente, quanto cobrar por um mapa de app e como delimitar a mesma na pr\u00e1tica.\" \/>\n<meta property=\"og:url\" content=\"https:\/\/adenilsongiovanini.com.br\/blog\/area-de-preservacao-permanente\/\" \/>\n<meta property=\"og:site_name\" content=\"Adenilson Giovanini\" \/>\n<meta property=\"article:publisher\" content=\"https:\/\/www.facebook.com\/otopografo\/\" \/>\n<meta property=\"article:author\" content=\"https:\/\/www.facebook.com\/otopografo\/\" \/>\n<meta property=\"article:published_time\" content=\"2017-12-14T10:44:59+00:00\" \/>\n<meta property=\"article:modified_time\" content=\"2022-08-01T14:50:12+00:00\" \/>\n<meta property=\"og:image\" content=\"https:\/\/adenilsongiovanini.com.br\/blog\/wp-content\/uploads\/2017\/12\/\u00e1rea-de-preserva\u00e7\u00e3o-permanente.png\" \/>\n\t<meta property=\"og:image:width\" content=\"748\" \/>\n\t<meta property=\"og:image:height\" content=\"407\" \/>\n\t<meta property=\"og:image:type\" content=\"image\/png\" \/>\n<meta name=\"author\" content=\"Adenilson Giovanini\" \/>\n<meta name=\"twitter:card\" content=\"summary_large_image\" \/>\n<meta name=\"twitter:label1\" content=\"Escrito por\" \/>\n\t<meta name=\"twitter:data1\" content=\"Adenilson Giovanini\" \/>\n\t<meta name=\"twitter:label2\" content=\"Est. tempo de leitura\" \/>\n\t<meta name=\"twitter:data2\" content=\"10 minutos\" \/>\n<script type=\"application\/ld+json\" class=\"yoast-schema-graph\">{\"@context\":\"https:\/\/schema.org\",\"@graph\":[{\"@type\":\"Article\",\"@id\":\"https:\/\/adenilsongiovanini.com.br\/blog\/area-de-preservacao-permanente\/#article\",\"isPartOf\":{\"@id\":\"https:\/\/adenilsongiovanini.com.br\/blog\/area-de-preservacao-permanente\/\"},\"author\":{\"name\":\"Adenilson Giovanini\",\"@id\":\"https:\/\/adenilsongiovanini.com.br\/blog\/#\/schema\/person\/9c1daa7da73c116aae2cb0568d1daa23\"},\"headline\":\"\u00c1rea de preserva\u00e7\u00e3o permanente?\",\"datePublished\":\"2017-12-14T10:44:59+00:00\",\"dateModified\":\"2022-08-01T14:50:12+00:00\",\"mainEntityOfPage\":{\"@id\":\"https:\/\/adenilsongiovanini.com.br\/blog\/area-de-preservacao-permanente\/\"},\"wordCount\":1684,\"publisher\":{\"@id\":\"https:\/\/adenilsongiovanini.com.br\/blog\/#\/schema\/person\/9c1daa7da73c116aae2cb0568d1daa23\"},\"image\":{\"@id\":\"https:\/\/adenilsongiovanini.com.br\/blog\/area-de-preservacao-permanente\/#primaryimage\"},\"thumbnailUrl\":\"https:\/\/adenilsongiovanini.com.br\/blog\/wp-content\/uploads\/2017\/12\/\u00e1rea-de-preserva\u00e7\u00e3o-permanente.png\",\"articleSection\":[\"ArcGIS\"],\"inLanguage\":\"pt-BR\"},{\"@type\":\"WebPage\",\"@id\":\"https:\/\/adenilsongiovanini.com.br\/blog\/area-de-preservacao-permanente\/\",\"url\":\"https:\/\/adenilsongiovanini.com.br\/blog\/area-de-preservacao-permanente\/\",\"name\":\"\u00c1rea de preserva\u00e7\u00e3o permanente? - Adenilson Giovanini\",\"isPartOf\":{\"@id\":\"https:\/\/adenilsongiovanini.com.br\/blog\/#website\"},\"primaryImageOfPage\":{\"@id\":\"https:\/\/adenilsongiovanini.com.br\/blog\/area-de-preservacao-permanente\/#primaryimage\"},\"image\":{\"@id\":\"https:\/\/adenilsongiovanini.com.br\/blog\/area-de-preservacao-permanente\/#primaryimage\"},\"thumbnailUrl\":\"https:\/\/adenilsongiovanini.com.br\/blog\/wp-content\/uploads\/2017\/12\/\u00e1rea-de-preserva\u00e7\u00e3o-permanente.png\",\"datePublished\":\"2017-12-14T10:44:59+00:00\",\"dateModified\":\"2022-08-01T14:50:12+00:00\",\"description\":\"Descubra o que \u00e9 uma \u00e1rea de preserva\u00e7\u00e3o permanente, quanto cobrar por um mapa de app e como delimitar a mesma na pr\u00e1tica.\",\"breadcrumb\":{\"@id\":\"https:\/\/adenilsongiovanini.com.br\/blog\/area-de-preservacao-permanente\/#breadcrumb\"},\"inLanguage\":\"pt-BR\",\"potentialAction\":[{\"@type\":\"ReadAction\",\"target\":[\"https:\/\/adenilsongiovanini.com.br\/blog\/area-de-preservacao-permanente\/\"]}]},{\"@type\":\"ImageObject\",\"inLanguage\":\"pt-BR\",\"@id\":\"https:\/\/adenilsongiovanini.com.br\/blog\/area-de-preservacao-permanente\/#primaryimage\",\"url\":\"https:\/\/adenilsongiovanini.com.br\/blog\/wp-content\/uploads\/2017\/12\/\u00e1rea-de-preserva\u00e7\u00e3o-permanente.png\",\"contentUrl\":\"https:\/\/adenilsongiovanini.com.br\/blog\/wp-content\/uploads\/2017\/12\/\u00e1rea-de-preserva\u00e7\u00e3o-permanente.png\",\"width\":748,\"height\":407},{\"@type\":\"BreadcrumbList\",\"@id\":\"https:\/\/adenilsongiovanini.com.br\/blog\/area-de-preservacao-permanente\/#breadcrumb\",\"itemListElement\":[{\"@type\":\"ListItem\",\"position\":1,\"name\":\"Home\",\"item\":\"https:\/\/adenilsongiovanini.com.br\/blog\/\"},{\"@type\":\"ListItem\",\"position\":2,\"name\":\"\u00c1rea de preserva\u00e7\u00e3o permanente?\"}]},{\"@type\":\"WebSite\",\"@id\":\"https:\/\/adenilsongiovanini.com.br\/blog\/#website\",\"url\":\"https:\/\/adenilsongiovanini.com.br\/blog\/\",\"name\":\"Adenilson Giovanini\",\"description\":\"Topografia e Geotecnologias\",\"publisher\":{\"@id\":\"https:\/\/adenilsongiovanini.com.br\/blog\/#\/schema\/person\/9c1daa7da73c116aae2cb0568d1daa23\"},\"potentialAction\":[{\"@type\":\"SearchAction\",\"target\":{\"@type\":\"EntryPoint\",\"urlTemplate\":\"https:\/\/adenilsongiovanini.com.br\/blog\/?s={search_term_string}\"},\"query-input\":{\"@type\":\"PropertyValueSpecification\",\"valueRequired\":true,\"valueName\":\"search_term_string\"}}],\"inLanguage\":\"pt-BR\"},{\"@type\":[\"Person\",\"Organization\"],\"@id\":\"https:\/\/adenilsongiovanini.com.br\/blog\/#\/schema\/person\/9c1daa7da73c116aae2cb0568d1daa23\",\"name\":\"Adenilson Giovanini\",\"image\":{\"@type\":\"ImageObject\",\"inLanguage\":\"pt-BR\",\"@id\":\"https:\/\/adenilsongiovanini.com.br\/blog\/#\/schema\/person\/image\/\",\"url\":\"https:\/\/adenilsongiovanini.com.br\/blog\/wp-content\/litespeed\/avatar\/be8f4de5c0b8a93c57a4f29cbf2f1e92.jpg?ver=1777130135\",\"contentUrl\":\"https:\/\/adenilsongiovanini.com.br\/blog\/wp-content\/litespeed\/avatar\/be8f4de5c0b8a93c57a4f29cbf2f1e92.jpg?ver=1777130135\",\"caption\":\"Adenilson Giovanini\"},\"logo\":{\"@id\":\"https:\/\/adenilsongiovanini.com.br\/blog\/#\/schema\/person\/image\/\"},\"description\":\"O Professor Adenilson Giovanini \u00e9 especialista em Topografia Cadastral e Georreferenciamento de Im\u00f3veis Rurais. O mesmo possui o Maior Site de Engenharia de Agrimensura do Brasil. Site este que tem mais de 102.000 visualiza\u00e7\u00f5es por m\u00eas. Tamb\u00e9m possui mais de 600 v\u00eddeos em seu canal no youtube. Al\u00e9m disso, \u00e9 escritor Best Seller, possuindo v\u00e1rios cursos e livros de sucesso.\",\"sameAs\":[\"http:\/\/adenilsongiovanini.com.br\",\"https:\/\/www.facebook.com\/otopografo\/\",\"https:\/\/www.instagram.com\/adenilson_giovanini\/\",\"https:\/\/www.linkedin.com\/in\/adenilson-giovanini-819b8035\/\",\"https:\/\/br.pinterest.com\/adenilsongiovanini\/\",\"https:\/\/www.youtube.com\/channel\/uce-br7ghiuog2txcsdx5vrw\"]}]}<\/script>\n<!-- \/ Yoast SEO plugin. -->","yoast_head_json":{"title":"\u00c1rea de preserva\u00e7\u00e3o permanente? - Adenilson Giovanini","description":"Descubra o que \u00e9 uma \u00e1rea de preserva\u00e7\u00e3o permanente, quanto cobrar por um mapa de app e como delimitar a mesma na pr\u00e1tica.","robots":{"index":"index","follow":"follow","max-snippet":"max-snippet:-1","max-image-preview":"max-image-preview:large","max-video-preview":"max-video-preview:-1"},"canonical":"https:\/\/adenilsongiovanini.com.br\/blog\/area-de-preservacao-permanente\/","og_locale":"pt_BR","og_type":"article","og_title":"\u00c1rea de preserva\u00e7\u00e3o permanente? - Adenilson Giovanini","og_description":"Descubra o que \u00e9 uma \u00e1rea de preserva\u00e7\u00e3o permanente, quanto cobrar por um mapa de app e como delimitar a mesma na pr\u00e1tica.","og_url":"https:\/\/adenilsongiovanini.com.br\/blog\/area-de-preservacao-permanente\/","og_site_name":"Adenilson Giovanini","article_publisher":"https:\/\/www.facebook.com\/otopografo\/","article_author":"https:\/\/www.facebook.com\/otopografo\/","article_published_time":"2017-12-14T10:44:59+00:00","article_modified_time":"2022-08-01T14:50:12+00:00","og_image":[{"width":748,"height":407,"url":"https:\/\/adenilsongiovanini.com.br\/blog\/wp-content\/uploads\/2017\/12\/\u00e1rea-de-preserva\u00e7\u00e3o-permanente.png","type":"image\/png"}],"author":"Adenilson Giovanini","twitter_card":"summary_large_image","twitter_misc":{"Escrito por":"Adenilson Giovanini","Est. tempo de leitura":"10 minutos"},"schema":{"@context":"https:\/\/schema.org","@graph":[{"@type":"Article","@id":"https:\/\/adenilsongiovanini.com.br\/blog\/area-de-preservacao-permanente\/#article","isPartOf":{"@id":"https:\/\/adenilsongiovanini.com.br\/blog\/area-de-preservacao-permanente\/"},"author":{"name":"Adenilson Giovanini","@id":"https:\/\/adenilsongiovanini.com.br\/blog\/#\/schema\/person\/9c1daa7da73c116aae2cb0568d1daa23"},"headline":"\u00c1rea de preserva\u00e7\u00e3o permanente?","datePublished":"2017-12-14T10:44:59+00:00","dateModified":"2022-08-01T14:50:12+00:00","mainEntityOfPage":{"@id":"https:\/\/adenilsongiovanini.com.br\/blog\/area-de-preservacao-permanente\/"},"wordCount":1684,"publisher":{"@id":"https:\/\/adenilsongiovanini.com.br\/blog\/#\/schema\/person\/9c1daa7da73c116aae2cb0568d1daa23"},"image":{"@id":"https:\/\/adenilsongiovanini.com.br\/blog\/area-de-preservacao-permanente\/#primaryimage"},"thumbnailUrl":"https:\/\/adenilsongiovanini.com.br\/blog\/wp-content\/uploads\/2017\/12\/\u00e1rea-de-preserva\u00e7\u00e3o-permanente.png","articleSection":["ArcGIS"],"inLanguage":"pt-BR"},{"@type":"WebPage","@id":"https:\/\/adenilsongiovanini.com.br\/blog\/area-de-preservacao-permanente\/","url":"https:\/\/adenilsongiovanini.com.br\/blog\/area-de-preservacao-permanente\/","name":"\u00c1rea de preserva\u00e7\u00e3o permanente? - Adenilson Giovanini","isPartOf":{"@id":"https:\/\/adenilsongiovanini.com.br\/blog\/#website"},"primaryImageOfPage":{"@id":"https:\/\/adenilsongiovanini.com.br\/blog\/area-de-preservacao-permanente\/#primaryimage"},"image":{"@id":"https:\/\/adenilsongiovanini.com.br\/blog\/area-de-preservacao-permanente\/#primaryimage"},"thumbnailUrl":"https:\/\/adenilsongiovanini.com.br\/blog\/wp-content\/uploads\/2017\/12\/\u00e1rea-de-preserva\u00e7\u00e3o-permanente.png","datePublished":"2017-12-14T10:44:59+00:00","dateModified":"2022-08-01T14:50:12+00:00","description":"Descubra o que \u00e9 uma \u00e1rea de preserva\u00e7\u00e3o permanente, quanto cobrar por um mapa de app e como delimitar a mesma na pr\u00e1tica.","breadcrumb":{"@id":"https:\/\/adenilsongiovanini.com.br\/blog\/area-de-preservacao-permanente\/#breadcrumb"},"inLanguage":"pt-BR","potentialAction":[{"@type":"ReadAction","target":["https:\/\/adenilsongiovanini.com.br\/blog\/area-de-preservacao-permanente\/"]}]},{"@type":"ImageObject","inLanguage":"pt-BR","@id":"https:\/\/adenilsongiovanini.com.br\/blog\/area-de-preservacao-permanente\/#primaryimage","url":"https:\/\/adenilsongiovanini.com.br\/blog\/wp-content\/uploads\/2017\/12\/\u00e1rea-de-preserva\u00e7\u00e3o-permanente.png","contentUrl":"https:\/\/adenilsongiovanini.com.br\/blog\/wp-content\/uploads\/2017\/12\/\u00e1rea-de-preserva\u00e7\u00e3o-permanente.png","width":748,"height":407},{"@type":"BreadcrumbList","@id":"https:\/\/adenilsongiovanini.com.br\/blog\/area-de-preservacao-permanente\/#breadcrumb","itemListElement":[{"@type":"ListItem","position":1,"name":"Home","item":"https:\/\/adenilsongiovanini.com.br\/blog\/"},{"@type":"ListItem","position":2,"name":"\u00c1rea de preserva\u00e7\u00e3o permanente?"}]},{"@type":"WebSite","@id":"https:\/\/adenilsongiovanini.com.br\/blog\/#website","url":"https:\/\/adenilsongiovanini.com.br\/blog\/","name":"Adenilson Giovanini","description":"Topografia e Geotecnologias","publisher":{"@id":"https:\/\/adenilsongiovanini.com.br\/blog\/#\/schema\/person\/9c1daa7da73c116aae2cb0568d1daa23"},"potentialAction":[{"@type":"SearchAction","target":{"@type":"EntryPoint","urlTemplate":"https:\/\/adenilsongiovanini.com.br\/blog\/?s={search_term_string}"},"query-input":{"@type":"PropertyValueSpecification","valueRequired":true,"valueName":"search_term_string"}}],"inLanguage":"pt-BR"},{"@type":["Person","Organization"],"@id":"https:\/\/adenilsongiovanini.com.br\/blog\/#\/schema\/person\/9c1daa7da73c116aae2cb0568d1daa23","name":"Adenilson Giovanini","image":{"@type":"ImageObject","inLanguage":"pt-BR","@id":"https:\/\/adenilsongiovanini.com.br\/blog\/#\/schema\/person\/image\/","url":"https:\/\/adenilsongiovanini.com.br\/blog\/wp-content\/litespeed\/avatar\/be8f4de5c0b8a93c57a4f29cbf2f1e92.jpg?ver=1777130135","contentUrl":"https:\/\/adenilsongiovanini.com.br\/blog\/wp-content\/litespeed\/avatar\/be8f4de5c0b8a93c57a4f29cbf2f1e92.jpg?ver=1777130135","caption":"Adenilson Giovanini"},"logo":{"@id":"https:\/\/adenilsongiovanini.com.br\/blog\/#\/schema\/person\/image\/"},"description":"O Professor Adenilson Giovanini \u00e9 especialista em Topografia Cadastral e Georreferenciamento de Im\u00f3veis Rurais. O mesmo possui o Maior Site de Engenharia de Agrimensura do Brasil. Site este que tem mais de 102.000 visualiza\u00e7\u00f5es por m\u00eas. Tamb\u00e9m possui mais de 600 v\u00eddeos em seu canal no youtube. Al\u00e9m disso, \u00e9 escritor Best Seller, possuindo v\u00e1rios cursos e livros de sucesso.","sameAs":["http:\/\/adenilsongiovanini.com.br","https:\/\/www.facebook.com\/otopografo\/","https:\/\/www.instagram.com\/adenilson_giovanini\/","https:\/\/www.linkedin.com\/in\/adenilson-giovanini-819b8035\/","https:\/\/br.pinterest.com\/adenilsongiovanini\/","https:\/\/www.youtube.com\/channel\/uce-br7ghiuog2txcsdx5vrw"]}]}},"amp_enabled":true,"_links":{"self":[{"href":"https:\/\/adenilsongiovanini.com.br\/blog\/wp-json\/wp\/v2\/posts\/1459","targetHints":{"allow":["GET"]}}],"collection":[{"href":"https:\/\/adenilsongiovanini.com.br\/blog\/wp-json\/wp\/v2\/posts"}],"about":[{"href":"https:\/\/adenilsongiovanini.com.br\/blog\/wp-json\/wp\/v2\/types\/post"}],"author":[{"embeddable":true,"href":"https:\/\/adenilsongiovanini.com.br\/blog\/wp-json\/wp\/v2\/users\/1"}],"replies":[{"embeddable":true,"href":"https:\/\/adenilsongiovanini.com.br\/blog\/wp-json\/wp\/v2\/comments?post=1459"}],"version-history":[{"count":0,"href":"https:\/\/adenilsongiovanini.com.br\/blog\/wp-json\/wp\/v2\/posts\/1459\/revisions"}],"wp:featuredmedia":[{"embeddable":true,"href":"https:\/\/adenilsongiovanini.com.br\/blog\/wp-json\/wp\/v2\/media\/1463"}],"wp:attachment":[{"href":"https:\/\/adenilsongiovanini.com.br\/blog\/wp-json\/wp\/v2\/media?parent=1459"}],"wp:term":[{"taxonomy":"category","embeddable":true,"href":"https:\/\/adenilsongiovanini.com.br\/blog\/wp-json\/wp\/v2\/categories?post=1459"},{"taxonomy":"post_tag","embeddable":true,"href":"https:\/\/adenilsongiovanini.com.br\/blog\/wp-json\/wp\/v2\/tags?post=1459"}],"curies":[{"name":"wp","href":"https:\/\/api.w.org\/{rel}","templated":true}]}}