{"id":1435,"date":"2017-12-13T16:23:04","date_gmt":"2017-12-13T16:23:04","guid":{"rendered":"http:\/\/adenilsongiovanini.com.br\/blog\/?p=1435"},"modified":"2022-08-01T15:00:10","modified_gmt":"2022-08-01T15:00:10","slug":"sigef-incra-como-area-e-calculada","status":"publish","type":"post","link":"https:\/\/adenilsongiovanini.com.br\/blog\/sigef-incra-como-area-e-calculada\/","title":{"rendered":"SIGEF INCRA: Como a \u00c1rea \u00e9 Calculada?"},"content":{"rendered":"<p><span style=\"font-size: 20px; font-family: arial, helvetica, sans-serif; color: #000000;\">Uma das principais d\u00favidas sobre o funcionamento do <em><strong>SIGEF INCRA<\/strong><\/em> \u00e9 a respeito de como que a \u00e1rea \u00e9 calculada.<\/span><\/p>\n<p><span style=\"font-size: 20px; font-family: arial, helvetica, sans-serif; color: #000000;\">E voc\u00ea sabe como que este c\u00e1lculo \u00e9 feito?<\/span><\/p>\n<p><span style=\"font-size: 20px; font-family: arial, helvetica, sans-serif; color: #000000;\">Sabe como fazer a transforma\u00e7\u00e3o dos dados para que os mesmos fiquem de acordo com as exig\u00eancias do SIGEF?<\/span><\/p>\n<p><span style=\"font-size: 20px; font-family: arial, helvetica, sans-serif; color: #000000;\">Sabe como configurar a <span style=\"color: #0000ff;\"><a style=\"color: #0000ff;\" href=\"http:\/\/adenilsongiovanini.com.br\/blog\/planilha-ods-guia-definitivo\/\" target=\"_blank\" rel=\"noopener noreferrer\">planilha ods<\/a><\/span>?<\/span><\/p>\n<p><span style=\"font-size: 20px; font-family: arial, helvetica, sans-serif; color: #000000;\">Neste artigo eu irei responder estas d\u00favidas. Por\u00e9m, antes disso, deixe-me lhe indicar outros 2 artigos brilhantes sobre georreferenciamento de im\u00f3veis rurais. S\u00e3o eles:<\/span><\/p>\n<p><span style=\"font-size: 20px; font-family: arial, helvetica, sans-serif; color: #000000;\"><strong>&gt; <span style=\"color: #0000ff;\"><a class=\"row-title\" style=\"color: #0000ff;\" href=\"http:\/\/adenilsongiovanini.com.br\/blog\/incra-georreferenciamento\/\" target=\"_blank\" rel=\"noopener noreferrer\">Incra georreferenciamento. 6 d\u00favidas cabeludas respondidas&#8230;<\/a><\/span><\/strong><\/span><br \/>\n<span style=\"font-size: 20px; font-family: arial, helvetica, sans-serif; color: #000000;\">&gt; <span style=\"color: #0000ff;\"><a style=\"color: #0000ff;\" href=\"http:\/\/adenilsongiovanini.com.br\/blog\/georreferenciamento-de-imoveis-rurais\/\" target=\"_blank\" rel=\"noopener noreferrer\"><strong>Georreferenciamento de im\u00f3veis: Descubra quais s\u00e3o as 4 simples etapas&#8230;<\/strong><\/a><\/span><\/span><\/p>\n<p><span style=\"font-size: 20px; font-family: arial, helvetica, sans-serif; color: #000000;\">Para que voc\u00ea entenda como que a \u00e1rea \u00e9 calculada pelo SIGEF, eu terei que primeiramente fazer uma introdu\u00e7\u00e3o ao problema do calculo de \u00e1rea. Isso porque somente assim conseguirei explicar como que o calculo da mesma \u00e9 feito.<\/span><\/p>\n<p>&nbsp;<\/p>\n<h2 style=\"text-align: center;\"><span style=\"font-size: 24px; color: #000000;\"><strong><span style=\"font-family: arial, helvetica, sans-serif;\">SIGEF INCRA e o problema do c\u00e1lculo da \u00e1rea<\/span><\/strong><\/span><\/h2>\n<p><span style=\"font-size: 20px; color: #000000;\"><img decoding=\"async\" class=\"aligncenter size-large wp-image-19917\" src=\"https:\/\/adenilsongiovanini.com.br\/blog\/wp-content\/uploads\/2017\/12\/calculo-de-area-no-georreferenciamento-1024x528.png\" alt=\"sigef incra - o problema do c\u00e1l\u00e7ulo de \u00e1rea\" width=\"1024\" height=\"528\" srcset=\"https:\/\/adenilsongiovanini.com.br\/blog\/wp-content\/uploads\/2017\/12\/calculo-de-area-no-georreferenciamento-1024x528.png 1024w, https:\/\/adenilsongiovanini.com.br\/blog\/wp-content\/uploads\/2017\/12\/calculo-de-area-no-georreferenciamento-300x155.png 300w, https:\/\/adenilsongiovanini.com.br\/blog\/wp-content\/uploads\/2017\/12\/calculo-de-area-no-georreferenciamento-768x396.png 768w, https:\/\/adenilsongiovanini.com.br\/blog\/wp-content\/uploads\/2017\/12\/calculo-de-area-no-georreferenciamento-1536x792.png 1536w, https:\/\/adenilsongiovanini.com.br\/blog\/wp-content\/uploads\/2017\/12\/calculo-de-area-no-georreferenciamento-320x165.png 320w, https:\/\/adenilsongiovanini.com.br\/blog\/wp-content\/uploads\/2017\/12\/calculo-de-area-no-georreferenciamento-640x330.png 640w, https:\/\/adenilsongiovanini.com.br\/blog\/wp-content\/uploads\/2017\/12\/calculo-de-area-no-georreferenciamento-360x186.png 360w, https:\/\/adenilsongiovanini.com.br\/blog\/wp-content\/uploads\/2017\/12\/calculo-de-area-no-georreferenciamento-720x371.png 720w, https:\/\/adenilsongiovanini.com.br\/blog\/wp-content\/uploads\/2017\/12\/calculo-de-area-no-georreferenciamento-1080x557.png 1080w, https:\/\/adenilsongiovanini.com.br\/blog\/wp-content\/uploads\/2017\/12\/calculo-de-area-no-georreferenciamento-800x413.png 800w, https:\/\/adenilsongiovanini.com.br\/blog\/wp-content\/uploads\/2017\/12\/calculo-de-area-no-georreferenciamento-1280x660.png 1280w, https:\/\/adenilsongiovanini.com.br\/blog\/wp-content\/uploads\/2017\/12\/calculo-de-area-no-georreferenciamento.png 1599w\" sizes=\"(max-width: 1024px) 100vw, 1024px\" \/><\/span><br \/>\n<span style=\"font-size: 20px; font-family: arial, helvetica, sans-serif; color: #000000;\">O calculo da \u00e1rea \u00e9 um problema dif\u00edcil de ser solucionado. Isso porque o planeta n\u00e3o \u00e9 um plano, mas sim um <a style=\"color: #000000;\" href=\"http:\/\/adenilsongiovanini.com.br\/blog\/elipsoide-o-que-e-e-para-que-serve\/\" target=\"_blank\" rel=\"noopener noreferrer\"><span style=\"color: #0000ff;\">elipsoide<\/span><\/a>.<\/span><\/p>\n<p><span style=\"font-size: 20px; font-family: arial, helvetica, sans-serif; color: #000000;\">Perceba que para que a \u00e1rea seja calculada, a terra precisa ser achatada, levando-se a mesma para o plano. O problema \u00e9 que isso causa distor\u00e7\u00f5es, sendo que todo m\u00e9todo de proje\u00e7\u00e3o dos dados ir\u00e1 distorcer \u00e1reas e \u00e2ngulo ou ambos.<\/span><\/p>\n<p><span style=\"font-size: 20px; font-family: arial, helvetica, sans-serif; color: #000000;\">Por causa disso, existem diferentes <span style=\"color: #0000ff;\"><a style=\"color: #0000ff;\" href=\"https:\/\/adenilsongiovanini.com.br\/blog\/projecoes-cartograficas\/\">proje\u00e7\u00f5es cartogr\u00e1ficas<\/a><\/span>.<\/span><\/p>\n<p><span style=\"font-size: 20px; font-family: arial, helvetica, sans-serif; color: #000000;\">Com isso, dependendo da aplica\u00e7\u00e3o, determinada proje\u00e7\u00e3o ser\u00e1 a mais indicada. Entre todas as proje\u00e7\u00f5es, a que preserva \u00e2ngulos, distorcendo muito pouco as \u00e1reas desde que os limites dos fusos seja respeitados \u00e9 a <span style=\"color: #0000ff;\"><a style=\"color: #0000ff;\" href=\"http:\/\/adenilsongiovanini.com.br\/blog\/coordenadas-utm\/\" target=\"_blank\" rel=\"noopener noreferrer\">proje\u00e7\u00e3o de mercator<\/a><\/span> (<a style=\"color: #000000;\" href=\"https:\/\/www.lapig.iesa.ufg.br\/lapig\/cursos_online\/gvsig\/a_projeo_utm.html\" target=\"_blank\" rel=\"noopener noreferrer\"><span style=\"color: #0000ff;\">proje\u00e7\u00e3o utm<\/span><\/a>).<\/span><\/p>\n<p><span style=\"font-size: 20px; font-family: arial, helvetica, sans-serif; color: #000000;\">Por causa disso, a mesmo \u00e9 amplamente utilizada.<\/span><\/p>\n<p>&nbsp;<\/p>\n<h2 style=\"text-align: center;\"><span style=\"font-size: 24px; color: #000000;\"><strong><span style=\"font-family: arial, helvetica, sans-serif;\">Entendendo como que o SIGEF INCRA calcula a \u00e1rea<\/span><\/strong><\/span><\/h2>\n<p><span style=\"font-size: 20px; color: #000000;\"><img decoding=\"async\" class=\"aligncenter size-full wp-image-1458\" src=\"https:\/\/adenilsongiovanini.com.br\/blog\/wp-content\/uploads\/2017\/12\/sigef-incra.png\" alt=\"como que o sigef incra calcula a \u00e1rea\" width=\"989\" height=\"458\" srcset=\"https:\/\/adenilsongiovanini.com.br\/blog\/wp-content\/uploads\/2017\/12\/sigef-incra.png 989w, https:\/\/adenilsongiovanini.com.br\/blog\/wp-content\/uploads\/2017\/12\/sigef-incra-300x139.png 300w, https:\/\/adenilsongiovanini.com.br\/blog\/wp-content\/uploads\/2017\/12\/sigef-incra-780x361.png 780w, https:\/\/adenilsongiovanini.com.br\/blog\/wp-content\/uploads\/2017\/12\/sigef-incra-768x356.png 768w\" sizes=\"(max-width: 989px) 100vw, 989px\" \/><\/span><\/p>\n<p><span style=\"font-size: 20px; font-family: arial, helvetica, sans-serif; color: #000000;\"> O problema \u00e9 que na proje\u00e7\u00e3o UTM, mesmo a distor\u00e7\u00e3o sendo pequena, ela existe, sendo que o <span style=\"color: #0000ff;\"><a style=\"color: #0000ff;\" href=\"https:\/\/sigef.incra.gov.br\/\" target=\"_blank\" rel=\"noopener noreferrer\">SIGEF<\/a><\/span> n\u00e3o pode utilizar a mesma para o calculo de \u00e1reas. A solu\u00e7\u00e3o encontrada foi a utiliza\u00e7\u00e3o do plano topogr\u00e1fico local.<\/span><\/p>\n<p><span style=\"font-size: 20px; font-family: arial, helvetica, sans-serif; color: #000000;\">O mesmo \u00e9 um plano de aproximadamente 50 km\u00b2. Em \u00e1reas com at\u00e9 este tamanho, a influ\u00eancia da curvatura da terra \u00e9 m\u00ednima, sendo este o motivo que levou o sigef incra a adotar este plano.<\/span><\/p>\n<p><span style=\"font-size: 20px; font-family: arial, helvetica, sans-serif; color: #000000;\">O problema \u00e9 que ao adotar o <span style=\"color: #0000ff;\"><a style=\"color: #0000ff;\" href=\"http:\/\/adenilsongiovanini.com.br\/blog\/plano-topografico\/\" target=\"_blank\" rel=\"noopener noreferrer\">plano topogr\u00e1fico local<\/a><\/span> para o calculo de \u00e1rea, o SIGEF perde sua maior caracter\u00edstica que \u00e9 a capacidade de geoespacializa\u00e7\u00e3o dos dados.<\/span><\/p>\n<p><span style=\"font-size: 20px; font-family: arial, helvetica, sans-serif; color: #000000;\">A solu\u00e7\u00e3o encontrada para este problema \u00e9 a importa\u00e7\u00e3o dos dados para o SIGEF em coordenadas geogr\u00e1ficas ou UTM. Com isso, as coordenadas inseridas na <span style=\"color: #0000ff;\"><a style=\"color: #0000ff;\" href=\"https:\/\/adenilsongiovanini.com.br\/blog\/planilha-ods-guia-definitivo\/\">planilha ods<\/a><\/span> devem estar em uma destas configura\u00e7\u00f5es, no <span style=\"color: #0000ff;\"><a style=\"color: #0000ff;\" href=\"http:\/\/adenilsongiovanini.com.br\/blog\/datum-o-que-e-e-para-que-serve\/\" target=\"_blank\" rel=\"noopener noreferrer\">datum SIRGAS 2000<\/a><\/span>, \u00e9poca 4.<\/span><\/p>\n<p><span style=\"font-size: 20px; font-family: arial, helvetica, sans-serif; color: #000000;\">Ao adotar-se este procedimento, a capacidade de geoespacializa\u00e7\u00e3o dos dados \u00e9 mantida. No entanto, para a gera\u00e7\u00e3o da planta e do <span style=\"color: #0000ff;\"><a style=\"color: #0000ff;\" href=\"http:\/\/adenilsongiovanini.com.br\/blog\/memorial-descritivo-topografia\/\" target=\"_blank\" rel=\"noopener noreferrer\">memorial descritivo<\/a><\/span>, o SIGEF transforma os dados para o plano topogr\u00e1fico local.<\/span><\/p>\n<p><span style=\"font-family: arial, helvetica, sans-serif; font-size: 20px; color: #000000;\">Ao adotar este procedimento, ambos os problemas, geoespacializa\u00e7\u00e3o dos dados e c\u00e1lculo da \u00e1rea s\u00e3o resolvidos.<\/span><\/p>\n<p><span style=\"font-size: 20px; font-family: arial, helvetica, sans-serif; color: #000000;\">Outro sim, quando se fala em c\u00e1lculo de \u00e1rea existem algumas d\u00favidas que s\u00e3o bem comuns em rela\u00e7\u00e3o ao assunto. Por exemplo, como que o receptor deve estar configurado?<\/span><\/p>\n<p><span style=\"font-size: 20px; font-family: arial, helvetica, sans-serif; color: #000000;\">A resposta para esta d\u00favida \u00e9 bem simples, o receptor deve estar configurado preferencialmente para a obten\u00e7\u00e3o dos dados em coordenadas <span style=\"color: #0000ff;\"><a style=\"color: #0000ff;\" href=\"http:\/\/adenilsongiovanini.com.br\/blog\/sirgas-2000\/\" target=\"_blank\" rel=\"noopener noreferrer\">sirgas 2000<\/a><\/span> geogr\u00e1ficas. Isso pela necessidade de processamento e ajustamento dos dados.<\/span><\/p>\n<p><span style=\"font-size: 20px; font-family: arial, helvetica, sans-serif; color: #000000;\">Al\u00e9m disso, na hora de importar os dados para a planilha ods, voc\u00ea precisa informar se os dados est\u00e3o em coordenadas geogr\u00e1ficas ou UTM. <span style=\"color: #0000ff;\"><a style=\"color: #0000ff;\" href=\"http:\/\/adenilsongiovanini.com.br\/blog\/planilha-ods-guia-definitivo\/\" target=\"_blank\" rel=\"noopener noreferrer\">Neste artigo<\/a> <\/span>eu mostrei de maneira passo a passo como preencher a <span style=\"color: #0000ff;\"><a href=\"https:\/\/adenilsongiovanini.com.br\/blog\/planilha-ods-guia-definitivo\/\" style=\"color: #0000ff;\">planilha ods<\/a><\/span>.<\/span><\/p>\n<p><span style=\"font-size: 20px; font-family: arial, helvetica, sans-serif; color: #000000;\">No v\u00eddeo abaixo eu passo mais algumas dicas a respeito de como o SIGEF INCRA calcula a \u00e1rea.<\/span><\/p>\n<p><center><iframe width=\"840\" height=\"460\" src=\"https:\/\/www.youtube.com\/embed\/dBQVcXl8ZPk\" frameborder=\"0\" allowfullscreen=\"allowfullscreen\"><\/iframe><\/center><\/p>\n<p><span style=\"font-size: 20px; font-family: arial, helvetica, sans-serif; color: #000000; line-height: 1.3;\"><span style=\"font-family: arial, helvetica, sans-serif; font-size: 20px; color: #000000;\">\u00c9 isso por este artigo. <\/span>Lembrando que eu possuo uma s\u00e9rie de <em><strong>cursos e de livros pr\u00e1ticos. Se voc\u00ea que MERGULHAR FUNDO e aprender com exemplos pr\u00e1ticos<\/strong><\/em>, <span style=\"color: #0000ff;\"><a style=\"color: #0000ff;\" href=\"https:\/\/adenilsongiovanini.com.br\/cursos-online\/\">acesse este link e conhe\u00e7a os mesmos<\/a><\/span>.<\/span><\/p>\n<p><span style=\"font-family: arial, helvetica, sans-serif; font-size: 20px; color: #000000;\"> Gratid\u00e3o por voc\u00ea ter lido o artigo. \ud83d\ude4f<\/span><\/p>\n<p>&nbsp;<\/p>\n<h2 style=\"text-align: center;\"><span style=\"font-family: arial, helvetica, sans-serif; color: #000000; font-size: 24px;\"><strong>Domine a Topografia Cadastral atrav\u00e9s de um livro formado por centenas de exemplos pr\u00e1ticos <\/strong><\/span><\/h2>\n<h2 style=\"text-align: center;\"><span style=\"font-size: 20px;\"><a href=\"https:\/\/adenilsongiovanini.com.br\/georreferenciamento-de-imoveis-rurais-na-pratica\/\" rel=\"nofollow noreferrer\"><img decoding=\"async\" class=\"aligncenter size-large wp-image-19317\" src=\"https:\/\/adenilsongiovanini.com.br\/blog\/wp-content\/uploads\/2021\/04\/livro-de-topografia-e-georreferenciamento-1024x474.png\" sizes=\"(max-width: 1024px) 100vw, 1024px\" srcset=\"https:\/\/adenilsongiovanini.com.br\/blog\/wp-content\/uploads\/2021\/04\/livro-de-topografia-e-georreferenciamento-1024x474.png 1024w, https:\/\/adenilsongiovanini.com.br\/blog\/wp-content\/uploads\/2021\/04\/livro-de-topografia-e-georreferenciamento-300x139.png 300w, https:\/\/adenilsongiovanini.com.br\/blog\/wp-content\/uploads\/2021\/04\/livro-de-topografia-e-georreferenciamento-768x355.png 768w, https:\/\/adenilsongiovanini.com.br\/blog\/wp-content\/uploads\/2021\/04\/livro-de-topografia-e-georreferenciamento-1536x711.png 1536w, https:\/\/adenilsongiovanini.com.br\/blog\/wp-content\/uploads\/2021\/04\/livro-de-topografia-e-georreferenciamento-320x148.png 320w, https:\/\/adenilsongiovanini.com.br\/blog\/wp-content\/uploads\/2021\/04\/livro-de-topografia-e-georreferenciamento-640x296.png 640w, https:\/\/adenilsongiovanini.com.br\/blog\/wp-content\/uploads\/2021\/04\/livro-de-topografia-e-georreferenciamento-360x167.png 360w, https:\/\/adenilsongiovanini.com.br\/blog\/wp-content\/uploads\/2021\/04\/livro-de-topografia-e-georreferenciamento-720x333.png 720w, https:\/\/adenilsongiovanini.com.br\/blog\/wp-content\/uploads\/2021\/04\/livro-de-topografia-e-georreferenciamento-1080x500.png 1080w, https:\/\/adenilsongiovanini.com.br\/blog\/wp-content\/uploads\/2021\/04\/livro-de-topografia-e-georreferenciamento-800x370.png 800w, https:\/\/adenilsongiovanini.com.br\/blog\/wp-content\/uploads\/2021\/04\/livro-de-topografia-e-georreferenciamento-1280x592.png 1280w, https:\/\/adenilsongiovanini.com.br\/blog\/wp-content\/uploads\/2021\/04\/livro-de-topografia-e-georreferenciamento.png 1565w\" alt=\"livro de topografia e georreferenciamento\" width=\"1024\" height=\"474\" \/><\/a><\/span><\/h2>\n<p><span style=\"font-family: arial, helvetica, sans-serif; font-size: 20px; color: #000000;\">Voc\u00ea quer dominar a Topografia Cadastral?<\/span><\/p>\n<p><span style=\"font-family: arial, helvetica, sans-serif; font-size: 20px; color: #000000;\">Ent\u00e3o eu tenho uma \u00f3tima noticia para voc\u00ea. Me refiro ao <span style=\"color: #0000ff;\"><a style=\"color: #0000ff;\" href=\"https:\/\/adenilsongiovanini.com.br\/georreferenciamento-de-imoveis-rurais-na-pratica\/\" rel=\"nofollow noreferrer\">livro Topografia Cadastral e Georreferenciamento de Im\u00f3veis Rurais na Pr\u00e1tica<\/a><\/span>.<\/span><\/p>\n<p><span style=\"font-size: 20px;\"><span style=\"font-family: arial, helvetica, sans-serif; color: #000000;\">O mesmo \u00e9 dividido em 10 cap\u00edtulos recheados com muitos estudos de caso e exemplos pr\u00e1ticos. D\u00ea uma espiadinha no sum\u00e1rio do mesmo:<\/span><\/span><\/p>\n<p><center><iframe width=\"99%\" height=\"980\" src=\"https:\/\/drive.google.com\/file\/d\/1HJ8fZz1PvPmftfXHJNFTvIBBzY_FZhPJ\/preview\" data-mce-fragment=\"1\"><span data-mce-type=\"bookmark\" style=\"display: inline-block; width: 0px; overflow: hidden; line-height: 0;\" class=\"mce_SELRES_start\">\ufeff<\/span><\/iframe><\/center><\/p>\n<p><span style=\"font-size: 20px;\"><span style=\"font-family: arial, helvetica, sans-serif; color: #000000;\">Para conhecer melhor a estrutura do livro, juntar-se a mais de 800 profissionais e adquirir sua c\u00f3pia \u00e9 s\u00f3 clicar no bot\u00e3o abaixo:<\/span><\/span><\/p>\n<p><span style=\"color: #000000; font-size: 20px;\"><div class=\"su-button-center\"><a href=\"https:\/\/adenilsongiovanini.com.br\/georreferenciamento-de-imoveis-rurais-na-pratica\/\" class=\"su-button su-button-style-3d\" style=\"color:#000000;background-color:#2BCC2F;border-color:#23a426;border-radius:9px\" target=\"_blank\" rel=\"nofollow\" id=\"1\"><span style=\"color:#000000;padding:0px 24px;font-size:18px;line-height:36px;border-color:#6bdc6e;border-radius:9px;text-shadow:0px 0px 0px #000000\"> \u279c Quero Conhecer Melhor o Livro, Pois Quero e Preciso Aprender Mais Sobre Legisla\u00e7\u00e3o Cadastral e Geo. de Im\u00f3veis Rurais<\/span><\/a><\/div><\/span><\/p>\n<p>&nbsp;<\/p>\n","protected":false},"excerpt":{"rendered":"<p>Uma das principais d\u00favidas sobre o funcionamento do SIGEF INCRA \u00e9 a respeito de como que a \u00e1rea \u00e9 calculada. E voc\u00ea sabe como que este c\u00e1lculo \u00e9 feito? Sabe como fazer a transforma\u00e7\u00e3o dos dados para que os mesmos fiquem de acordo com as exig\u00eancias do SIGEF? Sabe como [&hellip;]<\/p>\n","protected":false},"author":1,"featured_media":1458,"comment_status":"closed","ping_status":"closed","sticky":false,"template":"","format":"standard","meta":{"_monsterinsights_skip_tracking":false,"_monsterinsights_sitenote_active":false,"_monsterinsights_sitenote_note":"","_monsterinsights_sitenote_category":0,"footnotes":""},"categories":[12,9],"tags":[],"class_list":["post-1435","post","type-post","status-publish","format-standard","has-post-thumbnail","hentry","category-georreferenciamento-de-imoveis-rurais","category-topografia-cadastral"],"yoast_head":"<!-- This site is optimized with the Yoast SEO plugin v26.5 - https:\/\/yoast.com\/wordpress\/plugins\/seo\/ -->\n<title>SIGEF INCRA: Como a \u00c1rea \u00e9 Calculada? - Adenilson Giovanini<\/title>\n<meta name=\"description\" content=\"Descubra como que o SIGEF INCRA calcula a \u00e1rea e aprenda a obter dados de acordo com a legisla\u00e7\u00e3o nacional. Guia definitivo. Leia.\" \/>\n<meta name=\"robots\" content=\"index, follow, max-snippet:-1, max-image-preview:large, max-video-preview:-1\" \/>\n<link rel=\"canonical\" href=\"https:\/\/adenilsongiovanini.com.br\/blog\/sigef-incra-como-area-e-calculada\/\" \/>\n<meta property=\"og:locale\" content=\"pt_BR\" \/>\n<meta property=\"og:type\" content=\"article\" \/>\n<meta property=\"og:title\" content=\"SIGEF INCRA: Como a \u00c1rea \u00e9 Calculada? - Adenilson Giovanini\" \/>\n<meta property=\"og:description\" content=\"Descubra como que o SIGEF INCRA calcula a \u00e1rea e aprenda a obter dados de acordo com a legisla\u00e7\u00e3o nacional. Guia definitivo. Leia.\" \/>\n<meta property=\"og:url\" content=\"https:\/\/adenilsongiovanini.com.br\/blog\/sigef-incra-como-area-e-calculada\/\" \/>\n<meta property=\"og:site_name\" content=\"Adenilson Giovanini\" \/>\n<meta property=\"article:publisher\" content=\"https:\/\/www.facebook.com\/otopografo\/\" \/>\n<meta property=\"article:author\" content=\"https:\/\/www.facebook.com\/otopografo\/\" \/>\n<meta property=\"article:published_time\" content=\"2017-12-13T16:23:04+00:00\" \/>\n<meta property=\"article:modified_time\" content=\"2022-08-01T15:00:10+00:00\" \/>\n<meta property=\"og:image\" content=\"https:\/\/adenilsongiovanini.com.br\/blog\/wp-content\/uploads\/2017\/12\/sigef-incra.png\" \/>\n\t<meta property=\"og:image:width\" content=\"989\" \/>\n\t<meta property=\"og:image:height\" content=\"458\" \/>\n\t<meta property=\"og:image:type\" content=\"image\/png\" \/>\n<meta name=\"author\" content=\"Adenilson Giovanini\" \/>\n<meta name=\"twitter:card\" content=\"summary_large_image\" \/>\n<meta name=\"twitter:label1\" content=\"Escrito por\" \/>\n\t<meta name=\"twitter:data1\" content=\"Adenilson Giovanini\" \/>\n\t<meta name=\"twitter:label2\" content=\"Est. tempo de leitura\" \/>\n\t<meta name=\"twitter:data2\" content=\"5 minutos\" \/>\n<script type=\"application\/ld+json\" class=\"yoast-schema-graph\">{\"@context\":\"https:\/\/schema.org\",\"@graph\":[{\"@type\":\"Article\",\"@id\":\"https:\/\/adenilsongiovanini.com.br\/blog\/sigef-incra-como-area-e-calculada\/#article\",\"isPartOf\":{\"@id\":\"https:\/\/adenilsongiovanini.com.br\/blog\/sigef-incra-como-area-e-calculada\/\"},\"author\":{\"name\":\"Adenilson Giovanini\",\"@id\":\"https:\/\/adenilsongiovanini.com.br\/blog\/#\/schema\/person\/9c1daa7da73c116aae2cb0568d1daa23\"},\"headline\":\"SIGEF INCRA: Como a \u00c1rea \u00e9 Calculada?\",\"datePublished\":\"2017-12-13T16:23:04+00:00\",\"dateModified\":\"2022-08-01T15:00:10+00:00\",\"mainEntityOfPage\":{\"@id\":\"https:\/\/adenilsongiovanini.com.br\/blog\/sigef-incra-como-area-e-calculada\/\"},\"wordCount\":810,\"publisher\":{\"@id\":\"https:\/\/adenilsongiovanini.com.br\/blog\/#\/schema\/person\/9c1daa7da73c116aae2cb0568d1daa23\"},\"image\":{\"@id\":\"https:\/\/adenilsongiovanini.com.br\/blog\/sigef-incra-como-area-e-calculada\/#primaryimage\"},\"thumbnailUrl\":\"https:\/\/adenilsongiovanini.com.br\/blog\/wp-content\/uploads\/2017\/12\/sigef-incra.png\",\"articleSection\":[\"Georreferenciamento de Im\u00f3veis Rurais\",\"Topografia Cadastral\"],\"inLanguage\":\"pt-BR\"},{\"@type\":\"WebPage\",\"@id\":\"https:\/\/adenilsongiovanini.com.br\/blog\/sigef-incra-como-area-e-calculada\/\",\"url\":\"https:\/\/adenilsongiovanini.com.br\/blog\/sigef-incra-como-area-e-calculada\/\",\"name\":\"SIGEF INCRA: Como a \u00c1rea \u00e9 Calculada? - Adenilson Giovanini\",\"isPartOf\":{\"@id\":\"https:\/\/adenilsongiovanini.com.br\/blog\/#website\"},\"primaryImageOfPage\":{\"@id\":\"https:\/\/adenilsongiovanini.com.br\/blog\/sigef-incra-como-area-e-calculada\/#primaryimage\"},\"image\":{\"@id\":\"https:\/\/adenilsongiovanini.com.br\/blog\/sigef-incra-como-area-e-calculada\/#primaryimage\"},\"thumbnailUrl\":\"https:\/\/adenilsongiovanini.com.br\/blog\/wp-content\/uploads\/2017\/12\/sigef-incra.png\",\"datePublished\":\"2017-12-13T16:23:04+00:00\",\"dateModified\":\"2022-08-01T15:00:10+00:00\",\"description\":\"Descubra como que o SIGEF INCRA calcula a \u00e1rea e aprenda a obter dados de acordo com a legisla\u00e7\u00e3o nacional. Guia definitivo. Leia.\",\"breadcrumb\":{\"@id\":\"https:\/\/adenilsongiovanini.com.br\/blog\/sigef-incra-como-area-e-calculada\/#breadcrumb\"},\"inLanguage\":\"pt-BR\",\"potentialAction\":[{\"@type\":\"ReadAction\",\"target\":[\"https:\/\/adenilsongiovanini.com.br\/blog\/sigef-incra-como-area-e-calculada\/\"]}]},{\"@type\":\"ImageObject\",\"inLanguage\":\"pt-BR\",\"@id\":\"https:\/\/adenilsongiovanini.com.br\/blog\/sigef-incra-como-area-e-calculada\/#primaryimage\",\"url\":\"https:\/\/adenilsongiovanini.com.br\/blog\/wp-content\/uploads\/2017\/12\/sigef-incra.png\",\"contentUrl\":\"https:\/\/adenilsongiovanini.com.br\/blog\/wp-content\/uploads\/2017\/12\/sigef-incra.png\",\"width\":989,\"height\":458},{\"@type\":\"BreadcrumbList\",\"@id\":\"https:\/\/adenilsongiovanini.com.br\/blog\/sigef-incra-como-area-e-calculada\/#breadcrumb\",\"itemListElement\":[{\"@type\":\"ListItem\",\"position\":1,\"name\":\"Home\",\"item\":\"https:\/\/adenilsongiovanini.com.br\/blog\/\"},{\"@type\":\"ListItem\",\"position\":2,\"name\":\"SIGEF INCRA: Como a \u00c1rea \u00e9 Calculada?\"}]},{\"@type\":\"WebSite\",\"@id\":\"https:\/\/adenilsongiovanini.com.br\/blog\/#website\",\"url\":\"https:\/\/adenilsongiovanini.com.br\/blog\/\",\"name\":\"Adenilson Giovanini\",\"description\":\"Topografia e Geotecnologias\",\"publisher\":{\"@id\":\"https:\/\/adenilsongiovanini.com.br\/blog\/#\/schema\/person\/9c1daa7da73c116aae2cb0568d1daa23\"},\"potentialAction\":[{\"@type\":\"SearchAction\",\"target\":{\"@type\":\"EntryPoint\",\"urlTemplate\":\"https:\/\/adenilsongiovanini.com.br\/blog\/?s={search_term_string}\"},\"query-input\":{\"@type\":\"PropertyValueSpecification\",\"valueRequired\":true,\"valueName\":\"search_term_string\"}}],\"inLanguage\":\"pt-BR\"},{\"@type\":[\"Person\",\"Organization\"],\"@id\":\"https:\/\/adenilsongiovanini.com.br\/blog\/#\/schema\/person\/9c1daa7da73c116aae2cb0568d1daa23\",\"name\":\"Adenilson Giovanini\",\"image\":{\"@type\":\"ImageObject\",\"inLanguage\":\"pt-BR\",\"@id\":\"https:\/\/adenilsongiovanini.com.br\/blog\/#\/schema\/person\/image\/\",\"url\":\"https:\/\/adenilsongiovanini.com.br\/blog\/wp-content\/litespeed\/avatar\/be8f4de5c0b8a93c57a4f29cbf2f1e92.jpg?ver=1777130135\",\"contentUrl\":\"https:\/\/adenilsongiovanini.com.br\/blog\/wp-content\/litespeed\/avatar\/be8f4de5c0b8a93c57a4f29cbf2f1e92.jpg?ver=1777130135\",\"caption\":\"Adenilson Giovanini\"},\"logo\":{\"@id\":\"https:\/\/adenilsongiovanini.com.br\/blog\/#\/schema\/person\/image\/\"},\"description\":\"O Professor Adenilson Giovanini \u00e9 especialista em Topografia Cadastral e Georreferenciamento de Im\u00f3veis Rurais. O mesmo possui o Maior Site de Engenharia de Agrimensura do Brasil. Site este que tem mais de 102.000 visualiza\u00e7\u00f5es por m\u00eas. Tamb\u00e9m possui mais de 600 v\u00eddeos em seu canal no youtube. Al\u00e9m disso, \u00e9 escritor Best Seller, possuindo v\u00e1rios cursos e livros de sucesso.\",\"sameAs\":[\"http:\/\/adenilsongiovanini.com.br\",\"https:\/\/www.facebook.com\/otopografo\/\",\"https:\/\/www.instagram.com\/adenilson_giovanini\/\",\"https:\/\/www.linkedin.com\/in\/adenilson-giovanini-819b8035\/\",\"https:\/\/br.pinterest.com\/adenilsongiovanini\/\",\"https:\/\/www.youtube.com\/channel\/uce-br7ghiuog2txcsdx5vrw\"]}]}<\/script>\n<!-- \/ Yoast SEO plugin. -->","yoast_head_json":{"title":"SIGEF INCRA: Como a \u00c1rea \u00e9 Calculada? - Adenilson Giovanini","description":"Descubra como que o SIGEF INCRA calcula a \u00e1rea e aprenda a obter dados de acordo com a legisla\u00e7\u00e3o nacional. Guia definitivo. Leia.","robots":{"index":"index","follow":"follow","max-snippet":"max-snippet:-1","max-image-preview":"max-image-preview:large","max-video-preview":"max-video-preview:-1"},"canonical":"https:\/\/adenilsongiovanini.com.br\/blog\/sigef-incra-como-area-e-calculada\/","og_locale":"pt_BR","og_type":"article","og_title":"SIGEF INCRA: Como a \u00c1rea \u00e9 Calculada? - Adenilson Giovanini","og_description":"Descubra como que o SIGEF INCRA calcula a \u00e1rea e aprenda a obter dados de acordo com a legisla\u00e7\u00e3o nacional. Guia definitivo. Leia.","og_url":"https:\/\/adenilsongiovanini.com.br\/blog\/sigef-incra-como-area-e-calculada\/","og_site_name":"Adenilson Giovanini","article_publisher":"https:\/\/www.facebook.com\/otopografo\/","article_author":"https:\/\/www.facebook.com\/otopografo\/","article_published_time":"2017-12-13T16:23:04+00:00","article_modified_time":"2022-08-01T15:00:10+00:00","og_image":[{"width":989,"height":458,"url":"https:\/\/adenilsongiovanini.com.br\/blog\/wp-content\/uploads\/2017\/12\/sigef-incra.png","type":"image\/png"}],"author":"Adenilson Giovanini","twitter_card":"summary_large_image","twitter_misc":{"Escrito por":"Adenilson Giovanini","Est. tempo de leitura":"5 minutos"},"schema":{"@context":"https:\/\/schema.org","@graph":[{"@type":"Article","@id":"https:\/\/adenilsongiovanini.com.br\/blog\/sigef-incra-como-area-e-calculada\/#article","isPartOf":{"@id":"https:\/\/adenilsongiovanini.com.br\/blog\/sigef-incra-como-area-e-calculada\/"},"author":{"name":"Adenilson Giovanini","@id":"https:\/\/adenilsongiovanini.com.br\/blog\/#\/schema\/person\/9c1daa7da73c116aae2cb0568d1daa23"},"headline":"SIGEF INCRA: Como a \u00c1rea \u00e9 Calculada?","datePublished":"2017-12-13T16:23:04+00:00","dateModified":"2022-08-01T15:00:10+00:00","mainEntityOfPage":{"@id":"https:\/\/adenilsongiovanini.com.br\/blog\/sigef-incra-como-area-e-calculada\/"},"wordCount":810,"publisher":{"@id":"https:\/\/adenilsongiovanini.com.br\/blog\/#\/schema\/person\/9c1daa7da73c116aae2cb0568d1daa23"},"image":{"@id":"https:\/\/adenilsongiovanini.com.br\/blog\/sigef-incra-como-area-e-calculada\/#primaryimage"},"thumbnailUrl":"https:\/\/adenilsongiovanini.com.br\/blog\/wp-content\/uploads\/2017\/12\/sigef-incra.png","articleSection":["Georreferenciamento de Im\u00f3veis Rurais","Topografia Cadastral"],"inLanguage":"pt-BR"},{"@type":"WebPage","@id":"https:\/\/adenilsongiovanini.com.br\/blog\/sigef-incra-como-area-e-calculada\/","url":"https:\/\/adenilsongiovanini.com.br\/blog\/sigef-incra-como-area-e-calculada\/","name":"SIGEF INCRA: Como a \u00c1rea \u00e9 Calculada? - Adenilson Giovanini","isPartOf":{"@id":"https:\/\/adenilsongiovanini.com.br\/blog\/#website"},"primaryImageOfPage":{"@id":"https:\/\/adenilsongiovanini.com.br\/blog\/sigef-incra-como-area-e-calculada\/#primaryimage"},"image":{"@id":"https:\/\/adenilsongiovanini.com.br\/blog\/sigef-incra-como-area-e-calculada\/#primaryimage"},"thumbnailUrl":"https:\/\/adenilsongiovanini.com.br\/blog\/wp-content\/uploads\/2017\/12\/sigef-incra.png","datePublished":"2017-12-13T16:23:04+00:00","dateModified":"2022-08-01T15:00:10+00:00","description":"Descubra como que o SIGEF INCRA calcula a \u00e1rea e aprenda a obter dados de acordo com a legisla\u00e7\u00e3o nacional. Guia definitivo. Leia.","breadcrumb":{"@id":"https:\/\/adenilsongiovanini.com.br\/blog\/sigef-incra-como-area-e-calculada\/#breadcrumb"},"inLanguage":"pt-BR","potentialAction":[{"@type":"ReadAction","target":["https:\/\/adenilsongiovanini.com.br\/blog\/sigef-incra-como-area-e-calculada\/"]}]},{"@type":"ImageObject","inLanguage":"pt-BR","@id":"https:\/\/adenilsongiovanini.com.br\/blog\/sigef-incra-como-area-e-calculada\/#primaryimage","url":"https:\/\/adenilsongiovanini.com.br\/blog\/wp-content\/uploads\/2017\/12\/sigef-incra.png","contentUrl":"https:\/\/adenilsongiovanini.com.br\/blog\/wp-content\/uploads\/2017\/12\/sigef-incra.png","width":989,"height":458},{"@type":"BreadcrumbList","@id":"https:\/\/adenilsongiovanini.com.br\/blog\/sigef-incra-como-area-e-calculada\/#breadcrumb","itemListElement":[{"@type":"ListItem","position":1,"name":"Home","item":"https:\/\/adenilsongiovanini.com.br\/blog\/"},{"@type":"ListItem","position":2,"name":"SIGEF INCRA: Como a \u00c1rea \u00e9 Calculada?"}]},{"@type":"WebSite","@id":"https:\/\/adenilsongiovanini.com.br\/blog\/#website","url":"https:\/\/adenilsongiovanini.com.br\/blog\/","name":"Adenilson Giovanini","description":"Topografia e Geotecnologias","publisher":{"@id":"https:\/\/adenilsongiovanini.com.br\/blog\/#\/schema\/person\/9c1daa7da73c116aae2cb0568d1daa23"},"potentialAction":[{"@type":"SearchAction","target":{"@type":"EntryPoint","urlTemplate":"https:\/\/adenilsongiovanini.com.br\/blog\/?s={search_term_string}"},"query-input":{"@type":"PropertyValueSpecification","valueRequired":true,"valueName":"search_term_string"}}],"inLanguage":"pt-BR"},{"@type":["Person","Organization"],"@id":"https:\/\/adenilsongiovanini.com.br\/blog\/#\/schema\/person\/9c1daa7da73c116aae2cb0568d1daa23","name":"Adenilson Giovanini","image":{"@type":"ImageObject","inLanguage":"pt-BR","@id":"https:\/\/adenilsongiovanini.com.br\/blog\/#\/schema\/person\/image\/","url":"https:\/\/adenilsongiovanini.com.br\/blog\/wp-content\/litespeed\/avatar\/be8f4de5c0b8a93c57a4f29cbf2f1e92.jpg?ver=1777130135","contentUrl":"https:\/\/adenilsongiovanini.com.br\/blog\/wp-content\/litespeed\/avatar\/be8f4de5c0b8a93c57a4f29cbf2f1e92.jpg?ver=1777130135","caption":"Adenilson Giovanini"},"logo":{"@id":"https:\/\/adenilsongiovanini.com.br\/blog\/#\/schema\/person\/image\/"},"description":"O Professor Adenilson Giovanini \u00e9 especialista em Topografia Cadastral e Georreferenciamento de Im\u00f3veis Rurais. O mesmo possui o Maior Site de Engenharia de Agrimensura do Brasil. Site este que tem mais de 102.000 visualiza\u00e7\u00f5es por m\u00eas. Tamb\u00e9m possui mais de 600 v\u00eddeos em seu canal no youtube. Al\u00e9m disso, \u00e9 escritor Best Seller, possuindo v\u00e1rios cursos e livros de sucesso.","sameAs":["http:\/\/adenilsongiovanini.com.br","https:\/\/www.facebook.com\/otopografo\/","https:\/\/www.instagram.com\/adenilson_giovanini\/","https:\/\/www.linkedin.com\/in\/adenilson-giovanini-819b8035\/","https:\/\/br.pinterest.com\/adenilsongiovanini\/","https:\/\/www.youtube.com\/channel\/uce-br7ghiuog2txcsdx5vrw"]}]}},"amp_enabled":true,"_links":{"self":[{"href":"https:\/\/adenilsongiovanini.com.br\/blog\/wp-json\/wp\/v2\/posts\/1435","targetHints":{"allow":["GET"]}}],"collection":[{"href":"https:\/\/adenilsongiovanini.com.br\/blog\/wp-json\/wp\/v2\/posts"}],"about":[{"href":"https:\/\/adenilsongiovanini.com.br\/blog\/wp-json\/wp\/v2\/types\/post"}],"author":[{"embeddable":true,"href":"https:\/\/adenilsongiovanini.com.br\/blog\/wp-json\/wp\/v2\/users\/1"}],"replies":[{"embeddable":true,"href":"https:\/\/adenilsongiovanini.com.br\/blog\/wp-json\/wp\/v2\/comments?post=1435"}],"version-history":[{"count":0,"href":"https:\/\/adenilsongiovanini.com.br\/blog\/wp-json\/wp\/v2\/posts\/1435\/revisions"}],"wp:featuredmedia":[{"embeddable":true,"href":"https:\/\/adenilsongiovanini.com.br\/blog\/wp-json\/wp\/v2\/media\/1458"}],"wp:attachment":[{"href":"https:\/\/adenilsongiovanini.com.br\/blog\/wp-json\/wp\/v2\/media?parent=1435"}],"wp:term":[{"taxonomy":"category","embeddable":true,"href":"https:\/\/adenilsongiovanini.com.br\/blog\/wp-json\/wp\/v2\/categories?post=1435"},{"taxonomy":"post_tag","embeddable":true,"href":"https:\/\/adenilsongiovanini.com.br\/blog\/wp-json\/wp\/v2\/tags?post=1435"}],"curies":[{"name":"wp","href":"https:\/\/api.w.org\/{rel}","templated":true}]}}