{"id":1308,"date":"2017-12-10T12:42:46","date_gmt":"2017-12-10T12:42:46","guid":{"rendered":"http:\/\/adenilsongiovanini.com.br\/blog\/?p=1308"},"modified":"2022-08-01T11:30:26","modified_gmt":"2022-08-01T11:30:26","slug":"desmembramento-de-terreno","status":"publish","type":"post","link":"https:\/\/adenilsongiovanini.com.br\/blog\/desmembramento-de-terreno\/","title":{"rendered":"Desmembramento de terreno: Como proceder?"},"content":{"rendered":"<p><span style=\"font-size: 20px; font-family: arial, helvetica, sans-serif; line-height: 1.3; color: #000000;\">Voc\u00ea precisa fazer o <em><strong>desmembramento de terreno<\/strong><\/em>, por\u00e9m n\u00e3o sabe como proceder?<\/span><\/p>\n<p><span style=\"font-size: 20px; font-family: arial, helvetica, sans-serif; line-height: 1.3; color: #000000;\">N\u00e3o se preocupe querida pessoa, que neste artigo eu irei trazer um exemplo pr\u00e1tico mostrando o procedimento necess\u00e1rio. Al\u00e9m disso, tamb\u00e9m vou trazer uma s\u00e9rie de dicas extras sobre o desmembramento de terreno. <\/span><\/p>\n<p><span style=\"font-size: 20px; font-family: arial, helvetica, sans-serif; line-height: 1.3; color: #000000;\">Deixe-me primeiramente lhe indicar outros 2 artigos \u00e9picos sobre desmembramento. S\u00e3o eles: <\/span><\/p>\n<p><span style=\"font-size: 20px; font-family: arial, helvetica, sans-serif; line-height: 1.3; color: #000000;\">&gt; <span style=\"color: #0000ff;\"><a style=\"color: #0000ff;\" href=\"http:\/\/adenilsongiovanini.com.br\/blog\/quando-fazer-desmembramento\/\" target=\"_blank\" rel=\"noopener noreferrer\">Desmembramento de im\u00f3veis \u2013 O guia definitivo&#8230;<\/a><\/span><\/span><\/p>\n<p><span style=\"font-size: 20px; font-family: arial, helvetica, sans-serif; line-height: 1.3; color: #000000;\">&gt; <span style=\"color: #0000ff;\"><a style=\"color: #0000ff;\" href=\"http:\/\/adenilsongiovanini.com.br\/blog\/desmembramento-de-imovel-certificado\/\" target=\"_blank\" rel=\"noopener noreferrer\">Desmembramento de im\u00f3vel certificado no SIGEF. Procedimento&#8230;<\/a><\/span><\/span><\/p>\n<p>&nbsp;<\/p>\n<h2 style=\"text-align: center;\"><span style=\"font-size: 24px; color: #000000;\"><strong><span style=\"font-family: arial, helvetica, sans-serif; line-height: 1.3;\">Exemplo pr\u00e1tico de desmembramento de terreno<\/span><\/strong><\/span><\/h2>\n<p><span style=\"color: #000000;\"><img decoding=\"async\" class=\"aligncenter wp-image-1086 size-large\" src=\"https:\/\/adenilsongiovanini.com.br\/blog\/wp-content\/uploads\/2017\/12\/Desmembramento-de-imoveis-n\u00e3o-georreferenciados-1-780x318.png\" alt=\"Exemplo pr\u00e1tico de desmembramento de terreno\" width=\"780\" height=\"318\" srcset=\"https:\/\/adenilsongiovanini.com.br\/blog\/wp-content\/uploads\/2017\/12\/Desmembramento-de-imoveis-n\u00e3o-georreferenciados-1-780x318.png 780w, https:\/\/adenilsongiovanini.com.br\/blog\/wp-content\/uploads\/2017\/12\/Desmembramento-de-imoveis-n\u00e3o-georreferenciados-1-300x122.png 300w, https:\/\/adenilsongiovanini.com.br\/blog\/wp-content\/uploads\/2017\/12\/Desmembramento-de-imoveis-n\u00e3o-georreferenciados-1-768x313.png 768w, https:\/\/adenilsongiovanini.com.br\/blog\/wp-content\/uploads\/2017\/12\/Desmembramento-de-imoveis-n\u00e3o-georreferenciados-1.png 1062w\" sizes=\"(max-width: 780px) 100vw, 780px\" \/><\/span><\/p>\n<p><span style=\"font-size: 20px; font-family: arial, helvetica, sans-serif; line-height: 1.3; color: #000000;\">Eu estava conversando com o Elisandro, aluno do <span style=\"color: #0000ff;\"><a style=\"color: #0000ff;\" href=\"http:\/\/adenilsongiovanini.com.br\/metodo-geo-sem-misterios\/\" target=\"_blank\" rel=\"noopener noreferrer\">m\u00e9todo Georreferenciamento Sem Mist\u00e9rios<\/a><\/span> e o mesmo me fez a seguinte pergunta:<\/span><\/p>\n<blockquote style=\"border: 2px double #009900; background: #f0fff0 none repeat scroll 0% 0%; -moz-background-clip: -moz-initial; -moz-background-origin: -moz-initial; -moz-background-inline-policy: -moz-initial; color: #323232; padding-left: 15px; padding-top: 10px; padding-bottom: 10px;\"><p><span style=\"font-size: 20px; font-family: arial, helvetica, sans-serif; line-height: 1.3; color: #000000;\">&#8220;<em>Professor Adenilson, eu possuo uma \u00e1rea de 150 hectares que preciso georreferenciar. A mesma faz parte de um invent\u00e1rio, onde que a dona Sonia, que \u00e9 a vi\u00fava do finado Osmar, ficou com 150 hectares e a Angelica que \u00e9 a filha dele ficou com os outros 150 hectares. O invent\u00e1rio foi feito 5 anos atr\u00e1s sendo que ambas as \u00e1reas ficaram registradas na matricula original.<\/em><\/span><br \/>\n<span style=\"font-size: 20px; font-family: arial, helvetica, sans-serif; line-height: 1.3; color: #000000;\"><em>Eu preciso desmembrar e georreferenciar a \u00e1rea da Angelica, sendo que tanto a \u00e1rea dela como a \u00e1rea da Sonia possuem CCIR. O problema \u00e9 que ambos os CCIRs est\u00e3o cadastrados como tendo 300 ha que era o valor da \u00e1rea total. Como que eu devo proceder neste caso?<\/em>&#8220;<\/span><\/p><\/blockquote>\n<p><span style=\"font-size: 20px; font-family: arial, helvetica, sans-serif; line-height: 1.3; color: #000000;\">Este \u00e9 um \u00f3timo exemplo de <em><strong>desmembramento de im\u00f3veis<\/strong><\/em>. O mesmo possibilitar\u00e1 que eu traga v\u00e1rios conceitos para voc\u00ea.<\/span><\/p>\n<p><span style=\"font-size: 20px; font-family: arial, helvetica, sans-serif; line-height: 1.3; color: #000000;\">Vamos primeiramente entender bem as caracter\u00edsticas da \u00e1rea para posteriormente entendermos como proceder.<\/span><\/p>\n<p>&nbsp;<\/p>\n<h2 style=\"text-align: center;\"><span style=\"font-size: 24px; color: #000000;\"><strong><span style=\"font-family: arial, helvetica, sans-serif;\">Caracter\u00edsticas da \u00e1rea<\/span><\/strong><\/span><\/h2>\n<p><img decoding=\"async\" class=\"aligncenter wp-image-21552 size-large\" src=\"https:\/\/adenilsongiovanini.com.br\/blog\/wp-content\/uploads\/2021\/07\/tipos-de-receptores-gnss-1024x619.png\" alt=\"caracteristicas da \u00e1rea a ser desmembrada\" width=\"780\" height=\"472\" srcset=\"https:\/\/adenilsongiovanini.com.br\/blog\/wp-content\/uploads\/2021\/07\/tipos-de-receptores-gnss-1024x619.png 1024w, https:\/\/adenilsongiovanini.com.br\/blog\/wp-content\/uploads\/2021\/07\/tipos-de-receptores-gnss-300x181.png 300w, https:\/\/adenilsongiovanini.com.br\/blog\/wp-content\/uploads\/2021\/07\/tipos-de-receptores-gnss-768x464.png 768w, https:\/\/adenilsongiovanini.com.br\/blog\/wp-content\/uploads\/2021\/07\/tipos-de-receptores-gnss-1536x929.png 1536w, https:\/\/adenilsongiovanini.com.br\/blog\/wp-content\/uploads\/2021\/07\/tipos-de-receptores-gnss-320x193.png 320w, https:\/\/adenilsongiovanini.com.br\/blog\/wp-content\/uploads\/2021\/07\/tipos-de-receptores-gnss-640x387.png 640w, https:\/\/adenilsongiovanini.com.br\/blog\/wp-content\/uploads\/2021\/07\/tipos-de-receptores-gnss-360x218.png 360w, https:\/\/adenilsongiovanini.com.br\/blog\/wp-content\/uploads\/2021\/07\/tipos-de-receptores-gnss-720x435.png 720w, https:\/\/adenilsongiovanini.com.br\/blog\/wp-content\/uploads\/2021\/07\/tipos-de-receptores-gnss-1080x653.png 1080w, https:\/\/adenilsongiovanini.com.br\/blog\/wp-content\/uploads\/2021\/07\/tipos-de-receptores-gnss-800x484.png 800w, https:\/\/adenilsongiovanini.com.br\/blog\/wp-content\/uploads\/2021\/07\/tipos-de-receptores-gnss-1280x774.png 1280w, https:\/\/adenilsongiovanini.com.br\/blog\/wp-content\/uploads\/2021\/07\/tipos-de-receptores-gnss.png 1796w\" sizes=\"(max-width: 780px) 100vw, 780px\" \/><\/p>\n<p><span style=\"font-size: 20px; color: #000000;\"> <span style=\"font-family: arial, helvetica, sans-serif; line-height: 1.3;\">Perceba que a \u00e1rea que o nosso amigo Elisandro precisa Georreferenciar passou pelo processo de sucess\u00e3o, aparecendo como um registro na <span style=\"color: #0000ff;\"><a style=\"color: #0000ff;\" href=\"https:\/\/adenilsongiovanini.com.br\/blog\/matricula-de-imovel\/\">matr\u00edcula<\/a> <\/span>original. O outro problema \u00e9 que a mesma est\u00e1 com o <span style=\"color: #0000ff;\"><a style=\"color: #0000ff;\" href=\"https:\/\/adenilsongiovanini.com.br\/blog\/ccir-o-que-e-e-como-emitir\/\">CCIR<\/a><\/span> errado, sendo que o mesmo precisa ser retificado.<\/span><\/span><\/p>\n<p><span style=\"font-size: 20px; font-family: arial, helvetica, sans-serif; line-height: 1.3; color: #000000;\">As d\u00favidas que o nosso amigo possui s\u00e3o:<\/span><\/p>\n<p><span style=\"font-size: 20px; font-family: arial, helvetica, sans-serif; line-height: 1.3; color: #000000;\">&#8220;<em>Qual o procedimento para fazer o desmembramento do im\u00f3vel?<\/em>&#8220;<\/span><\/p>\n<p><span style=\"font-size: 20px; font-family: arial, helvetica, sans-serif; line-height: 1.3; color: #000000;\">E<\/span><\/p>\n<p><span style=\"font-size: 20px; font-family: arial, helvetica, sans-serif; line-height: 1.3; color: #000000;\">&#8220;<em>Vou conseguir fazer o <span style=\"color: #0000ff;\"><a style=\"color: #0000ff;\" href=\"https:\/\/adenilsongiovanini.com.br\/blog\/georreferenciamento-imoveis-rurais\/\">georreferenciamento<\/a><\/span> mesmo o CCIR errado, ou devo primeiramente retificar o <span style=\"color: #0000ff;\"><a style=\"color: #0000ff;\" href=\"https:\/\/adenilsongiovanini.com.br\/blog\/cadastro-no-incra\/\">cadastro junto ao INCRA<\/a><\/span>?<\/em>&#8220;<\/span><\/p>\n<p>&nbsp;<\/p>\n<h2 style=\"text-align: center;\"><span style=\"font-size: 24px; color: #000000;\"><strong><span style=\"font-family: arial, helvetica, sans-serif;\">Procedimento para o desmembramento de terreno rural<\/span><\/strong><\/span><\/h2>\n<p><span style=\"font-size: 20px; color: #000000;\"><a style=\"color: #000000;\" href=\"http:\/\/adenilsongiovanini.com.br\/blog\/wp-content\/uploads\/2017\/12\/desmembramento-de-terreno-rural.jpg\"><img decoding=\"async\" class=\"size-full wp-image-1332 aligncenter\" src=\"http:\/\/adenilsongiovanini.com.br\/blog\/wp-content\/uploads\/2017\/12\/desmembramento-de-terreno-rural.jpg\" alt=\"desmembramento de terreno rural\" width=\"591\" height=\"389\" srcset=\"https:\/\/adenilsongiovanini.com.br\/blog\/wp-content\/uploads\/2017\/12\/desmembramento-de-terreno-rural.jpg 591w, https:\/\/adenilsongiovanini.com.br\/blog\/wp-content\/uploads\/2017\/12\/desmembramento-de-terreno-rural-300x197.jpg 300w\" sizes=\"(max-width: 591px) 100vw, 591px\" \/><\/a><\/span><\/p>\n<p><span style=\"font-size: 20px; color: #000000;\"> <span style=\"font-family: arial, helvetica, sans-serif; line-height: 1.3;\">Atualmente, existe uma diverg\u00eancia entre os <span style=\"color: #0000ff;\"><a style=\"color: #0000ff;\" href=\"https:\/\/www.irib.org.br\/\">profissionais de registro<\/a><\/span> quanto ao <em><strong>desmembramento de terreno<\/strong><\/em>.<\/span><\/span><\/p>\n<p><span style=\"font-size: 20px; color: #000000;\"><span style=\"font-family: arial, helvetica, sans-serif; line-height: 1.3;\">Alguns exigem que o terreno seja primeiramente desmembrado para somente depois ser <span style=\"color: #0000ff;\"><a href=\"https:\/\/adenilsongiovanini.com.br\/blog\/georreferenciado-e-georreferenciamento\/\" style=\"color: #0000ff;\">georreferenciado<\/a><\/span>.<\/span><\/span><\/p>\n<p><span style=\"font-size: 20px; color: #000000;\"><span style=\"font-family: arial, helvetica, sans-serif; line-height: 1.3;\">Outros aceitam fazer o desmembramento e o <span style=\"color: #0000ff;\"><a href=\"https:\/\/adenilsongiovanini.com.br\/blog\/curso-georreferenciamento-online-com-322-aulas\/\" style=\"color: #0000ff;\">georreferenciamento do im\u00f3vel<\/a><\/span> em uma \u00fanica etapa.<\/span><\/span><\/p>\n<p><span style=\"font-size: 20px; font-family: arial, helvetica, sans-serif; line-height: 1.3; color: #000000;\">Perceba que diante disso, nosso amigo Elisandro precisa primeiramente ir conversar com o profissional de registro, para ver qual o procedimento exigido pelo mesmo. <\/span><\/p>\n<p><span style=\"font-size: 20px; font-family: arial, helvetica, sans-serif; color: #000000;\">Caso ele precise primeiramente fazer o desmembramento de terreno, ter\u00e1 que emitir 2 <span style=\"color: #0000ff;\">ARTs<\/span>, uma para o desmembramento do im\u00f3vel e outra para o georreferenciamento.<\/span><\/p>\n<p><span style=\"font-size: 20px; font-family: arial, helvetica, sans-serif; color: #000000;\">Do contr\u00e1rio precisar\u00e1 emitir somente 1 ART.<\/span><\/p>\n<p><span style=\"font-size: 20px; font-family: arial, helvetica, sans-serif; line-height: 1.3; color: #000000;\">Vamos estudar detalhadamente as 2 hip\u00f3teses.<\/span><\/p>\n<p>&nbsp;<\/p>\n<h2 style=\"text-align: center;\"><span style=\"font-size: 24px; color: #000000;\"><strong><span style=\"font-family: arial, helvetica, sans-serif;\"><span style=\"font-family: arial, helvetica, sans-serif;\">Desmembramento de terreno rural &#8211; <\/span><span style=\"font-family: arial, helvetica, sans-serif;\">hip\u00f3tese<\/span><span style=\"font-family: arial, helvetica, sans-serif;\"> 1 &#8211; O profissional de registro exige que o im\u00f3vel rural seja primeiramente desmembrado<\/span><\/span><\/strong><\/span><\/h2>\n<p><span style=\"font-size: 20px; font-family: arial, helvetica, sans-serif; line-height: 1.3; color: #000000;\">Caso o profissional de registro solicite que o im\u00f3vel rural seja primeiramente desmembrado, nosso amigo ter\u00e1 que ir a campo, fazer o levantamento da \u00e1rea total e da \u00e1rea a ser desmembrada e posteriormente produzir 2 <a style=\"color: #000000;\" href=\"https:\/\/adenilsongiovanini.com.br\/blog\/plantas-topograficas-saiba-isso-antes-de-produzir\/\"><span style=\"color: #0000ff;\">plantas<\/span><\/a>.<\/span><\/p>\n<p><span style=\"font-size: 20px; font-family: arial, helvetica, sans-serif; line-height: 1.3; color: #000000;\">A primeira situando a \u00e1rea a ser desmembrada dentro da \u00e1rea total e a segunda com a \u00e1rea do im\u00f3vel a ser desmembrado.<\/span><\/p>\n<p><span style=\"font-size: 20px; font-family: arial, helvetica, sans-serif; line-height: 1.3; color: #000000;\">Veja na imagem abaixo um exemplo de projeto do <span style=\"color: #0000ff;\"><a style=\"color: #0000ff;\" href=\"https:\/\/www.autodesk.com.br\/products\/autocad\/overview\">AutoCAD<\/a><\/span> situando a \u00e1rea a ser desmembrada (em cinza) dentro da \u00e1rea total.<\/span><\/p>\n<p>\n<span style=\"font-size: 20px; color: #000000;\"><a style=\"color: #000000;\" href=\"http:\/\/adenilsongiovanini.com.br\/blog\/wp-content\/uploads\/2017\/12\/desmembramento-de-terreno-rural.png\"><img decoding=\"async\" class=\"size-full wp-image-1335 aligncenter\" src=\"http:\/\/adenilsongiovanini.com.br\/blog\/wp-content\/uploads\/2017\/12\/desmembramento-de-terreno-rural.png\" alt=\"desmembramento de terreno rural\" width=\"754\" height=\"806\" srcset=\"https:\/\/adenilsongiovanini.com.br\/blog\/wp-content\/uploads\/2017\/12\/desmembramento-de-terreno-rural.png 754w, https:\/\/adenilsongiovanini.com.br\/blog\/wp-content\/uploads\/2017\/12\/desmembramento-de-terreno-rural-281x300.png 281w, https:\/\/adenilsongiovanini.com.br\/blog\/wp-content\/uploads\/2017\/12\/desmembramento-de-terreno-rural-730x780.png 730w\" sizes=\"(max-width: 754px) 100vw, 754px\" \/><\/a><\/span><\/p>\n<p><span style=\"font-size: 20px; color: #000000;\"><span style=\"font-family: arial, helvetica, sans-serif; line-height: 1.3;\">Al\u00e9m disso, o nosso amigo tamb\u00e9m ter\u00e1 que produzir o <span style=\"color: #0000ff;\"><a style=\"color: #0000ff;\" href=\"http:\/\/adenilsongiovanini.com.br\/blog\/memorial-descritivo-topografia\/\" target=\"_blank\" rel=\"noopener noreferrer\">memorial descritivo<\/a><\/span> e que emitir a ART.<\/span><\/span><\/p>\n<p><span style=\"font-size: 20px; font-family: arial, helvetica, sans-serif; line-height: 1.3; color: #000000;\">Perceba que o mesmo pode levantar os dados a campo para o georreferenciamento, aproveitando a mesma ida a campo para levantar os dados da \u00e1rea total e utilizar os dados da \u00e1rea a ser georreferenciada 2 vezes.<\/span><\/p>\n<p><span style=\"font-size: 20px; font-family: arial, helvetica, sans-serif; line-height: 1.3; color: #000000;\">Primeiramente, para produzir as plantas para o desmembramento do im\u00f3vel e posteriormente para produzir a <span style=\"color: #0000ff;\"><a style=\"color: #0000ff;\" href=\"http:\/\/adenilsongiovanini.com.br\/blog\/planilha-ods-guia-definitivo\/\" target=\"_blank\" rel=\"noopener noreferrer\">planilha ods<\/a><\/span>, subindo a mesma para o <span style=\"color: #0000ff;\"><a style=\"color: #0000ff;\" href=\"https:\/\/sigef.incra.gov.br\/\" target=\"_blank\" rel=\"noopener noreferrer\">SIGEF<\/a><\/span> e gerando a planta e o memorial descritivo.<\/span><\/p>\n<p><span style=\"font-size: 20px; font-family: arial, helvetica, sans-serif; line-height: 1.3; color: #000000;\">O pr\u00f3prio Eduardo Agostinho Arruda Augusto em seu livro &#8220;<span style=\"color: #0000ff;\"><a style=\"color: #0000ff;\" href=\"http:\/\/eduardoaugusto-irib.blogspot.com.br\/2013\/09\/sumario-do-livro-registro-de-imoveis.html\" target=\"_blank\" rel=\"noopener noreferrer\"><em>Registro de im\u00f3veis, retifica\u00e7\u00e3o de registro e georreferenciamento: Findamentos e pr\u00e1tica<\/em><\/a><\/span>&#8221; fala que n\u00e3o teria porque os profissionais de registro pedirem para que a \u00e1rea seja primeiramente desmembrada.<\/span><\/p>\n<p><span style=\"font-size: 20px; font-family: arial, helvetica, sans-serif; line-height: 1.3; color: #000000;\">Segundo o mesmo, o que acontece \u00e9 que alguns profissionais de registro est\u00e3o desatualizados, ou um pouco receosos em fazer tudo em um \u00fanico processo.<\/span><\/p>\n<p><span style=\"color: #000000; font-family: arial, helvetica, sans-serif; font-size: 20px;\">A tend\u00eancia \u00e9 que, com o tempo, todos os profissionais de registro se adequem e deixem de exigir que os im\u00f3veis sejam primeiramente desmembrados.<\/span><\/p>\n<p style=\"text-align: center;\">\n<h2 style=\"text-align: center;\"><span style=\"font-size: 24px; color: #000000;\"><strong><span style=\"font-family: arial, helvetica, sans-serif;\">Desmembramento de terreno &#8211; hip\u00f3tese 2 &#8211; O profissional de registro aceite que o desmembramento e o georreferenciamento sejam feitos em um \u00fanico processo<\/span><\/strong><\/span><\/h2>\n<p><span style=\"color: #000000;\"><img decoding=\"async\" class=\"aligncenter wp-image-4072 size-large\" src=\"https:\/\/adenilsongiovanini.com.br\/blog\/wp-content\/uploads\/2019\/12\/Desmembramento-de-im\u00f3vel-em-cart\u00f3rio-Etapa-5-Procedimento-junto-ao-registro-de-im\u00f3veis-780x449.jpg\" alt=\"Desmembramento de terreno - desmembramento e georreferenciamento em uma \u00fanica etapa\" width=\"780\" height=\"449\" srcset=\"https:\/\/adenilsongiovanini.com.br\/blog\/wp-content\/uploads\/2019\/12\/Desmembramento-de-im\u00f3vel-em-cart\u00f3rio-Etapa-5-Procedimento-junto-ao-registro-de-im\u00f3veis-780x449.jpg 780w, https:\/\/adenilsongiovanini.com.br\/blog\/wp-content\/uploads\/2019\/12\/Desmembramento-de-im\u00f3vel-em-cart\u00f3rio-Etapa-5-Procedimento-junto-ao-registro-de-im\u00f3veis-300x173.jpg 300w, https:\/\/adenilsongiovanini.com.br\/blog\/wp-content\/uploads\/2019\/12\/Desmembramento-de-im\u00f3vel-em-cart\u00f3rio-Etapa-5-Procedimento-junto-ao-registro-de-im\u00f3veis-768x442.jpg 768w, https:\/\/adenilsongiovanini.com.br\/blog\/wp-content\/uploads\/2019\/12\/Desmembramento-de-im\u00f3vel-em-cart\u00f3rio-Etapa-5-Procedimento-junto-ao-registro-de-im\u00f3veis.jpg 800w\" sizes=\"(max-width: 780px) 100vw, 780px\" \/><\/span><\/p>\n<p><span style=\"font-size: 20px; font-family: arial, helvetica, sans-serif; line-height: 1.3; color: #000000;\">Neste caso, o procedimento padr\u00e3o \u00e9 a <span style=\"color: #0000ff;\"><a href=\"https:\/\/adenilsongiovanini.com.br\/curso-de-autocad-para-topografia\/\" style=\"color: #0000ff;\">produ\u00e7\u00e3o de apenas 2 plantas<\/a><\/span>, a primeira da \u00e1rea total situando a \u00e1rea a ser desmembrada e a segunda com a \u00e1rea do im\u00f3vel a ser desmembrado.<\/span><\/p>\n<p><span style=\"font-size: 20px; font-family: arial, helvetica, sans-serif; line-height: 1.3; color: #000000;\">Perceba que, na realidade, a segunda planta pode ser a planta gerada pelo SIGEF.<\/span><\/p>\n<p><span style=\"font-size: 20px; font-family: arial, helvetica, sans-serif; line-height: 1.3; color: #000000;\">Estes s\u00e3o os 2 procedimentos padr\u00f5es junto ao cart\u00f3rio de registro de im\u00f3veis:<\/span><\/p>\n<ul>\n<li><span style=\"font-size: 20px; font-family: arial, helvetica, sans-serif; line-height: 1.3; color: #000000;\">Desmembrar-se primeiramente a \u00e1rea e posteriormente encaminhar o processo de georreferenciamento ou;<\/span><\/li>\n<li><span style=\"font-size: 20px; font-family: arial, helvetica, sans-serif; line-height: 1.3; color: #000000;\">Encaminhar-se o <span style=\"color: #0000ff;\"><a href=\"https:\/\/adenilsongiovanini.com.br\/blog\/curso-online-georreferenciamento\/\" style=\"color: #0000ff;\">georreferenciamento<\/a><\/span> e o desmembramento em um \u00fanico processo.<\/span><\/li>\n<\/ul>\n<p><span style=\"font-size: 20px; font-family: arial, helvetica, sans-serif; line-height: 1.3; color: #000000;\">Outro sim, quando o assunto \u00e9 o procedimento junto ao registro de im\u00f3veis, estamos falando de profissionais de registro e de suas interpreta\u00e7\u00f5es. Ou seja, \u00e9 normal a exist\u00eancia de pequenas diferen\u00e7as de interpreta\u00e7\u00e3o entre os mesmos. <\/span><\/p>\n<p><span style=\"font-size: 20px; font-family: arial, helvetica, sans-serif; line-height: 1.3; color: #000000;\">Por causa disso, recomendo que quando voc\u00ea for prestar um servi\u00e7o que tenha que ser registrado em um cart\u00f3rio com o qual voc\u00ea ainda n\u00e3o tenha trabalhado, que sempre v\u00e1 primeiramente conversar com o profissional de registro.<\/span><\/p>\n<p>&nbsp;<\/p>\n<h2 style=\"text-align: center;\"><span style=\"font-size: 24px; color: #000000;\"><strong><span style=\"font-family: arial, helvetica, sans-serif; line-height: 1.3;\">Desmembramento de terreno &#8211; Como resolver o problema do CCIR?<\/span><\/strong><\/span><\/h2>\n<p><span style=\"font-size: 20px; color: #000000;\"><a style=\"color: #000000;\" href=\"http:\/\/adenilsongiovanini.com.br\/blog\/wp-content\/uploads\/2017\/12\/ccir-no-desmembrameto-de-terreno.jpg\"><img decoding=\"async\" class=\"size-full wp-image-1340 aligncenter\" src=\"http:\/\/adenilsongiovanini.com.br\/blog\/wp-content\/uploads\/2017\/12\/ccir-no-desmembrameto-de-terreno.jpg\" alt=\"ccir no desmembrameto de terreno\" width=\"730\" height=\"400\" srcset=\"https:\/\/adenilsongiovanini.com.br\/blog\/wp-content\/uploads\/2017\/12\/ccir-no-desmembrameto-de-terreno.jpg 730w, https:\/\/adenilsongiovanini.com.br\/blog\/wp-content\/uploads\/2017\/12\/ccir-no-desmembrameto-de-terreno-300x164.jpg 300w\" sizes=\"(max-width: 730px) 100vw, 730px\" \/><\/a><\/span><\/p>\n<p style=\"text-align: center;\"><span style=\"font-size: 20px; font-family: arial, helvetica, sans-serif; line-height: 1.3; color: #000000;\">Perceba que conforme falei antes, o outro problema existente no processo \u00e9 que consta no cadastro do im\u00f3vel rural que o mesmo possui 300 ha, quando que na realidade ele possui somente 150 ha.<\/span><\/p>\n<p style=\"text-align: center;\"><span style=\"font-size: 20px; font-family: arial, helvetica, sans-serif; line-height: 1.3; color: #000000;\">Se olharmos para a legisla\u00e7\u00e3o, o Art. 2\u00ba da <span style=\"color: #0000ff;\"><a style=\"color: #0000ff;\" href=\"http:\/\/www.planalto.gov.br\/ccivil_03\/leis\/l5868.htm\">Lei 5.868<\/a><\/span>, alterado pela <a style=\"color: #000000;\" href=\"http:\/\/www.planalto.gov.br\/ccivil_03\/leis\/leis_2001\/l10267.htm\"><span style=\"color: #0000ff;\">Lei 10.26<\/span>7<\/a>, tornou obrigat\u00f3ria a atualiza\u00e7\u00e3o do cadastro do im\u00f3vel rural junto ao INCRA.<\/span><\/p>\n<p style=\"text-align: center;\"><span style=\"font-size: 20px; font-family: arial, helvetica, sans-serif; line-height: 1.3; color: #000000;\">Com isso, na etapa de produ\u00e7\u00e3o das pe\u00e7as t\u00e9cnicas do processo de georreferenciamento, deve-se atualizar o cadastro junto ao INCRA. Caso isso n\u00e3o ocorra, o agrimensor corre o risco de ter o processo de georreferenciamento travado at\u00e9 que o cadastro do im\u00f3vel rural seja atualizado. <\/span><\/p>\n<p style=\"text-align: center;\"><span style=\"font-size: 20px; font-family: arial, helvetica, sans-serif; line-height: 1.3; color: #000000;\">A atualiza\u00e7\u00e3o deve atender a nova sistem\u00e1tica publicada nos Di\u00e1rios Oficiais de 14 e 18 de novembro\/02 e ser entregue junto com o requerimento de certifica\u00e7\u00e3o do georreferenciamento. <\/span><\/p>\n<p style=\"text-align: center;\"><span style=\"font-size: 20px; font-family: arial, helvetica, sans-serif; line-height: 1.3; color: #000000;\">A boa noticia \u00e9 que o cadastro junto ao INCRA pode ser atualizado pela internet, por meio da <a style=\"color: #000000;\" href=\"https:\/\/sncr.serpro.gov.br\/dcr\/public\/pages\/security\/login.jsf?windowId=754\" target=\"_blank\" rel=\"noopener noreferrer\"><span style=\"color: #0000ff;\">declara\u00e7\u00e3o para cadastro rural<\/span>.<\/a> <\/span><\/p>\n<p><span style=\"font-size: 20px; font-family: arial, helvetica, sans-serif; line-height: 1.3; color: #000000;\">Na realidade, com o advento do georreferenciamento, do <span style=\"color: #0000ff;\"><a style=\"color: #0000ff;\" href=\"http:\/\/www.mma.gov.br\/desenvolvimento-rural\/cadastro-ambiental-rural\" target=\"_blank\" rel=\"noopener noreferrer\">CAR<\/a><\/span> e com o fechamento do cerco pela <span style=\"color: #0000ff;\"><a style=\"color: #0000ff;\" href=\"https:\/\/www.gov.br\/receitafederal\/pt-br\">receita federal<\/a><\/span>, os im\u00f3veis rurais est\u00e3o precisando de uma s\u00e9rie de servi\u00e7os. Alguns destes, como, por exemplo, a atualiza\u00e7\u00e3o cadastral s\u00e3o anuais.<\/span><\/p>\n<p><span style=\"font-size: 20px; font-family: arial, helvetica, sans-serif; line-height: 1.3; color: #000000;\">Com isso, existe a possibilidade da presta\u00e7\u00e3o de uma s\u00e9rie de servi\u00e7os que podem ser feitos pelo agrimensor, que j\u00e1 nem pode mais ser chamado de agrimensor, pois os mesmos est\u00e3o se tornando especialistas em cadastro, registro, <span style=\"color: #0000ff;\"><a style=\"color: #0000ff;\" href=\"https:\/\/adenilsongiovanini.com.br\/blog\/posicionamento-pelo-gnss-georreferenciamento\/\">GNSS<\/a><\/span> e <span style=\"color: #0000ff;\"><a href=\"https:\/\/adenilsongiovanini.com.br\/blog\/geotecnologias-o-que-sao-e-quais-as-existentes\/\" style=\"color: #0000ff;\">Geotecnologias<\/a><\/span>. <\/span><\/p>\n<p><span style=\"font-size: 20px; font-family: arial, helvetica, sans-serif; line-height: 1.3; color: #000000;\">Quanto aos im\u00f3veis rurais, o georreferenciamento dos mesmos est\u00e1 possibilitando que as \u00e1reas cadastradas estejam cada vez mais pr\u00f3ximas as \u00e1reas reais dos mesmos. Esta \u00e9 mais uma vantagem do <span style=\"color: #0000ff;\"><a style=\"color: #0000ff;\" href=\"http:\/\/adenilsongiovanini.com.br\/blog\/georreferenciamento-imoveis-rurais\/\" target=\"_blank\" rel=\"noopener noreferrer\">georreferenciamento de im\u00f3veis rurais<\/a><\/span>.<\/span><\/p>\n<p><span style=\"font-family: arial, helvetica, sans-serif; font-size: 20px; line-height: 1.3; color: #000000;\">No v\u00eddeo abaixo eu passo mais algumas dicas sobre este case de desmembramento de terreno.<\/span><\/p>\n<p><center><iframe width=\"728\" height=\"410\" title=\"YouTube video player\" src=\"https:\/\/www.youtube.com\/embed\/NGI9nItUDug\" frameborder=\"0\" allowfullscreen=\"allowfullscreen\"><\/iframe><\/center><br \/>\n<span style=\"font-size: 20px; font-family: arial, helvetica, sans-serif; color: #000000; line-height: 1.3;\">Se voc\u00ea quer<strong> MERGULHAR FUNDO e aprender a prestar servi\u00e7os com grande velocidade e com seguran\u00e7a<\/strong>, <span style=\"color: #0000ff;\"><a style=\"color: #0000ff;\" href=\"https:\/\/adenilsongiovanini.com.br\/cursos-online\/\">acesse este link<\/a><\/span> e conhe\u00e7a os mesmos.<\/span><\/p>\n<p>&nbsp;<\/p>\n<p><span style=\"color: #000000;\"><span style=\"font-size: 20px; font-family: arial, helvetica, sans-serif; line-height: 1.3;\">Entre eles, o <span style=\"color: #0000ff;\"><a style=\"color: #0000ff;\" href=\"https:\/\/adenilsongiovanini.com.br\/curso-de-autocad-para-topografia\/\" target=\"_blank\" rel=\"noopener noreferrer\">Curso de Confec\u00e7\u00e3o de Plantas Topogr\u00e1ficas<\/a><\/span>. <span style=\"color: #000000;\">Um <\/span><\/span><span style=\"font-size: 20px; font-family: arial, helvetica, sans-serif; line-height: 1.3;\">curso pr\u00e1tico\u00a0<\/span><span style=\"font-size: 20px; font-family: arial, helvetica, sans-serif; line-height: 1.3;\">com o qual voc\u00ea vai <strong>aprender a produzir as 15 diferentes plantas produzidas em um escrit\u00f3rio de topografia<\/strong>.<\/span><\/span><\/p>\n<p><a href=\"https:\/\/adenilsongiovanini.com.br\/curso-de-autocad-para-topografia\/\" target=\"_blank\" rel=\"noopener noreferrer\"><img decoding=\"async\" class=\"aligncenter wp-image-31689\" src=\"https:\/\/adenilsongiovanini.com.br\/wp-content\/uploads\/2022\/07\/planta-de-topografia-1024x612.png\" alt=\"\" width=\"770\" height=\"460\" \/><\/a><\/p>\n<p><span style=\"font-family: arial, helvetica, sans-serif; font-size: 20px; color: #000000;\">Clique <a href=\"https:\/\/adenilsongiovanini.com.br\/curso-de-autocad-para-topografia\/\" target=\"_blank\" rel=\"noopener noreferrer\"><span style=\"color: #0000ff;\">neste link<\/span><\/a> e conhe\u00e7a melhor o mesmo.<\/span><\/p>\n<p>&nbsp;<\/p>\n<p><span style=\"font-family: arial, helvetica, sans-serif; font-size: 20px; color: #000000;\"> Gratid\u00e3o por voc\u00ea ter lido o artigo. \ud83d\ude4f<\/span><\/p>\n<p>&nbsp;<\/p>\n<p>&nbsp;<\/p>\n<h2 style=\"text-align: center;\"><span style=\"font-family: arial, helvetica, sans-serif; color: #000000; font-size: 24px;\"><strong>Domine a Topografia Cadastral atrav\u00e9s de um livro formado por centenas de exemplos pr\u00e1ticos <\/strong><\/span><\/h2>\n<h2 style=\"text-align: center;\"><span style=\"font-size: 20px;\"><a href=\"https:\/\/adenilsongiovanini.com.br\/georreferenciamento-de-imoveis-rurais-na-pratica\/\" rel=\"nofollow noreferrer\"><img decoding=\"async\" class=\"aligncenter size-large wp-image-19317\" src=\"https:\/\/adenilsongiovanini.com.br\/blog\/wp-content\/uploads\/2021\/04\/livro-de-topografia-e-georreferenciamento-1024x474.png\" sizes=\"(max-width: 1024px) 100vw, 1024px\" srcset=\"https:\/\/adenilsongiovanini.com.br\/blog\/wp-content\/uploads\/2021\/04\/livro-de-topografia-e-georreferenciamento-1024x474.png 1024w, https:\/\/adenilsongiovanini.com.br\/blog\/wp-content\/uploads\/2021\/04\/livro-de-topografia-e-georreferenciamento-300x139.png 300w, https:\/\/adenilsongiovanini.com.br\/blog\/wp-content\/uploads\/2021\/04\/livro-de-topografia-e-georreferenciamento-768x355.png 768w, https:\/\/adenilsongiovanini.com.br\/blog\/wp-content\/uploads\/2021\/04\/livro-de-topografia-e-georreferenciamento-1536x711.png 1536w, https:\/\/adenilsongiovanini.com.br\/blog\/wp-content\/uploads\/2021\/04\/livro-de-topografia-e-georreferenciamento-320x148.png 320w, https:\/\/adenilsongiovanini.com.br\/blog\/wp-content\/uploads\/2021\/04\/livro-de-topografia-e-georreferenciamento-640x296.png 640w, https:\/\/adenilsongiovanini.com.br\/blog\/wp-content\/uploads\/2021\/04\/livro-de-topografia-e-georreferenciamento-360x167.png 360w, https:\/\/adenilsongiovanini.com.br\/blog\/wp-content\/uploads\/2021\/04\/livro-de-topografia-e-georreferenciamento-720x333.png 720w, https:\/\/adenilsongiovanini.com.br\/blog\/wp-content\/uploads\/2021\/04\/livro-de-topografia-e-georreferenciamento-1080x500.png 1080w, https:\/\/adenilsongiovanini.com.br\/blog\/wp-content\/uploads\/2021\/04\/livro-de-topografia-e-georreferenciamento-800x370.png 800w, https:\/\/adenilsongiovanini.com.br\/blog\/wp-content\/uploads\/2021\/04\/livro-de-topografia-e-georreferenciamento-1280x592.png 1280w, https:\/\/adenilsongiovanini.com.br\/blog\/wp-content\/uploads\/2021\/04\/livro-de-topografia-e-georreferenciamento.png 1565w\" alt=\"livro de topografia e georreferenciamento\" width=\"1024\" height=\"474\" \/><\/a><\/span><\/h2>\n<p><span style=\"font-family: arial, helvetica, sans-serif; font-size: 20px; color: #000000;\">Voc\u00ea quer dominar a Topografia Cadastral?<\/span><\/p>\n<p><span style=\"font-family: arial, helvetica, sans-serif; font-size: 20px; color: #000000;\">Ent\u00e3o eu tenho uma \u00f3tima noticia para voc\u00ea. Me refiro ao <span style=\"color: #0000ff;\"><a style=\"color: #0000ff;\" href=\"https:\/\/adenilsongiovanini.com.br\/georreferenciamento-de-imoveis-rurais-na-pratica\/\" rel=\"nofollow noreferrer\">livro Topografia Cadastral e Georreferenciamento de Im\u00f3veis Rurais na Pr\u00e1tica<\/a><\/span>.<\/span><\/p>\n<p><span style=\"font-size: 20px;\"><span style=\"font-family: arial, helvetica, sans-serif; color: #000000;\">O mesmo \u00e9 dividido em 10 cap\u00edtulos recheados com muitos estudos de caso e exemplos pr\u00e1ticos. D\u00ea uma espiadinha no sum\u00e1rio do mesmo:<\/span><\/span><\/p>\n<p>&nbsp;<\/p>\n<p><center><iframe width=\"99%\" height=\"980\" src=\"https:\/\/drive.google.com\/file\/d\/1HJ8fZz1PvPmftfXHJNFTvIBBzY_FZhPJ\/preview\"><span data-mce-type=\"bookmark\" style=\"display: inline-block; width: 0px; overflow: hidden; line-height: 0;\" class=\"mce_SELRES_start\">\ufeff<\/span><\/iframe><\/center><\/p>\n<p>&nbsp;<\/p>\n<p><span style=\"font-size: 20px;\"><span style=\"font-family: arial, helvetica, sans-serif; color: #000000;\">Para conhecer melhor a estrutura do livro, juntar-se a mais de 800 profissionais e adquirir sua c\u00f3pia \u00e9 s\u00f3 clicar no bot\u00e3o abaixo:<\/span><\/span><\/p>\n<p>&nbsp;<\/p>\n<p><span style=\"color: #000000; font-size: 20px;\"><div class=\"su-button-center\"><a href=\"https:\/\/adenilsongiovanini.com.br\/georreferenciamento-de-imoveis-rurais-na-pratica\/\" class=\"su-button su-button-style-3d\" style=\"color:#000000;background-color:#2BCC2F;border-color:#23a426;border-radius:9px\" target=\"_blank\" rel=\"nofollow\" id=\"1\"><span style=\"color:#000000;padding:0px 24px;font-size:18px;line-height:36px;border-color:#6bdc6e;border-radius:9px;text-shadow:0px 0px 0px #000000\"> \u279c Quero Conhecer Melhor o Livro, Pois Quero e Preciso Aprender Mais Sobre Legisla\u00e7\u00e3o Cadastral e Geo. de Im\u00f3veis Rurais<\/span><\/a><\/div><\/span><\/p>\n<p>&nbsp;<\/p>\n<p>&nbsp;<\/p>\n","protected":false},"excerpt":{"rendered":"<p>Voc\u00ea precisa fazer o desmembramento de terreno, por\u00e9m n\u00e3o sabe como proceder? N\u00e3o se preocupe querida pessoa, que neste artigo eu irei trazer um exemplo pr\u00e1tico mostrando o procedimento necess\u00e1rio. Al\u00e9m disso, tamb\u00e9m vou trazer uma s\u00e9rie de dicas extras sobre o desmembramento de terreno. Deixe-me primeiramente lhe indicar outros [&hellip;]<\/p>\n","protected":false},"author":1,"featured_media":1349,"comment_status":"closed","ping_status":"closed","sticky":false,"template":"","format":"standard","meta":{"_monsterinsights_skip_tracking":false,"_monsterinsights_sitenote_active":false,"_monsterinsights_sitenote_note":"","_monsterinsights_sitenote_category":0,"footnotes":""},"categories":[12,33,9],"tags":[32,30,29,28,31],"class_list":["post-1308","post","type-post","status-publish","format-standard","has-post-thumbnail","hentry","category-georreferenciamento-de-imoveis-rurais","category-desmembramento","category-topografia-cadastral","tag-desmembramento","tag-desmembramento-de-imoveis","tag-desmembramento-de-imovel","tag-desmembramento-de-terreno","tag-desmembramento-de-terreno-rural"],"yoast_head":"<!-- This site is optimized with the Yoast SEO plugin v26.5 - https:\/\/yoast.com\/wordpress\/plugins\/seo\/ -->\n<title>Desmembramento de terreno: Como proceder? - Adenilson Giovanini<\/title>\n<meta name=\"description\" content=\"Descubra atrav\u00e9s de um exemplo pr\u00e1tico exatamente como proceder no desmembramento de terreno. Artigo definitivo sobre o tema. Leia agora.\" \/>\n<meta name=\"robots\" content=\"index, follow, max-snippet:-1, max-image-preview:large, max-video-preview:-1\" \/>\n<link rel=\"canonical\" href=\"https:\/\/adenilsongiovanini.com.br\/blog\/desmembramento-de-terreno\/\" \/>\n<meta property=\"og:locale\" content=\"pt_BR\" \/>\n<meta property=\"og:type\" content=\"article\" \/>\n<meta property=\"og:title\" content=\"Desmembramento de terreno: Como proceder? - Adenilson Giovanini\" \/>\n<meta property=\"og:description\" content=\"Descubra atrav\u00e9s de um exemplo pr\u00e1tico exatamente como proceder no desmembramento de terreno. Artigo definitivo sobre o tema. Leia agora.\" \/>\n<meta property=\"og:url\" content=\"https:\/\/adenilsongiovanini.com.br\/blog\/desmembramento-de-terreno\/\" \/>\n<meta property=\"og:site_name\" content=\"Adenilson Giovanini\" \/>\n<meta property=\"article:publisher\" content=\"https:\/\/www.facebook.com\/otopografo\/\" \/>\n<meta property=\"article:author\" content=\"https:\/\/www.facebook.com\/otopografo\/\" \/>\n<meta property=\"article:published_time\" content=\"2017-12-10T12:42:46+00:00\" \/>\n<meta property=\"article:modified_time\" content=\"2022-08-01T11:30:26+00:00\" \/>\n<meta property=\"og:image\" content=\"https:\/\/adenilsongiovanini.com.br\/blog\/wp-content\/uploads\/2017\/12\/desmembramento-de-terreno-1.png\" \/>\n\t<meta property=\"og:image:width\" content=\"751\" \/>\n\t<meta property=\"og:image:height\" content=\"411\" \/>\n\t<meta property=\"og:image:type\" content=\"image\/png\" \/>\n<meta name=\"author\" content=\"Adenilson Giovanini\" \/>\n<meta name=\"twitter:card\" content=\"summary_large_image\" \/>\n<meta name=\"twitter:label1\" content=\"Escrito por\" \/>\n\t<meta name=\"twitter:data1\" content=\"Adenilson Giovanini\" \/>\n\t<meta name=\"twitter:label2\" content=\"Est. tempo de leitura\" \/>\n\t<meta name=\"twitter:data2\" content=\"9 minutos\" \/>\n<script type=\"application\/ld+json\" class=\"yoast-schema-graph\">{\"@context\":\"https:\/\/schema.org\",\"@graph\":[{\"@type\":\"Article\",\"@id\":\"https:\/\/adenilsongiovanini.com.br\/blog\/desmembramento-de-terreno\/#article\",\"isPartOf\":{\"@id\":\"https:\/\/adenilsongiovanini.com.br\/blog\/desmembramento-de-terreno\/\"},\"author\":{\"name\":\"Adenilson Giovanini\",\"@id\":\"https:\/\/adenilsongiovanini.com.br\/blog\/#\/schema\/person\/9c1daa7da73c116aae2cb0568d1daa23\"},\"headline\":\"Desmembramento de terreno: Como proceder?\",\"datePublished\":\"2017-12-10T12:42:46+00:00\",\"dateModified\":\"2022-08-01T11:30:26+00:00\",\"mainEntityOfPage\":{\"@id\":\"https:\/\/adenilsongiovanini.com.br\/blog\/desmembramento-de-terreno\/\"},\"wordCount\":1479,\"publisher\":{\"@id\":\"https:\/\/adenilsongiovanini.com.br\/blog\/#\/schema\/person\/9c1daa7da73c116aae2cb0568d1daa23\"},\"image\":{\"@id\":\"https:\/\/adenilsongiovanini.com.br\/blog\/desmembramento-de-terreno\/#primaryimage\"},\"thumbnailUrl\":\"https:\/\/adenilsongiovanini.com.br\/blog\/wp-content\/uploads\/2017\/12\/desmembramento-de-terreno-1.png\",\"keywords\":[\"desmembramento\",\"desmembramento de im\u00f3veis\",\"desmembramento de im\u00f3vel\",\"desmembramento de terreno\",\"desmembramento de terreno rural\"],\"articleSection\":[\"Georreferenciamento de Im\u00f3veis Rurais\",\"Parcelamento do solo\",\"Topografia Cadastral\"],\"inLanguage\":\"pt-BR\"},{\"@type\":\"WebPage\",\"@id\":\"https:\/\/adenilsongiovanini.com.br\/blog\/desmembramento-de-terreno\/\",\"url\":\"https:\/\/adenilsongiovanini.com.br\/blog\/desmembramento-de-terreno\/\",\"name\":\"Desmembramento de terreno: Como proceder? - Adenilson Giovanini\",\"isPartOf\":{\"@id\":\"https:\/\/adenilsongiovanini.com.br\/blog\/#website\"},\"primaryImageOfPage\":{\"@id\":\"https:\/\/adenilsongiovanini.com.br\/blog\/desmembramento-de-terreno\/#primaryimage\"},\"image\":{\"@id\":\"https:\/\/adenilsongiovanini.com.br\/blog\/desmembramento-de-terreno\/#primaryimage\"},\"thumbnailUrl\":\"https:\/\/adenilsongiovanini.com.br\/blog\/wp-content\/uploads\/2017\/12\/desmembramento-de-terreno-1.png\",\"datePublished\":\"2017-12-10T12:42:46+00:00\",\"dateModified\":\"2022-08-01T11:30:26+00:00\",\"description\":\"Descubra atrav\u00e9s de um exemplo pr\u00e1tico exatamente como proceder no desmembramento de terreno. Artigo definitivo sobre o tema. Leia agora.\",\"breadcrumb\":{\"@id\":\"https:\/\/adenilsongiovanini.com.br\/blog\/desmembramento-de-terreno\/#breadcrumb\"},\"inLanguage\":\"pt-BR\",\"potentialAction\":[{\"@type\":\"ReadAction\",\"target\":[\"https:\/\/adenilsongiovanini.com.br\/blog\/desmembramento-de-terreno\/\"]}]},{\"@type\":\"ImageObject\",\"inLanguage\":\"pt-BR\",\"@id\":\"https:\/\/adenilsongiovanini.com.br\/blog\/desmembramento-de-terreno\/#primaryimage\",\"url\":\"https:\/\/adenilsongiovanini.com.br\/blog\/wp-content\/uploads\/2017\/12\/desmembramento-de-terreno-1.png\",\"contentUrl\":\"https:\/\/adenilsongiovanini.com.br\/blog\/wp-content\/uploads\/2017\/12\/desmembramento-de-terreno-1.png\",\"width\":751,\"height\":411},{\"@type\":\"BreadcrumbList\",\"@id\":\"https:\/\/adenilsongiovanini.com.br\/blog\/desmembramento-de-terreno\/#breadcrumb\",\"itemListElement\":[{\"@type\":\"ListItem\",\"position\":1,\"name\":\"Home\",\"item\":\"https:\/\/adenilsongiovanini.com.br\/blog\/\"},{\"@type\":\"ListItem\",\"position\":2,\"name\":\"Desmembramento de terreno: Como proceder?\"}]},{\"@type\":\"WebSite\",\"@id\":\"https:\/\/adenilsongiovanini.com.br\/blog\/#website\",\"url\":\"https:\/\/adenilsongiovanini.com.br\/blog\/\",\"name\":\"Adenilson Giovanini\",\"description\":\"Topografia e Geotecnologias\",\"publisher\":{\"@id\":\"https:\/\/adenilsongiovanini.com.br\/blog\/#\/schema\/person\/9c1daa7da73c116aae2cb0568d1daa23\"},\"potentialAction\":[{\"@type\":\"SearchAction\",\"target\":{\"@type\":\"EntryPoint\",\"urlTemplate\":\"https:\/\/adenilsongiovanini.com.br\/blog\/?s={search_term_string}\"},\"query-input\":{\"@type\":\"PropertyValueSpecification\",\"valueRequired\":true,\"valueName\":\"search_term_string\"}}],\"inLanguage\":\"pt-BR\"},{\"@type\":[\"Person\",\"Organization\"],\"@id\":\"https:\/\/adenilsongiovanini.com.br\/blog\/#\/schema\/person\/9c1daa7da73c116aae2cb0568d1daa23\",\"name\":\"Adenilson Giovanini\",\"image\":{\"@type\":\"ImageObject\",\"inLanguage\":\"pt-BR\",\"@id\":\"https:\/\/adenilsongiovanini.com.br\/blog\/#\/schema\/person\/image\/\",\"url\":\"https:\/\/adenilsongiovanini.com.br\/blog\/wp-content\/litespeed\/avatar\/be8f4de5c0b8a93c57a4f29cbf2f1e92.jpg?ver=1777130135\",\"contentUrl\":\"https:\/\/adenilsongiovanini.com.br\/blog\/wp-content\/litespeed\/avatar\/be8f4de5c0b8a93c57a4f29cbf2f1e92.jpg?ver=1777130135\",\"caption\":\"Adenilson Giovanini\"},\"logo\":{\"@id\":\"https:\/\/adenilsongiovanini.com.br\/blog\/#\/schema\/person\/image\/\"},\"description\":\"O Professor Adenilson Giovanini \u00e9 especialista em Topografia Cadastral e Georreferenciamento de Im\u00f3veis Rurais. O mesmo possui o Maior Site de Engenharia de Agrimensura do Brasil. Site este que tem mais de 102.000 visualiza\u00e7\u00f5es por m\u00eas. Tamb\u00e9m possui mais de 600 v\u00eddeos em seu canal no youtube. Al\u00e9m disso, \u00e9 escritor Best Seller, possuindo v\u00e1rios cursos e livros de sucesso.\",\"sameAs\":[\"http:\/\/adenilsongiovanini.com.br\",\"https:\/\/www.facebook.com\/otopografo\/\",\"https:\/\/www.instagram.com\/adenilson_giovanini\/\",\"https:\/\/www.linkedin.com\/in\/adenilson-giovanini-819b8035\/\",\"https:\/\/br.pinterest.com\/adenilsongiovanini\/\",\"https:\/\/www.youtube.com\/channel\/uce-br7ghiuog2txcsdx5vrw\"]}]}<\/script>\n<!-- \/ Yoast SEO plugin. -->","yoast_head_json":{"title":"Desmembramento de terreno: Como proceder? - Adenilson Giovanini","description":"Descubra atrav\u00e9s de um exemplo pr\u00e1tico exatamente como proceder no desmembramento de terreno. Artigo definitivo sobre o tema. Leia agora.","robots":{"index":"index","follow":"follow","max-snippet":"max-snippet:-1","max-image-preview":"max-image-preview:large","max-video-preview":"max-video-preview:-1"},"canonical":"https:\/\/adenilsongiovanini.com.br\/blog\/desmembramento-de-terreno\/","og_locale":"pt_BR","og_type":"article","og_title":"Desmembramento de terreno: Como proceder? - Adenilson Giovanini","og_description":"Descubra atrav\u00e9s de um exemplo pr\u00e1tico exatamente como proceder no desmembramento de terreno. Artigo definitivo sobre o tema. Leia agora.","og_url":"https:\/\/adenilsongiovanini.com.br\/blog\/desmembramento-de-terreno\/","og_site_name":"Adenilson Giovanini","article_publisher":"https:\/\/www.facebook.com\/otopografo\/","article_author":"https:\/\/www.facebook.com\/otopografo\/","article_published_time":"2017-12-10T12:42:46+00:00","article_modified_time":"2022-08-01T11:30:26+00:00","og_image":[{"width":751,"height":411,"url":"https:\/\/adenilsongiovanini.com.br\/blog\/wp-content\/uploads\/2017\/12\/desmembramento-de-terreno-1.png","type":"image\/png"}],"author":"Adenilson Giovanini","twitter_card":"summary_large_image","twitter_misc":{"Escrito por":"Adenilson Giovanini","Est. tempo de leitura":"9 minutos"},"schema":{"@context":"https:\/\/schema.org","@graph":[{"@type":"Article","@id":"https:\/\/adenilsongiovanini.com.br\/blog\/desmembramento-de-terreno\/#article","isPartOf":{"@id":"https:\/\/adenilsongiovanini.com.br\/blog\/desmembramento-de-terreno\/"},"author":{"name":"Adenilson Giovanini","@id":"https:\/\/adenilsongiovanini.com.br\/blog\/#\/schema\/person\/9c1daa7da73c116aae2cb0568d1daa23"},"headline":"Desmembramento de terreno: Como proceder?","datePublished":"2017-12-10T12:42:46+00:00","dateModified":"2022-08-01T11:30:26+00:00","mainEntityOfPage":{"@id":"https:\/\/adenilsongiovanini.com.br\/blog\/desmembramento-de-terreno\/"},"wordCount":1479,"publisher":{"@id":"https:\/\/adenilsongiovanini.com.br\/blog\/#\/schema\/person\/9c1daa7da73c116aae2cb0568d1daa23"},"image":{"@id":"https:\/\/adenilsongiovanini.com.br\/blog\/desmembramento-de-terreno\/#primaryimage"},"thumbnailUrl":"https:\/\/adenilsongiovanini.com.br\/blog\/wp-content\/uploads\/2017\/12\/desmembramento-de-terreno-1.png","keywords":["desmembramento","desmembramento de im\u00f3veis","desmembramento de im\u00f3vel","desmembramento de terreno","desmembramento de terreno rural"],"articleSection":["Georreferenciamento de Im\u00f3veis Rurais","Parcelamento do solo","Topografia Cadastral"],"inLanguage":"pt-BR"},{"@type":"WebPage","@id":"https:\/\/adenilsongiovanini.com.br\/blog\/desmembramento-de-terreno\/","url":"https:\/\/adenilsongiovanini.com.br\/blog\/desmembramento-de-terreno\/","name":"Desmembramento de terreno: Como proceder? - Adenilson Giovanini","isPartOf":{"@id":"https:\/\/adenilsongiovanini.com.br\/blog\/#website"},"primaryImageOfPage":{"@id":"https:\/\/adenilsongiovanini.com.br\/blog\/desmembramento-de-terreno\/#primaryimage"},"image":{"@id":"https:\/\/adenilsongiovanini.com.br\/blog\/desmembramento-de-terreno\/#primaryimage"},"thumbnailUrl":"https:\/\/adenilsongiovanini.com.br\/blog\/wp-content\/uploads\/2017\/12\/desmembramento-de-terreno-1.png","datePublished":"2017-12-10T12:42:46+00:00","dateModified":"2022-08-01T11:30:26+00:00","description":"Descubra atrav\u00e9s de um exemplo pr\u00e1tico exatamente como proceder no desmembramento de terreno. Artigo definitivo sobre o tema. Leia agora.","breadcrumb":{"@id":"https:\/\/adenilsongiovanini.com.br\/blog\/desmembramento-de-terreno\/#breadcrumb"},"inLanguage":"pt-BR","potentialAction":[{"@type":"ReadAction","target":["https:\/\/adenilsongiovanini.com.br\/blog\/desmembramento-de-terreno\/"]}]},{"@type":"ImageObject","inLanguage":"pt-BR","@id":"https:\/\/adenilsongiovanini.com.br\/blog\/desmembramento-de-terreno\/#primaryimage","url":"https:\/\/adenilsongiovanini.com.br\/blog\/wp-content\/uploads\/2017\/12\/desmembramento-de-terreno-1.png","contentUrl":"https:\/\/adenilsongiovanini.com.br\/blog\/wp-content\/uploads\/2017\/12\/desmembramento-de-terreno-1.png","width":751,"height":411},{"@type":"BreadcrumbList","@id":"https:\/\/adenilsongiovanini.com.br\/blog\/desmembramento-de-terreno\/#breadcrumb","itemListElement":[{"@type":"ListItem","position":1,"name":"Home","item":"https:\/\/adenilsongiovanini.com.br\/blog\/"},{"@type":"ListItem","position":2,"name":"Desmembramento de terreno: Como proceder?"}]},{"@type":"WebSite","@id":"https:\/\/adenilsongiovanini.com.br\/blog\/#website","url":"https:\/\/adenilsongiovanini.com.br\/blog\/","name":"Adenilson Giovanini","description":"Topografia e Geotecnologias","publisher":{"@id":"https:\/\/adenilsongiovanini.com.br\/blog\/#\/schema\/person\/9c1daa7da73c116aae2cb0568d1daa23"},"potentialAction":[{"@type":"SearchAction","target":{"@type":"EntryPoint","urlTemplate":"https:\/\/adenilsongiovanini.com.br\/blog\/?s={search_term_string}"},"query-input":{"@type":"PropertyValueSpecification","valueRequired":true,"valueName":"search_term_string"}}],"inLanguage":"pt-BR"},{"@type":["Person","Organization"],"@id":"https:\/\/adenilsongiovanini.com.br\/blog\/#\/schema\/person\/9c1daa7da73c116aae2cb0568d1daa23","name":"Adenilson Giovanini","image":{"@type":"ImageObject","inLanguage":"pt-BR","@id":"https:\/\/adenilsongiovanini.com.br\/blog\/#\/schema\/person\/image\/","url":"https:\/\/adenilsongiovanini.com.br\/blog\/wp-content\/litespeed\/avatar\/be8f4de5c0b8a93c57a4f29cbf2f1e92.jpg?ver=1777130135","contentUrl":"https:\/\/adenilsongiovanini.com.br\/blog\/wp-content\/litespeed\/avatar\/be8f4de5c0b8a93c57a4f29cbf2f1e92.jpg?ver=1777130135","caption":"Adenilson Giovanini"},"logo":{"@id":"https:\/\/adenilsongiovanini.com.br\/blog\/#\/schema\/person\/image\/"},"description":"O Professor Adenilson Giovanini \u00e9 especialista em Topografia Cadastral e Georreferenciamento de Im\u00f3veis Rurais. O mesmo possui o Maior Site de Engenharia de Agrimensura do Brasil. Site este que tem mais de 102.000 visualiza\u00e7\u00f5es por m\u00eas. Tamb\u00e9m possui mais de 600 v\u00eddeos em seu canal no youtube. Al\u00e9m disso, \u00e9 escritor Best Seller, possuindo v\u00e1rios cursos e livros de sucesso.","sameAs":["http:\/\/adenilsongiovanini.com.br","https:\/\/www.facebook.com\/otopografo\/","https:\/\/www.instagram.com\/adenilson_giovanini\/","https:\/\/www.linkedin.com\/in\/adenilson-giovanini-819b8035\/","https:\/\/br.pinterest.com\/adenilsongiovanini\/","https:\/\/www.youtube.com\/channel\/uce-br7ghiuog2txcsdx5vrw"]}]}},"amp_enabled":true,"_links":{"self":[{"href":"https:\/\/adenilsongiovanini.com.br\/blog\/wp-json\/wp\/v2\/posts\/1308","targetHints":{"allow":["GET"]}}],"collection":[{"href":"https:\/\/adenilsongiovanini.com.br\/blog\/wp-json\/wp\/v2\/posts"}],"about":[{"href":"https:\/\/adenilsongiovanini.com.br\/blog\/wp-json\/wp\/v2\/types\/post"}],"author":[{"embeddable":true,"href":"https:\/\/adenilsongiovanini.com.br\/blog\/wp-json\/wp\/v2\/users\/1"}],"replies":[{"embeddable":true,"href":"https:\/\/adenilsongiovanini.com.br\/blog\/wp-json\/wp\/v2\/comments?post=1308"}],"version-history":[{"count":0,"href":"https:\/\/adenilsongiovanini.com.br\/blog\/wp-json\/wp\/v2\/posts\/1308\/revisions"}],"wp:featuredmedia":[{"embeddable":true,"href":"https:\/\/adenilsongiovanini.com.br\/blog\/wp-json\/wp\/v2\/media\/1349"}],"wp:attachment":[{"href":"https:\/\/adenilsongiovanini.com.br\/blog\/wp-json\/wp\/v2\/media?parent=1308"}],"wp:term":[{"taxonomy":"category","embeddable":true,"href":"https:\/\/adenilsongiovanini.com.br\/blog\/wp-json\/wp\/v2\/categories?post=1308"},{"taxonomy":"post_tag","embeddable":true,"href":"https:\/\/adenilsongiovanini.com.br\/blog\/wp-json\/wp\/v2\/tags?post=1308"}],"curies":[{"name":"wp","href":"https:\/\/api.w.org\/{rel}","templated":true}]}}